{"id":199656,"date":"2017-05-16T09:11:00","date_gmt":"2017-05-16T09:11:00","guid":{"rendered":"https:\/\/www.webdo.tn\/fr\/blog\/le-cinema-arabe-au-festival-de-cannes-2017\/199656\/"},"modified":"2017-05-16T09:11:00","modified_gmt":"2017-05-16T09:11:00","slug":"le-cinema-arabe-au-festival-de-cannes-2017","status":"publish","type":"post","link":"https:\/\/www.webdo.tn\/fr\/actualite\/culture\/le-cinema-arabe-au-festival-de-cannes-2017\/199656\/","title":{"rendered":"Les rendez-vous du cin\u00e9ma arabe au Festival de Cannes 2017"},"content":{"rendered":"<div class=\"single-body entry-content typography-copy\" itemprop=\"articleBody\">\n<p style=\"font-weight: bold; text-align: justify\">\n<div class=\"coprs\" style=\"text-align: center\"><\/div>\n<div class=\"coprs\" style=\"text-align: justify\">\n<p><img decoding=\"async\" class=\"size-full wp-image-156786 alignleft\" src=\"http:\/\/www.webdo.tn\/wp-content\/uploads\/2017\/05\/Signature.png\" alt=\"Festival de cannes 2017\" width=\"120\" height=\"600\">Plus qu\u2019un jour et d\u00e9butera la nouvelle \u00e9dition du Festival de Cannes qui se d\u00e9roulera du 17 au 28 Mai 2017.<\/p>\n<p>Il s\u2019agit d\u2019une \u00e9dition particuli\u00e8re puisqu\u2019elle marquera le 70\u00e8me anniversaire de ce festival, l\u2019un des plus importants au monde. Une c\u00e9r\u00e9monie sp\u00e9ciale est d\u2019ailleurs pr\u00e9vue le 23 mai pour f\u00eater cet anniversaire.<\/p>\n<p>Mais pour nous Tunisiens, l\u2019\u00e9v\u00e8nement le plus important de cette \u00e9dition n\u2019est pas cette comm\u00e9moration, mais bel et bien la s\u00e9lection du film <a href=\"http:\/\/www.webdo.tn\/2017\/05\/20\/festival-de-cannes-belle-meute\/\"><em>La Belle et la Meute<\/em> de Kaouthar Ben Hania<\/a> en comp\u00e9tition officielle dans la section Un Certain Regard.<\/p>\n<p>Ce long m\u00e9trage de fiction, qui sera projet\u00e9 en premi\u00e8re mondiale, est une libre adaptation du livre <em>Coupable d\u2019avoir \u00e9t\u00e9 viol\u00e9e<\/em> de Meriem Ben Mohamed et Ava Djamshidi qui raconte le viol de la jeune Meriem par trois policiers et sa lutte pour obtenir justice.<\/p>\n<p>Ce n\u2019est pas la premi\u00e8re fois que Kaouthar Ben Hania est pr\u00e9sente \u00e0 Cannes. En effet, en 2014, son film <em>Le challat de Tunis<\/em> y avait d\u00e9j\u00e0 \u00e9t\u00e9 projet\u00e9 dans la section ACID (Association du Cin\u00e9ma Ind\u00e9pendant pour sa Diffusion).<\/p>\n<p>Trois autres films arabes sont \u00e9galement au programme de cette 70\u00e8me \u00e9dition du Festival de Cannes :<\/p>\n<p>&#8211; Egalement en premi\u00e8re mondiale et en comp\u00e9tition dans la section Un Certain Regard, le film alg\u00e9rien <em>En attendant les hirondelles <\/em>de Karim Moussaoui qui y raconte l\u2019Alg\u00e9rie contemporaine \u00e0 travers trois histoires, trois g\u00e9n\u00e9rations\u2026 Ce long m\u00e9trage concoure aussi pour la Camera d\u2019Or qui\u00a0r\u00e9compense le meilleur premier long m\u00e9trage de toutes les sections du festival. Il est \u00e0 noter que le sc\u00e9nario de ce film a particip\u00e9 aux Ateliers Sud Ecriture (Tunisie).<\/p>\n<p>&#8211; Dans une version compl\u00e8tement restaur\u00e9e, le film libanais <em>Vers l\u2019inconnu\u00a0? (Ila ayn\u00a0?)<\/em> de Georges Nasser sera projet\u00e9 dans le cadre de la section Cannes Classic. <em>Ila Ayn<\/em> a \u00e9t\u00e9, en 1957, le premier film libanais pr\u00e9sent\u00e9 en comp\u00e9tition officielle \u00e0 Cannes.<\/p>\n<p>&#8211; Sera aussi en comp\u00e9tition, dans la section Courts M\u00e9trages, le film <em>A drawning man<\/em> du r\u00e9alisateur d\u2019origine palestinienne Mehdi Fleifel\u00a0: seul et loin de chez lui, The Kid traverse une ville \u00e9trange \u00e0 la recherche de moyens de passer sa journ\u00e9e. Entour\u00e9 de pr\u00e9dateurs, il est oblig\u00e9 de faire des compromis pour survivre\u2026<\/p>\n<p>Le sc\u00e9nariste et r\u00e9alisateur \u00e9gyptien <a href=\"http:\/\/www.webdo.tn\/2017\/07\/04\/mohamed-diab-letoile-montante-cinema-egyptien-a-cannes\/\">Mohamed Diab<\/a>, dont le film <a href=\"http:\/\/www.webdo.tn\/2016\/11\/22\/festival-international-film-caire-clash-reconciliation\/\"><em>Clash<\/em> <\/a>avait fait l\u2019ann\u00e9e derni\u00e8re l\u2019ouverture de la section <a href=\"http:\/\/www.webdo.tn\/2017\/05\/20\/festival-de-cannes-certain-regard\/\">Un Certain Regard<\/a>, est membre du jury de cette m\u00eame section. Ce jury est pr\u00e9sid\u00e9 par la productrice, sc\u00e9nariste et actrice am\u00e9ricaine Uma Thurman.<\/p>\n<p>En marge du festival, plusieurs \u00e9v\u00e9nements importants concernant le cin\u00e9ma arabe ont \u00e9t\u00e9 annonc\u00e9s, parmi lesquels\u00a0:<\/p>\n<p>&#8211; Le panel<strong> <em>Beyond Borders<\/em> :\u00a0Pourquoi certains films arabes ne d\u00e9passent-ils pas les fronti\u00e8res locales?<\/strong><br \/>\nL\u2019Arab Film Institute (AFI) organise en collaboration avec La Commission Royale du Film Jordanienne (RFC)\u00a0et le Centre Cin\u00e9matographique Marocain, une table ronde pour essayer de comprendre les raisons pour lesquelles seuls quelques films arabes ont r\u00e9ussi \u00e0 transcender les fronti\u00e8res et \u00e0 traverser la sc\u00e8ne internationale du film.<\/p>\n<p>Le panel comporte plusieurs membres de l&rsquo;AFI et les principaux experts de l&rsquo;industrie de la r\u00e9gion, dont <a href=\"https:\/\/www.tourismag.com\/articles\/24316\/festival-de-cannes-dorra-bouchoucha-honoree.html\">la productrice tunisienne Dora Bouchoucha,<\/a> le producteur alg\u00e9rien Salem Brahimi, la productrice marocaine Lamia Chraibi, le r\u00e9alisateur irakien Mohamed Al Daradji et <a href=\"http:\/\/www.webdo.tn\/2017\/02\/08\/mohamed-hefzy-dingenieur-metallurgie-medecin-cinema-arabe\/\">le producteur \u00e9gyptien Mohamed Hefzy<\/a> et sera mod\u00e9r\u00e9 par George David, directeur g\u00e9n\u00e9ral de la RFC.<\/p>\n<p><strong>&#8211; L\u2019annonce des vainqueurs des prix des critiques arabes\u00a0:<br \/>\n<\/strong>Pour la premi\u00e8re fois, le Centre du Cin\u00e9ma Arabe (ACC) chapeaute un prix d\u00e9livr\u00e9 par un jury de 24 membres (dont le tunisien Mohammed\u00a0Bougalleb) de 15 pays diff\u00e9rents.<\/p>\n<p>Ce Jury est pr\u00e9sid\u00e9 par le critique de film et journaliste \u00e9gyptien Ahmed Shawky qui a d\u00e9clar\u00e9\u00a0: \u00ab\u00a0La caract\u00e9ristique la plus marquante de l\u2019initiative est la nette interaction entre les critiques arabes et \u00e9trangers qui sont impliqu\u00e9s, et la chose la plus importante \u00e0 remarquer de la liste des candidats est la grande diversit\u00e9 de choix\u00a0\u00bb. Il a ajout\u00e9: \u00ab\u00a0Neuf films provenant d\u2019Egypte, de Tunisie, du Liban, d\u2019Arabie Saoudite et de Jordanie ont atteint la comp\u00e9tition finale refl\u00e9tant le boum du cin\u00e9ma arabe en 2016 et qui continue durant l&rsquo;ann\u00e9e en cours\u00a0\u00bb.<\/p>\n<p>Sont \u00e9ligibles \u00e0 cette comp\u00e9tition les films arabophones dont la premi\u00e8re a eu lieu lors de Festivals Internationaux de Films en dehors du monde arabe en 2016 et qui impliquent au moins une soci\u00e9t\u00e9 de production provenant du monde arabe.<\/p>\n<p>La Tunisie et l\u2019Egypte occupent une place privil\u00e9gi\u00e9e dans la liste des finalistes qui a \u00e9t\u00e9 d\u00e9voil\u00e9e derni\u00e8rement\u00a0:<\/p>\n<figure id=\"attachment_156794\" aria-describedby=\"caption-attachment-156794\" style=\"width: 304px\" class=\"wp-caption alignright\"><img decoding=\"async\" class=\" wp-image-156794\" src=\"http:\/\/www.webdo.tn\/wp-content\/uploads\/2017\/05\/Cover-ISSUE-5-01.jpg\" alt=\"Couverture de l'Arab Cinema Magazine\" width=\"304\" height=\"426\"><figcaption id=\"caption-attachment-156794\" class=\"wp-caption-text\"><em>Couverture de l&rsquo;Arab Cinema Magazine<\/em><\/figcaption><\/figure>\n<p>Meilleur film:<br \/>\n&#8211; <em>Nhebek Hedi<\/em> (Tunisie)<br \/>\n&#8211; <em>Les derniers jours de la ville<\/em> (Egypte)<br \/>\n&#8211; <a href=\"http:\/\/www.webdo.tn\/2016\/11\/22\/festival-international-film-caire-clash-reconciliation\/\"><em>Clash<\/em> (Egypte)<\/a><\/p>\n<p>Meilleur sc\u00e9nario\u00a0:<br \/>\n&#8211; <a href=\"http:\/\/www.webdo.tn\/2016\/07\/26\/mostra-de-venise-film-tunisien-akher-wahed-fina-selectionne\/\"><em>Akhar wahid fina <\/em><\/a>(Tunisie)<br \/>\n<em> &#8211; Vert fan\u00e9 <\/em>(Egypte)<br \/>\n<em> &#8211; Clash <\/em>(Egypte)<\/p>\n<p>Meilleure actrice\u00a0:<br \/>\n&#8211; Heba Ali (<em>Vert fan\u00e9<\/em>) (Egypte)<br \/>\n&#8211; Sarah Hanachi (<em>Corps \u00e9tranger<\/em>) (Tunisie)<br \/>\n&#8211; Julia Kassar (<em>Printemps<\/em>) (Liban)<\/p>\n<p>Meilleur acteur\u00a0:<br \/>\n&#8211; Ahmed Taher (<em>Inchallah istafadt<\/em>) (Jordanie)<br \/>\n&#8211; Majd Mastoura (<em>Nhebek Hedi<\/em>) (Tunisie)<br \/>\n&#8211; Hisham E.Fageeh (<em>Barakah rencontre Barakah<\/em>) (Arabie Saoudite)<\/p>\n<p>Meilleur\u00a0 r\u00e9alisateur\u00a0:<br \/>\n&#8211; <a href=\"http:\/\/www.webdo.tn\/2016\/07\/26\/mostra-de-venise-film-tunisien-akher-wahed-fina-selectionne\/\">Alaeddine Slim<\/a> pour son film <em>Akhar wahid fina<\/em> (Tunisie)<br \/>\n&#8211; Mohamed Hamed pour son film <em>Vert fan\u00e9<\/em>\u00a0 (Egypte)<br \/>\n&#8211; <a href=\"http:\/\/www.webdo.tn\/2017\/07\/04\/mohamed-diab-letoile-montante-cinema-egyptien-a-cannes\/\">Mohamed Diab <\/a>pour son film <em>Clash<\/em>\u00a0(Egypte)<\/p>\n<p><strong>&#8211; <\/strong>Le panel<strong> Le pr\u00e9sent et l&rsquo;avenir de la croissance des march\u00e9s internationaux du film<\/strong>\u00a0organis\u00e9 par la soci\u00e9t\u00e9 MAD solution au Club des membres de La Plage Royale, La Croisette le 19 Mai \u00e0 10h30.<\/p>\n<p>&#8211; Pr\u00e9sentation du nouveau\u00a0<strong>Fond Franco-Tunisien<\/strong>\u00a0(CNCI &#8211; Tunisie, CNC &#8211; France) le samedi 20 mai \u00e0 16h30 au Stand Tunisien<\/p>\n<p>&#8211; Conf\u00e9rence de presse des\u00a0<strong>Journ\u00e9es Cin\u00e9matographiques de Carthage\u00a02017<\/strong> le mardi 23 mai \u00e0 11H00 au pavillon Tunisien<\/p>\n<p>&#8211; Pr\u00e9sentation des\u00a0<strong>Ateliers SUD ECRITURE<\/strong>\u00a0le jeudi 25 mai de 10H00 \u00e0 13H00 \u00e0 l&rsquo;espace CNC plage Gray D&rsquo;Albion.<\/p>\n<p>&#8211; D\u00e9jeuner Professionnel\u00a0<strong>TUNISIANS ON FILM<\/strong>\u00a0au\u00a0<strong>Producers&rsquo; Network du March\u00e9 du Film <\/strong>(sur invitation)<strong><br \/>\nTunisians on film<\/strong> est une initiative d\u2019un groupe de producteurs tunisiens dont les films ont remport\u00e9 des prix dans des festivals prestigieux et qui vont essayer de promouvoir d\u2019autres producteurs ayant des projets int\u00e9ressants sur l\u2019un des march\u00e9s les plus important au monde\u00a0: le march\u00e9 du film \u00e0 Cannes.<\/p>\n<p>Ce programme permettra aux producteurs tunisiens de rencontrer et d\u2019\u00e9changer avec des producteurs, distributeurs, agents de ventes et chaines de t\u00e9l\u00e9vision.<\/p>\n<p>&#8211; Projection du film tunisien <strong><em>Parfum de Printemps<\/em> <\/strong>de F\u00e9rid Boughedir. Jeudi 18 mai &#8211; 18h au th\u00e9\u00e2tre Alexandre III, 19 bd Alexandre III, Cannes, en pr\u00e9sence du r\u00e9alisateur. La projection sera suivie d\u2019un d\u00e9bat. (Entr\u00e9e libre)<\/p>\n<p>&#8211; Parution d\u2019un num\u00e9ro sp\u00e9cial Festival de Cannes du magazine <strong>Arab Cinema Magazine.<\/strong><\/p>\n<p>&#8211; Annonce de la cr\u00e9ation d\u2019un nouveau <strong>Festival\u00a0\u00e0 Amman<\/strong>, dont la premi\u00e8re \u00e9dition aura lieu en 2018, selon un nouveau concept qui sera d\u00e9voil\u00e9 lors d\u2019une r\u00e9ception organis\u00e9e au Pavillon jordanien le 22 Mai de 12h \u00e0 14H (sur invitation).<\/p>\n<p>&#8211; R\u00e9ception sur le yacht de M.Naguib Sawiris en l&rsquo;honneur du <strong>Festival du Film d&rsquo;El Gouna<\/strong>, dont la premi\u00e8re \u00e9dition aura lieu du 22 au 29 septembre 2017.\u00a0 Dimanche 21 May 2017 \u00e0 18h (sur invitation).<\/p>\n<p>&#8211; Attribution du <strong>Prix Jeune Talent Women in Motion<\/strong> \u00e0 la r\u00e9alisatrice et sc\u00e9nariste palestinienne Maysaloun Hamoud qui a r\u00e9alis\u00e9 en 2016 son premier long m\u00e9trage, <em>Je danserais si je veux (Bar Bahar<\/em>), qui relate la vie quotidienne de trois jeunes Palestiniennes vivant \u00e0 Tel Aviv, d\u00e9chir\u00e9es entre les traditions familiales et leur d\u00e9sir d&rsquo;ind\u00e9pendance. Le film a gagn\u00e9 plusieurs prix dans plusieurs festivals du monde entier. Ce prix, accompagn\u00e9 d&rsquo;un financement de 50 000 \u20ac, permettra \u00e0 Maysaloun Hamoud de poursuivre ses projets cin\u00e9matographiques. En 2016, <a href=\"https:\/\/www.tourismag.com\/articles\/24330\/festival-de-cannes-leyla-bouzid-parmi-les-laureates-du-prix-jeunes-talents-women-in-motion.html\">Leyla Bouzid avait remport\u00e9 ce prix<\/a> pour son film <em>A peine j\u2019ouvre les yeux<\/em>.<\/p>\n<p>Bon festival \u00e0 tous.<\/p>\n<p>Et surtout croisons les doigts pour notre film tunisien en comp\u00e9tition\u00a0!<\/p>\n<p><a href=\"https:\/\/www.youtube.com\/watch?v=6wA2EkhkpC4\">https:\/\/www.youtube.com\/watch?v=6wA2EkhkpC4<\/a><\/p>\n<p><strong>Ne\u00efla Driss<\/strong><\/p>\n<p>\u00a0<\/p>\n<p><em>Lire sur le m\u00eame sujet:<\/em><\/p>\n<ul>\n<li><a title=\"Festival de Cannes : Un Certain Regard\" href=\"http:\/\/www.webdo.tn\/2017\/05\/20\/festival-de-cannes-certain-regard\/\" rel=\"bookmark\">Festival de Cannes \u2013 Un Certain Regard<\/a><\/li>\n<li><a title=\"Festival de Cannes : La belle et la meute\" href=\"http:\/\/www.webdo.tn\/2017\/05\/20\/festival-de-cannes-belle-meute\/\" rel=\"bookmark\">Festival de Cannes \u2013 La belle et la meute<\/a><\/li>\n<li><a title=\"Festival de Cannes \u2013 Prix des Critiques : Majd Mastoura, meilleur acteur arabe en 2016\" href=\"http:\/\/www.webdo.tn\/2017\/05\/22\/festival-de-cannes-prix-critiques-majd-mastoura-meilleur-acteur-arabe-2016\/\" rel=\"bookmark\">Festival de Cannes \u2013 Prix des Critiques : Majd Mastoura, meilleur acteur arabe en 2016<\/a><\/li>\n<li><a title=\"Festival de Cannes : Nejib Ayed pr\u00e9sente les JCC 2017\" href=\"http:\/\/www.webdo.tn\/2017\/05\/24\/festival-de-cannes-nejib-ayed-presente-jcc-2017\/\" rel=\"bookmark\">Festival de Cannes \u2013 Nejib Ayed pr\u00e9sente les JCC 2017<\/a><\/li>\n<li><a title=\"Claudia Cardinale et Ferid Boughdir sur la photo de famille du 70\u00e8me anniversaire du Festival de Cannes\" href=\"http:\/\/www.webdo.tn\/2017\/05\/25\/claudia-cardinale-ferid-boughdir-photo-de-famille-70eme-anniversaire-festival-de-cannes\/\" rel=\"bookmark\">Claudia Cardinale et Ferid Boughdir sur la photo de famille du 70\u00e8me anniversaire du Festival de Cannes<\/a><\/li>\n<li><a title=\"Festival de Cannes: L\u2019important est de participer!\" href=\"http:\/\/www.webdo.tn\/2017\/05\/27\/festival-de-cannes-limportant-est-participer\/\" rel=\"bookmark\">Festival de Cannes \u2013 L\u2019important est de participer!<\/a><\/li>\n<li><a title=\"Festival de Cannes \u2013 La Belle et la Meute remporte le Prix de la meilleure cr\u00e9ation sonore\" href=\"http:\/\/www.webdo.tn\/2017\/05\/28\/festival-de-cannes-belle-meute-remporte-prix-de-meilleure-creation-sonore\/\" rel=\"bookmark\">Festival de Cannes \u2013 La Belle et la Meute remporte le Prix de la meilleure cr\u00e9ation sonore<\/a><\/li>\n<li><a title=\"Festival de Cannes \u2013 Posoki\u00a0(Directions)\" href=\"http:\/\/www.webdo.tn\/2017\/05\/29\/festival-de-cannes-posoki-directions\/\" rel=\"bookmark\">Festival de Cannes \u2013 Posoki\u00a0(Directions)<\/a><\/li>\n<li><a title=\"Festival de Cannes \u2013 \u00ab\u00a0In The Fade\u00a0\u00bb ou les ravages du terrorisme\" href=\"http:\/\/www.webdo.tn\/2017\/05\/30\/festival-de-cannes-in-the-fade-ravages-terrorisme\/\" rel=\"bookmark\">Festival de Cannes \u2013 \u00ab\u00a0In The Fade\u00a0\u00bb ou les ravages du terrorisme<\/a><\/li>\n<li><a title=\"Festival de Cannes \u2013 Un homme int\u00e8gre\" href=\"http:\/\/www.webdo.tn\/2017\/05\/31\/festival-de-cannes-un-homme-integre\/\" rel=\"bookmark\">Festival de Cannes \u2013 Un homme int\u00e8gre<\/a><\/li>\n<li><a title=\"Mohamed Diab, l\u2019\u00e9toile montante du cin\u00e9ma \u00e9gyptien \u00e0 Cannes\" href=\"http:\/\/www.webdo.tn\/2017\/07\/04\/mohamed-diab-letoile-montante-cinema-egyptien-a-cannes\/\" rel=\"bookmark\">Mohamed Diab, l\u2019\u00e9toile montante du cin\u00e9ma \u00e9gyptien \u00e0 Cannes<\/a><\/li>\n<li><a title=\"Pourquoi seuls quelques films arabes traversent les fronti\u00e8res locales ?\" href=\"http:\/\/www.webdo.tn\/2017\/07\/26\/seuls-quelques-films-arabes-traversent-frontieres-locales\/\" rel=\"bookmark\">Pourquoi seuls quelques films arabes traversent les fronti\u00e8res locales ?<\/a><\/li>\n<li><a title=\"Mohamed Hefzy, d\u2019ing\u00e9nieur en m\u00e9tallurgie \u00e0 m\u00e9decin du cin\u00e9ma arabe\" href=\"http:\/\/www.webdo.tn\/2017\/02\/08\/mohamed-hefzy-dingenieur-metallurgie-medecin-cinema-arabe\/\" rel=\"bookmark\">Mohamed Hefzy, d\u2019ing\u00e9nieur en m\u00e9tallurgie \u00e0 m\u00e9decin du cin\u00e9ma arabe<\/a><\/li>\n<\/ul><\/div>\n<div class=\"coprs\" style=\"text-align: center\"><\/div><\/div>\n","protected":false},"excerpt":{"rendered":"<p>Les rendez-vous du cin\u00e9ma arabe au Festival de Cannes 2017<\/p>\n","protected":false},"author":3164,"featured_media":325677,"comment_status":"open","ping_status":"closed","sticky":false,"template":"","format":"standard","meta":{"footnotes":""},"categories":[2594],"tags":[2600],"class_list":["post-199656","post","type-post","status-publish","format-standard","has-post-thumbnail","hentry","category-culture","tag-guerre"],"yoast_head":"<!-- This site is optimized with the Yoast SEO Premium plugin v27.5 (Yoast SEO v27.5) - https:\/\/yoast.com\/product\/yoast-seo-premium-wordpress\/ -->\n<title>Les rendez-vous du cin\u00e9ma arabe au Festival de Cannes 2017<\/title>\n<meta name=\"description\" content=\"Les rendez-vous du cin\u00e9ma arabe au Festival de Cannes 2017\" \/>\n<link rel=\"canonical\" href=\"https:\/\/www.webdo.tn\/fr\/actualite\/culture\/le-cinema-arabe-au-festival-de-cannes-2017\/199656\/\" \/>\n<meta property=\"og:locale\" content=\"fr_FR\" \/>\n<meta property=\"og:type\" content=\"article\" \/>\n<meta property=\"og:title\" content=\"Les rendez-vous du cin\u00e9ma arabe au Festival de Cannes 2017\" \/>\n<meta property=\"og:description\" content=\"Les rendez-vous du cin\u00e9ma arabe au Festival de Cannes 2017\" \/>\n<meta property=\"og:url\" content=\"https:\/\/www.webdo.tn\/fr\/actualite\/culture\/le-cinema-arabe-au-festival-de-cannes-2017\/199656\/\" \/>\n<meta property=\"og:site_name\" content=\"webdo\" \/>\n<meta property=\"article:publisher\" content=\"https:\/\/www.facebook.com\/webdotn\" \/>\n<meta property=\"article:author\" content=\"https:\/\/www.facebook.com\/massir.destiniii\/\" \/>\n<meta property=\"article:published_time\" content=\"2017-05-16T09:11:00+00:00\" \/>\n<meta property=\"og:image\" content=\"https:\/\/www.webdo.tn\/fr\/wp-content\/uploads\/2017\/05\/La-belle-et-la-meute-aff.jpg\" \/>\n\t<meta property=\"og:image:width\" content=\"705\" \/>\n\t<meta property=\"og:image:height\" content=\"960\" \/>\n\t<meta property=\"og:image:type\" content=\"image\/jpeg\" \/>\n<meta name=\"author\" content=\"Ne\u00efla DRISS\" \/>\n<meta name=\"twitter:card\" content=\"summary_large_image\" \/>\n<meta name=\"twitter:creator\" content=\"@https:\/\/x.com\/MassirDestin\" \/>\n<meta name=\"twitter:site\" content=\"@webdo_tn\" \/>\n<meta name=\"twitter:label1\" content=\"\u00c9crit par\" \/>\n\t<meta name=\"twitter:data1\" content=\"Ne\u00efla DRISS\" \/>\n\t<meta name=\"twitter:label2\" content=\"Dur\u00e9e de lecture estim\u00e9e\" \/>\n\t<meta name=\"twitter:data2\" content=\"8 minutes\" \/>\n<script type=\"application\/ld+json\" class=\"yoast-schema-graph\">{\"@context\":\"https:\\\/\\\/schema.org\",\"@graph\":[{\"@type\":\"NewsArticle\",\"@id\":\"https:\\\/\\\/www.webdo.tn\\\/fr\\\/actualite\\\/culture\\\/le-cinema-arabe-au-festival-de-cannes-2017\\\/199656\\\/#article\",\"isPartOf\":{\"@id\":\"https:\\\/\\\/www.webdo.tn\\\/fr\\\/actualite\\\/culture\\\/le-cinema-arabe-au-festival-de-cannes-2017\\\/199656\\\/\"},\"author\":{\"name\":\"Ne\u00efla DRISS\",\"@id\":\"https:\\\/\\\/www.webdo.tn\\\/fr\\\/#\\\/schema\\\/person\\\/60d5ba619ed3f58783b0dc82b7dada80\"},\"headline\":\"Les rendez-vous du cin\u00e9ma arabe au Festival de Cannes 2017\",\"datePublished\":\"2017-05-16T09:11:00+00:00\",\"mainEntityOfPage\":{\"@id\":\"https:\\\/\\\/www.webdo.tn\\\/fr\\\/actualite\\\/culture\\\/le-cinema-arabe-au-festival-de-cannes-2017\\\/199656\\\/\"},\"wordCount\":1546,\"commentCount\":0,\"publisher\":{\"@id\":\"https:\\\/\\\/www.webdo.tn\\\/fr\\\/#organization\"},\"image\":{\"@id\":\"https:\\\/\\\/www.webdo.tn\\\/fr\\\/actualite\\\/culture\\\/le-cinema-arabe-au-festival-de-cannes-2017\\\/199656\\\/#primaryimage\"},\"thumbnailUrl\":\"https:\\\/\\\/www.webdo.tn\\\/fr\\\/wp-content\\\/uploads\\\/2017\\\/05\\\/La-belle-et-la-meute-aff.jpg\",\"keywords\":[\"guerre\"],\"articleSection\":[\"Culture\"],\"inLanguage\":\"fr-FR\"},{\"@type\":\"WebPage\",\"@id\":\"https:\\\/\\\/www.webdo.tn\\\/fr\\\/actualite\\\/culture\\\/le-cinema-arabe-au-festival-de-cannes-2017\\\/199656\\\/\",\"url\":\"https:\\\/\\\/www.webdo.tn\\\/fr\\\/actualite\\\/culture\\\/le-cinema-arabe-au-festival-de-cannes-2017\\\/199656\\\/\",\"name\":\"Les rendez-vous du cin\u00e9ma arabe au Festival de Cannes 2017\",\"isPartOf\":{\"@id\":\"https:\\\/\\\/www.webdo.tn\\\/fr\\\/#website\"},\"primaryImageOfPage\":{\"@id\":\"https:\\\/\\\/www.webdo.tn\\\/fr\\\/actualite\\\/culture\\\/le-cinema-arabe-au-festival-de-cannes-2017\\\/199656\\\/#primaryimage\"},\"image\":{\"@id\":\"https:\\\/\\\/www.webdo.tn\\\/fr\\\/actualite\\\/culture\\\/le-cinema-arabe-au-festival-de-cannes-2017\\\/199656\\\/#primaryimage\"},\"thumbnailUrl\":\"https:\\\/\\\/www.webdo.tn\\\/fr\\\/wp-content\\\/uploads\\\/2017\\\/05\\\/La-belle-et-la-meute-aff.jpg\",\"datePublished\":\"2017-05-16T09:11:00+00:00\",\"description\":\"Les rendez-vous du cin\u00e9ma arabe au Festival de Cannes 2017\",\"breadcrumb\":{\"@id\":\"https:\\\/\\\/www.webdo.tn\\\/fr\\\/actualite\\\/culture\\\/le-cinema-arabe-au-festival-de-cannes-2017\\\/199656\\\/#breadcrumb\"},\"inLanguage\":\"fr-FR\",\"potentialAction\":[{\"@type\":\"ReadAction\",\"target\":[\"https:\\\/\\\/www.webdo.tn\\\/fr\\\/actualite\\\/culture\\\/le-cinema-arabe-au-festival-de-cannes-2017\\\/199656\\\/\"]}]},{\"@type\":\"ImageObject\",\"inLanguage\":\"fr-FR\",\"@id\":\"https:\\\/\\\/www.webdo.tn\\\/fr\\\/actualite\\\/culture\\\/le-cinema-arabe-au-festival-de-cannes-2017\\\/199656\\\/#primaryimage\",\"url\":\"https:\\\/\\\/www.webdo.tn\\\/fr\\\/wp-content\\\/uploads\\\/2017\\\/05\\\/La-belle-et-la-meute-aff.jpg\",\"contentUrl\":\"https:\\\/\\\/www.webdo.tn\\\/fr\\\/wp-content\\\/uploads\\\/2017\\\/05\\\/La-belle-et-la-meute-aff.jpg\",\"width\":705,\"height\":960,\"caption\":\"Les rendez-vous du cin\u00e9ma arabe au Festival de Cannes 2017\"},{\"@type\":\"BreadcrumbList\",\"@id\":\"https:\\\/\\\/www.webdo.tn\\\/fr\\\/actualite\\\/culture\\\/le-cinema-arabe-au-festival-de-cannes-2017\\\/199656\\\/#breadcrumb\",\"itemListElement\":[{\"@type\":\"ListItem\",\"position\":1,\"name\":\"Accueil\",\"item\":\"https:\\\/\\\/www.webdo.tn\\\/fr\\\/\"},{\"@type\":\"ListItem\",\"position\":2,\"name\":\"Les rendez-vous du cin\u00e9ma arabe au Festival de Cannes 2017\"}]},{\"@type\":\"WebSite\",\"@id\":\"https:\\\/\\\/www.webdo.tn\\\/fr\\\/#website\",\"url\":\"https:\\\/\\\/www.webdo.tn\\\/fr\\\/\",\"name\":\"webdo\",\"description\":\"Tunisie - News en Tunisie et \u00e0 l&#039;international sur Webdo.tn\",\"publisher\":{\"@id\":\"https:\\\/\\\/www.webdo.tn\\\/fr\\\/#organization\"},\"potentialAction\":[{\"@type\":\"SearchAction\",\"target\":{\"@type\":\"EntryPoint\",\"urlTemplate\":\"https:\\\/\\\/www.webdo.tn\\\/fr\\\/?s={search_term_string}\"},\"query-input\":{\"@type\":\"PropertyValueSpecification\",\"valueRequired\":true,\"valueName\":\"search_term_string\"}}],\"inLanguage\":\"fr-FR\"},{\"@type\":\"Organization\",\"@id\":\"https:\\\/\\\/www.webdo.tn\\\/fr\\\/#organization\",\"name\":\"Webdo\",\"alternateName\":\"Webdo.tn\",\"url\":\"https:\\\/\\\/www.webdo.tn\\\/fr\\\/\",\"logo\":{\"@type\":\"ImageObject\",\"inLanguage\":\"fr-FR\",\"@id\":\"https:\\\/\\\/www.webdo.tn\\\/fr\\\/#\\\/schema\\\/logo\\\/image\\\/\",\"url\":\"https:\\\/\\\/www.webdo.tn\\\/fr\\\/wp-content\\\/uploads\\\/2025\\\/06\\\/Webdo-Tunisie_168377.jpg\",\"contentUrl\":\"https:\\\/\\\/www.webdo.tn\\\/fr\\\/wp-content\\\/uploads\\\/2025\\\/06\\\/Webdo-Tunisie_168377.jpg\",\"width\":301,\"height\":301,\"caption\":\"Webdo\"},\"image\":{\"@id\":\"https:\\\/\\\/www.webdo.tn\\\/fr\\\/#\\\/schema\\\/logo\\\/image\\\/\"},\"sameAs\":[\"https:\\\/\\\/www.facebook.com\\\/webdotn\",\"https:\\\/\\\/x.com\\\/webdo_tn\"],\"description\":\"Webdo est un m\u00e9dia num\u00e9rique tunisien fond\u00e9 en 2010, sp\u00e9cialis\u00e9 dans l\u2019actualit\u00e9 nationale et internationale, l\u2019\u00e9conomie, la soci\u00e9t\u00e9 et les analyses politiques. Le site s\u2019adresse \u00e0 un large public francophone et couvre l\u2019information tunisienne en temps r\u00e9el.\",\"email\":\"redac@webdo.tn\",\"legalName\":\"YNJ SARL\",\"foundingDate\":\"2010-09-06\",\"numberOfEmployees\":{\"@type\":\"QuantitativeValue\",\"minValue\":\"11\",\"maxValue\":\"50\"}},{\"@type\":\"Person\",\"@id\":\"https:\\\/\\\/www.webdo.tn\\\/fr\\\/#\\\/schema\\\/person\\\/60d5ba619ed3f58783b0dc82b7dada80\",\"name\":\"Ne\u00efla DRISS\",\"image\":{\"@type\":\"ImageObject\",\"inLanguage\":\"fr-FR\",\"@id\":\"https:\\\/\\\/www.webdo.tn\\\/fr\\\/wp-content\\\/uploads\\\/2026\\\/04\\\/neila-driss_avatar-96x96.jpg\",\"url\":\"https:\\\/\\\/www.webdo.tn\\\/fr\\\/wp-content\\\/uploads\\\/2026\\\/04\\\/neila-driss_avatar-96x96.jpg\",\"contentUrl\":\"https:\\\/\\\/www.webdo.tn\\\/fr\\\/wp-content\\\/uploads\\\/2026\\\/04\\\/neila-driss_avatar-96x96.jpg\",\"caption\":\"Ne\u00efla DRISS\"},\"description\":\"Ne\u00efla Driss est juriste, journaliste culturelle et critique de cin\u00e9ma tunisienne. Titulaire d\u2019un DEA en droit priv\u00e9 de l\u2019Universit\u00e9 Paris II et d\u2019un DESS de l\u2019IHEC Carthage, elle d\u00e9bute sa carri\u00e8re comme juriste sp\u00e9cialis\u00e9e en gestion de patrimoine immobilier. Elle s\u2019oriente ensuite vers l\u2019\u00e9criture en ligne, o\u00f9 elle se distingue d\u00e8s 2006 aux Tunisia Blog Awards, avant de se consacrer au journalisme culturel, avec une sp\u00e9cialisation dans la critique cin\u00e9matographique. Elle couvre r\u00e9guli\u00e8rement les grands festivals internationaux, notamment le Festival de Cannes, les Journ\u00e9es Cin\u00e9matographiques de Carthage et le Festival du film du Caire. Membre de l\u2019ATPCC et de la FIPRESCI, elle participe \u00e0 des jurys et initiatives internationales de critique. Depuis 2024, elle est \u00e9lectrice internationale aux Golden Globes. Facebook : https:\\\/\\\/www.facebook.com\\\/massir.destiniii\\\/ X : https:\\\/\\\/x.com\\\/MassirDestin\",\"sameAs\":[\"https:\\\/\\\/www.facebook.com\\\/massir.destiniii\\\/\",\"https:\\\/\\\/www.instagram.com\\\/neila.driss\\\/?hl=fr\",\"https:\\\/\\\/www.linkedin.com\\\/in\\\/neila-driss-22606a80\\\/\",\"https:\\\/\\\/x.com\\\/https:\\\/\\\/x.com\\\/MassirDestin\"],\"knowsAbout\":[\"Cin\u00e9ma international\",\"critique cin\u00e9matographique\",\"festivals de cin\u00e9ma\",\"journalisme culturel\"],\"knowsLanguage\":[\"Fran\u00e7ais\",\"Arabe\",\"Anglais\"],\"jobTitle\":\"Journaliste culturelle et critique de cin\u00e9ma\",\"worksFor\":\"Webdo\",\"url\":\"https:\\\/\\\/www.webdo.tn\\\/fr\\\/actualite\\\/author\\\/neila-driss\\\/\"}]}<\/script>\n<!-- \/ Yoast SEO Premium plugin. -->","yoast_head_json":{"title":"Les rendez-vous du cin\u00e9ma arabe au Festival de Cannes 2017","description":"Les rendez-vous du cin\u00e9ma arabe au Festival de Cannes 2017","canonical":"https:\/\/www.webdo.tn\/fr\/actualite\/culture\/le-cinema-arabe-au-festival-de-cannes-2017\/199656\/","og_locale":"fr_FR","og_type":"article","og_title":"Les rendez-vous du cin\u00e9ma arabe au Festival de Cannes 2017","og_description":"Les rendez-vous du cin\u00e9ma arabe au Festival de Cannes 2017","og_url":"https:\/\/www.webdo.tn\/fr\/actualite\/culture\/le-cinema-arabe-au-festival-de-cannes-2017\/199656\/","og_site_name":"webdo","article_publisher":"https:\/\/www.facebook.com\/webdotn","article_author":"https:\/\/www.facebook.com\/massir.destiniii\/","article_published_time":"2017-05-16T09:11:00+00:00","og_image":[{"width":705,"height":960,"url":"https:\/\/www.webdo.tn\/fr\/wp-content\/uploads\/2017\/05\/La-belle-et-la-meute-aff.jpg","type":"image\/jpeg"}],"author":"Ne\u00efla DRISS","twitter_card":"summary_large_image","twitter_creator":"@https:\/\/x.com\/MassirDestin","twitter_site":"@webdo_tn","twitter_misc":{"\u00c9crit par":"Ne\u00efla DRISS","Dur\u00e9e de lecture estim\u00e9e":"8 minutes"},"schema":{"@context":"https:\/\/schema.org","@graph":[{"@type":"NewsArticle","@id":"https:\/\/www.webdo.tn\/fr\/actualite\/culture\/le-cinema-arabe-au-festival-de-cannes-2017\/199656\/#article","isPartOf":{"@id":"https:\/\/www.webdo.tn\/fr\/actualite\/culture\/le-cinema-arabe-au-festival-de-cannes-2017\/199656\/"},"author":{"name":"Ne\u00efla DRISS","@id":"https:\/\/www.webdo.tn\/fr\/#\/schema\/person\/60d5ba619ed3f58783b0dc82b7dada80"},"headline":"Les rendez-vous du cin\u00e9ma arabe au Festival de Cannes 2017","datePublished":"2017-05-16T09:11:00+00:00","mainEntityOfPage":{"@id":"https:\/\/www.webdo.tn\/fr\/actualite\/culture\/le-cinema-arabe-au-festival-de-cannes-2017\/199656\/"},"wordCount":1546,"commentCount":0,"publisher":{"@id":"https:\/\/www.webdo.tn\/fr\/#organization"},"image":{"@id":"https:\/\/www.webdo.tn\/fr\/actualite\/culture\/le-cinema-arabe-au-festival-de-cannes-2017\/199656\/#primaryimage"},"thumbnailUrl":"https:\/\/www.webdo.tn\/fr\/wp-content\/uploads\/2017\/05\/La-belle-et-la-meute-aff.jpg","keywords":["guerre"],"articleSection":["Culture"],"inLanguage":"fr-FR"},{"@type":"WebPage","@id":"https:\/\/www.webdo.tn\/fr\/actualite\/culture\/le-cinema-arabe-au-festival-de-cannes-2017\/199656\/","url":"https:\/\/www.webdo.tn\/fr\/actualite\/culture\/le-cinema-arabe-au-festival-de-cannes-2017\/199656\/","name":"Les rendez-vous du cin\u00e9ma arabe au Festival de Cannes 2017","isPartOf":{"@id":"https:\/\/www.webdo.tn\/fr\/#website"},"primaryImageOfPage":{"@id":"https:\/\/www.webdo.tn\/fr\/actualite\/culture\/le-cinema-arabe-au-festival-de-cannes-2017\/199656\/#primaryimage"},"image":{"@id":"https:\/\/www.webdo.tn\/fr\/actualite\/culture\/le-cinema-arabe-au-festival-de-cannes-2017\/199656\/#primaryimage"},"thumbnailUrl":"https:\/\/www.webdo.tn\/fr\/wp-content\/uploads\/2017\/05\/La-belle-et-la-meute-aff.jpg","datePublished":"2017-05-16T09:11:00+00:00","description":"Les rendez-vous du cin\u00e9ma arabe au Festival de Cannes 2017","breadcrumb":{"@id":"https:\/\/www.webdo.tn\/fr\/actualite\/culture\/le-cinema-arabe-au-festival-de-cannes-2017\/199656\/#breadcrumb"},"inLanguage":"fr-FR","potentialAction":[{"@type":"ReadAction","target":["https:\/\/www.webdo.tn\/fr\/actualite\/culture\/le-cinema-arabe-au-festival-de-cannes-2017\/199656\/"]}]},{"@type":"ImageObject","inLanguage":"fr-FR","@id":"https:\/\/www.webdo.tn\/fr\/actualite\/culture\/le-cinema-arabe-au-festival-de-cannes-2017\/199656\/#primaryimage","url":"https:\/\/www.webdo.tn\/fr\/wp-content\/uploads\/2017\/05\/La-belle-et-la-meute-aff.jpg","contentUrl":"https:\/\/www.webdo.tn\/fr\/wp-content\/uploads\/2017\/05\/La-belle-et-la-meute-aff.jpg","width":705,"height":960,"caption":"Les rendez-vous du cin\u00e9ma arabe au Festival de Cannes 2017"},{"@type":"BreadcrumbList","@id":"https:\/\/www.webdo.tn\/fr\/actualite\/culture\/le-cinema-arabe-au-festival-de-cannes-2017\/199656\/#breadcrumb","itemListElement":[{"@type":"ListItem","position":1,"name":"Accueil","item":"https:\/\/www.webdo.tn\/fr\/"},{"@type":"ListItem","position":2,"name":"Les rendez-vous du cin\u00e9ma arabe au Festival de Cannes 2017"}]},{"@type":"WebSite","@id":"https:\/\/www.webdo.tn\/fr\/#website","url":"https:\/\/www.webdo.tn\/fr\/","name":"webdo","description":"Tunisie - News en Tunisie et \u00e0 l&#039;international sur Webdo.tn","publisher":{"@id":"https:\/\/www.webdo.tn\/fr\/#organization"},"potentialAction":[{"@type":"SearchAction","target":{"@type":"EntryPoint","urlTemplate":"https:\/\/www.webdo.tn\/fr\/?s={search_term_string}"},"query-input":{"@type":"PropertyValueSpecification","valueRequired":true,"valueName":"search_term_string"}}],"inLanguage":"fr-FR"},{"@type":"Organization","@id":"https:\/\/www.webdo.tn\/fr\/#organization","name":"Webdo","alternateName":"Webdo.tn","url":"https:\/\/www.webdo.tn\/fr\/","logo":{"@type":"ImageObject","inLanguage":"fr-FR","@id":"https:\/\/www.webdo.tn\/fr\/#\/schema\/logo\/image\/","url":"https:\/\/www.webdo.tn\/fr\/wp-content\/uploads\/2025\/06\/Webdo-Tunisie_168377.jpg","contentUrl":"https:\/\/www.webdo.tn\/fr\/wp-content\/uploads\/2025\/06\/Webdo-Tunisie_168377.jpg","width":301,"height":301,"caption":"Webdo"},"image":{"@id":"https:\/\/www.webdo.tn\/fr\/#\/schema\/logo\/image\/"},"sameAs":["https:\/\/www.facebook.com\/webdotn","https:\/\/x.com\/webdo_tn"],"description":"Webdo est un m\u00e9dia num\u00e9rique tunisien fond\u00e9 en 2010, sp\u00e9cialis\u00e9 dans l\u2019actualit\u00e9 nationale et internationale, l\u2019\u00e9conomie, la soci\u00e9t\u00e9 et les analyses politiques. Le site s\u2019adresse \u00e0 un large public francophone et couvre l\u2019information tunisienne en temps r\u00e9el.","email":"redac@webdo.tn","legalName":"YNJ SARL","foundingDate":"2010-09-06","numberOfEmployees":{"@type":"QuantitativeValue","minValue":"11","maxValue":"50"}},{"@type":"Person","@id":"https:\/\/www.webdo.tn\/fr\/#\/schema\/person\/60d5ba619ed3f58783b0dc82b7dada80","name":"Ne\u00efla DRISS","image":{"@type":"ImageObject","inLanguage":"fr-FR","@id":"https:\/\/www.webdo.tn\/fr\/wp-content\/uploads\/2026\/04\/neila-driss_avatar-96x96.jpg","url":"https:\/\/www.webdo.tn\/fr\/wp-content\/uploads\/2026\/04\/neila-driss_avatar-96x96.jpg","contentUrl":"https:\/\/www.webdo.tn\/fr\/wp-content\/uploads\/2026\/04\/neila-driss_avatar-96x96.jpg","caption":"Ne\u00efla DRISS"},"description":"Ne\u00efla Driss est juriste, journaliste culturelle et critique de cin\u00e9ma tunisienne. Titulaire d\u2019un DEA en droit priv\u00e9 de l\u2019Universit\u00e9 Paris II et d\u2019un DESS de l\u2019IHEC Carthage, elle d\u00e9bute sa carri\u00e8re comme juriste sp\u00e9cialis\u00e9e en gestion de patrimoine immobilier. Elle s\u2019oriente ensuite vers l\u2019\u00e9criture en ligne, o\u00f9 elle se distingue d\u00e8s 2006 aux Tunisia Blog Awards, avant de se consacrer au journalisme culturel, avec une sp\u00e9cialisation dans la critique cin\u00e9matographique. Elle couvre r\u00e9guli\u00e8rement les grands festivals internationaux, notamment le Festival de Cannes, les Journ\u00e9es Cin\u00e9matographiques de Carthage et le Festival du film du Caire. Membre de l\u2019ATPCC et de la FIPRESCI, elle participe \u00e0 des jurys et initiatives internationales de critique. Depuis 2024, elle est \u00e9lectrice internationale aux Golden Globes. Facebook : https:\/\/www.facebook.com\/massir.destiniii\/ X : https:\/\/x.com\/MassirDestin","sameAs":["https:\/\/www.facebook.com\/massir.destiniii\/","https:\/\/www.instagram.com\/neila.driss\/?hl=fr","https:\/\/www.linkedin.com\/in\/neila-driss-22606a80\/","https:\/\/x.com\/https:\/\/x.com\/MassirDestin"],"knowsAbout":["Cin\u00e9ma international","critique cin\u00e9matographique","festivals de cin\u00e9ma","journalisme culturel"],"knowsLanguage":["Fran\u00e7ais","Arabe","Anglais"],"jobTitle":"Journaliste culturelle et critique de cin\u00e9ma","worksFor":"Webdo","url":"https:\/\/www.webdo.tn\/fr\/actualite\/author\/neila-driss\/"}]}},"_links":{"self":[{"href":"https:\/\/www.webdo.tn\/fr\/wp-json\/wp\/v2\/posts\/199656","targetHints":{"allow":["GET"]}}],"collection":[{"href":"https:\/\/www.webdo.tn\/fr\/wp-json\/wp\/v2\/posts"}],"about":[{"href":"https:\/\/www.webdo.tn\/fr\/wp-json\/wp\/v2\/types\/post"}],"author":[{"embeddable":true,"href":"https:\/\/www.webdo.tn\/fr\/wp-json\/wp\/v2\/users\/3164"}],"replies":[{"embeddable":true,"href":"https:\/\/www.webdo.tn\/fr\/wp-json\/wp\/v2\/comments?post=199656"}],"version-history":[{"count":0,"href":"https:\/\/www.webdo.tn\/fr\/wp-json\/wp\/v2\/posts\/199656\/revisions"}],"wp:featuredmedia":[{"embeddable":true,"href":"https:\/\/www.webdo.tn\/fr\/wp-json\/wp\/v2\/media\/325677"}],"wp:attachment":[{"href":"https:\/\/www.webdo.tn\/fr\/wp-json\/wp\/v2\/media?parent=199656"}],"wp:term":[{"taxonomy":"category","embeddable":true,"href":"https:\/\/www.webdo.tn\/fr\/wp-json\/wp\/v2\/categories?post=199656"},{"taxonomy":"post_tag","embeddable":true,"href":"https:\/\/www.webdo.tn\/fr\/wp-json\/wp\/v2\/tags?post=199656"}],"curies":[{"name":"wp","href":"https:\/\/api.w.org\/{rel}","templated":true}]}}