{"id":199649,"date":"2017-03-07T20:40:00","date_gmt":"2017-03-07T20:40:00","guid":{"rendered":"https:\/\/www.webdo.tn\/fr\/blog\/khaled-abol-naga-animera-la-ceremonie-de-cloture-de-sfax-capitale-de-la-culture-arabe\/199649\/"},"modified":"2017-03-07T20:40:00","modified_gmt":"2017-03-07T20:40:00","slug":"khaled-abol-naga-animera-la-ceremonie-de-cloture-de-sfax-capitale-de-la-culture-arabe","status":"publish","type":"post","link":"https:\/\/www.webdo.tn\/fr\/actualite\/culture\/khaled-abol-naga-animera-la-ceremonie-de-cloture-de-sfax-capitale-de-la-culture-arabe\/199649\/","title":{"rendered":"Khaled Abol Naga animera la c\u00e9r\u00e9monie de cl\u00f4ture de \u00ab\u00a0Sfax, Capitale de la Culture Arabe\u00a0\u00bb"},"content":{"rendered":"<div class=\"single-body entry-content typography-copy\" itemprop=\"articleBody\">\n<p style=\"font-weight: bold; text-align: justify\">\n<div class=\"coprs\" style=\"text-align: center\"><\/div>\n<div class=\"coprs\" style=\"text-align: justify\">\n<p>La c\u00e9r\u00e9monie de cl\u00f4ture de <a href=\"http:\/\/www.sfax2016.tn\/#Accueil\"><em>Sfax, Capitale de la Culture Arabe<\/em><\/a> aura lieu la semaine prochaine, le 17 Mars 2017.<\/p>\n<p>La star \u00e9gyptienne <a href=\"https:\/\/www.facebook.com\/kalnaga\/\">Khaled Abol Naga<\/a> animera la soir\u00e9e, probablement avec une autre personne dont le nom n\u2019a pas encore \u00e9t\u00e9 d\u00e9voil\u00e9.<\/p>\n<p>Deux vedettes se produiront lors de cette soir\u00e9e\u00a0: le Tunisien Saber Rebai et l\u2019Egyptienne Angham.<\/p>\n<p>Lors de cette c\u00e9r\u00e9monie, \u00e0 laquelle va assister M. Mohamed Zinelabedine, Ministre de la Culture, un hommage sera rendu \u00e0 Khaled Abol Naga.<\/p>\n<p><img decoding=\"async\" class=\"aligncenter wp-image-151980 size-full\" src=\"http:\/\/www.webdo.tn\/wp-content\/uploads\/2017\/03\/IMG_3821.jpg\" alt=\"Khaled Abol Naga \u00e0 Sidi Bou Said - Tunisie\" width=\"1000\" height=\"666\"><\/p>\n<p>Le choix s\u2019est port\u00e9 sur cet acteur\/r\u00e9alisateur\/producteur pour plusieurs raisons, l\u2019une d\u2019elle \u00e9tant qu\u2019il est \u00e9gyptien et que le flambeau de la capitale de la culture arabe va \u00eatre transmis \u00e0 la ville \u00e9gyptienne de Louxor.<\/p>\n<p>Choisir Khaled Abol Naga pour animer la c\u00e9r\u00e9monie de cl\u00f4ture est tr\u00e8s judicieux. En effet, avant de devenir une star du cin\u00e9ma arabe, Khaled a eu une carri\u00e8re couronn\u00e9e de succ\u00e8s dans plusieurs cha\u00eenes de t\u00e9l\u00e9vision du monde arabe, telle que MBC, en tant qu&rsquo;animateur dans des spectacles de prime time de 1997 \u00e0 2005.<\/p>\n<p><a href=\"https:\/\/www.facebook.com\/kalnaga\/videos\/10154363738731865\/\">https:\/\/www.facebook.com\/kalnaga\/videos\/10154363738731865\/<\/a><\/p>\n<p>Khaled Abol Naga \u00e9tait en Tunisie en <a href=\"http:\/\/www.webdo.tn\/2016\/08\/23\/mohamed-khan-festival-international-film-arabe-de-gabes\/\">septembre dernier<\/a>, pour participer au <a href=\"http:\/\/fifagtn.com\/\">Festival International du Film Arabe de Gabes (FIFAG)<\/a>. Son film <em>Pouvoirs extraordinaires<\/em> (Qoudouratt ghair 3adya) y \u00e9tait en comp\u00e9tition et a <a href=\"https:\/\/www.facebook.com\/kalnaga\/posts\/10154651611301865\">remport\u00e9 le Prix du Public.<\/a> Lors de son s\u00e9jour \u00e0 Gab\u00e8s, il avait d\u00e9clar\u00e9 \u00eatre toujours pr\u00eat \u00e0 aider la culture, particuli\u00e8rement dans les villes du Sud. Le voila donc de retour, et cette fois-ci dans la Capitale du Sud.<\/p>\n<figure id=\"attachment_151982\" aria-describedby=\"caption-attachment-151982\" style=\"width: 1000px\" class=\"wp-caption aligncenter\"><img decoding=\"async\" class=\"wp-image-151982 size-full\" src=\"http:\/\/www.webdo.tn\/wp-content\/uploads\/2017\/03\/IMG_9661.jpg\" alt=\"Khaled Abol Naga \u00e0 Gabes pour le FIFAG\" width=\"1000\" height=\"666\"><figcaption id=\"caption-attachment-151982\" class=\"wp-caption-text\"><em>Khaled Abol Naga \u00e0 Gabes pour le FIFAG<\/em><\/figcaption><\/figure>\n<figure id=\"attachment_151983\" aria-describedby=\"caption-attachment-151983\" style=\"width: 1000px\" class=\"wp-caption aligncenter\"><img decoding=\"async\" class=\"wp-image-151983 size-full\" src=\"http:\/\/www.webdo.tn\/wp-content\/uploads\/2017\/03\/IMG_9697.jpg\" alt=\"Khaled Abol Naga \u00e0 Gabes pour le FIFAG avec quelques admirateurs\" width=\"1000\" height=\"666\"><figcaption id=\"caption-attachment-151983\" class=\"wp-caption-text\"><em>Khaled Abol Naga \u00e0 Gabes pour le FIFAG avec quelques admirateurs<\/em><\/figcaption><\/figure>\n<p>Juste pour l\u2019anecdote, on peut rappeler que le tout premier film de Khaled Abol Naga avait \u00e9t\u00e9 tourn\u00e9 en Tunisie et plus pr\u00e9cis\u00e9ment \u00e0 Sousse. C<a href=\"http:\/\/www.webdo.tn\/2016\/10\/17\/hussein-fahmy-temps-passe\/\">\u2019\u00e9tait en 1977, pour le film <em>La folie de l&rsquo;amour<\/em> (Gounoun El Hob), avec Nagla Fathy et Hussein Fahmy.<\/a> Il avait 11 ans.<\/p>\n<p><a href=\"https:\/\/www.facebook.com\/kalnaga\/videos\/10154375839836865\/\">https:\/\/www.facebook.com\/kalnaga\/videos\/10154375839836865\/<\/a><\/p>\n<p>Par ailleurs, son film <em>Microphone<\/em>, r\u00e9alis\u00e9 par Ahmad Abdallah et coproduit par <a href=\"http:\/\/www.webdo.tn\/2017\/02\/08\/mohamed-hefzy-dingenieur-metallurgie-medecin-cinema-arabe\/\">Mohamed Hefzy (Flim Clinic)<\/a> avait remport\u00e9 le Tanit d\u2019Or lors des JCC 2010. <em>Microphone<\/em> est un film qui a marqu\u00e9 un tournant dans la carri\u00e8re de Khaled Abol Naga et m\u00eame dans l\u2019histoire du cin\u00e9ma \u00e9gyptien.<\/p>\n<p><a href=\"https:\/\/www.facebook.com\/kalnaga\/videos\/10154558630166865\/\">https:\/\/www.facebook.com\/kalnaga\/videos\/10154558630166865\/<\/a><\/p>\n<p>Les deux films <em>H\u00e9liopolis<\/em> et <em>Microphone<\/em>, du m\u00eame r\u00e9alisateur et avec Khaled Abol Naga dans le r\u00f4le principal, ont \u00e9t\u00e9 le point de d\u00e9part d\u2019une nouvelle vague du cin\u00e9ma ind\u00e9pendant en Egypte.<\/p>\n<figure id=\"attachment_151994\" aria-describedby=\"caption-attachment-151994\" style=\"width: 604px\" class=\"wp-caption aligncenter\"><img decoding=\"async\" class=\"wp-image-151994 size-full\" src=\"http:\/\/www.webdo.tn\/wp-content\/uploads\/2017\/03\/Essai-02.png\" alt=\"Khaled Abol Naga et ses 4 films soumis \u00e0 l'Oscar du meilleur film en langue \u00e9trang\u00e8re.\" width=\"604\" height=\"1002\"><figcaption id=\"caption-attachment-151994\" class=\"wp-caption-text\"><em>Khaled Abol Naga et ses 4 films soumis \u00e0 l&rsquo;Oscar du meilleur film en langue \u00e9trang\u00e8re<\/em><\/figcaption><\/figure>\n<p>En d\u00e9cembre dernier, lors des premi\u00e8res Rencontres Cin\u00e9matographiques de Hassi Messaoud \u00abDes Films nomin\u00e9s aux Oscars\u00bb en Alg\u00e9rie, un hommage avait \u00e9t\u00e9 rendu \u00e0 Khaled Abol Naga. Il est en effet le seul acteur arabe \u00e0 avoir eu quatre films soumis aux oscars pour le meilleur film en langue \u00e9trang\u00e8re, \u00e0 trois reprises par l\u2019Egypte pour ses films <em>Sahar Al Layali<\/em> en 2003, <em>Dans l\u2019appartement de H\u00e9lipolis<\/em> en 2007, <em>Un- zero<\/em> en 2009 et une fois par la Palestine, pour son film <em>Les yeux d\u2019un voleur\u00a0<\/em>en 2014.<\/p>\n<p><a href=\"https:\/\/www.facebook.com\/kalnaga\/videos\/10154501852011865\/\">https:\/\/www.facebook.com\/kalnaga\/videos\/10154501852011865\/<\/a><\/p>\n<p><strong>\u00a0 Ne\u00efla Driss<\/strong><\/p>\n<p>\u00a0<\/p>\n<p><em>Lire sur le m\u00eame sujet:<\/em><\/p>\n<ul>\n<li><a href=\"http:\/\/www.webdo.tn\/2016\/07\/13\/tyrant-fiction-sinspire-de-realite-tunisienne\/\">Tyrant, la fiction qui s\u2019inspire de la r\u00e9alit\u00e9 tunisienne<\/a><\/li>\n<li><a href=\"http:\/\/www.webdo.tn\/2016\/07\/27\/cinema-arabe-a-conquete-public-europeen\/\">Le cin\u00e9ma arabe \u00e0 la conqu\u00eate du public europ\u00e9en ?<\/a><\/li>\n<li><a href=\"http:\/\/www.webdo.tn\/2016\/08\/23\/mohamed-khan-festival-international-film-arabe-de-gabes\/\">Mohamed Khan au Festival International du Film Arabe de Gab\u00e8s<\/a><\/li>\n<li><a href=\"http:\/\/www.webdo.tn\/2016\/09\/02\/fifag-festival-va-eclairer-sud\/\">Le FIFAG, un festival qui va \u00e9clairer le Sud !<\/a><\/li>\n<li><a title=\"Hussein Fahmy et le temps qui passe\u2026\" href=\"http:\/\/www.webdo.tn\/2016\/10\/17\/hussein-fahmy-temps-passe\/\" rel=\"bookmark\">Hussein Fahmy et le temps qui passe\u2026<\/a><\/li>\n<li><a href=\"http:\/\/www.webdo.tn\/2016\/10\/20\/journees-cinematographiques-de-carthage-lart-triomphera-toujours-terreur\/\">Journ\u00e9es Cin\u00e9matographiques de Carthage : L\u2019Art triomphera toujours de la terreur !<\/a><\/li>\n<li><a href=\"http:\/\/www.webdo.tn\/2016\/11\/29\/film-eyes-of-a-thief-journee-internationale-de-solidarite-peuple-palestinien\/\">Le film \u00ab\u00a0Eyes of a thief\u00a0\u00bb pour la Journ\u00e9e Internationale de Solidarit\u00e9 avec le peuple palestinien<\/a><\/li>\n<li><a href=\"http:\/\/www.webdo.tn\/2016\/12\/01\/gamal-abdel-nasser-une-controverse-qui-dure\/\">Gamal Abdel Nasser : une controverse qui dure\u2026<\/a><\/li>\n<li><a href=\"http:\/\/www.webdo.tn\/2016\/12\/10\/hommage-au-petit-omar-victime-de-la-betise-humaine\/\">Hommage au petit Omar, victime de la b\u00eatise humaine<\/a><\/li>\n<li><a href=\"http:\/\/www.webdo.tn\/2017\/02\/08\/mohamed-hefzy-dingenieur-metallurgie-medecin-cinema-arabe\/\">Mohamed Hefzy, d\u2019ing\u00e9nieur en m\u00e9tallurgie \u00e0 m\u00e9decin du cin\u00e9ma arabe<\/a><\/li>\n<li><a title=\"Aicha Ben Ahmed, une jeune actrice tunisienne \u00e0 la conqu\u00eate de l\u2019Egypte\" href=\"http:\/\/www.webdo.tn\/2017\/04\/19\/aicha-ben-ahmed-jeune-actrice-tunisienne-a-conquete-de-legypte\/\" rel=\"bookmark\">Aicha Ben Ahmed, une jeune actrice tunisienne \u00e0 la conqu\u00eate de l\u2019Egypte<\/a><\/li>\n<li><a title=\"Mohamed Diab, l\u2019\u00e9toile montante du cin\u00e9ma \u00e9gyptien \u00e0 Cannes\" href=\"http:\/\/www.webdo.tn\/2017\/07\/04\/mohamed-diab-letoile-montante-cinema-egyptien-a-cannes\/\" rel=\"bookmark\">Mohamed Diab, l\u2019\u00e9toile montante du cin\u00e9ma \u00e9gyptien \u00e0 Cannes<\/a><\/li>\n<li><a title=\"Les Vikings rencontrent l\u2019Emir Ziyadat Allah I \u00e0 Kairouan\" href=\"http:\/\/www.webdo.tn\/2017\/08\/01\/vikings-rencontrent-lemir-ziyadat-allah-i-a-kairouan\/\" rel=\"bookmark\">Les Vikings rencontrent l\u2019Emir Ziyadat Allah I \u00e0 Kairouan<\/a><\/li>\n<\/ul><\/div>\n<div class=\"coprs\" style=\"text-align: center\"><\/div><\/div>\n","protected":false},"excerpt":{"rendered":"<p>Khaled Abol Naga animera la c\u00e9r\u00e9monie de cl\u00f4ture de  Sfax, Capitale de la Culture Arabe<\/p>\n","protected":false},"author":3164,"featured_media":326116,"comment_status":"open","ping_status":"closed","sticky":false,"template":"","format":"standard","meta":{"footnotes":""},"categories":[2594],"tags":[2600],"class_list":["post-199649","post","type-post","status-publish","format-standard","has-post-thumbnail","hentry","category-culture","tag-guerre"],"yoast_head":"<!-- This site is optimized with the Yoast SEO Premium plugin v27.5 (Yoast SEO v27.5) - https:\/\/yoast.com\/product\/yoast-seo-premium-wordpress\/ -->\n<title>Khaled Abol Naga animera la c\u00e9r\u00e9monie de cl\u00f4ture de Sfax, Capitale de la Culture Arabe<\/title>\n<meta name=\"description\" content=\"Khaled Abol Naga animera la c\u00e9r\u00e9monie de cl\u00f4ture de Sfax, Capitale de la Culture Arabe\" \/>\n<link rel=\"canonical\" href=\"https:\/\/www.webdo.tn\/fr\/actualite\/culture\/khaled-abol-naga-animera-la-ceremonie-de-cloture-de-sfax-capitale-de-la-culture-arabe\/199649\/\" \/>\n<meta property=\"og:locale\" content=\"fr_FR\" \/>\n<meta property=\"og:type\" content=\"article\" \/>\n<meta property=\"og:title\" content=\"Khaled Abol Naga animera la c\u00e9r\u00e9monie de cl\u00f4ture de &quot;Sfax, Capitale de la Culture Arabe&quot;\" \/>\n<meta property=\"og:description\" content=\"Khaled Abol Naga animera la c\u00e9r\u00e9monie de cl\u00f4ture de Sfax, Capitale de la Culture Arabe\" \/>\n<meta property=\"og:url\" content=\"https:\/\/www.webdo.tn\/fr\/actualite\/culture\/khaled-abol-naga-animera-la-ceremonie-de-cloture-de-sfax-capitale-de-la-culture-arabe\/199649\/\" \/>\n<meta property=\"og:site_name\" content=\"webdo\" \/>\n<meta property=\"article:publisher\" content=\"https:\/\/www.facebook.com\/webdotn\" \/>\n<meta property=\"article:author\" content=\"https:\/\/www.facebook.com\/massir.destiniii\/\" \/>\n<meta property=\"article:published_time\" content=\"2017-03-07T20:40:00+00:00\" \/>\n<meta property=\"og:image\" content=\"https:\/\/www.webdo.tn\/fr\/wp-content\/uploads\/2017\/03\/IMG_3723.jpg\" \/>\n\t<meta property=\"og:image:width\" content=\"1000\" \/>\n\t<meta property=\"og:image:height\" content=\"666\" \/>\n\t<meta property=\"og:image:type\" content=\"image\/jpeg\" \/>\n<meta name=\"author\" content=\"Ne\u00efla DRISS\" \/>\n<meta name=\"twitter:card\" content=\"summary_large_image\" \/>\n<meta name=\"twitter:creator\" content=\"@https:\/\/x.com\/MassirDestin\" \/>\n<meta name=\"twitter:site\" content=\"@webdo_tn\" \/>\n<meta name=\"twitter:label1\" content=\"\u00c9crit par\" \/>\n\t<meta name=\"twitter:data1\" content=\"Ne\u00efla DRISS\" \/>\n\t<meta name=\"twitter:label2\" content=\"Dur\u00e9e de lecture estim\u00e9e\" \/>\n\t<meta name=\"twitter:data2\" content=\"4 minutes\" \/>\n<script type=\"application\/ld+json\" class=\"yoast-schema-graph\">{\"@context\":\"https:\\\/\\\/schema.org\",\"@graph\":[{\"@type\":\"NewsArticle\",\"@id\":\"https:\\\/\\\/www.webdo.tn\\\/fr\\\/actualite\\\/culture\\\/khaled-abol-naga-animera-la-ceremonie-de-cloture-de-sfax-capitale-de-la-culture-arabe\\\/199649\\\/#article\",\"isPartOf\":{\"@id\":\"https:\\\/\\\/www.webdo.tn\\\/fr\\\/actualite\\\/culture\\\/khaled-abol-naga-animera-la-ceremonie-de-cloture-de-sfax-capitale-de-la-culture-arabe\\\/199649\\\/\"},\"author\":{\"name\":\"Ne\u00efla DRISS\",\"@id\":\"https:\\\/\\\/www.webdo.tn\\\/fr\\\/#\\\/schema\\\/person\\\/60d5ba619ed3f58783b0dc82b7dada80\"},\"headline\":\"Khaled Abol Naga animera la c\u00e9r\u00e9monie de cl\u00f4ture de \u00ab\u00a0Sfax, Capitale de la Culture Arabe\u00a0\u00bb\",\"datePublished\":\"2017-03-07T20:40:00+00:00\",\"mainEntityOfPage\":{\"@id\":\"https:\\\/\\\/www.webdo.tn\\\/fr\\\/actualite\\\/culture\\\/khaled-abol-naga-animera-la-ceremonie-de-cloture-de-sfax-capitale-de-la-culture-arabe\\\/199649\\\/\"},\"wordCount\":758,\"commentCount\":0,\"publisher\":{\"@id\":\"https:\\\/\\\/www.webdo.tn\\\/fr\\\/#organization\"},\"image\":{\"@id\":\"https:\\\/\\\/www.webdo.tn\\\/fr\\\/actualite\\\/culture\\\/khaled-abol-naga-animera-la-ceremonie-de-cloture-de-sfax-capitale-de-la-culture-arabe\\\/199649\\\/#primaryimage\"},\"thumbnailUrl\":\"https:\\\/\\\/www.webdo.tn\\\/fr\\\/wp-content\\\/uploads\\\/2017\\\/03\\\/IMG_3723.jpg\",\"keywords\":[\"guerre\"],\"articleSection\":[\"Culture\"],\"inLanguage\":\"fr-FR\"},{\"@type\":\"WebPage\",\"@id\":\"https:\\\/\\\/www.webdo.tn\\\/fr\\\/actualite\\\/culture\\\/khaled-abol-naga-animera-la-ceremonie-de-cloture-de-sfax-capitale-de-la-culture-arabe\\\/199649\\\/\",\"url\":\"https:\\\/\\\/www.webdo.tn\\\/fr\\\/actualite\\\/culture\\\/khaled-abol-naga-animera-la-ceremonie-de-cloture-de-sfax-capitale-de-la-culture-arabe\\\/199649\\\/\",\"name\":\"Khaled Abol Naga animera la c\u00e9r\u00e9monie de cl\u00f4ture de Sfax, Capitale de la Culture Arabe\",\"isPartOf\":{\"@id\":\"https:\\\/\\\/www.webdo.tn\\\/fr\\\/#website\"},\"primaryImageOfPage\":{\"@id\":\"https:\\\/\\\/www.webdo.tn\\\/fr\\\/actualite\\\/culture\\\/khaled-abol-naga-animera-la-ceremonie-de-cloture-de-sfax-capitale-de-la-culture-arabe\\\/199649\\\/#primaryimage\"},\"image\":{\"@id\":\"https:\\\/\\\/www.webdo.tn\\\/fr\\\/actualite\\\/culture\\\/khaled-abol-naga-animera-la-ceremonie-de-cloture-de-sfax-capitale-de-la-culture-arabe\\\/199649\\\/#primaryimage\"},\"thumbnailUrl\":\"https:\\\/\\\/www.webdo.tn\\\/fr\\\/wp-content\\\/uploads\\\/2017\\\/03\\\/IMG_3723.jpg\",\"datePublished\":\"2017-03-07T20:40:00+00:00\",\"description\":\"Khaled Abol Naga animera la c\u00e9r\u00e9monie de cl\u00f4ture de Sfax, Capitale de la Culture Arabe\",\"breadcrumb\":{\"@id\":\"https:\\\/\\\/www.webdo.tn\\\/fr\\\/actualite\\\/culture\\\/khaled-abol-naga-animera-la-ceremonie-de-cloture-de-sfax-capitale-de-la-culture-arabe\\\/199649\\\/#breadcrumb\"},\"inLanguage\":\"fr-FR\",\"potentialAction\":[{\"@type\":\"ReadAction\",\"target\":[\"https:\\\/\\\/www.webdo.tn\\\/fr\\\/actualite\\\/culture\\\/khaled-abol-naga-animera-la-ceremonie-de-cloture-de-sfax-capitale-de-la-culture-arabe\\\/199649\\\/\"]}]},{\"@type\":\"ImageObject\",\"inLanguage\":\"fr-FR\",\"@id\":\"https:\\\/\\\/www.webdo.tn\\\/fr\\\/actualite\\\/culture\\\/khaled-abol-naga-animera-la-ceremonie-de-cloture-de-sfax-capitale-de-la-culture-arabe\\\/199649\\\/#primaryimage\",\"url\":\"https:\\\/\\\/www.webdo.tn\\\/fr\\\/wp-content\\\/uploads\\\/2017\\\/03\\\/IMG_3723.jpg\",\"contentUrl\":\"https:\\\/\\\/www.webdo.tn\\\/fr\\\/wp-content\\\/uploads\\\/2017\\\/03\\\/IMG_3723.jpg\",\"width\":1000,\"height\":666,\"caption\":\"Khaled Abol Naga animera la c\u00e9r\u00e9monie de cl\u00f4ture de \\\"Sfax, Capitale de la Culture Arabe\\\"\"},{\"@type\":\"BreadcrumbList\",\"@id\":\"https:\\\/\\\/www.webdo.tn\\\/fr\\\/actualite\\\/culture\\\/khaled-abol-naga-animera-la-ceremonie-de-cloture-de-sfax-capitale-de-la-culture-arabe\\\/199649\\\/#breadcrumb\",\"itemListElement\":[{\"@type\":\"ListItem\",\"position\":1,\"name\":\"Accueil\",\"item\":\"https:\\\/\\\/www.webdo.tn\\\/fr\\\/\"},{\"@type\":\"ListItem\",\"position\":2,\"name\":\"Khaled Abol Naga animera la c\u00e9r\u00e9monie de cl\u00f4ture de \u00ab\u00a0Sfax, Capitale de la Culture Arabe\u00a0\u00bb\"}]},{\"@type\":\"WebSite\",\"@id\":\"https:\\\/\\\/www.webdo.tn\\\/fr\\\/#website\",\"url\":\"https:\\\/\\\/www.webdo.tn\\\/fr\\\/\",\"name\":\"webdo\",\"description\":\"Tunisie - News en Tunisie et \u00e0 l&#039;international sur Webdo.tn\",\"publisher\":{\"@id\":\"https:\\\/\\\/www.webdo.tn\\\/fr\\\/#organization\"},\"potentialAction\":[{\"@type\":\"SearchAction\",\"target\":{\"@type\":\"EntryPoint\",\"urlTemplate\":\"https:\\\/\\\/www.webdo.tn\\\/fr\\\/?s={search_term_string}\"},\"query-input\":{\"@type\":\"PropertyValueSpecification\",\"valueRequired\":true,\"valueName\":\"search_term_string\"}}],\"inLanguage\":\"fr-FR\"},{\"@type\":\"Organization\",\"@id\":\"https:\\\/\\\/www.webdo.tn\\\/fr\\\/#organization\",\"name\":\"Webdo\",\"alternateName\":\"Webdo.tn\",\"url\":\"https:\\\/\\\/www.webdo.tn\\\/fr\\\/\",\"logo\":{\"@type\":\"ImageObject\",\"inLanguage\":\"fr-FR\",\"@id\":\"https:\\\/\\\/www.webdo.tn\\\/fr\\\/#\\\/schema\\\/logo\\\/image\\\/\",\"url\":\"https:\\\/\\\/www.webdo.tn\\\/fr\\\/wp-content\\\/uploads\\\/2025\\\/06\\\/Webdo-Tunisie_168377.jpg\",\"contentUrl\":\"https:\\\/\\\/www.webdo.tn\\\/fr\\\/wp-content\\\/uploads\\\/2025\\\/06\\\/Webdo-Tunisie_168377.jpg\",\"width\":301,\"height\":301,\"caption\":\"Webdo\"},\"image\":{\"@id\":\"https:\\\/\\\/www.webdo.tn\\\/fr\\\/#\\\/schema\\\/logo\\\/image\\\/\"},\"sameAs\":[\"https:\\\/\\\/www.facebook.com\\\/webdotn\",\"https:\\\/\\\/x.com\\\/webdo_tn\"],\"description\":\"Webdo est un m\u00e9dia num\u00e9rique tunisien fond\u00e9 en 2010, sp\u00e9cialis\u00e9 dans l\u2019actualit\u00e9 nationale et internationale, l\u2019\u00e9conomie, la soci\u00e9t\u00e9 et les analyses politiques. Le site s\u2019adresse \u00e0 un large public francophone et couvre l\u2019information tunisienne en temps r\u00e9el.\",\"email\":\"redac@webdo.tn\",\"legalName\":\"YNJ SARL\",\"foundingDate\":\"2010-09-06\",\"numberOfEmployees\":{\"@type\":\"QuantitativeValue\",\"minValue\":\"11\",\"maxValue\":\"50\"}},{\"@type\":\"Person\",\"@id\":\"https:\\\/\\\/www.webdo.tn\\\/fr\\\/#\\\/schema\\\/person\\\/60d5ba619ed3f58783b0dc82b7dada80\",\"name\":\"Ne\u00efla DRISS\",\"image\":{\"@type\":\"ImageObject\",\"inLanguage\":\"fr-FR\",\"@id\":\"https:\\\/\\\/www.webdo.tn\\\/fr\\\/wp-content\\\/uploads\\\/2026\\\/04\\\/neila-driss_avatar-96x96.jpg\",\"url\":\"https:\\\/\\\/www.webdo.tn\\\/fr\\\/wp-content\\\/uploads\\\/2026\\\/04\\\/neila-driss_avatar-96x96.jpg\",\"contentUrl\":\"https:\\\/\\\/www.webdo.tn\\\/fr\\\/wp-content\\\/uploads\\\/2026\\\/04\\\/neila-driss_avatar-96x96.jpg\",\"caption\":\"Ne\u00efla DRISS\"},\"description\":\"Ne\u00efla Driss est juriste, journaliste culturelle et critique de cin\u00e9ma tunisienne. Titulaire d\u2019un DEA en droit priv\u00e9 de l\u2019Universit\u00e9 Paris II et d\u2019un DESS de l\u2019IHEC Carthage, elle d\u00e9bute sa carri\u00e8re comme juriste sp\u00e9cialis\u00e9e en gestion de patrimoine immobilier. Elle s\u2019oriente ensuite vers l\u2019\u00e9criture en ligne, o\u00f9 elle se distingue d\u00e8s 2006 aux Tunisia Blog Awards, avant de se consacrer au journalisme culturel, avec une sp\u00e9cialisation dans la critique cin\u00e9matographique. Elle couvre r\u00e9guli\u00e8rement les grands festivals internationaux, notamment le Festival de Cannes, les Journ\u00e9es Cin\u00e9matographiques de Carthage et le Festival du film du Caire. Membre de l\u2019ATPCC et de la FIPRESCI, elle participe \u00e0 des jurys et initiatives internationales de critique. Depuis 2024, elle est \u00e9lectrice internationale aux Golden Globes. Facebook : https:\\\/\\\/www.facebook.com\\\/massir.destiniii\\\/ X : https:\\\/\\\/x.com\\\/MassirDestin\",\"sameAs\":[\"https:\\\/\\\/www.facebook.com\\\/massir.destiniii\\\/\",\"https:\\\/\\\/www.instagram.com\\\/neila.driss\\\/?hl=fr\",\"https:\\\/\\\/www.linkedin.com\\\/in\\\/neila-driss-22606a80\\\/\",\"https:\\\/\\\/x.com\\\/https:\\\/\\\/x.com\\\/MassirDestin\"],\"knowsAbout\":[\"Cin\u00e9ma international\",\"critique cin\u00e9matographique\",\"festivals de cin\u00e9ma\",\"journalisme culturel\"],\"knowsLanguage\":[\"Fran\u00e7ais\",\"Arabe\",\"Anglais\"],\"jobTitle\":\"Journaliste culturelle et critique de cin\u00e9ma\",\"worksFor\":\"Webdo\",\"url\":\"https:\\\/\\\/www.webdo.tn\\\/fr\\\/actualite\\\/author\\\/neila-driss\\\/\"}]}<\/script>\n<!-- \/ Yoast SEO Premium plugin. -->","yoast_head_json":{"title":"Khaled Abol Naga animera la c\u00e9r\u00e9monie de cl\u00f4ture de Sfax, Capitale de la Culture Arabe","description":"Khaled Abol Naga animera la c\u00e9r\u00e9monie de cl\u00f4ture de Sfax, Capitale de la Culture Arabe","canonical":"https:\/\/www.webdo.tn\/fr\/actualite\/culture\/khaled-abol-naga-animera-la-ceremonie-de-cloture-de-sfax-capitale-de-la-culture-arabe\/199649\/","og_locale":"fr_FR","og_type":"article","og_title":"Khaled Abol Naga animera la c\u00e9r\u00e9monie de cl\u00f4ture de \"Sfax, Capitale de la Culture Arabe\"","og_description":"Khaled Abol Naga animera la c\u00e9r\u00e9monie de cl\u00f4ture de Sfax, Capitale de la Culture Arabe","og_url":"https:\/\/www.webdo.tn\/fr\/actualite\/culture\/khaled-abol-naga-animera-la-ceremonie-de-cloture-de-sfax-capitale-de-la-culture-arabe\/199649\/","og_site_name":"webdo","article_publisher":"https:\/\/www.facebook.com\/webdotn","article_author":"https:\/\/www.facebook.com\/massir.destiniii\/","article_published_time":"2017-03-07T20:40:00+00:00","og_image":[{"width":1000,"height":666,"url":"https:\/\/www.webdo.tn\/fr\/wp-content\/uploads\/2017\/03\/IMG_3723.jpg","type":"image\/jpeg"}],"author":"Ne\u00efla DRISS","twitter_card":"summary_large_image","twitter_creator":"@https:\/\/x.com\/MassirDestin","twitter_site":"@webdo_tn","twitter_misc":{"\u00c9crit par":"Ne\u00efla DRISS","Dur\u00e9e de lecture estim\u00e9e":"4 minutes"},"schema":{"@context":"https:\/\/schema.org","@graph":[{"@type":"NewsArticle","@id":"https:\/\/www.webdo.tn\/fr\/actualite\/culture\/khaled-abol-naga-animera-la-ceremonie-de-cloture-de-sfax-capitale-de-la-culture-arabe\/199649\/#article","isPartOf":{"@id":"https:\/\/www.webdo.tn\/fr\/actualite\/culture\/khaled-abol-naga-animera-la-ceremonie-de-cloture-de-sfax-capitale-de-la-culture-arabe\/199649\/"},"author":{"name":"Ne\u00efla DRISS","@id":"https:\/\/www.webdo.tn\/fr\/#\/schema\/person\/60d5ba619ed3f58783b0dc82b7dada80"},"headline":"Khaled Abol Naga animera la c\u00e9r\u00e9monie de cl\u00f4ture de \u00ab\u00a0Sfax, Capitale de la Culture Arabe\u00a0\u00bb","datePublished":"2017-03-07T20:40:00+00:00","mainEntityOfPage":{"@id":"https:\/\/www.webdo.tn\/fr\/actualite\/culture\/khaled-abol-naga-animera-la-ceremonie-de-cloture-de-sfax-capitale-de-la-culture-arabe\/199649\/"},"wordCount":758,"commentCount":0,"publisher":{"@id":"https:\/\/www.webdo.tn\/fr\/#organization"},"image":{"@id":"https:\/\/www.webdo.tn\/fr\/actualite\/culture\/khaled-abol-naga-animera-la-ceremonie-de-cloture-de-sfax-capitale-de-la-culture-arabe\/199649\/#primaryimage"},"thumbnailUrl":"https:\/\/www.webdo.tn\/fr\/wp-content\/uploads\/2017\/03\/IMG_3723.jpg","keywords":["guerre"],"articleSection":["Culture"],"inLanguage":"fr-FR"},{"@type":"WebPage","@id":"https:\/\/www.webdo.tn\/fr\/actualite\/culture\/khaled-abol-naga-animera-la-ceremonie-de-cloture-de-sfax-capitale-de-la-culture-arabe\/199649\/","url":"https:\/\/www.webdo.tn\/fr\/actualite\/culture\/khaled-abol-naga-animera-la-ceremonie-de-cloture-de-sfax-capitale-de-la-culture-arabe\/199649\/","name":"Khaled Abol Naga animera la c\u00e9r\u00e9monie de cl\u00f4ture de Sfax, Capitale de la Culture Arabe","isPartOf":{"@id":"https:\/\/www.webdo.tn\/fr\/#website"},"primaryImageOfPage":{"@id":"https:\/\/www.webdo.tn\/fr\/actualite\/culture\/khaled-abol-naga-animera-la-ceremonie-de-cloture-de-sfax-capitale-de-la-culture-arabe\/199649\/#primaryimage"},"image":{"@id":"https:\/\/www.webdo.tn\/fr\/actualite\/culture\/khaled-abol-naga-animera-la-ceremonie-de-cloture-de-sfax-capitale-de-la-culture-arabe\/199649\/#primaryimage"},"thumbnailUrl":"https:\/\/www.webdo.tn\/fr\/wp-content\/uploads\/2017\/03\/IMG_3723.jpg","datePublished":"2017-03-07T20:40:00+00:00","description":"Khaled Abol Naga animera la c\u00e9r\u00e9monie de cl\u00f4ture de Sfax, Capitale de la Culture Arabe","breadcrumb":{"@id":"https:\/\/www.webdo.tn\/fr\/actualite\/culture\/khaled-abol-naga-animera-la-ceremonie-de-cloture-de-sfax-capitale-de-la-culture-arabe\/199649\/#breadcrumb"},"inLanguage":"fr-FR","potentialAction":[{"@type":"ReadAction","target":["https:\/\/www.webdo.tn\/fr\/actualite\/culture\/khaled-abol-naga-animera-la-ceremonie-de-cloture-de-sfax-capitale-de-la-culture-arabe\/199649\/"]}]},{"@type":"ImageObject","inLanguage":"fr-FR","@id":"https:\/\/www.webdo.tn\/fr\/actualite\/culture\/khaled-abol-naga-animera-la-ceremonie-de-cloture-de-sfax-capitale-de-la-culture-arabe\/199649\/#primaryimage","url":"https:\/\/www.webdo.tn\/fr\/wp-content\/uploads\/2017\/03\/IMG_3723.jpg","contentUrl":"https:\/\/www.webdo.tn\/fr\/wp-content\/uploads\/2017\/03\/IMG_3723.jpg","width":1000,"height":666,"caption":"Khaled Abol Naga animera la c\u00e9r\u00e9monie de cl\u00f4ture de \"Sfax, Capitale de la Culture Arabe\""},{"@type":"BreadcrumbList","@id":"https:\/\/www.webdo.tn\/fr\/actualite\/culture\/khaled-abol-naga-animera-la-ceremonie-de-cloture-de-sfax-capitale-de-la-culture-arabe\/199649\/#breadcrumb","itemListElement":[{"@type":"ListItem","position":1,"name":"Accueil","item":"https:\/\/www.webdo.tn\/fr\/"},{"@type":"ListItem","position":2,"name":"Khaled Abol Naga animera la c\u00e9r\u00e9monie de cl\u00f4ture de \u00ab\u00a0Sfax, Capitale de la Culture Arabe\u00a0\u00bb"}]},{"@type":"WebSite","@id":"https:\/\/www.webdo.tn\/fr\/#website","url":"https:\/\/www.webdo.tn\/fr\/","name":"webdo","description":"Tunisie - News en Tunisie et \u00e0 l&#039;international sur Webdo.tn","publisher":{"@id":"https:\/\/www.webdo.tn\/fr\/#organization"},"potentialAction":[{"@type":"SearchAction","target":{"@type":"EntryPoint","urlTemplate":"https:\/\/www.webdo.tn\/fr\/?s={search_term_string}"},"query-input":{"@type":"PropertyValueSpecification","valueRequired":true,"valueName":"search_term_string"}}],"inLanguage":"fr-FR"},{"@type":"Organization","@id":"https:\/\/www.webdo.tn\/fr\/#organization","name":"Webdo","alternateName":"Webdo.tn","url":"https:\/\/www.webdo.tn\/fr\/","logo":{"@type":"ImageObject","inLanguage":"fr-FR","@id":"https:\/\/www.webdo.tn\/fr\/#\/schema\/logo\/image\/","url":"https:\/\/www.webdo.tn\/fr\/wp-content\/uploads\/2025\/06\/Webdo-Tunisie_168377.jpg","contentUrl":"https:\/\/www.webdo.tn\/fr\/wp-content\/uploads\/2025\/06\/Webdo-Tunisie_168377.jpg","width":301,"height":301,"caption":"Webdo"},"image":{"@id":"https:\/\/www.webdo.tn\/fr\/#\/schema\/logo\/image\/"},"sameAs":["https:\/\/www.facebook.com\/webdotn","https:\/\/x.com\/webdo_tn"],"description":"Webdo est un m\u00e9dia num\u00e9rique tunisien fond\u00e9 en 2010, sp\u00e9cialis\u00e9 dans l\u2019actualit\u00e9 nationale et internationale, l\u2019\u00e9conomie, la soci\u00e9t\u00e9 et les analyses politiques. Le site s\u2019adresse \u00e0 un large public francophone et couvre l\u2019information tunisienne en temps r\u00e9el.","email":"redac@webdo.tn","legalName":"YNJ SARL","foundingDate":"2010-09-06","numberOfEmployees":{"@type":"QuantitativeValue","minValue":"11","maxValue":"50"}},{"@type":"Person","@id":"https:\/\/www.webdo.tn\/fr\/#\/schema\/person\/60d5ba619ed3f58783b0dc82b7dada80","name":"Ne\u00efla DRISS","image":{"@type":"ImageObject","inLanguage":"fr-FR","@id":"https:\/\/www.webdo.tn\/fr\/wp-content\/uploads\/2026\/04\/neila-driss_avatar-96x96.jpg","url":"https:\/\/www.webdo.tn\/fr\/wp-content\/uploads\/2026\/04\/neila-driss_avatar-96x96.jpg","contentUrl":"https:\/\/www.webdo.tn\/fr\/wp-content\/uploads\/2026\/04\/neila-driss_avatar-96x96.jpg","caption":"Ne\u00efla DRISS"},"description":"Ne\u00efla Driss est juriste, journaliste culturelle et critique de cin\u00e9ma tunisienne. Titulaire d\u2019un DEA en droit priv\u00e9 de l\u2019Universit\u00e9 Paris II et d\u2019un DESS de l\u2019IHEC Carthage, elle d\u00e9bute sa carri\u00e8re comme juriste sp\u00e9cialis\u00e9e en gestion de patrimoine immobilier. Elle s\u2019oriente ensuite vers l\u2019\u00e9criture en ligne, o\u00f9 elle se distingue d\u00e8s 2006 aux Tunisia Blog Awards, avant de se consacrer au journalisme culturel, avec une sp\u00e9cialisation dans la critique cin\u00e9matographique. Elle couvre r\u00e9guli\u00e8rement les grands festivals internationaux, notamment le Festival de Cannes, les Journ\u00e9es Cin\u00e9matographiques de Carthage et le Festival du film du Caire. Membre de l\u2019ATPCC et de la FIPRESCI, elle participe \u00e0 des jurys et initiatives internationales de critique. Depuis 2024, elle est \u00e9lectrice internationale aux Golden Globes. Facebook : https:\/\/www.facebook.com\/massir.destiniii\/ X : https:\/\/x.com\/MassirDestin","sameAs":["https:\/\/www.facebook.com\/massir.destiniii\/","https:\/\/www.instagram.com\/neila.driss\/?hl=fr","https:\/\/www.linkedin.com\/in\/neila-driss-22606a80\/","https:\/\/x.com\/https:\/\/x.com\/MassirDestin"],"knowsAbout":["Cin\u00e9ma international","critique cin\u00e9matographique","festivals de cin\u00e9ma","journalisme culturel"],"knowsLanguage":["Fran\u00e7ais","Arabe","Anglais"],"jobTitle":"Journaliste culturelle et critique de cin\u00e9ma","worksFor":"Webdo","url":"https:\/\/www.webdo.tn\/fr\/actualite\/author\/neila-driss\/"}]}},"_links":{"self":[{"href":"https:\/\/www.webdo.tn\/fr\/wp-json\/wp\/v2\/posts\/199649","targetHints":{"allow":["GET"]}}],"collection":[{"href":"https:\/\/www.webdo.tn\/fr\/wp-json\/wp\/v2\/posts"}],"about":[{"href":"https:\/\/www.webdo.tn\/fr\/wp-json\/wp\/v2\/types\/post"}],"author":[{"embeddable":true,"href":"https:\/\/www.webdo.tn\/fr\/wp-json\/wp\/v2\/users\/3164"}],"replies":[{"embeddable":true,"href":"https:\/\/www.webdo.tn\/fr\/wp-json\/wp\/v2\/comments?post=199649"}],"version-history":[{"count":0,"href":"https:\/\/www.webdo.tn\/fr\/wp-json\/wp\/v2\/posts\/199649\/revisions"}],"wp:featuredmedia":[{"embeddable":true,"href":"https:\/\/www.webdo.tn\/fr\/wp-json\/wp\/v2\/media\/326116"}],"wp:attachment":[{"href":"https:\/\/www.webdo.tn\/fr\/wp-json\/wp\/v2\/media?parent=199649"}],"wp:term":[{"taxonomy":"category","embeddable":true,"href":"https:\/\/www.webdo.tn\/fr\/wp-json\/wp\/v2\/categories?post=199649"},{"taxonomy":"post_tag","embeddable":true,"href":"https:\/\/www.webdo.tn\/fr\/wp-json\/wp\/v2\/tags?post=199649"}],"curies":[{"name":"wp","href":"https:\/\/api.w.org\/{rel}","templated":true}]}}