{"id":199648,"date":"2017-02-22T16:28:00","date_gmt":"2017-02-22T16:28:00","guid":{"rendered":"https:\/\/www.webdo.tn\/fr\/blog\/louxor-au-rythme-du-cinema\/199648\/"},"modified":"2025-05-19T08:33:02","modified_gmt":"2025-05-19T08:33:02","slug":"louxor-au-rythme-du-cinema","status":"publish","type":"post","link":"https:\/\/www.webdo.tn\/fr\/actualite\/culture\/louxor-au-rythme-du-cinema\/199648\/","title":{"rendered":"LAFF 2017 &#8211; Louxor au rythme du cin\u00e9ma"},"content":{"rendered":"<div class=\"single-body entry-content typography-copy\" itemprop=\"articleBody\">\n<p style=\"font-weight: bold; text-align: justify\">\n<div class=\"coprs\" style=\"text-align: center\"><\/div>\n<div class=\"coprs\" style=\"text-align: justify\">\n<p>Dans environ deux semaines, la ville \u00e9gyptienne de Louxor va vivre au rythme du Festival du Film Africain de Louxor (LAFF).<\/p>\n<h3><span>Allier culture et tourisme.<\/span><\/h3>\n<p>En effet, pendant sept jours, toute la ville de Louxor va participer au d\u00e9roulement et \u00e0 la r\u00e9ussite de ce festival et par l\u00e0, essayer de concilier culture et tourisme, Art et \u00e9conomie. En r\u00e9alit\u00e9, la ville se mettra au service du festival, qui \u00e0 son tour va lui permettre d\u2019exploiter et de mettre en valeur ses richesses et son patrimoine arch\u00e9ologique.<\/p>\n<p>En 2016 par exemple, la c\u00e9r\u00e9monie d\u2019ouverture du festival s\u2019\u00e9tait d\u00e9roul\u00e9e en plein air dans un cadre f\u00e9erique. Les invit\u00e9s avaient \u00e9t\u00e9 rassembl\u00e9s devant l&#8217;embarcad\u00e8re, ensuite emmen\u00e9s par barques sur l&rsquo;autre rive du Nil, et ensuite par bus vers le <a href=\"https:\/\/fr.wikipedia.org\/wiki\/Hatchepsout\">Temple de Hatshepsout<\/a>, l&rsquo;unique pharaonne de l&rsquo;histoire de l&rsquo;Egypte. Des troupes folkloriques et des musiciens avaient anim\u00e9 tout le trajet.<\/p>\n<p>Le site \u00e9tait tr\u00e8s beau. Sur tout le trajet du retour \u00e0 Louxor, il y avait des illuminations des tombes, des statues, du temple de Rams\u00e8s II (le <a href=\"https:\/\/fr.wikipedia.org\/wiki\/Ramess%C3%A9um\">Ramesseum<\/a>), des deux <a href=\"https:\/\/fr.wikipedia.org\/wiki\/Colosses_de_Memnon\">colosses de Memnon<\/a>&#8230; C&rsquo;\u00e9tait vraiment magnifique.<\/p>\n<p>Un diner gala, anim\u00e9 par des chants et des danses folkloriques, \u00a0avait \u00e9t\u00e9 organis\u00e9 dans les jardins du Winter Palace, le plus ancien et plus luxueux h\u00f4tel de la ville.<\/p>\n<p>De m\u00eame, la conf\u00e9rence de presse de l\u2019acteur am\u00e9ricain <a href=\"https:\/\/fr.wikipedia.org\/wiki\/Danny_Glover\">Danny Glover<\/a> avait eu lieu dans <a href=\"https:\/\/fr.wikipedia.org\/wiki\/Temple_d'Amon_(Louxor)\">le Temple d\u2019Amon<\/a>, ce qui avait permit d\u2019allier tourisme, cin\u00e9ma et aussi propagande pour la ville et le site, vu le nombre de journalistes pr\u00e9sents.<\/p>\n<figure id=\"attachment_150829\" aria-describedby=\"caption-attachment-150829\" style=\"width: 960px\" class=\"wp-caption aligncenter\"><img decoding=\"async\" class=\"wp-image-150829 size-full\" src=\"http:\/\/www.webdo.tn\/wp-content\/uploads\/2017\/02\/LAFF-DAnny.jpg\" alt=\"LAFF 2016 - Conf\u00e9rence de presse de Danny Glover dans le Temple d'Amon.\" width=\"960\" height=\"639\"><figcaption id=\"caption-attachment-150829\" class=\"wp-caption-text\"><em>LAFF 2016 &#8211; Conf\u00e9rence de presse de Danny Glover dans le Temple d&rsquo;Amon.<\/em><\/figcaption><\/figure>\n<p>Pendant toute la dur\u00e9e du festival, plusieurs excursions avaient \u00e9galement \u00e9t\u00e9 organis\u00e9es pour permettre aux divers invit\u00e9s de visiter les nombreux sites et temples existant \u00e0 Louxor.<\/p>\n<p>A se demander am\u00e8rement\u00a0: pourquoi est-ce qu\u2019en Tunisie, les <a href=\"http:\/\/www.jcctunisie.org\/\">JCC<\/a> ne sont pas une occasion pour promouvoir notre patrimoine culturel et arch\u00e9ologique? Pourquoi est-ce que de telles excursions ne sont, par exemple, pas organis\u00e9es pour les centaines d\u2019invit\u00e9s du festival?<\/p>\n<figure id=\"attachment_150893\" aria-describedby=\"caption-attachment-150893\" style=\"width: 700px\" class=\"wp-caption alignnone\"><img decoding=\"async\" class=\"size-large wp-image-150893\" src=\"http:\/\/www.webdo.tn\/wp-content\/uploads\/2017\/02\/laff-Press-1024x678.jpg\" alt=\"Conf\u00e9rence de presse du LAFF 2017\" width=\"700\" height=\"463\"><figcaption id=\"caption-attachment-150893\" class=\"wp-caption-text\"><em>Conf\u00e9rence de presse du LAFF 2017<\/em><\/figcaption><\/figure>\n<h3><span>Des hommages<\/span>.<\/h3>\n<p>Cette 6<sup>\u00e8me<\/sup> \u00e9dition du LAFF, qui se tiendra du 16 au 22 Mars 2017, portera le nom de feu <a href=\"http:\/\/www.webdo.tn\/2016\/11\/16\/ladieu-a-mahmoud-abdelaziz\/\">Mahmoud Abdel Aziz<\/a> (1946 \u2013 2016) qui nous a quitt\u00e9s en novembre dernier.<br \/>\nElle sera \u00e9galement d\u00e9dicac\u00e9e \u00e0 l\u2019actrice \u00e9gyptienne Taheyya Kariokka (1919 \u2013 1999) et \u00e0 la r\u00e9alisatrice Tunisienne <a href=\"http:\/\/www.webdo.tn\/2016\/09\/03\/realisatrice-kalthoum-bornaz-nest-plus\/\">Kalthoum Bornaz<\/a> (1945 \u2013 2016) qui nous a \u00e9galement quitt\u00e9s tragiquement en septembre dernier.<\/p>\n<p>Des hommages seront rendus \u00e0 l\u2019actrice \u00e9gyptienne Nelly Karim, au r\u00e9alisateur \u00e9gyptien Yousry Nasrallah, \u00e0 l\u2019acteur marocain Mohamed Moftah, au r\u00e9alisateur mauritanien Abderrahmen Sissako (qui a \u00e9t\u00e9 le pr\u00e9sident du jury longs m\u00e9trages lors de la derni\u00e8re \u00e9dition des JCC) et au r\u00e9alisateur congolais Mwez\u00e9 Ngangura.<\/p>\n<p>L\u2019invit\u00e9 d\u2019honneur sera le Maroc.<\/p>\n<figure id=\"attachment_150826\" aria-describedby=\"caption-attachment-150826\" style=\"width: 1000px\" class=\"wp-caption aligncenter\"><img decoding=\"async\" class=\"wp-image-150826 size-full\" src=\"http:\/\/www.webdo.tn\/wp-content\/uploads\/2017\/02\/laff-tribute.png\" alt=\"LAFF 2017 - Hommages\" width=\"1000\" height=\"390\"><figcaption id=\"caption-attachment-150826\" class=\"wp-caption-text\"><em>LAFF 2017 &#8211; Hommages<\/em><\/figcaption><\/figure>\n<h3><span>Deux tunisiens membres des jurys.<\/span><\/h3>\n<p>Parmi les membres des jurys, deux tunisiens\u00a0: Nacer Khemir (comp\u00e9tition longs m\u00e9trages) et Anis Lassouad (comp\u00e9tition courts m\u00e9trages).<\/p>\n<p>Nacer Khemir est conteur, \u00e9crivain, r\u00e9alisateur, dessinateur, sculpteur et calligraphe. Il a r\u00e9alis\u00e9 plusieurs films dont notamment\u00a0<em>Les Baliseurs du d\u00e9sert<\/em> (1986), <em>Bab&rsquo;Aziz, le prince qui contemplait son \u00e2me<\/em> (2005) et <em>Looking for Muhyiddine<\/em> (2013).<\/p>\n<p>Quant \u00e0 Anis Lassouad, il est assistant r\u00e9alisateur et directeur de production de plusieurs films tunisiens et \u00e9trangers, il est \u00e9galement \u00a0le fondateur de l&rsquo;Association des Cin\u00e9philes de Nabeul et directeur artistique du Festival du Film Maghr\u00e9bin de Nabeul. Parmi ses \u0153uvres <em>Kairouan 1428<\/em> (2007), <em>Un \u00e9t\u00e9 \u00e0 Sidi Bouzekri<\/em> (2009), <em>L&rsquo;opposant<\/em> (2011) et <em>Sabbat El Eid<\/em> (2012).<\/p>\n<h3><span>Des films, des conf\u00e9rences, des photos et des livres.<\/span><\/h3>\n<p>Outre les comp\u00e9titions, cette \u00e9dition comprendra plusieurs ateliers, des conf\u00e9rences, 3 expositions de photographies et plusieurs publications, dont deux livres\u00a0: <em>Yousry Nasrallah<\/em> par le critique Ahmed Shawky et <em>Taheya Kariokka<\/em> par le critique Tarek El Shenawy.<\/p>\n<p>580 films ont \u00e9t\u00e9 soumis au festival, ce qui, d\u2019apr\u00e8s M.Sayed Foued, Pr\u00e9sident du LAFF, montre l\u2019importance que commence \u00e0 avoir cette manifestation. 126 films parmi eux ont \u00e9t\u00e9 s\u00e9lectionn\u00e9s pour \u00eatre projet\u00e9s, aussi bien en comp\u00e9tition officielle\u00a0(longs m\u00e9trages fiction (12 films), longs m\u00e9trages documentaires (9 films), courts m\u00e9trages (21 films), libert\u00e9s et Droits de l\u2019Homme (10 films)) que lors des sections parall\u00e8les (80 films).<\/p>\n<p>Le film documentaire am\u00e9ricain\u00a0<em>La r\u00e9publique de Nasser, naissance d\u2019une Egypte Moderne<\/em>, (<a href=\"http:\/\/www.nassersrepublic.com\/\">Nasser\u2019s Republic: The Making\u00a0of Modern Egypt<\/a>) de Michal Goldman qui avait \u00e9t\u00e9 programm\u00e9 lors de la 38\u00e8me \u00e9dition du\u00a0Festival International du Film du Caire (CIFF)\u00a0 et dont <a href=\"http:\/\/www.webdo.tn\/2016\/12\/01\/gamal-abdel-nasser-une-controverse-qui-dure\/\">la projection avait \u00e9t\u00e9 suivie d\u2019un d\u00e9bat houleux<\/a> sera aussi en comp\u00e9tition \u00e0 ce festival de Louxor dans la cat\u00e9gorie Libert\u00e9s et Droits de l\u2019Homme. Ce documentaire vient d\u2019ailleurs de remporter le prix sp\u00e9cial du Jury du meilleur documentaire au Festival Pan Africain du Film \u00e0 Los Angeles.<\/p>\n<h3><span>Quatre films tunisiens en comp\u00e9tition officielle.<\/span><\/h3>\n<p><span>Dans la cat\u00e9gorie longs-m\u00e9trages de fiction\u00a0:<\/span><\/p>\n<p>&#8211; <em>Nhebbek H\u00e9di<\/em> de Mohamed Ben Attia, avec dans les principaux r\u00f4les Majd Mastoura, Rym Ben Messaoud et Sabah Bouzouita. Ce film a particip\u00e9 \u00e0 plusieurs festivals et a notamment remport\u00e9 le prix de la meilleure premi\u00e8re \u0153uvre et l\u2019Ours d&rsquo;argent de la meilleure interpr\u00e9tation masculine \u00e0 la Berlinale 2016.<\/p>\n<p>&#8211; <em>Thala mon amour<\/em> de Mehdi Mhili, avec dans les principaux r\u00f4les Najla Ben Abdallah, Ghanem Zrelli, Fatma Ben Saidene et Mohamed Dahech.\u00a0 Ce long m\u00e9trage \u00a0avait \u00e9t\u00e9 s\u00e9lectionn\u00e9 en comp\u00e9tition officielle lors des JCC 2016.<\/p>\n<figure id=\"attachment_146392\" aria-describedby=\"caption-attachment-146392\" style=\"width: 300px\" class=\"wp-caption alignright\"><img decoding=\"async\" class=\"wp-image-146392 size-medium\" src=\"http:\/\/www.webdo.tn\/wp-content\/uploads\/2017\/01\/thala-mon-amour-2-300x300.jpg\" alt=\"Thala mon amour\" width=\"300\" height=\"300\"><figcaption id=\"caption-attachment-146392\" class=\"wp-caption-text\"><em>Thala mon amour<\/em><\/figcaption><\/figure>\n<figure id=\"attachment_133293\" aria-describedby=\"caption-attachment-133293\" style=\"width: 300px\" class=\"wp-caption alignnone\"><img decoding=\"async\" class=\"wp-image-133293 size-medium\" src=\"http:\/\/www.webdo.tn\/wp-content\/uploads\/2016\/07\/Nhebek-Hedi-300x300.jpg\" alt=\"Nhebek Hedi\" width=\"300\" height=\"300\"><figcaption id=\"caption-attachment-133293\" class=\"wp-caption-text\"><em>Nhebek Hedi <br \/><\/em><\/figcaption><\/figure>\n<p>.<span><br \/>\nDans la cat\u00e9gorie longs-m\u00e9trages documentaires:<\/span><\/p>\n<p>&#8211; \u00a0<em>Zaineb n\u2019aime pas la neige<\/em> de Kaouthar Ben Henia, avec Zaineb Khelifi, Wided Khelifi, Wijdene Hamdi, Maher Hamdi et Haythem Khelifi dans leurs propres r\u00f4les. Outre le Tanit d\u2019Or lors des JCC 2016, ce documentaire a remport\u00e9 le prix du Meilleur documentaire au CINEMED Montpellier 2016 et du Meilleur documentaire au MEDFILM Rome 2016.<\/p>\n<figure id=\"attachment_137987\" aria-describedby=\"caption-attachment-137987\" style=\"width: 225px\" class=\"wp-caption aligncenter\"><img decoding=\"async\" class=\"wp-image-137987 size-medium\" src=\"http:\/\/www.webdo.tn\/wp-content\/uploads\/2016\/09\/Zaineb-naime-pas-la-neige-225x300.jpg\" alt=\"Zaineb n'aime pas la neige\" width=\"225\" height=\"300\"><figcaption id=\"caption-attachment-137987\" class=\"wp-caption-text\"><em>Zaineb n&rsquo;aime pas la neige<\/em><\/figcaption><\/figure>\n<p><span>Dans la cat\u00e9gorie courts-m\u00e9trages\u00a0:<\/span><\/p>\n<p>&#8211; <em>On est bien comme \u00e7a<\/em> de Mehdi M. Barsaoui avec Nouri Bouzid et Sawssen Mal\u00e9j dans les principaux r\u00f4les. Ce film a \u00e9galement particip\u00e9 \u00e0 plusieurs festivals et a notamment remport\u00e9 le Muhr du Meilleur film court-m\u00e9trage au\u00a0<a href=\"https:\/\/www.dubaifilmfest.com\/\">Festival International du Film de Dubai (DIFF).<\/a><\/p>\n<figure id=\"attachment_144657\" aria-describedby=\"caption-attachment-144657\" style=\"width: 225px\" class=\"wp-caption aligncenter\"><img decoding=\"async\" class=\"wp-image-144657 size-medium\" src=\"http:\/\/www.webdo.tn\/wp-content\/uploads\/2016\/12\/on-est-bien-comme-ca-225x300.jpg\" alt=\"On est bien comme \u00e7a\" width=\"225\" height=\"300\"><figcaption id=\"caption-attachment-144657\" class=\"wp-caption-text\"><em>On est bien comme \u00e7a<\/em><\/figcaption><\/figure>\n<p>En Mars 2016, lors de la 5<sup>\u00e8me<\/sup> \u00e9dition du LAFF, le court m\u00e9trage tunisien <em>Ghassra<\/em> de Jamil Najjar avait remport\u00e9 Le Grand Prix du Nil pour le meilleur court-m\u00e9trage de fiction.<\/p>\n<figure id=\"attachment_150822\" aria-describedby=\"caption-attachment-150822\" style=\"width: 300px\" class=\"wp-caption aligncenter\"><img decoding=\"async\" class=\"size-medium wp-image-150822\" src=\"http:\/\/www.webdo.tn\/wp-content\/uploads\/2017\/02\/ghassra-300x300.jpg\" alt=\"Ghassra\" width=\"300\" height=\"300\"><figcaption id=\"caption-attachment-150822\" class=\"wp-caption-text\"><em>Ghassra<\/em><\/figcaption><\/figure>\n<figure id=\"attachment_150828\" aria-describedby=\"caption-attachment-150828\" style=\"width: 960px\" class=\"wp-caption aligncenter\"><img decoding=\"async\" class=\"wp-image-150828 size-full\" src=\"http:\/\/www.webdo.tn\/wp-content\/uploads\/2017\/02\/Najjar.jpg\" alt=\"LAFF 2016 - Jamil Najjar re\u00e7oit le Le Grand Prix du Nil pour le meilleur court-m\u00e9trage de fiction pour son film Ghassra\" width=\"960\" height=\"639\"><figcaption id=\"caption-attachment-150828\" class=\"wp-caption-text\"><em>LAFF 2016 &#8211; Jamil Najjar re\u00e7oit le Le Grand Prix du Nil pour le meilleur court-m\u00e9trage de fiction pour son film Ghassra.<\/em><\/figcaption><\/figure>\n<p><strong>Esp\u00e9rons que cette ann\u00e9e \u00e9galement, nos films tunisiens figureront dans le palmar\u00e8s des films gagnants!<\/strong><\/p>\n<p><strong>\u00a0 \u00a0 \u00a0 \u00a0 \u00a0 \u00a0 \u00a0 \u00a0 \u00a0 \u00a0 \u00a0 \u00a0 \u00a0 \u00a0 \u00a0 \u00a0 \u00a0 \u00a0 \u00a0 \u00a0 \u00a0 \u00a0 \u00a0 \u00a0 \u00a0 \u00a0 \u00a0 \u00a0 \u00a0 \u00a0 \u00a0 \u00a0 \u00a0 \u00a0 \u00a0 \u00a0 \u00a0 \u00a0 \u00a0 \u00a0 \u00a0 \u00a0 \u00a0 \u00a0 \u00a0 \u00a0 \u00a0 \u00a0 \u00a0 \u00a0 \u00a0 \u00a0 \u00a0 \u00a0 \u00a0 \u00a0 \u00a0 \u00a0 \u00a0 \u00a0Ne\u00efla Driss<\/strong><\/p>\n<\/p><\/div>\n<div class=\"coprs\" style=\"text-align: center\"><\/div><\/div>\n","protected":false},"excerpt":{"rendered":"<p>LAFF 2017 &#8211; Louxor au rythme du cin\u00e9ma<\/p>\n","protected":false},"author":3164,"featured_media":311077,"comment_status":"open","ping_status":"closed","sticky":false,"template":"","format":"standard","meta":{"footnotes":""},"categories":[2594],"tags":[2600],"class_list":["post-199648","post","type-post","status-publish","format-standard","has-post-thumbnail","hentry","category-culture","tag-guerre"],"yoast_head":"<!-- This site is optimized with the Yoast SEO Premium plugin v27.5 (Yoast SEO v27.5) - https:\/\/yoast.com\/product\/yoast-seo-premium-wordpress\/ -->\n<title>LAFF 2017 - Louxor au rythme du cin\u00e9ma<\/title>\n<meta name=\"description\" content=\"LAFF 2017 - Louxor au rythme du cin\u00e9ma\" \/>\n<link rel=\"canonical\" href=\"https:\/\/www.webdo.tn\/fr\/actualite\/culture\/louxor-au-rythme-du-cinema\/199648\/\" \/>\n<meta property=\"og:locale\" content=\"fr_FR\" \/>\n<meta property=\"og:type\" content=\"article\" \/>\n<meta property=\"og:title\" content=\"LAFF 2017 - Louxor au rythme du cin\u00e9ma\" \/>\n<meta property=\"og:description\" content=\"LAFF 2017 - Louxor au rythme du cin\u00e9ma\" \/>\n<meta property=\"og:url\" content=\"https:\/\/www.webdo.tn\/fr\/actualite\/culture\/louxor-au-rythme-du-cinema\/199648\/\" \/>\n<meta property=\"og:site_name\" content=\"webdo\" \/>\n<meta property=\"article:publisher\" content=\"https:\/\/www.facebook.com\/webdotn\" \/>\n<meta property=\"article:author\" content=\"https:\/\/www.facebook.com\/massir.destiniii\/\" \/>\n<meta property=\"article:published_time\" content=\"2017-02-22T16:28:00+00:00\" \/>\n<meta property=\"article:modified_time\" content=\"2025-05-19T08:33:02+00:00\" \/>\n<meta property=\"og:image\" content=\"https:\/\/www.webdo.tn\/fr\/wp-content\/uploads\/2017\/02\/Laff.jpg\" \/>\n\t<meta property=\"og:image:width\" content=\"324\" \/>\n\t<meta property=\"og:image:height\" content=\"395\" \/>\n\t<meta property=\"og:image:type\" content=\"image\/jpeg\" \/>\n<meta name=\"author\" content=\"Ne\u00efla DRISS\" \/>\n<meta name=\"twitter:card\" content=\"summary_large_image\" \/>\n<meta name=\"twitter:creator\" content=\"@https:\/\/x.com\/MassirDestin\" \/>\n<meta name=\"twitter:site\" content=\"@webdo_tn\" \/>\n<meta name=\"twitter:label1\" content=\"\u00c9crit par\" \/>\n\t<meta name=\"twitter:data1\" content=\"Ne\u00efla DRISS\" \/>\n\t<meta name=\"twitter:label2\" content=\"Dur\u00e9e de lecture estim\u00e9e\" \/>\n\t<meta name=\"twitter:data2\" content=\"6 minutes\" \/>\n<script type=\"application\/ld+json\" class=\"yoast-schema-graph\">{\"@context\":\"https:\\\/\\\/schema.org\",\"@graph\":[{\"@type\":\"NewsArticle\",\"@id\":\"https:\\\/\\\/www.webdo.tn\\\/fr\\\/actualite\\\/culture\\\/louxor-au-rythme-du-cinema\\\/199648\\\/#article\",\"isPartOf\":{\"@id\":\"https:\\\/\\\/www.webdo.tn\\\/fr\\\/actualite\\\/culture\\\/louxor-au-rythme-du-cinema\\\/199648\\\/\"},\"author\":{\"name\":\"Ne\u00efla DRISS\",\"@id\":\"https:\\\/\\\/www.webdo.tn\\\/fr\\\/#\\\/schema\\\/person\\\/60d5ba619ed3f58783b0dc82b7dada80\"},\"headline\":\"LAFF 2017 &#8211; Louxor au rythme du cin\u00e9ma\",\"datePublished\":\"2017-02-22T16:28:00+00:00\",\"dateModified\":\"2025-05-19T08:33:02+00:00\",\"mainEntityOfPage\":{\"@id\":\"https:\\\/\\\/www.webdo.tn\\\/fr\\\/actualite\\\/culture\\\/louxor-au-rythme-du-cinema\\\/199648\\\/\"},\"wordCount\":1222,\"commentCount\":0,\"publisher\":{\"@id\":\"https:\\\/\\\/www.webdo.tn\\\/fr\\\/#organization\"},\"image\":{\"@id\":\"https:\\\/\\\/www.webdo.tn\\\/fr\\\/actualite\\\/culture\\\/louxor-au-rythme-du-cinema\\\/199648\\\/#primaryimage\"},\"thumbnailUrl\":\"https:\\\/\\\/www.webdo.tn\\\/fr\\\/wp-content\\\/uploads\\\/2017\\\/02\\\/Laff.jpg\",\"keywords\":[\"guerre\"],\"articleSection\":[\"Culture\"],\"inLanguage\":\"fr-FR\"},{\"@type\":\"WebPage\",\"@id\":\"https:\\\/\\\/www.webdo.tn\\\/fr\\\/actualite\\\/culture\\\/louxor-au-rythme-du-cinema\\\/199648\\\/\",\"url\":\"https:\\\/\\\/www.webdo.tn\\\/fr\\\/actualite\\\/culture\\\/louxor-au-rythme-du-cinema\\\/199648\\\/\",\"name\":\"LAFF 2017 - Louxor au rythme du cin\u00e9ma\",\"isPartOf\":{\"@id\":\"https:\\\/\\\/www.webdo.tn\\\/fr\\\/#website\"},\"primaryImageOfPage\":{\"@id\":\"https:\\\/\\\/www.webdo.tn\\\/fr\\\/actualite\\\/culture\\\/louxor-au-rythme-du-cinema\\\/199648\\\/#primaryimage\"},\"image\":{\"@id\":\"https:\\\/\\\/www.webdo.tn\\\/fr\\\/actualite\\\/culture\\\/louxor-au-rythme-du-cinema\\\/199648\\\/#primaryimage\"},\"thumbnailUrl\":\"https:\\\/\\\/www.webdo.tn\\\/fr\\\/wp-content\\\/uploads\\\/2017\\\/02\\\/Laff.jpg\",\"datePublished\":\"2017-02-22T16:28:00+00:00\",\"dateModified\":\"2025-05-19T08:33:02+00:00\",\"description\":\"LAFF 2017 - Louxor au rythme du cin\u00e9ma\",\"breadcrumb\":{\"@id\":\"https:\\\/\\\/www.webdo.tn\\\/fr\\\/actualite\\\/culture\\\/louxor-au-rythme-du-cinema\\\/199648\\\/#breadcrumb\"},\"inLanguage\":\"fr-FR\",\"potentialAction\":[{\"@type\":\"ReadAction\",\"target\":[\"https:\\\/\\\/www.webdo.tn\\\/fr\\\/actualite\\\/culture\\\/louxor-au-rythme-du-cinema\\\/199648\\\/\"]}]},{\"@type\":\"ImageObject\",\"inLanguage\":\"fr-FR\",\"@id\":\"https:\\\/\\\/www.webdo.tn\\\/fr\\\/actualite\\\/culture\\\/louxor-au-rythme-du-cinema\\\/199648\\\/#primaryimage\",\"url\":\"https:\\\/\\\/www.webdo.tn\\\/fr\\\/wp-content\\\/uploads\\\/2017\\\/02\\\/Laff.jpg\",\"contentUrl\":\"https:\\\/\\\/www.webdo.tn\\\/fr\\\/wp-content\\\/uploads\\\/2017\\\/02\\\/Laff.jpg\",\"width\":324,\"height\":395,\"caption\":\"LAFF 2017 - Louxor au rythme du cin\u00e9ma\"},{\"@type\":\"BreadcrumbList\",\"@id\":\"https:\\\/\\\/www.webdo.tn\\\/fr\\\/actualite\\\/culture\\\/louxor-au-rythme-du-cinema\\\/199648\\\/#breadcrumb\",\"itemListElement\":[{\"@type\":\"ListItem\",\"position\":1,\"name\":\"Accueil\",\"item\":\"https:\\\/\\\/www.webdo.tn\\\/fr\\\/\"},{\"@type\":\"ListItem\",\"position\":2,\"name\":\"LAFF 2017 &#8211; Louxor au rythme du cin\u00e9ma\"}]},{\"@type\":\"WebSite\",\"@id\":\"https:\\\/\\\/www.webdo.tn\\\/fr\\\/#website\",\"url\":\"https:\\\/\\\/www.webdo.tn\\\/fr\\\/\",\"name\":\"webdo\",\"description\":\"Tunisie - News en Tunisie et \u00e0 l&#039;international sur Webdo.tn\",\"publisher\":{\"@id\":\"https:\\\/\\\/www.webdo.tn\\\/fr\\\/#organization\"},\"potentialAction\":[{\"@type\":\"SearchAction\",\"target\":{\"@type\":\"EntryPoint\",\"urlTemplate\":\"https:\\\/\\\/www.webdo.tn\\\/fr\\\/?s={search_term_string}\"},\"query-input\":{\"@type\":\"PropertyValueSpecification\",\"valueRequired\":true,\"valueName\":\"search_term_string\"}}],\"inLanguage\":\"fr-FR\"},{\"@type\":\"Organization\",\"@id\":\"https:\\\/\\\/www.webdo.tn\\\/fr\\\/#organization\",\"name\":\"Webdo\",\"alternateName\":\"Webdo.tn\",\"url\":\"https:\\\/\\\/www.webdo.tn\\\/fr\\\/\",\"logo\":{\"@type\":\"ImageObject\",\"inLanguage\":\"fr-FR\",\"@id\":\"https:\\\/\\\/www.webdo.tn\\\/fr\\\/#\\\/schema\\\/logo\\\/image\\\/\",\"url\":\"https:\\\/\\\/www.webdo.tn\\\/fr\\\/wp-content\\\/uploads\\\/2025\\\/06\\\/Webdo-Tunisie_168377.jpg\",\"contentUrl\":\"https:\\\/\\\/www.webdo.tn\\\/fr\\\/wp-content\\\/uploads\\\/2025\\\/06\\\/Webdo-Tunisie_168377.jpg\",\"width\":301,\"height\":301,\"caption\":\"Webdo\"},\"image\":{\"@id\":\"https:\\\/\\\/www.webdo.tn\\\/fr\\\/#\\\/schema\\\/logo\\\/image\\\/\"},\"sameAs\":[\"https:\\\/\\\/www.facebook.com\\\/webdotn\",\"https:\\\/\\\/x.com\\\/webdo_tn\"],\"description\":\"Webdo est un m\u00e9dia num\u00e9rique tunisien fond\u00e9 en 2010, sp\u00e9cialis\u00e9 dans l\u2019actualit\u00e9 nationale et internationale, l\u2019\u00e9conomie, la soci\u00e9t\u00e9 et les analyses politiques. Le site s\u2019adresse \u00e0 un large public francophone et couvre l\u2019information tunisienne en temps r\u00e9el.\",\"email\":\"redac@webdo.tn\",\"legalName\":\"YNJ SARL\",\"foundingDate\":\"2010-09-06\",\"numberOfEmployees\":{\"@type\":\"QuantitativeValue\",\"minValue\":\"11\",\"maxValue\":\"50\"}},{\"@type\":\"Person\",\"@id\":\"https:\\\/\\\/www.webdo.tn\\\/fr\\\/#\\\/schema\\\/person\\\/60d5ba619ed3f58783b0dc82b7dada80\",\"name\":\"Ne\u00efla DRISS\",\"image\":{\"@type\":\"ImageObject\",\"inLanguage\":\"fr-FR\",\"@id\":\"https:\\\/\\\/www.webdo.tn\\\/fr\\\/wp-content\\\/uploads\\\/2026\\\/04\\\/neila-driss_avatar-96x96.jpg\",\"url\":\"https:\\\/\\\/www.webdo.tn\\\/fr\\\/wp-content\\\/uploads\\\/2026\\\/04\\\/neila-driss_avatar-96x96.jpg\",\"contentUrl\":\"https:\\\/\\\/www.webdo.tn\\\/fr\\\/wp-content\\\/uploads\\\/2026\\\/04\\\/neila-driss_avatar-96x96.jpg\",\"caption\":\"Ne\u00efla DRISS\"},\"description\":\"Ne\u00efla Driss est juriste, journaliste culturelle et critique de cin\u00e9ma tunisienne. Titulaire d\u2019un DEA en droit priv\u00e9 de l\u2019Universit\u00e9 Paris II et d\u2019un DESS de l\u2019IHEC Carthage, elle d\u00e9bute sa carri\u00e8re comme juriste sp\u00e9cialis\u00e9e en gestion de patrimoine immobilier. Elle s\u2019oriente ensuite vers l\u2019\u00e9criture en ligne, o\u00f9 elle se distingue d\u00e8s 2006 aux Tunisia Blog Awards, avant de se consacrer au journalisme culturel, avec une sp\u00e9cialisation dans la critique cin\u00e9matographique. Elle couvre r\u00e9guli\u00e8rement les grands festivals internationaux, notamment le Festival de Cannes, les Journ\u00e9es Cin\u00e9matographiques de Carthage et le Festival du film du Caire. Membre de l\u2019ATPCC et de la FIPRESCI, elle participe \u00e0 des jurys et initiatives internationales de critique. Depuis 2024, elle est \u00e9lectrice internationale aux Golden Globes. Facebook : https:\\\/\\\/www.facebook.com\\\/massir.destiniii\\\/ X : https:\\\/\\\/x.com\\\/MassirDestin\",\"sameAs\":[\"https:\\\/\\\/www.facebook.com\\\/massir.destiniii\\\/\",\"https:\\\/\\\/www.instagram.com\\\/neila.driss\\\/?hl=fr\",\"https:\\\/\\\/www.linkedin.com\\\/in\\\/neila-driss-22606a80\\\/\",\"https:\\\/\\\/x.com\\\/https:\\\/\\\/x.com\\\/MassirDestin\"],\"knowsAbout\":[\"Cin\u00e9ma international\",\"critique cin\u00e9matographique\",\"festivals de cin\u00e9ma\",\"journalisme culturel\"],\"knowsLanguage\":[\"Fran\u00e7ais\",\"Arabe\",\"Anglais\"],\"jobTitle\":\"Journaliste culturelle et critique de cin\u00e9ma\",\"worksFor\":\"Webdo\",\"url\":\"https:\\\/\\\/www.webdo.tn\\\/fr\\\/actualite\\\/author\\\/neila-driss\\\/\"}]}<\/script>\n<!-- \/ Yoast SEO Premium plugin. -->","yoast_head_json":{"title":"LAFF 2017 - Louxor au rythme du cin\u00e9ma","description":"LAFF 2017 - Louxor au rythme du cin\u00e9ma","canonical":"https:\/\/www.webdo.tn\/fr\/actualite\/culture\/louxor-au-rythme-du-cinema\/199648\/","og_locale":"fr_FR","og_type":"article","og_title":"LAFF 2017 - Louxor au rythme du cin\u00e9ma","og_description":"LAFF 2017 - Louxor au rythme du cin\u00e9ma","og_url":"https:\/\/www.webdo.tn\/fr\/actualite\/culture\/louxor-au-rythme-du-cinema\/199648\/","og_site_name":"webdo","article_publisher":"https:\/\/www.facebook.com\/webdotn","article_author":"https:\/\/www.facebook.com\/massir.destiniii\/","article_published_time":"2017-02-22T16:28:00+00:00","article_modified_time":"2025-05-19T08:33:02+00:00","og_image":[{"width":324,"height":395,"url":"https:\/\/www.webdo.tn\/fr\/wp-content\/uploads\/2017\/02\/Laff.jpg","type":"image\/jpeg"}],"author":"Ne\u00efla DRISS","twitter_card":"summary_large_image","twitter_creator":"@https:\/\/x.com\/MassirDestin","twitter_site":"@webdo_tn","twitter_misc":{"\u00c9crit par":"Ne\u00efla DRISS","Dur\u00e9e de lecture estim\u00e9e":"6 minutes"},"schema":{"@context":"https:\/\/schema.org","@graph":[{"@type":"NewsArticle","@id":"https:\/\/www.webdo.tn\/fr\/actualite\/culture\/louxor-au-rythme-du-cinema\/199648\/#article","isPartOf":{"@id":"https:\/\/www.webdo.tn\/fr\/actualite\/culture\/louxor-au-rythme-du-cinema\/199648\/"},"author":{"name":"Ne\u00efla DRISS","@id":"https:\/\/www.webdo.tn\/fr\/#\/schema\/person\/60d5ba619ed3f58783b0dc82b7dada80"},"headline":"LAFF 2017 &#8211; Louxor au rythme du cin\u00e9ma","datePublished":"2017-02-22T16:28:00+00:00","dateModified":"2025-05-19T08:33:02+00:00","mainEntityOfPage":{"@id":"https:\/\/www.webdo.tn\/fr\/actualite\/culture\/louxor-au-rythme-du-cinema\/199648\/"},"wordCount":1222,"commentCount":0,"publisher":{"@id":"https:\/\/www.webdo.tn\/fr\/#organization"},"image":{"@id":"https:\/\/www.webdo.tn\/fr\/actualite\/culture\/louxor-au-rythme-du-cinema\/199648\/#primaryimage"},"thumbnailUrl":"https:\/\/www.webdo.tn\/fr\/wp-content\/uploads\/2017\/02\/Laff.jpg","keywords":["guerre"],"articleSection":["Culture"],"inLanguage":"fr-FR"},{"@type":"WebPage","@id":"https:\/\/www.webdo.tn\/fr\/actualite\/culture\/louxor-au-rythme-du-cinema\/199648\/","url":"https:\/\/www.webdo.tn\/fr\/actualite\/culture\/louxor-au-rythme-du-cinema\/199648\/","name":"LAFF 2017 - Louxor au rythme du cin\u00e9ma","isPartOf":{"@id":"https:\/\/www.webdo.tn\/fr\/#website"},"primaryImageOfPage":{"@id":"https:\/\/www.webdo.tn\/fr\/actualite\/culture\/louxor-au-rythme-du-cinema\/199648\/#primaryimage"},"image":{"@id":"https:\/\/www.webdo.tn\/fr\/actualite\/culture\/louxor-au-rythme-du-cinema\/199648\/#primaryimage"},"thumbnailUrl":"https:\/\/www.webdo.tn\/fr\/wp-content\/uploads\/2017\/02\/Laff.jpg","datePublished":"2017-02-22T16:28:00+00:00","dateModified":"2025-05-19T08:33:02+00:00","description":"LAFF 2017 - Louxor au rythme du cin\u00e9ma","breadcrumb":{"@id":"https:\/\/www.webdo.tn\/fr\/actualite\/culture\/louxor-au-rythme-du-cinema\/199648\/#breadcrumb"},"inLanguage":"fr-FR","potentialAction":[{"@type":"ReadAction","target":["https:\/\/www.webdo.tn\/fr\/actualite\/culture\/louxor-au-rythme-du-cinema\/199648\/"]}]},{"@type":"ImageObject","inLanguage":"fr-FR","@id":"https:\/\/www.webdo.tn\/fr\/actualite\/culture\/louxor-au-rythme-du-cinema\/199648\/#primaryimage","url":"https:\/\/www.webdo.tn\/fr\/wp-content\/uploads\/2017\/02\/Laff.jpg","contentUrl":"https:\/\/www.webdo.tn\/fr\/wp-content\/uploads\/2017\/02\/Laff.jpg","width":324,"height":395,"caption":"LAFF 2017 - Louxor au rythme du cin\u00e9ma"},{"@type":"BreadcrumbList","@id":"https:\/\/www.webdo.tn\/fr\/actualite\/culture\/louxor-au-rythme-du-cinema\/199648\/#breadcrumb","itemListElement":[{"@type":"ListItem","position":1,"name":"Accueil","item":"https:\/\/www.webdo.tn\/fr\/"},{"@type":"ListItem","position":2,"name":"LAFF 2017 &#8211; Louxor au rythme du cin\u00e9ma"}]},{"@type":"WebSite","@id":"https:\/\/www.webdo.tn\/fr\/#website","url":"https:\/\/www.webdo.tn\/fr\/","name":"webdo","description":"Tunisie - News en Tunisie et \u00e0 l&#039;international sur Webdo.tn","publisher":{"@id":"https:\/\/www.webdo.tn\/fr\/#organization"},"potentialAction":[{"@type":"SearchAction","target":{"@type":"EntryPoint","urlTemplate":"https:\/\/www.webdo.tn\/fr\/?s={search_term_string}"},"query-input":{"@type":"PropertyValueSpecification","valueRequired":true,"valueName":"search_term_string"}}],"inLanguage":"fr-FR"},{"@type":"Organization","@id":"https:\/\/www.webdo.tn\/fr\/#organization","name":"Webdo","alternateName":"Webdo.tn","url":"https:\/\/www.webdo.tn\/fr\/","logo":{"@type":"ImageObject","inLanguage":"fr-FR","@id":"https:\/\/www.webdo.tn\/fr\/#\/schema\/logo\/image\/","url":"https:\/\/www.webdo.tn\/fr\/wp-content\/uploads\/2025\/06\/Webdo-Tunisie_168377.jpg","contentUrl":"https:\/\/www.webdo.tn\/fr\/wp-content\/uploads\/2025\/06\/Webdo-Tunisie_168377.jpg","width":301,"height":301,"caption":"Webdo"},"image":{"@id":"https:\/\/www.webdo.tn\/fr\/#\/schema\/logo\/image\/"},"sameAs":["https:\/\/www.facebook.com\/webdotn","https:\/\/x.com\/webdo_tn"],"description":"Webdo est un m\u00e9dia num\u00e9rique tunisien fond\u00e9 en 2010, sp\u00e9cialis\u00e9 dans l\u2019actualit\u00e9 nationale et internationale, l\u2019\u00e9conomie, la soci\u00e9t\u00e9 et les analyses politiques. Le site s\u2019adresse \u00e0 un large public francophone et couvre l\u2019information tunisienne en temps r\u00e9el.","email":"redac@webdo.tn","legalName":"YNJ SARL","foundingDate":"2010-09-06","numberOfEmployees":{"@type":"QuantitativeValue","minValue":"11","maxValue":"50"}},{"@type":"Person","@id":"https:\/\/www.webdo.tn\/fr\/#\/schema\/person\/60d5ba619ed3f58783b0dc82b7dada80","name":"Ne\u00efla DRISS","image":{"@type":"ImageObject","inLanguage":"fr-FR","@id":"https:\/\/www.webdo.tn\/fr\/wp-content\/uploads\/2026\/04\/neila-driss_avatar-96x96.jpg","url":"https:\/\/www.webdo.tn\/fr\/wp-content\/uploads\/2026\/04\/neila-driss_avatar-96x96.jpg","contentUrl":"https:\/\/www.webdo.tn\/fr\/wp-content\/uploads\/2026\/04\/neila-driss_avatar-96x96.jpg","caption":"Ne\u00efla DRISS"},"description":"Ne\u00efla Driss est juriste, journaliste culturelle et critique de cin\u00e9ma tunisienne. Titulaire d\u2019un DEA en droit priv\u00e9 de l\u2019Universit\u00e9 Paris II et d\u2019un DESS de l\u2019IHEC Carthage, elle d\u00e9bute sa carri\u00e8re comme juriste sp\u00e9cialis\u00e9e en gestion de patrimoine immobilier. Elle s\u2019oriente ensuite vers l\u2019\u00e9criture en ligne, o\u00f9 elle se distingue d\u00e8s 2006 aux Tunisia Blog Awards, avant de se consacrer au journalisme culturel, avec une sp\u00e9cialisation dans la critique cin\u00e9matographique. Elle couvre r\u00e9guli\u00e8rement les grands festivals internationaux, notamment le Festival de Cannes, les Journ\u00e9es Cin\u00e9matographiques de Carthage et le Festival du film du Caire. Membre de l\u2019ATPCC et de la FIPRESCI, elle participe \u00e0 des jurys et initiatives internationales de critique. Depuis 2024, elle est \u00e9lectrice internationale aux Golden Globes. Facebook : https:\/\/www.facebook.com\/massir.destiniii\/ X : https:\/\/x.com\/MassirDestin","sameAs":["https:\/\/www.facebook.com\/massir.destiniii\/","https:\/\/www.instagram.com\/neila.driss\/?hl=fr","https:\/\/www.linkedin.com\/in\/neila-driss-22606a80\/","https:\/\/x.com\/https:\/\/x.com\/MassirDestin"],"knowsAbout":["Cin\u00e9ma international","critique cin\u00e9matographique","festivals de cin\u00e9ma","journalisme culturel"],"knowsLanguage":["Fran\u00e7ais","Arabe","Anglais"],"jobTitle":"Journaliste culturelle et critique de cin\u00e9ma","worksFor":"Webdo","url":"https:\/\/www.webdo.tn\/fr\/actualite\/author\/neila-driss\/"}]}},"_links":{"self":[{"href":"https:\/\/www.webdo.tn\/fr\/wp-json\/wp\/v2\/posts\/199648","targetHints":{"allow":["GET"]}}],"collection":[{"href":"https:\/\/www.webdo.tn\/fr\/wp-json\/wp\/v2\/posts"}],"about":[{"href":"https:\/\/www.webdo.tn\/fr\/wp-json\/wp\/v2\/types\/post"}],"author":[{"embeddable":true,"href":"https:\/\/www.webdo.tn\/fr\/wp-json\/wp\/v2\/users\/3164"}],"replies":[{"embeddable":true,"href":"https:\/\/www.webdo.tn\/fr\/wp-json\/wp\/v2\/comments?post=199648"}],"version-history":[{"count":0,"href":"https:\/\/www.webdo.tn\/fr\/wp-json\/wp\/v2\/posts\/199648\/revisions"}],"wp:featuredmedia":[{"embeddable":true,"href":"https:\/\/www.webdo.tn\/fr\/wp-json\/wp\/v2\/media\/311077"}],"wp:attachment":[{"href":"https:\/\/www.webdo.tn\/fr\/wp-json\/wp\/v2\/media?parent=199648"}],"wp:term":[{"taxonomy":"category","embeddable":true,"href":"https:\/\/www.webdo.tn\/fr\/wp-json\/wp\/v2\/categories?post=199648"},{"taxonomy":"post_tag","embeddable":true,"href":"https:\/\/www.webdo.tn\/fr\/wp-json\/wp\/v2\/tags?post=199648"}],"curies":[{"name":"wp","href":"https:\/\/api.w.org\/{rel}","templated":true}]}}