{"id":199646,"date":"2016-12-14T17:24:00","date_gmt":"2016-12-14T17:24:00","guid":{"rendered":"https:\/\/www.webdo.tn\/fr\/blog\/muhr-meilleur-film-court-metrage-on-mieux-ca\/199646\/"},"modified":"2016-12-14T17:24:00","modified_gmt":"2016-12-14T17:24:00","slug":"muhr-meilleur-film-court-metrage-on-mieux-ca","status":"publish","type":"post","link":"https:\/\/www.webdo.tn\/fr\/actualite\/culture\/muhr-meilleur-film-court-metrage-on-mieux-ca\/199646\/","title":{"rendered":"Le Muhr Meilleur film court m\u00e9trage pour \u00ab\u00a0On est bien comme \u00e7a\u00a0\u00bb"},"content":{"rendered":"<div class=\"single-body entry-content typography-copy\" itemprop=\"articleBody\">\n<p style=\"font-weight: bold; text-align: justify\">\n<div class=\"coprs\" style=\"text-align: center\"><\/div>\n<div class=\"coprs\" style=\"text-align: justify\">\n<p>\nLe court-m\u00e9trage tunisien <span id=\"fbPhotoSnowliftCaption\" class=\"fbPhotosPhotoCaption\" tabindex=\"0\" data-ft='{\"tn\":\"K\"}'><span class=\"hasCaption\">\u00a0<em>\u062e\u0644\u0651\u064a\u0646\u0627 \u0647\u0643\u0651\u0627 \u062e\u064a\u0631 &#8211; On est bien comme \u00e7a<\/em> de <a href=\"https:\/\/www.facebook.com\/mehdi.barsaoui?fref=ts\">Mehdi M.Barsaou<\/a>i et \u00a0 produit par <a href=\"https:\/\/www.facebook.com\/cinetelefilms.prod?pnref=story\">Cinetelefilms Prod<\/a> a remport\u00e9 le\u00a0<\/span><\/span>Muhr du Meilleur film court-m\u00e9trage au <a href=\"https:\/\/www.dubaifilmfest.com\/\">Festival International du Film de Dubai (DIFF).<\/a><\/p>\n<p><img decoding=\"async\" class=\"Muhr du Meilleur film court-m\u00e9trage au Festival International du Film de Dubai (DIFF). aligncenter wp-image-144656\" title=\"Muhr du Meilleur film court-m\u00e9trage au Festival International du Film de Dubai (DIFF).\" src=\"http:\/\/www.webdo.tn\/wp-content\/uploads\/2016\/12\/muhr-300x225.jpg\" alt=\"muhr\" width=\"499\" height=\"374\"><\/p>\n<h4 class=\"padding-L30\">Synopsis:<\/h4>\n<p class=\"padding-L30\">Baba Azizi est un vieil homme que la maladie n\u2019a pas \u00e9pargn\u00e9. Ballot\u00e9 de maison en maison entre ses diff\u00e9rents enfants, il se retrouve chez sa fille pour y passer quelques jours. Un \u00e9ni\u00e8me calvaire en perspective\u2026 sauf que les choses ne vont pas se passer comme il s\u2019imaginait.<\/p>\n<h4 class=\"padding-L30\">D\u00e9tails du film:<\/h4>\n<p>Dur\u00e9e : 19 minutes<br \/>\nNationalit\u00e9 : Tunisie<br \/>\nAnn\u00e9e de production : 2016<br \/>\nR\u00e9alisateur : BARSAOUI MEHDI M.<br \/>\nInterpr\u00e9tation : Nouri BouzId &#8211; Sawssen Mal\u00e9j<\/p>\n<p>F\u00e9licitations \u00e0 toute l&rsquo;\u00e9quipe du film et au cin\u00e9ma tunisien.<\/p>\n<p>Bravo. Et bonne chance pour le futur.<\/p>\n<p>Neila Driss\n\t\t\t\t\t\t\t\t<\/p><\/div>\n<div class=\"coprs\" style=\"text-align: center\"><\/div><\/div>\n","protected":false},"excerpt":{"rendered":"<p>Le Muhr Meilleur film court m\u00e9trage pour  On est bien comme \u00e7a<\/p>\n","protected":false},"author":3164,"featured_media":326694,"comment_status":"open","ping_status":"closed","sticky":false,"template":"","format":"standard","meta":{"footnotes":""},"categories":[2594],"tags":[2600],"class_list":["post-199646","post","type-post","status-publish","format-standard","has-post-thumbnail","hentry","category-culture","tag-guerre"],"yoast_head":"<!-- This site is optimized with the Yoast SEO Premium plugin v27.5 (Yoast SEO v27.5) - https:\/\/yoast.com\/product\/yoast-seo-premium-wordpress\/ -->\n<title>Le Muhr Meilleur film court m\u00e9trage pour On est bien comme \u00e7a<\/title>\n<meta name=\"description\" content=\"Le Muhr Meilleur film court m\u00e9trage pour On est bien comme \u00e7a\" \/>\n<link rel=\"canonical\" href=\"https:\/\/www.webdo.tn\/fr\/actualite\/culture\/muhr-meilleur-film-court-metrage-on-mieux-ca\/199646\/\" \/>\n<meta property=\"og:locale\" content=\"fr_FR\" \/>\n<meta property=\"og:type\" content=\"article\" \/>\n<meta property=\"og:title\" content=\"Le Muhr Meilleur film court m\u00e9trage pour &quot;On est bien comme \u00e7a&quot;\" \/>\n<meta property=\"og:description\" content=\"Le Muhr Meilleur film court m\u00e9trage pour On est bien comme \u00e7a\" \/>\n<meta property=\"og:url\" content=\"https:\/\/www.webdo.tn\/fr\/actualite\/culture\/muhr-meilleur-film-court-metrage-on-mieux-ca\/199646\/\" \/>\n<meta property=\"og:site_name\" content=\"webdo\" \/>\n<meta property=\"article:publisher\" content=\"https:\/\/www.facebook.com\/webdotn\" \/>\n<meta property=\"article:author\" content=\"https:\/\/www.facebook.com\/massir.destiniii\/\" \/>\n<meta property=\"article:published_time\" content=\"2016-12-14T17:24:00+00:00\" \/>\n<meta property=\"og:image\" content=\"https:\/\/www.webdo.tn\/fr\/wp-content\/uploads\/2016\/12\/on-est-bien-comme-ca-225x300-1.jpg\" \/>\n\t<meta property=\"og:image:width\" content=\"225\" \/>\n\t<meta property=\"og:image:height\" content=\"300\" \/>\n\t<meta property=\"og:image:type\" content=\"image\/jpeg\" \/>\n<meta name=\"author\" content=\"Ne\u00efla DRISS\" \/>\n<meta name=\"twitter:card\" content=\"summary_large_image\" \/>\n<meta name=\"twitter:creator\" content=\"@https:\/\/x.com\/MassirDestin\" \/>\n<meta name=\"twitter:site\" content=\"@webdo_tn\" \/>\n<meta name=\"twitter:label1\" content=\"\u00c9crit par\" \/>\n\t<meta name=\"twitter:data1\" content=\"Ne\u00efla DRISS\" \/>\n\t<meta name=\"twitter:label2\" content=\"Dur\u00e9e de lecture estim\u00e9e\" \/>\n\t<meta name=\"twitter:data2\" content=\"1 minute\" \/>\n<script type=\"application\/ld+json\" class=\"yoast-schema-graph\">{\"@context\":\"https:\\\/\\\/schema.org\",\"@graph\":[{\"@type\":\"NewsArticle\",\"@id\":\"https:\\\/\\\/www.webdo.tn\\\/fr\\\/actualite\\\/culture\\\/muhr-meilleur-film-court-metrage-on-mieux-ca\\\/199646\\\/#article\",\"isPartOf\":{\"@id\":\"https:\\\/\\\/www.webdo.tn\\\/fr\\\/actualite\\\/culture\\\/muhr-meilleur-film-court-metrage-on-mieux-ca\\\/199646\\\/\"},\"author\":{\"name\":\"Ne\u00efla DRISS\",\"@id\":\"https:\\\/\\\/www.webdo.tn\\\/fr\\\/#\\\/schema\\\/person\\\/60d5ba619ed3f58783b0dc82b7dada80\"},\"headline\":\"Le Muhr Meilleur film court m\u00e9trage pour \u00ab\u00a0On est bien comme \u00e7a\u00a0\u00bb\",\"datePublished\":\"2016-12-14T17:24:00+00:00\",\"mainEntityOfPage\":{\"@id\":\"https:\\\/\\\/www.webdo.tn\\\/fr\\\/actualite\\\/culture\\\/muhr-meilleur-film-court-metrage-on-mieux-ca\\\/199646\\\/\"},\"wordCount\":150,\"commentCount\":0,\"publisher\":{\"@id\":\"https:\\\/\\\/www.webdo.tn\\\/fr\\\/#organization\"},\"image\":{\"@id\":\"https:\\\/\\\/www.webdo.tn\\\/fr\\\/actualite\\\/culture\\\/muhr-meilleur-film-court-metrage-on-mieux-ca\\\/199646\\\/#primaryimage\"},\"thumbnailUrl\":\"https:\\\/\\\/www.webdo.tn\\\/fr\\\/wp-content\\\/uploads\\\/2016\\\/12\\\/on-est-bien-comme-ca-225x300-1.jpg\",\"keywords\":[\"guerre\"],\"articleSection\":[\"Culture\"],\"inLanguage\":\"fr-FR\"},{\"@type\":\"WebPage\",\"@id\":\"https:\\\/\\\/www.webdo.tn\\\/fr\\\/actualite\\\/culture\\\/muhr-meilleur-film-court-metrage-on-mieux-ca\\\/199646\\\/\",\"url\":\"https:\\\/\\\/www.webdo.tn\\\/fr\\\/actualite\\\/culture\\\/muhr-meilleur-film-court-metrage-on-mieux-ca\\\/199646\\\/\",\"name\":\"Le Muhr Meilleur film court m\u00e9trage pour On est bien comme \u00e7a\",\"isPartOf\":{\"@id\":\"https:\\\/\\\/www.webdo.tn\\\/fr\\\/#website\"},\"primaryImageOfPage\":{\"@id\":\"https:\\\/\\\/www.webdo.tn\\\/fr\\\/actualite\\\/culture\\\/muhr-meilleur-film-court-metrage-on-mieux-ca\\\/199646\\\/#primaryimage\"},\"image\":{\"@id\":\"https:\\\/\\\/www.webdo.tn\\\/fr\\\/actualite\\\/culture\\\/muhr-meilleur-film-court-metrage-on-mieux-ca\\\/199646\\\/#primaryimage\"},\"thumbnailUrl\":\"https:\\\/\\\/www.webdo.tn\\\/fr\\\/wp-content\\\/uploads\\\/2016\\\/12\\\/on-est-bien-comme-ca-225x300-1.jpg\",\"datePublished\":\"2016-12-14T17:24:00+00:00\",\"description\":\"Le Muhr Meilleur film court m\u00e9trage pour On est bien comme \u00e7a\",\"breadcrumb\":{\"@id\":\"https:\\\/\\\/www.webdo.tn\\\/fr\\\/actualite\\\/culture\\\/muhr-meilleur-film-court-metrage-on-mieux-ca\\\/199646\\\/#breadcrumb\"},\"inLanguage\":\"fr-FR\",\"potentialAction\":[{\"@type\":\"ReadAction\",\"target\":[\"https:\\\/\\\/www.webdo.tn\\\/fr\\\/actualite\\\/culture\\\/muhr-meilleur-film-court-metrage-on-mieux-ca\\\/199646\\\/\"]}]},{\"@type\":\"ImageObject\",\"inLanguage\":\"fr-FR\",\"@id\":\"https:\\\/\\\/www.webdo.tn\\\/fr\\\/actualite\\\/culture\\\/muhr-meilleur-film-court-metrage-on-mieux-ca\\\/199646\\\/#primaryimage\",\"url\":\"https:\\\/\\\/www.webdo.tn\\\/fr\\\/wp-content\\\/uploads\\\/2016\\\/12\\\/on-est-bien-comme-ca-225x300-1.jpg\",\"contentUrl\":\"https:\\\/\\\/www.webdo.tn\\\/fr\\\/wp-content\\\/uploads\\\/2016\\\/12\\\/on-est-bien-comme-ca-225x300-1.jpg\",\"width\":225,\"height\":300,\"caption\":\"Le Muhr Meilleur film court m\u00e9trage pour \\\"On est bien comme \u00e7a\\\"\"},{\"@type\":\"BreadcrumbList\",\"@id\":\"https:\\\/\\\/www.webdo.tn\\\/fr\\\/actualite\\\/culture\\\/muhr-meilleur-film-court-metrage-on-mieux-ca\\\/199646\\\/#breadcrumb\",\"itemListElement\":[{\"@type\":\"ListItem\",\"position\":1,\"name\":\"Accueil\",\"item\":\"https:\\\/\\\/www.webdo.tn\\\/fr\\\/\"},{\"@type\":\"ListItem\",\"position\":2,\"name\":\"Le Muhr Meilleur film court m\u00e9trage pour \u00ab\u00a0On est bien comme \u00e7a\u00a0\u00bb\"}]},{\"@type\":\"WebSite\",\"@id\":\"https:\\\/\\\/www.webdo.tn\\\/fr\\\/#website\",\"url\":\"https:\\\/\\\/www.webdo.tn\\\/fr\\\/\",\"name\":\"webdo\",\"description\":\"Tunisie - News en Tunisie et \u00e0 l&#039;international sur Webdo.tn\",\"publisher\":{\"@id\":\"https:\\\/\\\/www.webdo.tn\\\/fr\\\/#organization\"},\"potentialAction\":[{\"@type\":\"SearchAction\",\"target\":{\"@type\":\"EntryPoint\",\"urlTemplate\":\"https:\\\/\\\/www.webdo.tn\\\/fr\\\/?s={search_term_string}\"},\"query-input\":{\"@type\":\"PropertyValueSpecification\",\"valueRequired\":true,\"valueName\":\"search_term_string\"}}],\"inLanguage\":\"fr-FR\"},{\"@type\":\"Organization\",\"@id\":\"https:\\\/\\\/www.webdo.tn\\\/fr\\\/#organization\",\"name\":\"Webdo\",\"alternateName\":\"Webdo.tn\",\"url\":\"https:\\\/\\\/www.webdo.tn\\\/fr\\\/\",\"logo\":{\"@type\":\"ImageObject\",\"inLanguage\":\"fr-FR\",\"@id\":\"https:\\\/\\\/www.webdo.tn\\\/fr\\\/#\\\/schema\\\/logo\\\/image\\\/\",\"url\":\"https:\\\/\\\/www.webdo.tn\\\/fr\\\/wp-content\\\/uploads\\\/2025\\\/06\\\/Webdo-Tunisie_168377.jpg\",\"contentUrl\":\"https:\\\/\\\/www.webdo.tn\\\/fr\\\/wp-content\\\/uploads\\\/2025\\\/06\\\/Webdo-Tunisie_168377.jpg\",\"width\":301,\"height\":301,\"caption\":\"Webdo\"},\"image\":{\"@id\":\"https:\\\/\\\/www.webdo.tn\\\/fr\\\/#\\\/schema\\\/logo\\\/image\\\/\"},\"sameAs\":[\"https:\\\/\\\/www.facebook.com\\\/webdotn\",\"https:\\\/\\\/x.com\\\/webdo_tn\"],\"description\":\"Webdo est un m\u00e9dia num\u00e9rique tunisien fond\u00e9 en 2010, sp\u00e9cialis\u00e9 dans l\u2019actualit\u00e9 nationale et internationale, l\u2019\u00e9conomie, la soci\u00e9t\u00e9 et les analyses politiques. Le site s\u2019adresse \u00e0 un large public francophone et couvre l\u2019information tunisienne en temps r\u00e9el.\",\"email\":\"redac@webdo.tn\",\"legalName\":\"YNJ SARL\",\"foundingDate\":\"2010-09-06\",\"numberOfEmployees\":{\"@type\":\"QuantitativeValue\",\"minValue\":\"11\",\"maxValue\":\"50\"}},{\"@type\":\"Person\",\"@id\":\"https:\\\/\\\/www.webdo.tn\\\/fr\\\/#\\\/schema\\\/person\\\/60d5ba619ed3f58783b0dc82b7dada80\",\"name\":\"Ne\u00efla DRISS\",\"image\":{\"@type\":\"ImageObject\",\"inLanguage\":\"fr-FR\",\"@id\":\"https:\\\/\\\/www.webdo.tn\\\/fr\\\/wp-content\\\/uploads\\\/2026\\\/04\\\/neila-driss_avatar-96x96.jpg\",\"url\":\"https:\\\/\\\/www.webdo.tn\\\/fr\\\/wp-content\\\/uploads\\\/2026\\\/04\\\/neila-driss_avatar-96x96.jpg\",\"contentUrl\":\"https:\\\/\\\/www.webdo.tn\\\/fr\\\/wp-content\\\/uploads\\\/2026\\\/04\\\/neila-driss_avatar-96x96.jpg\",\"caption\":\"Ne\u00efla DRISS\"},\"description\":\"Ne\u00efla Driss est juriste, journaliste culturelle et critique de cin\u00e9ma tunisienne. Titulaire d\u2019un DEA en droit priv\u00e9 de l\u2019Universit\u00e9 Paris II et d\u2019un DESS de l\u2019IHEC Carthage, elle d\u00e9bute sa carri\u00e8re comme juriste sp\u00e9cialis\u00e9e en gestion de patrimoine immobilier. Elle s\u2019oriente ensuite vers l\u2019\u00e9criture en ligne, o\u00f9 elle se distingue d\u00e8s 2006 aux Tunisia Blog Awards, avant de se consacrer au journalisme culturel, avec une sp\u00e9cialisation dans la critique cin\u00e9matographique. Elle couvre r\u00e9guli\u00e8rement les grands festivals internationaux, notamment le Festival de Cannes, les Journ\u00e9es Cin\u00e9matographiques de Carthage et le Festival du film du Caire. Membre de l\u2019ATPCC et de la FIPRESCI, elle participe \u00e0 des jurys et initiatives internationales de critique. Depuis 2024, elle est \u00e9lectrice internationale aux Golden Globes. Facebook : https:\\\/\\\/www.facebook.com\\\/massir.destiniii\\\/ X : https:\\\/\\\/x.com\\\/MassirDestin\",\"sameAs\":[\"https:\\\/\\\/www.facebook.com\\\/massir.destiniii\\\/\",\"https:\\\/\\\/www.instagram.com\\\/neila.driss\\\/?hl=fr\",\"https:\\\/\\\/www.linkedin.com\\\/in\\\/neila-driss-22606a80\\\/\",\"https:\\\/\\\/x.com\\\/https:\\\/\\\/x.com\\\/MassirDestin\"],\"knowsAbout\":[\"Cin\u00e9ma international\",\"critique cin\u00e9matographique\",\"festivals de cin\u00e9ma\",\"journalisme culturel\"],\"knowsLanguage\":[\"Fran\u00e7ais\",\"Arabe\",\"Anglais\"],\"jobTitle\":\"Journaliste culturelle et critique de cin\u00e9ma\",\"worksFor\":\"Webdo\",\"url\":\"https:\\\/\\\/www.webdo.tn\\\/fr\\\/actualite\\\/author\\\/neila-driss\\\/\"}]}<\/script>\n<!-- \/ Yoast SEO Premium plugin. -->","yoast_head_json":{"title":"Le Muhr Meilleur film court m\u00e9trage pour On est bien comme \u00e7a","description":"Le Muhr Meilleur film court m\u00e9trage pour On est bien comme \u00e7a","canonical":"https:\/\/www.webdo.tn\/fr\/actualite\/culture\/muhr-meilleur-film-court-metrage-on-mieux-ca\/199646\/","og_locale":"fr_FR","og_type":"article","og_title":"Le Muhr Meilleur film court m\u00e9trage pour \"On est bien comme \u00e7a\"","og_description":"Le Muhr Meilleur film court m\u00e9trage pour On est bien comme \u00e7a","og_url":"https:\/\/www.webdo.tn\/fr\/actualite\/culture\/muhr-meilleur-film-court-metrage-on-mieux-ca\/199646\/","og_site_name":"webdo","article_publisher":"https:\/\/www.facebook.com\/webdotn","article_author":"https:\/\/www.facebook.com\/massir.destiniii\/","article_published_time":"2016-12-14T17:24:00+00:00","og_image":[{"width":225,"height":300,"url":"https:\/\/www.webdo.tn\/fr\/wp-content\/uploads\/2016\/12\/on-est-bien-comme-ca-225x300-1.jpg","type":"image\/jpeg"}],"author":"Ne\u00efla DRISS","twitter_card":"summary_large_image","twitter_creator":"@https:\/\/x.com\/MassirDestin","twitter_site":"@webdo_tn","twitter_misc":{"\u00c9crit par":"Ne\u00efla DRISS","Dur\u00e9e de lecture estim\u00e9e":"1 minute"},"schema":{"@context":"https:\/\/schema.org","@graph":[{"@type":"NewsArticle","@id":"https:\/\/www.webdo.tn\/fr\/actualite\/culture\/muhr-meilleur-film-court-metrage-on-mieux-ca\/199646\/#article","isPartOf":{"@id":"https:\/\/www.webdo.tn\/fr\/actualite\/culture\/muhr-meilleur-film-court-metrage-on-mieux-ca\/199646\/"},"author":{"name":"Ne\u00efla DRISS","@id":"https:\/\/www.webdo.tn\/fr\/#\/schema\/person\/60d5ba619ed3f58783b0dc82b7dada80"},"headline":"Le Muhr Meilleur film court m\u00e9trage pour \u00ab\u00a0On est bien comme \u00e7a\u00a0\u00bb","datePublished":"2016-12-14T17:24:00+00:00","mainEntityOfPage":{"@id":"https:\/\/www.webdo.tn\/fr\/actualite\/culture\/muhr-meilleur-film-court-metrage-on-mieux-ca\/199646\/"},"wordCount":150,"commentCount":0,"publisher":{"@id":"https:\/\/www.webdo.tn\/fr\/#organization"},"image":{"@id":"https:\/\/www.webdo.tn\/fr\/actualite\/culture\/muhr-meilleur-film-court-metrage-on-mieux-ca\/199646\/#primaryimage"},"thumbnailUrl":"https:\/\/www.webdo.tn\/fr\/wp-content\/uploads\/2016\/12\/on-est-bien-comme-ca-225x300-1.jpg","keywords":["guerre"],"articleSection":["Culture"],"inLanguage":"fr-FR"},{"@type":"WebPage","@id":"https:\/\/www.webdo.tn\/fr\/actualite\/culture\/muhr-meilleur-film-court-metrage-on-mieux-ca\/199646\/","url":"https:\/\/www.webdo.tn\/fr\/actualite\/culture\/muhr-meilleur-film-court-metrage-on-mieux-ca\/199646\/","name":"Le Muhr Meilleur film court m\u00e9trage pour On est bien comme \u00e7a","isPartOf":{"@id":"https:\/\/www.webdo.tn\/fr\/#website"},"primaryImageOfPage":{"@id":"https:\/\/www.webdo.tn\/fr\/actualite\/culture\/muhr-meilleur-film-court-metrage-on-mieux-ca\/199646\/#primaryimage"},"image":{"@id":"https:\/\/www.webdo.tn\/fr\/actualite\/culture\/muhr-meilleur-film-court-metrage-on-mieux-ca\/199646\/#primaryimage"},"thumbnailUrl":"https:\/\/www.webdo.tn\/fr\/wp-content\/uploads\/2016\/12\/on-est-bien-comme-ca-225x300-1.jpg","datePublished":"2016-12-14T17:24:00+00:00","description":"Le Muhr Meilleur film court m\u00e9trage pour On est bien comme \u00e7a","breadcrumb":{"@id":"https:\/\/www.webdo.tn\/fr\/actualite\/culture\/muhr-meilleur-film-court-metrage-on-mieux-ca\/199646\/#breadcrumb"},"inLanguage":"fr-FR","potentialAction":[{"@type":"ReadAction","target":["https:\/\/www.webdo.tn\/fr\/actualite\/culture\/muhr-meilleur-film-court-metrage-on-mieux-ca\/199646\/"]}]},{"@type":"ImageObject","inLanguage":"fr-FR","@id":"https:\/\/www.webdo.tn\/fr\/actualite\/culture\/muhr-meilleur-film-court-metrage-on-mieux-ca\/199646\/#primaryimage","url":"https:\/\/www.webdo.tn\/fr\/wp-content\/uploads\/2016\/12\/on-est-bien-comme-ca-225x300-1.jpg","contentUrl":"https:\/\/www.webdo.tn\/fr\/wp-content\/uploads\/2016\/12\/on-est-bien-comme-ca-225x300-1.jpg","width":225,"height":300,"caption":"Le Muhr Meilleur film court m\u00e9trage pour \"On est bien comme \u00e7a\""},{"@type":"BreadcrumbList","@id":"https:\/\/www.webdo.tn\/fr\/actualite\/culture\/muhr-meilleur-film-court-metrage-on-mieux-ca\/199646\/#breadcrumb","itemListElement":[{"@type":"ListItem","position":1,"name":"Accueil","item":"https:\/\/www.webdo.tn\/fr\/"},{"@type":"ListItem","position":2,"name":"Le Muhr Meilleur film court m\u00e9trage pour \u00ab\u00a0On est bien comme \u00e7a\u00a0\u00bb"}]},{"@type":"WebSite","@id":"https:\/\/www.webdo.tn\/fr\/#website","url":"https:\/\/www.webdo.tn\/fr\/","name":"webdo","description":"Tunisie - News en Tunisie et \u00e0 l&#039;international sur Webdo.tn","publisher":{"@id":"https:\/\/www.webdo.tn\/fr\/#organization"},"potentialAction":[{"@type":"SearchAction","target":{"@type":"EntryPoint","urlTemplate":"https:\/\/www.webdo.tn\/fr\/?s={search_term_string}"},"query-input":{"@type":"PropertyValueSpecification","valueRequired":true,"valueName":"search_term_string"}}],"inLanguage":"fr-FR"},{"@type":"Organization","@id":"https:\/\/www.webdo.tn\/fr\/#organization","name":"Webdo","alternateName":"Webdo.tn","url":"https:\/\/www.webdo.tn\/fr\/","logo":{"@type":"ImageObject","inLanguage":"fr-FR","@id":"https:\/\/www.webdo.tn\/fr\/#\/schema\/logo\/image\/","url":"https:\/\/www.webdo.tn\/fr\/wp-content\/uploads\/2025\/06\/Webdo-Tunisie_168377.jpg","contentUrl":"https:\/\/www.webdo.tn\/fr\/wp-content\/uploads\/2025\/06\/Webdo-Tunisie_168377.jpg","width":301,"height":301,"caption":"Webdo"},"image":{"@id":"https:\/\/www.webdo.tn\/fr\/#\/schema\/logo\/image\/"},"sameAs":["https:\/\/www.facebook.com\/webdotn","https:\/\/x.com\/webdo_tn"],"description":"Webdo est un m\u00e9dia num\u00e9rique tunisien fond\u00e9 en 2010, sp\u00e9cialis\u00e9 dans l\u2019actualit\u00e9 nationale et internationale, l\u2019\u00e9conomie, la soci\u00e9t\u00e9 et les analyses politiques. Le site s\u2019adresse \u00e0 un large public francophone et couvre l\u2019information tunisienne en temps r\u00e9el.","email":"redac@webdo.tn","legalName":"YNJ SARL","foundingDate":"2010-09-06","numberOfEmployees":{"@type":"QuantitativeValue","minValue":"11","maxValue":"50"}},{"@type":"Person","@id":"https:\/\/www.webdo.tn\/fr\/#\/schema\/person\/60d5ba619ed3f58783b0dc82b7dada80","name":"Ne\u00efla DRISS","image":{"@type":"ImageObject","inLanguage":"fr-FR","@id":"https:\/\/www.webdo.tn\/fr\/wp-content\/uploads\/2026\/04\/neila-driss_avatar-96x96.jpg","url":"https:\/\/www.webdo.tn\/fr\/wp-content\/uploads\/2026\/04\/neila-driss_avatar-96x96.jpg","contentUrl":"https:\/\/www.webdo.tn\/fr\/wp-content\/uploads\/2026\/04\/neila-driss_avatar-96x96.jpg","caption":"Ne\u00efla DRISS"},"description":"Ne\u00efla Driss est juriste, journaliste culturelle et critique de cin\u00e9ma tunisienne. Titulaire d\u2019un DEA en droit priv\u00e9 de l\u2019Universit\u00e9 Paris II et d\u2019un DESS de l\u2019IHEC Carthage, elle d\u00e9bute sa carri\u00e8re comme juriste sp\u00e9cialis\u00e9e en gestion de patrimoine immobilier. Elle s\u2019oriente ensuite vers l\u2019\u00e9criture en ligne, o\u00f9 elle se distingue d\u00e8s 2006 aux Tunisia Blog Awards, avant de se consacrer au journalisme culturel, avec une sp\u00e9cialisation dans la critique cin\u00e9matographique. Elle couvre r\u00e9guli\u00e8rement les grands festivals internationaux, notamment le Festival de Cannes, les Journ\u00e9es Cin\u00e9matographiques de Carthage et le Festival du film du Caire. Membre de l\u2019ATPCC et de la FIPRESCI, elle participe \u00e0 des jurys et initiatives internationales de critique. Depuis 2024, elle est \u00e9lectrice internationale aux Golden Globes. Facebook : https:\/\/www.facebook.com\/massir.destiniii\/ X : https:\/\/x.com\/MassirDestin","sameAs":["https:\/\/www.facebook.com\/massir.destiniii\/","https:\/\/www.instagram.com\/neila.driss\/?hl=fr","https:\/\/www.linkedin.com\/in\/neila-driss-22606a80\/","https:\/\/x.com\/https:\/\/x.com\/MassirDestin"],"knowsAbout":["Cin\u00e9ma international","critique cin\u00e9matographique","festivals de cin\u00e9ma","journalisme culturel"],"knowsLanguage":["Fran\u00e7ais","Arabe","Anglais"],"jobTitle":"Journaliste culturelle et critique de cin\u00e9ma","worksFor":"Webdo","url":"https:\/\/www.webdo.tn\/fr\/actualite\/author\/neila-driss\/"}]}},"_links":{"self":[{"href":"https:\/\/www.webdo.tn\/fr\/wp-json\/wp\/v2\/posts\/199646","targetHints":{"allow":["GET"]}}],"collection":[{"href":"https:\/\/www.webdo.tn\/fr\/wp-json\/wp\/v2\/posts"}],"about":[{"href":"https:\/\/www.webdo.tn\/fr\/wp-json\/wp\/v2\/types\/post"}],"author":[{"embeddable":true,"href":"https:\/\/www.webdo.tn\/fr\/wp-json\/wp\/v2\/users\/3164"}],"replies":[{"embeddable":true,"href":"https:\/\/www.webdo.tn\/fr\/wp-json\/wp\/v2\/comments?post=199646"}],"version-history":[{"count":0,"href":"https:\/\/www.webdo.tn\/fr\/wp-json\/wp\/v2\/posts\/199646\/revisions"}],"wp:featuredmedia":[{"embeddable":true,"href":"https:\/\/www.webdo.tn\/fr\/wp-json\/wp\/v2\/media\/326694"}],"wp:attachment":[{"href":"https:\/\/www.webdo.tn\/fr\/wp-json\/wp\/v2\/media?parent=199646"}],"wp:term":[{"taxonomy":"category","embeddable":true,"href":"https:\/\/www.webdo.tn\/fr\/wp-json\/wp\/v2\/categories?post=199646"},{"taxonomy":"post_tag","embeddable":true,"href":"https:\/\/www.webdo.tn\/fr\/wp-json\/wp\/v2\/tags?post=199646"}],"curies":[{"name":"wp","href":"https:\/\/api.w.org\/{rel}","templated":true}]}}