{"id":199641,"date":"2016-11-18T14:47:00","date_gmt":"2016-11-18T14:47:00","guid":{"rendered":"https:\/\/www.webdo.tn\/fr\/blog\/festival-international-film-caire-belle-ceremonie-douverture\/199641\/"},"modified":"2025-05-19T08:54:35","modified_gmt":"2025-05-19T08:54:35","slug":"festival-international-film-caire-belle-ceremonie-douverture","status":"publish","type":"post","link":"https:\/\/www.webdo.tn\/fr\/actualite\/culture\/festival-international-film-caire-belle-ceremonie-douverture\/199641\/","title":{"rendered":"Festival International du Film du Caire &#8211; Une belle c\u00e9r\u00e9monie d&rsquo;ouverture !"},"content":{"rendered":"<div class=\"single-body entry-content typography-copy\" itemprop=\"articleBody\">\n<p style=\"font-weight: bold; text-align: justify\">\n<div class=\"coprs\" style=\"text-align: center\"><\/div>\n<div class=\"coprs\" style=\"text-align: justify\">\n<p>Mardi 15 novembre 2016 a eu lieu la c\u00e9r\u00e9monie d\u2019ouverture de la 38<sup>\u00e8me<\/sup> \u00e9dition du <a href=\"http:\/\/ciff.org.eg\/\">Festival International du Film du Caire <\/a>(CIFF). Bien que cette c\u00e9r\u00e9monie ait \u00e9t\u00e9 assombrie par le deuil suite au d\u00e9c\u00e8s 48 heures auparavant de l\u2019acteur Mahmoud Abdelaziz, elle \u00e9tait quand m\u00eame tr\u00e8s r\u00e9ussie. Surtout en comparaison avec les deux c\u00e9r\u00e9monies d\u2019ouverture et de cl\u00f4ture des JCC 2016.<\/p>\n<p>En effet, cette c\u00e9r\u00e9monie, qui s\u2019est d\u00e9roul\u00e9e \u00a0\u00e0 l\u2019Op\u00e9ra du Caire, devrait \u00eatre une le\u00e7on d\u2019organisation pour nous Tunisiens.<\/p>\n<p>A commencer d\u00e9j\u00e0 par la d\u00e9coration de l\u2019entr\u00e9e. Tr\u00e8s belle. Et surtout bien pens\u00e9e de fa\u00e7on \u00e0 permettre aux photographes et journalistes de bien faire leur travail et aux invit\u00e9s d&rsquo;\u00eatre mis en valeur sans \u00eatre importun\u00e9s.<\/p>\n<figure id=\"attachment_142573\" aria-describedby=\"caption-attachment-142573\" style=\"width: 700px\" class=\"wp-caption aligncenter\"><img decoding=\"async\" class=\"wp-image-142573 size-large\" src=\"http:\/\/www.webdo.tn\/wp-content\/uploads\/2016\/11\/IMG_5949-1024x707.jpg\" alt=\"Entr\u00e9e du Palais de l'Op\u00e9ra\" width=\"700\" height=\"483\"><figcaption id=\"caption-attachment-142573\" class=\"wp-caption-text\">Entr\u00e9e du Palais de l&rsquo;Op\u00e9ra<\/figcaption><\/figure>\n<p>Une tenue de soir\u00e9e est exig\u00e9e de tous, professionnels et invit\u00e9s. Donc TOUS les photographes et journalistes \u00e9taient en costume noir et cravates. Tous ! C\u2019est d\u2019ailleurs pareil pour le festival de Cannes.<\/p>\n<p>Les photographes qui couvrent le tapis rouge sont tous align\u00e9s, selon un ordre d\u00e9termin\u00e9, le long d\u2019une barri\u00e8re qui leur permet de prendre leurs photos sans importuner les artistes. Seuls trois photographes ont le droit de p\u00e9n\u00e9trer \u00e0 l\u2019int\u00e9rieur de l&rsquo;Op\u00e9ra. Deux photographes au rez de chauss\u00e9e, dont un est assis devant pour les photos de la sc\u00e8ne, mais j\u2019insiste sur assis, et donc ne d\u00e9rangent pas les invit\u00e9s, et le troisi\u00e8me photographe \u00e0 l\u2019\u00e9tage.<\/p>\n<figure id=\"attachment_142574\" aria-describedby=\"caption-attachment-142574\" style=\"width: 700px\" class=\"wp-caption aligncenter\"><img decoding=\"async\" class=\"wp-image-142574 size-large\" src=\"http:\/\/www.webdo.tn\/wp-content\/uploads\/2016\/11\/IMG_6019-768x1024.jpg\" alt=\"L'endroit r\u00e9serv\u00e9 aux photographes (photo prise le lendemain)\" width=\"700\" height=\"933\"><figcaption id=\"caption-attachment-142574\" class=\"wp-caption-text\">L&rsquo;endroit r\u00e9serv\u00e9 aux photographes (photo prise le lendemain)<\/figcaption><\/figure>\n<p>Une fois d\u00e9pass\u00e9 le tapis rouge, on arrive dans un endroit o\u00f9 plusieurs plateaux de TV sont install\u00e9s pour interviewer certains invit\u00e9s.<\/p>\n<figure id=\"attachment_142576\" aria-describedby=\"caption-attachment-142576\" style=\"width: 700px\" class=\"wp-caption aligncenter\"><img decoding=\"async\" class=\"wp-image-142576 size-large\" src=\"http:\/\/www.webdo.tn\/wp-content\/uploads\/2016\/11\/IMG_5952-1024x1024.jpg\" alt=\"Plateau de TV devant l'entr\u00e9e du Palais de l'Op\u00e9ra\" width=\"700\" height=\"700\"><figcaption id=\"caption-attachment-142576\" class=\"wp-caption-text\">Plateau de TV devant l&rsquo;entr\u00e9e du Palais de l&rsquo;Op\u00e9ra<\/figcaption><\/figure>\n<p>Concernant les journalistes \u00e9gyptiens, seulement quelques-uns sont admis \u00e0 l&rsquo;int\u00e9rieur du b\u00e2timent. Seuls quelques rares privil\u00e9gi\u00e9s sont admis au rez de chauss\u00e9e, tous les autres sont install\u00e9s au premier \u00e9tage.<\/p>\n<figure id=\"attachment_142577\" aria-describedby=\"caption-attachment-142577\" style=\"width: 700px\" class=\"wp-caption aligncenter\"><img decoding=\"async\" class=\"wp-image-142577 size-large\" src=\"http:\/\/www.webdo.tn\/wp-content\/uploads\/2016\/11\/IMG_5955-1024x683.jpg\" alt=\"Les journalistes \u00e9gyptiens sont install\u00e9s \u00e0 l'\u00e9tage.\" width=\"700\" height=\"467\"><figcaption id=\"caption-attachment-142577\" class=\"wp-caption-text\">Les journalistes \u00e9gyptiens sont install\u00e9s \u00e0 l&rsquo;\u00e9tage.<\/figcaption><\/figure>\n<p>A l\u2019int\u00e9rieur chacun a sa place. Il y a des si\u00e8ges r\u00e9serv\u00e9s \u00e0 des personnes bien pr\u00e9cises, avec leurs noms dessus, comme les artistes qui recevront des hommages et qui arriveront de la sc\u00e8ne, ou les Ministres de la Culture et du Tourisme. Il y a des si\u00e8ges r\u00e9serv\u00e9s \u00e0 une fonction, comme par exemple aux membres du jury ou aux journalistes \u00e9trangers invit\u00e9s ou \u00e0 l\u2019\u00e9quipe du film qui sera projet\u00e9 ce soir-l\u00e0. Des casques pour traduction simultan\u00e9e sont distribu\u00e9s aux invit\u00e9s non arabophones.<\/p>\n<figure id=\"attachment_142578\" aria-describedby=\"caption-attachment-142578\" style=\"width: 700px\" class=\"wp-caption aligncenter\"><img decoding=\"async\" class=\"wp-image-142578 size-large\" src=\"http:\/\/www.webdo.tn\/wp-content\/uploads\/2016\/11\/IMG_5954-1024x786.jpg\" alt=\"Certains si\u00e8ges sont r\u00e9serv\u00e9s. \" width=\"700\" height=\"537\"><figcaption id=\"caption-attachment-142578\" class=\"wp-caption-text\">Certains si\u00e8ges sont r\u00e9serv\u00e9s.<\/figcaption><\/figure>\n<p>Chacun des invit\u00e9s a respect\u00e9 cet ordre. Je n\u2019ai vu ou entendu personne remettre en question cette organisation ou demander \u00e0 changer de place. Une seule actrice, arriv\u00e9e en retard, a voulu prendre un si\u00e8ge r\u00e9serv\u00e9, elle a \u00e9t\u00e9 fermement pri\u00e9e de lib\u00e9rer la place.<\/p>\n<figure id=\"attachment_142579\" aria-describedby=\"caption-attachment-142579\" style=\"width: 700px\" class=\"wp-caption aligncenter\"><img decoding=\"async\" class=\"wp-image-142579 size-large\" src=\"http:\/\/www.webdo.tn\/wp-content\/uploads\/2016\/11\/IMG_5973-1024x768.jpg\" alt=\"La sc\u00e8ne\" width=\"700\" height=\"525\"><figcaption id=\"caption-attachment-142579\" class=\"wp-caption-text\">Une partie de la sc\u00e8ne.<\/figcaption><\/figure>\n<p>Une fois tous les invit\u00e9s install\u00e9s, la c\u00e9r\u00e9monie a commenc\u00e9. D\u2019abord avec une chanson hommage au cin\u00e9ma, avec la projection d\u2019une vid\u00e9o montrant les acteurs et metteurs en sc\u00e8nes cit\u00e9s. Une tr\u00e8s belle chanson, mais avec un b\u00e9mol quand m\u00eame\u00a0: le seul acteur arabe non \u00e9gyptien cit\u00e9 \u00e9tait Douraid Ellaham. Pourquoi ? N\u2019existe-t-il pas d\u2019autres acteurs et r\u00e9alisateurs arabes dignes d\u2019\u00eatre cit\u00e9s ?<\/p>\n<p>Ont suivi les discours de Mme Magda Wassef, pr\u00e9sidente du Festival, de Hilmi Nemnem, Ministre de la Culture, qui a demand\u00e9 aux invit\u00e9s d\u2019observer une minute de silence en m\u00e9moire de Mahmoud Abdelaziz, et de Mahmoud Hemeida pr\u00e9sident d\u2019honneur de cette 38<sup>\u00e8me<\/sup> \u00e9dition du festival, <a href=\"http:\/\/www.webdo.tn\/2016\/11\/16\/ladieu-a-mahmoud-abdelaziz\/\">d\u00e9di\u00e9e et baptis\u00e9e au nom de Mahmoud Abdelaziz.<\/a><\/p>\n<p>Ensuite, il y a eu divers hommages et la remise du Prix Faten Hamama, notamment \u00e0 Ahmed Helmi qui a enchant\u00e9 l\u2019assistance par son mot de remerciement et \u00e0 titre posthume \u00e0 Mohamed Khan, et la pr\u00e9sentation des membres des divers jurys.<\/p>\n<figure id=\"attachment_142585\" aria-describedby=\"caption-attachment-142585\" style=\"width: 700px\" class=\"wp-caption aligncenter\"><img decoding=\"async\" class=\"wp-image-142585 size-large\" src=\"http:\/\/www.webdo.tn\/wp-content\/uploads\/2016\/11\/IMG_5983-768x1024.jpg\" alt=\"Ahmed Helmi, auquel a \u00e9t\u00e9 d\u00e9cern\u00e9 le Prix Faten Hamama.\" width=\"700\" height=\"933\"><figcaption id=\"caption-attachment-142585\" class=\"wp-caption-text\">Ahmed Helmi, auquel a \u00e9t\u00e9 d\u00e9cern\u00e9 le Prix Faten Hamama.<\/figcaption><\/figure>\n<p>La c\u00e9r\u00e9monie s\u2019est poursuivie, en pr\u00e9sence de l\u2019\u00e9quipe du film, avec la projection du long-m\u00e9trage en comp\u00e9tition officielle <em>Un jour pour les femmes<\/em> de Kamla Abu Zekry, avec dans les principaux r\u00f4les Elhem Shahine, Farouk El-Fishawy, Mahmoud Hemeida, Hala Sedki, Nelly Kareem et Nahed El-Sebai.<\/p>\n<figure id=\"attachment_142581\" aria-describedby=\"caption-attachment-142581\" style=\"width: 700px\" class=\"wp-caption aligncenter\"><img decoding=\"async\" class=\"wp-image-142581 size-large\" src=\"http:\/\/www.webdo.tn\/wp-content\/uploads\/2016\/11\/IMG_5994-1024x768.jpg\" alt=\"L'\u00e9quipe du film &quot;Un jour pour les femmes&quot;\" width=\"700\" height=\"525\"><figcaption id=\"caption-attachment-142581\" class=\"wp-caption-text\">L&rsquo;\u00e9quipe du film \u00ab\u00a0Un jour pour les femmes\u00a0\u00bb<\/figcaption><\/figure>\n<p>J\u2019avoue que j\u2019ai eu vraiment honte lors de cette c\u00e9r\u00e9monie en pensant aux c\u00e9r\u00e9monies des JCC, et pas seulement en 2016. Au Caire, tout est \u00e9tudi\u00e9, organis\u00e9, mis en place au millim\u00e8tre pr\u00e8s. Il faut pr\u00e9ciser que la c\u00e9r\u00e9monie est pr\u00e9par\u00e9e par des professionnels, entre metteur en sc\u00e8ne, chef d\u2019orchestre, d\u00e9corateur, costumi\u00e8re\u2026 Rien n\u2019est laiss\u00e9 au hasard et \u00e0 l\u2019\u00e0 peu pr\u00e8s. O\u00f9 sont nos professionnels tunisiens ? Pourtant je suis convaincue que nous en avons d\u2019excellents et qu\u2019ils pourraient faire un travail exceptionnel.<\/p>\n<p>Par ailleurs, des r\u00e8gles pr\u00e9cises sont mises en place et tous y ob\u00e9issent sans rechigner. Pourquoi pas en Tunisie? \u00a0Pourquoi est-ce qu\u2019en Tunisie les journalistes et photographes sont libres de d\u00e9ambuler partout, d\u2019importuner tous les invit\u00e9s, de se mettre devant ces m\u00eames invit\u00e9s les emp\u00eachant de voir la sc\u00e8ne? Pourquoi certaines personnes, y compris les photographes et journalistes, viennent-elles en Jeans et baskets et ne font pas l\u2019effort de mettre un costume ou une jolie robe? Apres tout, est-ce si difficile de porter un costume lors d\u2019une telle manifestation? Pourquoi les invit\u00e9s ne respectent-ils pas les places qui leurs sont assign\u00e9es ? Etc&#8230;<\/p>\n<p>Je sais, nous pourrions pol\u00e9miquer longtemps sur ce sujet. Mais peut-\u00eatre que d\u2019ores et d\u00e9j\u00e0 une r\u00e9ponse toute simple s\u2019impose: si les JCC sont si mal organis\u00e9s, peut-\u00eatre tout simplement parce qu\u2019il n\u2019y a pas un statut juridique et surtout une structure permanente qui permette d\u2019aller de l\u2019avant et d\u2019essayer de corriger chaque ann\u00e9e les erreurs des sessions pr\u00e9c\u00e9dentes !<\/p>\n<p><strong>Ne\u00efla Driss<\/strong><\/p>\n<p><em>Lire sur le m\u00eame sujet:<\/em><\/p>\n<ul>\n<li class=\"entry-title\"><a title=\"Festival International du Film du Caire \u2013 L\u2019adieu \u00e0 Mahmoud Abdelaziz\" href=\"http:\/\/www.webdo.tn\/2016\/11\/16\/ladieu-a-mahmoud-abdelaziz\/\" rel=\"bookmark\">Festival International du Film du Caire \u2013 L\u2019adieu \u00e0 Mahmoud Abdelaziz<\/a><\/li>\n<li><a title=\"Festival International du Film du Caire : Clash\u2026 et r\u00e9conciliation ?\" href=\"http:\/\/www.webdo.tn\/2016\/11\/22\/festival-international-film-caire-clash-reconciliation\/\" rel=\"bookmark\">Festival International du Film du Caire &#8211; Clash\u2026et r\u00e9conciliation?<\/a><\/li>\n<li><a title=\"Festival International du Film du Caire \u2013 Nous sommes de parfaits \u00e9trangers !\" href=\"http:\/\/www.webdo.tn\/2016\/11\/25\/festival-international-du-film-du-caire-nous-sommes-de-parfaits-etrangers\/\" rel=\"bookmark\">Festival International du Film du Caire \u2013 Nous sommes de parfaits \u00e9trangers !<\/a><\/li>\n<li><a title=\"Gamal Abdel Nasser : une controverse qui dure\u2026\" href=\"http:\/\/www.webdo.tn\/2016\/12\/01\/gamal-abdel-nasser-une-controverse-qui-dure\/\" rel=\"bookmark\">Gamal Abdel Nasser : une controverse qui dure\u2026<\/a><\/li>\n<li><a title=\"Festival International du Film du Caire \u2013 We are Egyptian Armenians\" href=\"http:\/\/www.webdo.tn\/2016\/12\/05\/festival-international-du-film-du-caire-we-are-egyptian-armenians\/\" rel=\"bookmark\">Festival International du Film du Caire \u2013 We are Egyptian Armenians<\/a><\/li>\n<li><a title=\"Hommage au petit Omar, victime de la b\u00eatise humaine\" href=\"http:\/\/www.webdo.tn\/2016\/12\/10\/hommage-au-petit-omar-victime-de-la-betise-humaine\/\" rel=\"bookmark\">Hommage au petit Omar, victime de la b\u00eatise humaine<\/a><\/li>\n<\/ul>\n<h3><\/h3>\n<p><strong>\u00a0<\/strong>\n\t\t\t\t\t\t\t\t<\/div>\n<div class=\"coprs\" style=\"text-align: center\"><\/div><\/div>\n","protected":false},"excerpt":{"rendered":"<p>Festival International du Film du Caire &#8211; Une belle c\u00e9r\u00e9monie d&rsquo;ouverture !<\/p>\n","protected":false},"author":3164,"featured_media":312305,"comment_status":"open","ping_status":"closed","sticky":false,"template":"","format":"standard","meta":{"footnotes":""},"categories":[2594],"tags":[2600],"class_list":["post-199641","post","type-post","status-publish","format-standard","has-post-thumbnail","hentry","category-culture","tag-guerre"],"yoast_head":"<!-- This site is optimized with the Yoast SEO Premium plugin v27.5 (Yoast SEO v27.5) - https:\/\/yoast.com\/product\/yoast-seo-premium-wordpress\/ -->\n<title>Festival International du Film du Caire - Une belle c\u00e9r\u00e9monie d&#039;ouverture !<\/title>\n<meta name=\"description\" content=\"Festival International du Film du Caire - Une belle c\u00e9r\u00e9monie d&#039;ouverture !\" \/>\n<link rel=\"canonical\" href=\"https:\/\/www.webdo.tn\/fr\/actualite\/culture\/festival-international-film-caire-belle-ceremonie-douverture\/199641\/\" \/>\n<meta property=\"og:locale\" content=\"fr_FR\" \/>\n<meta property=\"og:type\" content=\"article\" \/>\n<meta property=\"og:title\" content=\"Festival International du Film du Caire - Une belle c\u00e9r\u00e9monie d&#039;ouverture !\" \/>\n<meta property=\"og:description\" content=\"Festival International du Film du Caire - Une belle c\u00e9r\u00e9monie d&#039;ouverture !\" \/>\n<meta property=\"og:url\" content=\"https:\/\/www.webdo.tn\/fr\/actualite\/culture\/festival-international-film-caire-belle-ceremonie-douverture\/199641\/\" \/>\n<meta property=\"og:site_name\" content=\"webdo\" \/>\n<meta property=\"article:publisher\" content=\"https:\/\/www.facebook.com\/webdotn\" \/>\n<meta property=\"article:author\" content=\"https:\/\/www.facebook.com\/massir.destiniii\/\" \/>\n<meta property=\"article:published_time\" content=\"2016-11-18T14:47:00+00:00\" \/>\n<meta property=\"article:modified_time\" content=\"2025-05-19T08:54:35+00:00\" \/>\n<meta property=\"og:image\" content=\"https:\/\/www.webdo.tn\/fr\/wp-content\/uploads\/2016\/11\/Affiche.png\" \/>\n\t<meta property=\"og:image:width\" content=\"851\" \/>\n\t<meta property=\"og:image:height\" content=\"315\" \/>\n\t<meta property=\"og:image:type\" content=\"image\/png\" \/>\n<meta name=\"author\" content=\"Ne\u00efla DRISS\" \/>\n<meta name=\"twitter:card\" content=\"summary_large_image\" \/>\n<meta name=\"twitter:creator\" content=\"@https:\/\/x.com\/MassirDestin\" \/>\n<meta name=\"twitter:site\" content=\"@webdo_tn\" \/>\n<meta name=\"twitter:label1\" content=\"\u00c9crit par\" \/>\n\t<meta name=\"twitter:data1\" content=\"Ne\u00efla DRISS\" \/>\n\t<meta name=\"twitter:label2\" content=\"Dur\u00e9e de lecture estim\u00e9e\" \/>\n\t<meta name=\"twitter:data2\" content=\"6 minutes\" \/>\n<script type=\"application\/ld+json\" class=\"yoast-schema-graph\">{\"@context\":\"https:\\\/\\\/schema.org\",\"@graph\":[{\"@type\":\"NewsArticle\",\"@id\":\"https:\\\/\\\/www.webdo.tn\\\/fr\\\/actualite\\\/culture\\\/festival-international-film-caire-belle-ceremonie-douverture\\\/199641\\\/#article\",\"isPartOf\":{\"@id\":\"https:\\\/\\\/www.webdo.tn\\\/fr\\\/actualite\\\/culture\\\/festival-international-film-caire-belle-ceremonie-douverture\\\/199641\\\/\"},\"author\":{\"name\":\"Ne\u00efla DRISS\",\"@id\":\"https:\\\/\\\/www.webdo.tn\\\/fr\\\/#\\\/schema\\\/person\\\/60d5ba619ed3f58783b0dc82b7dada80\"},\"headline\":\"Festival International du Film du Caire &#8211; Une belle c\u00e9r\u00e9monie d&rsquo;ouverture !\",\"datePublished\":\"2016-11-18T14:47:00+00:00\",\"dateModified\":\"2025-05-19T08:54:35+00:00\",\"mainEntityOfPage\":{\"@id\":\"https:\\\/\\\/www.webdo.tn\\\/fr\\\/actualite\\\/culture\\\/festival-international-film-caire-belle-ceremonie-douverture\\\/199641\\\/\"},\"wordCount\":1221,\"commentCount\":0,\"publisher\":{\"@id\":\"https:\\\/\\\/www.webdo.tn\\\/fr\\\/#organization\"},\"image\":{\"@id\":\"https:\\\/\\\/www.webdo.tn\\\/fr\\\/actualite\\\/culture\\\/festival-international-film-caire-belle-ceremonie-douverture\\\/199641\\\/#primaryimage\"},\"thumbnailUrl\":\"https:\\\/\\\/www.webdo.tn\\\/fr\\\/wp-content\\\/uploads\\\/2016\\\/11\\\/Affiche.png\",\"keywords\":[\"guerre\"],\"articleSection\":[\"Culture\"],\"inLanguage\":\"fr-FR\"},{\"@type\":\"WebPage\",\"@id\":\"https:\\\/\\\/www.webdo.tn\\\/fr\\\/actualite\\\/culture\\\/festival-international-film-caire-belle-ceremonie-douverture\\\/199641\\\/\",\"url\":\"https:\\\/\\\/www.webdo.tn\\\/fr\\\/actualite\\\/culture\\\/festival-international-film-caire-belle-ceremonie-douverture\\\/199641\\\/\",\"name\":\"Festival International du Film du Caire - Une belle c\u00e9r\u00e9monie d'ouverture !\",\"isPartOf\":{\"@id\":\"https:\\\/\\\/www.webdo.tn\\\/fr\\\/#website\"},\"primaryImageOfPage\":{\"@id\":\"https:\\\/\\\/www.webdo.tn\\\/fr\\\/actualite\\\/culture\\\/festival-international-film-caire-belle-ceremonie-douverture\\\/199641\\\/#primaryimage\"},\"image\":{\"@id\":\"https:\\\/\\\/www.webdo.tn\\\/fr\\\/actualite\\\/culture\\\/festival-international-film-caire-belle-ceremonie-douverture\\\/199641\\\/#primaryimage\"},\"thumbnailUrl\":\"https:\\\/\\\/www.webdo.tn\\\/fr\\\/wp-content\\\/uploads\\\/2016\\\/11\\\/Affiche.png\",\"datePublished\":\"2016-11-18T14:47:00+00:00\",\"dateModified\":\"2025-05-19T08:54:35+00:00\",\"description\":\"Festival International du Film du Caire - Une belle c\u00e9r\u00e9monie d'ouverture !\",\"breadcrumb\":{\"@id\":\"https:\\\/\\\/www.webdo.tn\\\/fr\\\/actualite\\\/culture\\\/festival-international-film-caire-belle-ceremonie-douverture\\\/199641\\\/#breadcrumb\"},\"inLanguage\":\"fr-FR\",\"potentialAction\":[{\"@type\":\"ReadAction\",\"target\":[\"https:\\\/\\\/www.webdo.tn\\\/fr\\\/actualite\\\/culture\\\/festival-international-film-caire-belle-ceremonie-douverture\\\/199641\\\/\"]}]},{\"@type\":\"ImageObject\",\"inLanguage\":\"fr-FR\",\"@id\":\"https:\\\/\\\/www.webdo.tn\\\/fr\\\/actualite\\\/culture\\\/festival-international-film-caire-belle-ceremonie-douverture\\\/199641\\\/#primaryimage\",\"url\":\"https:\\\/\\\/www.webdo.tn\\\/fr\\\/wp-content\\\/uploads\\\/2016\\\/11\\\/Affiche.png\",\"contentUrl\":\"https:\\\/\\\/www.webdo.tn\\\/fr\\\/wp-content\\\/uploads\\\/2016\\\/11\\\/Affiche.png\",\"width\":851,\"height\":315,\"caption\":\"Festival International du Film du Caire - Une belle c\u00e9r\u00e9monie d'ouverture !\"},{\"@type\":\"BreadcrumbList\",\"@id\":\"https:\\\/\\\/www.webdo.tn\\\/fr\\\/actualite\\\/culture\\\/festival-international-film-caire-belle-ceremonie-douverture\\\/199641\\\/#breadcrumb\",\"itemListElement\":[{\"@type\":\"ListItem\",\"position\":1,\"name\":\"Accueil\",\"item\":\"https:\\\/\\\/www.webdo.tn\\\/fr\\\/\"},{\"@type\":\"ListItem\",\"position\":2,\"name\":\"Festival International du Film du Caire &#8211; Une belle c\u00e9r\u00e9monie d&rsquo;ouverture !\"}]},{\"@type\":\"WebSite\",\"@id\":\"https:\\\/\\\/www.webdo.tn\\\/fr\\\/#website\",\"url\":\"https:\\\/\\\/www.webdo.tn\\\/fr\\\/\",\"name\":\"webdo\",\"description\":\"Tunisie - News en Tunisie et \u00e0 l&#039;international sur Webdo.tn\",\"publisher\":{\"@id\":\"https:\\\/\\\/www.webdo.tn\\\/fr\\\/#organization\"},\"potentialAction\":[{\"@type\":\"SearchAction\",\"target\":{\"@type\":\"EntryPoint\",\"urlTemplate\":\"https:\\\/\\\/www.webdo.tn\\\/fr\\\/?s={search_term_string}\"},\"query-input\":{\"@type\":\"PropertyValueSpecification\",\"valueRequired\":true,\"valueName\":\"search_term_string\"}}],\"inLanguage\":\"fr-FR\"},{\"@type\":\"Organization\",\"@id\":\"https:\\\/\\\/www.webdo.tn\\\/fr\\\/#organization\",\"name\":\"Webdo\",\"alternateName\":\"Webdo.tn\",\"url\":\"https:\\\/\\\/www.webdo.tn\\\/fr\\\/\",\"logo\":{\"@type\":\"ImageObject\",\"inLanguage\":\"fr-FR\",\"@id\":\"https:\\\/\\\/www.webdo.tn\\\/fr\\\/#\\\/schema\\\/logo\\\/image\\\/\",\"url\":\"https:\\\/\\\/www.webdo.tn\\\/fr\\\/wp-content\\\/uploads\\\/2025\\\/06\\\/Webdo-Tunisie_168377.jpg\",\"contentUrl\":\"https:\\\/\\\/www.webdo.tn\\\/fr\\\/wp-content\\\/uploads\\\/2025\\\/06\\\/Webdo-Tunisie_168377.jpg\",\"width\":301,\"height\":301,\"caption\":\"Webdo\"},\"image\":{\"@id\":\"https:\\\/\\\/www.webdo.tn\\\/fr\\\/#\\\/schema\\\/logo\\\/image\\\/\"},\"sameAs\":[\"https:\\\/\\\/www.facebook.com\\\/webdotn\",\"https:\\\/\\\/x.com\\\/webdo_tn\"],\"description\":\"Webdo est un m\u00e9dia num\u00e9rique tunisien fond\u00e9 en 2010, sp\u00e9cialis\u00e9 dans l\u2019actualit\u00e9 nationale et internationale, l\u2019\u00e9conomie, la soci\u00e9t\u00e9 et les analyses politiques. Le site s\u2019adresse \u00e0 un large public francophone et couvre l\u2019information tunisienne en temps r\u00e9el.\",\"email\":\"redac@webdo.tn\",\"legalName\":\"YNJ SARL\",\"foundingDate\":\"2010-09-06\",\"numberOfEmployees\":{\"@type\":\"QuantitativeValue\",\"minValue\":\"11\",\"maxValue\":\"50\"}},{\"@type\":\"Person\",\"@id\":\"https:\\\/\\\/www.webdo.tn\\\/fr\\\/#\\\/schema\\\/person\\\/60d5ba619ed3f58783b0dc82b7dada80\",\"name\":\"Ne\u00efla DRISS\",\"image\":{\"@type\":\"ImageObject\",\"inLanguage\":\"fr-FR\",\"@id\":\"https:\\\/\\\/www.webdo.tn\\\/fr\\\/wp-content\\\/uploads\\\/2026\\\/04\\\/neila-driss_avatar-96x96.jpg\",\"url\":\"https:\\\/\\\/www.webdo.tn\\\/fr\\\/wp-content\\\/uploads\\\/2026\\\/04\\\/neila-driss_avatar-96x96.jpg\",\"contentUrl\":\"https:\\\/\\\/www.webdo.tn\\\/fr\\\/wp-content\\\/uploads\\\/2026\\\/04\\\/neila-driss_avatar-96x96.jpg\",\"caption\":\"Ne\u00efla DRISS\"},\"description\":\"Ne\u00efla Driss est juriste, journaliste culturelle et critique de cin\u00e9ma tunisienne. Titulaire d\u2019un DEA en droit priv\u00e9 de l\u2019Universit\u00e9 Paris II et d\u2019un DESS de l\u2019IHEC Carthage, elle d\u00e9bute sa carri\u00e8re comme juriste sp\u00e9cialis\u00e9e en gestion de patrimoine immobilier. Elle s\u2019oriente ensuite vers l\u2019\u00e9criture en ligne, o\u00f9 elle se distingue d\u00e8s 2006 aux Tunisia Blog Awards, avant de se consacrer au journalisme culturel, avec une sp\u00e9cialisation dans la critique cin\u00e9matographique. Elle couvre r\u00e9guli\u00e8rement les grands festivals internationaux, notamment le Festival de Cannes, les Journ\u00e9es Cin\u00e9matographiques de Carthage et le Festival du film du Caire. Membre de l\u2019ATPCC et de la FIPRESCI, elle participe \u00e0 des jurys et initiatives internationales de critique. Depuis 2024, elle est \u00e9lectrice internationale aux Golden Globes. Facebook : https:\\\/\\\/www.facebook.com\\\/massir.destiniii\\\/ X : https:\\\/\\\/x.com\\\/MassirDestin\",\"sameAs\":[\"https:\\\/\\\/www.facebook.com\\\/massir.destiniii\\\/\",\"https:\\\/\\\/www.instagram.com\\\/neila.driss\\\/?hl=fr\",\"https:\\\/\\\/www.linkedin.com\\\/in\\\/neila-driss-22606a80\\\/\",\"https:\\\/\\\/x.com\\\/https:\\\/\\\/x.com\\\/MassirDestin\"],\"knowsAbout\":[\"Cin\u00e9ma international\",\"critique cin\u00e9matographique\",\"festivals de cin\u00e9ma\",\"journalisme culturel\"],\"knowsLanguage\":[\"Fran\u00e7ais\",\"Arabe\",\"Anglais\"],\"jobTitle\":\"Journaliste culturelle et critique de cin\u00e9ma\",\"worksFor\":\"Webdo\",\"url\":\"https:\\\/\\\/www.webdo.tn\\\/fr\\\/actualite\\\/author\\\/neila-driss\\\/\"}]}<\/script>\n<!-- \/ Yoast SEO Premium plugin. -->","yoast_head_json":{"title":"Festival International du Film du Caire - Une belle c\u00e9r\u00e9monie d'ouverture !","description":"Festival International du Film du Caire - Une belle c\u00e9r\u00e9monie d'ouverture !","canonical":"https:\/\/www.webdo.tn\/fr\/actualite\/culture\/festival-international-film-caire-belle-ceremonie-douverture\/199641\/","og_locale":"fr_FR","og_type":"article","og_title":"Festival International du Film du Caire - Une belle c\u00e9r\u00e9monie d'ouverture !","og_description":"Festival International du Film du Caire - Une belle c\u00e9r\u00e9monie d'ouverture !","og_url":"https:\/\/www.webdo.tn\/fr\/actualite\/culture\/festival-international-film-caire-belle-ceremonie-douverture\/199641\/","og_site_name":"webdo","article_publisher":"https:\/\/www.facebook.com\/webdotn","article_author":"https:\/\/www.facebook.com\/massir.destiniii\/","article_published_time":"2016-11-18T14:47:00+00:00","article_modified_time":"2025-05-19T08:54:35+00:00","og_image":[{"width":851,"height":315,"url":"https:\/\/www.webdo.tn\/fr\/wp-content\/uploads\/2016\/11\/Affiche.png","type":"image\/png"}],"author":"Ne\u00efla DRISS","twitter_card":"summary_large_image","twitter_creator":"@https:\/\/x.com\/MassirDestin","twitter_site":"@webdo_tn","twitter_misc":{"\u00c9crit par":"Ne\u00efla DRISS","Dur\u00e9e de lecture estim\u00e9e":"6 minutes"},"schema":{"@context":"https:\/\/schema.org","@graph":[{"@type":"NewsArticle","@id":"https:\/\/www.webdo.tn\/fr\/actualite\/culture\/festival-international-film-caire-belle-ceremonie-douverture\/199641\/#article","isPartOf":{"@id":"https:\/\/www.webdo.tn\/fr\/actualite\/culture\/festival-international-film-caire-belle-ceremonie-douverture\/199641\/"},"author":{"name":"Ne\u00efla DRISS","@id":"https:\/\/www.webdo.tn\/fr\/#\/schema\/person\/60d5ba619ed3f58783b0dc82b7dada80"},"headline":"Festival International du Film du Caire &#8211; Une belle c\u00e9r\u00e9monie d&rsquo;ouverture !","datePublished":"2016-11-18T14:47:00+00:00","dateModified":"2025-05-19T08:54:35+00:00","mainEntityOfPage":{"@id":"https:\/\/www.webdo.tn\/fr\/actualite\/culture\/festival-international-film-caire-belle-ceremonie-douverture\/199641\/"},"wordCount":1221,"commentCount":0,"publisher":{"@id":"https:\/\/www.webdo.tn\/fr\/#organization"},"image":{"@id":"https:\/\/www.webdo.tn\/fr\/actualite\/culture\/festival-international-film-caire-belle-ceremonie-douverture\/199641\/#primaryimage"},"thumbnailUrl":"https:\/\/www.webdo.tn\/fr\/wp-content\/uploads\/2016\/11\/Affiche.png","keywords":["guerre"],"articleSection":["Culture"],"inLanguage":"fr-FR"},{"@type":"WebPage","@id":"https:\/\/www.webdo.tn\/fr\/actualite\/culture\/festival-international-film-caire-belle-ceremonie-douverture\/199641\/","url":"https:\/\/www.webdo.tn\/fr\/actualite\/culture\/festival-international-film-caire-belle-ceremonie-douverture\/199641\/","name":"Festival International du Film du Caire - Une belle c\u00e9r\u00e9monie d'ouverture !","isPartOf":{"@id":"https:\/\/www.webdo.tn\/fr\/#website"},"primaryImageOfPage":{"@id":"https:\/\/www.webdo.tn\/fr\/actualite\/culture\/festival-international-film-caire-belle-ceremonie-douverture\/199641\/#primaryimage"},"image":{"@id":"https:\/\/www.webdo.tn\/fr\/actualite\/culture\/festival-international-film-caire-belle-ceremonie-douverture\/199641\/#primaryimage"},"thumbnailUrl":"https:\/\/www.webdo.tn\/fr\/wp-content\/uploads\/2016\/11\/Affiche.png","datePublished":"2016-11-18T14:47:00+00:00","dateModified":"2025-05-19T08:54:35+00:00","description":"Festival International du Film du Caire - Une belle c\u00e9r\u00e9monie d'ouverture !","breadcrumb":{"@id":"https:\/\/www.webdo.tn\/fr\/actualite\/culture\/festival-international-film-caire-belle-ceremonie-douverture\/199641\/#breadcrumb"},"inLanguage":"fr-FR","potentialAction":[{"@type":"ReadAction","target":["https:\/\/www.webdo.tn\/fr\/actualite\/culture\/festival-international-film-caire-belle-ceremonie-douverture\/199641\/"]}]},{"@type":"ImageObject","inLanguage":"fr-FR","@id":"https:\/\/www.webdo.tn\/fr\/actualite\/culture\/festival-international-film-caire-belle-ceremonie-douverture\/199641\/#primaryimage","url":"https:\/\/www.webdo.tn\/fr\/wp-content\/uploads\/2016\/11\/Affiche.png","contentUrl":"https:\/\/www.webdo.tn\/fr\/wp-content\/uploads\/2016\/11\/Affiche.png","width":851,"height":315,"caption":"Festival International du Film du Caire - Une belle c\u00e9r\u00e9monie d'ouverture !"},{"@type":"BreadcrumbList","@id":"https:\/\/www.webdo.tn\/fr\/actualite\/culture\/festival-international-film-caire-belle-ceremonie-douverture\/199641\/#breadcrumb","itemListElement":[{"@type":"ListItem","position":1,"name":"Accueil","item":"https:\/\/www.webdo.tn\/fr\/"},{"@type":"ListItem","position":2,"name":"Festival International du Film du Caire &#8211; Une belle c\u00e9r\u00e9monie d&rsquo;ouverture !"}]},{"@type":"WebSite","@id":"https:\/\/www.webdo.tn\/fr\/#website","url":"https:\/\/www.webdo.tn\/fr\/","name":"webdo","description":"Tunisie - News en Tunisie et \u00e0 l&#039;international sur Webdo.tn","publisher":{"@id":"https:\/\/www.webdo.tn\/fr\/#organization"},"potentialAction":[{"@type":"SearchAction","target":{"@type":"EntryPoint","urlTemplate":"https:\/\/www.webdo.tn\/fr\/?s={search_term_string}"},"query-input":{"@type":"PropertyValueSpecification","valueRequired":true,"valueName":"search_term_string"}}],"inLanguage":"fr-FR"},{"@type":"Organization","@id":"https:\/\/www.webdo.tn\/fr\/#organization","name":"Webdo","alternateName":"Webdo.tn","url":"https:\/\/www.webdo.tn\/fr\/","logo":{"@type":"ImageObject","inLanguage":"fr-FR","@id":"https:\/\/www.webdo.tn\/fr\/#\/schema\/logo\/image\/","url":"https:\/\/www.webdo.tn\/fr\/wp-content\/uploads\/2025\/06\/Webdo-Tunisie_168377.jpg","contentUrl":"https:\/\/www.webdo.tn\/fr\/wp-content\/uploads\/2025\/06\/Webdo-Tunisie_168377.jpg","width":301,"height":301,"caption":"Webdo"},"image":{"@id":"https:\/\/www.webdo.tn\/fr\/#\/schema\/logo\/image\/"},"sameAs":["https:\/\/www.facebook.com\/webdotn","https:\/\/x.com\/webdo_tn"],"description":"Webdo est un m\u00e9dia num\u00e9rique tunisien fond\u00e9 en 2010, sp\u00e9cialis\u00e9 dans l\u2019actualit\u00e9 nationale et internationale, l\u2019\u00e9conomie, la soci\u00e9t\u00e9 et les analyses politiques. Le site s\u2019adresse \u00e0 un large public francophone et couvre l\u2019information tunisienne en temps r\u00e9el.","email":"redac@webdo.tn","legalName":"YNJ SARL","foundingDate":"2010-09-06","numberOfEmployees":{"@type":"QuantitativeValue","minValue":"11","maxValue":"50"}},{"@type":"Person","@id":"https:\/\/www.webdo.tn\/fr\/#\/schema\/person\/60d5ba619ed3f58783b0dc82b7dada80","name":"Ne\u00efla DRISS","image":{"@type":"ImageObject","inLanguage":"fr-FR","@id":"https:\/\/www.webdo.tn\/fr\/wp-content\/uploads\/2026\/04\/neila-driss_avatar-96x96.jpg","url":"https:\/\/www.webdo.tn\/fr\/wp-content\/uploads\/2026\/04\/neila-driss_avatar-96x96.jpg","contentUrl":"https:\/\/www.webdo.tn\/fr\/wp-content\/uploads\/2026\/04\/neila-driss_avatar-96x96.jpg","caption":"Ne\u00efla DRISS"},"description":"Ne\u00efla Driss est juriste, journaliste culturelle et critique de cin\u00e9ma tunisienne. Titulaire d\u2019un DEA en droit priv\u00e9 de l\u2019Universit\u00e9 Paris II et d\u2019un DESS de l\u2019IHEC Carthage, elle d\u00e9bute sa carri\u00e8re comme juriste sp\u00e9cialis\u00e9e en gestion de patrimoine immobilier. Elle s\u2019oriente ensuite vers l\u2019\u00e9criture en ligne, o\u00f9 elle se distingue d\u00e8s 2006 aux Tunisia Blog Awards, avant de se consacrer au journalisme culturel, avec une sp\u00e9cialisation dans la critique cin\u00e9matographique. Elle couvre r\u00e9guli\u00e8rement les grands festivals internationaux, notamment le Festival de Cannes, les Journ\u00e9es Cin\u00e9matographiques de Carthage et le Festival du film du Caire. Membre de l\u2019ATPCC et de la FIPRESCI, elle participe \u00e0 des jurys et initiatives internationales de critique. Depuis 2024, elle est \u00e9lectrice internationale aux Golden Globes. Facebook : https:\/\/www.facebook.com\/massir.destiniii\/ X : https:\/\/x.com\/MassirDestin","sameAs":["https:\/\/www.facebook.com\/massir.destiniii\/","https:\/\/www.instagram.com\/neila.driss\/?hl=fr","https:\/\/www.linkedin.com\/in\/neila-driss-22606a80\/","https:\/\/x.com\/https:\/\/x.com\/MassirDestin"],"knowsAbout":["Cin\u00e9ma international","critique cin\u00e9matographique","festivals de cin\u00e9ma","journalisme culturel"],"knowsLanguage":["Fran\u00e7ais","Arabe","Anglais"],"jobTitle":"Journaliste culturelle et critique de cin\u00e9ma","worksFor":"Webdo","url":"https:\/\/www.webdo.tn\/fr\/actualite\/author\/neila-driss\/"}]}},"_links":{"self":[{"href":"https:\/\/www.webdo.tn\/fr\/wp-json\/wp\/v2\/posts\/199641","targetHints":{"allow":["GET"]}}],"collection":[{"href":"https:\/\/www.webdo.tn\/fr\/wp-json\/wp\/v2\/posts"}],"about":[{"href":"https:\/\/www.webdo.tn\/fr\/wp-json\/wp\/v2\/types\/post"}],"author":[{"embeddable":true,"href":"https:\/\/www.webdo.tn\/fr\/wp-json\/wp\/v2\/users\/3164"}],"replies":[{"embeddable":true,"href":"https:\/\/www.webdo.tn\/fr\/wp-json\/wp\/v2\/comments?post=199641"}],"version-history":[{"count":0,"href":"https:\/\/www.webdo.tn\/fr\/wp-json\/wp\/v2\/posts\/199641\/revisions"}],"wp:featuredmedia":[{"embeddable":true,"href":"https:\/\/www.webdo.tn\/fr\/wp-json\/wp\/v2\/media\/312305"}],"wp:attachment":[{"href":"https:\/\/www.webdo.tn\/fr\/wp-json\/wp\/v2\/media?parent=199641"}],"wp:term":[{"taxonomy":"category","embeddable":true,"href":"https:\/\/www.webdo.tn\/fr\/wp-json\/wp\/v2\/categories?post=199641"},{"taxonomy":"post_tag","embeddable":true,"href":"https:\/\/www.webdo.tn\/fr\/wp-json\/wp\/v2\/tags?post=199641"}],"curies":[{"name":"wp","href":"https:\/\/api.w.org\/{rel}","templated":true}]}}