{"id":199640,"date":"2016-11-16T13:50:00","date_gmt":"2016-11-16T13:50:00","guid":{"rendered":"https:\/\/www.webdo.tn\/fr\/blog\/ladieu-a-mahmoud-abdelaziz\/199640\/"},"modified":"2025-05-19T08:54:59","modified_gmt":"2025-05-19T08:54:59","slug":"ladieu-a-mahmoud-abdelaziz","status":"publish","type":"post","link":"https:\/\/www.webdo.tn\/fr\/actualite\/culture\/ladieu-a-mahmoud-abdelaziz\/199640\/","title":{"rendered":"Festival International du Film du Caire &#8211; L&rsquo;adieu \u00e0 Mahmoud Abdelaziz"},"content":{"rendered":"<div class=\"single-body entry-content typography-copy\" itemprop=\"articleBody\">\n<p style=\"font-weight: bold; text-align: justify\">\n<div class=\"coprs\" style=\"text-align: center\"><\/div>\n<div class=\"coprs\" style=\"text-align: justify\">\n<p>Le F<a href=\"http:\/\/ciff.org.eg\/en\">estival International du Film du Caire (CIFF<\/a>) a rendu hommage \u00e0 feu Mahmoud Abdelaziz qui vient de d\u00e9c\u00e9der samedi 12 novembre suite \u00e0 une longue maladie.<\/p>\n<p>Dans un communiqu\u00e9 de presse dat\u00e9 du 14 novembre, Mme Magda Wassef, Pr\u00e9sidente du festival, a tenu \u00e0 pr\u00e9senter, en son nom et au nom de toute l&rsquo;\u00e9quipe du festival, ses sinc\u00e8res condol\u00e9ances \u00e0 la famille de l&rsquo;artiste, \u00e0 tout le peuple \u00c9gyptien, et \u00e0 tout le monde arabe.<\/p>\n<p>Elle a \u00e9galement annonc\u00e9 que cette 38\u00e8me \u00e9dition, qui se tient du 15 au 24 novembre 2016, sera d\u00e9di\u00e9e au nom et \u00e0 l&rsquo;\u00e2me du cette grande star.<\/p>\n<p>Feu Mahmoud Abdelaziz a commenc\u00e9 sa carri\u00e8re au d\u00e9but des ann\u00e9es 1970 \u00e0 la t\u00e9l\u00e9vision. Son talent a rapidement attir\u00e9 l&rsquo;attention des r\u00e9alisateurs et producteurs et il a rapidement commenc\u00e9 \u00e0 jouer dans divers films, allant m\u00eame jusqu&rsquo;\u00e0 trois films par an.<\/p>\n<p>Il a r\u00e9ellement commenc\u00e9 \u00e0 conna\u00eetre le succ\u00e8s gr\u00e2ce \u00e0 son film <em>La honte<\/em> en 1982, qui a \u00e9t\u00e9 suivi par d&rsquo;autres films \u00e0 succ\u00e8s, tels <em>L&rsquo;appartement revient \u00e0 l&rsquo;\u00e9pouse<\/em> ou <em>Le plaisir<\/em>&#8230;<\/p>\n<p>Son r\u00f4le le plus important reste celui du cheikh aveugle et sympathique r\u00eavant de conduire une moto dans le film <em>Kit Kat<\/em>\u00a0(1991) de Daoud Abdel Sayed.<\/p>\n<figure id=\"attachment_142402\" aria-describedby=\"caption-attachment-142402\" style=\"width: 300px\" class=\"wp-caption alignright\"><img decoding=\"async\" class=\"wp-image-142402 size-medium\" src=\"http:\/\/www.webdo.tn\/wp-content\/uploads\/2016\/11\/Mahmoud-Abdelaziz-2-300x150.jpg\" alt=\"mahmoud-abdelaziz-2\" width=\"300\" height=\"150\"><figcaption id=\"caption-attachment-142402\" class=\"wp-caption-text\">Mahmoud Abdelaziz<\/figcaption><\/figure>\n<p>En 2001, il va s\u00e9duire son public avec son r\u00f4le dans <em>Le magicien<\/em> de Radwan Al Kashif qui lui a valu son surnom de magicien du cin\u00e9ma.<\/p>\n<p>Les Tunisiens ont fait connaissance de Mahmoud Abdelaziz en 1976 gr\u00e2ce au feuilleton <em>Al laquita<\/em>, mais surtout gr\u00e2ce \u00e0 son r\u00f4le dans le c\u00e9l\u00e8bre feuilleton <em>Rafat il hajjene<\/em> (1987) dans lequel il incarnait un espion \u00e9gyptien qui aurait infiltr\u00e9 les services de renseignements isra\u00e9liens.<\/p>\n<p>Mahmoud Abdelaziz est le p\u00e8re des deux acteurs Karim et Mohamed Mahmoud Abdelaziz.<\/p>\n<p>L&rsquo;acteur a \u00e9t\u00e9 inhum\u00e9 dimanche 13 novembre. Ce mercredi, une c\u00e9r\u00e9monie de condol\u00e9ances aura lieu \u00e0 la mosqu\u00e9e Cheikh Zaied.<\/p>\n<p>Par ailleurs, hier soir, lors de la c\u00e9r\u00e9monie d&rsquo;ouverture du Festival, un hommage \u00e0 \u00e9t\u00e9 rendu \u00e0 Mahmoud Abdelaziz, avec la projection d&rsquo;une vid\u00e9o retra\u00e7ant sa carri\u00e8re. Et en signe de deuil, le diner gala qui \u00e9tait pr\u00e9vu apr\u00e8s la c\u00e9r\u00e9monie avait \u00e9t\u00e9 annul\u00e9.<\/p>\n<p>De son cot\u00e9, avant de commencer son allocution de bienvenue, le Ministre de la Culture a demand\u00e9 aux invit\u00e9s d&rsquo;observer une minute de silence.<\/p>\n<p>Que Mahmoud Abdelaziz repose en paix au Paradis des Artistes.<\/p>\n<p>Adieu Magicien, nous ne t&rsquo;oublierons pas !!!<\/p>\n<p><strong>Neila Driss<\/strong><\/p>\n<p>\u00a0<\/p>\n<p><em>Lire sur le m\u00eame sujet:<\/em><\/p>\n<ul>\n<li><a title=\"Festival International du Film du Caire : Une belle c\u00e9r\u00e9monie d\u2019ouverture !\" href=\"http:\/\/www.webdo.tn\/2016\/11\/18\/festival-international-film-caire-belle-ceremonie-douverture\/\" rel=\"bookmark\">Festival International du Film du Caire : Une belle c\u00e9r\u00e9monie d\u2019ouverture !<\/a><\/li>\n<li><a title=\"Festival International du Film du Caire : Clash\u2026 et r\u00e9conciliation ?\" href=\"http:\/\/www.webdo.tn\/2016\/11\/22\/festival-international-film-caire-clash-reconciliation\/\" rel=\"bookmark\">Festival International du Film du Caire : Clash\u2026et r\u00e9conciliation?<\/a><\/li>\n<li><a title=\"Festival International du Film du Caire \u2013 Nous sommes de parfaits \u00e9trangers !\" href=\"http:\/\/www.webdo.tn\/2016\/11\/25\/festival-international-du-film-du-caire-nous-sommes-de-parfaits-etrangers\/\" rel=\"bookmark\">Festival International du Film du Caire \u2013 Nous sommes de parfaits \u00e9trangers!<\/a><\/li>\n<li><a title=\"Gamal Abdel Nasser : une controverse qui dure\u2026\" href=\"http:\/\/www.webdo.tn\/2016\/12\/01\/gamal-abdel-nasser-une-controverse-qui-dure\/\" rel=\"bookmark\">Gamal Abdel Nasser : une controverse qui dure\u2026<\/a><\/li>\n<li><a title=\"Festival International du Film du Caire \u2013 We are Egyptian Armenians\" href=\"http:\/\/www.webdo.tn\/2016\/12\/05\/festival-international-du-film-du-caire-we-are-egyptian-armenians\/\" rel=\"bookmark\">Festival International du Film du Caire \u2013 We are Egyptian Armenians<\/a><\/li>\n<li><a title=\"Hommage au petit Omar, victime de la b\u00eatise humaine\" href=\"http:\/\/www.webdo.tn\/2016\/12\/10\/hommage-au-petit-omar-victime-de-la-betise-humaine\/\" rel=\"bookmark\">Hommage au petit Omar, victime de la b\u00eatise humaine<\/a><\/li>\n<\/ul>\n<h3><\/h3>\n<p><strong>\u00a0<\/strong><\/p>\n<\/p><\/div>\n<div class=\"coprs\" style=\"text-align: center\"><\/div><\/div>\n","protected":false},"excerpt":{"rendered":"<p>Festival International du Film du Caire &#8211; L&rsquo;adieu \u00e0 Mahmoud Abdelaziz<\/p>\n","protected":false},"author":3164,"featured_media":312343,"comment_status":"open","ping_status":"closed","sticky":false,"template":"","format":"standard","meta":{"footnotes":""},"categories":[2594],"tags":[2600],"class_list":["post-199640","post","type-post","status-publish","format-standard","has-post-thumbnail","hentry","category-culture","tag-guerre"],"yoast_head":"<!-- This site is optimized with the Yoast SEO Premium plugin v27.5 (Yoast SEO v27.5) - https:\/\/yoast.com\/product\/yoast-seo-premium-wordpress\/ -->\n<title>Festival International du Film du Caire - L&#039;adieu \u00e0 Mahmoud Abdelaziz<\/title>\n<meta name=\"description\" content=\"Festival International du Film du Caire - L&#039;adieu \u00e0 Mahmoud Abdelaziz\" \/>\n<link rel=\"canonical\" href=\"https:\/\/www.webdo.tn\/fr\/actualite\/culture\/ladieu-a-mahmoud-abdelaziz\/199640\/\" \/>\n<meta property=\"og:locale\" content=\"fr_FR\" \/>\n<meta property=\"og:type\" content=\"article\" \/>\n<meta property=\"og:title\" content=\"Festival International du Film du Caire - L&#039;adieu \u00e0 Mahmoud Abdelaziz\" \/>\n<meta property=\"og:description\" content=\"Festival International du Film du Caire - L&#039;adieu \u00e0 Mahmoud Abdelaziz\" \/>\n<meta property=\"og:url\" content=\"https:\/\/www.webdo.tn\/fr\/actualite\/culture\/ladieu-a-mahmoud-abdelaziz\/199640\/\" \/>\n<meta property=\"og:site_name\" content=\"webdo\" \/>\n<meta property=\"article:publisher\" content=\"https:\/\/www.facebook.com\/webdotn\" \/>\n<meta property=\"article:author\" content=\"https:\/\/www.facebook.com\/massir.destiniii\/\" \/>\n<meta property=\"article:published_time\" content=\"2016-11-16T13:50:00+00:00\" \/>\n<meta property=\"article:modified_time\" content=\"2025-05-19T08:54:59+00:00\" \/>\n<meta property=\"og:image\" content=\"https:\/\/www.webdo.tn\/fr\/wp-content\/uploads\/2016\/11\/Mahmoud-Abdelaziz.jpg\" \/>\n\t<meta property=\"og:image:width\" content=\"640\" \/>\n\t<meta property=\"og:image:height\" content=\"320\" \/>\n\t<meta property=\"og:image:type\" content=\"image\/jpeg\" \/>\n<meta name=\"author\" content=\"Ne\u00efla DRISS\" \/>\n<meta name=\"twitter:card\" content=\"summary_large_image\" \/>\n<meta name=\"twitter:creator\" content=\"@https:\/\/x.com\/MassirDestin\" \/>\n<meta name=\"twitter:site\" content=\"@webdo_tn\" \/>\n<meta name=\"twitter:label1\" content=\"\u00c9crit par\" \/>\n\t<meta name=\"twitter:data1\" content=\"Ne\u00efla DRISS\" \/>\n\t<meta name=\"twitter:label2\" content=\"Dur\u00e9e de lecture estim\u00e9e\" \/>\n\t<meta name=\"twitter:data2\" content=\"2 minutes\" \/>\n<script type=\"application\/ld+json\" class=\"yoast-schema-graph\">{\"@context\":\"https:\\\/\\\/schema.org\",\"@graph\":[{\"@type\":\"NewsArticle\",\"@id\":\"https:\\\/\\\/www.webdo.tn\\\/fr\\\/actualite\\\/culture\\\/ladieu-a-mahmoud-abdelaziz\\\/199640\\\/#article\",\"isPartOf\":{\"@id\":\"https:\\\/\\\/www.webdo.tn\\\/fr\\\/actualite\\\/culture\\\/ladieu-a-mahmoud-abdelaziz\\\/199640\\\/\"},\"author\":{\"name\":\"Ne\u00efla DRISS\",\"@id\":\"https:\\\/\\\/www.webdo.tn\\\/fr\\\/#\\\/schema\\\/person\\\/60d5ba619ed3f58783b0dc82b7dada80\"},\"headline\":\"Festival International du Film du Caire &#8211; L&rsquo;adieu \u00e0 Mahmoud Abdelaziz\",\"datePublished\":\"2016-11-16T13:50:00+00:00\",\"dateModified\":\"2025-05-19T08:54:59+00:00\",\"mainEntityOfPage\":{\"@id\":\"https:\\\/\\\/www.webdo.tn\\\/fr\\\/actualite\\\/culture\\\/ladieu-a-mahmoud-abdelaziz\\\/199640\\\/\"},\"wordCount\":512,\"commentCount\":0,\"publisher\":{\"@id\":\"https:\\\/\\\/www.webdo.tn\\\/fr\\\/#organization\"},\"image\":{\"@id\":\"https:\\\/\\\/www.webdo.tn\\\/fr\\\/actualite\\\/culture\\\/ladieu-a-mahmoud-abdelaziz\\\/199640\\\/#primaryimage\"},\"thumbnailUrl\":\"https:\\\/\\\/www.webdo.tn\\\/fr\\\/wp-content\\\/uploads\\\/2016\\\/11\\\/Mahmoud-Abdelaziz.jpg\",\"keywords\":[\"guerre\"],\"articleSection\":[\"Culture\"],\"inLanguage\":\"fr-FR\"},{\"@type\":\"WebPage\",\"@id\":\"https:\\\/\\\/www.webdo.tn\\\/fr\\\/actualite\\\/culture\\\/ladieu-a-mahmoud-abdelaziz\\\/199640\\\/\",\"url\":\"https:\\\/\\\/www.webdo.tn\\\/fr\\\/actualite\\\/culture\\\/ladieu-a-mahmoud-abdelaziz\\\/199640\\\/\",\"name\":\"Festival International du Film du Caire - L'adieu \u00e0 Mahmoud Abdelaziz\",\"isPartOf\":{\"@id\":\"https:\\\/\\\/www.webdo.tn\\\/fr\\\/#website\"},\"primaryImageOfPage\":{\"@id\":\"https:\\\/\\\/www.webdo.tn\\\/fr\\\/actualite\\\/culture\\\/ladieu-a-mahmoud-abdelaziz\\\/199640\\\/#primaryimage\"},\"image\":{\"@id\":\"https:\\\/\\\/www.webdo.tn\\\/fr\\\/actualite\\\/culture\\\/ladieu-a-mahmoud-abdelaziz\\\/199640\\\/#primaryimage\"},\"thumbnailUrl\":\"https:\\\/\\\/www.webdo.tn\\\/fr\\\/wp-content\\\/uploads\\\/2016\\\/11\\\/Mahmoud-Abdelaziz.jpg\",\"datePublished\":\"2016-11-16T13:50:00+00:00\",\"dateModified\":\"2025-05-19T08:54:59+00:00\",\"description\":\"Festival International du Film du Caire - L'adieu \u00e0 Mahmoud Abdelaziz\",\"breadcrumb\":{\"@id\":\"https:\\\/\\\/www.webdo.tn\\\/fr\\\/actualite\\\/culture\\\/ladieu-a-mahmoud-abdelaziz\\\/199640\\\/#breadcrumb\"},\"inLanguage\":\"fr-FR\",\"potentialAction\":[{\"@type\":\"ReadAction\",\"target\":[\"https:\\\/\\\/www.webdo.tn\\\/fr\\\/actualite\\\/culture\\\/ladieu-a-mahmoud-abdelaziz\\\/199640\\\/\"]}]},{\"@type\":\"ImageObject\",\"inLanguage\":\"fr-FR\",\"@id\":\"https:\\\/\\\/www.webdo.tn\\\/fr\\\/actualite\\\/culture\\\/ladieu-a-mahmoud-abdelaziz\\\/199640\\\/#primaryimage\",\"url\":\"https:\\\/\\\/www.webdo.tn\\\/fr\\\/wp-content\\\/uploads\\\/2016\\\/11\\\/Mahmoud-Abdelaziz.jpg\",\"contentUrl\":\"https:\\\/\\\/www.webdo.tn\\\/fr\\\/wp-content\\\/uploads\\\/2016\\\/11\\\/Mahmoud-Abdelaziz.jpg\",\"width\":640,\"height\":320,\"caption\":\"Festival International du Film du Caire - L'adieu \u00e0 Mahmoud Abdelaziz\"},{\"@type\":\"BreadcrumbList\",\"@id\":\"https:\\\/\\\/www.webdo.tn\\\/fr\\\/actualite\\\/culture\\\/ladieu-a-mahmoud-abdelaziz\\\/199640\\\/#breadcrumb\",\"itemListElement\":[{\"@type\":\"ListItem\",\"position\":1,\"name\":\"Accueil\",\"item\":\"https:\\\/\\\/www.webdo.tn\\\/fr\\\/\"},{\"@type\":\"ListItem\",\"position\":2,\"name\":\"Festival International du Film du Caire &#8211; L&rsquo;adieu \u00e0 Mahmoud Abdelaziz\"}]},{\"@type\":\"WebSite\",\"@id\":\"https:\\\/\\\/www.webdo.tn\\\/fr\\\/#website\",\"url\":\"https:\\\/\\\/www.webdo.tn\\\/fr\\\/\",\"name\":\"webdo\",\"description\":\"Tunisie - News en Tunisie et \u00e0 l&#039;international sur Webdo.tn\",\"publisher\":{\"@id\":\"https:\\\/\\\/www.webdo.tn\\\/fr\\\/#organization\"},\"potentialAction\":[{\"@type\":\"SearchAction\",\"target\":{\"@type\":\"EntryPoint\",\"urlTemplate\":\"https:\\\/\\\/www.webdo.tn\\\/fr\\\/?s={search_term_string}\"},\"query-input\":{\"@type\":\"PropertyValueSpecification\",\"valueRequired\":true,\"valueName\":\"search_term_string\"}}],\"inLanguage\":\"fr-FR\"},{\"@type\":\"Organization\",\"@id\":\"https:\\\/\\\/www.webdo.tn\\\/fr\\\/#organization\",\"name\":\"Webdo\",\"alternateName\":\"Webdo.tn\",\"url\":\"https:\\\/\\\/www.webdo.tn\\\/fr\\\/\",\"logo\":{\"@type\":\"ImageObject\",\"inLanguage\":\"fr-FR\",\"@id\":\"https:\\\/\\\/www.webdo.tn\\\/fr\\\/#\\\/schema\\\/logo\\\/image\\\/\",\"url\":\"https:\\\/\\\/www.webdo.tn\\\/fr\\\/wp-content\\\/uploads\\\/2025\\\/06\\\/Webdo-Tunisie_168377.jpg\",\"contentUrl\":\"https:\\\/\\\/www.webdo.tn\\\/fr\\\/wp-content\\\/uploads\\\/2025\\\/06\\\/Webdo-Tunisie_168377.jpg\",\"width\":301,\"height\":301,\"caption\":\"Webdo\"},\"image\":{\"@id\":\"https:\\\/\\\/www.webdo.tn\\\/fr\\\/#\\\/schema\\\/logo\\\/image\\\/\"},\"sameAs\":[\"https:\\\/\\\/www.facebook.com\\\/webdotn\",\"https:\\\/\\\/x.com\\\/webdo_tn\"],\"description\":\"Webdo est un m\u00e9dia num\u00e9rique tunisien fond\u00e9 en 2010, sp\u00e9cialis\u00e9 dans l\u2019actualit\u00e9 nationale et internationale, l\u2019\u00e9conomie, la soci\u00e9t\u00e9 et les analyses politiques. Le site s\u2019adresse \u00e0 un large public francophone et couvre l\u2019information tunisienne en temps r\u00e9el.\",\"email\":\"redac@webdo.tn\",\"legalName\":\"YNJ SARL\",\"foundingDate\":\"2010-09-06\",\"numberOfEmployees\":{\"@type\":\"QuantitativeValue\",\"minValue\":\"11\",\"maxValue\":\"50\"}},{\"@type\":\"Person\",\"@id\":\"https:\\\/\\\/www.webdo.tn\\\/fr\\\/#\\\/schema\\\/person\\\/60d5ba619ed3f58783b0dc82b7dada80\",\"name\":\"Ne\u00efla DRISS\",\"image\":{\"@type\":\"ImageObject\",\"inLanguage\":\"fr-FR\",\"@id\":\"https:\\\/\\\/www.webdo.tn\\\/fr\\\/wp-content\\\/uploads\\\/2026\\\/04\\\/neila-driss_avatar-96x96.jpg\",\"url\":\"https:\\\/\\\/www.webdo.tn\\\/fr\\\/wp-content\\\/uploads\\\/2026\\\/04\\\/neila-driss_avatar-96x96.jpg\",\"contentUrl\":\"https:\\\/\\\/www.webdo.tn\\\/fr\\\/wp-content\\\/uploads\\\/2026\\\/04\\\/neila-driss_avatar-96x96.jpg\",\"caption\":\"Ne\u00efla DRISS\"},\"description\":\"Ne\u00efla Driss est juriste, journaliste culturelle et critique de cin\u00e9ma tunisienne. Titulaire d\u2019un DEA en droit priv\u00e9 de l\u2019Universit\u00e9 Paris II et d\u2019un DESS de l\u2019IHEC Carthage, elle d\u00e9bute sa carri\u00e8re comme juriste sp\u00e9cialis\u00e9e en gestion de patrimoine immobilier. Elle s\u2019oriente ensuite vers l\u2019\u00e9criture en ligne, o\u00f9 elle se distingue d\u00e8s 2006 aux Tunisia Blog Awards, avant de se consacrer au journalisme culturel, avec une sp\u00e9cialisation dans la critique cin\u00e9matographique. Elle couvre r\u00e9guli\u00e8rement les grands festivals internationaux, notamment le Festival de Cannes, les Journ\u00e9es Cin\u00e9matographiques de Carthage et le Festival du film du Caire. Membre de l\u2019ATPCC et de la FIPRESCI, elle participe \u00e0 des jurys et initiatives internationales de critique. Depuis 2024, elle est \u00e9lectrice internationale aux Golden Globes. Facebook : https:\\\/\\\/www.facebook.com\\\/massir.destiniii\\\/ X : https:\\\/\\\/x.com\\\/MassirDestin\",\"sameAs\":[\"https:\\\/\\\/www.facebook.com\\\/massir.destiniii\\\/\",\"https:\\\/\\\/www.instagram.com\\\/neila.driss\\\/?hl=fr\",\"https:\\\/\\\/www.linkedin.com\\\/in\\\/neila-driss-22606a80\\\/\",\"https:\\\/\\\/x.com\\\/https:\\\/\\\/x.com\\\/MassirDestin\"],\"knowsAbout\":[\"Cin\u00e9ma international\",\"critique cin\u00e9matographique\",\"festivals de cin\u00e9ma\",\"journalisme culturel\"],\"knowsLanguage\":[\"Fran\u00e7ais\",\"Arabe\",\"Anglais\"],\"jobTitle\":\"Journaliste culturelle et critique de cin\u00e9ma\",\"worksFor\":\"Webdo\",\"url\":\"https:\\\/\\\/www.webdo.tn\\\/fr\\\/actualite\\\/author\\\/neila-driss\\\/\"}]}<\/script>\n<!-- \/ Yoast SEO Premium plugin. -->","yoast_head_json":{"title":"Festival International du Film du Caire - L'adieu \u00e0 Mahmoud Abdelaziz","description":"Festival International du Film du Caire - L'adieu \u00e0 Mahmoud Abdelaziz","canonical":"https:\/\/www.webdo.tn\/fr\/actualite\/culture\/ladieu-a-mahmoud-abdelaziz\/199640\/","og_locale":"fr_FR","og_type":"article","og_title":"Festival International du Film du Caire - L'adieu \u00e0 Mahmoud Abdelaziz","og_description":"Festival International du Film du Caire - L'adieu \u00e0 Mahmoud Abdelaziz","og_url":"https:\/\/www.webdo.tn\/fr\/actualite\/culture\/ladieu-a-mahmoud-abdelaziz\/199640\/","og_site_name":"webdo","article_publisher":"https:\/\/www.facebook.com\/webdotn","article_author":"https:\/\/www.facebook.com\/massir.destiniii\/","article_published_time":"2016-11-16T13:50:00+00:00","article_modified_time":"2025-05-19T08:54:59+00:00","og_image":[{"width":640,"height":320,"url":"https:\/\/www.webdo.tn\/fr\/wp-content\/uploads\/2016\/11\/Mahmoud-Abdelaziz.jpg","type":"image\/jpeg"}],"author":"Ne\u00efla DRISS","twitter_card":"summary_large_image","twitter_creator":"@https:\/\/x.com\/MassirDestin","twitter_site":"@webdo_tn","twitter_misc":{"\u00c9crit par":"Ne\u00efla DRISS","Dur\u00e9e de lecture estim\u00e9e":"2 minutes"},"schema":{"@context":"https:\/\/schema.org","@graph":[{"@type":"NewsArticle","@id":"https:\/\/www.webdo.tn\/fr\/actualite\/culture\/ladieu-a-mahmoud-abdelaziz\/199640\/#article","isPartOf":{"@id":"https:\/\/www.webdo.tn\/fr\/actualite\/culture\/ladieu-a-mahmoud-abdelaziz\/199640\/"},"author":{"name":"Ne\u00efla DRISS","@id":"https:\/\/www.webdo.tn\/fr\/#\/schema\/person\/60d5ba619ed3f58783b0dc82b7dada80"},"headline":"Festival International du Film du Caire &#8211; L&rsquo;adieu \u00e0 Mahmoud Abdelaziz","datePublished":"2016-11-16T13:50:00+00:00","dateModified":"2025-05-19T08:54:59+00:00","mainEntityOfPage":{"@id":"https:\/\/www.webdo.tn\/fr\/actualite\/culture\/ladieu-a-mahmoud-abdelaziz\/199640\/"},"wordCount":512,"commentCount":0,"publisher":{"@id":"https:\/\/www.webdo.tn\/fr\/#organization"},"image":{"@id":"https:\/\/www.webdo.tn\/fr\/actualite\/culture\/ladieu-a-mahmoud-abdelaziz\/199640\/#primaryimage"},"thumbnailUrl":"https:\/\/www.webdo.tn\/fr\/wp-content\/uploads\/2016\/11\/Mahmoud-Abdelaziz.jpg","keywords":["guerre"],"articleSection":["Culture"],"inLanguage":"fr-FR"},{"@type":"WebPage","@id":"https:\/\/www.webdo.tn\/fr\/actualite\/culture\/ladieu-a-mahmoud-abdelaziz\/199640\/","url":"https:\/\/www.webdo.tn\/fr\/actualite\/culture\/ladieu-a-mahmoud-abdelaziz\/199640\/","name":"Festival International du Film du Caire - L'adieu \u00e0 Mahmoud Abdelaziz","isPartOf":{"@id":"https:\/\/www.webdo.tn\/fr\/#website"},"primaryImageOfPage":{"@id":"https:\/\/www.webdo.tn\/fr\/actualite\/culture\/ladieu-a-mahmoud-abdelaziz\/199640\/#primaryimage"},"image":{"@id":"https:\/\/www.webdo.tn\/fr\/actualite\/culture\/ladieu-a-mahmoud-abdelaziz\/199640\/#primaryimage"},"thumbnailUrl":"https:\/\/www.webdo.tn\/fr\/wp-content\/uploads\/2016\/11\/Mahmoud-Abdelaziz.jpg","datePublished":"2016-11-16T13:50:00+00:00","dateModified":"2025-05-19T08:54:59+00:00","description":"Festival International du Film du Caire - L'adieu \u00e0 Mahmoud Abdelaziz","breadcrumb":{"@id":"https:\/\/www.webdo.tn\/fr\/actualite\/culture\/ladieu-a-mahmoud-abdelaziz\/199640\/#breadcrumb"},"inLanguage":"fr-FR","potentialAction":[{"@type":"ReadAction","target":["https:\/\/www.webdo.tn\/fr\/actualite\/culture\/ladieu-a-mahmoud-abdelaziz\/199640\/"]}]},{"@type":"ImageObject","inLanguage":"fr-FR","@id":"https:\/\/www.webdo.tn\/fr\/actualite\/culture\/ladieu-a-mahmoud-abdelaziz\/199640\/#primaryimage","url":"https:\/\/www.webdo.tn\/fr\/wp-content\/uploads\/2016\/11\/Mahmoud-Abdelaziz.jpg","contentUrl":"https:\/\/www.webdo.tn\/fr\/wp-content\/uploads\/2016\/11\/Mahmoud-Abdelaziz.jpg","width":640,"height":320,"caption":"Festival International du Film du Caire - L'adieu \u00e0 Mahmoud Abdelaziz"},{"@type":"BreadcrumbList","@id":"https:\/\/www.webdo.tn\/fr\/actualite\/culture\/ladieu-a-mahmoud-abdelaziz\/199640\/#breadcrumb","itemListElement":[{"@type":"ListItem","position":1,"name":"Accueil","item":"https:\/\/www.webdo.tn\/fr\/"},{"@type":"ListItem","position":2,"name":"Festival International du Film du Caire &#8211; L&rsquo;adieu \u00e0 Mahmoud Abdelaziz"}]},{"@type":"WebSite","@id":"https:\/\/www.webdo.tn\/fr\/#website","url":"https:\/\/www.webdo.tn\/fr\/","name":"webdo","description":"Tunisie - News en Tunisie et \u00e0 l&#039;international sur Webdo.tn","publisher":{"@id":"https:\/\/www.webdo.tn\/fr\/#organization"},"potentialAction":[{"@type":"SearchAction","target":{"@type":"EntryPoint","urlTemplate":"https:\/\/www.webdo.tn\/fr\/?s={search_term_string}"},"query-input":{"@type":"PropertyValueSpecification","valueRequired":true,"valueName":"search_term_string"}}],"inLanguage":"fr-FR"},{"@type":"Organization","@id":"https:\/\/www.webdo.tn\/fr\/#organization","name":"Webdo","alternateName":"Webdo.tn","url":"https:\/\/www.webdo.tn\/fr\/","logo":{"@type":"ImageObject","inLanguage":"fr-FR","@id":"https:\/\/www.webdo.tn\/fr\/#\/schema\/logo\/image\/","url":"https:\/\/www.webdo.tn\/fr\/wp-content\/uploads\/2025\/06\/Webdo-Tunisie_168377.jpg","contentUrl":"https:\/\/www.webdo.tn\/fr\/wp-content\/uploads\/2025\/06\/Webdo-Tunisie_168377.jpg","width":301,"height":301,"caption":"Webdo"},"image":{"@id":"https:\/\/www.webdo.tn\/fr\/#\/schema\/logo\/image\/"},"sameAs":["https:\/\/www.facebook.com\/webdotn","https:\/\/x.com\/webdo_tn"],"description":"Webdo est un m\u00e9dia num\u00e9rique tunisien fond\u00e9 en 2010, sp\u00e9cialis\u00e9 dans l\u2019actualit\u00e9 nationale et internationale, l\u2019\u00e9conomie, la soci\u00e9t\u00e9 et les analyses politiques. Le site s\u2019adresse \u00e0 un large public francophone et couvre l\u2019information tunisienne en temps r\u00e9el.","email":"redac@webdo.tn","legalName":"YNJ SARL","foundingDate":"2010-09-06","numberOfEmployees":{"@type":"QuantitativeValue","minValue":"11","maxValue":"50"}},{"@type":"Person","@id":"https:\/\/www.webdo.tn\/fr\/#\/schema\/person\/60d5ba619ed3f58783b0dc82b7dada80","name":"Ne\u00efla DRISS","image":{"@type":"ImageObject","inLanguage":"fr-FR","@id":"https:\/\/www.webdo.tn\/fr\/wp-content\/uploads\/2026\/04\/neila-driss_avatar-96x96.jpg","url":"https:\/\/www.webdo.tn\/fr\/wp-content\/uploads\/2026\/04\/neila-driss_avatar-96x96.jpg","contentUrl":"https:\/\/www.webdo.tn\/fr\/wp-content\/uploads\/2026\/04\/neila-driss_avatar-96x96.jpg","caption":"Ne\u00efla DRISS"},"description":"Ne\u00efla Driss est juriste, journaliste culturelle et critique de cin\u00e9ma tunisienne. Titulaire d\u2019un DEA en droit priv\u00e9 de l\u2019Universit\u00e9 Paris II et d\u2019un DESS de l\u2019IHEC Carthage, elle d\u00e9bute sa carri\u00e8re comme juriste sp\u00e9cialis\u00e9e en gestion de patrimoine immobilier. Elle s\u2019oriente ensuite vers l\u2019\u00e9criture en ligne, o\u00f9 elle se distingue d\u00e8s 2006 aux Tunisia Blog Awards, avant de se consacrer au journalisme culturel, avec une sp\u00e9cialisation dans la critique cin\u00e9matographique. Elle couvre r\u00e9guli\u00e8rement les grands festivals internationaux, notamment le Festival de Cannes, les Journ\u00e9es Cin\u00e9matographiques de Carthage et le Festival du film du Caire. Membre de l\u2019ATPCC et de la FIPRESCI, elle participe \u00e0 des jurys et initiatives internationales de critique. Depuis 2024, elle est \u00e9lectrice internationale aux Golden Globes. Facebook : https:\/\/www.facebook.com\/massir.destiniii\/ X : https:\/\/x.com\/MassirDestin","sameAs":["https:\/\/www.facebook.com\/massir.destiniii\/","https:\/\/www.instagram.com\/neila.driss\/?hl=fr","https:\/\/www.linkedin.com\/in\/neila-driss-22606a80\/","https:\/\/x.com\/https:\/\/x.com\/MassirDestin"],"knowsAbout":["Cin\u00e9ma international","critique cin\u00e9matographique","festivals de cin\u00e9ma","journalisme culturel"],"knowsLanguage":["Fran\u00e7ais","Arabe","Anglais"],"jobTitle":"Journaliste culturelle et critique de cin\u00e9ma","worksFor":"Webdo","url":"https:\/\/www.webdo.tn\/fr\/actualite\/author\/neila-driss\/"}]}},"_links":{"self":[{"href":"https:\/\/www.webdo.tn\/fr\/wp-json\/wp\/v2\/posts\/199640","targetHints":{"allow":["GET"]}}],"collection":[{"href":"https:\/\/www.webdo.tn\/fr\/wp-json\/wp\/v2\/posts"}],"about":[{"href":"https:\/\/www.webdo.tn\/fr\/wp-json\/wp\/v2\/types\/post"}],"author":[{"embeddable":true,"href":"https:\/\/www.webdo.tn\/fr\/wp-json\/wp\/v2\/users\/3164"}],"replies":[{"embeddable":true,"href":"https:\/\/www.webdo.tn\/fr\/wp-json\/wp\/v2\/comments?post=199640"}],"version-history":[{"count":0,"href":"https:\/\/www.webdo.tn\/fr\/wp-json\/wp\/v2\/posts\/199640\/revisions"}],"wp:featuredmedia":[{"embeddable":true,"href":"https:\/\/www.webdo.tn\/fr\/wp-json\/wp\/v2\/media\/312343"}],"wp:attachment":[{"href":"https:\/\/www.webdo.tn\/fr\/wp-json\/wp\/v2\/media?parent=199640"}],"wp:term":[{"taxonomy":"category","embeddable":true,"href":"https:\/\/www.webdo.tn\/fr\/wp-json\/wp\/v2\/categories?post=199640"},{"taxonomy":"post_tag","embeddable":true,"href":"https:\/\/www.webdo.tn\/fr\/wp-json\/wp\/v2\/tags?post=199640"}],"curies":[{"name":"wp","href":"https:\/\/api.w.org\/{rel}","templated":true}]}}