{"id":199639,"date":"2016-11-06T08:22:00","date_gmt":"2016-11-06T08:22:00","guid":{"rendered":"https:\/\/www.webdo.tn\/fr\/blog\/jcc-2016-deux-tanit-dor-pour-deux-films-tunisiens\/199639\/"},"modified":"2016-11-06T08:22:00","modified_gmt":"2016-11-06T08:22:00","slug":"jcc-2016-deux-tanit-dor-pour-deux-films-tunisiens","status":"publish","type":"post","link":"https:\/\/www.webdo.tn\/fr\/actualite\/culture\/jcc-2016-deux-tanit-dor-pour-deux-films-tunisiens\/199639\/","title":{"rendered":"JCC 2016 | Deux Tanit d&rsquo;Or pour deux films tunisiens"},"content":{"rendered":"<div class=\"single-body entry-content typography-copy\" itemprop=\"articleBody\">\n<p style=\"font-weight: bold; text-align: justify\">\n<div class=\"coprs\" style=\"text-align: center\"><\/div>\n<div class=\"coprs\" style=\"text-align: justify\">\n<p>La c\u00e9r\u00e9monie de cl\u00f4ture des JCC vient de s\u2019achever. M\u00eame si elle est loin d\u2019\u00eatre parfaite, elle est bien mieux organis\u00e9e que la c\u00e9r\u00e9monie d\u2019ouverture de ces m\u00eames JCC. L\u2019acteur \u00e9gyptien Adel Imam en a \u00e9t\u00e9 l\u2019invit\u00e9 d\u2019honneur mais aussi l\u2019\u00e9l\u00e9ment perturbateur \u00e0 cause de toute une arm\u00e9e de gardes corps qui l\u2019accompagnent.<\/p>\n<p>M. Brahim Letaief, directeur des JCC a remis \u00e0 Adel Imam un Tanit d\u2019honneur. Ce dernier a prononc\u00e9 quelques mots de remerciements et a rendu hommage aux anciens du cin\u00e9ma, en particulier \u00e9gyptien. Ce qui a d\u2019ailleurs fait r\u00e9agir Lotfi Abdelli qui, alors qu\u2019il \u00e9tait sur sc\u00e8ne pour remettre un prix, a saisi l\u2019occasion pour rebondir sur les propos de Adel Imam et \u00e0 sa mani\u00e8re dr\u00f4le, a affirm\u00e9 que si \u00abl\u2019Egypte est la m\u00e8re du monde\u00bb (Masr oum eddonia), la Tunisie en est le p\u00e8re, et que si l\u2019Egypte est la m\u00e8re du cin\u00e9ma, la Tunisie en est \u00e9galement le p\u00e8re!<\/p>\n<p>M. Brahim Eltaief a insist\u00e9 sur le fait que les JCC est probablement le festival qui a le plus large public au monde. En effet, au 4eme jour des JCC, on comptait d\u00e9j\u00e0 145\u00a0000 spectateurs et qu\u2019au final, il y aurait environ 200\u00a0000 spectateurs pour tout le festival. Il a \u00e9galement rappel\u00e9 que les projections ont eu lieu non seulement \u00e0 Tunis dans les salles de cin\u00e9ma, mais \u00e9galement dans les r\u00e9gions, les prisons, les casernes, les universit\u00e9s et m\u00eame dans la salle de cin\u00e9ma en plein air install\u00e9e sur l\u2019avenue Habib Bourguiba. Avenue qui d\u2019apr\u00e8s le gouverneur de Tunis, et pour le plus grand bonheur des commer\u00e7ants, aurait observ\u00e9 pendant ces JCC une augmentation de fr\u00e9quentation des passants de 30%.<\/p>\n<p>M. Abderrahmane Sissako,\u00a0 pr\u00e9sident du Jury longs m\u00e9trages a prononc\u00e9 un discours assez s\u00e9v\u00e8re \u00e0 l\u2019encontre de cette \u00e9dition des JCC. Il a en effet critiqu\u00e9 sa mauvaise organisation et a esp\u00e9r\u00e9 qu\u2019elle sera meilleure \u00e0 l\u2019avenir. Il a d\u00e9plor\u00e9 le fait qu\u2019un des films en comp\u00e9tition n\u2019ait pas \u00e9t\u00e9 visionn\u00e9 \u00e0 cause de probl\u00e8mes techniques et a \u00e9galement jug\u00e9 que la s\u00e9lection des films en comp\u00e9tition n\u2019\u00e9tait pas bonne, car d\u2019apr\u00e8s lui elle ne comprenait pas assez de films africains. Il a quand m\u00eame conclu en disant que le plus important lors des JCC n\u2019est pas tellement de gagner, mais de partager et qu&rsquo;il \u00e9tait heureux d\u2019avoir pu justement partager gr\u00e2ce aux longues heures de d\u00e9bats et de discussions.<\/p>\n<p>En ce qui concerne le palmar\u00e8s, le film \u00e9gyptien <em>Eshtebek<\/em> (Clash) de Mohamed Diab, qui avait fait l\u2019ouverture de la s\u00e9lection Un certain Regard \u00e0 Cannes en mai 2016, remporte 3 prix en comp\u00e9tition officielle, <a href=\"http:\/\/www.webdo.tn\/2016\/11\/04\/jcc-2016-palmares-sections-paralleles\/\">en plus du Prix de la F\u00e9d\u00e9ration Africaine de la Critique Cin\u00e9matographique (FACC), Prix Nejiba Hamrouni <\/a>remport\u00e9 en section parall\u00e8le. <a href=\"http:\/\/www.webdo.tn\/2016\/10\/12\/tunisie-disqualifiee-de-course-aux-oscars\/\">Ce film a d\u2019ailleurs \u00e9t\u00e9 choisi pour repr\u00e9senter l\u2019Egypte pour \u00eatre s\u00e9lectionn\u00e9 pour concourir \u00e0 l\u2019Oscar du meilleur film en langue \u00e9trang\u00e8re.<\/a><\/p>\n<p>\u00a0<\/p>\n<p><img decoding=\"async\" alt=\"Le Tanit d'Argent pour le film Eshtebek\" height=\"768\" src=\"http:\/\/www.webdo.tn\/wp-content\/uploads\/2016\/11\/DSC_4181-2-copie.jpg\" width=\"786\"><br \/>\n<em>Tanit d&rsquo;Argent pour le film Eshtebek<\/em><\/p>\n<p>\u00a0<\/p>\n<p>Les deux Tanit d\u2019Or des comp\u00e9tition officielle et comp\u00e9tition premi\u00e8re \u0153uvre, ont \u00e9t\u00e9 remport\u00e9s par deux films tunisiens, en l\u2019occurrence <em>Zeineb d\u00e9teste la neige<\/em> de Kaouthar Ben Henia et <em>The last of us<\/em> de Alaeddine Slim. Il est \u00e0 rappeler que ce dernier\u00a0film avait d\u00e9j\u00e0 remport\u00e9\u00a0<a href=\"http:\/\/www.webdo.tn\/2016\/07\/26\/mostra-de-venise-film-tunisien-akher-wahed-fina-selectionne\/\">deux prix \u00e0 la Mostra de Venise.<\/a><\/p>\n<p>\u00a0<\/p>\n<p><img decoding=\"async\" alt=\"Tanit d'Or pour le film Zeineb n'aime pas la neige\" height=\"508\" src=\"http:\/\/www.webdo.tn\/wp-content\/uploads\/2016\/11\/DSC_4291-2-copie-1024x743.jpg\" width=\"700\"><br \/>\n<em>Tanit d&rsquo;Or pour le film Zeineb n&rsquo;aime pas la neige<\/em><\/p>\n<p>\u00a0<\/p>\n<h4><strong>COMP\u00c9TITION<\/strong><strong>\u00a0OFFICIELLE LONGS\u00a0<\/strong><strong>M\u00c9TRAGES<\/strong><\/h4>\n<p><strong>Tanit d\u2019or\u00a0: <\/strong>\u00a0<em>Zeineb n\u2019aime pas la neige<\/em>\u00a0de Khaouther Ben Henia (Tunisie)<\/p>\n<p><strong>Tanit d\u2019argent : <\/strong><em>Eshtebek\u00a0<\/em>(Clash) de Mohamed Diab (Egypte)<\/p>\n<p><strong>Tanit de bronze\u00a0: <\/strong>\u00a0<em>3000 nuits<\/em>\u00a0de Mai Massri\u00a0 (Palestine)<\/p>\n<p><strong>Prix special du jury<\/strong> : <em>The revolution won\u2019t be televised<\/em>\u00a0de Rama Tiwa \u00a0(S\u00e9n\u00e9gal)<\/p>\n<p><strong>Meilleur montage<\/strong>\u00a0: Ahmed Hafez pour le film\u00a0<em>Eshtebek<\/em>\u00a0(Clash)\u00a0 (Egypte)<\/p>\n<p><strong>Meilleure image<\/strong>\u00a0: Ahmed Jabr pour le film\u00a0<em>Eshtebek<\/em><strong>\u00a0<\/strong>(Clash)\u00a0 (Egypte)<\/p>\n<p><strong>Meilleure musique<\/strong>\u00a0: le groupe Chkrrr pour le film \u00a0<em>Chouf<\/em> (Tunisie)<\/p>\n<p><strong>Meilleur sc\u00e9nario\u00a0:<\/strong> Mai Massri pour le film <em>3000 nuits<\/em> (Palestine)<\/p>\n<p><strong>Meilleure interpr\u00e9tation f\u00e9minine\u00a0: <\/strong>Oulaya Amamra et Deborah Lukumuena pour le film <em>Divines<\/em> (Maroc)<\/p>\n<p><strong>Meilleure interpr\u00e9tation masculine\u00a0: <\/strong>Foued Nabba pour le film <em>Chouf<\/em>\u00a0(Tunisie)<\/p>\n<p>\u00a0<\/p>\n<p><img decoding=\"async\" alt=\"Tanit de Bronze pour 3000 nuits\" height=\"522\" src=\"http:\/\/www.webdo.tn\/wp-content\/uploads\/2016\/11\/DSC_4170-2-copie-1024x764.jpg\" width=\"700\"><br \/>\n<em>Tanit de Bronze pour 3000 nuits<\/em><\/p>\n<p>\u00a0<\/p>\n<h4><strong>\u00a0<\/strong><strong>COMP\u00c9TITION\u00a0PREMI\u00c8RE\u00a0OEUVRE<\/strong><\/h4>\n<p><strong>Tanit d\u2019or\u00a0: <\/strong><em>The last of us<\/em> de Alaeddine Slim \u00a0(Tunisie)<\/p>\n<p><strong>Tanit d\u2019argent\u00a0: <\/strong><em>Maintenant ils\u00a0 peuvent venir<\/em> de Salem Brahimi\u00a0 (Alg\u00e9rie)<\/p>\n<p><strong>Prix sp\u00e9cial du jury\u00a0: <\/strong><em>This little father obsession<\/em> de Salim Mourad (Liban)<\/p>\n<p><strong>Meilleure interpr\u00e9tation f\u00e9minine\u00a0: <\/strong>Noufissa\u00a0 Benchida pour le film <em>Un mile dans mes chaussures<\/em>\u00a0 (Maroc)<\/p>\n<p><strong>Meilleure interpr\u00e9tation masculine\u00a0: <\/strong>Majd Mastoura pour le film <em>Nhebek Hedi<\/em> \u00a0(Tunisie)<\/p>\n<p>\u00a0<\/p>\n<p><img decoding=\"async\" alt=\"Tanit d'Or Premi\u00e8re Oeuvre pour le film The last of us\" height=\"468\" src=\"http:\/\/www.webdo.tn\/wp-content\/uploads\/2016\/11\/DSC_4044-copie-1024x684.jpg\" width=\"700\"><br \/>\n<em>Tanit d&rsquo;Or Premi\u00e8re Oeuvre pour le film The last of us<\/em><\/p>\n<p><img decoding=\"async\" alt=\"Comp\u00e9tition 1\u00e8re Oeuvre: Meilleur interpr\u00e9tation masculine : Majd Mastoura\" height=\"768\" src=\"http:\/\/www.webdo.tn\/wp-content\/uploads\/2016\/11\/DSC_3997-2-copie.jpg\" width=\"968\"> <em>Comp\u00e9tition 1\u00e8re Oeuvre: Meilleure interpr\u00e9tation masculine : Majd Mastoura<\/em><\/p>\n<p>\u00a0<\/p>\n<h4><strong>COMP\u00c9TITION<\/strong><strong>\u00a0COURTS\u00a0<\/strong><strong>M\u00c9TRAGES<\/strong><\/h4>\n<p><strong>Tanit d\u2019or\u00a0: <\/strong><em>Marabout<\/em> de Alasan Sy\u00a0 (S\u00e9n\u00e9gal)<\/p>\n<p><strong>Tanit d\u2019argent\u00a0: <\/strong><em>Silence<\/em> de Chadi Aoun \u00a0(Liban)<\/p>\n<p><strong>Tanit de bronze\u00a0: <\/strong><em>Place for my self<\/em>\u00a0de Dusabejambo Marie Cl\u00e9mentine (Rwanda)<\/p>\n<h4><strong>CARTHAGE CINE PROMESSE<\/strong><\/h4>\n<p><strong>Tanit d\u2019or\u00a0: <\/strong><em>The guilt probability<\/em>\u00a0 de Michael Labarca \u00a0(Venezuela)<\/p>\n<p><strong>Prix sp\u00e9cial du jury\u00a0: <\/strong><em>La rue de l\u2019espoir<\/em>\u00a0de Mohamed Echkouna (Mauritanie)<\/p>\n<p><strong>Mention sp\u00e9ciale\u00a0: <\/strong><em>Life\u2019s eye<\/em> de Wafa Hussein\u00a0 (Egypte)<\/p>\n<h4><strong>PRIX DE L\u2019UGTT<\/strong><\/h4>\n<p><strong>Meilleur cadreur dans un film tunisien<\/strong>:\u00a0 Amir Messaadi dans le film <em>The last of us<\/em> de Alaeddine Slim<\/p>\n<p>F\u00e9licitations \u00e0 tous les laur\u00e9ats.<\/p>\n<p>\u00a0<\/p>\n<p><strong>Ne\u00efla Driss<\/strong><\/p>\n<p>\u00a0<\/p>\n<p>\u00a0<\/p>\n<p><em>Lire sur le m\u00eame sujet:<\/em><\/p>\n<ul>\n<li><a href=\"http:\/\/www.webdo.tn\/2016\/09\/08\/jcc-2016-liste-complete-films-competition\/\" rel=\"bookmark\" title=\"JCC 2016 : La liste compl\u00e8te des films en comp\u00e9tition\">JCC 2016 : La liste compl\u00e8te des films en comp\u00e9tition<\/a><\/li>\n<li><a href=\"http:\/\/www.webdo.tn\/2016\/10\/20\/journees-cinematographiques-de-carthage-lart-triomphera-toujours-terreur\/\" rel=\"bookmark\" title=\"Journ\u00e9es Cin\u00e9matographiques de Carthage : L\u2019Art triomphera toujours de la terreur !\">Journ\u00e9es Cin\u00e9matographiques de Carthage : L\u2019Art triomphera toujours de la terreur !<\/a><\/li>\n<li><a href=\"http:\/\/www.webdo.tn\/2016\/10\/25\/programme-complet-jcc\/\" rel=\"bookmark\" title=\"Le programme complet des JCC\">Le programme complet des JCC<\/a><\/li>\n<li><a href=\"http:\/\/www.webdo.tn\/2016\/10\/27\/tunisie-jcc-2016-jour-j-1-derniers-preparatifs\/\" rel=\"bookmark\" title=\"Mes JCC 2016 | Jour J-1 : Derniers pr\u00e9paratifs\">Mes JCC 2016 | Jour J-1 : Derniers pr\u00e9paratifs<\/a><\/li>\n<li><a href=\"http:\/\/www.webdo.tn\/2016\/10\/27\/jcc-2016-transmission-en-direct-de-la-ceremonie-douverture-dans-les-regions\/\" rel=\"bookmark\" title=\"JCC 2016 : Retransmission en direct de la c\u00e9r\u00e9monie d\u2019ouverture dans les r\u00e9gions\">JCC 2016 : Retransmission en direct de la c\u00e9r\u00e9monie d\u2019ouverture dans les r\u00e9gions<\/a><\/li>\n<li><a href=\"http:\/\/www.webdo.tn\/2016\/10\/28\/mes-jcc-2016-jour-j-glamour-ou-militant\/\" rel=\"bookmark\" title=\"Mes JCC 2016 | Jour J : Glamour ou militant ?\">Mes JCC 2016 | Jour J : Glamour ou militant ?<\/a><\/li>\n<li><a href=\"http:\/\/www.webdo.tn\/2016\/10\/30\/jcc-jour-1\/\" rel=\"bookmark\" title=\"Mes JCC | Jour 1\">Mes JCC | Jour 1<\/a><\/li>\n<li><a href=\"http:\/\/www.webdo.tn\/2016\/11\/01\/mes-jcc-2016-jours-2-et-3-youssef-chahine-mon-amour\/\" rel=\"bookmark\" title=\"Mes JCC 2016 | Jours 2 et 3 | Youssef Chahine mon amour !\">Mes JCC 2016 | Jours 2 et 3 | Youssef Chahine mon amour !<\/a><\/li>\n<li><a href=\"http:\/\/www.webdo.tn\/2016\/11\/04\/jcc-2016-palmares-sections-paralleles\/\" rel=\"bookmark\" title=\"JCC 2016 : Palmar\u00e8s des sections parall\u00e8les\">JCC 2016 : Palmar\u00e8s des sections parall\u00e8les<\/a><\/li>\n<li><a href=\"http:\/\/www.webdo.tn\/2016\/11\/06\/jcc-2016-deux-tanit-dor-pour-deux-films-tunisiens\/\" rel=\"bookmark\" title=\"JCC 2016 | Deux Tanit d\u2019Or pour deux films tunisiens\">JCC 2016 | Deux Tanit d\u2019Or pour deux films tunisiens<\/a><\/li>\n<li><a href=\"http:\/\/www.webdo.tn\/2016\/11\/22\/festival-international-film-caire-clash-reconciliation\/\" rel=\"bookmark\" title=\"Festival International du Film du Caire \u2013 Clash\u2026 et r\u00e9conciliation ?\">Festival International du Film du Caire \u2013 Clash\u2026 et r\u00e9conciliation ?<\/a><\/li>\n<li><a href=\"http:\/\/www.webdo.tn\/2017\/02\/08\/mohamed-hefzy-dingenieur-metallurgie-medecin-cinema-arabe\/\" rel=\"bookmark\" title=\"Mohamed Hefzy, d\u2019ing\u00e9nieur en m\u00e9tallurgie \u00e0 m\u00e9decin du cin\u00e9ma arabe\">Mohamed Hefzy, d\u2019ing\u00e9nieur en m\u00e9tallurgie \u00e0 m\u00e9decin du cin\u00e9ma arabe<\/a><\/li>\n<\/ul><\/div>\n<div class=\"coprs\" style=\"text-align: center\"><\/div><\/div>\n","protected":false},"excerpt":{"rendered":"<p>JCC 2016 | Deux Tanit d&rsquo;Or pour deux films tunisiens<\/p>\n","protected":false},"author":3164,"featured_media":326960,"comment_status":"open","ping_status":"closed","sticky":false,"template":"","format":"standard","meta":{"footnotes":""},"categories":[2594],"tags":[11365,3116,4660,6882,6040,4973,9047],"class_list":["post-199639","post","type-post","status-publish","format-standard","has-post-thumbnail","hentry","category-culture","tag-jcc-2016","tag-jcc","tag-journees-cinematographiques-de-carthage","tag-kaouther-ben-hania","tag-majd-mastoura","tag-palmares","tag-tanit-dor"],"yoast_head":"<!-- This site is optimized with the Yoast SEO Premium plugin v27.5 (Yoast SEO v27.5) - https:\/\/yoast.com\/product\/yoast-seo-premium-wordpress\/ -->\n<title>JCC 2016 | Deux Tanit d&#039;Or pour deux films tunisiens<\/title>\n<meta name=\"description\" content=\"JCC 2016 | Deux Tanit d&#039;Or pour deux films tunisiens\" \/>\n<link rel=\"canonical\" href=\"https:\/\/www.webdo.tn\/fr\/actualite\/culture\/jcc-2016-deux-tanit-dor-pour-deux-films-tunisiens\/199639\/\" \/>\n<meta property=\"og:locale\" content=\"fr_FR\" \/>\n<meta property=\"og:type\" content=\"article\" \/>\n<meta property=\"og:title\" content=\"JCC 2016 | Deux Tanit d&#039;Or pour deux films tunisiens\" \/>\n<meta property=\"og:description\" content=\"JCC 2016 | Deux Tanit d&#039;Or pour deux films tunisiens\" \/>\n<meta property=\"og:url\" content=\"https:\/\/www.webdo.tn\/fr\/actualite\/culture\/jcc-2016-deux-tanit-dor-pour-deux-films-tunisiens\/199639\/\" \/>\n<meta property=\"og:site_name\" content=\"webdo\" \/>\n<meta property=\"article:publisher\" content=\"https:\/\/www.facebook.com\/webdotn\" \/>\n<meta property=\"article:author\" content=\"https:\/\/www.facebook.com\/massir.destiniii\/\" \/>\n<meta property=\"article:published_time\" content=\"2016-11-06T08:22:00+00:00\" \/>\n<meta property=\"og:image\" content=\"https:\/\/www.webdo.tn\/fr\/wp-content\/uploads\/2016\/11\/DSC_3888-2-copie.jpg\" \/>\n\t<meta property=\"og:image:width\" content=\"1087\" \/>\n\t<meta property=\"og:image:height\" content=\"768\" \/>\n\t<meta property=\"og:image:type\" content=\"image\/jpeg\" \/>\n<meta name=\"author\" content=\"Ne\u00efla DRISS\" \/>\n<meta name=\"twitter:card\" content=\"summary_large_image\" \/>\n<meta name=\"twitter:creator\" content=\"@https:\/\/x.com\/MassirDestin\" \/>\n<meta name=\"twitter:site\" content=\"@webdo_tn\" \/>\n<meta name=\"twitter:label1\" content=\"\u00c9crit par\" \/>\n\t<meta name=\"twitter:data1\" content=\"Ne\u00efla DRISS\" \/>\n\t<meta name=\"twitter:label2\" content=\"Dur\u00e9e de lecture estim\u00e9e\" \/>\n\t<meta name=\"twitter:data2\" content=\"5 minutes\" \/>\n<script type=\"application\/ld+json\" class=\"yoast-schema-graph\">{\"@context\":\"https:\\\/\\\/schema.org\",\"@graph\":[{\"@type\":\"NewsArticle\",\"@id\":\"https:\\\/\\\/www.webdo.tn\\\/fr\\\/actualite\\\/culture\\\/jcc-2016-deux-tanit-dor-pour-deux-films-tunisiens\\\/199639\\\/#article\",\"isPartOf\":{\"@id\":\"https:\\\/\\\/www.webdo.tn\\\/fr\\\/actualite\\\/culture\\\/jcc-2016-deux-tanit-dor-pour-deux-films-tunisiens\\\/199639\\\/\"},\"author\":{\"name\":\"Ne\u00efla DRISS\",\"@id\":\"https:\\\/\\\/www.webdo.tn\\\/fr\\\/#\\\/schema\\\/person\\\/60d5ba619ed3f58783b0dc82b7dada80\"},\"headline\":\"JCC 2016 | Deux Tanit d&rsquo;Or pour deux films tunisiens\",\"datePublished\":\"2016-11-06T08:22:00+00:00\",\"mainEntityOfPage\":{\"@id\":\"https:\\\/\\\/www.webdo.tn\\\/fr\\\/actualite\\\/culture\\\/jcc-2016-deux-tanit-dor-pour-deux-films-tunisiens\\\/199639\\\/\"},\"wordCount\":1066,\"commentCount\":0,\"publisher\":{\"@id\":\"https:\\\/\\\/www.webdo.tn\\\/fr\\\/#organization\"},\"image\":{\"@id\":\"https:\\\/\\\/www.webdo.tn\\\/fr\\\/actualite\\\/culture\\\/jcc-2016-deux-tanit-dor-pour-deux-films-tunisiens\\\/199639\\\/#primaryimage\"},\"thumbnailUrl\":\"https:\\\/\\\/www.webdo.tn\\\/fr\\\/wp-content\\\/uploads\\\/2016\\\/11\\\/DSC_3888-2-copie.jpg\",\"keywords\":[\"'JCC 2016'\",\"JCC\",\"Journ\u00e9es cin\u00e9matographiques de Carthage\",\"Kaouther Ben Hania\",\"Majd Mastoura\",\"Palmar\u00e8s\",\"Tanit d'or\"],\"articleSection\":[\"Culture\"],\"inLanguage\":\"fr-FR\"},{\"@type\":\"WebPage\",\"@id\":\"https:\\\/\\\/www.webdo.tn\\\/fr\\\/actualite\\\/culture\\\/jcc-2016-deux-tanit-dor-pour-deux-films-tunisiens\\\/199639\\\/\",\"url\":\"https:\\\/\\\/www.webdo.tn\\\/fr\\\/actualite\\\/culture\\\/jcc-2016-deux-tanit-dor-pour-deux-films-tunisiens\\\/199639\\\/\",\"name\":\"JCC 2016 | Deux Tanit d'Or pour deux films tunisiens\",\"isPartOf\":{\"@id\":\"https:\\\/\\\/www.webdo.tn\\\/fr\\\/#website\"},\"primaryImageOfPage\":{\"@id\":\"https:\\\/\\\/www.webdo.tn\\\/fr\\\/actualite\\\/culture\\\/jcc-2016-deux-tanit-dor-pour-deux-films-tunisiens\\\/199639\\\/#primaryimage\"},\"image\":{\"@id\":\"https:\\\/\\\/www.webdo.tn\\\/fr\\\/actualite\\\/culture\\\/jcc-2016-deux-tanit-dor-pour-deux-films-tunisiens\\\/199639\\\/#primaryimage\"},\"thumbnailUrl\":\"https:\\\/\\\/www.webdo.tn\\\/fr\\\/wp-content\\\/uploads\\\/2016\\\/11\\\/DSC_3888-2-copie.jpg\",\"datePublished\":\"2016-11-06T08:22:00+00:00\",\"description\":\"JCC 2016 | Deux Tanit d'Or pour deux films tunisiens\",\"breadcrumb\":{\"@id\":\"https:\\\/\\\/www.webdo.tn\\\/fr\\\/actualite\\\/culture\\\/jcc-2016-deux-tanit-dor-pour-deux-films-tunisiens\\\/199639\\\/#breadcrumb\"},\"inLanguage\":\"fr-FR\",\"potentialAction\":[{\"@type\":\"ReadAction\",\"target\":[\"https:\\\/\\\/www.webdo.tn\\\/fr\\\/actualite\\\/culture\\\/jcc-2016-deux-tanit-dor-pour-deux-films-tunisiens\\\/199639\\\/\"]}]},{\"@type\":\"ImageObject\",\"inLanguage\":\"fr-FR\",\"@id\":\"https:\\\/\\\/www.webdo.tn\\\/fr\\\/actualite\\\/culture\\\/jcc-2016-deux-tanit-dor-pour-deux-films-tunisiens\\\/199639\\\/#primaryimage\",\"url\":\"https:\\\/\\\/www.webdo.tn\\\/fr\\\/wp-content\\\/uploads\\\/2016\\\/11\\\/DSC_3888-2-copie.jpg\",\"contentUrl\":\"https:\\\/\\\/www.webdo.tn\\\/fr\\\/wp-content\\\/uploads\\\/2016\\\/11\\\/DSC_3888-2-copie.jpg\",\"width\":1087,\"height\":768,\"caption\":\"JCC 2016 | Deux Tanit d'Or pour deux films tunisiens\"},{\"@type\":\"BreadcrumbList\",\"@id\":\"https:\\\/\\\/www.webdo.tn\\\/fr\\\/actualite\\\/culture\\\/jcc-2016-deux-tanit-dor-pour-deux-films-tunisiens\\\/199639\\\/#breadcrumb\",\"itemListElement\":[{\"@type\":\"ListItem\",\"position\":1,\"name\":\"Accueil\",\"item\":\"https:\\\/\\\/www.webdo.tn\\\/fr\\\/\"},{\"@type\":\"ListItem\",\"position\":2,\"name\":\"JCC 2016 | Deux Tanit d&rsquo;Or pour deux films tunisiens\"}]},{\"@type\":\"WebSite\",\"@id\":\"https:\\\/\\\/www.webdo.tn\\\/fr\\\/#website\",\"url\":\"https:\\\/\\\/www.webdo.tn\\\/fr\\\/\",\"name\":\"webdo\",\"description\":\"Tunisie - News en Tunisie et \u00e0 l&#039;international sur Webdo.tn\",\"publisher\":{\"@id\":\"https:\\\/\\\/www.webdo.tn\\\/fr\\\/#organization\"},\"potentialAction\":[{\"@type\":\"SearchAction\",\"target\":{\"@type\":\"EntryPoint\",\"urlTemplate\":\"https:\\\/\\\/www.webdo.tn\\\/fr\\\/?s={search_term_string}\"},\"query-input\":{\"@type\":\"PropertyValueSpecification\",\"valueRequired\":true,\"valueName\":\"search_term_string\"}}],\"inLanguage\":\"fr-FR\"},{\"@type\":\"Organization\",\"@id\":\"https:\\\/\\\/www.webdo.tn\\\/fr\\\/#organization\",\"name\":\"Webdo\",\"alternateName\":\"Webdo.tn\",\"url\":\"https:\\\/\\\/www.webdo.tn\\\/fr\\\/\",\"logo\":{\"@type\":\"ImageObject\",\"inLanguage\":\"fr-FR\",\"@id\":\"https:\\\/\\\/www.webdo.tn\\\/fr\\\/#\\\/schema\\\/logo\\\/image\\\/\",\"url\":\"https:\\\/\\\/www.webdo.tn\\\/fr\\\/wp-content\\\/uploads\\\/2025\\\/06\\\/Webdo-Tunisie_168377.jpg\",\"contentUrl\":\"https:\\\/\\\/www.webdo.tn\\\/fr\\\/wp-content\\\/uploads\\\/2025\\\/06\\\/Webdo-Tunisie_168377.jpg\",\"width\":301,\"height\":301,\"caption\":\"Webdo\"},\"image\":{\"@id\":\"https:\\\/\\\/www.webdo.tn\\\/fr\\\/#\\\/schema\\\/logo\\\/image\\\/\"},\"sameAs\":[\"https:\\\/\\\/www.facebook.com\\\/webdotn\",\"https:\\\/\\\/x.com\\\/webdo_tn\"],\"description\":\"Webdo est un m\u00e9dia num\u00e9rique tunisien fond\u00e9 en 2010, sp\u00e9cialis\u00e9 dans l\u2019actualit\u00e9 nationale et internationale, l\u2019\u00e9conomie, la soci\u00e9t\u00e9 et les analyses politiques. Le site s\u2019adresse \u00e0 un large public francophone et couvre l\u2019information tunisienne en temps r\u00e9el.\",\"email\":\"redac@webdo.tn\",\"legalName\":\"YNJ SARL\",\"foundingDate\":\"2010-09-06\",\"numberOfEmployees\":{\"@type\":\"QuantitativeValue\",\"minValue\":\"11\",\"maxValue\":\"50\"}},{\"@type\":\"Person\",\"@id\":\"https:\\\/\\\/www.webdo.tn\\\/fr\\\/#\\\/schema\\\/person\\\/60d5ba619ed3f58783b0dc82b7dada80\",\"name\":\"Ne\u00efla DRISS\",\"image\":{\"@type\":\"ImageObject\",\"inLanguage\":\"fr-FR\",\"@id\":\"https:\\\/\\\/www.webdo.tn\\\/fr\\\/wp-content\\\/uploads\\\/2026\\\/04\\\/neila-driss_avatar-96x96.jpg\",\"url\":\"https:\\\/\\\/www.webdo.tn\\\/fr\\\/wp-content\\\/uploads\\\/2026\\\/04\\\/neila-driss_avatar-96x96.jpg\",\"contentUrl\":\"https:\\\/\\\/www.webdo.tn\\\/fr\\\/wp-content\\\/uploads\\\/2026\\\/04\\\/neila-driss_avatar-96x96.jpg\",\"caption\":\"Ne\u00efla DRISS\"},\"description\":\"Ne\u00efla Driss est juriste, journaliste culturelle et critique de cin\u00e9ma tunisienne. Titulaire d\u2019un DEA en droit priv\u00e9 de l\u2019Universit\u00e9 Paris II et d\u2019un DESS de l\u2019IHEC Carthage, elle d\u00e9bute sa carri\u00e8re comme juriste sp\u00e9cialis\u00e9e en gestion de patrimoine immobilier. Elle s\u2019oriente ensuite vers l\u2019\u00e9criture en ligne, o\u00f9 elle se distingue d\u00e8s 2006 aux Tunisia Blog Awards, avant de se consacrer au journalisme culturel, avec une sp\u00e9cialisation dans la critique cin\u00e9matographique. Elle couvre r\u00e9guli\u00e8rement les grands festivals internationaux, notamment le Festival de Cannes, les Journ\u00e9es Cin\u00e9matographiques de Carthage et le Festival du film du Caire. Membre de l\u2019ATPCC et de la FIPRESCI, elle participe \u00e0 des jurys et initiatives internationales de critique. Depuis 2024, elle est \u00e9lectrice internationale aux Golden Globes. Facebook : https:\\\/\\\/www.facebook.com\\\/massir.destiniii\\\/ X : https:\\\/\\\/x.com\\\/MassirDestin\",\"sameAs\":[\"https:\\\/\\\/www.facebook.com\\\/massir.destiniii\\\/\",\"https:\\\/\\\/www.instagram.com\\\/neila.driss\\\/?hl=fr\",\"https:\\\/\\\/www.linkedin.com\\\/in\\\/neila-driss-22606a80\\\/\",\"https:\\\/\\\/x.com\\\/https:\\\/\\\/x.com\\\/MassirDestin\"],\"knowsAbout\":[\"Cin\u00e9ma international\",\"critique cin\u00e9matographique\",\"festivals de cin\u00e9ma\",\"journalisme culturel\"],\"knowsLanguage\":[\"Fran\u00e7ais\",\"Arabe\",\"Anglais\"],\"jobTitle\":\"Journaliste culturelle et critique de cin\u00e9ma\",\"worksFor\":\"Webdo\",\"url\":\"https:\\\/\\\/www.webdo.tn\\\/fr\\\/actualite\\\/author\\\/neila-driss\\\/\"}]}<\/script>\n<!-- \/ Yoast SEO Premium plugin. -->","yoast_head_json":{"title":"JCC 2016 | Deux Tanit d'Or pour deux films tunisiens","description":"JCC 2016 | Deux Tanit d'Or pour deux films tunisiens","canonical":"https:\/\/www.webdo.tn\/fr\/actualite\/culture\/jcc-2016-deux-tanit-dor-pour-deux-films-tunisiens\/199639\/","og_locale":"fr_FR","og_type":"article","og_title":"JCC 2016 | Deux Tanit d'Or pour deux films tunisiens","og_description":"JCC 2016 | Deux Tanit d'Or pour deux films tunisiens","og_url":"https:\/\/www.webdo.tn\/fr\/actualite\/culture\/jcc-2016-deux-tanit-dor-pour-deux-films-tunisiens\/199639\/","og_site_name":"webdo","article_publisher":"https:\/\/www.facebook.com\/webdotn","article_author":"https:\/\/www.facebook.com\/massir.destiniii\/","article_published_time":"2016-11-06T08:22:00+00:00","og_image":[{"width":1087,"height":768,"url":"https:\/\/www.webdo.tn\/fr\/wp-content\/uploads\/2016\/11\/DSC_3888-2-copie.jpg","type":"image\/jpeg"}],"author":"Ne\u00efla DRISS","twitter_card":"summary_large_image","twitter_creator":"@https:\/\/x.com\/MassirDestin","twitter_site":"@webdo_tn","twitter_misc":{"\u00c9crit par":"Ne\u00efla DRISS","Dur\u00e9e de lecture estim\u00e9e":"5 minutes"},"schema":{"@context":"https:\/\/schema.org","@graph":[{"@type":"NewsArticle","@id":"https:\/\/www.webdo.tn\/fr\/actualite\/culture\/jcc-2016-deux-tanit-dor-pour-deux-films-tunisiens\/199639\/#article","isPartOf":{"@id":"https:\/\/www.webdo.tn\/fr\/actualite\/culture\/jcc-2016-deux-tanit-dor-pour-deux-films-tunisiens\/199639\/"},"author":{"name":"Ne\u00efla DRISS","@id":"https:\/\/www.webdo.tn\/fr\/#\/schema\/person\/60d5ba619ed3f58783b0dc82b7dada80"},"headline":"JCC 2016 | Deux Tanit d&rsquo;Or pour deux films tunisiens","datePublished":"2016-11-06T08:22:00+00:00","mainEntityOfPage":{"@id":"https:\/\/www.webdo.tn\/fr\/actualite\/culture\/jcc-2016-deux-tanit-dor-pour-deux-films-tunisiens\/199639\/"},"wordCount":1066,"commentCount":0,"publisher":{"@id":"https:\/\/www.webdo.tn\/fr\/#organization"},"image":{"@id":"https:\/\/www.webdo.tn\/fr\/actualite\/culture\/jcc-2016-deux-tanit-dor-pour-deux-films-tunisiens\/199639\/#primaryimage"},"thumbnailUrl":"https:\/\/www.webdo.tn\/fr\/wp-content\/uploads\/2016\/11\/DSC_3888-2-copie.jpg","keywords":["'JCC 2016'","JCC","Journ\u00e9es cin\u00e9matographiques de Carthage","Kaouther Ben Hania","Majd Mastoura","Palmar\u00e8s","Tanit d'or"],"articleSection":["Culture"],"inLanguage":"fr-FR"},{"@type":"WebPage","@id":"https:\/\/www.webdo.tn\/fr\/actualite\/culture\/jcc-2016-deux-tanit-dor-pour-deux-films-tunisiens\/199639\/","url":"https:\/\/www.webdo.tn\/fr\/actualite\/culture\/jcc-2016-deux-tanit-dor-pour-deux-films-tunisiens\/199639\/","name":"JCC 2016 | Deux Tanit d'Or pour deux films tunisiens","isPartOf":{"@id":"https:\/\/www.webdo.tn\/fr\/#website"},"primaryImageOfPage":{"@id":"https:\/\/www.webdo.tn\/fr\/actualite\/culture\/jcc-2016-deux-tanit-dor-pour-deux-films-tunisiens\/199639\/#primaryimage"},"image":{"@id":"https:\/\/www.webdo.tn\/fr\/actualite\/culture\/jcc-2016-deux-tanit-dor-pour-deux-films-tunisiens\/199639\/#primaryimage"},"thumbnailUrl":"https:\/\/www.webdo.tn\/fr\/wp-content\/uploads\/2016\/11\/DSC_3888-2-copie.jpg","datePublished":"2016-11-06T08:22:00+00:00","description":"JCC 2016 | Deux Tanit d'Or pour deux films tunisiens","breadcrumb":{"@id":"https:\/\/www.webdo.tn\/fr\/actualite\/culture\/jcc-2016-deux-tanit-dor-pour-deux-films-tunisiens\/199639\/#breadcrumb"},"inLanguage":"fr-FR","potentialAction":[{"@type":"ReadAction","target":["https:\/\/www.webdo.tn\/fr\/actualite\/culture\/jcc-2016-deux-tanit-dor-pour-deux-films-tunisiens\/199639\/"]}]},{"@type":"ImageObject","inLanguage":"fr-FR","@id":"https:\/\/www.webdo.tn\/fr\/actualite\/culture\/jcc-2016-deux-tanit-dor-pour-deux-films-tunisiens\/199639\/#primaryimage","url":"https:\/\/www.webdo.tn\/fr\/wp-content\/uploads\/2016\/11\/DSC_3888-2-copie.jpg","contentUrl":"https:\/\/www.webdo.tn\/fr\/wp-content\/uploads\/2016\/11\/DSC_3888-2-copie.jpg","width":1087,"height":768,"caption":"JCC 2016 | Deux Tanit d'Or pour deux films tunisiens"},{"@type":"BreadcrumbList","@id":"https:\/\/www.webdo.tn\/fr\/actualite\/culture\/jcc-2016-deux-tanit-dor-pour-deux-films-tunisiens\/199639\/#breadcrumb","itemListElement":[{"@type":"ListItem","position":1,"name":"Accueil","item":"https:\/\/www.webdo.tn\/fr\/"},{"@type":"ListItem","position":2,"name":"JCC 2016 | Deux Tanit d&rsquo;Or pour deux films tunisiens"}]},{"@type":"WebSite","@id":"https:\/\/www.webdo.tn\/fr\/#website","url":"https:\/\/www.webdo.tn\/fr\/","name":"webdo","description":"Tunisie - News en Tunisie et \u00e0 l&#039;international sur Webdo.tn","publisher":{"@id":"https:\/\/www.webdo.tn\/fr\/#organization"},"potentialAction":[{"@type":"SearchAction","target":{"@type":"EntryPoint","urlTemplate":"https:\/\/www.webdo.tn\/fr\/?s={search_term_string}"},"query-input":{"@type":"PropertyValueSpecification","valueRequired":true,"valueName":"search_term_string"}}],"inLanguage":"fr-FR"},{"@type":"Organization","@id":"https:\/\/www.webdo.tn\/fr\/#organization","name":"Webdo","alternateName":"Webdo.tn","url":"https:\/\/www.webdo.tn\/fr\/","logo":{"@type":"ImageObject","inLanguage":"fr-FR","@id":"https:\/\/www.webdo.tn\/fr\/#\/schema\/logo\/image\/","url":"https:\/\/www.webdo.tn\/fr\/wp-content\/uploads\/2025\/06\/Webdo-Tunisie_168377.jpg","contentUrl":"https:\/\/www.webdo.tn\/fr\/wp-content\/uploads\/2025\/06\/Webdo-Tunisie_168377.jpg","width":301,"height":301,"caption":"Webdo"},"image":{"@id":"https:\/\/www.webdo.tn\/fr\/#\/schema\/logo\/image\/"},"sameAs":["https:\/\/www.facebook.com\/webdotn","https:\/\/x.com\/webdo_tn"],"description":"Webdo est un m\u00e9dia num\u00e9rique tunisien fond\u00e9 en 2010, sp\u00e9cialis\u00e9 dans l\u2019actualit\u00e9 nationale et internationale, l\u2019\u00e9conomie, la soci\u00e9t\u00e9 et les analyses politiques. Le site s\u2019adresse \u00e0 un large public francophone et couvre l\u2019information tunisienne en temps r\u00e9el.","email":"redac@webdo.tn","legalName":"YNJ SARL","foundingDate":"2010-09-06","numberOfEmployees":{"@type":"QuantitativeValue","minValue":"11","maxValue":"50"}},{"@type":"Person","@id":"https:\/\/www.webdo.tn\/fr\/#\/schema\/person\/60d5ba619ed3f58783b0dc82b7dada80","name":"Ne\u00efla DRISS","image":{"@type":"ImageObject","inLanguage":"fr-FR","@id":"https:\/\/www.webdo.tn\/fr\/wp-content\/uploads\/2026\/04\/neila-driss_avatar-96x96.jpg","url":"https:\/\/www.webdo.tn\/fr\/wp-content\/uploads\/2026\/04\/neila-driss_avatar-96x96.jpg","contentUrl":"https:\/\/www.webdo.tn\/fr\/wp-content\/uploads\/2026\/04\/neila-driss_avatar-96x96.jpg","caption":"Ne\u00efla DRISS"},"description":"Ne\u00efla Driss est juriste, journaliste culturelle et critique de cin\u00e9ma tunisienne. Titulaire d\u2019un DEA en droit priv\u00e9 de l\u2019Universit\u00e9 Paris II et d\u2019un DESS de l\u2019IHEC Carthage, elle d\u00e9bute sa carri\u00e8re comme juriste sp\u00e9cialis\u00e9e en gestion de patrimoine immobilier. Elle s\u2019oriente ensuite vers l\u2019\u00e9criture en ligne, o\u00f9 elle se distingue d\u00e8s 2006 aux Tunisia Blog Awards, avant de se consacrer au journalisme culturel, avec une sp\u00e9cialisation dans la critique cin\u00e9matographique. Elle couvre r\u00e9guli\u00e8rement les grands festivals internationaux, notamment le Festival de Cannes, les Journ\u00e9es Cin\u00e9matographiques de Carthage et le Festival du film du Caire. Membre de l\u2019ATPCC et de la FIPRESCI, elle participe \u00e0 des jurys et initiatives internationales de critique. Depuis 2024, elle est \u00e9lectrice internationale aux Golden Globes. Facebook : https:\/\/www.facebook.com\/massir.destiniii\/ X : https:\/\/x.com\/MassirDestin","sameAs":["https:\/\/www.facebook.com\/massir.destiniii\/","https:\/\/www.instagram.com\/neila.driss\/?hl=fr","https:\/\/www.linkedin.com\/in\/neila-driss-22606a80\/","https:\/\/x.com\/https:\/\/x.com\/MassirDestin"],"knowsAbout":["Cin\u00e9ma international","critique cin\u00e9matographique","festivals de cin\u00e9ma","journalisme culturel"],"knowsLanguage":["Fran\u00e7ais","Arabe","Anglais"],"jobTitle":"Journaliste culturelle et critique de cin\u00e9ma","worksFor":"Webdo","url":"https:\/\/www.webdo.tn\/fr\/actualite\/author\/neila-driss\/"}]}},"_links":{"self":[{"href":"https:\/\/www.webdo.tn\/fr\/wp-json\/wp\/v2\/posts\/199639","targetHints":{"allow":["GET"]}}],"collection":[{"href":"https:\/\/www.webdo.tn\/fr\/wp-json\/wp\/v2\/posts"}],"about":[{"href":"https:\/\/www.webdo.tn\/fr\/wp-json\/wp\/v2\/types\/post"}],"author":[{"embeddable":true,"href":"https:\/\/www.webdo.tn\/fr\/wp-json\/wp\/v2\/users\/3164"}],"replies":[{"embeddable":true,"href":"https:\/\/www.webdo.tn\/fr\/wp-json\/wp\/v2\/comments?post=199639"}],"version-history":[{"count":0,"href":"https:\/\/www.webdo.tn\/fr\/wp-json\/wp\/v2\/posts\/199639\/revisions"}],"wp:featuredmedia":[{"embeddable":true,"href":"https:\/\/www.webdo.tn\/fr\/wp-json\/wp\/v2\/media\/326960"}],"wp:attachment":[{"href":"https:\/\/www.webdo.tn\/fr\/wp-json\/wp\/v2\/media?parent=199639"}],"wp:term":[{"taxonomy":"category","embeddable":true,"href":"https:\/\/www.webdo.tn\/fr\/wp-json\/wp\/v2\/categories?post=199639"},{"taxonomy":"post_tag","embeddable":true,"href":"https:\/\/www.webdo.tn\/fr\/wp-json\/wp\/v2\/tags?post=199639"}],"curies":[{"name":"wp","href":"https:\/\/api.w.org\/{rel}","templated":true}]}}