{"id":199638,"date":"2016-11-04T21:37:00","date_gmt":"2016-11-04T21:37:00","guid":{"rendered":"https:\/\/www.webdo.tn\/fr\/blog\/jcc-2016-palmares-sections-paralleles\/199638\/"},"modified":"2016-11-04T21:37:00","modified_gmt":"2016-11-04T21:37:00","slug":"jcc-2016-palmares-sections-paralleles","status":"publish","type":"post","link":"https:\/\/www.webdo.tn\/fr\/actualite\/culture\/jcc-2016-palmares-sections-paralleles\/199638\/","title":{"rendered":"JCC 2016 : Palmar\u00e8s des sections parall\u00e8les"},"content":{"rendered":"<div class=\"single-body entry-content typography-copy\" itemprop=\"articleBody\">\n<p style=\"font-weight: bold; text-align: justify\">\n<div class=\"coprs\" style=\"text-align: center\"><\/div>\n<div class=\"coprs\" style=\"text-align: justify\">\n<p><a href=\"http:\/\/www.jcctunisie.org\/\">JCC<\/a> 2016 &#8211; Une c\u00e9r\u00e9monie de remise des prix des sections parall\u00e8les s\u2019est tenue vendredi au palais des congr\u00e8s. Les jury ont annonc\u00e9 le palmar\u00e8s suivant:<\/p>\n<p>\u2022 Prix Fondation Tunisienne Femme et M\u00e9moire FTFM, prix Hayde Tamzali: Meilleure interpr\u00e9tation f\u00e9minine Anissa Daoued de Tunisie pour son r\u00f4le dans le film <em>Demain d\u00e8s l\u2019aube<\/em> de Lotfi Achour.<\/p>\n<p>\u2022 Prix de la F\u00e9d\u00e9ration Africaine de la Critique Cin\u00e9matographique, FACC , prix Nejiba Hamrouni: Meilleur long m\u00e9trage pour le film\u00a0<em><a href=\"http:\/\/www.imdb.com\/title\/tt5599692\/\">Eshtebek<\/a>\u00a0<\/em>(Clash) de Mohamed Dhiab d\u2019Egypte.<\/p>\n<figure id=\"attachment_141483\" aria-describedby=\"caption-attachment-141483\" style=\"width: 700px\" class=\"wp-caption aligncenter\"><img decoding=\"async\" class=\"wp-image-141483 size-large\" src=\"http:\/\/www.webdo.tn\/wp-content\/uploads\/2016\/11\/IMG_9175-1024x721.jpg\" alt=\"Prix Nejiba Hamrouni: Meilleur long m\u00e9trage pour le film Eshtebek.\" width=\"700\" height=\"493\"><figcaption id=\"caption-attachment-141483\" class=\"wp-caption-text\"><em>Prix Nejiba Hamrouni: Meilleur long m\u00e9trage pour le film Eshtebek.<\/em><\/figcaption><\/figure>\n<p>\u2022 Prix Network of Arab Alternative Screens NASS<br \/>\n1- Prix Mention du jury: <em>Beach house<\/em> de Roy Dhib du Liban.<br \/>\n2- Meilleur court m\u00e9trage:\u00a0<em>Neyrkouk<\/em> de Mohamed Kordafi du Soudan.<br \/>\n3- Meilleur long m\u00e9trage: <em>The last of us<\/em> de Alaeddine Selim de Tunisie.<\/p>\n<figure id=\"attachment_141484\" aria-describedby=\"caption-attachment-141484\" style=\"width: 700px\" class=\"wp-caption aligncenter\"><img decoding=\"async\" class=\"wp-image-141484 size-large\" src=\"http:\/\/www.webdo.tn\/wp-content\/uploads\/2016\/11\/IMG_9178-1024x696.jpg\" alt=\"Prix Mention du jury pour le film Beach house\" width=\"700\" height=\"476\"><figcaption id=\"caption-attachment-141484\" class=\"wp-caption-text\"><em>Prix Mention du jury pour le film Beach house<\/em><\/figcaption><\/figure>\n<p>\u2022 Prix de la F\u00e9d\u00e9ration Internationale de la Presse Cin\u00e9matographique FIPRESCI:\u00a0Meilleur long m\u00e9trage <em>Divines<\/em>\u00a0de Houda Benyamina du Maroc<\/p>\n<p><img decoding=\"async\" class=\"aligncenter wp-image-141487 size-large\" src=\"http:\/\/www.webdo.tn\/wp-content\/uploads\/2016\/11\/IMG_9177-1024x664.jpg\" alt=\"img_9177\" width=\"700\" height=\"454\"><\/p>\n<figure id=\"attachment_141489\" aria-describedby=\"caption-attachment-141489\" style=\"width: 700px\" class=\"wp-caption aligncenter\"><img decoding=\"async\" class=\"wp-image-141489 size-large\" src=\"http:\/\/www.webdo.tn\/wp-content\/uploads\/2016\/11\/IMG_9179-1024x688.jpg\" alt=\"JCC - Les laur\u00e9ats des sections parall\u00e8les\" width=\"700\" height=\"470\"><figcaption id=\"caption-attachment-141489\" class=\"wp-caption-text\"><em>JCC &#8211; Les laur\u00e9ats des sections parall\u00e8les<\/em><\/figcaption><\/figure>\n<p><strong>Ne\u00efla Driss<\/strong><\/p>\n<p><em>Lire sur le m\u00eame sujet:<\/em><\/p>\n<ul>\n<li class=\"entry-title\"><a title=\"JCC 2016 : La liste compl\u00e8te des films en comp\u00e9tition\" href=\"http:\/\/www.webdo.tn\/2016\/09\/08\/jcc-2016-liste-complete-films-competition\/\" rel=\"bookmark\">JCC 2016 : La liste compl\u00e8te des films en comp\u00e9tition<\/a><\/li>\n<li class=\"entry-title\"><a title=\"Journ\u00e9es Cin\u00e9matographiques de Carthage : L\u2019Art triomphera toujours de la terreur !\" href=\"http:\/\/www.webdo.tn\/2016\/10\/20\/journees-cinematographiques-de-carthage-lart-triomphera-toujours-terreur\/\" rel=\"bookmark\">Journ\u00e9es Cin\u00e9matographiques de Carthage : L\u2019Art triomphera toujours de la terreur !<\/a><\/li>\n<li class=\"entry-title\"><a title=\"Le programme complet des JCC\" href=\"http:\/\/www.webdo.tn\/2016\/10\/25\/programme-complet-jcc\/\" rel=\"bookmark\">Le programme complet des JCC<\/a><\/li>\n<li class=\"entry-title\"><a title=\"Mes JCC 2016 | Jour J-1 : Derniers pr\u00e9paratifs\" href=\"http:\/\/www.webdo.tn\/2016\/10\/27\/tunisie-jcc-2016-jour-j-1-derniers-preparatifs\/\" rel=\"bookmark\">Mes JCC 2016 | Jour J-1 : Derniers pr\u00e9paratifs<\/a><\/li>\n<li class=\"entry-title\"><a title=\"JCC 2016 : Retransmission en direct de la c\u00e9r\u00e9monie d\u2019ouverture dans les r\u00e9gions\" href=\"http:\/\/www.webdo.tn\/2016\/10\/27\/jcc-2016-transmission-en-direct-de-la-ceremonie-douverture-dans-les-regions\/\" rel=\"bookmark\">JCC 2016 : Retransmission en direct de la c\u00e9r\u00e9monie d\u2019ouverture dans les r\u00e9gions<\/a><\/li>\n<li class=\"entry-title\"><a title=\"Mes JCC 2016 | Jour J : Glamour ou militant ?\" href=\"http:\/\/www.webdo.tn\/2016\/10\/28\/mes-jcc-2016-jour-j-glamour-ou-militant\/\" rel=\"bookmark\">Mes JCC 2016 | Jour J : Glamour ou militant ?<\/a><\/li>\n<li><a title=\"Mes JCC | Jour 1\" href=\"http:\/\/www.webdo.tn\/2016\/10\/30\/jcc-jour-1\/\" rel=\"bookmark\">Mes JCC | Jour 1<\/a><\/li>\n<li class=\"entry-title\"><a title=\"Mes JCC 2016 | Jours 2 et 3 | Youssef Chahine mon amour !\" href=\"http:\/\/www.webdo.tn\/2016\/11\/01\/mes-jcc-2016-jours-2-et-3-youssef-chahine-mon-amour\/\" rel=\"bookmark\">Mes JCC 2016 | Jours 2 et 3 | Youssef Chahine mon amour !<\/a><\/li>\n<li class=\"entry-title\"><a title=\"JCC 2016 : Palmar\u00e8s des sections parall\u00e8les\" href=\"http:\/\/www.webdo.tn\/2016\/11\/04\/jcc-2016-palmares-sections-paralleles\/\" rel=\"bookmark\">JCC 2016 : Palmar\u00e8s des sections parall\u00e8les<\/a><\/li>\n<li><a title=\"JCC 2016 | Deux Tanit d\u2019Or pour deux films tunisiens\" href=\"http:\/\/www.webdo.tn\/2016\/11\/06\/jcc-2016-deux-tanit-dor-pour-deux-films-tunisiens\/\" rel=\"bookmark\">JCC 2016 | Deux Tanit d\u2019Or pour deux films tunisiens<\/a><\/li>\n<li><a title=\"Festival International du Film du Caire \u2013 Clash\u2026 et r\u00e9conciliation ?\" href=\"http:\/\/www.webdo.tn\/2016\/11\/22\/festival-international-film-caire-clash-reconciliation\/\" rel=\"bookmark\">Festival International du Film du Caire \u2013 Clash\u2026 et r\u00e9conciliation ?<\/a><\/li>\n<li><a title=\"Mohamed Hefzy, d\u2019ing\u00e9nieur en m\u00e9tallurgie \u00e0 m\u00e9decin du cin\u00e9ma arabe\" href=\"http:\/\/www.webdo.tn\/2017\/02\/08\/mohamed-hefzy-dingenieur-metallurgie-medecin-cinema-arabe\/\" rel=\"bookmark\">Mohamed Hefzy, d\u2019ing\u00e9nieur en m\u00e9tallurgie \u00e0 m\u00e9decin du cin\u00e9ma arabe<\/a><\/li>\n<\/ul><\/div>\n<div class=\"coprs\" style=\"text-align: center\"><\/div><\/div>\n","protected":false},"excerpt":{"rendered":"<p>JCC 2016 : Palmar\u00e8s des sections parall\u00e8les<\/p>\n","protected":false},"author":3164,"featured_media":338186,"comment_status":"open","ping_status":"closed","sticky":false,"template":"","format":"standard","meta":{"footnotes":""},"categories":[2594],"tags":[2600],"class_list":["post-199638","post","type-post","status-publish","format-standard","has-post-thumbnail","hentry","category-culture","tag-guerre"],"yoast_head":"<!-- This site is optimized with the Yoast SEO Premium plugin v27.5 (Yoast SEO v27.5) - https:\/\/yoast.com\/product\/yoast-seo-premium-wordpress\/ -->\n<title>JCC 2016 : Palmar\u00e8s des sections parall\u00e8les<\/title>\n<meta name=\"description\" content=\"JCC 2016 : Palmar\u00e8s des sections parall\u00e8les\" \/>\n<link rel=\"canonical\" href=\"https:\/\/www.webdo.tn\/fr\/actualite\/culture\/jcc-2016-palmares-sections-paralleles\/199638\/\" \/>\n<meta property=\"og:locale\" content=\"fr_FR\" \/>\n<meta property=\"og:type\" content=\"article\" \/>\n<meta property=\"og:title\" content=\"JCC 2016 : Palmar\u00e8s des sections parall\u00e8les\" \/>\n<meta property=\"og:description\" content=\"JCC 2016 : Palmar\u00e8s des sections parall\u00e8les\" \/>\n<meta property=\"og:url\" content=\"https:\/\/www.webdo.tn\/fr\/actualite\/culture\/jcc-2016-palmares-sections-paralleles\/199638\/\" \/>\n<meta property=\"og:site_name\" content=\"webdo\" \/>\n<meta property=\"article:publisher\" content=\"https:\/\/www.facebook.com\/webdotn\" \/>\n<meta property=\"article:author\" content=\"https:\/\/www.facebook.com\/massir.destiniii\/\" \/>\n<meta property=\"article:published_time\" content=\"2016-11-04T21:37:00+00:00\" \/>\n<meta property=\"og:image\" content=\"https:\/\/www.webdo.tn\/fr\/wp-content\/uploads\/2016\/11\/IMG_9176-1024x718-1.jpg\" \/>\n\t<meta property=\"og:image:width\" content=\"1024\" \/>\n\t<meta property=\"og:image:height\" content=\"718\" \/>\n\t<meta property=\"og:image:type\" content=\"image\/jpeg\" \/>\n<meta name=\"author\" content=\"Ne\u00efla DRISS\" \/>\n<meta name=\"twitter:card\" content=\"summary_large_image\" \/>\n<meta name=\"twitter:creator\" content=\"@https:\/\/x.com\/MassirDestin\" \/>\n<meta name=\"twitter:site\" content=\"@webdo_tn\" \/>\n<meta name=\"twitter:label1\" content=\"\u00c9crit par\" \/>\n\t<meta name=\"twitter:data1\" content=\"Ne\u00efla DRISS\" \/>\n\t<meta name=\"twitter:label2\" content=\"Dur\u00e9e de lecture estim\u00e9e\" \/>\n\t<meta name=\"twitter:data2\" content=\"2 minutes\" \/>\n<script type=\"application\/ld+json\" class=\"yoast-schema-graph\">{\"@context\":\"https:\\\/\\\/schema.org\",\"@graph\":[{\"@type\":\"NewsArticle\",\"@id\":\"https:\\\/\\\/www.webdo.tn\\\/fr\\\/actualite\\\/culture\\\/jcc-2016-palmares-sections-paralleles\\\/199638\\\/#article\",\"isPartOf\":{\"@id\":\"https:\\\/\\\/www.webdo.tn\\\/fr\\\/actualite\\\/culture\\\/jcc-2016-palmares-sections-paralleles\\\/199638\\\/\"},\"author\":{\"name\":\"Ne\u00efla DRISS\",\"@id\":\"https:\\\/\\\/www.webdo.tn\\\/fr\\\/#\\\/schema\\\/person\\\/60d5ba619ed3f58783b0dc82b7dada80\"},\"headline\":\"JCC 2016 : Palmar\u00e8s des sections parall\u00e8les\",\"datePublished\":\"2016-11-04T21:37:00+00:00\",\"mainEntityOfPage\":{\"@id\":\"https:\\\/\\\/www.webdo.tn\\\/fr\\\/actualite\\\/culture\\\/jcc-2016-palmares-sections-paralleles\\\/199638\\\/\"},\"wordCount\":337,\"commentCount\":0,\"publisher\":{\"@id\":\"https:\\\/\\\/www.webdo.tn\\\/fr\\\/#organization\"},\"image\":{\"@id\":\"https:\\\/\\\/www.webdo.tn\\\/fr\\\/actualite\\\/culture\\\/jcc-2016-palmares-sections-paralleles\\\/199638\\\/#primaryimage\"},\"thumbnailUrl\":\"https:\\\/\\\/www.webdo.tn\\\/fr\\\/wp-content\\\/uploads\\\/2016\\\/11\\\/IMG_9176-1024x718-1.jpg\",\"keywords\":[\"guerre\"],\"articleSection\":[\"Culture\"],\"inLanguage\":\"fr-FR\"},{\"@type\":\"WebPage\",\"@id\":\"https:\\\/\\\/www.webdo.tn\\\/fr\\\/actualite\\\/culture\\\/jcc-2016-palmares-sections-paralleles\\\/199638\\\/\",\"url\":\"https:\\\/\\\/www.webdo.tn\\\/fr\\\/actualite\\\/culture\\\/jcc-2016-palmares-sections-paralleles\\\/199638\\\/\",\"name\":\"JCC 2016 : Palmar\u00e8s des sections parall\u00e8les\",\"isPartOf\":{\"@id\":\"https:\\\/\\\/www.webdo.tn\\\/fr\\\/#website\"},\"primaryImageOfPage\":{\"@id\":\"https:\\\/\\\/www.webdo.tn\\\/fr\\\/actualite\\\/culture\\\/jcc-2016-palmares-sections-paralleles\\\/199638\\\/#primaryimage\"},\"image\":{\"@id\":\"https:\\\/\\\/www.webdo.tn\\\/fr\\\/actualite\\\/culture\\\/jcc-2016-palmares-sections-paralleles\\\/199638\\\/#primaryimage\"},\"thumbnailUrl\":\"https:\\\/\\\/www.webdo.tn\\\/fr\\\/wp-content\\\/uploads\\\/2016\\\/11\\\/IMG_9176-1024x718-1.jpg\",\"datePublished\":\"2016-11-04T21:37:00+00:00\",\"description\":\"JCC 2016 : Palmar\u00e8s des sections parall\u00e8les\",\"breadcrumb\":{\"@id\":\"https:\\\/\\\/www.webdo.tn\\\/fr\\\/actualite\\\/culture\\\/jcc-2016-palmares-sections-paralleles\\\/199638\\\/#breadcrumb\"},\"inLanguage\":\"fr-FR\",\"potentialAction\":[{\"@type\":\"ReadAction\",\"target\":[\"https:\\\/\\\/www.webdo.tn\\\/fr\\\/actualite\\\/culture\\\/jcc-2016-palmares-sections-paralleles\\\/199638\\\/\"]}]},{\"@type\":\"ImageObject\",\"inLanguage\":\"fr-FR\",\"@id\":\"https:\\\/\\\/www.webdo.tn\\\/fr\\\/actualite\\\/culture\\\/jcc-2016-palmares-sections-paralleles\\\/199638\\\/#primaryimage\",\"url\":\"https:\\\/\\\/www.webdo.tn\\\/fr\\\/wp-content\\\/uploads\\\/2016\\\/11\\\/IMG_9176-1024x718-1.jpg\",\"contentUrl\":\"https:\\\/\\\/www.webdo.tn\\\/fr\\\/wp-content\\\/uploads\\\/2016\\\/11\\\/IMG_9176-1024x718-1.jpg\",\"width\":1024,\"height\":718,\"caption\":\"JCC 2016 : Palmar\u00e8s des sections parall\u00e8les\"},{\"@type\":\"BreadcrumbList\",\"@id\":\"https:\\\/\\\/www.webdo.tn\\\/fr\\\/actualite\\\/culture\\\/jcc-2016-palmares-sections-paralleles\\\/199638\\\/#breadcrumb\",\"itemListElement\":[{\"@type\":\"ListItem\",\"position\":1,\"name\":\"Accueil\",\"item\":\"https:\\\/\\\/www.webdo.tn\\\/fr\\\/\"},{\"@type\":\"ListItem\",\"position\":2,\"name\":\"JCC 2016 : Palmar\u00e8s des sections parall\u00e8les\"}]},{\"@type\":\"WebSite\",\"@id\":\"https:\\\/\\\/www.webdo.tn\\\/fr\\\/#website\",\"url\":\"https:\\\/\\\/www.webdo.tn\\\/fr\\\/\",\"name\":\"webdo\",\"description\":\"Tunisie - News en Tunisie et \u00e0 l&#039;international sur Webdo.tn\",\"publisher\":{\"@id\":\"https:\\\/\\\/www.webdo.tn\\\/fr\\\/#organization\"},\"potentialAction\":[{\"@type\":\"SearchAction\",\"target\":{\"@type\":\"EntryPoint\",\"urlTemplate\":\"https:\\\/\\\/www.webdo.tn\\\/fr\\\/?s={search_term_string}\"},\"query-input\":{\"@type\":\"PropertyValueSpecification\",\"valueRequired\":true,\"valueName\":\"search_term_string\"}}],\"inLanguage\":\"fr-FR\"},{\"@type\":\"Organization\",\"@id\":\"https:\\\/\\\/www.webdo.tn\\\/fr\\\/#organization\",\"name\":\"Webdo\",\"alternateName\":\"Webdo.tn\",\"url\":\"https:\\\/\\\/www.webdo.tn\\\/fr\\\/\",\"logo\":{\"@type\":\"ImageObject\",\"inLanguage\":\"fr-FR\",\"@id\":\"https:\\\/\\\/www.webdo.tn\\\/fr\\\/#\\\/schema\\\/logo\\\/image\\\/\",\"url\":\"https:\\\/\\\/www.webdo.tn\\\/fr\\\/wp-content\\\/uploads\\\/2025\\\/06\\\/Webdo-Tunisie_168377.jpg\",\"contentUrl\":\"https:\\\/\\\/www.webdo.tn\\\/fr\\\/wp-content\\\/uploads\\\/2025\\\/06\\\/Webdo-Tunisie_168377.jpg\",\"width\":301,\"height\":301,\"caption\":\"Webdo\"},\"image\":{\"@id\":\"https:\\\/\\\/www.webdo.tn\\\/fr\\\/#\\\/schema\\\/logo\\\/image\\\/\"},\"sameAs\":[\"https:\\\/\\\/www.facebook.com\\\/webdotn\",\"https:\\\/\\\/x.com\\\/webdo_tn\"],\"description\":\"Webdo est un m\u00e9dia num\u00e9rique tunisien fond\u00e9 en 2010, sp\u00e9cialis\u00e9 dans l\u2019actualit\u00e9 nationale et internationale, l\u2019\u00e9conomie, la soci\u00e9t\u00e9 et les analyses politiques. Le site s\u2019adresse \u00e0 un large public francophone et couvre l\u2019information tunisienne en temps r\u00e9el.\",\"email\":\"redac@webdo.tn\",\"legalName\":\"YNJ SARL\",\"foundingDate\":\"2010-09-06\",\"numberOfEmployees\":{\"@type\":\"QuantitativeValue\",\"minValue\":\"11\",\"maxValue\":\"50\"}},{\"@type\":\"Person\",\"@id\":\"https:\\\/\\\/www.webdo.tn\\\/fr\\\/#\\\/schema\\\/person\\\/60d5ba619ed3f58783b0dc82b7dada80\",\"name\":\"Ne\u00efla DRISS\",\"image\":{\"@type\":\"ImageObject\",\"inLanguage\":\"fr-FR\",\"@id\":\"https:\\\/\\\/www.webdo.tn\\\/fr\\\/wp-content\\\/uploads\\\/2026\\\/04\\\/neila-driss_avatar-96x96.jpg\",\"url\":\"https:\\\/\\\/www.webdo.tn\\\/fr\\\/wp-content\\\/uploads\\\/2026\\\/04\\\/neila-driss_avatar-96x96.jpg\",\"contentUrl\":\"https:\\\/\\\/www.webdo.tn\\\/fr\\\/wp-content\\\/uploads\\\/2026\\\/04\\\/neila-driss_avatar-96x96.jpg\",\"caption\":\"Ne\u00efla DRISS\"},\"description\":\"Ne\u00efla Driss est juriste, journaliste culturelle et critique de cin\u00e9ma tunisienne. Titulaire d\u2019un DEA en droit priv\u00e9 de l\u2019Universit\u00e9 Paris II et d\u2019un DESS de l\u2019IHEC Carthage, elle d\u00e9bute sa carri\u00e8re comme juriste sp\u00e9cialis\u00e9e en gestion de patrimoine immobilier. Elle s\u2019oriente ensuite vers l\u2019\u00e9criture en ligne, o\u00f9 elle se distingue d\u00e8s 2006 aux Tunisia Blog Awards, avant de se consacrer au journalisme culturel, avec une sp\u00e9cialisation dans la critique cin\u00e9matographique. Elle couvre r\u00e9guli\u00e8rement les grands festivals internationaux, notamment le Festival de Cannes, les Journ\u00e9es Cin\u00e9matographiques de Carthage et le Festival du film du Caire. Membre de l\u2019ATPCC et de la FIPRESCI, elle participe \u00e0 des jurys et initiatives internationales de critique. Depuis 2024, elle est \u00e9lectrice internationale aux Golden Globes. Facebook : https:\\\/\\\/www.facebook.com\\\/massir.destiniii\\\/ X : https:\\\/\\\/x.com\\\/MassirDestin\",\"sameAs\":[\"https:\\\/\\\/www.facebook.com\\\/massir.destiniii\\\/\",\"https:\\\/\\\/www.instagram.com\\\/neila.driss\\\/?hl=fr\",\"https:\\\/\\\/www.linkedin.com\\\/in\\\/neila-driss-22606a80\\\/\",\"https:\\\/\\\/x.com\\\/https:\\\/\\\/x.com\\\/MassirDestin\"],\"knowsAbout\":[\"Cin\u00e9ma international\",\"critique cin\u00e9matographique\",\"festivals de cin\u00e9ma\",\"journalisme culturel\"],\"knowsLanguage\":[\"Fran\u00e7ais\",\"Arabe\",\"Anglais\"],\"jobTitle\":\"Journaliste culturelle et critique de cin\u00e9ma\",\"worksFor\":\"Webdo\",\"url\":\"https:\\\/\\\/www.webdo.tn\\\/fr\\\/actualite\\\/author\\\/neila-driss\\\/\"}]}<\/script>\n<!-- \/ Yoast SEO Premium plugin. -->","yoast_head_json":{"title":"JCC 2016 : Palmar\u00e8s des sections parall\u00e8les","description":"JCC 2016 : Palmar\u00e8s des sections parall\u00e8les","canonical":"https:\/\/www.webdo.tn\/fr\/actualite\/culture\/jcc-2016-palmares-sections-paralleles\/199638\/","og_locale":"fr_FR","og_type":"article","og_title":"JCC 2016 : Palmar\u00e8s des sections parall\u00e8les","og_description":"JCC 2016 : Palmar\u00e8s des sections parall\u00e8les","og_url":"https:\/\/www.webdo.tn\/fr\/actualite\/culture\/jcc-2016-palmares-sections-paralleles\/199638\/","og_site_name":"webdo","article_publisher":"https:\/\/www.facebook.com\/webdotn","article_author":"https:\/\/www.facebook.com\/massir.destiniii\/","article_published_time":"2016-11-04T21:37:00+00:00","og_image":[{"width":1024,"height":718,"url":"https:\/\/www.webdo.tn\/fr\/wp-content\/uploads\/2016\/11\/IMG_9176-1024x718-1.jpg","type":"image\/jpeg"}],"author":"Ne\u00efla DRISS","twitter_card":"summary_large_image","twitter_creator":"@https:\/\/x.com\/MassirDestin","twitter_site":"@webdo_tn","twitter_misc":{"\u00c9crit par":"Ne\u00efla DRISS","Dur\u00e9e de lecture estim\u00e9e":"2 minutes"},"schema":{"@context":"https:\/\/schema.org","@graph":[{"@type":"NewsArticle","@id":"https:\/\/www.webdo.tn\/fr\/actualite\/culture\/jcc-2016-palmares-sections-paralleles\/199638\/#article","isPartOf":{"@id":"https:\/\/www.webdo.tn\/fr\/actualite\/culture\/jcc-2016-palmares-sections-paralleles\/199638\/"},"author":{"name":"Ne\u00efla DRISS","@id":"https:\/\/www.webdo.tn\/fr\/#\/schema\/person\/60d5ba619ed3f58783b0dc82b7dada80"},"headline":"JCC 2016 : Palmar\u00e8s des sections parall\u00e8les","datePublished":"2016-11-04T21:37:00+00:00","mainEntityOfPage":{"@id":"https:\/\/www.webdo.tn\/fr\/actualite\/culture\/jcc-2016-palmares-sections-paralleles\/199638\/"},"wordCount":337,"commentCount":0,"publisher":{"@id":"https:\/\/www.webdo.tn\/fr\/#organization"},"image":{"@id":"https:\/\/www.webdo.tn\/fr\/actualite\/culture\/jcc-2016-palmares-sections-paralleles\/199638\/#primaryimage"},"thumbnailUrl":"https:\/\/www.webdo.tn\/fr\/wp-content\/uploads\/2016\/11\/IMG_9176-1024x718-1.jpg","keywords":["guerre"],"articleSection":["Culture"],"inLanguage":"fr-FR"},{"@type":"WebPage","@id":"https:\/\/www.webdo.tn\/fr\/actualite\/culture\/jcc-2016-palmares-sections-paralleles\/199638\/","url":"https:\/\/www.webdo.tn\/fr\/actualite\/culture\/jcc-2016-palmares-sections-paralleles\/199638\/","name":"JCC 2016 : Palmar\u00e8s des sections parall\u00e8les","isPartOf":{"@id":"https:\/\/www.webdo.tn\/fr\/#website"},"primaryImageOfPage":{"@id":"https:\/\/www.webdo.tn\/fr\/actualite\/culture\/jcc-2016-palmares-sections-paralleles\/199638\/#primaryimage"},"image":{"@id":"https:\/\/www.webdo.tn\/fr\/actualite\/culture\/jcc-2016-palmares-sections-paralleles\/199638\/#primaryimage"},"thumbnailUrl":"https:\/\/www.webdo.tn\/fr\/wp-content\/uploads\/2016\/11\/IMG_9176-1024x718-1.jpg","datePublished":"2016-11-04T21:37:00+00:00","description":"JCC 2016 : Palmar\u00e8s des sections parall\u00e8les","breadcrumb":{"@id":"https:\/\/www.webdo.tn\/fr\/actualite\/culture\/jcc-2016-palmares-sections-paralleles\/199638\/#breadcrumb"},"inLanguage":"fr-FR","potentialAction":[{"@type":"ReadAction","target":["https:\/\/www.webdo.tn\/fr\/actualite\/culture\/jcc-2016-palmares-sections-paralleles\/199638\/"]}]},{"@type":"ImageObject","inLanguage":"fr-FR","@id":"https:\/\/www.webdo.tn\/fr\/actualite\/culture\/jcc-2016-palmares-sections-paralleles\/199638\/#primaryimage","url":"https:\/\/www.webdo.tn\/fr\/wp-content\/uploads\/2016\/11\/IMG_9176-1024x718-1.jpg","contentUrl":"https:\/\/www.webdo.tn\/fr\/wp-content\/uploads\/2016\/11\/IMG_9176-1024x718-1.jpg","width":1024,"height":718,"caption":"JCC 2016 : Palmar\u00e8s des sections parall\u00e8les"},{"@type":"BreadcrumbList","@id":"https:\/\/www.webdo.tn\/fr\/actualite\/culture\/jcc-2016-palmares-sections-paralleles\/199638\/#breadcrumb","itemListElement":[{"@type":"ListItem","position":1,"name":"Accueil","item":"https:\/\/www.webdo.tn\/fr\/"},{"@type":"ListItem","position":2,"name":"JCC 2016 : Palmar\u00e8s des sections parall\u00e8les"}]},{"@type":"WebSite","@id":"https:\/\/www.webdo.tn\/fr\/#website","url":"https:\/\/www.webdo.tn\/fr\/","name":"webdo","description":"Tunisie - News en Tunisie et \u00e0 l&#039;international sur Webdo.tn","publisher":{"@id":"https:\/\/www.webdo.tn\/fr\/#organization"},"potentialAction":[{"@type":"SearchAction","target":{"@type":"EntryPoint","urlTemplate":"https:\/\/www.webdo.tn\/fr\/?s={search_term_string}"},"query-input":{"@type":"PropertyValueSpecification","valueRequired":true,"valueName":"search_term_string"}}],"inLanguage":"fr-FR"},{"@type":"Organization","@id":"https:\/\/www.webdo.tn\/fr\/#organization","name":"Webdo","alternateName":"Webdo.tn","url":"https:\/\/www.webdo.tn\/fr\/","logo":{"@type":"ImageObject","inLanguage":"fr-FR","@id":"https:\/\/www.webdo.tn\/fr\/#\/schema\/logo\/image\/","url":"https:\/\/www.webdo.tn\/fr\/wp-content\/uploads\/2025\/06\/Webdo-Tunisie_168377.jpg","contentUrl":"https:\/\/www.webdo.tn\/fr\/wp-content\/uploads\/2025\/06\/Webdo-Tunisie_168377.jpg","width":301,"height":301,"caption":"Webdo"},"image":{"@id":"https:\/\/www.webdo.tn\/fr\/#\/schema\/logo\/image\/"},"sameAs":["https:\/\/www.facebook.com\/webdotn","https:\/\/x.com\/webdo_tn"],"description":"Webdo est un m\u00e9dia num\u00e9rique tunisien fond\u00e9 en 2010, sp\u00e9cialis\u00e9 dans l\u2019actualit\u00e9 nationale et internationale, l\u2019\u00e9conomie, la soci\u00e9t\u00e9 et les analyses politiques. Le site s\u2019adresse \u00e0 un large public francophone et couvre l\u2019information tunisienne en temps r\u00e9el.","email":"redac@webdo.tn","legalName":"YNJ SARL","foundingDate":"2010-09-06","numberOfEmployees":{"@type":"QuantitativeValue","minValue":"11","maxValue":"50"}},{"@type":"Person","@id":"https:\/\/www.webdo.tn\/fr\/#\/schema\/person\/60d5ba619ed3f58783b0dc82b7dada80","name":"Ne\u00efla DRISS","image":{"@type":"ImageObject","inLanguage":"fr-FR","@id":"https:\/\/www.webdo.tn\/fr\/wp-content\/uploads\/2026\/04\/neila-driss_avatar-96x96.jpg","url":"https:\/\/www.webdo.tn\/fr\/wp-content\/uploads\/2026\/04\/neila-driss_avatar-96x96.jpg","contentUrl":"https:\/\/www.webdo.tn\/fr\/wp-content\/uploads\/2026\/04\/neila-driss_avatar-96x96.jpg","caption":"Ne\u00efla DRISS"},"description":"Ne\u00efla Driss est juriste, journaliste culturelle et critique de cin\u00e9ma tunisienne. Titulaire d\u2019un DEA en droit priv\u00e9 de l\u2019Universit\u00e9 Paris II et d\u2019un DESS de l\u2019IHEC Carthage, elle d\u00e9bute sa carri\u00e8re comme juriste sp\u00e9cialis\u00e9e en gestion de patrimoine immobilier. Elle s\u2019oriente ensuite vers l\u2019\u00e9criture en ligne, o\u00f9 elle se distingue d\u00e8s 2006 aux Tunisia Blog Awards, avant de se consacrer au journalisme culturel, avec une sp\u00e9cialisation dans la critique cin\u00e9matographique. Elle couvre r\u00e9guli\u00e8rement les grands festivals internationaux, notamment le Festival de Cannes, les Journ\u00e9es Cin\u00e9matographiques de Carthage et le Festival du film du Caire. Membre de l\u2019ATPCC et de la FIPRESCI, elle participe \u00e0 des jurys et initiatives internationales de critique. Depuis 2024, elle est \u00e9lectrice internationale aux Golden Globes. Facebook : https:\/\/www.facebook.com\/massir.destiniii\/ X : https:\/\/x.com\/MassirDestin","sameAs":["https:\/\/www.facebook.com\/massir.destiniii\/","https:\/\/www.instagram.com\/neila.driss\/?hl=fr","https:\/\/www.linkedin.com\/in\/neila-driss-22606a80\/","https:\/\/x.com\/https:\/\/x.com\/MassirDestin"],"knowsAbout":["Cin\u00e9ma international","critique cin\u00e9matographique","festivals de cin\u00e9ma","journalisme culturel"],"knowsLanguage":["Fran\u00e7ais","Arabe","Anglais"],"jobTitle":"Journaliste culturelle et critique de cin\u00e9ma","worksFor":"Webdo","url":"https:\/\/www.webdo.tn\/fr\/actualite\/author\/neila-driss\/"}]}},"_links":{"self":[{"href":"https:\/\/www.webdo.tn\/fr\/wp-json\/wp\/v2\/posts\/199638","targetHints":{"allow":["GET"]}}],"collection":[{"href":"https:\/\/www.webdo.tn\/fr\/wp-json\/wp\/v2\/posts"}],"about":[{"href":"https:\/\/www.webdo.tn\/fr\/wp-json\/wp\/v2\/types\/post"}],"author":[{"embeddable":true,"href":"https:\/\/www.webdo.tn\/fr\/wp-json\/wp\/v2\/users\/3164"}],"replies":[{"embeddable":true,"href":"https:\/\/www.webdo.tn\/fr\/wp-json\/wp\/v2\/comments?post=199638"}],"version-history":[{"count":0,"href":"https:\/\/www.webdo.tn\/fr\/wp-json\/wp\/v2\/posts\/199638\/revisions"}],"wp:featuredmedia":[{"embeddable":true,"href":"https:\/\/www.webdo.tn\/fr\/wp-json\/wp\/v2\/media\/338186"}],"wp:attachment":[{"href":"https:\/\/www.webdo.tn\/fr\/wp-json\/wp\/v2\/media?parent=199638"}],"wp:term":[{"taxonomy":"category","embeddable":true,"href":"https:\/\/www.webdo.tn\/fr\/wp-json\/wp\/v2\/categories?post=199638"},{"taxonomy":"post_tag","embeddable":true,"href":"https:\/\/www.webdo.tn\/fr\/wp-json\/wp\/v2\/tags?post=199638"}],"curies":[{"name":"wp","href":"https:\/\/api.w.org\/{rel}","templated":true}]}}