{"id":199634,"date":"2016-10-27T09:31:00","date_gmt":"2016-10-27T09:31:00","guid":{"rendered":"https:\/\/www.webdo.tn\/fr\/blog\/tunisie-jcc-2016-jour-j-1-derniers-preparatifs\/199634\/"},"modified":"2016-10-27T09:31:00","modified_gmt":"2016-10-27T09:31:00","slug":"tunisie-jcc-2016-jour-j-1-derniers-preparatifs","status":"publish","type":"post","link":"https:\/\/www.webdo.tn\/fr\/actualite\/culture\/tunisie-jcc-2016-jour-j-1-derniers-preparatifs\/199634\/","title":{"rendered":"Mes JCC 2016 | Jour J-1  : Derniers pr\u00e9paratifs"},"content":{"rendered":"<div class=\"single-body entry-content typography-copy\" itemprop=\"articleBody\">\n<p style=\"font-weight: bold; text-align: justify\">\n<div class=\"coprs\" style=\"text-align: center\"><\/div>\n<div class=\"coprs\" style=\"text-align: justify\">\n<h4><span><em>JCC et passionn\u00e9s&#8230;<\/em><\/span><\/h4>\n<p>Apr\u00e8s des mois d&rsquo;attente, les JCC 2016 sont enfin l\u00e0. Deux soirs de suite, je vais dans les bureaux du comit\u00e9 organisateur, et c&rsquo;est la fourmili\u00e8re en plein travail. Vu de l&rsquo;ext\u00e9rieur on ne peut imaginer ce que signifie un festival de cette envergure. Des centaines d&rsquo;invit\u00e9s pour lesquels il faut organiser les voyages, les s\u00e9jours, les programmes (entre conf\u00e9rences de presse, r\u00e9unions, pr\u00e9sentations de films, hommages, soir\u00e9es, rencontres&#8230;.). Des centaines de films \u00e0 voir, \u00e0 s\u00e9lectionner, \u00e0 programmer&#8230; Pr\u00e9voir l&rsquo;organisation de la billetterie, des soir\u00e9es d&rsquo;ouverture et cl\u00f4ture, des m\u00e9dias, des transports, faire imprimer les programmes, les catalogues, les affiches, faire de la communication, veiller \u00e0 la s\u00e9curit\u00e9 de tous\u2026<\/p>\n<p>Il y a en effet tout cela \u00e0 mettre en place, et m\u00eame plus.<\/p>\n<p>Pour veiller \u00e0 la r\u00e9ussite de ce festival, des dizaines de personnes passent des journ\u00e9es \u00e0 faire de leur mieux, \u00e0 travailler durement, de nuit parfois, et souvent sans m\u00eame prendre le temps d\u2019aller manger!<\/p>\n<p>Parmi ces personnes, de simples salari\u00e9s, mais surtout des dizaines de passionn\u00e9s. Je pense qu\u2019il faut leur rendre hommage aujourd\u2019hui parce que cela fait des mois qu\u2019elles travaillent pour le festival, donc pour nous tous, nous cin\u00e9philes et nous tunisiens.<\/p>\n<p>Un grand bravo \u00e0 eux tous.<\/p>\n<p>Je ne sais pas si tout se d\u00e9roula bien, si tout sera parfait, mais tous ces gens auront fait de leur mieux.<\/p>\n<h4><span><em>JCC en affiches et en spots&#8230;<\/em><\/span><\/h4>\n<p>Lors de la conf\u00e9rence de presse du 20 octobre, l\u2019affiche a \u00e9t\u00e9 divulgu\u00e9e. Une tr\u00e8s belle affiche. Je pense que j\u2019aurais pr\u00e9f\u00e9r\u00e9 une seule affiche pour les JCC et le cinquantenaire, mais sinc\u00e8rement, les deux affiches sont tr\u00e8s belles. Les spots partag\u00e9s sur Internet aussi.<figure id=\"attachment_140807\" aria-describedby=\"caption-attachment-140807\" style=\"width: 680px\" class=\"wp-caption aligncenter\"><img decoding=\"async\" class=\"wp-image-140807 size-full\" src=\"http:\/\/www.webdo.tn\/wp-content\/uploads\/2016\/10\/jcc-2016-affiche.jpg\" alt=\"Affiche du cinquantenaire des JCC\" width=\"680\" height=\"400\"><figcaption id=\"caption-attachment-140807\" class=\"wp-caption-text\">Affiche du cinquantenaire des JCC<\/figcaption><\/figure><\/p>\n<p>Le Tanit d&rsquo;Or<\/p>\n<p>La bande annonce des JCC 2016<\/p>\n<p>La bande annonce des films en comp\u00e9tition, comme <a href=\"http:\/\/www.webdo.tn\/2016\/10\/20\/journees-cinematographiques-de-carthage-lart-triomphera-toujours-terreur\/\">le choix de l\u2019endroit o\u00f9 a eu lieu la conf\u00e9rence de presse,<\/a> est aussi un message envoy\u00e9 aux extr\u00e9mistes. En effet, avec les images des films s\u00e9lectionn\u00e9s, la chanson <em>Alli soutak<\/em> (El\u00e8ve la voix) de Mohamed Mounir. Cette chanson du film <a href=\"https:\/\/www.youtube.com\/watch?v=EbhMV-0GgUA\">Al Massir de Youssef Chahine<\/a> n\u2019a surement pas \u00e9t\u00e9 choisie au hasard!<\/p>\n<p>Tout comme dans le film, elle crie au visage des extr\u00e9mistes : nous sommes encore l\u00e0, et nous \u00e9l\u00e8verons la voix encore et encore.<\/p>\n<p>Et comme en plus, les JCC rendent cette ann\u00e9e un hommage \u00e0 Youssef Chahine !<\/p>\n<h4><span><em>JCC, un programme tr\u00e8s diversifi\u00e9&#8230;<\/em><\/span><\/h4>\n<p>Par ailleurs, avant-hier soir, <a href=\"http:\/\/www.webdo.tn\/2016\/10\/25\/programme-complet-jcc\/\">le programme complet par salles<\/a> a \u00e9t\u00e9 enfin d\u00e9voil\u00e9. Il est tr\u00e8s diversifi\u00e9 cette ann\u00e9e. Des films r\u00e9cents en comp\u00e9tition, des hommages, du cin\u00e9ma russe, du cin\u00e9ma asiatique, du cin\u00e9ma tunisien\u2026<\/p>\n<p>\u00c9norm\u00e9ment de films de qualit\u00e9 sont programm\u00e9s puisque pour le cinquantenaire, la plupart des films qui ont \u00e9t\u00e9 prim\u00e9s lors des JCC pr\u00e9c\u00e9dents seront projet\u00e9s. Je citerais \u00e0 titre d\u2019exemples, <em>Les silences du palais<\/em> de Moufida Tlatli (Tanit d\u2019Or 1994), <em>Noces en Galil\u00e9e<\/em> de Michel Khleifi (Tanit d\u2019Or 1988), <em>L\u2019homme des cendres<\/em> de Nouri Bouzid (Tanit d\u2019Or 1986), <em>Le choix<\/em> de Youssef Chahine (Tanit d\u2019Or 1970), <em>La pirogue<\/em> de Moussa Tour\u00e9 (Tanit d\u2019Or 2012) et <em>Microphone<\/em> de Ahmed Abdallah (Tanit d\u2019Or 2010), film qui a marqu\u00e9 un tournant dans le cin\u00e9ma d\u2019auteur \u00e9gyptien.<\/p>\n<p><strong>Bon festival\u00a0\u00e0 tous !<\/strong><\/p>\n<p><strong>Neila Driss<\/strong><\/p>\n<p>\u00a0<\/p>\n<p><em>Lire sur le m\u00eame sujet:<\/em><\/p>\n<ul>\n<li class=\"entry-title\"><a title=\"JCC 2016 : La liste compl\u00e8te des films en comp\u00e9tition\" href=\"http:\/\/www.webdo.tn\/2016\/09\/08\/jcc-2016-liste-complete-films-competition\/\" rel=\"bookmark\">JCC 2016 : La liste compl\u00e8te des films en comp\u00e9tition<\/a><\/li>\n<li class=\"entry-title\"><a title=\"Journ\u00e9es Cin\u00e9matographiques de Carthage : L\u2019Art triomphera toujours de la terreur !\" href=\"http:\/\/www.webdo.tn\/2016\/10\/20\/journees-cinematographiques-de-carthage-lart-triomphera-toujours-terreur\/\" rel=\"bookmark\">Journ\u00e9es Cin\u00e9matographiques de Carthage : L\u2019Art triomphera toujours de la terreur !<\/a><\/li>\n<li class=\"entry-title\"><a title=\"Le programme complet des JCC\" href=\"http:\/\/www.webdo.tn\/2016\/10\/25\/programme-complet-jcc\/\" rel=\"bookmark\">Le programme complet des JCC<\/a><\/li>\n<li class=\"entry-title\"><a title=\"JCC 2016 : Retransmission en direct de la c\u00e9r\u00e9monie d\u2019ouverture dans les r\u00e9gions\" href=\"http:\/\/www.webdo.tn\/2016\/10\/27\/jcc-2016-transmission-en-direct-de-la-ceremonie-douverture-dans-les-regions\/\" rel=\"bookmark\">JCC 2016 : Retransmission en direct de la c\u00e9r\u00e9monie d\u2019ouverture dans les r\u00e9gions<\/a><\/li>\n<li class=\"entry-title\"><a title=\"Mes JCC 2016 | Jour J : Glamour ou militant ?\" href=\"http:\/\/www.webdo.tn\/2016\/10\/28\/mes-jcc-2016-jour-j-glamour-ou-militant\/\" rel=\"bookmark\">Mes JCC 2016 | Jour J : Glamour ou militant ?<\/a><\/li>\n<li><a title=\"Mes JCC | Jour 1\" href=\"http:\/\/www.webdo.tn\/2016\/10\/30\/jcc-jour-1\/\" rel=\"bookmark\">Mes JCC | Jour 1<\/a><\/li>\n<li class=\"entry-title\"><a title=\"Mes JCC 2016 | Jours 2 et 3 | Youssef Chahine mon amour !\" href=\"http:\/\/www.webdo.tn\/2016\/11\/01\/mes-jcc-2016-jours-2-et-3-youssef-chahine-mon-amour\/\" rel=\"bookmark\">Mes JCC 2016 | Jours 2 et 3 | Youssef Chahine mon amour !<\/a><\/li>\n<li class=\"entry-title\"><a title=\"JCC 2016 : Palmar\u00e8s des sections parall\u00e8les\" href=\"http:\/\/www.webdo.tn\/2016\/11\/04\/jcc-2016-palmares-sections-paralleles\/\" rel=\"bookmark\">JCC 2016 : Palmar\u00e8s des sections parall\u00e8les<\/a><\/li>\n<li><a title=\"JCC 2016 | Deux Tanit d\u2019Or pour deux films tunisiens\" href=\"http:\/\/www.webdo.tn\/2016\/11\/06\/jcc-2016-deux-tanit-dor-pour-deux-films-tunisiens\/\" rel=\"bookmark\">JCC 2016 | Deux Tanit d\u2019Or pour deux films tunisiens<\/a><\/li>\n<\/ul><\/div>\n<div class=\"coprs\" style=\"text-align: center\"><\/div><\/div>\n","protected":false},"excerpt":{"rendered":"<p>Mes JCC 2016 | Jour J-1  : Derniers pr\u00e9paratifs<\/p>\n","protected":false},"author":3164,"featured_media":327003,"comment_status":"open","ping_status":"closed","sticky":false,"template":"","format":"standard","meta":{"footnotes":""},"categories":[2594],"tags":[2600],"class_list":["post-199634","post","type-post","status-publish","format-standard","has-post-thumbnail","hentry","category-culture","tag-guerre"],"yoast_head":"<!-- This site is optimized with the Yoast SEO Premium plugin v27.5 (Yoast SEO v27.5) - https:\/\/yoast.com\/product\/yoast-seo-premium-wordpress\/ -->\n<title>Mes JCC 2016 | Jour J-1 : Derniers pr\u00e9paratifs<\/title>\n<meta name=\"description\" content=\"Mes JCC 2016 | Jour J-1 : Derniers pr\u00e9paratifs\" \/>\n<link rel=\"canonical\" href=\"https:\/\/www.webdo.tn\/fr\/actualite\/culture\/tunisie-jcc-2016-jour-j-1-derniers-preparatifs\/199634\/\" \/>\n<meta property=\"og:locale\" content=\"fr_FR\" \/>\n<meta property=\"og:type\" content=\"article\" \/>\n<meta property=\"og:title\" content=\"Mes JCC 2016 | Jour J-1 : Derniers pr\u00e9paratifs\" \/>\n<meta property=\"og:description\" content=\"Mes JCC 2016 | Jour J-1 : Derniers pr\u00e9paratifs\" \/>\n<meta property=\"og:url\" content=\"https:\/\/www.webdo.tn\/fr\/actualite\/culture\/tunisie-jcc-2016-jour-j-1-derniers-preparatifs\/199634\/\" \/>\n<meta property=\"og:site_name\" content=\"webdo\" \/>\n<meta property=\"article:publisher\" content=\"https:\/\/www.facebook.com\/webdotn\" \/>\n<meta property=\"article:author\" content=\"https:\/\/www.facebook.com\/massir.destiniii\/\" \/>\n<meta property=\"article:published_time\" content=\"2016-10-27T09:31:00+00:00\" \/>\n<meta property=\"og:image\" content=\"https:\/\/www.webdo.tn\/fr\/wp-content\/uploads\/2016\/10\/jss.jpg\" \/>\n\t<meta property=\"og:image:width\" content=\"447\" \/>\n\t<meta property=\"og:image:height\" content=\"638\" \/>\n\t<meta property=\"og:image:type\" content=\"image\/jpeg\" \/>\n<meta name=\"author\" content=\"Ne\u00efla DRISS\" \/>\n<meta name=\"twitter:card\" content=\"summary_large_image\" \/>\n<meta name=\"twitter:creator\" content=\"@https:\/\/x.com\/MassirDestin\" \/>\n<meta name=\"twitter:site\" content=\"@webdo_tn\" \/>\n<meta name=\"twitter:label1\" content=\"\u00c9crit par\" \/>\n\t<meta name=\"twitter:data1\" content=\"Ne\u00efla DRISS\" \/>\n\t<meta name=\"twitter:label2\" content=\"Dur\u00e9e de lecture estim\u00e9e\" \/>\n\t<meta name=\"twitter:data2\" content=\"3 minutes\" \/>\n<script type=\"application\/ld+json\" class=\"yoast-schema-graph\">{\"@context\":\"https:\\\/\\\/schema.org\",\"@graph\":[{\"@type\":\"NewsArticle\",\"@id\":\"https:\\\/\\\/www.webdo.tn\\\/fr\\\/actualite\\\/culture\\\/tunisie-jcc-2016-jour-j-1-derniers-preparatifs\\\/199634\\\/#article\",\"isPartOf\":{\"@id\":\"https:\\\/\\\/www.webdo.tn\\\/fr\\\/actualite\\\/culture\\\/tunisie-jcc-2016-jour-j-1-derniers-preparatifs\\\/199634\\\/\"},\"author\":{\"name\":\"Ne\u00efla DRISS\",\"@id\":\"https:\\\/\\\/www.webdo.tn\\\/fr\\\/#\\\/schema\\\/person\\\/60d5ba619ed3f58783b0dc82b7dada80\"},\"headline\":\"Mes JCC 2016 | Jour J-1 : Derniers pr\u00e9paratifs\",\"datePublished\":\"2016-10-27T09:31:00+00:00\",\"mainEntityOfPage\":{\"@id\":\"https:\\\/\\\/www.webdo.tn\\\/fr\\\/actualite\\\/culture\\\/tunisie-jcc-2016-jour-j-1-derniers-preparatifs\\\/199634\\\/\"},\"wordCount\":691,\"commentCount\":0,\"publisher\":{\"@id\":\"https:\\\/\\\/www.webdo.tn\\\/fr\\\/#organization\"},\"image\":{\"@id\":\"https:\\\/\\\/www.webdo.tn\\\/fr\\\/actualite\\\/culture\\\/tunisie-jcc-2016-jour-j-1-derniers-preparatifs\\\/199634\\\/#primaryimage\"},\"thumbnailUrl\":\"https:\\\/\\\/www.webdo.tn\\\/fr\\\/wp-content\\\/uploads\\\/2016\\\/10\\\/jss.jpg\",\"keywords\":[\"guerre\"],\"articleSection\":[\"Culture\"],\"inLanguage\":\"fr-FR\"},{\"@type\":\"WebPage\",\"@id\":\"https:\\\/\\\/www.webdo.tn\\\/fr\\\/actualite\\\/culture\\\/tunisie-jcc-2016-jour-j-1-derniers-preparatifs\\\/199634\\\/\",\"url\":\"https:\\\/\\\/www.webdo.tn\\\/fr\\\/actualite\\\/culture\\\/tunisie-jcc-2016-jour-j-1-derniers-preparatifs\\\/199634\\\/\",\"name\":\"Mes JCC 2016 | Jour J-1 : Derniers pr\u00e9paratifs\",\"isPartOf\":{\"@id\":\"https:\\\/\\\/www.webdo.tn\\\/fr\\\/#website\"},\"primaryImageOfPage\":{\"@id\":\"https:\\\/\\\/www.webdo.tn\\\/fr\\\/actualite\\\/culture\\\/tunisie-jcc-2016-jour-j-1-derniers-preparatifs\\\/199634\\\/#primaryimage\"},\"image\":{\"@id\":\"https:\\\/\\\/www.webdo.tn\\\/fr\\\/actualite\\\/culture\\\/tunisie-jcc-2016-jour-j-1-derniers-preparatifs\\\/199634\\\/#primaryimage\"},\"thumbnailUrl\":\"https:\\\/\\\/www.webdo.tn\\\/fr\\\/wp-content\\\/uploads\\\/2016\\\/10\\\/jss.jpg\",\"datePublished\":\"2016-10-27T09:31:00+00:00\",\"description\":\"Mes JCC 2016 | Jour J-1 : Derniers pr\u00e9paratifs\",\"breadcrumb\":{\"@id\":\"https:\\\/\\\/www.webdo.tn\\\/fr\\\/actualite\\\/culture\\\/tunisie-jcc-2016-jour-j-1-derniers-preparatifs\\\/199634\\\/#breadcrumb\"},\"inLanguage\":\"fr-FR\",\"potentialAction\":[{\"@type\":\"ReadAction\",\"target\":[\"https:\\\/\\\/www.webdo.tn\\\/fr\\\/actualite\\\/culture\\\/tunisie-jcc-2016-jour-j-1-derniers-preparatifs\\\/199634\\\/\"]}]},{\"@type\":\"ImageObject\",\"inLanguage\":\"fr-FR\",\"@id\":\"https:\\\/\\\/www.webdo.tn\\\/fr\\\/actualite\\\/culture\\\/tunisie-jcc-2016-jour-j-1-derniers-preparatifs\\\/199634\\\/#primaryimage\",\"url\":\"https:\\\/\\\/www.webdo.tn\\\/fr\\\/wp-content\\\/uploads\\\/2016\\\/10\\\/jss.jpg\",\"contentUrl\":\"https:\\\/\\\/www.webdo.tn\\\/fr\\\/wp-content\\\/uploads\\\/2016\\\/10\\\/jss.jpg\",\"width\":447,\"height\":638,\"caption\":\"Mes JCC 2016 | Jour J-1 : Derniers pr\u00e9paratifs\"},{\"@type\":\"BreadcrumbList\",\"@id\":\"https:\\\/\\\/www.webdo.tn\\\/fr\\\/actualite\\\/culture\\\/tunisie-jcc-2016-jour-j-1-derniers-preparatifs\\\/199634\\\/#breadcrumb\",\"itemListElement\":[{\"@type\":\"ListItem\",\"position\":1,\"name\":\"Accueil\",\"item\":\"https:\\\/\\\/www.webdo.tn\\\/fr\\\/\"},{\"@type\":\"ListItem\",\"position\":2,\"name\":\"Mes JCC 2016 | Jour J-1 : Derniers pr\u00e9paratifs\"}]},{\"@type\":\"WebSite\",\"@id\":\"https:\\\/\\\/www.webdo.tn\\\/fr\\\/#website\",\"url\":\"https:\\\/\\\/www.webdo.tn\\\/fr\\\/\",\"name\":\"webdo\",\"description\":\"Tunisie - News en Tunisie et \u00e0 l&#039;international sur Webdo.tn\",\"publisher\":{\"@id\":\"https:\\\/\\\/www.webdo.tn\\\/fr\\\/#organization\"},\"potentialAction\":[{\"@type\":\"SearchAction\",\"target\":{\"@type\":\"EntryPoint\",\"urlTemplate\":\"https:\\\/\\\/www.webdo.tn\\\/fr\\\/?s={search_term_string}\"},\"query-input\":{\"@type\":\"PropertyValueSpecification\",\"valueRequired\":true,\"valueName\":\"search_term_string\"}}],\"inLanguage\":\"fr-FR\"},{\"@type\":\"Organization\",\"@id\":\"https:\\\/\\\/www.webdo.tn\\\/fr\\\/#organization\",\"name\":\"Webdo\",\"alternateName\":\"Webdo.tn\",\"url\":\"https:\\\/\\\/www.webdo.tn\\\/fr\\\/\",\"logo\":{\"@type\":\"ImageObject\",\"inLanguage\":\"fr-FR\",\"@id\":\"https:\\\/\\\/www.webdo.tn\\\/fr\\\/#\\\/schema\\\/logo\\\/image\\\/\",\"url\":\"https:\\\/\\\/www.webdo.tn\\\/fr\\\/wp-content\\\/uploads\\\/2025\\\/06\\\/Webdo-Tunisie_168377.jpg\",\"contentUrl\":\"https:\\\/\\\/www.webdo.tn\\\/fr\\\/wp-content\\\/uploads\\\/2025\\\/06\\\/Webdo-Tunisie_168377.jpg\",\"width\":301,\"height\":301,\"caption\":\"Webdo\"},\"image\":{\"@id\":\"https:\\\/\\\/www.webdo.tn\\\/fr\\\/#\\\/schema\\\/logo\\\/image\\\/\"},\"sameAs\":[\"https:\\\/\\\/www.facebook.com\\\/webdotn\",\"https:\\\/\\\/x.com\\\/webdo_tn\"],\"description\":\"Webdo est un m\u00e9dia num\u00e9rique tunisien fond\u00e9 en 2010, sp\u00e9cialis\u00e9 dans l\u2019actualit\u00e9 nationale et internationale, l\u2019\u00e9conomie, la soci\u00e9t\u00e9 et les analyses politiques. Le site s\u2019adresse \u00e0 un large public francophone et couvre l\u2019information tunisienne en temps r\u00e9el.\",\"email\":\"redac@webdo.tn\",\"legalName\":\"YNJ SARL\",\"foundingDate\":\"2010-09-06\",\"numberOfEmployees\":{\"@type\":\"QuantitativeValue\",\"minValue\":\"11\",\"maxValue\":\"50\"}},{\"@type\":\"Person\",\"@id\":\"https:\\\/\\\/www.webdo.tn\\\/fr\\\/#\\\/schema\\\/person\\\/60d5ba619ed3f58783b0dc82b7dada80\",\"name\":\"Ne\u00efla DRISS\",\"image\":{\"@type\":\"ImageObject\",\"inLanguage\":\"fr-FR\",\"@id\":\"https:\\\/\\\/www.webdo.tn\\\/fr\\\/wp-content\\\/uploads\\\/2026\\\/04\\\/neila-driss_avatar-96x96.jpg\",\"url\":\"https:\\\/\\\/www.webdo.tn\\\/fr\\\/wp-content\\\/uploads\\\/2026\\\/04\\\/neila-driss_avatar-96x96.jpg\",\"contentUrl\":\"https:\\\/\\\/www.webdo.tn\\\/fr\\\/wp-content\\\/uploads\\\/2026\\\/04\\\/neila-driss_avatar-96x96.jpg\",\"caption\":\"Ne\u00efla DRISS\"},\"description\":\"Ne\u00efla Driss est juriste, journaliste culturelle et critique de cin\u00e9ma tunisienne. Titulaire d\u2019un DEA en droit priv\u00e9 de l\u2019Universit\u00e9 Paris II et d\u2019un DESS de l\u2019IHEC Carthage, elle d\u00e9bute sa carri\u00e8re comme juriste sp\u00e9cialis\u00e9e en gestion de patrimoine immobilier. Elle s\u2019oriente ensuite vers l\u2019\u00e9criture en ligne, o\u00f9 elle se distingue d\u00e8s 2006 aux Tunisia Blog Awards, avant de se consacrer au journalisme culturel, avec une sp\u00e9cialisation dans la critique cin\u00e9matographique. Elle couvre r\u00e9guli\u00e8rement les grands festivals internationaux, notamment le Festival de Cannes, les Journ\u00e9es Cin\u00e9matographiques de Carthage et le Festival du film du Caire. Membre de l\u2019ATPCC et de la FIPRESCI, elle participe \u00e0 des jurys et initiatives internationales de critique. Depuis 2024, elle est \u00e9lectrice internationale aux Golden Globes. Facebook : https:\\\/\\\/www.facebook.com\\\/massir.destiniii\\\/ X : https:\\\/\\\/x.com\\\/MassirDestin\",\"sameAs\":[\"https:\\\/\\\/www.facebook.com\\\/massir.destiniii\\\/\",\"https:\\\/\\\/www.instagram.com\\\/neila.driss\\\/?hl=fr\",\"https:\\\/\\\/www.linkedin.com\\\/in\\\/neila-driss-22606a80\\\/\",\"https:\\\/\\\/x.com\\\/https:\\\/\\\/x.com\\\/MassirDestin\"],\"knowsAbout\":[\"Cin\u00e9ma international\",\"critique cin\u00e9matographique\",\"festivals de cin\u00e9ma\",\"journalisme culturel\"],\"knowsLanguage\":[\"Fran\u00e7ais\",\"Arabe\",\"Anglais\"],\"jobTitle\":\"Journaliste culturelle et critique de cin\u00e9ma\",\"worksFor\":\"Webdo\",\"url\":\"https:\\\/\\\/www.webdo.tn\\\/fr\\\/actualite\\\/author\\\/neila-driss\\\/\"}]}<\/script>\n<!-- \/ Yoast SEO Premium plugin. -->","yoast_head_json":{"title":"Mes JCC 2016 | Jour J-1 : Derniers pr\u00e9paratifs","description":"Mes JCC 2016 | Jour J-1 : Derniers pr\u00e9paratifs","canonical":"https:\/\/www.webdo.tn\/fr\/actualite\/culture\/tunisie-jcc-2016-jour-j-1-derniers-preparatifs\/199634\/","og_locale":"fr_FR","og_type":"article","og_title":"Mes JCC 2016 | Jour J-1 : Derniers pr\u00e9paratifs","og_description":"Mes JCC 2016 | Jour J-1 : Derniers pr\u00e9paratifs","og_url":"https:\/\/www.webdo.tn\/fr\/actualite\/culture\/tunisie-jcc-2016-jour-j-1-derniers-preparatifs\/199634\/","og_site_name":"webdo","article_publisher":"https:\/\/www.facebook.com\/webdotn","article_author":"https:\/\/www.facebook.com\/massir.destiniii\/","article_published_time":"2016-10-27T09:31:00+00:00","og_image":[{"width":447,"height":638,"url":"https:\/\/www.webdo.tn\/fr\/wp-content\/uploads\/2016\/10\/jss.jpg","type":"image\/jpeg"}],"author":"Ne\u00efla DRISS","twitter_card":"summary_large_image","twitter_creator":"@https:\/\/x.com\/MassirDestin","twitter_site":"@webdo_tn","twitter_misc":{"\u00c9crit par":"Ne\u00efla DRISS","Dur\u00e9e de lecture estim\u00e9e":"3 minutes"},"schema":{"@context":"https:\/\/schema.org","@graph":[{"@type":"NewsArticle","@id":"https:\/\/www.webdo.tn\/fr\/actualite\/culture\/tunisie-jcc-2016-jour-j-1-derniers-preparatifs\/199634\/#article","isPartOf":{"@id":"https:\/\/www.webdo.tn\/fr\/actualite\/culture\/tunisie-jcc-2016-jour-j-1-derniers-preparatifs\/199634\/"},"author":{"name":"Ne\u00efla DRISS","@id":"https:\/\/www.webdo.tn\/fr\/#\/schema\/person\/60d5ba619ed3f58783b0dc82b7dada80"},"headline":"Mes JCC 2016 | Jour J-1 : Derniers pr\u00e9paratifs","datePublished":"2016-10-27T09:31:00+00:00","mainEntityOfPage":{"@id":"https:\/\/www.webdo.tn\/fr\/actualite\/culture\/tunisie-jcc-2016-jour-j-1-derniers-preparatifs\/199634\/"},"wordCount":691,"commentCount":0,"publisher":{"@id":"https:\/\/www.webdo.tn\/fr\/#organization"},"image":{"@id":"https:\/\/www.webdo.tn\/fr\/actualite\/culture\/tunisie-jcc-2016-jour-j-1-derniers-preparatifs\/199634\/#primaryimage"},"thumbnailUrl":"https:\/\/www.webdo.tn\/fr\/wp-content\/uploads\/2016\/10\/jss.jpg","keywords":["guerre"],"articleSection":["Culture"],"inLanguage":"fr-FR"},{"@type":"WebPage","@id":"https:\/\/www.webdo.tn\/fr\/actualite\/culture\/tunisie-jcc-2016-jour-j-1-derniers-preparatifs\/199634\/","url":"https:\/\/www.webdo.tn\/fr\/actualite\/culture\/tunisie-jcc-2016-jour-j-1-derniers-preparatifs\/199634\/","name":"Mes JCC 2016 | Jour J-1 : Derniers pr\u00e9paratifs","isPartOf":{"@id":"https:\/\/www.webdo.tn\/fr\/#website"},"primaryImageOfPage":{"@id":"https:\/\/www.webdo.tn\/fr\/actualite\/culture\/tunisie-jcc-2016-jour-j-1-derniers-preparatifs\/199634\/#primaryimage"},"image":{"@id":"https:\/\/www.webdo.tn\/fr\/actualite\/culture\/tunisie-jcc-2016-jour-j-1-derniers-preparatifs\/199634\/#primaryimage"},"thumbnailUrl":"https:\/\/www.webdo.tn\/fr\/wp-content\/uploads\/2016\/10\/jss.jpg","datePublished":"2016-10-27T09:31:00+00:00","description":"Mes JCC 2016 | Jour J-1 : Derniers pr\u00e9paratifs","breadcrumb":{"@id":"https:\/\/www.webdo.tn\/fr\/actualite\/culture\/tunisie-jcc-2016-jour-j-1-derniers-preparatifs\/199634\/#breadcrumb"},"inLanguage":"fr-FR","potentialAction":[{"@type":"ReadAction","target":["https:\/\/www.webdo.tn\/fr\/actualite\/culture\/tunisie-jcc-2016-jour-j-1-derniers-preparatifs\/199634\/"]}]},{"@type":"ImageObject","inLanguage":"fr-FR","@id":"https:\/\/www.webdo.tn\/fr\/actualite\/culture\/tunisie-jcc-2016-jour-j-1-derniers-preparatifs\/199634\/#primaryimage","url":"https:\/\/www.webdo.tn\/fr\/wp-content\/uploads\/2016\/10\/jss.jpg","contentUrl":"https:\/\/www.webdo.tn\/fr\/wp-content\/uploads\/2016\/10\/jss.jpg","width":447,"height":638,"caption":"Mes JCC 2016 | Jour J-1 : Derniers pr\u00e9paratifs"},{"@type":"BreadcrumbList","@id":"https:\/\/www.webdo.tn\/fr\/actualite\/culture\/tunisie-jcc-2016-jour-j-1-derniers-preparatifs\/199634\/#breadcrumb","itemListElement":[{"@type":"ListItem","position":1,"name":"Accueil","item":"https:\/\/www.webdo.tn\/fr\/"},{"@type":"ListItem","position":2,"name":"Mes JCC 2016 | Jour J-1 : Derniers pr\u00e9paratifs"}]},{"@type":"WebSite","@id":"https:\/\/www.webdo.tn\/fr\/#website","url":"https:\/\/www.webdo.tn\/fr\/","name":"webdo","description":"Tunisie - News en Tunisie et \u00e0 l&#039;international sur Webdo.tn","publisher":{"@id":"https:\/\/www.webdo.tn\/fr\/#organization"},"potentialAction":[{"@type":"SearchAction","target":{"@type":"EntryPoint","urlTemplate":"https:\/\/www.webdo.tn\/fr\/?s={search_term_string}"},"query-input":{"@type":"PropertyValueSpecification","valueRequired":true,"valueName":"search_term_string"}}],"inLanguage":"fr-FR"},{"@type":"Organization","@id":"https:\/\/www.webdo.tn\/fr\/#organization","name":"Webdo","alternateName":"Webdo.tn","url":"https:\/\/www.webdo.tn\/fr\/","logo":{"@type":"ImageObject","inLanguage":"fr-FR","@id":"https:\/\/www.webdo.tn\/fr\/#\/schema\/logo\/image\/","url":"https:\/\/www.webdo.tn\/fr\/wp-content\/uploads\/2025\/06\/Webdo-Tunisie_168377.jpg","contentUrl":"https:\/\/www.webdo.tn\/fr\/wp-content\/uploads\/2025\/06\/Webdo-Tunisie_168377.jpg","width":301,"height":301,"caption":"Webdo"},"image":{"@id":"https:\/\/www.webdo.tn\/fr\/#\/schema\/logo\/image\/"},"sameAs":["https:\/\/www.facebook.com\/webdotn","https:\/\/x.com\/webdo_tn"],"description":"Webdo est un m\u00e9dia num\u00e9rique tunisien fond\u00e9 en 2010, sp\u00e9cialis\u00e9 dans l\u2019actualit\u00e9 nationale et internationale, l\u2019\u00e9conomie, la soci\u00e9t\u00e9 et les analyses politiques. Le site s\u2019adresse \u00e0 un large public francophone et couvre l\u2019information tunisienne en temps r\u00e9el.","email":"redac@webdo.tn","legalName":"YNJ SARL","foundingDate":"2010-09-06","numberOfEmployees":{"@type":"QuantitativeValue","minValue":"11","maxValue":"50"}},{"@type":"Person","@id":"https:\/\/www.webdo.tn\/fr\/#\/schema\/person\/60d5ba619ed3f58783b0dc82b7dada80","name":"Ne\u00efla DRISS","image":{"@type":"ImageObject","inLanguage":"fr-FR","@id":"https:\/\/www.webdo.tn\/fr\/wp-content\/uploads\/2026\/04\/neila-driss_avatar-96x96.jpg","url":"https:\/\/www.webdo.tn\/fr\/wp-content\/uploads\/2026\/04\/neila-driss_avatar-96x96.jpg","contentUrl":"https:\/\/www.webdo.tn\/fr\/wp-content\/uploads\/2026\/04\/neila-driss_avatar-96x96.jpg","caption":"Ne\u00efla DRISS"},"description":"Ne\u00efla Driss est juriste, journaliste culturelle et critique de cin\u00e9ma tunisienne. Titulaire d\u2019un DEA en droit priv\u00e9 de l\u2019Universit\u00e9 Paris II et d\u2019un DESS de l\u2019IHEC Carthage, elle d\u00e9bute sa carri\u00e8re comme juriste sp\u00e9cialis\u00e9e en gestion de patrimoine immobilier. Elle s\u2019oriente ensuite vers l\u2019\u00e9criture en ligne, o\u00f9 elle se distingue d\u00e8s 2006 aux Tunisia Blog Awards, avant de se consacrer au journalisme culturel, avec une sp\u00e9cialisation dans la critique cin\u00e9matographique. Elle couvre r\u00e9guli\u00e8rement les grands festivals internationaux, notamment le Festival de Cannes, les Journ\u00e9es Cin\u00e9matographiques de Carthage et le Festival du film du Caire. Membre de l\u2019ATPCC et de la FIPRESCI, elle participe \u00e0 des jurys et initiatives internationales de critique. Depuis 2024, elle est \u00e9lectrice internationale aux Golden Globes. Facebook : https:\/\/www.facebook.com\/massir.destiniii\/ X : https:\/\/x.com\/MassirDestin","sameAs":["https:\/\/www.facebook.com\/massir.destiniii\/","https:\/\/www.instagram.com\/neila.driss\/?hl=fr","https:\/\/www.linkedin.com\/in\/neila-driss-22606a80\/","https:\/\/x.com\/https:\/\/x.com\/MassirDestin"],"knowsAbout":["Cin\u00e9ma international","critique cin\u00e9matographique","festivals de cin\u00e9ma","journalisme culturel"],"knowsLanguage":["Fran\u00e7ais","Arabe","Anglais"],"jobTitle":"Journaliste culturelle et critique de cin\u00e9ma","worksFor":"Webdo","url":"https:\/\/www.webdo.tn\/fr\/actualite\/author\/neila-driss\/"}]}},"_links":{"self":[{"href":"https:\/\/www.webdo.tn\/fr\/wp-json\/wp\/v2\/posts\/199634","targetHints":{"allow":["GET"]}}],"collection":[{"href":"https:\/\/www.webdo.tn\/fr\/wp-json\/wp\/v2\/posts"}],"about":[{"href":"https:\/\/www.webdo.tn\/fr\/wp-json\/wp\/v2\/types\/post"}],"author":[{"embeddable":true,"href":"https:\/\/www.webdo.tn\/fr\/wp-json\/wp\/v2\/users\/3164"}],"replies":[{"embeddable":true,"href":"https:\/\/www.webdo.tn\/fr\/wp-json\/wp\/v2\/comments?post=199634"}],"version-history":[{"count":0,"href":"https:\/\/www.webdo.tn\/fr\/wp-json\/wp\/v2\/posts\/199634\/revisions"}],"wp:featuredmedia":[{"embeddable":true,"href":"https:\/\/www.webdo.tn\/fr\/wp-json\/wp\/v2\/media\/327003"}],"wp:attachment":[{"href":"https:\/\/www.webdo.tn\/fr\/wp-json\/wp\/v2\/media?parent=199634"}],"wp:term":[{"taxonomy":"category","embeddable":true,"href":"https:\/\/www.webdo.tn\/fr\/wp-json\/wp\/v2\/categories?post=199634"},{"taxonomy":"post_tag","embeddable":true,"href":"https:\/\/www.webdo.tn\/fr\/wp-json\/wp\/v2\/tags?post=199634"}],"curies":[{"name":"wp","href":"https:\/\/api.w.org\/{rel}","templated":true}]}}