{"id":199631,"date":"2016-10-20T08:53:00","date_gmt":"2016-10-20T08:53:00","guid":{"rendered":"https:\/\/www.webdo.tn\/fr\/blog\/journees-cinematographiques-de-carthage-lart-triomphera-toujours-terreur\/199631\/"},"modified":"2016-10-20T08:53:00","modified_gmt":"2016-10-20T08:53:00","slug":"journees-cinematographiques-de-carthage-lart-triomphera-toujours-terreur","status":"publish","type":"post","link":"https:\/\/www.webdo.tn\/fr\/actualite\/culture\/journees-cinematographiques-de-carthage-lart-triomphera-toujours-terreur\/199631\/","title":{"rendered":"Journ\u00e9es Cin\u00e9matographiques de Carthage : L\u2019Art triomphera toujours de la terreur !"},"content":{"rendered":"<div class=\"single-body entry-content typography-copy\" itemprop=\"articleBody\">\n<p style=\"font-weight: bold; text-align: justify\">\n<div class=\"coprs\" style=\"text-align: center\"><\/div>\n<div class=\"coprs\" style=\"text-align: justify\">\n\t\t\t\t\t\t\t\t\tParce que la Vie triomphe toujours,<\/p>\n<p>Parce que la Vie est la plus belle,<\/p>\n<p>Parce que malgr\u00e9 les larmes nous resterons debout,<\/p>\n<p>Parce que l\u2019Art est immortel,<\/p>\n<p>Parce que nous sommes la Vie et qu\u2019ils ne sont que la mort,<\/p>\n<p>Parce que nous sommes Beaut\u00e9 et qu\u2019ils ne sont que laideur,<\/p>\n<h3><strong>Ils ne passeront pas.<\/strong><\/h3>\n<p>Ils ne passeront pas. Ils pourront gagner quelques batailles, mais la Vie gagnera toujours.<\/p>\n<p>Le comit\u00e9 directeur de la 27\u00e8me \u00e9dition des <a href=\"http:\/\/www.jcctunisie.org\/\">Journ\u00e9es Cin\u00e9matographiques de Carthage<\/a> tient sa conf\u00e9rence de presse ce matin \u00e0 Tunis, \u00e0 la rue Medhat Pacha (perpendiculaire \u00e0 l\u2019avenue Mohamed V). Il pr\u00e9sentera les grands axes de l\u2019\u00e9dition 2016 pr\u00e9vue du 28 octobre au 05 novembre et annoncera le programme de la c\u00e9l\u00e9bration du cinquanti\u00e8me anniversaire des JCC.<\/p>\n<figure id=\"attachment_140374\" aria-describedby=\"caption-attachment-140374\" style=\"width: 665px\" class=\"wp-caption aligncenter\"><img decoding=\"async\" class=\"wp-image-140374 size-full\" src=\"http:\/\/www.webdo.tn\/wp-content\/uploads\/2016\/10\/Attentat-00.jpg\" alt=\"Des larmes de tristesse, mais debout quand m\u00eame.\" width=\"665\" height=\"374\"><figcaption id=\"caption-attachment-140374\" class=\"wp-caption-text\">Des larmes de tristesse, mais debout quand m\u00eame.<\/figcaption><\/figure>\n<p>La rue Medhat Pacha est la rue dans laquelle, le 24 Novembre 2015, un attentat meurtrier avait fauch\u00e9 la vie de douze de nos valeureux membres de la garde pr\u00e9sidentielle et en avait bless\u00e9 20 autres. Ce jour-l\u00e0 correspondait au 4<sup>\u00e8me<\/sup> jour de la 26<sup>\u00e8me<\/sup> \u00e9dition des Journ\u00e9es Cin\u00e9matographiques de Carthage. Les terroristes voulaient certainement, aussi, g\u00e2cher la f\u00eate du cin\u00e9ma. Ils avaient commis leur acte odieux sachant que la Tunisie recevait d\u2019illustres invit\u00e9s de plusieurs nationalit\u00e9s et que les projecteurs \u00e9taient braqu\u00e9s sur notre pays. Seulement ils n\u2019avaient pas compt\u00e9 sur la d\u00e9termination des Tunisiens et de leurs convives.<\/p>\n<p>Juste quelques minutes apr\u00e8s l\u2019attentat, lors de la s\u00e9ance de projection du film \u00abLes fronti\u00e8res du ciel\u00bb, Lotfi Abdelli avait affirm\u00e9: \u00ab<a href=\"http:\/\/www.webdo.tn\/2015\/11\/26\/terrorisme-meme-pas-peur-jcc\/\">C\u2019est un message au monde pour voir que la Tunisie a la culture de la vie. Celui qui a peur meurt tous les jours. Celui qui n\u2019a pas peur ne meurt qu\u2019une fois<\/a>\u00bb.<\/p>\n<p>Ce soir l\u00e0, le comit\u00e9 d\u2019organisation des Journ\u00e9es Cin\u00e9matographiques de Carthage avait d\u00e9cid\u00e9 que le festival ne serait pas interrompu. Brahim Letaief l\u2019avait annonc\u00e9 quelques heures apr\u00e8s le l\u00e2che attentat. Et pour s\u2019adapter au couvre feu d\u00e9cr\u00e9t\u00e9, toute la programmation des projections des films avait \u00e9t\u00e9 modifi\u00e9e. Il a fallu travailler toute la nuit pour tout pr\u00e9parer pour le lendemain.<\/p>\n<p>Bravant le couvre feu, et sur proposition de Mostafa Elkilany, journaliste et secr\u00e9taire g\u00e9n\u00e9ral du <a href=\"http:\/\/www.psaff.com\/\">Festival du Film Arabe de Port Sa\u00efd<\/a> (Egypte) qui les a film\u00e9s, des artistes \u00e9gyptiens (les acteurs Hana Shiha, Amr Youssef, Khaled Abol Naga, Nagla Badr, Salwa Khattab, le r\u00e9alisateur Karim Hanafy, le critique de cin\u00e9ma Ahmed Shawky) et l\u2019actrice syrienne Kinda Allouch, invit\u00e9s des JCC, \u00e9taient sortis dans l\u2019avenue Habib Bourguiba pour d\u00e9livrer un message de solidarit\u00e9 avec le peuple tunisien et les organisateurs des JCC et pour annoncer leur d\u00e9cision de rester jusqu\u2019\u00e0 la fin du festival.<\/p>\n<figure id=\"attachment_140369\" aria-describedby=\"caption-attachment-140369\" style=\"width: 680px\" class=\"wp-caption aligncenter\"><img decoding=\"async\" class=\"wp-image-140369 size-full\" src=\"http:\/\/www.webdo.tn\/wp-content\/uploads\/2016\/10\/Attentat-02.jpg\" alt=\"Les artistes arabes solidaires des Journ\u00e9es Cin\u00e9matographiques de Carthage\" width=\"680\" height=\"400\"><figcaption id=\"caption-attachment-140369\" class=\"wp-caption-text\">Les artistes Hana Shiha, Kinda Allouch, Amr Youssef, Khaled Abol Naga, Nagla Badr, Salwa Khattab, le r\u00e9alisateur Karim Hanafy et le critique Ahmed Shawky bravant le couvre feu et filmant un message de solidarit\u00e9 avec le peuple Tunisien.<\/figcaption><\/figure>\n<p>Cette vid\u00e9o a fait le tour du monde arabe et a \u00e9t\u00e9 partag\u00e9e sur Internet et sur plusieurs chaines de t\u00e9l\u00e9vision.<\/p>\n<p>Les acteurs Hend Sabry et Khaled Abol Naga avaient ensuite chang\u00e9 leurs photos de profil sur facebook. Ils avaient arbor\u00e9 le drapeau tunisien par solidarit\u00e9.<\/p>\n<figure id=\"attachment_140365\" aria-describedby=\"caption-attachment-140365\" style=\"width: 700px\" class=\"wp-caption aligncenter\"><img decoding=\"async\" class=\"wp-image-140365 size-large\" src=\"http:\/\/www.webdo.tn\/wp-content\/uploads\/2016\/10\/Attentat-Hend-Sabry-1024x635.jpg\" alt=\"Hend Sabry solidaire des Journ\u00e9es Cin\u00e9matographiques de Carthage\" width=\"700\" height=\"434\"><figcaption id=\"caption-attachment-140365\" class=\"wp-caption-text\">Photo de profil facebook de Hend Sabry<\/figcaption><\/figure>\n<figure id=\"attachment_140366\" aria-describedby=\"caption-attachment-140366\" style=\"width: 700px\" class=\"wp-caption aligncenter\"><img decoding=\"async\" class=\"wp-image-140366 size-large\" src=\"http:\/\/www.webdo.tn\/wp-content\/uploads\/2016\/10\/Attentat-Khaled-Abol-Naga-1024x614.jpg\" alt=\"Khaled Abol Naga soldaire des Journ\u00e9es Cin\u00e9matographiques de Carthage\" width=\"700\" height=\"420\"><figcaption id=\"caption-attachment-140366\" class=\"wp-caption-text\">Photo de couverture facebook de Khaled Abol Naga<\/figcaption><\/figure>\n<p>Aucun des convives du festival n\u2019avait interrompu son s\u00e9jour et n\u2019avait quitt\u00e9 la Tunisie. A part Roger Waters qui avait annul\u00e9 sa visite, tous les autres invit\u00e9s pr\u00e9vus avaient continu\u00e9 \u00e0 arriver en Tunisie, comme par exemple Bassem Youssef qui avait anim\u00e9 la soir\u00e9e de cl\u00f4ture.<\/p>\n<figure id=\"attachment_140370\" aria-describedby=\"caption-attachment-140370\" style=\"width: 700px\" class=\"wp-caption aligncenter\"><img decoding=\"async\" class=\"wp-image-140370 size-large\" src=\"http:\/\/www.webdo.tn\/wp-content\/uploads\/2016\/10\/Attentat-BY-1024x445.jpg\" alt=\"Bassem Youssef annonce son arriv\u00e9e en Tunisie pour les Journ\u00e9es Cin\u00e9matographiques de Carthage\" width=\"700\" height=\"304\"><figcaption id=\"caption-attachment-140370\" class=\"wp-caption-text\">Sur son compte Twitter, Bassem Youssef annonce son arriv\u00e9e en Tunisie.<\/figcaption><\/figure>\n<p><span><em>\u00abNous n\u2019avons pas peur. Nous serons toujours les plus forts. Nous montrerons aux terroristes que nous aimons la vie\u00bb.<\/em><\/span><\/p>\n<p>D\u00e8s le lendemain, et contrairement \u00e0 toute attente, les salles de cin\u00e9ma \u00e9taient archicombles. Les tunisiens \u00e9taient venus en masse assister aux projections, comme pour d\u00e9fier encore plus les terroristes et montrer leur d\u00e9termination \u00e0 faire triompher la Vie: \u00abNous n\u2019avons pas peur. Nous serons toujours les plus forts. Nous montrerons aux terroristes que nous aimons la vie\u00bb affirmaient-ils.<\/p>\n<h3><strong><span>L\u2019Art avait triomph\u00e9 sur la terreur !<\/span><\/strong><\/h3>\n<p>Presque un an apr\u00e8s, le comit\u00e9 d\u2019organisation des Journ\u00e9es Cin\u00e9matographiques de Carthage a tenu \u00e0 organiser sa conf\u00e9rence de presse \u00e0 ce m\u00eame endroit pour rendre hommage \u00e0 nos martyres, pour montrer qu\u2019on pense \u00e0 eux, qu\u2019on ne les a pas oubli\u00e9s, et surtout pour dire que la Tunisie et les Tunisiens sont encore debout et qu\u2019ils f\u00eatent encore et toujours la Vie.<\/p>\n<h3><strong><span>L\u2019Art triomphera toujours sur la terreur!<\/span><\/strong><\/h3>\n<p><strong>Ne\u00efla Driss<\/strong><\/p>\n<p>\u00a0<\/p>\n<p><em>Lire sur le m\u00eame sujet:<\/em><\/p>\n<ul>\n<li class=\"entry-title\"><a title=\"JCC 2016 : La liste compl\u00e8te des films en comp\u00e9tition\" href=\"http:\/\/www.webdo.tn\/2016\/09\/08\/jcc-2016-liste-complete-films-competition\/\" rel=\"bookmark\">JCC 2016 : La liste compl\u00e8te des films en comp\u00e9tition<\/a><\/li>\n<li class=\"entry-title\"><a title=\"Le programme complet des JCC\" href=\"http:\/\/www.webdo.tn\/2016\/10\/25\/programme-complet-jcc\/\" rel=\"bookmark\">Le programme complet des JCC<\/a><\/li>\n<li class=\"entry-title\"><a title=\"Mes JCC 2016 | Jour J-1 : Derniers pr\u00e9paratifs\" href=\"http:\/\/www.webdo.tn\/2016\/10\/27\/tunisie-jcc-2016-jour-j-1-derniers-preparatifs\/\" rel=\"bookmark\">Mes JCC 2016 | Jour J-1 : Derniers pr\u00e9paratifs<\/a><\/li>\n<li class=\"entry-title\"><a title=\"JCC 2016 : Retransmission en direct de la c\u00e9r\u00e9monie d\u2019ouverture dans les r\u00e9gions\" href=\"http:\/\/www.webdo.tn\/2016\/10\/27\/jcc-2016-transmission-en-direct-de-la-ceremonie-douverture-dans-les-regions\/\" rel=\"bookmark\">JCC 2016 : Retransmission en direct de la c\u00e9r\u00e9monie d\u2019ouverture dans les r\u00e9gions<\/a><\/li>\n<li class=\"entry-title\"><a title=\"Mes JCC 2016 | Jour J : Glamour ou militant ?\" href=\"http:\/\/www.webdo.tn\/2016\/10\/28\/mes-jcc-2016-jour-j-glamour-ou-militant\/\" rel=\"bookmark\">Mes JCC 2016 | Jour J : Glamour ou militant ?<\/a><\/li>\n<li><a title=\"Mes JCC | Jour 1\" href=\"http:\/\/www.webdo.tn\/2016\/10\/30\/jcc-jour-1\/\" rel=\"bookmark\">Mes JCC | Jour 1<\/a><\/li>\n<li class=\"entry-title\"><a title=\"Mes JCC 2016 | Jours 2 et 3 | Youssef Chahine mon amour !\" href=\"http:\/\/www.webdo.tn\/2016\/11\/01\/mes-jcc-2016-jours-2-et-3-youssef-chahine-mon-amour\/\" rel=\"bookmark\">Mes JCC 2016 | Jours 2 et 3 | Youssef Chahine mon amour !<\/a><\/li>\n<li class=\"entry-title\"><a title=\"JCC 2016 : Palmar\u00e8s des sections parall\u00e8les\" href=\"http:\/\/www.webdo.tn\/2016\/11\/04\/jcc-2016-palmares-sections-paralleles\/\" rel=\"bookmark\">JCC 2016 : Palmar\u00e8s des sections parall\u00e8les<\/a><\/li>\n<li><a title=\"JCC 2016 | Deux Tanit d\u2019Or pour deux films tunisiens\" href=\"http:\/\/www.webdo.tn\/2016\/11\/06\/jcc-2016-deux-tanit-dor-pour-deux-films-tunisiens\/\" rel=\"bookmark\">JCC 2016 | Deux Tanit d\u2019Or pour deux films tunisiens<\/a><\/li>\n<li><a title=\"Festival International du Film du Caire \u2013 Clash\u2026 et r\u00e9conciliation ?\" href=\"http:\/\/www.webdo.tn\/2016\/11\/22\/festival-international-film-caire-clash-reconciliation\/\" rel=\"bookmark\">Festival International du Film du Caire \u2013 Clash\u2026 et r\u00e9conciliation ?<\/a><\/li>\n<li><a href=\"http:\/\/www.webdo.tn\/2016\/07\/13\/tyrant-fiction-sinspire-de-realite-tunisienne\/\">Tyrant, la fiction qui s\u2019inspire de la r\u00e9alit\u00e9 tunisienne<\/a><\/li>\n<li><a href=\"http:\/\/www.webdo.tn\/2016\/07\/27\/cinema-arabe-a-conquete-public-europeen\/\">Le cin\u00e9ma arabe \u00e0 la conqu\u00eate du public europ\u00e9en ?<\/a><\/li>\n<li><a href=\"http:\/\/www.webdo.tn\/2016\/08\/23\/mohamed-khan-festival-international-film-arabe-de-gabes\/\">Mohamed Khan au Festival International du Film Arabe de Gab\u00e8s<\/a><\/li>\n<li><a href=\"http:\/\/www.webdo.tn\/2016\/09\/02\/fifag-festival-va-eclairer-sud\/\">Le FIFAG, un festival qui va \u00e9clairer le Sud !<\/a><\/li>\n<li><a title=\"Hussein Fahmy et le temps qui passe\u2026\" href=\"http:\/\/www.webdo.tn\/2016\/10\/17\/hussein-fahmy-temps-passe\/\" rel=\"bookmark\">Hussein Fahmy et le temps qui passe\u2026<\/a><\/li>\n<li><a href=\"http:\/\/www.webdo.tn\/2016\/11\/29\/film-eyes-of-a-thief-journee-internationale-de-solidarite-peuple-palestinien\/\">Le film \u00ab\u00a0Eyes of a thief\u00a0\u00bb pour la Journ\u00e9e Internationale de Solidarit\u00e9 avec le peuple palestinien<\/a><\/li>\n<li><a href=\"http:\/\/www.webdo.tn\/2016\/12\/01\/gamal-abdel-nasser-une-controverse-qui-dure\/\">Gamal Abdel Nasser : une controverse qui dure\u2026<\/a><\/li>\n<li><a href=\"http:\/\/www.webdo.tn\/2016\/12\/10\/hommage-au-petit-omar-victime-de-la-betise-humaine\/\">Hommage au petit Omar, victime de la b\u00eatise humaine<\/a><\/li>\n<li><a href=\"http:\/\/www.webdo.tn\/2017\/02\/08\/mohamed-hefzy-dingenieur-metallurgie-medecin-cinema-arabe\/\">Mohamed Hefzy, d\u2019ing\u00e9nieur en m\u00e9tallurgie \u00e0 m\u00e9decin du cin\u00e9ma arabe<\/a><\/li>\n<li><a href=\"http:\/\/www.webdo.tn\/2017\/03\/07\/khaled-abol-naga-animera-la-ceremonie-de-cloture-de-sfax-capitale-de-la-culture-arabe\/\">Khaled Abol Naga animera la c\u00e9r\u00e9monie de cl\u00f4ture de \u00ab\u00a0Sfax, Capitale de la Culture Arabe\u00a0\u00bb<\/a><\/li>\n<li><a title=\"Aicha Ben Ahmed, une jeune actrice tunisienne \u00e0 la conqu\u00eate de l\u2019Egypte\" href=\"http:\/\/www.webdo.tn\/2017\/04\/19\/aicha-ben-ahmed-jeune-actrice-tunisienne-a-conquete-de-legypte\/\" rel=\"bookmark\">Aicha Ben Ahmed, une jeune actrice tunisienne \u00e0 la conqu\u00eate de l\u2019Egypte<\/a><\/li>\n<li><a title=\"Mohamed Diab, l\u2019\u00e9toile montante du cin\u00e9ma \u00e9gyptien \u00e0 Cannes\" href=\"http:\/\/www.webdo.tn\/2017\/07\/04\/mohamed-diab-letoile-montante-cinema-egyptien-a-cannes\/\" rel=\"bookmark\">Mohamed Diab, l\u2019\u00e9toile montante du cin\u00e9ma \u00e9gyptien \u00e0 Cannes<\/a><\/li>\n<li><a title=\"Les Vikings rencontrent l\u2019Emir Ziyadat Allah I \u00e0 Kairouan\" href=\"http:\/\/www.webdo.tn\/2017\/08\/01\/vikings-rencontrent-lemir-ziyadat-allah-i-a-kairouan\/\" rel=\"bookmark\">Les Vikings rencontrent l\u2019Emir Ziyadat Allah I \u00e0 Kairouan<\/a><\/li>\n<\/ul><\/div>\n<div class=\"coprs\" style=\"text-align: center\"><\/div><\/div>\n","protected":false},"excerpt":{"rendered":"<p>Journ\u00e9es Cin\u00e9matographiques de Carthage : L\u2019Art triomphera toujours de la terreur !<\/p>\n","protected":false},"author":3164,"featured_media":338107,"comment_status":"open","ping_status":"closed","sticky":false,"template":"","format":"standard","meta":{"footnotes":""},"categories":[2594],"tags":[2600],"class_list":["post-199631","post","type-post","status-publish","format-standard","has-post-thumbnail","hentry","category-culture","tag-guerre"],"yoast_head":"<!-- This site is optimized with the Yoast SEO Premium plugin v27.5 (Yoast SEO v27.5) - https:\/\/yoast.com\/product\/yoast-seo-premium-wordpress\/ -->\n<title>Journ\u00e9es Cin\u00e9matographiques de Carthage : L\u2019Art triomphera toujours de la terreur !<\/title>\n<meta name=\"description\" content=\"Journ\u00e9es Cin\u00e9matographiques de Carthage : L\u2019Art triomphera toujours de la terreur !\" \/>\n<link rel=\"canonical\" href=\"https:\/\/www.webdo.tn\/fr\/actualite\/culture\/journees-cinematographiques-de-carthage-lart-triomphera-toujours-terreur\/199631\/\" \/>\n<meta property=\"og:locale\" content=\"fr_FR\" \/>\n<meta property=\"og:type\" content=\"article\" \/>\n<meta property=\"og:title\" content=\"Journ\u00e9es Cin\u00e9matographiques de Carthage : L\u2019Art triomphera toujours de la terreur !\" \/>\n<meta property=\"og:description\" content=\"Journ\u00e9es Cin\u00e9matographiques de Carthage : L\u2019Art triomphera toujours de la terreur !\" \/>\n<meta property=\"og:url\" content=\"https:\/\/www.webdo.tn\/fr\/actualite\/culture\/journees-cinematographiques-de-carthage-lart-triomphera-toujours-terreur\/199631\/\" \/>\n<meta property=\"og:site_name\" content=\"webdo\" \/>\n<meta property=\"article:publisher\" content=\"https:\/\/www.facebook.com\/webdotn\" \/>\n<meta property=\"article:author\" content=\"https:\/\/www.facebook.com\/massir.destiniii\/\" \/>\n<meta property=\"article:published_time\" content=\"2016-10-20T08:53:00+00:00\" \/>\n<meta property=\"og:image\" content=\"https:\/\/www.webdo.tn\/fr\/wp-content\/uploads\/2016\/10\/ATTENTAT-JCC-1024x470-1.jpg\" \/>\n\t<meta property=\"og:image:width\" content=\"1024\" \/>\n\t<meta property=\"og:image:height\" content=\"470\" \/>\n\t<meta property=\"og:image:type\" content=\"image\/jpeg\" \/>\n<meta name=\"author\" content=\"Ne\u00efla DRISS\" \/>\n<meta name=\"twitter:card\" content=\"summary_large_image\" \/>\n<meta name=\"twitter:creator\" content=\"@https:\/\/x.com\/MassirDestin\" \/>\n<meta name=\"twitter:site\" content=\"@webdo_tn\" \/>\n<meta name=\"twitter:label1\" content=\"\u00c9crit par\" \/>\n\t<meta name=\"twitter:data1\" content=\"Ne\u00efla DRISS\" \/>\n\t<meta name=\"twitter:label2\" content=\"Dur\u00e9e de lecture estim\u00e9e\" \/>\n\t<meta name=\"twitter:data2\" content=\"5 minutes\" \/>\n<script type=\"application\/ld+json\" class=\"yoast-schema-graph\">{\"@context\":\"https:\\\/\\\/schema.org\",\"@graph\":[{\"@type\":\"NewsArticle\",\"@id\":\"https:\\\/\\\/www.webdo.tn\\\/fr\\\/actualite\\\/culture\\\/journees-cinematographiques-de-carthage-lart-triomphera-toujours-terreur\\\/199631\\\/#article\",\"isPartOf\":{\"@id\":\"https:\\\/\\\/www.webdo.tn\\\/fr\\\/actualite\\\/culture\\\/journees-cinematographiques-de-carthage-lart-triomphera-toujours-terreur\\\/199631\\\/\"},\"author\":{\"name\":\"Ne\u00efla DRISS\",\"@id\":\"https:\\\/\\\/www.webdo.tn\\\/fr\\\/#\\\/schema\\\/person\\\/60d5ba619ed3f58783b0dc82b7dada80\"},\"headline\":\"Journ\u00e9es Cin\u00e9matographiques de Carthage : L\u2019Art triomphera toujours de la terreur !\",\"datePublished\":\"2016-10-20T08:53:00+00:00\",\"mainEntityOfPage\":{\"@id\":\"https:\\\/\\\/www.webdo.tn\\\/fr\\\/actualite\\\/culture\\\/journees-cinematographiques-de-carthage-lart-triomphera-toujours-terreur\\\/199631\\\/\"},\"wordCount\":1110,\"commentCount\":0,\"publisher\":{\"@id\":\"https:\\\/\\\/www.webdo.tn\\\/fr\\\/#organization\"},\"image\":{\"@id\":\"https:\\\/\\\/www.webdo.tn\\\/fr\\\/actualite\\\/culture\\\/journees-cinematographiques-de-carthage-lart-triomphera-toujours-terreur\\\/199631\\\/#primaryimage\"},\"thumbnailUrl\":\"https:\\\/\\\/www.webdo.tn\\\/fr\\\/wp-content\\\/uploads\\\/2016\\\/10\\\/ATTENTAT-JCC-1024x470-1.jpg\",\"keywords\":[\"guerre\"],\"articleSection\":[\"Culture\"],\"inLanguage\":\"fr-FR\"},{\"@type\":\"WebPage\",\"@id\":\"https:\\\/\\\/www.webdo.tn\\\/fr\\\/actualite\\\/culture\\\/journees-cinematographiques-de-carthage-lart-triomphera-toujours-terreur\\\/199631\\\/\",\"url\":\"https:\\\/\\\/www.webdo.tn\\\/fr\\\/actualite\\\/culture\\\/journees-cinematographiques-de-carthage-lart-triomphera-toujours-terreur\\\/199631\\\/\",\"name\":\"Journ\u00e9es Cin\u00e9matographiques de Carthage : L\u2019Art triomphera toujours de la terreur !\",\"isPartOf\":{\"@id\":\"https:\\\/\\\/www.webdo.tn\\\/fr\\\/#website\"},\"primaryImageOfPage\":{\"@id\":\"https:\\\/\\\/www.webdo.tn\\\/fr\\\/actualite\\\/culture\\\/journees-cinematographiques-de-carthage-lart-triomphera-toujours-terreur\\\/199631\\\/#primaryimage\"},\"image\":{\"@id\":\"https:\\\/\\\/www.webdo.tn\\\/fr\\\/actualite\\\/culture\\\/journees-cinematographiques-de-carthage-lart-triomphera-toujours-terreur\\\/199631\\\/#primaryimage\"},\"thumbnailUrl\":\"https:\\\/\\\/www.webdo.tn\\\/fr\\\/wp-content\\\/uploads\\\/2016\\\/10\\\/ATTENTAT-JCC-1024x470-1.jpg\",\"datePublished\":\"2016-10-20T08:53:00+00:00\",\"description\":\"Journ\u00e9es Cin\u00e9matographiques de Carthage : L\u2019Art triomphera toujours de la terreur !\",\"breadcrumb\":{\"@id\":\"https:\\\/\\\/www.webdo.tn\\\/fr\\\/actualite\\\/culture\\\/journees-cinematographiques-de-carthage-lart-triomphera-toujours-terreur\\\/199631\\\/#breadcrumb\"},\"inLanguage\":\"fr-FR\",\"potentialAction\":[{\"@type\":\"ReadAction\",\"target\":[\"https:\\\/\\\/www.webdo.tn\\\/fr\\\/actualite\\\/culture\\\/journees-cinematographiques-de-carthage-lart-triomphera-toujours-terreur\\\/199631\\\/\"]}]},{\"@type\":\"ImageObject\",\"inLanguage\":\"fr-FR\",\"@id\":\"https:\\\/\\\/www.webdo.tn\\\/fr\\\/actualite\\\/culture\\\/journees-cinematographiques-de-carthage-lart-triomphera-toujours-terreur\\\/199631\\\/#primaryimage\",\"url\":\"https:\\\/\\\/www.webdo.tn\\\/fr\\\/wp-content\\\/uploads\\\/2016\\\/10\\\/ATTENTAT-JCC-1024x470-1.jpg\",\"contentUrl\":\"https:\\\/\\\/www.webdo.tn\\\/fr\\\/wp-content\\\/uploads\\\/2016\\\/10\\\/ATTENTAT-JCC-1024x470-1.jpg\",\"width\":1024,\"height\":470,\"caption\":\"Journ\u00e9es Cin\u00e9matographiques de Carthage : L\u2019Art triomphera toujours de la terreur !\"},{\"@type\":\"BreadcrumbList\",\"@id\":\"https:\\\/\\\/www.webdo.tn\\\/fr\\\/actualite\\\/culture\\\/journees-cinematographiques-de-carthage-lart-triomphera-toujours-terreur\\\/199631\\\/#breadcrumb\",\"itemListElement\":[{\"@type\":\"ListItem\",\"position\":1,\"name\":\"Accueil\",\"item\":\"https:\\\/\\\/www.webdo.tn\\\/fr\\\/\"},{\"@type\":\"ListItem\",\"position\":2,\"name\":\"Journ\u00e9es Cin\u00e9matographiques de Carthage : L\u2019Art triomphera toujours de la terreur !\"}]},{\"@type\":\"WebSite\",\"@id\":\"https:\\\/\\\/www.webdo.tn\\\/fr\\\/#website\",\"url\":\"https:\\\/\\\/www.webdo.tn\\\/fr\\\/\",\"name\":\"webdo\",\"description\":\"Tunisie - News en Tunisie et \u00e0 l&#039;international sur Webdo.tn\",\"publisher\":{\"@id\":\"https:\\\/\\\/www.webdo.tn\\\/fr\\\/#organization\"},\"potentialAction\":[{\"@type\":\"SearchAction\",\"target\":{\"@type\":\"EntryPoint\",\"urlTemplate\":\"https:\\\/\\\/www.webdo.tn\\\/fr\\\/?s={search_term_string}\"},\"query-input\":{\"@type\":\"PropertyValueSpecification\",\"valueRequired\":true,\"valueName\":\"search_term_string\"}}],\"inLanguage\":\"fr-FR\"},{\"@type\":\"Organization\",\"@id\":\"https:\\\/\\\/www.webdo.tn\\\/fr\\\/#organization\",\"name\":\"Webdo\",\"alternateName\":\"Webdo.tn\",\"url\":\"https:\\\/\\\/www.webdo.tn\\\/fr\\\/\",\"logo\":{\"@type\":\"ImageObject\",\"inLanguage\":\"fr-FR\",\"@id\":\"https:\\\/\\\/www.webdo.tn\\\/fr\\\/#\\\/schema\\\/logo\\\/image\\\/\",\"url\":\"https:\\\/\\\/www.webdo.tn\\\/fr\\\/wp-content\\\/uploads\\\/2025\\\/06\\\/Webdo-Tunisie_168377.jpg\",\"contentUrl\":\"https:\\\/\\\/www.webdo.tn\\\/fr\\\/wp-content\\\/uploads\\\/2025\\\/06\\\/Webdo-Tunisie_168377.jpg\",\"width\":301,\"height\":301,\"caption\":\"Webdo\"},\"image\":{\"@id\":\"https:\\\/\\\/www.webdo.tn\\\/fr\\\/#\\\/schema\\\/logo\\\/image\\\/\"},\"sameAs\":[\"https:\\\/\\\/www.facebook.com\\\/webdotn\",\"https:\\\/\\\/x.com\\\/webdo_tn\"],\"description\":\"Webdo est un m\u00e9dia num\u00e9rique tunisien fond\u00e9 en 2010, sp\u00e9cialis\u00e9 dans l\u2019actualit\u00e9 nationale et internationale, l\u2019\u00e9conomie, la soci\u00e9t\u00e9 et les analyses politiques. Le site s\u2019adresse \u00e0 un large public francophone et couvre l\u2019information tunisienne en temps r\u00e9el.\",\"email\":\"redac@webdo.tn\",\"legalName\":\"YNJ SARL\",\"foundingDate\":\"2010-09-06\",\"numberOfEmployees\":{\"@type\":\"QuantitativeValue\",\"minValue\":\"11\",\"maxValue\":\"50\"}},{\"@type\":\"Person\",\"@id\":\"https:\\\/\\\/www.webdo.tn\\\/fr\\\/#\\\/schema\\\/person\\\/60d5ba619ed3f58783b0dc82b7dada80\",\"name\":\"Ne\u00efla DRISS\",\"image\":{\"@type\":\"ImageObject\",\"inLanguage\":\"fr-FR\",\"@id\":\"https:\\\/\\\/www.webdo.tn\\\/fr\\\/wp-content\\\/uploads\\\/2026\\\/04\\\/neila-driss_avatar-96x96.jpg\",\"url\":\"https:\\\/\\\/www.webdo.tn\\\/fr\\\/wp-content\\\/uploads\\\/2026\\\/04\\\/neila-driss_avatar-96x96.jpg\",\"contentUrl\":\"https:\\\/\\\/www.webdo.tn\\\/fr\\\/wp-content\\\/uploads\\\/2026\\\/04\\\/neila-driss_avatar-96x96.jpg\",\"caption\":\"Ne\u00efla DRISS\"},\"description\":\"Ne\u00efla Driss est juriste, journaliste culturelle et critique de cin\u00e9ma tunisienne. Titulaire d\u2019un DEA en droit priv\u00e9 de l\u2019Universit\u00e9 Paris II et d\u2019un DESS de l\u2019IHEC Carthage, elle d\u00e9bute sa carri\u00e8re comme juriste sp\u00e9cialis\u00e9e en gestion de patrimoine immobilier. Elle s\u2019oriente ensuite vers l\u2019\u00e9criture en ligne, o\u00f9 elle se distingue d\u00e8s 2006 aux Tunisia Blog Awards, avant de se consacrer au journalisme culturel, avec une sp\u00e9cialisation dans la critique cin\u00e9matographique. Elle couvre r\u00e9guli\u00e8rement les grands festivals internationaux, notamment le Festival de Cannes, les Journ\u00e9es Cin\u00e9matographiques de Carthage et le Festival du film du Caire. Membre de l\u2019ATPCC et de la FIPRESCI, elle participe \u00e0 des jurys et initiatives internationales de critique. Depuis 2024, elle est \u00e9lectrice internationale aux Golden Globes. Facebook : https:\\\/\\\/www.facebook.com\\\/massir.destiniii\\\/ X : https:\\\/\\\/x.com\\\/MassirDestin\",\"sameAs\":[\"https:\\\/\\\/www.facebook.com\\\/massir.destiniii\\\/\",\"https:\\\/\\\/www.instagram.com\\\/neila.driss\\\/?hl=fr\",\"https:\\\/\\\/www.linkedin.com\\\/in\\\/neila-driss-22606a80\\\/\",\"https:\\\/\\\/x.com\\\/https:\\\/\\\/x.com\\\/MassirDestin\"],\"knowsAbout\":[\"Cin\u00e9ma international\",\"critique cin\u00e9matographique\",\"festivals de cin\u00e9ma\",\"journalisme culturel\"],\"knowsLanguage\":[\"Fran\u00e7ais\",\"Arabe\",\"Anglais\"],\"jobTitle\":\"Journaliste culturelle et critique de cin\u00e9ma\",\"worksFor\":\"Webdo\",\"url\":\"https:\\\/\\\/www.webdo.tn\\\/fr\\\/actualite\\\/author\\\/neila-driss\\\/\"}]}<\/script>\n<!-- \/ Yoast SEO Premium plugin. -->","yoast_head_json":{"title":"Journ\u00e9es Cin\u00e9matographiques de Carthage : L\u2019Art triomphera toujours de la terreur !","description":"Journ\u00e9es Cin\u00e9matographiques de Carthage : L\u2019Art triomphera toujours de la terreur !","canonical":"https:\/\/www.webdo.tn\/fr\/actualite\/culture\/journees-cinematographiques-de-carthage-lart-triomphera-toujours-terreur\/199631\/","og_locale":"fr_FR","og_type":"article","og_title":"Journ\u00e9es Cin\u00e9matographiques de Carthage : L\u2019Art triomphera toujours de la terreur !","og_description":"Journ\u00e9es Cin\u00e9matographiques de Carthage : L\u2019Art triomphera toujours de la terreur !","og_url":"https:\/\/www.webdo.tn\/fr\/actualite\/culture\/journees-cinematographiques-de-carthage-lart-triomphera-toujours-terreur\/199631\/","og_site_name":"webdo","article_publisher":"https:\/\/www.facebook.com\/webdotn","article_author":"https:\/\/www.facebook.com\/massir.destiniii\/","article_published_time":"2016-10-20T08:53:00+00:00","og_image":[{"width":1024,"height":470,"url":"https:\/\/www.webdo.tn\/fr\/wp-content\/uploads\/2016\/10\/ATTENTAT-JCC-1024x470-1.jpg","type":"image\/jpeg"}],"author":"Ne\u00efla DRISS","twitter_card":"summary_large_image","twitter_creator":"@https:\/\/x.com\/MassirDestin","twitter_site":"@webdo_tn","twitter_misc":{"\u00c9crit par":"Ne\u00efla DRISS","Dur\u00e9e de lecture estim\u00e9e":"5 minutes"},"schema":{"@context":"https:\/\/schema.org","@graph":[{"@type":"NewsArticle","@id":"https:\/\/www.webdo.tn\/fr\/actualite\/culture\/journees-cinematographiques-de-carthage-lart-triomphera-toujours-terreur\/199631\/#article","isPartOf":{"@id":"https:\/\/www.webdo.tn\/fr\/actualite\/culture\/journees-cinematographiques-de-carthage-lart-triomphera-toujours-terreur\/199631\/"},"author":{"name":"Ne\u00efla DRISS","@id":"https:\/\/www.webdo.tn\/fr\/#\/schema\/person\/60d5ba619ed3f58783b0dc82b7dada80"},"headline":"Journ\u00e9es Cin\u00e9matographiques de Carthage : L\u2019Art triomphera toujours de la terreur !","datePublished":"2016-10-20T08:53:00+00:00","mainEntityOfPage":{"@id":"https:\/\/www.webdo.tn\/fr\/actualite\/culture\/journees-cinematographiques-de-carthage-lart-triomphera-toujours-terreur\/199631\/"},"wordCount":1110,"commentCount":0,"publisher":{"@id":"https:\/\/www.webdo.tn\/fr\/#organization"},"image":{"@id":"https:\/\/www.webdo.tn\/fr\/actualite\/culture\/journees-cinematographiques-de-carthage-lart-triomphera-toujours-terreur\/199631\/#primaryimage"},"thumbnailUrl":"https:\/\/www.webdo.tn\/fr\/wp-content\/uploads\/2016\/10\/ATTENTAT-JCC-1024x470-1.jpg","keywords":["guerre"],"articleSection":["Culture"],"inLanguage":"fr-FR"},{"@type":"WebPage","@id":"https:\/\/www.webdo.tn\/fr\/actualite\/culture\/journees-cinematographiques-de-carthage-lart-triomphera-toujours-terreur\/199631\/","url":"https:\/\/www.webdo.tn\/fr\/actualite\/culture\/journees-cinematographiques-de-carthage-lart-triomphera-toujours-terreur\/199631\/","name":"Journ\u00e9es Cin\u00e9matographiques de Carthage : L\u2019Art triomphera toujours de la terreur !","isPartOf":{"@id":"https:\/\/www.webdo.tn\/fr\/#website"},"primaryImageOfPage":{"@id":"https:\/\/www.webdo.tn\/fr\/actualite\/culture\/journees-cinematographiques-de-carthage-lart-triomphera-toujours-terreur\/199631\/#primaryimage"},"image":{"@id":"https:\/\/www.webdo.tn\/fr\/actualite\/culture\/journees-cinematographiques-de-carthage-lart-triomphera-toujours-terreur\/199631\/#primaryimage"},"thumbnailUrl":"https:\/\/www.webdo.tn\/fr\/wp-content\/uploads\/2016\/10\/ATTENTAT-JCC-1024x470-1.jpg","datePublished":"2016-10-20T08:53:00+00:00","description":"Journ\u00e9es Cin\u00e9matographiques de Carthage : L\u2019Art triomphera toujours de la terreur !","breadcrumb":{"@id":"https:\/\/www.webdo.tn\/fr\/actualite\/culture\/journees-cinematographiques-de-carthage-lart-triomphera-toujours-terreur\/199631\/#breadcrumb"},"inLanguage":"fr-FR","potentialAction":[{"@type":"ReadAction","target":["https:\/\/www.webdo.tn\/fr\/actualite\/culture\/journees-cinematographiques-de-carthage-lart-triomphera-toujours-terreur\/199631\/"]}]},{"@type":"ImageObject","inLanguage":"fr-FR","@id":"https:\/\/www.webdo.tn\/fr\/actualite\/culture\/journees-cinematographiques-de-carthage-lart-triomphera-toujours-terreur\/199631\/#primaryimage","url":"https:\/\/www.webdo.tn\/fr\/wp-content\/uploads\/2016\/10\/ATTENTAT-JCC-1024x470-1.jpg","contentUrl":"https:\/\/www.webdo.tn\/fr\/wp-content\/uploads\/2016\/10\/ATTENTAT-JCC-1024x470-1.jpg","width":1024,"height":470,"caption":"Journ\u00e9es Cin\u00e9matographiques de Carthage : L\u2019Art triomphera toujours de la terreur !"},{"@type":"BreadcrumbList","@id":"https:\/\/www.webdo.tn\/fr\/actualite\/culture\/journees-cinematographiques-de-carthage-lart-triomphera-toujours-terreur\/199631\/#breadcrumb","itemListElement":[{"@type":"ListItem","position":1,"name":"Accueil","item":"https:\/\/www.webdo.tn\/fr\/"},{"@type":"ListItem","position":2,"name":"Journ\u00e9es Cin\u00e9matographiques de Carthage : L\u2019Art triomphera toujours de la terreur !"}]},{"@type":"WebSite","@id":"https:\/\/www.webdo.tn\/fr\/#website","url":"https:\/\/www.webdo.tn\/fr\/","name":"webdo","description":"Tunisie - News en Tunisie et \u00e0 l&#039;international sur Webdo.tn","publisher":{"@id":"https:\/\/www.webdo.tn\/fr\/#organization"},"potentialAction":[{"@type":"SearchAction","target":{"@type":"EntryPoint","urlTemplate":"https:\/\/www.webdo.tn\/fr\/?s={search_term_string}"},"query-input":{"@type":"PropertyValueSpecification","valueRequired":true,"valueName":"search_term_string"}}],"inLanguage":"fr-FR"},{"@type":"Organization","@id":"https:\/\/www.webdo.tn\/fr\/#organization","name":"Webdo","alternateName":"Webdo.tn","url":"https:\/\/www.webdo.tn\/fr\/","logo":{"@type":"ImageObject","inLanguage":"fr-FR","@id":"https:\/\/www.webdo.tn\/fr\/#\/schema\/logo\/image\/","url":"https:\/\/www.webdo.tn\/fr\/wp-content\/uploads\/2025\/06\/Webdo-Tunisie_168377.jpg","contentUrl":"https:\/\/www.webdo.tn\/fr\/wp-content\/uploads\/2025\/06\/Webdo-Tunisie_168377.jpg","width":301,"height":301,"caption":"Webdo"},"image":{"@id":"https:\/\/www.webdo.tn\/fr\/#\/schema\/logo\/image\/"},"sameAs":["https:\/\/www.facebook.com\/webdotn","https:\/\/x.com\/webdo_tn"],"description":"Webdo est un m\u00e9dia num\u00e9rique tunisien fond\u00e9 en 2010, sp\u00e9cialis\u00e9 dans l\u2019actualit\u00e9 nationale et internationale, l\u2019\u00e9conomie, la soci\u00e9t\u00e9 et les analyses politiques. Le site s\u2019adresse \u00e0 un large public francophone et couvre l\u2019information tunisienne en temps r\u00e9el.","email":"redac@webdo.tn","legalName":"YNJ SARL","foundingDate":"2010-09-06","numberOfEmployees":{"@type":"QuantitativeValue","minValue":"11","maxValue":"50"}},{"@type":"Person","@id":"https:\/\/www.webdo.tn\/fr\/#\/schema\/person\/60d5ba619ed3f58783b0dc82b7dada80","name":"Ne\u00efla DRISS","image":{"@type":"ImageObject","inLanguage":"fr-FR","@id":"https:\/\/www.webdo.tn\/fr\/wp-content\/uploads\/2026\/04\/neila-driss_avatar-96x96.jpg","url":"https:\/\/www.webdo.tn\/fr\/wp-content\/uploads\/2026\/04\/neila-driss_avatar-96x96.jpg","contentUrl":"https:\/\/www.webdo.tn\/fr\/wp-content\/uploads\/2026\/04\/neila-driss_avatar-96x96.jpg","caption":"Ne\u00efla DRISS"},"description":"Ne\u00efla Driss est juriste, journaliste culturelle et critique de cin\u00e9ma tunisienne. Titulaire d\u2019un DEA en droit priv\u00e9 de l\u2019Universit\u00e9 Paris II et d\u2019un DESS de l\u2019IHEC Carthage, elle d\u00e9bute sa carri\u00e8re comme juriste sp\u00e9cialis\u00e9e en gestion de patrimoine immobilier. Elle s\u2019oriente ensuite vers l\u2019\u00e9criture en ligne, o\u00f9 elle se distingue d\u00e8s 2006 aux Tunisia Blog Awards, avant de se consacrer au journalisme culturel, avec une sp\u00e9cialisation dans la critique cin\u00e9matographique. Elle couvre r\u00e9guli\u00e8rement les grands festivals internationaux, notamment le Festival de Cannes, les Journ\u00e9es Cin\u00e9matographiques de Carthage et le Festival du film du Caire. Membre de l\u2019ATPCC et de la FIPRESCI, elle participe \u00e0 des jurys et initiatives internationales de critique. Depuis 2024, elle est \u00e9lectrice internationale aux Golden Globes. Facebook : https:\/\/www.facebook.com\/massir.destiniii\/ X : https:\/\/x.com\/MassirDestin","sameAs":["https:\/\/www.facebook.com\/massir.destiniii\/","https:\/\/www.instagram.com\/neila.driss\/?hl=fr","https:\/\/www.linkedin.com\/in\/neila-driss-22606a80\/","https:\/\/x.com\/https:\/\/x.com\/MassirDestin"],"knowsAbout":["Cin\u00e9ma international","critique cin\u00e9matographique","festivals de cin\u00e9ma","journalisme culturel"],"knowsLanguage":["Fran\u00e7ais","Arabe","Anglais"],"jobTitle":"Journaliste culturelle et critique de cin\u00e9ma","worksFor":"Webdo","url":"https:\/\/www.webdo.tn\/fr\/actualite\/author\/neila-driss\/"}]}},"_links":{"self":[{"href":"https:\/\/www.webdo.tn\/fr\/wp-json\/wp\/v2\/posts\/199631","targetHints":{"allow":["GET"]}}],"collection":[{"href":"https:\/\/www.webdo.tn\/fr\/wp-json\/wp\/v2\/posts"}],"about":[{"href":"https:\/\/www.webdo.tn\/fr\/wp-json\/wp\/v2\/types\/post"}],"author":[{"embeddable":true,"href":"https:\/\/www.webdo.tn\/fr\/wp-json\/wp\/v2\/users\/3164"}],"replies":[{"embeddable":true,"href":"https:\/\/www.webdo.tn\/fr\/wp-json\/wp\/v2\/comments?post=199631"}],"version-history":[{"count":0,"href":"https:\/\/www.webdo.tn\/fr\/wp-json\/wp\/v2\/posts\/199631\/revisions"}],"wp:featuredmedia":[{"embeddable":true,"href":"https:\/\/www.webdo.tn\/fr\/wp-json\/wp\/v2\/media\/338107"}],"wp:attachment":[{"href":"https:\/\/www.webdo.tn\/fr\/wp-json\/wp\/v2\/media?parent=199631"}],"wp:term":[{"taxonomy":"category","embeddable":true,"href":"https:\/\/www.webdo.tn\/fr\/wp-json\/wp\/v2\/categories?post=199631"},{"taxonomy":"post_tag","embeddable":true,"href":"https:\/\/www.webdo.tn\/fr\/wp-json\/wp\/v2\/tags?post=199631"}],"curies":[{"name":"wp","href":"https:\/\/api.w.org\/{rel}","templated":true}]}}