{"id":199629,"date":"2016-10-12T12:02:00","date_gmt":"2016-10-12T12:02:00","guid":{"rendered":"https:\/\/www.webdo.tn\/fr\/blog\/tunisie-disqualifiee-de-course-aux-oscars\/199629\/"},"modified":"2016-10-12T12:02:00","modified_gmt":"2016-10-12T12:02:00","slug":"tunisie-disqualifiee-de-course-aux-oscars","status":"publish","type":"post","link":"https:\/\/www.webdo.tn\/fr\/actualite\/culture\/tunisie-disqualifiee-de-course-aux-oscars\/199629\/","title":{"rendered":"La Tunisie disqualifi\u00e9e de la course aux Oscars"},"content":{"rendered":"<div class=\"single-body entry-content typography-copy\" itemprop=\"articleBody\">\n<p style=\"font-weight: bold; text-align: justify\">\n<div class=\"coprs\" style=\"text-align: center\"><\/div>\n<div class=\"coprs\" style=\"text-align: justify\">\n<p> <span id=\"yiv3317947588yui_3_16_0_ym19_1_1476268787012_8230\"><span id=\"yiv3317947588yui_3_16_0_ym19_1_1476268787012_10138\">L\u2019Acad\u00e9mie des arts et des sciences du cin\u00e9ma vient de d\u00e9voiler la liste des films \u00e9ligibles pour \u00eatre s\u00e9lectionn\u00e9s pour concourir \u00e0 l\u2019Oscar du meilleur film en langue \u00e9trang\u00e8re. La Tunisie en est absente<\/span><\/span>.<\/p>\n<p>Les films soumis doivent avoir \u00e9t\u00e9 projet\u00e9s au public entre le 1er octobre 2015 et le 30 septembre 2016.<\/p>\n<p>Un record de 89 pays ont soumis un film avant la date limite, fix\u00e9e au 3 octobre 2016, et seulement 85 ont \u00e9t\u00e9 accept\u00e9s. Le record pr\u00e9c\u00e9dent \u00e9tait de 83 films en 2014.<\/p>\n<p>9 films finalistes seront annonc\u00e9s en d\u00e9cembre 2016, ensuite les 5 films nomin\u00e9s seront d\u00e9voil\u00e9s le 24 janvier 2017. La c\u00e9r\u00e9monie des Oscars aura lieu le 26 f\u00e9vrier 2017.<\/p>\n<p>C\u2019est la toute premi\u00e8re fois que le Y\u00e9men soumet un film.<\/p>\n<p>Les films soumis en 2016 sont :<\/p>\n<ul>\n<li>Albanie, \u201c<strong>Chromium<\/strong>\u201d de Bujar Alimani<\/li>\n<li>Alg\u00e9rie, \u201c<strong>The Well<\/strong>\u201d de Lotfi Bouchouchi<\/li>\n<li>Argentine, \u201c<strong>The Distinguished Citizen<\/strong>\u201d de Mariano Cohn et Gast\u00f3n Duprat<\/li>\n<li>Australie, \u201c<strong>Tanna<\/strong>\u201d de Bentley Dean et Martin Butler<\/li>\n<li>Austriche \u201c<strong>Stefan Zweig: Farewell to Europe<\/strong>\u201d de Maria Schrader<\/li>\n<li>Bangladesh, \u201c<strong>The Unnamed<\/strong>\u201d de Tauquir Ahmed<\/li>\n<li>Belgique, \u201c<strong>The Ardennes<\/strong>\u201d de Robin Pront<\/li>\n<li>Bolivie, \u201c<strong>Sealed Cargo<\/strong>\u201d de Julia Vargas Weise<\/li>\n<li>Bosnie et Herzegovine, \u201c<strong>Death in Sarajevo<\/strong>\u201d de Danis Tanovic<\/li>\n<li>Br\u00e9sil, \u201c<strong>Little Secret<\/strong>\u201d de David Schurmann<\/li>\n<li>Bulgarie, \u201c<strong>Losers<\/strong>\u201d de Ivaylo Hristov<\/li>\n<li>Cambodge, \u201c<strong>Before the Fall<\/strong>\u201d de Ian White<\/li>\n<li>Canada, \u201c<strong>It\u2019s Only the End of the World<\/strong>\u201d de Xavier Dolan<\/li>\n<li>Chili, \u201c<strong>Neruda<\/strong>\u201d de Pablo Larra\u00edn<\/li>\n<li>Chine, \u201c<strong>Xuan Zang<\/strong>\u201d de Huo Jianqi<\/li>\n<li>Colombie, \u201c<strong>Alias Maria<\/strong>\u201d de Jos\u00e9 Luis Rugeles<\/li>\n<li>Costa Rica, \u201c<strong>About Us<\/strong>\u201d Hern\u00e1n Jim\u00e9nez<\/li>\n<li>Croatie, \u201c<strong>On the Other Side<\/strong>\u201d de Zrinko Ogresta<\/li>\n<li>Cuba, \u201c<strong>The Companion<\/strong>\u201d de Pavel Giroud<\/li>\n<li>R\u00e9publique Tch\u00e8que, \u201c<strong>Lost in Munich<\/strong>\u201d de Petr Zelenka<\/li>\n<li>Danemark, \u201c<strong>Land of Mine<\/strong>\u201d de Martin Zandvliet<\/li>\n<li>R\u00e9publique Dominicaine, \u201c<strong>Sugar Fields<\/strong>\u201d de Fernando B\u00e1ez<\/li>\n<li>Equateur, \u201c<strong>Such Is Life in the Tropics<\/strong>\u201d de Sebasti\u00e1n Cordero<\/li>\n<li>Egypte, \u201c<strong>Clash<\/strong>\u201d de Mohamed Diab<\/li>\n<li>Estonie, \u201c<strong>Mother<\/strong>\u201d de Kadri K\u00f5usaar<\/li>\n<li>Finlande, \u201c<strong>The Happiest Day in the Life of Olli M\u00e4ki<\/strong>\u201d de Juho Kuosmanen<\/li>\n<li>France, \u201c<strong>Elle<\/strong>\u201d de Paul Verhoeven<\/li>\n<li>G\u00e9orgie, \u201c<strong>House of Others<\/strong>\u201d de Rusudan Glurjidze<\/li>\n<li>Allemagne, \u201c<strong>Toni Erdmann<\/strong>\u201d de Maren Ade<\/li>\n<li>Gr\u00e8ce, \u201c<strong>Chevalier<\/strong>\u201d de Athina Rachel Tsangari<\/li>\n<li>Hong Kong, \u201c<strong>Port of Call<\/strong>\u201d de Philip Yung<\/li>\n<li>Hongrie, \u201c<strong>Kills on Wheels<\/strong>\u201d de Attila Till<\/li>\n<li>Islande, \u201c<strong>Sparrows<\/strong>\u201d de R\u00fanar R\u00fanarsson<\/li>\n<li>Inde, \u201c<strong>Interrogation<\/strong>\u201d de Vetri Maaran<\/li>\n<li>Indonesie, \u201c<strong>Letters from Prague<\/strong>\u201d de Angga Dwimas Sasongko<\/li>\n<li>Iran, \u201c<strong>The Salesman<\/strong>\u201d de Asghar Farhadi<\/li>\n<li>Irak, \u201c<strong>El Cl\u00e1sico<\/strong>\u201d de Halkawt Mustafa<\/li>\n<li>Isra\u00ebl, \u201c<strong>Sand Storm<\/strong>\u201d de Elite Zexer<\/li>\n<li>Italie, \u201c<strong>Fire at Sea<\/strong>\u201d de Gianfranco Rosi<\/li>\n<li>Japon, \u201c<strong>Nagasaki: Memories of My Son<\/strong>\u201d de Yoji Yamada<\/li>\n<li>Jordanie, \u201c<strong>3000 Nights<\/strong>\u201d de Mai Masri<\/li>\n<li>Kazakhstan, \u201c<strong>Amanat<\/strong>\u201d de Satybaldy Narymbetov<\/li>\n<li>Kosovo, \u201c<strong>Home Sweet Home<\/strong>\u201d de Faton Bajraktari<\/li>\n<li>Kirghizistan, \u201c<strong>A Father\u2019s Will<\/strong>\u201d de Bakyt Mukul, Dastan Zhapar Uulu<\/li>\n<li>Lettonie, \u201c<strong>Dawn<\/strong>\u201d de Laila Pakalnina<\/li>\n<li>Liban, \u201c<strong>Very Big Shot<\/strong>\u201d de Mir-Jean Bou Chaaya<\/li>\n<li>Lituanie, \u201c<strong>Seneca\u2019s Day<\/strong>\u201d de Kristijonas Vildziunas<\/li>\n<li>Luxembourg, \u201cV<strong>oices from Chernobyl<\/strong>\u201d de Pol Cruchten<\/li>\n<li>Macedonie, \u201c<strong>The Liberation of Skopje<\/strong>\u201d Rade \u0160erbed\u017eija, Danilo \u0160erbed\u017eija<\/li>\n<li>Malaisie, \u201c<strong>Beautiful Pain<\/strong>\u201d de Tunku Mona Riza<\/li>\n<li>Mexique, \u201c<strong>Desierto<\/strong>\u201d Jon\u00e1s Cuar\u00f3n<\/li>\n<li>Mont\u00e9n\u00e9gro, \u201c<strong>The Black Pin<\/strong>\u201d Ivan Marinovi\u0107<\/li>\n<li>Maroc, \u201c<strong>A Mile in My Shoes<\/strong>\u201d Said Khallaf<\/li>\n<li>N\u00e9pal, \u201c<strong>The Black Hen<\/strong>\u201d Min Bahadur Bham<\/li>\n<li>Hollande \u201c<strong>Tonio<\/strong>\u201d de Paula van der Oest<\/li>\n<li>Nouvelle Zelande, \u201c<strong>A Flickering Truth<\/strong>\u201d de Pietra Brettkelly<\/li>\n<li>Norv\u00e8ge, \u201c<strong>The King\u2019s Choice<\/strong>\u201d de Erik Poppe<\/li>\n<li>Pakistan, \u201c<strong>Mah-e-Mir<\/strong>\u201d de Anjum Shahzad<\/li>\n<li>Palestine, <a href=\"http:\/\/www.webdo.tn\/2016\/09\/15\/the-idol-lorsque-serons-grands-changerons-monde\/\">\u201c<strong>The Idol<\/strong>\u201d<\/a> de Hany Abu-Assad, director<\/li>\n<li>Panama, \u201c<strong>Salsipuedes<\/strong>\u201d de Ricardo Aguilar Navarro, Manolito Rodr\u00edguez<\/li>\n<li>P\u00e9rou, \u201c<strong>Videophilia (and Other Viral Syndromes)<\/strong>\u201d de Juan Daniel F. Molero,<\/li>\n<li>Philippines, \u201c<strong>Ma\u2019 Rosa<\/strong>\u201d de Brillante Ma Mendoza<\/li>\n<li>Pologne, \u201c<strong>Afterimage<\/strong>\u201d de Andrzej Wajda<\/li>\n<li>Portugal, \u201c<strong>Letters from War<\/strong>\u201d de Ivo M. Ferreira,<\/li>\n<li>Roumanie, \u201c<strong>Sieranevada<\/strong>\u201d de Cristi Puiu<\/li>\n<li>Russie, \u201c<strong>Paradise<\/strong>\u201d de Andrei Konchalovsky<\/li>\n<li>Arabie Saoudite, \u201c<strong>Barakah Meets Barakah<\/strong>\u201d de Mahmoud Sabbagh<\/li>\n<li>Serbie, \u201c<strong>Train Driver\u2019s Diary<\/strong>\u201d de Milos Radovic<\/li>\n<li>Singapour, \u201c<strong>Apprentice<\/strong>\u201d de Boo Junfeng<\/li>\n<li>Slovaquie, \u201c<strong>Eva Nov\u00e1<\/strong>\u201d de Marko Skop<\/li>\n<li>Slov\u00e9nie, \u201c<strong>Houston, We Have a Problem !<\/strong>\u201d de \u017diga Virc<\/li>\n<li>Afrique du Sud, \u201c<strong>Call Me Thief<\/strong>\u201d de Daryne Joshua<\/li>\n<li>Cor\u00e9e du Sud, \u201c<strong>The Age of Shadows<\/strong>\u201d de Kim Jee-woon<\/li>\n<li>Espagne, \u201c<strong>Julieta<\/strong>\u201d de Pedro Almod\u00f3var<\/li>\n<li>Su\u00e8de, \u201c<strong>A Man Called Ove<\/strong>\u201d de Hannes Holm<\/li>\n<li>Suisse, \u201c<strong>My Life as a Zucchini<\/strong>\u201d de Claude Barras<\/li>\n<li>Ta\u00efwan, \u201c<strong>Hang in There, Kids !<\/strong>\u201d de Laha Mebow<\/li>\n<li>Tha\u00eflande, \u201c<strong>Karma<\/strong>\u201d de Kanittha Kwunyoo<\/li>\n<li>Turquie, \u201c<strong>Cold of Kalandar<\/strong>\u201d de Mustafa Kara<\/li>\n<li>Ukraine, \u201c<strong>Ukrainian Sheriffs<\/strong>\u201d de Roman Bondarchuk<\/li>\n<li>Royaume-Uni, \u201c<strong>Under the Shadow<\/strong>\u201d de Babak Anvari<\/li>\n<li>Uruguay, \u201c<strong>Breadcrumbs<\/strong>\u201d de Manane Rodr\u00edguez<\/li>\n<li>Venezuela, \u201c<strong>From Afar<\/strong>\u201d de Lorenzo Vigas<\/li>\n<li>Vietnam, \u201c<strong>Yellow Flowers on the Green Grass<\/strong>\u201d de Victor Vu<\/li>\n<li>Y\u00e9men, \u201c<strong>I Am Nojoom, Age 10 and Divorced<\/strong>\u201d de Khadija Al-Salami<\/li>\n<\/ul>\n<p>La 89\u00e8me \u00e9dition des Oscars aura lieu le dimanche 26 f\u00e9vrier 2017 \u00e0 Hollywood.<br \/>\nLa Tunisie a d\u2019abord soumis le film \u00ab\u00a0<strong>Fleur d\u2019Alep<\/strong>\u00a0\u00bb de Ridha Behi. Cette soumission a \u00e9t\u00e9 ensuite chang\u00e9e par \u00ab\u00a0<strong>A peine j\u2019ouvre les yeux<\/strong>\u00a0\u00bb de Leila Bouzid. Aucun des deux films n\u2019est inclus dans la liste, les deux films ayant \u00e9t\u00e9 disqualifi\u00e9s.<\/p>\n<p>Pour quelles raisons est-ce que la Tunisie a \u00e9t\u00e9 disqualifi\u00e9e ?<\/p>\n<p>Les films soumis ne r\u00e9pondaient-ils pas aux crit\u00e8res exig\u00e9s ?<\/p>\n<p>\u00ab\u00a0Fleur d\u2019Alep\u00a0\u00bb n\u2019avait pas \u00e9t\u00e9 projet\u00e9 au public, il ne pouvait donc pr\u00e9tendre \u00e0 cette qualification, m\u00eame si on a voulu parer \u00e0 ce manque en le faisant projeter une semaine \u00e0 Nabeul avant la date limite.<\/p>\n<p>Pourquoi est-ce que \u00ab\u00a0A peine j\u2019ouvre les yeux\u00a0\u00bb n\u2019a-t-il pas \u00e9t\u00e9 retenu ?<\/p>\n<p>Le cafouillage en lui-m\u00eame qui a eu lieu avec deux films soumis et annonc\u00e9s n\u2019\u00e9tait pas de bon augure. Cela d\u00e9notait un manque de s\u00e9rieux qui a apparemment abouti \u00e0 une disqualification !<\/p>\n<p>Dommage.<\/p>\n<p><strong>Neila Driss<\/strong><\/p>\n<\/p><\/div>\n<div class=\"coprs\" style=\"text-align: center\"><\/div><\/div>\n","protected":false},"excerpt":{"rendered":"<p>La Tunisie disqualifi\u00e9e de la course aux Oscars<\/p>\n","protected":false},"author":3164,"featured_media":338082,"comment_status":"open","ping_status":"closed","sticky":false,"template":"","format":"standard","meta":{"footnotes":""},"categories":[2594],"tags":[2600],"class_list":["post-199629","post","type-post","status-publish","format-standard","has-post-thumbnail","hentry","category-culture","tag-guerre"],"yoast_head":"<!-- This site is optimized with the Yoast SEO Premium plugin v27.5 (Yoast SEO v27.5) - https:\/\/yoast.com\/product\/yoast-seo-premium-wordpress\/ -->\n<title>La Tunisie disqualifi\u00e9e de la course aux Oscars<\/title>\n<meta name=\"description\" content=\"La Tunisie disqualifi\u00e9e de la course aux Oscars\" \/>\n<link rel=\"canonical\" href=\"https:\/\/www.webdo.tn\/fr\/actualite\/culture\/tunisie-disqualifiee-de-course-aux-oscars\/199629\/\" \/>\n<meta property=\"og:locale\" content=\"fr_FR\" \/>\n<meta property=\"og:type\" content=\"article\" \/>\n<meta property=\"og:title\" content=\"La Tunisie disqualifi\u00e9e de la course aux Oscars\" \/>\n<meta property=\"og:description\" content=\"La Tunisie disqualifi\u00e9e de la course aux Oscars\" \/>\n<meta property=\"og:url\" content=\"https:\/\/www.webdo.tn\/fr\/actualite\/culture\/tunisie-disqualifiee-de-course-aux-oscars\/199629\/\" \/>\n<meta property=\"og:site_name\" content=\"webdo\" \/>\n<meta property=\"article:publisher\" content=\"https:\/\/www.facebook.com\/webdotn\" \/>\n<meta property=\"article:author\" content=\"https:\/\/www.facebook.com\/massir.destiniii\/\" \/>\n<meta property=\"article:published_time\" content=\"2016-10-12T12:02:00+00:00\" \/>\n<meta property=\"og:image\" content=\"https:\/\/www.webdo.tn\/fr\/wp-content\/uploads\/2016\/10\/live-oscars-2016-300x197-1.jpg\" \/>\n\t<meta property=\"og:image:width\" content=\"300\" \/>\n\t<meta property=\"og:image:height\" content=\"197\" \/>\n\t<meta property=\"og:image:type\" content=\"image\/jpeg\" \/>\n<meta name=\"author\" content=\"Ne\u00efla DRISS\" \/>\n<meta name=\"twitter:card\" content=\"summary_large_image\" \/>\n<meta name=\"twitter:creator\" content=\"@https:\/\/x.com\/MassirDestin\" \/>\n<meta name=\"twitter:site\" content=\"@webdo_tn\" \/>\n<meta name=\"twitter:label1\" content=\"\u00c9crit par\" \/>\n\t<meta name=\"twitter:data1\" content=\"Ne\u00efla DRISS\" \/>\n\t<meta name=\"twitter:label2\" content=\"Dur\u00e9e de lecture estim\u00e9e\" \/>\n\t<meta name=\"twitter:data2\" content=\"5 minutes\" \/>\n<script type=\"application\/ld+json\" class=\"yoast-schema-graph\">{\"@context\":\"https:\\\/\\\/schema.org\",\"@graph\":[{\"@type\":\"NewsArticle\",\"@id\":\"https:\\\/\\\/www.webdo.tn\\\/fr\\\/actualite\\\/culture\\\/tunisie-disqualifiee-de-course-aux-oscars\\\/199629\\\/#article\",\"isPartOf\":{\"@id\":\"https:\\\/\\\/www.webdo.tn\\\/fr\\\/actualite\\\/culture\\\/tunisie-disqualifiee-de-course-aux-oscars\\\/199629\\\/\"},\"author\":{\"name\":\"Ne\u00efla DRISS\",\"@id\":\"https:\\\/\\\/www.webdo.tn\\\/fr\\\/#\\\/schema\\\/person\\\/60d5ba619ed3f58783b0dc82b7dada80\"},\"headline\":\"La Tunisie disqualifi\u00e9e de la course aux Oscars\",\"datePublished\":\"2016-10-12T12:02:00+00:00\",\"mainEntityOfPage\":{\"@id\":\"https:\\\/\\\/www.webdo.tn\\\/fr\\\/actualite\\\/culture\\\/tunisie-disqualifiee-de-course-aux-oscars\\\/199629\\\/\"},\"wordCount\":959,\"commentCount\":0,\"publisher\":{\"@id\":\"https:\\\/\\\/www.webdo.tn\\\/fr\\\/#organization\"},\"image\":{\"@id\":\"https:\\\/\\\/www.webdo.tn\\\/fr\\\/actualite\\\/culture\\\/tunisie-disqualifiee-de-course-aux-oscars\\\/199629\\\/#primaryimage\"},\"thumbnailUrl\":\"https:\\\/\\\/www.webdo.tn\\\/fr\\\/wp-content\\\/uploads\\\/2016\\\/10\\\/live-oscars-2016-300x197-1.jpg\",\"keywords\":[\"guerre\"],\"articleSection\":[\"Culture\"],\"inLanguage\":\"fr-FR\"},{\"@type\":\"WebPage\",\"@id\":\"https:\\\/\\\/www.webdo.tn\\\/fr\\\/actualite\\\/culture\\\/tunisie-disqualifiee-de-course-aux-oscars\\\/199629\\\/\",\"url\":\"https:\\\/\\\/www.webdo.tn\\\/fr\\\/actualite\\\/culture\\\/tunisie-disqualifiee-de-course-aux-oscars\\\/199629\\\/\",\"name\":\"La Tunisie disqualifi\u00e9e de la course aux Oscars\",\"isPartOf\":{\"@id\":\"https:\\\/\\\/www.webdo.tn\\\/fr\\\/#website\"},\"primaryImageOfPage\":{\"@id\":\"https:\\\/\\\/www.webdo.tn\\\/fr\\\/actualite\\\/culture\\\/tunisie-disqualifiee-de-course-aux-oscars\\\/199629\\\/#primaryimage\"},\"image\":{\"@id\":\"https:\\\/\\\/www.webdo.tn\\\/fr\\\/actualite\\\/culture\\\/tunisie-disqualifiee-de-course-aux-oscars\\\/199629\\\/#primaryimage\"},\"thumbnailUrl\":\"https:\\\/\\\/www.webdo.tn\\\/fr\\\/wp-content\\\/uploads\\\/2016\\\/10\\\/live-oscars-2016-300x197-1.jpg\",\"datePublished\":\"2016-10-12T12:02:00+00:00\",\"description\":\"La Tunisie disqualifi\u00e9e de la course aux Oscars\",\"breadcrumb\":{\"@id\":\"https:\\\/\\\/www.webdo.tn\\\/fr\\\/actualite\\\/culture\\\/tunisie-disqualifiee-de-course-aux-oscars\\\/199629\\\/#breadcrumb\"},\"inLanguage\":\"fr-FR\",\"potentialAction\":[{\"@type\":\"ReadAction\",\"target\":[\"https:\\\/\\\/www.webdo.tn\\\/fr\\\/actualite\\\/culture\\\/tunisie-disqualifiee-de-course-aux-oscars\\\/199629\\\/\"]}]},{\"@type\":\"ImageObject\",\"inLanguage\":\"fr-FR\",\"@id\":\"https:\\\/\\\/www.webdo.tn\\\/fr\\\/actualite\\\/culture\\\/tunisie-disqualifiee-de-course-aux-oscars\\\/199629\\\/#primaryimage\",\"url\":\"https:\\\/\\\/www.webdo.tn\\\/fr\\\/wp-content\\\/uploads\\\/2016\\\/10\\\/live-oscars-2016-300x197-1.jpg\",\"contentUrl\":\"https:\\\/\\\/www.webdo.tn\\\/fr\\\/wp-content\\\/uploads\\\/2016\\\/10\\\/live-oscars-2016-300x197-1.jpg\",\"width\":300,\"height\":197,\"caption\":\"La Tunisie disqualifi\u00e9e de la course aux Oscars\"},{\"@type\":\"BreadcrumbList\",\"@id\":\"https:\\\/\\\/www.webdo.tn\\\/fr\\\/actualite\\\/culture\\\/tunisie-disqualifiee-de-course-aux-oscars\\\/199629\\\/#breadcrumb\",\"itemListElement\":[{\"@type\":\"ListItem\",\"position\":1,\"name\":\"Accueil\",\"item\":\"https:\\\/\\\/www.webdo.tn\\\/fr\\\/\"},{\"@type\":\"ListItem\",\"position\":2,\"name\":\"La Tunisie disqualifi\u00e9e de la course aux Oscars\"}]},{\"@type\":\"WebSite\",\"@id\":\"https:\\\/\\\/www.webdo.tn\\\/fr\\\/#website\",\"url\":\"https:\\\/\\\/www.webdo.tn\\\/fr\\\/\",\"name\":\"webdo\",\"description\":\"Tunisie - News en Tunisie et \u00e0 l&#039;international sur Webdo.tn\",\"publisher\":{\"@id\":\"https:\\\/\\\/www.webdo.tn\\\/fr\\\/#organization\"},\"potentialAction\":[{\"@type\":\"SearchAction\",\"target\":{\"@type\":\"EntryPoint\",\"urlTemplate\":\"https:\\\/\\\/www.webdo.tn\\\/fr\\\/?s={search_term_string}\"},\"query-input\":{\"@type\":\"PropertyValueSpecification\",\"valueRequired\":true,\"valueName\":\"search_term_string\"}}],\"inLanguage\":\"fr-FR\"},{\"@type\":\"Organization\",\"@id\":\"https:\\\/\\\/www.webdo.tn\\\/fr\\\/#organization\",\"name\":\"Webdo\",\"alternateName\":\"Webdo.tn\",\"url\":\"https:\\\/\\\/www.webdo.tn\\\/fr\\\/\",\"logo\":{\"@type\":\"ImageObject\",\"inLanguage\":\"fr-FR\",\"@id\":\"https:\\\/\\\/www.webdo.tn\\\/fr\\\/#\\\/schema\\\/logo\\\/image\\\/\",\"url\":\"https:\\\/\\\/www.webdo.tn\\\/fr\\\/wp-content\\\/uploads\\\/2025\\\/06\\\/Webdo-Tunisie_168377.jpg\",\"contentUrl\":\"https:\\\/\\\/www.webdo.tn\\\/fr\\\/wp-content\\\/uploads\\\/2025\\\/06\\\/Webdo-Tunisie_168377.jpg\",\"width\":301,\"height\":301,\"caption\":\"Webdo\"},\"image\":{\"@id\":\"https:\\\/\\\/www.webdo.tn\\\/fr\\\/#\\\/schema\\\/logo\\\/image\\\/\"},\"sameAs\":[\"https:\\\/\\\/www.facebook.com\\\/webdotn\",\"https:\\\/\\\/x.com\\\/webdo_tn\"],\"description\":\"Webdo est un m\u00e9dia num\u00e9rique tunisien fond\u00e9 en 2010, sp\u00e9cialis\u00e9 dans l\u2019actualit\u00e9 nationale et internationale, l\u2019\u00e9conomie, la soci\u00e9t\u00e9 et les analyses politiques. Le site s\u2019adresse \u00e0 un large public francophone et couvre l\u2019information tunisienne en temps r\u00e9el.\",\"email\":\"redac@webdo.tn\",\"legalName\":\"YNJ SARL\",\"foundingDate\":\"2010-09-06\",\"numberOfEmployees\":{\"@type\":\"QuantitativeValue\",\"minValue\":\"11\",\"maxValue\":\"50\"}},{\"@type\":\"Person\",\"@id\":\"https:\\\/\\\/www.webdo.tn\\\/fr\\\/#\\\/schema\\\/person\\\/60d5ba619ed3f58783b0dc82b7dada80\",\"name\":\"Ne\u00efla DRISS\",\"image\":{\"@type\":\"ImageObject\",\"inLanguage\":\"fr-FR\",\"@id\":\"https:\\\/\\\/www.webdo.tn\\\/fr\\\/wp-content\\\/uploads\\\/2026\\\/04\\\/neila-driss_avatar-96x96.jpg\",\"url\":\"https:\\\/\\\/www.webdo.tn\\\/fr\\\/wp-content\\\/uploads\\\/2026\\\/04\\\/neila-driss_avatar-96x96.jpg\",\"contentUrl\":\"https:\\\/\\\/www.webdo.tn\\\/fr\\\/wp-content\\\/uploads\\\/2026\\\/04\\\/neila-driss_avatar-96x96.jpg\",\"caption\":\"Ne\u00efla DRISS\"},\"description\":\"Ne\u00efla Driss est juriste, journaliste culturelle et critique de cin\u00e9ma tunisienne. Titulaire d\u2019un DEA en droit priv\u00e9 de l\u2019Universit\u00e9 Paris II et d\u2019un DESS de l\u2019IHEC Carthage, elle d\u00e9bute sa carri\u00e8re comme juriste sp\u00e9cialis\u00e9e en gestion de patrimoine immobilier. Elle s\u2019oriente ensuite vers l\u2019\u00e9criture en ligne, o\u00f9 elle se distingue d\u00e8s 2006 aux Tunisia Blog Awards, avant de se consacrer au journalisme culturel, avec une sp\u00e9cialisation dans la critique cin\u00e9matographique. Elle couvre r\u00e9guli\u00e8rement les grands festivals internationaux, notamment le Festival de Cannes, les Journ\u00e9es Cin\u00e9matographiques de Carthage et le Festival du film du Caire. Membre de l\u2019ATPCC et de la FIPRESCI, elle participe \u00e0 des jurys et initiatives internationales de critique. Depuis 2024, elle est \u00e9lectrice internationale aux Golden Globes. Facebook : https:\\\/\\\/www.facebook.com\\\/massir.destiniii\\\/ X : https:\\\/\\\/x.com\\\/MassirDestin\",\"sameAs\":[\"https:\\\/\\\/www.facebook.com\\\/massir.destiniii\\\/\",\"https:\\\/\\\/www.instagram.com\\\/neila.driss\\\/?hl=fr\",\"https:\\\/\\\/www.linkedin.com\\\/in\\\/neila-driss-22606a80\\\/\",\"https:\\\/\\\/x.com\\\/https:\\\/\\\/x.com\\\/MassirDestin\"],\"knowsAbout\":[\"Cin\u00e9ma international\",\"critique cin\u00e9matographique\",\"festivals de cin\u00e9ma\",\"journalisme culturel\"],\"knowsLanguage\":[\"Fran\u00e7ais\",\"Arabe\",\"Anglais\"],\"jobTitle\":\"Journaliste culturelle et critique de cin\u00e9ma\",\"worksFor\":\"Webdo\",\"url\":\"https:\\\/\\\/www.webdo.tn\\\/fr\\\/actualite\\\/author\\\/neila-driss\\\/\"}]}<\/script>\n<!-- \/ Yoast SEO Premium plugin. -->","yoast_head_json":{"title":"La Tunisie disqualifi\u00e9e de la course aux Oscars","description":"La Tunisie disqualifi\u00e9e de la course aux Oscars","canonical":"https:\/\/www.webdo.tn\/fr\/actualite\/culture\/tunisie-disqualifiee-de-course-aux-oscars\/199629\/","og_locale":"fr_FR","og_type":"article","og_title":"La Tunisie disqualifi\u00e9e de la course aux Oscars","og_description":"La Tunisie disqualifi\u00e9e de la course aux Oscars","og_url":"https:\/\/www.webdo.tn\/fr\/actualite\/culture\/tunisie-disqualifiee-de-course-aux-oscars\/199629\/","og_site_name":"webdo","article_publisher":"https:\/\/www.facebook.com\/webdotn","article_author":"https:\/\/www.facebook.com\/massir.destiniii\/","article_published_time":"2016-10-12T12:02:00+00:00","og_image":[{"width":300,"height":197,"url":"https:\/\/www.webdo.tn\/fr\/wp-content\/uploads\/2016\/10\/live-oscars-2016-300x197-1.jpg","type":"image\/jpeg"}],"author":"Ne\u00efla DRISS","twitter_card":"summary_large_image","twitter_creator":"@https:\/\/x.com\/MassirDestin","twitter_site":"@webdo_tn","twitter_misc":{"\u00c9crit par":"Ne\u00efla DRISS","Dur\u00e9e de lecture estim\u00e9e":"5 minutes"},"schema":{"@context":"https:\/\/schema.org","@graph":[{"@type":"NewsArticle","@id":"https:\/\/www.webdo.tn\/fr\/actualite\/culture\/tunisie-disqualifiee-de-course-aux-oscars\/199629\/#article","isPartOf":{"@id":"https:\/\/www.webdo.tn\/fr\/actualite\/culture\/tunisie-disqualifiee-de-course-aux-oscars\/199629\/"},"author":{"name":"Ne\u00efla DRISS","@id":"https:\/\/www.webdo.tn\/fr\/#\/schema\/person\/60d5ba619ed3f58783b0dc82b7dada80"},"headline":"La Tunisie disqualifi\u00e9e de la course aux Oscars","datePublished":"2016-10-12T12:02:00+00:00","mainEntityOfPage":{"@id":"https:\/\/www.webdo.tn\/fr\/actualite\/culture\/tunisie-disqualifiee-de-course-aux-oscars\/199629\/"},"wordCount":959,"commentCount":0,"publisher":{"@id":"https:\/\/www.webdo.tn\/fr\/#organization"},"image":{"@id":"https:\/\/www.webdo.tn\/fr\/actualite\/culture\/tunisie-disqualifiee-de-course-aux-oscars\/199629\/#primaryimage"},"thumbnailUrl":"https:\/\/www.webdo.tn\/fr\/wp-content\/uploads\/2016\/10\/live-oscars-2016-300x197-1.jpg","keywords":["guerre"],"articleSection":["Culture"],"inLanguage":"fr-FR"},{"@type":"WebPage","@id":"https:\/\/www.webdo.tn\/fr\/actualite\/culture\/tunisie-disqualifiee-de-course-aux-oscars\/199629\/","url":"https:\/\/www.webdo.tn\/fr\/actualite\/culture\/tunisie-disqualifiee-de-course-aux-oscars\/199629\/","name":"La Tunisie disqualifi\u00e9e de la course aux Oscars","isPartOf":{"@id":"https:\/\/www.webdo.tn\/fr\/#website"},"primaryImageOfPage":{"@id":"https:\/\/www.webdo.tn\/fr\/actualite\/culture\/tunisie-disqualifiee-de-course-aux-oscars\/199629\/#primaryimage"},"image":{"@id":"https:\/\/www.webdo.tn\/fr\/actualite\/culture\/tunisie-disqualifiee-de-course-aux-oscars\/199629\/#primaryimage"},"thumbnailUrl":"https:\/\/www.webdo.tn\/fr\/wp-content\/uploads\/2016\/10\/live-oscars-2016-300x197-1.jpg","datePublished":"2016-10-12T12:02:00+00:00","description":"La Tunisie disqualifi\u00e9e de la course aux Oscars","breadcrumb":{"@id":"https:\/\/www.webdo.tn\/fr\/actualite\/culture\/tunisie-disqualifiee-de-course-aux-oscars\/199629\/#breadcrumb"},"inLanguage":"fr-FR","potentialAction":[{"@type":"ReadAction","target":["https:\/\/www.webdo.tn\/fr\/actualite\/culture\/tunisie-disqualifiee-de-course-aux-oscars\/199629\/"]}]},{"@type":"ImageObject","inLanguage":"fr-FR","@id":"https:\/\/www.webdo.tn\/fr\/actualite\/culture\/tunisie-disqualifiee-de-course-aux-oscars\/199629\/#primaryimage","url":"https:\/\/www.webdo.tn\/fr\/wp-content\/uploads\/2016\/10\/live-oscars-2016-300x197-1.jpg","contentUrl":"https:\/\/www.webdo.tn\/fr\/wp-content\/uploads\/2016\/10\/live-oscars-2016-300x197-1.jpg","width":300,"height":197,"caption":"La Tunisie disqualifi\u00e9e de la course aux Oscars"},{"@type":"BreadcrumbList","@id":"https:\/\/www.webdo.tn\/fr\/actualite\/culture\/tunisie-disqualifiee-de-course-aux-oscars\/199629\/#breadcrumb","itemListElement":[{"@type":"ListItem","position":1,"name":"Accueil","item":"https:\/\/www.webdo.tn\/fr\/"},{"@type":"ListItem","position":2,"name":"La Tunisie disqualifi\u00e9e de la course aux Oscars"}]},{"@type":"WebSite","@id":"https:\/\/www.webdo.tn\/fr\/#website","url":"https:\/\/www.webdo.tn\/fr\/","name":"webdo","description":"Tunisie - News en Tunisie et \u00e0 l&#039;international sur Webdo.tn","publisher":{"@id":"https:\/\/www.webdo.tn\/fr\/#organization"},"potentialAction":[{"@type":"SearchAction","target":{"@type":"EntryPoint","urlTemplate":"https:\/\/www.webdo.tn\/fr\/?s={search_term_string}"},"query-input":{"@type":"PropertyValueSpecification","valueRequired":true,"valueName":"search_term_string"}}],"inLanguage":"fr-FR"},{"@type":"Organization","@id":"https:\/\/www.webdo.tn\/fr\/#organization","name":"Webdo","alternateName":"Webdo.tn","url":"https:\/\/www.webdo.tn\/fr\/","logo":{"@type":"ImageObject","inLanguage":"fr-FR","@id":"https:\/\/www.webdo.tn\/fr\/#\/schema\/logo\/image\/","url":"https:\/\/www.webdo.tn\/fr\/wp-content\/uploads\/2025\/06\/Webdo-Tunisie_168377.jpg","contentUrl":"https:\/\/www.webdo.tn\/fr\/wp-content\/uploads\/2025\/06\/Webdo-Tunisie_168377.jpg","width":301,"height":301,"caption":"Webdo"},"image":{"@id":"https:\/\/www.webdo.tn\/fr\/#\/schema\/logo\/image\/"},"sameAs":["https:\/\/www.facebook.com\/webdotn","https:\/\/x.com\/webdo_tn"],"description":"Webdo est un m\u00e9dia num\u00e9rique tunisien fond\u00e9 en 2010, sp\u00e9cialis\u00e9 dans l\u2019actualit\u00e9 nationale et internationale, l\u2019\u00e9conomie, la soci\u00e9t\u00e9 et les analyses politiques. Le site s\u2019adresse \u00e0 un large public francophone et couvre l\u2019information tunisienne en temps r\u00e9el.","email":"redac@webdo.tn","legalName":"YNJ SARL","foundingDate":"2010-09-06","numberOfEmployees":{"@type":"QuantitativeValue","minValue":"11","maxValue":"50"}},{"@type":"Person","@id":"https:\/\/www.webdo.tn\/fr\/#\/schema\/person\/60d5ba619ed3f58783b0dc82b7dada80","name":"Ne\u00efla DRISS","image":{"@type":"ImageObject","inLanguage":"fr-FR","@id":"https:\/\/www.webdo.tn\/fr\/wp-content\/uploads\/2026\/04\/neila-driss_avatar-96x96.jpg","url":"https:\/\/www.webdo.tn\/fr\/wp-content\/uploads\/2026\/04\/neila-driss_avatar-96x96.jpg","contentUrl":"https:\/\/www.webdo.tn\/fr\/wp-content\/uploads\/2026\/04\/neila-driss_avatar-96x96.jpg","caption":"Ne\u00efla DRISS"},"description":"Ne\u00efla Driss est juriste, journaliste culturelle et critique de cin\u00e9ma tunisienne. Titulaire d\u2019un DEA en droit priv\u00e9 de l\u2019Universit\u00e9 Paris II et d\u2019un DESS de l\u2019IHEC Carthage, elle d\u00e9bute sa carri\u00e8re comme juriste sp\u00e9cialis\u00e9e en gestion de patrimoine immobilier. Elle s\u2019oriente ensuite vers l\u2019\u00e9criture en ligne, o\u00f9 elle se distingue d\u00e8s 2006 aux Tunisia Blog Awards, avant de se consacrer au journalisme culturel, avec une sp\u00e9cialisation dans la critique cin\u00e9matographique. Elle couvre r\u00e9guli\u00e8rement les grands festivals internationaux, notamment le Festival de Cannes, les Journ\u00e9es Cin\u00e9matographiques de Carthage et le Festival du film du Caire. Membre de l\u2019ATPCC et de la FIPRESCI, elle participe \u00e0 des jurys et initiatives internationales de critique. Depuis 2024, elle est \u00e9lectrice internationale aux Golden Globes. Facebook : https:\/\/www.facebook.com\/massir.destiniii\/ X : https:\/\/x.com\/MassirDestin","sameAs":["https:\/\/www.facebook.com\/massir.destiniii\/","https:\/\/www.instagram.com\/neila.driss\/?hl=fr","https:\/\/www.linkedin.com\/in\/neila-driss-22606a80\/","https:\/\/x.com\/https:\/\/x.com\/MassirDestin"],"knowsAbout":["Cin\u00e9ma international","critique cin\u00e9matographique","festivals de cin\u00e9ma","journalisme culturel"],"knowsLanguage":["Fran\u00e7ais","Arabe","Anglais"],"jobTitle":"Journaliste culturelle et critique de cin\u00e9ma","worksFor":"Webdo","url":"https:\/\/www.webdo.tn\/fr\/actualite\/author\/neila-driss\/"}]}},"_links":{"self":[{"href":"https:\/\/www.webdo.tn\/fr\/wp-json\/wp\/v2\/posts\/199629","targetHints":{"allow":["GET"]}}],"collection":[{"href":"https:\/\/www.webdo.tn\/fr\/wp-json\/wp\/v2\/posts"}],"about":[{"href":"https:\/\/www.webdo.tn\/fr\/wp-json\/wp\/v2\/types\/post"}],"author":[{"embeddable":true,"href":"https:\/\/www.webdo.tn\/fr\/wp-json\/wp\/v2\/users\/3164"}],"replies":[{"embeddable":true,"href":"https:\/\/www.webdo.tn\/fr\/wp-json\/wp\/v2\/comments?post=199629"}],"version-history":[{"count":0,"href":"https:\/\/www.webdo.tn\/fr\/wp-json\/wp\/v2\/posts\/199629\/revisions"}],"wp:featuredmedia":[{"embeddable":true,"href":"https:\/\/www.webdo.tn\/fr\/wp-json\/wp\/v2\/media\/338082"}],"wp:attachment":[{"href":"https:\/\/www.webdo.tn\/fr\/wp-json\/wp\/v2\/media?parent=199629"}],"wp:term":[{"taxonomy":"category","embeddable":true,"href":"https:\/\/www.webdo.tn\/fr\/wp-json\/wp\/v2\/categories?post=199629"},{"taxonomy":"post_tag","embeddable":true,"href":"https:\/\/www.webdo.tn\/fr\/wp-json\/wp\/v2\/tags?post=199629"}],"curies":[{"name":"wp","href":"https:\/\/api.w.org\/{rel}","templated":true}]}}