{"id":199627,"date":"2016-09-19T16:05:00","date_gmt":"2016-09-19T16:05:00","guid":{"rendered":"https:\/\/www.webdo.tn\/fr\/blog\/lecole\/199627\/"},"modified":"2016-09-19T16:05:00","modified_gmt":"2016-09-19T16:05:00","slug":"lecole","status":"publish","type":"post","link":"https:\/\/www.webdo.tn\/fr\/actualite\/divers\/lecole\/199627\/","title":{"rendered":"Que les filles retournent \u00e0 la maison, \u00e0 quoi leur servira l\u2019\u00e9cole ?"},"content":{"rendered":"<div class=\"single-body entry-content typography-copy\" itemprop=\"articleBody\">\n<p style=\"font-weight: bold; text-align: justify\">\n<div class=\"coprs\" style=\"text-align: center\"><\/div>\n<div class=\"coprs\" style=\"text-align: justify\">\n<p>La constitution tunisienne de 2014 stipule dans son article 21: \u00abLes citoyens et les citoyennes sont \u00e9gaux en droits et devoirs. Ils sont \u00e9gaux devant la loi sans discrimination aucune.<\/p>\n<p>L\u2019\u00c9tat garantit aux citoyens et aux citoyennes les droits et les libert\u00e9s individuels et collectifs. Il leur assure les conditions d\u2019une vie d\u00e9cente\u00bb.<\/p>\n<p>Il a fallu aux Tunisiens qui avaient refus\u00e9 toutes discriminations entre les citoyens, presque quatre ans de batailles, de manifestations, de cris, de luttes pour qu\u2019enfin ce principe d\u2019\u00e9galit\u00e9 des citoyens et citoyennes soit inscrit dans la nouvelle constitution.<\/p>\n<p>Pourtant, force est de constater que malgr\u00e9 le vote de cette constitution, il persiste en r\u00e9alit\u00e9 dans notre vie quotidienne des in\u00e9galit\u00e9s et injustices qui tendent \u00e0 s\u2019aggraver. La s\u00e9paration des \u00e9l\u00e8ves en fonction de leur sexe et l\u2019exigence du port d\u2019un tablier ou d\u2019un uniforme dans les \u00e9coles ou lyc\u00e9es par les filles seulement en sont une illustration.<\/p>\n<p>Autrefois on exigeait dans les \u00e9coles et lyc\u00e9es tunisiens le port du tablier par tous les \u00e9l\u00e8ves. A l\u2019\u00e9poque le tablier rattachait l\u2019\u00e9l\u00e8ve \u00e0 un espace \u00e9ducatif, gardait les v\u00eatements propres, et surtout permettait de gommer les diff\u00e9rences de classes sociales entre les \u00e9l\u00e8ves et les mettaient tous sur le m\u00eame pied d\u2019\u00e9galit\u00e9.<\/p>\n<p>Ensuite, au fil du temps, cette exigence du tablier a concern\u00e9 de plus en plus les filles uniquement. La question qui se pose et s\u2019impose est : pourquoi les filles? Pourquoi cette injustice?<\/p>\n<p>Pourquoi un tablier pour les filles et pas pour les gar\u00e7ons?<\/p>\n<p>Cette in\u00e9galit\u00e9 n\u2019\u00e9tant pas suffisante, certains lyc\u00e9es, \u00e0 l\u2019instar du lyc\u00e9e d\u2019Ennasr, ont jug\u00e9 bon de l\u2019accentuer en exigeant des filles qu\u2019elle portent un uniforme et qu\u2019elles ne soient ni attirantes ni coquettes. (Article 10 du r\u00e8glement interne de ce lyc\u00e9e).<\/p>\n<p>Pourquoi donc?<\/p>\n<p>Pourquoi seules les filles n\u2019ont pas le droit d\u2019\u00eatre coquettes? De quoi a-t-on peur? Qu\u2019elles attirent les m\u00e2les?<\/p>\n<p>Pourquoi ne demande-t-on pas la m\u00eame chose aux gar\u00e7ons? Ne peuvent-ils pas aussi \u00eatre coquets, avoir une jolie coiffure, une jolie tenue, \u00eatre attirants? Alors pourquoi?<\/p>\n<p>Est-ce que cela signifie qu\u2019une fille est per\u00e7ue comme un objet de d\u00e9sir \u00e0 cacher? N\u2019est-elle pas une personne? Donc d\u00e8s l\u2019enfance et l\u2019adolescence, on veut inculquer \u00e0 ces jeunes qu\u2019une femme est une \u00ab3awra\u00bb d\u00e9sirable \u00e0 cacher et qu\u2019un jeune gar\u00e7on est un \u00eatre qui ne peut contr\u00f4ler ses pulsions? Ne serait-ce pas une atteinte \u00e0 leurs droits d\u2019enfants?<\/p>\n<p>En r\u00e9alit\u00e9, on encourage un regard p\u00e9dophile sur la fillette et l&rsquo;adolescente et malheureusement cela devient de plus en plus courant en Tunisie. Il suffit de se rappeler la r\u00e9action du d\u00e9l\u00e9gu\u00e9 \u00e0 la protection de l\u2019enfance de Gafsa dans l\u2019affaire de la jeune adolescente de 12 ans qui a \u00e9t\u00e9 fianc\u00e9e derni\u00e8rement. Le r\u00f4le de l\u2019\u00e9cole est pourtant de lutter contre la propagation de la violation des droits des enfants et pas de la renforcer et la justifier.<\/p>\n<p>Ce r\u00e8glement interne est inconstitutionnel puisqu\u2019il touche les droits de l&rsquo;enfant, les droits de la femme, l\u2019\u00e9galit\u00e9 entre les citoyens et les citoyennes et les principes d\u2019\u00e9ducation d\u2019un \u00c9tat civil.<\/p>\n<p><a href=\"http:\/\/www.webdo.tn\/wp-content\/uploads\/2016\/09\/Uniforme-1.jpg\"><img decoding=\"async\" alt=\"Uniforme 1\" height=\"531\" src=\"http:\/\/www.webdo.tn\/wp-content\/uploads\/2016\/09\/Uniforme-1.jpg\" width=\"916\"><\/a><\/p>\n<p>Si les raisons du port d\u2019un tablier sont toujours l\u2019appartenance \u00e0 un \u00e9tablissement, la propret\u00e9 et la suppression des disparit\u00e9s sociales, cela doit concerner les \u00e9l\u00e8ves des deux sexes exactement de la m\u00eame mani\u00e8re. Les v\u00eatements des gar\u00e7ons aussi doivent rester propres et peuvent \u00eatre tr\u00e8s co\u00fbteux, et donc accentuer les in\u00e9galit\u00e9s sociales entre camarades.<\/p>\n<p>A titre d\u2019exemple, dans les pays qui adoptent ce syst\u00e8me d\u2019uniforme scolaire unique comme la Grande Bretagne, l\u2019Egypte ou l\u2019Inde, les \u00e9l\u00e8ves des deux sexes sont concern\u00e9s.<\/p>\n<p>Si ce tablier ou uniforme r\u00e9pond \u00e0 d\u2019autres crit\u00e8res ou d\u2019autres exigences, quels sont-ils? Et pour quelles raisons ces crit\u00e8res ne concerneraient que les filles et pas les gar\u00e7ons?<\/p>\n<p>En plus, pourquoi impose-t-on aux parents des filles une d\u00e9pense suppl\u00e9mentaire \u00e0 laquelle ne sont pas contraints les parents des gar\u00e7ons?<\/p>\n<p>Dans ce lyc\u00e9e d\u2019Ennasr par exemple, on r\u00e9clame 25 dinars par uniforme. Les parents des filles vont devoir d\u00e9bourser, en plus de toutes les d\u00e9penses de fournitures scolaires, cahiers, livres\u2026 25 dinars pour l\u2019achat d\u2019un tablier. Si des s\u0153urs fr\u00e9quentent ce m\u00eame \u00e9tablissement, cela fera 25 dinars par fille multipli\u00e9 par le nombre de s\u0153urs. Mais toujours rien pour les parents des gar\u00e7ons. Les parents de filles sont donc p\u00e9nalis\u00e9s par rapport aux parents de gar\u00e7ons. Pourquoi? Encore une in\u00e9galit\u00e9 entre citoyens parents et une injustice.<\/p>\n<p>Pour une v\u00e9ritable justice, et une \u00e9galit\u00e9 entre les citoyens, il faut soit imposer un uniforme \u00e0 tous les \u00e9l\u00e8ves soit n\u2019en imposer aucun et ce, quelque soit leur sexe!<\/p>\n<p><a href=\"http:\/\/www.webdo.tn\/wp-content\/uploads\/2016\/09\/Uniforme-3.jpg\"><img decoding=\"async\" alt=\"Uniforme 3\" height=\"394\" src=\"http:\/\/www.webdo.tn\/wp-content\/uploads\/2016\/09\/Uniforme-3-1024x576.jpg\" width=\"700\"><\/a><\/p>\n<p>Soumettre les seules filles \u00e0 l\u2019obligation du port d\u2019un tablier ou uniforme est donc inconstitutionnel. Ces dispositions du r\u00e8glement interne du lyc\u00e9e n\u2019ont pas respect\u00e9 le principe d\u2019\u00e9galit\u00e9 entre les citoyens, ni en ce qui concerne le sexe, ni en ce qui concerne l\u2019imposition des frais relatifs au tablier \u00e0 une seule cat\u00e9gorie de parents.<\/p>\n<p>Par ailleurs, l\u2019article 46 de la constitution stipule: \u00abL\u2019Etat s\u2019engage \u00e0 prot\u00e9ger les droits acquis de la femme et \u0153uvre \u00e0 les renforcer et \u00e0 les d\u00e9velopper. L\u2019Etat garantit l\u2019\u00e9galit\u00e9 des chances entre la femme et l\u2019homme quant \u00e0 l\u2019acc\u00e8s \u00e0 toutes les responsabilit\u00e9s et dans tous les domaines. L\u2019Etat \u0153uvre \u00e0 r\u00e9aliser la parit\u00e9 entre la femme et l\u2019homme dans les assembl\u00e9es \u00e9lues. L\u2019Etat prend les mesures n\u00e9cessaires en vue d\u2019\u00e9liminer la violence contre la femme.\u00bb<\/p>\n<p>En plus de cette s\u00e9gr\u00e9gation vestimentaire cit\u00e9e ci-dessus, on observe que certains \u00e9tablissements op\u00e8rent une autre s\u00e9gr\u00e9gation qui n\u2019existait plus depuis des dizaines d\u2019ann\u00e9es dans nos \u00e9coles et lyc\u00e9es : la s\u00e9paration physique des filles et gar\u00e7ons. De plus en plus, ces \u00e9l\u00e8ves ne sont plus m\u00e9lang\u00e9s dans les salles de classes, on les s\u00e9pare selon leur sexe, d\u2019un cot\u00e9 les uns, d\u2019un autre cot\u00e9 les autres.<\/p>\n<p>De part ces deux s\u00e9gr\u00e9gations physiques et vestimentaires, qu\u2019est-on donc en train d\u2019apprendre aux enfants? Tout simplement qu\u2019il y a une diff\u00e9rence entre eux, qu\u2019ils ne sont pas \u00e9gaux. On leur donne le mauvais exemple. On cultive la discrimination et le machisme d\u00e8s le plus jeune \u00e2ge. Au lieu de leur inculquer des valeurs nobles, on apprend aux gar\u00e7ons \u00e0 m\u00e9priser la femme et \u00e0 la consid\u00e9rer comme objet. Petit \u00e0 petit, on commence \u00e0 changer les mentalit\u00e9s.<\/p>\n<p>Il est effrayant de constater qu\u2019il y a un retour en arri\u00e8re. L\u2019enseignement mixte est un droit acquis depuis des dizaines d\u2019ann\u00e9es en Tunisie. De quel droit veut-on revenir \u00e0 la s\u00e9paration des sexes? De quel droit revenir sur ce droit acquis? L\u2019Etat s\u2019est engag\u00e9 dans la constitution \u00e0 prot\u00e9ger les droits acquis des femmes, comment peut-il tol\u00e9rer que dans les \u00e9coles publiques on revienne sur ce droit?<\/p>\n<p>Si on tol\u00e8re aujourd\u2019hui un retour sur un droit acquis, qu\u2019en sera-t-il demain? Des lyc\u00e9es pour gar\u00e7ons et des lyc\u00e9es pour filles? Et ensuite des \u00e9coles pour petites filles et des \u00e9coles pour petits gar\u00e7ons? Et ensuite? Des programmes scolaires pour les gar\u00e7ons et des programmes scolaires pour les filles? Et apr\u00e8s, on supprimera petit \u00e0 petit du programme des filles les mati\u00e8res qui ne servent \u00e0 rien \u00e0 leurs r\u00f4les d\u2019\u00e9pouse et de m\u00e8res et on les remplacera par des cours de cuisine, de couture et de broderie? Et plus tard, on gardera les filles \u00e0 la maison? Apr\u00e8s tout, pourquoi les \u00e9tudes, elles vont devenir \u00e9pouses compl\u00e9mentaire et mamans, elles n\u2019ont pas besoin de connaitre les maths, la litt\u00e9rature et les sciences\u2026<\/p>\n<p><img decoding=\"async\" alt=\"Uniforme 4\" height=\"632\" src=\"http:\/\/www.webdo.tn\/wp-content\/uploads\/2016\/09\/Uniforme-4.jpg\" width=\"443\"><\/p>\n<p>En r\u00e9sum\u00e9, il s\u2019agit l\u00e0 d\u2019une quadruple stigmatisation parfaitement inconstitutionnelle: une s\u00e9gr\u00e9gation des sexes, une in\u00e9galit\u00e9 par rapport aux gar\u00e7ons, un co\u00fbt suppl\u00e9mentaire pour les parents des filles et un retour sur un droit acquis ! L\u2019Etat cens\u00e9 respecter la constitution est le premier qui la viole.<\/p>\n<p>En plus de tout cela on formate les esprits et plus tard ces jeunes gar\u00e7ons, lorsqu\u2019ils deviendront des hommes adultes, se croiront toujours sup\u00e9rieurs aux femmes. Et le cycle continue !<\/p>\n<p>La question est de savoir combien d&rsquo;\u00e9tablissements agissent de cette mani\u00e8re? Est-ce un cas isol\u00e9 ou sont-ils nombreux dans ce cas?<\/p>\n<p>Que fait donc le Minist\u00e8re de l\u2019Education Nationale contre ces agissements? N\u2019y a-t-il pas un contr\u00f4le des r\u00e8glements int\u00e9rieurs de ces \u00e9tablissements? Que fait le Minist\u00e8re des Affaires de la femme? Est-il au courant de cette discrimination entre les deux sexes?<\/p>\n<p><strong>Neila Driss<\/strong><\/p>\n<\/p><\/div>\n<div class=\"coprs\" style=\"text-align: center\"><\/div><\/div>\n","protected":false},"excerpt":{"rendered":"<p>Que les filles retournent \u00e0 la maison, \u00e0 quoi leur servira l\u2019\u00e9cole ?<\/p>\n","protected":false},"author":3164,"featured_media":337960,"comment_status":"open","ping_status":"closed","sticky":false,"template":"","format":"standard","meta":{"footnotes":""},"categories":[2839],"tags":[11302,8695,6945],"class_list":["post-199627","post","type-post","status-publish","format-standard","has-post-thumbnail","hentry","category-divers","tag-egalite-de-genre","tag-droits-des-femmes","tag-societe"],"yoast_head":"<!-- This site is optimized with the Yoast SEO Premium plugin v27.5 (Yoast SEO v27.5) - https:\/\/yoast.com\/product\/yoast-seo-premium-wordpress\/ -->\n<title>Que les filles retournent \u00e0 la maison, \u00e0 quoi leur servira l\u2019\u00e9cole ?<\/title>\n<meta name=\"description\" content=\"Que les filles retournent \u00e0 la maison, \u00e0 quoi leur servira l\u2019\u00e9cole ?\" \/>\n<link rel=\"canonical\" href=\"https:\/\/www.webdo.tn\/fr\/actualite\/divers\/lecole\/199627\/\" \/>\n<meta property=\"og:locale\" content=\"fr_FR\" \/>\n<meta property=\"og:type\" content=\"article\" \/>\n<meta property=\"og:title\" content=\"Que les filles retournent \u00e0 la maison, \u00e0 quoi leur servira l\u2019\u00e9cole ?\" \/>\n<meta property=\"og:description\" content=\"Que les filles retournent \u00e0 la maison, \u00e0 quoi leur servira l\u2019\u00e9cole ?\" \/>\n<meta property=\"og:url\" content=\"https:\/\/www.webdo.tn\/fr\/actualite\/divers\/lecole\/199627\/\" \/>\n<meta property=\"og:site_name\" content=\"webdo\" \/>\n<meta property=\"article:publisher\" content=\"https:\/\/www.facebook.com\/webdotn\" \/>\n<meta property=\"article:author\" content=\"https:\/\/www.facebook.com\/massir.destiniii\/\" \/>\n<meta property=\"article:published_time\" content=\"2016-09-19T16:05:00+00:00\" \/>\n<meta property=\"og:image\" content=\"https:\/\/www.webdo.tn\/fr\/wp-content\/uploads\/2016\/09\/LycA\u00a9e-Tunisie-photo-babnet.jpg\" \/>\n\t<meta property=\"og:image:width\" content=\"296\" \/>\n\t<meta property=\"og:image:height\" content=\"200\" \/>\n\t<meta property=\"og:image:type\" content=\"image\/jpeg\" \/>\n<meta name=\"author\" content=\"Ne\u00efla DRISS\" \/>\n<meta name=\"twitter:card\" content=\"summary_large_image\" \/>\n<meta name=\"twitter:creator\" content=\"@https:\/\/x.com\/MassirDestin\" \/>\n<meta name=\"twitter:site\" content=\"@webdo_tn\" \/>\n<meta name=\"twitter:label1\" content=\"\u00c9crit par\" \/>\n\t<meta name=\"twitter:data1\" content=\"Ne\u00efla DRISS\" \/>\n\t<meta name=\"twitter:label2\" content=\"Dur\u00e9e de lecture estim\u00e9e\" \/>\n\t<meta name=\"twitter:data2\" content=\"8 minutes\" \/>\n<script type=\"application\/ld+json\" class=\"yoast-schema-graph\">{\"@context\":\"https:\\\/\\\/schema.org\",\"@graph\":[{\"@type\":\"NewsArticle\",\"@id\":\"https:\\\/\\\/www.webdo.tn\\\/fr\\\/actualite\\\/divers\\\/lecole\\\/199627\\\/#article\",\"isPartOf\":{\"@id\":\"https:\\\/\\\/www.webdo.tn\\\/fr\\\/actualite\\\/divers\\\/lecole\\\/199627\\\/\"},\"author\":{\"name\":\"Ne\u00efla DRISS\",\"@id\":\"https:\\\/\\\/www.webdo.tn\\\/fr\\\/#\\\/schema\\\/person\\\/60d5ba619ed3f58783b0dc82b7dada80\"},\"headline\":\"Que les filles retournent \u00e0 la maison, \u00e0 quoi leur servira l\u2019\u00e9cole ?\",\"datePublished\":\"2016-09-19T16:05:00+00:00\",\"mainEntityOfPage\":{\"@id\":\"https:\\\/\\\/www.webdo.tn\\\/fr\\\/actualite\\\/divers\\\/lecole\\\/199627\\\/\"},\"wordCount\":1560,\"commentCount\":0,\"publisher\":{\"@id\":\"https:\\\/\\\/www.webdo.tn\\\/fr\\\/#organization\"},\"image\":{\"@id\":\"https:\\\/\\\/www.webdo.tn\\\/fr\\\/actualite\\\/divers\\\/lecole\\\/199627\\\/#primaryimage\"},\"thumbnailUrl\":\"https:\\\/\\\/www.webdo.tn\\\/fr\\\/wp-content\\\/uploads\\\/2016\\\/09\\\/LycA\u00a9e-Tunisie-photo-babnet.jpg\",\"keywords\":[\"'Egalit\u00e9 de genre']\",\"Droits des femmes\",\"Soci\u00e9t\u00e9\"],\"articleSection\":[\"Divers\"],\"inLanguage\":\"fr-FR\"},{\"@type\":\"WebPage\",\"@id\":\"https:\\\/\\\/www.webdo.tn\\\/fr\\\/actualite\\\/divers\\\/lecole\\\/199627\\\/\",\"url\":\"https:\\\/\\\/www.webdo.tn\\\/fr\\\/actualite\\\/divers\\\/lecole\\\/199627\\\/\",\"name\":\"Que les filles retournent \u00e0 la maison, \u00e0 quoi leur servira l\u2019\u00e9cole ?\",\"isPartOf\":{\"@id\":\"https:\\\/\\\/www.webdo.tn\\\/fr\\\/#website\"},\"primaryImageOfPage\":{\"@id\":\"https:\\\/\\\/www.webdo.tn\\\/fr\\\/actualite\\\/divers\\\/lecole\\\/199627\\\/#primaryimage\"},\"image\":{\"@id\":\"https:\\\/\\\/www.webdo.tn\\\/fr\\\/actualite\\\/divers\\\/lecole\\\/199627\\\/#primaryimage\"},\"thumbnailUrl\":\"https:\\\/\\\/www.webdo.tn\\\/fr\\\/wp-content\\\/uploads\\\/2016\\\/09\\\/LycA\u00a9e-Tunisie-photo-babnet.jpg\",\"datePublished\":\"2016-09-19T16:05:00+00:00\",\"description\":\"Que les filles retournent \u00e0 la maison, \u00e0 quoi leur servira l\u2019\u00e9cole ?\",\"breadcrumb\":{\"@id\":\"https:\\\/\\\/www.webdo.tn\\\/fr\\\/actualite\\\/divers\\\/lecole\\\/199627\\\/#breadcrumb\"},\"inLanguage\":\"fr-FR\",\"potentialAction\":[{\"@type\":\"ReadAction\",\"target\":[\"https:\\\/\\\/www.webdo.tn\\\/fr\\\/actualite\\\/divers\\\/lecole\\\/199627\\\/\"]}]},{\"@type\":\"ImageObject\",\"inLanguage\":\"fr-FR\",\"@id\":\"https:\\\/\\\/www.webdo.tn\\\/fr\\\/actualite\\\/divers\\\/lecole\\\/199627\\\/#primaryimage\",\"url\":\"https:\\\/\\\/www.webdo.tn\\\/fr\\\/wp-content\\\/uploads\\\/2016\\\/09\\\/LycA\u00a9e-Tunisie-photo-babnet.jpg\",\"contentUrl\":\"https:\\\/\\\/www.webdo.tn\\\/fr\\\/wp-content\\\/uploads\\\/2016\\\/09\\\/LycA\u00a9e-Tunisie-photo-babnet.jpg\",\"width\":296,\"height\":200,\"caption\":\"Que les filles retournent \u00e0 la maison, \u00e0 quoi leur servira l\u2019\u00e9cole ?\"},{\"@type\":\"BreadcrumbList\",\"@id\":\"https:\\\/\\\/www.webdo.tn\\\/fr\\\/actualite\\\/divers\\\/lecole\\\/199627\\\/#breadcrumb\",\"itemListElement\":[{\"@type\":\"ListItem\",\"position\":1,\"name\":\"Accueil\",\"item\":\"https:\\\/\\\/www.webdo.tn\\\/fr\\\/\"},{\"@type\":\"ListItem\",\"position\":2,\"name\":\"Que les filles retournent \u00e0 la maison, \u00e0 quoi leur servira l\u2019\u00e9cole ?\"}]},{\"@type\":\"WebSite\",\"@id\":\"https:\\\/\\\/www.webdo.tn\\\/fr\\\/#website\",\"url\":\"https:\\\/\\\/www.webdo.tn\\\/fr\\\/\",\"name\":\"webdo\",\"description\":\"Tunisie - News en Tunisie et \u00e0 l&#039;international sur Webdo.tn\",\"publisher\":{\"@id\":\"https:\\\/\\\/www.webdo.tn\\\/fr\\\/#organization\"},\"potentialAction\":[{\"@type\":\"SearchAction\",\"target\":{\"@type\":\"EntryPoint\",\"urlTemplate\":\"https:\\\/\\\/www.webdo.tn\\\/fr\\\/?s={search_term_string}\"},\"query-input\":{\"@type\":\"PropertyValueSpecification\",\"valueRequired\":true,\"valueName\":\"search_term_string\"}}],\"inLanguage\":\"fr-FR\"},{\"@type\":\"Organization\",\"@id\":\"https:\\\/\\\/www.webdo.tn\\\/fr\\\/#organization\",\"name\":\"Webdo\",\"alternateName\":\"Webdo.tn\",\"url\":\"https:\\\/\\\/www.webdo.tn\\\/fr\\\/\",\"logo\":{\"@type\":\"ImageObject\",\"inLanguage\":\"fr-FR\",\"@id\":\"https:\\\/\\\/www.webdo.tn\\\/fr\\\/#\\\/schema\\\/logo\\\/image\\\/\",\"url\":\"https:\\\/\\\/www.webdo.tn\\\/fr\\\/wp-content\\\/uploads\\\/2025\\\/06\\\/Webdo-Tunisie_168377.jpg\",\"contentUrl\":\"https:\\\/\\\/www.webdo.tn\\\/fr\\\/wp-content\\\/uploads\\\/2025\\\/06\\\/Webdo-Tunisie_168377.jpg\",\"width\":301,\"height\":301,\"caption\":\"Webdo\"},\"image\":{\"@id\":\"https:\\\/\\\/www.webdo.tn\\\/fr\\\/#\\\/schema\\\/logo\\\/image\\\/\"},\"sameAs\":[\"https:\\\/\\\/www.facebook.com\\\/webdotn\",\"https:\\\/\\\/x.com\\\/webdo_tn\"],\"description\":\"Webdo est un m\u00e9dia num\u00e9rique tunisien fond\u00e9 en 2010, sp\u00e9cialis\u00e9 dans l\u2019actualit\u00e9 nationale et internationale, l\u2019\u00e9conomie, la soci\u00e9t\u00e9 et les analyses politiques. Le site s\u2019adresse \u00e0 un large public francophone et couvre l\u2019information tunisienne en temps r\u00e9el.\",\"email\":\"redac@webdo.tn\",\"legalName\":\"YNJ SARL\",\"foundingDate\":\"2010-09-06\",\"numberOfEmployees\":{\"@type\":\"QuantitativeValue\",\"minValue\":\"11\",\"maxValue\":\"50\"}},{\"@type\":\"Person\",\"@id\":\"https:\\\/\\\/www.webdo.tn\\\/fr\\\/#\\\/schema\\\/person\\\/60d5ba619ed3f58783b0dc82b7dada80\",\"name\":\"Ne\u00efla DRISS\",\"image\":{\"@type\":\"ImageObject\",\"inLanguage\":\"fr-FR\",\"@id\":\"https:\\\/\\\/www.webdo.tn\\\/fr\\\/wp-content\\\/uploads\\\/2026\\\/04\\\/neila-driss_avatar-96x96.jpg\",\"url\":\"https:\\\/\\\/www.webdo.tn\\\/fr\\\/wp-content\\\/uploads\\\/2026\\\/04\\\/neila-driss_avatar-96x96.jpg\",\"contentUrl\":\"https:\\\/\\\/www.webdo.tn\\\/fr\\\/wp-content\\\/uploads\\\/2026\\\/04\\\/neila-driss_avatar-96x96.jpg\",\"caption\":\"Ne\u00efla DRISS\"},\"description\":\"Ne\u00efla Driss est juriste, journaliste culturelle et critique de cin\u00e9ma tunisienne. Titulaire d\u2019un DEA en droit priv\u00e9 de l\u2019Universit\u00e9 Paris II et d\u2019un DESS de l\u2019IHEC Carthage, elle d\u00e9bute sa carri\u00e8re comme juriste sp\u00e9cialis\u00e9e en gestion de patrimoine immobilier. Elle s\u2019oriente ensuite vers l\u2019\u00e9criture en ligne, o\u00f9 elle se distingue d\u00e8s 2006 aux Tunisia Blog Awards, avant de se consacrer au journalisme culturel, avec une sp\u00e9cialisation dans la critique cin\u00e9matographique. Elle couvre r\u00e9guli\u00e8rement les grands festivals internationaux, notamment le Festival de Cannes, les Journ\u00e9es Cin\u00e9matographiques de Carthage et le Festival du film du Caire. Membre de l\u2019ATPCC et de la FIPRESCI, elle participe \u00e0 des jurys et initiatives internationales de critique. Depuis 2024, elle est \u00e9lectrice internationale aux Golden Globes. Facebook : https:\\\/\\\/www.facebook.com\\\/massir.destiniii\\\/ X : https:\\\/\\\/x.com\\\/MassirDestin\",\"sameAs\":[\"https:\\\/\\\/www.facebook.com\\\/massir.destiniii\\\/\",\"https:\\\/\\\/www.instagram.com\\\/neila.driss\\\/?hl=fr\",\"https:\\\/\\\/www.linkedin.com\\\/in\\\/neila-driss-22606a80\\\/\",\"https:\\\/\\\/x.com\\\/https:\\\/\\\/x.com\\\/MassirDestin\"],\"knowsAbout\":[\"Cin\u00e9ma international\",\"critique cin\u00e9matographique\",\"festivals de cin\u00e9ma\",\"journalisme culturel\"],\"knowsLanguage\":[\"Fran\u00e7ais\",\"Arabe\",\"Anglais\"],\"jobTitle\":\"Journaliste culturelle et critique de cin\u00e9ma\",\"worksFor\":\"Webdo\",\"url\":\"https:\\\/\\\/www.webdo.tn\\\/fr\\\/actualite\\\/author\\\/neila-driss\\\/\"}]}<\/script>\n<!-- \/ Yoast SEO Premium plugin. -->","yoast_head_json":{"title":"Que les filles retournent \u00e0 la maison, \u00e0 quoi leur servira l\u2019\u00e9cole ?","description":"Que les filles retournent \u00e0 la maison, \u00e0 quoi leur servira l\u2019\u00e9cole ?","canonical":"https:\/\/www.webdo.tn\/fr\/actualite\/divers\/lecole\/199627\/","og_locale":"fr_FR","og_type":"article","og_title":"Que les filles retournent \u00e0 la maison, \u00e0 quoi leur servira l\u2019\u00e9cole ?","og_description":"Que les filles retournent \u00e0 la maison, \u00e0 quoi leur servira l\u2019\u00e9cole ?","og_url":"https:\/\/www.webdo.tn\/fr\/actualite\/divers\/lecole\/199627\/","og_site_name":"webdo","article_publisher":"https:\/\/www.facebook.com\/webdotn","article_author":"https:\/\/www.facebook.com\/massir.destiniii\/","article_published_time":"2016-09-19T16:05:00+00:00","og_image":[{"width":296,"height":200,"url":"https:\/\/www.webdo.tn\/fr\/wp-content\/uploads\/2016\/09\/LycA\u00a9e-Tunisie-photo-babnet.jpg","type":"image\/jpeg"}],"author":"Ne\u00efla DRISS","twitter_card":"summary_large_image","twitter_creator":"@https:\/\/x.com\/MassirDestin","twitter_site":"@webdo_tn","twitter_misc":{"\u00c9crit par":"Ne\u00efla DRISS","Dur\u00e9e de lecture estim\u00e9e":"8 minutes"},"schema":{"@context":"https:\/\/schema.org","@graph":[{"@type":"NewsArticle","@id":"https:\/\/www.webdo.tn\/fr\/actualite\/divers\/lecole\/199627\/#article","isPartOf":{"@id":"https:\/\/www.webdo.tn\/fr\/actualite\/divers\/lecole\/199627\/"},"author":{"name":"Ne\u00efla DRISS","@id":"https:\/\/www.webdo.tn\/fr\/#\/schema\/person\/60d5ba619ed3f58783b0dc82b7dada80"},"headline":"Que les filles retournent \u00e0 la maison, \u00e0 quoi leur servira l\u2019\u00e9cole ?","datePublished":"2016-09-19T16:05:00+00:00","mainEntityOfPage":{"@id":"https:\/\/www.webdo.tn\/fr\/actualite\/divers\/lecole\/199627\/"},"wordCount":1560,"commentCount":0,"publisher":{"@id":"https:\/\/www.webdo.tn\/fr\/#organization"},"image":{"@id":"https:\/\/www.webdo.tn\/fr\/actualite\/divers\/lecole\/199627\/#primaryimage"},"thumbnailUrl":"https:\/\/www.webdo.tn\/fr\/wp-content\/uploads\/2016\/09\/LycA\u00a9e-Tunisie-photo-babnet.jpg","keywords":["'Egalit\u00e9 de genre']","Droits des femmes","Soci\u00e9t\u00e9"],"articleSection":["Divers"],"inLanguage":"fr-FR"},{"@type":"WebPage","@id":"https:\/\/www.webdo.tn\/fr\/actualite\/divers\/lecole\/199627\/","url":"https:\/\/www.webdo.tn\/fr\/actualite\/divers\/lecole\/199627\/","name":"Que les filles retournent \u00e0 la maison, \u00e0 quoi leur servira l\u2019\u00e9cole ?","isPartOf":{"@id":"https:\/\/www.webdo.tn\/fr\/#website"},"primaryImageOfPage":{"@id":"https:\/\/www.webdo.tn\/fr\/actualite\/divers\/lecole\/199627\/#primaryimage"},"image":{"@id":"https:\/\/www.webdo.tn\/fr\/actualite\/divers\/lecole\/199627\/#primaryimage"},"thumbnailUrl":"https:\/\/www.webdo.tn\/fr\/wp-content\/uploads\/2016\/09\/LycA\u00a9e-Tunisie-photo-babnet.jpg","datePublished":"2016-09-19T16:05:00+00:00","description":"Que les filles retournent \u00e0 la maison, \u00e0 quoi leur servira l\u2019\u00e9cole ?","breadcrumb":{"@id":"https:\/\/www.webdo.tn\/fr\/actualite\/divers\/lecole\/199627\/#breadcrumb"},"inLanguage":"fr-FR","potentialAction":[{"@type":"ReadAction","target":["https:\/\/www.webdo.tn\/fr\/actualite\/divers\/lecole\/199627\/"]}]},{"@type":"ImageObject","inLanguage":"fr-FR","@id":"https:\/\/www.webdo.tn\/fr\/actualite\/divers\/lecole\/199627\/#primaryimage","url":"https:\/\/www.webdo.tn\/fr\/wp-content\/uploads\/2016\/09\/LycA\u00a9e-Tunisie-photo-babnet.jpg","contentUrl":"https:\/\/www.webdo.tn\/fr\/wp-content\/uploads\/2016\/09\/LycA\u00a9e-Tunisie-photo-babnet.jpg","width":296,"height":200,"caption":"Que les filles retournent \u00e0 la maison, \u00e0 quoi leur servira l\u2019\u00e9cole ?"},{"@type":"BreadcrumbList","@id":"https:\/\/www.webdo.tn\/fr\/actualite\/divers\/lecole\/199627\/#breadcrumb","itemListElement":[{"@type":"ListItem","position":1,"name":"Accueil","item":"https:\/\/www.webdo.tn\/fr\/"},{"@type":"ListItem","position":2,"name":"Que les filles retournent \u00e0 la maison, \u00e0 quoi leur servira l\u2019\u00e9cole ?"}]},{"@type":"WebSite","@id":"https:\/\/www.webdo.tn\/fr\/#website","url":"https:\/\/www.webdo.tn\/fr\/","name":"webdo","description":"Tunisie - News en Tunisie et \u00e0 l&#039;international sur Webdo.tn","publisher":{"@id":"https:\/\/www.webdo.tn\/fr\/#organization"},"potentialAction":[{"@type":"SearchAction","target":{"@type":"EntryPoint","urlTemplate":"https:\/\/www.webdo.tn\/fr\/?s={search_term_string}"},"query-input":{"@type":"PropertyValueSpecification","valueRequired":true,"valueName":"search_term_string"}}],"inLanguage":"fr-FR"},{"@type":"Organization","@id":"https:\/\/www.webdo.tn\/fr\/#organization","name":"Webdo","alternateName":"Webdo.tn","url":"https:\/\/www.webdo.tn\/fr\/","logo":{"@type":"ImageObject","inLanguage":"fr-FR","@id":"https:\/\/www.webdo.tn\/fr\/#\/schema\/logo\/image\/","url":"https:\/\/www.webdo.tn\/fr\/wp-content\/uploads\/2025\/06\/Webdo-Tunisie_168377.jpg","contentUrl":"https:\/\/www.webdo.tn\/fr\/wp-content\/uploads\/2025\/06\/Webdo-Tunisie_168377.jpg","width":301,"height":301,"caption":"Webdo"},"image":{"@id":"https:\/\/www.webdo.tn\/fr\/#\/schema\/logo\/image\/"},"sameAs":["https:\/\/www.facebook.com\/webdotn","https:\/\/x.com\/webdo_tn"],"description":"Webdo est un m\u00e9dia num\u00e9rique tunisien fond\u00e9 en 2010, sp\u00e9cialis\u00e9 dans l\u2019actualit\u00e9 nationale et internationale, l\u2019\u00e9conomie, la soci\u00e9t\u00e9 et les analyses politiques. Le site s\u2019adresse \u00e0 un large public francophone et couvre l\u2019information tunisienne en temps r\u00e9el.","email":"redac@webdo.tn","legalName":"YNJ SARL","foundingDate":"2010-09-06","numberOfEmployees":{"@type":"QuantitativeValue","minValue":"11","maxValue":"50"}},{"@type":"Person","@id":"https:\/\/www.webdo.tn\/fr\/#\/schema\/person\/60d5ba619ed3f58783b0dc82b7dada80","name":"Ne\u00efla DRISS","image":{"@type":"ImageObject","inLanguage":"fr-FR","@id":"https:\/\/www.webdo.tn\/fr\/wp-content\/uploads\/2026\/04\/neila-driss_avatar-96x96.jpg","url":"https:\/\/www.webdo.tn\/fr\/wp-content\/uploads\/2026\/04\/neila-driss_avatar-96x96.jpg","contentUrl":"https:\/\/www.webdo.tn\/fr\/wp-content\/uploads\/2026\/04\/neila-driss_avatar-96x96.jpg","caption":"Ne\u00efla DRISS"},"description":"Ne\u00efla Driss est juriste, journaliste culturelle et critique de cin\u00e9ma tunisienne. Titulaire d\u2019un DEA en droit priv\u00e9 de l\u2019Universit\u00e9 Paris II et d\u2019un DESS de l\u2019IHEC Carthage, elle d\u00e9bute sa carri\u00e8re comme juriste sp\u00e9cialis\u00e9e en gestion de patrimoine immobilier. Elle s\u2019oriente ensuite vers l\u2019\u00e9criture en ligne, o\u00f9 elle se distingue d\u00e8s 2006 aux Tunisia Blog Awards, avant de se consacrer au journalisme culturel, avec une sp\u00e9cialisation dans la critique cin\u00e9matographique. Elle couvre r\u00e9guli\u00e8rement les grands festivals internationaux, notamment le Festival de Cannes, les Journ\u00e9es Cin\u00e9matographiques de Carthage et le Festival du film du Caire. Membre de l\u2019ATPCC et de la FIPRESCI, elle participe \u00e0 des jurys et initiatives internationales de critique. Depuis 2024, elle est \u00e9lectrice internationale aux Golden Globes. Facebook : https:\/\/www.facebook.com\/massir.destiniii\/ X : https:\/\/x.com\/MassirDestin","sameAs":["https:\/\/www.facebook.com\/massir.destiniii\/","https:\/\/www.instagram.com\/neila.driss\/?hl=fr","https:\/\/www.linkedin.com\/in\/neila-driss-22606a80\/","https:\/\/x.com\/https:\/\/x.com\/MassirDestin"],"knowsAbout":["Cin\u00e9ma international","critique cin\u00e9matographique","festivals de cin\u00e9ma","journalisme culturel"],"knowsLanguage":["Fran\u00e7ais","Arabe","Anglais"],"jobTitle":"Journaliste culturelle et critique de cin\u00e9ma","worksFor":"Webdo","url":"https:\/\/www.webdo.tn\/fr\/actualite\/author\/neila-driss\/"}]}},"_links":{"self":[{"href":"https:\/\/www.webdo.tn\/fr\/wp-json\/wp\/v2\/posts\/199627","targetHints":{"allow":["GET"]}}],"collection":[{"href":"https:\/\/www.webdo.tn\/fr\/wp-json\/wp\/v2\/posts"}],"about":[{"href":"https:\/\/www.webdo.tn\/fr\/wp-json\/wp\/v2\/types\/post"}],"author":[{"embeddable":true,"href":"https:\/\/www.webdo.tn\/fr\/wp-json\/wp\/v2\/users\/3164"}],"replies":[{"embeddable":true,"href":"https:\/\/www.webdo.tn\/fr\/wp-json\/wp\/v2\/comments?post=199627"}],"version-history":[{"count":0,"href":"https:\/\/www.webdo.tn\/fr\/wp-json\/wp\/v2\/posts\/199627\/revisions"}],"wp:featuredmedia":[{"embeddable":true,"href":"https:\/\/www.webdo.tn\/fr\/wp-json\/wp\/v2\/media\/337960"}],"wp:attachment":[{"href":"https:\/\/www.webdo.tn\/fr\/wp-json\/wp\/v2\/media?parent=199627"}],"wp:term":[{"taxonomy":"category","embeddable":true,"href":"https:\/\/www.webdo.tn\/fr\/wp-json\/wp\/v2\/categories?post=199627"},{"taxonomy":"post_tag","embeddable":true,"href":"https:\/\/www.webdo.tn\/fr\/wp-json\/wp\/v2\/tags?post=199627"}],"curies":[{"name":"wp","href":"https:\/\/api.w.org\/{rel}","templated":true}]}}