{"id":199624,"date":"2016-09-08T11:01:00","date_gmt":"2016-09-08T11:01:00","guid":{"rendered":"https:\/\/www.webdo.tn\/fr\/blog\/jcc-2016-liste-complete-films-competition\/199624\/"},"modified":"2025-05-19T09:18:26","modified_gmt":"2025-05-19T09:18:26","slug":"jcc-2016-liste-complete-films-competition","status":"publish","type":"post","link":"https:\/\/www.webdo.tn\/fr\/actualite\/culture\/jcc-2016-liste-complete-films-competition\/199624\/","title":{"rendered":"JCC 2016 : La liste compl\u00e8te des films en comp\u00e9tition"},"content":{"rendered":"<div class=\"single-body entry-content typography-copy\" itemprop=\"articleBody\">\n<p style=\"font-weight: bold; text-align: justify\">\n<div class=\"coprs\" style=\"text-align: center\"><\/div>\n<div class=\"coprs\" style=\"text-align: justify\">\n<p> La liste compl\u00e8te des films qui seront en comp\u00e9tition lors de la 27\u00e8me \u00e9dition des <a href=\"http:\/\/www.jcctunisie.org\/\">Journ\u00e9es Cin\u00e9matographiques de Carthage, <\/a>\u00a0( JCC 2016 )\u00a0qui aura lieu du 28 octobre au 5 novembre 2016 est enfin d\u00e9voil\u00e9e.<\/p>\n<h5>Comp\u00e9tition officielle Premi\u00e8re \u0152uvre<\/h5>\n<ul>\n<li>Nhebek Hedi de Mohamed Ben Attia (Tunisie)<\/li>\n<li><a href=\"http:\/\/www.webdo.tn\/2016\/07\/26\/mostra-de-venise-film-tunisien-akher-wahed-fina-selectionne\/\">Ekher Wahed Fina<\/a> de Alaeddine Slim (Tunisie)<\/li>\n<li>This Little Father Obsession de Mourad Selim (Liban)<\/li>\n<li>Skin de Afraa Batous (Syrie)<\/li>\n<li>Maputo de Joao Gar\u00e7a (Mozambique)<\/li>\n<li>We have never been kids de Mahmood Soliman (Egypte)<\/li>\n<li>The Curve de Rifqi Assaf (Jordanie)<\/li>\n<li>Une mille dans mes chaussures de Khallaf Said (Maroc)<\/li>\n<li>Barakah meets Barakah de Mahmoud Sabbegh (Arabie Saoudite)<\/li>\n<li>N.G.O Nothing Going On de Arnold Aganze (Ouganda)<\/li>\n<li>Maintenant ils peuvent venir de Salem Brahimi (Alg\u00e9rie)<\/li>\n<li>The Beach House de Dib Roy (Liban)<\/li>\n<li>A mon \u00e2ge je me cache encore pour fumer de Rayhana (Alg\u00e9rie)<\/li>\n<li>Roshmia de Salim Abu Jabal (Palestine)<\/li>\n<\/ul>\n<h5>Comp\u00e9tition Officielle Longs m\u00e9trages<\/h5>\n<ul>\n<li>Thala Mon Amour de Hmili Mehdi (Tunisie)<\/li>\n<li>Demain d\u00e9s l\u2019aube de Lotfi Achour (Tunisie)<\/li>\n<li><a href=\"https:\/\/www.youtube.com\/watch?v=GddiTuC2u1E\">Chouf de Karim Dridi<\/a> (Tunisie)<\/li>\n<li>Zaineb n&rsquo;aime pas la neige de Kawther Ben Henia (Tunisie)<\/li>\n<li><a href=\"https:\/\/www.youtube.com\/watch?v=tbKDxsvuhNg\">3000 layla de Mai Masri<\/a> (Palestine)<\/li>\n<li>Action Kommandant de Nadine Cloete (South African)<\/li>\n<li>Al Medina de Omar Shargawi (Jordanie\/ Palestine)<\/li>\n<li>Bois d&rsquo;\u00e9b\u00e8ne de Tour\u00e9 Moussa (S\u00e9n\u00e9gal)<\/li>\n<li>Divines de Houda Benyamina (Maroc)<\/li>\n<li><a href=\"https:\/\/www.youtube.com\/watch?v=oage7YOcS0s\">Eshtebak de Mohamed Diab<\/a> (\u00c9gypte)<\/li>\n<li>Haram El Gasad de Khaled El Hagar (\u00c9gypte)<\/li>\n<li>Hissein Habre une trag\u00e9die Tchadienne de Haroun Mahamat-Saleh (Tchad)<\/li>\n<li>Memleket imerulekan de Adnan Osman (Iraq)<\/li>\n<li>Manazil bela abwab de Kaprealian Avo (Syrie)<\/li>\n<li>Mazraaet Al Abkaar de Sheikh Khudr Ali (Syrie)<\/li>\n<li>Starve your dog de Hicham LASRI (Maroc)<\/li>\n<li>The Revolution Won&rsquo;t be Televised de Thiaw Rama (S\u00e9n\u00e9gal)<\/li>\n<li>Thom de Ouedraogo Tahirou Tassere (Burkina Faso)<\/li>\n<\/ul>\n<h5>Comp\u00e9tition Officielle Courts m\u00e9trages<\/h5>\n<ul>\n<li>Talik de Kais Zaied (Tunisie)<\/li>\n<li>Les tisseuses du Ch\u00e2ambi de Naoufel Saheb Ettabaa ( Tunisie)<\/li>\n<li>Lila Kalba de Bouyahiya Emna (Tunisie)<\/li>\n<li>La Laine sur le Dos de Lotfi Achour ( Tunisie)<\/li>\n<li>Dry Hot Summers de Sherif Elbendary (Egypt)<\/li>\n<li>New Eyes de Hiwot Admasu (Ethiopie)<\/li>\n<li>Walls de Wandji Narcisse (Cameroun)<\/li>\n<li>B\u00ealons de Azzam El Mehdi (Maroc)<\/li>\n<li>R\u00e9tribution de Abdallah Abu Jadayel (Arabie Saoudite)<\/li>\n<li>Longue vie aux morts de Maminihaina Jean-Aim\u00e9 (Madagascar)<\/li>\n<li>Waves&rsquo;98 de Ely Dagher (Liban)<\/li>\n<li>Marabout de Sy Alassane (S\u00e9n\u00e9gal)<\/li>\n<li>The boy in the picture de Hicham Zaman (Iraq)<\/li>\n<li>More than two days de Ahmed Abdulnaser (Qatar)<\/li>\n<li>Sea of Ash de Michael Mac Garry (Afrique du sud)<\/li>\n<li>The Orphanage de Hachem Charaf (Bahrein)<\/li>\n<li>A Place For Myself de Dusabe Jambo Marie Clementine (Rwanda)<\/li>\n<li>Joy de Solomon Onita (Nigeria)<\/li>\n<li>Nyerkuk de Mohamed Kordofani (Soudan)<\/li>\n<li>Silence de Aoun Chadi (Liban)<\/li>\n<\/ul>\n<h5>Comp\u00e9tition Officielle Cin\u00e9-promesse<\/h5>\n<ul>\n<li>Rouge sur Blanc de Raya Bouslah (ISAMM) (Tunisie)<\/li>\n<li>Chmendifir de Houda Mddahi (ESAC ) (Tunisie)<\/li>\n<li>Zone de Taysir Mathlouthi (Lyc\u00e9e L\u00e9on Blum) (Tunisie)<\/li>\n<li>La Santa che dorme de Laura Samani (CSC Production) (Italie)<\/li>\n<li>Les Spectateurs de Lucas Monjo (ARTfx) (France)<\/li>\n<li>Grouillons Nous de Margot Reumont (Atelier de production de la Cambre) (Belgique)<\/li>\n<li>Le griot du m\u00e9tal de Messan Koffi ATA (Docmonde) (S\u00e9n\u00e9gal)<\/li>\n<li>Ships Passing in the Night de Elisabeth Zwimpfer (Hessischen Filmf\u00f6rderung) (Suisse)<\/li>\n<li>La Rue de L&rsquo;espoir de Mohamed Echkouna (Umzisi Fund) (Mauritanie)<\/li>\n<li>Vaishali de Sharma Prachi (State Institute of Film and Television) (Inde)<\/li>\n<li>Au-del\u00e0 du Nid de Georges Hazim (Lebanese University) (Liban)<\/li>\n<li>Take Away de Azahara Ramos Truchero (ECAM) (Espagne)<\/li>\n<li>Hoje, o sil\u00eancio de Vasco Reis Ruivo (Universidade Lus\u00f3fona de Humanidades e Tecnologias) (Portugal)<\/li>\n<li>If I Had It My Way I Would Never Leave de Grba Singh Marko (studAVP) (Serbie)<\/li>\n<li>La culpa, probablemente de Michael Labarca (The School of Audio-Visual Media, University of Los Andes, Venezuela) (Venzuela)<\/li>\n<li>Coma de Amrou ALI (High Institute of Cinema) (Cairo)<\/li>\n<li>Dobro de Hernaiz Marta (Cine Vendaval) (Mexique)<\/li>\n<\/ul>\n<p>Pr\u00e9sent\u00e9 en hors comp\u00e9tition, le film \u00ab<a href=\"http:\/\/www.webdo.tn\/2016\/09\/02\/fleur-dalep-selectionne-representer-tunisie-loscar-meilleur-film-langue-etrangere\/\">Zahret Alep<\/a>\u00bb de Ridha B\u00e9hi sera le film d\u2019ouverture de cette 27\u00e8me \u00e9dition des JCC.<\/p>\n<p><strong>Ne\u00efla Driss<\/strong><\/p>\n<p>\u00a0<\/p>\n<p><em>Lire sur le m\u00eame sujet:<\/em><\/p>\n<ul>\n<li class=\"entry-title\"><a title=\"Journ\u00e9es Cin\u00e9matographiques de Carthage : L\u2019Art triomphera toujours de la terreur !\" href=\"http:\/\/www.webdo.tn\/2016\/10\/20\/journees-cinematographiques-de-carthage-lart-triomphera-toujours-terreur\/\" rel=\"bookmark\">Journ\u00e9es Cin\u00e9matographiques de Carthage : L\u2019Art triomphera toujours de la terreur !<\/a><\/li>\n<li class=\"entry-title\"><a title=\"Le programme complet des JCC\" href=\"http:\/\/www.webdo.tn\/2016\/10\/25\/programme-complet-jcc\/\" rel=\"bookmark\">Le programme complet des JCC<\/a><\/li>\n<li class=\"entry-title\"><a title=\"Mes JCC 2016 | Jour J-1 : Derniers pr\u00e9paratifs\" href=\"http:\/\/www.webdo.tn\/2016\/10\/27\/tunisie-jcc-2016-jour-j-1-derniers-preparatifs\/\" rel=\"bookmark\">Mes JCC 2016 | Jour J-1 : Derniers pr\u00e9paratifs<\/a><\/li>\n<li class=\"entry-title\"><a title=\"JCC 2016 : Retransmission en direct de la c\u00e9r\u00e9monie d\u2019ouverture dans les r\u00e9gions\" href=\"http:\/\/www.webdo.tn\/2016\/10\/27\/jcc-2016-transmission-en-direct-de-la-ceremonie-douverture-dans-les-regions\/\" rel=\"bookmark\">JCC 2016 : Retransmission en direct de la c\u00e9r\u00e9monie d\u2019ouverture dans les r\u00e9gions<\/a><\/li>\n<li class=\"entry-title\"><a title=\"Mes JCC 2016 | Jour J : Glamour ou militant ?\" href=\"http:\/\/www.webdo.tn\/2016\/10\/28\/mes-jcc-2016-jour-j-glamour-ou-militant\/\" rel=\"bookmark\">Mes JCC 2016 | Jour J : Glamour ou militant ?<\/a><\/li>\n<li><a title=\"Mes JCC | Jour 1\" href=\"http:\/\/www.webdo.tn\/2016\/10\/30\/jcc-jour-1\/\" rel=\"bookmark\">Mes JCC | Jour 1<\/a><\/li>\n<li class=\"entry-title\"><a title=\"Mes JCC 2016 | Jours 2 et 3 | Youssef Chahine mon amour !\" href=\"http:\/\/www.webdo.tn\/2016\/11\/01\/mes-jcc-2016-jours-2-et-3-youssef-chahine-mon-amour\/\" rel=\"bookmark\">Mes JCC 2016 | Jours 2 et 3 | Youssef Chahine mon amour !<\/a><\/li>\n<li class=\"entry-title\"><a title=\"JCC 2016 : Palmar\u00e8s des sections parall\u00e8les\" href=\"http:\/\/www.webdo.tn\/2016\/11\/04\/jcc-2016-palmares-sections-paralleles\/\" rel=\"bookmark\">JCC 2016 : Palmar\u00e8s des sections parall\u00e8les<\/a><\/li>\n<li><a title=\"JCC 2016 | Deux Tanit d\u2019Or pour deux films tunisiens\" href=\"http:\/\/www.webdo.tn\/2016\/11\/06\/jcc-2016-deux-tanit-dor-pour-deux-films-tunisiens\/\" rel=\"bookmark\">JCC 2016 | Deux Tanit d\u2019Or pour deux films tunisiens<\/a><\/li>\n<li><a title=\"Festival International du Film du Caire \u2013 Clash\u2026 et r\u00e9conciliation ?\" href=\"http:\/\/www.webdo.tn\/2016\/11\/22\/festival-international-film-caire-clash-reconciliation\/\" rel=\"bookmark\">Festival International du Film du Caire \u2013 Clash\u2026 et r\u00e9conciliation ?<\/a><\/li>\n<li><a title=\"Mohamed Hefzy, d\u2019ing\u00e9nieur en m\u00e9tallurgie \u00e0 m\u00e9decin du cin\u00e9ma arabe\" href=\"http:\/\/www.webdo.tn\/2017\/02\/08\/mohamed-hefzy-dingenieur-metallurgie-medecin-cinema-arabe\/\" rel=\"bookmark\">Mohamed Hefzy, d\u2019ing\u00e9nieur en m\u00e9tallurgie \u00e0 m\u00e9decin du cin\u00e9ma arabe<\/a><\/li>\n<\/ul><\/div>\n<div class=\"coprs\" style=\"text-align: center\"><\/div><\/div>\n","protected":false},"excerpt":{"rendered":"<p>JCC 2016 : La liste compl\u00e8te des films en comp\u00e9tition<\/p>\n","protected":false},"author":3164,"featured_media":327305,"comment_status":"open","ping_status":"closed","sticky":false,"template":"","format":"standard","meta":{"footnotes":""},"categories":[2594],"tags":[2600],"class_list":["post-199624","post","type-post","status-publish","format-standard","has-post-thumbnail","hentry","category-culture","tag-guerre"],"yoast_head":"<!-- This site is optimized with the Yoast SEO Premium plugin v27.5 (Yoast SEO v27.5) - https:\/\/yoast.com\/product\/yoast-seo-premium-wordpress\/ -->\n<title>JCC 2016 : La liste compl\u00e8te des films en comp\u00e9tition<\/title>\n<meta name=\"description\" content=\"JCC 2016 : La liste compl\u00e8te des films en comp\u00e9tition\" \/>\n<link rel=\"canonical\" href=\"https:\/\/www.webdo.tn\/fr\/actualite\/culture\/jcc-2016-liste-complete-films-competition\/199624\/\" \/>\n<meta property=\"og:locale\" content=\"fr_FR\" \/>\n<meta property=\"og:type\" content=\"article\" \/>\n<meta property=\"og:title\" content=\"JCC 2016 : La liste compl\u00e8te des films en comp\u00e9tition\" \/>\n<meta property=\"og:description\" content=\"JCC 2016 : La liste compl\u00e8te des films en comp\u00e9tition\" \/>\n<meta property=\"og:url\" content=\"https:\/\/www.webdo.tn\/fr\/actualite\/culture\/jcc-2016-liste-complete-films-competition\/199624\/\" \/>\n<meta property=\"og:site_name\" content=\"webdo\" \/>\n<meta property=\"article:publisher\" content=\"https:\/\/www.facebook.com\/webdotn\" \/>\n<meta property=\"article:author\" content=\"https:\/\/www.facebook.com\/massir.destiniii\/\" \/>\n<meta property=\"article:published_time\" content=\"2016-09-08T11:01:00+00:00\" \/>\n<meta property=\"article:modified_time\" content=\"2025-05-19T09:18:26+00:00\" \/>\n<meta property=\"og:image\" content=\"https:\/\/www.webdo.tn\/fr\/wp-content\/uploads\/2016\/09\/JCC-2016-300x176-1.jpg\" \/>\n\t<meta property=\"og:image:width\" content=\"300\" \/>\n\t<meta property=\"og:image:height\" content=\"176\" \/>\n\t<meta property=\"og:image:type\" content=\"image\/jpeg\" \/>\n<meta name=\"author\" content=\"Ne\u00efla DRISS\" \/>\n<meta name=\"twitter:card\" content=\"summary_large_image\" \/>\n<meta name=\"twitter:creator\" content=\"@https:\/\/x.com\/MassirDestin\" \/>\n<meta name=\"twitter:site\" content=\"@webdo_tn\" \/>\n<meta name=\"twitter:label1\" content=\"\u00c9crit par\" \/>\n\t<meta name=\"twitter:data1\" content=\"Ne\u00efla DRISS\" \/>\n\t<meta name=\"twitter:label2\" content=\"Dur\u00e9e de lecture estim\u00e9e\" \/>\n\t<meta name=\"twitter:data2\" content=\"4 minutes\" \/>\n<script type=\"application\/ld+json\" class=\"yoast-schema-graph\">{\"@context\":\"https:\\\/\\\/schema.org\",\"@graph\":[{\"@type\":\"NewsArticle\",\"@id\":\"https:\\\/\\\/www.webdo.tn\\\/fr\\\/actualite\\\/culture\\\/jcc-2016-liste-complete-films-competition\\\/199624\\\/#article\",\"isPartOf\":{\"@id\":\"https:\\\/\\\/www.webdo.tn\\\/fr\\\/actualite\\\/culture\\\/jcc-2016-liste-complete-films-competition\\\/199624\\\/\"},\"author\":{\"name\":\"Ne\u00efla DRISS\",\"@id\":\"https:\\\/\\\/www.webdo.tn\\\/fr\\\/#\\\/schema\\\/person\\\/60d5ba619ed3f58783b0dc82b7dada80\"},\"headline\":\"JCC 2016 : La liste compl\u00e8te des films en comp\u00e9tition\",\"datePublished\":\"2016-09-08T11:01:00+00:00\",\"dateModified\":\"2025-05-19T09:18:26+00:00\",\"mainEntityOfPage\":{\"@id\":\"https:\\\/\\\/www.webdo.tn\\\/fr\\\/actualite\\\/culture\\\/jcc-2016-liste-complete-films-competition\\\/199624\\\/\"},\"wordCount\":770,\"commentCount\":0,\"publisher\":{\"@id\":\"https:\\\/\\\/www.webdo.tn\\\/fr\\\/#organization\"},\"image\":{\"@id\":\"https:\\\/\\\/www.webdo.tn\\\/fr\\\/actualite\\\/culture\\\/jcc-2016-liste-complete-films-competition\\\/199624\\\/#primaryimage\"},\"thumbnailUrl\":\"https:\\\/\\\/www.webdo.tn\\\/fr\\\/wp-content\\\/uploads\\\/2016\\\/09\\\/JCC-2016-300x176-1.jpg\",\"keywords\":[\"guerre\"],\"articleSection\":[\"Culture\"],\"inLanguage\":\"fr-FR\"},{\"@type\":\"WebPage\",\"@id\":\"https:\\\/\\\/www.webdo.tn\\\/fr\\\/actualite\\\/culture\\\/jcc-2016-liste-complete-films-competition\\\/199624\\\/\",\"url\":\"https:\\\/\\\/www.webdo.tn\\\/fr\\\/actualite\\\/culture\\\/jcc-2016-liste-complete-films-competition\\\/199624\\\/\",\"name\":\"JCC 2016 : La liste compl\u00e8te des films en comp\u00e9tition\",\"isPartOf\":{\"@id\":\"https:\\\/\\\/www.webdo.tn\\\/fr\\\/#website\"},\"primaryImageOfPage\":{\"@id\":\"https:\\\/\\\/www.webdo.tn\\\/fr\\\/actualite\\\/culture\\\/jcc-2016-liste-complete-films-competition\\\/199624\\\/#primaryimage\"},\"image\":{\"@id\":\"https:\\\/\\\/www.webdo.tn\\\/fr\\\/actualite\\\/culture\\\/jcc-2016-liste-complete-films-competition\\\/199624\\\/#primaryimage\"},\"thumbnailUrl\":\"https:\\\/\\\/www.webdo.tn\\\/fr\\\/wp-content\\\/uploads\\\/2016\\\/09\\\/JCC-2016-300x176-1.jpg\",\"datePublished\":\"2016-09-08T11:01:00+00:00\",\"dateModified\":\"2025-05-19T09:18:26+00:00\",\"description\":\"JCC 2016 : La liste compl\u00e8te des films en comp\u00e9tition\",\"breadcrumb\":{\"@id\":\"https:\\\/\\\/www.webdo.tn\\\/fr\\\/actualite\\\/culture\\\/jcc-2016-liste-complete-films-competition\\\/199624\\\/#breadcrumb\"},\"inLanguage\":\"fr-FR\",\"potentialAction\":[{\"@type\":\"ReadAction\",\"target\":[\"https:\\\/\\\/www.webdo.tn\\\/fr\\\/actualite\\\/culture\\\/jcc-2016-liste-complete-films-competition\\\/199624\\\/\"]}]},{\"@type\":\"ImageObject\",\"inLanguage\":\"fr-FR\",\"@id\":\"https:\\\/\\\/www.webdo.tn\\\/fr\\\/actualite\\\/culture\\\/jcc-2016-liste-complete-films-competition\\\/199624\\\/#primaryimage\",\"url\":\"https:\\\/\\\/www.webdo.tn\\\/fr\\\/wp-content\\\/uploads\\\/2016\\\/09\\\/JCC-2016-300x176-1.jpg\",\"contentUrl\":\"https:\\\/\\\/www.webdo.tn\\\/fr\\\/wp-content\\\/uploads\\\/2016\\\/09\\\/JCC-2016-300x176-1.jpg\",\"width\":300,\"height\":176,\"caption\":\"JCC 2016 : La liste compl\u00e8te des films en comp\u00e9tition\"},{\"@type\":\"BreadcrumbList\",\"@id\":\"https:\\\/\\\/www.webdo.tn\\\/fr\\\/actualite\\\/culture\\\/jcc-2016-liste-complete-films-competition\\\/199624\\\/#breadcrumb\",\"itemListElement\":[{\"@type\":\"ListItem\",\"position\":1,\"name\":\"Accueil\",\"item\":\"https:\\\/\\\/www.webdo.tn\\\/fr\\\/\"},{\"@type\":\"ListItem\",\"position\":2,\"name\":\"JCC 2016 : La liste compl\u00e8te des films en comp\u00e9tition\"}]},{\"@type\":\"WebSite\",\"@id\":\"https:\\\/\\\/www.webdo.tn\\\/fr\\\/#website\",\"url\":\"https:\\\/\\\/www.webdo.tn\\\/fr\\\/\",\"name\":\"webdo\",\"description\":\"Tunisie - News en Tunisie et \u00e0 l&#039;international sur Webdo.tn\",\"publisher\":{\"@id\":\"https:\\\/\\\/www.webdo.tn\\\/fr\\\/#organization\"},\"potentialAction\":[{\"@type\":\"SearchAction\",\"target\":{\"@type\":\"EntryPoint\",\"urlTemplate\":\"https:\\\/\\\/www.webdo.tn\\\/fr\\\/?s={search_term_string}\"},\"query-input\":{\"@type\":\"PropertyValueSpecification\",\"valueRequired\":true,\"valueName\":\"search_term_string\"}}],\"inLanguage\":\"fr-FR\"},{\"@type\":\"Organization\",\"@id\":\"https:\\\/\\\/www.webdo.tn\\\/fr\\\/#organization\",\"name\":\"Webdo\",\"alternateName\":\"Webdo.tn\",\"url\":\"https:\\\/\\\/www.webdo.tn\\\/fr\\\/\",\"logo\":{\"@type\":\"ImageObject\",\"inLanguage\":\"fr-FR\",\"@id\":\"https:\\\/\\\/www.webdo.tn\\\/fr\\\/#\\\/schema\\\/logo\\\/image\\\/\",\"url\":\"https:\\\/\\\/www.webdo.tn\\\/fr\\\/wp-content\\\/uploads\\\/2025\\\/06\\\/Webdo-Tunisie_168377.jpg\",\"contentUrl\":\"https:\\\/\\\/www.webdo.tn\\\/fr\\\/wp-content\\\/uploads\\\/2025\\\/06\\\/Webdo-Tunisie_168377.jpg\",\"width\":301,\"height\":301,\"caption\":\"Webdo\"},\"image\":{\"@id\":\"https:\\\/\\\/www.webdo.tn\\\/fr\\\/#\\\/schema\\\/logo\\\/image\\\/\"},\"sameAs\":[\"https:\\\/\\\/www.facebook.com\\\/webdotn\",\"https:\\\/\\\/x.com\\\/webdo_tn\"],\"description\":\"Webdo est un m\u00e9dia num\u00e9rique tunisien fond\u00e9 en 2010, sp\u00e9cialis\u00e9 dans l\u2019actualit\u00e9 nationale et internationale, l\u2019\u00e9conomie, la soci\u00e9t\u00e9 et les analyses politiques. Le site s\u2019adresse \u00e0 un large public francophone et couvre l\u2019information tunisienne en temps r\u00e9el.\",\"email\":\"redac@webdo.tn\",\"legalName\":\"YNJ SARL\",\"foundingDate\":\"2010-09-06\",\"numberOfEmployees\":{\"@type\":\"QuantitativeValue\",\"minValue\":\"11\",\"maxValue\":\"50\"}},{\"@type\":\"Person\",\"@id\":\"https:\\\/\\\/www.webdo.tn\\\/fr\\\/#\\\/schema\\\/person\\\/60d5ba619ed3f58783b0dc82b7dada80\",\"name\":\"Ne\u00efla DRISS\",\"image\":{\"@type\":\"ImageObject\",\"inLanguage\":\"fr-FR\",\"@id\":\"https:\\\/\\\/www.webdo.tn\\\/fr\\\/wp-content\\\/uploads\\\/2026\\\/04\\\/neila-driss_avatar-96x96.jpg\",\"url\":\"https:\\\/\\\/www.webdo.tn\\\/fr\\\/wp-content\\\/uploads\\\/2026\\\/04\\\/neila-driss_avatar-96x96.jpg\",\"contentUrl\":\"https:\\\/\\\/www.webdo.tn\\\/fr\\\/wp-content\\\/uploads\\\/2026\\\/04\\\/neila-driss_avatar-96x96.jpg\",\"caption\":\"Ne\u00efla DRISS\"},\"description\":\"Ne\u00efla Driss est juriste, journaliste culturelle et critique de cin\u00e9ma tunisienne. Titulaire d\u2019un DEA en droit priv\u00e9 de l\u2019Universit\u00e9 Paris II et d\u2019un DESS de l\u2019IHEC Carthage, elle d\u00e9bute sa carri\u00e8re comme juriste sp\u00e9cialis\u00e9e en gestion de patrimoine immobilier. Elle s\u2019oriente ensuite vers l\u2019\u00e9criture en ligne, o\u00f9 elle se distingue d\u00e8s 2006 aux Tunisia Blog Awards, avant de se consacrer au journalisme culturel, avec une sp\u00e9cialisation dans la critique cin\u00e9matographique. Elle couvre r\u00e9guli\u00e8rement les grands festivals internationaux, notamment le Festival de Cannes, les Journ\u00e9es Cin\u00e9matographiques de Carthage et le Festival du film du Caire. Membre de l\u2019ATPCC et de la FIPRESCI, elle participe \u00e0 des jurys et initiatives internationales de critique. Depuis 2024, elle est \u00e9lectrice internationale aux Golden Globes. Facebook : https:\\\/\\\/www.facebook.com\\\/massir.destiniii\\\/ X : https:\\\/\\\/x.com\\\/MassirDestin\",\"sameAs\":[\"https:\\\/\\\/www.facebook.com\\\/massir.destiniii\\\/\",\"https:\\\/\\\/www.instagram.com\\\/neila.driss\\\/?hl=fr\",\"https:\\\/\\\/www.linkedin.com\\\/in\\\/neila-driss-22606a80\\\/\",\"https:\\\/\\\/x.com\\\/https:\\\/\\\/x.com\\\/MassirDestin\"],\"knowsAbout\":[\"Cin\u00e9ma international\",\"critique cin\u00e9matographique\",\"festivals de cin\u00e9ma\",\"journalisme culturel\"],\"knowsLanguage\":[\"Fran\u00e7ais\",\"Arabe\",\"Anglais\"],\"jobTitle\":\"Journaliste culturelle et critique de cin\u00e9ma\",\"worksFor\":\"Webdo\",\"url\":\"https:\\\/\\\/www.webdo.tn\\\/fr\\\/actualite\\\/author\\\/neila-driss\\\/\"}]}<\/script>\n<!-- \/ Yoast SEO Premium plugin. -->","yoast_head_json":{"title":"JCC 2016 : La liste compl\u00e8te des films en comp\u00e9tition","description":"JCC 2016 : La liste compl\u00e8te des films en comp\u00e9tition","canonical":"https:\/\/www.webdo.tn\/fr\/actualite\/culture\/jcc-2016-liste-complete-films-competition\/199624\/","og_locale":"fr_FR","og_type":"article","og_title":"JCC 2016 : La liste compl\u00e8te des films en comp\u00e9tition","og_description":"JCC 2016 : La liste compl\u00e8te des films en comp\u00e9tition","og_url":"https:\/\/www.webdo.tn\/fr\/actualite\/culture\/jcc-2016-liste-complete-films-competition\/199624\/","og_site_name":"webdo","article_publisher":"https:\/\/www.facebook.com\/webdotn","article_author":"https:\/\/www.facebook.com\/massir.destiniii\/","article_published_time":"2016-09-08T11:01:00+00:00","article_modified_time":"2025-05-19T09:18:26+00:00","og_image":[{"width":300,"height":176,"url":"https:\/\/www.webdo.tn\/fr\/wp-content\/uploads\/2016\/09\/JCC-2016-300x176-1.jpg","type":"image\/jpeg"}],"author":"Ne\u00efla DRISS","twitter_card":"summary_large_image","twitter_creator":"@https:\/\/x.com\/MassirDestin","twitter_site":"@webdo_tn","twitter_misc":{"\u00c9crit par":"Ne\u00efla DRISS","Dur\u00e9e de lecture estim\u00e9e":"4 minutes"},"schema":{"@context":"https:\/\/schema.org","@graph":[{"@type":"NewsArticle","@id":"https:\/\/www.webdo.tn\/fr\/actualite\/culture\/jcc-2016-liste-complete-films-competition\/199624\/#article","isPartOf":{"@id":"https:\/\/www.webdo.tn\/fr\/actualite\/culture\/jcc-2016-liste-complete-films-competition\/199624\/"},"author":{"name":"Ne\u00efla DRISS","@id":"https:\/\/www.webdo.tn\/fr\/#\/schema\/person\/60d5ba619ed3f58783b0dc82b7dada80"},"headline":"JCC 2016 : La liste compl\u00e8te des films en comp\u00e9tition","datePublished":"2016-09-08T11:01:00+00:00","dateModified":"2025-05-19T09:18:26+00:00","mainEntityOfPage":{"@id":"https:\/\/www.webdo.tn\/fr\/actualite\/culture\/jcc-2016-liste-complete-films-competition\/199624\/"},"wordCount":770,"commentCount":0,"publisher":{"@id":"https:\/\/www.webdo.tn\/fr\/#organization"},"image":{"@id":"https:\/\/www.webdo.tn\/fr\/actualite\/culture\/jcc-2016-liste-complete-films-competition\/199624\/#primaryimage"},"thumbnailUrl":"https:\/\/www.webdo.tn\/fr\/wp-content\/uploads\/2016\/09\/JCC-2016-300x176-1.jpg","keywords":["guerre"],"articleSection":["Culture"],"inLanguage":"fr-FR"},{"@type":"WebPage","@id":"https:\/\/www.webdo.tn\/fr\/actualite\/culture\/jcc-2016-liste-complete-films-competition\/199624\/","url":"https:\/\/www.webdo.tn\/fr\/actualite\/culture\/jcc-2016-liste-complete-films-competition\/199624\/","name":"JCC 2016 : La liste compl\u00e8te des films en comp\u00e9tition","isPartOf":{"@id":"https:\/\/www.webdo.tn\/fr\/#website"},"primaryImageOfPage":{"@id":"https:\/\/www.webdo.tn\/fr\/actualite\/culture\/jcc-2016-liste-complete-films-competition\/199624\/#primaryimage"},"image":{"@id":"https:\/\/www.webdo.tn\/fr\/actualite\/culture\/jcc-2016-liste-complete-films-competition\/199624\/#primaryimage"},"thumbnailUrl":"https:\/\/www.webdo.tn\/fr\/wp-content\/uploads\/2016\/09\/JCC-2016-300x176-1.jpg","datePublished":"2016-09-08T11:01:00+00:00","dateModified":"2025-05-19T09:18:26+00:00","description":"JCC 2016 : La liste compl\u00e8te des films en comp\u00e9tition","breadcrumb":{"@id":"https:\/\/www.webdo.tn\/fr\/actualite\/culture\/jcc-2016-liste-complete-films-competition\/199624\/#breadcrumb"},"inLanguage":"fr-FR","potentialAction":[{"@type":"ReadAction","target":["https:\/\/www.webdo.tn\/fr\/actualite\/culture\/jcc-2016-liste-complete-films-competition\/199624\/"]}]},{"@type":"ImageObject","inLanguage":"fr-FR","@id":"https:\/\/www.webdo.tn\/fr\/actualite\/culture\/jcc-2016-liste-complete-films-competition\/199624\/#primaryimage","url":"https:\/\/www.webdo.tn\/fr\/wp-content\/uploads\/2016\/09\/JCC-2016-300x176-1.jpg","contentUrl":"https:\/\/www.webdo.tn\/fr\/wp-content\/uploads\/2016\/09\/JCC-2016-300x176-1.jpg","width":300,"height":176,"caption":"JCC 2016 : La liste compl\u00e8te des films en comp\u00e9tition"},{"@type":"BreadcrumbList","@id":"https:\/\/www.webdo.tn\/fr\/actualite\/culture\/jcc-2016-liste-complete-films-competition\/199624\/#breadcrumb","itemListElement":[{"@type":"ListItem","position":1,"name":"Accueil","item":"https:\/\/www.webdo.tn\/fr\/"},{"@type":"ListItem","position":2,"name":"JCC 2016 : La liste compl\u00e8te des films en comp\u00e9tition"}]},{"@type":"WebSite","@id":"https:\/\/www.webdo.tn\/fr\/#website","url":"https:\/\/www.webdo.tn\/fr\/","name":"webdo","description":"Tunisie - News en Tunisie et \u00e0 l&#039;international sur Webdo.tn","publisher":{"@id":"https:\/\/www.webdo.tn\/fr\/#organization"},"potentialAction":[{"@type":"SearchAction","target":{"@type":"EntryPoint","urlTemplate":"https:\/\/www.webdo.tn\/fr\/?s={search_term_string}"},"query-input":{"@type":"PropertyValueSpecification","valueRequired":true,"valueName":"search_term_string"}}],"inLanguage":"fr-FR"},{"@type":"Organization","@id":"https:\/\/www.webdo.tn\/fr\/#organization","name":"Webdo","alternateName":"Webdo.tn","url":"https:\/\/www.webdo.tn\/fr\/","logo":{"@type":"ImageObject","inLanguage":"fr-FR","@id":"https:\/\/www.webdo.tn\/fr\/#\/schema\/logo\/image\/","url":"https:\/\/www.webdo.tn\/fr\/wp-content\/uploads\/2025\/06\/Webdo-Tunisie_168377.jpg","contentUrl":"https:\/\/www.webdo.tn\/fr\/wp-content\/uploads\/2025\/06\/Webdo-Tunisie_168377.jpg","width":301,"height":301,"caption":"Webdo"},"image":{"@id":"https:\/\/www.webdo.tn\/fr\/#\/schema\/logo\/image\/"},"sameAs":["https:\/\/www.facebook.com\/webdotn","https:\/\/x.com\/webdo_tn"],"description":"Webdo est un m\u00e9dia num\u00e9rique tunisien fond\u00e9 en 2010, sp\u00e9cialis\u00e9 dans l\u2019actualit\u00e9 nationale et internationale, l\u2019\u00e9conomie, la soci\u00e9t\u00e9 et les analyses politiques. Le site s\u2019adresse \u00e0 un large public francophone et couvre l\u2019information tunisienne en temps r\u00e9el.","email":"redac@webdo.tn","legalName":"YNJ SARL","foundingDate":"2010-09-06","numberOfEmployees":{"@type":"QuantitativeValue","minValue":"11","maxValue":"50"}},{"@type":"Person","@id":"https:\/\/www.webdo.tn\/fr\/#\/schema\/person\/60d5ba619ed3f58783b0dc82b7dada80","name":"Ne\u00efla DRISS","image":{"@type":"ImageObject","inLanguage":"fr-FR","@id":"https:\/\/www.webdo.tn\/fr\/wp-content\/uploads\/2026\/04\/neila-driss_avatar-96x96.jpg","url":"https:\/\/www.webdo.tn\/fr\/wp-content\/uploads\/2026\/04\/neila-driss_avatar-96x96.jpg","contentUrl":"https:\/\/www.webdo.tn\/fr\/wp-content\/uploads\/2026\/04\/neila-driss_avatar-96x96.jpg","caption":"Ne\u00efla DRISS"},"description":"Ne\u00efla Driss est juriste, journaliste culturelle et critique de cin\u00e9ma tunisienne. Titulaire d\u2019un DEA en droit priv\u00e9 de l\u2019Universit\u00e9 Paris II et d\u2019un DESS de l\u2019IHEC Carthage, elle d\u00e9bute sa carri\u00e8re comme juriste sp\u00e9cialis\u00e9e en gestion de patrimoine immobilier. Elle s\u2019oriente ensuite vers l\u2019\u00e9criture en ligne, o\u00f9 elle se distingue d\u00e8s 2006 aux Tunisia Blog Awards, avant de se consacrer au journalisme culturel, avec une sp\u00e9cialisation dans la critique cin\u00e9matographique. Elle couvre r\u00e9guli\u00e8rement les grands festivals internationaux, notamment le Festival de Cannes, les Journ\u00e9es Cin\u00e9matographiques de Carthage et le Festival du film du Caire. Membre de l\u2019ATPCC et de la FIPRESCI, elle participe \u00e0 des jurys et initiatives internationales de critique. Depuis 2024, elle est \u00e9lectrice internationale aux Golden Globes. Facebook : https:\/\/www.facebook.com\/massir.destiniii\/ X : https:\/\/x.com\/MassirDestin","sameAs":["https:\/\/www.facebook.com\/massir.destiniii\/","https:\/\/www.instagram.com\/neila.driss\/?hl=fr","https:\/\/www.linkedin.com\/in\/neila-driss-22606a80\/","https:\/\/x.com\/https:\/\/x.com\/MassirDestin"],"knowsAbout":["Cin\u00e9ma international","critique cin\u00e9matographique","festivals de cin\u00e9ma","journalisme culturel"],"knowsLanguage":["Fran\u00e7ais","Arabe","Anglais"],"jobTitle":"Journaliste culturelle et critique de cin\u00e9ma","worksFor":"Webdo","url":"https:\/\/www.webdo.tn\/fr\/actualite\/author\/neila-driss\/"}]}},"_links":{"self":[{"href":"https:\/\/www.webdo.tn\/fr\/wp-json\/wp\/v2\/posts\/199624","targetHints":{"allow":["GET"]}}],"collection":[{"href":"https:\/\/www.webdo.tn\/fr\/wp-json\/wp\/v2\/posts"}],"about":[{"href":"https:\/\/www.webdo.tn\/fr\/wp-json\/wp\/v2\/types\/post"}],"author":[{"embeddable":true,"href":"https:\/\/www.webdo.tn\/fr\/wp-json\/wp\/v2\/users\/3164"}],"replies":[{"embeddable":true,"href":"https:\/\/www.webdo.tn\/fr\/wp-json\/wp\/v2\/comments?post=199624"}],"version-history":[{"count":0,"href":"https:\/\/www.webdo.tn\/fr\/wp-json\/wp\/v2\/posts\/199624\/revisions"}],"wp:featuredmedia":[{"embeddable":true,"href":"https:\/\/www.webdo.tn\/fr\/wp-json\/wp\/v2\/media\/327305"}],"wp:attachment":[{"href":"https:\/\/www.webdo.tn\/fr\/wp-json\/wp\/v2\/media?parent=199624"}],"wp:term":[{"taxonomy":"category","embeddable":true,"href":"https:\/\/www.webdo.tn\/fr\/wp-json\/wp\/v2\/categories?post=199624"},{"taxonomy":"post_tag","embeddable":true,"href":"https:\/\/www.webdo.tn\/fr\/wp-json\/wp\/v2\/tags?post=199624"}],"curies":[{"name":"wp","href":"https:\/\/api.w.org\/{rel}","templated":true}]}}