{"id":199623,"date":"2016-09-02T16:19:00","date_gmt":"2016-09-02T16:19:00","guid":{"rendered":"https:\/\/www.webdo.tn\/fr\/blog\/fleur-dalep-selectionne-representer-tunisie-loscar-meilleur-film-langue-etrangere\/199623\/"},"modified":"2025-05-19T09:19:43","modified_gmt":"2025-05-19T09:19:43","slug":"fleur-dalep-selectionne-representer-tunisie-loscar-meilleur-film-langue-etrangere","status":"publish","type":"post","link":"https:\/\/www.webdo.tn\/fr\/actualite\/culture\/fleur-dalep-selectionne-representer-tunisie-loscar-meilleur-film-langue-etrangere\/199623\/","title":{"rendered":"\u00a0\u00bb Fleur d\u2019Alep \u00a0\u00bb s\u00e9lectionn\u00e9 pour repr\u00e9senter la Tunisie pour l\u2019Oscar du meilleur film en langue \u00e9trang\u00e8re"},"content":{"rendered":"<div class=\"single-body entry-content typography-copy\" itemprop=\"articleBody\">\n<p style=\"font-weight: bold; text-align: justify\">\n<div class=\"coprs\" style=\"text-align: center\"><\/div>\n<div class=\"coprs\" style=\"text-align: justify\">\n<p>Le film tunisien <em><a href=\"https:\/\/www.youtube.com\/watch?v=Uqq8_moNZjg\">Fleur d&rsquo;Alep<\/a><\/em>\u00a0de Ridha B\u00e9hi vient d\u2019\u00eatre admis dans la course aux oscars. Il repr\u00e9sentera la Tunisie pour l\u2019<a href=\"https:\/\/fr.wikipedia.org\/wiki\/Oscar_du_meilleur_film_en_langue_%C3%A9trang%C3%A8re\">Oscar du meilleur film en langue \u00e9trang\u00e8re<\/a>.<br \/>\nIl est vrai qu\u2019il est admis parmi une longue liste de films (en 2016, ils \u00e9taient 85 films en concurrence pour cet oscar), mais c\u2019est d\u00e9j\u00e0 un premier pas de franchi.<\/p>\n<p>Esp\u00e9rons que notre film tunisien fera partie des 5 finalistes et remportera l\u2019Oscar!<br \/>\nF\u00e9licitations \u00e0 M.Ridha B\u00e9hi, \u00e0 toute l\u2019\u00e9quipe du film et \u00e0 la Tunisie!<\/p>\n<p><strong>Neila Driss<\/strong><\/p>\n<p><img decoding=\"async\" class=\"aligncenter wp-image-136652 size-full\" src=\"http:\/\/www.webdo.tn\/wp-content\/uploads\/2016\/09\/Oscar.jpg\" alt=\"Oscar Fleur Alep \" width=\"742\" height=\"960\">\n\t\t\t\t\t\t\t\t<\/div>\n<div class=\"coprs\" style=\"text-align: center\"><\/div><\/div>\n","protected":false},"excerpt":{"rendered":"<p>Fleur d\u2019Alep   s\u00e9lectionn\u00e9 pour repr\u00e9senter la Tunisie pour l\u2019Oscar du meilleur film en langue \u00e9trang\u00e8re<\/p>\n","protected":false},"author":3164,"featured_media":313176,"comment_status":"open","ping_status":"closed","sticky":false,"template":"","format":"standard","meta":{"footnotes":""},"categories":[2594],"tags":[2600],"class_list":["post-199623","post","type-post","status-publish","format-standard","has-post-thumbnail","hentry","category-culture","tag-guerre"],"yoast_head":"<!-- This site is optimized with the Yoast SEO Premium plugin v27.5 (Yoast SEO v27.5) - https:\/\/yoast.com\/product\/yoast-seo-premium-wordpress\/ -->\n<title>Fleur d\u2019Alep s\u00e9lectionn\u00e9 pour repr\u00e9senter la Tunisie pour l\u2019Oscar du meilleur film en langue \u00e9trang\u00e8re<\/title>\n<meta name=\"description\" content=\"Fleur d\u2019Alep s\u00e9lectionn\u00e9 pour repr\u00e9senter la Tunisie pour l\u2019Oscar du meilleur film en langue \u00e9trang\u00e8re\" \/>\n<link rel=\"canonical\" href=\"https:\/\/www.webdo.tn\/fr\/actualite\/culture\/fleur-dalep-selectionne-representer-tunisie-loscar-meilleur-film-langue-etrangere\/199623\/\" \/>\n<meta property=\"og:locale\" content=\"fr_FR\" \/>\n<meta property=\"og:type\" content=\"article\" \/>\n<meta property=\"og:title\" content=\"&quot; Fleur d\u2019Alep &quot; s\u00e9lectionn\u00e9 pour repr\u00e9senter la Tunisie pour l\u2019Oscar du meilleur film en langue \u00e9trang\u00e8re\" \/>\n<meta property=\"og:description\" content=\"Fleur d\u2019Alep s\u00e9lectionn\u00e9 pour repr\u00e9senter la Tunisie pour l\u2019Oscar du meilleur film en langue \u00e9trang\u00e8re\" \/>\n<meta property=\"og:url\" content=\"https:\/\/www.webdo.tn\/fr\/actualite\/culture\/fleur-dalep-selectionne-representer-tunisie-loscar-meilleur-film-langue-etrangere\/199623\/\" \/>\n<meta property=\"og:site_name\" content=\"webdo\" \/>\n<meta property=\"article:publisher\" content=\"https:\/\/www.facebook.com\/webdotn\" \/>\n<meta property=\"article:author\" content=\"https:\/\/www.facebook.com\/massir.destiniii\/\" \/>\n<meta property=\"article:published_time\" content=\"2016-09-02T16:19:00+00:00\" \/>\n<meta property=\"article:modified_time\" content=\"2025-05-19T09:19:43+00:00\" \/>\n<meta property=\"og:image\" content=\"https:\/\/www.webdo.tn\/fr\/wp-content\/uploads\/2016\/09\/Fleur-dAlep-210x300-1.jpg\" \/>\n\t<meta property=\"og:image:width\" content=\"210\" \/>\n\t<meta property=\"og:image:height\" content=\"300\" \/>\n\t<meta property=\"og:image:type\" content=\"image\/jpeg\" \/>\n<meta name=\"author\" content=\"Ne\u00efla DRISS\" \/>\n<meta name=\"twitter:card\" content=\"summary_large_image\" \/>\n<meta name=\"twitter:creator\" content=\"@https:\/\/x.com\/MassirDestin\" \/>\n<meta name=\"twitter:site\" content=\"@webdo_tn\" \/>\n<meta name=\"twitter:label1\" content=\"\u00c9crit par\" \/>\n\t<meta name=\"twitter:data1\" content=\"Ne\u00efla DRISS\" \/>\n<script type=\"application\/ld+json\" class=\"yoast-schema-graph\">{\"@context\":\"https:\\\/\\\/schema.org\",\"@graph\":[{\"@type\":\"NewsArticle\",\"@id\":\"https:\\\/\\\/www.webdo.tn\\\/fr\\\/actualite\\\/culture\\\/fleur-dalep-selectionne-representer-tunisie-loscar-meilleur-film-langue-etrangere\\\/199623\\\/#article\",\"isPartOf\":{\"@id\":\"https:\\\/\\\/www.webdo.tn\\\/fr\\\/actualite\\\/culture\\\/fleur-dalep-selectionne-representer-tunisie-loscar-meilleur-film-langue-etrangere\\\/199623\\\/\"},\"author\":{\"name\":\"Ne\u00efla DRISS\",\"@id\":\"https:\\\/\\\/www.webdo.tn\\\/fr\\\/#\\\/schema\\\/person\\\/60d5ba619ed3f58783b0dc82b7dada80\"},\"headline\":\"\u00a0\u00bb Fleur d\u2019Alep \u00a0\u00bb s\u00e9lectionn\u00e9 pour repr\u00e9senter la Tunisie pour l\u2019Oscar du meilleur film en langue \u00e9trang\u00e8re\",\"datePublished\":\"2016-09-02T16:19:00+00:00\",\"dateModified\":\"2025-05-19T09:19:43+00:00\",\"mainEntityOfPage\":{\"@id\":\"https:\\\/\\\/www.webdo.tn\\\/fr\\\/actualite\\\/culture\\\/fleur-dalep-selectionne-representer-tunisie-loscar-meilleur-film-langue-etrangere\\\/199623\\\/\"},\"wordCount\":116,\"commentCount\":0,\"publisher\":{\"@id\":\"https:\\\/\\\/www.webdo.tn\\\/fr\\\/#organization\"},\"image\":{\"@id\":\"https:\\\/\\\/www.webdo.tn\\\/fr\\\/actualite\\\/culture\\\/fleur-dalep-selectionne-representer-tunisie-loscar-meilleur-film-langue-etrangere\\\/199623\\\/#primaryimage\"},\"thumbnailUrl\":\"https:\\\/\\\/www.webdo.tn\\\/fr\\\/wp-content\\\/uploads\\\/2016\\\/09\\\/Fleur-dAlep-210x300-1.jpg\",\"keywords\":[\"guerre\"],\"articleSection\":[\"Culture\"],\"inLanguage\":\"fr-FR\"},{\"@type\":\"WebPage\",\"@id\":\"https:\\\/\\\/www.webdo.tn\\\/fr\\\/actualite\\\/culture\\\/fleur-dalep-selectionne-representer-tunisie-loscar-meilleur-film-langue-etrangere\\\/199623\\\/\",\"url\":\"https:\\\/\\\/www.webdo.tn\\\/fr\\\/actualite\\\/culture\\\/fleur-dalep-selectionne-representer-tunisie-loscar-meilleur-film-langue-etrangere\\\/199623\\\/\",\"name\":\"Fleur d\u2019Alep s\u00e9lectionn\u00e9 pour repr\u00e9senter la Tunisie pour l\u2019Oscar du meilleur film en langue \u00e9trang\u00e8re\",\"isPartOf\":{\"@id\":\"https:\\\/\\\/www.webdo.tn\\\/fr\\\/#website\"},\"primaryImageOfPage\":{\"@id\":\"https:\\\/\\\/www.webdo.tn\\\/fr\\\/actualite\\\/culture\\\/fleur-dalep-selectionne-representer-tunisie-loscar-meilleur-film-langue-etrangere\\\/199623\\\/#primaryimage\"},\"image\":{\"@id\":\"https:\\\/\\\/www.webdo.tn\\\/fr\\\/actualite\\\/culture\\\/fleur-dalep-selectionne-representer-tunisie-loscar-meilleur-film-langue-etrangere\\\/199623\\\/#primaryimage\"},\"thumbnailUrl\":\"https:\\\/\\\/www.webdo.tn\\\/fr\\\/wp-content\\\/uploads\\\/2016\\\/09\\\/Fleur-dAlep-210x300-1.jpg\",\"datePublished\":\"2016-09-02T16:19:00+00:00\",\"dateModified\":\"2025-05-19T09:19:43+00:00\",\"description\":\"Fleur d\u2019Alep s\u00e9lectionn\u00e9 pour repr\u00e9senter la Tunisie pour l\u2019Oscar du meilleur film en langue \u00e9trang\u00e8re\",\"breadcrumb\":{\"@id\":\"https:\\\/\\\/www.webdo.tn\\\/fr\\\/actualite\\\/culture\\\/fleur-dalep-selectionne-representer-tunisie-loscar-meilleur-film-langue-etrangere\\\/199623\\\/#breadcrumb\"},\"inLanguage\":\"fr-FR\",\"potentialAction\":[{\"@type\":\"ReadAction\",\"target\":[\"https:\\\/\\\/www.webdo.tn\\\/fr\\\/actualite\\\/culture\\\/fleur-dalep-selectionne-representer-tunisie-loscar-meilleur-film-langue-etrangere\\\/199623\\\/\"]}]},{\"@type\":\"ImageObject\",\"inLanguage\":\"fr-FR\",\"@id\":\"https:\\\/\\\/www.webdo.tn\\\/fr\\\/actualite\\\/culture\\\/fleur-dalep-selectionne-representer-tunisie-loscar-meilleur-film-langue-etrangere\\\/199623\\\/#primaryimage\",\"url\":\"https:\\\/\\\/www.webdo.tn\\\/fr\\\/wp-content\\\/uploads\\\/2016\\\/09\\\/Fleur-dAlep-210x300-1.jpg\",\"contentUrl\":\"https:\\\/\\\/www.webdo.tn\\\/fr\\\/wp-content\\\/uploads\\\/2016\\\/09\\\/Fleur-dAlep-210x300-1.jpg\",\"width\":210,\"height\":300,\"caption\":\"\\\" Fleur d\u2019Alep \\\" s\u00e9lectionn\u00e9 pour repr\u00e9senter la Tunisie pour l\u2019Oscar du meilleur film en langue \u00e9trang\u00e8re\"},{\"@type\":\"BreadcrumbList\",\"@id\":\"https:\\\/\\\/www.webdo.tn\\\/fr\\\/actualite\\\/culture\\\/fleur-dalep-selectionne-representer-tunisie-loscar-meilleur-film-langue-etrangere\\\/199623\\\/#breadcrumb\",\"itemListElement\":[{\"@type\":\"ListItem\",\"position\":1,\"name\":\"Accueil\",\"item\":\"https:\\\/\\\/www.webdo.tn\\\/fr\\\/\"},{\"@type\":\"ListItem\",\"position\":2,\"name\":\"\u00a0\u00bb Fleur d\u2019Alep \u00a0\u00bb s\u00e9lectionn\u00e9 pour repr\u00e9senter la Tunisie pour l\u2019Oscar du meilleur film en langue \u00e9trang\u00e8re\"}]},{\"@type\":\"WebSite\",\"@id\":\"https:\\\/\\\/www.webdo.tn\\\/fr\\\/#website\",\"url\":\"https:\\\/\\\/www.webdo.tn\\\/fr\\\/\",\"name\":\"webdo\",\"description\":\"Tunisie - News en Tunisie et \u00e0 l&#039;international sur Webdo.tn\",\"publisher\":{\"@id\":\"https:\\\/\\\/www.webdo.tn\\\/fr\\\/#organization\"},\"potentialAction\":[{\"@type\":\"SearchAction\",\"target\":{\"@type\":\"EntryPoint\",\"urlTemplate\":\"https:\\\/\\\/www.webdo.tn\\\/fr\\\/?s={search_term_string}\"},\"query-input\":{\"@type\":\"PropertyValueSpecification\",\"valueRequired\":true,\"valueName\":\"search_term_string\"}}],\"inLanguage\":\"fr-FR\"},{\"@type\":\"Organization\",\"@id\":\"https:\\\/\\\/www.webdo.tn\\\/fr\\\/#organization\",\"name\":\"Webdo\",\"alternateName\":\"Webdo.tn\",\"url\":\"https:\\\/\\\/www.webdo.tn\\\/fr\\\/\",\"logo\":{\"@type\":\"ImageObject\",\"inLanguage\":\"fr-FR\",\"@id\":\"https:\\\/\\\/www.webdo.tn\\\/fr\\\/#\\\/schema\\\/logo\\\/image\\\/\",\"url\":\"https:\\\/\\\/www.webdo.tn\\\/fr\\\/wp-content\\\/uploads\\\/2025\\\/06\\\/Webdo-Tunisie_168377.jpg\",\"contentUrl\":\"https:\\\/\\\/www.webdo.tn\\\/fr\\\/wp-content\\\/uploads\\\/2025\\\/06\\\/Webdo-Tunisie_168377.jpg\",\"width\":301,\"height\":301,\"caption\":\"Webdo\"},\"image\":{\"@id\":\"https:\\\/\\\/www.webdo.tn\\\/fr\\\/#\\\/schema\\\/logo\\\/image\\\/\"},\"sameAs\":[\"https:\\\/\\\/www.facebook.com\\\/webdotn\",\"https:\\\/\\\/x.com\\\/webdo_tn\"],\"description\":\"Webdo est un m\u00e9dia num\u00e9rique tunisien fond\u00e9 en 2010, sp\u00e9cialis\u00e9 dans l\u2019actualit\u00e9 nationale et internationale, l\u2019\u00e9conomie, la soci\u00e9t\u00e9 et les analyses politiques. Le site s\u2019adresse \u00e0 un large public francophone et couvre l\u2019information tunisienne en temps r\u00e9el.\",\"email\":\"redac@webdo.tn\",\"legalName\":\"YNJ SARL\",\"foundingDate\":\"2010-09-06\",\"numberOfEmployees\":{\"@type\":\"QuantitativeValue\",\"minValue\":\"11\",\"maxValue\":\"50\"}},{\"@type\":\"Person\",\"@id\":\"https:\\\/\\\/www.webdo.tn\\\/fr\\\/#\\\/schema\\\/person\\\/60d5ba619ed3f58783b0dc82b7dada80\",\"name\":\"Ne\u00efla DRISS\",\"image\":{\"@type\":\"ImageObject\",\"inLanguage\":\"fr-FR\",\"@id\":\"https:\\\/\\\/www.webdo.tn\\\/fr\\\/wp-content\\\/uploads\\\/2026\\\/04\\\/neila-driss_avatar-96x96.jpg\",\"url\":\"https:\\\/\\\/www.webdo.tn\\\/fr\\\/wp-content\\\/uploads\\\/2026\\\/04\\\/neila-driss_avatar-96x96.jpg\",\"contentUrl\":\"https:\\\/\\\/www.webdo.tn\\\/fr\\\/wp-content\\\/uploads\\\/2026\\\/04\\\/neila-driss_avatar-96x96.jpg\",\"caption\":\"Ne\u00efla DRISS\"},\"description\":\"Ne\u00efla Driss est juriste, journaliste culturelle et critique de cin\u00e9ma tunisienne. Titulaire d\u2019un DEA en droit priv\u00e9 de l\u2019Universit\u00e9 Paris II et d\u2019un DESS de l\u2019IHEC Carthage, elle d\u00e9bute sa carri\u00e8re comme juriste sp\u00e9cialis\u00e9e en gestion de patrimoine immobilier. Elle s\u2019oriente ensuite vers l\u2019\u00e9criture en ligne, o\u00f9 elle se distingue d\u00e8s 2006 aux Tunisia Blog Awards, avant de se consacrer au journalisme culturel, avec une sp\u00e9cialisation dans la critique cin\u00e9matographique. Elle couvre r\u00e9guli\u00e8rement les grands festivals internationaux, notamment le Festival de Cannes, les Journ\u00e9es Cin\u00e9matographiques de Carthage et le Festival du film du Caire. Membre de l\u2019ATPCC et de la FIPRESCI, elle participe \u00e0 des jurys et initiatives internationales de critique. Depuis 2024, elle est \u00e9lectrice internationale aux Golden Globes. Facebook : https:\\\/\\\/www.facebook.com\\\/massir.destiniii\\\/ X : https:\\\/\\\/x.com\\\/MassirDestin\",\"sameAs\":[\"https:\\\/\\\/www.facebook.com\\\/massir.destiniii\\\/\",\"https:\\\/\\\/www.instagram.com\\\/neila.driss\\\/?hl=fr\",\"https:\\\/\\\/www.linkedin.com\\\/in\\\/neila-driss-22606a80\\\/\",\"https:\\\/\\\/x.com\\\/https:\\\/\\\/x.com\\\/MassirDestin\"],\"knowsAbout\":[\"Cin\u00e9ma international\",\"critique cin\u00e9matographique\",\"festivals de cin\u00e9ma\",\"journalisme culturel\"],\"knowsLanguage\":[\"Fran\u00e7ais\",\"Arabe\",\"Anglais\"],\"jobTitle\":\"Journaliste culturelle et critique de cin\u00e9ma\",\"worksFor\":\"Webdo\",\"url\":\"https:\\\/\\\/www.webdo.tn\\\/fr\\\/actualite\\\/author\\\/neila-driss\\\/\"}]}<\/script>\n<!-- \/ Yoast SEO Premium plugin. -->","yoast_head_json":{"title":"Fleur d\u2019Alep s\u00e9lectionn\u00e9 pour repr\u00e9senter la Tunisie pour l\u2019Oscar du meilleur film en langue \u00e9trang\u00e8re","description":"Fleur d\u2019Alep s\u00e9lectionn\u00e9 pour repr\u00e9senter la Tunisie pour l\u2019Oscar du meilleur film en langue \u00e9trang\u00e8re","canonical":"https:\/\/www.webdo.tn\/fr\/actualite\/culture\/fleur-dalep-selectionne-representer-tunisie-loscar-meilleur-film-langue-etrangere\/199623\/","og_locale":"fr_FR","og_type":"article","og_title":"\" Fleur d\u2019Alep \" s\u00e9lectionn\u00e9 pour repr\u00e9senter la Tunisie pour l\u2019Oscar du meilleur film en langue \u00e9trang\u00e8re","og_description":"Fleur d\u2019Alep s\u00e9lectionn\u00e9 pour repr\u00e9senter la Tunisie pour l\u2019Oscar du meilleur film en langue \u00e9trang\u00e8re","og_url":"https:\/\/www.webdo.tn\/fr\/actualite\/culture\/fleur-dalep-selectionne-representer-tunisie-loscar-meilleur-film-langue-etrangere\/199623\/","og_site_name":"webdo","article_publisher":"https:\/\/www.facebook.com\/webdotn","article_author":"https:\/\/www.facebook.com\/massir.destiniii\/","article_published_time":"2016-09-02T16:19:00+00:00","article_modified_time":"2025-05-19T09:19:43+00:00","og_image":[{"width":210,"height":300,"url":"https:\/\/www.webdo.tn\/fr\/wp-content\/uploads\/2016\/09\/Fleur-dAlep-210x300-1.jpg","type":"image\/jpeg"}],"author":"Ne\u00efla DRISS","twitter_card":"summary_large_image","twitter_creator":"@https:\/\/x.com\/MassirDestin","twitter_site":"@webdo_tn","twitter_misc":{"\u00c9crit par":"Ne\u00efla DRISS"},"schema":{"@context":"https:\/\/schema.org","@graph":[{"@type":"NewsArticle","@id":"https:\/\/www.webdo.tn\/fr\/actualite\/culture\/fleur-dalep-selectionne-representer-tunisie-loscar-meilleur-film-langue-etrangere\/199623\/#article","isPartOf":{"@id":"https:\/\/www.webdo.tn\/fr\/actualite\/culture\/fleur-dalep-selectionne-representer-tunisie-loscar-meilleur-film-langue-etrangere\/199623\/"},"author":{"name":"Ne\u00efla DRISS","@id":"https:\/\/www.webdo.tn\/fr\/#\/schema\/person\/60d5ba619ed3f58783b0dc82b7dada80"},"headline":"\u00a0\u00bb Fleur d\u2019Alep \u00a0\u00bb s\u00e9lectionn\u00e9 pour repr\u00e9senter la Tunisie pour l\u2019Oscar du meilleur film en langue \u00e9trang\u00e8re","datePublished":"2016-09-02T16:19:00+00:00","dateModified":"2025-05-19T09:19:43+00:00","mainEntityOfPage":{"@id":"https:\/\/www.webdo.tn\/fr\/actualite\/culture\/fleur-dalep-selectionne-representer-tunisie-loscar-meilleur-film-langue-etrangere\/199623\/"},"wordCount":116,"commentCount":0,"publisher":{"@id":"https:\/\/www.webdo.tn\/fr\/#organization"},"image":{"@id":"https:\/\/www.webdo.tn\/fr\/actualite\/culture\/fleur-dalep-selectionne-representer-tunisie-loscar-meilleur-film-langue-etrangere\/199623\/#primaryimage"},"thumbnailUrl":"https:\/\/www.webdo.tn\/fr\/wp-content\/uploads\/2016\/09\/Fleur-dAlep-210x300-1.jpg","keywords":["guerre"],"articleSection":["Culture"],"inLanguage":"fr-FR"},{"@type":"WebPage","@id":"https:\/\/www.webdo.tn\/fr\/actualite\/culture\/fleur-dalep-selectionne-representer-tunisie-loscar-meilleur-film-langue-etrangere\/199623\/","url":"https:\/\/www.webdo.tn\/fr\/actualite\/culture\/fleur-dalep-selectionne-representer-tunisie-loscar-meilleur-film-langue-etrangere\/199623\/","name":"Fleur d\u2019Alep s\u00e9lectionn\u00e9 pour repr\u00e9senter la Tunisie pour l\u2019Oscar du meilleur film en langue \u00e9trang\u00e8re","isPartOf":{"@id":"https:\/\/www.webdo.tn\/fr\/#website"},"primaryImageOfPage":{"@id":"https:\/\/www.webdo.tn\/fr\/actualite\/culture\/fleur-dalep-selectionne-representer-tunisie-loscar-meilleur-film-langue-etrangere\/199623\/#primaryimage"},"image":{"@id":"https:\/\/www.webdo.tn\/fr\/actualite\/culture\/fleur-dalep-selectionne-representer-tunisie-loscar-meilleur-film-langue-etrangere\/199623\/#primaryimage"},"thumbnailUrl":"https:\/\/www.webdo.tn\/fr\/wp-content\/uploads\/2016\/09\/Fleur-dAlep-210x300-1.jpg","datePublished":"2016-09-02T16:19:00+00:00","dateModified":"2025-05-19T09:19:43+00:00","description":"Fleur d\u2019Alep s\u00e9lectionn\u00e9 pour repr\u00e9senter la Tunisie pour l\u2019Oscar du meilleur film en langue \u00e9trang\u00e8re","breadcrumb":{"@id":"https:\/\/www.webdo.tn\/fr\/actualite\/culture\/fleur-dalep-selectionne-representer-tunisie-loscar-meilleur-film-langue-etrangere\/199623\/#breadcrumb"},"inLanguage":"fr-FR","potentialAction":[{"@type":"ReadAction","target":["https:\/\/www.webdo.tn\/fr\/actualite\/culture\/fleur-dalep-selectionne-representer-tunisie-loscar-meilleur-film-langue-etrangere\/199623\/"]}]},{"@type":"ImageObject","inLanguage":"fr-FR","@id":"https:\/\/www.webdo.tn\/fr\/actualite\/culture\/fleur-dalep-selectionne-representer-tunisie-loscar-meilleur-film-langue-etrangere\/199623\/#primaryimage","url":"https:\/\/www.webdo.tn\/fr\/wp-content\/uploads\/2016\/09\/Fleur-dAlep-210x300-1.jpg","contentUrl":"https:\/\/www.webdo.tn\/fr\/wp-content\/uploads\/2016\/09\/Fleur-dAlep-210x300-1.jpg","width":210,"height":300,"caption":"\" Fleur d\u2019Alep \" s\u00e9lectionn\u00e9 pour repr\u00e9senter la Tunisie pour l\u2019Oscar du meilleur film en langue \u00e9trang\u00e8re"},{"@type":"BreadcrumbList","@id":"https:\/\/www.webdo.tn\/fr\/actualite\/culture\/fleur-dalep-selectionne-representer-tunisie-loscar-meilleur-film-langue-etrangere\/199623\/#breadcrumb","itemListElement":[{"@type":"ListItem","position":1,"name":"Accueil","item":"https:\/\/www.webdo.tn\/fr\/"},{"@type":"ListItem","position":2,"name":"\u00a0\u00bb Fleur d\u2019Alep \u00a0\u00bb s\u00e9lectionn\u00e9 pour repr\u00e9senter la Tunisie pour l\u2019Oscar du meilleur film en langue \u00e9trang\u00e8re"}]},{"@type":"WebSite","@id":"https:\/\/www.webdo.tn\/fr\/#website","url":"https:\/\/www.webdo.tn\/fr\/","name":"webdo","description":"Tunisie - News en Tunisie et \u00e0 l&#039;international sur Webdo.tn","publisher":{"@id":"https:\/\/www.webdo.tn\/fr\/#organization"},"potentialAction":[{"@type":"SearchAction","target":{"@type":"EntryPoint","urlTemplate":"https:\/\/www.webdo.tn\/fr\/?s={search_term_string}"},"query-input":{"@type":"PropertyValueSpecification","valueRequired":true,"valueName":"search_term_string"}}],"inLanguage":"fr-FR"},{"@type":"Organization","@id":"https:\/\/www.webdo.tn\/fr\/#organization","name":"Webdo","alternateName":"Webdo.tn","url":"https:\/\/www.webdo.tn\/fr\/","logo":{"@type":"ImageObject","inLanguage":"fr-FR","@id":"https:\/\/www.webdo.tn\/fr\/#\/schema\/logo\/image\/","url":"https:\/\/www.webdo.tn\/fr\/wp-content\/uploads\/2025\/06\/Webdo-Tunisie_168377.jpg","contentUrl":"https:\/\/www.webdo.tn\/fr\/wp-content\/uploads\/2025\/06\/Webdo-Tunisie_168377.jpg","width":301,"height":301,"caption":"Webdo"},"image":{"@id":"https:\/\/www.webdo.tn\/fr\/#\/schema\/logo\/image\/"},"sameAs":["https:\/\/www.facebook.com\/webdotn","https:\/\/x.com\/webdo_tn"],"description":"Webdo est un m\u00e9dia num\u00e9rique tunisien fond\u00e9 en 2010, sp\u00e9cialis\u00e9 dans l\u2019actualit\u00e9 nationale et internationale, l\u2019\u00e9conomie, la soci\u00e9t\u00e9 et les analyses politiques. Le site s\u2019adresse \u00e0 un large public francophone et couvre l\u2019information tunisienne en temps r\u00e9el.","email":"redac@webdo.tn","legalName":"YNJ SARL","foundingDate":"2010-09-06","numberOfEmployees":{"@type":"QuantitativeValue","minValue":"11","maxValue":"50"}},{"@type":"Person","@id":"https:\/\/www.webdo.tn\/fr\/#\/schema\/person\/60d5ba619ed3f58783b0dc82b7dada80","name":"Ne\u00efla DRISS","image":{"@type":"ImageObject","inLanguage":"fr-FR","@id":"https:\/\/www.webdo.tn\/fr\/wp-content\/uploads\/2026\/04\/neila-driss_avatar-96x96.jpg","url":"https:\/\/www.webdo.tn\/fr\/wp-content\/uploads\/2026\/04\/neila-driss_avatar-96x96.jpg","contentUrl":"https:\/\/www.webdo.tn\/fr\/wp-content\/uploads\/2026\/04\/neila-driss_avatar-96x96.jpg","caption":"Ne\u00efla DRISS"},"description":"Ne\u00efla Driss est juriste, journaliste culturelle et critique de cin\u00e9ma tunisienne. Titulaire d\u2019un DEA en droit priv\u00e9 de l\u2019Universit\u00e9 Paris II et d\u2019un DESS de l\u2019IHEC Carthage, elle d\u00e9bute sa carri\u00e8re comme juriste sp\u00e9cialis\u00e9e en gestion de patrimoine immobilier. Elle s\u2019oriente ensuite vers l\u2019\u00e9criture en ligne, o\u00f9 elle se distingue d\u00e8s 2006 aux Tunisia Blog Awards, avant de se consacrer au journalisme culturel, avec une sp\u00e9cialisation dans la critique cin\u00e9matographique. Elle couvre r\u00e9guli\u00e8rement les grands festivals internationaux, notamment le Festival de Cannes, les Journ\u00e9es Cin\u00e9matographiques de Carthage et le Festival du film du Caire. Membre de l\u2019ATPCC et de la FIPRESCI, elle participe \u00e0 des jurys et initiatives internationales de critique. Depuis 2024, elle est \u00e9lectrice internationale aux Golden Globes. Facebook : https:\/\/www.facebook.com\/massir.destiniii\/ X : https:\/\/x.com\/MassirDestin","sameAs":["https:\/\/www.facebook.com\/massir.destiniii\/","https:\/\/www.instagram.com\/neila.driss\/?hl=fr","https:\/\/www.linkedin.com\/in\/neila-driss-22606a80\/","https:\/\/x.com\/https:\/\/x.com\/MassirDestin"],"knowsAbout":["Cin\u00e9ma international","critique cin\u00e9matographique","festivals de cin\u00e9ma","journalisme culturel"],"knowsLanguage":["Fran\u00e7ais","Arabe","Anglais"],"jobTitle":"Journaliste culturelle et critique de cin\u00e9ma","worksFor":"Webdo","url":"https:\/\/www.webdo.tn\/fr\/actualite\/author\/neila-driss\/"}]}},"_links":{"self":[{"href":"https:\/\/www.webdo.tn\/fr\/wp-json\/wp\/v2\/posts\/199623","targetHints":{"allow":["GET"]}}],"collection":[{"href":"https:\/\/www.webdo.tn\/fr\/wp-json\/wp\/v2\/posts"}],"about":[{"href":"https:\/\/www.webdo.tn\/fr\/wp-json\/wp\/v2\/types\/post"}],"author":[{"embeddable":true,"href":"https:\/\/www.webdo.tn\/fr\/wp-json\/wp\/v2\/users\/3164"}],"replies":[{"embeddable":true,"href":"https:\/\/www.webdo.tn\/fr\/wp-json\/wp\/v2\/comments?post=199623"}],"version-history":[{"count":0,"href":"https:\/\/www.webdo.tn\/fr\/wp-json\/wp\/v2\/posts\/199623\/revisions"}],"wp:featuredmedia":[{"embeddable":true,"href":"https:\/\/www.webdo.tn\/fr\/wp-json\/wp\/v2\/media\/313176"}],"wp:attachment":[{"href":"https:\/\/www.webdo.tn\/fr\/wp-json\/wp\/v2\/media?parent=199623"}],"wp:term":[{"taxonomy":"category","embeddable":true,"href":"https:\/\/www.webdo.tn\/fr\/wp-json\/wp\/v2\/categories?post=199623"},{"taxonomy":"post_tag","embeddable":true,"href":"https:\/\/www.webdo.tn\/fr\/wp-json\/wp\/v2\/tags?post=199623"}],"curies":[{"name":"wp","href":"https:\/\/api.w.org\/{rel}","templated":true}]}}