{"id":199622,"date":"2016-09-02T12:37:00","date_gmt":"2016-09-02T12:37:00","guid":{"rendered":"https:\/\/www.webdo.tn\/fr\/blog\/fifag-festival-va-eclairer-sud\/199622\/"},"modified":"2025-05-19T09:19:38","modified_gmt":"2025-05-19T09:19:38","slug":"fifag-festival-va-eclairer-sud","status":"publish","type":"post","link":"https:\/\/www.webdo.tn\/fr\/actualite\/culture\/fifag-festival-va-eclairer-sud\/199622\/","title":{"rendered":"Le FIFAG, un festival qui va \u00e9clairer le Sud !"},"content":{"rendered":"<div class=\"single-body entry-content typography-copy\" itemprop=\"articleBody\">\n<p style=\"font-weight: bold; text-align: justify\">\n<div class=\"coprs\" style=\"text-align: center\"><\/div>\n<div class=\"coprs\" style=\"text-align: justify\">\n<p>Plus que 3 semaines \u00e0 attendre et d\u00e9butera la deuxi\u00e8me \u00e9dition du Festival International du Film Arabe de Gab\u00e8s ( FIFAG ) qui aura lieu du 24 au 30 septembre 2016.<\/p>\n<p>Les pr\u00e9paratifs vont bon train et Dorra Bouchoucha est d\u00e9j\u00e0 sur place, \u00e0 Gab\u00e8s, pour \u00abcoacher\u00bb les \u00e9quipes de b\u00e9n\u00e9voles.<\/p>\n<p>Le comit\u00e9 d\u2019organisation du festival annoncera les titres des films en comp\u00e9tition, les noms de tous les participants et invit\u00e9s, des membres des deux jurys et de toutes les autres surprises que nous r\u00e9serve cet \u00e9v\u00e9nement lors de deux conf\u00e9rences de presse pr\u00e9vues l\u2019une le 10 septembre \u00e0 Gab\u00e8s et l\u2019autre le 14 septembre \u00e0 Tunis.<\/p>\n<p>Deux titres de films ont quand m\u00eame d\u2019ores et d\u00e9j\u00e0 \u00e9t\u00e9 d\u00e9voil\u00e9s :<\/p>\n<p>&#8211; Le film palestinien <a href=\"https:\/\/www.youtube.com\/watch?v=Ekn3RBZJ5zQ\">\u00abD\u00e9grad\u00e9\u00bb<\/a> des fr\u00e8res Tarzon et Arab Nasser sera projet\u00e9 lors de la soir\u00e9e d\u2019ouverture du festival. \u00abD\u00e9grad\u00e9\u00bb avait \u00e9t\u00e9 s\u00e9lectionn\u00e9 en comp\u00e9tition officielle aux <a href=\"http:\/\/www.jcctunisie.org\/\">JCC 2015<\/a> et avait \u00e9t\u00e9 nomm\u00e9 dans cinq sections diff\u00e9rentes du Festival de Cannes 2015.<\/p>\n<p>&#8211; Le court m\u00e9trage \u00ab Hawiya, ID\u00bb de la r\u00e9alisatrice saoudienne Hanaa Saleh Alfassi.<\/p>\n<p>La soir\u00e9e d\u2019ouverture du festival se d\u00e9roulera \u00e0 Jarra. La chanteuse Zohra Lajnaf donnera un concert avant la projection du film.<\/p>\n<p>Ce jeune festival, dont la pr\u00e9sidente d\u2019honneur est la star internationale tunisienne <a href=\"https:\/\/fr.wikipedia.org\/wiki\/Hend_Sabri\">Hend Sabry<\/a> recevra quelques invit\u00e9s prestigieux, dont l\u2019acteur \u00e9gyptien <a href=\"http:\/\/www.imdb.com\/name\/nm1178100\/\">Khaled Abol Naga<\/a>, l\u2019actrice syrienne Kinda Allouch et le r\u00e9alisateur \u00e9gyptien Ahmed Rashwan.<\/p>\n<p><img decoding=\"async\" class=\"alignright wp-image-136646\" src=\"http:\/\/www.webdo.tn\/wp-content\/uploads\/2016\/09\/Hawiya-ID-201x300.jpg\" alt=\"Hawiya ID\" width=\"224\" height=\"334\">En marge des activit\u00e9s li\u00e9es au cin\u00e9ma, le comit\u00e9 organisateur a concoct\u00e9 un programme culturel tr\u00e8s int\u00e9ressant qui sera justement d\u00e9voil\u00e9 prochainement.<\/p>\n<p>Des hommages seront aussi rendus lors de cette deuxi\u00e8me \u00e9dition du festival, dont l\u2019un <a href=\"http:\/\/www.webdo.tn\/2016\/08\/23\/mohamed-khan-festival-international-film-arabe-de-gabes\/\">au r\u00e9alisateur \u00e9gyptien Mohamed Khan <\/a>d\u00e9c\u00e9d\u00e9 en juillet 2016.<\/p>\n<p>On pourrait s\u2019\u00e9tonner qu\u2019un tel festival se tienne \u00e0 Gab\u00e8s, alors que cette ville ne poss\u00e8de m\u00eame pas une salle de cin\u00e9ma. N\u2019est ce pas curieux ?<\/p>\n<p>\u00a0<\/p>\n<p>D\u2019apr\u00e8s Mahmoud Jemni, Pr\u00e9sident du festival, il est justement temps de former des cin\u00e9philes dans cette r\u00e9gion de Gab\u00e8s en promouvant et consolidant la culture cin\u00e9matographique et en faisant connaitre au public et plus particuli\u00e8rement aux jeunes, le cin\u00e9ma national et les cin\u00e9mas arabes. Pour lui, le cin\u00e9ma arabe est devenu tr\u00e8s riche, la cr\u00e9ation s\u2019est tr\u00e8s diversifi\u00e9e et n\u2019est plus centr\u00e9e sur le seul cin\u00e9ma \u00e9gyptien. Cela est du en grande partie aux jeunes qui ne cessent d\u2019innover et d\u2019inventer leur propre cin\u00e9ma.<\/p>\n<figure id=\"attachment_136648\" aria-describedby=\"caption-attachment-136648\" style=\"width: 201px\" class=\"wp-caption alignright\"><img decoding=\"async\" class=\"wp-image-136648 size-medium\" src=\"http:\/\/www.webdo.tn\/wp-content\/uploads\/2016\/09\/Khaled-Abol-Naga-201x300.jpg\" alt=\"Khaled Abol Naga\" width=\"201\" height=\"300\"><figcaption id=\"caption-attachment-136648\" class=\"wp-caption-text\">Khaled Abol Naga<\/figcaption><\/figure>\n<p>Ces jeunes ont un pouvoir de cr\u00e9ation incroyable affirme-t-il. Et puis, ajoute-t-il, pourquoi tout doit-il se faire \u00e0 Tunis ? Pourquoi est-ce que la capitale devrait s\u2019accaparer tous les \u00e9v\u00e9nements culturels? Pourquoi est-ce qu\u2019elle devrait d\u00e9cider pour les r\u00e9gions? Pourquoi est-ce que chaque r\u00e9gion ne devient-elle pas elle-m\u00eame un centre g\u00e9n\u00e9rateur d\u2019une action? Il faut \u0153uvrer pour une d\u00e9centralisation culturelle. Chaque r\u00e9gion a son propre potentiel humain, ses id\u00e9es, elle peut donc avoir des acteurs et des activit\u00e9s culturelles propres, Gab\u00e8s en est un exemple.<\/p>\n<p>\u00a0<\/p>\n<p>Ce genre d\u2019\u00e9v\u00e9nement peut encourager les gens \u00e0 cr\u00e9er, \u00e0 agir, cela peut attirer les hommes d\u2019affaires qui y verraient une occasion pour investir et une mani\u00e8re d\u2019aider les r\u00e9gions dont ils sont originaires. Et c\u2019est d\u2019ailleurs ainsi que ce festival de Gab\u00e8s a pu voir le jour gr\u00e2ce justement \u00e0 des sponsors, fils de cette r\u00e9gion, tels les fr\u00e8res Lassaad et Rafik Kilani et Wided Bouchamaoui, dont l\u2019aide mat\u00e9rielle et morale est tr\u00e8s pr\u00e9cieuse.<\/p>\n<figure id=\"attachment_136643\" aria-describedby=\"caption-attachment-136643\" style=\"width: 200px\" class=\"wp-caption alignright\"><img decoding=\"async\" class=\"wp-image-136643\" src=\"http:\/\/www.webdo.tn\/wp-content\/uploads\/2016\/09\/Hend-Sabri-1-300x288.jpg\" alt=\"Hend Sabri\" width=\"200\" height=\"192\"><figcaption id=\"caption-attachment-136643\" class=\"wp-caption-text\">Hend Sabry<\/figcaption><\/figure>\n<p>Hend Sabry, elle-m\u00eame fille du Sud, comme elle a tenu \u00e0 le rappeler lors de la premi\u00e8re \u00e9dition en 2015, travaille r\u00e9ellement et s\u00e9rieusement pour ce festival. Elle ne se contente pas de venir y assister juste pour le protocole, elle s\u2019y investie r\u00e9ellement car elle pense que la d\u00e9centralisation est bonne et que le FIFAG est \u00ab\u00a0un festival qui va \u00e9clairer le sud\u00a0\u00bb.<\/p>\n<p><strong>Neila Driss<\/strong><\/p>\n<p>\u00a0<\/p>\n<p><em>Lire sur le m\u00eame sujet:<\/em><\/p>\n<ul>\n<li><a href=\"http:\/\/www.webdo.tn\/2016\/07\/13\/tyrant-fiction-sinspire-de-realite-tunisienne\/\">Tyrant, la fiction qui s\u2019inspire de la r\u00e9alit\u00e9 tunisienne<\/a><\/li>\n<li><a href=\"http:\/\/www.webdo.tn\/2016\/07\/27\/cinema-arabe-a-conquete-public-europeen\/\">Le cin\u00e9ma arabe \u00e0 la conqu\u00eate du public europ\u00e9en ?<\/a><\/li>\n<li><a href=\"http:\/\/www.webdo.tn\/2016\/08\/23\/mohamed-khan-festival-international-film-arabe-de-gabes\/\">Mohamed Khan au Festival International du Film Arabe de Gab\u00e8s<\/a><\/li>\n<li><a title=\"Hussein Fahmy et le temps qui passe\u2026\" href=\"http:\/\/www.webdo.tn\/2016\/10\/17\/hussein-fahmy-temps-passe\/\" rel=\"bookmark\">Hussein Fahmy et le temps qui passe\u2026<\/a><\/li>\n<li><a href=\"http:\/\/www.webdo.tn\/2016\/10\/20\/journees-cinematographiques-de-carthage-lart-triomphera-toujours-terreur\/\">Journ\u00e9es Cin\u00e9matographiques de Carthage : L\u2019Art triomphera toujours de la terreur !<\/a><\/li>\n<li><a href=\"http:\/\/www.webdo.tn\/2016\/11\/29\/film-eyes-of-a-thief-journee-internationale-de-solidarite-peuple-palestinien\/\">Le film \u00ab\u00a0Eyes of a thief\u00a0\u00bb pour la Journ\u00e9e Internationale de Solidarit\u00e9 avec le peuple palestinien<\/a><\/li>\n<li><a href=\"http:\/\/www.webdo.tn\/2016\/12\/01\/gamal-abdel-nasser-une-controverse-qui-dure\/\">Gamal Abdel Nasser : une controverse qui dure\u2026<\/a><\/li>\n<li><a href=\"http:\/\/www.webdo.tn\/2016\/12\/10\/hommage-au-petit-omar-victime-de-la-betise-humaine\/\">Hommage au petit Omar, victime de la b\u00eatise humaine<\/a><\/li>\n<li><a href=\"http:\/\/www.webdo.tn\/2017\/02\/08\/mohamed-hefzy-dingenieur-metallurgie-medecin-cinema-arabe\/\">Mohamed Hefzy, d\u2019ing\u00e9nieur en m\u00e9tallurgie \u00e0 m\u00e9decin du cin\u00e9ma arabe<\/a><\/li>\n<li><a href=\"http:\/\/www.webdo.tn\/2017\/03\/07\/khaled-abol-naga-animera-la-ceremonie-de-cloture-de-sfax-capitale-de-la-culture-arabe\/\">Khaled Abol Naga animera la c\u00e9r\u00e9monie de cl\u00f4ture de \u00ab\u00a0Sfax, Capitale de la Culture Arabe\u00a0\u00bb<\/a><\/li>\n<li><a title=\"Aicha Ben Ahmed, une jeune actrice tunisienne \u00e0 la conqu\u00eate de l\u2019Egypte\" href=\"http:\/\/www.webdo.tn\/2017\/04\/19\/aicha-ben-ahmed-jeune-actrice-tunisienne-a-conquete-de-legypte\/\" rel=\"bookmark\">Aicha Ben Ahmed, une jeune actrice tunisienne \u00e0 la conqu\u00eate de l\u2019Egypte<\/a><\/li>\n<li><a title=\"Mohamed Diab, l\u2019\u00e9toile montante du cin\u00e9ma \u00e9gyptien \u00e0 Cannes\" href=\"http:\/\/www.webdo.tn\/2017\/07\/04\/mohamed-diab-letoile-montante-cinema-egyptien-a-cannes\/\" rel=\"bookmark\">Mohamed Diab, l\u2019\u00e9toile montante du cin\u00e9ma \u00e9gyptien \u00e0 Cannes<\/a><\/li>\n<li><a title=\"Les Vikings rencontrent l\u2019Emir Ziyadat Allah I \u00e0 Kairouan\" href=\"http:\/\/www.webdo.tn\/2017\/08\/01\/vikings-rencontrent-lemir-ziyadat-allah-i-a-kairouan\/\" rel=\"bookmark\">Les Vikings rencontrent l\u2019Emir Ziyadat Allah I \u00e0 Kairouan<\/a><\/li>\n<\/ul>\n<p>\u00a0\n\t\t\t\t\t\t\t\t<\/p><\/div>\n<div class=\"coprs\" style=\"text-align: center\"><\/div><\/div>\n","protected":false},"excerpt":{"rendered":"<p>Le FIFAG, un festival qui va \u00e9clairer le Sud !<\/p>\n","protected":false},"author":3164,"featured_media":313172,"comment_status":"open","ping_status":"closed","sticky":false,"template":"","format":"standard","meta":{"footnotes":""},"categories":[2594],"tags":[2600],"class_list":["post-199622","post","type-post","status-publish","format-standard","has-post-thumbnail","hentry","category-culture","tag-guerre"],"yoast_head":"<!-- This site is optimized with the Yoast SEO Premium plugin v27.5 (Yoast SEO v27.5) - https:\/\/yoast.com\/product\/yoast-seo-premium-wordpress\/ -->\n<title>Le FIFAG, un festival qui va \u00e9clairer le Sud !<\/title>\n<meta name=\"description\" content=\"Le FIFAG, un festival qui va \u00e9clairer le Sud !\" \/>\n<link rel=\"canonical\" href=\"https:\/\/www.webdo.tn\/fr\/actualite\/culture\/fifag-festival-va-eclairer-sud\/199622\/\" \/>\n<meta property=\"og:locale\" content=\"fr_FR\" \/>\n<meta property=\"og:type\" content=\"article\" \/>\n<meta property=\"og:title\" content=\"Le FIFAG, un festival qui va \u00e9clairer le Sud !\" \/>\n<meta property=\"og:description\" content=\"Le FIFAG, un festival qui va \u00e9clairer le Sud !\" \/>\n<meta property=\"og:url\" content=\"https:\/\/www.webdo.tn\/fr\/actualite\/culture\/fifag-festival-va-eclairer-sud\/199622\/\" \/>\n<meta property=\"og:site_name\" content=\"webdo\" \/>\n<meta property=\"article:publisher\" content=\"https:\/\/www.facebook.com\/webdotn\" \/>\n<meta property=\"article:author\" content=\"https:\/\/www.facebook.com\/massir.destiniii\/\" \/>\n<meta property=\"article:published_time\" content=\"2016-09-02T12:37:00+00:00\" \/>\n<meta property=\"article:modified_time\" content=\"2025-05-19T09:19:38+00:00\" \/>\n<meta property=\"og:image\" content=\"https:\/\/www.webdo.tn\/fr\/wp-content\/uploads\/2016\/09\/FIFAG.jpg\" \/>\n\t<meta property=\"og:image:width\" content=\"851\" \/>\n\t<meta property=\"og:image:height\" content=\"315\" \/>\n\t<meta property=\"og:image:type\" content=\"image\/jpeg\" \/>\n<meta name=\"author\" content=\"Ne\u00efla DRISS\" \/>\n<meta name=\"twitter:card\" content=\"summary_large_image\" \/>\n<meta name=\"twitter:creator\" content=\"@https:\/\/x.com\/MassirDestin\" \/>\n<meta name=\"twitter:site\" content=\"@webdo_tn\" \/>\n<meta name=\"twitter:label1\" content=\"\u00c9crit par\" \/>\n\t<meta name=\"twitter:data1\" content=\"Ne\u00efla DRISS\" \/>\n\t<meta name=\"twitter:label2\" content=\"Dur\u00e9e de lecture estim\u00e9e\" \/>\n\t<meta name=\"twitter:data2\" content=\"4 minutes\" \/>\n<script type=\"application\/ld+json\" class=\"yoast-schema-graph\">{\"@context\":\"https:\\\/\\\/schema.org\",\"@graph\":[{\"@type\":\"NewsArticle\",\"@id\":\"https:\\\/\\\/www.webdo.tn\\\/fr\\\/actualite\\\/culture\\\/fifag-festival-va-eclairer-sud\\\/199622\\\/#article\",\"isPartOf\":{\"@id\":\"https:\\\/\\\/www.webdo.tn\\\/fr\\\/actualite\\\/culture\\\/fifag-festival-va-eclairer-sud\\\/199622\\\/\"},\"author\":{\"name\":\"Ne\u00efla DRISS\",\"@id\":\"https:\\\/\\\/www.webdo.tn\\\/fr\\\/#\\\/schema\\\/person\\\/60d5ba619ed3f58783b0dc82b7dada80\"},\"headline\":\"Le FIFAG, un festival qui va \u00e9clairer le Sud !\",\"datePublished\":\"2016-09-02T12:37:00+00:00\",\"dateModified\":\"2025-05-19T09:19:38+00:00\",\"mainEntityOfPage\":{\"@id\":\"https:\\\/\\\/www.webdo.tn\\\/fr\\\/actualite\\\/culture\\\/fifag-festival-va-eclairer-sud\\\/199622\\\/\"},\"wordCount\":894,\"commentCount\":0,\"publisher\":{\"@id\":\"https:\\\/\\\/www.webdo.tn\\\/fr\\\/#organization\"},\"image\":{\"@id\":\"https:\\\/\\\/www.webdo.tn\\\/fr\\\/actualite\\\/culture\\\/fifag-festival-va-eclairer-sud\\\/199622\\\/#primaryimage\"},\"thumbnailUrl\":\"https:\\\/\\\/www.webdo.tn\\\/fr\\\/wp-content\\\/uploads\\\/2016\\\/09\\\/FIFAG.jpg\",\"keywords\":[\"guerre\"],\"articleSection\":[\"Culture\"],\"inLanguage\":\"fr-FR\"},{\"@type\":\"WebPage\",\"@id\":\"https:\\\/\\\/www.webdo.tn\\\/fr\\\/actualite\\\/culture\\\/fifag-festival-va-eclairer-sud\\\/199622\\\/\",\"url\":\"https:\\\/\\\/www.webdo.tn\\\/fr\\\/actualite\\\/culture\\\/fifag-festival-va-eclairer-sud\\\/199622\\\/\",\"name\":\"Le FIFAG, un festival qui va \u00e9clairer le Sud !\",\"isPartOf\":{\"@id\":\"https:\\\/\\\/www.webdo.tn\\\/fr\\\/#website\"},\"primaryImageOfPage\":{\"@id\":\"https:\\\/\\\/www.webdo.tn\\\/fr\\\/actualite\\\/culture\\\/fifag-festival-va-eclairer-sud\\\/199622\\\/#primaryimage\"},\"image\":{\"@id\":\"https:\\\/\\\/www.webdo.tn\\\/fr\\\/actualite\\\/culture\\\/fifag-festival-va-eclairer-sud\\\/199622\\\/#primaryimage\"},\"thumbnailUrl\":\"https:\\\/\\\/www.webdo.tn\\\/fr\\\/wp-content\\\/uploads\\\/2016\\\/09\\\/FIFAG.jpg\",\"datePublished\":\"2016-09-02T12:37:00+00:00\",\"dateModified\":\"2025-05-19T09:19:38+00:00\",\"description\":\"Le FIFAG, un festival qui va \u00e9clairer le Sud !\",\"breadcrumb\":{\"@id\":\"https:\\\/\\\/www.webdo.tn\\\/fr\\\/actualite\\\/culture\\\/fifag-festival-va-eclairer-sud\\\/199622\\\/#breadcrumb\"},\"inLanguage\":\"fr-FR\",\"potentialAction\":[{\"@type\":\"ReadAction\",\"target\":[\"https:\\\/\\\/www.webdo.tn\\\/fr\\\/actualite\\\/culture\\\/fifag-festival-va-eclairer-sud\\\/199622\\\/\"]}]},{\"@type\":\"ImageObject\",\"inLanguage\":\"fr-FR\",\"@id\":\"https:\\\/\\\/www.webdo.tn\\\/fr\\\/actualite\\\/culture\\\/fifag-festival-va-eclairer-sud\\\/199622\\\/#primaryimage\",\"url\":\"https:\\\/\\\/www.webdo.tn\\\/fr\\\/wp-content\\\/uploads\\\/2016\\\/09\\\/FIFAG.jpg\",\"contentUrl\":\"https:\\\/\\\/www.webdo.tn\\\/fr\\\/wp-content\\\/uploads\\\/2016\\\/09\\\/FIFAG.jpg\",\"width\":851,\"height\":315,\"caption\":\"Le FIFAG, un festival qui va \u00e9clairer le Sud !\"},{\"@type\":\"BreadcrumbList\",\"@id\":\"https:\\\/\\\/www.webdo.tn\\\/fr\\\/actualite\\\/culture\\\/fifag-festival-va-eclairer-sud\\\/199622\\\/#breadcrumb\",\"itemListElement\":[{\"@type\":\"ListItem\",\"position\":1,\"name\":\"Accueil\",\"item\":\"https:\\\/\\\/www.webdo.tn\\\/fr\\\/\"},{\"@type\":\"ListItem\",\"position\":2,\"name\":\"Le FIFAG, un festival qui va \u00e9clairer le Sud !\"}]},{\"@type\":\"WebSite\",\"@id\":\"https:\\\/\\\/www.webdo.tn\\\/fr\\\/#website\",\"url\":\"https:\\\/\\\/www.webdo.tn\\\/fr\\\/\",\"name\":\"webdo\",\"description\":\"Tunisie - News en Tunisie et \u00e0 l&#039;international sur Webdo.tn\",\"publisher\":{\"@id\":\"https:\\\/\\\/www.webdo.tn\\\/fr\\\/#organization\"},\"potentialAction\":[{\"@type\":\"SearchAction\",\"target\":{\"@type\":\"EntryPoint\",\"urlTemplate\":\"https:\\\/\\\/www.webdo.tn\\\/fr\\\/?s={search_term_string}\"},\"query-input\":{\"@type\":\"PropertyValueSpecification\",\"valueRequired\":true,\"valueName\":\"search_term_string\"}}],\"inLanguage\":\"fr-FR\"},{\"@type\":\"Organization\",\"@id\":\"https:\\\/\\\/www.webdo.tn\\\/fr\\\/#organization\",\"name\":\"Webdo\",\"alternateName\":\"Webdo.tn\",\"url\":\"https:\\\/\\\/www.webdo.tn\\\/fr\\\/\",\"logo\":{\"@type\":\"ImageObject\",\"inLanguage\":\"fr-FR\",\"@id\":\"https:\\\/\\\/www.webdo.tn\\\/fr\\\/#\\\/schema\\\/logo\\\/image\\\/\",\"url\":\"https:\\\/\\\/www.webdo.tn\\\/fr\\\/wp-content\\\/uploads\\\/2025\\\/06\\\/Webdo-Tunisie_168377.jpg\",\"contentUrl\":\"https:\\\/\\\/www.webdo.tn\\\/fr\\\/wp-content\\\/uploads\\\/2025\\\/06\\\/Webdo-Tunisie_168377.jpg\",\"width\":301,\"height\":301,\"caption\":\"Webdo\"},\"image\":{\"@id\":\"https:\\\/\\\/www.webdo.tn\\\/fr\\\/#\\\/schema\\\/logo\\\/image\\\/\"},\"sameAs\":[\"https:\\\/\\\/www.facebook.com\\\/webdotn\",\"https:\\\/\\\/x.com\\\/webdo_tn\"],\"description\":\"Webdo est un m\u00e9dia num\u00e9rique tunisien fond\u00e9 en 2010, sp\u00e9cialis\u00e9 dans l\u2019actualit\u00e9 nationale et internationale, l\u2019\u00e9conomie, la soci\u00e9t\u00e9 et les analyses politiques. Le site s\u2019adresse \u00e0 un large public francophone et couvre l\u2019information tunisienne en temps r\u00e9el.\",\"email\":\"redac@webdo.tn\",\"legalName\":\"YNJ SARL\",\"foundingDate\":\"2010-09-06\",\"numberOfEmployees\":{\"@type\":\"QuantitativeValue\",\"minValue\":\"11\",\"maxValue\":\"50\"}},{\"@type\":\"Person\",\"@id\":\"https:\\\/\\\/www.webdo.tn\\\/fr\\\/#\\\/schema\\\/person\\\/60d5ba619ed3f58783b0dc82b7dada80\",\"name\":\"Ne\u00efla DRISS\",\"image\":{\"@type\":\"ImageObject\",\"inLanguage\":\"fr-FR\",\"@id\":\"https:\\\/\\\/www.webdo.tn\\\/fr\\\/wp-content\\\/uploads\\\/2026\\\/04\\\/neila-driss_avatar-96x96.jpg\",\"url\":\"https:\\\/\\\/www.webdo.tn\\\/fr\\\/wp-content\\\/uploads\\\/2026\\\/04\\\/neila-driss_avatar-96x96.jpg\",\"contentUrl\":\"https:\\\/\\\/www.webdo.tn\\\/fr\\\/wp-content\\\/uploads\\\/2026\\\/04\\\/neila-driss_avatar-96x96.jpg\",\"caption\":\"Ne\u00efla DRISS\"},\"description\":\"Ne\u00efla Driss est juriste, journaliste culturelle et critique de cin\u00e9ma tunisienne. Titulaire d\u2019un DEA en droit priv\u00e9 de l\u2019Universit\u00e9 Paris II et d\u2019un DESS de l\u2019IHEC Carthage, elle d\u00e9bute sa carri\u00e8re comme juriste sp\u00e9cialis\u00e9e en gestion de patrimoine immobilier. Elle s\u2019oriente ensuite vers l\u2019\u00e9criture en ligne, o\u00f9 elle se distingue d\u00e8s 2006 aux Tunisia Blog Awards, avant de se consacrer au journalisme culturel, avec une sp\u00e9cialisation dans la critique cin\u00e9matographique. Elle couvre r\u00e9guli\u00e8rement les grands festivals internationaux, notamment le Festival de Cannes, les Journ\u00e9es Cin\u00e9matographiques de Carthage et le Festival du film du Caire. Membre de l\u2019ATPCC et de la FIPRESCI, elle participe \u00e0 des jurys et initiatives internationales de critique. Depuis 2024, elle est \u00e9lectrice internationale aux Golden Globes. Facebook : https:\\\/\\\/www.facebook.com\\\/massir.destiniii\\\/ X : https:\\\/\\\/x.com\\\/MassirDestin\",\"sameAs\":[\"https:\\\/\\\/www.facebook.com\\\/massir.destiniii\\\/\",\"https:\\\/\\\/www.instagram.com\\\/neila.driss\\\/?hl=fr\",\"https:\\\/\\\/www.linkedin.com\\\/in\\\/neila-driss-22606a80\\\/\",\"https:\\\/\\\/x.com\\\/https:\\\/\\\/x.com\\\/MassirDestin\"],\"knowsAbout\":[\"Cin\u00e9ma international\",\"critique cin\u00e9matographique\",\"festivals de cin\u00e9ma\",\"journalisme culturel\"],\"knowsLanguage\":[\"Fran\u00e7ais\",\"Arabe\",\"Anglais\"],\"jobTitle\":\"Journaliste culturelle et critique de cin\u00e9ma\",\"worksFor\":\"Webdo\",\"url\":\"https:\\\/\\\/www.webdo.tn\\\/fr\\\/actualite\\\/author\\\/neila-driss\\\/\"}]}<\/script>\n<!-- \/ Yoast SEO Premium plugin. -->","yoast_head_json":{"title":"Le FIFAG, un festival qui va \u00e9clairer le Sud !","description":"Le FIFAG, un festival qui va \u00e9clairer le Sud !","canonical":"https:\/\/www.webdo.tn\/fr\/actualite\/culture\/fifag-festival-va-eclairer-sud\/199622\/","og_locale":"fr_FR","og_type":"article","og_title":"Le FIFAG, un festival qui va \u00e9clairer le Sud !","og_description":"Le FIFAG, un festival qui va \u00e9clairer le Sud !","og_url":"https:\/\/www.webdo.tn\/fr\/actualite\/culture\/fifag-festival-va-eclairer-sud\/199622\/","og_site_name":"webdo","article_publisher":"https:\/\/www.facebook.com\/webdotn","article_author":"https:\/\/www.facebook.com\/massir.destiniii\/","article_published_time":"2016-09-02T12:37:00+00:00","article_modified_time":"2025-05-19T09:19:38+00:00","og_image":[{"width":851,"height":315,"url":"https:\/\/www.webdo.tn\/fr\/wp-content\/uploads\/2016\/09\/FIFAG.jpg","type":"image\/jpeg"}],"author":"Ne\u00efla DRISS","twitter_card":"summary_large_image","twitter_creator":"@https:\/\/x.com\/MassirDestin","twitter_site":"@webdo_tn","twitter_misc":{"\u00c9crit par":"Ne\u00efla DRISS","Dur\u00e9e de lecture estim\u00e9e":"4 minutes"},"schema":{"@context":"https:\/\/schema.org","@graph":[{"@type":"NewsArticle","@id":"https:\/\/www.webdo.tn\/fr\/actualite\/culture\/fifag-festival-va-eclairer-sud\/199622\/#article","isPartOf":{"@id":"https:\/\/www.webdo.tn\/fr\/actualite\/culture\/fifag-festival-va-eclairer-sud\/199622\/"},"author":{"name":"Ne\u00efla DRISS","@id":"https:\/\/www.webdo.tn\/fr\/#\/schema\/person\/60d5ba619ed3f58783b0dc82b7dada80"},"headline":"Le FIFAG, un festival qui va \u00e9clairer le Sud !","datePublished":"2016-09-02T12:37:00+00:00","dateModified":"2025-05-19T09:19:38+00:00","mainEntityOfPage":{"@id":"https:\/\/www.webdo.tn\/fr\/actualite\/culture\/fifag-festival-va-eclairer-sud\/199622\/"},"wordCount":894,"commentCount":0,"publisher":{"@id":"https:\/\/www.webdo.tn\/fr\/#organization"},"image":{"@id":"https:\/\/www.webdo.tn\/fr\/actualite\/culture\/fifag-festival-va-eclairer-sud\/199622\/#primaryimage"},"thumbnailUrl":"https:\/\/www.webdo.tn\/fr\/wp-content\/uploads\/2016\/09\/FIFAG.jpg","keywords":["guerre"],"articleSection":["Culture"],"inLanguage":"fr-FR"},{"@type":"WebPage","@id":"https:\/\/www.webdo.tn\/fr\/actualite\/culture\/fifag-festival-va-eclairer-sud\/199622\/","url":"https:\/\/www.webdo.tn\/fr\/actualite\/culture\/fifag-festival-va-eclairer-sud\/199622\/","name":"Le FIFAG, un festival qui va \u00e9clairer le Sud !","isPartOf":{"@id":"https:\/\/www.webdo.tn\/fr\/#website"},"primaryImageOfPage":{"@id":"https:\/\/www.webdo.tn\/fr\/actualite\/culture\/fifag-festival-va-eclairer-sud\/199622\/#primaryimage"},"image":{"@id":"https:\/\/www.webdo.tn\/fr\/actualite\/culture\/fifag-festival-va-eclairer-sud\/199622\/#primaryimage"},"thumbnailUrl":"https:\/\/www.webdo.tn\/fr\/wp-content\/uploads\/2016\/09\/FIFAG.jpg","datePublished":"2016-09-02T12:37:00+00:00","dateModified":"2025-05-19T09:19:38+00:00","description":"Le FIFAG, un festival qui va \u00e9clairer le Sud !","breadcrumb":{"@id":"https:\/\/www.webdo.tn\/fr\/actualite\/culture\/fifag-festival-va-eclairer-sud\/199622\/#breadcrumb"},"inLanguage":"fr-FR","potentialAction":[{"@type":"ReadAction","target":["https:\/\/www.webdo.tn\/fr\/actualite\/culture\/fifag-festival-va-eclairer-sud\/199622\/"]}]},{"@type":"ImageObject","inLanguage":"fr-FR","@id":"https:\/\/www.webdo.tn\/fr\/actualite\/culture\/fifag-festival-va-eclairer-sud\/199622\/#primaryimage","url":"https:\/\/www.webdo.tn\/fr\/wp-content\/uploads\/2016\/09\/FIFAG.jpg","contentUrl":"https:\/\/www.webdo.tn\/fr\/wp-content\/uploads\/2016\/09\/FIFAG.jpg","width":851,"height":315,"caption":"Le FIFAG, un festival qui va \u00e9clairer le Sud !"},{"@type":"BreadcrumbList","@id":"https:\/\/www.webdo.tn\/fr\/actualite\/culture\/fifag-festival-va-eclairer-sud\/199622\/#breadcrumb","itemListElement":[{"@type":"ListItem","position":1,"name":"Accueil","item":"https:\/\/www.webdo.tn\/fr\/"},{"@type":"ListItem","position":2,"name":"Le FIFAG, un festival qui va \u00e9clairer le Sud !"}]},{"@type":"WebSite","@id":"https:\/\/www.webdo.tn\/fr\/#website","url":"https:\/\/www.webdo.tn\/fr\/","name":"webdo","description":"Tunisie - News en Tunisie et \u00e0 l&#039;international sur Webdo.tn","publisher":{"@id":"https:\/\/www.webdo.tn\/fr\/#organization"},"potentialAction":[{"@type":"SearchAction","target":{"@type":"EntryPoint","urlTemplate":"https:\/\/www.webdo.tn\/fr\/?s={search_term_string}"},"query-input":{"@type":"PropertyValueSpecification","valueRequired":true,"valueName":"search_term_string"}}],"inLanguage":"fr-FR"},{"@type":"Organization","@id":"https:\/\/www.webdo.tn\/fr\/#organization","name":"Webdo","alternateName":"Webdo.tn","url":"https:\/\/www.webdo.tn\/fr\/","logo":{"@type":"ImageObject","inLanguage":"fr-FR","@id":"https:\/\/www.webdo.tn\/fr\/#\/schema\/logo\/image\/","url":"https:\/\/www.webdo.tn\/fr\/wp-content\/uploads\/2025\/06\/Webdo-Tunisie_168377.jpg","contentUrl":"https:\/\/www.webdo.tn\/fr\/wp-content\/uploads\/2025\/06\/Webdo-Tunisie_168377.jpg","width":301,"height":301,"caption":"Webdo"},"image":{"@id":"https:\/\/www.webdo.tn\/fr\/#\/schema\/logo\/image\/"},"sameAs":["https:\/\/www.facebook.com\/webdotn","https:\/\/x.com\/webdo_tn"],"description":"Webdo est un m\u00e9dia num\u00e9rique tunisien fond\u00e9 en 2010, sp\u00e9cialis\u00e9 dans l\u2019actualit\u00e9 nationale et internationale, l\u2019\u00e9conomie, la soci\u00e9t\u00e9 et les analyses politiques. Le site s\u2019adresse \u00e0 un large public francophone et couvre l\u2019information tunisienne en temps r\u00e9el.","email":"redac@webdo.tn","legalName":"YNJ SARL","foundingDate":"2010-09-06","numberOfEmployees":{"@type":"QuantitativeValue","minValue":"11","maxValue":"50"}},{"@type":"Person","@id":"https:\/\/www.webdo.tn\/fr\/#\/schema\/person\/60d5ba619ed3f58783b0dc82b7dada80","name":"Ne\u00efla DRISS","image":{"@type":"ImageObject","inLanguage":"fr-FR","@id":"https:\/\/www.webdo.tn\/fr\/wp-content\/uploads\/2026\/04\/neila-driss_avatar-96x96.jpg","url":"https:\/\/www.webdo.tn\/fr\/wp-content\/uploads\/2026\/04\/neila-driss_avatar-96x96.jpg","contentUrl":"https:\/\/www.webdo.tn\/fr\/wp-content\/uploads\/2026\/04\/neila-driss_avatar-96x96.jpg","caption":"Ne\u00efla DRISS"},"description":"Ne\u00efla Driss est juriste, journaliste culturelle et critique de cin\u00e9ma tunisienne. Titulaire d\u2019un DEA en droit priv\u00e9 de l\u2019Universit\u00e9 Paris II et d\u2019un DESS de l\u2019IHEC Carthage, elle d\u00e9bute sa carri\u00e8re comme juriste sp\u00e9cialis\u00e9e en gestion de patrimoine immobilier. Elle s\u2019oriente ensuite vers l\u2019\u00e9criture en ligne, o\u00f9 elle se distingue d\u00e8s 2006 aux Tunisia Blog Awards, avant de se consacrer au journalisme culturel, avec une sp\u00e9cialisation dans la critique cin\u00e9matographique. Elle couvre r\u00e9guli\u00e8rement les grands festivals internationaux, notamment le Festival de Cannes, les Journ\u00e9es Cin\u00e9matographiques de Carthage et le Festival du film du Caire. Membre de l\u2019ATPCC et de la FIPRESCI, elle participe \u00e0 des jurys et initiatives internationales de critique. Depuis 2024, elle est \u00e9lectrice internationale aux Golden Globes. Facebook : https:\/\/www.facebook.com\/massir.destiniii\/ X : https:\/\/x.com\/MassirDestin","sameAs":["https:\/\/www.facebook.com\/massir.destiniii\/","https:\/\/www.instagram.com\/neila.driss\/?hl=fr","https:\/\/www.linkedin.com\/in\/neila-driss-22606a80\/","https:\/\/x.com\/https:\/\/x.com\/MassirDestin"],"knowsAbout":["Cin\u00e9ma international","critique cin\u00e9matographique","festivals de cin\u00e9ma","journalisme culturel"],"knowsLanguage":["Fran\u00e7ais","Arabe","Anglais"],"jobTitle":"Journaliste culturelle et critique de cin\u00e9ma","worksFor":"Webdo","url":"https:\/\/www.webdo.tn\/fr\/actualite\/author\/neila-driss\/"}]}},"_links":{"self":[{"href":"https:\/\/www.webdo.tn\/fr\/wp-json\/wp\/v2\/posts\/199622","targetHints":{"allow":["GET"]}}],"collection":[{"href":"https:\/\/www.webdo.tn\/fr\/wp-json\/wp\/v2\/posts"}],"about":[{"href":"https:\/\/www.webdo.tn\/fr\/wp-json\/wp\/v2\/types\/post"}],"author":[{"embeddable":true,"href":"https:\/\/www.webdo.tn\/fr\/wp-json\/wp\/v2\/users\/3164"}],"replies":[{"embeddable":true,"href":"https:\/\/www.webdo.tn\/fr\/wp-json\/wp\/v2\/comments?post=199622"}],"version-history":[{"count":0,"href":"https:\/\/www.webdo.tn\/fr\/wp-json\/wp\/v2\/posts\/199622\/revisions"}],"wp:featuredmedia":[{"embeddable":true,"href":"https:\/\/www.webdo.tn\/fr\/wp-json\/wp\/v2\/media\/313172"}],"wp:attachment":[{"href":"https:\/\/www.webdo.tn\/fr\/wp-json\/wp\/v2\/media?parent=199622"}],"wp:term":[{"taxonomy":"category","embeddable":true,"href":"https:\/\/www.webdo.tn\/fr\/wp-json\/wp\/v2\/categories?post=199622"},{"taxonomy":"post_tag","embeddable":true,"href":"https:\/\/www.webdo.tn\/fr\/wp-json\/wp\/v2\/tags?post=199622"}],"curies":[{"name":"wp","href":"https:\/\/api.w.org\/{rel}","templated":true}]}}