{"id":199621,"date":"2016-08-23T11:44:00","date_gmt":"2016-08-23T11:44:00","guid":{"rendered":"https:\/\/www.webdo.tn\/fr\/blog\/mohamed-khan-festival-international-film-arabe-de-gabes\/199621\/"},"modified":"2025-05-19T09:22:12","modified_gmt":"2025-05-19T09:22:12","slug":"mohamed-khan-festival-international-film-arabe-de-gabes","status":"publish","type":"post","link":"https:\/\/www.webdo.tn\/fr\/actualite\/culture\/mohamed-khan-festival-international-film-arabe-de-gabes\/199621\/","title":{"rendered":"Mohamed Khan au Festival International du Film Arabe de Gab\u00e8s"},"content":{"rendered":"<div class=\"single-body entry-content typography-copy\" itemprop=\"articleBody\">\n<p style=\"font-weight: bold; text-align: justify\">\n<div class=\"coprs\" style=\"text-align: center\"><\/div>\n<div class=\"coprs\" style=\"text-align: justify\">\n<p>Lors de la deuxi\u00e8me \u00e9dition du <a href=\"http:\/\/fifagtn.com\/\">Festival International du Film Arabe de Gab\u00e8s (FIFAG)<\/a> qui aura lieu du 24 au 30 septembre 2016, un hommage sp\u00e9cial sera rendu \u00e0 feu Mohamed Khan, grand r\u00e9alisateur \u00e9gyptien, d\u00e9c\u00e9d\u00e9 le 26 juillet 2016 \u00e0 l\u2019\u00e2ge de 74 ans.<\/p>\n<p>N\u00e9 au Caire en 1942 d&rsquo;une m\u00e8re \u00e9gyptienne et d&rsquo;un p\u00e8re pakistanais, Mohamed Khan a fait ses \u00e9tudes au Royaume-Uni et travaill\u00e9 comme assistant r\u00e9alisateur au Liban, avant de s&rsquo;installer d\u00e9finitivement en \u00c9gypte o\u00f9 il a r\u00e9alis\u00e9 24 longs-m\u00e9trages avec les plus grands acteurs et actrices du pays.<\/p>\n<h5><span><em>Consid\u00e9r\u00e9 par les critiques comme l\u2019un des fondateurs du cin\u00e9ma r\u00e9aliste \u00e9gyptien.<\/em><\/span><\/h5>\n<p>Consid\u00e9r\u00e9 par les critiques comme l\u2019un des fondateurs du cin\u00e9ma r\u00e9aliste \u00e9gyptien d\u00e8s le d\u00e9but des ann\u00e9es 1980, il est connu pour ses portraits de femmes fortes en voie d\u2019\u00e9mancipation, traversant les orages scandaleux du divorce ou de l\u2019adult\u00e8re en d\u00e9pit de l\u2019opprobre et des r\u00e9probations de la soci\u00e9t\u00e9 civile. Il est \u00e9galement r\u00e9put\u00e9 pour avoir d\u00e9crit les tiraillements entre d\u00e9sirs et obligations de l\u2019homme \u00e9gyptien et d\u2019avoir film\u00e9 mieux que quiconque les rues grouillantes du Caire.<\/p>\n<h5><span><em>Durant sa carri\u00e8re, Mohamed Khan a re\u00e7u plus de 30 r\u00e9compenses, aussi bien sur le plan national qu\u2019arabe et international.<\/em><\/span><\/h5>\n<p><img decoding=\"async\" class=\"aligncenter wp-image-135753 size-full\" src=\"http:\/\/www.webdo.tn\/wp-content\/uploads\/2016\/08\/Zawgat-Ragol-Mohem-Ahlam-Hind-wa-Camilia.jpg\" alt=\"Mohamed Khan - Zawgat Ragol Mohem - Ahlam Hind wa Camilia\" width=\"698\" height=\"488\"><\/p>\n<p>Parmi ses films, on peut citer \u00abZawgat Ragol Mohem\u00bb (L\u2019\u00e9pouse d\u2019un homme important), dans lequel le r\u00e9alisateur d\u00e9voilait la psychologie maladive d\u2019un officier de police, enivr\u00e9 par le pouvoir et engag\u00e9 dans la r\u00e9pression contre l\u2019opposition politique (Prix d\u2019Argent au Festival du Film de Damas en 1987) et \u00abAhlam Hind wa Camilia\u00bb (Les r\u00eaves de Hind et Camilia) qui raconte l&rsquo;amiti\u00e9 entre deux femmes de m\u00e9nage vivant dans des familles bourgeoises et cherchant \u00e0 s&rsquo;\u00e9vader pour trouver leur bonheur (Prix de Bronze au Festival du Film de Valence en 1988).<\/p>\n<p>En 2013, ces deux films ont \u00e9t\u00e9 s\u00e9lectionn\u00e9s par le Festival International du Film de Duba\u00ef pour sa liste des 100 meilleurs films arabes de tous les temps.<\/p>\n<p>Son film \u00abFatet al Masnaa\u00bb (La fille de l&rsquo;usine), chronique de la vie d&rsquo;une jeune ouvri\u00e8re oppos\u00e9e au sexisme, a \u00e9t\u00e9 s\u00e9lectionn\u00e9 en comp\u00e9tition officielle aux Journ\u00e9es Cin\u00e9matographiques de Carthage en 2014. Il a par ailleurs obtenu plusieurs prix dont les prix du meilleur film arabe et de la meilleure actrice au Festival International du Film de Dubai en 2013 et les prix du meilleur r\u00e9alisateur et de la meilleure actrice au Festival National du Cin\u00e9ma \u00c9gyptien du Caire en 2014.<\/p>\n<p>En D\u00e9cembre 2015, Mohamed Khan a publi\u00e9 \u00abMokhreg Aala Al Tareeq\u00bb, recueil d\u2019une s\u00e9lection de ses articles parus entre 1990 et 2014 dans divers journaux tels que Al Hayet, Al-Qabas et Al-Tahrir.<\/p>\n<p>En avril 2016, le Festival International du Film du Caire avait d\u00e9cid\u00e9 d\u2019octroyer \u00e0 Mohamed Khan, le prix Faten Hamama, pour l\u2019ensemble de son \u0153uvre. Il \u00e9tait pr\u00e9vu que ce prix lui soit remis lors de la c\u00e9r\u00e9monie d\u2019ouverture de la 38\u00e8me \u00e9dition du festival qui aura lieu du 15 au 24 novembre 2016.<\/p>\n<h5><em><span>Cet hommage posthume comprendra plusieurs volets:<\/span><\/em><\/h5>\n<p>&#8211; Quelques uns des films r\u00e9alis\u00e9s par Mohamed Khan seront projet\u00e9s pendant toute la dur\u00e9e du festival.<\/p>\n<p>&#8211; Une table ronde lui sera consacr\u00e9e. Y prendront part deux stars internationales : la tunisienne <a href=\"https:\/\/fr.wikipedia.org\/wiki\/Hend_Sabri\">Hend Sabry<\/a>, Pr\u00e9sidente d\u2019Honneur du festival et l\u2019\u00e9gyptien <a href=\"http:\/\/www.imdb.com\/name\/nm1178100\/\">Khaled Abol Naga<\/a>.<\/p>\n<p><img decoding=\"async\" class=\"aligncenter wp-image-135757 size-full\" src=\"http:\/\/www.webdo.tn\/wp-content\/uploads\/2016\/08\/Banat-wist-il-balad-Fi-Shaket-Masr-El-Gedida.jpg\" alt=\"Mohamed Khan - Banat wist il balad - Fi Shaket Masr El Gedida - Khaled Abol Naga \" width=\"647\" height=\"400\"><\/p>\n<p>En 2005, les deux acteurs avaient tous deux jou\u00e9 dans \u00ab<a href=\"http:\/\/www.farfesh.com\/View.asp?ID=164&amp;Chosen_ID=&amp;ZoneID=1\">Banat wist il balad<\/a>\u00bb, film pour lequel Mohamed Khan avait remport\u00e9 le Prix du meilleur r\u00e9alisateur au Festival National du Cin\u00e9ma Egyptien du Caire en 2006.<\/p>\n<p>Quand \u00e0 Khaled Abol Naga, il avait \u00e9galement jou\u00e9 le r\u00f4le principal masculin dans \u00ab<a href=\"http:\/\/www.farfesh.com\/View.asp?ID=138&amp;Chosen_ID=&amp;ZoneID=1\">Fi Shaket Masr El Gedida<\/a>\u00bb, film pour lequel Mohamed Khan avait re\u00e7u en 2007, le Prix du meilleur film arabe au Festival du Film de Damas et le Khanjar d&rsquo;Argent au Festival du Film de Mascate.<\/p>\n<p>&#8211; La projection d\u2019un court m\u00e9trage r\u00e9alis\u00e9 par <a href=\"http:\/\/www.imdb.com\/name\/nm3634923\/\">Ahmed Rashwan<\/a>, ami de Mohamed Khan depuis 28 ans et son assistant dans plusieurs films.<\/p>\n<p>De son vivant Mohamed Khan avait projet\u00e9 de faire un film autobiographique. Il n\u2019aura pas eu le temps de le faire. Ahmed Rashwan va mener ce projet \u00e0 bout. Le court m\u00e9trage d\u2019une dur\u00e9e d\u2019environ 10 minutes sera une sorte de bande annonce de ce prochain long m\u00e9trage.<\/p>\n<p>&#8211; La publication d\u2019un livret regroupant les t\u00e9moignages d\u2019amis du r\u00e9alisateur, de critiques de cin\u00e9ma et de journalistes, de Tunisie, d\u2019Egypte et du Liban.<br \/>\nRepose en paix l\u2019Artiste !<\/p>\n<p><strong>Neila Driss<\/strong><\/p>\n<p>\u00a0<\/p>\n<p><em>Lire sur le m\u00eame sujet:<\/em><\/p>\n<ul>\n<li><a href=\"http:\/\/www.webdo.tn\/2016\/07\/13\/tyrant-fiction-sinspire-de-realite-tunisienne\/\">Tyrant, la fiction qui s\u2019inspire de la r\u00e9alit\u00e9 tunisienne<\/a><\/li>\n<li><a href=\"http:\/\/www.webdo.tn\/2016\/07\/27\/cinema-arabe-a-conquete-public-europeen\/\">Le cin\u00e9ma arabe \u00e0 la conqu\u00eate du public europ\u00e9en ?<\/a><\/li>\n<li><a href=\"http:\/\/www.webdo.tn\/2016\/09\/02\/fifag-festival-va-eclairer-sud\/\">Le FIFAG, un festival qui va \u00e9clairer le Sud !<\/a><\/li>\n<li><a title=\"Hussein Fahmy et le temps qui passe\u2026\" href=\"http:\/\/www.webdo.tn\/2016\/10\/17\/hussein-fahmy-temps-passe\/\" rel=\"bookmark\">Hussein Fahmy et le temps qui passe\u2026<\/a><\/li>\n<li><a href=\"http:\/\/www.webdo.tn\/2016\/10\/20\/journees-cinematographiques-de-carthage-lart-triomphera-toujours-terreur\/\">Journ\u00e9es Cin\u00e9matographiques de Carthage : L\u2019Art triomphera toujours de la terreur !<\/a><\/li>\n<li><a href=\"http:\/\/www.webdo.tn\/2016\/11\/29\/film-eyes-of-a-thief-journee-internationale-de-solidarite-peuple-palestinien\/\">Le film \u00ab\u00a0Eyes of a thief\u00a0\u00bb pour la Journ\u00e9e Internationale de Solidarit\u00e9 avec le peuple palestinien<\/a><\/li>\n<li><a href=\"http:\/\/www.webdo.tn\/2016\/12\/01\/gamal-abdel-nasser-une-controverse-qui-dure\/\">Gamal Abdel Nasser : une controverse qui dure\u2026<\/a><\/li>\n<li><a href=\"http:\/\/www.webdo.tn\/2016\/12\/10\/hommage-au-petit-omar-victime-de-la-betise-humaine\/\">Hommage au petit Omar, victime de la b\u00eatise humaine<\/a><\/li>\n<li><a href=\"http:\/\/www.webdo.tn\/2017\/02\/08\/mohamed-hefzy-dingenieur-metallurgie-medecin-cinema-arabe\/\">Mohamed Hefzy, d\u2019ing\u00e9nieur en m\u00e9tallurgie \u00e0 m\u00e9decin du cin\u00e9ma arabe<\/a><\/li>\n<li><a href=\"http:\/\/www.webdo.tn\/2017\/03\/07\/khaled-abol-naga-animera-la-ceremonie-de-cloture-de-sfax-capitale-de-la-culture-arabe\/\">Khaled Abol Naga animera la c\u00e9r\u00e9monie de cl\u00f4ture de \u00ab\u00a0Sfax, Capitale de la Culture Arabe\u00a0\u00bb<\/a><\/li>\n<li><a title=\"Aicha Ben Ahmed, une jeune actrice tunisienne \u00e0 la conqu\u00eate de l\u2019Egypte\" href=\"http:\/\/www.webdo.tn\/2017\/04\/19\/aicha-ben-ahmed-jeune-actrice-tunisienne-a-conquete-de-legypte\/\" rel=\"bookmark\">Aicha Ben Ahmed, une jeune actrice tunisienne \u00e0 la conqu\u00eate de l\u2019Egypte<\/a><\/li>\n<li><a title=\"Mohamed Diab, l\u2019\u00e9toile montante du cin\u00e9ma \u00e9gyptien \u00e0 Cannes\" href=\"http:\/\/www.webdo.tn\/2017\/07\/04\/mohamed-diab-letoile-montante-cinema-egyptien-a-cannes\/\" rel=\"bookmark\">Mohamed Diab, l\u2019\u00e9toile montante du cin\u00e9ma \u00e9gyptien \u00e0 Cannes<\/a><\/li>\n<li><a title=\"Les Vikings rencontrent l\u2019Emir Ziyadat Allah I \u00e0 Kairouan\" href=\"http:\/\/www.webdo.tn\/2017\/08\/01\/vikings-rencontrent-lemir-ziyadat-allah-i-a-kairouan\/\" rel=\"bookmark\">Les Vikings rencontrent l\u2019Emir Ziyadat Allah I \u00e0 Kairouan<\/a><\/li>\n<\/ul><\/div>\n<div class=\"coprs\" style=\"text-align: center\"><\/div><\/div>\n","protected":false},"excerpt":{"rendered":"<p>Mohamed Khan au Festival International du Film Arabe de Gab\u00e8s<\/p>\n","protected":false},"author":3164,"featured_media":327418,"comment_status":"open","ping_status":"closed","sticky":false,"template":"","format":"standard","meta":{"footnotes":""},"categories":[2594],"tags":[2600],"class_list":["post-199621","post","type-post","status-publish","format-standard","has-post-thumbnail","hentry","category-culture","tag-guerre"],"yoast_head":"<!-- This site is optimized with the Yoast SEO Premium plugin v27.5 (Yoast SEO v27.5) - https:\/\/yoast.com\/product\/yoast-seo-premium-wordpress\/ -->\n<title>Mohamed Khan au Festival International du Film Arabe de Gab\u00e8s<\/title>\n<meta name=\"description\" content=\"Mohamed Khan au Festival International du Film Arabe de Gab\u00e8s\" \/>\n<link rel=\"canonical\" href=\"https:\/\/www.webdo.tn\/fr\/actualite\/culture\/mohamed-khan-festival-international-film-arabe-de-gabes\/199621\/\" \/>\n<meta property=\"og:locale\" content=\"fr_FR\" \/>\n<meta property=\"og:type\" content=\"article\" \/>\n<meta property=\"og:title\" content=\"Mohamed Khan au Festival International du Film Arabe de Gab\u00e8s\" \/>\n<meta property=\"og:description\" content=\"Mohamed Khan au Festival International du Film Arabe de Gab\u00e8s\" \/>\n<meta property=\"og:url\" content=\"https:\/\/www.webdo.tn\/fr\/actualite\/culture\/mohamed-khan-festival-international-film-arabe-de-gabes\/199621\/\" \/>\n<meta property=\"og:site_name\" content=\"webdo\" \/>\n<meta property=\"article:publisher\" content=\"https:\/\/www.facebook.com\/webdotn\" \/>\n<meta property=\"article:author\" content=\"https:\/\/www.facebook.com\/massir.destiniii\/\" \/>\n<meta property=\"article:published_time\" content=\"2016-08-23T11:44:00+00:00\" \/>\n<meta property=\"article:modified_time\" content=\"2025-05-19T09:22:12+00:00\" \/>\n<meta property=\"og:image\" content=\"https:\/\/www.webdo.tn\/fr\/wp-content\/uploads\/2016\/08\/MK-300x150-1.jpg\" \/>\n\t<meta property=\"og:image:width\" content=\"300\" \/>\n\t<meta property=\"og:image:height\" content=\"150\" \/>\n\t<meta property=\"og:image:type\" content=\"image\/jpeg\" \/>\n<meta name=\"author\" content=\"Ne\u00efla DRISS\" \/>\n<meta name=\"twitter:card\" content=\"summary_large_image\" \/>\n<meta name=\"twitter:creator\" content=\"@https:\/\/x.com\/MassirDestin\" \/>\n<meta name=\"twitter:site\" content=\"@webdo_tn\" \/>\n<meta name=\"twitter:label1\" content=\"\u00c9crit par\" \/>\n\t<meta name=\"twitter:data1\" content=\"Ne\u00efla DRISS\" \/>\n\t<meta name=\"twitter:label2\" content=\"Dur\u00e9e de lecture estim\u00e9e\" \/>\n\t<meta name=\"twitter:data2\" content=\"5 minutes\" \/>\n<script type=\"application\/ld+json\" class=\"yoast-schema-graph\">{\"@context\":\"https:\\\/\\\/schema.org\",\"@graph\":[{\"@type\":\"NewsArticle\",\"@id\":\"https:\\\/\\\/www.webdo.tn\\\/fr\\\/actualite\\\/culture\\\/mohamed-khan-festival-international-film-arabe-de-gabes\\\/199621\\\/#article\",\"isPartOf\":{\"@id\":\"https:\\\/\\\/www.webdo.tn\\\/fr\\\/actualite\\\/culture\\\/mohamed-khan-festival-international-film-arabe-de-gabes\\\/199621\\\/\"},\"author\":{\"name\":\"Ne\u00efla DRISS\",\"@id\":\"https:\\\/\\\/www.webdo.tn\\\/fr\\\/#\\\/schema\\\/person\\\/60d5ba619ed3f58783b0dc82b7dada80\"},\"headline\":\"Mohamed Khan au Festival International du Film Arabe de Gab\u00e8s\",\"datePublished\":\"2016-08-23T11:44:00+00:00\",\"dateModified\":\"2025-05-19T09:22:12+00:00\",\"mainEntityOfPage\":{\"@id\":\"https:\\\/\\\/www.webdo.tn\\\/fr\\\/actualite\\\/culture\\\/mohamed-khan-festival-international-film-arabe-de-gabes\\\/199621\\\/\"},\"wordCount\":960,\"commentCount\":0,\"publisher\":{\"@id\":\"https:\\\/\\\/www.webdo.tn\\\/fr\\\/#organization\"},\"image\":{\"@id\":\"https:\\\/\\\/www.webdo.tn\\\/fr\\\/actualite\\\/culture\\\/mohamed-khan-festival-international-film-arabe-de-gabes\\\/199621\\\/#primaryimage\"},\"thumbnailUrl\":\"https:\\\/\\\/www.webdo.tn\\\/fr\\\/wp-content\\\/uploads\\\/2016\\\/08\\\/MK-300x150-1.jpg\",\"keywords\":[\"guerre\"],\"articleSection\":[\"Culture\"],\"inLanguage\":\"fr-FR\"},{\"@type\":\"WebPage\",\"@id\":\"https:\\\/\\\/www.webdo.tn\\\/fr\\\/actualite\\\/culture\\\/mohamed-khan-festival-international-film-arabe-de-gabes\\\/199621\\\/\",\"url\":\"https:\\\/\\\/www.webdo.tn\\\/fr\\\/actualite\\\/culture\\\/mohamed-khan-festival-international-film-arabe-de-gabes\\\/199621\\\/\",\"name\":\"Mohamed Khan au Festival International du Film Arabe de Gab\u00e8s\",\"isPartOf\":{\"@id\":\"https:\\\/\\\/www.webdo.tn\\\/fr\\\/#website\"},\"primaryImageOfPage\":{\"@id\":\"https:\\\/\\\/www.webdo.tn\\\/fr\\\/actualite\\\/culture\\\/mohamed-khan-festival-international-film-arabe-de-gabes\\\/199621\\\/#primaryimage\"},\"image\":{\"@id\":\"https:\\\/\\\/www.webdo.tn\\\/fr\\\/actualite\\\/culture\\\/mohamed-khan-festival-international-film-arabe-de-gabes\\\/199621\\\/#primaryimage\"},\"thumbnailUrl\":\"https:\\\/\\\/www.webdo.tn\\\/fr\\\/wp-content\\\/uploads\\\/2016\\\/08\\\/MK-300x150-1.jpg\",\"datePublished\":\"2016-08-23T11:44:00+00:00\",\"dateModified\":\"2025-05-19T09:22:12+00:00\",\"description\":\"Mohamed Khan au Festival International du Film Arabe de Gab\u00e8s\",\"breadcrumb\":{\"@id\":\"https:\\\/\\\/www.webdo.tn\\\/fr\\\/actualite\\\/culture\\\/mohamed-khan-festival-international-film-arabe-de-gabes\\\/199621\\\/#breadcrumb\"},\"inLanguage\":\"fr-FR\",\"potentialAction\":[{\"@type\":\"ReadAction\",\"target\":[\"https:\\\/\\\/www.webdo.tn\\\/fr\\\/actualite\\\/culture\\\/mohamed-khan-festival-international-film-arabe-de-gabes\\\/199621\\\/\"]}]},{\"@type\":\"ImageObject\",\"inLanguage\":\"fr-FR\",\"@id\":\"https:\\\/\\\/www.webdo.tn\\\/fr\\\/actualite\\\/culture\\\/mohamed-khan-festival-international-film-arabe-de-gabes\\\/199621\\\/#primaryimage\",\"url\":\"https:\\\/\\\/www.webdo.tn\\\/fr\\\/wp-content\\\/uploads\\\/2016\\\/08\\\/MK-300x150-1.jpg\",\"contentUrl\":\"https:\\\/\\\/www.webdo.tn\\\/fr\\\/wp-content\\\/uploads\\\/2016\\\/08\\\/MK-300x150-1.jpg\",\"width\":300,\"height\":150,\"caption\":\"Mohamed Khan au Festival International du Film Arabe de Gab\u00e8s\"},{\"@type\":\"BreadcrumbList\",\"@id\":\"https:\\\/\\\/www.webdo.tn\\\/fr\\\/actualite\\\/culture\\\/mohamed-khan-festival-international-film-arabe-de-gabes\\\/199621\\\/#breadcrumb\",\"itemListElement\":[{\"@type\":\"ListItem\",\"position\":1,\"name\":\"Accueil\",\"item\":\"https:\\\/\\\/www.webdo.tn\\\/fr\\\/\"},{\"@type\":\"ListItem\",\"position\":2,\"name\":\"Mohamed Khan au Festival International du Film Arabe de Gab\u00e8s\"}]},{\"@type\":\"WebSite\",\"@id\":\"https:\\\/\\\/www.webdo.tn\\\/fr\\\/#website\",\"url\":\"https:\\\/\\\/www.webdo.tn\\\/fr\\\/\",\"name\":\"webdo\",\"description\":\"Tunisie - News en Tunisie et \u00e0 l&#039;international sur Webdo.tn\",\"publisher\":{\"@id\":\"https:\\\/\\\/www.webdo.tn\\\/fr\\\/#organization\"},\"potentialAction\":[{\"@type\":\"SearchAction\",\"target\":{\"@type\":\"EntryPoint\",\"urlTemplate\":\"https:\\\/\\\/www.webdo.tn\\\/fr\\\/?s={search_term_string}\"},\"query-input\":{\"@type\":\"PropertyValueSpecification\",\"valueRequired\":true,\"valueName\":\"search_term_string\"}}],\"inLanguage\":\"fr-FR\"},{\"@type\":\"Organization\",\"@id\":\"https:\\\/\\\/www.webdo.tn\\\/fr\\\/#organization\",\"name\":\"Webdo\",\"alternateName\":\"Webdo.tn\",\"url\":\"https:\\\/\\\/www.webdo.tn\\\/fr\\\/\",\"logo\":{\"@type\":\"ImageObject\",\"inLanguage\":\"fr-FR\",\"@id\":\"https:\\\/\\\/www.webdo.tn\\\/fr\\\/#\\\/schema\\\/logo\\\/image\\\/\",\"url\":\"https:\\\/\\\/www.webdo.tn\\\/fr\\\/wp-content\\\/uploads\\\/2025\\\/06\\\/Webdo-Tunisie_168377.jpg\",\"contentUrl\":\"https:\\\/\\\/www.webdo.tn\\\/fr\\\/wp-content\\\/uploads\\\/2025\\\/06\\\/Webdo-Tunisie_168377.jpg\",\"width\":301,\"height\":301,\"caption\":\"Webdo\"},\"image\":{\"@id\":\"https:\\\/\\\/www.webdo.tn\\\/fr\\\/#\\\/schema\\\/logo\\\/image\\\/\"},\"sameAs\":[\"https:\\\/\\\/www.facebook.com\\\/webdotn\",\"https:\\\/\\\/x.com\\\/webdo_tn\"],\"description\":\"Webdo est un m\u00e9dia num\u00e9rique tunisien fond\u00e9 en 2010, sp\u00e9cialis\u00e9 dans l\u2019actualit\u00e9 nationale et internationale, l\u2019\u00e9conomie, la soci\u00e9t\u00e9 et les analyses politiques. Le site s\u2019adresse \u00e0 un large public francophone et couvre l\u2019information tunisienne en temps r\u00e9el.\",\"email\":\"redac@webdo.tn\",\"legalName\":\"YNJ SARL\",\"foundingDate\":\"2010-09-06\",\"numberOfEmployees\":{\"@type\":\"QuantitativeValue\",\"minValue\":\"11\",\"maxValue\":\"50\"}},{\"@type\":\"Person\",\"@id\":\"https:\\\/\\\/www.webdo.tn\\\/fr\\\/#\\\/schema\\\/person\\\/60d5ba619ed3f58783b0dc82b7dada80\",\"name\":\"Ne\u00efla DRISS\",\"image\":{\"@type\":\"ImageObject\",\"inLanguage\":\"fr-FR\",\"@id\":\"https:\\\/\\\/www.webdo.tn\\\/fr\\\/wp-content\\\/uploads\\\/2026\\\/04\\\/neila-driss_avatar-96x96.jpg\",\"url\":\"https:\\\/\\\/www.webdo.tn\\\/fr\\\/wp-content\\\/uploads\\\/2026\\\/04\\\/neila-driss_avatar-96x96.jpg\",\"contentUrl\":\"https:\\\/\\\/www.webdo.tn\\\/fr\\\/wp-content\\\/uploads\\\/2026\\\/04\\\/neila-driss_avatar-96x96.jpg\",\"caption\":\"Ne\u00efla DRISS\"},\"description\":\"Ne\u00efla Driss est juriste, journaliste culturelle et critique de cin\u00e9ma tunisienne. Titulaire d\u2019un DEA en droit priv\u00e9 de l\u2019Universit\u00e9 Paris II et d\u2019un DESS de l\u2019IHEC Carthage, elle d\u00e9bute sa carri\u00e8re comme juriste sp\u00e9cialis\u00e9e en gestion de patrimoine immobilier. Elle s\u2019oriente ensuite vers l\u2019\u00e9criture en ligne, o\u00f9 elle se distingue d\u00e8s 2006 aux Tunisia Blog Awards, avant de se consacrer au journalisme culturel, avec une sp\u00e9cialisation dans la critique cin\u00e9matographique. Elle couvre r\u00e9guli\u00e8rement les grands festivals internationaux, notamment le Festival de Cannes, les Journ\u00e9es Cin\u00e9matographiques de Carthage et le Festival du film du Caire. Membre de l\u2019ATPCC et de la FIPRESCI, elle participe \u00e0 des jurys et initiatives internationales de critique. Depuis 2024, elle est \u00e9lectrice internationale aux Golden Globes. Facebook : https:\\\/\\\/www.facebook.com\\\/massir.destiniii\\\/ X : https:\\\/\\\/x.com\\\/MassirDestin\",\"sameAs\":[\"https:\\\/\\\/www.facebook.com\\\/massir.destiniii\\\/\",\"https:\\\/\\\/www.instagram.com\\\/neila.driss\\\/?hl=fr\",\"https:\\\/\\\/www.linkedin.com\\\/in\\\/neila-driss-22606a80\\\/\",\"https:\\\/\\\/x.com\\\/https:\\\/\\\/x.com\\\/MassirDestin\"],\"knowsAbout\":[\"Cin\u00e9ma international\",\"critique cin\u00e9matographique\",\"festivals de cin\u00e9ma\",\"journalisme culturel\"],\"knowsLanguage\":[\"Fran\u00e7ais\",\"Arabe\",\"Anglais\"],\"jobTitle\":\"Journaliste culturelle et critique de cin\u00e9ma\",\"worksFor\":\"Webdo\",\"url\":\"https:\\\/\\\/www.webdo.tn\\\/fr\\\/actualite\\\/author\\\/neila-driss\\\/\"}]}<\/script>\n<!-- \/ Yoast SEO Premium plugin. -->","yoast_head_json":{"title":"Mohamed Khan au Festival International du Film Arabe de Gab\u00e8s","description":"Mohamed Khan au Festival International du Film Arabe de Gab\u00e8s","canonical":"https:\/\/www.webdo.tn\/fr\/actualite\/culture\/mohamed-khan-festival-international-film-arabe-de-gabes\/199621\/","og_locale":"fr_FR","og_type":"article","og_title":"Mohamed Khan au Festival International du Film Arabe de Gab\u00e8s","og_description":"Mohamed Khan au Festival International du Film Arabe de Gab\u00e8s","og_url":"https:\/\/www.webdo.tn\/fr\/actualite\/culture\/mohamed-khan-festival-international-film-arabe-de-gabes\/199621\/","og_site_name":"webdo","article_publisher":"https:\/\/www.facebook.com\/webdotn","article_author":"https:\/\/www.facebook.com\/massir.destiniii\/","article_published_time":"2016-08-23T11:44:00+00:00","article_modified_time":"2025-05-19T09:22:12+00:00","og_image":[{"width":300,"height":150,"url":"https:\/\/www.webdo.tn\/fr\/wp-content\/uploads\/2016\/08\/MK-300x150-1.jpg","type":"image\/jpeg"}],"author":"Ne\u00efla DRISS","twitter_card":"summary_large_image","twitter_creator":"@https:\/\/x.com\/MassirDestin","twitter_site":"@webdo_tn","twitter_misc":{"\u00c9crit par":"Ne\u00efla DRISS","Dur\u00e9e de lecture estim\u00e9e":"5 minutes"},"schema":{"@context":"https:\/\/schema.org","@graph":[{"@type":"NewsArticle","@id":"https:\/\/www.webdo.tn\/fr\/actualite\/culture\/mohamed-khan-festival-international-film-arabe-de-gabes\/199621\/#article","isPartOf":{"@id":"https:\/\/www.webdo.tn\/fr\/actualite\/culture\/mohamed-khan-festival-international-film-arabe-de-gabes\/199621\/"},"author":{"name":"Ne\u00efla DRISS","@id":"https:\/\/www.webdo.tn\/fr\/#\/schema\/person\/60d5ba619ed3f58783b0dc82b7dada80"},"headline":"Mohamed Khan au Festival International du Film Arabe de Gab\u00e8s","datePublished":"2016-08-23T11:44:00+00:00","dateModified":"2025-05-19T09:22:12+00:00","mainEntityOfPage":{"@id":"https:\/\/www.webdo.tn\/fr\/actualite\/culture\/mohamed-khan-festival-international-film-arabe-de-gabes\/199621\/"},"wordCount":960,"commentCount":0,"publisher":{"@id":"https:\/\/www.webdo.tn\/fr\/#organization"},"image":{"@id":"https:\/\/www.webdo.tn\/fr\/actualite\/culture\/mohamed-khan-festival-international-film-arabe-de-gabes\/199621\/#primaryimage"},"thumbnailUrl":"https:\/\/www.webdo.tn\/fr\/wp-content\/uploads\/2016\/08\/MK-300x150-1.jpg","keywords":["guerre"],"articleSection":["Culture"],"inLanguage":"fr-FR"},{"@type":"WebPage","@id":"https:\/\/www.webdo.tn\/fr\/actualite\/culture\/mohamed-khan-festival-international-film-arabe-de-gabes\/199621\/","url":"https:\/\/www.webdo.tn\/fr\/actualite\/culture\/mohamed-khan-festival-international-film-arabe-de-gabes\/199621\/","name":"Mohamed Khan au Festival International du Film Arabe de Gab\u00e8s","isPartOf":{"@id":"https:\/\/www.webdo.tn\/fr\/#website"},"primaryImageOfPage":{"@id":"https:\/\/www.webdo.tn\/fr\/actualite\/culture\/mohamed-khan-festival-international-film-arabe-de-gabes\/199621\/#primaryimage"},"image":{"@id":"https:\/\/www.webdo.tn\/fr\/actualite\/culture\/mohamed-khan-festival-international-film-arabe-de-gabes\/199621\/#primaryimage"},"thumbnailUrl":"https:\/\/www.webdo.tn\/fr\/wp-content\/uploads\/2016\/08\/MK-300x150-1.jpg","datePublished":"2016-08-23T11:44:00+00:00","dateModified":"2025-05-19T09:22:12+00:00","description":"Mohamed Khan au Festival International du Film Arabe de Gab\u00e8s","breadcrumb":{"@id":"https:\/\/www.webdo.tn\/fr\/actualite\/culture\/mohamed-khan-festival-international-film-arabe-de-gabes\/199621\/#breadcrumb"},"inLanguage":"fr-FR","potentialAction":[{"@type":"ReadAction","target":["https:\/\/www.webdo.tn\/fr\/actualite\/culture\/mohamed-khan-festival-international-film-arabe-de-gabes\/199621\/"]}]},{"@type":"ImageObject","inLanguage":"fr-FR","@id":"https:\/\/www.webdo.tn\/fr\/actualite\/culture\/mohamed-khan-festival-international-film-arabe-de-gabes\/199621\/#primaryimage","url":"https:\/\/www.webdo.tn\/fr\/wp-content\/uploads\/2016\/08\/MK-300x150-1.jpg","contentUrl":"https:\/\/www.webdo.tn\/fr\/wp-content\/uploads\/2016\/08\/MK-300x150-1.jpg","width":300,"height":150,"caption":"Mohamed Khan au Festival International du Film Arabe de Gab\u00e8s"},{"@type":"BreadcrumbList","@id":"https:\/\/www.webdo.tn\/fr\/actualite\/culture\/mohamed-khan-festival-international-film-arabe-de-gabes\/199621\/#breadcrumb","itemListElement":[{"@type":"ListItem","position":1,"name":"Accueil","item":"https:\/\/www.webdo.tn\/fr\/"},{"@type":"ListItem","position":2,"name":"Mohamed Khan au Festival International du Film Arabe de Gab\u00e8s"}]},{"@type":"WebSite","@id":"https:\/\/www.webdo.tn\/fr\/#website","url":"https:\/\/www.webdo.tn\/fr\/","name":"webdo","description":"Tunisie - News en Tunisie et \u00e0 l&#039;international sur Webdo.tn","publisher":{"@id":"https:\/\/www.webdo.tn\/fr\/#organization"},"potentialAction":[{"@type":"SearchAction","target":{"@type":"EntryPoint","urlTemplate":"https:\/\/www.webdo.tn\/fr\/?s={search_term_string}"},"query-input":{"@type":"PropertyValueSpecification","valueRequired":true,"valueName":"search_term_string"}}],"inLanguage":"fr-FR"},{"@type":"Organization","@id":"https:\/\/www.webdo.tn\/fr\/#organization","name":"Webdo","alternateName":"Webdo.tn","url":"https:\/\/www.webdo.tn\/fr\/","logo":{"@type":"ImageObject","inLanguage":"fr-FR","@id":"https:\/\/www.webdo.tn\/fr\/#\/schema\/logo\/image\/","url":"https:\/\/www.webdo.tn\/fr\/wp-content\/uploads\/2025\/06\/Webdo-Tunisie_168377.jpg","contentUrl":"https:\/\/www.webdo.tn\/fr\/wp-content\/uploads\/2025\/06\/Webdo-Tunisie_168377.jpg","width":301,"height":301,"caption":"Webdo"},"image":{"@id":"https:\/\/www.webdo.tn\/fr\/#\/schema\/logo\/image\/"},"sameAs":["https:\/\/www.facebook.com\/webdotn","https:\/\/x.com\/webdo_tn"],"description":"Webdo est un m\u00e9dia num\u00e9rique tunisien fond\u00e9 en 2010, sp\u00e9cialis\u00e9 dans l\u2019actualit\u00e9 nationale et internationale, l\u2019\u00e9conomie, la soci\u00e9t\u00e9 et les analyses politiques. Le site s\u2019adresse \u00e0 un large public francophone et couvre l\u2019information tunisienne en temps r\u00e9el.","email":"redac@webdo.tn","legalName":"YNJ SARL","foundingDate":"2010-09-06","numberOfEmployees":{"@type":"QuantitativeValue","minValue":"11","maxValue":"50"}},{"@type":"Person","@id":"https:\/\/www.webdo.tn\/fr\/#\/schema\/person\/60d5ba619ed3f58783b0dc82b7dada80","name":"Ne\u00efla DRISS","image":{"@type":"ImageObject","inLanguage":"fr-FR","@id":"https:\/\/www.webdo.tn\/fr\/wp-content\/uploads\/2026\/04\/neila-driss_avatar-96x96.jpg","url":"https:\/\/www.webdo.tn\/fr\/wp-content\/uploads\/2026\/04\/neila-driss_avatar-96x96.jpg","contentUrl":"https:\/\/www.webdo.tn\/fr\/wp-content\/uploads\/2026\/04\/neila-driss_avatar-96x96.jpg","caption":"Ne\u00efla DRISS"},"description":"Ne\u00efla Driss est juriste, journaliste culturelle et critique de cin\u00e9ma tunisienne. Titulaire d\u2019un DEA en droit priv\u00e9 de l\u2019Universit\u00e9 Paris II et d\u2019un DESS de l\u2019IHEC Carthage, elle d\u00e9bute sa carri\u00e8re comme juriste sp\u00e9cialis\u00e9e en gestion de patrimoine immobilier. Elle s\u2019oriente ensuite vers l\u2019\u00e9criture en ligne, o\u00f9 elle se distingue d\u00e8s 2006 aux Tunisia Blog Awards, avant de se consacrer au journalisme culturel, avec une sp\u00e9cialisation dans la critique cin\u00e9matographique. Elle couvre r\u00e9guli\u00e8rement les grands festivals internationaux, notamment le Festival de Cannes, les Journ\u00e9es Cin\u00e9matographiques de Carthage et le Festival du film du Caire. Membre de l\u2019ATPCC et de la FIPRESCI, elle participe \u00e0 des jurys et initiatives internationales de critique. Depuis 2024, elle est \u00e9lectrice internationale aux Golden Globes. Facebook : https:\/\/www.facebook.com\/massir.destiniii\/ X : https:\/\/x.com\/MassirDestin","sameAs":["https:\/\/www.facebook.com\/massir.destiniii\/","https:\/\/www.instagram.com\/neila.driss\/?hl=fr","https:\/\/www.linkedin.com\/in\/neila-driss-22606a80\/","https:\/\/x.com\/https:\/\/x.com\/MassirDestin"],"knowsAbout":["Cin\u00e9ma international","critique cin\u00e9matographique","festivals de cin\u00e9ma","journalisme culturel"],"knowsLanguage":["Fran\u00e7ais","Arabe","Anglais"],"jobTitle":"Journaliste culturelle et critique de cin\u00e9ma","worksFor":"Webdo","url":"https:\/\/www.webdo.tn\/fr\/actualite\/author\/neila-driss\/"}]}},"_links":{"self":[{"href":"https:\/\/www.webdo.tn\/fr\/wp-json\/wp\/v2\/posts\/199621","targetHints":{"allow":["GET"]}}],"collection":[{"href":"https:\/\/www.webdo.tn\/fr\/wp-json\/wp\/v2\/posts"}],"about":[{"href":"https:\/\/www.webdo.tn\/fr\/wp-json\/wp\/v2\/types\/post"}],"author":[{"embeddable":true,"href":"https:\/\/www.webdo.tn\/fr\/wp-json\/wp\/v2\/users\/3164"}],"replies":[{"embeddable":true,"href":"https:\/\/www.webdo.tn\/fr\/wp-json\/wp\/v2\/comments?post=199621"}],"version-history":[{"count":0,"href":"https:\/\/www.webdo.tn\/fr\/wp-json\/wp\/v2\/posts\/199621\/revisions"}],"wp:featuredmedia":[{"embeddable":true,"href":"https:\/\/www.webdo.tn\/fr\/wp-json\/wp\/v2\/media\/327418"}],"wp:attachment":[{"href":"https:\/\/www.webdo.tn\/fr\/wp-json\/wp\/v2\/media?parent=199621"}],"wp:term":[{"taxonomy":"category","embeddable":true,"href":"https:\/\/www.webdo.tn\/fr\/wp-json\/wp\/v2\/categories?post=199621"},{"taxonomy":"post_tag","embeddable":true,"href":"https:\/\/www.webdo.tn\/fr\/wp-json\/wp\/v2\/tags?post=199621"}],"curies":[{"name":"wp","href":"https:\/\/api.w.org\/{rel}","templated":true}]}}