{"id":199620,"date":"2016-08-12T12:09:00","date_gmt":"2016-08-12T12:09:00","guid":{"rendered":"https:\/\/www.webdo.tn\/fr\/blog\/festival-international-film-arabe-de-gabes-rend-hommage-a-femme-tunisienne\/199620\/"},"modified":"2025-05-19T09:27:07","modified_gmt":"2025-05-19T09:27:07","slug":"festival-international-film-arabe-de-gabes-rend-hommage-a-femme-tunisienne","status":"publish","type":"post","link":"https:\/\/www.webdo.tn\/fr\/actualite\/culture\/festival-international-film-arabe-de-gabes-rend-hommage-a-femme-tunisienne\/199620\/","title":{"rendered":"Le Festival International du Film Arabe de Gabes rend hommage \u00e0 la femme tunisienne"},"content":{"rendered":"<div class=\"single-body entry-content typography-copy\" itemprop=\"articleBody\">\n<p style=\"font-weight: bold; text-align: justify\">\n<div class=\"coprs\" style=\"text-align: center\"><\/div>\n<div class=\"coprs\" style=\"text-align: justify\">\n<p>A l\u2019occasion de la f\u00eate de la femme, le <a href=\"http:\/\/fifagtn.com\/\">Festival International du Film Arabe de Gab\u00e8s\u00a0(FIFAG) <\/a>organise, le 13 Ao\u00fbt 2016 \u00e0 22h, au Th\u00e9\u00e2tre de plein air de Gab\u00e8s, une\u00a0projection du film documentaire tunisien \u00ab<a href=\"https:\/\/vimeo.com\/93308620\">Warda, la passion de la vie<\/a>\u00bb de Mahmoud\u00a0Jemni. (Entr\u00e9e gratuite)<\/p>\n<p>Par cette projection, le FIFAG a voulu rendre hommage \u00e0 la femme tunisienne. Cette\u00a0femme qui, tout au long des si\u00e8cles, a prouv\u00e9 son courage et sa d\u00e9termination \u00e0\u00a0d\u00e9fendre sa patrie, faire avancer son pays et am\u00e9liorer les conditions de vie de ses\u00a0compatriotes.<\/p>\n<p>Cette femme tunisienne, digne fille de la Kahena, de Alyssa, de Arwa\u00a0Al Kairawania, de Aziza Othmana\u2026 Cette femme tunisienne qui depuis 5 ans porte\u00a0le pays \u00e0 bout de bras. Cette femme tunisienne qui, pas plus tard qu\u2019hier, a non\u00a0seulement offert \u00e0 la Tunisie sa premi\u00e8re m\u00e9daille olympique pour 2016, mais a\u00a0aussi offert \u00e0 la femme africaine sa toute premi\u00e8re m\u00e9daille olympique de l\u2019escrime!<\/p>\n<p>Pour le FIFAG, croire en la femme tunisienne n\u2019est pas un vain mot, mais bien une\u00a0r\u00e9alit\u00e9: il a en effet pour pr\u00e9sidente d\u2019honneur, notre star internationale Hend Sabry,\u00a0et ses deux pr\u00e9sidentes de jury de l\u2019\u00e9dition 2016 sont Dorra Bouchoucha et Fatma\u00a0Saidane, deux tunisiennes exceptionnelles.<\/p>\n<p>R\u00e9alis\u00e9 en 2015, le film \u00abWarda, la passion de la vie\u00bb, raconte l\u2019histoire d\u2019une jeune\u00a0artiste tunisienne passionn\u00e9e de gravure et atteinte du cancer.<\/p>\n<p>Selon le r\u00e9alisateur, \u00ables \u00e9v\u00e8nements de ce film de 26 minutes relatent la vie\u00a0quotidienne de Warda entre soins et cr\u00e9ation pour arriver enfin \u00e0 vaincre la maladie\u00bb,\u00a0il ajoute que\u00a0\u00absa volont\u00e9, son talent et son amour pour la vie lui ont valu de participer\u00a0\u00e0 des foires nationales et internationales\u00bb.<\/p>\n<p>Ce documentaire suit donc le quotidien de cette jeune plasticienne et l\u2019accompagne\u00a0tout au long de ses journ\u00e9es lorsqu\u2019elle va se faire soigner, passe des moments en\u00a0famille, prend des cours de gravure\u2026..<\/p>\n<p>A travers l\u2019histoire de Warda, le r\u00e9alisateur montre qu\u2019il ne faut jamais se laisser aller\u00a0au d\u00e9sespoir, que la vie continue, qu\u2019elle m\u00e9rite d\u2019\u00eatre v\u00e9cue pleinement et qu\u2019il faut\u00a0se battre toujours et encore. Il montre aussi que l\u2019Art est un moyen de r\u00e9sistance qui\u00a0permet d\u2019avancer, de r\u00eaver, de cr\u00e9er, de faire des projets\u2026 L\u2019Art donne un sens \u00e0 la\u00a0vie.<\/p>\n<p>\u00abWarda, la passion de la vie\u00bb a remport\u00e9 en 2015, le Grand Prix du Nil du meilleur\u00a0court-m\u00e9trage documentaire lors de la 4\u00e8me \u00e9dition du Festival du Cin\u00e9ma Africain de\u00a0Louxor (LAFF), en Egypte. Il a \u00e9galement re\u00e7u en 2016, la mention sp\u00e9ciale du jury\u00a0de la comp\u00e9tition des films documentaires des 6\u00e8mes Journ\u00e9es Cin\u00e9matographiques\u00a0d\u2019Alger (JCA), en Alg\u00e9rie.<\/p>\n<p>Mahmoud Jemni, r\u00e9alisateur du film \u00abWarda, la passion de la vie\u00bb\u00a0est un cin\u00e9aste\u00a0tunisien. Il a d\u00e9but\u00e9 sa carri\u00e8re la fin des ann\u00e9es 1960 au sein des cin\u00e9-clubs avant\u00a0de participer \u00e0 des tournages.\u00a0Il a cor\u00e9alis\u00e9 et r\u00e9alis\u00e9 plusieurs films dont notamment, en 2012, \u00abColoquinte\u00bb, un\u00a0documentaire de 52 minutes \u00e0 travers lequel il pr\u00e9sente les t\u00e9moignages d\u2019anciens\u00a0prisonniers politiques et combattants tunisiens, avant et apr\u00e8s l\u2019ind\u00e9pendance, sur le\u00a0souvenir de la torture et les s\u00e9vices qu\u2019ils avaient subis.<\/p>\n<p>Mahmoud Jemni est \u00e9galement critique de cin\u00e9ma et auteur. Il a aussi \u00e9t\u00e9 secr\u00e9taire\u00a0g\u00e9n\u00e9ral de l\u2019ATPCC (Association tunisienne de la promotion de la critique\u00a0cin\u00e9matographique) et membre du jury dans quelques festivals dont ceux du Caire,\u00a0Duba\u00ef et Locarno.\u00a0Il a \u00e9t\u00e9 l\u2019initiateur et l\u2019encadreur du jury pour enfants aux Journ\u00e9es\u00a0cin\u00e9matographiques de Carthage. Il est \u00e9galement l\u2019auteur d\u2019un livre \u00abQuarante ans\u00a0de cin\u00e9ma tunisien: regards crois\u00e9s\u00bb.<\/p>\n<p>M. Mahmoud Jemni est actuellement le Pr\u00e9sident du Festival International du Film\u00a0Arabe de Gab\u00e8s, dont la deuxi\u00e8me \u00e9dition aura lieu du 24 au 30 Septembre 2016.<\/p>\n<p><strong>Neila Driss<\/strong><\/p>\n<\/p><\/div>\n<div class=\"coprs\" style=\"text-align: center\"><\/div><\/div>\n","protected":false},"excerpt":{"rendered":"<p>Le Festival International du Film Arabe de Gabes rend hommage \u00e0 la femme tunisienne<\/p>\n","protected":false},"author":3164,"featured_media":313440,"comment_status":"open","ping_status":"closed","sticky":false,"template":"","format":"standard","meta":{"footnotes":""},"categories":[2594],"tags":[2600],"class_list":["post-199620","post","type-post","status-publish","format-standard","has-post-thumbnail","hentry","category-culture","tag-guerre"],"yoast_head":"<!-- This site is optimized with the Yoast SEO Premium plugin v27.5 (Yoast SEO v27.5) - https:\/\/yoast.com\/product\/yoast-seo-premium-wordpress\/ -->\n<title>Le Festival International du Film Arabe de Gabes rend hommage \u00e0 la femme tunisienne<\/title>\n<meta name=\"description\" content=\"Le Festival International du Film Arabe de Gabes rend hommage \u00e0 la femme tunisienne\" \/>\n<link rel=\"canonical\" href=\"https:\/\/www.webdo.tn\/fr\/actualite\/culture\/festival-international-film-arabe-de-gabes-rend-hommage-a-femme-tunisienne\/199620\/\" \/>\n<meta property=\"og:locale\" content=\"fr_FR\" \/>\n<meta property=\"og:type\" content=\"article\" \/>\n<meta property=\"og:title\" content=\"Le Festival International du Film Arabe de Gabes rend hommage \u00e0 la femme tunisienne\" \/>\n<meta property=\"og:description\" content=\"Le Festival International du Film Arabe de Gabes rend hommage \u00e0 la femme tunisienne\" \/>\n<meta property=\"og:url\" content=\"https:\/\/www.webdo.tn\/fr\/actualite\/culture\/festival-international-film-arabe-de-gabes-rend-hommage-a-femme-tunisienne\/199620\/\" \/>\n<meta property=\"og:site_name\" content=\"webdo\" \/>\n<meta property=\"article:publisher\" content=\"https:\/\/www.facebook.com\/webdotn\" \/>\n<meta property=\"article:author\" content=\"https:\/\/www.facebook.com\/massir.destiniii\/\" \/>\n<meta property=\"article:published_time\" content=\"2016-08-12T12:09:00+00:00\" \/>\n<meta property=\"article:modified_time\" content=\"2025-05-19T09:27:07+00:00\" \/>\n<meta property=\"og:image\" content=\"https:\/\/www.webdo.tn\/fr\/wp-content\/uploads\/2016\/08\/Warda-300x225-1.jpg\" \/>\n\t<meta property=\"og:image:width\" content=\"300\" \/>\n\t<meta property=\"og:image:height\" content=\"225\" \/>\n\t<meta property=\"og:image:type\" content=\"image\/jpeg\" \/>\n<meta name=\"author\" content=\"Ne\u00efla DRISS\" \/>\n<meta name=\"twitter:card\" content=\"summary_large_image\" \/>\n<meta name=\"twitter:creator\" content=\"@https:\/\/x.com\/MassirDestin\" \/>\n<meta name=\"twitter:site\" content=\"@webdo_tn\" \/>\n<meta name=\"twitter:label1\" content=\"\u00c9crit par\" \/>\n\t<meta name=\"twitter:data1\" content=\"Ne\u00efla DRISS\" \/>\n\t<meta name=\"twitter:label2\" content=\"Dur\u00e9e de lecture estim\u00e9e\" \/>\n\t<meta name=\"twitter:data2\" content=\"3 minutes\" \/>\n<script type=\"application\/ld+json\" class=\"yoast-schema-graph\">{\"@context\":\"https:\\\/\\\/schema.org\",\"@graph\":[{\"@type\":\"NewsArticle\",\"@id\":\"https:\\\/\\\/www.webdo.tn\\\/fr\\\/actualite\\\/culture\\\/festival-international-film-arabe-de-gabes-rend-hommage-a-femme-tunisienne\\\/199620\\\/#article\",\"isPartOf\":{\"@id\":\"https:\\\/\\\/www.webdo.tn\\\/fr\\\/actualite\\\/culture\\\/festival-international-film-arabe-de-gabes-rend-hommage-a-femme-tunisienne\\\/199620\\\/\"},\"author\":{\"name\":\"Ne\u00efla DRISS\",\"@id\":\"https:\\\/\\\/www.webdo.tn\\\/fr\\\/#\\\/schema\\\/person\\\/60d5ba619ed3f58783b0dc82b7dada80\"},\"headline\":\"Le Festival International du Film Arabe de Gabes rend hommage \u00e0 la femme tunisienne\",\"datePublished\":\"2016-08-12T12:09:00+00:00\",\"dateModified\":\"2025-05-19T09:27:07+00:00\",\"mainEntityOfPage\":{\"@id\":\"https:\\\/\\\/www.webdo.tn\\\/fr\\\/actualite\\\/culture\\\/festival-international-film-arabe-de-gabes-rend-hommage-a-femme-tunisienne\\\/199620\\\/\"},\"wordCount\":692,\"commentCount\":0,\"publisher\":{\"@id\":\"https:\\\/\\\/www.webdo.tn\\\/fr\\\/#organization\"},\"image\":{\"@id\":\"https:\\\/\\\/www.webdo.tn\\\/fr\\\/actualite\\\/culture\\\/festival-international-film-arabe-de-gabes-rend-hommage-a-femme-tunisienne\\\/199620\\\/#primaryimage\"},\"thumbnailUrl\":\"https:\\\/\\\/www.webdo.tn\\\/fr\\\/wp-content\\\/uploads\\\/2016\\\/08\\\/Warda-300x225-1.jpg\",\"keywords\":[\"guerre\"],\"articleSection\":[\"Culture\"],\"inLanguage\":\"fr-FR\"},{\"@type\":\"WebPage\",\"@id\":\"https:\\\/\\\/www.webdo.tn\\\/fr\\\/actualite\\\/culture\\\/festival-international-film-arabe-de-gabes-rend-hommage-a-femme-tunisienne\\\/199620\\\/\",\"url\":\"https:\\\/\\\/www.webdo.tn\\\/fr\\\/actualite\\\/culture\\\/festival-international-film-arabe-de-gabes-rend-hommage-a-femme-tunisienne\\\/199620\\\/\",\"name\":\"Le Festival International du Film Arabe de Gabes rend hommage \u00e0 la femme tunisienne\",\"isPartOf\":{\"@id\":\"https:\\\/\\\/www.webdo.tn\\\/fr\\\/#website\"},\"primaryImageOfPage\":{\"@id\":\"https:\\\/\\\/www.webdo.tn\\\/fr\\\/actualite\\\/culture\\\/festival-international-film-arabe-de-gabes-rend-hommage-a-femme-tunisienne\\\/199620\\\/#primaryimage\"},\"image\":{\"@id\":\"https:\\\/\\\/www.webdo.tn\\\/fr\\\/actualite\\\/culture\\\/festival-international-film-arabe-de-gabes-rend-hommage-a-femme-tunisienne\\\/199620\\\/#primaryimage\"},\"thumbnailUrl\":\"https:\\\/\\\/www.webdo.tn\\\/fr\\\/wp-content\\\/uploads\\\/2016\\\/08\\\/Warda-300x225-1.jpg\",\"datePublished\":\"2016-08-12T12:09:00+00:00\",\"dateModified\":\"2025-05-19T09:27:07+00:00\",\"description\":\"Le Festival International du Film Arabe de Gabes rend hommage \u00e0 la femme tunisienne\",\"breadcrumb\":{\"@id\":\"https:\\\/\\\/www.webdo.tn\\\/fr\\\/actualite\\\/culture\\\/festival-international-film-arabe-de-gabes-rend-hommage-a-femme-tunisienne\\\/199620\\\/#breadcrumb\"},\"inLanguage\":\"fr-FR\",\"potentialAction\":[{\"@type\":\"ReadAction\",\"target\":[\"https:\\\/\\\/www.webdo.tn\\\/fr\\\/actualite\\\/culture\\\/festival-international-film-arabe-de-gabes-rend-hommage-a-femme-tunisienne\\\/199620\\\/\"]}]},{\"@type\":\"ImageObject\",\"inLanguage\":\"fr-FR\",\"@id\":\"https:\\\/\\\/www.webdo.tn\\\/fr\\\/actualite\\\/culture\\\/festival-international-film-arabe-de-gabes-rend-hommage-a-femme-tunisienne\\\/199620\\\/#primaryimage\",\"url\":\"https:\\\/\\\/www.webdo.tn\\\/fr\\\/wp-content\\\/uploads\\\/2016\\\/08\\\/Warda-300x225-1.jpg\",\"contentUrl\":\"https:\\\/\\\/www.webdo.tn\\\/fr\\\/wp-content\\\/uploads\\\/2016\\\/08\\\/Warda-300x225-1.jpg\",\"width\":300,\"height\":225,\"caption\":\"Le Festival International du Film Arabe de Gabes rend hommage \u00e0 la femme tunisienne\"},{\"@type\":\"BreadcrumbList\",\"@id\":\"https:\\\/\\\/www.webdo.tn\\\/fr\\\/actualite\\\/culture\\\/festival-international-film-arabe-de-gabes-rend-hommage-a-femme-tunisienne\\\/199620\\\/#breadcrumb\",\"itemListElement\":[{\"@type\":\"ListItem\",\"position\":1,\"name\":\"Accueil\",\"item\":\"https:\\\/\\\/www.webdo.tn\\\/fr\\\/\"},{\"@type\":\"ListItem\",\"position\":2,\"name\":\"Le Festival International du Film Arabe de Gabes rend hommage \u00e0 la femme tunisienne\"}]},{\"@type\":\"WebSite\",\"@id\":\"https:\\\/\\\/www.webdo.tn\\\/fr\\\/#website\",\"url\":\"https:\\\/\\\/www.webdo.tn\\\/fr\\\/\",\"name\":\"webdo\",\"description\":\"Tunisie - News en Tunisie et \u00e0 l&#039;international sur Webdo.tn\",\"publisher\":{\"@id\":\"https:\\\/\\\/www.webdo.tn\\\/fr\\\/#organization\"},\"potentialAction\":[{\"@type\":\"SearchAction\",\"target\":{\"@type\":\"EntryPoint\",\"urlTemplate\":\"https:\\\/\\\/www.webdo.tn\\\/fr\\\/?s={search_term_string}\"},\"query-input\":{\"@type\":\"PropertyValueSpecification\",\"valueRequired\":true,\"valueName\":\"search_term_string\"}}],\"inLanguage\":\"fr-FR\"},{\"@type\":\"Organization\",\"@id\":\"https:\\\/\\\/www.webdo.tn\\\/fr\\\/#organization\",\"name\":\"Webdo\",\"alternateName\":\"Webdo.tn\",\"url\":\"https:\\\/\\\/www.webdo.tn\\\/fr\\\/\",\"logo\":{\"@type\":\"ImageObject\",\"inLanguage\":\"fr-FR\",\"@id\":\"https:\\\/\\\/www.webdo.tn\\\/fr\\\/#\\\/schema\\\/logo\\\/image\\\/\",\"url\":\"https:\\\/\\\/www.webdo.tn\\\/fr\\\/wp-content\\\/uploads\\\/2025\\\/06\\\/Webdo-Tunisie_168377.jpg\",\"contentUrl\":\"https:\\\/\\\/www.webdo.tn\\\/fr\\\/wp-content\\\/uploads\\\/2025\\\/06\\\/Webdo-Tunisie_168377.jpg\",\"width\":301,\"height\":301,\"caption\":\"Webdo\"},\"image\":{\"@id\":\"https:\\\/\\\/www.webdo.tn\\\/fr\\\/#\\\/schema\\\/logo\\\/image\\\/\"},\"sameAs\":[\"https:\\\/\\\/www.facebook.com\\\/webdotn\",\"https:\\\/\\\/x.com\\\/webdo_tn\"],\"description\":\"Webdo est un m\u00e9dia num\u00e9rique tunisien fond\u00e9 en 2010, sp\u00e9cialis\u00e9 dans l\u2019actualit\u00e9 nationale et internationale, l\u2019\u00e9conomie, la soci\u00e9t\u00e9 et les analyses politiques. Le site s\u2019adresse \u00e0 un large public francophone et couvre l\u2019information tunisienne en temps r\u00e9el.\",\"email\":\"redac@webdo.tn\",\"legalName\":\"YNJ SARL\",\"foundingDate\":\"2010-09-06\",\"numberOfEmployees\":{\"@type\":\"QuantitativeValue\",\"minValue\":\"11\",\"maxValue\":\"50\"}},{\"@type\":\"Person\",\"@id\":\"https:\\\/\\\/www.webdo.tn\\\/fr\\\/#\\\/schema\\\/person\\\/60d5ba619ed3f58783b0dc82b7dada80\",\"name\":\"Ne\u00efla DRISS\",\"image\":{\"@type\":\"ImageObject\",\"inLanguage\":\"fr-FR\",\"@id\":\"https:\\\/\\\/www.webdo.tn\\\/fr\\\/wp-content\\\/uploads\\\/2026\\\/04\\\/neila-driss_avatar-96x96.jpg\",\"url\":\"https:\\\/\\\/www.webdo.tn\\\/fr\\\/wp-content\\\/uploads\\\/2026\\\/04\\\/neila-driss_avatar-96x96.jpg\",\"contentUrl\":\"https:\\\/\\\/www.webdo.tn\\\/fr\\\/wp-content\\\/uploads\\\/2026\\\/04\\\/neila-driss_avatar-96x96.jpg\",\"caption\":\"Ne\u00efla DRISS\"},\"description\":\"Ne\u00efla Driss est juriste, journaliste culturelle et critique de cin\u00e9ma tunisienne. Titulaire d\u2019un DEA en droit priv\u00e9 de l\u2019Universit\u00e9 Paris II et d\u2019un DESS de l\u2019IHEC Carthage, elle d\u00e9bute sa carri\u00e8re comme juriste sp\u00e9cialis\u00e9e en gestion de patrimoine immobilier. Elle s\u2019oriente ensuite vers l\u2019\u00e9criture en ligne, o\u00f9 elle se distingue d\u00e8s 2006 aux Tunisia Blog Awards, avant de se consacrer au journalisme culturel, avec une sp\u00e9cialisation dans la critique cin\u00e9matographique. Elle couvre r\u00e9guli\u00e8rement les grands festivals internationaux, notamment le Festival de Cannes, les Journ\u00e9es Cin\u00e9matographiques de Carthage et le Festival du film du Caire. Membre de l\u2019ATPCC et de la FIPRESCI, elle participe \u00e0 des jurys et initiatives internationales de critique. Depuis 2024, elle est \u00e9lectrice internationale aux Golden Globes. Facebook : https:\\\/\\\/www.facebook.com\\\/massir.destiniii\\\/ X : https:\\\/\\\/x.com\\\/MassirDestin\",\"sameAs\":[\"https:\\\/\\\/www.facebook.com\\\/massir.destiniii\\\/\",\"https:\\\/\\\/www.instagram.com\\\/neila.driss\\\/?hl=fr\",\"https:\\\/\\\/www.linkedin.com\\\/in\\\/neila-driss-22606a80\\\/\",\"https:\\\/\\\/x.com\\\/https:\\\/\\\/x.com\\\/MassirDestin\"],\"knowsAbout\":[\"Cin\u00e9ma international\",\"critique cin\u00e9matographique\",\"festivals de cin\u00e9ma\",\"journalisme culturel\"],\"knowsLanguage\":[\"Fran\u00e7ais\",\"Arabe\",\"Anglais\"],\"jobTitle\":\"Journaliste culturelle et critique de cin\u00e9ma\",\"worksFor\":\"Webdo\",\"url\":\"https:\\\/\\\/www.webdo.tn\\\/fr\\\/actualite\\\/author\\\/neila-driss\\\/\"}]}<\/script>\n<!-- \/ Yoast SEO Premium plugin. -->","yoast_head_json":{"title":"Le Festival International du Film Arabe de Gabes rend hommage \u00e0 la femme tunisienne","description":"Le Festival International du Film Arabe de Gabes rend hommage \u00e0 la femme tunisienne","canonical":"https:\/\/www.webdo.tn\/fr\/actualite\/culture\/festival-international-film-arabe-de-gabes-rend-hommage-a-femme-tunisienne\/199620\/","og_locale":"fr_FR","og_type":"article","og_title":"Le Festival International du Film Arabe de Gabes rend hommage \u00e0 la femme tunisienne","og_description":"Le Festival International du Film Arabe de Gabes rend hommage \u00e0 la femme tunisienne","og_url":"https:\/\/www.webdo.tn\/fr\/actualite\/culture\/festival-international-film-arabe-de-gabes-rend-hommage-a-femme-tunisienne\/199620\/","og_site_name":"webdo","article_publisher":"https:\/\/www.facebook.com\/webdotn","article_author":"https:\/\/www.facebook.com\/massir.destiniii\/","article_published_time":"2016-08-12T12:09:00+00:00","article_modified_time":"2025-05-19T09:27:07+00:00","og_image":[{"width":300,"height":225,"url":"https:\/\/www.webdo.tn\/fr\/wp-content\/uploads\/2016\/08\/Warda-300x225-1.jpg","type":"image\/jpeg"}],"author":"Ne\u00efla DRISS","twitter_card":"summary_large_image","twitter_creator":"@https:\/\/x.com\/MassirDestin","twitter_site":"@webdo_tn","twitter_misc":{"\u00c9crit par":"Ne\u00efla DRISS","Dur\u00e9e de lecture estim\u00e9e":"3 minutes"},"schema":{"@context":"https:\/\/schema.org","@graph":[{"@type":"NewsArticle","@id":"https:\/\/www.webdo.tn\/fr\/actualite\/culture\/festival-international-film-arabe-de-gabes-rend-hommage-a-femme-tunisienne\/199620\/#article","isPartOf":{"@id":"https:\/\/www.webdo.tn\/fr\/actualite\/culture\/festival-international-film-arabe-de-gabes-rend-hommage-a-femme-tunisienne\/199620\/"},"author":{"name":"Ne\u00efla DRISS","@id":"https:\/\/www.webdo.tn\/fr\/#\/schema\/person\/60d5ba619ed3f58783b0dc82b7dada80"},"headline":"Le Festival International du Film Arabe de Gabes rend hommage \u00e0 la femme tunisienne","datePublished":"2016-08-12T12:09:00+00:00","dateModified":"2025-05-19T09:27:07+00:00","mainEntityOfPage":{"@id":"https:\/\/www.webdo.tn\/fr\/actualite\/culture\/festival-international-film-arabe-de-gabes-rend-hommage-a-femme-tunisienne\/199620\/"},"wordCount":692,"commentCount":0,"publisher":{"@id":"https:\/\/www.webdo.tn\/fr\/#organization"},"image":{"@id":"https:\/\/www.webdo.tn\/fr\/actualite\/culture\/festival-international-film-arabe-de-gabes-rend-hommage-a-femme-tunisienne\/199620\/#primaryimage"},"thumbnailUrl":"https:\/\/www.webdo.tn\/fr\/wp-content\/uploads\/2016\/08\/Warda-300x225-1.jpg","keywords":["guerre"],"articleSection":["Culture"],"inLanguage":"fr-FR"},{"@type":"WebPage","@id":"https:\/\/www.webdo.tn\/fr\/actualite\/culture\/festival-international-film-arabe-de-gabes-rend-hommage-a-femme-tunisienne\/199620\/","url":"https:\/\/www.webdo.tn\/fr\/actualite\/culture\/festival-international-film-arabe-de-gabes-rend-hommage-a-femme-tunisienne\/199620\/","name":"Le Festival International du Film Arabe de Gabes rend hommage \u00e0 la femme tunisienne","isPartOf":{"@id":"https:\/\/www.webdo.tn\/fr\/#website"},"primaryImageOfPage":{"@id":"https:\/\/www.webdo.tn\/fr\/actualite\/culture\/festival-international-film-arabe-de-gabes-rend-hommage-a-femme-tunisienne\/199620\/#primaryimage"},"image":{"@id":"https:\/\/www.webdo.tn\/fr\/actualite\/culture\/festival-international-film-arabe-de-gabes-rend-hommage-a-femme-tunisienne\/199620\/#primaryimage"},"thumbnailUrl":"https:\/\/www.webdo.tn\/fr\/wp-content\/uploads\/2016\/08\/Warda-300x225-1.jpg","datePublished":"2016-08-12T12:09:00+00:00","dateModified":"2025-05-19T09:27:07+00:00","description":"Le Festival International du Film Arabe de Gabes rend hommage \u00e0 la femme tunisienne","breadcrumb":{"@id":"https:\/\/www.webdo.tn\/fr\/actualite\/culture\/festival-international-film-arabe-de-gabes-rend-hommage-a-femme-tunisienne\/199620\/#breadcrumb"},"inLanguage":"fr-FR","potentialAction":[{"@type":"ReadAction","target":["https:\/\/www.webdo.tn\/fr\/actualite\/culture\/festival-international-film-arabe-de-gabes-rend-hommage-a-femme-tunisienne\/199620\/"]}]},{"@type":"ImageObject","inLanguage":"fr-FR","@id":"https:\/\/www.webdo.tn\/fr\/actualite\/culture\/festival-international-film-arabe-de-gabes-rend-hommage-a-femme-tunisienne\/199620\/#primaryimage","url":"https:\/\/www.webdo.tn\/fr\/wp-content\/uploads\/2016\/08\/Warda-300x225-1.jpg","contentUrl":"https:\/\/www.webdo.tn\/fr\/wp-content\/uploads\/2016\/08\/Warda-300x225-1.jpg","width":300,"height":225,"caption":"Le Festival International du Film Arabe de Gabes rend hommage \u00e0 la femme tunisienne"},{"@type":"BreadcrumbList","@id":"https:\/\/www.webdo.tn\/fr\/actualite\/culture\/festival-international-film-arabe-de-gabes-rend-hommage-a-femme-tunisienne\/199620\/#breadcrumb","itemListElement":[{"@type":"ListItem","position":1,"name":"Accueil","item":"https:\/\/www.webdo.tn\/fr\/"},{"@type":"ListItem","position":2,"name":"Le Festival International du Film Arabe de Gabes rend hommage \u00e0 la femme tunisienne"}]},{"@type":"WebSite","@id":"https:\/\/www.webdo.tn\/fr\/#website","url":"https:\/\/www.webdo.tn\/fr\/","name":"webdo","description":"Tunisie - News en Tunisie et \u00e0 l&#039;international sur Webdo.tn","publisher":{"@id":"https:\/\/www.webdo.tn\/fr\/#organization"},"potentialAction":[{"@type":"SearchAction","target":{"@type":"EntryPoint","urlTemplate":"https:\/\/www.webdo.tn\/fr\/?s={search_term_string}"},"query-input":{"@type":"PropertyValueSpecification","valueRequired":true,"valueName":"search_term_string"}}],"inLanguage":"fr-FR"},{"@type":"Organization","@id":"https:\/\/www.webdo.tn\/fr\/#organization","name":"Webdo","alternateName":"Webdo.tn","url":"https:\/\/www.webdo.tn\/fr\/","logo":{"@type":"ImageObject","inLanguage":"fr-FR","@id":"https:\/\/www.webdo.tn\/fr\/#\/schema\/logo\/image\/","url":"https:\/\/www.webdo.tn\/fr\/wp-content\/uploads\/2025\/06\/Webdo-Tunisie_168377.jpg","contentUrl":"https:\/\/www.webdo.tn\/fr\/wp-content\/uploads\/2025\/06\/Webdo-Tunisie_168377.jpg","width":301,"height":301,"caption":"Webdo"},"image":{"@id":"https:\/\/www.webdo.tn\/fr\/#\/schema\/logo\/image\/"},"sameAs":["https:\/\/www.facebook.com\/webdotn","https:\/\/x.com\/webdo_tn"],"description":"Webdo est un m\u00e9dia num\u00e9rique tunisien fond\u00e9 en 2010, sp\u00e9cialis\u00e9 dans l\u2019actualit\u00e9 nationale et internationale, l\u2019\u00e9conomie, la soci\u00e9t\u00e9 et les analyses politiques. Le site s\u2019adresse \u00e0 un large public francophone et couvre l\u2019information tunisienne en temps r\u00e9el.","email":"redac@webdo.tn","legalName":"YNJ SARL","foundingDate":"2010-09-06","numberOfEmployees":{"@type":"QuantitativeValue","minValue":"11","maxValue":"50"}},{"@type":"Person","@id":"https:\/\/www.webdo.tn\/fr\/#\/schema\/person\/60d5ba619ed3f58783b0dc82b7dada80","name":"Ne\u00efla DRISS","image":{"@type":"ImageObject","inLanguage":"fr-FR","@id":"https:\/\/www.webdo.tn\/fr\/wp-content\/uploads\/2026\/04\/neila-driss_avatar-96x96.jpg","url":"https:\/\/www.webdo.tn\/fr\/wp-content\/uploads\/2026\/04\/neila-driss_avatar-96x96.jpg","contentUrl":"https:\/\/www.webdo.tn\/fr\/wp-content\/uploads\/2026\/04\/neila-driss_avatar-96x96.jpg","caption":"Ne\u00efla DRISS"},"description":"Ne\u00efla Driss est juriste, journaliste culturelle et critique de cin\u00e9ma tunisienne. Titulaire d\u2019un DEA en droit priv\u00e9 de l\u2019Universit\u00e9 Paris II et d\u2019un DESS de l\u2019IHEC Carthage, elle d\u00e9bute sa carri\u00e8re comme juriste sp\u00e9cialis\u00e9e en gestion de patrimoine immobilier. Elle s\u2019oriente ensuite vers l\u2019\u00e9criture en ligne, o\u00f9 elle se distingue d\u00e8s 2006 aux Tunisia Blog Awards, avant de se consacrer au journalisme culturel, avec une sp\u00e9cialisation dans la critique cin\u00e9matographique. Elle couvre r\u00e9guli\u00e8rement les grands festivals internationaux, notamment le Festival de Cannes, les Journ\u00e9es Cin\u00e9matographiques de Carthage et le Festival du film du Caire. Membre de l\u2019ATPCC et de la FIPRESCI, elle participe \u00e0 des jurys et initiatives internationales de critique. Depuis 2024, elle est \u00e9lectrice internationale aux Golden Globes. Facebook : https:\/\/www.facebook.com\/massir.destiniii\/ X : https:\/\/x.com\/MassirDestin","sameAs":["https:\/\/www.facebook.com\/massir.destiniii\/","https:\/\/www.instagram.com\/neila.driss\/?hl=fr","https:\/\/www.linkedin.com\/in\/neila-driss-22606a80\/","https:\/\/x.com\/https:\/\/x.com\/MassirDestin"],"knowsAbout":["Cin\u00e9ma international","critique cin\u00e9matographique","festivals de cin\u00e9ma","journalisme culturel"],"knowsLanguage":["Fran\u00e7ais","Arabe","Anglais"],"jobTitle":"Journaliste culturelle et critique de cin\u00e9ma","worksFor":"Webdo","url":"https:\/\/www.webdo.tn\/fr\/actualite\/author\/neila-driss\/"}]}},"_links":{"self":[{"href":"https:\/\/www.webdo.tn\/fr\/wp-json\/wp\/v2\/posts\/199620","targetHints":{"allow":["GET"]}}],"collection":[{"href":"https:\/\/www.webdo.tn\/fr\/wp-json\/wp\/v2\/posts"}],"about":[{"href":"https:\/\/www.webdo.tn\/fr\/wp-json\/wp\/v2\/types\/post"}],"author":[{"embeddable":true,"href":"https:\/\/www.webdo.tn\/fr\/wp-json\/wp\/v2\/users\/3164"}],"replies":[{"embeddable":true,"href":"https:\/\/www.webdo.tn\/fr\/wp-json\/wp\/v2\/comments?post=199620"}],"version-history":[{"count":0,"href":"https:\/\/www.webdo.tn\/fr\/wp-json\/wp\/v2\/posts\/199620\/revisions"}],"wp:featuredmedia":[{"embeddable":true,"href":"https:\/\/www.webdo.tn\/fr\/wp-json\/wp\/v2\/media\/313440"}],"wp:attachment":[{"href":"https:\/\/www.webdo.tn\/fr\/wp-json\/wp\/v2\/media?parent=199620"}],"wp:term":[{"taxonomy":"category","embeddable":true,"href":"https:\/\/www.webdo.tn\/fr\/wp-json\/wp\/v2\/categories?post=199620"},{"taxonomy":"post_tag","embeddable":true,"href":"https:\/\/www.webdo.tn\/fr\/wp-json\/wp\/v2\/tags?post=199620"}],"curies":[{"name":"wp","href":"https:\/\/api.w.org\/{rel}","templated":true}]}}