{"id":199618,"date":"2016-07-26T10:49:00","date_gmt":"2016-07-26T10:49:00","guid":{"rendered":"https:\/\/www.webdo.tn\/fr\/blog\/mostra-de-venise-film-tunisien-akher-wahed-fina-selectionne\/199618\/"},"modified":"2016-07-26T10:49:00","modified_gmt":"2016-07-26T10:49:00","slug":"mostra-de-venise-film-tunisien-akher-wahed-fina-selectionne","status":"publish","type":"post","link":"https:\/\/www.webdo.tn\/fr\/actualite\/culture\/mostra-de-venise-film-tunisien-akher-wahed-fina-selectionne\/199618\/","title":{"rendered":"Mostra de Venise : Le film tunisien \u00ab\u00a0Akher Wahed Fina\u00a0\u00bb, s\u00e9lectionn\u00e9"},"content":{"rendered":"<div class=\"single-body entry-content typography-copy\" itemprop=\"articleBody\">\n<p style=\"font-weight: bold; text-align: justify\">\n<div class=\"coprs\" style=\"text-align: center\"><\/div>\n<div class=\"coprs\" style=\"text-align: justify\">\n<p>Le film tunisien Akher Wahed Fina (The Last of us) de Ala Eddine Slim vient d\u2019\u00eatre s\u00e9lectionn\u00e9 en comp\u00e9tition officielle de la 31\u00e8me semaine de la critique de la 73\u00e8me \u00e9dition de la Mostra de Venise qui se tiendra du 31 ao\u00fbt au 10 septembre 2016. Ce long m\u00e9trage de fiction y sera projet\u00e9 en premi\u00e8re mondiale.<\/p>\n<h5>Synopsis<\/h5>\n<p>N., jeune subsaharien, traverse le d\u00e9sert pour atteindre le nord de l&rsquo;Afrique et faire une travers\u00e9e clandestine vers l&rsquo;Europe. Apr\u00e8s un vol, il est laiss\u00e9 seul en Tunisie. Il d\u00e9cide alors d\u2019effectuer la travers\u00e9e en solitaire. Il vole un bateau et commence son voyage, sauf qu\u2019il tombe en panne en pleine mer. A partir de ce moment, N. va d\u00e9couvrir des espaces diff\u00e9rents et infinis, fera des rencontres intenses et fugitives, et sera confront\u00e9 \u00e0 une image alt\u00e9r\u00e9e de lui-m\u00eame.<\/p>\n<p>Akher Wahed Fina est le premier long m\u00e9trage fiction de Ala Eddine Slim. Ce jeune cin\u00e9aste, n\u00e9 en 1982, est dipl\u00f4m\u00e9 de l&rsquo;Institut Sup\u00e9rieur des Arts Multim\u00e9dias de la Manouba en Tunisie. Son projet de fin d&rsquo;\u00e9tudes, intitul\u00e9 La nuit des r\u00eaveurs a remport\u00e9 un prix au Festival National du Film Amateur de K\u00e9libia en 2004.<\/p>\n<p>Ensuite, en 2005, il a cr\u00e9e la soci\u00e9t\u00e9 EXIT PRODUCTIONS avec Ali Hassouna. Entre 2007 et 2012, il a produit et r\u00e9alis\u00e9 plusieurs courts m\u00e9trages, notamment \u00ab\u00a0L\u2019automne\u00a0\u00bb, \u00ab\u00a0Une nuit parmi les autres\u00a0\u00bb, \u00ab\u00a0En compagnie d\u2019Hamlet\u00a0\u00bb\u2026<\/p>\n<p>En 2012, il a co-produit le long m\u00e9trage Babylon avec Ismael Louati et Youssef Chebbi. Babylon a \u00e9t\u00e9 s\u00e9lectionn\u00e9 dans plusieurs festivals et y a remport\u00e9 plusieurs prix. Il a aussi \u00e9t\u00e9 programm\u00e9 au MoMa \u00e0 New York et \u00e0 l\u2019ouverture du nouveau Muss\u00e9e d\u2019Art Contemporain de Marseille.<\/p>\n<p><img decoding=\"async\" class=\"aligncenter wp-image-133164 size-full\" src=\"http:\/\/www.webdo.tn\/wp-content\/uploads\/2016\/07\/Akher-Wahed-Fina-1.jpg\" alt=\"Akher Wahed Fina\" width=\"556\" height=\"291\"><\/p>\n<p>Le 16 juillet dernier, \u00e0 Marseille, le projet Akher Wahed Fina avait re\u00e7u le prix Vid\u00e9o de Poche, l\u2019un des 7 prix du FIDlab. Les membres du jury avaient mis l\u2019accent sur la singularit\u00e9 de l\u2019approche cin\u00e9matographique du projet et sur ses hautes qualit\u00e9s artistiques.<\/p>\n<p>La soci\u00e9t\u00e9 de post-production Vid\u00e9o de Poche offre au projet laur\u00e9at la cr\u00e9ation du DCP du film.<\/p>\n<p>F\u00e9licitation \u00e0 toute l\u2019\u00e9quipe, exclusivement tunisienne, du film. Bon vent au film, en lui souhaitant une belle carri\u00e8re !<\/p>\n<p><strong>Neila Driss<\/strong><\/p>\n<\/p><\/div>\n<div class=\"coprs\" style=\"text-align: center\"><\/div><\/div>\n","protected":false},"excerpt":{"rendered":"<p>Mostra de Venise : Le film tunisien  Akher Wahed Fina , s\u00e9lectionn\u00e9<\/p>\n","protected":false},"author":3164,"featured_media":337640,"comment_status":"open","ping_status":"closed","sticky":false,"template":"","format":"standard","meta":{"footnotes":""},"categories":[2594],"tags":[2600],"class_list":["post-199618","post","type-post","status-publish","format-standard","has-post-thumbnail","hentry","category-culture","tag-guerre"],"yoast_head":"<!-- This site is optimized with the Yoast SEO Premium plugin v27.5 (Yoast SEO v27.5) - https:\/\/yoast.com\/product\/yoast-seo-premium-wordpress\/ -->\n<title>Mostra de Venise : Le film tunisien Akher Wahed Fina , s\u00e9lectionn\u00e9<\/title>\n<meta name=\"description\" content=\"Mostra de Venise : Le film tunisien Akher Wahed Fina , s\u00e9lectionn\u00e9\" \/>\n<link rel=\"canonical\" href=\"https:\/\/www.webdo.tn\/fr\/actualite\/culture\/mostra-de-venise-film-tunisien-akher-wahed-fina-selectionne\/199618\/\" \/>\n<meta property=\"og:locale\" content=\"fr_FR\" \/>\n<meta property=\"og:type\" content=\"article\" \/>\n<meta property=\"og:title\" content=\"Mostra de Venise : Le film tunisien &quot;Akher Wahed Fina&quot;, s\u00e9lectionn\u00e9\" \/>\n<meta property=\"og:description\" content=\"Mostra de Venise : Le film tunisien Akher Wahed Fina , s\u00e9lectionn\u00e9\" \/>\n<meta property=\"og:url\" content=\"https:\/\/www.webdo.tn\/fr\/actualite\/culture\/mostra-de-venise-film-tunisien-akher-wahed-fina-selectionne\/199618\/\" \/>\n<meta property=\"og:site_name\" content=\"webdo\" \/>\n<meta property=\"article:publisher\" content=\"https:\/\/www.facebook.com\/webdotn\" \/>\n<meta property=\"article:author\" content=\"https:\/\/www.facebook.com\/massir.destiniii\/\" \/>\n<meta property=\"article:published_time\" content=\"2016-07-26T10:49:00+00:00\" \/>\n<meta property=\"og:image\" content=\"https:\/\/www.webdo.tn\/fr\/wp-content\/uploads\/2016\/07\/Akher-Wahed-Fina-2.jpg\" \/>\n\t<meta property=\"og:image:width\" content=\"557\" \/>\n\t<meta property=\"og:image:height\" content=\"290\" \/>\n\t<meta property=\"og:image:type\" content=\"image\/jpeg\" \/>\n<meta name=\"author\" content=\"Ne\u00efla DRISS\" \/>\n<meta name=\"twitter:card\" content=\"summary_large_image\" \/>\n<meta name=\"twitter:creator\" content=\"@https:\/\/x.com\/MassirDestin\" \/>\n<meta name=\"twitter:site\" content=\"@webdo_tn\" \/>\n<meta name=\"twitter:label1\" content=\"\u00c9crit par\" \/>\n\t<meta name=\"twitter:data1\" content=\"Ne\u00efla DRISS\" \/>\n\t<meta name=\"twitter:label2\" content=\"Dur\u00e9e de lecture estim\u00e9e\" \/>\n\t<meta name=\"twitter:data2\" content=\"2 minutes\" \/>\n<script type=\"application\/ld+json\" class=\"yoast-schema-graph\">{\"@context\":\"https:\\\/\\\/schema.org\",\"@graph\":[{\"@type\":\"NewsArticle\",\"@id\":\"https:\\\/\\\/www.webdo.tn\\\/fr\\\/actualite\\\/culture\\\/mostra-de-venise-film-tunisien-akher-wahed-fina-selectionne\\\/199618\\\/#article\",\"isPartOf\":{\"@id\":\"https:\\\/\\\/www.webdo.tn\\\/fr\\\/actualite\\\/culture\\\/mostra-de-venise-film-tunisien-akher-wahed-fina-selectionne\\\/199618\\\/\"},\"author\":{\"name\":\"Ne\u00efla DRISS\",\"@id\":\"https:\\\/\\\/www.webdo.tn\\\/fr\\\/#\\\/schema\\\/person\\\/60d5ba619ed3f58783b0dc82b7dada80\"},\"headline\":\"Mostra de Venise : Le film tunisien \u00ab\u00a0Akher Wahed Fina\u00a0\u00bb, s\u00e9lectionn\u00e9\",\"datePublished\":\"2016-07-26T10:49:00+00:00\",\"mainEntityOfPage\":{\"@id\":\"https:\\\/\\\/www.webdo.tn\\\/fr\\\/actualite\\\/culture\\\/mostra-de-venise-film-tunisien-akher-wahed-fina-selectionne\\\/199618\\\/\"},\"wordCount\":408,\"commentCount\":0,\"publisher\":{\"@id\":\"https:\\\/\\\/www.webdo.tn\\\/fr\\\/#organization\"},\"image\":{\"@id\":\"https:\\\/\\\/www.webdo.tn\\\/fr\\\/actualite\\\/culture\\\/mostra-de-venise-film-tunisien-akher-wahed-fina-selectionne\\\/199618\\\/#primaryimage\"},\"thumbnailUrl\":\"https:\\\/\\\/www.webdo.tn\\\/fr\\\/wp-content\\\/uploads\\\/2016\\\/07\\\/Akher-Wahed-Fina-2.jpg\",\"keywords\":[\"guerre\"],\"articleSection\":[\"Culture\"],\"inLanguage\":\"fr-FR\"},{\"@type\":\"WebPage\",\"@id\":\"https:\\\/\\\/www.webdo.tn\\\/fr\\\/actualite\\\/culture\\\/mostra-de-venise-film-tunisien-akher-wahed-fina-selectionne\\\/199618\\\/\",\"url\":\"https:\\\/\\\/www.webdo.tn\\\/fr\\\/actualite\\\/culture\\\/mostra-de-venise-film-tunisien-akher-wahed-fina-selectionne\\\/199618\\\/\",\"name\":\"Mostra de Venise : Le film tunisien Akher Wahed Fina , s\u00e9lectionn\u00e9\",\"isPartOf\":{\"@id\":\"https:\\\/\\\/www.webdo.tn\\\/fr\\\/#website\"},\"primaryImageOfPage\":{\"@id\":\"https:\\\/\\\/www.webdo.tn\\\/fr\\\/actualite\\\/culture\\\/mostra-de-venise-film-tunisien-akher-wahed-fina-selectionne\\\/199618\\\/#primaryimage\"},\"image\":{\"@id\":\"https:\\\/\\\/www.webdo.tn\\\/fr\\\/actualite\\\/culture\\\/mostra-de-venise-film-tunisien-akher-wahed-fina-selectionne\\\/199618\\\/#primaryimage\"},\"thumbnailUrl\":\"https:\\\/\\\/www.webdo.tn\\\/fr\\\/wp-content\\\/uploads\\\/2016\\\/07\\\/Akher-Wahed-Fina-2.jpg\",\"datePublished\":\"2016-07-26T10:49:00+00:00\",\"description\":\"Mostra de Venise : Le film tunisien Akher Wahed Fina , s\u00e9lectionn\u00e9\",\"breadcrumb\":{\"@id\":\"https:\\\/\\\/www.webdo.tn\\\/fr\\\/actualite\\\/culture\\\/mostra-de-venise-film-tunisien-akher-wahed-fina-selectionne\\\/199618\\\/#breadcrumb\"},\"inLanguage\":\"fr-FR\",\"potentialAction\":[{\"@type\":\"ReadAction\",\"target\":[\"https:\\\/\\\/www.webdo.tn\\\/fr\\\/actualite\\\/culture\\\/mostra-de-venise-film-tunisien-akher-wahed-fina-selectionne\\\/199618\\\/\"]}]},{\"@type\":\"ImageObject\",\"inLanguage\":\"fr-FR\",\"@id\":\"https:\\\/\\\/www.webdo.tn\\\/fr\\\/actualite\\\/culture\\\/mostra-de-venise-film-tunisien-akher-wahed-fina-selectionne\\\/199618\\\/#primaryimage\",\"url\":\"https:\\\/\\\/www.webdo.tn\\\/fr\\\/wp-content\\\/uploads\\\/2016\\\/07\\\/Akher-Wahed-Fina-2.jpg\",\"contentUrl\":\"https:\\\/\\\/www.webdo.tn\\\/fr\\\/wp-content\\\/uploads\\\/2016\\\/07\\\/Akher-Wahed-Fina-2.jpg\",\"width\":557,\"height\":290,\"caption\":\"Mostra de Venise : Le film tunisien \\\"Akher Wahed Fina\\\", s\u00e9lectionn\u00e9\"},{\"@type\":\"BreadcrumbList\",\"@id\":\"https:\\\/\\\/www.webdo.tn\\\/fr\\\/actualite\\\/culture\\\/mostra-de-venise-film-tunisien-akher-wahed-fina-selectionne\\\/199618\\\/#breadcrumb\",\"itemListElement\":[{\"@type\":\"ListItem\",\"position\":1,\"name\":\"Accueil\",\"item\":\"https:\\\/\\\/www.webdo.tn\\\/fr\\\/\"},{\"@type\":\"ListItem\",\"position\":2,\"name\":\"Mostra de Venise : Le film tunisien \u00ab\u00a0Akher Wahed Fina\u00a0\u00bb, s\u00e9lectionn\u00e9\"}]},{\"@type\":\"WebSite\",\"@id\":\"https:\\\/\\\/www.webdo.tn\\\/fr\\\/#website\",\"url\":\"https:\\\/\\\/www.webdo.tn\\\/fr\\\/\",\"name\":\"webdo\",\"description\":\"Tunisie - News en Tunisie et \u00e0 l&#039;international sur Webdo.tn\",\"publisher\":{\"@id\":\"https:\\\/\\\/www.webdo.tn\\\/fr\\\/#organization\"},\"potentialAction\":[{\"@type\":\"SearchAction\",\"target\":{\"@type\":\"EntryPoint\",\"urlTemplate\":\"https:\\\/\\\/www.webdo.tn\\\/fr\\\/?s={search_term_string}\"},\"query-input\":{\"@type\":\"PropertyValueSpecification\",\"valueRequired\":true,\"valueName\":\"search_term_string\"}}],\"inLanguage\":\"fr-FR\"},{\"@type\":\"Organization\",\"@id\":\"https:\\\/\\\/www.webdo.tn\\\/fr\\\/#organization\",\"name\":\"Webdo\",\"alternateName\":\"Webdo.tn\",\"url\":\"https:\\\/\\\/www.webdo.tn\\\/fr\\\/\",\"logo\":{\"@type\":\"ImageObject\",\"inLanguage\":\"fr-FR\",\"@id\":\"https:\\\/\\\/www.webdo.tn\\\/fr\\\/#\\\/schema\\\/logo\\\/image\\\/\",\"url\":\"https:\\\/\\\/www.webdo.tn\\\/fr\\\/wp-content\\\/uploads\\\/2025\\\/06\\\/Webdo-Tunisie_168377.jpg\",\"contentUrl\":\"https:\\\/\\\/www.webdo.tn\\\/fr\\\/wp-content\\\/uploads\\\/2025\\\/06\\\/Webdo-Tunisie_168377.jpg\",\"width\":301,\"height\":301,\"caption\":\"Webdo\"},\"image\":{\"@id\":\"https:\\\/\\\/www.webdo.tn\\\/fr\\\/#\\\/schema\\\/logo\\\/image\\\/\"},\"sameAs\":[\"https:\\\/\\\/www.facebook.com\\\/webdotn\",\"https:\\\/\\\/x.com\\\/webdo_tn\"],\"description\":\"Webdo est un m\u00e9dia num\u00e9rique tunisien fond\u00e9 en 2010, sp\u00e9cialis\u00e9 dans l\u2019actualit\u00e9 nationale et internationale, l\u2019\u00e9conomie, la soci\u00e9t\u00e9 et les analyses politiques. Le site s\u2019adresse \u00e0 un large public francophone et couvre l\u2019information tunisienne en temps r\u00e9el.\",\"email\":\"redac@webdo.tn\",\"legalName\":\"YNJ SARL\",\"foundingDate\":\"2010-09-06\",\"numberOfEmployees\":{\"@type\":\"QuantitativeValue\",\"minValue\":\"11\",\"maxValue\":\"50\"}},{\"@type\":\"Person\",\"@id\":\"https:\\\/\\\/www.webdo.tn\\\/fr\\\/#\\\/schema\\\/person\\\/60d5ba619ed3f58783b0dc82b7dada80\",\"name\":\"Ne\u00efla DRISS\",\"image\":{\"@type\":\"ImageObject\",\"inLanguage\":\"fr-FR\",\"@id\":\"https:\\\/\\\/www.webdo.tn\\\/fr\\\/wp-content\\\/uploads\\\/2026\\\/04\\\/neila-driss_avatar-96x96.jpg\",\"url\":\"https:\\\/\\\/www.webdo.tn\\\/fr\\\/wp-content\\\/uploads\\\/2026\\\/04\\\/neila-driss_avatar-96x96.jpg\",\"contentUrl\":\"https:\\\/\\\/www.webdo.tn\\\/fr\\\/wp-content\\\/uploads\\\/2026\\\/04\\\/neila-driss_avatar-96x96.jpg\",\"caption\":\"Ne\u00efla DRISS\"},\"description\":\"Ne\u00efla Driss est juriste, journaliste culturelle et critique de cin\u00e9ma tunisienne. Titulaire d\u2019un DEA en droit priv\u00e9 de l\u2019Universit\u00e9 Paris II et d\u2019un DESS de l\u2019IHEC Carthage, elle d\u00e9bute sa carri\u00e8re comme juriste sp\u00e9cialis\u00e9e en gestion de patrimoine immobilier. Elle s\u2019oriente ensuite vers l\u2019\u00e9criture en ligne, o\u00f9 elle se distingue d\u00e8s 2006 aux Tunisia Blog Awards, avant de se consacrer au journalisme culturel, avec une sp\u00e9cialisation dans la critique cin\u00e9matographique. Elle couvre r\u00e9guli\u00e8rement les grands festivals internationaux, notamment le Festival de Cannes, les Journ\u00e9es Cin\u00e9matographiques de Carthage et le Festival du film du Caire. Membre de l\u2019ATPCC et de la FIPRESCI, elle participe \u00e0 des jurys et initiatives internationales de critique. Depuis 2024, elle est \u00e9lectrice internationale aux Golden Globes. Facebook : https:\\\/\\\/www.facebook.com\\\/massir.destiniii\\\/ X : https:\\\/\\\/x.com\\\/MassirDestin\",\"sameAs\":[\"https:\\\/\\\/www.facebook.com\\\/massir.destiniii\\\/\",\"https:\\\/\\\/www.instagram.com\\\/neila.driss\\\/?hl=fr\",\"https:\\\/\\\/www.linkedin.com\\\/in\\\/neila-driss-22606a80\\\/\",\"https:\\\/\\\/x.com\\\/https:\\\/\\\/x.com\\\/MassirDestin\"],\"knowsAbout\":[\"Cin\u00e9ma international\",\"critique cin\u00e9matographique\",\"festivals de cin\u00e9ma\",\"journalisme culturel\"],\"knowsLanguage\":[\"Fran\u00e7ais\",\"Arabe\",\"Anglais\"],\"jobTitle\":\"Journaliste culturelle et critique de cin\u00e9ma\",\"worksFor\":\"Webdo\",\"url\":\"https:\\\/\\\/www.webdo.tn\\\/fr\\\/actualite\\\/author\\\/neila-driss\\\/\"}]}<\/script>\n<!-- \/ Yoast SEO Premium plugin. -->","yoast_head_json":{"title":"Mostra de Venise : Le film tunisien Akher Wahed Fina , s\u00e9lectionn\u00e9","description":"Mostra de Venise : Le film tunisien Akher Wahed Fina , s\u00e9lectionn\u00e9","canonical":"https:\/\/www.webdo.tn\/fr\/actualite\/culture\/mostra-de-venise-film-tunisien-akher-wahed-fina-selectionne\/199618\/","og_locale":"fr_FR","og_type":"article","og_title":"Mostra de Venise : Le film tunisien \"Akher Wahed Fina\", s\u00e9lectionn\u00e9","og_description":"Mostra de Venise : Le film tunisien Akher Wahed Fina , s\u00e9lectionn\u00e9","og_url":"https:\/\/www.webdo.tn\/fr\/actualite\/culture\/mostra-de-venise-film-tunisien-akher-wahed-fina-selectionne\/199618\/","og_site_name":"webdo","article_publisher":"https:\/\/www.facebook.com\/webdotn","article_author":"https:\/\/www.facebook.com\/massir.destiniii\/","article_published_time":"2016-07-26T10:49:00+00:00","og_image":[{"width":557,"height":290,"url":"https:\/\/www.webdo.tn\/fr\/wp-content\/uploads\/2016\/07\/Akher-Wahed-Fina-2.jpg","type":"image\/jpeg"}],"author":"Ne\u00efla DRISS","twitter_card":"summary_large_image","twitter_creator":"@https:\/\/x.com\/MassirDestin","twitter_site":"@webdo_tn","twitter_misc":{"\u00c9crit par":"Ne\u00efla DRISS","Dur\u00e9e de lecture estim\u00e9e":"2 minutes"},"schema":{"@context":"https:\/\/schema.org","@graph":[{"@type":"NewsArticle","@id":"https:\/\/www.webdo.tn\/fr\/actualite\/culture\/mostra-de-venise-film-tunisien-akher-wahed-fina-selectionne\/199618\/#article","isPartOf":{"@id":"https:\/\/www.webdo.tn\/fr\/actualite\/culture\/mostra-de-venise-film-tunisien-akher-wahed-fina-selectionne\/199618\/"},"author":{"name":"Ne\u00efla DRISS","@id":"https:\/\/www.webdo.tn\/fr\/#\/schema\/person\/60d5ba619ed3f58783b0dc82b7dada80"},"headline":"Mostra de Venise : Le film tunisien \u00ab\u00a0Akher Wahed Fina\u00a0\u00bb, s\u00e9lectionn\u00e9","datePublished":"2016-07-26T10:49:00+00:00","mainEntityOfPage":{"@id":"https:\/\/www.webdo.tn\/fr\/actualite\/culture\/mostra-de-venise-film-tunisien-akher-wahed-fina-selectionne\/199618\/"},"wordCount":408,"commentCount":0,"publisher":{"@id":"https:\/\/www.webdo.tn\/fr\/#organization"},"image":{"@id":"https:\/\/www.webdo.tn\/fr\/actualite\/culture\/mostra-de-venise-film-tunisien-akher-wahed-fina-selectionne\/199618\/#primaryimage"},"thumbnailUrl":"https:\/\/www.webdo.tn\/fr\/wp-content\/uploads\/2016\/07\/Akher-Wahed-Fina-2.jpg","keywords":["guerre"],"articleSection":["Culture"],"inLanguage":"fr-FR"},{"@type":"WebPage","@id":"https:\/\/www.webdo.tn\/fr\/actualite\/culture\/mostra-de-venise-film-tunisien-akher-wahed-fina-selectionne\/199618\/","url":"https:\/\/www.webdo.tn\/fr\/actualite\/culture\/mostra-de-venise-film-tunisien-akher-wahed-fina-selectionne\/199618\/","name":"Mostra de Venise : Le film tunisien Akher Wahed Fina , s\u00e9lectionn\u00e9","isPartOf":{"@id":"https:\/\/www.webdo.tn\/fr\/#website"},"primaryImageOfPage":{"@id":"https:\/\/www.webdo.tn\/fr\/actualite\/culture\/mostra-de-venise-film-tunisien-akher-wahed-fina-selectionne\/199618\/#primaryimage"},"image":{"@id":"https:\/\/www.webdo.tn\/fr\/actualite\/culture\/mostra-de-venise-film-tunisien-akher-wahed-fina-selectionne\/199618\/#primaryimage"},"thumbnailUrl":"https:\/\/www.webdo.tn\/fr\/wp-content\/uploads\/2016\/07\/Akher-Wahed-Fina-2.jpg","datePublished":"2016-07-26T10:49:00+00:00","description":"Mostra de Venise : Le film tunisien Akher Wahed Fina , s\u00e9lectionn\u00e9","breadcrumb":{"@id":"https:\/\/www.webdo.tn\/fr\/actualite\/culture\/mostra-de-venise-film-tunisien-akher-wahed-fina-selectionne\/199618\/#breadcrumb"},"inLanguage":"fr-FR","potentialAction":[{"@type":"ReadAction","target":["https:\/\/www.webdo.tn\/fr\/actualite\/culture\/mostra-de-venise-film-tunisien-akher-wahed-fina-selectionne\/199618\/"]}]},{"@type":"ImageObject","inLanguage":"fr-FR","@id":"https:\/\/www.webdo.tn\/fr\/actualite\/culture\/mostra-de-venise-film-tunisien-akher-wahed-fina-selectionne\/199618\/#primaryimage","url":"https:\/\/www.webdo.tn\/fr\/wp-content\/uploads\/2016\/07\/Akher-Wahed-Fina-2.jpg","contentUrl":"https:\/\/www.webdo.tn\/fr\/wp-content\/uploads\/2016\/07\/Akher-Wahed-Fina-2.jpg","width":557,"height":290,"caption":"Mostra de Venise : Le film tunisien \"Akher Wahed Fina\", s\u00e9lectionn\u00e9"},{"@type":"BreadcrumbList","@id":"https:\/\/www.webdo.tn\/fr\/actualite\/culture\/mostra-de-venise-film-tunisien-akher-wahed-fina-selectionne\/199618\/#breadcrumb","itemListElement":[{"@type":"ListItem","position":1,"name":"Accueil","item":"https:\/\/www.webdo.tn\/fr\/"},{"@type":"ListItem","position":2,"name":"Mostra de Venise : Le film tunisien \u00ab\u00a0Akher Wahed Fina\u00a0\u00bb, s\u00e9lectionn\u00e9"}]},{"@type":"WebSite","@id":"https:\/\/www.webdo.tn\/fr\/#website","url":"https:\/\/www.webdo.tn\/fr\/","name":"webdo","description":"Tunisie - News en Tunisie et \u00e0 l&#039;international sur Webdo.tn","publisher":{"@id":"https:\/\/www.webdo.tn\/fr\/#organization"},"potentialAction":[{"@type":"SearchAction","target":{"@type":"EntryPoint","urlTemplate":"https:\/\/www.webdo.tn\/fr\/?s={search_term_string}"},"query-input":{"@type":"PropertyValueSpecification","valueRequired":true,"valueName":"search_term_string"}}],"inLanguage":"fr-FR"},{"@type":"Organization","@id":"https:\/\/www.webdo.tn\/fr\/#organization","name":"Webdo","alternateName":"Webdo.tn","url":"https:\/\/www.webdo.tn\/fr\/","logo":{"@type":"ImageObject","inLanguage":"fr-FR","@id":"https:\/\/www.webdo.tn\/fr\/#\/schema\/logo\/image\/","url":"https:\/\/www.webdo.tn\/fr\/wp-content\/uploads\/2025\/06\/Webdo-Tunisie_168377.jpg","contentUrl":"https:\/\/www.webdo.tn\/fr\/wp-content\/uploads\/2025\/06\/Webdo-Tunisie_168377.jpg","width":301,"height":301,"caption":"Webdo"},"image":{"@id":"https:\/\/www.webdo.tn\/fr\/#\/schema\/logo\/image\/"},"sameAs":["https:\/\/www.facebook.com\/webdotn","https:\/\/x.com\/webdo_tn"],"description":"Webdo est un m\u00e9dia num\u00e9rique tunisien fond\u00e9 en 2010, sp\u00e9cialis\u00e9 dans l\u2019actualit\u00e9 nationale et internationale, l\u2019\u00e9conomie, la soci\u00e9t\u00e9 et les analyses politiques. Le site s\u2019adresse \u00e0 un large public francophone et couvre l\u2019information tunisienne en temps r\u00e9el.","email":"redac@webdo.tn","legalName":"YNJ SARL","foundingDate":"2010-09-06","numberOfEmployees":{"@type":"QuantitativeValue","minValue":"11","maxValue":"50"}},{"@type":"Person","@id":"https:\/\/www.webdo.tn\/fr\/#\/schema\/person\/60d5ba619ed3f58783b0dc82b7dada80","name":"Ne\u00efla DRISS","image":{"@type":"ImageObject","inLanguage":"fr-FR","@id":"https:\/\/www.webdo.tn\/fr\/wp-content\/uploads\/2026\/04\/neila-driss_avatar-96x96.jpg","url":"https:\/\/www.webdo.tn\/fr\/wp-content\/uploads\/2026\/04\/neila-driss_avatar-96x96.jpg","contentUrl":"https:\/\/www.webdo.tn\/fr\/wp-content\/uploads\/2026\/04\/neila-driss_avatar-96x96.jpg","caption":"Ne\u00efla DRISS"},"description":"Ne\u00efla Driss est juriste, journaliste culturelle et critique de cin\u00e9ma tunisienne. Titulaire d\u2019un DEA en droit priv\u00e9 de l\u2019Universit\u00e9 Paris II et d\u2019un DESS de l\u2019IHEC Carthage, elle d\u00e9bute sa carri\u00e8re comme juriste sp\u00e9cialis\u00e9e en gestion de patrimoine immobilier. Elle s\u2019oriente ensuite vers l\u2019\u00e9criture en ligne, o\u00f9 elle se distingue d\u00e8s 2006 aux Tunisia Blog Awards, avant de se consacrer au journalisme culturel, avec une sp\u00e9cialisation dans la critique cin\u00e9matographique. Elle couvre r\u00e9guli\u00e8rement les grands festivals internationaux, notamment le Festival de Cannes, les Journ\u00e9es Cin\u00e9matographiques de Carthage et le Festival du film du Caire. Membre de l\u2019ATPCC et de la FIPRESCI, elle participe \u00e0 des jurys et initiatives internationales de critique. Depuis 2024, elle est \u00e9lectrice internationale aux Golden Globes. Facebook : https:\/\/www.facebook.com\/massir.destiniii\/ X : https:\/\/x.com\/MassirDestin","sameAs":["https:\/\/www.facebook.com\/massir.destiniii\/","https:\/\/www.instagram.com\/neila.driss\/?hl=fr","https:\/\/www.linkedin.com\/in\/neila-driss-22606a80\/","https:\/\/x.com\/https:\/\/x.com\/MassirDestin"],"knowsAbout":["Cin\u00e9ma international","critique cin\u00e9matographique","festivals de cin\u00e9ma","journalisme culturel"],"knowsLanguage":["Fran\u00e7ais","Arabe","Anglais"],"jobTitle":"Journaliste culturelle et critique de cin\u00e9ma","worksFor":"Webdo","url":"https:\/\/www.webdo.tn\/fr\/actualite\/author\/neila-driss\/"}]}},"_links":{"self":[{"href":"https:\/\/www.webdo.tn\/fr\/wp-json\/wp\/v2\/posts\/199618","targetHints":{"allow":["GET"]}}],"collection":[{"href":"https:\/\/www.webdo.tn\/fr\/wp-json\/wp\/v2\/posts"}],"about":[{"href":"https:\/\/www.webdo.tn\/fr\/wp-json\/wp\/v2\/types\/post"}],"author":[{"embeddable":true,"href":"https:\/\/www.webdo.tn\/fr\/wp-json\/wp\/v2\/users\/3164"}],"replies":[{"embeddable":true,"href":"https:\/\/www.webdo.tn\/fr\/wp-json\/wp\/v2\/comments?post=199618"}],"version-history":[{"count":0,"href":"https:\/\/www.webdo.tn\/fr\/wp-json\/wp\/v2\/posts\/199618\/revisions"}],"wp:featuredmedia":[{"embeddable":true,"href":"https:\/\/www.webdo.tn\/fr\/wp-json\/wp\/v2\/media\/337640"}],"wp:attachment":[{"href":"https:\/\/www.webdo.tn\/fr\/wp-json\/wp\/v2\/media?parent=199618"}],"wp:term":[{"taxonomy":"category","embeddable":true,"href":"https:\/\/www.webdo.tn\/fr\/wp-json\/wp\/v2\/categories?post=199618"},{"taxonomy":"post_tag","embeddable":true,"href":"https:\/\/www.webdo.tn\/fr\/wp-json\/wp\/v2\/tags?post=199618"}],"curies":[{"name":"wp","href":"https:\/\/api.w.org\/{rel}","templated":true}]}}