{"id":199616,"date":"2022-11-30T21:56:00","date_gmt":"2022-11-30T21:56:00","guid":{"rendered":"https:\/\/www.webdo.tn\/fr\/blog\/mondial-2022-la-pologne-accompagne-l-argentine-en-huitiemes\/199616\/"},"modified":"2025-05-20T23:00:29","modified_gmt":"2025-05-20T23:00:29","slug":"mondial-2022-la-pologne-accompagne-l-argentine-en-huitiemes","status":"publish","type":"post","link":"https:\/\/www.webdo.tn\/fr\/actualite\/sport\/mondial-2022-la-pologne-accompagne-l-argentine-en-huitiemes\/199616\/","title":{"rendered":"Mondial 2022 : La Pologne accompagne l&rsquo;Argentine en huiti\u00e8mes"},"content":{"rendered":"<p>Victorieux de la Pologne, deux buts \u00e0 z\u00e9ro, les Argentins finissent \u00e0 la premi\u00e8re place du groupe C, juste devant leur victime du jour.<\/p>\n<p>\t\t\t\t\t\t\t\t\tMalgr\u00e9 un penalty rat\u00e9 par Messi, en premi\u00e8re p\u00e9riode, l&rsquo;Argentine a r\u00e9ussi \u00e0 l&#8217;emporter face \u00e0 la Pologne gr\u00e2ce \u00e0 deux buts de Mac Allister et Alvarez. Avec ces trois points, les joueurs de Scaloni finissent \u00e0 la premi\u00e8re place du groupe et \u00e9vitent ainsi la France en huit\u00e8mes de finale.\u00a0<\/p>\n<p>L&rsquo;Argentine affrontera ainsi l&rsquo;Australie, ce samedi 3 novembre \u00e0 20h.\u00a0<\/p>\n<p>De son c\u00f4t\u00e9, la Pologne qui a valid\u00e9 son ticket en huit\u00e8mes, malgr\u00e9 la victoire du Mexique, contre l&rsquo;Arabie Saoudite, affrontera le champion du monde fran\u00e7ais, ce dimanche 4 novembre \u00e0 16h.<\/p>\n","protected":false},"excerpt":{"rendered":"<p>Victorieux de la Pologne, deux buts \u00e0 z\u00e9ro, les Argentins finissent \u00e0 la premi\u00e8re place du groupe C, juste devant leur victime du jour.<\/p>\n","protected":false},"author":3195,"featured_media":277363,"comment_status":"open","ping_status":"closed","sticky":false,"template":"","format":"standard","meta":{"footnotes":""},"categories":[2593],"tags":[6144,4066,9191,8928,4399],"class_list":["post-199616","post","type-post","status-publish","format-standard","has-post-thumbnail","hentry","category-sport","tag-argentine","tag-coupe-du-monde","tag-huitiemes","tag-mondial-2022","tag-pologne"],"yoast_head":"<!-- This site is optimized with the Yoast SEO Premium plugin v27.5 (Yoast SEO v27.5) - https:\/\/yoast.com\/product\/yoast-seo-premium-wordpress\/ -->\n<title>Mondial 2022 : La Pologne accompagne l&#039;Argentine en huiti\u00e8mes<\/title>\n<meta name=\"description\" content=\"Victorieux de la Pologne, deux buts \u00e0 z\u00e9ro, les Argentins finissent \u00e0 la premi\u00e8re place du groupe C, juste devant leur victime du jour.\" \/>\n<link rel=\"canonical\" href=\"https:\/\/www.webdo.tn\/fr\/actualite\/sport\/mondial-2022-la-pologne-accompagne-l-argentine-en-huitiemes\/199616\/\" \/>\n<meta property=\"og:locale\" content=\"fr_FR\" \/>\n<meta property=\"og:type\" content=\"article\" \/>\n<meta property=\"og:title\" content=\"Mondial 2022 : La Pologne accompagne l&#039;Argentine en huiti\u00e8mes\" \/>\n<meta property=\"og:description\" content=\"Victorieux de la Pologne, deux buts \u00e0 z\u00e9ro, les Argentins finissent \u00e0 la premi\u00e8re place du groupe C, juste devant leur victime du jour.\" \/>\n<meta property=\"og:url\" content=\"https:\/\/www.webdo.tn\/fr\/actualite\/sport\/mondial-2022-la-pologne-accompagne-l-argentine-en-huitiemes\/199616\/\" \/>\n<meta property=\"og:site_name\" content=\"webdo\" \/>\n<meta property=\"article:publisher\" content=\"https:\/\/www.facebook.com\/webdotn\" \/>\n<meta property=\"article:published_time\" content=\"2022-11-30T21:56:00+00:00\" \/>\n<meta property=\"article:modified_time\" content=\"2025-05-20T23:00:29+00:00\" \/>\n<meta property=\"og:image\" content=\"https:\/\/www.webdo.tn\/fr\/wp-content\/uploads\/2022\/11\/4ce8b1c0eb6e74a7818b9ddc4d53ac2c.jpg\" \/>\n\t<meta property=\"og:image:width\" content=\"750\" \/>\n\t<meta property=\"og:image:height\" content=\"400\" \/>\n\t<meta property=\"og:image:type\" content=\"image\/jpeg\" \/>\n<meta name=\"author\" content=\"NJ\" \/>\n<meta name=\"twitter:card\" content=\"summary_large_image\" \/>\n<meta name=\"twitter:creator\" content=\"@webdo_tn\" \/>\n<meta name=\"twitter:site\" content=\"@webdo_tn\" \/>\n<meta name=\"twitter:label1\" content=\"\u00c9crit par\" \/>\n\t<meta name=\"twitter:data1\" content=\"NJ\" \/>\n\t<meta name=\"twitter:label2\" content=\"Dur\u00e9e de lecture estim\u00e9e\" \/>\n\t<meta name=\"twitter:data2\" content=\"1 minute\" \/>\n<script type=\"application\/ld+json\" class=\"yoast-schema-graph\">{\"@context\":\"https:\\\/\\\/schema.org\",\"@graph\":[{\"@type\":\"NewsArticle\",\"@id\":\"https:\\\/\\\/www.webdo.tn\\\/fr\\\/actualite\\\/sport\\\/mondial-2022-la-pologne-accompagne-l-argentine-en-huitiemes\\\/199616\\\/#article\",\"isPartOf\":{\"@id\":\"https:\\\/\\\/www.webdo.tn\\\/fr\\\/actualite\\\/sport\\\/mondial-2022-la-pologne-accompagne-l-argentine-en-huitiemes\\\/199616\\\/\"},\"author\":{\"name\":\"NJ\",\"@id\":\"https:\\\/\\\/www.webdo.tn\\\/fr\\\/#\\\/schema\\\/person\\\/646f7c4406ab78299805d9d39b2636d8\"},\"headline\":\"Mondial 2022 : La Pologne accompagne l&rsquo;Argentine en huiti\u00e8mes\",\"datePublished\":\"2022-11-30T21:56:00+00:00\",\"dateModified\":\"2025-05-20T23:00:29+00:00\",\"mainEntityOfPage\":{\"@id\":\"https:\\\/\\\/www.webdo.tn\\\/fr\\\/actualite\\\/sport\\\/mondial-2022-la-pologne-accompagne-l-argentine-en-huitiemes\\\/199616\\\/\"},\"wordCount\":132,\"commentCount\":0,\"publisher\":{\"@id\":\"https:\\\/\\\/www.webdo.tn\\\/fr\\\/#organization\"},\"image\":{\"@id\":\"https:\\\/\\\/www.webdo.tn\\\/fr\\\/actualite\\\/sport\\\/mondial-2022-la-pologne-accompagne-l-argentine-en-huitiemes\\\/199616\\\/#primaryimage\"},\"thumbnailUrl\":\"https:\\\/\\\/www.webdo.tn\\\/fr\\\/wp-content\\\/uploads\\\/2022\\\/11\\\/4ce8b1c0eb6e74a7818b9ddc4d53ac2c.jpg\",\"keywords\":[\"Argentine\",\"Coupe du Monde\",\"huiti\u00e8mes\",\"mondial 2022\",\"pologne\"],\"articleSection\":[\"Sport\"],\"inLanguage\":\"fr-FR\"},{\"@type\":\"WebPage\",\"@id\":\"https:\\\/\\\/www.webdo.tn\\\/fr\\\/actualite\\\/sport\\\/mondial-2022-la-pologne-accompagne-l-argentine-en-huitiemes\\\/199616\\\/\",\"url\":\"https:\\\/\\\/www.webdo.tn\\\/fr\\\/actualite\\\/sport\\\/mondial-2022-la-pologne-accompagne-l-argentine-en-huitiemes\\\/199616\\\/\",\"name\":\"Mondial 2022 : La Pologne accompagne l'Argentine en huiti\u00e8mes\",\"isPartOf\":{\"@id\":\"https:\\\/\\\/www.webdo.tn\\\/fr\\\/#website\"},\"primaryImageOfPage\":{\"@id\":\"https:\\\/\\\/www.webdo.tn\\\/fr\\\/actualite\\\/sport\\\/mondial-2022-la-pologne-accompagne-l-argentine-en-huitiemes\\\/199616\\\/#primaryimage\"},\"image\":{\"@id\":\"https:\\\/\\\/www.webdo.tn\\\/fr\\\/actualite\\\/sport\\\/mondial-2022-la-pologne-accompagne-l-argentine-en-huitiemes\\\/199616\\\/#primaryimage\"},\"thumbnailUrl\":\"https:\\\/\\\/www.webdo.tn\\\/fr\\\/wp-content\\\/uploads\\\/2022\\\/11\\\/4ce8b1c0eb6e74a7818b9ddc4d53ac2c.jpg\",\"datePublished\":\"2022-11-30T21:56:00+00:00\",\"dateModified\":\"2025-05-20T23:00:29+00:00\",\"description\":\"Victorieux de la Pologne, deux buts \u00e0 z\u00e9ro, les Argentins finissent \u00e0 la premi\u00e8re place du groupe C, juste devant leur victime du jour.\",\"breadcrumb\":{\"@id\":\"https:\\\/\\\/www.webdo.tn\\\/fr\\\/actualite\\\/sport\\\/mondial-2022-la-pologne-accompagne-l-argentine-en-huitiemes\\\/199616\\\/#breadcrumb\"},\"inLanguage\":\"fr-FR\",\"potentialAction\":[{\"@type\":\"ReadAction\",\"target\":[\"https:\\\/\\\/www.webdo.tn\\\/fr\\\/actualite\\\/sport\\\/mondial-2022-la-pologne-accompagne-l-argentine-en-huitiemes\\\/199616\\\/\"]}]},{\"@type\":\"ImageObject\",\"inLanguage\":\"fr-FR\",\"@id\":\"https:\\\/\\\/www.webdo.tn\\\/fr\\\/actualite\\\/sport\\\/mondial-2022-la-pologne-accompagne-l-argentine-en-huitiemes\\\/199616\\\/#primaryimage\",\"url\":\"https:\\\/\\\/www.webdo.tn\\\/fr\\\/wp-content\\\/uploads\\\/2022\\\/11\\\/4ce8b1c0eb6e74a7818b9ddc4d53ac2c.jpg\",\"contentUrl\":\"https:\\\/\\\/www.webdo.tn\\\/fr\\\/wp-content\\\/uploads\\\/2022\\\/11\\\/4ce8b1c0eb6e74a7818b9ddc4d53ac2c.jpg\",\"width\":750,\"height\":400,\"caption\":\"Mondial 2022 : La Pologne accompagne l'Argentine en huiti\u00e8mes\"},{\"@type\":\"BreadcrumbList\",\"@id\":\"https:\\\/\\\/www.webdo.tn\\\/fr\\\/actualite\\\/sport\\\/mondial-2022-la-pologne-accompagne-l-argentine-en-huitiemes\\\/199616\\\/#breadcrumb\",\"itemListElement\":[{\"@type\":\"ListItem\",\"position\":1,\"name\":\"Accueil\",\"item\":\"https:\\\/\\\/www.webdo.tn\\\/fr\\\/\"},{\"@type\":\"ListItem\",\"position\":2,\"name\":\"Mondial 2022 : La Pologne accompagne l&rsquo;Argentine en huiti\u00e8mes\"}]},{\"@type\":\"WebSite\",\"@id\":\"https:\\\/\\\/www.webdo.tn\\\/fr\\\/#website\",\"url\":\"https:\\\/\\\/www.webdo.tn\\\/fr\\\/\",\"name\":\"webdo\",\"description\":\"Tunisie - News en Tunisie et \u00e0 l&#039;international sur Webdo.tn\",\"publisher\":{\"@id\":\"https:\\\/\\\/www.webdo.tn\\\/fr\\\/#organization\"},\"potentialAction\":[{\"@type\":\"SearchAction\",\"target\":{\"@type\":\"EntryPoint\",\"urlTemplate\":\"https:\\\/\\\/www.webdo.tn\\\/fr\\\/?s={search_term_string}\"},\"query-input\":{\"@type\":\"PropertyValueSpecification\",\"valueRequired\":true,\"valueName\":\"search_term_string\"}}],\"inLanguage\":\"fr-FR\"},{\"@type\":\"Organization\",\"@id\":\"https:\\\/\\\/www.webdo.tn\\\/fr\\\/#organization\",\"name\":\"Webdo\",\"alternateName\":\"Webdo.tn\",\"url\":\"https:\\\/\\\/www.webdo.tn\\\/fr\\\/\",\"logo\":{\"@type\":\"ImageObject\",\"inLanguage\":\"fr-FR\",\"@id\":\"https:\\\/\\\/www.webdo.tn\\\/fr\\\/#\\\/schema\\\/logo\\\/image\\\/\",\"url\":\"https:\\\/\\\/www.webdo.tn\\\/fr\\\/wp-content\\\/uploads\\\/2025\\\/06\\\/Webdo-Tunisie_168377.jpg\",\"contentUrl\":\"https:\\\/\\\/www.webdo.tn\\\/fr\\\/wp-content\\\/uploads\\\/2025\\\/06\\\/Webdo-Tunisie_168377.jpg\",\"width\":301,\"height\":301,\"caption\":\"Webdo\"},\"image\":{\"@id\":\"https:\\\/\\\/www.webdo.tn\\\/fr\\\/#\\\/schema\\\/logo\\\/image\\\/\"},\"sameAs\":[\"https:\\\/\\\/www.facebook.com\\\/webdotn\",\"https:\\\/\\\/x.com\\\/webdo_tn\"],\"description\":\"Webdo est un m\u00e9dia num\u00e9rique tunisien fond\u00e9 en 2010, sp\u00e9cialis\u00e9 dans l\u2019actualit\u00e9 nationale et internationale, l\u2019\u00e9conomie, la soci\u00e9t\u00e9 et les analyses politiques. Le site s\u2019adresse \u00e0 un large public francophone et couvre l\u2019information tunisienne en temps r\u00e9el.\",\"email\":\"redac@webdo.tn\",\"legalName\":\"YNJ SARL\",\"foundingDate\":\"2010-09-06\",\"numberOfEmployees\":{\"@type\":\"QuantitativeValue\",\"minValue\":\"11\",\"maxValue\":\"50\"}},{\"@type\":\"Person\",\"@id\":\"https:\\\/\\\/www.webdo.tn\\\/fr\\\/#\\\/schema\\\/person\\\/646f7c4406ab78299805d9d39b2636d8\",\"name\":\"NJ\",\"image\":{\"@type\":\"ImageObject\",\"inLanguage\":\"fr-FR\",\"@id\":\"https:\\\/\\\/secure.gravatar.com\\\/avatar\\\/57ee8a7cee8271948beede1dd4413f641d3b749a42dfabf45a3352af812389e1?s=96&d=mm&r=g\",\"url\":\"https:\\\/\\\/secure.gravatar.com\\\/avatar\\\/57ee8a7cee8271948beede1dd4413f641d3b749a42dfabf45a3352af812389e1?s=96&d=mm&r=g\",\"contentUrl\":\"https:\\\/\\\/secure.gravatar.com\\\/avatar\\\/57ee8a7cee8271948beede1dd4413f641d3b749a42dfabf45a3352af812389e1?s=96&d=mm&r=g\",\"caption\":\"NJ\"},\"url\":\"https:\\\/\\\/www.webdo.tn\\\/fr\\\/actualite\\\/author\\\/nj\\\/\"}]}<\/script>\n<!-- \/ Yoast SEO Premium plugin. -->","yoast_head_json":{"title":"Mondial 2022 : La Pologne accompagne l'Argentine en huiti\u00e8mes","description":"Victorieux de la Pologne, deux buts \u00e0 z\u00e9ro, les Argentins finissent \u00e0 la premi\u00e8re place du groupe C, juste devant leur victime du jour.","canonical":"https:\/\/www.webdo.tn\/fr\/actualite\/sport\/mondial-2022-la-pologne-accompagne-l-argentine-en-huitiemes\/199616\/","og_locale":"fr_FR","og_type":"article","og_title":"Mondial 2022 : La Pologne accompagne l'Argentine en huiti\u00e8mes","og_description":"Victorieux de la Pologne, deux buts \u00e0 z\u00e9ro, les Argentins finissent \u00e0 la premi\u00e8re place du groupe C, juste devant leur victime du jour.","og_url":"https:\/\/www.webdo.tn\/fr\/actualite\/sport\/mondial-2022-la-pologne-accompagne-l-argentine-en-huitiemes\/199616\/","og_site_name":"webdo","article_publisher":"https:\/\/www.facebook.com\/webdotn","article_published_time":"2022-11-30T21:56:00+00:00","article_modified_time":"2025-05-20T23:00:29+00:00","og_image":[{"width":750,"height":400,"url":"https:\/\/www.webdo.tn\/fr\/wp-content\/uploads\/2022\/11\/4ce8b1c0eb6e74a7818b9ddc4d53ac2c.jpg","type":"image\/jpeg"}],"author":"NJ","twitter_card":"summary_large_image","twitter_creator":"@webdo_tn","twitter_site":"@webdo_tn","twitter_misc":{"\u00c9crit par":"NJ","Dur\u00e9e de lecture estim\u00e9e":"1 minute"},"schema":{"@context":"https:\/\/schema.org","@graph":[{"@type":"NewsArticle","@id":"https:\/\/www.webdo.tn\/fr\/actualite\/sport\/mondial-2022-la-pologne-accompagne-l-argentine-en-huitiemes\/199616\/#article","isPartOf":{"@id":"https:\/\/www.webdo.tn\/fr\/actualite\/sport\/mondial-2022-la-pologne-accompagne-l-argentine-en-huitiemes\/199616\/"},"author":{"name":"NJ","@id":"https:\/\/www.webdo.tn\/fr\/#\/schema\/person\/646f7c4406ab78299805d9d39b2636d8"},"headline":"Mondial 2022 : La Pologne accompagne l&rsquo;Argentine en huiti\u00e8mes","datePublished":"2022-11-30T21:56:00+00:00","dateModified":"2025-05-20T23:00:29+00:00","mainEntityOfPage":{"@id":"https:\/\/www.webdo.tn\/fr\/actualite\/sport\/mondial-2022-la-pologne-accompagne-l-argentine-en-huitiemes\/199616\/"},"wordCount":132,"commentCount":0,"publisher":{"@id":"https:\/\/www.webdo.tn\/fr\/#organization"},"image":{"@id":"https:\/\/www.webdo.tn\/fr\/actualite\/sport\/mondial-2022-la-pologne-accompagne-l-argentine-en-huitiemes\/199616\/#primaryimage"},"thumbnailUrl":"https:\/\/www.webdo.tn\/fr\/wp-content\/uploads\/2022\/11\/4ce8b1c0eb6e74a7818b9ddc4d53ac2c.jpg","keywords":["Argentine","Coupe du Monde","huiti\u00e8mes","mondial 2022","pologne"],"articleSection":["Sport"],"inLanguage":"fr-FR"},{"@type":"WebPage","@id":"https:\/\/www.webdo.tn\/fr\/actualite\/sport\/mondial-2022-la-pologne-accompagne-l-argentine-en-huitiemes\/199616\/","url":"https:\/\/www.webdo.tn\/fr\/actualite\/sport\/mondial-2022-la-pologne-accompagne-l-argentine-en-huitiemes\/199616\/","name":"Mondial 2022 : La Pologne accompagne l'Argentine en huiti\u00e8mes","isPartOf":{"@id":"https:\/\/www.webdo.tn\/fr\/#website"},"primaryImageOfPage":{"@id":"https:\/\/www.webdo.tn\/fr\/actualite\/sport\/mondial-2022-la-pologne-accompagne-l-argentine-en-huitiemes\/199616\/#primaryimage"},"image":{"@id":"https:\/\/www.webdo.tn\/fr\/actualite\/sport\/mondial-2022-la-pologne-accompagne-l-argentine-en-huitiemes\/199616\/#primaryimage"},"thumbnailUrl":"https:\/\/www.webdo.tn\/fr\/wp-content\/uploads\/2022\/11\/4ce8b1c0eb6e74a7818b9ddc4d53ac2c.jpg","datePublished":"2022-11-30T21:56:00+00:00","dateModified":"2025-05-20T23:00:29+00:00","description":"Victorieux de la Pologne, deux buts \u00e0 z\u00e9ro, les Argentins finissent \u00e0 la premi\u00e8re place du groupe C, juste devant leur victime du jour.","breadcrumb":{"@id":"https:\/\/www.webdo.tn\/fr\/actualite\/sport\/mondial-2022-la-pologne-accompagne-l-argentine-en-huitiemes\/199616\/#breadcrumb"},"inLanguage":"fr-FR","potentialAction":[{"@type":"ReadAction","target":["https:\/\/www.webdo.tn\/fr\/actualite\/sport\/mondial-2022-la-pologne-accompagne-l-argentine-en-huitiemes\/199616\/"]}]},{"@type":"ImageObject","inLanguage":"fr-FR","@id":"https:\/\/www.webdo.tn\/fr\/actualite\/sport\/mondial-2022-la-pologne-accompagne-l-argentine-en-huitiemes\/199616\/#primaryimage","url":"https:\/\/www.webdo.tn\/fr\/wp-content\/uploads\/2022\/11\/4ce8b1c0eb6e74a7818b9ddc4d53ac2c.jpg","contentUrl":"https:\/\/www.webdo.tn\/fr\/wp-content\/uploads\/2022\/11\/4ce8b1c0eb6e74a7818b9ddc4d53ac2c.jpg","width":750,"height":400,"caption":"Mondial 2022 : La Pologne accompagne l'Argentine en huiti\u00e8mes"},{"@type":"BreadcrumbList","@id":"https:\/\/www.webdo.tn\/fr\/actualite\/sport\/mondial-2022-la-pologne-accompagne-l-argentine-en-huitiemes\/199616\/#breadcrumb","itemListElement":[{"@type":"ListItem","position":1,"name":"Accueil","item":"https:\/\/www.webdo.tn\/fr\/"},{"@type":"ListItem","position":2,"name":"Mondial 2022 : La Pologne accompagne l&rsquo;Argentine en huiti\u00e8mes"}]},{"@type":"WebSite","@id":"https:\/\/www.webdo.tn\/fr\/#website","url":"https:\/\/www.webdo.tn\/fr\/","name":"webdo","description":"Tunisie - News en Tunisie et \u00e0 l&#039;international sur Webdo.tn","publisher":{"@id":"https:\/\/www.webdo.tn\/fr\/#organization"},"potentialAction":[{"@type":"SearchAction","target":{"@type":"EntryPoint","urlTemplate":"https:\/\/www.webdo.tn\/fr\/?s={search_term_string}"},"query-input":{"@type":"PropertyValueSpecification","valueRequired":true,"valueName":"search_term_string"}}],"inLanguage":"fr-FR"},{"@type":"Organization","@id":"https:\/\/www.webdo.tn\/fr\/#organization","name":"Webdo","alternateName":"Webdo.tn","url":"https:\/\/www.webdo.tn\/fr\/","logo":{"@type":"ImageObject","inLanguage":"fr-FR","@id":"https:\/\/www.webdo.tn\/fr\/#\/schema\/logo\/image\/","url":"https:\/\/www.webdo.tn\/fr\/wp-content\/uploads\/2025\/06\/Webdo-Tunisie_168377.jpg","contentUrl":"https:\/\/www.webdo.tn\/fr\/wp-content\/uploads\/2025\/06\/Webdo-Tunisie_168377.jpg","width":301,"height":301,"caption":"Webdo"},"image":{"@id":"https:\/\/www.webdo.tn\/fr\/#\/schema\/logo\/image\/"},"sameAs":["https:\/\/www.facebook.com\/webdotn","https:\/\/x.com\/webdo_tn"],"description":"Webdo est un m\u00e9dia num\u00e9rique tunisien fond\u00e9 en 2010, sp\u00e9cialis\u00e9 dans l\u2019actualit\u00e9 nationale et internationale, l\u2019\u00e9conomie, la soci\u00e9t\u00e9 et les analyses politiques. Le site s\u2019adresse \u00e0 un large public francophone et couvre l\u2019information tunisienne en temps r\u00e9el.","email":"redac@webdo.tn","legalName":"YNJ SARL","foundingDate":"2010-09-06","numberOfEmployees":{"@type":"QuantitativeValue","minValue":"11","maxValue":"50"}},{"@type":"Person","@id":"https:\/\/www.webdo.tn\/fr\/#\/schema\/person\/646f7c4406ab78299805d9d39b2636d8","name":"NJ","image":{"@type":"ImageObject","inLanguage":"fr-FR","@id":"https:\/\/secure.gravatar.com\/avatar\/57ee8a7cee8271948beede1dd4413f641d3b749a42dfabf45a3352af812389e1?s=96&d=mm&r=g","url":"https:\/\/secure.gravatar.com\/avatar\/57ee8a7cee8271948beede1dd4413f641d3b749a42dfabf45a3352af812389e1?s=96&d=mm&r=g","contentUrl":"https:\/\/secure.gravatar.com\/avatar\/57ee8a7cee8271948beede1dd4413f641d3b749a42dfabf45a3352af812389e1?s=96&d=mm&r=g","caption":"NJ"},"url":"https:\/\/www.webdo.tn\/fr\/actualite\/author\/nj\/"}]}},"_links":{"self":[{"href":"https:\/\/www.webdo.tn\/fr\/wp-json\/wp\/v2\/posts\/199616","targetHints":{"allow":["GET"]}}],"collection":[{"href":"https:\/\/www.webdo.tn\/fr\/wp-json\/wp\/v2\/posts"}],"about":[{"href":"https:\/\/www.webdo.tn\/fr\/wp-json\/wp\/v2\/types\/post"}],"author":[{"embeddable":true,"href":"https:\/\/www.webdo.tn\/fr\/wp-json\/wp\/v2\/users\/3195"}],"replies":[{"embeddable":true,"href":"https:\/\/www.webdo.tn\/fr\/wp-json\/wp\/v2\/comments?post=199616"}],"version-history":[{"count":0,"href":"https:\/\/www.webdo.tn\/fr\/wp-json\/wp\/v2\/posts\/199616\/revisions"}],"wp:featuredmedia":[{"embeddable":true,"href":"https:\/\/www.webdo.tn\/fr\/wp-json\/wp\/v2\/media\/277363"}],"wp:attachment":[{"href":"https:\/\/www.webdo.tn\/fr\/wp-json\/wp\/v2\/media?parent=199616"}],"wp:term":[{"taxonomy":"category","embeddable":true,"href":"https:\/\/www.webdo.tn\/fr\/wp-json\/wp\/v2\/categories?post=199616"},{"taxonomy":"post_tag","embeddable":true,"href":"https:\/\/www.webdo.tn\/fr\/wp-json\/wp\/v2\/tags?post=199616"}],"curies":[{"name":"wp","href":"https:\/\/api.w.org\/{rel}","templated":true}]}}