{"id":199610,"date":"2022-11-30T19:58:00","date_gmt":"2022-11-30T19:58:00","guid":{"rendered":"https:\/\/www.webdo.tn\/fr\/blog\/la-tunisie-et-la-libye-travaillent-sur-le-renforcement-de-leur-cooperation\/199610\/"},"modified":"2025-05-20T23:00:29","modified_gmt":"2025-05-20T23:00:29","slug":"la-tunisie-et-la-libye-travaillent-sur-le-renforcement-de-leur-cooperation","status":"publish","type":"post","link":"https:\/\/www.webdo.tn\/fr\/actualite\/national\/la-tunisie-et-la-libye-travaillent-sur-le-renforcement-de-leur-cooperation\/199610\/","title":{"rendered":"La Tunisie et la Libye travaillent sur le renforcement de leur coop\u00e9ration"},"content":{"rendered":"<p>Les moyens de renforcer la coop\u00e9ration entre la Tunisie et la Libye, ont \u00e9t\u00e9 au centre de la rencontre qui r\u00e9uni mercredi, au Palais du gouvernement \u00e0 la Kasbah, deux d\u00e9l\u00e9gations de haut niveau des deux pays.<\/p>\n<p>\t\t\t\t\t\t\t\t\tLa cheffe du gouvernement Najla Bouden, qui pr\u00e9side la d\u00e9l\u00e9gation tunisienne, a insist\u00e9, \u00e0 cette occasion, sur l&rsquo;importance de cette r\u00e9union bilat\u00e9rale pour renforcer les liens de solidarit\u00e9 et de coop\u00e9ration unissant les deux pays. Elle\u00a0a ainsi r\u00e9it\u00e9r\u00e9 la position de la Tunisie en faveur d&rsquo;une r\u00e9solution durable de la situation en Libye, de mani\u00e8re \u00e0 r\u00e9tablir la paix et la stabilit\u00e9 dans ce pays fr\u00e8re.<\/p>\n<p>En ce sens, la Tunisie n&rsquo;\u00e9pargne aucun effort pour organiser un dialogue interlibyen en vue de pr\u00e9server l&rsquo;unit\u00e9 et la souverainet\u00e9 de la Libye, a ajout\u00e9 Najla Bouden.\u00a0La Tunisie continue \u00e0 soutenir la Libye pour organiser des \u00e9lections, renforcer son processus d\u00e9mocratique et mettre en place ses instances constitutionnelles permanentes.<\/p>\n<p>La cheffe du gouvernement a \u00e9galement appel\u00e9 \u00e0 une meilleure coordination entre les deux pays, afin d&rsquo;explorer de nouvelles opportunit\u00e9s prometteuses de coop\u00e9ration et \u00e0 \u00e9liminer tous les obstacles qui entravent le d\u00e9veloppement qualitatif de la coop\u00e9ration \u00e9conomique et financi\u00e8re bilat\u00e9rale.<\/p>\n","protected":false},"excerpt":{"rendered":"<p>Les moyens de renforcer la coop\u00e9ration entre la Tunisie et la Libye, ont \u00e9t\u00e9 au centre de la rencontre qui r\u00e9uni mercredi, au Palais du gouvernement \u00e0 la Kasbah&#8230;<\/p>\n","protected":false},"author":3195,"featured_media":277361,"comment_status":"open","ping_status":"closed","sticky":false,"template":"","format":"standard","meta":{"footnotes":""},"categories":[44],"tags":[2732,3279,2608],"class_list":["post-199610","post","type-post","status-publish","format-standard","has-post-thumbnail","hentry","category-national","tag-cooperation","tag-libye","tag-tunisie"],"yoast_head":"<!-- This site is optimized with the Yoast SEO Premium plugin v27.5 (Yoast SEO v27.5) - https:\/\/yoast.com\/product\/yoast-seo-premium-wordpress\/ -->\n<title>La Tunisie et la Libye travaillent sur le renforcement de leur coop\u00e9ration<\/title>\n<meta name=\"description\" content=\"Les moyens de renforcer la coop\u00e9ration entre la Tunisie et la Libye, ont \u00e9t\u00e9 au centre de la rencontre qui r\u00e9uni mercredi, au Palais du gouvernement \u00e0 la Kasbah...\" \/>\n<link rel=\"canonical\" href=\"https:\/\/www.webdo.tn\/fr\/actualite\/national\/la-tunisie-et-la-libye-travaillent-sur-le-renforcement-de-leur-cooperation\/199610\/\" \/>\n<meta property=\"og:locale\" content=\"fr_FR\" \/>\n<meta property=\"og:type\" content=\"article\" \/>\n<meta property=\"og:title\" content=\"La Tunisie et la Libye travaillent sur le renforcement de leur coop\u00e9ration\" \/>\n<meta property=\"og:description\" content=\"Les moyens de renforcer la coop\u00e9ration entre la Tunisie et la Libye, ont \u00e9t\u00e9 au centre de la rencontre qui r\u00e9uni mercredi, au Palais du gouvernement \u00e0 la Kasbah...\" \/>\n<meta property=\"og:url\" content=\"https:\/\/www.webdo.tn\/fr\/actualite\/national\/la-tunisie-et-la-libye-travaillent-sur-le-renforcement-de-leur-cooperation\/199610\/\" \/>\n<meta property=\"og:site_name\" content=\"webdo\" \/>\n<meta property=\"article:publisher\" content=\"https:\/\/www.facebook.com\/webdotn\" \/>\n<meta property=\"article:published_time\" content=\"2022-11-30T19:58:00+00:00\" \/>\n<meta property=\"article:modified_time\" content=\"2025-05-20T23:00:29+00:00\" \/>\n<meta property=\"og:image\" content=\"https:\/\/www.webdo.tn\/fr\/wp-content\/uploads\/2022\/11\/e340476b217a24cf8429b2344e1746a9.jpg\" \/>\n\t<meta property=\"og:image:width\" content=\"720\" \/>\n\t<meta property=\"og:image:height\" content=\"384\" \/>\n\t<meta property=\"og:image:type\" content=\"image\/jpeg\" \/>\n<meta name=\"author\" content=\"NJ\" \/>\n<meta name=\"twitter:card\" content=\"summary_large_image\" \/>\n<meta name=\"twitter:creator\" content=\"@webdo_tn\" \/>\n<meta name=\"twitter:site\" content=\"@webdo_tn\" \/>\n<meta name=\"twitter:label1\" content=\"\u00c9crit par\" \/>\n\t<meta name=\"twitter:data1\" content=\"NJ\" \/>\n\t<meta name=\"twitter:label2\" content=\"Dur\u00e9e de lecture estim\u00e9e\" \/>\n\t<meta name=\"twitter:data2\" content=\"1 minute\" \/>\n<script type=\"application\/ld+json\" class=\"yoast-schema-graph\">{\"@context\":\"https:\\\/\\\/schema.org\",\"@graph\":[{\"@type\":\"NewsArticle\",\"@id\":\"https:\\\/\\\/www.webdo.tn\\\/fr\\\/actualite\\\/national\\\/la-tunisie-et-la-libye-travaillent-sur-le-renforcement-de-leur-cooperation\\\/199610\\\/#article\",\"isPartOf\":{\"@id\":\"https:\\\/\\\/www.webdo.tn\\\/fr\\\/actualite\\\/national\\\/la-tunisie-et-la-libye-travaillent-sur-le-renforcement-de-leur-cooperation\\\/199610\\\/\"},\"author\":{\"name\":\"NJ\",\"@id\":\"https:\\\/\\\/www.webdo.tn\\\/fr\\\/#\\\/schema\\\/person\\\/646f7c4406ab78299805d9d39b2636d8\"},\"headline\":\"La Tunisie et la Libye travaillent sur le renforcement de leur coop\u00e9ration\",\"datePublished\":\"2022-11-30T19:58:00+00:00\",\"dateModified\":\"2025-05-20T23:00:29+00:00\",\"mainEntityOfPage\":{\"@id\":\"https:\\\/\\\/www.webdo.tn\\\/fr\\\/actualite\\\/national\\\/la-tunisie-et-la-libye-travaillent-sur-le-renforcement-de-leur-cooperation\\\/199610\\\/\"},\"wordCount\":232,\"commentCount\":0,\"publisher\":{\"@id\":\"https:\\\/\\\/www.webdo.tn\\\/fr\\\/#organization\"},\"image\":{\"@id\":\"https:\\\/\\\/www.webdo.tn\\\/fr\\\/actualite\\\/national\\\/la-tunisie-et-la-libye-travaillent-sur-le-renforcement-de-leur-cooperation\\\/199610\\\/#primaryimage\"},\"thumbnailUrl\":\"https:\\\/\\\/www.webdo.tn\\\/fr\\\/wp-content\\\/uploads\\\/2022\\\/11\\\/e340476b217a24cf8429b2344e1746a9.jpg\",\"keywords\":[\"coop\u00e9ration\",\"Libye\",\"Tunisie\"],\"articleSection\":[\"National\"],\"inLanguage\":\"fr-FR\"},{\"@type\":\"WebPage\",\"@id\":\"https:\\\/\\\/www.webdo.tn\\\/fr\\\/actualite\\\/national\\\/la-tunisie-et-la-libye-travaillent-sur-le-renforcement-de-leur-cooperation\\\/199610\\\/\",\"url\":\"https:\\\/\\\/www.webdo.tn\\\/fr\\\/actualite\\\/national\\\/la-tunisie-et-la-libye-travaillent-sur-le-renforcement-de-leur-cooperation\\\/199610\\\/\",\"name\":\"La Tunisie et la Libye travaillent sur le renforcement de leur coop\u00e9ration\",\"isPartOf\":{\"@id\":\"https:\\\/\\\/www.webdo.tn\\\/fr\\\/#website\"},\"primaryImageOfPage\":{\"@id\":\"https:\\\/\\\/www.webdo.tn\\\/fr\\\/actualite\\\/national\\\/la-tunisie-et-la-libye-travaillent-sur-le-renforcement-de-leur-cooperation\\\/199610\\\/#primaryimage\"},\"image\":{\"@id\":\"https:\\\/\\\/www.webdo.tn\\\/fr\\\/actualite\\\/national\\\/la-tunisie-et-la-libye-travaillent-sur-le-renforcement-de-leur-cooperation\\\/199610\\\/#primaryimage\"},\"thumbnailUrl\":\"https:\\\/\\\/www.webdo.tn\\\/fr\\\/wp-content\\\/uploads\\\/2022\\\/11\\\/e340476b217a24cf8429b2344e1746a9.jpg\",\"datePublished\":\"2022-11-30T19:58:00+00:00\",\"dateModified\":\"2025-05-20T23:00:29+00:00\",\"description\":\"Les moyens de renforcer la coop\u00e9ration entre la Tunisie et la Libye, ont \u00e9t\u00e9 au centre de la rencontre qui r\u00e9uni mercredi, au Palais du gouvernement \u00e0 la Kasbah...\",\"breadcrumb\":{\"@id\":\"https:\\\/\\\/www.webdo.tn\\\/fr\\\/actualite\\\/national\\\/la-tunisie-et-la-libye-travaillent-sur-le-renforcement-de-leur-cooperation\\\/199610\\\/#breadcrumb\"},\"inLanguage\":\"fr-FR\",\"potentialAction\":[{\"@type\":\"ReadAction\",\"target\":[\"https:\\\/\\\/www.webdo.tn\\\/fr\\\/actualite\\\/national\\\/la-tunisie-et-la-libye-travaillent-sur-le-renforcement-de-leur-cooperation\\\/199610\\\/\"]}]},{\"@type\":\"ImageObject\",\"inLanguage\":\"fr-FR\",\"@id\":\"https:\\\/\\\/www.webdo.tn\\\/fr\\\/actualite\\\/national\\\/la-tunisie-et-la-libye-travaillent-sur-le-renforcement-de-leur-cooperation\\\/199610\\\/#primaryimage\",\"url\":\"https:\\\/\\\/www.webdo.tn\\\/fr\\\/wp-content\\\/uploads\\\/2022\\\/11\\\/e340476b217a24cf8429b2344e1746a9.jpg\",\"contentUrl\":\"https:\\\/\\\/www.webdo.tn\\\/fr\\\/wp-content\\\/uploads\\\/2022\\\/11\\\/e340476b217a24cf8429b2344e1746a9.jpg\",\"width\":720,\"height\":384,\"caption\":\"La Tunisie et la Libye travaillent sur le renforcement de leur coop\u00e9ration\"},{\"@type\":\"BreadcrumbList\",\"@id\":\"https:\\\/\\\/www.webdo.tn\\\/fr\\\/actualite\\\/national\\\/la-tunisie-et-la-libye-travaillent-sur-le-renforcement-de-leur-cooperation\\\/199610\\\/#breadcrumb\",\"itemListElement\":[{\"@type\":\"ListItem\",\"position\":1,\"name\":\"Accueil\",\"item\":\"https:\\\/\\\/www.webdo.tn\\\/fr\\\/\"},{\"@type\":\"ListItem\",\"position\":2,\"name\":\"La Tunisie et la Libye travaillent sur le renforcement de leur coop\u00e9ration\"}]},{\"@type\":\"WebSite\",\"@id\":\"https:\\\/\\\/www.webdo.tn\\\/fr\\\/#website\",\"url\":\"https:\\\/\\\/www.webdo.tn\\\/fr\\\/\",\"name\":\"webdo\",\"description\":\"Tunisie - News en Tunisie et \u00e0 l&#039;international sur Webdo.tn\",\"publisher\":{\"@id\":\"https:\\\/\\\/www.webdo.tn\\\/fr\\\/#organization\"},\"potentialAction\":[{\"@type\":\"SearchAction\",\"target\":{\"@type\":\"EntryPoint\",\"urlTemplate\":\"https:\\\/\\\/www.webdo.tn\\\/fr\\\/?s={search_term_string}\"},\"query-input\":{\"@type\":\"PropertyValueSpecification\",\"valueRequired\":true,\"valueName\":\"search_term_string\"}}],\"inLanguage\":\"fr-FR\"},{\"@type\":\"Organization\",\"@id\":\"https:\\\/\\\/www.webdo.tn\\\/fr\\\/#organization\",\"name\":\"Webdo\",\"alternateName\":\"Webdo.tn\",\"url\":\"https:\\\/\\\/www.webdo.tn\\\/fr\\\/\",\"logo\":{\"@type\":\"ImageObject\",\"inLanguage\":\"fr-FR\",\"@id\":\"https:\\\/\\\/www.webdo.tn\\\/fr\\\/#\\\/schema\\\/logo\\\/image\\\/\",\"url\":\"https:\\\/\\\/www.webdo.tn\\\/fr\\\/wp-content\\\/uploads\\\/2025\\\/06\\\/Webdo-Tunisie_168377.jpg\",\"contentUrl\":\"https:\\\/\\\/www.webdo.tn\\\/fr\\\/wp-content\\\/uploads\\\/2025\\\/06\\\/Webdo-Tunisie_168377.jpg\",\"width\":301,\"height\":301,\"caption\":\"Webdo\"},\"image\":{\"@id\":\"https:\\\/\\\/www.webdo.tn\\\/fr\\\/#\\\/schema\\\/logo\\\/image\\\/\"},\"sameAs\":[\"https:\\\/\\\/www.facebook.com\\\/webdotn\",\"https:\\\/\\\/x.com\\\/webdo_tn\"],\"description\":\"Webdo est un m\u00e9dia num\u00e9rique tunisien fond\u00e9 en 2010, sp\u00e9cialis\u00e9 dans l\u2019actualit\u00e9 nationale et internationale, l\u2019\u00e9conomie, la soci\u00e9t\u00e9 et les analyses politiques. Le site s\u2019adresse \u00e0 un large public francophone et couvre l\u2019information tunisienne en temps r\u00e9el.\",\"email\":\"redac@webdo.tn\",\"legalName\":\"YNJ SARL\",\"foundingDate\":\"2010-09-06\",\"numberOfEmployees\":{\"@type\":\"QuantitativeValue\",\"minValue\":\"11\",\"maxValue\":\"50\"}},{\"@type\":\"Person\",\"@id\":\"https:\\\/\\\/www.webdo.tn\\\/fr\\\/#\\\/schema\\\/person\\\/646f7c4406ab78299805d9d39b2636d8\",\"name\":\"NJ\",\"image\":{\"@type\":\"ImageObject\",\"inLanguage\":\"fr-FR\",\"@id\":\"https:\\\/\\\/secure.gravatar.com\\\/avatar\\\/57ee8a7cee8271948beede1dd4413f641d3b749a42dfabf45a3352af812389e1?s=96&d=mm&r=g\",\"url\":\"https:\\\/\\\/secure.gravatar.com\\\/avatar\\\/57ee8a7cee8271948beede1dd4413f641d3b749a42dfabf45a3352af812389e1?s=96&d=mm&r=g\",\"contentUrl\":\"https:\\\/\\\/secure.gravatar.com\\\/avatar\\\/57ee8a7cee8271948beede1dd4413f641d3b749a42dfabf45a3352af812389e1?s=96&d=mm&r=g\",\"caption\":\"NJ\"},\"url\":\"https:\\\/\\\/www.webdo.tn\\\/fr\\\/actualite\\\/author\\\/nj\\\/\"}]}<\/script>\n<!-- \/ Yoast SEO Premium plugin. -->","yoast_head_json":{"title":"La Tunisie et la Libye travaillent sur le renforcement de leur coop\u00e9ration","description":"Les moyens de renforcer la coop\u00e9ration entre la Tunisie et la Libye, ont \u00e9t\u00e9 au centre de la rencontre qui r\u00e9uni mercredi, au Palais du gouvernement \u00e0 la Kasbah...","canonical":"https:\/\/www.webdo.tn\/fr\/actualite\/national\/la-tunisie-et-la-libye-travaillent-sur-le-renforcement-de-leur-cooperation\/199610\/","og_locale":"fr_FR","og_type":"article","og_title":"La Tunisie et la Libye travaillent sur le renforcement de leur coop\u00e9ration","og_description":"Les moyens de renforcer la coop\u00e9ration entre la Tunisie et la Libye, ont \u00e9t\u00e9 au centre de la rencontre qui r\u00e9uni mercredi, au Palais du gouvernement \u00e0 la Kasbah...","og_url":"https:\/\/www.webdo.tn\/fr\/actualite\/national\/la-tunisie-et-la-libye-travaillent-sur-le-renforcement-de-leur-cooperation\/199610\/","og_site_name":"webdo","article_publisher":"https:\/\/www.facebook.com\/webdotn","article_published_time":"2022-11-30T19:58:00+00:00","article_modified_time":"2025-05-20T23:00:29+00:00","og_image":[{"width":720,"height":384,"url":"https:\/\/www.webdo.tn\/fr\/wp-content\/uploads\/2022\/11\/e340476b217a24cf8429b2344e1746a9.jpg","type":"image\/jpeg"}],"author":"NJ","twitter_card":"summary_large_image","twitter_creator":"@webdo_tn","twitter_site":"@webdo_tn","twitter_misc":{"\u00c9crit par":"NJ","Dur\u00e9e de lecture estim\u00e9e":"1 minute"},"schema":{"@context":"https:\/\/schema.org","@graph":[{"@type":"NewsArticle","@id":"https:\/\/www.webdo.tn\/fr\/actualite\/national\/la-tunisie-et-la-libye-travaillent-sur-le-renforcement-de-leur-cooperation\/199610\/#article","isPartOf":{"@id":"https:\/\/www.webdo.tn\/fr\/actualite\/national\/la-tunisie-et-la-libye-travaillent-sur-le-renforcement-de-leur-cooperation\/199610\/"},"author":{"name":"NJ","@id":"https:\/\/www.webdo.tn\/fr\/#\/schema\/person\/646f7c4406ab78299805d9d39b2636d8"},"headline":"La Tunisie et la Libye travaillent sur le renforcement de leur coop\u00e9ration","datePublished":"2022-11-30T19:58:00+00:00","dateModified":"2025-05-20T23:00:29+00:00","mainEntityOfPage":{"@id":"https:\/\/www.webdo.tn\/fr\/actualite\/national\/la-tunisie-et-la-libye-travaillent-sur-le-renforcement-de-leur-cooperation\/199610\/"},"wordCount":232,"commentCount":0,"publisher":{"@id":"https:\/\/www.webdo.tn\/fr\/#organization"},"image":{"@id":"https:\/\/www.webdo.tn\/fr\/actualite\/national\/la-tunisie-et-la-libye-travaillent-sur-le-renforcement-de-leur-cooperation\/199610\/#primaryimage"},"thumbnailUrl":"https:\/\/www.webdo.tn\/fr\/wp-content\/uploads\/2022\/11\/e340476b217a24cf8429b2344e1746a9.jpg","keywords":["coop\u00e9ration","Libye","Tunisie"],"articleSection":["National"],"inLanguage":"fr-FR"},{"@type":"WebPage","@id":"https:\/\/www.webdo.tn\/fr\/actualite\/national\/la-tunisie-et-la-libye-travaillent-sur-le-renforcement-de-leur-cooperation\/199610\/","url":"https:\/\/www.webdo.tn\/fr\/actualite\/national\/la-tunisie-et-la-libye-travaillent-sur-le-renforcement-de-leur-cooperation\/199610\/","name":"La Tunisie et la Libye travaillent sur le renforcement de leur coop\u00e9ration","isPartOf":{"@id":"https:\/\/www.webdo.tn\/fr\/#website"},"primaryImageOfPage":{"@id":"https:\/\/www.webdo.tn\/fr\/actualite\/national\/la-tunisie-et-la-libye-travaillent-sur-le-renforcement-de-leur-cooperation\/199610\/#primaryimage"},"image":{"@id":"https:\/\/www.webdo.tn\/fr\/actualite\/national\/la-tunisie-et-la-libye-travaillent-sur-le-renforcement-de-leur-cooperation\/199610\/#primaryimage"},"thumbnailUrl":"https:\/\/www.webdo.tn\/fr\/wp-content\/uploads\/2022\/11\/e340476b217a24cf8429b2344e1746a9.jpg","datePublished":"2022-11-30T19:58:00+00:00","dateModified":"2025-05-20T23:00:29+00:00","description":"Les moyens de renforcer la coop\u00e9ration entre la Tunisie et la Libye, ont \u00e9t\u00e9 au centre de la rencontre qui r\u00e9uni mercredi, au Palais du gouvernement \u00e0 la Kasbah...","breadcrumb":{"@id":"https:\/\/www.webdo.tn\/fr\/actualite\/national\/la-tunisie-et-la-libye-travaillent-sur-le-renforcement-de-leur-cooperation\/199610\/#breadcrumb"},"inLanguage":"fr-FR","potentialAction":[{"@type":"ReadAction","target":["https:\/\/www.webdo.tn\/fr\/actualite\/national\/la-tunisie-et-la-libye-travaillent-sur-le-renforcement-de-leur-cooperation\/199610\/"]}]},{"@type":"ImageObject","inLanguage":"fr-FR","@id":"https:\/\/www.webdo.tn\/fr\/actualite\/national\/la-tunisie-et-la-libye-travaillent-sur-le-renforcement-de-leur-cooperation\/199610\/#primaryimage","url":"https:\/\/www.webdo.tn\/fr\/wp-content\/uploads\/2022\/11\/e340476b217a24cf8429b2344e1746a9.jpg","contentUrl":"https:\/\/www.webdo.tn\/fr\/wp-content\/uploads\/2022\/11\/e340476b217a24cf8429b2344e1746a9.jpg","width":720,"height":384,"caption":"La Tunisie et la Libye travaillent sur le renforcement de leur coop\u00e9ration"},{"@type":"BreadcrumbList","@id":"https:\/\/www.webdo.tn\/fr\/actualite\/national\/la-tunisie-et-la-libye-travaillent-sur-le-renforcement-de-leur-cooperation\/199610\/#breadcrumb","itemListElement":[{"@type":"ListItem","position":1,"name":"Accueil","item":"https:\/\/www.webdo.tn\/fr\/"},{"@type":"ListItem","position":2,"name":"La Tunisie et la Libye travaillent sur le renforcement de leur coop\u00e9ration"}]},{"@type":"WebSite","@id":"https:\/\/www.webdo.tn\/fr\/#website","url":"https:\/\/www.webdo.tn\/fr\/","name":"webdo","description":"Tunisie - News en Tunisie et \u00e0 l&#039;international sur Webdo.tn","publisher":{"@id":"https:\/\/www.webdo.tn\/fr\/#organization"},"potentialAction":[{"@type":"SearchAction","target":{"@type":"EntryPoint","urlTemplate":"https:\/\/www.webdo.tn\/fr\/?s={search_term_string}"},"query-input":{"@type":"PropertyValueSpecification","valueRequired":true,"valueName":"search_term_string"}}],"inLanguage":"fr-FR"},{"@type":"Organization","@id":"https:\/\/www.webdo.tn\/fr\/#organization","name":"Webdo","alternateName":"Webdo.tn","url":"https:\/\/www.webdo.tn\/fr\/","logo":{"@type":"ImageObject","inLanguage":"fr-FR","@id":"https:\/\/www.webdo.tn\/fr\/#\/schema\/logo\/image\/","url":"https:\/\/www.webdo.tn\/fr\/wp-content\/uploads\/2025\/06\/Webdo-Tunisie_168377.jpg","contentUrl":"https:\/\/www.webdo.tn\/fr\/wp-content\/uploads\/2025\/06\/Webdo-Tunisie_168377.jpg","width":301,"height":301,"caption":"Webdo"},"image":{"@id":"https:\/\/www.webdo.tn\/fr\/#\/schema\/logo\/image\/"},"sameAs":["https:\/\/www.facebook.com\/webdotn","https:\/\/x.com\/webdo_tn"],"description":"Webdo est un m\u00e9dia num\u00e9rique tunisien fond\u00e9 en 2010, sp\u00e9cialis\u00e9 dans l\u2019actualit\u00e9 nationale et internationale, l\u2019\u00e9conomie, la soci\u00e9t\u00e9 et les analyses politiques. Le site s\u2019adresse \u00e0 un large public francophone et couvre l\u2019information tunisienne en temps r\u00e9el.","email":"redac@webdo.tn","legalName":"YNJ SARL","foundingDate":"2010-09-06","numberOfEmployees":{"@type":"QuantitativeValue","minValue":"11","maxValue":"50"}},{"@type":"Person","@id":"https:\/\/www.webdo.tn\/fr\/#\/schema\/person\/646f7c4406ab78299805d9d39b2636d8","name":"NJ","image":{"@type":"ImageObject","inLanguage":"fr-FR","@id":"https:\/\/secure.gravatar.com\/avatar\/57ee8a7cee8271948beede1dd4413f641d3b749a42dfabf45a3352af812389e1?s=96&d=mm&r=g","url":"https:\/\/secure.gravatar.com\/avatar\/57ee8a7cee8271948beede1dd4413f641d3b749a42dfabf45a3352af812389e1?s=96&d=mm&r=g","contentUrl":"https:\/\/secure.gravatar.com\/avatar\/57ee8a7cee8271948beede1dd4413f641d3b749a42dfabf45a3352af812389e1?s=96&d=mm&r=g","caption":"NJ"},"url":"https:\/\/www.webdo.tn\/fr\/actualite\/author\/nj\/"}]}},"_links":{"self":[{"href":"https:\/\/www.webdo.tn\/fr\/wp-json\/wp\/v2\/posts\/199610","targetHints":{"allow":["GET"]}}],"collection":[{"href":"https:\/\/www.webdo.tn\/fr\/wp-json\/wp\/v2\/posts"}],"about":[{"href":"https:\/\/www.webdo.tn\/fr\/wp-json\/wp\/v2\/types\/post"}],"author":[{"embeddable":true,"href":"https:\/\/www.webdo.tn\/fr\/wp-json\/wp\/v2\/users\/3195"}],"replies":[{"embeddable":true,"href":"https:\/\/www.webdo.tn\/fr\/wp-json\/wp\/v2\/comments?post=199610"}],"version-history":[{"count":0,"href":"https:\/\/www.webdo.tn\/fr\/wp-json\/wp\/v2\/posts\/199610\/revisions"}],"wp:featuredmedia":[{"embeddable":true,"href":"https:\/\/www.webdo.tn\/fr\/wp-json\/wp\/v2\/media\/277361"}],"wp:attachment":[{"href":"https:\/\/www.webdo.tn\/fr\/wp-json\/wp\/v2\/media?parent=199610"}],"wp:term":[{"taxonomy":"category","embeddable":true,"href":"https:\/\/www.webdo.tn\/fr\/wp-json\/wp\/v2\/categories?post=199610"},{"taxonomy":"post_tag","embeddable":true,"href":"https:\/\/www.webdo.tn\/fr\/wp-json\/wp\/v2\/tags?post=199610"}],"curies":[{"name":"wp","href":"https:\/\/api.w.org\/{rel}","templated":true}]}}