{"id":199602,"date":"2022-11-30T15:07:00","date_gmt":"2022-11-30T15:07:00","guid":{"rendered":"https:\/\/www.webdo.tn\/fr\/actualite\/blog\/mondial-2022-procedure-disciplinaire-contre-le-senegal\/199602\/"},"modified":"2025-05-22T11:42:42","modified_gmt":"2025-05-22T11:42:42","slug":"mondial-2022-procedure-disciplinaire-contre-le-senegal","status":"publish","type":"post","link":"https:\/\/www.webdo.tn\/fr\/actualite\/sport\/mondial-2022-procedure-disciplinaire-contre-le-senegal\/199602\/","title":{"rendered":"Mondial 2022 : proc\u00e9dure disciplinaire contre le S\u00e9n\u00e9gal"},"content":{"rendered":"<p>La F\u00e9d\u00e9ration internationale de football (FIFA) a indiqu\u00e9, aujourd\u2019hui, qu\u2019elle a ouvert une proc\u00e9dure disciplinaire contre le S\u00e9n\u00e9gal.<\/p>\n<p> La FIFA a fait savoir que seulement le s\u00e9lectionneur Aliou Ciss\u00e9 \u00e9tait pr\u00e9sent en conf\u00e9rence de presse avant la rencontre opposant le S\u00e9n\u00e9gal \u00e0 l&rsquo;Equateur (victoire 2 buts \u00e0 1 du S\u00e9n\u00e9gal), alors que le r\u00e8glement stipule la pr\u00e9sence obligatoire d&rsquo;un joueur de l\u2019\u00e9quipe.<\/p>\n<p>La FIFA s\u2019est bas\u00e9e dans sa d\u00e9cision d\u2019ouvrir une proc\u00e9dure disciplinaire contre le S\u00e9n\u00e9gal sur l&rsquo;article 44 du r\u00e8glement de la Coupe du Monde, l&rsquo;article 2.7.2 du r\u00e8glement m\u00e9dias et marketing, ainsi que sur l&rsquo;article 8.5.3 du manuel de l&rsquo;\u00e9quipe. Le S\u00e9n\u00e9gal risque une amende de 10 mille francs suisses.<\/p>\n<p>Il est \u00e0 rappeler que les S\u00e9n\u00e9galais se sont qualifi\u00e9s aux huiti\u00e8mes de finale de la Coupe du Monde Qatar 2022. Ils devront croiser le fer avec la s\u00e9lection anglaise, dimanche \u00e0 partir de 20 heures (heure tunisienne), au stade Al-Bayt.<\/p>\n","protected":false},"excerpt":{"rendered":"<p>La F\u00e9d\u00e9ration internationale de football (FIFA) a indiqu\u00e9, aujourd\u2019hui, qu\u2019elle a ouvert une proc\u00e9dure disciplinaire contre le S\u00e9n\u00e9gal.<\/p>\n","protected":false},"author":3196,"featured_media":348513,"comment_status":"open","ping_status":"closed","sticky":false,"template":"","format":"standard","meta":{"footnotes":""},"categories":[2593],"tags":[3487,11506,3127],"class_list":["post-199602","post","type-post","status-publish","format-standard","has-post-thumbnail","hentry","category-sport","tag-fifa","tag-procedure-disciplinaire","tag-senegal"],"yoast_head":"<!-- This site is optimized with the Yoast SEO Premium plugin v27.4 (Yoast SEO v27.5) - https:\/\/yoast.com\/product\/yoast-seo-premium-wordpress\/ -->\n<title>Mondial 2022 : proc\u00e9dure disciplinaire contre le S\u00e9n\u00e9gal<\/title>\n<meta name=\"description\" content=\"La F\u00e9d\u00e9ration internationale de football (FIFA) a indiqu\u00e9, aujourd\u2019hui, qu\u2019elle a ouvert une proc\u00e9dure disciplinaire contre le S\u00e9n\u00e9gal.\" \/>\n<link rel=\"canonical\" href=\"https:\/\/www.webdo.tn\/fr\/actualite\/sport\/mondial-2022-procedure-disciplinaire-contre-le-senegal\/199602\/\" \/>\n<meta property=\"og:locale\" content=\"fr_FR\" \/>\n<meta property=\"og:type\" content=\"article\" \/>\n<meta property=\"og:title\" content=\"Mondial 2022 : proc\u00e9dure disciplinaire contre le S\u00e9n\u00e9gal\" \/>\n<meta property=\"og:description\" content=\"La F\u00e9d\u00e9ration internationale de football (FIFA) a indiqu\u00e9, aujourd\u2019hui, qu\u2019elle a ouvert une proc\u00e9dure disciplinaire contre le S\u00e9n\u00e9gal.\" \/>\n<meta property=\"og:url\" content=\"https:\/\/www.webdo.tn\/fr\/actualite\/sport\/mondial-2022-procedure-disciplinaire-contre-le-senegal\/199602\/\" \/>\n<meta property=\"og:site_name\" content=\"webdo\" \/>\n<meta property=\"article:publisher\" content=\"https:\/\/www.facebook.com\/webdotn\" \/>\n<meta property=\"article:published_time\" content=\"2022-11-30T15:07:00+00:00\" \/>\n<meta property=\"article:modified_time\" content=\"2025-05-22T11:42:42+00:00\" \/>\n<meta property=\"og:image\" content=\"https:\/\/www.webdo.tn\/fr\/wp-content\/uploads\/2022\/11\/58347d42e224f97d92f40e572993a6a4.png\" \/>\n\t<meta property=\"og:image:width\" content=\"750\" \/>\n\t<meta property=\"og:image:height\" content=\"400\" \/>\n\t<meta property=\"og:image:type\" content=\"image\/png\" \/>\n<meta name=\"author\" content=\"MK\" \/>\n<meta name=\"twitter:card\" content=\"summary_large_image\" \/>\n<meta name=\"twitter:creator\" content=\"@webdo_tn\" \/>\n<meta name=\"twitter:site\" content=\"@webdo_tn\" \/>\n<meta name=\"twitter:label1\" content=\"\u00c9crit par\" \/>\n\t<meta name=\"twitter:data1\" content=\"MK\" \/>\n\t<meta name=\"twitter:label2\" content=\"Dur\u00e9e de lecture estim\u00e9e\" \/>\n\t<meta name=\"twitter:data2\" content=\"1 minute\" \/>\n<script type=\"application\/ld+json\" class=\"yoast-schema-graph\">{\"@context\":\"https:\\\/\\\/schema.org\",\"@graph\":[{\"@type\":\"NewsArticle\",\"@id\":\"https:\\\/\\\/www.webdo.tn\\\/fr\\\/actualite\\\/sport\\\/mondial-2022-procedure-disciplinaire-contre-le-senegal\\\/199602\\\/#article\",\"isPartOf\":{\"@id\":\"https:\\\/\\\/www.webdo.tn\\\/fr\\\/actualite\\\/sport\\\/mondial-2022-procedure-disciplinaire-contre-le-senegal\\\/199602\\\/\"},\"author\":{\"name\":\"MK\",\"@id\":\"https:\\\/\\\/www.webdo.tn\\\/fr\\\/#\\\/schema\\\/person\\\/c3a9d32fa6d495ca5f4b6510e3db97bf\"},\"headline\":\"Mondial 2022 : proc\u00e9dure disciplinaire contre le S\u00e9n\u00e9gal\",\"datePublished\":\"2022-11-30T15:07:00+00:00\",\"dateModified\":\"2025-05-22T11:42:42+00:00\",\"mainEntityOfPage\":{\"@id\":\"https:\\\/\\\/www.webdo.tn\\\/fr\\\/actualite\\\/sport\\\/mondial-2022-procedure-disciplinaire-contre-le-senegal\\\/199602\\\/\"},\"wordCount\":190,\"commentCount\":0,\"publisher\":{\"@id\":\"https:\\\/\\\/www.webdo.tn\\\/fr\\\/#organization\"},\"image\":{\"@id\":\"https:\\\/\\\/www.webdo.tn\\\/fr\\\/actualite\\\/sport\\\/mondial-2022-procedure-disciplinaire-contre-le-senegal\\\/199602\\\/#primaryimage\"},\"thumbnailUrl\":\"https:\\\/\\\/www.webdo.tn\\\/fr\\\/wp-content\\\/uploads\\\/2022\\\/11\\\/58347d42e224f97d92f40e572993a6a4.png\",\"keywords\":[\"FIFA\",\"proc\u00e9dure disciplinaire\",\"S\u00e9n\u00e9gal\"],\"articleSection\":[\"Sport\"],\"inLanguage\":\"fr-FR\"},{\"@type\":\"WebPage\",\"@id\":\"https:\\\/\\\/www.webdo.tn\\\/fr\\\/actualite\\\/sport\\\/mondial-2022-procedure-disciplinaire-contre-le-senegal\\\/199602\\\/\",\"url\":\"https:\\\/\\\/www.webdo.tn\\\/fr\\\/actualite\\\/sport\\\/mondial-2022-procedure-disciplinaire-contre-le-senegal\\\/199602\\\/\",\"name\":\"Mondial 2022 : proc\u00e9dure disciplinaire contre le S\u00e9n\u00e9gal\",\"isPartOf\":{\"@id\":\"https:\\\/\\\/www.webdo.tn\\\/fr\\\/#website\"},\"primaryImageOfPage\":{\"@id\":\"https:\\\/\\\/www.webdo.tn\\\/fr\\\/actualite\\\/sport\\\/mondial-2022-procedure-disciplinaire-contre-le-senegal\\\/199602\\\/#primaryimage\"},\"image\":{\"@id\":\"https:\\\/\\\/www.webdo.tn\\\/fr\\\/actualite\\\/sport\\\/mondial-2022-procedure-disciplinaire-contre-le-senegal\\\/199602\\\/#primaryimage\"},\"thumbnailUrl\":\"https:\\\/\\\/www.webdo.tn\\\/fr\\\/wp-content\\\/uploads\\\/2022\\\/11\\\/58347d42e224f97d92f40e572993a6a4.png\",\"datePublished\":\"2022-11-30T15:07:00+00:00\",\"dateModified\":\"2025-05-22T11:42:42+00:00\",\"description\":\"La F\u00e9d\u00e9ration internationale de football (FIFA) a indiqu\u00e9, aujourd\u2019hui, qu\u2019elle a ouvert une proc\u00e9dure disciplinaire contre le S\u00e9n\u00e9gal.\",\"breadcrumb\":{\"@id\":\"https:\\\/\\\/www.webdo.tn\\\/fr\\\/actualite\\\/sport\\\/mondial-2022-procedure-disciplinaire-contre-le-senegal\\\/199602\\\/#breadcrumb\"},\"inLanguage\":\"fr-FR\",\"potentialAction\":[{\"@type\":\"ReadAction\",\"target\":[\"https:\\\/\\\/www.webdo.tn\\\/fr\\\/actualite\\\/sport\\\/mondial-2022-procedure-disciplinaire-contre-le-senegal\\\/199602\\\/\"]}]},{\"@type\":\"ImageObject\",\"inLanguage\":\"fr-FR\",\"@id\":\"https:\\\/\\\/www.webdo.tn\\\/fr\\\/actualite\\\/sport\\\/mondial-2022-procedure-disciplinaire-contre-le-senegal\\\/199602\\\/#primaryimage\",\"url\":\"https:\\\/\\\/www.webdo.tn\\\/fr\\\/wp-content\\\/uploads\\\/2022\\\/11\\\/58347d42e224f97d92f40e572993a6a4.png\",\"contentUrl\":\"https:\\\/\\\/www.webdo.tn\\\/fr\\\/wp-content\\\/uploads\\\/2022\\\/11\\\/58347d42e224f97d92f40e572993a6a4.png\",\"width\":750,\"height\":400,\"caption\":\"S\u00e9n\u00e9gal Equateur\"},{\"@type\":\"BreadcrumbList\",\"@id\":\"https:\\\/\\\/www.webdo.tn\\\/fr\\\/actualite\\\/sport\\\/mondial-2022-procedure-disciplinaire-contre-le-senegal\\\/199602\\\/#breadcrumb\",\"itemListElement\":[{\"@type\":\"ListItem\",\"position\":1,\"name\":\"Accueil\",\"item\":\"https:\\\/\\\/www.webdo.tn\\\/fr\\\/\"},{\"@type\":\"ListItem\",\"position\":2,\"name\":\"Mondial 2022 : proc\u00e9dure disciplinaire contre le S\u00e9n\u00e9gal\"}]},{\"@type\":\"WebSite\",\"@id\":\"https:\\\/\\\/www.webdo.tn\\\/fr\\\/#website\",\"url\":\"https:\\\/\\\/www.webdo.tn\\\/fr\\\/\",\"name\":\"webdo\",\"description\":\"Tunisie - News en Tunisie et \u00e0 l&#039;international sur Webdo.tn\",\"publisher\":{\"@id\":\"https:\\\/\\\/www.webdo.tn\\\/fr\\\/#organization\"},\"potentialAction\":[{\"@type\":\"SearchAction\",\"target\":{\"@type\":\"EntryPoint\",\"urlTemplate\":\"https:\\\/\\\/www.webdo.tn\\\/fr\\\/?s={search_term_string}\"},\"query-input\":{\"@type\":\"PropertyValueSpecification\",\"valueRequired\":true,\"valueName\":\"search_term_string\"}}],\"inLanguage\":\"fr-FR\"},{\"@type\":\"Organization\",\"@id\":\"https:\\\/\\\/www.webdo.tn\\\/fr\\\/#organization\",\"name\":\"Webdo\",\"alternateName\":\"Webdo.tn\",\"url\":\"https:\\\/\\\/www.webdo.tn\\\/fr\\\/\",\"logo\":{\"@type\":\"ImageObject\",\"inLanguage\":\"fr-FR\",\"@id\":\"https:\\\/\\\/www.webdo.tn\\\/fr\\\/#\\\/schema\\\/logo\\\/image\\\/\",\"url\":\"https:\\\/\\\/www.webdo.tn\\\/fr\\\/wp-content\\\/uploads\\\/2025\\\/06\\\/Webdo-Tunisie_168377.jpg\",\"contentUrl\":\"https:\\\/\\\/www.webdo.tn\\\/fr\\\/wp-content\\\/uploads\\\/2025\\\/06\\\/Webdo-Tunisie_168377.jpg\",\"width\":301,\"height\":301,\"caption\":\"Webdo\"},\"image\":{\"@id\":\"https:\\\/\\\/www.webdo.tn\\\/fr\\\/#\\\/schema\\\/logo\\\/image\\\/\"},\"sameAs\":[\"https:\\\/\\\/www.facebook.com\\\/webdotn\",\"https:\\\/\\\/x.com\\\/webdo_tn\"],\"description\":\"Webdo est un m\u00e9dia num\u00e9rique tunisien fond\u00e9 en 2010, sp\u00e9cialis\u00e9 dans l\u2019actualit\u00e9 nationale et internationale, l\u2019\u00e9conomie, la soci\u00e9t\u00e9 et les analyses politiques. Le site s\u2019adresse \u00e0 un large public francophone et couvre l\u2019information tunisienne en temps r\u00e9el.\",\"email\":\"redac@webdo.tn\",\"legalName\":\"YNJ SARL\",\"foundingDate\":\"2010-09-06\",\"numberOfEmployees\":{\"@type\":\"QuantitativeValue\",\"minValue\":\"11\",\"maxValue\":\"50\"}},{\"@type\":\"Person\",\"@id\":\"https:\\\/\\\/www.webdo.tn\\\/fr\\\/#\\\/schema\\\/person\\\/c3a9d32fa6d495ca5f4b6510e3db97bf\",\"name\":\"MK\",\"image\":{\"@type\":\"ImageObject\",\"inLanguage\":\"fr-FR\",\"@id\":\"https:\\\/\\\/secure.gravatar.com\\\/avatar\\\/6d44f937f19929f3b75db77056d3e08abd6e302e71bcfea340cd8b00c13e7baf?s=96&d=mm&r=g\",\"url\":\"https:\\\/\\\/secure.gravatar.com\\\/avatar\\\/6d44f937f19929f3b75db77056d3e08abd6e302e71bcfea340cd8b00c13e7baf?s=96&d=mm&r=g\",\"contentUrl\":\"https:\\\/\\\/secure.gravatar.com\\\/avatar\\\/6d44f937f19929f3b75db77056d3e08abd6e302e71bcfea340cd8b00c13e7baf?s=96&d=mm&r=g\",\"caption\":\"MK\"},\"url\":\"https:\\\/\\\/www.webdo.tn\\\/fr\\\/actualite\\\/author\\\/mk\\\/\"}]}<\/script>\n<!-- \/ Yoast SEO Premium plugin. -->","yoast_head_json":{"title":"Mondial 2022 : proc\u00e9dure disciplinaire contre le S\u00e9n\u00e9gal","description":"La F\u00e9d\u00e9ration internationale de football (FIFA) a indiqu\u00e9, aujourd\u2019hui, qu\u2019elle a ouvert une proc\u00e9dure disciplinaire contre le S\u00e9n\u00e9gal.","canonical":"https:\/\/www.webdo.tn\/fr\/actualite\/sport\/mondial-2022-procedure-disciplinaire-contre-le-senegal\/199602\/","og_locale":"fr_FR","og_type":"article","og_title":"Mondial 2022 : proc\u00e9dure disciplinaire contre le S\u00e9n\u00e9gal","og_description":"La F\u00e9d\u00e9ration internationale de football (FIFA) a indiqu\u00e9, aujourd\u2019hui, qu\u2019elle a ouvert une proc\u00e9dure disciplinaire contre le S\u00e9n\u00e9gal.","og_url":"https:\/\/www.webdo.tn\/fr\/actualite\/sport\/mondial-2022-procedure-disciplinaire-contre-le-senegal\/199602\/","og_site_name":"webdo","article_publisher":"https:\/\/www.facebook.com\/webdotn","article_published_time":"2022-11-30T15:07:00+00:00","article_modified_time":"2025-05-22T11:42:42+00:00","og_image":[{"width":750,"height":400,"url":"https:\/\/www.webdo.tn\/fr\/wp-content\/uploads\/2022\/11\/58347d42e224f97d92f40e572993a6a4.png","type":"image\/png"}],"author":"MK","twitter_card":"summary_large_image","twitter_creator":"@webdo_tn","twitter_site":"@webdo_tn","twitter_misc":{"\u00c9crit par":"MK","Dur\u00e9e de lecture estim\u00e9e":"1 minute"},"schema":{"@context":"https:\/\/schema.org","@graph":[{"@type":"NewsArticle","@id":"https:\/\/www.webdo.tn\/fr\/actualite\/sport\/mondial-2022-procedure-disciplinaire-contre-le-senegal\/199602\/#article","isPartOf":{"@id":"https:\/\/www.webdo.tn\/fr\/actualite\/sport\/mondial-2022-procedure-disciplinaire-contre-le-senegal\/199602\/"},"author":{"name":"MK","@id":"https:\/\/www.webdo.tn\/fr\/#\/schema\/person\/c3a9d32fa6d495ca5f4b6510e3db97bf"},"headline":"Mondial 2022 : proc\u00e9dure disciplinaire contre le S\u00e9n\u00e9gal","datePublished":"2022-11-30T15:07:00+00:00","dateModified":"2025-05-22T11:42:42+00:00","mainEntityOfPage":{"@id":"https:\/\/www.webdo.tn\/fr\/actualite\/sport\/mondial-2022-procedure-disciplinaire-contre-le-senegal\/199602\/"},"wordCount":190,"commentCount":0,"publisher":{"@id":"https:\/\/www.webdo.tn\/fr\/#organization"},"image":{"@id":"https:\/\/www.webdo.tn\/fr\/actualite\/sport\/mondial-2022-procedure-disciplinaire-contre-le-senegal\/199602\/#primaryimage"},"thumbnailUrl":"https:\/\/www.webdo.tn\/fr\/wp-content\/uploads\/2022\/11\/58347d42e224f97d92f40e572993a6a4.png","keywords":["FIFA","proc\u00e9dure disciplinaire","S\u00e9n\u00e9gal"],"articleSection":["Sport"],"inLanguage":"fr-FR"},{"@type":"WebPage","@id":"https:\/\/www.webdo.tn\/fr\/actualite\/sport\/mondial-2022-procedure-disciplinaire-contre-le-senegal\/199602\/","url":"https:\/\/www.webdo.tn\/fr\/actualite\/sport\/mondial-2022-procedure-disciplinaire-contre-le-senegal\/199602\/","name":"Mondial 2022 : proc\u00e9dure disciplinaire contre le S\u00e9n\u00e9gal","isPartOf":{"@id":"https:\/\/www.webdo.tn\/fr\/#website"},"primaryImageOfPage":{"@id":"https:\/\/www.webdo.tn\/fr\/actualite\/sport\/mondial-2022-procedure-disciplinaire-contre-le-senegal\/199602\/#primaryimage"},"image":{"@id":"https:\/\/www.webdo.tn\/fr\/actualite\/sport\/mondial-2022-procedure-disciplinaire-contre-le-senegal\/199602\/#primaryimage"},"thumbnailUrl":"https:\/\/www.webdo.tn\/fr\/wp-content\/uploads\/2022\/11\/58347d42e224f97d92f40e572993a6a4.png","datePublished":"2022-11-30T15:07:00+00:00","dateModified":"2025-05-22T11:42:42+00:00","description":"La F\u00e9d\u00e9ration internationale de football (FIFA) a indiqu\u00e9, aujourd\u2019hui, qu\u2019elle a ouvert une proc\u00e9dure disciplinaire contre le S\u00e9n\u00e9gal.","breadcrumb":{"@id":"https:\/\/www.webdo.tn\/fr\/actualite\/sport\/mondial-2022-procedure-disciplinaire-contre-le-senegal\/199602\/#breadcrumb"},"inLanguage":"fr-FR","potentialAction":[{"@type":"ReadAction","target":["https:\/\/www.webdo.tn\/fr\/actualite\/sport\/mondial-2022-procedure-disciplinaire-contre-le-senegal\/199602\/"]}]},{"@type":"ImageObject","inLanguage":"fr-FR","@id":"https:\/\/www.webdo.tn\/fr\/actualite\/sport\/mondial-2022-procedure-disciplinaire-contre-le-senegal\/199602\/#primaryimage","url":"https:\/\/www.webdo.tn\/fr\/wp-content\/uploads\/2022\/11\/58347d42e224f97d92f40e572993a6a4.png","contentUrl":"https:\/\/www.webdo.tn\/fr\/wp-content\/uploads\/2022\/11\/58347d42e224f97d92f40e572993a6a4.png","width":750,"height":400,"caption":"S\u00e9n\u00e9gal Equateur"},{"@type":"BreadcrumbList","@id":"https:\/\/www.webdo.tn\/fr\/actualite\/sport\/mondial-2022-procedure-disciplinaire-contre-le-senegal\/199602\/#breadcrumb","itemListElement":[{"@type":"ListItem","position":1,"name":"Accueil","item":"https:\/\/www.webdo.tn\/fr\/"},{"@type":"ListItem","position":2,"name":"Mondial 2022 : proc\u00e9dure disciplinaire contre le S\u00e9n\u00e9gal"}]},{"@type":"WebSite","@id":"https:\/\/www.webdo.tn\/fr\/#website","url":"https:\/\/www.webdo.tn\/fr\/","name":"webdo","description":"Tunisie - News en Tunisie et \u00e0 l&#039;international sur Webdo.tn","publisher":{"@id":"https:\/\/www.webdo.tn\/fr\/#organization"},"potentialAction":[{"@type":"SearchAction","target":{"@type":"EntryPoint","urlTemplate":"https:\/\/www.webdo.tn\/fr\/?s={search_term_string}"},"query-input":{"@type":"PropertyValueSpecification","valueRequired":true,"valueName":"search_term_string"}}],"inLanguage":"fr-FR"},{"@type":"Organization","@id":"https:\/\/www.webdo.tn\/fr\/#organization","name":"Webdo","alternateName":"Webdo.tn","url":"https:\/\/www.webdo.tn\/fr\/","logo":{"@type":"ImageObject","inLanguage":"fr-FR","@id":"https:\/\/www.webdo.tn\/fr\/#\/schema\/logo\/image\/","url":"https:\/\/www.webdo.tn\/fr\/wp-content\/uploads\/2025\/06\/Webdo-Tunisie_168377.jpg","contentUrl":"https:\/\/www.webdo.tn\/fr\/wp-content\/uploads\/2025\/06\/Webdo-Tunisie_168377.jpg","width":301,"height":301,"caption":"Webdo"},"image":{"@id":"https:\/\/www.webdo.tn\/fr\/#\/schema\/logo\/image\/"},"sameAs":["https:\/\/www.facebook.com\/webdotn","https:\/\/x.com\/webdo_tn"],"description":"Webdo est un m\u00e9dia num\u00e9rique tunisien fond\u00e9 en 2010, sp\u00e9cialis\u00e9 dans l\u2019actualit\u00e9 nationale et internationale, l\u2019\u00e9conomie, la soci\u00e9t\u00e9 et les analyses politiques. Le site s\u2019adresse \u00e0 un large public francophone et couvre l\u2019information tunisienne en temps r\u00e9el.","email":"redac@webdo.tn","legalName":"YNJ SARL","foundingDate":"2010-09-06","numberOfEmployees":{"@type":"QuantitativeValue","minValue":"11","maxValue":"50"}},{"@type":"Person","@id":"https:\/\/www.webdo.tn\/fr\/#\/schema\/person\/c3a9d32fa6d495ca5f4b6510e3db97bf","name":"MK","image":{"@type":"ImageObject","inLanguage":"fr-FR","@id":"https:\/\/secure.gravatar.com\/avatar\/6d44f937f19929f3b75db77056d3e08abd6e302e71bcfea340cd8b00c13e7baf?s=96&d=mm&r=g","url":"https:\/\/secure.gravatar.com\/avatar\/6d44f937f19929f3b75db77056d3e08abd6e302e71bcfea340cd8b00c13e7baf?s=96&d=mm&r=g","contentUrl":"https:\/\/secure.gravatar.com\/avatar\/6d44f937f19929f3b75db77056d3e08abd6e302e71bcfea340cd8b00c13e7baf?s=96&d=mm&r=g","caption":"MK"},"url":"https:\/\/www.webdo.tn\/fr\/actualite\/author\/mk\/"}]}},"_links":{"self":[{"href":"https:\/\/www.webdo.tn\/fr\/wp-json\/wp\/v2\/posts\/199602","targetHints":{"allow":["GET"]}}],"collection":[{"href":"https:\/\/www.webdo.tn\/fr\/wp-json\/wp\/v2\/posts"}],"about":[{"href":"https:\/\/www.webdo.tn\/fr\/wp-json\/wp\/v2\/types\/post"}],"author":[{"embeddable":true,"href":"https:\/\/www.webdo.tn\/fr\/wp-json\/wp\/v2\/users\/3196"}],"replies":[{"embeddable":true,"href":"https:\/\/www.webdo.tn\/fr\/wp-json\/wp\/v2\/comments?post=199602"}],"version-history":[{"count":0,"href":"https:\/\/www.webdo.tn\/fr\/wp-json\/wp\/v2\/posts\/199602\/revisions"}],"wp:featuredmedia":[{"embeddable":true,"href":"https:\/\/www.webdo.tn\/fr\/wp-json\/wp\/v2\/media\/348513"}],"wp:attachment":[{"href":"https:\/\/www.webdo.tn\/fr\/wp-json\/wp\/v2\/media?parent=199602"}],"wp:term":[{"taxonomy":"category","embeddable":true,"href":"https:\/\/www.webdo.tn\/fr\/wp-json\/wp\/v2\/categories?post=199602"},{"taxonomy":"post_tag","embeddable":true,"href":"https:\/\/www.webdo.tn\/fr\/wp-json\/wp\/v2\/tags?post=199602"}],"curies":[{"name":"wp","href":"https:\/\/api.w.org\/{rel}","templated":true}]}}