{"id":199596,"date":"2022-11-30T14:20:00","date_gmt":"2022-11-30T14:20:00","guid":{"rendered":"https:\/\/www.webdo.tn\/fr\/blog\/tunisie-abdelhamid-dabaiba-accueilli-par-nejla-bouden\/199596\/"},"modified":"2025-05-20T22:04:28","modified_gmt":"2025-05-20T22:04:28","slug":"tunisie-abdelhamid-dabaiba-accueilli-par-nejla-bouden","status":"publish","type":"post","link":"https:\/\/www.webdo.tn\/fr\/actualite\/national\/tunisie-abdelhamid-dabaiba-accueilli-par-nejla-bouden\/199596\/","title":{"rendered":"Tunisie : Abdelhamid Dabaiba accueilli par Nejla Bouden"},"content":{"rendered":"<p>La Cheffe du gouvernement, Nejla Bouden, a accueilli, ce mercredi 30 novembre 2022, \u00e0 l&rsquo;a\u00e9roport pr\u00e9sidentiel, le chef du gouvernement de l&rsquo;Union nationale libyen, Abdelhamid Dabaiba.<\/p>\n<p>\t\t\t\t\t\t\t\t\tAbdelhamid Dabaiba effectue une visite de travail de deux jours en Tunisie, accompagn\u00e9 d&rsquo;une d\u00e9l\u00e9gation minist\u00e9rielle de haut niveau, selon communiqu\u00e9 de la Pr\u00e9sidence du gouvernement.<\/p>\n<p>Au cours de sa visite, Abdelhamid Dabaiba doit s\u2019entretenir avec Najla Bouden pour se pencher sur les domaines de coop\u00e9ration.<\/p>\n<p>Rappelons qu\u2019Abdelhamid Dabaiba, effectuera une visite officielle en Tunisie sur invitation du pr\u00e9sident de la R\u00e9publique, Kais Saied.<\/p>\n<p>Dabaiba est notamment accompagn\u00e9 du gouverneur de la Banque centrale de Libye, des directeurs de la National Oil Corporation et de l\u2019Office d&rsquo;audit, ainsi que\u00a0 nombre de ministres.<\/p>\n","protected":false},"excerpt":{"rendered":"<p>La Cheffe du gouvernement, Nejla Bouden, a accueilli, ce mercredi 30 novembre 2022, \u00e0 l&rsquo;a\u00e9roport pr\u00e9sidentiel, le chef du gouvernement de l&rsquo;Union nationale liby&#8230;<\/p>\n","protected":false},"author":3162,"featured_media":253074,"comment_status":"open","ping_status":"closed","sticky":false,"template":"","format":"standard","meta":{"footnotes":""},"categories":[44],"tags":[8985,3279,8865,2608],"class_list":["post-199596","post","type-post","status-publish","format-standard","has-post-thumbnail","hentry","category-national","tag-abdelhamid-dabaiba","tag-libye","tag-nejla-bouden","tag-tunisie"],"yoast_head":"<!-- This site is optimized with the Yoast SEO Premium plugin v27.5 (Yoast SEO v27.5) - https:\/\/yoast.com\/product\/yoast-seo-premium-wordpress\/ -->\n<title>Tunisie : Abdelhamid Dabaiba accueilli par Nejla Bouden<\/title>\n<meta name=\"description\" content=\"La Cheffe du gouvernement, Nejla Bouden, a accueilli, ce mercredi 30 novembre 2022, \u00e0 l&#039;a\u00e9roport pr\u00e9sidentiel, le chef du gouvernement de l&#039;Union nationale liby...\" \/>\n<link rel=\"canonical\" href=\"https:\/\/www.webdo.tn\/fr\/actualite\/national\/tunisie-abdelhamid-dabaiba-accueilli-par-nejla-bouden\/199596\/\" \/>\n<meta property=\"og:locale\" content=\"fr_FR\" \/>\n<meta property=\"og:type\" content=\"article\" \/>\n<meta property=\"og:title\" content=\"Tunisie : Abdelhamid Dabaiba accueilli par Nejla Bouden\" \/>\n<meta property=\"og:description\" content=\"La Cheffe du gouvernement, Nejla Bouden, a accueilli, ce mercredi 30 novembre 2022, \u00e0 l&#039;a\u00e9roport pr\u00e9sidentiel, le chef du gouvernement de l&#039;Union nationale liby...\" \/>\n<meta property=\"og:url\" content=\"https:\/\/www.webdo.tn\/fr\/actualite\/national\/tunisie-abdelhamid-dabaiba-accueilli-par-nejla-bouden\/199596\/\" \/>\n<meta property=\"og:site_name\" content=\"webdo\" \/>\n<meta property=\"article:publisher\" content=\"https:\/\/www.facebook.com\/webdotn\" \/>\n<meta property=\"article:published_time\" content=\"2022-11-30T14:20:00+00:00\" \/>\n<meta property=\"article:modified_time\" content=\"2025-05-20T22:04:28+00:00\" \/>\n<meta property=\"og:image\" content=\"https:\/\/www.webdo.tn\/fr\/wp-content\/uploads\/2022\/11\/54212c0871de28d1a974979c38dbafc3.jpg\" \/>\n\t<meta property=\"og:image:width\" content=\"750\" \/>\n\t<meta property=\"og:image:height\" content=\"400\" \/>\n\t<meta property=\"og:image:type\" content=\"image\/jpeg\" \/>\n<meta name=\"author\" content=\"MC\" \/>\n<meta name=\"twitter:card\" content=\"summary_large_image\" \/>\n<meta name=\"twitter:creator\" content=\"@webdo_tn\" \/>\n<meta name=\"twitter:site\" content=\"@webdo_tn\" \/>\n<meta name=\"twitter:label1\" content=\"\u00c9crit par\" \/>\n\t<meta name=\"twitter:data1\" content=\"MC\" \/>\n\t<meta name=\"twitter:label2\" content=\"Dur\u00e9e de lecture estim\u00e9e\" \/>\n\t<meta name=\"twitter:data2\" content=\"1 minute\" \/>\n<script type=\"application\/ld+json\" class=\"yoast-schema-graph\">{\"@context\":\"https:\\\/\\\/schema.org\",\"@graph\":[{\"@type\":\"NewsArticle\",\"@id\":\"https:\\\/\\\/www.webdo.tn\\\/fr\\\/actualite\\\/national\\\/tunisie-abdelhamid-dabaiba-accueilli-par-nejla-bouden\\\/199596\\\/#article\",\"isPartOf\":{\"@id\":\"https:\\\/\\\/www.webdo.tn\\\/fr\\\/actualite\\\/national\\\/tunisie-abdelhamid-dabaiba-accueilli-par-nejla-bouden\\\/199596\\\/\"},\"author\":{\"name\":\"MC\",\"@id\":\"https:\\\/\\\/www.webdo.tn\\\/fr\\\/#\\\/schema\\\/person\\\/2c4929cbf5a809e3bd38617c6ce150f6\"},\"headline\":\"Tunisie : Abdelhamid Dabaiba accueilli par Nejla Bouden\",\"datePublished\":\"2022-11-30T14:20:00+00:00\",\"dateModified\":\"2025-05-20T22:04:28+00:00\",\"mainEntityOfPage\":{\"@id\":\"https:\\\/\\\/www.webdo.tn\\\/fr\\\/actualite\\\/national\\\/tunisie-abdelhamid-dabaiba-accueilli-par-nejla-bouden\\\/199596\\\/\"},\"wordCount\":138,\"commentCount\":0,\"publisher\":{\"@id\":\"https:\\\/\\\/www.webdo.tn\\\/fr\\\/#organization\"},\"image\":{\"@id\":\"https:\\\/\\\/www.webdo.tn\\\/fr\\\/actualite\\\/national\\\/tunisie-abdelhamid-dabaiba-accueilli-par-nejla-bouden\\\/199596\\\/#primaryimage\"},\"thumbnailUrl\":\"https:\\\/\\\/www.webdo.tn\\\/fr\\\/wp-content\\\/uploads\\\/2022\\\/11\\\/54212c0871de28d1a974979c38dbafc3.jpg\",\"keywords\":[\"Abdelhamid Dabaiba\",\"Libye\",\"nejla bouden\",\"Tunisie\"],\"articleSection\":[\"National\"],\"inLanguage\":\"fr-FR\"},{\"@type\":\"WebPage\",\"@id\":\"https:\\\/\\\/www.webdo.tn\\\/fr\\\/actualite\\\/national\\\/tunisie-abdelhamid-dabaiba-accueilli-par-nejla-bouden\\\/199596\\\/\",\"url\":\"https:\\\/\\\/www.webdo.tn\\\/fr\\\/actualite\\\/national\\\/tunisie-abdelhamid-dabaiba-accueilli-par-nejla-bouden\\\/199596\\\/\",\"name\":\"Tunisie : Abdelhamid Dabaiba accueilli par Nejla Bouden\",\"isPartOf\":{\"@id\":\"https:\\\/\\\/www.webdo.tn\\\/fr\\\/#website\"},\"primaryImageOfPage\":{\"@id\":\"https:\\\/\\\/www.webdo.tn\\\/fr\\\/actualite\\\/national\\\/tunisie-abdelhamid-dabaiba-accueilli-par-nejla-bouden\\\/199596\\\/#primaryimage\"},\"image\":{\"@id\":\"https:\\\/\\\/www.webdo.tn\\\/fr\\\/actualite\\\/national\\\/tunisie-abdelhamid-dabaiba-accueilli-par-nejla-bouden\\\/199596\\\/#primaryimage\"},\"thumbnailUrl\":\"https:\\\/\\\/www.webdo.tn\\\/fr\\\/wp-content\\\/uploads\\\/2022\\\/11\\\/54212c0871de28d1a974979c38dbafc3.jpg\",\"datePublished\":\"2022-11-30T14:20:00+00:00\",\"dateModified\":\"2025-05-20T22:04:28+00:00\",\"description\":\"La Cheffe du gouvernement, Nejla Bouden, a accueilli, ce mercredi 30 novembre 2022, \u00e0 l'a\u00e9roport pr\u00e9sidentiel, le chef du gouvernement de l'Union nationale liby...\",\"breadcrumb\":{\"@id\":\"https:\\\/\\\/www.webdo.tn\\\/fr\\\/actualite\\\/national\\\/tunisie-abdelhamid-dabaiba-accueilli-par-nejla-bouden\\\/199596\\\/#breadcrumb\"},\"inLanguage\":\"fr-FR\",\"potentialAction\":[{\"@type\":\"ReadAction\",\"target\":[\"https:\\\/\\\/www.webdo.tn\\\/fr\\\/actualite\\\/national\\\/tunisie-abdelhamid-dabaiba-accueilli-par-nejla-bouden\\\/199596\\\/\"]}]},{\"@type\":\"ImageObject\",\"inLanguage\":\"fr-FR\",\"@id\":\"https:\\\/\\\/www.webdo.tn\\\/fr\\\/actualite\\\/national\\\/tunisie-abdelhamid-dabaiba-accueilli-par-nejla-bouden\\\/199596\\\/#primaryimage\",\"url\":\"https:\\\/\\\/www.webdo.tn\\\/fr\\\/wp-content\\\/uploads\\\/2022\\\/11\\\/54212c0871de28d1a974979c38dbafc3.jpg\",\"contentUrl\":\"https:\\\/\\\/www.webdo.tn\\\/fr\\\/wp-content\\\/uploads\\\/2022\\\/11\\\/54212c0871de28d1a974979c38dbafc3.jpg\",\"width\":750,\"height\":400,\"caption\":\"Tunisie : Abdelhamid Dabaiba accueilli par Nejla Bouden\"},{\"@type\":\"BreadcrumbList\",\"@id\":\"https:\\\/\\\/www.webdo.tn\\\/fr\\\/actualite\\\/national\\\/tunisie-abdelhamid-dabaiba-accueilli-par-nejla-bouden\\\/199596\\\/#breadcrumb\",\"itemListElement\":[{\"@type\":\"ListItem\",\"position\":1,\"name\":\"Accueil\",\"item\":\"https:\\\/\\\/www.webdo.tn\\\/fr\\\/\"},{\"@type\":\"ListItem\",\"position\":2,\"name\":\"Tunisie : Abdelhamid Dabaiba accueilli par Nejla Bouden\"}]},{\"@type\":\"WebSite\",\"@id\":\"https:\\\/\\\/www.webdo.tn\\\/fr\\\/#website\",\"url\":\"https:\\\/\\\/www.webdo.tn\\\/fr\\\/\",\"name\":\"webdo\",\"description\":\"Tunisie - News en Tunisie et \u00e0 l&#039;international sur Webdo.tn\",\"publisher\":{\"@id\":\"https:\\\/\\\/www.webdo.tn\\\/fr\\\/#organization\"},\"potentialAction\":[{\"@type\":\"SearchAction\",\"target\":{\"@type\":\"EntryPoint\",\"urlTemplate\":\"https:\\\/\\\/www.webdo.tn\\\/fr\\\/?s={search_term_string}\"},\"query-input\":{\"@type\":\"PropertyValueSpecification\",\"valueRequired\":true,\"valueName\":\"search_term_string\"}}],\"inLanguage\":\"fr-FR\"},{\"@type\":\"Organization\",\"@id\":\"https:\\\/\\\/www.webdo.tn\\\/fr\\\/#organization\",\"name\":\"Webdo\",\"alternateName\":\"Webdo.tn\",\"url\":\"https:\\\/\\\/www.webdo.tn\\\/fr\\\/\",\"logo\":{\"@type\":\"ImageObject\",\"inLanguage\":\"fr-FR\",\"@id\":\"https:\\\/\\\/www.webdo.tn\\\/fr\\\/#\\\/schema\\\/logo\\\/image\\\/\",\"url\":\"https:\\\/\\\/www.webdo.tn\\\/fr\\\/wp-content\\\/uploads\\\/2025\\\/06\\\/Webdo-Tunisie_168377.jpg\",\"contentUrl\":\"https:\\\/\\\/www.webdo.tn\\\/fr\\\/wp-content\\\/uploads\\\/2025\\\/06\\\/Webdo-Tunisie_168377.jpg\",\"width\":301,\"height\":301,\"caption\":\"Webdo\"},\"image\":{\"@id\":\"https:\\\/\\\/www.webdo.tn\\\/fr\\\/#\\\/schema\\\/logo\\\/image\\\/\"},\"sameAs\":[\"https:\\\/\\\/www.facebook.com\\\/webdotn\",\"https:\\\/\\\/x.com\\\/webdo_tn\"],\"description\":\"Webdo est un m\u00e9dia num\u00e9rique tunisien fond\u00e9 en 2010, sp\u00e9cialis\u00e9 dans l\u2019actualit\u00e9 nationale et internationale, l\u2019\u00e9conomie, la soci\u00e9t\u00e9 et les analyses politiques. Le site s\u2019adresse \u00e0 un large public francophone et couvre l\u2019information tunisienne en temps r\u00e9el.\",\"email\":\"redac@webdo.tn\",\"legalName\":\"YNJ SARL\",\"foundingDate\":\"2010-09-06\",\"numberOfEmployees\":{\"@type\":\"QuantitativeValue\",\"minValue\":\"11\",\"maxValue\":\"50\"}},{\"@type\":\"Person\",\"@id\":\"https:\\\/\\\/www.webdo.tn\\\/fr\\\/#\\\/schema\\\/person\\\/2c4929cbf5a809e3bd38617c6ce150f6\",\"name\":\"MC\",\"image\":{\"@type\":\"ImageObject\",\"inLanguage\":\"fr-FR\",\"@id\":\"https:\\\/\\\/secure.gravatar.com\\\/avatar\\\/a545bbb6f84efdd5553dbbc2895e3ca8f1d12c5215e00a041c9670b54aa9b18a?s=96&d=mm&r=g\",\"url\":\"https:\\\/\\\/secure.gravatar.com\\\/avatar\\\/a545bbb6f84efdd5553dbbc2895e3ca8f1d12c5215e00a041c9670b54aa9b18a?s=96&d=mm&r=g\",\"contentUrl\":\"https:\\\/\\\/secure.gravatar.com\\\/avatar\\\/a545bbb6f84efdd5553dbbc2895e3ca8f1d12c5215e00a041c9670b54aa9b18a?s=96&d=mm&r=g\",\"caption\":\"MC\"},\"url\":\"https:\\\/\\\/www.webdo.tn\\\/fr\\\/actualite\\\/author\\\/mc\\\/\"}]}<\/script>\n<!-- \/ Yoast SEO Premium plugin. -->","yoast_head_json":{"title":"Tunisie : Abdelhamid Dabaiba accueilli par Nejla Bouden","description":"La Cheffe du gouvernement, Nejla Bouden, a accueilli, ce mercredi 30 novembre 2022, \u00e0 l'a\u00e9roport pr\u00e9sidentiel, le chef du gouvernement de l'Union nationale liby...","canonical":"https:\/\/www.webdo.tn\/fr\/actualite\/national\/tunisie-abdelhamid-dabaiba-accueilli-par-nejla-bouden\/199596\/","og_locale":"fr_FR","og_type":"article","og_title":"Tunisie : Abdelhamid Dabaiba accueilli par Nejla Bouden","og_description":"La Cheffe du gouvernement, Nejla Bouden, a accueilli, ce mercredi 30 novembre 2022, \u00e0 l'a\u00e9roport pr\u00e9sidentiel, le chef du gouvernement de l'Union nationale liby...","og_url":"https:\/\/www.webdo.tn\/fr\/actualite\/national\/tunisie-abdelhamid-dabaiba-accueilli-par-nejla-bouden\/199596\/","og_site_name":"webdo","article_publisher":"https:\/\/www.facebook.com\/webdotn","article_published_time":"2022-11-30T14:20:00+00:00","article_modified_time":"2025-05-20T22:04:28+00:00","og_image":[{"width":750,"height":400,"url":"https:\/\/www.webdo.tn\/fr\/wp-content\/uploads\/2022\/11\/54212c0871de28d1a974979c38dbafc3.jpg","type":"image\/jpeg"}],"author":"MC","twitter_card":"summary_large_image","twitter_creator":"@webdo_tn","twitter_site":"@webdo_tn","twitter_misc":{"\u00c9crit par":"MC","Dur\u00e9e de lecture estim\u00e9e":"1 minute"},"schema":{"@context":"https:\/\/schema.org","@graph":[{"@type":"NewsArticle","@id":"https:\/\/www.webdo.tn\/fr\/actualite\/national\/tunisie-abdelhamid-dabaiba-accueilli-par-nejla-bouden\/199596\/#article","isPartOf":{"@id":"https:\/\/www.webdo.tn\/fr\/actualite\/national\/tunisie-abdelhamid-dabaiba-accueilli-par-nejla-bouden\/199596\/"},"author":{"name":"MC","@id":"https:\/\/www.webdo.tn\/fr\/#\/schema\/person\/2c4929cbf5a809e3bd38617c6ce150f6"},"headline":"Tunisie : Abdelhamid Dabaiba accueilli par Nejla Bouden","datePublished":"2022-11-30T14:20:00+00:00","dateModified":"2025-05-20T22:04:28+00:00","mainEntityOfPage":{"@id":"https:\/\/www.webdo.tn\/fr\/actualite\/national\/tunisie-abdelhamid-dabaiba-accueilli-par-nejla-bouden\/199596\/"},"wordCount":138,"commentCount":0,"publisher":{"@id":"https:\/\/www.webdo.tn\/fr\/#organization"},"image":{"@id":"https:\/\/www.webdo.tn\/fr\/actualite\/national\/tunisie-abdelhamid-dabaiba-accueilli-par-nejla-bouden\/199596\/#primaryimage"},"thumbnailUrl":"https:\/\/www.webdo.tn\/fr\/wp-content\/uploads\/2022\/11\/54212c0871de28d1a974979c38dbafc3.jpg","keywords":["Abdelhamid Dabaiba","Libye","nejla bouden","Tunisie"],"articleSection":["National"],"inLanguage":"fr-FR"},{"@type":"WebPage","@id":"https:\/\/www.webdo.tn\/fr\/actualite\/national\/tunisie-abdelhamid-dabaiba-accueilli-par-nejla-bouden\/199596\/","url":"https:\/\/www.webdo.tn\/fr\/actualite\/national\/tunisie-abdelhamid-dabaiba-accueilli-par-nejla-bouden\/199596\/","name":"Tunisie : Abdelhamid Dabaiba accueilli par Nejla Bouden","isPartOf":{"@id":"https:\/\/www.webdo.tn\/fr\/#website"},"primaryImageOfPage":{"@id":"https:\/\/www.webdo.tn\/fr\/actualite\/national\/tunisie-abdelhamid-dabaiba-accueilli-par-nejla-bouden\/199596\/#primaryimage"},"image":{"@id":"https:\/\/www.webdo.tn\/fr\/actualite\/national\/tunisie-abdelhamid-dabaiba-accueilli-par-nejla-bouden\/199596\/#primaryimage"},"thumbnailUrl":"https:\/\/www.webdo.tn\/fr\/wp-content\/uploads\/2022\/11\/54212c0871de28d1a974979c38dbafc3.jpg","datePublished":"2022-11-30T14:20:00+00:00","dateModified":"2025-05-20T22:04:28+00:00","description":"La Cheffe du gouvernement, Nejla Bouden, a accueilli, ce mercredi 30 novembre 2022, \u00e0 l'a\u00e9roport pr\u00e9sidentiel, le chef du gouvernement de l'Union nationale liby...","breadcrumb":{"@id":"https:\/\/www.webdo.tn\/fr\/actualite\/national\/tunisie-abdelhamid-dabaiba-accueilli-par-nejla-bouden\/199596\/#breadcrumb"},"inLanguage":"fr-FR","potentialAction":[{"@type":"ReadAction","target":["https:\/\/www.webdo.tn\/fr\/actualite\/national\/tunisie-abdelhamid-dabaiba-accueilli-par-nejla-bouden\/199596\/"]}]},{"@type":"ImageObject","inLanguage":"fr-FR","@id":"https:\/\/www.webdo.tn\/fr\/actualite\/national\/tunisie-abdelhamid-dabaiba-accueilli-par-nejla-bouden\/199596\/#primaryimage","url":"https:\/\/www.webdo.tn\/fr\/wp-content\/uploads\/2022\/11\/54212c0871de28d1a974979c38dbafc3.jpg","contentUrl":"https:\/\/www.webdo.tn\/fr\/wp-content\/uploads\/2022\/11\/54212c0871de28d1a974979c38dbafc3.jpg","width":750,"height":400,"caption":"Tunisie : Abdelhamid Dabaiba accueilli par Nejla Bouden"},{"@type":"BreadcrumbList","@id":"https:\/\/www.webdo.tn\/fr\/actualite\/national\/tunisie-abdelhamid-dabaiba-accueilli-par-nejla-bouden\/199596\/#breadcrumb","itemListElement":[{"@type":"ListItem","position":1,"name":"Accueil","item":"https:\/\/www.webdo.tn\/fr\/"},{"@type":"ListItem","position":2,"name":"Tunisie : Abdelhamid Dabaiba accueilli par Nejla Bouden"}]},{"@type":"WebSite","@id":"https:\/\/www.webdo.tn\/fr\/#website","url":"https:\/\/www.webdo.tn\/fr\/","name":"webdo","description":"Tunisie - News en Tunisie et \u00e0 l&#039;international sur Webdo.tn","publisher":{"@id":"https:\/\/www.webdo.tn\/fr\/#organization"},"potentialAction":[{"@type":"SearchAction","target":{"@type":"EntryPoint","urlTemplate":"https:\/\/www.webdo.tn\/fr\/?s={search_term_string}"},"query-input":{"@type":"PropertyValueSpecification","valueRequired":true,"valueName":"search_term_string"}}],"inLanguage":"fr-FR"},{"@type":"Organization","@id":"https:\/\/www.webdo.tn\/fr\/#organization","name":"Webdo","alternateName":"Webdo.tn","url":"https:\/\/www.webdo.tn\/fr\/","logo":{"@type":"ImageObject","inLanguage":"fr-FR","@id":"https:\/\/www.webdo.tn\/fr\/#\/schema\/logo\/image\/","url":"https:\/\/www.webdo.tn\/fr\/wp-content\/uploads\/2025\/06\/Webdo-Tunisie_168377.jpg","contentUrl":"https:\/\/www.webdo.tn\/fr\/wp-content\/uploads\/2025\/06\/Webdo-Tunisie_168377.jpg","width":301,"height":301,"caption":"Webdo"},"image":{"@id":"https:\/\/www.webdo.tn\/fr\/#\/schema\/logo\/image\/"},"sameAs":["https:\/\/www.facebook.com\/webdotn","https:\/\/x.com\/webdo_tn"],"description":"Webdo est un m\u00e9dia num\u00e9rique tunisien fond\u00e9 en 2010, sp\u00e9cialis\u00e9 dans l\u2019actualit\u00e9 nationale et internationale, l\u2019\u00e9conomie, la soci\u00e9t\u00e9 et les analyses politiques. Le site s\u2019adresse \u00e0 un large public francophone et couvre l\u2019information tunisienne en temps r\u00e9el.","email":"redac@webdo.tn","legalName":"YNJ SARL","foundingDate":"2010-09-06","numberOfEmployees":{"@type":"QuantitativeValue","minValue":"11","maxValue":"50"}},{"@type":"Person","@id":"https:\/\/www.webdo.tn\/fr\/#\/schema\/person\/2c4929cbf5a809e3bd38617c6ce150f6","name":"MC","image":{"@type":"ImageObject","inLanguage":"fr-FR","@id":"https:\/\/secure.gravatar.com\/avatar\/a545bbb6f84efdd5553dbbc2895e3ca8f1d12c5215e00a041c9670b54aa9b18a?s=96&d=mm&r=g","url":"https:\/\/secure.gravatar.com\/avatar\/a545bbb6f84efdd5553dbbc2895e3ca8f1d12c5215e00a041c9670b54aa9b18a?s=96&d=mm&r=g","contentUrl":"https:\/\/secure.gravatar.com\/avatar\/a545bbb6f84efdd5553dbbc2895e3ca8f1d12c5215e00a041c9670b54aa9b18a?s=96&d=mm&r=g","caption":"MC"},"url":"https:\/\/www.webdo.tn\/fr\/actualite\/author\/mc\/"}]}},"_links":{"self":[{"href":"https:\/\/www.webdo.tn\/fr\/wp-json\/wp\/v2\/posts\/199596","targetHints":{"allow":["GET"]}}],"collection":[{"href":"https:\/\/www.webdo.tn\/fr\/wp-json\/wp\/v2\/posts"}],"about":[{"href":"https:\/\/www.webdo.tn\/fr\/wp-json\/wp\/v2\/types\/post"}],"author":[{"embeddable":true,"href":"https:\/\/www.webdo.tn\/fr\/wp-json\/wp\/v2\/users\/3162"}],"replies":[{"embeddable":true,"href":"https:\/\/www.webdo.tn\/fr\/wp-json\/wp\/v2\/comments?post=199596"}],"version-history":[{"count":0,"href":"https:\/\/www.webdo.tn\/fr\/wp-json\/wp\/v2\/posts\/199596\/revisions"}],"wp:featuredmedia":[{"embeddable":true,"href":"https:\/\/www.webdo.tn\/fr\/wp-json\/wp\/v2\/media\/253074"}],"wp:attachment":[{"href":"https:\/\/www.webdo.tn\/fr\/wp-json\/wp\/v2\/media?parent=199596"}],"wp:term":[{"taxonomy":"category","embeddable":true,"href":"https:\/\/www.webdo.tn\/fr\/wp-json\/wp\/v2\/categories?post=199596"},{"taxonomy":"post_tag","embeddable":true,"href":"https:\/\/www.webdo.tn\/fr\/wp-json\/wp\/v2\/tags?post=199596"}],"curies":[{"name":"wp","href":"https:\/\/api.w.org\/{rel}","templated":true}]}}