{"id":199592,"date":"2022-11-30T13:43:00","date_gmt":"2022-11-30T13:43:00","guid":{"rendered":"https:\/\/www.webdo.tn\/fr\/blog\/esperance-sportive-de-tunis-ag-extraordinaire-le-23-decembre\/199592\/"},"modified":"2025-05-20T23:01:26","modified_gmt":"2025-05-20T23:01:26","slug":"esperance-sportive-de-tunis-ag-extraordinaire-le-23-decembre","status":"publish","type":"post","link":"https:\/\/www.webdo.tn\/fr\/actualite\/sport\/esperance-sportive-de-tunis-ag-extraordinaire-le-23-decembre\/199592\/","title":{"rendered":"Esp\u00e9rance ST : AG extraordinaire le 23 d\u00e9cembre"},"content":{"rendered":"<p>L&rsquo;Esp\u00e9rance Sportive de Tunis a indiqu\u00e9 tenir son Assembl\u00e9e G\u00e9n\u00e9rale extraordinaire le 23 d\u00e9cembre prochain, \u00e0 partir de 18h30.<\/p>\n<p>\t\t\t\t\t\t\t\t\tCette AG sera consacr\u00e9e \u00e0 l&rsquo;amendement des statuts du club, a pr\u00e9cis\u00e9 le club dans un communiqu\u00e9.<\/p>\n<p>Le club a fait savoir que seuls les adh\u00e9rents de la saison 2021-2022 pourront assister \u00e0 cette Assembl\u00e9e g\u00e9n\u00e9rale et que ses travaux se tiendront une heure plus tard, avec le m\u00eame ordre du jour, en cas de quorum non atteint \u00e0 l&rsquo;heure fix\u00e9e.<\/p>\n","protected":false},"excerpt":{"rendered":"<p>L&rsquo;Esp\u00e9rance Sportive de Tunis a indiqu\u00e9 tenir son Assembl\u00e9e G\u00e9n\u00e9rale extraordinaire le 23 d\u00e9cembre prochain, \u00e0 partir de 18h30.<\/p>\n","protected":false},"author":3196,"featured_media":253068,"comment_status":"open","ping_status":"closed","sticky":false,"template":"","format":"standard","meta":{"footnotes":""},"categories":[2593],"tags":[4382,5122],"class_list":["post-199592","post","type-post","status-publish","format-standard","has-post-thumbnail","hentry","category-sport","tag-assemblee-generale","tag-esperance-sportive-de-tunis"],"yoast_head":"<!-- This site is optimized with the Yoast SEO Premium plugin v27.4 (Yoast SEO v27.5) - https:\/\/yoast.com\/product\/yoast-seo-premium-wordpress\/ -->\n<title>Esp\u00e9rance ST : AG extraordinaire le 23 d\u00e9cembre<\/title>\n<meta name=\"description\" content=\"L&#039;Esp\u00e9rance Sportive de Tunis a indiqu\u00e9 tenir son Assembl\u00e9e G\u00e9n\u00e9rale extraordinaire le 23 d\u00e9cembre prochain, \u00e0 partir de 18h30.\" \/>\n<link rel=\"canonical\" href=\"https:\/\/www.webdo.tn\/fr\/actualite\/sport\/esperance-sportive-de-tunis-ag-extraordinaire-le-23-decembre\/199592\/\" \/>\n<meta property=\"og:locale\" content=\"fr_FR\" \/>\n<meta property=\"og:type\" content=\"article\" \/>\n<meta property=\"og:title\" content=\"Esp\u00e9rance ST : AG extraordinaire le 23 d\u00e9cembre\" \/>\n<meta property=\"og:description\" content=\"L&#039;Esp\u00e9rance Sportive de Tunis a indiqu\u00e9 tenir son Assembl\u00e9e G\u00e9n\u00e9rale extraordinaire le 23 d\u00e9cembre prochain, \u00e0 partir de 18h30.\" \/>\n<meta property=\"og:url\" content=\"https:\/\/www.webdo.tn\/fr\/actualite\/sport\/esperance-sportive-de-tunis-ag-extraordinaire-le-23-decembre\/199592\/\" \/>\n<meta property=\"og:site_name\" content=\"webdo\" \/>\n<meta property=\"article:publisher\" content=\"https:\/\/www.facebook.com\/webdotn\" \/>\n<meta property=\"article:published_time\" content=\"2022-11-30T13:43:00+00:00\" \/>\n<meta property=\"article:modified_time\" content=\"2025-05-20T23:01:26+00:00\" \/>\n<meta property=\"og:image\" content=\"https:\/\/www.webdo.tn\/fr\/wp-content\/uploads\/2022\/11\/48b3f0512edea1e178b8faefd25a3427.jpg\" \/>\n\t<meta property=\"og:image:width\" content=\"750\" \/>\n\t<meta property=\"og:image:height\" content=\"400\" \/>\n\t<meta property=\"og:image:type\" content=\"image\/jpeg\" \/>\n<meta name=\"author\" content=\"MK\" \/>\n<meta name=\"twitter:card\" content=\"summary_large_image\" \/>\n<meta name=\"twitter:creator\" content=\"@webdo_tn\" \/>\n<meta name=\"twitter:site\" content=\"@webdo_tn\" \/>\n<meta name=\"twitter:label1\" content=\"\u00c9crit par\" \/>\n\t<meta name=\"twitter:data1\" content=\"MK\" \/>\n<script type=\"application\/ld+json\" class=\"yoast-schema-graph\">{\"@context\":\"https:\\\/\\\/schema.org\",\"@graph\":[{\"@type\":\"NewsArticle\",\"@id\":\"https:\\\/\\\/www.webdo.tn\\\/fr\\\/actualite\\\/sport\\\/esperance-sportive-de-tunis-ag-extraordinaire-le-23-decembre\\\/199592\\\/#article\",\"isPartOf\":{\"@id\":\"https:\\\/\\\/www.webdo.tn\\\/fr\\\/actualite\\\/sport\\\/esperance-sportive-de-tunis-ag-extraordinaire-le-23-decembre\\\/199592\\\/\"},\"author\":{\"name\":\"MK\",\"@id\":\"https:\\\/\\\/www.webdo.tn\\\/fr\\\/#\\\/schema\\\/person\\\/c3a9d32fa6d495ca5f4b6510e3db97bf\"},\"headline\":\"Esp\u00e9rance ST : AG extraordinaire le 23 d\u00e9cembre\",\"datePublished\":\"2022-11-30T13:43:00+00:00\",\"dateModified\":\"2025-05-20T23:01:26+00:00\",\"mainEntityOfPage\":{\"@id\":\"https:\\\/\\\/www.webdo.tn\\\/fr\\\/actualite\\\/sport\\\/esperance-sportive-de-tunis-ag-extraordinaire-le-23-decembre\\\/199592\\\/\"},\"wordCount\":99,\"commentCount\":0,\"publisher\":{\"@id\":\"https:\\\/\\\/www.webdo.tn\\\/fr\\\/#organization\"},\"image\":{\"@id\":\"https:\\\/\\\/www.webdo.tn\\\/fr\\\/actualite\\\/sport\\\/esperance-sportive-de-tunis-ag-extraordinaire-le-23-decembre\\\/199592\\\/#primaryimage\"},\"thumbnailUrl\":\"https:\\\/\\\/www.webdo.tn\\\/fr\\\/wp-content\\\/uploads\\\/2022\\\/11\\\/48b3f0512edea1e178b8faefd25a3427.jpg\",\"keywords\":[\"Assembl\u00e9e g\u00e9n\u00e9rale\",\"Esp\u00e9rance Sportive de Tunis\"],\"articleSection\":[\"Sport\"],\"inLanguage\":\"fr-FR\"},{\"@type\":\"WebPage\",\"@id\":\"https:\\\/\\\/www.webdo.tn\\\/fr\\\/actualite\\\/sport\\\/esperance-sportive-de-tunis-ag-extraordinaire-le-23-decembre\\\/199592\\\/\",\"url\":\"https:\\\/\\\/www.webdo.tn\\\/fr\\\/actualite\\\/sport\\\/esperance-sportive-de-tunis-ag-extraordinaire-le-23-decembre\\\/199592\\\/\",\"name\":\"Esp\u00e9rance ST : AG extraordinaire le 23 d\u00e9cembre\",\"isPartOf\":{\"@id\":\"https:\\\/\\\/www.webdo.tn\\\/fr\\\/#website\"},\"primaryImageOfPage\":{\"@id\":\"https:\\\/\\\/www.webdo.tn\\\/fr\\\/actualite\\\/sport\\\/esperance-sportive-de-tunis-ag-extraordinaire-le-23-decembre\\\/199592\\\/#primaryimage\"},\"image\":{\"@id\":\"https:\\\/\\\/www.webdo.tn\\\/fr\\\/actualite\\\/sport\\\/esperance-sportive-de-tunis-ag-extraordinaire-le-23-decembre\\\/199592\\\/#primaryimage\"},\"thumbnailUrl\":\"https:\\\/\\\/www.webdo.tn\\\/fr\\\/wp-content\\\/uploads\\\/2022\\\/11\\\/48b3f0512edea1e178b8faefd25a3427.jpg\",\"datePublished\":\"2022-11-30T13:43:00+00:00\",\"dateModified\":\"2025-05-20T23:01:26+00:00\",\"description\":\"L'Esp\u00e9rance Sportive de Tunis a indiqu\u00e9 tenir son Assembl\u00e9e G\u00e9n\u00e9rale extraordinaire le 23 d\u00e9cembre prochain, \u00e0 partir de 18h30.\",\"breadcrumb\":{\"@id\":\"https:\\\/\\\/www.webdo.tn\\\/fr\\\/actualite\\\/sport\\\/esperance-sportive-de-tunis-ag-extraordinaire-le-23-decembre\\\/199592\\\/#breadcrumb\"},\"inLanguage\":\"fr-FR\",\"potentialAction\":[{\"@type\":\"ReadAction\",\"target\":[\"https:\\\/\\\/www.webdo.tn\\\/fr\\\/actualite\\\/sport\\\/esperance-sportive-de-tunis-ag-extraordinaire-le-23-decembre\\\/199592\\\/\"]}]},{\"@type\":\"ImageObject\",\"inLanguage\":\"fr-FR\",\"@id\":\"https:\\\/\\\/www.webdo.tn\\\/fr\\\/actualite\\\/sport\\\/esperance-sportive-de-tunis-ag-extraordinaire-le-23-decembre\\\/199592\\\/#primaryimage\",\"url\":\"https:\\\/\\\/www.webdo.tn\\\/fr\\\/wp-content\\\/uploads\\\/2022\\\/11\\\/48b3f0512edea1e178b8faefd25a3427.jpg\",\"contentUrl\":\"https:\\\/\\\/www.webdo.tn\\\/fr\\\/wp-content\\\/uploads\\\/2022\\\/11\\\/48b3f0512edea1e178b8faefd25a3427.jpg\",\"width\":750,\"height\":400,\"caption\":\"Esp\u00e9rance Sportive de Tunis\"},{\"@type\":\"BreadcrumbList\",\"@id\":\"https:\\\/\\\/www.webdo.tn\\\/fr\\\/actualite\\\/sport\\\/esperance-sportive-de-tunis-ag-extraordinaire-le-23-decembre\\\/199592\\\/#breadcrumb\",\"itemListElement\":[{\"@type\":\"ListItem\",\"position\":1,\"name\":\"Accueil\",\"item\":\"https:\\\/\\\/www.webdo.tn\\\/fr\\\/\"},{\"@type\":\"ListItem\",\"position\":2,\"name\":\"Esp\u00e9rance ST : AG extraordinaire le 23 d\u00e9cembre\"}]},{\"@type\":\"WebSite\",\"@id\":\"https:\\\/\\\/www.webdo.tn\\\/fr\\\/#website\",\"url\":\"https:\\\/\\\/www.webdo.tn\\\/fr\\\/\",\"name\":\"webdo\",\"description\":\"Tunisie - News en Tunisie et \u00e0 l&#039;international sur Webdo.tn\",\"publisher\":{\"@id\":\"https:\\\/\\\/www.webdo.tn\\\/fr\\\/#organization\"},\"potentialAction\":[{\"@type\":\"SearchAction\",\"target\":{\"@type\":\"EntryPoint\",\"urlTemplate\":\"https:\\\/\\\/www.webdo.tn\\\/fr\\\/?s={search_term_string}\"},\"query-input\":{\"@type\":\"PropertyValueSpecification\",\"valueRequired\":true,\"valueName\":\"search_term_string\"}}],\"inLanguage\":\"fr-FR\"},{\"@type\":\"Organization\",\"@id\":\"https:\\\/\\\/www.webdo.tn\\\/fr\\\/#organization\",\"name\":\"Webdo\",\"alternateName\":\"Webdo.tn\",\"url\":\"https:\\\/\\\/www.webdo.tn\\\/fr\\\/\",\"logo\":{\"@type\":\"ImageObject\",\"inLanguage\":\"fr-FR\",\"@id\":\"https:\\\/\\\/www.webdo.tn\\\/fr\\\/#\\\/schema\\\/logo\\\/image\\\/\",\"url\":\"https:\\\/\\\/www.webdo.tn\\\/fr\\\/wp-content\\\/uploads\\\/2025\\\/06\\\/Webdo-Tunisie_168377.jpg\",\"contentUrl\":\"https:\\\/\\\/www.webdo.tn\\\/fr\\\/wp-content\\\/uploads\\\/2025\\\/06\\\/Webdo-Tunisie_168377.jpg\",\"width\":301,\"height\":301,\"caption\":\"Webdo\"},\"image\":{\"@id\":\"https:\\\/\\\/www.webdo.tn\\\/fr\\\/#\\\/schema\\\/logo\\\/image\\\/\"},\"sameAs\":[\"https:\\\/\\\/www.facebook.com\\\/webdotn\",\"https:\\\/\\\/x.com\\\/webdo_tn\"],\"description\":\"Webdo est un m\u00e9dia num\u00e9rique tunisien fond\u00e9 en 2010, sp\u00e9cialis\u00e9 dans l\u2019actualit\u00e9 nationale et internationale, l\u2019\u00e9conomie, la soci\u00e9t\u00e9 et les analyses politiques. Le site s\u2019adresse \u00e0 un large public francophone et couvre l\u2019information tunisienne en temps r\u00e9el.\",\"email\":\"redac@webdo.tn\",\"legalName\":\"YNJ SARL\",\"foundingDate\":\"2010-09-06\",\"numberOfEmployees\":{\"@type\":\"QuantitativeValue\",\"minValue\":\"11\",\"maxValue\":\"50\"}},{\"@type\":\"Person\",\"@id\":\"https:\\\/\\\/www.webdo.tn\\\/fr\\\/#\\\/schema\\\/person\\\/c3a9d32fa6d495ca5f4b6510e3db97bf\",\"name\":\"MK\",\"image\":{\"@type\":\"ImageObject\",\"inLanguage\":\"fr-FR\",\"@id\":\"https:\\\/\\\/secure.gravatar.com\\\/avatar\\\/6d44f937f19929f3b75db77056d3e08abd6e302e71bcfea340cd8b00c13e7baf?s=96&d=mm&r=g\",\"url\":\"https:\\\/\\\/secure.gravatar.com\\\/avatar\\\/6d44f937f19929f3b75db77056d3e08abd6e302e71bcfea340cd8b00c13e7baf?s=96&d=mm&r=g\",\"contentUrl\":\"https:\\\/\\\/secure.gravatar.com\\\/avatar\\\/6d44f937f19929f3b75db77056d3e08abd6e302e71bcfea340cd8b00c13e7baf?s=96&d=mm&r=g\",\"caption\":\"MK\"},\"url\":\"https:\\\/\\\/www.webdo.tn\\\/fr\\\/actualite\\\/author\\\/mk\\\/\"}]}<\/script>\n<!-- \/ Yoast SEO Premium plugin. -->","yoast_head_json":{"title":"Esp\u00e9rance ST : AG extraordinaire le 23 d\u00e9cembre","description":"L'Esp\u00e9rance Sportive de Tunis a indiqu\u00e9 tenir son Assembl\u00e9e G\u00e9n\u00e9rale extraordinaire le 23 d\u00e9cembre prochain, \u00e0 partir de 18h30.","canonical":"https:\/\/www.webdo.tn\/fr\/actualite\/sport\/esperance-sportive-de-tunis-ag-extraordinaire-le-23-decembre\/199592\/","og_locale":"fr_FR","og_type":"article","og_title":"Esp\u00e9rance ST : AG extraordinaire le 23 d\u00e9cembre","og_description":"L'Esp\u00e9rance Sportive de Tunis a indiqu\u00e9 tenir son Assembl\u00e9e G\u00e9n\u00e9rale extraordinaire le 23 d\u00e9cembre prochain, \u00e0 partir de 18h30.","og_url":"https:\/\/www.webdo.tn\/fr\/actualite\/sport\/esperance-sportive-de-tunis-ag-extraordinaire-le-23-decembre\/199592\/","og_site_name":"webdo","article_publisher":"https:\/\/www.facebook.com\/webdotn","article_published_time":"2022-11-30T13:43:00+00:00","article_modified_time":"2025-05-20T23:01:26+00:00","og_image":[{"width":750,"height":400,"url":"https:\/\/www.webdo.tn\/fr\/wp-content\/uploads\/2022\/11\/48b3f0512edea1e178b8faefd25a3427.jpg","type":"image\/jpeg"}],"author":"MK","twitter_card":"summary_large_image","twitter_creator":"@webdo_tn","twitter_site":"@webdo_tn","twitter_misc":{"\u00c9crit par":"MK"},"schema":{"@context":"https:\/\/schema.org","@graph":[{"@type":"NewsArticle","@id":"https:\/\/www.webdo.tn\/fr\/actualite\/sport\/esperance-sportive-de-tunis-ag-extraordinaire-le-23-decembre\/199592\/#article","isPartOf":{"@id":"https:\/\/www.webdo.tn\/fr\/actualite\/sport\/esperance-sportive-de-tunis-ag-extraordinaire-le-23-decembre\/199592\/"},"author":{"name":"MK","@id":"https:\/\/www.webdo.tn\/fr\/#\/schema\/person\/c3a9d32fa6d495ca5f4b6510e3db97bf"},"headline":"Esp\u00e9rance ST : AG extraordinaire le 23 d\u00e9cembre","datePublished":"2022-11-30T13:43:00+00:00","dateModified":"2025-05-20T23:01:26+00:00","mainEntityOfPage":{"@id":"https:\/\/www.webdo.tn\/fr\/actualite\/sport\/esperance-sportive-de-tunis-ag-extraordinaire-le-23-decembre\/199592\/"},"wordCount":99,"commentCount":0,"publisher":{"@id":"https:\/\/www.webdo.tn\/fr\/#organization"},"image":{"@id":"https:\/\/www.webdo.tn\/fr\/actualite\/sport\/esperance-sportive-de-tunis-ag-extraordinaire-le-23-decembre\/199592\/#primaryimage"},"thumbnailUrl":"https:\/\/www.webdo.tn\/fr\/wp-content\/uploads\/2022\/11\/48b3f0512edea1e178b8faefd25a3427.jpg","keywords":["Assembl\u00e9e g\u00e9n\u00e9rale","Esp\u00e9rance Sportive de Tunis"],"articleSection":["Sport"],"inLanguage":"fr-FR"},{"@type":"WebPage","@id":"https:\/\/www.webdo.tn\/fr\/actualite\/sport\/esperance-sportive-de-tunis-ag-extraordinaire-le-23-decembre\/199592\/","url":"https:\/\/www.webdo.tn\/fr\/actualite\/sport\/esperance-sportive-de-tunis-ag-extraordinaire-le-23-decembre\/199592\/","name":"Esp\u00e9rance ST : AG extraordinaire le 23 d\u00e9cembre","isPartOf":{"@id":"https:\/\/www.webdo.tn\/fr\/#website"},"primaryImageOfPage":{"@id":"https:\/\/www.webdo.tn\/fr\/actualite\/sport\/esperance-sportive-de-tunis-ag-extraordinaire-le-23-decembre\/199592\/#primaryimage"},"image":{"@id":"https:\/\/www.webdo.tn\/fr\/actualite\/sport\/esperance-sportive-de-tunis-ag-extraordinaire-le-23-decembre\/199592\/#primaryimage"},"thumbnailUrl":"https:\/\/www.webdo.tn\/fr\/wp-content\/uploads\/2022\/11\/48b3f0512edea1e178b8faefd25a3427.jpg","datePublished":"2022-11-30T13:43:00+00:00","dateModified":"2025-05-20T23:01:26+00:00","description":"L'Esp\u00e9rance Sportive de Tunis a indiqu\u00e9 tenir son Assembl\u00e9e G\u00e9n\u00e9rale extraordinaire le 23 d\u00e9cembre prochain, \u00e0 partir de 18h30.","breadcrumb":{"@id":"https:\/\/www.webdo.tn\/fr\/actualite\/sport\/esperance-sportive-de-tunis-ag-extraordinaire-le-23-decembre\/199592\/#breadcrumb"},"inLanguage":"fr-FR","potentialAction":[{"@type":"ReadAction","target":["https:\/\/www.webdo.tn\/fr\/actualite\/sport\/esperance-sportive-de-tunis-ag-extraordinaire-le-23-decembre\/199592\/"]}]},{"@type":"ImageObject","inLanguage":"fr-FR","@id":"https:\/\/www.webdo.tn\/fr\/actualite\/sport\/esperance-sportive-de-tunis-ag-extraordinaire-le-23-decembre\/199592\/#primaryimage","url":"https:\/\/www.webdo.tn\/fr\/wp-content\/uploads\/2022\/11\/48b3f0512edea1e178b8faefd25a3427.jpg","contentUrl":"https:\/\/www.webdo.tn\/fr\/wp-content\/uploads\/2022\/11\/48b3f0512edea1e178b8faefd25a3427.jpg","width":750,"height":400,"caption":"Esp\u00e9rance Sportive de Tunis"},{"@type":"BreadcrumbList","@id":"https:\/\/www.webdo.tn\/fr\/actualite\/sport\/esperance-sportive-de-tunis-ag-extraordinaire-le-23-decembre\/199592\/#breadcrumb","itemListElement":[{"@type":"ListItem","position":1,"name":"Accueil","item":"https:\/\/www.webdo.tn\/fr\/"},{"@type":"ListItem","position":2,"name":"Esp\u00e9rance ST : AG extraordinaire le 23 d\u00e9cembre"}]},{"@type":"WebSite","@id":"https:\/\/www.webdo.tn\/fr\/#website","url":"https:\/\/www.webdo.tn\/fr\/","name":"webdo","description":"Tunisie - News en Tunisie et \u00e0 l&#039;international sur Webdo.tn","publisher":{"@id":"https:\/\/www.webdo.tn\/fr\/#organization"},"potentialAction":[{"@type":"SearchAction","target":{"@type":"EntryPoint","urlTemplate":"https:\/\/www.webdo.tn\/fr\/?s={search_term_string}"},"query-input":{"@type":"PropertyValueSpecification","valueRequired":true,"valueName":"search_term_string"}}],"inLanguage":"fr-FR"},{"@type":"Organization","@id":"https:\/\/www.webdo.tn\/fr\/#organization","name":"Webdo","alternateName":"Webdo.tn","url":"https:\/\/www.webdo.tn\/fr\/","logo":{"@type":"ImageObject","inLanguage":"fr-FR","@id":"https:\/\/www.webdo.tn\/fr\/#\/schema\/logo\/image\/","url":"https:\/\/www.webdo.tn\/fr\/wp-content\/uploads\/2025\/06\/Webdo-Tunisie_168377.jpg","contentUrl":"https:\/\/www.webdo.tn\/fr\/wp-content\/uploads\/2025\/06\/Webdo-Tunisie_168377.jpg","width":301,"height":301,"caption":"Webdo"},"image":{"@id":"https:\/\/www.webdo.tn\/fr\/#\/schema\/logo\/image\/"},"sameAs":["https:\/\/www.facebook.com\/webdotn","https:\/\/x.com\/webdo_tn"],"description":"Webdo est un m\u00e9dia num\u00e9rique tunisien fond\u00e9 en 2010, sp\u00e9cialis\u00e9 dans l\u2019actualit\u00e9 nationale et internationale, l\u2019\u00e9conomie, la soci\u00e9t\u00e9 et les analyses politiques. Le site s\u2019adresse \u00e0 un large public francophone et couvre l\u2019information tunisienne en temps r\u00e9el.","email":"redac@webdo.tn","legalName":"YNJ SARL","foundingDate":"2010-09-06","numberOfEmployees":{"@type":"QuantitativeValue","minValue":"11","maxValue":"50"}},{"@type":"Person","@id":"https:\/\/www.webdo.tn\/fr\/#\/schema\/person\/c3a9d32fa6d495ca5f4b6510e3db97bf","name":"MK","image":{"@type":"ImageObject","inLanguage":"fr-FR","@id":"https:\/\/secure.gravatar.com\/avatar\/6d44f937f19929f3b75db77056d3e08abd6e302e71bcfea340cd8b00c13e7baf?s=96&d=mm&r=g","url":"https:\/\/secure.gravatar.com\/avatar\/6d44f937f19929f3b75db77056d3e08abd6e302e71bcfea340cd8b00c13e7baf?s=96&d=mm&r=g","contentUrl":"https:\/\/secure.gravatar.com\/avatar\/6d44f937f19929f3b75db77056d3e08abd6e302e71bcfea340cd8b00c13e7baf?s=96&d=mm&r=g","caption":"MK"},"url":"https:\/\/www.webdo.tn\/fr\/actualite\/author\/mk\/"}]}},"_links":{"self":[{"href":"https:\/\/www.webdo.tn\/fr\/wp-json\/wp\/v2\/posts\/199592","targetHints":{"allow":["GET"]}}],"collection":[{"href":"https:\/\/www.webdo.tn\/fr\/wp-json\/wp\/v2\/posts"}],"about":[{"href":"https:\/\/www.webdo.tn\/fr\/wp-json\/wp\/v2\/types\/post"}],"author":[{"embeddable":true,"href":"https:\/\/www.webdo.tn\/fr\/wp-json\/wp\/v2\/users\/3196"}],"replies":[{"embeddable":true,"href":"https:\/\/www.webdo.tn\/fr\/wp-json\/wp\/v2\/comments?post=199592"}],"version-history":[{"count":0,"href":"https:\/\/www.webdo.tn\/fr\/wp-json\/wp\/v2\/posts\/199592\/revisions"}],"wp:featuredmedia":[{"embeddable":true,"href":"https:\/\/www.webdo.tn\/fr\/wp-json\/wp\/v2\/media\/253068"}],"wp:attachment":[{"href":"https:\/\/www.webdo.tn\/fr\/wp-json\/wp\/v2\/media?parent=199592"}],"wp:term":[{"taxonomy":"category","embeddable":true,"href":"https:\/\/www.webdo.tn\/fr\/wp-json\/wp\/v2\/categories?post=199592"},{"taxonomy":"post_tag","embeddable":true,"href":"https:\/\/www.webdo.tn\/fr\/wp-json\/wp\/v2\/tags?post=199592"}],"curies":[{"name":"wp","href":"https:\/\/api.w.org\/{rel}","templated":true}]}}