{"id":199587,"date":"2022-11-30T11:38:00","date_gmt":"2022-11-30T11:38:00","guid":{"rendered":"https:\/\/www.webdo.tn\/fr\/blog\/tunisie-la-tension-remonte-entre-l-ugtt-et-la-kasbah\/199587\/"},"modified":"2025-05-20T22:46:47","modified_gmt":"2025-05-20T22:46:47","slug":"tunisie-la-tension-remonte-entre-l-ugtt-et-la-kasbah","status":"publish","type":"post","link":"https:\/\/www.webdo.tn\/fr\/actualite\/national\/tunisie-la-tension-remonte-entre-l-ugtt-et-la-kasbah\/199587\/","title":{"rendered":"Tunisie : La tension remonte entre l\u2019UGTT et la Kasbah"},"content":{"rendered":"<p>Si le gouvernement se lance dans sa strat\u00e9gie visant \u00e0 entamer les r\u00e9formes \u00e9conomiques et sociales n\u00e9cessaires, l\u2019UGTT \u00e9carte toute d\u00e9marche unilat\u00e9rale.<\/p>\n<p>\t\t\t\t\t\t\t\t\tDepuis la mise en place du gouvernement Bouden, la relation avec l\u2019Union g\u00e9n\u00e9rale tunisienne du travail (UGGT) connait des tensions qui ressurgissent continuellement.<\/p>\n<p>Certainement les n\u00e9gociations et l\u2019accord sign\u00e9 avec le Fonds mon\u00e9taire international (FMI) sont \u00e0 l\u2019origine de cette tension, mais encore faut-il que la centrale syndicale s\u2019opposait d\u00e9j\u00e0 \u00e0 plusieurs choix op\u00e9r\u00e9s par le gouvernement Bouden.\u00a0<\/p>\n<p>Hier mardi 29 octobre, une nouvelle s\u00e9quence marque cet \u00e9pisode de tension entre les deux parties. La d\u00e9l\u00e9gation du bureau ex\u00e9cutif de l\u2019UGTT s\u2019est retir\u00e9e d\u2019une r\u00e9union \u00e0 Dar Dhiafa autour de la gouvernance des \u00e9tablissements publics, pour protester contre l\u2019absence des membres du gouvernement de cette r\u00e9union.<\/p>\n<p>L\u2019UGTT indique \u00e9galement que la cheffe du gouvernement a d\u00e9cid\u00e9 de participer \u00e0 cette r\u00e9union apr\u00e8s la d\u00e9cision des membres du bureau ex\u00e9cutif.\u00a0<\/p>\n<p>A travers son m\u00e9dia, Echaab News, l\u2019UGTT rejette ce qu\u2019elle appelle les man\u0153uvres d\u00e9tourn\u00e9es, et accuse le gouvernement d\u2019adopter une d\u00e9marche unilat\u00e9rale dans la gestion des dossiers sociaux.<\/p>\n","protected":false},"excerpt":{"rendered":"<p>Si le gouvernement se lance dans sa strat\u00e9gie visant \u00e0 entamer les r\u00e9formes \u00e9conomiques et sociales n\u00e9cessaires, l\u2019UGTT \u00e9carte toute d\u00e9marche unilat\u00e9rale.<\/p>\n","protected":false},"author":3175,"featured_media":253062,"comment_status":"open","ping_status":"closed","sticky":false,"template":"","format":"standard","meta":{"footnotes":""},"categories":[44],"tags":[8792,2651,2608,2649],"class_list":["post-199587","post","type-post","status-publish","format-standard","has-post-thumbnail","hentry","category-national","tag-bouden","tag-gouvernement","tag-tunisie","tag-ugtt"],"yoast_head":"<!-- This site is optimized with the Yoast SEO Premium plugin v27.5 (Yoast SEO v27.5) - https:\/\/yoast.com\/product\/yoast-seo-premium-wordpress\/ -->\n<title>Tunisie : La tension remonte entre l\u2019UGTT et la Kasbah<\/title>\n<meta name=\"description\" content=\"Si le gouvernement se lance dans sa strat\u00e9gie visant \u00e0 entamer les r\u00e9formes \u00e9conomiques et sociales n\u00e9cessaires, l\u2019UGTT \u00e9carte toute d\u00e9marche unilat\u00e9rale.\" \/>\n<link rel=\"canonical\" href=\"https:\/\/www.webdo.tn\/fr\/actualite\/national\/tunisie-la-tension-remonte-entre-l-ugtt-et-la-kasbah\/199587\/\" \/>\n<meta property=\"og:locale\" content=\"fr_FR\" \/>\n<meta property=\"og:type\" content=\"article\" \/>\n<meta property=\"og:title\" content=\"Tunisie : La tension remonte entre l\u2019UGTT et la Kasbah\" \/>\n<meta property=\"og:description\" content=\"Si le gouvernement se lance dans sa strat\u00e9gie visant \u00e0 entamer les r\u00e9formes \u00e9conomiques et sociales n\u00e9cessaires, l\u2019UGTT \u00e9carte toute d\u00e9marche unilat\u00e9rale.\" \/>\n<meta property=\"og:url\" content=\"https:\/\/www.webdo.tn\/fr\/actualite\/national\/tunisie-la-tension-remonte-entre-l-ugtt-et-la-kasbah\/199587\/\" \/>\n<meta property=\"og:site_name\" content=\"webdo\" \/>\n<meta property=\"article:publisher\" content=\"https:\/\/www.facebook.com\/webdotn\" \/>\n<meta property=\"article:published_time\" content=\"2022-11-30T11:38:00+00:00\" \/>\n<meta property=\"article:modified_time\" content=\"2025-05-20T22:46:47+00:00\" \/>\n<meta property=\"og:image\" content=\"https:\/\/www.webdo.tn\/fr\/wp-content\/uploads\/2022\/11\/ea5fe6b21759c94496ffccd8a7db8ed9.jpg\" \/>\n\t<meta property=\"og:image:width\" content=\"750\" \/>\n\t<meta property=\"og:image:height\" content=\"400\" \/>\n\t<meta property=\"og:image:type\" content=\"image\/jpeg\" \/>\n<meta name=\"author\" content=\"CL\" \/>\n<meta name=\"twitter:card\" content=\"summary_large_image\" \/>\n<meta name=\"twitter:creator\" content=\"@webdo_tn\" \/>\n<meta name=\"twitter:site\" content=\"@webdo_tn\" \/>\n<meta name=\"twitter:label1\" content=\"\u00c9crit par\" \/>\n\t<meta name=\"twitter:data1\" content=\"CL\" \/>\n\t<meta name=\"twitter:label2\" content=\"Dur\u00e9e de lecture estim\u00e9e\" \/>\n\t<meta name=\"twitter:data2\" content=\"1 minute\" \/>\n<script type=\"application\/ld+json\" class=\"yoast-schema-graph\">{\"@context\":\"https:\\\/\\\/schema.org\",\"@graph\":[{\"@type\":\"NewsArticle\",\"@id\":\"https:\\\/\\\/www.webdo.tn\\\/fr\\\/actualite\\\/national\\\/tunisie-la-tension-remonte-entre-l-ugtt-et-la-kasbah\\\/199587\\\/#article\",\"isPartOf\":{\"@id\":\"https:\\\/\\\/www.webdo.tn\\\/fr\\\/actualite\\\/national\\\/tunisie-la-tension-remonte-entre-l-ugtt-et-la-kasbah\\\/199587\\\/\"},\"author\":{\"name\":\"CL\",\"@id\":\"https:\\\/\\\/www.webdo.tn\\\/fr\\\/#\\\/schema\\\/person\\\/f35b42a42c5e2511bbd282959d6385cc\"},\"headline\":\"Tunisie : La tension remonte entre l\u2019UGTT et la Kasbah\",\"datePublished\":\"2022-11-30T11:38:00+00:00\",\"dateModified\":\"2025-05-20T22:46:47+00:00\",\"mainEntityOfPage\":{\"@id\":\"https:\\\/\\\/www.webdo.tn\\\/fr\\\/actualite\\\/national\\\/tunisie-la-tension-remonte-entre-l-ugtt-et-la-kasbah\\\/199587\\\/\"},\"wordCount\":226,\"commentCount\":0,\"publisher\":{\"@id\":\"https:\\\/\\\/www.webdo.tn\\\/fr\\\/#organization\"},\"image\":{\"@id\":\"https:\\\/\\\/www.webdo.tn\\\/fr\\\/actualite\\\/national\\\/tunisie-la-tension-remonte-entre-l-ugtt-et-la-kasbah\\\/199587\\\/#primaryimage\"},\"thumbnailUrl\":\"https:\\\/\\\/www.webdo.tn\\\/fr\\\/wp-content\\\/uploads\\\/2022\\\/11\\\/ea5fe6b21759c94496ffccd8a7db8ed9.jpg\",\"keywords\":[\"Bouden\",\"gouvernement\",\"Tunisie\",\"UGTT\"],\"articleSection\":[\"National\"],\"inLanguage\":\"fr-FR\"},{\"@type\":\"WebPage\",\"@id\":\"https:\\\/\\\/www.webdo.tn\\\/fr\\\/actualite\\\/national\\\/tunisie-la-tension-remonte-entre-l-ugtt-et-la-kasbah\\\/199587\\\/\",\"url\":\"https:\\\/\\\/www.webdo.tn\\\/fr\\\/actualite\\\/national\\\/tunisie-la-tension-remonte-entre-l-ugtt-et-la-kasbah\\\/199587\\\/\",\"name\":\"Tunisie : La tension remonte entre l\u2019UGTT et la Kasbah\",\"isPartOf\":{\"@id\":\"https:\\\/\\\/www.webdo.tn\\\/fr\\\/#website\"},\"primaryImageOfPage\":{\"@id\":\"https:\\\/\\\/www.webdo.tn\\\/fr\\\/actualite\\\/national\\\/tunisie-la-tension-remonte-entre-l-ugtt-et-la-kasbah\\\/199587\\\/#primaryimage\"},\"image\":{\"@id\":\"https:\\\/\\\/www.webdo.tn\\\/fr\\\/actualite\\\/national\\\/tunisie-la-tension-remonte-entre-l-ugtt-et-la-kasbah\\\/199587\\\/#primaryimage\"},\"thumbnailUrl\":\"https:\\\/\\\/www.webdo.tn\\\/fr\\\/wp-content\\\/uploads\\\/2022\\\/11\\\/ea5fe6b21759c94496ffccd8a7db8ed9.jpg\",\"datePublished\":\"2022-11-30T11:38:00+00:00\",\"dateModified\":\"2025-05-20T22:46:47+00:00\",\"description\":\"Si le gouvernement se lance dans sa strat\u00e9gie visant \u00e0 entamer les r\u00e9formes \u00e9conomiques et sociales n\u00e9cessaires, l\u2019UGTT \u00e9carte toute d\u00e9marche unilat\u00e9rale.\",\"breadcrumb\":{\"@id\":\"https:\\\/\\\/www.webdo.tn\\\/fr\\\/actualite\\\/national\\\/tunisie-la-tension-remonte-entre-l-ugtt-et-la-kasbah\\\/199587\\\/#breadcrumb\"},\"inLanguage\":\"fr-FR\",\"potentialAction\":[{\"@type\":\"ReadAction\",\"target\":[\"https:\\\/\\\/www.webdo.tn\\\/fr\\\/actualite\\\/national\\\/tunisie-la-tension-remonte-entre-l-ugtt-et-la-kasbah\\\/199587\\\/\"]}]},{\"@type\":\"ImageObject\",\"inLanguage\":\"fr-FR\",\"@id\":\"https:\\\/\\\/www.webdo.tn\\\/fr\\\/actualite\\\/national\\\/tunisie-la-tension-remonte-entre-l-ugtt-et-la-kasbah\\\/199587\\\/#primaryimage\",\"url\":\"https:\\\/\\\/www.webdo.tn\\\/fr\\\/wp-content\\\/uploads\\\/2022\\\/11\\\/ea5fe6b21759c94496ffccd8a7db8ed9.jpg\",\"contentUrl\":\"https:\\\/\\\/www.webdo.tn\\\/fr\\\/wp-content\\\/uploads\\\/2022\\\/11\\\/ea5fe6b21759c94496ffccd8a7db8ed9.jpg\",\"width\":750,\"height\":400,\"caption\":\"Taboubi Bouden\"},{\"@type\":\"BreadcrumbList\",\"@id\":\"https:\\\/\\\/www.webdo.tn\\\/fr\\\/actualite\\\/national\\\/tunisie-la-tension-remonte-entre-l-ugtt-et-la-kasbah\\\/199587\\\/#breadcrumb\",\"itemListElement\":[{\"@type\":\"ListItem\",\"position\":1,\"name\":\"Accueil\",\"item\":\"https:\\\/\\\/www.webdo.tn\\\/fr\\\/\"},{\"@type\":\"ListItem\",\"position\":2,\"name\":\"Tunisie : La tension remonte entre l\u2019UGTT et la Kasbah\"}]},{\"@type\":\"WebSite\",\"@id\":\"https:\\\/\\\/www.webdo.tn\\\/fr\\\/#website\",\"url\":\"https:\\\/\\\/www.webdo.tn\\\/fr\\\/\",\"name\":\"webdo\",\"description\":\"Tunisie - News en Tunisie et \u00e0 l&#039;international sur Webdo.tn\",\"publisher\":{\"@id\":\"https:\\\/\\\/www.webdo.tn\\\/fr\\\/#organization\"},\"potentialAction\":[{\"@type\":\"SearchAction\",\"target\":{\"@type\":\"EntryPoint\",\"urlTemplate\":\"https:\\\/\\\/www.webdo.tn\\\/fr\\\/?s={search_term_string}\"},\"query-input\":{\"@type\":\"PropertyValueSpecification\",\"valueRequired\":true,\"valueName\":\"search_term_string\"}}],\"inLanguage\":\"fr-FR\"},{\"@type\":\"Organization\",\"@id\":\"https:\\\/\\\/www.webdo.tn\\\/fr\\\/#organization\",\"name\":\"Webdo\",\"alternateName\":\"Webdo.tn\",\"url\":\"https:\\\/\\\/www.webdo.tn\\\/fr\\\/\",\"logo\":{\"@type\":\"ImageObject\",\"inLanguage\":\"fr-FR\",\"@id\":\"https:\\\/\\\/www.webdo.tn\\\/fr\\\/#\\\/schema\\\/logo\\\/image\\\/\",\"url\":\"https:\\\/\\\/www.webdo.tn\\\/fr\\\/wp-content\\\/uploads\\\/2025\\\/06\\\/Webdo-Tunisie_168377.jpg\",\"contentUrl\":\"https:\\\/\\\/www.webdo.tn\\\/fr\\\/wp-content\\\/uploads\\\/2025\\\/06\\\/Webdo-Tunisie_168377.jpg\",\"width\":301,\"height\":301,\"caption\":\"Webdo\"},\"image\":{\"@id\":\"https:\\\/\\\/www.webdo.tn\\\/fr\\\/#\\\/schema\\\/logo\\\/image\\\/\"},\"sameAs\":[\"https:\\\/\\\/www.facebook.com\\\/webdotn\",\"https:\\\/\\\/x.com\\\/webdo_tn\"],\"description\":\"Webdo est un m\u00e9dia num\u00e9rique tunisien fond\u00e9 en 2010, sp\u00e9cialis\u00e9 dans l\u2019actualit\u00e9 nationale et internationale, l\u2019\u00e9conomie, la soci\u00e9t\u00e9 et les analyses politiques. Le site s\u2019adresse \u00e0 un large public francophone et couvre l\u2019information tunisienne en temps r\u00e9el.\",\"email\":\"redac@webdo.tn\",\"legalName\":\"YNJ SARL\",\"foundingDate\":\"2010-09-06\",\"numberOfEmployees\":{\"@type\":\"QuantitativeValue\",\"minValue\":\"11\",\"maxValue\":\"50\"}},{\"@type\":\"Person\",\"@id\":\"https:\\\/\\\/www.webdo.tn\\\/fr\\\/#\\\/schema\\\/person\\\/f35b42a42c5e2511bbd282959d6385cc\",\"name\":\"CL\",\"image\":{\"@type\":\"ImageObject\",\"inLanguage\":\"fr-FR\",\"@id\":\"https:\\\/\\\/secure.gravatar.com\\\/avatar\\\/1447a49909b67aa657c488aec6512e1dd6143a480c1ecfee9b5b5cd74eb3b59e?s=96&d=mm&r=g\",\"url\":\"https:\\\/\\\/secure.gravatar.com\\\/avatar\\\/1447a49909b67aa657c488aec6512e1dd6143a480c1ecfee9b5b5cd74eb3b59e?s=96&d=mm&r=g\",\"contentUrl\":\"https:\\\/\\\/secure.gravatar.com\\\/avatar\\\/1447a49909b67aa657c488aec6512e1dd6143a480c1ecfee9b5b5cd74eb3b59e?s=96&d=mm&r=g\",\"caption\":\"CL\"},\"url\":\"https:\\\/\\\/www.webdo.tn\\\/fr\\\/actualite\\\/author\\\/cl\\\/\"}]}<\/script>\n<!-- \/ Yoast SEO Premium plugin. -->","yoast_head_json":{"title":"Tunisie : La tension remonte entre l\u2019UGTT et la Kasbah","description":"Si le gouvernement se lance dans sa strat\u00e9gie visant \u00e0 entamer les r\u00e9formes \u00e9conomiques et sociales n\u00e9cessaires, l\u2019UGTT \u00e9carte toute d\u00e9marche unilat\u00e9rale.","canonical":"https:\/\/www.webdo.tn\/fr\/actualite\/national\/tunisie-la-tension-remonte-entre-l-ugtt-et-la-kasbah\/199587\/","og_locale":"fr_FR","og_type":"article","og_title":"Tunisie : La tension remonte entre l\u2019UGTT et la Kasbah","og_description":"Si le gouvernement se lance dans sa strat\u00e9gie visant \u00e0 entamer les r\u00e9formes \u00e9conomiques et sociales n\u00e9cessaires, l\u2019UGTT \u00e9carte toute d\u00e9marche unilat\u00e9rale.","og_url":"https:\/\/www.webdo.tn\/fr\/actualite\/national\/tunisie-la-tension-remonte-entre-l-ugtt-et-la-kasbah\/199587\/","og_site_name":"webdo","article_publisher":"https:\/\/www.facebook.com\/webdotn","article_published_time":"2022-11-30T11:38:00+00:00","article_modified_time":"2025-05-20T22:46:47+00:00","og_image":[{"width":750,"height":400,"url":"https:\/\/www.webdo.tn\/fr\/wp-content\/uploads\/2022\/11\/ea5fe6b21759c94496ffccd8a7db8ed9.jpg","type":"image\/jpeg"}],"author":"CL","twitter_card":"summary_large_image","twitter_creator":"@webdo_tn","twitter_site":"@webdo_tn","twitter_misc":{"\u00c9crit par":"CL","Dur\u00e9e de lecture estim\u00e9e":"1 minute"},"schema":{"@context":"https:\/\/schema.org","@graph":[{"@type":"NewsArticle","@id":"https:\/\/www.webdo.tn\/fr\/actualite\/national\/tunisie-la-tension-remonte-entre-l-ugtt-et-la-kasbah\/199587\/#article","isPartOf":{"@id":"https:\/\/www.webdo.tn\/fr\/actualite\/national\/tunisie-la-tension-remonte-entre-l-ugtt-et-la-kasbah\/199587\/"},"author":{"name":"CL","@id":"https:\/\/www.webdo.tn\/fr\/#\/schema\/person\/f35b42a42c5e2511bbd282959d6385cc"},"headline":"Tunisie : La tension remonte entre l\u2019UGTT et la Kasbah","datePublished":"2022-11-30T11:38:00+00:00","dateModified":"2025-05-20T22:46:47+00:00","mainEntityOfPage":{"@id":"https:\/\/www.webdo.tn\/fr\/actualite\/national\/tunisie-la-tension-remonte-entre-l-ugtt-et-la-kasbah\/199587\/"},"wordCount":226,"commentCount":0,"publisher":{"@id":"https:\/\/www.webdo.tn\/fr\/#organization"},"image":{"@id":"https:\/\/www.webdo.tn\/fr\/actualite\/national\/tunisie-la-tension-remonte-entre-l-ugtt-et-la-kasbah\/199587\/#primaryimage"},"thumbnailUrl":"https:\/\/www.webdo.tn\/fr\/wp-content\/uploads\/2022\/11\/ea5fe6b21759c94496ffccd8a7db8ed9.jpg","keywords":["Bouden","gouvernement","Tunisie","UGTT"],"articleSection":["National"],"inLanguage":"fr-FR"},{"@type":"WebPage","@id":"https:\/\/www.webdo.tn\/fr\/actualite\/national\/tunisie-la-tension-remonte-entre-l-ugtt-et-la-kasbah\/199587\/","url":"https:\/\/www.webdo.tn\/fr\/actualite\/national\/tunisie-la-tension-remonte-entre-l-ugtt-et-la-kasbah\/199587\/","name":"Tunisie : La tension remonte entre l\u2019UGTT et la Kasbah","isPartOf":{"@id":"https:\/\/www.webdo.tn\/fr\/#website"},"primaryImageOfPage":{"@id":"https:\/\/www.webdo.tn\/fr\/actualite\/national\/tunisie-la-tension-remonte-entre-l-ugtt-et-la-kasbah\/199587\/#primaryimage"},"image":{"@id":"https:\/\/www.webdo.tn\/fr\/actualite\/national\/tunisie-la-tension-remonte-entre-l-ugtt-et-la-kasbah\/199587\/#primaryimage"},"thumbnailUrl":"https:\/\/www.webdo.tn\/fr\/wp-content\/uploads\/2022\/11\/ea5fe6b21759c94496ffccd8a7db8ed9.jpg","datePublished":"2022-11-30T11:38:00+00:00","dateModified":"2025-05-20T22:46:47+00:00","description":"Si le gouvernement se lance dans sa strat\u00e9gie visant \u00e0 entamer les r\u00e9formes \u00e9conomiques et sociales n\u00e9cessaires, l\u2019UGTT \u00e9carte toute d\u00e9marche unilat\u00e9rale.","breadcrumb":{"@id":"https:\/\/www.webdo.tn\/fr\/actualite\/national\/tunisie-la-tension-remonte-entre-l-ugtt-et-la-kasbah\/199587\/#breadcrumb"},"inLanguage":"fr-FR","potentialAction":[{"@type":"ReadAction","target":["https:\/\/www.webdo.tn\/fr\/actualite\/national\/tunisie-la-tension-remonte-entre-l-ugtt-et-la-kasbah\/199587\/"]}]},{"@type":"ImageObject","inLanguage":"fr-FR","@id":"https:\/\/www.webdo.tn\/fr\/actualite\/national\/tunisie-la-tension-remonte-entre-l-ugtt-et-la-kasbah\/199587\/#primaryimage","url":"https:\/\/www.webdo.tn\/fr\/wp-content\/uploads\/2022\/11\/ea5fe6b21759c94496ffccd8a7db8ed9.jpg","contentUrl":"https:\/\/www.webdo.tn\/fr\/wp-content\/uploads\/2022\/11\/ea5fe6b21759c94496ffccd8a7db8ed9.jpg","width":750,"height":400,"caption":"Taboubi Bouden"},{"@type":"BreadcrumbList","@id":"https:\/\/www.webdo.tn\/fr\/actualite\/national\/tunisie-la-tension-remonte-entre-l-ugtt-et-la-kasbah\/199587\/#breadcrumb","itemListElement":[{"@type":"ListItem","position":1,"name":"Accueil","item":"https:\/\/www.webdo.tn\/fr\/"},{"@type":"ListItem","position":2,"name":"Tunisie : La tension remonte entre l\u2019UGTT et la Kasbah"}]},{"@type":"WebSite","@id":"https:\/\/www.webdo.tn\/fr\/#website","url":"https:\/\/www.webdo.tn\/fr\/","name":"webdo","description":"Tunisie - News en Tunisie et \u00e0 l&#039;international sur Webdo.tn","publisher":{"@id":"https:\/\/www.webdo.tn\/fr\/#organization"},"potentialAction":[{"@type":"SearchAction","target":{"@type":"EntryPoint","urlTemplate":"https:\/\/www.webdo.tn\/fr\/?s={search_term_string}"},"query-input":{"@type":"PropertyValueSpecification","valueRequired":true,"valueName":"search_term_string"}}],"inLanguage":"fr-FR"},{"@type":"Organization","@id":"https:\/\/www.webdo.tn\/fr\/#organization","name":"Webdo","alternateName":"Webdo.tn","url":"https:\/\/www.webdo.tn\/fr\/","logo":{"@type":"ImageObject","inLanguage":"fr-FR","@id":"https:\/\/www.webdo.tn\/fr\/#\/schema\/logo\/image\/","url":"https:\/\/www.webdo.tn\/fr\/wp-content\/uploads\/2025\/06\/Webdo-Tunisie_168377.jpg","contentUrl":"https:\/\/www.webdo.tn\/fr\/wp-content\/uploads\/2025\/06\/Webdo-Tunisie_168377.jpg","width":301,"height":301,"caption":"Webdo"},"image":{"@id":"https:\/\/www.webdo.tn\/fr\/#\/schema\/logo\/image\/"},"sameAs":["https:\/\/www.facebook.com\/webdotn","https:\/\/x.com\/webdo_tn"],"description":"Webdo est un m\u00e9dia num\u00e9rique tunisien fond\u00e9 en 2010, sp\u00e9cialis\u00e9 dans l\u2019actualit\u00e9 nationale et internationale, l\u2019\u00e9conomie, la soci\u00e9t\u00e9 et les analyses politiques. Le site s\u2019adresse \u00e0 un large public francophone et couvre l\u2019information tunisienne en temps r\u00e9el.","email":"redac@webdo.tn","legalName":"YNJ SARL","foundingDate":"2010-09-06","numberOfEmployees":{"@type":"QuantitativeValue","minValue":"11","maxValue":"50"}},{"@type":"Person","@id":"https:\/\/www.webdo.tn\/fr\/#\/schema\/person\/f35b42a42c5e2511bbd282959d6385cc","name":"CL","image":{"@type":"ImageObject","inLanguage":"fr-FR","@id":"https:\/\/secure.gravatar.com\/avatar\/1447a49909b67aa657c488aec6512e1dd6143a480c1ecfee9b5b5cd74eb3b59e?s=96&d=mm&r=g","url":"https:\/\/secure.gravatar.com\/avatar\/1447a49909b67aa657c488aec6512e1dd6143a480c1ecfee9b5b5cd74eb3b59e?s=96&d=mm&r=g","contentUrl":"https:\/\/secure.gravatar.com\/avatar\/1447a49909b67aa657c488aec6512e1dd6143a480c1ecfee9b5b5cd74eb3b59e?s=96&d=mm&r=g","caption":"CL"},"url":"https:\/\/www.webdo.tn\/fr\/actualite\/author\/cl\/"}]}},"_links":{"self":[{"href":"https:\/\/www.webdo.tn\/fr\/wp-json\/wp\/v2\/posts\/199587","targetHints":{"allow":["GET"]}}],"collection":[{"href":"https:\/\/www.webdo.tn\/fr\/wp-json\/wp\/v2\/posts"}],"about":[{"href":"https:\/\/www.webdo.tn\/fr\/wp-json\/wp\/v2\/types\/post"}],"author":[{"embeddable":true,"href":"https:\/\/www.webdo.tn\/fr\/wp-json\/wp\/v2\/users\/3175"}],"replies":[{"embeddable":true,"href":"https:\/\/www.webdo.tn\/fr\/wp-json\/wp\/v2\/comments?post=199587"}],"version-history":[{"count":0,"href":"https:\/\/www.webdo.tn\/fr\/wp-json\/wp\/v2\/posts\/199587\/revisions"}],"wp:featuredmedia":[{"embeddable":true,"href":"https:\/\/www.webdo.tn\/fr\/wp-json\/wp\/v2\/media\/253062"}],"wp:attachment":[{"href":"https:\/\/www.webdo.tn\/fr\/wp-json\/wp\/v2\/media?parent=199587"}],"wp:term":[{"taxonomy":"category","embeddable":true,"href":"https:\/\/www.webdo.tn\/fr\/wp-json\/wp\/v2\/categories?post=199587"},{"taxonomy":"post_tag","embeddable":true,"href":"https:\/\/www.webdo.tn\/fr\/wp-json\/wp\/v2\/tags?post=199587"}],"curies":[{"name":"wp","href":"https:\/\/api.w.org\/{rel}","templated":true}]}}