{"id":199567,"date":"2022-11-30T07:16:00","date_gmt":"2022-11-30T07:16:00","guid":{"rendered":"https:\/\/www.webdo.tn\/fr\/blog\/vers-l-amendement-de-la-loi-sur-les-participations-entreprises-et-etablissement-publics\/199567\/"},"modified":"2025-05-20T22:48:02","modified_gmt":"2025-05-20T22:48:02","slug":"vers-l-amendement-de-la-loi-sur-les-participations-entreprises-et-etablissement-publics","status":"publish","type":"post","link":"https:\/\/www.webdo.tn\/fr\/actualite\/national\/vers-l-amendement-de-la-loi-sur-les-participations-entreprises-et-etablissement-publics\/199567\/","title":{"rendered":"Vers l\u2019amendement de la loi sur les participations, entreprises et \u00e9tablissement publics"},"content":{"rendered":"<p>Un atelier de travail sur \u00a0\u00bb le d\u00e9veloppement de la gouvernance des entreprises et \u00e9tablissements publics en vue de renforcer leur r\u00f4le\u00a0\u00bb s&rsquo;est tenu mardi, \u00e0 Dar Dhiafa \u00e0 Carthage, sous la pr\u00e9sidence de la Cheffe du gouvernement Najla Bouden.<\/p>\n<p>\t\t\t\t\t\t\t\t\tSelon la pr\u00e9sidence du gouvernement, l&rsquo;atelier est organis\u00e9 dans le cadre de l&rsquo;\u00e9largissement de la consultation sur le projet de loi portant amendement de la loi n\u00b0 9 de l\u2019ann\u00e9e 1989 relative aux participations, entreprises et \u00e9tablissements publics.<\/p>\n<p>Ainsi des repr\u00e9sentants des organisations nationales, du secteur priv\u00e9 et de la soci\u00e9t\u00e9 civile ainsi que des anciens et actuels PDG des \u00e9tablissements et entreprises publics de diff\u00e9rents secteurs ont \u00e9t\u00e9 invit\u00e9s \u00e0 prendre part \u00e0 cet atelier, d&rsquo;apr\u00e8s la m\u00eame source.<\/p>\n","protected":false},"excerpt":{"rendered":"<p>Un atelier de travail sur   le d\u00e9veloppement de la gouvernance des entreprises et \u00e9tablissements publics en vue de renforcer leur r\u00f4le  s&rsquo;est tenu mardi, \u00e0 Dar&#8230;<\/p>\n","protected":false},"author":3175,"featured_media":277356,"comment_status":"open","ping_status":"closed","sticky":false,"template":"","format":"standard","meta":{"footnotes":""},"categories":[44],"tags":[2651,3033,2608],"class_list":["post-199567","post","type-post","status-publish","format-standard","has-post-thumbnail","hentry","category-national","tag-gouvernement","tag-loi","tag-tunisie"],"yoast_head":"<!-- This site is optimized with the Yoast SEO Premium plugin v27.5 (Yoast SEO v27.5) - https:\/\/yoast.com\/product\/yoast-seo-premium-wordpress\/ -->\n<title>Vers l\u2019amendement de la loi sur les participations, entreprises et \u00e9tablissement publics<\/title>\n<meta name=\"description\" content=\"Un atelier de travail sur le d\u00e9veloppement de la gouvernance des entreprises et \u00e9tablissements publics en vue de renforcer leur r\u00f4le s&#039;est tenu mardi, \u00e0 Dar...\" \/>\n<link rel=\"canonical\" href=\"https:\/\/www.webdo.tn\/fr\/actualite\/national\/vers-l-amendement-de-la-loi-sur-les-participations-entreprises-et-etablissement-publics\/199567\/\" \/>\n<meta property=\"og:locale\" content=\"fr_FR\" \/>\n<meta property=\"og:type\" content=\"article\" \/>\n<meta property=\"og:title\" content=\"Vers l\u2019amendement de la loi sur les participations, entreprises et \u00e9tablissement publics\" \/>\n<meta property=\"og:description\" content=\"Un atelier de travail sur le d\u00e9veloppement de la gouvernance des entreprises et \u00e9tablissements publics en vue de renforcer leur r\u00f4le s&#039;est tenu mardi, \u00e0 Dar...\" \/>\n<meta property=\"og:url\" content=\"https:\/\/www.webdo.tn\/fr\/actualite\/national\/vers-l-amendement-de-la-loi-sur-les-participations-entreprises-et-etablissement-publics\/199567\/\" \/>\n<meta property=\"og:site_name\" content=\"webdo\" \/>\n<meta property=\"article:publisher\" content=\"https:\/\/www.facebook.com\/webdotn\" \/>\n<meta property=\"article:published_time\" content=\"2022-11-30T07:16:00+00:00\" \/>\n<meta property=\"article:modified_time\" content=\"2025-05-20T22:48:02+00:00\" \/>\n<meta property=\"og:image\" content=\"https:\/\/www.webdo.tn\/fr\/wp-content\/uploads\/2022\/11\/0beb80a8e896c353a3447258890ac966.jpg\" \/>\n\t<meta property=\"og:image:width\" content=\"750\" \/>\n\t<meta property=\"og:image:height\" content=\"400\" \/>\n\t<meta property=\"og:image:type\" content=\"image\/jpeg\" \/>\n<meta name=\"author\" content=\"CL\" \/>\n<meta name=\"twitter:card\" content=\"summary_large_image\" \/>\n<meta name=\"twitter:creator\" content=\"@webdo_tn\" \/>\n<meta name=\"twitter:site\" content=\"@webdo_tn\" \/>\n<meta name=\"twitter:label1\" content=\"\u00c9crit par\" \/>\n\t<meta name=\"twitter:data1\" content=\"CL\" \/>\n\t<meta name=\"twitter:label2\" content=\"Dur\u00e9e de lecture estim\u00e9e\" \/>\n\t<meta name=\"twitter:data2\" content=\"1 minute\" \/>\n<script type=\"application\/ld+json\" class=\"yoast-schema-graph\">{\"@context\":\"https:\\\/\\\/schema.org\",\"@graph\":[{\"@type\":\"NewsArticle\",\"@id\":\"https:\\\/\\\/www.webdo.tn\\\/fr\\\/actualite\\\/national\\\/vers-l-amendement-de-la-loi-sur-les-participations-entreprises-et-etablissement-publics\\\/199567\\\/#article\",\"isPartOf\":{\"@id\":\"https:\\\/\\\/www.webdo.tn\\\/fr\\\/actualite\\\/national\\\/vers-l-amendement-de-la-loi-sur-les-participations-entreprises-et-etablissement-publics\\\/199567\\\/\"},\"author\":{\"name\":\"CL\",\"@id\":\"https:\\\/\\\/www.webdo.tn\\\/fr\\\/#\\\/schema\\\/person\\\/f35b42a42c5e2511bbd282959d6385cc\"},\"headline\":\"Vers l\u2019amendement de la loi sur les participations, entreprises et \u00e9tablissement publics\",\"datePublished\":\"2022-11-30T07:16:00+00:00\",\"dateModified\":\"2025-05-20T22:48:02+00:00\",\"mainEntityOfPage\":{\"@id\":\"https:\\\/\\\/www.webdo.tn\\\/fr\\\/actualite\\\/national\\\/vers-l-amendement-de-la-loi-sur-les-participations-entreprises-et-etablissement-publics\\\/199567\\\/\"},\"wordCount\":142,\"commentCount\":0,\"publisher\":{\"@id\":\"https:\\\/\\\/www.webdo.tn\\\/fr\\\/#organization\"},\"image\":{\"@id\":\"https:\\\/\\\/www.webdo.tn\\\/fr\\\/actualite\\\/national\\\/vers-l-amendement-de-la-loi-sur-les-participations-entreprises-et-etablissement-publics\\\/199567\\\/#primaryimage\"},\"thumbnailUrl\":\"https:\\\/\\\/www.webdo.tn\\\/fr\\\/wp-content\\\/uploads\\\/2022\\\/11\\\/0beb80a8e896c353a3447258890ac966.jpg\",\"keywords\":[\"gouvernement\",\"loi\",\"Tunisie\"],\"articleSection\":[\"National\"],\"inLanguage\":\"fr-FR\"},{\"@type\":\"WebPage\",\"@id\":\"https:\\\/\\\/www.webdo.tn\\\/fr\\\/actualite\\\/national\\\/vers-l-amendement-de-la-loi-sur-les-participations-entreprises-et-etablissement-publics\\\/199567\\\/\",\"url\":\"https:\\\/\\\/www.webdo.tn\\\/fr\\\/actualite\\\/national\\\/vers-l-amendement-de-la-loi-sur-les-participations-entreprises-et-etablissement-publics\\\/199567\\\/\",\"name\":\"Vers l\u2019amendement de la loi sur les participations, entreprises et \u00e9tablissement publics\",\"isPartOf\":{\"@id\":\"https:\\\/\\\/www.webdo.tn\\\/fr\\\/#website\"},\"primaryImageOfPage\":{\"@id\":\"https:\\\/\\\/www.webdo.tn\\\/fr\\\/actualite\\\/national\\\/vers-l-amendement-de-la-loi-sur-les-participations-entreprises-et-etablissement-publics\\\/199567\\\/#primaryimage\"},\"image\":{\"@id\":\"https:\\\/\\\/www.webdo.tn\\\/fr\\\/actualite\\\/national\\\/vers-l-amendement-de-la-loi-sur-les-participations-entreprises-et-etablissement-publics\\\/199567\\\/#primaryimage\"},\"thumbnailUrl\":\"https:\\\/\\\/www.webdo.tn\\\/fr\\\/wp-content\\\/uploads\\\/2022\\\/11\\\/0beb80a8e896c353a3447258890ac966.jpg\",\"datePublished\":\"2022-11-30T07:16:00+00:00\",\"dateModified\":\"2025-05-20T22:48:02+00:00\",\"description\":\"Un atelier de travail sur le d\u00e9veloppement de la gouvernance des entreprises et \u00e9tablissements publics en vue de renforcer leur r\u00f4le s'est tenu mardi, \u00e0 Dar...\",\"breadcrumb\":{\"@id\":\"https:\\\/\\\/www.webdo.tn\\\/fr\\\/actualite\\\/national\\\/vers-l-amendement-de-la-loi-sur-les-participations-entreprises-et-etablissement-publics\\\/199567\\\/#breadcrumb\"},\"inLanguage\":\"fr-FR\",\"potentialAction\":[{\"@type\":\"ReadAction\",\"target\":[\"https:\\\/\\\/www.webdo.tn\\\/fr\\\/actualite\\\/national\\\/vers-l-amendement-de-la-loi-sur-les-participations-entreprises-et-etablissement-publics\\\/199567\\\/\"]}]},{\"@type\":\"ImageObject\",\"inLanguage\":\"fr-FR\",\"@id\":\"https:\\\/\\\/www.webdo.tn\\\/fr\\\/actualite\\\/national\\\/vers-l-amendement-de-la-loi-sur-les-participations-entreprises-et-etablissement-publics\\\/199567\\\/#primaryimage\",\"url\":\"https:\\\/\\\/www.webdo.tn\\\/fr\\\/wp-content\\\/uploads\\\/2022\\\/11\\\/0beb80a8e896c353a3447258890ac966.jpg\",\"contentUrl\":\"https:\\\/\\\/www.webdo.tn\\\/fr\\\/wp-content\\\/uploads\\\/2022\\\/11\\\/0beb80a8e896c353a3447258890ac966.jpg\",\"width\":750,\"height\":400,\"caption\":\"Pr\u00e9sidence du gouvernement\"},{\"@type\":\"BreadcrumbList\",\"@id\":\"https:\\\/\\\/www.webdo.tn\\\/fr\\\/actualite\\\/national\\\/vers-l-amendement-de-la-loi-sur-les-participations-entreprises-et-etablissement-publics\\\/199567\\\/#breadcrumb\",\"itemListElement\":[{\"@type\":\"ListItem\",\"position\":1,\"name\":\"Accueil\",\"item\":\"https:\\\/\\\/www.webdo.tn\\\/fr\\\/\"},{\"@type\":\"ListItem\",\"position\":2,\"name\":\"Vers l\u2019amendement de la loi sur les participations, entreprises et \u00e9tablissement publics\"}]},{\"@type\":\"WebSite\",\"@id\":\"https:\\\/\\\/www.webdo.tn\\\/fr\\\/#website\",\"url\":\"https:\\\/\\\/www.webdo.tn\\\/fr\\\/\",\"name\":\"webdo\",\"description\":\"Tunisie - News en Tunisie et \u00e0 l&#039;international sur Webdo.tn\",\"publisher\":{\"@id\":\"https:\\\/\\\/www.webdo.tn\\\/fr\\\/#organization\"},\"potentialAction\":[{\"@type\":\"SearchAction\",\"target\":{\"@type\":\"EntryPoint\",\"urlTemplate\":\"https:\\\/\\\/www.webdo.tn\\\/fr\\\/?s={search_term_string}\"},\"query-input\":{\"@type\":\"PropertyValueSpecification\",\"valueRequired\":true,\"valueName\":\"search_term_string\"}}],\"inLanguage\":\"fr-FR\"},{\"@type\":\"Organization\",\"@id\":\"https:\\\/\\\/www.webdo.tn\\\/fr\\\/#organization\",\"name\":\"Webdo\",\"alternateName\":\"Webdo.tn\",\"url\":\"https:\\\/\\\/www.webdo.tn\\\/fr\\\/\",\"logo\":{\"@type\":\"ImageObject\",\"inLanguage\":\"fr-FR\",\"@id\":\"https:\\\/\\\/www.webdo.tn\\\/fr\\\/#\\\/schema\\\/logo\\\/image\\\/\",\"url\":\"https:\\\/\\\/www.webdo.tn\\\/fr\\\/wp-content\\\/uploads\\\/2025\\\/06\\\/Webdo-Tunisie_168377.jpg\",\"contentUrl\":\"https:\\\/\\\/www.webdo.tn\\\/fr\\\/wp-content\\\/uploads\\\/2025\\\/06\\\/Webdo-Tunisie_168377.jpg\",\"width\":301,\"height\":301,\"caption\":\"Webdo\"},\"image\":{\"@id\":\"https:\\\/\\\/www.webdo.tn\\\/fr\\\/#\\\/schema\\\/logo\\\/image\\\/\"},\"sameAs\":[\"https:\\\/\\\/www.facebook.com\\\/webdotn\",\"https:\\\/\\\/x.com\\\/webdo_tn\"],\"description\":\"Webdo est un m\u00e9dia num\u00e9rique tunisien fond\u00e9 en 2010, sp\u00e9cialis\u00e9 dans l\u2019actualit\u00e9 nationale et internationale, l\u2019\u00e9conomie, la soci\u00e9t\u00e9 et les analyses politiques. Le site s\u2019adresse \u00e0 un large public francophone et couvre l\u2019information tunisienne en temps r\u00e9el.\",\"email\":\"redac@webdo.tn\",\"legalName\":\"YNJ SARL\",\"foundingDate\":\"2010-09-06\",\"numberOfEmployees\":{\"@type\":\"QuantitativeValue\",\"minValue\":\"11\",\"maxValue\":\"50\"}},{\"@type\":\"Person\",\"@id\":\"https:\\\/\\\/www.webdo.tn\\\/fr\\\/#\\\/schema\\\/person\\\/f35b42a42c5e2511bbd282959d6385cc\",\"name\":\"CL\",\"image\":{\"@type\":\"ImageObject\",\"inLanguage\":\"fr-FR\",\"@id\":\"https:\\\/\\\/secure.gravatar.com\\\/avatar\\\/1447a49909b67aa657c488aec6512e1dd6143a480c1ecfee9b5b5cd74eb3b59e?s=96&d=mm&r=g\",\"url\":\"https:\\\/\\\/secure.gravatar.com\\\/avatar\\\/1447a49909b67aa657c488aec6512e1dd6143a480c1ecfee9b5b5cd74eb3b59e?s=96&d=mm&r=g\",\"contentUrl\":\"https:\\\/\\\/secure.gravatar.com\\\/avatar\\\/1447a49909b67aa657c488aec6512e1dd6143a480c1ecfee9b5b5cd74eb3b59e?s=96&d=mm&r=g\",\"caption\":\"CL\"},\"url\":\"https:\\\/\\\/www.webdo.tn\\\/fr\\\/actualite\\\/author\\\/cl\\\/\"}]}<\/script>\n<!-- \/ Yoast SEO Premium plugin. -->","yoast_head_json":{"title":"Vers l\u2019amendement de la loi sur les participations, entreprises et \u00e9tablissement publics","description":"Un atelier de travail sur le d\u00e9veloppement de la gouvernance des entreprises et \u00e9tablissements publics en vue de renforcer leur r\u00f4le s'est tenu mardi, \u00e0 Dar...","canonical":"https:\/\/www.webdo.tn\/fr\/actualite\/national\/vers-l-amendement-de-la-loi-sur-les-participations-entreprises-et-etablissement-publics\/199567\/","og_locale":"fr_FR","og_type":"article","og_title":"Vers l\u2019amendement de la loi sur les participations, entreprises et \u00e9tablissement publics","og_description":"Un atelier de travail sur le d\u00e9veloppement de la gouvernance des entreprises et \u00e9tablissements publics en vue de renforcer leur r\u00f4le s'est tenu mardi, \u00e0 Dar...","og_url":"https:\/\/www.webdo.tn\/fr\/actualite\/national\/vers-l-amendement-de-la-loi-sur-les-participations-entreprises-et-etablissement-publics\/199567\/","og_site_name":"webdo","article_publisher":"https:\/\/www.facebook.com\/webdotn","article_published_time":"2022-11-30T07:16:00+00:00","article_modified_time":"2025-05-20T22:48:02+00:00","og_image":[{"width":750,"height":400,"url":"https:\/\/www.webdo.tn\/fr\/wp-content\/uploads\/2022\/11\/0beb80a8e896c353a3447258890ac966.jpg","type":"image\/jpeg"}],"author":"CL","twitter_card":"summary_large_image","twitter_creator":"@webdo_tn","twitter_site":"@webdo_tn","twitter_misc":{"\u00c9crit par":"CL","Dur\u00e9e de lecture estim\u00e9e":"1 minute"},"schema":{"@context":"https:\/\/schema.org","@graph":[{"@type":"NewsArticle","@id":"https:\/\/www.webdo.tn\/fr\/actualite\/national\/vers-l-amendement-de-la-loi-sur-les-participations-entreprises-et-etablissement-publics\/199567\/#article","isPartOf":{"@id":"https:\/\/www.webdo.tn\/fr\/actualite\/national\/vers-l-amendement-de-la-loi-sur-les-participations-entreprises-et-etablissement-publics\/199567\/"},"author":{"name":"CL","@id":"https:\/\/www.webdo.tn\/fr\/#\/schema\/person\/f35b42a42c5e2511bbd282959d6385cc"},"headline":"Vers l\u2019amendement de la loi sur les participations, entreprises et \u00e9tablissement publics","datePublished":"2022-11-30T07:16:00+00:00","dateModified":"2025-05-20T22:48:02+00:00","mainEntityOfPage":{"@id":"https:\/\/www.webdo.tn\/fr\/actualite\/national\/vers-l-amendement-de-la-loi-sur-les-participations-entreprises-et-etablissement-publics\/199567\/"},"wordCount":142,"commentCount":0,"publisher":{"@id":"https:\/\/www.webdo.tn\/fr\/#organization"},"image":{"@id":"https:\/\/www.webdo.tn\/fr\/actualite\/national\/vers-l-amendement-de-la-loi-sur-les-participations-entreprises-et-etablissement-publics\/199567\/#primaryimage"},"thumbnailUrl":"https:\/\/www.webdo.tn\/fr\/wp-content\/uploads\/2022\/11\/0beb80a8e896c353a3447258890ac966.jpg","keywords":["gouvernement","loi","Tunisie"],"articleSection":["National"],"inLanguage":"fr-FR"},{"@type":"WebPage","@id":"https:\/\/www.webdo.tn\/fr\/actualite\/national\/vers-l-amendement-de-la-loi-sur-les-participations-entreprises-et-etablissement-publics\/199567\/","url":"https:\/\/www.webdo.tn\/fr\/actualite\/national\/vers-l-amendement-de-la-loi-sur-les-participations-entreprises-et-etablissement-publics\/199567\/","name":"Vers l\u2019amendement de la loi sur les participations, entreprises et \u00e9tablissement publics","isPartOf":{"@id":"https:\/\/www.webdo.tn\/fr\/#website"},"primaryImageOfPage":{"@id":"https:\/\/www.webdo.tn\/fr\/actualite\/national\/vers-l-amendement-de-la-loi-sur-les-participations-entreprises-et-etablissement-publics\/199567\/#primaryimage"},"image":{"@id":"https:\/\/www.webdo.tn\/fr\/actualite\/national\/vers-l-amendement-de-la-loi-sur-les-participations-entreprises-et-etablissement-publics\/199567\/#primaryimage"},"thumbnailUrl":"https:\/\/www.webdo.tn\/fr\/wp-content\/uploads\/2022\/11\/0beb80a8e896c353a3447258890ac966.jpg","datePublished":"2022-11-30T07:16:00+00:00","dateModified":"2025-05-20T22:48:02+00:00","description":"Un atelier de travail sur le d\u00e9veloppement de la gouvernance des entreprises et \u00e9tablissements publics en vue de renforcer leur r\u00f4le s'est tenu mardi, \u00e0 Dar...","breadcrumb":{"@id":"https:\/\/www.webdo.tn\/fr\/actualite\/national\/vers-l-amendement-de-la-loi-sur-les-participations-entreprises-et-etablissement-publics\/199567\/#breadcrumb"},"inLanguage":"fr-FR","potentialAction":[{"@type":"ReadAction","target":["https:\/\/www.webdo.tn\/fr\/actualite\/national\/vers-l-amendement-de-la-loi-sur-les-participations-entreprises-et-etablissement-publics\/199567\/"]}]},{"@type":"ImageObject","inLanguage":"fr-FR","@id":"https:\/\/www.webdo.tn\/fr\/actualite\/national\/vers-l-amendement-de-la-loi-sur-les-participations-entreprises-et-etablissement-publics\/199567\/#primaryimage","url":"https:\/\/www.webdo.tn\/fr\/wp-content\/uploads\/2022\/11\/0beb80a8e896c353a3447258890ac966.jpg","contentUrl":"https:\/\/www.webdo.tn\/fr\/wp-content\/uploads\/2022\/11\/0beb80a8e896c353a3447258890ac966.jpg","width":750,"height":400,"caption":"Pr\u00e9sidence du gouvernement"},{"@type":"BreadcrumbList","@id":"https:\/\/www.webdo.tn\/fr\/actualite\/national\/vers-l-amendement-de-la-loi-sur-les-participations-entreprises-et-etablissement-publics\/199567\/#breadcrumb","itemListElement":[{"@type":"ListItem","position":1,"name":"Accueil","item":"https:\/\/www.webdo.tn\/fr\/"},{"@type":"ListItem","position":2,"name":"Vers l\u2019amendement de la loi sur les participations, entreprises et \u00e9tablissement publics"}]},{"@type":"WebSite","@id":"https:\/\/www.webdo.tn\/fr\/#website","url":"https:\/\/www.webdo.tn\/fr\/","name":"webdo","description":"Tunisie - News en Tunisie et \u00e0 l&#039;international sur Webdo.tn","publisher":{"@id":"https:\/\/www.webdo.tn\/fr\/#organization"},"potentialAction":[{"@type":"SearchAction","target":{"@type":"EntryPoint","urlTemplate":"https:\/\/www.webdo.tn\/fr\/?s={search_term_string}"},"query-input":{"@type":"PropertyValueSpecification","valueRequired":true,"valueName":"search_term_string"}}],"inLanguage":"fr-FR"},{"@type":"Organization","@id":"https:\/\/www.webdo.tn\/fr\/#organization","name":"Webdo","alternateName":"Webdo.tn","url":"https:\/\/www.webdo.tn\/fr\/","logo":{"@type":"ImageObject","inLanguage":"fr-FR","@id":"https:\/\/www.webdo.tn\/fr\/#\/schema\/logo\/image\/","url":"https:\/\/www.webdo.tn\/fr\/wp-content\/uploads\/2025\/06\/Webdo-Tunisie_168377.jpg","contentUrl":"https:\/\/www.webdo.tn\/fr\/wp-content\/uploads\/2025\/06\/Webdo-Tunisie_168377.jpg","width":301,"height":301,"caption":"Webdo"},"image":{"@id":"https:\/\/www.webdo.tn\/fr\/#\/schema\/logo\/image\/"},"sameAs":["https:\/\/www.facebook.com\/webdotn","https:\/\/x.com\/webdo_tn"],"description":"Webdo est un m\u00e9dia num\u00e9rique tunisien fond\u00e9 en 2010, sp\u00e9cialis\u00e9 dans l\u2019actualit\u00e9 nationale et internationale, l\u2019\u00e9conomie, la soci\u00e9t\u00e9 et les analyses politiques. Le site s\u2019adresse \u00e0 un large public francophone et couvre l\u2019information tunisienne en temps r\u00e9el.","email":"redac@webdo.tn","legalName":"YNJ SARL","foundingDate":"2010-09-06","numberOfEmployees":{"@type":"QuantitativeValue","minValue":"11","maxValue":"50"}},{"@type":"Person","@id":"https:\/\/www.webdo.tn\/fr\/#\/schema\/person\/f35b42a42c5e2511bbd282959d6385cc","name":"CL","image":{"@type":"ImageObject","inLanguage":"fr-FR","@id":"https:\/\/secure.gravatar.com\/avatar\/1447a49909b67aa657c488aec6512e1dd6143a480c1ecfee9b5b5cd74eb3b59e?s=96&d=mm&r=g","url":"https:\/\/secure.gravatar.com\/avatar\/1447a49909b67aa657c488aec6512e1dd6143a480c1ecfee9b5b5cd74eb3b59e?s=96&d=mm&r=g","contentUrl":"https:\/\/secure.gravatar.com\/avatar\/1447a49909b67aa657c488aec6512e1dd6143a480c1ecfee9b5b5cd74eb3b59e?s=96&d=mm&r=g","caption":"CL"},"url":"https:\/\/www.webdo.tn\/fr\/actualite\/author\/cl\/"}]}},"_links":{"self":[{"href":"https:\/\/www.webdo.tn\/fr\/wp-json\/wp\/v2\/posts\/199567","targetHints":{"allow":["GET"]}}],"collection":[{"href":"https:\/\/www.webdo.tn\/fr\/wp-json\/wp\/v2\/posts"}],"about":[{"href":"https:\/\/www.webdo.tn\/fr\/wp-json\/wp\/v2\/types\/post"}],"author":[{"embeddable":true,"href":"https:\/\/www.webdo.tn\/fr\/wp-json\/wp\/v2\/users\/3175"}],"replies":[{"embeddable":true,"href":"https:\/\/www.webdo.tn\/fr\/wp-json\/wp\/v2\/comments?post=199567"}],"version-history":[{"count":0,"href":"https:\/\/www.webdo.tn\/fr\/wp-json\/wp\/v2\/posts\/199567\/revisions"}],"wp:featuredmedia":[{"embeddable":true,"href":"https:\/\/www.webdo.tn\/fr\/wp-json\/wp\/v2\/media\/277356"}],"wp:attachment":[{"href":"https:\/\/www.webdo.tn\/fr\/wp-json\/wp\/v2\/media?parent=199567"}],"wp:term":[{"taxonomy":"category","embeddable":true,"href":"https:\/\/www.webdo.tn\/fr\/wp-json\/wp\/v2\/categories?post=199567"},{"taxonomy":"post_tag","embeddable":true,"href":"https:\/\/www.webdo.tn\/fr\/wp-json\/wp\/v2\/tags?post=199567"}],"curies":[{"name":"wp","href":"https:\/\/api.w.org\/{rel}","templated":true}]}}