{"id":199557,"date":"2022-11-29T19:44:00","date_gmt":"2022-11-29T19:44:00","guid":{"rendered":"https:\/\/www.webdo.tn\/fr\/actualite\/blog\/mondial-2022-le-senegal-et-les-pays-bas-en-huitiemes-de-finale\/199557\/"},"modified":"2025-05-22T11:42:56","modified_gmt":"2025-05-22T11:42:56","slug":"mondial-2022-le-senegal-et-les-pays-bas-en-huitiemes-de-finale","status":"publish","type":"post","link":"https:\/\/www.webdo.tn\/fr\/actualite\/sport\/mondial-2022-le-senegal-et-les-pays-bas-en-huitiemes-de-finale\/199557\/","title":{"rendered":"Mondial-2022 : le S\u00e9n\u00e9gal et les Pays-Bas en huiti\u00e8mes de finale"},"content":{"rendered":"<p>Le S\u00e9n\u00e9gal et les Pays-Bas se sont qualifi\u00e9s en huiti\u00e8mes de finale du Mondial-2022 en battant, respectivement, l&rsquo;Equateur 2-1 et le Qatar 2-0, aujourd\u2019hui lors de la troisi\u00e8me et derni\u00e8re journ\u00e9e de la phase de poules (Gr. A).<\/p>\n<p> Le S\u00e9n\u00e9gal, champion d&rsquo;Afrique en titre qui devait absolument gagner pour se qualifier, s&rsquo;est impos\u00e9 gr\u00e2ce \u00e0 un penalty d&rsquo;Isma\u00efla Sarr juste avant la mi-temps (44\u2019), puis par son capitaine Kalidou Koulibali (70\u2019).<\/p>\n<p>De leur c\u00f4t\u00e9, les Pays-Bas ont arrach\u00e9 leur billet pour les huiti\u00e8mes de finale en infligeant au Qatar sa troisi\u00e8me d\u00e9faite en trois matches gr\u00e2ce \u00e0 deux buts de Cody Gakpo (27\u2019) et de Frenkie De Jong (49\u2019).<\/p>\n<p>Les Pays-Bas joueront leur huiti\u00e8me de finale, samedi prochain \u00e0 16h00 face au 2\u00e8me du Groupe B. Le S\u00e9n\u00e9gal, quant \u00e0 lui, affrontera, dimanche prochain \u00e0 20h00, le 1er du Groupe B.<\/p>\n","protected":false},"excerpt":{"rendered":"<p>Le S\u00e9n\u00e9gal et les Pays-Bas se sont qualifi\u00e9s en huiti\u00e8mes de finale du Mondial-2022 en battant, respectivement, l&rsquo;Equateur 2-1 et le Qatar 2-0, aujourd\u2019hui lors&#8230;<\/p>\n","protected":false},"author":3162,"featured_media":348526,"comment_status":"open","ping_status":"closed","sticky":false,"template":"","format":"standard","meta":{"footnotes":""},"categories":[2593],"tags":[4066,3195,8928],"class_list":["post-199557","post","type-post","status-publish","format-standard","has-post-thumbnail","hentry","category-sport","tag-coupe-du-monde","tag-huitiemes-de-finale","tag-mondial-2022"],"yoast_head":"<!-- This site is optimized with the Yoast SEO Premium plugin v27.5 (Yoast SEO v27.5) - https:\/\/yoast.com\/product\/yoast-seo-premium-wordpress\/ -->\n<title>Mondial-2022 : le S\u00e9n\u00e9gal et les Pays-Bas en huiti\u00e8mes de finale<\/title>\n<meta name=\"description\" content=\"Le S\u00e9n\u00e9gal et les Pays-Bas se sont qualifi\u00e9s en huiti\u00e8mes de finale du Mondial-2022 en battant, respectivement, l&#039;Equateur 2-1 et le Qatar 2-0, aujourd\u2019hui lors...\" \/>\n<link rel=\"canonical\" href=\"https:\/\/www.webdo.tn\/fr\/actualite\/sport\/mondial-2022-le-senegal-et-les-pays-bas-en-huitiemes-de-finale\/199557\/\" \/>\n<meta property=\"og:locale\" content=\"fr_FR\" \/>\n<meta property=\"og:type\" content=\"article\" \/>\n<meta property=\"og:title\" content=\"Mondial-2022 : le S\u00e9n\u00e9gal et les Pays-Bas en huiti\u00e8mes de finale\" \/>\n<meta property=\"og:description\" content=\"Le S\u00e9n\u00e9gal et les Pays-Bas se sont qualifi\u00e9s en huiti\u00e8mes de finale du Mondial-2022 en battant, respectivement, l&#039;Equateur 2-1 et le Qatar 2-0, aujourd\u2019hui lors...\" \/>\n<meta property=\"og:url\" content=\"https:\/\/www.webdo.tn\/fr\/actualite\/sport\/mondial-2022-le-senegal-et-les-pays-bas-en-huitiemes-de-finale\/199557\/\" \/>\n<meta property=\"og:site_name\" content=\"webdo\" \/>\n<meta property=\"article:publisher\" content=\"https:\/\/www.facebook.com\/webdotn\" \/>\n<meta property=\"article:published_time\" content=\"2022-11-29T19:44:00+00:00\" \/>\n<meta property=\"article:modified_time\" content=\"2025-05-22T11:42:56+00:00\" \/>\n<meta property=\"og:image\" content=\"https:\/\/www.webdo.tn\/fr\/wp-content\/uploads\/2022\/11\/61d704338cb826fdd87e426b5867b94a.jpg\" \/>\n\t<meta property=\"og:image:width\" content=\"750\" \/>\n\t<meta property=\"og:image:height\" content=\"400\" \/>\n\t<meta property=\"og:image:type\" content=\"image\/jpeg\" \/>\n<meta name=\"author\" content=\"MC\" \/>\n<meta name=\"twitter:card\" content=\"summary_large_image\" \/>\n<meta name=\"twitter:creator\" content=\"@webdo_tn\" \/>\n<meta name=\"twitter:site\" content=\"@webdo_tn\" \/>\n<meta name=\"twitter:label1\" content=\"\u00c9crit par\" \/>\n\t<meta name=\"twitter:data1\" content=\"MC\" \/>\n\t<meta name=\"twitter:label2\" content=\"Dur\u00e9e de lecture estim\u00e9e\" \/>\n\t<meta name=\"twitter:data2\" content=\"1 minute\" \/>\n<script type=\"application\/ld+json\" class=\"yoast-schema-graph\">{\"@context\":\"https:\\\/\\\/schema.org\",\"@graph\":[{\"@type\":\"NewsArticle\",\"@id\":\"https:\\\/\\\/www.webdo.tn\\\/fr\\\/actualite\\\/sport\\\/mondial-2022-le-senegal-et-les-pays-bas-en-huitiemes-de-finale\\\/199557\\\/#article\",\"isPartOf\":{\"@id\":\"https:\\\/\\\/www.webdo.tn\\\/fr\\\/actualite\\\/sport\\\/mondial-2022-le-senegal-et-les-pays-bas-en-huitiemes-de-finale\\\/199557\\\/\"},\"author\":{\"name\":\"MC\",\"@id\":\"https:\\\/\\\/www.webdo.tn\\\/fr\\\/#\\\/schema\\\/person\\\/2c4929cbf5a809e3bd38617c6ce150f6\"},\"headline\":\"Mondial-2022 : le S\u00e9n\u00e9gal et les Pays-Bas en huiti\u00e8mes de finale\",\"datePublished\":\"2022-11-29T19:44:00+00:00\",\"dateModified\":\"2025-05-22T11:42:56+00:00\",\"mainEntityOfPage\":{\"@id\":\"https:\\\/\\\/www.webdo.tn\\\/fr\\\/actualite\\\/sport\\\/mondial-2022-le-senegal-et-les-pays-bas-en-huitiemes-de-finale\\\/199557\\\/\"},\"wordCount\":169,\"commentCount\":0,\"publisher\":{\"@id\":\"https:\\\/\\\/www.webdo.tn\\\/fr\\\/#organization\"},\"image\":{\"@id\":\"https:\\\/\\\/www.webdo.tn\\\/fr\\\/actualite\\\/sport\\\/mondial-2022-le-senegal-et-les-pays-bas-en-huitiemes-de-finale\\\/199557\\\/#primaryimage\"},\"thumbnailUrl\":\"https:\\\/\\\/www.webdo.tn\\\/fr\\\/wp-content\\\/uploads\\\/2022\\\/11\\\/61d704338cb826fdd87e426b5867b94a.jpg\",\"keywords\":[\"Coupe du Monde\",\"huiti\u00e8mes de finale\",\"mondial 2022\"],\"articleSection\":[\"Sport\"],\"inLanguage\":\"fr-FR\"},{\"@type\":\"WebPage\",\"@id\":\"https:\\\/\\\/www.webdo.tn\\\/fr\\\/actualite\\\/sport\\\/mondial-2022-le-senegal-et-les-pays-bas-en-huitiemes-de-finale\\\/199557\\\/\",\"url\":\"https:\\\/\\\/www.webdo.tn\\\/fr\\\/actualite\\\/sport\\\/mondial-2022-le-senegal-et-les-pays-bas-en-huitiemes-de-finale\\\/199557\\\/\",\"name\":\"Mondial-2022 : le S\u00e9n\u00e9gal et les Pays-Bas en huiti\u00e8mes de finale\",\"isPartOf\":{\"@id\":\"https:\\\/\\\/www.webdo.tn\\\/fr\\\/#website\"},\"primaryImageOfPage\":{\"@id\":\"https:\\\/\\\/www.webdo.tn\\\/fr\\\/actualite\\\/sport\\\/mondial-2022-le-senegal-et-les-pays-bas-en-huitiemes-de-finale\\\/199557\\\/#primaryimage\"},\"image\":{\"@id\":\"https:\\\/\\\/www.webdo.tn\\\/fr\\\/actualite\\\/sport\\\/mondial-2022-le-senegal-et-les-pays-bas-en-huitiemes-de-finale\\\/199557\\\/#primaryimage\"},\"thumbnailUrl\":\"https:\\\/\\\/www.webdo.tn\\\/fr\\\/wp-content\\\/uploads\\\/2022\\\/11\\\/61d704338cb826fdd87e426b5867b94a.jpg\",\"datePublished\":\"2022-11-29T19:44:00+00:00\",\"dateModified\":\"2025-05-22T11:42:56+00:00\",\"description\":\"Le S\u00e9n\u00e9gal et les Pays-Bas se sont qualifi\u00e9s en huiti\u00e8mes de finale du Mondial-2022 en battant, respectivement, l'Equateur 2-1 et le Qatar 2-0, aujourd\u2019hui lors...\",\"breadcrumb\":{\"@id\":\"https:\\\/\\\/www.webdo.tn\\\/fr\\\/actualite\\\/sport\\\/mondial-2022-le-senegal-et-les-pays-bas-en-huitiemes-de-finale\\\/199557\\\/#breadcrumb\"},\"inLanguage\":\"fr-FR\",\"potentialAction\":[{\"@type\":\"ReadAction\",\"target\":[\"https:\\\/\\\/www.webdo.tn\\\/fr\\\/actualite\\\/sport\\\/mondial-2022-le-senegal-et-les-pays-bas-en-huitiemes-de-finale\\\/199557\\\/\"]}]},{\"@type\":\"ImageObject\",\"inLanguage\":\"fr-FR\",\"@id\":\"https:\\\/\\\/www.webdo.tn\\\/fr\\\/actualite\\\/sport\\\/mondial-2022-le-senegal-et-les-pays-bas-en-huitiemes-de-finale\\\/199557\\\/#primaryimage\",\"url\":\"https:\\\/\\\/www.webdo.tn\\\/fr\\\/wp-content\\\/uploads\\\/2022\\\/11\\\/61d704338cb826fdd87e426b5867b94a.jpg\",\"contentUrl\":\"https:\\\/\\\/www.webdo.tn\\\/fr\\\/wp-content\\\/uploads\\\/2022\\\/11\\\/61d704338cb826fdd87e426b5867b94a.jpg\",\"width\":750,\"height\":400,\"caption\":\"Mondial-2022 : le S\u00e9n\u00e9gal et les Pays-Bas en huiti\u00e8mes de finale\"},{\"@type\":\"BreadcrumbList\",\"@id\":\"https:\\\/\\\/www.webdo.tn\\\/fr\\\/actualite\\\/sport\\\/mondial-2022-le-senegal-et-les-pays-bas-en-huitiemes-de-finale\\\/199557\\\/#breadcrumb\",\"itemListElement\":[{\"@type\":\"ListItem\",\"position\":1,\"name\":\"Accueil\",\"item\":\"https:\\\/\\\/www.webdo.tn\\\/fr\\\/\"},{\"@type\":\"ListItem\",\"position\":2,\"name\":\"Mondial-2022 : le S\u00e9n\u00e9gal et les Pays-Bas en huiti\u00e8mes de finale\"}]},{\"@type\":\"WebSite\",\"@id\":\"https:\\\/\\\/www.webdo.tn\\\/fr\\\/#website\",\"url\":\"https:\\\/\\\/www.webdo.tn\\\/fr\\\/\",\"name\":\"webdo\",\"description\":\"Tunisie - News en Tunisie et \u00e0 l&#039;international sur Webdo.tn\",\"publisher\":{\"@id\":\"https:\\\/\\\/www.webdo.tn\\\/fr\\\/#organization\"},\"potentialAction\":[{\"@type\":\"SearchAction\",\"target\":{\"@type\":\"EntryPoint\",\"urlTemplate\":\"https:\\\/\\\/www.webdo.tn\\\/fr\\\/?s={search_term_string}\"},\"query-input\":{\"@type\":\"PropertyValueSpecification\",\"valueRequired\":true,\"valueName\":\"search_term_string\"}}],\"inLanguage\":\"fr-FR\"},{\"@type\":\"Organization\",\"@id\":\"https:\\\/\\\/www.webdo.tn\\\/fr\\\/#organization\",\"name\":\"Webdo\",\"alternateName\":\"Webdo.tn\",\"url\":\"https:\\\/\\\/www.webdo.tn\\\/fr\\\/\",\"logo\":{\"@type\":\"ImageObject\",\"inLanguage\":\"fr-FR\",\"@id\":\"https:\\\/\\\/www.webdo.tn\\\/fr\\\/#\\\/schema\\\/logo\\\/image\\\/\",\"url\":\"https:\\\/\\\/www.webdo.tn\\\/fr\\\/wp-content\\\/uploads\\\/2025\\\/06\\\/Webdo-Tunisie_168377.jpg\",\"contentUrl\":\"https:\\\/\\\/www.webdo.tn\\\/fr\\\/wp-content\\\/uploads\\\/2025\\\/06\\\/Webdo-Tunisie_168377.jpg\",\"width\":301,\"height\":301,\"caption\":\"Webdo\"},\"image\":{\"@id\":\"https:\\\/\\\/www.webdo.tn\\\/fr\\\/#\\\/schema\\\/logo\\\/image\\\/\"},\"sameAs\":[\"https:\\\/\\\/www.facebook.com\\\/webdotn\",\"https:\\\/\\\/x.com\\\/webdo_tn\"],\"description\":\"Webdo est un m\u00e9dia num\u00e9rique tunisien fond\u00e9 en 2010, sp\u00e9cialis\u00e9 dans l\u2019actualit\u00e9 nationale et internationale, l\u2019\u00e9conomie, la soci\u00e9t\u00e9 et les analyses politiques. Le site s\u2019adresse \u00e0 un large public francophone et couvre l\u2019information tunisienne en temps r\u00e9el.\",\"email\":\"redac@webdo.tn\",\"legalName\":\"YNJ SARL\",\"foundingDate\":\"2010-09-06\",\"numberOfEmployees\":{\"@type\":\"QuantitativeValue\",\"minValue\":\"11\",\"maxValue\":\"50\"}},{\"@type\":\"Person\",\"@id\":\"https:\\\/\\\/www.webdo.tn\\\/fr\\\/#\\\/schema\\\/person\\\/2c4929cbf5a809e3bd38617c6ce150f6\",\"name\":\"MC\",\"image\":{\"@type\":\"ImageObject\",\"inLanguage\":\"fr-FR\",\"@id\":\"https:\\\/\\\/secure.gravatar.com\\\/avatar\\\/a545bbb6f84efdd5553dbbc2895e3ca8f1d12c5215e00a041c9670b54aa9b18a?s=96&d=mm&r=g\",\"url\":\"https:\\\/\\\/secure.gravatar.com\\\/avatar\\\/a545bbb6f84efdd5553dbbc2895e3ca8f1d12c5215e00a041c9670b54aa9b18a?s=96&d=mm&r=g\",\"contentUrl\":\"https:\\\/\\\/secure.gravatar.com\\\/avatar\\\/a545bbb6f84efdd5553dbbc2895e3ca8f1d12c5215e00a041c9670b54aa9b18a?s=96&d=mm&r=g\",\"caption\":\"MC\"},\"url\":\"https:\\\/\\\/www.webdo.tn\\\/fr\\\/actualite\\\/author\\\/mc\\\/\"}]}<\/script>\n<!-- \/ Yoast SEO Premium plugin. -->","yoast_head_json":{"title":"Mondial-2022 : le S\u00e9n\u00e9gal et les Pays-Bas en huiti\u00e8mes de finale","description":"Le S\u00e9n\u00e9gal et les Pays-Bas se sont qualifi\u00e9s en huiti\u00e8mes de finale du Mondial-2022 en battant, respectivement, l'Equateur 2-1 et le Qatar 2-0, aujourd\u2019hui lors...","canonical":"https:\/\/www.webdo.tn\/fr\/actualite\/sport\/mondial-2022-le-senegal-et-les-pays-bas-en-huitiemes-de-finale\/199557\/","og_locale":"fr_FR","og_type":"article","og_title":"Mondial-2022 : le S\u00e9n\u00e9gal et les Pays-Bas en huiti\u00e8mes de finale","og_description":"Le S\u00e9n\u00e9gal et les Pays-Bas se sont qualifi\u00e9s en huiti\u00e8mes de finale du Mondial-2022 en battant, respectivement, l'Equateur 2-1 et le Qatar 2-0, aujourd\u2019hui lors...","og_url":"https:\/\/www.webdo.tn\/fr\/actualite\/sport\/mondial-2022-le-senegal-et-les-pays-bas-en-huitiemes-de-finale\/199557\/","og_site_name":"webdo","article_publisher":"https:\/\/www.facebook.com\/webdotn","article_published_time":"2022-11-29T19:44:00+00:00","article_modified_time":"2025-05-22T11:42:56+00:00","og_image":[{"width":750,"height":400,"url":"https:\/\/www.webdo.tn\/fr\/wp-content\/uploads\/2022\/11\/61d704338cb826fdd87e426b5867b94a.jpg","type":"image\/jpeg"}],"author":"MC","twitter_card":"summary_large_image","twitter_creator":"@webdo_tn","twitter_site":"@webdo_tn","twitter_misc":{"\u00c9crit par":"MC","Dur\u00e9e de lecture estim\u00e9e":"1 minute"},"schema":{"@context":"https:\/\/schema.org","@graph":[{"@type":"NewsArticle","@id":"https:\/\/www.webdo.tn\/fr\/actualite\/sport\/mondial-2022-le-senegal-et-les-pays-bas-en-huitiemes-de-finale\/199557\/#article","isPartOf":{"@id":"https:\/\/www.webdo.tn\/fr\/actualite\/sport\/mondial-2022-le-senegal-et-les-pays-bas-en-huitiemes-de-finale\/199557\/"},"author":{"name":"MC","@id":"https:\/\/www.webdo.tn\/fr\/#\/schema\/person\/2c4929cbf5a809e3bd38617c6ce150f6"},"headline":"Mondial-2022 : le S\u00e9n\u00e9gal et les Pays-Bas en huiti\u00e8mes de finale","datePublished":"2022-11-29T19:44:00+00:00","dateModified":"2025-05-22T11:42:56+00:00","mainEntityOfPage":{"@id":"https:\/\/www.webdo.tn\/fr\/actualite\/sport\/mondial-2022-le-senegal-et-les-pays-bas-en-huitiemes-de-finale\/199557\/"},"wordCount":169,"commentCount":0,"publisher":{"@id":"https:\/\/www.webdo.tn\/fr\/#organization"},"image":{"@id":"https:\/\/www.webdo.tn\/fr\/actualite\/sport\/mondial-2022-le-senegal-et-les-pays-bas-en-huitiemes-de-finale\/199557\/#primaryimage"},"thumbnailUrl":"https:\/\/www.webdo.tn\/fr\/wp-content\/uploads\/2022\/11\/61d704338cb826fdd87e426b5867b94a.jpg","keywords":["Coupe du Monde","huiti\u00e8mes de finale","mondial 2022"],"articleSection":["Sport"],"inLanguage":"fr-FR"},{"@type":"WebPage","@id":"https:\/\/www.webdo.tn\/fr\/actualite\/sport\/mondial-2022-le-senegal-et-les-pays-bas-en-huitiemes-de-finale\/199557\/","url":"https:\/\/www.webdo.tn\/fr\/actualite\/sport\/mondial-2022-le-senegal-et-les-pays-bas-en-huitiemes-de-finale\/199557\/","name":"Mondial-2022 : le S\u00e9n\u00e9gal et les Pays-Bas en huiti\u00e8mes de finale","isPartOf":{"@id":"https:\/\/www.webdo.tn\/fr\/#website"},"primaryImageOfPage":{"@id":"https:\/\/www.webdo.tn\/fr\/actualite\/sport\/mondial-2022-le-senegal-et-les-pays-bas-en-huitiemes-de-finale\/199557\/#primaryimage"},"image":{"@id":"https:\/\/www.webdo.tn\/fr\/actualite\/sport\/mondial-2022-le-senegal-et-les-pays-bas-en-huitiemes-de-finale\/199557\/#primaryimage"},"thumbnailUrl":"https:\/\/www.webdo.tn\/fr\/wp-content\/uploads\/2022\/11\/61d704338cb826fdd87e426b5867b94a.jpg","datePublished":"2022-11-29T19:44:00+00:00","dateModified":"2025-05-22T11:42:56+00:00","description":"Le S\u00e9n\u00e9gal et les Pays-Bas se sont qualifi\u00e9s en huiti\u00e8mes de finale du Mondial-2022 en battant, respectivement, l'Equateur 2-1 et le Qatar 2-0, aujourd\u2019hui lors...","breadcrumb":{"@id":"https:\/\/www.webdo.tn\/fr\/actualite\/sport\/mondial-2022-le-senegal-et-les-pays-bas-en-huitiemes-de-finale\/199557\/#breadcrumb"},"inLanguage":"fr-FR","potentialAction":[{"@type":"ReadAction","target":["https:\/\/www.webdo.tn\/fr\/actualite\/sport\/mondial-2022-le-senegal-et-les-pays-bas-en-huitiemes-de-finale\/199557\/"]}]},{"@type":"ImageObject","inLanguage":"fr-FR","@id":"https:\/\/www.webdo.tn\/fr\/actualite\/sport\/mondial-2022-le-senegal-et-les-pays-bas-en-huitiemes-de-finale\/199557\/#primaryimage","url":"https:\/\/www.webdo.tn\/fr\/wp-content\/uploads\/2022\/11\/61d704338cb826fdd87e426b5867b94a.jpg","contentUrl":"https:\/\/www.webdo.tn\/fr\/wp-content\/uploads\/2022\/11\/61d704338cb826fdd87e426b5867b94a.jpg","width":750,"height":400,"caption":"Mondial-2022 : le S\u00e9n\u00e9gal et les Pays-Bas en huiti\u00e8mes de finale"},{"@type":"BreadcrumbList","@id":"https:\/\/www.webdo.tn\/fr\/actualite\/sport\/mondial-2022-le-senegal-et-les-pays-bas-en-huitiemes-de-finale\/199557\/#breadcrumb","itemListElement":[{"@type":"ListItem","position":1,"name":"Accueil","item":"https:\/\/www.webdo.tn\/fr\/"},{"@type":"ListItem","position":2,"name":"Mondial-2022 : le S\u00e9n\u00e9gal et les Pays-Bas en huiti\u00e8mes de finale"}]},{"@type":"WebSite","@id":"https:\/\/www.webdo.tn\/fr\/#website","url":"https:\/\/www.webdo.tn\/fr\/","name":"webdo","description":"Tunisie - News en Tunisie et \u00e0 l&#039;international sur Webdo.tn","publisher":{"@id":"https:\/\/www.webdo.tn\/fr\/#organization"},"potentialAction":[{"@type":"SearchAction","target":{"@type":"EntryPoint","urlTemplate":"https:\/\/www.webdo.tn\/fr\/?s={search_term_string}"},"query-input":{"@type":"PropertyValueSpecification","valueRequired":true,"valueName":"search_term_string"}}],"inLanguage":"fr-FR"},{"@type":"Organization","@id":"https:\/\/www.webdo.tn\/fr\/#organization","name":"Webdo","alternateName":"Webdo.tn","url":"https:\/\/www.webdo.tn\/fr\/","logo":{"@type":"ImageObject","inLanguage":"fr-FR","@id":"https:\/\/www.webdo.tn\/fr\/#\/schema\/logo\/image\/","url":"https:\/\/www.webdo.tn\/fr\/wp-content\/uploads\/2025\/06\/Webdo-Tunisie_168377.jpg","contentUrl":"https:\/\/www.webdo.tn\/fr\/wp-content\/uploads\/2025\/06\/Webdo-Tunisie_168377.jpg","width":301,"height":301,"caption":"Webdo"},"image":{"@id":"https:\/\/www.webdo.tn\/fr\/#\/schema\/logo\/image\/"},"sameAs":["https:\/\/www.facebook.com\/webdotn","https:\/\/x.com\/webdo_tn"],"description":"Webdo est un m\u00e9dia num\u00e9rique tunisien fond\u00e9 en 2010, sp\u00e9cialis\u00e9 dans l\u2019actualit\u00e9 nationale et internationale, l\u2019\u00e9conomie, la soci\u00e9t\u00e9 et les analyses politiques. Le site s\u2019adresse \u00e0 un large public francophone et couvre l\u2019information tunisienne en temps r\u00e9el.","email":"redac@webdo.tn","legalName":"YNJ SARL","foundingDate":"2010-09-06","numberOfEmployees":{"@type":"QuantitativeValue","minValue":"11","maxValue":"50"}},{"@type":"Person","@id":"https:\/\/www.webdo.tn\/fr\/#\/schema\/person\/2c4929cbf5a809e3bd38617c6ce150f6","name":"MC","image":{"@type":"ImageObject","inLanguage":"fr-FR","@id":"https:\/\/secure.gravatar.com\/avatar\/a545bbb6f84efdd5553dbbc2895e3ca8f1d12c5215e00a041c9670b54aa9b18a?s=96&d=mm&r=g","url":"https:\/\/secure.gravatar.com\/avatar\/a545bbb6f84efdd5553dbbc2895e3ca8f1d12c5215e00a041c9670b54aa9b18a?s=96&d=mm&r=g","contentUrl":"https:\/\/secure.gravatar.com\/avatar\/a545bbb6f84efdd5553dbbc2895e3ca8f1d12c5215e00a041c9670b54aa9b18a?s=96&d=mm&r=g","caption":"MC"},"url":"https:\/\/www.webdo.tn\/fr\/actualite\/author\/mc\/"}]}},"_links":{"self":[{"href":"https:\/\/www.webdo.tn\/fr\/wp-json\/wp\/v2\/posts\/199557","targetHints":{"allow":["GET"]}}],"collection":[{"href":"https:\/\/www.webdo.tn\/fr\/wp-json\/wp\/v2\/posts"}],"about":[{"href":"https:\/\/www.webdo.tn\/fr\/wp-json\/wp\/v2\/types\/post"}],"author":[{"embeddable":true,"href":"https:\/\/www.webdo.tn\/fr\/wp-json\/wp\/v2\/users\/3162"}],"replies":[{"embeddable":true,"href":"https:\/\/www.webdo.tn\/fr\/wp-json\/wp\/v2\/comments?post=199557"}],"version-history":[{"count":0,"href":"https:\/\/www.webdo.tn\/fr\/wp-json\/wp\/v2\/posts\/199557\/revisions"}],"wp:featuredmedia":[{"embeddable":true,"href":"https:\/\/www.webdo.tn\/fr\/wp-json\/wp\/v2\/media\/348526"}],"wp:attachment":[{"href":"https:\/\/www.webdo.tn\/fr\/wp-json\/wp\/v2\/media?parent=199557"}],"wp:term":[{"taxonomy":"category","embeddable":true,"href":"https:\/\/www.webdo.tn\/fr\/wp-json\/wp\/v2\/categories?post=199557"},{"taxonomy":"post_tag","embeddable":true,"href":"https:\/\/www.webdo.tn\/fr\/wp-json\/wp\/v2\/tags?post=199557"}],"curies":[{"name":"wp","href":"https:\/\/api.w.org\/{rel}","templated":true}]}}