{"id":199545,"date":"2022-11-29T14:07:00","date_gmt":"2022-11-29T14:07:00","guid":{"rendered":"https:\/\/www.webdo.tn\/fr\/actualite\/blog\/jalel-kadri-et-montassar-talbi-reagissent-aux-declarations-de-issam-jomaa\/199545\/"},"modified":"2025-05-22T11:42:53","modified_gmt":"2025-05-22T11:42:53","slug":"jalel-kadri-et-montassar-talbi-reagissent-aux-declarations-de-issam-jomaa","status":"publish","type":"post","link":"https:\/\/www.webdo.tn\/fr\/actualite\/sport\/jalel-kadri-et-montassar-talbi-reagissent-aux-declarations-de-issam-jomaa\/199545\/","title":{"rendered":"Jalel Kadri et Montassar Talbi r\u00e9agissent  aux d\u00e9clarations de Issam Jom\u00e2a"},"content":{"rendered":"<p>Le s\u00e9lectionneur national, Jalel Kadri, est revenu, lors de la conf\u00e9rence de presse d\u2019avant la rencontre qui opposera la Tunisie \u00e0 la France, sur les r\u00e9centes d\u00e9clarations de Issam Jom\u00e2a.<\/p>\n<p> Kadri a indiqu\u00e9 qu\u2019il \u00ab regrette d\u2019entendre ce genre de d\u00e9clarations \u00bb et qu\u2019il \u00ab ne veut pas y r\u00e9pondre \u00bb.<\/p>\n<p>De son c\u00f4t\u00e9, le d\u00e9fenseur axial des Aigles de Carthage, Montassar Talbi, a affirm\u00e9 que ces d\u00e9clarations \u00ab n&rsquo;ont eu aucun impact sur le groupe et qu&rsquo;ils \u00e9taient concentr\u00e9s sur le match contre la France \u00bb.<\/p>\n<p>Le buteur historique de la Tunisie avait d\u00e9clar\u00e9, au micro de la radio IFM, entre autres, que Seifeddine Jaziri a \u00e9t\u00e9 convoqu\u00e9 parce que Wajih Jary, le fr\u00e8re du pr\u00e9sident de la FTF, Wadii Jary, lui doit de l\u2019argent.<\/p>\n","protected":false},"excerpt":{"rendered":"<p>Le s\u00e9lectionneur national, Jalel Kadri, est revenu, lors de la conf\u00e9rence de presse d\u2019avant la rencontre qui opposera la Tunisie \u00e0 la France, sur les r\u00e9centes d&#8230;<\/p>\n","protected":false},"author":3196,"featured_media":348523,"comment_status":"open","ping_status":"closed","sticky":false,"template":"","format":"standard","meta":{"footnotes":""},"categories":[2593],"tags":[11510,7137,7349],"class_list":["post-199545","post","type-post","status-publish","format-standard","has-post-thumbnail","hentry","category-sport","tag-issam-jomaa","tag-jalel-kadri","tag-montassar-talbi"],"yoast_head":"<!-- This site is optimized with the Yoast SEO Premium plugin v27.4 (Yoast SEO v27.5) - https:\/\/yoast.com\/product\/yoast-seo-premium-wordpress\/ -->\n<title>Jalel Kadri et Montassar Talbi r\u00e9agissent aux d\u00e9clarations de Issam Jom\u00e2a<\/title>\n<meta name=\"description\" content=\"Le s\u00e9lectionneur national, Jalel Kadri, est revenu, lors de la conf\u00e9rence de presse d\u2019avant la rencontre qui opposera la Tunisie \u00e0 la France, sur les r\u00e9centes d...\" \/>\n<link rel=\"canonical\" href=\"https:\/\/www.webdo.tn\/fr\/actualite\/sport\/jalel-kadri-et-montassar-talbi-reagissent-aux-declarations-de-issam-jomaa\/199545\/\" \/>\n<meta property=\"og:locale\" content=\"fr_FR\" \/>\n<meta property=\"og:type\" content=\"article\" \/>\n<meta property=\"og:title\" content=\"Jalel Kadri et Montassar Talbi r\u00e9agissent aux d\u00e9clarations de Issam Jom\u00e2a\" \/>\n<meta property=\"og:description\" content=\"Le s\u00e9lectionneur national, Jalel Kadri, est revenu, lors de la conf\u00e9rence de presse d\u2019avant la rencontre qui opposera la Tunisie \u00e0 la France, sur les r\u00e9centes d...\" \/>\n<meta property=\"og:url\" content=\"https:\/\/www.webdo.tn\/fr\/actualite\/sport\/jalel-kadri-et-montassar-talbi-reagissent-aux-declarations-de-issam-jomaa\/199545\/\" \/>\n<meta property=\"og:site_name\" content=\"webdo\" \/>\n<meta property=\"article:publisher\" content=\"https:\/\/www.facebook.com\/webdotn\" \/>\n<meta property=\"article:published_time\" content=\"2022-11-29T14:07:00+00:00\" \/>\n<meta property=\"article:modified_time\" content=\"2025-05-22T11:42:53+00:00\" \/>\n<meta property=\"og:image\" content=\"https:\/\/www.webdo.tn\/fr\/wp-content\/uploads\/2022\/11\/3aa940155d44d97ca1aa67dc4d3e7c51.jpg\" \/>\n\t<meta property=\"og:image:width\" content=\"750\" \/>\n\t<meta property=\"og:image:height\" content=\"400\" \/>\n\t<meta property=\"og:image:type\" content=\"image\/jpeg\" \/>\n<meta name=\"author\" content=\"MK\" \/>\n<meta name=\"twitter:card\" content=\"summary_large_image\" \/>\n<meta name=\"twitter:creator\" content=\"@webdo_tn\" \/>\n<meta name=\"twitter:site\" content=\"@webdo_tn\" \/>\n<meta name=\"twitter:label1\" content=\"\u00c9crit par\" \/>\n\t<meta name=\"twitter:data1\" content=\"MK\" \/>\n\t<meta name=\"twitter:label2\" content=\"Dur\u00e9e de lecture estim\u00e9e\" \/>\n\t<meta name=\"twitter:data2\" content=\"1 minute\" \/>\n<script type=\"application\/ld+json\" class=\"yoast-schema-graph\">{\"@context\":\"https:\\\/\\\/schema.org\",\"@graph\":[{\"@type\":\"NewsArticle\",\"@id\":\"https:\\\/\\\/www.webdo.tn\\\/fr\\\/actualite\\\/sport\\\/jalel-kadri-et-montassar-talbi-reagissent-aux-declarations-de-issam-jomaa\\\/199545\\\/#article\",\"isPartOf\":{\"@id\":\"https:\\\/\\\/www.webdo.tn\\\/fr\\\/actualite\\\/sport\\\/jalel-kadri-et-montassar-talbi-reagissent-aux-declarations-de-issam-jomaa\\\/199545\\\/\"},\"author\":{\"name\":\"MK\",\"@id\":\"https:\\\/\\\/www.webdo.tn\\\/fr\\\/#\\\/schema\\\/person\\\/c3a9d32fa6d495ca5f4b6510e3db97bf\"},\"headline\":\"Jalel Kadri et Montassar Talbi r\u00e9agissent aux d\u00e9clarations de Issam Jom\u00e2a\",\"datePublished\":\"2022-11-29T14:07:00+00:00\",\"dateModified\":\"2025-05-22T11:42:53+00:00\",\"mainEntityOfPage\":{\"@id\":\"https:\\\/\\\/www.webdo.tn\\\/fr\\\/actualite\\\/sport\\\/jalel-kadri-et-montassar-talbi-reagissent-aux-declarations-de-issam-jomaa\\\/199545\\\/\"},\"wordCount\":154,\"commentCount\":0,\"publisher\":{\"@id\":\"https:\\\/\\\/www.webdo.tn\\\/fr\\\/#organization\"},\"image\":{\"@id\":\"https:\\\/\\\/www.webdo.tn\\\/fr\\\/actualite\\\/sport\\\/jalel-kadri-et-montassar-talbi-reagissent-aux-declarations-de-issam-jomaa\\\/199545\\\/#primaryimage\"},\"thumbnailUrl\":\"https:\\\/\\\/www.webdo.tn\\\/fr\\\/wp-content\\\/uploads\\\/2022\\\/11\\\/3aa940155d44d97ca1aa67dc4d3e7c51.jpg\",\"keywords\":[\"Issam Jom\u00e2a\",\"Jalel Kadri\",\"Montassar Talbi\"],\"articleSection\":[\"Sport\"],\"inLanguage\":\"fr-FR\"},{\"@type\":\"WebPage\",\"@id\":\"https:\\\/\\\/www.webdo.tn\\\/fr\\\/actualite\\\/sport\\\/jalel-kadri-et-montassar-talbi-reagissent-aux-declarations-de-issam-jomaa\\\/199545\\\/\",\"url\":\"https:\\\/\\\/www.webdo.tn\\\/fr\\\/actualite\\\/sport\\\/jalel-kadri-et-montassar-talbi-reagissent-aux-declarations-de-issam-jomaa\\\/199545\\\/\",\"name\":\"Jalel Kadri et Montassar Talbi r\u00e9agissent aux d\u00e9clarations de Issam Jom\u00e2a\",\"isPartOf\":{\"@id\":\"https:\\\/\\\/www.webdo.tn\\\/fr\\\/#website\"},\"primaryImageOfPage\":{\"@id\":\"https:\\\/\\\/www.webdo.tn\\\/fr\\\/actualite\\\/sport\\\/jalel-kadri-et-montassar-talbi-reagissent-aux-declarations-de-issam-jomaa\\\/199545\\\/#primaryimage\"},\"image\":{\"@id\":\"https:\\\/\\\/www.webdo.tn\\\/fr\\\/actualite\\\/sport\\\/jalel-kadri-et-montassar-talbi-reagissent-aux-declarations-de-issam-jomaa\\\/199545\\\/#primaryimage\"},\"thumbnailUrl\":\"https:\\\/\\\/www.webdo.tn\\\/fr\\\/wp-content\\\/uploads\\\/2022\\\/11\\\/3aa940155d44d97ca1aa67dc4d3e7c51.jpg\",\"datePublished\":\"2022-11-29T14:07:00+00:00\",\"dateModified\":\"2025-05-22T11:42:53+00:00\",\"description\":\"Le s\u00e9lectionneur national, Jalel Kadri, est revenu, lors de la conf\u00e9rence de presse d\u2019avant la rencontre qui opposera la Tunisie \u00e0 la France, sur les r\u00e9centes d...\",\"breadcrumb\":{\"@id\":\"https:\\\/\\\/www.webdo.tn\\\/fr\\\/actualite\\\/sport\\\/jalel-kadri-et-montassar-talbi-reagissent-aux-declarations-de-issam-jomaa\\\/199545\\\/#breadcrumb\"},\"inLanguage\":\"fr-FR\",\"potentialAction\":[{\"@type\":\"ReadAction\",\"target\":[\"https:\\\/\\\/www.webdo.tn\\\/fr\\\/actualite\\\/sport\\\/jalel-kadri-et-montassar-talbi-reagissent-aux-declarations-de-issam-jomaa\\\/199545\\\/\"]}]},{\"@type\":\"ImageObject\",\"inLanguage\":\"fr-FR\",\"@id\":\"https:\\\/\\\/www.webdo.tn\\\/fr\\\/actualite\\\/sport\\\/jalel-kadri-et-montassar-talbi-reagissent-aux-declarations-de-issam-jomaa\\\/199545\\\/#primaryimage\",\"url\":\"https:\\\/\\\/www.webdo.tn\\\/fr\\\/wp-content\\\/uploads\\\/2022\\\/11\\\/3aa940155d44d97ca1aa67dc4d3e7c51.jpg\",\"contentUrl\":\"https:\\\/\\\/www.webdo.tn\\\/fr\\\/wp-content\\\/uploads\\\/2022\\\/11\\\/3aa940155d44d97ca1aa67dc4d3e7c51.jpg\",\"width\":750,\"height\":400,\"caption\":\"Jalel Kadri\"},{\"@type\":\"BreadcrumbList\",\"@id\":\"https:\\\/\\\/www.webdo.tn\\\/fr\\\/actualite\\\/sport\\\/jalel-kadri-et-montassar-talbi-reagissent-aux-declarations-de-issam-jomaa\\\/199545\\\/#breadcrumb\",\"itemListElement\":[{\"@type\":\"ListItem\",\"position\":1,\"name\":\"Accueil\",\"item\":\"https:\\\/\\\/www.webdo.tn\\\/fr\\\/\"},{\"@type\":\"ListItem\",\"position\":2,\"name\":\"Jalel Kadri et Montassar Talbi r\u00e9agissent aux d\u00e9clarations de Issam Jom\u00e2a\"}]},{\"@type\":\"WebSite\",\"@id\":\"https:\\\/\\\/www.webdo.tn\\\/fr\\\/#website\",\"url\":\"https:\\\/\\\/www.webdo.tn\\\/fr\\\/\",\"name\":\"webdo\",\"description\":\"Tunisie - News en Tunisie et \u00e0 l&#039;international sur Webdo.tn\",\"publisher\":{\"@id\":\"https:\\\/\\\/www.webdo.tn\\\/fr\\\/#organization\"},\"potentialAction\":[{\"@type\":\"SearchAction\",\"target\":{\"@type\":\"EntryPoint\",\"urlTemplate\":\"https:\\\/\\\/www.webdo.tn\\\/fr\\\/?s={search_term_string}\"},\"query-input\":{\"@type\":\"PropertyValueSpecification\",\"valueRequired\":true,\"valueName\":\"search_term_string\"}}],\"inLanguage\":\"fr-FR\"},{\"@type\":\"Organization\",\"@id\":\"https:\\\/\\\/www.webdo.tn\\\/fr\\\/#organization\",\"name\":\"Webdo\",\"alternateName\":\"Webdo.tn\",\"url\":\"https:\\\/\\\/www.webdo.tn\\\/fr\\\/\",\"logo\":{\"@type\":\"ImageObject\",\"inLanguage\":\"fr-FR\",\"@id\":\"https:\\\/\\\/www.webdo.tn\\\/fr\\\/#\\\/schema\\\/logo\\\/image\\\/\",\"url\":\"https:\\\/\\\/www.webdo.tn\\\/fr\\\/wp-content\\\/uploads\\\/2025\\\/06\\\/Webdo-Tunisie_168377.jpg\",\"contentUrl\":\"https:\\\/\\\/www.webdo.tn\\\/fr\\\/wp-content\\\/uploads\\\/2025\\\/06\\\/Webdo-Tunisie_168377.jpg\",\"width\":301,\"height\":301,\"caption\":\"Webdo\"},\"image\":{\"@id\":\"https:\\\/\\\/www.webdo.tn\\\/fr\\\/#\\\/schema\\\/logo\\\/image\\\/\"},\"sameAs\":[\"https:\\\/\\\/www.facebook.com\\\/webdotn\",\"https:\\\/\\\/x.com\\\/webdo_tn\"],\"description\":\"Webdo est un m\u00e9dia num\u00e9rique tunisien fond\u00e9 en 2010, sp\u00e9cialis\u00e9 dans l\u2019actualit\u00e9 nationale et internationale, l\u2019\u00e9conomie, la soci\u00e9t\u00e9 et les analyses politiques. Le site s\u2019adresse \u00e0 un large public francophone et couvre l\u2019information tunisienne en temps r\u00e9el.\",\"email\":\"redac@webdo.tn\",\"legalName\":\"YNJ SARL\",\"foundingDate\":\"2010-09-06\",\"numberOfEmployees\":{\"@type\":\"QuantitativeValue\",\"minValue\":\"11\",\"maxValue\":\"50\"}},{\"@type\":\"Person\",\"@id\":\"https:\\\/\\\/www.webdo.tn\\\/fr\\\/#\\\/schema\\\/person\\\/c3a9d32fa6d495ca5f4b6510e3db97bf\",\"name\":\"MK\",\"image\":{\"@type\":\"ImageObject\",\"inLanguage\":\"fr-FR\",\"@id\":\"https:\\\/\\\/secure.gravatar.com\\\/avatar\\\/6d44f937f19929f3b75db77056d3e08abd6e302e71bcfea340cd8b00c13e7baf?s=96&d=mm&r=g\",\"url\":\"https:\\\/\\\/secure.gravatar.com\\\/avatar\\\/6d44f937f19929f3b75db77056d3e08abd6e302e71bcfea340cd8b00c13e7baf?s=96&d=mm&r=g\",\"contentUrl\":\"https:\\\/\\\/secure.gravatar.com\\\/avatar\\\/6d44f937f19929f3b75db77056d3e08abd6e302e71bcfea340cd8b00c13e7baf?s=96&d=mm&r=g\",\"caption\":\"MK\"},\"url\":\"https:\\\/\\\/www.webdo.tn\\\/fr\\\/actualite\\\/author\\\/mk\\\/\"}]}<\/script>\n<!-- \/ Yoast SEO Premium plugin. -->","yoast_head_json":{"title":"Jalel Kadri et Montassar Talbi r\u00e9agissent aux d\u00e9clarations de Issam Jom\u00e2a","description":"Le s\u00e9lectionneur national, Jalel Kadri, est revenu, lors de la conf\u00e9rence de presse d\u2019avant la rencontre qui opposera la Tunisie \u00e0 la France, sur les r\u00e9centes d...","canonical":"https:\/\/www.webdo.tn\/fr\/actualite\/sport\/jalel-kadri-et-montassar-talbi-reagissent-aux-declarations-de-issam-jomaa\/199545\/","og_locale":"fr_FR","og_type":"article","og_title":"Jalel Kadri et Montassar Talbi r\u00e9agissent aux d\u00e9clarations de Issam Jom\u00e2a","og_description":"Le s\u00e9lectionneur national, Jalel Kadri, est revenu, lors de la conf\u00e9rence de presse d\u2019avant la rencontre qui opposera la Tunisie \u00e0 la France, sur les r\u00e9centes d...","og_url":"https:\/\/www.webdo.tn\/fr\/actualite\/sport\/jalel-kadri-et-montassar-talbi-reagissent-aux-declarations-de-issam-jomaa\/199545\/","og_site_name":"webdo","article_publisher":"https:\/\/www.facebook.com\/webdotn","article_published_time":"2022-11-29T14:07:00+00:00","article_modified_time":"2025-05-22T11:42:53+00:00","og_image":[{"width":750,"height":400,"url":"https:\/\/www.webdo.tn\/fr\/wp-content\/uploads\/2022\/11\/3aa940155d44d97ca1aa67dc4d3e7c51.jpg","type":"image\/jpeg"}],"author":"MK","twitter_card":"summary_large_image","twitter_creator":"@webdo_tn","twitter_site":"@webdo_tn","twitter_misc":{"\u00c9crit par":"MK","Dur\u00e9e de lecture estim\u00e9e":"1 minute"},"schema":{"@context":"https:\/\/schema.org","@graph":[{"@type":"NewsArticle","@id":"https:\/\/www.webdo.tn\/fr\/actualite\/sport\/jalel-kadri-et-montassar-talbi-reagissent-aux-declarations-de-issam-jomaa\/199545\/#article","isPartOf":{"@id":"https:\/\/www.webdo.tn\/fr\/actualite\/sport\/jalel-kadri-et-montassar-talbi-reagissent-aux-declarations-de-issam-jomaa\/199545\/"},"author":{"name":"MK","@id":"https:\/\/www.webdo.tn\/fr\/#\/schema\/person\/c3a9d32fa6d495ca5f4b6510e3db97bf"},"headline":"Jalel Kadri et Montassar Talbi r\u00e9agissent aux d\u00e9clarations de Issam Jom\u00e2a","datePublished":"2022-11-29T14:07:00+00:00","dateModified":"2025-05-22T11:42:53+00:00","mainEntityOfPage":{"@id":"https:\/\/www.webdo.tn\/fr\/actualite\/sport\/jalel-kadri-et-montassar-talbi-reagissent-aux-declarations-de-issam-jomaa\/199545\/"},"wordCount":154,"commentCount":0,"publisher":{"@id":"https:\/\/www.webdo.tn\/fr\/#organization"},"image":{"@id":"https:\/\/www.webdo.tn\/fr\/actualite\/sport\/jalel-kadri-et-montassar-talbi-reagissent-aux-declarations-de-issam-jomaa\/199545\/#primaryimage"},"thumbnailUrl":"https:\/\/www.webdo.tn\/fr\/wp-content\/uploads\/2022\/11\/3aa940155d44d97ca1aa67dc4d3e7c51.jpg","keywords":["Issam Jom\u00e2a","Jalel Kadri","Montassar Talbi"],"articleSection":["Sport"],"inLanguage":"fr-FR"},{"@type":"WebPage","@id":"https:\/\/www.webdo.tn\/fr\/actualite\/sport\/jalel-kadri-et-montassar-talbi-reagissent-aux-declarations-de-issam-jomaa\/199545\/","url":"https:\/\/www.webdo.tn\/fr\/actualite\/sport\/jalel-kadri-et-montassar-talbi-reagissent-aux-declarations-de-issam-jomaa\/199545\/","name":"Jalel Kadri et Montassar Talbi r\u00e9agissent aux d\u00e9clarations de Issam Jom\u00e2a","isPartOf":{"@id":"https:\/\/www.webdo.tn\/fr\/#website"},"primaryImageOfPage":{"@id":"https:\/\/www.webdo.tn\/fr\/actualite\/sport\/jalel-kadri-et-montassar-talbi-reagissent-aux-declarations-de-issam-jomaa\/199545\/#primaryimage"},"image":{"@id":"https:\/\/www.webdo.tn\/fr\/actualite\/sport\/jalel-kadri-et-montassar-talbi-reagissent-aux-declarations-de-issam-jomaa\/199545\/#primaryimage"},"thumbnailUrl":"https:\/\/www.webdo.tn\/fr\/wp-content\/uploads\/2022\/11\/3aa940155d44d97ca1aa67dc4d3e7c51.jpg","datePublished":"2022-11-29T14:07:00+00:00","dateModified":"2025-05-22T11:42:53+00:00","description":"Le s\u00e9lectionneur national, Jalel Kadri, est revenu, lors de la conf\u00e9rence de presse d\u2019avant la rencontre qui opposera la Tunisie \u00e0 la France, sur les r\u00e9centes d...","breadcrumb":{"@id":"https:\/\/www.webdo.tn\/fr\/actualite\/sport\/jalel-kadri-et-montassar-talbi-reagissent-aux-declarations-de-issam-jomaa\/199545\/#breadcrumb"},"inLanguage":"fr-FR","potentialAction":[{"@type":"ReadAction","target":["https:\/\/www.webdo.tn\/fr\/actualite\/sport\/jalel-kadri-et-montassar-talbi-reagissent-aux-declarations-de-issam-jomaa\/199545\/"]}]},{"@type":"ImageObject","inLanguage":"fr-FR","@id":"https:\/\/www.webdo.tn\/fr\/actualite\/sport\/jalel-kadri-et-montassar-talbi-reagissent-aux-declarations-de-issam-jomaa\/199545\/#primaryimage","url":"https:\/\/www.webdo.tn\/fr\/wp-content\/uploads\/2022\/11\/3aa940155d44d97ca1aa67dc4d3e7c51.jpg","contentUrl":"https:\/\/www.webdo.tn\/fr\/wp-content\/uploads\/2022\/11\/3aa940155d44d97ca1aa67dc4d3e7c51.jpg","width":750,"height":400,"caption":"Jalel Kadri"},{"@type":"BreadcrumbList","@id":"https:\/\/www.webdo.tn\/fr\/actualite\/sport\/jalel-kadri-et-montassar-talbi-reagissent-aux-declarations-de-issam-jomaa\/199545\/#breadcrumb","itemListElement":[{"@type":"ListItem","position":1,"name":"Accueil","item":"https:\/\/www.webdo.tn\/fr\/"},{"@type":"ListItem","position":2,"name":"Jalel Kadri et Montassar Talbi r\u00e9agissent aux d\u00e9clarations de Issam Jom\u00e2a"}]},{"@type":"WebSite","@id":"https:\/\/www.webdo.tn\/fr\/#website","url":"https:\/\/www.webdo.tn\/fr\/","name":"webdo","description":"Tunisie - News en Tunisie et \u00e0 l&#039;international sur Webdo.tn","publisher":{"@id":"https:\/\/www.webdo.tn\/fr\/#organization"},"potentialAction":[{"@type":"SearchAction","target":{"@type":"EntryPoint","urlTemplate":"https:\/\/www.webdo.tn\/fr\/?s={search_term_string}"},"query-input":{"@type":"PropertyValueSpecification","valueRequired":true,"valueName":"search_term_string"}}],"inLanguage":"fr-FR"},{"@type":"Organization","@id":"https:\/\/www.webdo.tn\/fr\/#organization","name":"Webdo","alternateName":"Webdo.tn","url":"https:\/\/www.webdo.tn\/fr\/","logo":{"@type":"ImageObject","inLanguage":"fr-FR","@id":"https:\/\/www.webdo.tn\/fr\/#\/schema\/logo\/image\/","url":"https:\/\/www.webdo.tn\/fr\/wp-content\/uploads\/2025\/06\/Webdo-Tunisie_168377.jpg","contentUrl":"https:\/\/www.webdo.tn\/fr\/wp-content\/uploads\/2025\/06\/Webdo-Tunisie_168377.jpg","width":301,"height":301,"caption":"Webdo"},"image":{"@id":"https:\/\/www.webdo.tn\/fr\/#\/schema\/logo\/image\/"},"sameAs":["https:\/\/www.facebook.com\/webdotn","https:\/\/x.com\/webdo_tn"],"description":"Webdo est un m\u00e9dia num\u00e9rique tunisien fond\u00e9 en 2010, sp\u00e9cialis\u00e9 dans l\u2019actualit\u00e9 nationale et internationale, l\u2019\u00e9conomie, la soci\u00e9t\u00e9 et les analyses politiques. Le site s\u2019adresse \u00e0 un large public francophone et couvre l\u2019information tunisienne en temps r\u00e9el.","email":"redac@webdo.tn","legalName":"YNJ SARL","foundingDate":"2010-09-06","numberOfEmployees":{"@type":"QuantitativeValue","minValue":"11","maxValue":"50"}},{"@type":"Person","@id":"https:\/\/www.webdo.tn\/fr\/#\/schema\/person\/c3a9d32fa6d495ca5f4b6510e3db97bf","name":"MK","image":{"@type":"ImageObject","inLanguage":"fr-FR","@id":"https:\/\/secure.gravatar.com\/avatar\/6d44f937f19929f3b75db77056d3e08abd6e302e71bcfea340cd8b00c13e7baf?s=96&d=mm&r=g","url":"https:\/\/secure.gravatar.com\/avatar\/6d44f937f19929f3b75db77056d3e08abd6e302e71bcfea340cd8b00c13e7baf?s=96&d=mm&r=g","contentUrl":"https:\/\/secure.gravatar.com\/avatar\/6d44f937f19929f3b75db77056d3e08abd6e302e71bcfea340cd8b00c13e7baf?s=96&d=mm&r=g","caption":"MK"},"url":"https:\/\/www.webdo.tn\/fr\/actualite\/author\/mk\/"}]}},"_links":{"self":[{"href":"https:\/\/www.webdo.tn\/fr\/wp-json\/wp\/v2\/posts\/199545","targetHints":{"allow":["GET"]}}],"collection":[{"href":"https:\/\/www.webdo.tn\/fr\/wp-json\/wp\/v2\/posts"}],"about":[{"href":"https:\/\/www.webdo.tn\/fr\/wp-json\/wp\/v2\/types\/post"}],"author":[{"embeddable":true,"href":"https:\/\/www.webdo.tn\/fr\/wp-json\/wp\/v2\/users\/3196"}],"replies":[{"embeddable":true,"href":"https:\/\/www.webdo.tn\/fr\/wp-json\/wp\/v2\/comments?post=199545"}],"version-history":[{"count":0,"href":"https:\/\/www.webdo.tn\/fr\/wp-json\/wp\/v2\/posts\/199545\/revisions"}],"wp:featuredmedia":[{"embeddable":true,"href":"https:\/\/www.webdo.tn\/fr\/wp-json\/wp\/v2\/media\/348523"}],"wp:attachment":[{"href":"https:\/\/www.webdo.tn\/fr\/wp-json\/wp\/v2\/media?parent=199545"}],"wp:term":[{"taxonomy":"category","embeddable":true,"href":"https:\/\/www.webdo.tn\/fr\/wp-json\/wp\/v2\/categories?post=199545"},{"taxonomy":"post_tag","embeddable":true,"href":"https:\/\/www.webdo.tn\/fr\/wp-json\/wp\/v2\/tags?post=199545"}],"curies":[{"name":"wp","href":"https:\/\/api.w.org\/{rel}","templated":true}]}}