{"id":199527,"date":"2022-07-20T08:12:00","date_gmt":"2022-07-20T08:12:00","guid":{"rendered":"https:\/\/www.webdo.tn\/fr\/blog\/rached-ghannouchi-maintenu-en-etat-de-liberte\/131818\/"},"modified":"2025-05-22T11:42:44","modified_gmt":"2025-05-22T11:42:44","slug":"rached-ghannouchi-maintenu-en-etat-de-liberte","status":"publish","type":"post","link":"https:\/\/www.webdo.tn\/fr\/actualite\/national\/rached-ghannouchi-maintenu-en-etat-de-liberte\/199527\/","title":{"rendered":"Rached Ghannouchi maintenu en \u00e9tat de libert\u00e9"},"content":{"rendered":"<p>Le pr\u00e9sident du mouvement Ennahdha, Rached Ghannouchi est ressorti libre de son audition, hier, devant le juge d\u2019instruction au P\u00f4le judiciaire de lutte contre le terrorisme dans le cadre de l\u2019affaire des r\u00e9seaux d&rsquo;envoi de jeunes dans les zones de conflit \u00e0 l&rsquo;\u00e9tranger.<\/p>\n<p> Rached Ghannouchi a comparu devant le P\u00f4le judiciaire de lutte contre le terrorisme et son audition a dur\u00e9 environ douze heures au terme de laquelle le juge a d\u00e9cid\u00e9 de le maintenir en \u00e9tat de\u00a0 libert\u00e9.<\/p>\n<p>Par ailleurs, le repr\u00e9sentant du minist\u00e8re public a r\u00e9clam\u00e9 l\u2019\u00e9mission d\u2019un mandat de d\u00e9p\u00f4t mais le juge d\u2019instruction a d\u00e9cid\u00e9 le maintien de Rached Ghannouchi en libert\u00e9.<br \/>\n\u00a0<br \/>\nCette enqu\u00eate concerne 820 suspects alors que 39 accus\u00e9s ont \u00e9t\u00e9 maintenus en \u00e9tat de libert\u00e9 dont Rached Ghannouchi, Ali La\u00e2rayedh et Mohamed Frikha.<\/p>\n","protected":false},"excerpt":{"rendered":"<p>Le pr\u00e9sident du mouvement Ennahdha, Rached Ghannouchi est ressorti libre de son audition, hier, devant le juge d\u2019instruction au P\u00f4le judiciaire de lutte contre&#8230;<\/p>\n","protected":false},"author":3162,"featured_media":254437,"comment_status":"open","ping_status":"closed","sticky":false,"template":"","format":"standard","meta":{"footnotes":""},"categories":[44],"tags":[3693,3041,5644,2844],"class_list":["post-199527","post","type-post","status-publish","format-standard","has-post-thumbnail","hentry","category-national","tag-envoi","tag-pole-antiterroriste","tag-rached-ghannouchi","tag-zones-de-conflit"],"yoast_head":"<!-- This site is optimized with the Yoast SEO Premium plugin v27.4 (Yoast SEO v27.5) - https:\/\/yoast.com\/product\/yoast-seo-premium-wordpress\/ -->\n<title>Rached Ghannouchi maintenu en \u00e9tat de libert\u00e9<\/title>\n<meta name=\"description\" content=\"Le pr\u00e9sident du mouvement Ennahdha, Rached Ghannouchi est ressorti libre de son audition, hier, devant le juge d\u2019instruction au P\u00f4le judiciaire de lutte contre...\" \/>\n<link rel=\"canonical\" href=\"https:\/\/www.webdo.tn\/fr\/actualite\/national-45\/rached-ghannouchi-maintenu-en-etat-de-liberte\/199527\/\" \/>\n<meta property=\"og:locale\" content=\"fr_FR\" \/>\n<meta property=\"og:type\" content=\"article\" \/>\n<meta property=\"og:title\" content=\"Rached Ghannouchi maintenu en \u00e9tat de libert\u00e9\" \/>\n<meta property=\"og:description\" content=\"Le pr\u00e9sident du mouvement Ennahdha, Rached Ghannouchi est ressorti libre de son audition, hier, devant le juge d\u2019instruction au P\u00f4le judiciaire de lutte contre...\" \/>\n<meta property=\"og:url\" content=\"https:\/\/www.webdo.tn\/fr\/actualite\/national-45\/rached-ghannouchi-maintenu-en-etat-de-liberte\/199527\/\" \/>\n<meta property=\"og:site_name\" content=\"webdo\" \/>\n<meta property=\"article:publisher\" content=\"https:\/\/www.facebook.com\/webdotn\" \/>\n<meta property=\"article:published_time\" content=\"2022-07-20T08:12:00+00:00\" \/>\n<meta property=\"article:modified_time\" content=\"2025-05-22T11:42:44+00:00\" \/>\n<meta property=\"og:image\" content=\"https:\/\/www.webdo.tn\/fr\/wp-content\/uploads\/2022\/07\/gh.jpg\" \/>\n\t<meta property=\"og:image:width\" content=\"1599\" \/>\n\t<meta property=\"og:image:height\" content=\"1066\" \/>\n\t<meta property=\"og:image:type\" content=\"image\/jpeg\" \/>\n<meta name=\"author\" content=\"MC\" \/>\n<meta name=\"twitter:card\" content=\"summary_large_image\" \/>\n<meta name=\"twitter:creator\" content=\"@webdo_tn\" \/>\n<meta name=\"twitter:site\" content=\"@webdo_tn\" \/>\n<meta name=\"twitter:label1\" content=\"\u00c9crit par\" \/>\n\t<meta name=\"twitter:data1\" content=\"MC\" \/>\n\t<meta name=\"twitter:label2\" content=\"Dur\u00e9e de lecture estim\u00e9e\" \/>\n\t<meta name=\"twitter:data2\" content=\"1 minute\" \/>\n<script type=\"application\/ld+json\" class=\"yoast-schema-graph\">{\"@context\":\"https:\\\/\\\/schema.org\",\"@graph\":[{\"@type\":\"NewsArticle\",\"@id\":\"https:\\\/\\\/www.webdo.tn\\\/fr\\\/actualite\\\/national-45\\\/rached-ghannouchi-maintenu-en-etat-de-liberte\\\/199527\\\/#article\",\"isPartOf\":{\"@id\":\"https:\\\/\\\/www.webdo.tn\\\/fr\\\/actualite\\\/national-45\\\/rached-ghannouchi-maintenu-en-etat-de-liberte\\\/199527\\\/\"},\"author\":{\"name\":\"MC\",\"@id\":\"https:\\\/\\\/www.webdo.tn\\\/fr\\\/#\\\/schema\\\/person\\\/2c4929cbf5a809e3bd38617c6ce150f6\"},\"headline\":\"Rached Ghannouchi maintenu en \u00e9tat de libert\u00e9\",\"datePublished\":\"2022-07-20T08:12:00+00:00\",\"dateModified\":\"2025-05-22T11:42:44+00:00\",\"mainEntityOfPage\":{\"@id\":\"https:\\\/\\\/www.webdo.tn\\\/fr\\\/actualite\\\/national-45\\\/rached-ghannouchi-maintenu-en-etat-de-liberte\\\/199527\\\/\"},\"wordCount\":155,\"commentCount\":0,\"publisher\":{\"@id\":\"https:\\\/\\\/www.webdo.tn\\\/fr\\\/#organization\"},\"image\":{\"@id\":\"https:\\\/\\\/www.webdo.tn\\\/fr\\\/actualite\\\/national-45\\\/rached-ghannouchi-maintenu-en-etat-de-liberte\\\/199527\\\/#primaryimage\"},\"thumbnailUrl\":\"https:\\\/\\\/www.webdo.tn\\\/fr\\\/wp-content\\\/uploads\\\/2022\\\/07\\\/gh.jpg\",\"keywords\":[\"envoi\",\"p\u00f4le antiterroriste\",\"Rached Ghannouchi\",\"zones de conflit\"],\"articleSection\":[\"National\"],\"inLanguage\":\"fr-FR\"},{\"@type\":\"WebPage\",\"@id\":\"https:\\\/\\\/www.webdo.tn\\\/fr\\\/actualite\\\/national-45\\\/rached-ghannouchi-maintenu-en-etat-de-liberte\\\/199527\\\/\",\"url\":\"https:\\\/\\\/www.webdo.tn\\\/fr\\\/actualite\\\/national-45\\\/rached-ghannouchi-maintenu-en-etat-de-liberte\\\/199527\\\/\",\"name\":\"Rached Ghannouchi maintenu en \u00e9tat de libert\u00e9\",\"isPartOf\":{\"@id\":\"https:\\\/\\\/www.webdo.tn\\\/fr\\\/#website\"},\"primaryImageOfPage\":{\"@id\":\"https:\\\/\\\/www.webdo.tn\\\/fr\\\/actualite\\\/national-45\\\/rached-ghannouchi-maintenu-en-etat-de-liberte\\\/199527\\\/#primaryimage\"},\"image\":{\"@id\":\"https:\\\/\\\/www.webdo.tn\\\/fr\\\/actualite\\\/national-45\\\/rached-ghannouchi-maintenu-en-etat-de-liberte\\\/199527\\\/#primaryimage\"},\"thumbnailUrl\":\"https:\\\/\\\/www.webdo.tn\\\/fr\\\/wp-content\\\/uploads\\\/2022\\\/07\\\/gh.jpg\",\"datePublished\":\"2022-07-20T08:12:00+00:00\",\"dateModified\":\"2025-05-22T11:42:44+00:00\",\"description\":\"Le pr\u00e9sident du mouvement Ennahdha, Rached Ghannouchi est ressorti libre de son audition, hier, devant le juge d\u2019instruction au P\u00f4le judiciaire de lutte contre...\",\"breadcrumb\":{\"@id\":\"https:\\\/\\\/www.webdo.tn\\\/fr\\\/actualite\\\/national-45\\\/rached-ghannouchi-maintenu-en-etat-de-liberte\\\/199527\\\/#breadcrumb\"},\"inLanguage\":\"fr-FR\",\"potentialAction\":[{\"@type\":\"ReadAction\",\"target\":[\"https:\\\/\\\/www.webdo.tn\\\/fr\\\/actualite\\\/national-45\\\/rached-ghannouchi-maintenu-en-etat-de-liberte\\\/199527\\\/\"]}]},{\"@type\":\"ImageObject\",\"inLanguage\":\"fr-FR\",\"@id\":\"https:\\\/\\\/www.webdo.tn\\\/fr\\\/actualite\\\/national-45\\\/rached-ghannouchi-maintenu-en-etat-de-liberte\\\/199527\\\/#primaryimage\",\"url\":\"https:\\\/\\\/www.webdo.tn\\\/fr\\\/wp-content\\\/uploads\\\/2022\\\/07\\\/gh.jpg\",\"contentUrl\":\"https:\\\/\\\/www.webdo.tn\\\/fr\\\/wp-content\\\/uploads\\\/2022\\\/07\\\/gh.jpg\",\"width\":1599,\"height\":1066,\"caption\":\"Rached Ghannouchi maintenu en \u00e9tat de libert\u00e9\"},{\"@type\":\"BreadcrumbList\",\"@id\":\"https:\\\/\\\/www.webdo.tn\\\/fr\\\/actualite\\\/national-45\\\/rached-ghannouchi-maintenu-en-etat-de-liberte\\\/199527\\\/#breadcrumb\",\"itemListElement\":[{\"@type\":\"ListItem\",\"position\":1,\"name\":\"Accueil\",\"item\":\"https:\\\/\\\/www.webdo.tn\\\/fr\\\/\"},{\"@type\":\"ListItem\",\"position\":2,\"name\":\"Rached Ghannouchi maintenu en \u00e9tat de libert\u00e9\"}]},{\"@type\":\"WebSite\",\"@id\":\"https:\\\/\\\/www.webdo.tn\\\/fr\\\/#website\",\"url\":\"https:\\\/\\\/www.webdo.tn\\\/fr\\\/\",\"name\":\"webdo\",\"description\":\"Tunisie - News en Tunisie et \u00e0 l&#039;international sur Webdo.tn\",\"publisher\":{\"@id\":\"https:\\\/\\\/www.webdo.tn\\\/fr\\\/#organization\"},\"potentialAction\":[{\"@type\":\"SearchAction\",\"target\":{\"@type\":\"EntryPoint\",\"urlTemplate\":\"https:\\\/\\\/www.webdo.tn\\\/fr\\\/?s={search_term_string}\"},\"query-input\":{\"@type\":\"PropertyValueSpecification\",\"valueRequired\":true,\"valueName\":\"search_term_string\"}}],\"inLanguage\":\"fr-FR\"},{\"@type\":\"Organization\",\"@id\":\"https:\\\/\\\/www.webdo.tn\\\/fr\\\/#organization\",\"name\":\"Webdo\",\"alternateName\":\"Webdo.tn\",\"url\":\"https:\\\/\\\/www.webdo.tn\\\/fr\\\/\",\"logo\":{\"@type\":\"ImageObject\",\"inLanguage\":\"fr-FR\",\"@id\":\"https:\\\/\\\/www.webdo.tn\\\/fr\\\/#\\\/schema\\\/logo\\\/image\\\/\",\"url\":\"https:\\\/\\\/www.webdo.tn\\\/fr\\\/wp-content\\\/uploads\\\/2025\\\/06\\\/Webdo-Tunisie_168377.jpg\",\"contentUrl\":\"https:\\\/\\\/www.webdo.tn\\\/fr\\\/wp-content\\\/uploads\\\/2025\\\/06\\\/Webdo-Tunisie_168377.jpg\",\"width\":301,\"height\":301,\"caption\":\"Webdo\"},\"image\":{\"@id\":\"https:\\\/\\\/www.webdo.tn\\\/fr\\\/#\\\/schema\\\/logo\\\/image\\\/\"},\"sameAs\":[\"https:\\\/\\\/www.facebook.com\\\/webdotn\",\"https:\\\/\\\/x.com\\\/webdo_tn\"],\"description\":\"Webdo est un m\u00e9dia num\u00e9rique tunisien fond\u00e9 en 2010, sp\u00e9cialis\u00e9 dans l\u2019actualit\u00e9 nationale et internationale, l\u2019\u00e9conomie, la soci\u00e9t\u00e9 et les analyses politiques. Le site s\u2019adresse \u00e0 un large public francophone et couvre l\u2019information tunisienne en temps r\u00e9el.\",\"email\":\"redac@webdo.tn\",\"legalName\":\"YNJ SARL\",\"foundingDate\":\"2010-09-06\",\"numberOfEmployees\":{\"@type\":\"QuantitativeValue\",\"minValue\":\"11\",\"maxValue\":\"50\"}},{\"@type\":\"Person\",\"@id\":\"https:\\\/\\\/www.webdo.tn\\\/fr\\\/#\\\/schema\\\/person\\\/2c4929cbf5a809e3bd38617c6ce150f6\",\"name\":\"MC\",\"image\":{\"@type\":\"ImageObject\",\"inLanguage\":\"fr-FR\",\"@id\":\"https:\\\/\\\/secure.gravatar.com\\\/avatar\\\/a545bbb6f84efdd5553dbbc2895e3ca8f1d12c5215e00a041c9670b54aa9b18a?s=96&d=mm&r=g\",\"url\":\"https:\\\/\\\/secure.gravatar.com\\\/avatar\\\/a545bbb6f84efdd5553dbbc2895e3ca8f1d12c5215e00a041c9670b54aa9b18a?s=96&d=mm&r=g\",\"contentUrl\":\"https:\\\/\\\/secure.gravatar.com\\\/avatar\\\/a545bbb6f84efdd5553dbbc2895e3ca8f1d12c5215e00a041c9670b54aa9b18a?s=96&d=mm&r=g\",\"caption\":\"MC\"},\"url\":\"https:\\\/\\\/www.webdo.tn\\\/fr\\\/actualite\\\/author\\\/mc\\\/\"}]}<\/script>\n<!-- \/ Yoast SEO Premium plugin. -->","yoast_head_json":{"title":"Rached Ghannouchi maintenu en \u00e9tat de libert\u00e9","description":"Le pr\u00e9sident du mouvement Ennahdha, Rached Ghannouchi est ressorti libre de son audition, hier, devant le juge d\u2019instruction au P\u00f4le judiciaire de lutte contre...","canonical":"https:\/\/www.webdo.tn\/fr\/actualite\/national-45\/rached-ghannouchi-maintenu-en-etat-de-liberte\/199527\/","og_locale":"fr_FR","og_type":"article","og_title":"Rached Ghannouchi maintenu en \u00e9tat de libert\u00e9","og_description":"Le pr\u00e9sident du mouvement Ennahdha, Rached Ghannouchi est ressorti libre de son audition, hier, devant le juge d\u2019instruction au P\u00f4le judiciaire de lutte contre...","og_url":"https:\/\/www.webdo.tn\/fr\/actualite\/national-45\/rached-ghannouchi-maintenu-en-etat-de-liberte\/199527\/","og_site_name":"webdo","article_publisher":"https:\/\/www.facebook.com\/webdotn","article_published_time":"2022-07-20T08:12:00+00:00","article_modified_time":"2025-05-22T11:42:44+00:00","og_image":[{"width":1599,"height":1066,"url":"https:\/\/www.webdo.tn\/fr\/wp-content\/uploads\/2022\/07\/gh.jpg","type":"image\/jpeg"}],"author":"MC","twitter_card":"summary_large_image","twitter_creator":"@webdo_tn","twitter_site":"@webdo_tn","twitter_misc":{"\u00c9crit par":"MC","Dur\u00e9e de lecture estim\u00e9e":"1 minute"},"schema":{"@context":"https:\/\/schema.org","@graph":[{"@type":"NewsArticle","@id":"https:\/\/www.webdo.tn\/fr\/actualite\/national-45\/rached-ghannouchi-maintenu-en-etat-de-liberte\/199527\/#article","isPartOf":{"@id":"https:\/\/www.webdo.tn\/fr\/actualite\/national-45\/rached-ghannouchi-maintenu-en-etat-de-liberte\/199527\/"},"author":{"name":"MC","@id":"https:\/\/www.webdo.tn\/fr\/#\/schema\/person\/2c4929cbf5a809e3bd38617c6ce150f6"},"headline":"Rached Ghannouchi maintenu en \u00e9tat de libert\u00e9","datePublished":"2022-07-20T08:12:00+00:00","dateModified":"2025-05-22T11:42:44+00:00","mainEntityOfPage":{"@id":"https:\/\/www.webdo.tn\/fr\/actualite\/national-45\/rached-ghannouchi-maintenu-en-etat-de-liberte\/199527\/"},"wordCount":155,"commentCount":0,"publisher":{"@id":"https:\/\/www.webdo.tn\/fr\/#organization"},"image":{"@id":"https:\/\/www.webdo.tn\/fr\/actualite\/national-45\/rached-ghannouchi-maintenu-en-etat-de-liberte\/199527\/#primaryimage"},"thumbnailUrl":"https:\/\/www.webdo.tn\/fr\/wp-content\/uploads\/2022\/07\/gh.jpg","keywords":["envoi","p\u00f4le antiterroriste","Rached Ghannouchi","zones de conflit"],"articleSection":["National"],"inLanguage":"fr-FR"},{"@type":"WebPage","@id":"https:\/\/www.webdo.tn\/fr\/actualite\/national-45\/rached-ghannouchi-maintenu-en-etat-de-liberte\/199527\/","url":"https:\/\/www.webdo.tn\/fr\/actualite\/national-45\/rached-ghannouchi-maintenu-en-etat-de-liberte\/199527\/","name":"Rached Ghannouchi maintenu en \u00e9tat de libert\u00e9","isPartOf":{"@id":"https:\/\/www.webdo.tn\/fr\/#website"},"primaryImageOfPage":{"@id":"https:\/\/www.webdo.tn\/fr\/actualite\/national-45\/rached-ghannouchi-maintenu-en-etat-de-liberte\/199527\/#primaryimage"},"image":{"@id":"https:\/\/www.webdo.tn\/fr\/actualite\/national-45\/rached-ghannouchi-maintenu-en-etat-de-liberte\/199527\/#primaryimage"},"thumbnailUrl":"https:\/\/www.webdo.tn\/fr\/wp-content\/uploads\/2022\/07\/gh.jpg","datePublished":"2022-07-20T08:12:00+00:00","dateModified":"2025-05-22T11:42:44+00:00","description":"Le pr\u00e9sident du mouvement Ennahdha, Rached Ghannouchi est ressorti libre de son audition, hier, devant le juge d\u2019instruction au P\u00f4le judiciaire de lutte contre...","breadcrumb":{"@id":"https:\/\/www.webdo.tn\/fr\/actualite\/national-45\/rached-ghannouchi-maintenu-en-etat-de-liberte\/199527\/#breadcrumb"},"inLanguage":"fr-FR","potentialAction":[{"@type":"ReadAction","target":["https:\/\/www.webdo.tn\/fr\/actualite\/national-45\/rached-ghannouchi-maintenu-en-etat-de-liberte\/199527\/"]}]},{"@type":"ImageObject","inLanguage":"fr-FR","@id":"https:\/\/www.webdo.tn\/fr\/actualite\/national-45\/rached-ghannouchi-maintenu-en-etat-de-liberte\/199527\/#primaryimage","url":"https:\/\/www.webdo.tn\/fr\/wp-content\/uploads\/2022\/07\/gh.jpg","contentUrl":"https:\/\/www.webdo.tn\/fr\/wp-content\/uploads\/2022\/07\/gh.jpg","width":1599,"height":1066,"caption":"Rached Ghannouchi maintenu en \u00e9tat de libert\u00e9"},{"@type":"BreadcrumbList","@id":"https:\/\/www.webdo.tn\/fr\/actualite\/national-45\/rached-ghannouchi-maintenu-en-etat-de-liberte\/199527\/#breadcrumb","itemListElement":[{"@type":"ListItem","position":1,"name":"Accueil","item":"https:\/\/www.webdo.tn\/fr\/"},{"@type":"ListItem","position":2,"name":"Rached Ghannouchi maintenu en \u00e9tat de libert\u00e9"}]},{"@type":"WebSite","@id":"https:\/\/www.webdo.tn\/fr\/#website","url":"https:\/\/www.webdo.tn\/fr\/","name":"webdo","description":"Tunisie - News en Tunisie et \u00e0 l&#039;international sur Webdo.tn","publisher":{"@id":"https:\/\/www.webdo.tn\/fr\/#organization"},"potentialAction":[{"@type":"SearchAction","target":{"@type":"EntryPoint","urlTemplate":"https:\/\/www.webdo.tn\/fr\/?s={search_term_string}"},"query-input":{"@type":"PropertyValueSpecification","valueRequired":true,"valueName":"search_term_string"}}],"inLanguage":"fr-FR"},{"@type":"Organization","@id":"https:\/\/www.webdo.tn\/fr\/#organization","name":"Webdo","alternateName":"Webdo.tn","url":"https:\/\/www.webdo.tn\/fr\/","logo":{"@type":"ImageObject","inLanguage":"fr-FR","@id":"https:\/\/www.webdo.tn\/fr\/#\/schema\/logo\/image\/","url":"https:\/\/www.webdo.tn\/fr\/wp-content\/uploads\/2025\/06\/Webdo-Tunisie_168377.jpg","contentUrl":"https:\/\/www.webdo.tn\/fr\/wp-content\/uploads\/2025\/06\/Webdo-Tunisie_168377.jpg","width":301,"height":301,"caption":"Webdo"},"image":{"@id":"https:\/\/www.webdo.tn\/fr\/#\/schema\/logo\/image\/"},"sameAs":["https:\/\/www.facebook.com\/webdotn","https:\/\/x.com\/webdo_tn"],"description":"Webdo est un m\u00e9dia num\u00e9rique tunisien fond\u00e9 en 2010, sp\u00e9cialis\u00e9 dans l\u2019actualit\u00e9 nationale et internationale, l\u2019\u00e9conomie, la soci\u00e9t\u00e9 et les analyses politiques. Le site s\u2019adresse \u00e0 un large public francophone et couvre l\u2019information tunisienne en temps r\u00e9el.","email":"redac@webdo.tn","legalName":"YNJ SARL","foundingDate":"2010-09-06","numberOfEmployees":{"@type":"QuantitativeValue","minValue":"11","maxValue":"50"}},{"@type":"Person","@id":"https:\/\/www.webdo.tn\/fr\/#\/schema\/person\/2c4929cbf5a809e3bd38617c6ce150f6","name":"MC","image":{"@type":"ImageObject","inLanguage":"fr-FR","@id":"https:\/\/secure.gravatar.com\/avatar\/a545bbb6f84efdd5553dbbc2895e3ca8f1d12c5215e00a041c9670b54aa9b18a?s=96&d=mm&r=g","url":"https:\/\/secure.gravatar.com\/avatar\/a545bbb6f84efdd5553dbbc2895e3ca8f1d12c5215e00a041c9670b54aa9b18a?s=96&d=mm&r=g","contentUrl":"https:\/\/secure.gravatar.com\/avatar\/a545bbb6f84efdd5553dbbc2895e3ca8f1d12c5215e00a041c9670b54aa9b18a?s=96&d=mm&r=g","caption":"MC"},"url":"https:\/\/www.webdo.tn\/fr\/actualite\/author\/mc\/"}]}},"_links":{"self":[{"href":"https:\/\/www.webdo.tn\/fr\/wp-json\/wp\/v2\/posts\/199527","targetHints":{"allow":["GET"]}}],"collection":[{"href":"https:\/\/www.webdo.tn\/fr\/wp-json\/wp\/v2\/posts"}],"about":[{"href":"https:\/\/www.webdo.tn\/fr\/wp-json\/wp\/v2\/types\/post"}],"author":[{"embeddable":true,"href":"https:\/\/www.webdo.tn\/fr\/wp-json\/wp\/v2\/users\/3162"}],"replies":[{"embeddable":true,"href":"https:\/\/www.webdo.tn\/fr\/wp-json\/wp\/v2\/comments?post=199527"}],"version-history":[{"count":0,"href":"https:\/\/www.webdo.tn\/fr\/wp-json\/wp\/v2\/posts\/199527\/revisions"}],"wp:featuredmedia":[{"embeddable":true,"href":"https:\/\/www.webdo.tn\/fr\/wp-json\/wp\/v2\/media\/254437"}],"wp:attachment":[{"href":"https:\/\/www.webdo.tn\/fr\/wp-json\/wp\/v2\/media?parent=199527"}],"wp:term":[{"taxonomy":"category","embeddable":true,"href":"https:\/\/www.webdo.tn\/fr\/wp-json\/wp\/v2\/categories?post=199527"},{"taxonomy":"post_tag","embeddable":true,"href":"https:\/\/www.webdo.tn\/fr\/wp-json\/wp\/v2\/tags?post=199527"}],"curies":[{"name":"wp","href":"https:\/\/api.w.org\/{rel}","templated":true}]}}