{"id":199498,"date":"2022-11-28T13:34:00","date_gmt":"2022-11-28T13:34:00","guid":{"rendered":"https:\/\/www.webdo.tn\/fr\/blog\/coupe-du-monde-kylian-mbappe-veut-ameliorer-ses-statistiques-face-a-la-tunisie\/199498\/"},"modified":"2025-05-20T23:01:30","modified_gmt":"2025-05-20T23:01:30","slug":"coupe-du-monde-kylian-mbappe-veut-ameliorer-ses-statistiques-face-a-la-tunisie","status":"publish","type":"post","link":"https:\/\/www.webdo.tn\/fr\/actualite\/sport\/coupe-du-monde-kylian-mbappe-veut-ameliorer-ses-statistiques-face-a-la-tunisie\/199498\/","title":{"rendered":"Coupe du Monde : Kylian Mbapp\u00e9  veut am\u00e9liorer ses statistiques face \u00e0 la Tunisie"},"content":{"rendered":"<p>Le s\u00e9lectionneur de l&rsquo;\u00e9quipe de France, Didier Deschamps, effectuera un turn-over de son effectif lors de la rencontre face \u00e0 la Tunisie. La France \u00e9tant officiellement qualifi\u00e9e.<\/p>\n<p>\t\t\t\t\t\t\t\t\tDeschamps a indiqu\u00e9 que ce choix permettra aux titulaires de souffler apr\u00e8s avoir assur\u00e9 la qualification d\u00e8s les deux premiers matches, pr\u00e9cisant qu\u2019il prend la s\u00e9lection tunisienne au s\u00e9rieux et qu\u2019il esp\u00e8re aligner une troisi\u00e8me victoire cons\u00e9cutive.<\/p>\n<p>Dans ce cadre, les m\u00e9dias fran\u00e7ais ont fait savoir que la vedette de l\u2019\u00e9quipe de France, Kylian Mbapp\u00e9 \u00ab ne veut pas rester sur le banc des rempla\u00e7ants \u00bb, assurant qu\u2019il est \u00ab d\u00e9termin\u00e9 \u00e0 jouer face \u00e0 la Tunisie pour am\u00e9liorer ses statistiques \u00bb.<\/p>\n<p>Mbapp\u00e9 est actuellement le meilleur buteur de la Coupe du Monde, ex\u00e6quo avec Enner Valencia (Equateur), avec trois buts chacun.<\/p>\n","protected":false},"excerpt":{"rendered":"<p>Le s\u00e9lectionneur de l&rsquo;\u00e9quipe de France, Didier Deschamps, effectuera un turn-over de son effectif lors de la rencontre face \u00e0 la Tunisie. La France \u00e9tant offici&#8230;<\/p>\n","protected":false},"author":3196,"featured_media":253080,"comment_status":"open","ping_status":"closed","sticky":false,"template":"","format":"standard","meta":{"footnotes":""},"categories":[2593],"tags":[4066,2998,8990,8930,2608],"class_list":["post-199498","post","type-post","status-publish","format-standard","has-post-thumbnail","hentry","category-sport","tag-coupe-du-monde","tag-france","tag-kylian-mbappe","tag-qatar-2022","tag-tunisie"],"yoast_head":"<!-- This site is optimized with the Yoast SEO Premium plugin v27.4 (Yoast SEO v27.5) - https:\/\/yoast.com\/product\/yoast-seo-premium-wordpress\/ -->\n<title>Coupe du Monde : Kylian Mbapp\u00e9 veut am\u00e9liorer ses statistiques face \u00e0 la Tunisie<\/title>\n<meta name=\"description\" content=\"Le s\u00e9lectionneur de l&#039;\u00e9quipe de France, Didier Deschamps, effectuera un turn-over de son effectif lors de la rencontre face \u00e0 la Tunisie. La France \u00e9tant offici...\" \/>\n<link rel=\"canonical\" href=\"https:\/\/www.webdo.tn\/fr\/actualite\/sport\/coupe-du-monde-kylian-mbappe-veut-ameliorer-ses-statistiques-face-a-la-tunisie\/199498\/\" \/>\n<meta property=\"og:locale\" content=\"fr_FR\" \/>\n<meta property=\"og:type\" content=\"article\" \/>\n<meta property=\"og:title\" content=\"Coupe du Monde : Kylian Mbapp\u00e9 veut am\u00e9liorer ses statistiques face \u00e0 la Tunisie\" \/>\n<meta property=\"og:description\" content=\"Le s\u00e9lectionneur de l&#039;\u00e9quipe de France, Didier Deschamps, effectuera un turn-over de son effectif lors de la rencontre face \u00e0 la Tunisie. La France \u00e9tant offici...\" \/>\n<meta property=\"og:url\" content=\"https:\/\/www.webdo.tn\/fr\/actualite\/sport\/coupe-du-monde-kylian-mbappe-veut-ameliorer-ses-statistiques-face-a-la-tunisie\/199498\/\" \/>\n<meta property=\"og:site_name\" content=\"webdo\" \/>\n<meta property=\"article:publisher\" content=\"https:\/\/www.facebook.com\/webdotn\" \/>\n<meta property=\"article:published_time\" content=\"2022-11-28T13:34:00+00:00\" \/>\n<meta property=\"article:modified_time\" content=\"2025-05-20T23:01:30+00:00\" \/>\n<meta property=\"og:image\" content=\"https:\/\/www.webdo.tn\/fr\/wp-content\/uploads\/2022\/11\/588518ba26d2d370d721df6dc134f2fc.jpg\" \/>\n\t<meta property=\"og:image:width\" content=\"750\" \/>\n\t<meta property=\"og:image:height\" content=\"400\" \/>\n\t<meta property=\"og:image:type\" content=\"image\/jpeg\" \/>\n<meta name=\"author\" content=\"MK\" \/>\n<meta name=\"twitter:card\" content=\"summary_large_image\" \/>\n<meta name=\"twitter:creator\" content=\"@webdo_tn\" \/>\n<meta name=\"twitter:site\" content=\"@webdo_tn\" \/>\n<meta name=\"twitter:label1\" content=\"\u00c9crit par\" \/>\n\t<meta name=\"twitter:data1\" content=\"MK\" \/>\n\t<meta name=\"twitter:label2\" content=\"Dur\u00e9e de lecture estim\u00e9e\" \/>\n\t<meta name=\"twitter:data2\" content=\"1 minute\" \/>\n<script type=\"application\/ld+json\" class=\"yoast-schema-graph\">{\"@context\":\"https:\\\/\\\/schema.org\",\"@graph\":[{\"@type\":\"NewsArticle\",\"@id\":\"https:\\\/\\\/www.webdo.tn\\\/fr\\\/actualite\\\/sport\\\/coupe-du-monde-kylian-mbappe-veut-ameliorer-ses-statistiques-face-a-la-tunisie\\\/199498\\\/#article\",\"isPartOf\":{\"@id\":\"https:\\\/\\\/www.webdo.tn\\\/fr\\\/actualite\\\/sport\\\/coupe-du-monde-kylian-mbappe-veut-ameliorer-ses-statistiques-face-a-la-tunisie\\\/199498\\\/\"},\"author\":{\"name\":\"MK\",\"@id\":\"https:\\\/\\\/www.webdo.tn\\\/fr\\\/#\\\/schema\\\/person\\\/c3a9d32fa6d495ca5f4b6510e3db97bf\"},\"headline\":\"Coupe du Monde : Kylian Mbapp\u00e9 veut am\u00e9liorer ses statistiques face \u00e0 la Tunisie\",\"datePublished\":\"2022-11-28T13:34:00+00:00\",\"dateModified\":\"2025-05-20T23:01:30+00:00\",\"mainEntityOfPage\":{\"@id\":\"https:\\\/\\\/www.webdo.tn\\\/fr\\\/actualite\\\/sport\\\/coupe-du-monde-kylian-mbappe-veut-ameliorer-ses-statistiques-face-a-la-tunisie\\\/199498\\\/\"},\"wordCount\":156,\"commentCount\":0,\"publisher\":{\"@id\":\"https:\\\/\\\/www.webdo.tn\\\/fr\\\/#organization\"},\"image\":{\"@id\":\"https:\\\/\\\/www.webdo.tn\\\/fr\\\/actualite\\\/sport\\\/coupe-du-monde-kylian-mbappe-veut-ameliorer-ses-statistiques-face-a-la-tunisie\\\/199498\\\/#primaryimage\"},\"thumbnailUrl\":\"https:\\\/\\\/www.webdo.tn\\\/fr\\\/wp-content\\\/uploads\\\/2022\\\/11\\\/588518ba26d2d370d721df6dc134f2fc.jpg\",\"keywords\":[\"Coupe du Monde\",\"france\",\"Kylian Mbapp\u00e9\",\"Qatar 2022\",\"Tunisie\"],\"articleSection\":[\"Sport\"],\"inLanguage\":\"fr-FR\"},{\"@type\":\"WebPage\",\"@id\":\"https:\\\/\\\/www.webdo.tn\\\/fr\\\/actualite\\\/sport\\\/coupe-du-monde-kylian-mbappe-veut-ameliorer-ses-statistiques-face-a-la-tunisie\\\/199498\\\/\",\"url\":\"https:\\\/\\\/www.webdo.tn\\\/fr\\\/actualite\\\/sport\\\/coupe-du-monde-kylian-mbappe-veut-ameliorer-ses-statistiques-face-a-la-tunisie\\\/199498\\\/\",\"name\":\"Coupe du Monde : Kylian Mbapp\u00e9 veut am\u00e9liorer ses statistiques face \u00e0 la Tunisie\",\"isPartOf\":{\"@id\":\"https:\\\/\\\/www.webdo.tn\\\/fr\\\/#website\"},\"primaryImageOfPage\":{\"@id\":\"https:\\\/\\\/www.webdo.tn\\\/fr\\\/actualite\\\/sport\\\/coupe-du-monde-kylian-mbappe-veut-ameliorer-ses-statistiques-face-a-la-tunisie\\\/199498\\\/#primaryimage\"},\"image\":{\"@id\":\"https:\\\/\\\/www.webdo.tn\\\/fr\\\/actualite\\\/sport\\\/coupe-du-monde-kylian-mbappe-veut-ameliorer-ses-statistiques-face-a-la-tunisie\\\/199498\\\/#primaryimage\"},\"thumbnailUrl\":\"https:\\\/\\\/www.webdo.tn\\\/fr\\\/wp-content\\\/uploads\\\/2022\\\/11\\\/588518ba26d2d370d721df6dc134f2fc.jpg\",\"datePublished\":\"2022-11-28T13:34:00+00:00\",\"dateModified\":\"2025-05-20T23:01:30+00:00\",\"description\":\"Le s\u00e9lectionneur de l'\u00e9quipe de France, Didier Deschamps, effectuera un turn-over de son effectif lors de la rencontre face \u00e0 la Tunisie. La France \u00e9tant offici...\",\"breadcrumb\":{\"@id\":\"https:\\\/\\\/www.webdo.tn\\\/fr\\\/actualite\\\/sport\\\/coupe-du-monde-kylian-mbappe-veut-ameliorer-ses-statistiques-face-a-la-tunisie\\\/199498\\\/#breadcrumb\"},\"inLanguage\":\"fr-FR\",\"potentialAction\":[{\"@type\":\"ReadAction\",\"target\":[\"https:\\\/\\\/www.webdo.tn\\\/fr\\\/actualite\\\/sport\\\/coupe-du-monde-kylian-mbappe-veut-ameliorer-ses-statistiques-face-a-la-tunisie\\\/199498\\\/\"]}]},{\"@type\":\"ImageObject\",\"inLanguage\":\"fr-FR\",\"@id\":\"https:\\\/\\\/www.webdo.tn\\\/fr\\\/actualite\\\/sport\\\/coupe-du-monde-kylian-mbappe-veut-ameliorer-ses-statistiques-face-a-la-tunisie\\\/199498\\\/#primaryimage\",\"url\":\"https:\\\/\\\/www.webdo.tn\\\/fr\\\/wp-content\\\/uploads\\\/2022\\\/11\\\/588518ba26d2d370d721df6dc134f2fc.jpg\",\"contentUrl\":\"https:\\\/\\\/www.webdo.tn\\\/fr\\\/wp-content\\\/uploads\\\/2022\\\/11\\\/588518ba26d2d370d721df6dc134f2fc.jpg\",\"width\":750,\"height\":400,\"caption\":\"Kylian Mbapp\u00e9\"},{\"@type\":\"BreadcrumbList\",\"@id\":\"https:\\\/\\\/www.webdo.tn\\\/fr\\\/actualite\\\/sport\\\/coupe-du-monde-kylian-mbappe-veut-ameliorer-ses-statistiques-face-a-la-tunisie\\\/199498\\\/#breadcrumb\",\"itemListElement\":[{\"@type\":\"ListItem\",\"position\":1,\"name\":\"Accueil\",\"item\":\"https:\\\/\\\/www.webdo.tn\\\/fr\\\/\"},{\"@type\":\"ListItem\",\"position\":2,\"name\":\"Coupe du Monde : Kylian Mbapp\u00e9 veut am\u00e9liorer ses statistiques face \u00e0 la Tunisie\"}]},{\"@type\":\"WebSite\",\"@id\":\"https:\\\/\\\/www.webdo.tn\\\/fr\\\/#website\",\"url\":\"https:\\\/\\\/www.webdo.tn\\\/fr\\\/\",\"name\":\"webdo\",\"description\":\"Tunisie - News en Tunisie et \u00e0 l&#039;international sur Webdo.tn\",\"publisher\":{\"@id\":\"https:\\\/\\\/www.webdo.tn\\\/fr\\\/#organization\"},\"potentialAction\":[{\"@type\":\"SearchAction\",\"target\":{\"@type\":\"EntryPoint\",\"urlTemplate\":\"https:\\\/\\\/www.webdo.tn\\\/fr\\\/?s={search_term_string}\"},\"query-input\":{\"@type\":\"PropertyValueSpecification\",\"valueRequired\":true,\"valueName\":\"search_term_string\"}}],\"inLanguage\":\"fr-FR\"},{\"@type\":\"Organization\",\"@id\":\"https:\\\/\\\/www.webdo.tn\\\/fr\\\/#organization\",\"name\":\"Webdo\",\"alternateName\":\"Webdo.tn\",\"url\":\"https:\\\/\\\/www.webdo.tn\\\/fr\\\/\",\"logo\":{\"@type\":\"ImageObject\",\"inLanguage\":\"fr-FR\",\"@id\":\"https:\\\/\\\/www.webdo.tn\\\/fr\\\/#\\\/schema\\\/logo\\\/image\\\/\",\"url\":\"https:\\\/\\\/www.webdo.tn\\\/fr\\\/wp-content\\\/uploads\\\/2025\\\/06\\\/Webdo-Tunisie_168377.jpg\",\"contentUrl\":\"https:\\\/\\\/www.webdo.tn\\\/fr\\\/wp-content\\\/uploads\\\/2025\\\/06\\\/Webdo-Tunisie_168377.jpg\",\"width\":301,\"height\":301,\"caption\":\"Webdo\"},\"image\":{\"@id\":\"https:\\\/\\\/www.webdo.tn\\\/fr\\\/#\\\/schema\\\/logo\\\/image\\\/\"},\"sameAs\":[\"https:\\\/\\\/www.facebook.com\\\/webdotn\",\"https:\\\/\\\/x.com\\\/webdo_tn\"],\"description\":\"Webdo est un m\u00e9dia num\u00e9rique tunisien fond\u00e9 en 2010, sp\u00e9cialis\u00e9 dans l\u2019actualit\u00e9 nationale et internationale, l\u2019\u00e9conomie, la soci\u00e9t\u00e9 et les analyses politiques. Le site s\u2019adresse \u00e0 un large public francophone et couvre l\u2019information tunisienne en temps r\u00e9el.\",\"email\":\"redac@webdo.tn\",\"legalName\":\"YNJ SARL\",\"foundingDate\":\"2010-09-06\",\"numberOfEmployees\":{\"@type\":\"QuantitativeValue\",\"minValue\":\"11\",\"maxValue\":\"50\"}},{\"@type\":\"Person\",\"@id\":\"https:\\\/\\\/www.webdo.tn\\\/fr\\\/#\\\/schema\\\/person\\\/c3a9d32fa6d495ca5f4b6510e3db97bf\",\"name\":\"MK\",\"image\":{\"@type\":\"ImageObject\",\"inLanguage\":\"fr-FR\",\"@id\":\"https:\\\/\\\/secure.gravatar.com\\\/avatar\\\/6d44f937f19929f3b75db77056d3e08abd6e302e71bcfea340cd8b00c13e7baf?s=96&d=mm&r=g\",\"url\":\"https:\\\/\\\/secure.gravatar.com\\\/avatar\\\/6d44f937f19929f3b75db77056d3e08abd6e302e71bcfea340cd8b00c13e7baf?s=96&d=mm&r=g\",\"contentUrl\":\"https:\\\/\\\/secure.gravatar.com\\\/avatar\\\/6d44f937f19929f3b75db77056d3e08abd6e302e71bcfea340cd8b00c13e7baf?s=96&d=mm&r=g\",\"caption\":\"MK\"},\"url\":\"https:\\\/\\\/www.webdo.tn\\\/fr\\\/actualite\\\/author\\\/mk\\\/\"}]}<\/script>\n<!-- \/ Yoast SEO Premium plugin. -->","yoast_head_json":{"title":"Coupe du Monde : Kylian Mbapp\u00e9 veut am\u00e9liorer ses statistiques face \u00e0 la Tunisie","description":"Le s\u00e9lectionneur de l'\u00e9quipe de France, Didier Deschamps, effectuera un turn-over de son effectif lors de la rencontre face \u00e0 la Tunisie. La France \u00e9tant offici...","canonical":"https:\/\/www.webdo.tn\/fr\/actualite\/sport\/coupe-du-monde-kylian-mbappe-veut-ameliorer-ses-statistiques-face-a-la-tunisie\/199498\/","og_locale":"fr_FR","og_type":"article","og_title":"Coupe du Monde : Kylian Mbapp\u00e9 veut am\u00e9liorer ses statistiques face \u00e0 la Tunisie","og_description":"Le s\u00e9lectionneur de l'\u00e9quipe de France, Didier Deschamps, effectuera un turn-over de son effectif lors de la rencontre face \u00e0 la Tunisie. La France \u00e9tant offici...","og_url":"https:\/\/www.webdo.tn\/fr\/actualite\/sport\/coupe-du-monde-kylian-mbappe-veut-ameliorer-ses-statistiques-face-a-la-tunisie\/199498\/","og_site_name":"webdo","article_publisher":"https:\/\/www.facebook.com\/webdotn","article_published_time":"2022-11-28T13:34:00+00:00","article_modified_time":"2025-05-20T23:01:30+00:00","og_image":[{"width":750,"height":400,"url":"https:\/\/www.webdo.tn\/fr\/wp-content\/uploads\/2022\/11\/588518ba26d2d370d721df6dc134f2fc.jpg","type":"image\/jpeg"}],"author":"MK","twitter_card":"summary_large_image","twitter_creator":"@webdo_tn","twitter_site":"@webdo_tn","twitter_misc":{"\u00c9crit par":"MK","Dur\u00e9e de lecture estim\u00e9e":"1 minute"},"schema":{"@context":"https:\/\/schema.org","@graph":[{"@type":"NewsArticle","@id":"https:\/\/www.webdo.tn\/fr\/actualite\/sport\/coupe-du-monde-kylian-mbappe-veut-ameliorer-ses-statistiques-face-a-la-tunisie\/199498\/#article","isPartOf":{"@id":"https:\/\/www.webdo.tn\/fr\/actualite\/sport\/coupe-du-monde-kylian-mbappe-veut-ameliorer-ses-statistiques-face-a-la-tunisie\/199498\/"},"author":{"name":"MK","@id":"https:\/\/www.webdo.tn\/fr\/#\/schema\/person\/c3a9d32fa6d495ca5f4b6510e3db97bf"},"headline":"Coupe du Monde : Kylian Mbapp\u00e9 veut am\u00e9liorer ses statistiques face \u00e0 la Tunisie","datePublished":"2022-11-28T13:34:00+00:00","dateModified":"2025-05-20T23:01:30+00:00","mainEntityOfPage":{"@id":"https:\/\/www.webdo.tn\/fr\/actualite\/sport\/coupe-du-monde-kylian-mbappe-veut-ameliorer-ses-statistiques-face-a-la-tunisie\/199498\/"},"wordCount":156,"commentCount":0,"publisher":{"@id":"https:\/\/www.webdo.tn\/fr\/#organization"},"image":{"@id":"https:\/\/www.webdo.tn\/fr\/actualite\/sport\/coupe-du-monde-kylian-mbappe-veut-ameliorer-ses-statistiques-face-a-la-tunisie\/199498\/#primaryimage"},"thumbnailUrl":"https:\/\/www.webdo.tn\/fr\/wp-content\/uploads\/2022\/11\/588518ba26d2d370d721df6dc134f2fc.jpg","keywords":["Coupe du Monde","france","Kylian Mbapp\u00e9","Qatar 2022","Tunisie"],"articleSection":["Sport"],"inLanguage":"fr-FR"},{"@type":"WebPage","@id":"https:\/\/www.webdo.tn\/fr\/actualite\/sport\/coupe-du-monde-kylian-mbappe-veut-ameliorer-ses-statistiques-face-a-la-tunisie\/199498\/","url":"https:\/\/www.webdo.tn\/fr\/actualite\/sport\/coupe-du-monde-kylian-mbappe-veut-ameliorer-ses-statistiques-face-a-la-tunisie\/199498\/","name":"Coupe du Monde : Kylian Mbapp\u00e9 veut am\u00e9liorer ses statistiques face \u00e0 la Tunisie","isPartOf":{"@id":"https:\/\/www.webdo.tn\/fr\/#website"},"primaryImageOfPage":{"@id":"https:\/\/www.webdo.tn\/fr\/actualite\/sport\/coupe-du-monde-kylian-mbappe-veut-ameliorer-ses-statistiques-face-a-la-tunisie\/199498\/#primaryimage"},"image":{"@id":"https:\/\/www.webdo.tn\/fr\/actualite\/sport\/coupe-du-monde-kylian-mbappe-veut-ameliorer-ses-statistiques-face-a-la-tunisie\/199498\/#primaryimage"},"thumbnailUrl":"https:\/\/www.webdo.tn\/fr\/wp-content\/uploads\/2022\/11\/588518ba26d2d370d721df6dc134f2fc.jpg","datePublished":"2022-11-28T13:34:00+00:00","dateModified":"2025-05-20T23:01:30+00:00","description":"Le s\u00e9lectionneur de l'\u00e9quipe de France, Didier Deschamps, effectuera un turn-over de son effectif lors de la rencontre face \u00e0 la Tunisie. La France \u00e9tant offici...","breadcrumb":{"@id":"https:\/\/www.webdo.tn\/fr\/actualite\/sport\/coupe-du-monde-kylian-mbappe-veut-ameliorer-ses-statistiques-face-a-la-tunisie\/199498\/#breadcrumb"},"inLanguage":"fr-FR","potentialAction":[{"@type":"ReadAction","target":["https:\/\/www.webdo.tn\/fr\/actualite\/sport\/coupe-du-monde-kylian-mbappe-veut-ameliorer-ses-statistiques-face-a-la-tunisie\/199498\/"]}]},{"@type":"ImageObject","inLanguage":"fr-FR","@id":"https:\/\/www.webdo.tn\/fr\/actualite\/sport\/coupe-du-monde-kylian-mbappe-veut-ameliorer-ses-statistiques-face-a-la-tunisie\/199498\/#primaryimage","url":"https:\/\/www.webdo.tn\/fr\/wp-content\/uploads\/2022\/11\/588518ba26d2d370d721df6dc134f2fc.jpg","contentUrl":"https:\/\/www.webdo.tn\/fr\/wp-content\/uploads\/2022\/11\/588518ba26d2d370d721df6dc134f2fc.jpg","width":750,"height":400,"caption":"Kylian Mbapp\u00e9"},{"@type":"BreadcrumbList","@id":"https:\/\/www.webdo.tn\/fr\/actualite\/sport\/coupe-du-monde-kylian-mbappe-veut-ameliorer-ses-statistiques-face-a-la-tunisie\/199498\/#breadcrumb","itemListElement":[{"@type":"ListItem","position":1,"name":"Accueil","item":"https:\/\/www.webdo.tn\/fr\/"},{"@type":"ListItem","position":2,"name":"Coupe du Monde : Kylian Mbapp\u00e9 veut am\u00e9liorer ses statistiques face \u00e0 la Tunisie"}]},{"@type":"WebSite","@id":"https:\/\/www.webdo.tn\/fr\/#website","url":"https:\/\/www.webdo.tn\/fr\/","name":"webdo","description":"Tunisie - News en Tunisie et \u00e0 l&#039;international sur Webdo.tn","publisher":{"@id":"https:\/\/www.webdo.tn\/fr\/#organization"},"potentialAction":[{"@type":"SearchAction","target":{"@type":"EntryPoint","urlTemplate":"https:\/\/www.webdo.tn\/fr\/?s={search_term_string}"},"query-input":{"@type":"PropertyValueSpecification","valueRequired":true,"valueName":"search_term_string"}}],"inLanguage":"fr-FR"},{"@type":"Organization","@id":"https:\/\/www.webdo.tn\/fr\/#organization","name":"Webdo","alternateName":"Webdo.tn","url":"https:\/\/www.webdo.tn\/fr\/","logo":{"@type":"ImageObject","inLanguage":"fr-FR","@id":"https:\/\/www.webdo.tn\/fr\/#\/schema\/logo\/image\/","url":"https:\/\/www.webdo.tn\/fr\/wp-content\/uploads\/2025\/06\/Webdo-Tunisie_168377.jpg","contentUrl":"https:\/\/www.webdo.tn\/fr\/wp-content\/uploads\/2025\/06\/Webdo-Tunisie_168377.jpg","width":301,"height":301,"caption":"Webdo"},"image":{"@id":"https:\/\/www.webdo.tn\/fr\/#\/schema\/logo\/image\/"},"sameAs":["https:\/\/www.facebook.com\/webdotn","https:\/\/x.com\/webdo_tn"],"description":"Webdo est un m\u00e9dia num\u00e9rique tunisien fond\u00e9 en 2010, sp\u00e9cialis\u00e9 dans l\u2019actualit\u00e9 nationale et internationale, l\u2019\u00e9conomie, la soci\u00e9t\u00e9 et les analyses politiques. Le site s\u2019adresse \u00e0 un large public francophone et couvre l\u2019information tunisienne en temps r\u00e9el.","email":"redac@webdo.tn","legalName":"YNJ SARL","foundingDate":"2010-09-06","numberOfEmployees":{"@type":"QuantitativeValue","minValue":"11","maxValue":"50"}},{"@type":"Person","@id":"https:\/\/www.webdo.tn\/fr\/#\/schema\/person\/c3a9d32fa6d495ca5f4b6510e3db97bf","name":"MK","image":{"@type":"ImageObject","inLanguage":"fr-FR","@id":"https:\/\/secure.gravatar.com\/avatar\/6d44f937f19929f3b75db77056d3e08abd6e302e71bcfea340cd8b00c13e7baf?s=96&d=mm&r=g","url":"https:\/\/secure.gravatar.com\/avatar\/6d44f937f19929f3b75db77056d3e08abd6e302e71bcfea340cd8b00c13e7baf?s=96&d=mm&r=g","contentUrl":"https:\/\/secure.gravatar.com\/avatar\/6d44f937f19929f3b75db77056d3e08abd6e302e71bcfea340cd8b00c13e7baf?s=96&d=mm&r=g","caption":"MK"},"url":"https:\/\/www.webdo.tn\/fr\/actualite\/author\/mk\/"}]}},"_links":{"self":[{"href":"https:\/\/www.webdo.tn\/fr\/wp-json\/wp\/v2\/posts\/199498","targetHints":{"allow":["GET"]}}],"collection":[{"href":"https:\/\/www.webdo.tn\/fr\/wp-json\/wp\/v2\/posts"}],"about":[{"href":"https:\/\/www.webdo.tn\/fr\/wp-json\/wp\/v2\/types\/post"}],"author":[{"embeddable":true,"href":"https:\/\/www.webdo.tn\/fr\/wp-json\/wp\/v2\/users\/3196"}],"replies":[{"embeddable":true,"href":"https:\/\/www.webdo.tn\/fr\/wp-json\/wp\/v2\/comments?post=199498"}],"version-history":[{"count":0,"href":"https:\/\/www.webdo.tn\/fr\/wp-json\/wp\/v2\/posts\/199498\/revisions"}],"wp:featuredmedia":[{"embeddable":true,"href":"https:\/\/www.webdo.tn\/fr\/wp-json\/wp\/v2\/media\/253080"}],"wp:attachment":[{"href":"https:\/\/www.webdo.tn\/fr\/wp-json\/wp\/v2\/media?parent=199498"}],"wp:term":[{"taxonomy":"category","embeddable":true,"href":"https:\/\/www.webdo.tn\/fr\/wp-json\/wp\/v2\/categories?post=199498"},{"taxonomy":"post_tag","embeddable":true,"href":"https:\/\/www.webdo.tn\/fr\/wp-json\/wp\/v2\/tags?post=199498"}],"curies":[{"name":"wp","href":"https:\/\/api.w.org\/{rel}","templated":true}]}}