{"id":199497,"date":"2022-11-28T13:29:00","date_gmt":"2022-11-28T13:29:00","guid":{"rendered":"https:\/\/www.webdo.tn\/fr\/blog\/crise-de-la-pct-230-md-mobilises-selon-les-affaires-sociales\/199497\/"},"modified":"2025-05-20T22:46:51","modified_gmt":"2025-05-20T22:46:51","slug":"crise-de-la-pct-230-md-mobilises-selon-les-affaires-sociales","status":"publish","type":"post","link":"https:\/\/www.webdo.tn\/fr\/actualite\/national\/crise-de-la-pct-230-md-mobilises-selon-les-affaires-sociales\/199497\/","title":{"rendered":"Crise de la PCT : 230 MD mobilis\u00e9s, selon les Affaires sociales"},"content":{"rendered":"<p>La crise financi\u00e8re de la Pharmacie Centrale de Tunisie est au c\u0153ur du dilemme du manque des m\u00e9dicaments.<\/p>\n<p>Suite aux affirmations de son PDG que la PCT rencontre de grandes difficult\u00e9s financi\u00e8res et que les fournisseurs refusent de l\u2019approvisionner en m\u00e9dicaments \u00e0 cause de ses dettes, les autorit\u00e9s ont r\u00e9agi.\u00a0<\/p>\n<p>Ce lundi 28 novembre 2022, le ministre des Affaires sociales Malek Zahi affirme que son d\u00e9partement a d\u00e9bloqu\u00e9 la somme de 230 millions de dinars pour regeler une partie des dettes de la PCT.\u00a0<\/p>\n<p>S\u2019exprimant sur les ondes de Shems FM, le ministre a expliqu\u00e9 que les dettes de la PCT aupr\u00e8s de 20 entreprises publiques ont \u00e9t\u00e9 r\u00e9gl\u00e9es.\u00a0<br \/>\nLe ministre de la Sant\u00e9, Ali Mrabet, a indiqu\u00e9 r\u00e9cemment que le stock strat\u00e9gique des m\u00e9dicaments contre les maladies chroniques est disponible et que le minist\u00e8re fait de son mieux pour fournir tous les m\u00e9dicaments n\u00e9cessaires.<\/p>\n<p>Il a expliqu\u00e9 que l&rsquo;industrie pharmaceutique est l&rsquo;un des quatre axes sur lesquels repose la strat\u00e9gie nationale de sant\u00e9 Tunisie 2030-2050, compte tenu notamment de la disponibilit\u00e9 de nombreux laboratoires pharmaceutiques et de comp\u00e9tences sp\u00e9cialis\u00e9es dans ce domaine.<\/p>\n","protected":false},"excerpt":{"rendered":"<p>La crise financi\u00e8re de la Pharmacie Centrale de Tunisie est au c\u0153ur du dilemme du manque des m\u00e9dicaments.<\/p>\n","protected":false},"author":3175,"featured_media":253082,"comment_status":"open","ping_status":"closed","sticky":false,"template":"","format":"standard","meta":{"footnotes":""},"categories":[44],"tags":[3479,3480,2608],"class_list":["post-199497","post","type-post","status-publish","format-standard","has-post-thumbnail","hentry","category-national","tag-medicaments","tag-pct","tag-tunisie"],"yoast_head":"<!-- This site is optimized with the Yoast SEO Premium plugin v27.4 (Yoast SEO v27.5) - https:\/\/yoast.com\/product\/yoast-seo-premium-wordpress\/ -->\n<title>Crise de la PCT : 230 MD mobilis\u00e9s, selon les Affaires sociales<\/title>\n<meta name=\"description\" content=\"La crise financi\u00e8re de la Pharmacie Centrale de Tunisie est au c\u0153ur du dilemme du manque des m\u00e9dicaments.\" \/>\n<link rel=\"canonical\" href=\"https:\/\/www.webdo.tn\/fr\/actualite\/national\/crise-de-la-pct-230-md-mobilises-selon-les-affaires-sociales\/199497\/\" \/>\n<meta property=\"og:locale\" content=\"fr_FR\" \/>\n<meta property=\"og:type\" content=\"article\" \/>\n<meta property=\"og:title\" content=\"Crise de la PCT : 230 MD mobilis\u00e9s, selon les Affaires sociales\" \/>\n<meta property=\"og:description\" content=\"La crise financi\u00e8re de la Pharmacie Centrale de Tunisie est au c\u0153ur du dilemme du manque des m\u00e9dicaments.\" \/>\n<meta property=\"og:url\" content=\"https:\/\/www.webdo.tn\/fr\/actualite\/national\/crise-de-la-pct-230-md-mobilises-selon-les-affaires-sociales\/199497\/\" \/>\n<meta property=\"og:site_name\" content=\"webdo\" \/>\n<meta property=\"article:publisher\" content=\"https:\/\/www.facebook.com\/webdotn\" \/>\n<meta property=\"article:published_time\" content=\"2022-11-28T13:29:00+00:00\" \/>\n<meta property=\"article:modified_time\" content=\"2025-05-20T22:46:51+00:00\" \/>\n<meta property=\"og:image\" content=\"https:\/\/www.webdo.tn\/fr\/wp-content\/uploads\/2022\/11\/94e41228cc5fefb8ce30382eff675707.jpg\" \/>\n\t<meta property=\"og:image:width\" content=\"680\" \/>\n\t<meta property=\"og:image:height\" content=\"363\" \/>\n\t<meta property=\"og:image:type\" content=\"image\/jpeg\" \/>\n<meta name=\"author\" content=\"CL\" \/>\n<meta name=\"twitter:card\" content=\"summary_large_image\" \/>\n<meta name=\"twitter:creator\" content=\"@webdo_tn\" \/>\n<meta name=\"twitter:site\" content=\"@webdo_tn\" \/>\n<meta name=\"twitter:label1\" content=\"\u00c9crit par\" \/>\n\t<meta name=\"twitter:data1\" content=\"CL\" \/>\n\t<meta name=\"twitter:label2\" content=\"Dur\u00e9e de lecture estim\u00e9e\" \/>\n\t<meta name=\"twitter:data2\" content=\"1 minute\" \/>\n<script type=\"application\/ld+json\" class=\"yoast-schema-graph\">{\"@context\":\"https:\\\/\\\/schema.org\",\"@graph\":[{\"@type\":\"NewsArticle\",\"@id\":\"https:\\\/\\\/www.webdo.tn\\\/fr\\\/actualite\\\/national\\\/crise-de-la-pct-230-md-mobilises-selon-les-affaires-sociales\\\/199497\\\/#article\",\"isPartOf\":{\"@id\":\"https:\\\/\\\/www.webdo.tn\\\/fr\\\/actualite\\\/national\\\/crise-de-la-pct-230-md-mobilises-selon-les-affaires-sociales\\\/199497\\\/\"},\"author\":{\"name\":\"CL\",\"@id\":\"https:\\\/\\\/www.webdo.tn\\\/fr\\\/#\\\/schema\\\/person\\\/f35b42a42c5e2511bbd282959d6385cc\"},\"headline\":\"Crise de la PCT : 230 MD mobilis\u00e9s, selon les Affaires sociales\",\"datePublished\":\"2022-11-28T13:29:00+00:00\",\"dateModified\":\"2025-05-20T22:46:51+00:00\",\"mainEntityOfPage\":{\"@id\":\"https:\\\/\\\/www.webdo.tn\\\/fr\\\/actualite\\\/national\\\/crise-de-la-pct-230-md-mobilises-selon-les-affaires-sociales\\\/199497\\\/\"},\"wordCount\":216,\"commentCount\":0,\"publisher\":{\"@id\":\"https:\\\/\\\/www.webdo.tn\\\/fr\\\/#organization\"},\"image\":{\"@id\":\"https:\\\/\\\/www.webdo.tn\\\/fr\\\/actualite\\\/national\\\/crise-de-la-pct-230-md-mobilises-selon-les-affaires-sociales\\\/199497\\\/#primaryimage\"},\"thumbnailUrl\":\"https:\\\/\\\/www.webdo.tn\\\/fr\\\/wp-content\\\/uploads\\\/2022\\\/11\\\/94e41228cc5fefb8ce30382eff675707.jpg\",\"keywords\":[\"m\u00e9dicaments\",\"PCT\",\"Tunisie\"],\"articleSection\":[\"National\"],\"inLanguage\":\"fr-FR\"},{\"@type\":\"WebPage\",\"@id\":\"https:\\\/\\\/www.webdo.tn\\\/fr\\\/actualite\\\/national\\\/crise-de-la-pct-230-md-mobilises-selon-les-affaires-sociales\\\/199497\\\/\",\"url\":\"https:\\\/\\\/www.webdo.tn\\\/fr\\\/actualite\\\/national\\\/crise-de-la-pct-230-md-mobilises-selon-les-affaires-sociales\\\/199497\\\/\",\"name\":\"Crise de la PCT : 230 MD mobilis\u00e9s, selon les Affaires sociales\",\"isPartOf\":{\"@id\":\"https:\\\/\\\/www.webdo.tn\\\/fr\\\/#website\"},\"primaryImageOfPage\":{\"@id\":\"https:\\\/\\\/www.webdo.tn\\\/fr\\\/actualite\\\/national\\\/crise-de-la-pct-230-md-mobilises-selon-les-affaires-sociales\\\/199497\\\/#primaryimage\"},\"image\":{\"@id\":\"https:\\\/\\\/www.webdo.tn\\\/fr\\\/actualite\\\/national\\\/crise-de-la-pct-230-md-mobilises-selon-les-affaires-sociales\\\/199497\\\/#primaryimage\"},\"thumbnailUrl\":\"https:\\\/\\\/www.webdo.tn\\\/fr\\\/wp-content\\\/uploads\\\/2022\\\/11\\\/94e41228cc5fefb8ce30382eff675707.jpg\",\"datePublished\":\"2022-11-28T13:29:00+00:00\",\"dateModified\":\"2025-05-20T22:46:51+00:00\",\"description\":\"La crise financi\u00e8re de la Pharmacie Centrale de Tunisie est au c\u0153ur du dilemme du manque des m\u00e9dicaments.\",\"breadcrumb\":{\"@id\":\"https:\\\/\\\/www.webdo.tn\\\/fr\\\/actualite\\\/national\\\/crise-de-la-pct-230-md-mobilises-selon-les-affaires-sociales\\\/199497\\\/#breadcrumb\"},\"inLanguage\":\"fr-FR\",\"potentialAction\":[{\"@type\":\"ReadAction\",\"target\":[\"https:\\\/\\\/www.webdo.tn\\\/fr\\\/actualite\\\/national\\\/crise-de-la-pct-230-md-mobilises-selon-les-affaires-sociales\\\/199497\\\/\"]}]},{\"@type\":\"ImageObject\",\"inLanguage\":\"fr-FR\",\"@id\":\"https:\\\/\\\/www.webdo.tn\\\/fr\\\/actualite\\\/national\\\/crise-de-la-pct-230-md-mobilises-selon-les-affaires-sociales\\\/199497\\\/#primaryimage\",\"url\":\"https:\\\/\\\/www.webdo.tn\\\/fr\\\/wp-content\\\/uploads\\\/2022\\\/11\\\/94e41228cc5fefb8ce30382eff675707.jpg\",\"contentUrl\":\"https:\\\/\\\/www.webdo.tn\\\/fr\\\/wp-content\\\/uploads\\\/2022\\\/11\\\/94e41228cc5fefb8ce30382eff675707.jpg\",\"width\":680,\"height\":363,\"caption\":\"Pharmacie centrale\"},{\"@type\":\"BreadcrumbList\",\"@id\":\"https:\\\/\\\/www.webdo.tn\\\/fr\\\/actualite\\\/national\\\/crise-de-la-pct-230-md-mobilises-selon-les-affaires-sociales\\\/199497\\\/#breadcrumb\",\"itemListElement\":[{\"@type\":\"ListItem\",\"position\":1,\"name\":\"Accueil\",\"item\":\"https:\\\/\\\/www.webdo.tn\\\/fr\\\/\"},{\"@type\":\"ListItem\",\"position\":2,\"name\":\"Crise de la PCT : 230 MD mobilis\u00e9s, selon les Affaires sociales\"}]},{\"@type\":\"WebSite\",\"@id\":\"https:\\\/\\\/www.webdo.tn\\\/fr\\\/#website\",\"url\":\"https:\\\/\\\/www.webdo.tn\\\/fr\\\/\",\"name\":\"webdo\",\"description\":\"Tunisie - News en Tunisie et \u00e0 l&#039;international sur Webdo.tn\",\"publisher\":{\"@id\":\"https:\\\/\\\/www.webdo.tn\\\/fr\\\/#organization\"},\"potentialAction\":[{\"@type\":\"SearchAction\",\"target\":{\"@type\":\"EntryPoint\",\"urlTemplate\":\"https:\\\/\\\/www.webdo.tn\\\/fr\\\/?s={search_term_string}\"},\"query-input\":{\"@type\":\"PropertyValueSpecification\",\"valueRequired\":true,\"valueName\":\"search_term_string\"}}],\"inLanguage\":\"fr-FR\"},{\"@type\":\"Organization\",\"@id\":\"https:\\\/\\\/www.webdo.tn\\\/fr\\\/#organization\",\"name\":\"Webdo\",\"alternateName\":\"Webdo.tn\",\"url\":\"https:\\\/\\\/www.webdo.tn\\\/fr\\\/\",\"logo\":{\"@type\":\"ImageObject\",\"inLanguage\":\"fr-FR\",\"@id\":\"https:\\\/\\\/www.webdo.tn\\\/fr\\\/#\\\/schema\\\/logo\\\/image\\\/\",\"url\":\"https:\\\/\\\/www.webdo.tn\\\/fr\\\/wp-content\\\/uploads\\\/2025\\\/06\\\/Webdo-Tunisie_168377.jpg\",\"contentUrl\":\"https:\\\/\\\/www.webdo.tn\\\/fr\\\/wp-content\\\/uploads\\\/2025\\\/06\\\/Webdo-Tunisie_168377.jpg\",\"width\":301,\"height\":301,\"caption\":\"Webdo\"},\"image\":{\"@id\":\"https:\\\/\\\/www.webdo.tn\\\/fr\\\/#\\\/schema\\\/logo\\\/image\\\/\"},\"sameAs\":[\"https:\\\/\\\/www.facebook.com\\\/webdotn\",\"https:\\\/\\\/x.com\\\/webdo_tn\"],\"description\":\"Webdo est un m\u00e9dia num\u00e9rique tunisien fond\u00e9 en 2010, sp\u00e9cialis\u00e9 dans l\u2019actualit\u00e9 nationale et internationale, l\u2019\u00e9conomie, la soci\u00e9t\u00e9 et les analyses politiques. Le site s\u2019adresse \u00e0 un large public francophone et couvre l\u2019information tunisienne en temps r\u00e9el.\",\"email\":\"redac@webdo.tn\",\"legalName\":\"YNJ SARL\",\"foundingDate\":\"2010-09-06\",\"numberOfEmployees\":{\"@type\":\"QuantitativeValue\",\"minValue\":\"11\",\"maxValue\":\"50\"}},{\"@type\":\"Person\",\"@id\":\"https:\\\/\\\/www.webdo.tn\\\/fr\\\/#\\\/schema\\\/person\\\/f35b42a42c5e2511bbd282959d6385cc\",\"name\":\"CL\",\"image\":{\"@type\":\"ImageObject\",\"inLanguage\":\"fr-FR\",\"@id\":\"https:\\\/\\\/secure.gravatar.com\\\/avatar\\\/1447a49909b67aa657c488aec6512e1dd6143a480c1ecfee9b5b5cd74eb3b59e?s=96&d=mm&r=g\",\"url\":\"https:\\\/\\\/secure.gravatar.com\\\/avatar\\\/1447a49909b67aa657c488aec6512e1dd6143a480c1ecfee9b5b5cd74eb3b59e?s=96&d=mm&r=g\",\"contentUrl\":\"https:\\\/\\\/secure.gravatar.com\\\/avatar\\\/1447a49909b67aa657c488aec6512e1dd6143a480c1ecfee9b5b5cd74eb3b59e?s=96&d=mm&r=g\",\"caption\":\"CL\"},\"url\":\"https:\\\/\\\/www.webdo.tn\\\/fr\\\/actualite\\\/author\\\/cl\\\/\"}]}<\/script>\n<!-- \/ Yoast SEO Premium plugin. -->","yoast_head_json":{"title":"Crise de la PCT : 230 MD mobilis\u00e9s, selon les Affaires sociales","description":"La crise financi\u00e8re de la Pharmacie Centrale de Tunisie est au c\u0153ur du dilemme du manque des m\u00e9dicaments.","canonical":"https:\/\/www.webdo.tn\/fr\/actualite\/national\/crise-de-la-pct-230-md-mobilises-selon-les-affaires-sociales\/199497\/","og_locale":"fr_FR","og_type":"article","og_title":"Crise de la PCT : 230 MD mobilis\u00e9s, selon les Affaires sociales","og_description":"La crise financi\u00e8re de la Pharmacie Centrale de Tunisie est au c\u0153ur du dilemme du manque des m\u00e9dicaments.","og_url":"https:\/\/www.webdo.tn\/fr\/actualite\/national\/crise-de-la-pct-230-md-mobilises-selon-les-affaires-sociales\/199497\/","og_site_name":"webdo","article_publisher":"https:\/\/www.facebook.com\/webdotn","article_published_time":"2022-11-28T13:29:00+00:00","article_modified_time":"2025-05-20T22:46:51+00:00","og_image":[{"width":680,"height":363,"url":"https:\/\/www.webdo.tn\/fr\/wp-content\/uploads\/2022\/11\/94e41228cc5fefb8ce30382eff675707.jpg","type":"image\/jpeg"}],"author":"CL","twitter_card":"summary_large_image","twitter_creator":"@webdo_tn","twitter_site":"@webdo_tn","twitter_misc":{"\u00c9crit par":"CL","Dur\u00e9e de lecture estim\u00e9e":"1 minute"},"schema":{"@context":"https:\/\/schema.org","@graph":[{"@type":"NewsArticle","@id":"https:\/\/www.webdo.tn\/fr\/actualite\/national\/crise-de-la-pct-230-md-mobilises-selon-les-affaires-sociales\/199497\/#article","isPartOf":{"@id":"https:\/\/www.webdo.tn\/fr\/actualite\/national\/crise-de-la-pct-230-md-mobilises-selon-les-affaires-sociales\/199497\/"},"author":{"name":"CL","@id":"https:\/\/www.webdo.tn\/fr\/#\/schema\/person\/f35b42a42c5e2511bbd282959d6385cc"},"headline":"Crise de la PCT : 230 MD mobilis\u00e9s, selon les Affaires sociales","datePublished":"2022-11-28T13:29:00+00:00","dateModified":"2025-05-20T22:46:51+00:00","mainEntityOfPage":{"@id":"https:\/\/www.webdo.tn\/fr\/actualite\/national\/crise-de-la-pct-230-md-mobilises-selon-les-affaires-sociales\/199497\/"},"wordCount":216,"commentCount":0,"publisher":{"@id":"https:\/\/www.webdo.tn\/fr\/#organization"},"image":{"@id":"https:\/\/www.webdo.tn\/fr\/actualite\/national\/crise-de-la-pct-230-md-mobilises-selon-les-affaires-sociales\/199497\/#primaryimage"},"thumbnailUrl":"https:\/\/www.webdo.tn\/fr\/wp-content\/uploads\/2022\/11\/94e41228cc5fefb8ce30382eff675707.jpg","keywords":["m\u00e9dicaments","PCT","Tunisie"],"articleSection":["National"],"inLanguage":"fr-FR"},{"@type":"WebPage","@id":"https:\/\/www.webdo.tn\/fr\/actualite\/national\/crise-de-la-pct-230-md-mobilises-selon-les-affaires-sociales\/199497\/","url":"https:\/\/www.webdo.tn\/fr\/actualite\/national\/crise-de-la-pct-230-md-mobilises-selon-les-affaires-sociales\/199497\/","name":"Crise de la PCT : 230 MD mobilis\u00e9s, selon les Affaires sociales","isPartOf":{"@id":"https:\/\/www.webdo.tn\/fr\/#website"},"primaryImageOfPage":{"@id":"https:\/\/www.webdo.tn\/fr\/actualite\/national\/crise-de-la-pct-230-md-mobilises-selon-les-affaires-sociales\/199497\/#primaryimage"},"image":{"@id":"https:\/\/www.webdo.tn\/fr\/actualite\/national\/crise-de-la-pct-230-md-mobilises-selon-les-affaires-sociales\/199497\/#primaryimage"},"thumbnailUrl":"https:\/\/www.webdo.tn\/fr\/wp-content\/uploads\/2022\/11\/94e41228cc5fefb8ce30382eff675707.jpg","datePublished":"2022-11-28T13:29:00+00:00","dateModified":"2025-05-20T22:46:51+00:00","description":"La crise financi\u00e8re de la Pharmacie Centrale de Tunisie est au c\u0153ur du dilemme du manque des m\u00e9dicaments.","breadcrumb":{"@id":"https:\/\/www.webdo.tn\/fr\/actualite\/national\/crise-de-la-pct-230-md-mobilises-selon-les-affaires-sociales\/199497\/#breadcrumb"},"inLanguage":"fr-FR","potentialAction":[{"@type":"ReadAction","target":["https:\/\/www.webdo.tn\/fr\/actualite\/national\/crise-de-la-pct-230-md-mobilises-selon-les-affaires-sociales\/199497\/"]}]},{"@type":"ImageObject","inLanguage":"fr-FR","@id":"https:\/\/www.webdo.tn\/fr\/actualite\/national\/crise-de-la-pct-230-md-mobilises-selon-les-affaires-sociales\/199497\/#primaryimage","url":"https:\/\/www.webdo.tn\/fr\/wp-content\/uploads\/2022\/11\/94e41228cc5fefb8ce30382eff675707.jpg","contentUrl":"https:\/\/www.webdo.tn\/fr\/wp-content\/uploads\/2022\/11\/94e41228cc5fefb8ce30382eff675707.jpg","width":680,"height":363,"caption":"Pharmacie centrale"},{"@type":"BreadcrumbList","@id":"https:\/\/www.webdo.tn\/fr\/actualite\/national\/crise-de-la-pct-230-md-mobilises-selon-les-affaires-sociales\/199497\/#breadcrumb","itemListElement":[{"@type":"ListItem","position":1,"name":"Accueil","item":"https:\/\/www.webdo.tn\/fr\/"},{"@type":"ListItem","position":2,"name":"Crise de la PCT : 230 MD mobilis\u00e9s, selon les Affaires sociales"}]},{"@type":"WebSite","@id":"https:\/\/www.webdo.tn\/fr\/#website","url":"https:\/\/www.webdo.tn\/fr\/","name":"webdo","description":"Tunisie - News en Tunisie et \u00e0 l&#039;international sur Webdo.tn","publisher":{"@id":"https:\/\/www.webdo.tn\/fr\/#organization"},"potentialAction":[{"@type":"SearchAction","target":{"@type":"EntryPoint","urlTemplate":"https:\/\/www.webdo.tn\/fr\/?s={search_term_string}"},"query-input":{"@type":"PropertyValueSpecification","valueRequired":true,"valueName":"search_term_string"}}],"inLanguage":"fr-FR"},{"@type":"Organization","@id":"https:\/\/www.webdo.tn\/fr\/#organization","name":"Webdo","alternateName":"Webdo.tn","url":"https:\/\/www.webdo.tn\/fr\/","logo":{"@type":"ImageObject","inLanguage":"fr-FR","@id":"https:\/\/www.webdo.tn\/fr\/#\/schema\/logo\/image\/","url":"https:\/\/www.webdo.tn\/fr\/wp-content\/uploads\/2025\/06\/Webdo-Tunisie_168377.jpg","contentUrl":"https:\/\/www.webdo.tn\/fr\/wp-content\/uploads\/2025\/06\/Webdo-Tunisie_168377.jpg","width":301,"height":301,"caption":"Webdo"},"image":{"@id":"https:\/\/www.webdo.tn\/fr\/#\/schema\/logo\/image\/"},"sameAs":["https:\/\/www.facebook.com\/webdotn","https:\/\/x.com\/webdo_tn"],"description":"Webdo est un m\u00e9dia num\u00e9rique tunisien fond\u00e9 en 2010, sp\u00e9cialis\u00e9 dans l\u2019actualit\u00e9 nationale et internationale, l\u2019\u00e9conomie, la soci\u00e9t\u00e9 et les analyses politiques. Le site s\u2019adresse \u00e0 un large public francophone et couvre l\u2019information tunisienne en temps r\u00e9el.","email":"redac@webdo.tn","legalName":"YNJ SARL","foundingDate":"2010-09-06","numberOfEmployees":{"@type":"QuantitativeValue","minValue":"11","maxValue":"50"}},{"@type":"Person","@id":"https:\/\/www.webdo.tn\/fr\/#\/schema\/person\/f35b42a42c5e2511bbd282959d6385cc","name":"CL","image":{"@type":"ImageObject","inLanguage":"fr-FR","@id":"https:\/\/secure.gravatar.com\/avatar\/1447a49909b67aa657c488aec6512e1dd6143a480c1ecfee9b5b5cd74eb3b59e?s=96&d=mm&r=g","url":"https:\/\/secure.gravatar.com\/avatar\/1447a49909b67aa657c488aec6512e1dd6143a480c1ecfee9b5b5cd74eb3b59e?s=96&d=mm&r=g","contentUrl":"https:\/\/secure.gravatar.com\/avatar\/1447a49909b67aa657c488aec6512e1dd6143a480c1ecfee9b5b5cd74eb3b59e?s=96&d=mm&r=g","caption":"CL"},"url":"https:\/\/www.webdo.tn\/fr\/actualite\/author\/cl\/"}]}},"_links":{"self":[{"href":"https:\/\/www.webdo.tn\/fr\/wp-json\/wp\/v2\/posts\/199497","targetHints":{"allow":["GET"]}}],"collection":[{"href":"https:\/\/www.webdo.tn\/fr\/wp-json\/wp\/v2\/posts"}],"about":[{"href":"https:\/\/www.webdo.tn\/fr\/wp-json\/wp\/v2\/types\/post"}],"author":[{"embeddable":true,"href":"https:\/\/www.webdo.tn\/fr\/wp-json\/wp\/v2\/users\/3175"}],"replies":[{"embeddable":true,"href":"https:\/\/www.webdo.tn\/fr\/wp-json\/wp\/v2\/comments?post=199497"}],"version-history":[{"count":0,"href":"https:\/\/www.webdo.tn\/fr\/wp-json\/wp\/v2\/posts\/199497\/revisions"}],"wp:featuredmedia":[{"embeddable":true,"href":"https:\/\/www.webdo.tn\/fr\/wp-json\/wp\/v2\/media\/253082"}],"wp:attachment":[{"href":"https:\/\/www.webdo.tn\/fr\/wp-json\/wp\/v2\/media?parent=199497"}],"wp:term":[{"taxonomy":"category","embeddable":true,"href":"https:\/\/www.webdo.tn\/fr\/wp-json\/wp\/v2\/categories?post=199497"},{"taxonomy":"post_tag","embeddable":true,"href":"https:\/\/www.webdo.tn\/fr\/wp-json\/wp\/v2\/tags?post=199497"}],"curies":[{"name":"wp","href":"https:\/\/api.w.org\/{rel}","templated":true}]}}