{"id":199493,"date":"2022-11-28T12:49:00","date_gmt":"2022-11-28T12:49:00","guid":{"rendered":"https:\/\/www.webdo.tn\/fr\/blog\/la-cheffe-du-gouvernement-najla-bouden-en-algerie\/199493\/"},"modified":"2025-05-20T22:04:32","modified_gmt":"2025-05-20T22:04:32","slug":"la-cheffe-du-gouvernement-najla-bouden-en-algerie","status":"publish","type":"post","link":"https:\/\/www.webdo.tn\/fr\/actualite\/national\/la-cheffe-du-gouvernement-najla-bouden-en-algerie\/199493\/","title":{"rendered":"La Cheffe du gouvernement Najla Bouden en Alg\u00e9rie"},"content":{"rendered":"<p>La cheffe du gouvernement, Najla Bouden, s\u2019est rendue, ce lundi 28 novembre 2022, en Alg\u00e9rie o\u00f9 elle effectue une visite officielle d&rsquo;un jour.<\/p>\n<p>\t\t\t\t\t\t\t\t\tA son arriv\u00e9e \u00e0 Alger, la capitale, elle a \u00e9t\u00e9 accueillie \u00e0 l&rsquo;a\u00e9roport international Houari Boumediene par le Premier ministre alg\u00e9rien, Aymen Abderrahman, en pr\u00e9sence du ministre des Affaires \u00e9trang\u00e8res alg\u00e9rien, Ramatane Lamamra, et de la ministre de l&rsquo;Environnement et des Energies renouvelables alg\u00e9rienne, Samia Moualfi<\/p>\n<p>Rappelons que le pr\u00e9sident de la R\u00e9publique, Kais Saied, s\u2019est entretenu, samedi, au Palais de Carthage, avec le ministre des Affaires \u00e9trang\u00e8res et de la communaut\u00e9 alg\u00e9rienne \u00e0 l\u2019\u00e9tranger, Ramtane Lamamra, envoy\u00e9 sp\u00e9cial du pr\u00e9sident alg\u00e9rien Abdelmadjid Tebboune.<\/p>\n<p>Un entretien qui a permis d\u2019\u00e9voquer les relations entre les deux pays fr\u00e8res et la volont\u00e9 commune de les d\u00e9velopper davantage. Les deux parties ont \u00e9galement soulign\u00e9 la n\u00e9cessit\u00e9 d\u2019identifier de nouvelles perspectives de coop\u00e9ration.<\/p>\n","protected":false},"excerpt":{"rendered":"<p>La cheffe du gouvernement, Najla Bouden, s\u2019est rendue, ce lundi 28 novembre 2022, en Alg\u00e9rie o\u00f9 elle effectue une visite officielle d&rsquo;un jour.<\/p>\n","protected":false},"author":3162,"featured_media":253071,"comment_status":"open","ping_status":"closed","sticky":false,"template":"","format":"standard","meta":{"footnotes":""},"categories":[44],"tags":[2907,2732,8290,2608],"class_list":["post-199493","post","type-post","status-publish","format-standard","has-post-thumbnail","hentry","category-national","tag-algerie","tag-cooperation","tag-najla-bouden","tag-tunisie"],"yoast_head":"<!-- This site is optimized with the Yoast SEO Premium plugin v27.4 (Yoast SEO v27.4) - https:\/\/yoast.com\/product\/yoast-seo-premium-wordpress\/ -->\n<title>La Cheffe du gouvernement Najla Bouden en Alg\u00e9rie<\/title>\n<meta name=\"description\" content=\"La cheffe du gouvernement, Najla Bouden, s\u2019est rendue, ce lundi 28 novembre 2022, en Alg\u00e9rie o\u00f9 elle effectue une visite officielle d&#039;un jour.\" \/>\n<link rel=\"canonical\" href=\"https:\/\/www.webdo.tn\/fr\/actualite\/national\/la-cheffe-du-gouvernement-najla-bouden-en-algerie\/199493\/\" \/>\n<meta property=\"og:locale\" content=\"fr_FR\" \/>\n<meta property=\"og:type\" content=\"article\" \/>\n<meta property=\"og:title\" content=\"La Cheffe du gouvernement Najla Bouden en Alg\u00e9rie\" \/>\n<meta property=\"og:description\" content=\"La cheffe du gouvernement, Najla Bouden, s\u2019est rendue, ce lundi 28 novembre 2022, en Alg\u00e9rie o\u00f9 elle effectue une visite officielle d&#039;un jour.\" \/>\n<meta property=\"og:url\" content=\"https:\/\/www.webdo.tn\/fr\/actualite\/national\/la-cheffe-du-gouvernement-najla-bouden-en-algerie\/199493\/\" \/>\n<meta property=\"og:site_name\" content=\"webdo\" \/>\n<meta property=\"article:publisher\" content=\"https:\/\/www.facebook.com\/webdotn\" \/>\n<meta property=\"article:published_time\" content=\"2022-11-28T12:49:00+00:00\" \/>\n<meta property=\"article:modified_time\" content=\"2025-05-20T22:04:32+00:00\" \/>\n<meta property=\"og:image\" content=\"https:\/\/www.webdo.tn\/fr\/wp-content\/uploads\/2022\/11\/765c59ac249af92b6ac89e8ae78612d4.jpg\" \/>\n\t<meta property=\"og:image:width\" content=\"750\" \/>\n\t<meta property=\"og:image:height\" content=\"400\" \/>\n\t<meta property=\"og:image:type\" content=\"image\/jpeg\" \/>\n<meta name=\"author\" content=\"MC\" \/>\n<meta name=\"twitter:card\" content=\"summary_large_image\" \/>\n<meta name=\"twitter:creator\" content=\"@webdo_tn\" \/>\n<meta name=\"twitter:site\" content=\"@webdo_tn\" \/>\n<meta name=\"twitter:label1\" content=\"\u00c9crit par\" \/>\n\t<meta name=\"twitter:data1\" content=\"MC\" \/>\n\t<meta name=\"twitter:label2\" content=\"Dur\u00e9e de lecture estim\u00e9e\" \/>\n\t<meta name=\"twitter:data2\" content=\"1 minute\" \/>\n<script type=\"application\/ld+json\" class=\"yoast-schema-graph\">{\"@context\":\"https:\\\/\\\/schema.org\",\"@graph\":[{\"@type\":\"NewsArticle\",\"@id\":\"https:\\\/\\\/www.webdo.tn\\\/fr\\\/actualite\\\/national\\\/la-cheffe-du-gouvernement-najla-bouden-en-algerie\\\/199493\\\/#article\",\"isPartOf\":{\"@id\":\"https:\\\/\\\/www.webdo.tn\\\/fr\\\/actualite\\\/national\\\/la-cheffe-du-gouvernement-najla-bouden-en-algerie\\\/199493\\\/\"},\"author\":{\"name\":\"MC\",\"@id\":\"https:\\\/\\\/www.webdo.tn\\\/fr\\\/#\\\/schema\\\/person\\\/2c4929cbf5a809e3bd38617c6ce150f6\"},\"headline\":\"La Cheffe du gouvernement Najla Bouden en Alg\u00e9rie\",\"datePublished\":\"2022-11-28T12:49:00+00:00\",\"dateModified\":\"2025-05-20T22:04:32+00:00\",\"mainEntityOfPage\":{\"@id\":\"https:\\\/\\\/www.webdo.tn\\\/fr\\\/actualite\\\/national\\\/la-cheffe-du-gouvernement-najla-bouden-en-algerie\\\/199493\\\/\"},\"wordCount\":173,\"commentCount\":0,\"publisher\":{\"@id\":\"https:\\\/\\\/www.webdo.tn\\\/fr\\\/#organization\"},\"image\":{\"@id\":\"https:\\\/\\\/www.webdo.tn\\\/fr\\\/actualite\\\/national\\\/la-cheffe-du-gouvernement-najla-bouden-en-algerie\\\/199493\\\/#primaryimage\"},\"thumbnailUrl\":\"https:\\\/\\\/www.webdo.tn\\\/fr\\\/wp-content\\\/uploads\\\/2022\\\/11\\\/765c59ac249af92b6ac89e8ae78612d4.jpg\",\"keywords\":[\"Alg\u00e9rie\",\"coop\u00e9ration\",\"Najla Bouden\",\"Tunisie\"],\"articleSection\":[\"National\"],\"inLanguage\":\"fr-FR\"},{\"@type\":\"WebPage\",\"@id\":\"https:\\\/\\\/www.webdo.tn\\\/fr\\\/actualite\\\/national\\\/la-cheffe-du-gouvernement-najla-bouden-en-algerie\\\/199493\\\/\",\"url\":\"https:\\\/\\\/www.webdo.tn\\\/fr\\\/actualite\\\/national\\\/la-cheffe-du-gouvernement-najla-bouden-en-algerie\\\/199493\\\/\",\"name\":\"La Cheffe du gouvernement Najla Bouden en Alg\u00e9rie\",\"isPartOf\":{\"@id\":\"https:\\\/\\\/www.webdo.tn\\\/fr\\\/#website\"},\"primaryImageOfPage\":{\"@id\":\"https:\\\/\\\/www.webdo.tn\\\/fr\\\/actualite\\\/national\\\/la-cheffe-du-gouvernement-najla-bouden-en-algerie\\\/199493\\\/#primaryimage\"},\"image\":{\"@id\":\"https:\\\/\\\/www.webdo.tn\\\/fr\\\/actualite\\\/national\\\/la-cheffe-du-gouvernement-najla-bouden-en-algerie\\\/199493\\\/#primaryimage\"},\"thumbnailUrl\":\"https:\\\/\\\/www.webdo.tn\\\/fr\\\/wp-content\\\/uploads\\\/2022\\\/11\\\/765c59ac249af92b6ac89e8ae78612d4.jpg\",\"datePublished\":\"2022-11-28T12:49:00+00:00\",\"dateModified\":\"2025-05-20T22:04:32+00:00\",\"description\":\"La cheffe du gouvernement, Najla Bouden, s\u2019est rendue, ce lundi 28 novembre 2022, en Alg\u00e9rie o\u00f9 elle effectue une visite officielle d'un jour.\",\"breadcrumb\":{\"@id\":\"https:\\\/\\\/www.webdo.tn\\\/fr\\\/actualite\\\/national\\\/la-cheffe-du-gouvernement-najla-bouden-en-algerie\\\/199493\\\/#breadcrumb\"},\"inLanguage\":\"fr-FR\",\"potentialAction\":[{\"@type\":\"ReadAction\",\"target\":[\"https:\\\/\\\/www.webdo.tn\\\/fr\\\/actualite\\\/national\\\/la-cheffe-du-gouvernement-najla-bouden-en-algerie\\\/199493\\\/\"]}]},{\"@type\":\"ImageObject\",\"inLanguage\":\"fr-FR\",\"@id\":\"https:\\\/\\\/www.webdo.tn\\\/fr\\\/actualite\\\/national\\\/la-cheffe-du-gouvernement-najla-bouden-en-algerie\\\/199493\\\/#primaryimage\",\"url\":\"https:\\\/\\\/www.webdo.tn\\\/fr\\\/wp-content\\\/uploads\\\/2022\\\/11\\\/765c59ac249af92b6ac89e8ae78612d4.jpg\",\"contentUrl\":\"https:\\\/\\\/www.webdo.tn\\\/fr\\\/wp-content\\\/uploads\\\/2022\\\/11\\\/765c59ac249af92b6ac89e8ae78612d4.jpg\",\"width\":750,\"height\":400,\"caption\":\"La Cheffe du gouvernement Najla Bouden en Alg\u00e9rie\"},{\"@type\":\"BreadcrumbList\",\"@id\":\"https:\\\/\\\/www.webdo.tn\\\/fr\\\/actualite\\\/national\\\/la-cheffe-du-gouvernement-najla-bouden-en-algerie\\\/199493\\\/#breadcrumb\",\"itemListElement\":[{\"@type\":\"ListItem\",\"position\":1,\"name\":\"Accueil\",\"item\":\"https:\\\/\\\/www.webdo.tn\\\/fr\\\/\"},{\"@type\":\"ListItem\",\"position\":2,\"name\":\"La Cheffe du gouvernement Najla Bouden en Alg\u00e9rie\"}]},{\"@type\":\"WebSite\",\"@id\":\"https:\\\/\\\/www.webdo.tn\\\/fr\\\/#website\",\"url\":\"https:\\\/\\\/www.webdo.tn\\\/fr\\\/\",\"name\":\"webdo\",\"description\":\"Tunisie - News en Tunisie et \u00e0 l&#039;international sur Webdo.tn\",\"publisher\":{\"@id\":\"https:\\\/\\\/www.webdo.tn\\\/fr\\\/#organization\"},\"potentialAction\":[{\"@type\":\"SearchAction\",\"target\":{\"@type\":\"EntryPoint\",\"urlTemplate\":\"https:\\\/\\\/www.webdo.tn\\\/fr\\\/?s={search_term_string}\"},\"query-input\":{\"@type\":\"PropertyValueSpecification\",\"valueRequired\":true,\"valueName\":\"search_term_string\"}}],\"inLanguage\":\"fr-FR\"},{\"@type\":\"Organization\",\"@id\":\"https:\\\/\\\/www.webdo.tn\\\/fr\\\/#organization\",\"name\":\"Webdo\",\"alternateName\":\"Webdo.tn\",\"url\":\"https:\\\/\\\/www.webdo.tn\\\/fr\\\/\",\"logo\":{\"@type\":\"ImageObject\",\"inLanguage\":\"fr-FR\",\"@id\":\"https:\\\/\\\/www.webdo.tn\\\/fr\\\/#\\\/schema\\\/logo\\\/image\\\/\",\"url\":\"https:\\\/\\\/www.webdo.tn\\\/fr\\\/wp-content\\\/uploads\\\/2025\\\/06\\\/Webdo-Tunisie_168377.jpg\",\"contentUrl\":\"https:\\\/\\\/www.webdo.tn\\\/fr\\\/wp-content\\\/uploads\\\/2025\\\/06\\\/Webdo-Tunisie_168377.jpg\",\"width\":301,\"height\":301,\"caption\":\"Webdo\"},\"image\":{\"@id\":\"https:\\\/\\\/www.webdo.tn\\\/fr\\\/#\\\/schema\\\/logo\\\/image\\\/\"},\"sameAs\":[\"https:\\\/\\\/www.facebook.com\\\/webdotn\",\"https:\\\/\\\/x.com\\\/webdo_tn\"],\"description\":\"Webdo est un m\u00e9dia num\u00e9rique tunisien fond\u00e9 en 2010, sp\u00e9cialis\u00e9 dans l\u2019actualit\u00e9 nationale et internationale, l\u2019\u00e9conomie, la soci\u00e9t\u00e9 et les analyses politiques. Le site s\u2019adresse \u00e0 un large public francophone et couvre l\u2019information tunisienne en temps r\u00e9el.\",\"email\":\"redac@webdo.tn\",\"legalName\":\"YNJ SARL\",\"foundingDate\":\"2010-09-06\",\"numberOfEmployees\":{\"@type\":\"QuantitativeValue\",\"minValue\":\"11\",\"maxValue\":\"50\"}},{\"@type\":\"Person\",\"@id\":\"https:\\\/\\\/www.webdo.tn\\\/fr\\\/#\\\/schema\\\/person\\\/2c4929cbf5a809e3bd38617c6ce150f6\",\"name\":\"MC\",\"image\":{\"@type\":\"ImageObject\",\"inLanguage\":\"fr-FR\",\"@id\":\"https:\\\/\\\/secure.gravatar.com\\\/avatar\\\/a545bbb6f84efdd5553dbbc2895e3ca8f1d12c5215e00a041c9670b54aa9b18a?s=96&d=mm&r=g\",\"url\":\"https:\\\/\\\/secure.gravatar.com\\\/avatar\\\/a545bbb6f84efdd5553dbbc2895e3ca8f1d12c5215e00a041c9670b54aa9b18a?s=96&d=mm&r=g\",\"contentUrl\":\"https:\\\/\\\/secure.gravatar.com\\\/avatar\\\/a545bbb6f84efdd5553dbbc2895e3ca8f1d12c5215e00a041c9670b54aa9b18a?s=96&d=mm&r=g\",\"caption\":\"MC\"},\"url\":\"https:\\\/\\\/www.webdo.tn\\\/fr\\\/actualite\\\/author\\\/mc\\\/\"}]}<\/script>\n<!-- \/ Yoast SEO Premium plugin. -->","yoast_head_json":{"title":"La Cheffe du gouvernement Najla Bouden en Alg\u00e9rie","description":"La cheffe du gouvernement, Najla Bouden, s\u2019est rendue, ce lundi 28 novembre 2022, en Alg\u00e9rie o\u00f9 elle effectue une visite officielle d'un jour.","canonical":"https:\/\/www.webdo.tn\/fr\/actualite\/national\/la-cheffe-du-gouvernement-najla-bouden-en-algerie\/199493\/","og_locale":"fr_FR","og_type":"article","og_title":"La Cheffe du gouvernement Najla Bouden en Alg\u00e9rie","og_description":"La cheffe du gouvernement, Najla Bouden, s\u2019est rendue, ce lundi 28 novembre 2022, en Alg\u00e9rie o\u00f9 elle effectue une visite officielle d'un jour.","og_url":"https:\/\/www.webdo.tn\/fr\/actualite\/national\/la-cheffe-du-gouvernement-najla-bouden-en-algerie\/199493\/","og_site_name":"webdo","article_publisher":"https:\/\/www.facebook.com\/webdotn","article_published_time":"2022-11-28T12:49:00+00:00","article_modified_time":"2025-05-20T22:04:32+00:00","og_image":[{"width":750,"height":400,"url":"https:\/\/www.webdo.tn\/fr\/wp-content\/uploads\/2022\/11\/765c59ac249af92b6ac89e8ae78612d4.jpg","type":"image\/jpeg"}],"author":"MC","twitter_card":"summary_large_image","twitter_creator":"@webdo_tn","twitter_site":"@webdo_tn","twitter_misc":{"\u00c9crit par":"MC","Dur\u00e9e de lecture estim\u00e9e":"1 minute"},"schema":{"@context":"https:\/\/schema.org","@graph":[{"@type":"NewsArticle","@id":"https:\/\/www.webdo.tn\/fr\/actualite\/national\/la-cheffe-du-gouvernement-najla-bouden-en-algerie\/199493\/#article","isPartOf":{"@id":"https:\/\/www.webdo.tn\/fr\/actualite\/national\/la-cheffe-du-gouvernement-najla-bouden-en-algerie\/199493\/"},"author":{"name":"MC","@id":"https:\/\/www.webdo.tn\/fr\/#\/schema\/person\/2c4929cbf5a809e3bd38617c6ce150f6"},"headline":"La Cheffe du gouvernement Najla Bouden en Alg\u00e9rie","datePublished":"2022-11-28T12:49:00+00:00","dateModified":"2025-05-20T22:04:32+00:00","mainEntityOfPage":{"@id":"https:\/\/www.webdo.tn\/fr\/actualite\/national\/la-cheffe-du-gouvernement-najla-bouden-en-algerie\/199493\/"},"wordCount":173,"commentCount":0,"publisher":{"@id":"https:\/\/www.webdo.tn\/fr\/#organization"},"image":{"@id":"https:\/\/www.webdo.tn\/fr\/actualite\/national\/la-cheffe-du-gouvernement-najla-bouden-en-algerie\/199493\/#primaryimage"},"thumbnailUrl":"https:\/\/www.webdo.tn\/fr\/wp-content\/uploads\/2022\/11\/765c59ac249af92b6ac89e8ae78612d4.jpg","keywords":["Alg\u00e9rie","coop\u00e9ration","Najla Bouden","Tunisie"],"articleSection":["National"],"inLanguage":"fr-FR"},{"@type":"WebPage","@id":"https:\/\/www.webdo.tn\/fr\/actualite\/national\/la-cheffe-du-gouvernement-najla-bouden-en-algerie\/199493\/","url":"https:\/\/www.webdo.tn\/fr\/actualite\/national\/la-cheffe-du-gouvernement-najla-bouden-en-algerie\/199493\/","name":"La Cheffe du gouvernement Najla Bouden en Alg\u00e9rie","isPartOf":{"@id":"https:\/\/www.webdo.tn\/fr\/#website"},"primaryImageOfPage":{"@id":"https:\/\/www.webdo.tn\/fr\/actualite\/national\/la-cheffe-du-gouvernement-najla-bouden-en-algerie\/199493\/#primaryimage"},"image":{"@id":"https:\/\/www.webdo.tn\/fr\/actualite\/national\/la-cheffe-du-gouvernement-najla-bouden-en-algerie\/199493\/#primaryimage"},"thumbnailUrl":"https:\/\/www.webdo.tn\/fr\/wp-content\/uploads\/2022\/11\/765c59ac249af92b6ac89e8ae78612d4.jpg","datePublished":"2022-11-28T12:49:00+00:00","dateModified":"2025-05-20T22:04:32+00:00","description":"La cheffe du gouvernement, Najla Bouden, s\u2019est rendue, ce lundi 28 novembre 2022, en Alg\u00e9rie o\u00f9 elle effectue une visite officielle d'un jour.","breadcrumb":{"@id":"https:\/\/www.webdo.tn\/fr\/actualite\/national\/la-cheffe-du-gouvernement-najla-bouden-en-algerie\/199493\/#breadcrumb"},"inLanguage":"fr-FR","potentialAction":[{"@type":"ReadAction","target":["https:\/\/www.webdo.tn\/fr\/actualite\/national\/la-cheffe-du-gouvernement-najla-bouden-en-algerie\/199493\/"]}]},{"@type":"ImageObject","inLanguage":"fr-FR","@id":"https:\/\/www.webdo.tn\/fr\/actualite\/national\/la-cheffe-du-gouvernement-najla-bouden-en-algerie\/199493\/#primaryimage","url":"https:\/\/www.webdo.tn\/fr\/wp-content\/uploads\/2022\/11\/765c59ac249af92b6ac89e8ae78612d4.jpg","contentUrl":"https:\/\/www.webdo.tn\/fr\/wp-content\/uploads\/2022\/11\/765c59ac249af92b6ac89e8ae78612d4.jpg","width":750,"height":400,"caption":"La Cheffe du gouvernement Najla Bouden en Alg\u00e9rie"},{"@type":"BreadcrumbList","@id":"https:\/\/www.webdo.tn\/fr\/actualite\/national\/la-cheffe-du-gouvernement-najla-bouden-en-algerie\/199493\/#breadcrumb","itemListElement":[{"@type":"ListItem","position":1,"name":"Accueil","item":"https:\/\/www.webdo.tn\/fr\/"},{"@type":"ListItem","position":2,"name":"La Cheffe du gouvernement Najla Bouden en Alg\u00e9rie"}]},{"@type":"WebSite","@id":"https:\/\/www.webdo.tn\/fr\/#website","url":"https:\/\/www.webdo.tn\/fr\/","name":"webdo","description":"Tunisie - News en Tunisie et \u00e0 l&#039;international sur Webdo.tn","publisher":{"@id":"https:\/\/www.webdo.tn\/fr\/#organization"},"potentialAction":[{"@type":"SearchAction","target":{"@type":"EntryPoint","urlTemplate":"https:\/\/www.webdo.tn\/fr\/?s={search_term_string}"},"query-input":{"@type":"PropertyValueSpecification","valueRequired":true,"valueName":"search_term_string"}}],"inLanguage":"fr-FR"},{"@type":"Organization","@id":"https:\/\/www.webdo.tn\/fr\/#organization","name":"Webdo","alternateName":"Webdo.tn","url":"https:\/\/www.webdo.tn\/fr\/","logo":{"@type":"ImageObject","inLanguage":"fr-FR","@id":"https:\/\/www.webdo.tn\/fr\/#\/schema\/logo\/image\/","url":"https:\/\/www.webdo.tn\/fr\/wp-content\/uploads\/2025\/06\/Webdo-Tunisie_168377.jpg","contentUrl":"https:\/\/www.webdo.tn\/fr\/wp-content\/uploads\/2025\/06\/Webdo-Tunisie_168377.jpg","width":301,"height":301,"caption":"Webdo"},"image":{"@id":"https:\/\/www.webdo.tn\/fr\/#\/schema\/logo\/image\/"},"sameAs":["https:\/\/www.facebook.com\/webdotn","https:\/\/x.com\/webdo_tn"],"description":"Webdo est un m\u00e9dia num\u00e9rique tunisien fond\u00e9 en 2010, sp\u00e9cialis\u00e9 dans l\u2019actualit\u00e9 nationale et internationale, l\u2019\u00e9conomie, la soci\u00e9t\u00e9 et les analyses politiques. Le site s\u2019adresse \u00e0 un large public francophone et couvre l\u2019information tunisienne en temps r\u00e9el.","email":"redac@webdo.tn","legalName":"YNJ SARL","foundingDate":"2010-09-06","numberOfEmployees":{"@type":"QuantitativeValue","minValue":"11","maxValue":"50"}},{"@type":"Person","@id":"https:\/\/www.webdo.tn\/fr\/#\/schema\/person\/2c4929cbf5a809e3bd38617c6ce150f6","name":"MC","image":{"@type":"ImageObject","inLanguage":"fr-FR","@id":"https:\/\/secure.gravatar.com\/avatar\/a545bbb6f84efdd5553dbbc2895e3ca8f1d12c5215e00a041c9670b54aa9b18a?s=96&d=mm&r=g","url":"https:\/\/secure.gravatar.com\/avatar\/a545bbb6f84efdd5553dbbc2895e3ca8f1d12c5215e00a041c9670b54aa9b18a?s=96&d=mm&r=g","contentUrl":"https:\/\/secure.gravatar.com\/avatar\/a545bbb6f84efdd5553dbbc2895e3ca8f1d12c5215e00a041c9670b54aa9b18a?s=96&d=mm&r=g","caption":"MC"},"url":"https:\/\/www.webdo.tn\/fr\/actualite\/author\/mc\/"}]}},"_links":{"self":[{"href":"https:\/\/www.webdo.tn\/fr\/wp-json\/wp\/v2\/posts\/199493","targetHints":{"allow":["GET"]}}],"collection":[{"href":"https:\/\/www.webdo.tn\/fr\/wp-json\/wp\/v2\/posts"}],"about":[{"href":"https:\/\/www.webdo.tn\/fr\/wp-json\/wp\/v2\/types\/post"}],"author":[{"embeddable":true,"href":"https:\/\/www.webdo.tn\/fr\/wp-json\/wp\/v2\/users\/3162"}],"replies":[{"embeddable":true,"href":"https:\/\/www.webdo.tn\/fr\/wp-json\/wp\/v2\/comments?post=199493"}],"version-history":[{"count":0,"href":"https:\/\/www.webdo.tn\/fr\/wp-json\/wp\/v2\/posts\/199493\/revisions"}],"wp:featuredmedia":[{"embeddable":true,"href":"https:\/\/www.webdo.tn\/fr\/wp-json\/wp\/v2\/media\/253071"}],"wp:attachment":[{"href":"https:\/\/www.webdo.tn\/fr\/wp-json\/wp\/v2\/media?parent=199493"}],"wp:term":[{"taxonomy":"category","embeddable":true,"href":"https:\/\/www.webdo.tn\/fr\/wp-json\/wp\/v2\/categories?post=199493"},{"taxonomy":"post_tag","embeddable":true,"href":"https:\/\/www.webdo.tn\/fr\/wp-json\/wp\/v2\/tags?post=199493"}],"curies":[{"name":"wp","href":"https:\/\/api.w.org\/{rel}","templated":true}]}}