{"id":199469,"date":"2022-11-28T07:27:00","date_gmt":"2022-11-28T07:27:00","guid":{"rendered":"https:\/\/www.webdo.tn\/fr\/blog\/lfc-pas-de-reduction-des-depenses-de-l-etat-en-2022\/199469\/"},"modified":"2025-05-20T22:48:01","modified_gmt":"2025-05-20T22:48:01","slug":"lfc-pas-de-reduction-des-depenses-de-l-etat-en-2022","status":"publish","type":"post","link":"https:\/\/www.webdo.tn\/fr\/actualite\/national\/lfc-pas-de-reduction-des-depenses-de-l-etat-en-2022\/199469\/","title":{"rendered":"LFC : Pas de r\u00e9duction des d\u00e9penses de l&rsquo;Etat en 2022"},"content":{"rendered":"<p>Le minist\u00e8re des finances a d\u00e9menti la r\u00e9duction des d\u00e9penses de l\u2019Etat dans la Loi des Finances Compl\u00e9mentaire (LFC2022) pour l\u2019exercice 2022, de 6 000 MD et ce contrairement \u00e0 des informations circulant dans ce sens, ajoutant que le volume global des d\u00e9penses pour l\u2019ann\u00e9e 2022 est estim\u00e9 \u00e0 50914 MD contre 47166 MD pr\u00e9vus par dans le cadre la loi des finances (LDF) initiale, soit une hausse de 3748 MD.<\/p>\n<p>\t\t\t\t\t\t\t\t\tUn responsable des services techniques du minist\u00e8re a expliqu\u00e9, dimanche, \u00e0 l\u2019agence TAP, que les hypoth\u00e8ses adopt\u00e9es dans le cadre de loi des finances de l\u2019ann\u00e9e 2022 ont \u00e9t\u00e9 r\u00e9vis\u00e9es, \u00e0 la lumi\u00e8re de la conjoncture \u00e9conomique mondiale notamment la guerre entre la Russie et l&rsquo;Ukraine.\u00a0<\/p>\n<p>La loi des finances compl\u00e9mentaire adopt\u00e9e pour l\u2019exercice 2022 pr\u00e9voit a cet \u00e9gard, une hausse du budget de l&rsquo;Etat de 6,20%, \u00e0 la lumi\u00e8re de la r\u00e9vision du volume de d\u00e9penses comme et du principal de la dette et des cr\u00e9dits de la tr\u00e9sorerie \u00e0 9906 MD contre 10125 MD estim\u00e9s dans le cadre de la loi des Finances initiale pour l\u2019ann\u00e9e 2022. Idem pour l\u2019ensemble des ressources propres de l\u2019Etat, lequel est pass\u00e9 \u00e0 41130 MD contre 38618 MD estim\u00e9s dans la loi des finances initiale.<\/p>\n<p>Ces ressources proviennent notamment des revenus fiscaux dont la valeur est estim\u00e9e \u00e0 36040 MD contre 35091 MD estim\u00e9es auparavant (LDF), soit une hausse de 949 MD ainsi que des revenus non-fiscaux actualis\u00e9s pour l\u2019ann\u00e9e 2022, \u00e0 3975 MD contre 3067 MD pr\u00e9vus au d\u00e9but (LDF), soit une nette progression de 908 MD.<\/p>\n<p>Un d\u00e9cret pr\u00e9sidentiel n\u00b069 pour l\u2019ann\u00e9e 2022, datant du 22 novembre 2022, relatif \u00e0 la loi des finances compl\u00e9mentaire pour l\u2019ann\u00e9e 2022 a \u00e9t\u00e9 publi\u00e9 dans le Journal Officiel de la R\u00e9publique tunisienne du 23 novembre 2022.<\/p>\n","protected":false},"excerpt":{"rendered":"<p>Le minist\u00e8re des finances a d\u00e9menti la r\u00e9duction des d\u00e9penses de l\u2019Etat dans la Loi des Finances Compl\u00e9mentaire (LFC2022) pour l\u2019exercice 2022, de 6 000 MD et c&#8230;<\/p>\n","protected":false},"author":3175,"featured_media":277343,"comment_status":"open","ping_status":"closed","sticky":false,"template":"","format":"standard","meta":{"footnotes":""},"categories":[44],"tags":[2864,9185,2608],"class_list":["post-199469","post","type-post","status-publish","format-standard","has-post-thumbnail","hentry","category-national","tag-depenses","tag-lfc","tag-tunisie"],"yoast_head":"<!-- This site is optimized with the Yoast SEO Premium plugin v27.5 (Yoast SEO v27.5) - https:\/\/yoast.com\/product\/yoast-seo-premium-wordpress\/ -->\n<title>LFC : Pas de r\u00e9duction des d\u00e9penses de l&#039;Etat en 2022<\/title>\n<meta name=\"description\" content=\"Le minist\u00e8re des finances a d\u00e9menti la r\u00e9duction des d\u00e9penses de l\u2019Etat dans la Loi des Finances Compl\u00e9mentaire (LFC2022) pour l\u2019exercice 2022, de 6 000 MD et c...\" \/>\n<link rel=\"canonical\" href=\"https:\/\/www.webdo.tn\/fr\/actualite\/national\/lfc-pas-de-reduction-des-depenses-de-l-etat-en-2022\/199469\/\" \/>\n<meta property=\"og:locale\" content=\"fr_FR\" \/>\n<meta property=\"og:type\" content=\"article\" \/>\n<meta property=\"og:title\" content=\"LFC : Pas de r\u00e9duction des d\u00e9penses de l&#039;Etat en 2022\" \/>\n<meta property=\"og:description\" content=\"Le minist\u00e8re des finances a d\u00e9menti la r\u00e9duction des d\u00e9penses de l\u2019Etat dans la Loi des Finances Compl\u00e9mentaire (LFC2022) pour l\u2019exercice 2022, de 6 000 MD et c...\" \/>\n<meta property=\"og:url\" content=\"https:\/\/www.webdo.tn\/fr\/actualite\/national\/lfc-pas-de-reduction-des-depenses-de-l-etat-en-2022\/199469\/\" \/>\n<meta property=\"og:site_name\" content=\"webdo\" \/>\n<meta property=\"article:publisher\" content=\"https:\/\/www.facebook.com\/webdotn\" \/>\n<meta property=\"article:published_time\" content=\"2022-11-28T07:27:00+00:00\" \/>\n<meta property=\"article:modified_time\" content=\"2025-05-20T22:48:01+00:00\" \/>\n<meta property=\"og:image\" content=\"https:\/\/www.webdo.tn\/fr\/wp-content\/uploads\/2022\/11\/6d416ff1d1bc572cbf8c3688c0d71bd6.jpeg\" \/>\n\t<meta property=\"og:image:width\" content=\"276\" \/>\n\t<meta property=\"og:image:height\" content=\"147\" \/>\n\t<meta property=\"og:image:type\" content=\"image\/jpeg\" \/>\n<meta name=\"author\" content=\"CL\" \/>\n<meta name=\"twitter:card\" content=\"summary_large_image\" \/>\n<meta name=\"twitter:creator\" content=\"@webdo_tn\" \/>\n<meta name=\"twitter:site\" content=\"@webdo_tn\" \/>\n<meta name=\"twitter:label1\" content=\"\u00c9crit par\" \/>\n\t<meta name=\"twitter:data1\" content=\"CL\" \/>\n\t<meta name=\"twitter:label2\" content=\"Dur\u00e9e de lecture estim\u00e9e\" \/>\n\t<meta name=\"twitter:data2\" content=\"2 minutes\" \/>\n<script type=\"application\/ld+json\" class=\"yoast-schema-graph\">{\"@context\":\"https:\\\/\\\/schema.org\",\"@graph\":[{\"@type\":\"NewsArticle\",\"@id\":\"https:\\\/\\\/www.webdo.tn\\\/fr\\\/actualite\\\/national\\\/lfc-pas-de-reduction-des-depenses-de-l-etat-en-2022\\\/199469\\\/#article\",\"isPartOf\":{\"@id\":\"https:\\\/\\\/www.webdo.tn\\\/fr\\\/actualite\\\/national\\\/lfc-pas-de-reduction-des-depenses-de-l-etat-en-2022\\\/199469\\\/\"},\"author\":{\"name\":\"CL\",\"@id\":\"https:\\\/\\\/www.webdo.tn\\\/fr\\\/#\\\/schema\\\/person\\\/f35b42a42c5e2511bbd282959d6385cc\"},\"headline\":\"LFC : Pas de r\u00e9duction des d\u00e9penses de l&rsquo;Etat en 2022\",\"datePublished\":\"2022-11-28T07:27:00+00:00\",\"dateModified\":\"2025-05-20T22:48:01+00:00\",\"mainEntityOfPage\":{\"@id\":\"https:\\\/\\\/www.webdo.tn\\\/fr\\\/actualite\\\/national\\\/lfc-pas-de-reduction-des-depenses-de-l-etat-en-2022\\\/199469\\\/\"},\"wordCount\":320,\"commentCount\":0,\"publisher\":{\"@id\":\"https:\\\/\\\/www.webdo.tn\\\/fr\\\/#organization\"},\"image\":{\"@id\":\"https:\\\/\\\/www.webdo.tn\\\/fr\\\/actualite\\\/national\\\/lfc-pas-de-reduction-des-depenses-de-l-etat-en-2022\\\/199469\\\/#primaryimage\"},\"thumbnailUrl\":\"https:\\\/\\\/www.webdo.tn\\\/fr\\\/wp-content\\\/uploads\\\/2022\\\/11\\\/6d416ff1d1bc572cbf8c3688c0d71bd6.jpeg\",\"keywords\":[\"d\u00e9penses\",\"LFC\",\"Tunisie\"],\"articleSection\":[\"National\"],\"inLanguage\":\"fr-FR\"},{\"@type\":\"WebPage\",\"@id\":\"https:\\\/\\\/www.webdo.tn\\\/fr\\\/actualite\\\/national\\\/lfc-pas-de-reduction-des-depenses-de-l-etat-en-2022\\\/199469\\\/\",\"url\":\"https:\\\/\\\/www.webdo.tn\\\/fr\\\/actualite\\\/national\\\/lfc-pas-de-reduction-des-depenses-de-l-etat-en-2022\\\/199469\\\/\",\"name\":\"LFC : Pas de r\u00e9duction des d\u00e9penses de l'Etat en 2022\",\"isPartOf\":{\"@id\":\"https:\\\/\\\/www.webdo.tn\\\/fr\\\/#website\"},\"primaryImageOfPage\":{\"@id\":\"https:\\\/\\\/www.webdo.tn\\\/fr\\\/actualite\\\/national\\\/lfc-pas-de-reduction-des-depenses-de-l-etat-en-2022\\\/199469\\\/#primaryimage\"},\"image\":{\"@id\":\"https:\\\/\\\/www.webdo.tn\\\/fr\\\/actualite\\\/national\\\/lfc-pas-de-reduction-des-depenses-de-l-etat-en-2022\\\/199469\\\/#primaryimage\"},\"thumbnailUrl\":\"https:\\\/\\\/www.webdo.tn\\\/fr\\\/wp-content\\\/uploads\\\/2022\\\/11\\\/6d416ff1d1bc572cbf8c3688c0d71bd6.jpeg\",\"datePublished\":\"2022-11-28T07:27:00+00:00\",\"dateModified\":\"2025-05-20T22:48:01+00:00\",\"description\":\"Le minist\u00e8re des finances a d\u00e9menti la r\u00e9duction des d\u00e9penses de l\u2019Etat dans la Loi des Finances Compl\u00e9mentaire (LFC2022) pour l\u2019exercice 2022, de 6 000 MD et c...\",\"breadcrumb\":{\"@id\":\"https:\\\/\\\/www.webdo.tn\\\/fr\\\/actualite\\\/national\\\/lfc-pas-de-reduction-des-depenses-de-l-etat-en-2022\\\/199469\\\/#breadcrumb\"},\"inLanguage\":\"fr-FR\",\"potentialAction\":[{\"@type\":\"ReadAction\",\"target\":[\"https:\\\/\\\/www.webdo.tn\\\/fr\\\/actualite\\\/national\\\/lfc-pas-de-reduction-des-depenses-de-l-etat-en-2022\\\/199469\\\/\"]}]},{\"@type\":\"ImageObject\",\"inLanguage\":\"fr-FR\",\"@id\":\"https:\\\/\\\/www.webdo.tn\\\/fr\\\/actualite\\\/national\\\/lfc-pas-de-reduction-des-depenses-de-l-etat-en-2022\\\/199469\\\/#primaryimage\",\"url\":\"https:\\\/\\\/www.webdo.tn\\\/fr\\\/wp-content\\\/uploads\\\/2022\\\/11\\\/6d416ff1d1bc572cbf8c3688c0d71bd6.jpeg\",\"contentUrl\":\"https:\\\/\\\/www.webdo.tn\\\/fr\\\/wp-content\\\/uploads\\\/2022\\\/11\\\/6d416ff1d1bc572cbf8c3688c0d71bd6.jpeg\",\"width\":276,\"height\":147,\"caption\":\"Finances\"},{\"@type\":\"BreadcrumbList\",\"@id\":\"https:\\\/\\\/www.webdo.tn\\\/fr\\\/actualite\\\/national\\\/lfc-pas-de-reduction-des-depenses-de-l-etat-en-2022\\\/199469\\\/#breadcrumb\",\"itemListElement\":[{\"@type\":\"ListItem\",\"position\":1,\"name\":\"Accueil\",\"item\":\"https:\\\/\\\/www.webdo.tn\\\/fr\\\/\"},{\"@type\":\"ListItem\",\"position\":2,\"name\":\"LFC : Pas de r\u00e9duction des d\u00e9penses de l&rsquo;Etat en 2022\"}]},{\"@type\":\"WebSite\",\"@id\":\"https:\\\/\\\/www.webdo.tn\\\/fr\\\/#website\",\"url\":\"https:\\\/\\\/www.webdo.tn\\\/fr\\\/\",\"name\":\"webdo\",\"description\":\"Tunisie - News en Tunisie et \u00e0 l&#039;international sur Webdo.tn\",\"publisher\":{\"@id\":\"https:\\\/\\\/www.webdo.tn\\\/fr\\\/#organization\"},\"potentialAction\":[{\"@type\":\"SearchAction\",\"target\":{\"@type\":\"EntryPoint\",\"urlTemplate\":\"https:\\\/\\\/www.webdo.tn\\\/fr\\\/?s={search_term_string}\"},\"query-input\":{\"@type\":\"PropertyValueSpecification\",\"valueRequired\":true,\"valueName\":\"search_term_string\"}}],\"inLanguage\":\"fr-FR\"},{\"@type\":\"Organization\",\"@id\":\"https:\\\/\\\/www.webdo.tn\\\/fr\\\/#organization\",\"name\":\"Webdo\",\"alternateName\":\"Webdo.tn\",\"url\":\"https:\\\/\\\/www.webdo.tn\\\/fr\\\/\",\"logo\":{\"@type\":\"ImageObject\",\"inLanguage\":\"fr-FR\",\"@id\":\"https:\\\/\\\/www.webdo.tn\\\/fr\\\/#\\\/schema\\\/logo\\\/image\\\/\",\"url\":\"https:\\\/\\\/www.webdo.tn\\\/fr\\\/wp-content\\\/uploads\\\/2025\\\/06\\\/Webdo-Tunisie_168377.jpg\",\"contentUrl\":\"https:\\\/\\\/www.webdo.tn\\\/fr\\\/wp-content\\\/uploads\\\/2025\\\/06\\\/Webdo-Tunisie_168377.jpg\",\"width\":301,\"height\":301,\"caption\":\"Webdo\"},\"image\":{\"@id\":\"https:\\\/\\\/www.webdo.tn\\\/fr\\\/#\\\/schema\\\/logo\\\/image\\\/\"},\"sameAs\":[\"https:\\\/\\\/www.facebook.com\\\/webdotn\",\"https:\\\/\\\/x.com\\\/webdo_tn\"],\"description\":\"Webdo est un m\u00e9dia num\u00e9rique tunisien fond\u00e9 en 2010, sp\u00e9cialis\u00e9 dans l\u2019actualit\u00e9 nationale et internationale, l\u2019\u00e9conomie, la soci\u00e9t\u00e9 et les analyses politiques. Le site s\u2019adresse \u00e0 un large public francophone et couvre l\u2019information tunisienne en temps r\u00e9el.\",\"email\":\"redac@webdo.tn\",\"legalName\":\"YNJ SARL\",\"foundingDate\":\"2010-09-06\",\"numberOfEmployees\":{\"@type\":\"QuantitativeValue\",\"minValue\":\"11\",\"maxValue\":\"50\"}},{\"@type\":\"Person\",\"@id\":\"https:\\\/\\\/www.webdo.tn\\\/fr\\\/#\\\/schema\\\/person\\\/f35b42a42c5e2511bbd282959d6385cc\",\"name\":\"CL\",\"image\":{\"@type\":\"ImageObject\",\"inLanguage\":\"fr-FR\",\"@id\":\"https:\\\/\\\/secure.gravatar.com\\\/avatar\\\/1447a49909b67aa657c488aec6512e1dd6143a480c1ecfee9b5b5cd74eb3b59e?s=96&d=mm&r=g\",\"url\":\"https:\\\/\\\/secure.gravatar.com\\\/avatar\\\/1447a49909b67aa657c488aec6512e1dd6143a480c1ecfee9b5b5cd74eb3b59e?s=96&d=mm&r=g\",\"contentUrl\":\"https:\\\/\\\/secure.gravatar.com\\\/avatar\\\/1447a49909b67aa657c488aec6512e1dd6143a480c1ecfee9b5b5cd74eb3b59e?s=96&d=mm&r=g\",\"caption\":\"CL\"},\"url\":\"https:\\\/\\\/www.webdo.tn\\\/fr\\\/actualite\\\/author\\\/cl\\\/\"}]}<\/script>\n<!-- \/ Yoast SEO Premium plugin. -->","yoast_head_json":{"title":"LFC : Pas de r\u00e9duction des d\u00e9penses de l'Etat en 2022","description":"Le minist\u00e8re des finances a d\u00e9menti la r\u00e9duction des d\u00e9penses de l\u2019Etat dans la Loi des Finances Compl\u00e9mentaire (LFC2022) pour l\u2019exercice 2022, de 6 000 MD et c...","canonical":"https:\/\/www.webdo.tn\/fr\/actualite\/national\/lfc-pas-de-reduction-des-depenses-de-l-etat-en-2022\/199469\/","og_locale":"fr_FR","og_type":"article","og_title":"LFC : Pas de r\u00e9duction des d\u00e9penses de l'Etat en 2022","og_description":"Le minist\u00e8re des finances a d\u00e9menti la r\u00e9duction des d\u00e9penses de l\u2019Etat dans la Loi des Finances Compl\u00e9mentaire (LFC2022) pour l\u2019exercice 2022, de 6 000 MD et c...","og_url":"https:\/\/www.webdo.tn\/fr\/actualite\/national\/lfc-pas-de-reduction-des-depenses-de-l-etat-en-2022\/199469\/","og_site_name":"webdo","article_publisher":"https:\/\/www.facebook.com\/webdotn","article_published_time":"2022-11-28T07:27:00+00:00","article_modified_time":"2025-05-20T22:48:01+00:00","og_image":[{"width":276,"height":147,"url":"https:\/\/www.webdo.tn\/fr\/wp-content\/uploads\/2022\/11\/6d416ff1d1bc572cbf8c3688c0d71bd6.jpeg","type":"image\/jpeg"}],"author":"CL","twitter_card":"summary_large_image","twitter_creator":"@webdo_tn","twitter_site":"@webdo_tn","twitter_misc":{"\u00c9crit par":"CL","Dur\u00e9e de lecture estim\u00e9e":"2 minutes"},"schema":{"@context":"https:\/\/schema.org","@graph":[{"@type":"NewsArticle","@id":"https:\/\/www.webdo.tn\/fr\/actualite\/national\/lfc-pas-de-reduction-des-depenses-de-l-etat-en-2022\/199469\/#article","isPartOf":{"@id":"https:\/\/www.webdo.tn\/fr\/actualite\/national\/lfc-pas-de-reduction-des-depenses-de-l-etat-en-2022\/199469\/"},"author":{"name":"CL","@id":"https:\/\/www.webdo.tn\/fr\/#\/schema\/person\/f35b42a42c5e2511bbd282959d6385cc"},"headline":"LFC : Pas de r\u00e9duction des d\u00e9penses de l&rsquo;Etat en 2022","datePublished":"2022-11-28T07:27:00+00:00","dateModified":"2025-05-20T22:48:01+00:00","mainEntityOfPage":{"@id":"https:\/\/www.webdo.tn\/fr\/actualite\/national\/lfc-pas-de-reduction-des-depenses-de-l-etat-en-2022\/199469\/"},"wordCount":320,"commentCount":0,"publisher":{"@id":"https:\/\/www.webdo.tn\/fr\/#organization"},"image":{"@id":"https:\/\/www.webdo.tn\/fr\/actualite\/national\/lfc-pas-de-reduction-des-depenses-de-l-etat-en-2022\/199469\/#primaryimage"},"thumbnailUrl":"https:\/\/www.webdo.tn\/fr\/wp-content\/uploads\/2022\/11\/6d416ff1d1bc572cbf8c3688c0d71bd6.jpeg","keywords":["d\u00e9penses","LFC","Tunisie"],"articleSection":["National"],"inLanguage":"fr-FR"},{"@type":"WebPage","@id":"https:\/\/www.webdo.tn\/fr\/actualite\/national\/lfc-pas-de-reduction-des-depenses-de-l-etat-en-2022\/199469\/","url":"https:\/\/www.webdo.tn\/fr\/actualite\/national\/lfc-pas-de-reduction-des-depenses-de-l-etat-en-2022\/199469\/","name":"LFC : Pas de r\u00e9duction des d\u00e9penses de l'Etat en 2022","isPartOf":{"@id":"https:\/\/www.webdo.tn\/fr\/#website"},"primaryImageOfPage":{"@id":"https:\/\/www.webdo.tn\/fr\/actualite\/national\/lfc-pas-de-reduction-des-depenses-de-l-etat-en-2022\/199469\/#primaryimage"},"image":{"@id":"https:\/\/www.webdo.tn\/fr\/actualite\/national\/lfc-pas-de-reduction-des-depenses-de-l-etat-en-2022\/199469\/#primaryimage"},"thumbnailUrl":"https:\/\/www.webdo.tn\/fr\/wp-content\/uploads\/2022\/11\/6d416ff1d1bc572cbf8c3688c0d71bd6.jpeg","datePublished":"2022-11-28T07:27:00+00:00","dateModified":"2025-05-20T22:48:01+00:00","description":"Le minist\u00e8re des finances a d\u00e9menti la r\u00e9duction des d\u00e9penses de l\u2019Etat dans la Loi des Finances Compl\u00e9mentaire (LFC2022) pour l\u2019exercice 2022, de 6 000 MD et c...","breadcrumb":{"@id":"https:\/\/www.webdo.tn\/fr\/actualite\/national\/lfc-pas-de-reduction-des-depenses-de-l-etat-en-2022\/199469\/#breadcrumb"},"inLanguage":"fr-FR","potentialAction":[{"@type":"ReadAction","target":["https:\/\/www.webdo.tn\/fr\/actualite\/national\/lfc-pas-de-reduction-des-depenses-de-l-etat-en-2022\/199469\/"]}]},{"@type":"ImageObject","inLanguage":"fr-FR","@id":"https:\/\/www.webdo.tn\/fr\/actualite\/national\/lfc-pas-de-reduction-des-depenses-de-l-etat-en-2022\/199469\/#primaryimage","url":"https:\/\/www.webdo.tn\/fr\/wp-content\/uploads\/2022\/11\/6d416ff1d1bc572cbf8c3688c0d71bd6.jpeg","contentUrl":"https:\/\/www.webdo.tn\/fr\/wp-content\/uploads\/2022\/11\/6d416ff1d1bc572cbf8c3688c0d71bd6.jpeg","width":276,"height":147,"caption":"Finances"},{"@type":"BreadcrumbList","@id":"https:\/\/www.webdo.tn\/fr\/actualite\/national\/lfc-pas-de-reduction-des-depenses-de-l-etat-en-2022\/199469\/#breadcrumb","itemListElement":[{"@type":"ListItem","position":1,"name":"Accueil","item":"https:\/\/www.webdo.tn\/fr\/"},{"@type":"ListItem","position":2,"name":"LFC : Pas de r\u00e9duction des d\u00e9penses de l&rsquo;Etat en 2022"}]},{"@type":"WebSite","@id":"https:\/\/www.webdo.tn\/fr\/#website","url":"https:\/\/www.webdo.tn\/fr\/","name":"webdo","description":"Tunisie - News en Tunisie et \u00e0 l&#039;international sur Webdo.tn","publisher":{"@id":"https:\/\/www.webdo.tn\/fr\/#organization"},"potentialAction":[{"@type":"SearchAction","target":{"@type":"EntryPoint","urlTemplate":"https:\/\/www.webdo.tn\/fr\/?s={search_term_string}"},"query-input":{"@type":"PropertyValueSpecification","valueRequired":true,"valueName":"search_term_string"}}],"inLanguage":"fr-FR"},{"@type":"Organization","@id":"https:\/\/www.webdo.tn\/fr\/#organization","name":"Webdo","alternateName":"Webdo.tn","url":"https:\/\/www.webdo.tn\/fr\/","logo":{"@type":"ImageObject","inLanguage":"fr-FR","@id":"https:\/\/www.webdo.tn\/fr\/#\/schema\/logo\/image\/","url":"https:\/\/www.webdo.tn\/fr\/wp-content\/uploads\/2025\/06\/Webdo-Tunisie_168377.jpg","contentUrl":"https:\/\/www.webdo.tn\/fr\/wp-content\/uploads\/2025\/06\/Webdo-Tunisie_168377.jpg","width":301,"height":301,"caption":"Webdo"},"image":{"@id":"https:\/\/www.webdo.tn\/fr\/#\/schema\/logo\/image\/"},"sameAs":["https:\/\/www.facebook.com\/webdotn","https:\/\/x.com\/webdo_tn"],"description":"Webdo est un m\u00e9dia num\u00e9rique tunisien fond\u00e9 en 2010, sp\u00e9cialis\u00e9 dans l\u2019actualit\u00e9 nationale et internationale, l\u2019\u00e9conomie, la soci\u00e9t\u00e9 et les analyses politiques. Le site s\u2019adresse \u00e0 un large public francophone et couvre l\u2019information tunisienne en temps r\u00e9el.","email":"redac@webdo.tn","legalName":"YNJ SARL","foundingDate":"2010-09-06","numberOfEmployees":{"@type":"QuantitativeValue","minValue":"11","maxValue":"50"}},{"@type":"Person","@id":"https:\/\/www.webdo.tn\/fr\/#\/schema\/person\/f35b42a42c5e2511bbd282959d6385cc","name":"CL","image":{"@type":"ImageObject","inLanguage":"fr-FR","@id":"https:\/\/secure.gravatar.com\/avatar\/1447a49909b67aa657c488aec6512e1dd6143a480c1ecfee9b5b5cd74eb3b59e?s=96&d=mm&r=g","url":"https:\/\/secure.gravatar.com\/avatar\/1447a49909b67aa657c488aec6512e1dd6143a480c1ecfee9b5b5cd74eb3b59e?s=96&d=mm&r=g","contentUrl":"https:\/\/secure.gravatar.com\/avatar\/1447a49909b67aa657c488aec6512e1dd6143a480c1ecfee9b5b5cd74eb3b59e?s=96&d=mm&r=g","caption":"CL"},"url":"https:\/\/www.webdo.tn\/fr\/actualite\/author\/cl\/"}]}},"_links":{"self":[{"href":"https:\/\/www.webdo.tn\/fr\/wp-json\/wp\/v2\/posts\/199469","targetHints":{"allow":["GET"]}}],"collection":[{"href":"https:\/\/www.webdo.tn\/fr\/wp-json\/wp\/v2\/posts"}],"about":[{"href":"https:\/\/www.webdo.tn\/fr\/wp-json\/wp\/v2\/types\/post"}],"author":[{"embeddable":true,"href":"https:\/\/www.webdo.tn\/fr\/wp-json\/wp\/v2\/users\/3175"}],"replies":[{"embeddable":true,"href":"https:\/\/www.webdo.tn\/fr\/wp-json\/wp\/v2\/comments?post=199469"}],"version-history":[{"count":0,"href":"https:\/\/www.webdo.tn\/fr\/wp-json\/wp\/v2\/posts\/199469\/revisions"}],"wp:featuredmedia":[{"embeddable":true,"href":"https:\/\/www.webdo.tn\/fr\/wp-json\/wp\/v2\/media\/277343"}],"wp:attachment":[{"href":"https:\/\/www.webdo.tn\/fr\/wp-json\/wp\/v2\/media?parent=199469"}],"wp:term":[{"taxonomy":"category","embeddable":true,"href":"https:\/\/www.webdo.tn\/fr\/wp-json\/wp\/v2\/categories?post=199469"},{"taxonomy":"post_tag","embeddable":true,"href":"https:\/\/www.webdo.tn\/fr\/wp-json\/wp\/v2\/tags?post=199469"}],"curies":[{"name":"wp","href":"https:\/\/api.w.org\/{rel}","templated":true}]}}