{"id":199446,"date":"2022-11-26T16:14:00","date_gmt":"2022-11-26T16:14:00","guid":{"rendered":"https:\/\/www.webdo.tn\/fr\/blog\/ciff-44-un-palmares-decevant\/199446\/"},"modified":"2025-05-14T10:52:08","modified_gmt":"2025-05-14T10:52:08","slug":"ciff-44-un-palmares-decevant","status":"publish","type":"post","link":"https:\/\/www.webdo.tn\/fr\/actualite\/culture\/ciff-44-un-palmares-decevant\/199446\/","title":{"rendered":"CIFF 44 &#8211; Un palmar\u00e8s d\u00e9cevant."},"content":{"rendered":"<div class=\"single-body entry-content typography-copy\" itemprop=\"articleBody\">\n<p style=\"font-weight: bold; text-align: justify\">\n\t\t\t\t\t\t\t\t\tLa 44\u00e8me \u00e9dition du Festival International du Film du Caire (CIFF) s\u2019est achev\u00e9e mardi soir par une c\u00e9r\u00e9monie de cl\u00f4ture durant laquelle ont \u00e9t\u00e9 d\u00e9voil\u00e9s les prix attribu\u00e9s par les divers jurys.\n\t\t\t\t\t\t\t\t<\/p>\n<div class=\"coprs\" style=\"text-align: center\"><\/div>\n<div class=\"coprs\" style=\"text-align: justify\">\n<p><span><span>C\u2019est le film <em>Alam<\/em>, du r\u00e9alisateur palestinien Firas Khoury, qui a \u00e9t\u00e9 le grand vainqueur,<em> <\/em>ayant non seulement remport\u00e9 la Pyramide d\u2019Or du meilleur film, mais \u00e9galement le prix ex \u00e6quo du Meilleur acteur pour le jeune Mahmoud Bakri et le prix du public, qui lors de la projection avait applaudi le film \u00e0 plusieurs reprises.<\/span><\/span><\/p>\n<p><span><span><em>Alam<\/em> qui avait fait sa premi\u00e8re au Festival International du Film de Toronto (TIFF), est une coproduction France, Arabie Saoudite, Tunisie, Qatar et Palestine et a \u00e9t\u00e9 enti\u00e8rement tourn\u00e9 en Tunisie. <\/span><\/span><\/p>\n<p><span><span>Synopsis :<\/span><\/span><\/p>\n<p><span><span>Tamer, \u00e9tudiant palestinien, ne se m\u00eale pas de politique ; en m\u00eame temps, le souvenir de son oncle, un activiste physiquement bris\u00e9 par l&#8217;emprisonnement, p\u00e8se lourdement sur son esprit. D\u00e8s son apparition, il est attir\u00e9 par une nouvelle camarade de classe, la belle, spontan\u00e9e et engag\u00e9e politiquement Maysaa.\u00a0Pour l&rsquo;impressionner, Tamer entra\u00eene ses copains dans \u00ab\u00a0L&rsquo;Op\u00e9ration : Drapeau\u00a0de Maysaa\u00a0\u00bb. Cet acte de r\u00e9sistance vise \u00e0 remplacer le drapeau isra\u00e9lien de l&rsquo;\u00e9cole par le drapeau palestinien le jour de l&rsquo;ind\u00e9pendance isra\u00e9lienne, qui est un jour de deuil pour les Palestiniens lorsqu&rsquo;ils comm\u00e9morent la \u00ab\u00a0Nakba\u00a0\u00bb &#8211; la catastrophe. Sous l&rsquo;influence de Maysaa, la conscience politique de Tamer s&rsquo;\u00e9veille et il d\u00e9cide de participer \u00e0 sa toute premi\u00e8re manifestation.<\/span><\/span><\/p>\n<p><span><span>La Pyramide d&rsquo;Argent du meilleur r\u00e9alisateur est all\u00e9e \u00e0 Emmanuelle Niko pour <em>L&rsquo;amour selon Dalva<\/em>, un drame puissant sur une fillette de 12 ans qui est \u00e9lev\u00e9e dans un centre d&rsquo;accueil apr\u00e8s sa s\u00e9paration d&rsquo;avec son p\u00e8re p\u00e9dophile et ayant eu avec elle des rapports incestueux. <\/span><\/span><\/p>\n<p><span><span><em>L\u2019amour selon Dalva<\/em> avait fait sa premi\u00e8re au festival de Cannes \u00e0 la Semaine de la Critique, o\u00f9 il avait obtenu trois prix : le Prix FIPRESCI de la critique, le Rail d\u2019or et le Prix Louis Roederer de la r\u00e9v\u00e9lation pour Zelda Samson, qui a d\u2019ailleurs \u00e9galement remport\u00e9 le Prix de Meilleure actrice lors de cette 44<sup>\u00e8me<\/sup> \u00e9dition du CIFF. <\/span><\/span><\/p>\n<p><span><span>Quant au r\u00e9alisateur \u00e9gyptien Ahmed Abdallah, bien que son tr\u00e8s beau film <em>19 B<\/em>, n\u2019a re\u00e7u de la part du jury de la comp\u00e9tition internationale que le Prix Henry Baraket de la meilleure contribution artistique attribu\u00e9 au directeur de la photographie Mustafa Al Kashef, sa d\u00e9ception n\u2019a pas d\u00fb \u00eatre tr\u00e8s grande puisqu\u2019il a par ailleurs remport\u00e9 le prix FIPRESCI de la critique et le prix du meilleur film arabe toutes sections confondues.<\/span><\/span><\/p>\n<p>\u00a0<\/p>\n<p><span><span><strong><u><span>Ci-dessous le palmar\u00e8s complet\u00a0:<\/span><\/u><\/strong><\/span><\/span><\/p>\n<p><span><span><strong><u>La Comp\u00e9tition internationale\u00a0:<\/u><\/strong><\/span><\/span><\/p>\n<p><span><span>Les membres du jury, la r\u00e9alisatrice japonaise Naomi Kawase pr\u00e9sidente, le r\u00e9alisateur mexicain Joaqu\u00edn Del Paso, la directrice de la photographie \u00e9gyptienne Nancy Abdelfattah, le compositeur \u00e9gyptien Rageh Daoud, l\u2019acteur fran\u00e7ais Samir Guesmi, l\u2019actrice, r\u00e9alisatrice et sc\u00e9nariste italienne Stefania Casin et l\u2019actrice indienne Swara Bhasker, ont d\u00e9cern\u00e9 les prix suivants\u00a0: <\/span><\/span><\/p>\n<ul>\n<li><span><span>La Pyramide d\u2019Or du meilleur film \u00e0 <em>Alam<\/em> de Firas Khoury (Palestine)\u00a0;<\/span><\/span><\/li>\n<li><span><span>La Pyramide d\u2019Argent du meilleur r\u00e9alisateur \u00e0 <em>L&rsquo;amour selon Dalva<\/em>, d&rsquo;Emmanuelle Nicot (Belgique)\u00a0;<\/span><\/span><\/li>\n<li><span><span>La Pyramide de Bronze de la meilleure premi\u00e8re ou deuxi\u00e8me \u0153uvre \u00e0 <em>Du pain et du sel<\/em> de Damien Cukor (Pologne)\u00a0;<\/span><\/span><\/li>\n<li><span><span>Le Prix \u200b\u200bNaguib Mahfouz du meilleur sc\u00e9nario \u00e0 <em>A man<\/em> de Kei Ishikawa (Japon)\u00a0;<\/span><\/span><\/li>\n<li><span><span>Le Prix \u200b\u200bdu meilleur acteur \u00e0 Maher AlKhair pour son r\u00f4le dans <em>Le Barrage<\/em> et \u00e0 Mahmoud Bakri pour son r\u00f4le dans <em>Alam\u00a0;<\/em><\/span><\/span><\/li>\n<li><span><span>Le Prix \u200b\u200bde la meilleure actrice \u00e0 Zelda The Samson pour son r\u00f4le dans <em>L&rsquo;amour selon Dalva\u00a0;<\/em><\/span><\/span><\/li>\n<li><span><span>Le Prix \u200b\u200bHenry Baraket de la meilleure contribution artistique \u00e0 Mustafa AlKashef pour le film <em>19 B <\/em>(Egypte).<\/span><\/span><\/li>\n<\/ul>\n<p>\u00a0<\/p>\n<p><span><span><strong><u>La comp\u00e9tition Horizons du cin\u00e9ma arabe\u00a0:<\/u><\/strong><\/span><\/span><\/p>\n<p><span><span>Les membres du jury, le r\u00e9alisateur libanais Michel Kammoun, la productrice tunisienne Moufida Fedhila et la costumi\u00e8re \u00e9gyptienne Reem El Adl ont d\u00e9cern\u00e9 les prix suivants\u00a0:<\/span><\/span><\/p>\n<ul>\n<li><span><span>Le Prix \u200b\u200bSaad Eddin Wahba du meilleur film arabe \u00e0 <em>Mother Valley<\/em> de Carlos Chahine (Liban)\u00a0;<\/span><\/span><\/li>\n<li><span><span>Le Prix \u200b\u200bsp\u00e9cial du jury Salah Abu Seif \u00e0 <em>Riverbed<\/em> de Bassem Breche (Liban)\u00a0;<\/span><\/span><\/li>\n<li><span><span>Le Prix \u200b\u200b\u200b\u200bdu meilleur film documentaire \u00e0 <em>Far from the Nile<\/em> de Sherief Elkatsha (Egypte)\u00a0;<\/span><\/span><\/li>\n<li><span><span>Le Prix \u200b\u200b\u200b\u200bde la meilleure interpr\u00e9tation \u00e0 Carole Abboud pour son r\u00f4le dans <em>Riverbed\u00a0;<\/em><\/span><\/span><\/li>\n<li><span><span>Une Mention sp\u00e9ciale pour le film <em>Je reviendrais l\u00e0-bas<\/em> de Yacine Redissi (Tunisie)<\/span><\/span><\/li>\n<li><span><span>Une Mention sp\u00e9ciale pour l\u2019actrice Lyna Khoudary pour son r\u00f4le dans le film Houria (Alg\u00e9rie).<\/span><\/span><\/li>\n<\/ul>\n<p>\u00a0<\/p>\n<p><span><span><strong><u>La Semaine internationale de la critique\u00a0:<\/u><\/strong><\/span><\/span><\/p>\n<p><span><span>Les membres du jury, le r\u00e9alisateur \u00e9cossais Ben Sharrock, la critique libanaise Houda Ibrahim et l\u2019acteur \u00e9gyptien Karim Kassem ont d\u00e9cern\u00e9 les prix suivants\u00a0:<\/span><\/span><\/p>\n<ul>\n<li><span><span>Le Prix \u200b\u200bShadi Abdel Salam du meilleur film \u00e0 <em>Pamfir<\/em> de Dmytro SokoletkySobchuk (Ukraine)\u00a0;<\/span><\/span><\/li>\n<li><span><span>Le Prix \u200b\u200bFathy Farag de la meilleure contribution artistique \u00e0 <em>Joyland<\/em> de Sa\u00efm Sadiq (Pakistan)\u00a0;<\/span><\/span><\/li>\n<li><span><span>Une Mention sp\u00e9ciale \u00e0 <em>La Victime<\/em> de Michal Blasko (Slovaquie).<\/span><\/span><\/li>\n<\/ul>\n<p>\u00a0<\/p>\n<p><span><span><strong><u>La Comp\u00e9tition courts m\u00e9trages\u00a0:<\/u><\/strong><\/span><\/span><\/p>\n<p><span><span>Les membres du jury, le r\u00e9alisateur, sc\u00e9nariste et producteur \u00e9gyptien Ahmed Amer, le r\u00e9alisateur italien Michelangelo Frammartino et l\u2019actrice tunisienne Rym Turki ont d\u00e9cern\u00e9 les prix suivants\u00a0:<\/span><\/span><\/p>\n<ul>\n<li><span><span>Le Prix \u200b\u200bYoussef Chahine du meilleur court m\u00e9trage \u00e0 <em>Rosemary A.D. (After Dad)<\/em> d\u2019Ethan Barrett (USA)\u00a0;<\/span><\/span><\/li>\n<li><span><span>Le Prix \u200b\u200bsp\u00e9cial du jury \u00e0 <em>My girl friend<\/em> de Kawthar Younis (Egypte)\u00a0;<\/span><\/span><\/li>\n<li><span><span>Une Mention sp\u00e9ciale \u00e0 <em>One F*cking Wish<\/em> de Piotr Jasinski (R\u00e9publique Tch\u00e8que).<\/span><\/span><\/li>\n<\/ul>\n<p>\u00a0<\/p>\n<p><span><span><strong><u>La comp\u00e9tition Meilleur film arabe, toutes sections confondues\u00a0:<\/u><\/strong> <\/span><\/span><\/p>\n<p><span><span>Les membres du jury, l\u2019acteur \u00e9gyptien Ahmed Magdy, la programmatrice polonaise Dorota Lech et l\u2019actrice libanaise Nour ont d\u00e9cern\u00e9 les prix suivants\u00a0:<\/span><\/span><\/p>\n<ul>\n<li><span><span>Le Prix du meilleur film arabe \u00e0 <em>19B<\/em> d\u2019Ahmad Abdalla (Egypte)\u00a0;<\/span><\/span><\/li>\n<li><span><span>Une Mention sp\u00e9ciale pour <em>Riverbed<\/em> de Bassem Breche (Liban).<\/span><\/span><\/li>\n<\/ul>\n<p>\u00a0<\/p>\n<p><span><span><strong><u>Le Prix des critiques\u00a0:<\/u><\/strong><\/span><\/span><\/p>\n<p><span><span>Les membres du jury, la tunisienne Henda Haouala, l\u2019\u00e9gyptien Mohamed Atef et Rita Di Santo ont d\u00e9cern\u00e9 le prix \u200b\u200bFIPRESCI \u00e0 <em>19 B<\/em> d\u2019Ahmad Abdalla (Egypte).<\/span><\/span><\/p>\n<p><span><span><strong><u>Prix \u200b\u200bdu Public<\/u><\/strong> est all\u00e9 \u00e0 <em>Alam<\/em> de Firas Khoury (Palestine).<\/span><\/span><\/p>\n<p>\u00a0<\/p>\n<p><span><span>Il est \u00e9vident que comme tout palmar\u00e8s, celui-ci est tr\u00e8s subjectif et aurait pu \u00eatre compl\u00e8tement diff\u00e9rent avec des jurys diff\u00e9rents. Mais il a \u00e9t\u00e9 \u00e9norm\u00e9ment critiqu\u00e9, d\u00e8s m\u00eame la fin de la c\u00e9r\u00e9monie. En effet, ce palmar\u00e8s ne correspondait en aucun cas aux pronostics ou attentes des uns et des autres. Certains prix sont m\u00eame \u00e9tonnants, comme par exemple la Pyramide de Bronze au film <em>Du pain et du sel<\/em> de Damian Cukor, qui selon un critique \u00e9gyptien aurait m\u00eame m\u00e9rit\u00e9 le prix du plus mauvais film. Pourquoi ce prix\u00a0? Est-ce que le jury n\u2019a pas trouv\u00e9 un autre premier ou second film \u00e0 r\u00e9compenser\u00a0? Par ailleurs, pourquoi est-ce que certains films acclam\u00e9s par tous, comme par exemple <em>l\u2019Ile du pardon<\/em> de Ridha B\u00e9hi, qui avait \u00e9t\u00e9 ador\u00e9 par les critiques \u00e9gyptiens et le public, sont-ils compl\u00e8tement absents du palmar\u00e8s\u00a0? <\/span><\/span><\/p>\n<p><span><span>Concernant la comp\u00e9tition Horizons du cin\u00e9ma arabe, le palmar\u00e8s est tr\u00e8s \u00e9tonnant et d\u00e9cevant. Pourquoi juste une mention au film tunisien <em>Je reviendrais l\u00e0-bas <\/em>alors que tous \u00e9taient unanimes pour le trouver\u00a0tr\u00e8s tr\u00e8s bon\u00a0? Pourquoi est-ce que ce m\u00eame jury a donn\u00e9 deux prix au film libanais <em>Riverbed<\/em>, alors qu&rsquo;il\u00a0est vraiment tr\u00e8s moyen\u00a0? Le prix de meilleure interpr\u00e9tation \u00e0 Carole Abboud aurait \u00e9t\u00e9 largement suffisant, et d\u2019ailleurs m\u00e9rit\u00e9 parce qu\u2019elle a vraiment port\u00e9 le film sur les \u00e9paules. <\/span><\/span><\/p>\n<p><span><span>Pour le critique \u00e9gyptien Ahmed Saad Eddin \u00ab\u00a0<em>90 % des prix de cette 44<sup>\u00e8me<\/sup> \u00e9dition du Festival International du film du Caire sont incompr\u00e9hensibles pour le public et les critiques, et m\u00eame pour le jury lui-m\u00eame\u00a0!!!<\/em>\u00a0\u00bb. Et pour le critique Waleed Seif, ce palmar\u00e8s est le pire palmar\u00e8s du CIFF depuis de longues ann\u00e9es. <\/span><\/span><\/p>\n<p><span><span>Peut-\u00eatre qu\u2019\u00e0 l\u2019instar du festival de Cannes, tous les festivals de cin\u00e9ma devraient organiser une conf\u00e9rence de presse des jurys pour que leurs membres essayent au moins d\u2019expliquer leurs choix. <\/span><\/span><\/p>\n<p><span><span><strong>Ne\u00efla Driss<\/strong><\/span><\/span><\/p>\n<p>\u00a0<\/p>\n<\/p><\/div>\n<div class=\"coprs\" style=\"text-align: center\"><\/div><\/div>\n","protected":false},"excerpt":{"rendered":"<p>La 44\u00e8me \u00e9dition du Festival International du Film du Caire (CIFF) s\u2019est achev\u00e9e mardi soir par une c\u00e9r\u00e9monie de cl\u00f4ture durant laquelle ont \u00e9t\u00e9 d\u00e9voil\u00e9s les pr&#8230;<\/p>\n","protected":false},"author":3164,"featured_media":253106,"comment_status":"open","ping_status":"closed","sticky":false,"template":"","format":"standard","meta":{"footnotes":""},"categories":[2594],"tags":[2626,8975,2655],"class_list":["post-199446","post","type-post","status-publish","format-standard","has-post-thumbnail","hentry","category-culture","tag-cinema","tag-festival-international-du-film-du-caire-ciff","tag-film"],"yoast_head":"<!-- This site is optimized with the Yoast SEO Premium plugin v27.5 (Yoast SEO v27.5) - https:\/\/yoast.com\/product\/yoast-seo-premium-wordpress\/ -->\n<title>CIFF 44 - Un palmar\u00e8s d\u00e9cevant.<\/title>\n<meta name=\"description\" content=\"La 44\u00e8me \u00e9dition du Festival International du Film du Caire (CIFF) s\u2019est achev\u00e9e mardi soir par une c\u00e9r\u00e9monie de cl\u00f4ture durant laquelle ont \u00e9t\u00e9 d\u00e9voil\u00e9s les pr...\" \/>\n<link rel=\"canonical\" href=\"https:\/\/www.webdo.tn\/fr\/actualite\/culture\/ciff-44-un-palmares-decevant\/199446\/\" \/>\n<meta property=\"og:locale\" content=\"fr_FR\" \/>\n<meta property=\"og:type\" content=\"article\" \/>\n<meta property=\"og:title\" content=\"CIFF 44 - Un palmar\u00e8s d\u00e9cevant.\" \/>\n<meta property=\"og:description\" content=\"La 44\u00e8me \u00e9dition du Festival International du Film du Caire (CIFF) s\u2019est achev\u00e9e mardi soir par une c\u00e9r\u00e9monie de cl\u00f4ture durant laquelle ont \u00e9t\u00e9 d\u00e9voil\u00e9s les pr...\" \/>\n<meta property=\"og:url\" content=\"https:\/\/www.webdo.tn\/fr\/actualite\/culture\/ciff-44-un-palmares-decevant\/199446\/\" \/>\n<meta property=\"og:site_name\" content=\"webdo\" \/>\n<meta property=\"article:publisher\" content=\"https:\/\/www.facebook.com\/webdotn\" \/>\n<meta property=\"article:author\" content=\"https:\/\/www.facebook.com\/massir.destiniii\/\" \/>\n<meta property=\"article:published_time\" content=\"2022-11-26T16:14:00+00:00\" \/>\n<meta property=\"article:modified_time\" content=\"2025-05-14T10:52:08+00:00\" \/>\n<meta property=\"og:image\" content=\"https:\/\/www.webdo.tn\/fr\/wp-content\/uploads\/2022\/11\/2231167e450b086d200bcebd91ec415d.jpg\" \/>\n\t<meta property=\"og:image:width\" content=\"750\" \/>\n\t<meta property=\"og:image:height\" content=\"400\" \/>\n\t<meta property=\"og:image:type\" content=\"image\/jpeg\" \/>\n<meta name=\"author\" content=\"Ne\u00efla DRISS\" \/>\n<meta name=\"twitter:card\" content=\"summary_large_image\" \/>\n<meta name=\"twitter:creator\" content=\"@https:\/\/x.com\/MassirDestin\" \/>\n<meta name=\"twitter:site\" content=\"@webdo_tn\" \/>\n<meta name=\"twitter:label1\" content=\"\u00c9crit par\" \/>\n\t<meta name=\"twitter:data1\" content=\"Ne\u00efla DRISS\" \/>\n\t<meta name=\"twitter:label2\" content=\"Dur\u00e9e de lecture estim\u00e9e\" \/>\n\t<meta name=\"twitter:data2\" content=\"7 minutes\" \/>\n<script type=\"application\/ld+json\" class=\"yoast-schema-graph\">{\"@context\":\"https:\\\/\\\/schema.org\",\"@graph\":[{\"@type\":\"NewsArticle\",\"@id\":\"https:\\\/\\\/www.webdo.tn\\\/fr\\\/actualite\\\/culture\\\/ciff-44-un-palmares-decevant\\\/199446\\\/#article\",\"isPartOf\":{\"@id\":\"https:\\\/\\\/www.webdo.tn\\\/fr\\\/actualite\\\/culture\\\/ciff-44-un-palmares-decevant\\\/199446\\\/\"},\"author\":{\"name\":\"Ne\u00efla DRISS\",\"@id\":\"https:\\\/\\\/www.webdo.tn\\\/fr\\\/#\\\/schema\\\/person\\\/60d5ba619ed3f58783b0dc82b7dada80\"},\"headline\":\"CIFF 44 &#8211; Un palmar\u00e8s d\u00e9cevant.\",\"datePublished\":\"2022-11-26T16:14:00+00:00\",\"dateModified\":\"2025-05-14T10:52:08+00:00\",\"mainEntityOfPage\":{\"@id\":\"https:\\\/\\\/www.webdo.tn\\\/fr\\\/actualite\\\/culture\\\/ciff-44-un-palmares-decevant\\\/199446\\\/\"},\"wordCount\":1398,\"commentCount\":0,\"publisher\":{\"@id\":\"https:\\\/\\\/www.webdo.tn\\\/fr\\\/#organization\"},\"image\":{\"@id\":\"https:\\\/\\\/www.webdo.tn\\\/fr\\\/actualite\\\/culture\\\/ciff-44-un-palmares-decevant\\\/199446\\\/#primaryimage\"},\"thumbnailUrl\":\"https:\\\/\\\/www.webdo.tn\\\/fr\\\/wp-content\\\/uploads\\\/2022\\\/11\\\/2231167e450b086d200bcebd91ec415d.jpg\",\"keywords\":[\"Cin\u00e9ma\",\"Festival International du Film du Caire (CIFF)\",\"Film\"],\"articleSection\":[\"Culture\"],\"inLanguage\":\"fr-FR\"},{\"@type\":\"WebPage\",\"@id\":\"https:\\\/\\\/www.webdo.tn\\\/fr\\\/actualite\\\/culture\\\/ciff-44-un-palmares-decevant\\\/199446\\\/\",\"url\":\"https:\\\/\\\/www.webdo.tn\\\/fr\\\/actualite\\\/culture\\\/ciff-44-un-palmares-decevant\\\/199446\\\/\",\"name\":\"CIFF 44 - Un palmar\u00e8s d\u00e9cevant.\",\"isPartOf\":{\"@id\":\"https:\\\/\\\/www.webdo.tn\\\/fr\\\/#website\"},\"primaryImageOfPage\":{\"@id\":\"https:\\\/\\\/www.webdo.tn\\\/fr\\\/actualite\\\/culture\\\/ciff-44-un-palmares-decevant\\\/199446\\\/#primaryimage\"},\"image\":{\"@id\":\"https:\\\/\\\/www.webdo.tn\\\/fr\\\/actualite\\\/culture\\\/ciff-44-un-palmares-decevant\\\/199446\\\/#primaryimage\"},\"thumbnailUrl\":\"https:\\\/\\\/www.webdo.tn\\\/fr\\\/wp-content\\\/uploads\\\/2022\\\/11\\\/2231167e450b086d200bcebd91ec415d.jpg\",\"datePublished\":\"2022-11-26T16:14:00+00:00\",\"dateModified\":\"2025-05-14T10:52:08+00:00\",\"description\":\"La 44\u00e8me \u00e9dition du Festival International du Film du Caire (CIFF) s\u2019est achev\u00e9e mardi soir par une c\u00e9r\u00e9monie de cl\u00f4ture durant laquelle ont \u00e9t\u00e9 d\u00e9voil\u00e9s les pr...\",\"breadcrumb\":{\"@id\":\"https:\\\/\\\/www.webdo.tn\\\/fr\\\/actualite\\\/culture\\\/ciff-44-un-palmares-decevant\\\/199446\\\/#breadcrumb\"},\"inLanguage\":\"fr-FR\",\"potentialAction\":[{\"@type\":\"ReadAction\",\"target\":[\"https:\\\/\\\/www.webdo.tn\\\/fr\\\/actualite\\\/culture\\\/ciff-44-un-palmares-decevant\\\/199446\\\/\"]}]},{\"@type\":\"ImageObject\",\"inLanguage\":\"fr-FR\",\"@id\":\"https:\\\/\\\/www.webdo.tn\\\/fr\\\/actualite\\\/culture\\\/ciff-44-un-palmares-decevant\\\/199446\\\/#primaryimage\",\"url\":\"https:\\\/\\\/www.webdo.tn\\\/fr\\\/wp-content\\\/uploads\\\/2022\\\/11\\\/2231167e450b086d200bcebd91ec415d.jpg\",\"contentUrl\":\"https:\\\/\\\/www.webdo.tn\\\/fr\\\/wp-content\\\/uploads\\\/2022\\\/11\\\/2231167e450b086d200bcebd91ec415d.jpg\",\"width\":750,\"height\":400,\"caption\":\"CIFF 44 - Un palmar\u00e8s d\u00e9cevant.\"},{\"@type\":\"BreadcrumbList\",\"@id\":\"https:\\\/\\\/www.webdo.tn\\\/fr\\\/actualite\\\/culture\\\/ciff-44-un-palmares-decevant\\\/199446\\\/#breadcrumb\",\"itemListElement\":[{\"@type\":\"ListItem\",\"position\":1,\"name\":\"Accueil\",\"item\":\"https:\\\/\\\/www.webdo.tn\\\/fr\\\/\"},{\"@type\":\"ListItem\",\"position\":2,\"name\":\"CIFF 44 &#8211; Un palmar\u00e8s d\u00e9cevant.\"}]},{\"@type\":\"WebSite\",\"@id\":\"https:\\\/\\\/www.webdo.tn\\\/fr\\\/#website\",\"url\":\"https:\\\/\\\/www.webdo.tn\\\/fr\\\/\",\"name\":\"webdo\",\"description\":\"Tunisie - News en Tunisie et \u00e0 l&#039;international sur Webdo.tn\",\"publisher\":{\"@id\":\"https:\\\/\\\/www.webdo.tn\\\/fr\\\/#organization\"},\"potentialAction\":[{\"@type\":\"SearchAction\",\"target\":{\"@type\":\"EntryPoint\",\"urlTemplate\":\"https:\\\/\\\/www.webdo.tn\\\/fr\\\/?s={search_term_string}\"},\"query-input\":{\"@type\":\"PropertyValueSpecification\",\"valueRequired\":true,\"valueName\":\"search_term_string\"}}],\"inLanguage\":\"fr-FR\"},{\"@type\":\"Organization\",\"@id\":\"https:\\\/\\\/www.webdo.tn\\\/fr\\\/#organization\",\"name\":\"Webdo\",\"alternateName\":\"Webdo.tn\",\"url\":\"https:\\\/\\\/www.webdo.tn\\\/fr\\\/\",\"logo\":{\"@type\":\"ImageObject\",\"inLanguage\":\"fr-FR\",\"@id\":\"https:\\\/\\\/www.webdo.tn\\\/fr\\\/#\\\/schema\\\/logo\\\/image\\\/\",\"url\":\"https:\\\/\\\/www.webdo.tn\\\/fr\\\/wp-content\\\/uploads\\\/2025\\\/06\\\/Webdo-Tunisie_168377.jpg\",\"contentUrl\":\"https:\\\/\\\/www.webdo.tn\\\/fr\\\/wp-content\\\/uploads\\\/2025\\\/06\\\/Webdo-Tunisie_168377.jpg\",\"width\":301,\"height\":301,\"caption\":\"Webdo\"},\"image\":{\"@id\":\"https:\\\/\\\/www.webdo.tn\\\/fr\\\/#\\\/schema\\\/logo\\\/image\\\/\"},\"sameAs\":[\"https:\\\/\\\/www.facebook.com\\\/webdotn\",\"https:\\\/\\\/x.com\\\/webdo_tn\"],\"description\":\"Webdo est un m\u00e9dia num\u00e9rique tunisien fond\u00e9 en 2010, sp\u00e9cialis\u00e9 dans l\u2019actualit\u00e9 nationale et internationale, l\u2019\u00e9conomie, la soci\u00e9t\u00e9 et les analyses politiques. Le site s\u2019adresse \u00e0 un large public francophone et couvre l\u2019information tunisienne en temps r\u00e9el.\",\"email\":\"redac@webdo.tn\",\"legalName\":\"YNJ SARL\",\"foundingDate\":\"2010-09-06\",\"numberOfEmployees\":{\"@type\":\"QuantitativeValue\",\"minValue\":\"11\",\"maxValue\":\"50\"}},{\"@type\":\"Person\",\"@id\":\"https:\\\/\\\/www.webdo.tn\\\/fr\\\/#\\\/schema\\\/person\\\/60d5ba619ed3f58783b0dc82b7dada80\",\"name\":\"Ne\u00efla DRISS\",\"image\":{\"@type\":\"ImageObject\",\"inLanguage\":\"fr-FR\",\"@id\":\"https:\\\/\\\/www.webdo.tn\\\/fr\\\/wp-content\\\/uploads\\\/2026\\\/04\\\/neila-driss_avatar-96x96.jpg\",\"url\":\"https:\\\/\\\/www.webdo.tn\\\/fr\\\/wp-content\\\/uploads\\\/2026\\\/04\\\/neila-driss_avatar-96x96.jpg\",\"contentUrl\":\"https:\\\/\\\/www.webdo.tn\\\/fr\\\/wp-content\\\/uploads\\\/2026\\\/04\\\/neila-driss_avatar-96x96.jpg\",\"caption\":\"Ne\u00efla DRISS\"},\"description\":\"Ne\u00efla Driss est juriste, journaliste culturelle et critique de cin\u00e9ma tunisienne. Titulaire d\u2019un DEA en droit priv\u00e9 de l\u2019Universit\u00e9 Paris II et d\u2019un DESS de l\u2019IHEC Carthage, elle d\u00e9bute sa carri\u00e8re comme juriste sp\u00e9cialis\u00e9e en gestion de patrimoine immobilier. Elle s\u2019oriente ensuite vers l\u2019\u00e9criture en ligne, o\u00f9 elle se distingue d\u00e8s 2006 aux Tunisia Blog Awards, avant de se consacrer au journalisme culturel, avec une sp\u00e9cialisation dans la critique cin\u00e9matographique. Elle couvre r\u00e9guli\u00e8rement les grands festivals internationaux, notamment le Festival de Cannes, les Journ\u00e9es Cin\u00e9matographiques de Carthage et le Festival du film du Caire. Membre de l\u2019ATPCC et de la FIPRESCI, elle participe \u00e0 des jurys et initiatives internationales de critique. Depuis 2024, elle est \u00e9lectrice internationale aux Golden Globes. Facebook : https:\\\/\\\/www.facebook.com\\\/massir.destiniii\\\/ X : https:\\\/\\\/x.com\\\/MassirDestin\",\"sameAs\":[\"https:\\\/\\\/www.facebook.com\\\/massir.destiniii\\\/\",\"https:\\\/\\\/www.instagram.com\\\/neila.driss\\\/?hl=fr\",\"https:\\\/\\\/www.linkedin.com\\\/in\\\/neila-driss-22606a80\\\/\",\"https:\\\/\\\/x.com\\\/https:\\\/\\\/x.com\\\/MassirDestin\"],\"knowsAbout\":[\"Cin\u00e9ma international\",\"critique cin\u00e9matographique\",\"festivals de cin\u00e9ma\",\"journalisme culturel\"],\"knowsLanguage\":[\"Fran\u00e7ais\",\"Arabe\",\"Anglais\"],\"jobTitle\":\"Journaliste culturelle et critique de cin\u00e9ma\",\"worksFor\":\"Webdo\",\"url\":\"https:\\\/\\\/www.webdo.tn\\\/fr\\\/actualite\\\/author\\\/neila-driss\\\/\"}]}<\/script>\n<!-- \/ Yoast SEO Premium plugin. -->","yoast_head_json":{"title":"CIFF 44 - Un palmar\u00e8s d\u00e9cevant.","description":"La 44\u00e8me \u00e9dition du Festival International du Film du Caire (CIFF) s\u2019est achev\u00e9e mardi soir par une c\u00e9r\u00e9monie de cl\u00f4ture durant laquelle ont \u00e9t\u00e9 d\u00e9voil\u00e9s les pr...","canonical":"https:\/\/www.webdo.tn\/fr\/actualite\/culture\/ciff-44-un-palmares-decevant\/199446\/","og_locale":"fr_FR","og_type":"article","og_title":"CIFF 44 - Un palmar\u00e8s d\u00e9cevant.","og_description":"La 44\u00e8me \u00e9dition du Festival International du Film du Caire (CIFF) s\u2019est achev\u00e9e mardi soir par une c\u00e9r\u00e9monie de cl\u00f4ture durant laquelle ont \u00e9t\u00e9 d\u00e9voil\u00e9s les pr...","og_url":"https:\/\/www.webdo.tn\/fr\/actualite\/culture\/ciff-44-un-palmares-decevant\/199446\/","og_site_name":"webdo","article_publisher":"https:\/\/www.facebook.com\/webdotn","article_author":"https:\/\/www.facebook.com\/massir.destiniii\/","article_published_time":"2022-11-26T16:14:00+00:00","article_modified_time":"2025-05-14T10:52:08+00:00","og_image":[{"width":750,"height":400,"url":"https:\/\/www.webdo.tn\/fr\/wp-content\/uploads\/2022\/11\/2231167e450b086d200bcebd91ec415d.jpg","type":"image\/jpeg"}],"author":"Ne\u00efla DRISS","twitter_card":"summary_large_image","twitter_creator":"@https:\/\/x.com\/MassirDestin","twitter_site":"@webdo_tn","twitter_misc":{"\u00c9crit par":"Ne\u00efla DRISS","Dur\u00e9e de lecture estim\u00e9e":"7 minutes"},"schema":{"@context":"https:\/\/schema.org","@graph":[{"@type":"NewsArticle","@id":"https:\/\/www.webdo.tn\/fr\/actualite\/culture\/ciff-44-un-palmares-decevant\/199446\/#article","isPartOf":{"@id":"https:\/\/www.webdo.tn\/fr\/actualite\/culture\/ciff-44-un-palmares-decevant\/199446\/"},"author":{"name":"Ne\u00efla DRISS","@id":"https:\/\/www.webdo.tn\/fr\/#\/schema\/person\/60d5ba619ed3f58783b0dc82b7dada80"},"headline":"CIFF 44 &#8211; Un palmar\u00e8s d\u00e9cevant.","datePublished":"2022-11-26T16:14:00+00:00","dateModified":"2025-05-14T10:52:08+00:00","mainEntityOfPage":{"@id":"https:\/\/www.webdo.tn\/fr\/actualite\/culture\/ciff-44-un-palmares-decevant\/199446\/"},"wordCount":1398,"commentCount":0,"publisher":{"@id":"https:\/\/www.webdo.tn\/fr\/#organization"},"image":{"@id":"https:\/\/www.webdo.tn\/fr\/actualite\/culture\/ciff-44-un-palmares-decevant\/199446\/#primaryimage"},"thumbnailUrl":"https:\/\/www.webdo.tn\/fr\/wp-content\/uploads\/2022\/11\/2231167e450b086d200bcebd91ec415d.jpg","keywords":["Cin\u00e9ma","Festival International du Film du Caire (CIFF)","Film"],"articleSection":["Culture"],"inLanguage":"fr-FR"},{"@type":"WebPage","@id":"https:\/\/www.webdo.tn\/fr\/actualite\/culture\/ciff-44-un-palmares-decevant\/199446\/","url":"https:\/\/www.webdo.tn\/fr\/actualite\/culture\/ciff-44-un-palmares-decevant\/199446\/","name":"CIFF 44 - Un palmar\u00e8s d\u00e9cevant.","isPartOf":{"@id":"https:\/\/www.webdo.tn\/fr\/#website"},"primaryImageOfPage":{"@id":"https:\/\/www.webdo.tn\/fr\/actualite\/culture\/ciff-44-un-palmares-decevant\/199446\/#primaryimage"},"image":{"@id":"https:\/\/www.webdo.tn\/fr\/actualite\/culture\/ciff-44-un-palmares-decevant\/199446\/#primaryimage"},"thumbnailUrl":"https:\/\/www.webdo.tn\/fr\/wp-content\/uploads\/2022\/11\/2231167e450b086d200bcebd91ec415d.jpg","datePublished":"2022-11-26T16:14:00+00:00","dateModified":"2025-05-14T10:52:08+00:00","description":"La 44\u00e8me \u00e9dition du Festival International du Film du Caire (CIFF) s\u2019est achev\u00e9e mardi soir par une c\u00e9r\u00e9monie de cl\u00f4ture durant laquelle ont \u00e9t\u00e9 d\u00e9voil\u00e9s les pr...","breadcrumb":{"@id":"https:\/\/www.webdo.tn\/fr\/actualite\/culture\/ciff-44-un-palmares-decevant\/199446\/#breadcrumb"},"inLanguage":"fr-FR","potentialAction":[{"@type":"ReadAction","target":["https:\/\/www.webdo.tn\/fr\/actualite\/culture\/ciff-44-un-palmares-decevant\/199446\/"]}]},{"@type":"ImageObject","inLanguage":"fr-FR","@id":"https:\/\/www.webdo.tn\/fr\/actualite\/culture\/ciff-44-un-palmares-decevant\/199446\/#primaryimage","url":"https:\/\/www.webdo.tn\/fr\/wp-content\/uploads\/2022\/11\/2231167e450b086d200bcebd91ec415d.jpg","contentUrl":"https:\/\/www.webdo.tn\/fr\/wp-content\/uploads\/2022\/11\/2231167e450b086d200bcebd91ec415d.jpg","width":750,"height":400,"caption":"CIFF 44 - Un palmar\u00e8s d\u00e9cevant."},{"@type":"BreadcrumbList","@id":"https:\/\/www.webdo.tn\/fr\/actualite\/culture\/ciff-44-un-palmares-decevant\/199446\/#breadcrumb","itemListElement":[{"@type":"ListItem","position":1,"name":"Accueil","item":"https:\/\/www.webdo.tn\/fr\/"},{"@type":"ListItem","position":2,"name":"CIFF 44 &#8211; Un palmar\u00e8s d\u00e9cevant."}]},{"@type":"WebSite","@id":"https:\/\/www.webdo.tn\/fr\/#website","url":"https:\/\/www.webdo.tn\/fr\/","name":"webdo","description":"Tunisie - News en Tunisie et \u00e0 l&#039;international sur Webdo.tn","publisher":{"@id":"https:\/\/www.webdo.tn\/fr\/#organization"},"potentialAction":[{"@type":"SearchAction","target":{"@type":"EntryPoint","urlTemplate":"https:\/\/www.webdo.tn\/fr\/?s={search_term_string}"},"query-input":{"@type":"PropertyValueSpecification","valueRequired":true,"valueName":"search_term_string"}}],"inLanguage":"fr-FR"},{"@type":"Organization","@id":"https:\/\/www.webdo.tn\/fr\/#organization","name":"Webdo","alternateName":"Webdo.tn","url":"https:\/\/www.webdo.tn\/fr\/","logo":{"@type":"ImageObject","inLanguage":"fr-FR","@id":"https:\/\/www.webdo.tn\/fr\/#\/schema\/logo\/image\/","url":"https:\/\/www.webdo.tn\/fr\/wp-content\/uploads\/2025\/06\/Webdo-Tunisie_168377.jpg","contentUrl":"https:\/\/www.webdo.tn\/fr\/wp-content\/uploads\/2025\/06\/Webdo-Tunisie_168377.jpg","width":301,"height":301,"caption":"Webdo"},"image":{"@id":"https:\/\/www.webdo.tn\/fr\/#\/schema\/logo\/image\/"},"sameAs":["https:\/\/www.facebook.com\/webdotn","https:\/\/x.com\/webdo_tn"],"description":"Webdo est un m\u00e9dia num\u00e9rique tunisien fond\u00e9 en 2010, sp\u00e9cialis\u00e9 dans l\u2019actualit\u00e9 nationale et internationale, l\u2019\u00e9conomie, la soci\u00e9t\u00e9 et les analyses politiques. Le site s\u2019adresse \u00e0 un large public francophone et couvre l\u2019information tunisienne en temps r\u00e9el.","email":"redac@webdo.tn","legalName":"YNJ SARL","foundingDate":"2010-09-06","numberOfEmployees":{"@type":"QuantitativeValue","minValue":"11","maxValue":"50"}},{"@type":"Person","@id":"https:\/\/www.webdo.tn\/fr\/#\/schema\/person\/60d5ba619ed3f58783b0dc82b7dada80","name":"Ne\u00efla DRISS","image":{"@type":"ImageObject","inLanguage":"fr-FR","@id":"https:\/\/www.webdo.tn\/fr\/wp-content\/uploads\/2026\/04\/neila-driss_avatar-96x96.jpg","url":"https:\/\/www.webdo.tn\/fr\/wp-content\/uploads\/2026\/04\/neila-driss_avatar-96x96.jpg","contentUrl":"https:\/\/www.webdo.tn\/fr\/wp-content\/uploads\/2026\/04\/neila-driss_avatar-96x96.jpg","caption":"Ne\u00efla DRISS"},"description":"Ne\u00efla Driss est juriste, journaliste culturelle et critique de cin\u00e9ma tunisienne. Titulaire d\u2019un DEA en droit priv\u00e9 de l\u2019Universit\u00e9 Paris II et d\u2019un DESS de l\u2019IHEC Carthage, elle d\u00e9bute sa carri\u00e8re comme juriste sp\u00e9cialis\u00e9e en gestion de patrimoine immobilier. Elle s\u2019oriente ensuite vers l\u2019\u00e9criture en ligne, o\u00f9 elle se distingue d\u00e8s 2006 aux Tunisia Blog Awards, avant de se consacrer au journalisme culturel, avec une sp\u00e9cialisation dans la critique cin\u00e9matographique. Elle couvre r\u00e9guli\u00e8rement les grands festivals internationaux, notamment le Festival de Cannes, les Journ\u00e9es Cin\u00e9matographiques de Carthage et le Festival du film du Caire. Membre de l\u2019ATPCC et de la FIPRESCI, elle participe \u00e0 des jurys et initiatives internationales de critique. Depuis 2024, elle est \u00e9lectrice internationale aux Golden Globes. Facebook : https:\/\/www.facebook.com\/massir.destiniii\/ X : https:\/\/x.com\/MassirDestin","sameAs":["https:\/\/www.facebook.com\/massir.destiniii\/","https:\/\/www.instagram.com\/neila.driss\/?hl=fr","https:\/\/www.linkedin.com\/in\/neila-driss-22606a80\/","https:\/\/x.com\/https:\/\/x.com\/MassirDestin"],"knowsAbout":["Cin\u00e9ma international","critique cin\u00e9matographique","festivals de cin\u00e9ma","journalisme culturel"],"knowsLanguage":["Fran\u00e7ais","Arabe","Anglais"],"jobTitle":"Journaliste culturelle et critique de cin\u00e9ma","worksFor":"Webdo","url":"https:\/\/www.webdo.tn\/fr\/actualite\/author\/neila-driss\/"}]}},"_links":{"self":[{"href":"https:\/\/www.webdo.tn\/fr\/wp-json\/wp\/v2\/posts\/199446","targetHints":{"allow":["GET"]}}],"collection":[{"href":"https:\/\/www.webdo.tn\/fr\/wp-json\/wp\/v2\/posts"}],"about":[{"href":"https:\/\/www.webdo.tn\/fr\/wp-json\/wp\/v2\/types\/post"}],"author":[{"embeddable":true,"href":"https:\/\/www.webdo.tn\/fr\/wp-json\/wp\/v2\/users\/3164"}],"replies":[{"embeddable":true,"href":"https:\/\/www.webdo.tn\/fr\/wp-json\/wp\/v2\/comments?post=199446"}],"version-history":[{"count":0,"href":"https:\/\/www.webdo.tn\/fr\/wp-json\/wp\/v2\/posts\/199446\/revisions"}],"wp:featuredmedia":[{"embeddable":true,"href":"https:\/\/www.webdo.tn\/fr\/wp-json\/wp\/v2\/media\/253106"}],"wp:attachment":[{"href":"https:\/\/www.webdo.tn\/fr\/wp-json\/wp\/v2\/media?parent=199446"}],"wp:term":[{"taxonomy":"category","embeddable":true,"href":"https:\/\/www.webdo.tn\/fr\/wp-json\/wp\/v2\/categories?post=199446"},{"taxonomy":"post_tag","embeddable":true,"href":"https:\/\/www.webdo.tn\/fr\/wp-json\/wp\/v2\/tags?post=199446"}],"curies":[{"name":"wp","href":"https:\/\/api.w.org\/{rel}","templated":true}]}}