{"id":199439,"date":"2022-11-26T12:01:00","date_gmt":"2022-11-26T12:01:00","guid":{"rendered":"https:\/\/www.webdo.tn\/fr\/blog\/1ere-mi-temps-tunisie-0-australie-1-trop-febriles\/199439\/"},"modified":"2025-05-20T23:01:31","modified_gmt":"2025-05-20T23:01:31","slug":"1ere-mi-temps-tunisie-0-australie-1-trop-febriles","status":"publish","type":"post","link":"https:\/\/www.webdo.tn\/fr\/actualite\/sport\/1ere-mi-temps-tunisie-0-australie-1-trop-febriles\/199439\/","title":{"rendered":"1\u00e8re mi-temps : Tunisie 0 \u2013 Australie 1 : trop f\u00e9briles !\u00a0"},"content":{"rendered":"<p>La Tunisie est men\u00e9e par un but \u00e0 z\u00e9ro en premi\u00e8re mi-temps de sa rencontre face \u00e0 l\u2019Australie, pour le compte de la deuxi\u00e8me journ\u00e9e du groupe C du premier tour de la Coupe du Monde Qatar 2022.<\/p>\n<p>\t\t\t\t\t\t\t\t\tEn retard sur tous les duels, les Tunisiens, un peu trop f\u00e9briles, ont plus pens\u00e9 au combat et \u00e0 l\u2019engagement qu\u2019au foot. R\u00e9sultat : trop de d\u00e9chet technique, manque de cr\u00e9ativit\u00e9 et de combinaisons, trop de perte rapide du ballon et trop de distance entre les lignes.<\/p>\n<p>L\u2019Australie m\u00e8ne logiquement, gr\u00e2ce \u00e0 une t\u00eate parfaite de Duke (23\u2019).<\/p>\n<p>Et pourtant, les poulains de Jalel Kadri auraient pu revenir au score, par le biais de Draguer, mais le retour en catastrophe de la d\u00e9fense australienne l\u2019a emp\u00each\u00e9 de marquer (40\u2019).\u00a0Youssef Msakni (45\u2019+2) a rat\u00e9 l\u2019inratable \u00e0 quelques m\u00e8tres des buts, mais qui n\u2019arrive bizarrement pas \u00e0 cadrer.<\/p>\n","protected":false},"excerpt":{"rendered":"<p>La Tunisie est men\u00e9e par un but \u00e0 z\u00e9ro en premi\u00e8re mi-temps de sa rencontre face \u00e0 l\u2019Australie, pour le compte de la deuxi\u00e8me journ\u00e9e du groupe C du premier tou&#8230;<\/p>\n","protected":false},"author":3196,"featured_media":253101,"comment_status":"open","ping_status":"closed","sticky":false,"template":"","format":"standard","meta":{"footnotes":""},"categories":[2593],"tags":[4499,4066,8935,2608],"class_list":["post-199439","post","type-post","status-publish","format-standard","has-post-thumbnail","hentry","category-sport","tag-australie","tag-coupe-du-monde","tag-qatar2022","tag-tunisie"],"yoast_head":"<!-- This site is optimized with the Yoast SEO Premium plugin v27.4 (Yoast SEO v27.5) - https:\/\/yoast.com\/product\/yoast-seo-premium-wordpress\/ -->\n<title>1\u00e8re mi-temps : Tunisie 0 \u2013 Australie 1 : trop f\u00e9briles !\u00a0<\/title>\n<meta name=\"description\" content=\"La Tunisie est men\u00e9e par un but \u00e0 z\u00e9ro en premi\u00e8re mi-temps de sa rencontre face \u00e0 l\u2019Australie, pour le compte de la deuxi\u00e8me journ\u00e9e du groupe C du premier tou...\" \/>\n<link rel=\"canonical\" href=\"https:\/\/www.webdo.tn\/fr\/actualite\/sport\/1ere-mi-temps-tunisie-0-australie-1-trop-febriles\/199439\/\" \/>\n<meta property=\"og:locale\" content=\"fr_FR\" \/>\n<meta property=\"og:type\" content=\"article\" \/>\n<meta property=\"og:title\" content=\"1\u00e8re mi-temps : Tunisie 0 \u2013 Australie 1 : trop f\u00e9briles !\u00a0\" \/>\n<meta property=\"og:description\" content=\"La Tunisie est men\u00e9e par un but \u00e0 z\u00e9ro en premi\u00e8re mi-temps de sa rencontre face \u00e0 l\u2019Australie, pour le compte de la deuxi\u00e8me journ\u00e9e du groupe C du premier tou...\" \/>\n<meta property=\"og:url\" content=\"https:\/\/www.webdo.tn\/fr\/actualite\/sport\/1ere-mi-temps-tunisie-0-australie-1-trop-febriles\/199439\/\" \/>\n<meta property=\"og:site_name\" content=\"webdo\" \/>\n<meta property=\"article:publisher\" content=\"https:\/\/www.facebook.com\/webdotn\" \/>\n<meta property=\"article:published_time\" content=\"2022-11-26T12:01:00+00:00\" \/>\n<meta property=\"article:modified_time\" content=\"2025-05-20T23:01:31+00:00\" \/>\n<meta property=\"og:image\" content=\"https:\/\/www.webdo.tn\/fr\/wp-content\/uploads\/2022\/11\/7b5a56ab2dcd50b965bfcd8de7dea0e4.jpg\" \/>\n\t<meta property=\"og:image:width\" content=\"750\" \/>\n\t<meta property=\"og:image:height\" content=\"400\" \/>\n\t<meta property=\"og:image:type\" content=\"image\/jpeg\" \/>\n<meta name=\"author\" content=\"MK\" \/>\n<meta name=\"twitter:card\" content=\"summary_large_image\" \/>\n<meta name=\"twitter:creator\" content=\"@webdo_tn\" \/>\n<meta name=\"twitter:site\" content=\"@webdo_tn\" \/>\n<meta name=\"twitter:label1\" content=\"\u00c9crit par\" \/>\n\t<meta name=\"twitter:data1\" content=\"MK\" \/>\n\t<meta name=\"twitter:label2\" content=\"Dur\u00e9e de lecture estim\u00e9e\" \/>\n\t<meta name=\"twitter:data2\" content=\"1 minute\" \/>\n<script type=\"application\/ld+json\" class=\"yoast-schema-graph\">{\"@context\":\"https:\\\/\\\/schema.org\",\"@graph\":[{\"@type\":\"NewsArticle\",\"@id\":\"https:\\\/\\\/www.webdo.tn\\\/fr\\\/actualite\\\/sport\\\/1ere-mi-temps-tunisie-0-australie-1-trop-febriles\\\/199439\\\/#article\",\"isPartOf\":{\"@id\":\"https:\\\/\\\/www.webdo.tn\\\/fr\\\/actualite\\\/sport\\\/1ere-mi-temps-tunisie-0-australie-1-trop-febriles\\\/199439\\\/\"},\"author\":{\"name\":\"MK\",\"@id\":\"https:\\\/\\\/www.webdo.tn\\\/fr\\\/#\\\/schema\\\/person\\\/c3a9d32fa6d495ca5f4b6510e3db97bf\"},\"headline\":\"1\u00e8re mi-temps : Tunisie 0 \u2013 Australie 1 : trop f\u00e9briles !\u00a0\",\"datePublished\":\"2022-11-26T12:01:00+00:00\",\"dateModified\":\"2025-05-20T23:01:31+00:00\",\"mainEntityOfPage\":{\"@id\":\"https:\\\/\\\/www.webdo.tn\\\/fr\\\/actualite\\\/sport\\\/1ere-mi-temps-tunisie-0-australie-1-trop-febriles\\\/199439\\\/\"},\"wordCount\":163,\"commentCount\":0,\"publisher\":{\"@id\":\"https:\\\/\\\/www.webdo.tn\\\/fr\\\/#organization\"},\"image\":{\"@id\":\"https:\\\/\\\/www.webdo.tn\\\/fr\\\/actualite\\\/sport\\\/1ere-mi-temps-tunisie-0-australie-1-trop-febriles\\\/199439\\\/#primaryimage\"},\"thumbnailUrl\":\"https:\\\/\\\/www.webdo.tn\\\/fr\\\/wp-content\\\/uploads\\\/2022\\\/11\\\/7b5a56ab2dcd50b965bfcd8de7dea0e4.jpg\",\"keywords\":[\"Australie\",\"Coupe du Monde\",\"Qatar2022\",\"Tunisie\"],\"articleSection\":[\"Sport\"],\"inLanguage\":\"fr-FR\"},{\"@type\":\"WebPage\",\"@id\":\"https:\\\/\\\/www.webdo.tn\\\/fr\\\/actualite\\\/sport\\\/1ere-mi-temps-tunisie-0-australie-1-trop-febriles\\\/199439\\\/\",\"url\":\"https:\\\/\\\/www.webdo.tn\\\/fr\\\/actualite\\\/sport\\\/1ere-mi-temps-tunisie-0-australie-1-trop-febriles\\\/199439\\\/\",\"name\":\"1\u00e8re mi-temps : Tunisie 0 \u2013 Australie 1 : trop f\u00e9briles !\u00a0\",\"isPartOf\":{\"@id\":\"https:\\\/\\\/www.webdo.tn\\\/fr\\\/#website\"},\"primaryImageOfPage\":{\"@id\":\"https:\\\/\\\/www.webdo.tn\\\/fr\\\/actualite\\\/sport\\\/1ere-mi-temps-tunisie-0-australie-1-trop-febriles\\\/199439\\\/#primaryimage\"},\"image\":{\"@id\":\"https:\\\/\\\/www.webdo.tn\\\/fr\\\/actualite\\\/sport\\\/1ere-mi-temps-tunisie-0-australie-1-trop-febriles\\\/199439\\\/#primaryimage\"},\"thumbnailUrl\":\"https:\\\/\\\/www.webdo.tn\\\/fr\\\/wp-content\\\/uploads\\\/2022\\\/11\\\/7b5a56ab2dcd50b965bfcd8de7dea0e4.jpg\",\"datePublished\":\"2022-11-26T12:01:00+00:00\",\"dateModified\":\"2025-05-20T23:01:31+00:00\",\"description\":\"La Tunisie est men\u00e9e par un but \u00e0 z\u00e9ro en premi\u00e8re mi-temps de sa rencontre face \u00e0 l\u2019Australie, pour le compte de la deuxi\u00e8me journ\u00e9e du groupe C du premier tou...\",\"breadcrumb\":{\"@id\":\"https:\\\/\\\/www.webdo.tn\\\/fr\\\/actualite\\\/sport\\\/1ere-mi-temps-tunisie-0-australie-1-trop-febriles\\\/199439\\\/#breadcrumb\"},\"inLanguage\":\"fr-FR\",\"potentialAction\":[{\"@type\":\"ReadAction\",\"target\":[\"https:\\\/\\\/www.webdo.tn\\\/fr\\\/actualite\\\/sport\\\/1ere-mi-temps-tunisie-0-australie-1-trop-febriles\\\/199439\\\/\"]}]},{\"@type\":\"ImageObject\",\"inLanguage\":\"fr-FR\",\"@id\":\"https:\\\/\\\/www.webdo.tn\\\/fr\\\/actualite\\\/sport\\\/1ere-mi-temps-tunisie-0-australie-1-trop-febriles\\\/199439\\\/#primaryimage\",\"url\":\"https:\\\/\\\/www.webdo.tn\\\/fr\\\/wp-content\\\/uploads\\\/2022\\\/11\\\/7b5a56ab2dcd50b965bfcd8de7dea0e4.jpg\",\"contentUrl\":\"https:\\\/\\\/www.webdo.tn\\\/fr\\\/wp-content\\\/uploads\\\/2022\\\/11\\\/7b5a56ab2dcd50b965bfcd8de7dea0e4.jpg\",\"width\":750,\"height\":400,\"caption\":\"Tunisie 0 \u2013 Australie 1\"},{\"@type\":\"BreadcrumbList\",\"@id\":\"https:\\\/\\\/www.webdo.tn\\\/fr\\\/actualite\\\/sport\\\/1ere-mi-temps-tunisie-0-australie-1-trop-febriles\\\/199439\\\/#breadcrumb\",\"itemListElement\":[{\"@type\":\"ListItem\",\"position\":1,\"name\":\"Accueil\",\"item\":\"https:\\\/\\\/www.webdo.tn\\\/fr\\\/\"},{\"@type\":\"ListItem\",\"position\":2,\"name\":\"1\u00e8re mi-temps : Tunisie 0 \u2013 Australie 1 : trop f\u00e9briles !\u00a0\"}]},{\"@type\":\"WebSite\",\"@id\":\"https:\\\/\\\/www.webdo.tn\\\/fr\\\/#website\",\"url\":\"https:\\\/\\\/www.webdo.tn\\\/fr\\\/\",\"name\":\"webdo\",\"description\":\"Tunisie - News en Tunisie et \u00e0 l&#039;international sur Webdo.tn\",\"publisher\":{\"@id\":\"https:\\\/\\\/www.webdo.tn\\\/fr\\\/#organization\"},\"potentialAction\":[{\"@type\":\"SearchAction\",\"target\":{\"@type\":\"EntryPoint\",\"urlTemplate\":\"https:\\\/\\\/www.webdo.tn\\\/fr\\\/?s={search_term_string}\"},\"query-input\":{\"@type\":\"PropertyValueSpecification\",\"valueRequired\":true,\"valueName\":\"search_term_string\"}}],\"inLanguage\":\"fr-FR\"},{\"@type\":\"Organization\",\"@id\":\"https:\\\/\\\/www.webdo.tn\\\/fr\\\/#organization\",\"name\":\"Webdo\",\"alternateName\":\"Webdo.tn\",\"url\":\"https:\\\/\\\/www.webdo.tn\\\/fr\\\/\",\"logo\":{\"@type\":\"ImageObject\",\"inLanguage\":\"fr-FR\",\"@id\":\"https:\\\/\\\/www.webdo.tn\\\/fr\\\/#\\\/schema\\\/logo\\\/image\\\/\",\"url\":\"https:\\\/\\\/www.webdo.tn\\\/fr\\\/wp-content\\\/uploads\\\/2025\\\/06\\\/Webdo-Tunisie_168377.jpg\",\"contentUrl\":\"https:\\\/\\\/www.webdo.tn\\\/fr\\\/wp-content\\\/uploads\\\/2025\\\/06\\\/Webdo-Tunisie_168377.jpg\",\"width\":301,\"height\":301,\"caption\":\"Webdo\"},\"image\":{\"@id\":\"https:\\\/\\\/www.webdo.tn\\\/fr\\\/#\\\/schema\\\/logo\\\/image\\\/\"},\"sameAs\":[\"https:\\\/\\\/www.facebook.com\\\/webdotn\",\"https:\\\/\\\/x.com\\\/webdo_tn\"],\"description\":\"Webdo est un m\u00e9dia num\u00e9rique tunisien fond\u00e9 en 2010, sp\u00e9cialis\u00e9 dans l\u2019actualit\u00e9 nationale et internationale, l\u2019\u00e9conomie, la soci\u00e9t\u00e9 et les analyses politiques. Le site s\u2019adresse \u00e0 un large public francophone et couvre l\u2019information tunisienne en temps r\u00e9el.\",\"email\":\"redac@webdo.tn\",\"legalName\":\"YNJ SARL\",\"foundingDate\":\"2010-09-06\",\"numberOfEmployees\":{\"@type\":\"QuantitativeValue\",\"minValue\":\"11\",\"maxValue\":\"50\"}},{\"@type\":\"Person\",\"@id\":\"https:\\\/\\\/www.webdo.tn\\\/fr\\\/#\\\/schema\\\/person\\\/c3a9d32fa6d495ca5f4b6510e3db97bf\",\"name\":\"MK\",\"image\":{\"@type\":\"ImageObject\",\"inLanguage\":\"fr-FR\",\"@id\":\"https:\\\/\\\/secure.gravatar.com\\\/avatar\\\/6d44f937f19929f3b75db77056d3e08abd6e302e71bcfea340cd8b00c13e7baf?s=96&d=mm&r=g\",\"url\":\"https:\\\/\\\/secure.gravatar.com\\\/avatar\\\/6d44f937f19929f3b75db77056d3e08abd6e302e71bcfea340cd8b00c13e7baf?s=96&d=mm&r=g\",\"contentUrl\":\"https:\\\/\\\/secure.gravatar.com\\\/avatar\\\/6d44f937f19929f3b75db77056d3e08abd6e302e71bcfea340cd8b00c13e7baf?s=96&d=mm&r=g\",\"caption\":\"MK\"},\"url\":\"https:\\\/\\\/www.webdo.tn\\\/fr\\\/actualite\\\/author\\\/mk\\\/\"}]}<\/script>\n<!-- \/ Yoast SEO Premium plugin. -->","yoast_head_json":{"title":"1\u00e8re mi-temps : Tunisie 0 \u2013 Australie 1 : trop f\u00e9briles !\u00a0","description":"La Tunisie est men\u00e9e par un but \u00e0 z\u00e9ro en premi\u00e8re mi-temps de sa rencontre face \u00e0 l\u2019Australie, pour le compte de la deuxi\u00e8me journ\u00e9e du groupe C du premier tou...","canonical":"https:\/\/www.webdo.tn\/fr\/actualite\/sport\/1ere-mi-temps-tunisie-0-australie-1-trop-febriles\/199439\/","og_locale":"fr_FR","og_type":"article","og_title":"1\u00e8re mi-temps : Tunisie 0 \u2013 Australie 1 : trop f\u00e9briles !\u00a0","og_description":"La Tunisie est men\u00e9e par un but \u00e0 z\u00e9ro en premi\u00e8re mi-temps de sa rencontre face \u00e0 l\u2019Australie, pour le compte de la deuxi\u00e8me journ\u00e9e du groupe C du premier tou...","og_url":"https:\/\/www.webdo.tn\/fr\/actualite\/sport\/1ere-mi-temps-tunisie-0-australie-1-trop-febriles\/199439\/","og_site_name":"webdo","article_publisher":"https:\/\/www.facebook.com\/webdotn","article_published_time":"2022-11-26T12:01:00+00:00","article_modified_time":"2025-05-20T23:01:31+00:00","og_image":[{"width":750,"height":400,"url":"https:\/\/www.webdo.tn\/fr\/wp-content\/uploads\/2022\/11\/7b5a56ab2dcd50b965bfcd8de7dea0e4.jpg","type":"image\/jpeg"}],"author":"MK","twitter_card":"summary_large_image","twitter_creator":"@webdo_tn","twitter_site":"@webdo_tn","twitter_misc":{"\u00c9crit par":"MK","Dur\u00e9e de lecture estim\u00e9e":"1 minute"},"schema":{"@context":"https:\/\/schema.org","@graph":[{"@type":"NewsArticle","@id":"https:\/\/www.webdo.tn\/fr\/actualite\/sport\/1ere-mi-temps-tunisie-0-australie-1-trop-febriles\/199439\/#article","isPartOf":{"@id":"https:\/\/www.webdo.tn\/fr\/actualite\/sport\/1ere-mi-temps-tunisie-0-australie-1-trop-febriles\/199439\/"},"author":{"name":"MK","@id":"https:\/\/www.webdo.tn\/fr\/#\/schema\/person\/c3a9d32fa6d495ca5f4b6510e3db97bf"},"headline":"1\u00e8re mi-temps : Tunisie 0 \u2013 Australie 1 : trop f\u00e9briles !\u00a0","datePublished":"2022-11-26T12:01:00+00:00","dateModified":"2025-05-20T23:01:31+00:00","mainEntityOfPage":{"@id":"https:\/\/www.webdo.tn\/fr\/actualite\/sport\/1ere-mi-temps-tunisie-0-australie-1-trop-febriles\/199439\/"},"wordCount":163,"commentCount":0,"publisher":{"@id":"https:\/\/www.webdo.tn\/fr\/#organization"},"image":{"@id":"https:\/\/www.webdo.tn\/fr\/actualite\/sport\/1ere-mi-temps-tunisie-0-australie-1-trop-febriles\/199439\/#primaryimage"},"thumbnailUrl":"https:\/\/www.webdo.tn\/fr\/wp-content\/uploads\/2022\/11\/7b5a56ab2dcd50b965bfcd8de7dea0e4.jpg","keywords":["Australie","Coupe du Monde","Qatar2022","Tunisie"],"articleSection":["Sport"],"inLanguage":"fr-FR"},{"@type":"WebPage","@id":"https:\/\/www.webdo.tn\/fr\/actualite\/sport\/1ere-mi-temps-tunisie-0-australie-1-trop-febriles\/199439\/","url":"https:\/\/www.webdo.tn\/fr\/actualite\/sport\/1ere-mi-temps-tunisie-0-australie-1-trop-febriles\/199439\/","name":"1\u00e8re mi-temps : Tunisie 0 \u2013 Australie 1 : trop f\u00e9briles !\u00a0","isPartOf":{"@id":"https:\/\/www.webdo.tn\/fr\/#website"},"primaryImageOfPage":{"@id":"https:\/\/www.webdo.tn\/fr\/actualite\/sport\/1ere-mi-temps-tunisie-0-australie-1-trop-febriles\/199439\/#primaryimage"},"image":{"@id":"https:\/\/www.webdo.tn\/fr\/actualite\/sport\/1ere-mi-temps-tunisie-0-australie-1-trop-febriles\/199439\/#primaryimage"},"thumbnailUrl":"https:\/\/www.webdo.tn\/fr\/wp-content\/uploads\/2022\/11\/7b5a56ab2dcd50b965bfcd8de7dea0e4.jpg","datePublished":"2022-11-26T12:01:00+00:00","dateModified":"2025-05-20T23:01:31+00:00","description":"La Tunisie est men\u00e9e par un but \u00e0 z\u00e9ro en premi\u00e8re mi-temps de sa rencontre face \u00e0 l\u2019Australie, pour le compte de la deuxi\u00e8me journ\u00e9e du groupe C du premier tou...","breadcrumb":{"@id":"https:\/\/www.webdo.tn\/fr\/actualite\/sport\/1ere-mi-temps-tunisie-0-australie-1-trop-febriles\/199439\/#breadcrumb"},"inLanguage":"fr-FR","potentialAction":[{"@type":"ReadAction","target":["https:\/\/www.webdo.tn\/fr\/actualite\/sport\/1ere-mi-temps-tunisie-0-australie-1-trop-febriles\/199439\/"]}]},{"@type":"ImageObject","inLanguage":"fr-FR","@id":"https:\/\/www.webdo.tn\/fr\/actualite\/sport\/1ere-mi-temps-tunisie-0-australie-1-trop-febriles\/199439\/#primaryimage","url":"https:\/\/www.webdo.tn\/fr\/wp-content\/uploads\/2022\/11\/7b5a56ab2dcd50b965bfcd8de7dea0e4.jpg","contentUrl":"https:\/\/www.webdo.tn\/fr\/wp-content\/uploads\/2022\/11\/7b5a56ab2dcd50b965bfcd8de7dea0e4.jpg","width":750,"height":400,"caption":"Tunisie 0 \u2013 Australie 1"},{"@type":"BreadcrumbList","@id":"https:\/\/www.webdo.tn\/fr\/actualite\/sport\/1ere-mi-temps-tunisie-0-australie-1-trop-febriles\/199439\/#breadcrumb","itemListElement":[{"@type":"ListItem","position":1,"name":"Accueil","item":"https:\/\/www.webdo.tn\/fr\/"},{"@type":"ListItem","position":2,"name":"1\u00e8re mi-temps : Tunisie 0 \u2013 Australie 1 : trop f\u00e9briles !\u00a0"}]},{"@type":"WebSite","@id":"https:\/\/www.webdo.tn\/fr\/#website","url":"https:\/\/www.webdo.tn\/fr\/","name":"webdo","description":"Tunisie - News en Tunisie et \u00e0 l&#039;international sur Webdo.tn","publisher":{"@id":"https:\/\/www.webdo.tn\/fr\/#organization"},"potentialAction":[{"@type":"SearchAction","target":{"@type":"EntryPoint","urlTemplate":"https:\/\/www.webdo.tn\/fr\/?s={search_term_string}"},"query-input":{"@type":"PropertyValueSpecification","valueRequired":true,"valueName":"search_term_string"}}],"inLanguage":"fr-FR"},{"@type":"Organization","@id":"https:\/\/www.webdo.tn\/fr\/#organization","name":"Webdo","alternateName":"Webdo.tn","url":"https:\/\/www.webdo.tn\/fr\/","logo":{"@type":"ImageObject","inLanguage":"fr-FR","@id":"https:\/\/www.webdo.tn\/fr\/#\/schema\/logo\/image\/","url":"https:\/\/www.webdo.tn\/fr\/wp-content\/uploads\/2025\/06\/Webdo-Tunisie_168377.jpg","contentUrl":"https:\/\/www.webdo.tn\/fr\/wp-content\/uploads\/2025\/06\/Webdo-Tunisie_168377.jpg","width":301,"height":301,"caption":"Webdo"},"image":{"@id":"https:\/\/www.webdo.tn\/fr\/#\/schema\/logo\/image\/"},"sameAs":["https:\/\/www.facebook.com\/webdotn","https:\/\/x.com\/webdo_tn"],"description":"Webdo est un m\u00e9dia num\u00e9rique tunisien fond\u00e9 en 2010, sp\u00e9cialis\u00e9 dans l\u2019actualit\u00e9 nationale et internationale, l\u2019\u00e9conomie, la soci\u00e9t\u00e9 et les analyses politiques. Le site s\u2019adresse \u00e0 un large public francophone et couvre l\u2019information tunisienne en temps r\u00e9el.","email":"redac@webdo.tn","legalName":"YNJ SARL","foundingDate":"2010-09-06","numberOfEmployees":{"@type":"QuantitativeValue","minValue":"11","maxValue":"50"}},{"@type":"Person","@id":"https:\/\/www.webdo.tn\/fr\/#\/schema\/person\/c3a9d32fa6d495ca5f4b6510e3db97bf","name":"MK","image":{"@type":"ImageObject","inLanguage":"fr-FR","@id":"https:\/\/secure.gravatar.com\/avatar\/6d44f937f19929f3b75db77056d3e08abd6e302e71bcfea340cd8b00c13e7baf?s=96&d=mm&r=g","url":"https:\/\/secure.gravatar.com\/avatar\/6d44f937f19929f3b75db77056d3e08abd6e302e71bcfea340cd8b00c13e7baf?s=96&d=mm&r=g","contentUrl":"https:\/\/secure.gravatar.com\/avatar\/6d44f937f19929f3b75db77056d3e08abd6e302e71bcfea340cd8b00c13e7baf?s=96&d=mm&r=g","caption":"MK"},"url":"https:\/\/www.webdo.tn\/fr\/actualite\/author\/mk\/"}]}},"_links":{"self":[{"href":"https:\/\/www.webdo.tn\/fr\/wp-json\/wp\/v2\/posts\/199439","targetHints":{"allow":["GET"]}}],"collection":[{"href":"https:\/\/www.webdo.tn\/fr\/wp-json\/wp\/v2\/posts"}],"about":[{"href":"https:\/\/www.webdo.tn\/fr\/wp-json\/wp\/v2\/types\/post"}],"author":[{"embeddable":true,"href":"https:\/\/www.webdo.tn\/fr\/wp-json\/wp\/v2\/users\/3196"}],"replies":[{"embeddable":true,"href":"https:\/\/www.webdo.tn\/fr\/wp-json\/wp\/v2\/comments?post=199439"}],"version-history":[{"count":0,"href":"https:\/\/www.webdo.tn\/fr\/wp-json\/wp\/v2\/posts\/199439\/revisions"}],"wp:featuredmedia":[{"embeddable":true,"href":"https:\/\/www.webdo.tn\/fr\/wp-json\/wp\/v2\/media\/253101"}],"wp:attachment":[{"href":"https:\/\/www.webdo.tn\/fr\/wp-json\/wp\/v2\/media?parent=199439"}],"wp:term":[{"taxonomy":"category","embeddable":true,"href":"https:\/\/www.webdo.tn\/fr\/wp-json\/wp\/v2\/categories?post=199439"},{"taxonomy":"post_tag","embeddable":true,"href":"https:\/\/www.webdo.tn\/fr\/wp-json\/wp\/v2\/tags?post=199439"}],"curies":[{"name":"wp","href":"https:\/\/api.w.org\/{rel}","templated":true}]}}