{"id":199398,"date":"2022-11-25T11:39:00","date_gmt":"2022-11-25T11:39:00","guid":{"rendered":"https:\/\/www.webdo.tn\/fr\/actualite\/blog\/derniere-seance-d-entrainement-des-tunisiens-avant-l-australie-video\/199398\/"},"modified":"2025-05-22T11:43:21","modified_gmt":"2025-05-22T11:43:21","slug":"derniere-seance-d-entrainement-des-tunisiens-avant-l-australie-video","status":"publish","type":"post","link":"https:\/\/www.webdo.tn\/fr\/actualite\/sport\/derniere-seance-d-entrainement-des-tunisiens-avant-l-australie-video\/199398\/","title":{"rendered":"Derni\u00e8re s\u00e9ance d\u2019entra\u00eenement des Tunisiens avant l\u2019Australie (vid\u00e9o)\u00a0"},"content":{"rendered":"<p>Les Aigles de Carthage ont effectu\u00e9, ce vendredi matin, leur derni\u00e8re s\u00e9ance d\u2019entra\u00eenement \u00e0 Doha, avant d\u2019affronter l\u2019Australie.<\/p>\n<p> La Tunisie affronte demain samedi, \u00e0 partir de 11 heures, l\u2019Australie, pour le compte de la deuxi\u00e8me journ\u00e9e du groupe C du premier tour de la Coupe du Monde Qatar 2022.\u00a0<\/p>\n<p>\u00a0<\/p>\n<p>L\u2019arbitre allemand Daniel Siebert a \u00e9t\u00e9 d\u00e9sign\u00e9 pour diriger la rencontre.<\/p>\n<p>La Tunisie avait fait match nul face au Danemark lors de la premi\u00e8re journ\u00e9e, alors que l\u2019Australie s\u2019est inclin\u00e9e face \u00e0 la France 4 buts \u00e0 un.<\/p>\n<p>Classement du groupe C :<br \/>\n1.\u00a0\u00a0 \u00a0France : 3 points<br \/>\n2.\u00a0\u00a0 \u00a0Tunisie : 1 point<br \/>\n3.\u00a0\u00a0 \u00a0Danemark : 1 point<br \/>\n4.\u00a0\u00a0 \u00a0Australie : 0 point<\/p>\n","protected":false},"excerpt":{"rendered":"<p>Les Aigles de Carthage ont effectu\u00e9, ce vendredi matin, leur derni\u00e8re s\u00e9ance d\u2019entra\u00eenement \u00e0 Doha, avant d\u2019affronter l\u2019Australie.<\/p>\n","protected":false},"author":3196,"featured_media":348546,"comment_status":"open","ping_status":"closed","sticky":false,"template":"","format":"standard","meta":{"footnotes":""},"categories":[2593],"tags":[4499,4066,8935,2608],"class_list":["post-199398","post","type-post","status-publish","format-standard","has-post-thumbnail","hentry","category-sport","tag-australie","tag-coupe-du-monde","tag-qatar2022","tag-tunisie"],"yoast_head":"<!-- This site is optimized with the Yoast SEO Premium plugin v27.4 (Yoast SEO v27.5) - https:\/\/yoast.com\/product\/yoast-seo-premium-wordpress\/ -->\n<title>Derni\u00e8re s\u00e9ance d\u2019entra\u00eenement des Tunisiens avant l\u2019Australie (vid\u00e9o)\u00a0<\/title>\n<meta name=\"description\" content=\"Les Aigles de Carthage ont effectu\u00e9, ce vendredi matin, leur derni\u00e8re s\u00e9ance d\u2019entra\u00eenement \u00e0 Doha, avant d\u2019affronter l\u2019Australie.\" \/>\n<link rel=\"canonical\" href=\"https:\/\/www.webdo.tn\/fr\/actualite\/sport\/derniere-seance-d-entrainement-des-tunisiens-avant-l-australie-video\/199398\/\" \/>\n<meta property=\"og:locale\" content=\"fr_FR\" \/>\n<meta property=\"og:type\" content=\"article\" \/>\n<meta property=\"og:title\" content=\"Derni\u00e8re s\u00e9ance d\u2019entra\u00eenement des Tunisiens avant l\u2019Australie (vid\u00e9o)\u00a0\" \/>\n<meta property=\"og:description\" content=\"Les Aigles de Carthage ont effectu\u00e9, ce vendredi matin, leur derni\u00e8re s\u00e9ance d\u2019entra\u00eenement \u00e0 Doha, avant d\u2019affronter l\u2019Australie.\" \/>\n<meta property=\"og:url\" content=\"https:\/\/www.webdo.tn\/fr\/actualite\/sport\/derniere-seance-d-entrainement-des-tunisiens-avant-l-australie-video\/199398\/\" \/>\n<meta property=\"og:site_name\" content=\"webdo\" \/>\n<meta property=\"article:publisher\" content=\"https:\/\/www.facebook.com\/webdotn\" \/>\n<meta property=\"article:published_time\" content=\"2022-11-25T11:39:00+00:00\" \/>\n<meta property=\"article:modified_time\" content=\"2025-05-22T11:43:21+00:00\" \/>\n<meta property=\"og:image\" content=\"https:\/\/www.webdo.tn\/fr\/wp-content\/uploads\/2022\/11\/18c2ab5a9994c7d2a1996e0af9a6b970.jpg\" \/>\n\t<meta property=\"og:image:width\" content=\"750\" \/>\n\t<meta property=\"og:image:height\" content=\"400\" \/>\n\t<meta property=\"og:image:type\" content=\"image\/jpeg\" \/>\n<meta name=\"author\" content=\"MK\" \/>\n<meta name=\"twitter:card\" content=\"summary_large_image\" \/>\n<meta name=\"twitter:creator\" content=\"@webdo_tn\" \/>\n<meta name=\"twitter:site\" content=\"@webdo_tn\" \/>\n<meta name=\"twitter:label1\" content=\"\u00c9crit par\" \/>\n\t<meta name=\"twitter:data1\" content=\"MK\" \/>\n\t<meta name=\"twitter:label2\" content=\"Dur\u00e9e de lecture estim\u00e9e\" \/>\n\t<meta name=\"twitter:data2\" content=\"1 minute\" \/>\n<script type=\"application\/ld+json\" class=\"yoast-schema-graph\">{\"@context\":\"https:\\\/\\\/schema.org\",\"@graph\":[{\"@type\":\"NewsArticle\",\"@id\":\"https:\\\/\\\/www.webdo.tn\\\/fr\\\/actualite\\\/sport\\\/derniere-seance-d-entrainement-des-tunisiens-avant-l-australie-video\\\/199398\\\/#article\",\"isPartOf\":{\"@id\":\"https:\\\/\\\/www.webdo.tn\\\/fr\\\/actualite\\\/sport\\\/derniere-seance-d-entrainement-des-tunisiens-avant-l-australie-video\\\/199398\\\/\"},\"author\":{\"name\":\"MK\",\"@id\":\"https:\\\/\\\/www.webdo.tn\\\/fr\\\/#\\\/schema\\\/person\\\/c3a9d32fa6d495ca5f4b6510e3db97bf\"},\"headline\":\"Derni\u00e8re s\u00e9ance d\u2019entra\u00eenement des Tunisiens avant l\u2019Australie (vid\u00e9o)\u00a0\",\"datePublished\":\"2022-11-25T11:39:00+00:00\",\"dateModified\":\"2025-05-22T11:43:21+00:00\",\"mainEntityOfPage\":{\"@id\":\"https:\\\/\\\/www.webdo.tn\\\/fr\\\/actualite\\\/sport\\\/derniere-seance-d-entrainement-des-tunisiens-avant-l-australie-video\\\/199398\\\/\"},\"wordCount\":122,\"commentCount\":0,\"publisher\":{\"@id\":\"https:\\\/\\\/www.webdo.tn\\\/fr\\\/#organization\"},\"image\":{\"@id\":\"https:\\\/\\\/www.webdo.tn\\\/fr\\\/actualite\\\/sport\\\/derniere-seance-d-entrainement-des-tunisiens-avant-l-australie-video\\\/199398\\\/#primaryimage\"},\"thumbnailUrl\":\"https:\\\/\\\/www.webdo.tn\\\/fr\\\/wp-content\\\/uploads\\\/2022\\\/11\\\/18c2ab5a9994c7d2a1996e0af9a6b970.jpg\",\"keywords\":[\"Australie\",\"Coupe du Monde\",\"Qatar2022\",\"Tunisie\"],\"articleSection\":[\"Sport\"],\"inLanguage\":\"fr-FR\"},{\"@type\":\"WebPage\",\"@id\":\"https:\\\/\\\/www.webdo.tn\\\/fr\\\/actualite\\\/sport\\\/derniere-seance-d-entrainement-des-tunisiens-avant-l-australie-video\\\/199398\\\/\",\"url\":\"https:\\\/\\\/www.webdo.tn\\\/fr\\\/actualite\\\/sport\\\/derniere-seance-d-entrainement-des-tunisiens-avant-l-australie-video\\\/199398\\\/\",\"name\":\"Derni\u00e8re s\u00e9ance d\u2019entra\u00eenement des Tunisiens avant l\u2019Australie (vid\u00e9o)\u00a0\",\"isPartOf\":{\"@id\":\"https:\\\/\\\/www.webdo.tn\\\/fr\\\/#website\"},\"primaryImageOfPage\":{\"@id\":\"https:\\\/\\\/www.webdo.tn\\\/fr\\\/actualite\\\/sport\\\/derniere-seance-d-entrainement-des-tunisiens-avant-l-australie-video\\\/199398\\\/#primaryimage\"},\"image\":{\"@id\":\"https:\\\/\\\/www.webdo.tn\\\/fr\\\/actualite\\\/sport\\\/derniere-seance-d-entrainement-des-tunisiens-avant-l-australie-video\\\/199398\\\/#primaryimage\"},\"thumbnailUrl\":\"https:\\\/\\\/www.webdo.tn\\\/fr\\\/wp-content\\\/uploads\\\/2022\\\/11\\\/18c2ab5a9994c7d2a1996e0af9a6b970.jpg\",\"datePublished\":\"2022-11-25T11:39:00+00:00\",\"dateModified\":\"2025-05-22T11:43:21+00:00\",\"description\":\"Les Aigles de Carthage ont effectu\u00e9, ce vendredi matin, leur derni\u00e8re s\u00e9ance d\u2019entra\u00eenement \u00e0 Doha, avant d\u2019affronter l\u2019Australie.\",\"breadcrumb\":{\"@id\":\"https:\\\/\\\/www.webdo.tn\\\/fr\\\/actualite\\\/sport\\\/derniere-seance-d-entrainement-des-tunisiens-avant-l-australie-video\\\/199398\\\/#breadcrumb\"},\"inLanguage\":\"fr-FR\",\"potentialAction\":[{\"@type\":\"ReadAction\",\"target\":[\"https:\\\/\\\/www.webdo.tn\\\/fr\\\/actualite\\\/sport\\\/derniere-seance-d-entrainement-des-tunisiens-avant-l-australie-video\\\/199398\\\/\"]}]},{\"@type\":\"ImageObject\",\"inLanguage\":\"fr-FR\",\"@id\":\"https:\\\/\\\/www.webdo.tn\\\/fr\\\/actualite\\\/sport\\\/derniere-seance-d-entrainement-des-tunisiens-avant-l-australie-video\\\/199398\\\/#primaryimage\",\"url\":\"https:\\\/\\\/www.webdo.tn\\\/fr\\\/wp-content\\\/uploads\\\/2022\\\/11\\\/18c2ab5a9994c7d2a1996e0af9a6b970.jpg\",\"contentUrl\":\"https:\\\/\\\/www.webdo.tn\\\/fr\\\/wp-content\\\/uploads\\\/2022\\\/11\\\/18c2ab5a9994c7d2a1996e0af9a6b970.jpg\",\"width\":750,\"height\":400,\"caption\":\"Tunisie s\u00e9ance d'entra\u00eenement\"},{\"@type\":\"BreadcrumbList\",\"@id\":\"https:\\\/\\\/www.webdo.tn\\\/fr\\\/actualite\\\/sport\\\/derniere-seance-d-entrainement-des-tunisiens-avant-l-australie-video\\\/199398\\\/#breadcrumb\",\"itemListElement\":[{\"@type\":\"ListItem\",\"position\":1,\"name\":\"Accueil\",\"item\":\"https:\\\/\\\/www.webdo.tn\\\/fr\\\/\"},{\"@type\":\"ListItem\",\"position\":2,\"name\":\"Derni\u00e8re s\u00e9ance d\u2019entra\u00eenement des Tunisiens avant l\u2019Australie (vid\u00e9o)\u00a0\"}]},{\"@type\":\"WebSite\",\"@id\":\"https:\\\/\\\/www.webdo.tn\\\/fr\\\/#website\",\"url\":\"https:\\\/\\\/www.webdo.tn\\\/fr\\\/\",\"name\":\"webdo\",\"description\":\"Tunisie - News en Tunisie et \u00e0 l&#039;international sur Webdo.tn\",\"publisher\":{\"@id\":\"https:\\\/\\\/www.webdo.tn\\\/fr\\\/#organization\"},\"potentialAction\":[{\"@type\":\"SearchAction\",\"target\":{\"@type\":\"EntryPoint\",\"urlTemplate\":\"https:\\\/\\\/www.webdo.tn\\\/fr\\\/?s={search_term_string}\"},\"query-input\":{\"@type\":\"PropertyValueSpecification\",\"valueRequired\":true,\"valueName\":\"search_term_string\"}}],\"inLanguage\":\"fr-FR\"},{\"@type\":\"Organization\",\"@id\":\"https:\\\/\\\/www.webdo.tn\\\/fr\\\/#organization\",\"name\":\"Webdo\",\"alternateName\":\"Webdo.tn\",\"url\":\"https:\\\/\\\/www.webdo.tn\\\/fr\\\/\",\"logo\":{\"@type\":\"ImageObject\",\"inLanguage\":\"fr-FR\",\"@id\":\"https:\\\/\\\/www.webdo.tn\\\/fr\\\/#\\\/schema\\\/logo\\\/image\\\/\",\"url\":\"https:\\\/\\\/www.webdo.tn\\\/fr\\\/wp-content\\\/uploads\\\/2025\\\/06\\\/Webdo-Tunisie_168377.jpg\",\"contentUrl\":\"https:\\\/\\\/www.webdo.tn\\\/fr\\\/wp-content\\\/uploads\\\/2025\\\/06\\\/Webdo-Tunisie_168377.jpg\",\"width\":301,\"height\":301,\"caption\":\"Webdo\"},\"image\":{\"@id\":\"https:\\\/\\\/www.webdo.tn\\\/fr\\\/#\\\/schema\\\/logo\\\/image\\\/\"},\"sameAs\":[\"https:\\\/\\\/www.facebook.com\\\/webdotn\",\"https:\\\/\\\/x.com\\\/webdo_tn\"],\"description\":\"Webdo est un m\u00e9dia num\u00e9rique tunisien fond\u00e9 en 2010, sp\u00e9cialis\u00e9 dans l\u2019actualit\u00e9 nationale et internationale, l\u2019\u00e9conomie, la soci\u00e9t\u00e9 et les analyses politiques. Le site s\u2019adresse \u00e0 un large public francophone et couvre l\u2019information tunisienne en temps r\u00e9el.\",\"email\":\"redac@webdo.tn\",\"legalName\":\"YNJ SARL\",\"foundingDate\":\"2010-09-06\",\"numberOfEmployees\":{\"@type\":\"QuantitativeValue\",\"minValue\":\"11\",\"maxValue\":\"50\"}},{\"@type\":\"Person\",\"@id\":\"https:\\\/\\\/www.webdo.tn\\\/fr\\\/#\\\/schema\\\/person\\\/c3a9d32fa6d495ca5f4b6510e3db97bf\",\"name\":\"MK\",\"image\":{\"@type\":\"ImageObject\",\"inLanguage\":\"fr-FR\",\"@id\":\"https:\\\/\\\/secure.gravatar.com\\\/avatar\\\/6d44f937f19929f3b75db77056d3e08abd6e302e71bcfea340cd8b00c13e7baf?s=96&d=mm&r=g\",\"url\":\"https:\\\/\\\/secure.gravatar.com\\\/avatar\\\/6d44f937f19929f3b75db77056d3e08abd6e302e71bcfea340cd8b00c13e7baf?s=96&d=mm&r=g\",\"contentUrl\":\"https:\\\/\\\/secure.gravatar.com\\\/avatar\\\/6d44f937f19929f3b75db77056d3e08abd6e302e71bcfea340cd8b00c13e7baf?s=96&d=mm&r=g\",\"caption\":\"MK\"},\"url\":\"https:\\\/\\\/www.webdo.tn\\\/fr\\\/actualite\\\/author\\\/mk\\\/\"}]}<\/script>\n<!-- \/ Yoast SEO Premium plugin. -->","yoast_head_json":{"title":"Derni\u00e8re s\u00e9ance d\u2019entra\u00eenement des Tunisiens avant l\u2019Australie (vid\u00e9o)\u00a0","description":"Les Aigles de Carthage ont effectu\u00e9, ce vendredi matin, leur derni\u00e8re s\u00e9ance d\u2019entra\u00eenement \u00e0 Doha, avant d\u2019affronter l\u2019Australie.","canonical":"https:\/\/www.webdo.tn\/fr\/actualite\/sport\/derniere-seance-d-entrainement-des-tunisiens-avant-l-australie-video\/199398\/","og_locale":"fr_FR","og_type":"article","og_title":"Derni\u00e8re s\u00e9ance d\u2019entra\u00eenement des Tunisiens avant l\u2019Australie (vid\u00e9o)\u00a0","og_description":"Les Aigles de Carthage ont effectu\u00e9, ce vendredi matin, leur derni\u00e8re s\u00e9ance d\u2019entra\u00eenement \u00e0 Doha, avant d\u2019affronter l\u2019Australie.","og_url":"https:\/\/www.webdo.tn\/fr\/actualite\/sport\/derniere-seance-d-entrainement-des-tunisiens-avant-l-australie-video\/199398\/","og_site_name":"webdo","article_publisher":"https:\/\/www.facebook.com\/webdotn","article_published_time":"2022-11-25T11:39:00+00:00","article_modified_time":"2025-05-22T11:43:21+00:00","og_image":[{"width":750,"height":400,"url":"https:\/\/www.webdo.tn\/fr\/wp-content\/uploads\/2022\/11\/18c2ab5a9994c7d2a1996e0af9a6b970.jpg","type":"image\/jpeg"}],"author":"MK","twitter_card":"summary_large_image","twitter_creator":"@webdo_tn","twitter_site":"@webdo_tn","twitter_misc":{"\u00c9crit par":"MK","Dur\u00e9e de lecture estim\u00e9e":"1 minute"},"schema":{"@context":"https:\/\/schema.org","@graph":[{"@type":"NewsArticle","@id":"https:\/\/www.webdo.tn\/fr\/actualite\/sport\/derniere-seance-d-entrainement-des-tunisiens-avant-l-australie-video\/199398\/#article","isPartOf":{"@id":"https:\/\/www.webdo.tn\/fr\/actualite\/sport\/derniere-seance-d-entrainement-des-tunisiens-avant-l-australie-video\/199398\/"},"author":{"name":"MK","@id":"https:\/\/www.webdo.tn\/fr\/#\/schema\/person\/c3a9d32fa6d495ca5f4b6510e3db97bf"},"headline":"Derni\u00e8re s\u00e9ance d\u2019entra\u00eenement des Tunisiens avant l\u2019Australie (vid\u00e9o)\u00a0","datePublished":"2022-11-25T11:39:00+00:00","dateModified":"2025-05-22T11:43:21+00:00","mainEntityOfPage":{"@id":"https:\/\/www.webdo.tn\/fr\/actualite\/sport\/derniere-seance-d-entrainement-des-tunisiens-avant-l-australie-video\/199398\/"},"wordCount":122,"commentCount":0,"publisher":{"@id":"https:\/\/www.webdo.tn\/fr\/#organization"},"image":{"@id":"https:\/\/www.webdo.tn\/fr\/actualite\/sport\/derniere-seance-d-entrainement-des-tunisiens-avant-l-australie-video\/199398\/#primaryimage"},"thumbnailUrl":"https:\/\/www.webdo.tn\/fr\/wp-content\/uploads\/2022\/11\/18c2ab5a9994c7d2a1996e0af9a6b970.jpg","keywords":["Australie","Coupe du Monde","Qatar2022","Tunisie"],"articleSection":["Sport"],"inLanguage":"fr-FR"},{"@type":"WebPage","@id":"https:\/\/www.webdo.tn\/fr\/actualite\/sport\/derniere-seance-d-entrainement-des-tunisiens-avant-l-australie-video\/199398\/","url":"https:\/\/www.webdo.tn\/fr\/actualite\/sport\/derniere-seance-d-entrainement-des-tunisiens-avant-l-australie-video\/199398\/","name":"Derni\u00e8re s\u00e9ance d\u2019entra\u00eenement des Tunisiens avant l\u2019Australie (vid\u00e9o)\u00a0","isPartOf":{"@id":"https:\/\/www.webdo.tn\/fr\/#website"},"primaryImageOfPage":{"@id":"https:\/\/www.webdo.tn\/fr\/actualite\/sport\/derniere-seance-d-entrainement-des-tunisiens-avant-l-australie-video\/199398\/#primaryimage"},"image":{"@id":"https:\/\/www.webdo.tn\/fr\/actualite\/sport\/derniere-seance-d-entrainement-des-tunisiens-avant-l-australie-video\/199398\/#primaryimage"},"thumbnailUrl":"https:\/\/www.webdo.tn\/fr\/wp-content\/uploads\/2022\/11\/18c2ab5a9994c7d2a1996e0af9a6b970.jpg","datePublished":"2022-11-25T11:39:00+00:00","dateModified":"2025-05-22T11:43:21+00:00","description":"Les Aigles de Carthage ont effectu\u00e9, ce vendredi matin, leur derni\u00e8re s\u00e9ance d\u2019entra\u00eenement \u00e0 Doha, avant d\u2019affronter l\u2019Australie.","breadcrumb":{"@id":"https:\/\/www.webdo.tn\/fr\/actualite\/sport\/derniere-seance-d-entrainement-des-tunisiens-avant-l-australie-video\/199398\/#breadcrumb"},"inLanguage":"fr-FR","potentialAction":[{"@type":"ReadAction","target":["https:\/\/www.webdo.tn\/fr\/actualite\/sport\/derniere-seance-d-entrainement-des-tunisiens-avant-l-australie-video\/199398\/"]}]},{"@type":"ImageObject","inLanguage":"fr-FR","@id":"https:\/\/www.webdo.tn\/fr\/actualite\/sport\/derniere-seance-d-entrainement-des-tunisiens-avant-l-australie-video\/199398\/#primaryimage","url":"https:\/\/www.webdo.tn\/fr\/wp-content\/uploads\/2022\/11\/18c2ab5a9994c7d2a1996e0af9a6b970.jpg","contentUrl":"https:\/\/www.webdo.tn\/fr\/wp-content\/uploads\/2022\/11\/18c2ab5a9994c7d2a1996e0af9a6b970.jpg","width":750,"height":400,"caption":"Tunisie s\u00e9ance d'entra\u00eenement"},{"@type":"BreadcrumbList","@id":"https:\/\/www.webdo.tn\/fr\/actualite\/sport\/derniere-seance-d-entrainement-des-tunisiens-avant-l-australie-video\/199398\/#breadcrumb","itemListElement":[{"@type":"ListItem","position":1,"name":"Accueil","item":"https:\/\/www.webdo.tn\/fr\/"},{"@type":"ListItem","position":2,"name":"Derni\u00e8re s\u00e9ance d\u2019entra\u00eenement des Tunisiens avant l\u2019Australie (vid\u00e9o)\u00a0"}]},{"@type":"WebSite","@id":"https:\/\/www.webdo.tn\/fr\/#website","url":"https:\/\/www.webdo.tn\/fr\/","name":"webdo","description":"Tunisie - News en Tunisie et \u00e0 l&#039;international sur Webdo.tn","publisher":{"@id":"https:\/\/www.webdo.tn\/fr\/#organization"},"potentialAction":[{"@type":"SearchAction","target":{"@type":"EntryPoint","urlTemplate":"https:\/\/www.webdo.tn\/fr\/?s={search_term_string}"},"query-input":{"@type":"PropertyValueSpecification","valueRequired":true,"valueName":"search_term_string"}}],"inLanguage":"fr-FR"},{"@type":"Organization","@id":"https:\/\/www.webdo.tn\/fr\/#organization","name":"Webdo","alternateName":"Webdo.tn","url":"https:\/\/www.webdo.tn\/fr\/","logo":{"@type":"ImageObject","inLanguage":"fr-FR","@id":"https:\/\/www.webdo.tn\/fr\/#\/schema\/logo\/image\/","url":"https:\/\/www.webdo.tn\/fr\/wp-content\/uploads\/2025\/06\/Webdo-Tunisie_168377.jpg","contentUrl":"https:\/\/www.webdo.tn\/fr\/wp-content\/uploads\/2025\/06\/Webdo-Tunisie_168377.jpg","width":301,"height":301,"caption":"Webdo"},"image":{"@id":"https:\/\/www.webdo.tn\/fr\/#\/schema\/logo\/image\/"},"sameAs":["https:\/\/www.facebook.com\/webdotn","https:\/\/x.com\/webdo_tn"],"description":"Webdo est un m\u00e9dia num\u00e9rique tunisien fond\u00e9 en 2010, sp\u00e9cialis\u00e9 dans l\u2019actualit\u00e9 nationale et internationale, l\u2019\u00e9conomie, la soci\u00e9t\u00e9 et les analyses politiques. Le site s\u2019adresse \u00e0 un large public francophone et couvre l\u2019information tunisienne en temps r\u00e9el.","email":"redac@webdo.tn","legalName":"YNJ SARL","foundingDate":"2010-09-06","numberOfEmployees":{"@type":"QuantitativeValue","minValue":"11","maxValue":"50"}},{"@type":"Person","@id":"https:\/\/www.webdo.tn\/fr\/#\/schema\/person\/c3a9d32fa6d495ca5f4b6510e3db97bf","name":"MK","image":{"@type":"ImageObject","inLanguage":"fr-FR","@id":"https:\/\/secure.gravatar.com\/avatar\/6d44f937f19929f3b75db77056d3e08abd6e302e71bcfea340cd8b00c13e7baf?s=96&d=mm&r=g","url":"https:\/\/secure.gravatar.com\/avatar\/6d44f937f19929f3b75db77056d3e08abd6e302e71bcfea340cd8b00c13e7baf?s=96&d=mm&r=g","contentUrl":"https:\/\/secure.gravatar.com\/avatar\/6d44f937f19929f3b75db77056d3e08abd6e302e71bcfea340cd8b00c13e7baf?s=96&d=mm&r=g","caption":"MK"},"url":"https:\/\/www.webdo.tn\/fr\/actualite\/author\/mk\/"}]}},"_links":{"self":[{"href":"https:\/\/www.webdo.tn\/fr\/wp-json\/wp\/v2\/posts\/199398","targetHints":{"allow":["GET"]}}],"collection":[{"href":"https:\/\/www.webdo.tn\/fr\/wp-json\/wp\/v2\/posts"}],"about":[{"href":"https:\/\/www.webdo.tn\/fr\/wp-json\/wp\/v2\/types\/post"}],"author":[{"embeddable":true,"href":"https:\/\/www.webdo.tn\/fr\/wp-json\/wp\/v2\/users\/3196"}],"replies":[{"embeddable":true,"href":"https:\/\/www.webdo.tn\/fr\/wp-json\/wp\/v2\/comments?post=199398"}],"version-history":[{"count":0,"href":"https:\/\/www.webdo.tn\/fr\/wp-json\/wp\/v2\/posts\/199398\/revisions"}],"wp:featuredmedia":[{"embeddable":true,"href":"https:\/\/www.webdo.tn\/fr\/wp-json\/wp\/v2\/media\/348546"}],"wp:attachment":[{"href":"https:\/\/www.webdo.tn\/fr\/wp-json\/wp\/v2\/media?parent=199398"}],"wp:term":[{"taxonomy":"category","embeddable":true,"href":"https:\/\/www.webdo.tn\/fr\/wp-json\/wp\/v2\/categories?post=199398"},{"taxonomy":"post_tag","embeddable":true,"href":"https:\/\/www.webdo.tn\/fr\/wp-json\/wp\/v2\/tags?post=199398"}],"curies":[{"name":"wp","href":"https:\/\/api.w.org\/{rel}","templated":true}]}}