{"id":199361,"date":"2022-11-24T15:27:00","date_gmt":"2022-11-24T15:27:00","guid":{"rendered":"https:\/\/www.webdo.tn\/fr\/blog\/linda-la-fillette-de-lampedusa-de-retour-en-tunisie\/199361\/"},"modified":"2025-05-20T22:05:58","modified_gmt":"2025-05-20T22:05:58","slug":"linda-la-fillette-de-lampedusa-de-retour-en-tunisie","status":"publish","type":"post","link":"https:\/\/www.webdo.tn\/fr\/actualite\/national\/linda-la-fillette-de-lampedusa-de-retour-en-tunisie\/199361\/","title":{"rendered":"Linda, la fillette de Lampedusa, de retour en Tunisie"},"content":{"rendered":"<p>Linda, la fillette, \u00e2g\u00e9e de 4 ans, qui avait fait, seule, la travers\u00e9e vers l\u2019\u00eele de Lampedusa en Italie, \u00e0 bord d\u2019une embarcation d&rsquo;\u00e9migration clandestine, en octobre dernier, est arriv\u00e9e \u00e0 l\u2019a\u00e9roport de Tunis-Carthage apr\u00e8s son rapatriement en Tunisie.<\/p>\n<p>\t\t\t\t\t\t\t\t\tElle est arriv\u00e9e \u00e0 bord d&rsquo;un vol en provenance de Palerme, accompagn\u00e9e du d\u00e9l\u00e9gu\u00e9 de la protection de l&rsquo;enfance, annonce la radio Mosaique fm, et a \u00e9t\u00e9 accueillie par ses parents.<\/p>\n<p>Toute la famille r\u00e9unie a ensuite quitt\u00e9 l\u2019a\u00e9roport escort\u00e9e par la d\u00e9l\u00e9gu\u00e9e r\u00e9gionale de la Famille de Monastir, de leur avocate et des forces de l&rsquo;ordre.<\/p>\n<p>Rappelons que la justice italienne a finalement ordonn\u00e9 d&rsquo;entamer imm\u00e9diatement les proc\u00e9dures l\u00e9gales pour le rapatriement en Tunisie de la fillette.<\/p>\n<p>La justice italienne ayant ainsi jug\u00e9 que le retour de la fillette dans son pays ne repr\u00e9sente pas de\u00a0 danger pour elle alors que son maintien loin de ses parents repr\u00e9sente une menace sur sa stabilit\u00e9 psychologique.<\/p>\n<p>L\u2019affaire de la fillette, \u00e2g\u00e9e de 4 ans, qui a fait, seule, la travers\u00e9e vers l\u2019\u00eele de Lampedusa en Italie, \u00e0 bord d\u2019une embarcation d&rsquo;\u00e9migration clandestine, remonte au 19 octobre dernier.<\/p>\n","protected":false},"excerpt":{"rendered":"<p>Linda, la fillette, \u00e2g\u00e9e de 4 ans, qui avait fait, seule, la travers\u00e9e vers l\u2019\u00eele de Lampedusa en Italie, \u00e0 bord d\u2019une embarcation d&rsquo;\u00e9migration clandestine, en&#8230;<\/p>\n","protected":false},"author":3162,"featured_media":277324,"comment_status":"open","ping_status":"closed","sticky":false,"template":"","format":"standard","meta":{"footnotes":""},"categories":[44],"tags":[7055,8942,2728,5538],"class_list":["post-199361","post","type-post","status-publish","format-standard","has-post-thumbnail","hentry","category-national","tag-emigration-irreguliere","tag-fillette","tag-lampedusa","tag-rapatriement"],"yoast_head":"<!-- This site is optimized with the Yoast SEO Premium plugin v27.5 (Yoast SEO v27.5) - https:\/\/yoast.com\/product\/yoast-seo-premium-wordpress\/ -->\n<title>Linda, la fillette de Lampedusa, de retour en Tunisie<\/title>\n<meta name=\"description\" content=\"Linda, la fillette, \u00e2g\u00e9e de 4 ans, qui avait fait, seule, la travers\u00e9e vers l\u2019\u00eele de Lampedusa en Italie, \u00e0 bord d\u2019une embarcation d&#039;\u00e9migration clandestine, en...\" \/>\n<link rel=\"canonical\" href=\"https:\/\/www.webdo.tn\/fr\/actualite\/national\/linda-la-fillette-de-lampedusa-de-retour-en-tunisie\/199361\/\" \/>\n<meta property=\"og:locale\" content=\"fr_FR\" \/>\n<meta property=\"og:type\" content=\"article\" \/>\n<meta property=\"og:title\" content=\"Linda, la fillette de Lampedusa, de retour en Tunisie\" \/>\n<meta property=\"og:description\" content=\"Linda, la fillette, \u00e2g\u00e9e de 4 ans, qui avait fait, seule, la travers\u00e9e vers l\u2019\u00eele de Lampedusa en Italie, \u00e0 bord d\u2019une embarcation d&#039;\u00e9migration clandestine, en...\" \/>\n<meta property=\"og:url\" content=\"https:\/\/www.webdo.tn\/fr\/actualite\/national\/linda-la-fillette-de-lampedusa-de-retour-en-tunisie\/199361\/\" \/>\n<meta property=\"og:site_name\" content=\"webdo\" \/>\n<meta property=\"article:publisher\" content=\"https:\/\/www.facebook.com\/webdotn\" \/>\n<meta property=\"article:published_time\" content=\"2022-11-24T15:27:00+00:00\" \/>\n<meta property=\"article:modified_time\" content=\"2025-05-20T22:05:58+00:00\" \/>\n<meta property=\"og:image\" content=\"https:\/\/www.webdo.tn\/fr\/wp-content\/uploads\/2022\/11\/8fac74957c746f96c8096b1cd9e4ec73.jpg\" \/>\n\t<meta property=\"og:image:width\" content=\"650\" \/>\n\t<meta property=\"og:image:height\" content=\"347\" \/>\n\t<meta property=\"og:image:type\" content=\"image\/jpeg\" \/>\n<meta name=\"author\" content=\"MC\" \/>\n<meta name=\"twitter:card\" content=\"summary_large_image\" \/>\n<meta name=\"twitter:creator\" content=\"@webdo_tn\" \/>\n<meta name=\"twitter:site\" content=\"@webdo_tn\" \/>\n<meta name=\"twitter:label1\" content=\"\u00c9crit par\" \/>\n\t<meta name=\"twitter:data1\" content=\"MC\" \/>\n\t<meta name=\"twitter:label2\" content=\"Dur\u00e9e de lecture estim\u00e9e\" \/>\n\t<meta name=\"twitter:data2\" content=\"1 minute\" \/>\n<script type=\"application\/ld+json\" class=\"yoast-schema-graph\">{\"@context\":\"https:\\\/\\\/schema.org\",\"@graph\":[{\"@type\":\"NewsArticle\",\"@id\":\"https:\\\/\\\/www.webdo.tn\\\/fr\\\/actualite\\\/national\\\/linda-la-fillette-de-lampedusa-de-retour-en-tunisie\\\/199361\\\/#article\",\"isPartOf\":{\"@id\":\"https:\\\/\\\/www.webdo.tn\\\/fr\\\/actualite\\\/national\\\/linda-la-fillette-de-lampedusa-de-retour-en-tunisie\\\/199361\\\/\"},\"author\":{\"name\":\"MC\",\"@id\":\"https:\\\/\\\/www.webdo.tn\\\/fr\\\/#\\\/schema\\\/person\\\/2c4929cbf5a809e3bd38617c6ce150f6\"},\"headline\":\"Linda, la fillette de Lampedusa, de retour en Tunisie\",\"datePublished\":\"2022-11-24T15:27:00+00:00\",\"dateModified\":\"2025-05-20T22:05:58+00:00\",\"mainEntityOfPage\":{\"@id\":\"https:\\\/\\\/www.webdo.tn\\\/fr\\\/actualite\\\/national\\\/linda-la-fillette-de-lampedusa-de-retour-en-tunisie\\\/199361\\\/\"},\"wordCount\":223,\"commentCount\":0,\"publisher\":{\"@id\":\"https:\\\/\\\/www.webdo.tn\\\/fr\\\/#organization\"},\"image\":{\"@id\":\"https:\\\/\\\/www.webdo.tn\\\/fr\\\/actualite\\\/national\\\/linda-la-fillette-de-lampedusa-de-retour-en-tunisie\\\/199361\\\/#primaryimage\"},\"thumbnailUrl\":\"https:\\\/\\\/www.webdo.tn\\\/fr\\\/wp-content\\\/uploads\\\/2022\\\/11\\\/8fac74957c746f96c8096b1cd9e4ec73.jpg\",\"keywords\":[\"\u00e9migration irr\u00e9guli\u00e8re\",\"Fillette\",\"lampedusa\",\"rapatriement\"],\"articleSection\":[\"National\"],\"inLanguage\":\"fr-FR\"},{\"@type\":\"WebPage\",\"@id\":\"https:\\\/\\\/www.webdo.tn\\\/fr\\\/actualite\\\/national\\\/linda-la-fillette-de-lampedusa-de-retour-en-tunisie\\\/199361\\\/\",\"url\":\"https:\\\/\\\/www.webdo.tn\\\/fr\\\/actualite\\\/national\\\/linda-la-fillette-de-lampedusa-de-retour-en-tunisie\\\/199361\\\/\",\"name\":\"Linda, la fillette de Lampedusa, de retour en Tunisie\",\"isPartOf\":{\"@id\":\"https:\\\/\\\/www.webdo.tn\\\/fr\\\/#website\"},\"primaryImageOfPage\":{\"@id\":\"https:\\\/\\\/www.webdo.tn\\\/fr\\\/actualite\\\/national\\\/linda-la-fillette-de-lampedusa-de-retour-en-tunisie\\\/199361\\\/#primaryimage\"},\"image\":{\"@id\":\"https:\\\/\\\/www.webdo.tn\\\/fr\\\/actualite\\\/national\\\/linda-la-fillette-de-lampedusa-de-retour-en-tunisie\\\/199361\\\/#primaryimage\"},\"thumbnailUrl\":\"https:\\\/\\\/www.webdo.tn\\\/fr\\\/wp-content\\\/uploads\\\/2022\\\/11\\\/8fac74957c746f96c8096b1cd9e4ec73.jpg\",\"datePublished\":\"2022-11-24T15:27:00+00:00\",\"dateModified\":\"2025-05-20T22:05:58+00:00\",\"description\":\"Linda, la fillette, \u00e2g\u00e9e de 4 ans, qui avait fait, seule, la travers\u00e9e vers l\u2019\u00eele de Lampedusa en Italie, \u00e0 bord d\u2019une embarcation d'\u00e9migration clandestine, en...\",\"breadcrumb\":{\"@id\":\"https:\\\/\\\/www.webdo.tn\\\/fr\\\/actualite\\\/national\\\/linda-la-fillette-de-lampedusa-de-retour-en-tunisie\\\/199361\\\/#breadcrumb\"},\"inLanguage\":\"fr-FR\",\"potentialAction\":[{\"@type\":\"ReadAction\",\"target\":[\"https:\\\/\\\/www.webdo.tn\\\/fr\\\/actualite\\\/national\\\/linda-la-fillette-de-lampedusa-de-retour-en-tunisie\\\/199361\\\/\"]}]},{\"@type\":\"ImageObject\",\"inLanguage\":\"fr-FR\",\"@id\":\"https:\\\/\\\/www.webdo.tn\\\/fr\\\/actualite\\\/national\\\/linda-la-fillette-de-lampedusa-de-retour-en-tunisie\\\/199361\\\/#primaryimage\",\"url\":\"https:\\\/\\\/www.webdo.tn\\\/fr\\\/wp-content\\\/uploads\\\/2022\\\/11\\\/8fac74957c746f96c8096b1cd9e4ec73.jpg\",\"contentUrl\":\"https:\\\/\\\/www.webdo.tn\\\/fr\\\/wp-content\\\/uploads\\\/2022\\\/11\\\/8fac74957c746f96c8096b1cd9e4ec73.jpg\",\"width\":650,\"height\":347,\"caption\":\"Linda, la fillette de Lampedusa, de retour en Tunisie\"},{\"@type\":\"BreadcrumbList\",\"@id\":\"https:\\\/\\\/www.webdo.tn\\\/fr\\\/actualite\\\/national\\\/linda-la-fillette-de-lampedusa-de-retour-en-tunisie\\\/199361\\\/#breadcrumb\",\"itemListElement\":[{\"@type\":\"ListItem\",\"position\":1,\"name\":\"Accueil\",\"item\":\"https:\\\/\\\/www.webdo.tn\\\/fr\\\/\"},{\"@type\":\"ListItem\",\"position\":2,\"name\":\"Linda, la fillette de Lampedusa, de retour en Tunisie\"}]},{\"@type\":\"WebSite\",\"@id\":\"https:\\\/\\\/www.webdo.tn\\\/fr\\\/#website\",\"url\":\"https:\\\/\\\/www.webdo.tn\\\/fr\\\/\",\"name\":\"webdo\",\"description\":\"Tunisie - News en Tunisie et \u00e0 l&#039;international sur Webdo.tn\",\"publisher\":{\"@id\":\"https:\\\/\\\/www.webdo.tn\\\/fr\\\/#organization\"},\"potentialAction\":[{\"@type\":\"SearchAction\",\"target\":{\"@type\":\"EntryPoint\",\"urlTemplate\":\"https:\\\/\\\/www.webdo.tn\\\/fr\\\/?s={search_term_string}\"},\"query-input\":{\"@type\":\"PropertyValueSpecification\",\"valueRequired\":true,\"valueName\":\"search_term_string\"}}],\"inLanguage\":\"fr-FR\"},{\"@type\":\"Organization\",\"@id\":\"https:\\\/\\\/www.webdo.tn\\\/fr\\\/#organization\",\"name\":\"Webdo\",\"alternateName\":\"Webdo.tn\",\"url\":\"https:\\\/\\\/www.webdo.tn\\\/fr\\\/\",\"logo\":{\"@type\":\"ImageObject\",\"inLanguage\":\"fr-FR\",\"@id\":\"https:\\\/\\\/www.webdo.tn\\\/fr\\\/#\\\/schema\\\/logo\\\/image\\\/\",\"url\":\"https:\\\/\\\/www.webdo.tn\\\/fr\\\/wp-content\\\/uploads\\\/2025\\\/06\\\/Webdo-Tunisie_168377.jpg\",\"contentUrl\":\"https:\\\/\\\/www.webdo.tn\\\/fr\\\/wp-content\\\/uploads\\\/2025\\\/06\\\/Webdo-Tunisie_168377.jpg\",\"width\":301,\"height\":301,\"caption\":\"Webdo\"},\"image\":{\"@id\":\"https:\\\/\\\/www.webdo.tn\\\/fr\\\/#\\\/schema\\\/logo\\\/image\\\/\"},\"sameAs\":[\"https:\\\/\\\/www.facebook.com\\\/webdotn\",\"https:\\\/\\\/x.com\\\/webdo_tn\"],\"description\":\"Webdo est un m\u00e9dia num\u00e9rique tunisien fond\u00e9 en 2010, sp\u00e9cialis\u00e9 dans l\u2019actualit\u00e9 nationale et internationale, l\u2019\u00e9conomie, la soci\u00e9t\u00e9 et les analyses politiques. Le site s\u2019adresse \u00e0 un large public francophone et couvre l\u2019information tunisienne en temps r\u00e9el.\",\"email\":\"redac@webdo.tn\",\"legalName\":\"YNJ SARL\",\"foundingDate\":\"2010-09-06\",\"numberOfEmployees\":{\"@type\":\"QuantitativeValue\",\"minValue\":\"11\",\"maxValue\":\"50\"}},{\"@type\":\"Person\",\"@id\":\"https:\\\/\\\/www.webdo.tn\\\/fr\\\/#\\\/schema\\\/person\\\/2c4929cbf5a809e3bd38617c6ce150f6\",\"name\":\"MC\",\"image\":{\"@type\":\"ImageObject\",\"inLanguage\":\"fr-FR\",\"@id\":\"https:\\\/\\\/secure.gravatar.com\\\/avatar\\\/a545bbb6f84efdd5553dbbc2895e3ca8f1d12c5215e00a041c9670b54aa9b18a?s=96&d=mm&r=g\",\"url\":\"https:\\\/\\\/secure.gravatar.com\\\/avatar\\\/a545bbb6f84efdd5553dbbc2895e3ca8f1d12c5215e00a041c9670b54aa9b18a?s=96&d=mm&r=g\",\"contentUrl\":\"https:\\\/\\\/secure.gravatar.com\\\/avatar\\\/a545bbb6f84efdd5553dbbc2895e3ca8f1d12c5215e00a041c9670b54aa9b18a?s=96&d=mm&r=g\",\"caption\":\"MC\"},\"url\":\"https:\\\/\\\/www.webdo.tn\\\/fr\\\/actualite\\\/author\\\/mc\\\/\"}]}<\/script>\n<!-- \/ Yoast SEO Premium plugin. -->","yoast_head_json":{"title":"Linda, la fillette de Lampedusa, de retour en Tunisie","description":"Linda, la fillette, \u00e2g\u00e9e de 4 ans, qui avait fait, seule, la travers\u00e9e vers l\u2019\u00eele de Lampedusa en Italie, \u00e0 bord d\u2019une embarcation d'\u00e9migration clandestine, en...","canonical":"https:\/\/www.webdo.tn\/fr\/actualite\/national\/linda-la-fillette-de-lampedusa-de-retour-en-tunisie\/199361\/","og_locale":"fr_FR","og_type":"article","og_title":"Linda, la fillette de Lampedusa, de retour en Tunisie","og_description":"Linda, la fillette, \u00e2g\u00e9e de 4 ans, qui avait fait, seule, la travers\u00e9e vers l\u2019\u00eele de Lampedusa en Italie, \u00e0 bord d\u2019une embarcation d'\u00e9migration clandestine, en...","og_url":"https:\/\/www.webdo.tn\/fr\/actualite\/national\/linda-la-fillette-de-lampedusa-de-retour-en-tunisie\/199361\/","og_site_name":"webdo","article_publisher":"https:\/\/www.facebook.com\/webdotn","article_published_time":"2022-11-24T15:27:00+00:00","article_modified_time":"2025-05-20T22:05:58+00:00","og_image":[{"width":650,"height":347,"url":"https:\/\/www.webdo.tn\/fr\/wp-content\/uploads\/2022\/11\/8fac74957c746f96c8096b1cd9e4ec73.jpg","type":"image\/jpeg"}],"author":"MC","twitter_card":"summary_large_image","twitter_creator":"@webdo_tn","twitter_site":"@webdo_tn","twitter_misc":{"\u00c9crit par":"MC","Dur\u00e9e de lecture estim\u00e9e":"1 minute"},"schema":{"@context":"https:\/\/schema.org","@graph":[{"@type":"NewsArticle","@id":"https:\/\/www.webdo.tn\/fr\/actualite\/national\/linda-la-fillette-de-lampedusa-de-retour-en-tunisie\/199361\/#article","isPartOf":{"@id":"https:\/\/www.webdo.tn\/fr\/actualite\/national\/linda-la-fillette-de-lampedusa-de-retour-en-tunisie\/199361\/"},"author":{"name":"MC","@id":"https:\/\/www.webdo.tn\/fr\/#\/schema\/person\/2c4929cbf5a809e3bd38617c6ce150f6"},"headline":"Linda, la fillette de Lampedusa, de retour en Tunisie","datePublished":"2022-11-24T15:27:00+00:00","dateModified":"2025-05-20T22:05:58+00:00","mainEntityOfPage":{"@id":"https:\/\/www.webdo.tn\/fr\/actualite\/national\/linda-la-fillette-de-lampedusa-de-retour-en-tunisie\/199361\/"},"wordCount":223,"commentCount":0,"publisher":{"@id":"https:\/\/www.webdo.tn\/fr\/#organization"},"image":{"@id":"https:\/\/www.webdo.tn\/fr\/actualite\/national\/linda-la-fillette-de-lampedusa-de-retour-en-tunisie\/199361\/#primaryimage"},"thumbnailUrl":"https:\/\/www.webdo.tn\/fr\/wp-content\/uploads\/2022\/11\/8fac74957c746f96c8096b1cd9e4ec73.jpg","keywords":["\u00e9migration irr\u00e9guli\u00e8re","Fillette","lampedusa","rapatriement"],"articleSection":["National"],"inLanguage":"fr-FR"},{"@type":"WebPage","@id":"https:\/\/www.webdo.tn\/fr\/actualite\/national\/linda-la-fillette-de-lampedusa-de-retour-en-tunisie\/199361\/","url":"https:\/\/www.webdo.tn\/fr\/actualite\/national\/linda-la-fillette-de-lampedusa-de-retour-en-tunisie\/199361\/","name":"Linda, la fillette de Lampedusa, de retour en Tunisie","isPartOf":{"@id":"https:\/\/www.webdo.tn\/fr\/#website"},"primaryImageOfPage":{"@id":"https:\/\/www.webdo.tn\/fr\/actualite\/national\/linda-la-fillette-de-lampedusa-de-retour-en-tunisie\/199361\/#primaryimage"},"image":{"@id":"https:\/\/www.webdo.tn\/fr\/actualite\/national\/linda-la-fillette-de-lampedusa-de-retour-en-tunisie\/199361\/#primaryimage"},"thumbnailUrl":"https:\/\/www.webdo.tn\/fr\/wp-content\/uploads\/2022\/11\/8fac74957c746f96c8096b1cd9e4ec73.jpg","datePublished":"2022-11-24T15:27:00+00:00","dateModified":"2025-05-20T22:05:58+00:00","description":"Linda, la fillette, \u00e2g\u00e9e de 4 ans, qui avait fait, seule, la travers\u00e9e vers l\u2019\u00eele de Lampedusa en Italie, \u00e0 bord d\u2019une embarcation d'\u00e9migration clandestine, en...","breadcrumb":{"@id":"https:\/\/www.webdo.tn\/fr\/actualite\/national\/linda-la-fillette-de-lampedusa-de-retour-en-tunisie\/199361\/#breadcrumb"},"inLanguage":"fr-FR","potentialAction":[{"@type":"ReadAction","target":["https:\/\/www.webdo.tn\/fr\/actualite\/national\/linda-la-fillette-de-lampedusa-de-retour-en-tunisie\/199361\/"]}]},{"@type":"ImageObject","inLanguage":"fr-FR","@id":"https:\/\/www.webdo.tn\/fr\/actualite\/national\/linda-la-fillette-de-lampedusa-de-retour-en-tunisie\/199361\/#primaryimage","url":"https:\/\/www.webdo.tn\/fr\/wp-content\/uploads\/2022\/11\/8fac74957c746f96c8096b1cd9e4ec73.jpg","contentUrl":"https:\/\/www.webdo.tn\/fr\/wp-content\/uploads\/2022\/11\/8fac74957c746f96c8096b1cd9e4ec73.jpg","width":650,"height":347,"caption":"Linda, la fillette de Lampedusa, de retour en Tunisie"},{"@type":"BreadcrumbList","@id":"https:\/\/www.webdo.tn\/fr\/actualite\/national\/linda-la-fillette-de-lampedusa-de-retour-en-tunisie\/199361\/#breadcrumb","itemListElement":[{"@type":"ListItem","position":1,"name":"Accueil","item":"https:\/\/www.webdo.tn\/fr\/"},{"@type":"ListItem","position":2,"name":"Linda, la fillette de Lampedusa, de retour en Tunisie"}]},{"@type":"WebSite","@id":"https:\/\/www.webdo.tn\/fr\/#website","url":"https:\/\/www.webdo.tn\/fr\/","name":"webdo","description":"Tunisie - News en Tunisie et \u00e0 l&#039;international sur Webdo.tn","publisher":{"@id":"https:\/\/www.webdo.tn\/fr\/#organization"},"potentialAction":[{"@type":"SearchAction","target":{"@type":"EntryPoint","urlTemplate":"https:\/\/www.webdo.tn\/fr\/?s={search_term_string}"},"query-input":{"@type":"PropertyValueSpecification","valueRequired":true,"valueName":"search_term_string"}}],"inLanguage":"fr-FR"},{"@type":"Organization","@id":"https:\/\/www.webdo.tn\/fr\/#organization","name":"Webdo","alternateName":"Webdo.tn","url":"https:\/\/www.webdo.tn\/fr\/","logo":{"@type":"ImageObject","inLanguage":"fr-FR","@id":"https:\/\/www.webdo.tn\/fr\/#\/schema\/logo\/image\/","url":"https:\/\/www.webdo.tn\/fr\/wp-content\/uploads\/2025\/06\/Webdo-Tunisie_168377.jpg","contentUrl":"https:\/\/www.webdo.tn\/fr\/wp-content\/uploads\/2025\/06\/Webdo-Tunisie_168377.jpg","width":301,"height":301,"caption":"Webdo"},"image":{"@id":"https:\/\/www.webdo.tn\/fr\/#\/schema\/logo\/image\/"},"sameAs":["https:\/\/www.facebook.com\/webdotn","https:\/\/x.com\/webdo_tn"],"description":"Webdo est un m\u00e9dia num\u00e9rique tunisien fond\u00e9 en 2010, sp\u00e9cialis\u00e9 dans l\u2019actualit\u00e9 nationale et internationale, l\u2019\u00e9conomie, la soci\u00e9t\u00e9 et les analyses politiques. Le site s\u2019adresse \u00e0 un large public francophone et couvre l\u2019information tunisienne en temps r\u00e9el.","email":"redac@webdo.tn","legalName":"YNJ SARL","foundingDate":"2010-09-06","numberOfEmployees":{"@type":"QuantitativeValue","minValue":"11","maxValue":"50"}},{"@type":"Person","@id":"https:\/\/www.webdo.tn\/fr\/#\/schema\/person\/2c4929cbf5a809e3bd38617c6ce150f6","name":"MC","image":{"@type":"ImageObject","inLanguage":"fr-FR","@id":"https:\/\/secure.gravatar.com\/avatar\/a545bbb6f84efdd5553dbbc2895e3ca8f1d12c5215e00a041c9670b54aa9b18a?s=96&d=mm&r=g","url":"https:\/\/secure.gravatar.com\/avatar\/a545bbb6f84efdd5553dbbc2895e3ca8f1d12c5215e00a041c9670b54aa9b18a?s=96&d=mm&r=g","contentUrl":"https:\/\/secure.gravatar.com\/avatar\/a545bbb6f84efdd5553dbbc2895e3ca8f1d12c5215e00a041c9670b54aa9b18a?s=96&d=mm&r=g","caption":"MC"},"url":"https:\/\/www.webdo.tn\/fr\/actualite\/author\/mc\/"}]}},"_links":{"self":[{"href":"https:\/\/www.webdo.tn\/fr\/wp-json\/wp\/v2\/posts\/199361","targetHints":{"allow":["GET"]}}],"collection":[{"href":"https:\/\/www.webdo.tn\/fr\/wp-json\/wp\/v2\/posts"}],"about":[{"href":"https:\/\/www.webdo.tn\/fr\/wp-json\/wp\/v2\/types\/post"}],"author":[{"embeddable":true,"href":"https:\/\/www.webdo.tn\/fr\/wp-json\/wp\/v2\/users\/3162"}],"replies":[{"embeddable":true,"href":"https:\/\/www.webdo.tn\/fr\/wp-json\/wp\/v2\/comments?post=199361"}],"version-history":[{"count":0,"href":"https:\/\/www.webdo.tn\/fr\/wp-json\/wp\/v2\/posts\/199361\/revisions"}],"wp:featuredmedia":[{"embeddable":true,"href":"https:\/\/www.webdo.tn\/fr\/wp-json\/wp\/v2\/media\/277324"}],"wp:attachment":[{"href":"https:\/\/www.webdo.tn\/fr\/wp-json\/wp\/v2\/media?parent=199361"}],"wp:term":[{"taxonomy":"category","embeddable":true,"href":"https:\/\/www.webdo.tn\/fr\/wp-json\/wp\/v2\/categories?post=199361"},{"taxonomy":"post_tag","embeddable":true,"href":"https:\/\/www.webdo.tn\/fr\/wp-json\/wp\/v2\/tags?post=199361"}],"curies":[{"name":"wp","href":"https:\/\/api.w.org\/{rel}","templated":true}]}}