{"id":199334,"date":"2022-11-24T09:02:00","date_gmt":"2022-11-24T09:02:00","guid":{"rendered":"https:\/\/www.webdo.tn\/fr\/actualite\/blog\/un-deficit-budgetaire-de-9-7-milliards-de-dinars-selon-la-loi-de-finances-rectificative\/199334\/"},"modified":"2025-05-22T11:43:32","modified_gmt":"2025-05-22T11:43:32","slug":"un-deficit-budgetaire-de-9-7-milliards-de-dinars-selon-la-loi-de-finances-rectificative","status":"publish","type":"post","link":"https:\/\/www.webdo.tn\/fr\/actualite\/national\/un-deficit-budgetaire-de-9-7-milliards-de-dinars-selon-la-loi-de-finances-rectificative\/199334\/","title":{"rendered":"Un d\u00e9ficit budg\u00e9taire de 9,7 Mds de dinars, selon la Loi de finances rectificative"},"content":{"rendered":"<p>La loi de finances rectificative pour l&rsquo;ann\u00e9e 2022 a \u00e9t\u00e9 publi\u00e9e, ce mercredi, au Journal Officiel de la R\u00e9publique Tunisienne (JORT), du 23 novembre 2022, rapporte l&rsquo;agence TAP.<\/p>\n<p> D&rsquo;apr\u00e8s le d\u00e9cret n\u00b0 69 de 2022 en date du 22 novembre 2022 relative \u00e0 la loi de finances rectificative, le d\u00e9ficit budg\u00e9taire pour l&rsquo;ann\u00e9e 2022 s&rsquo;\u00e9l\u00e8vera \u00e0 9,7 milliards de dinars, \u00e9tant donn\u00e9 que les d\u00e9penses d\u00e9passeront les 50,9 milliards de dinars, alors que les ressources financi\u00e8res sont estim\u00e9es \u00e0 41,3 milliards de dinars.<\/p>\n<p>Ces ressources proviendront essentiellement des revenus fiscaux, lesquels seront de l&rsquo;ordre de 36 milliards de dinars. Les revenus non fiscaux et les dons sont estim\u00e9s respectivement \u00e0 3,9 milliards de dinars et 1,1 milliard de dinars.<\/p>\n","protected":false},"excerpt":{"rendered":"<p>La loi de finances rectificative pour l&rsquo;ann\u00e9e 2022 a \u00e9t\u00e9 publi\u00e9e, ce mercredi, au Journal Officiel de la R\u00e9publique Tunisienne (JORT), du 23 novembre 2022, rapp&#8230;<\/p>\n","protected":false},"author":3162,"featured_media":348554,"comment_status":"open","ping_status":"closed","sticky":false,"template":"","format":"standard","meta":{"footnotes":""},"categories":[44],"tags":[5401,4579,2608],"class_list":["post-199334","post","type-post","status-publish","format-standard","has-post-thumbnail","hentry","category-national","tag-deficit-budgetaire","tag-loi-de-finances","tag-tunisie"],"yoast_head":"<!-- This site is optimized with the Yoast SEO Premium plugin v27.5 (Yoast SEO v27.5) - https:\/\/yoast.com\/product\/yoast-seo-premium-wordpress\/ -->\n<title>Un d\u00e9ficit budg\u00e9taire de 9,7 Mds de dinars, selon la Loi de finances rectificative<\/title>\n<meta name=\"description\" content=\"La loi de finances rectificative pour l&#039;ann\u00e9e 2022 a \u00e9t\u00e9 publi\u00e9e, ce mercredi, au Journal Officiel de la R\u00e9publique Tunisienne (JORT), du 23 novembre 2022, rapp...\" \/>\n<link rel=\"canonical\" href=\"https:\/\/www.webdo.tn\/fr\/actualite\/national-45\/un-deficit-budgetaire-de-9-7-milliards-de-dinars-selon-la-loi-de-finances-rectificative\/199334\/\" \/>\n<meta property=\"og:locale\" content=\"fr_FR\" \/>\n<meta property=\"og:type\" content=\"article\" \/>\n<meta property=\"og:title\" content=\"Un d\u00e9ficit budg\u00e9taire de 9,7 Mds de dinars, selon la Loi de finances rectificative\" \/>\n<meta property=\"og:description\" content=\"La loi de finances rectificative pour l&#039;ann\u00e9e 2022 a \u00e9t\u00e9 publi\u00e9e, ce mercredi, au Journal Officiel de la R\u00e9publique Tunisienne (JORT), du 23 novembre 2022, rapp...\" \/>\n<meta property=\"og:url\" content=\"https:\/\/www.webdo.tn\/fr\/actualite\/national-45\/un-deficit-budgetaire-de-9-7-milliards-de-dinars-selon-la-loi-de-finances-rectificative\/199334\/\" \/>\n<meta property=\"og:site_name\" content=\"webdo\" \/>\n<meta property=\"article:publisher\" content=\"https:\/\/www.facebook.com\/webdotn\" \/>\n<meta property=\"article:published_time\" content=\"2022-11-24T09:02:00+00:00\" \/>\n<meta property=\"article:modified_time\" content=\"2025-05-22T11:43:32+00:00\" \/>\n<meta property=\"og:image\" content=\"https:\/\/www.webdo.tn\/fr\/wp-content\/uploads\/2022\/11\/7eb21c25657f7b0d4500c9349d903774.jpg\" \/>\n\t<meta property=\"og:image:width\" content=\"750\" \/>\n\t<meta property=\"og:image:height\" content=\"400\" \/>\n\t<meta property=\"og:image:type\" content=\"image\/jpeg\" \/>\n<meta name=\"author\" content=\"MC\" \/>\n<meta name=\"twitter:card\" content=\"summary_large_image\" \/>\n<meta name=\"twitter:creator\" content=\"@webdo_tn\" \/>\n<meta name=\"twitter:site\" content=\"@webdo_tn\" \/>\n<meta name=\"twitter:label1\" content=\"\u00c9crit par\" \/>\n\t<meta name=\"twitter:data1\" content=\"MC\" \/>\n\t<meta name=\"twitter:label2\" content=\"Dur\u00e9e de lecture estim\u00e9e\" \/>\n\t<meta name=\"twitter:data2\" content=\"1 minute\" \/>\n<script type=\"application\/ld+json\" class=\"yoast-schema-graph\">{\"@context\":\"https:\\\/\\\/schema.org\",\"@graph\":[{\"@type\":\"NewsArticle\",\"@id\":\"https:\\\/\\\/www.webdo.tn\\\/fr\\\/actualite\\\/national-45\\\/un-deficit-budgetaire-de-9-7-milliards-de-dinars-selon-la-loi-de-finances-rectificative\\\/199334\\\/#article\",\"isPartOf\":{\"@id\":\"https:\\\/\\\/www.webdo.tn\\\/fr\\\/actualite\\\/national-45\\\/un-deficit-budgetaire-de-9-7-milliards-de-dinars-selon-la-loi-de-finances-rectificative\\\/199334\\\/\"},\"author\":{\"name\":\"MC\",\"@id\":\"https:\\\/\\\/www.webdo.tn\\\/fr\\\/#\\\/schema\\\/person\\\/2c4929cbf5a809e3bd38617c6ce150f6\"},\"headline\":\"Un d\u00e9ficit budg\u00e9taire de 9,7 Mds de dinars, selon la Loi de finances rectificative\",\"datePublished\":\"2022-11-24T09:02:00+00:00\",\"dateModified\":\"2025-05-22T11:43:32+00:00\",\"mainEntityOfPage\":{\"@id\":\"https:\\\/\\\/www.webdo.tn\\\/fr\\\/actualite\\\/national-45\\\/un-deficit-budgetaire-de-9-7-milliards-de-dinars-selon-la-loi-de-finances-rectificative\\\/199334\\\/\"},\"wordCount\":136,\"commentCount\":0,\"publisher\":{\"@id\":\"https:\\\/\\\/www.webdo.tn\\\/fr\\\/#organization\"},\"image\":{\"@id\":\"https:\\\/\\\/www.webdo.tn\\\/fr\\\/actualite\\\/national-45\\\/un-deficit-budgetaire-de-9-7-milliards-de-dinars-selon-la-loi-de-finances-rectificative\\\/199334\\\/#primaryimage\"},\"thumbnailUrl\":\"https:\\\/\\\/www.webdo.tn\\\/fr\\\/wp-content\\\/uploads\\\/2022\\\/11\\\/7eb21c25657f7b0d4500c9349d903774.jpg\",\"keywords\":[\"d\u00e9ficit budg\u00e9taire\",\"Loi de Finances\",\"Tunisie\"],\"articleSection\":[\"National\"],\"inLanguage\":\"fr-FR\"},{\"@type\":\"WebPage\",\"@id\":\"https:\\\/\\\/www.webdo.tn\\\/fr\\\/actualite\\\/national-45\\\/un-deficit-budgetaire-de-9-7-milliards-de-dinars-selon-la-loi-de-finances-rectificative\\\/199334\\\/\",\"url\":\"https:\\\/\\\/www.webdo.tn\\\/fr\\\/actualite\\\/national-45\\\/un-deficit-budgetaire-de-9-7-milliards-de-dinars-selon-la-loi-de-finances-rectificative\\\/199334\\\/\",\"name\":\"Un d\u00e9ficit budg\u00e9taire de 9,7 Mds de dinars, selon la Loi de finances rectificative\",\"isPartOf\":{\"@id\":\"https:\\\/\\\/www.webdo.tn\\\/fr\\\/#website\"},\"primaryImageOfPage\":{\"@id\":\"https:\\\/\\\/www.webdo.tn\\\/fr\\\/actualite\\\/national-45\\\/un-deficit-budgetaire-de-9-7-milliards-de-dinars-selon-la-loi-de-finances-rectificative\\\/199334\\\/#primaryimage\"},\"image\":{\"@id\":\"https:\\\/\\\/www.webdo.tn\\\/fr\\\/actualite\\\/national-45\\\/un-deficit-budgetaire-de-9-7-milliards-de-dinars-selon-la-loi-de-finances-rectificative\\\/199334\\\/#primaryimage\"},\"thumbnailUrl\":\"https:\\\/\\\/www.webdo.tn\\\/fr\\\/wp-content\\\/uploads\\\/2022\\\/11\\\/7eb21c25657f7b0d4500c9349d903774.jpg\",\"datePublished\":\"2022-11-24T09:02:00+00:00\",\"dateModified\":\"2025-05-22T11:43:32+00:00\",\"description\":\"La loi de finances rectificative pour l'ann\u00e9e 2022 a \u00e9t\u00e9 publi\u00e9e, ce mercredi, au Journal Officiel de la R\u00e9publique Tunisienne (JORT), du 23 novembre 2022, rapp...\",\"breadcrumb\":{\"@id\":\"https:\\\/\\\/www.webdo.tn\\\/fr\\\/actualite\\\/national-45\\\/un-deficit-budgetaire-de-9-7-milliards-de-dinars-selon-la-loi-de-finances-rectificative\\\/199334\\\/#breadcrumb\"},\"inLanguage\":\"fr-FR\",\"potentialAction\":[{\"@type\":\"ReadAction\",\"target\":[\"https:\\\/\\\/www.webdo.tn\\\/fr\\\/actualite\\\/national-45\\\/un-deficit-budgetaire-de-9-7-milliards-de-dinars-selon-la-loi-de-finances-rectificative\\\/199334\\\/\"]}]},{\"@type\":\"ImageObject\",\"inLanguage\":\"fr-FR\",\"@id\":\"https:\\\/\\\/www.webdo.tn\\\/fr\\\/actualite\\\/national-45\\\/un-deficit-budgetaire-de-9-7-milliards-de-dinars-selon-la-loi-de-finances-rectificative\\\/199334\\\/#primaryimage\",\"url\":\"https:\\\/\\\/www.webdo.tn\\\/fr\\\/wp-content\\\/uploads\\\/2022\\\/11\\\/7eb21c25657f7b0d4500c9349d903774.jpg\",\"contentUrl\":\"https:\\\/\\\/www.webdo.tn\\\/fr\\\/wp-content\\\/uploads\\\/2022\\\/11\\\/7eb21c25657f7b0d4500c9349d903774.jpg\",\"width\":750,\"height\":400,\"caption\":\"Un d\u00e9ficit budg\u00e9taire de 9,7 Mds de dinars, selon la Loi de finances rectificative\"},{\"@type\":\"BreadcrumbList\",\"@id\":\"https:\\\/\\\/www.webdo.tn\\\/fr\\\/actualite\\\/national-45\\\/un-deficit-budgetaire-de-9-7-milliards-de-dinars-selon-la-loi-de-finances-rectificative\\\/199334\\\/#breadcrumb\",\"itemListElement\":[{\"@type\":\"ListItem\",\"position\":1,\"name\":\"Accueil\",\"item\":\"https:\\\/\\\/www.webdo.tn\\\/fr\\\/\"},{\"@type\":\"ListItem\",\"position\":2,\"name\":\"Un d\u00e9ficit budg\u00e9taire de 9,7 Mds de dinars, selon la Loi de finances rectificative\"}]},{\"@type\":\"WebSite\",\"@id\":\"https:\\\/\\\/www.webdo.tn\\\/fr\\\/#website\",\"url\":\"https:\\\/\\\/www.webdo.tn\\\/fr\\\/\",\"name\":\"webdo\",\"description\":\"Tunisie - News en Tunisie et \u00e0 l&#039;international sur Webdo.tn\",\"publisher\":{\"@id\":\"https:\\\/\\\/www.webdo.tn\\\/fr\\\/#organization\"},\"potentialAction\":[{\"@type\":\"SearchAction\",\"target\":{\"@type\":\"EntryPoint\",\"urlTemplate\":\"https:\\\/\\\/www.webdo.tn\\\/fr\\\/?s={search_term_string}\"},\"query-input\":{\"@type\":\"PropertyValueSpecification\",\"valueRequired\":true,\"valueName\":\"search_term_string\"}}],\"inLanguage\":\"fr-FR\"},{\"@type\":\"Organization\",\"@id\":\"https:\\\/\\\/www.webdo.tn\\\/fr\\\/#organization\",\"name\":\"Webdo\",\"alternateName\":\"Webdo.tn\",\"url\":\"https:\\\/\\\/www.webdo.tn\\\/fr\\\/\",\"logo\":{\"@type\":\"ImageObject\",\"inLanguage\":\"fr-FR\",\"@id\":\"https:\\\/\\\/www.webdo.tn\\\/fr\\\/#\\\/schema\\\/logo\\\/image\\\/\",\"url\":\"https:\\\/\\\/www.webdo.tn\\\/fr\\\/wp-content\\\/uploads\\\/2025\\\/06\\\/Webdo-Tunisie_168377.jpg\",\"contentUrl\":\"https:\\\/\\\/www.webdo.tn\\\/fr\\\/wp-content\\\/uploads\\\/2025\\\/06\\\/Webdo-Tunisie_168377.jpg\",\"width\":301,\"height\":301,\"caption\":\"Webdo\"},\"image\":{\"@id\":\"https:\\\/\\\/www.webdo.tn\\\/fr\\\/#\\\/schema\\\/logo\\\/image\\\/\"},\"sameAs\":[\"https:\\\/\\\/www.facebook.com\\\/webdotn\",\"https:\\\/\\\/x.com\\\/webdo_tn\"],\"description\":\"Webdo est un m\u00e9dia num\u00e9rique tunisien fond\u00e9 en 2010, sp\u00e9cialis\u00e9 dans l\u2019actualit\u00e9 nationale et internationale, l\u2019\u00e9conomie, la soci\u00e9t\u00e9 et les analyses politiques. Le site s\u2019adresse \u00e0 un large public francophone et couvre l\u2019information tunisienne en temps r\u00e9el.\",\"email\":\"redac@webdo.tn\",\"legalName\":\"YNJ SARL\",\"foundingDate\":\"2010-09-06\",\"numberOfEmployees\":{\"@type\":\"QuantitativeValue\",\"minValue\":\"11\",\"maxValue\":\"50\"}},{\"@type\":\"Person\",\"@id\":\"https:\\\/\\\/www.webdo.tn\\\/fr\\\/#\\\/schema\\\/person\\\/2c4929cbf5a809e3bd38617c6ce150f6\",\"name\":\"MC\",\"image\":{\"@type\":\"ImageObject\",\"inLanguage\":\"fr-FR\",\"@id\":\"https:\\\/\\\/secure.gravatar.com\\\/avatar\\\/a545bbb6f84efdd5553dbbc2895e3ca8f1d12c5215e00a041c9670b54aa9b18a?s=96&d=mm&r=g\",\"url\":\"https:\\\/\\\/secure.gravatar.com\\\/avatar\\\/a545bbb6f84efdd5553dbbc2895e3ca8f1d12c5215e00a041c9670b54aa9b18a?s=96&d=mm&r=g\",\"contentUrl\":\"https:\\\/\\\/secure.gravatar.com\\\/avatar\\\/a545bbb6f84efdd5553dbbc2895e3ca8f1d12c5215e00a041c9670b54aa9b18a?s=96&d=mm&r=g\",\"caption\":\"MC\"},\"url\":\"https:\\\/\\\/www.webdo.tn\\\/fr\\\/actualite\\\/author\\\/mc\\\/\"}]}<\/script>\n<!-- \/ Yoast SEO Premium plugin. -->","yoast_head_json":{"title":"Un d\u00e9ficit budg\u00e9taire de 9,7 Mds de dinars, selon la Loi de finances rectificative","description":"La loi de finances rectificative pour l'ann\u00e9e 2022 a \u00e9t\u00e9 publi\u00e9e, ce mercredi, au Journal Officiel de la R\u00e9publique Tunisienne (JORT), du 23 novembre 2022, rapp...","canonical":"https:\/\/www.webdo.tn\/fr\/actualite\/national-45\/un-deficit-budgetaire-de-9-7-milliards-de-dinars-selon-la-loi-de-finances-rectificative\/199334\/","og_locale":"fr_FR","og_type":"article","og_title":"Un d\u00e9ficit budg\u00e9taire de 9,7 Mds de dinars, selon la Loi de finances rectificative","og_description":"La loi de finances rectificative pour l'ann\u00e9e 2022 a \u00e9t\u00e9 publi\u00e9e, ce mercredi, au Journal Officiel de la R\u00e9publique Tunisienne (JORT), du 23 novembre 2022, rapp...","og_url":"https:\/\/www.webdo.tn\/fr\/actualite\/national-45\/un-deficit-budgetaire-de-9-7-milliards-de-dinars-selon-la-loi-de-finances-rectificative\/199334\/","og_site_name":"webdo","article_publisher":"https:\/\/www.facebook.com\/webdotn","article_published_time":"2022-11-24T09:02:00+00:00","article_modified_time":"2025-05-22T11:43:32+00:00","og_image":[{"width":750,"height":400,"url":"https:\/\/www.webdo.tn\/fr\/wp-content\/uploads\/2022\/11\/7eb21c25657f7b0d4500c9349d903774.jpg","type":"image\/jpeg"}],"author":"MC","twitter_card":"summary_large_image","twitter_creator":"@webdo_tn","twitter_site":"@webdo_tn","twitter_misc":{"\u00c9crit par":"MC","Dur\u00e9e de lecture estim\u00e9e":"1 minute"},"schema":{"@context":"https:\/\/schema.org","@graph":[{"@type":"NewsArticle","@id":"https:\/\/www.webdo.tn\/fr\/actualite\/national-45\/un-deficit-budgetaire-de-9-7-milliards-de-dinars-selon-la-loi-de-finances-rectificative\/199334\/#article","isPartOf":{"@id":"https:\/\/www.webdo.tn\/fr\/actualite\/national-45\/un-deficit-budgetaire-de-9-7-milliards-de-dinars-selon-la-loi-de-finances-rectificative\/199334\/"},"author":{"name":"MC","@id":"https:\/\/www.webdo.tn\/fr\/#\/schema\/person\/2c4929cbf5a809e3bd38617c6ce150f6"},"headline":"Un d\u00e9ficit budg\u00e9taire de 9,7 Mds de dinars, selon la Loi de finances rectificative","datePublished":"2022-11-24T09:02:00+00:00","dateModified":"2025-05-22T11:43:32+00:00","mainEntityOfPage":{"@id":"https:\/\/www.webdo.tn\/fr\/actualite\/national-45\/un-deficit-budgetaire-de-9-7-milliards-de-dinars-selon-la-loi-de-finances-rectificative\/199334\/"},"wordCount":136,"commentCount":0,"publisher":{"@id":"https:\/\/www.webdo.tn\/fr\/#organization"},"image":{"@id":"https:\/\/www.webdo.tn\/fr\/actualite\/national-45\/un-deficit-budgetaire-de-9-7-milliards-de-dinars-selon-la-loi-de-finances-rectificative\/199334\/#primaryimage"},"thumbnailUrl":"https:\/\/www.webdo.tn\/fr\/wp-content\/uploads\/2022\/11\/7eb21c25657f7b0d4500c9349d903774.jpg","keywords":["d\u00e9ficit budg\u00e9taire","Loi de Finances","Tunisie"],"articleSection":["National"],"inLanguage":"fr-FR"},{"@type":"WebPage","@id":"https:\/\/www.webdo.tn\/fr\/actualite\/national-45\/un-deficit-budgetaire-de-9-7-milliards-de-dinars-selon-la-loi-de-finances-rectificative\/199334\/","url":"https:\/\/www.webdo.tn\/fr\/actualite\/national-45\/un-deficit-budgetaire-de-9-7-milliards-de-dinars-selon-la-loi-de-finances-rectificative\/199334\/","name":"Un d\u00e9ficit budg\u00e9taire de 9,7 Mds de dinars, selon la Loi de finances rectificative","isPartOf":{"@id":"https:\/\/www.webdo.tn\/fr\/#website"},"primaryImageOfPage":{"@id":"https:\/\/www.webdo.tn\/fr\/actualite\/national-45\/un-deficit-budgetaire-de-9-7-milliards-de-dinars-selon-la-loi-de-finances-rectificative\/199334\/#primaryimage"},"image":{"@id":"https:\/\/www.webdo.tn\/fr\/actualite\/national-45\/un-deficit-budgetaire-de-9-7-milliards-de-dinars-selon-la-loi-de-finances-rectificative\/199334\/#primaryimage"},"thumbnailUrl":"https:\/\/www.webdo.tn\/fr\/wp-content\/uploads\/2022\/11\/7eb21c25657f7b0d4500c9349d903774.jpg","datePublished":"2022-11-24T09:02:00+00:00","dateModified":"2025-05-22T11:43:32+00:00","description":"La loi de finances rectificative pour l'ann\u00e9e 2022 a \u00e9t\u00e9 publi\u00e9e, ce mercredi, au Journal Officiel de la R\u00e9publique Tunisienne (JORT), du 23 novembre 2022, rapp...","breadcrumb":{"@id":"https:\/\/www.webdo.tn\/fr\/actualite\/national-45\/un-deficit-budgetaire-de-9-7-milliards-de-dinars-selon-la-loi-de-finances-rectificative\/199334\/#breadcrumb"},"inLanguage":"fr-FR","potentialAction":[{"@type":"ReadAction","target":["https:\/\/www.webdo.tn\/fr\/actualite\/national-45\/un-deficit-budgetaire-de-9-7-milliards-de-dinars-selon-la-loi-de-finances-rectificative\/199334\/"]}]},{"@type":"ImageObject","inLanguage":"fr-FR","@id":"https:\/\/www.webdo.tn\/fr\/actualite\/national-45\/un-deficit-budgetaire-de-9-7-milliards-de-dinars-selon-la-loi-de-finances-rectificative\/199334\/#primaryimage","url":"https:\/\/www.webdo.tn\/fr\/wp-content\/uploads\/2022\/11\/7eb21c25657f7b0d4500c9349d903774.jpg","contentUrl":"https:\/\/www.webdo.tn\/fr\/wp-content\/uploads\/2022\/11\/7eb21c25657f7b0d4500c9349d903774.jpg","width":750,"height":400,"caption":"Un d\u00e9ficit budg\u00e9taire de 9,7 Mds de dinars, selon la Loi de finances rectificative"},{"@type":"BreadcrumbList","@id":"https:\/\/www.webdo.tn\/fr\/actualite\/national-45\/un-deficit-budgetaire-de-9-7-milliards-de-dinars-selon-la-loi-de-finances-rectificative\/199334\/#breadcrumb","itemListElement":[{"@type":"ListItem","position":1,"name":"Accueil","item":"https:\/\/www.webdo.tn\/fr\/"},{"@type":"ListItem","position":2,"name":"Un d\u00e9ficit budg\u00e9taire de 9,7 Mds de dinars, selon la Loi de finances rectificative"}]},{"@type":"WebSite","@id":"https:\/\/www.webdo.tn\/fr\/#website","url":"https:\/\/www.webdo.tn\/fr\/","name":"webdo","description":"Tunisie - News en Tunisie et \u00e0 l&#039;international sur Webdo.tn","publisher":{"@id":"https:\/\/www.webdo.tn\/fr\/#organization"},"potentialAction":[{"@type":"SearchAction","target":{"@type":"EntryPoint","urlTemplate":"https:\/\/www.webdo.tn\/fr\/?s={search_term_string}"},"query-input":{"@type":"PropertyValueSpecification","valueRequired":true,"valueName":"search_term_string"}}],"inLanguage":"fr-FR"},{"@type":"Organization","@id":"https:\/\/www.webdo.tn\/fr\/#organization","name":"Webdo","alternateName":"Webdo.tn","url":"https:\/\/www.webdo.tn\/fr\/","logo":{"@type":"ImageObject","inLanguage":"fr-FR","@id":"https:\/\/www.webdo.tn\/fr\/#\/schema\/logo\/image\/","url":"https:\/\/www.webdo.tn\/fr\/wp-content\/uploads\/2025\/06\/Webdo-Tunisie_168377.jpg","contentUrl":"https:\/\/www.webdo.tn\/fr\/wp-content\/uploads\/2025\/06\/Webdo-Tunisie_168377.jpg","width":301,"height":301,"caption":"Webdo"},"image":{"@id":"https:\/\/www.webdo.tn\/fr\/#\/schema\/logo\/image\/"},"sameAs":["https:\/\/www.facebook.com\/webdotn","https:\/\/x.com\/webdo_tn"],"description":"Webdo est un m\u00e9dia num\u00e9rique tunisien fond\u00e9 en 2010, sp\u00e9cialis\u00e9 dans l\u2019actualit\u00e9 nationale et internationale, l\u2019\u00e9conomie, la soci\u00e9t\u00e9 et les analyses politiques. Le site s\u2019adresse \u00e0 un large public francophone et couvre l\u2019information tunisienne en temps r\u00e9el.","email":"redac@webdo.tn","legalName":"YNJ SARL","foundingDate":"2010-09-06","numberOfEmployees":{"@type":"QuantitativeValue","minValue":"11","maxValue":"50"}},{"@type":"Person","@id":"https:\/\/www.webdo.tn\/fr\/#\/schema\/person\/2c4929cbf5a809e3bd38617c6ce150f6","name":"MC","image":{"@type":"ImageObject","inLanguage":"fr-FR","@id":"https:\/\/secure.gravatar.com\/avatar\/a545bbb6f84efdd5553dbbc2895e3ca8f1d12c5215e00a041c9670b54aa9b18a?s=96&d=mm&r=g","url":"https:\/\/secure.gravatar.com\/avatar\/a545bbb6f84efdd5553dbbc2895e3ca8f1d12c5215e00a041c9670b54aa9b18a?s=96&d=mm&r=g","contentUrl":"https:\/\/secure.gravatar.com\/avatar\/a545bbb6f84efdd5553dbbc2895e3ca8f1d12c5215e00a041c9670b54aa9b18a?s=96&d=mm&r=g","caption":"MC"},"url":"https:\/\/www.webdo.tn\/fr\/actualite\/author\/mc\/"}]}},"_links":{"self":[{"href":"https:\/\/www.webdo.tn\/fr\/wp-json\/wp\/v2\/posts\/199334","targetHints":{"allow":["GET"]}}],"collection":[{"href":"https:\/\/www.webdo.tn\/fr\/wp-json\/wp\/v2\/posts"}],"about":[{"href":"https:\/\/www.webdo.tn\/fr\/wp-json\/wp\/v2\/types\/post"}],"author":[{"embeddable":true,"href":"https:\/\/www.webdo.tn\/fr\/wp-json\/wp\/v2\/users\/3162"}],"replies":[{"embeddable":true,"href":"https:\/\/www.webdo.tn\/fr\/wp-json\/wp\/v2\/comments?post=199334"}],"version-history":[{"count":0,"href":"https:\/\/www.webdo.tn\/fr\/wp-json\/wp\/v2\/posts\/199334\/revisions"}],"wp:featuredmedia":[{"embeddable":true,"href":"https:\/\/www.webdo.tn\/fr\/wp-json\/wp\/v2\/media\/348554"}],"wp:attachment":[{"href":"https:\/\/www.webdo.tn\/fr\/wp-json\/wp\/v2\/media?parent=199334"}],"wp:term":[{"taxonomy":"category","embeddable":true,"href":"https:\/\/www.webdo.tn\/fr\/wp-json\/wp\/v2\/categories?post=199334"},{"taxonomy":"post_tag","embeddable":true,"href":"https:\/\/www.webdo.tn\/fr\/wp-json\/wp\/v2\/tags?post=199334"}],"curies":[{"name":"wp","href":"https:\/\/api.w.org\/{rel}","templated":true}]}}