{"id":199324,"date":"2022-11-23T19:32:00","date_gmt":"2022-11-23T19:32:00","guid":{"rendered":"https:\/\/www.webdo.tn\/fr\/actualite\/blog\/sante-la-journee-de-colere-nationale-est-reportee\/199324\/"},"modified":"2025-05-22T11:43:27","modified_gmt":"2025-05-22T11:43:27","slug":"sante-la-journee-de-colere-nationale-est-reportee","status":"publish","type":"post","link":"https:\/\/www.webdo.tn\/fr\/actualite\/national\/sante-la-journee-de-colere-nationale-est-reportee\/199324\/","title":{"rendered":"Sant\u00e9 : la \u00ab\u00a0journ\u00e9e de col\u00e8re nationale\u00a0\u00bb est report\u00e9e"},"content":{"rendered":"<p>Initialement pr\u00e9vue pour ce jeudi 24 novembre 2022, la f\u00e9d\u00e9ration g\u00e9n\u00e9rale de la sant\u00e9 a d\u00e9cid\u00e9 de reporter la \u00ab\u00a0journ\u00e9e de col\u00e8re nationale\u00a0\u00bb, dans le secteur de la sant\u00e9.<\/p>\n<p> Il est \u00e0 rappeler que cette journ\u00e9e de la col\u00e8re a \u00e9t\u00e9 d\u00e9cid\u00e9 pour\u00a0revendiquer la titularisation des agents temporaires et contractuels. Son report\u00a0intervient suite \u00e0 un accord conclu lors d\u2019une s\u00e9ance de travail, ce mercredi 23 novembre 2022, qui a r\u00e9uni le minist\u00e8re de la sant\u00e9 et la f\u00e9d\u00e9ration g\u00e9n\u00e9rale de la sant\u00e9 pour la finalisation des proc\u00e9dures de titularisation des agents en question avant la fin du mois de d\u00e9cembre 2022, selon la f\u00e9d\u00e9ration.<\/p>\n<p>Ainsi, les agents en question verront les contrats reconduits jusqu\u2019\u00e0 la r\u00e9gularisation de leur situation.\u00a0La directrice de cabinet du ministre de la sant\u00e9, Ilhem Kraiem a affirm\u00e9\u00a0l\u2019engagement du minist\u00e8re \u00e0 prot\u00e9ger les droits de ces agents et \u00e0 appliquer les accords pr\u00e9alables avec la f\u00e9d\u00e9ration de la sant\u00e9.<\/p>\n","protected":false},"excerpt":{"rendered":"<p>Initialement pr\u00e9vue pour ce jeudi 24 novembre 2022, la f\u00e9d\u00e9ration g\u00e9n\u00e9rale de la sant\u00e9 a d\u00e9cid\u00e9 de reporter la  journ\u00e9e de col\u00e8re nationale , dans le secteur de&#8230;<\/p>\n","protected":false},"author":3195,"featured_media":348551,"comment_status":"open","ping_status":"closed","sticky":false,"template":"","format":"standard","meta":{"footnotes":""},"categories":[44],"tags":[8335,2796,2731,2608],"class_list":["post-199324","post","type-post","status-publish","format-standard","has-post-thumbnail","hentry","category-national","tag-journee-de-la-colere","tag-protestation","tag-sante","tag-tunisie"],"yoast_head":"<!-- This site is optimized with the Yoast SEO Premium plugin v27.4 (Yoast SEO v27.5) - https:\/\/yoast.com\/product\/yoast-seo-premium-wordpress\/ -->\n<title>Sant\u00e9 : la journ\u00e9e de col\u00e8re nationale est report\u00e9e<\/title>\n<meta name=\"description\" content=\"Initialement pr\u00e9vue pour ce jeudi 24 novembre 2022, la f\u00e9d\u00e9ration g\u00e9n\u00e9rale de la sant\u00e9 a d\u00e9cid\u00e9 de reporter la journ\u00e9e de col\u00e8re nationale , dans le secteur de...\" \/>\n<link rel=\"canonical\" href=\"https:\/\/www.webdo.tn\/fr\/actualite\/national-45\/sante-la-journee-de-colere-nationale-est-reportee\/199324\/\" \/>\n<meta property=\"og:locale\" content=\"fr_FR\" \/>\n<meta property=\"og:type\" content=\"article\" \/>\n<meta property=\"og:title\" content=\"Sant\u00e9 : la &quot;journ\u00e9e de col\u00e8re nationale&quot; est report\u00e9e\" \/>\n<meta property=\"og:description\" content=\"Initialement pr\u00e9vue pour ce jeudi 24 novembre 2022, la f\u00e9d\u00e9ration g\u00e9n\u00e9rale de la sant\u00e9 a d\u00e9cid\u00e9 de reporter la journ\u00e9e de col\u00e8re nationale , dans le secteur de...\" \/>\n<meta property=\"og:url\" content=\"https:\/\/www.webdo.tn\/fr\/actualite\/national-45\/sante-la-journee-de-colere-nationale-est-reportee\/199324\/\" \/>\n<meta property=\"og:site_name\" content=\"webdo\" \/>\n<meta property=\"article:publisher\" content=\"https:\/\/www.facebook.com\/webdotn\" \/>\n<meta property=\"article:published_time\" content=\"2022-11-23T19:32:00+00:00\" \/>\n<meta property=\"article:modified_time\" content=\"2025-05-22T11:43:27+00:00\" \/>\n<meta property=\"og:image\" content=\"https:\/\/www.webdo.tn\/fr\/wp-content\/uploads\/2022\/11\/2351d75308e7e5fadb126a01d0a014fa.jpg\" \/>\n\t<meta property=\"og:image:width\" content=\"750\" \/>\n\t<meta property=\"og:image:height\" content=\"400\" \/>\n\t<meta property=\"og:image:type\" content=\"image\/jpeg\" \/>\n<meta name=\"author\" content=\"NJ\" \/>\n<meta name=\"twitter:card\" content=\"summary_large_image\" \/>\n<meta name=\"twitter:creator\" content=\"@webdo_tn\" \/>\n<meta name=\"twitter:site\" content=\"@webdo_tn\" \/>\n<meta name=\"twitter:label1\" content=\"\u00c9crit par\" \/>\n\t<meta name=\"twitter:data1\" content=\"NJ\" \/>\n\t<meta name=\"twitter:label2\" content=\"Dur\u00e9e de lecture estim\u00e9e\" \/>\n\t<meta name=\"twitter:data2\" content=\"1 minute\" \/>\n<script type=\"application\/ld+json\" class=\"yoast-schema-graph\">{\"@context\":\"https:\\\/\\\/schema.org\",\"@graph\":[{\"@type\":\"NewsArticle\",\"@id\":\"https:\\\/\\\/www.webdo.tn\\\/fr\\\/actualite\\\/national-45\\\/sante-la-journee-de-colere-nationale-est-reportee\\\/199324\\\/#article\",\"isPartOf\":{\"@id\":\"https:\\\/\\\/www.webdo.tn\\\/fr\\\/actualite\\\/national-45\\\/sante-la-journee-de-colere-nationale-est-reportee\\\/199324\\\/\"},\"author\":{\"name\":\"NJ\",\"@id\":\"https:\\\/\\\/www.webdo.tn\\\/fr\\\/#\\\/schema\\\/person\\\/646f7c4406ab78299805d9d39b2636d8\"},\"headline\":\"Sant\u00e9 : la \u00ab\u00a0journ\u00e9e de col\u00e8re nationale\u00a0\u00bb est report\u00e9e\",\"datePublished\":\"2022-11-23T19:32:00+00:00\",\"dateModified\":\"2025-05-22T11:43:27+00:00\",\"mainEntityOfPage\":{\"@id\":\"https:\\\/\\\/www.webdo.tn\\\/fr\\\/actualite\\\/national-45\\\/sante-la-journee-de-colere-nationale-est-reportee\\\/199324\\\/\"},\"wordCount\":188,\"commentCount\":0,\"publisher\":{\"@id\":\"https:\\\/\\\/www.webdo.tn\\\/fr\\\/#organization\"},\"image\":{\"@id\":\"https:\\\/\\\/www.webdo.tn\\\/fr\\\/actualite\\\/national-45\\\/sante-la-journee-de-colere-nationale-est-reportee\\\/199324\\\/#primaryimage\"},\"thumbnailUrl\":\"https:\\\/\\\/www.webdo.tn\\\/fr\\\/wp-content\\\/uploads\\\/2022\\\/11\\\/2351d75308e7e5fadb126a01d0a014fa.jpg\",\"keywords\":[\"journ\u00e9e de la col\u00e8re\",\"protestation\",\"Sant\u00e9\",\"Tunisie\"],\"articleSection\":[\"National\"],\"inLanguage\":\"fr-FR\"},{\"@type\":\"WebPage\",\"@id\":\"https:\\\/\\\/www.webdo.tn\\\/fr\\\/actualite\\\/national-45\\\/sante-la-journee-de-colere-nationale-est-reportee\\\/199324\\\/\",\"url\":\"https:\\\/\\\/www.webdo.tn\\\/fr\\\/actualite\\\/national-45\\\/sante-la-journee-de-colere-nationale-est-reportee\\\/199324\\\/\",\"name\":\"Sant\u00e9 : la journ\u00e9e de col\u00e8re nationale est report\u00e9e\",\"isPartOf\":{\"@id\":\"https:\\\/\\\/www.webdo.tn\\\/fr\\\/#website\"},\"primaryImageOfPage\":{\"@id\":\"https:\\\/\\\/www.webdo.tn\\\/fr\\\/actualite\\\/national-45\\\/sante-la-journee-de-colere-nationale-est-reportee\\\/199324\\\/#primaryimage\"},\"image\":{\"@id\":\"https:\\\/\\\/www.webdo.tn\\\/fr\\\/actualite\\\/national-45\\\/sante-la-journee-de-colere-nationale-est-reportee\\\/199324\\\/#primaryimage\"},\"thumbnailUrl\":\"https:\\\/\\\/www.webdo.tn\\\/fr\\\/wp-content\\\/uploads\\\/2022\\\/11\\\/2351d75308e7e5fadb126a01d0a014fa.jpg\",\"datePublished\":\"2022-11-23T19:32:00+00:00\",\"dateModified\":\"2025-05-22T11:43:27+00:00\",\"description\":\"Initialement pr\u00e9vue pour ce jeudi 24 novembre 2022, la f\u00e9d\u00e9ration g\u00e9n\u00e9rale de la sant\u00e9 a d\u00e9cid\u00e9 de reporter la journ\u00e9e de col\u00e8re nationale , dans le secteur de...\",\"breadcrumb\":{\"@id\":\"https:\\\/\\\/www.webdo.tn\\\/fr\\\/actualite\\\/national-45\\\/sante-la-journee-de-colere-nationale-est-reportee\\\/199324\\\/#breadcrumb\"},\"inLanguage\":\"fr-FR\",\"potentialAction\":[{\"@type\":\"ReadAction\",\"target\":[\"https:\\\/\\\/www.webdo.tn\\\/fr\\\/actualite\\\/national-45\\\/sante-la-journee-de-colere-nationale-est-reportee\\\/199324\\\/\"]}]},{\"@type\":\"ImageObject\",\"inLanguage\":\"fr-FR\",\"@id\":\"https:\\\/\\\/www.webdo.tn\\\/fr\\\/actualite\\\/national-45\\\/sante-la-journee-de-colere-nationale-est-reportee\\\/199324\\\/#primaryimage\",\"url\":\"https:\\\/\\\/www.webdo.tn\\\/fr\\\/wp-content\\\/uploads\\\/2022\\\/11\\\/2351d75308e7e5fadb126a01d0a014fa.jpg\",\"contentUrl\":\"https:\\\/\\\/www.webdo.tn\\\/fr\\\/wp-content\\\/uploads\\\/2022\\\/11\\\/2351d75308e7e5fadb126a01d0a014fa.jpg\",\"width\":750,\"height\":400,\"caption\":\"Sant\u00e9 : la \\\"journ\u00e9e de col\u00e8re nationale\\\" est report\u00e9e\"},{\"@type\":\"BreadcrumbList\",\"@id\":\"https:\\\/\\\/www.webdo.tn\\\/fr\\\/actualite\\\/national-45\\\/sante-la-journee-de-colere-nationale-est-reportee\\\/199324\\\/#breadcrumb\",\"itemListElement\":[{\"@type\":\"ListItem\",\"position\":1,\"name\":\"Accueil\",\"item\":\"https:\\\/\\\/www.webdo.tn\\\/fr\\\/\"},{\"@type\":\"ListItem\",\"position\":2,\"name\":\"Sant\u00e9 : la \u00ab\u00a0journ\u00e9e de col\u00e8re nationale\u00a0\u00bb est report\u00e9e\"}]},{\"@type\":\"WebSite\",\"@id\":\"https:\\\/\\\/www.webdo.tn\\\/fr\\\/#website\",\"url\":\"https:\\\/\\\/www.webdo.tn\\\/fr\\\/\",\"name\":\"webdo\",\"description\":\"Tunisie - News en Tunisie et \u00e0 l&#039;international sur Webdo.tn\",\"publisher\":{\"@id\":\"https:\\\/\\\/www.webdo.tn\\\/fr\\\/#organization\"},\"potentialAction\":[{\"@type\":\"SearchAction\",\"target\":{\"@type\":\"EntryPoint\",\"urlTemplate\":\"https:\\\/\\\/www.webdo.tn\\\/fr\\\/?s={search_term_string}\"},\"query-input\":{\"@type\":\"PropertyValueSpecification\",\"valueRequired\":true,\"valueName\":\"search_term_string\"}}],\"inLanguage\":\"fr-FR\"},{\"@type\":\"Organization\",\"@id\":\"https:\\\/\\\/www.webdo.tn\\\/fr\\\/#organization\",\"name\":\"Webdo\",\"alternateName\":\"Webdo.tn\",\"url\":\"https:\\\/\\\/www.webdo.tn\\\/fr\\\/\",\"logo\":{\"@type\":\"ImageObject\",\"inLanguage\":\"fr-FR\",\"@id\":\"https:\\\/\\\/www.webdo.tn\\\/fr\\\/#\\\/schema\\\/logo\\\/image\\\/\",\"url\":\"https:\\\/\\\/www.webdo.tn\\\/fr\\\/wp-content\\\/uploads\\\/2025\\\/06\\\/Webdo-Tunisie_168377.jpg\",\"contentUrl\":\"https:\\\/\\\/www.webdo.tn\\\/fr\\\/wp-content\\\/uploads\\\/2025\\\/06\\\/Webdo-Tunisie_168377.jpg\",\"width\":301,\"height\":301,\"caption\":\"Webdo\"},\"image\":{\"@id\":\"https:\\\/\\\/www.webdo.tn\\\/fr\\\/#\\\/schema\\\/logo\\\/image\\\/\"},\"sameAs\":[\"https:\\\/\\\/www.facebook.com\\\/webdotn\",\"https:\\\/\\\/x.com\\\/webdo_tn\"],\"description\":\"Webdo est un m\u00e9dia num\u00e9rique tunisien fond\u00e9 en 2010, sp\u00e9cialis\u00e9 dans l\u2019actualit\u00e9 nationale et internationale, l\u2019\u00e9conomie, la soci\u00e9t\u00e9 et les analyses politiques. Le site s\u2019adresse \u00e0 un large public francophone et couvre l\u2019information tunisienne en temps r\u00e9el.\",\"email\":\"redac@webdo.tn\",\"legalName\":\"YNJ SARL\",\"foundingDate\":\"2010-09-06\",\"numberOfEmployees\":{\"@type\":\"QuantitativeValue\",\"minValue\":\"11\",\"maxValue\":\"50\"}},{\"@type\":\"Person\",\"@id\":\"https:\\\/\\\/www.webdo.tn\\\/fr\\\/#\\\/schema\\\/person\\\/646f7c4406ab78299805d9d39b2636d8\",\"name\":\"NJ\",\"image\":{\"@type\":\"ImageObject\",\"inLanguage\":\"fr-FR\",\"@id\":\"https:\\\/\\\/secure.gravatar.com\\\/avatar\\\/57ee8a7cee8271948beede1dd4413f641d3b749a42dfabf45a3352af812389e1?s=96&d=mm&r=g\",\"url\":\"https:\\\/\\\/secure.gravatar.com\\\/avatar\\\/57ee8a7cee8271948beede1dd4413f641d3b749a42dfabf45a3352af812389e1?s=96&d=mm&r=g\",\"contentUrl\":\"https:\\\/\\\/secure.gravatar.com\\\/avatar\\\/57ee8a7cee8271948beede1dd4413f641d3b749a42dfabf45a3352af812389e1?s=96&d=mm&r=g\",\"caption\":\"NJ\"},\"url\":\"https:\\\/\\\/www.webdo.tn\\\/fr\\\/actualite\\\/author\\\/nj\\\/\"}]}<\/script>\n<!-- \/ Yoast SEO Premium plugin. -->","yoast_head_json":{"title":"Sant\u00e9 : la journ\u00e9e de col\u00e8re nationale est report\u00e9e","description":"Initialement pr\u00e9vue pour ce jeudi 24 novembre 2022, la f\u00e9d\u00e9ration g\u00e9n\u00e9rale de la sant\u00e9 a d\u00e9cid\u00e9 de reporter la journ\u00e9e de col\u00e8re nationale , dans le secteur de...","canonical":"https:\/\/www.webdo.tn\/fr\/actualite\/national-45\/sante-la-journee-de-colere-nationale-est-reportee\/199324\/","og_locale":"fr_FR","og_type":"article","og_title":"Sant\u00e9 : la \"journ\u00e9e de col\u00e8re nationale\" est report\u00e9e","og_description":"Initialement pr\u00e9vue pour ce jeudi 24 novembre 2022, la f\u00e9d\u00e9ration g\u00e9n\u00e9rale de la sant\u00e9 a d\u00e9cid\u00e9 de reporter la journ\u00e9e de col\u00e8re nationale , dans le secteur de...","og_url":"https:\/\/www.webdo.tn\/fr\/actualite\/national-45\/sante-la-journee-de-colere-nationale-est-reportee\/199324\/","og_site_name":"webdo","article_publisher":"https:\/\/www.facebook.com\/webdotn","article_published_time":"2022-11-23T19:32:00+00:00","article_modified_time":"2025-05-22T11:43:27+00:00","og_image":[{"width":750,"height":400,"url":"https:\/\/www.webdo.tn\/fr\/wp-content\/uploads\/2022\/11\/2351d75308e7e5fadb126a01d0a014fa.jpg","type":"image\/jpeg"}],"author":"NJ","twitter_card":"summary_large_image","twitter_creator":"@webdo_tn","twitter_site":"@webdo_tn","twitter_misc":{"\u00c9crit par":"NJ","Dur\u00e9e de lecture estim\u00e9e":"1 minute"},"schema":{"@context":"https:\/\/schema.org","@graph":[{"@type":"NewsArticle","@id":"https:\/\/www.webdo.tn\/fr\/actualite\/national-45\/sante-la-journee-de-colere-nationale-est-reportee\/199324\/#article","isPartOf":{"@id":"https:\/\/www.webdo.tn\/fr\/actualite\/national-45\/sante-la-journee-de-colere-nationale-est-reportee\/199324\/"},"author":{"name":"NJ","@id":"https:\/\/www.webdo.tn\/fr\/#\/schema\/person\/646f7c4406ab78299805d9d39b2636d8"},"headline":"Sant\u00e9 : la \u00ab\u00a0journ\u00e9e de col\u00e8re nationale\u00a0\u00bb est report\u00e9e","datePublished":"2022-11-23T19:32:00+00:00","dateModified":"2025-05-22T11:43:27+00:00","mainEntityOfPage":{"@id":"https:\/\/www.webdo.tn\/fr\/actualite\/national-45\/sante-la-journee-de-colere-nationale-est-reportee\/199324\/"},"wordCount":188,"commentCount":0,"publisher":{"@id":"https:\/\/www.webdo.tn\/fr\/#organization"},"image":{"@id":"https:\/\/www.webdo.tn\/fr\/actualite\/national-45\/sante-la-journee-de-colere-nationale-est-reportee\/199324\/#primaryimage"},"thumbnailUrl":"https:\/\/www.webdo.tn\/fr\/wp-content\/uploads\/2022\/11\/2351d75308e7e5fadb126a01d0a014fa.jpg","keywords":["journ\u00e9e de la col\u00e8re","protestation","Sant\u00e9","Tunisie"],"articleSection":["National"],"inLanguage":"fr-FR"},{"@type":"WebPage","@id":"https:\/\/www.webdo.tn\/fr\/actualite\/national-45\/sante-la-journee-de-colere-nationale-est-reportee\/199324\/","url":"https:\/\/www.webdo.tn\/fr\/actualite\/national-45\/sante-la-journee-de-colere-nationale-est-reportee\/199324\/","name":"Sant\u00e9 : la journ\u00e9e de col\u00e8re nationale est report\u00e9e","isPartOf":{"@id":"https:\/\/www.webdo.tn\/fr\/#website"},"primaryImageOfPage":{"@id":"https:\/\/www.webdo.tn\/fr\/actualite\/national-45\/sante-la-journee-de-colere-nationale-est-reportee\/199324\/#primaryimage"},"image":{"@id":"https:\/\/www.webdo.tn\/fr\/actualite\/national-45\/sante-la-journee-de-colere-nationale-est-reportee\/199324\/#primaryimage"},"thumbnailUrl":"https:\/\/www.webdo.tn\/fr\/wp-content\/uploads\/2022\/11\/2351d75308e7e5fadb126a01d0a014fa.jpg","datePublished":"2022-11-23T19:32:00+00:00","dateModified":"2025-05-22T11:43:27+00:00","description":"Initialement pr\u00e9vue pour ce jeudi 24 novembre 2022, la f\u00e9d\u00e9ration g\u00e9n\u00e9rale de la sant\u00e9 a d\u00e9cid\u00e9 de reporter la journ\u00e9e de col\u00e8re nationale , dans le secteur de...","breadcrumb":{"@id":"https:\/\/www.webdo.tn\/fr\/actualite\/national-45\/sante-la-journee-de-colere-nationale-est-reportee\/199324\/#breadcrumb"},"inLanguage":"fr-FR","potentialAction":[{"@type":"ReadAction","target":["https:\/\/www.webdo.tn\/fr\/actualite\/national-45\/sante-la-journee-de-colere-nationale-est-reportee\/199324\/"]}]},{"@type":"ImageObject","inLanguage":"fr-FR","@id":"https:\/\/www.webdo.tn\/fr\/actualite\/national-45\/sante-la-journee-de-colere-nationale-est-reportee\/199324\/#primaryimage","url":"https:\/\/www.webdo.tn\/fr\/wp-content\/uploads\/2022\/11\/2351d75308e7e5fadb126a01d0a014fa.jpg","contentUrl":"https:\/\/www.webdo.tn\/fr\/wp-content\/uploads\/2022\/11\/2351d75308e7e5fadb126a01d0a014fa.jpg","width":750,"height":400,"caption":"Sant\u00e9 : la \"journ\u00e9e de col\u00e8re nationale\" est report\u00e9e"},{"@type":"BreadcrumbList","@id":"https:\/\/www.webdo.tn\/fr\/actualite\/national-45\/sante-la-journee-de-colere-nationale-est-reportee\/199324\/#breadcrumb","itemListElement":[{"@type":"ListItem","position":1,"name":"Accueil","item":"https:\/\/www.webdo.tn\/fr\/"},{"@type":"ListItem","position":2,"name":"Sant\u00e9 : la \u00ab\u00a0journ\u00e9e de col\u00e8re nationale\u00a0\u00bb est report\u00e9e"}]},{"@type":"WebSite","@id":"https:\/\/www.webdo.tn\/fr\/#website","url":"https:\/\/www.webdo.tn\/fr\/","name":"webdo","description":"Tunisie - News en Tunisie et \u00e0 l&#039;international sur Webdo.tn","publisher":{"@id":"https:\/\/www.webdo.tn\/fr\/#organization"},"potentialAction":[{"@type":"SearchAction","target":{"@type":"EntryPoint","urlTemplate":"https:\/\/www.webdo.tn\/fr\/?s={search_term_string}"},"query-input":{"@type":"PropertyValueSpecification","valueRequired":true,"valueName":"search_term_string"}}],"inLanguage":"fr-FR"},{"@type":"Organization","@id":"https:\/\/www.webdo.tn\/fr\/#organization","name":"Webdo","alternateName":"Webdo.tn","url":"https:\/\/www.webdo.tn\/fr\/","logo":{"@type":"ImageObject","inLanguage":"fr-FR","@id":"https:\/\/www.webdo.tn\/fr\/#\/schema\/logo\/image\/","url":"https:\/\/www.webdo.tn\/fr\/wp-content\/uploads\/2025\/06\/Webdo-Tunisie_168377.jpg","contentUrl":"https:\/\/www.webdo.tn\/fr\/wp-content\/uploads\/2025\/06\/Webdo-Tunisie_168377.jpg","width":301,"height":301,"caption":"Webdo"},"image":{"@id":"https:\/\/www.webdo.tn\/fr\/#\/schema\/logo\/image\/"},"sameAs":["https:\/\/www.facebook.com\/webdotn","https:\/\/x.com\/webdo_tn"],"description":"Webdo est un m\u00e9dia num\u00e9rique tunisien fond\u00e9 en 2010, sp\u00e9cialis\u00e9 dans l\u2019actualit\u00e9 nationale et internationale, l\u2019\u00e9conomie, la soci\u00e9t\u00e9 et les analyses politiques. Le site s\u2019adresse \u00e0 un large public francophone et couvre l\u2019information tunisienne en temps r\u00e9el.","email":"redac@webdo.tn","legalName":"YNJ SARL","foundingDate":"2010-09-06","numberOfEmployees":{"@type":"QuantitativeValue","minValue":"11","maxValue":"50"}},{"@type":"Person","@id":"https:\/\/www.webdo.tn\/fr\/#\/schema\/person\/646f7c4406ab78299805d9d39b2636d8","name":"NJ","image":{"@type":"ImageObject","inLanguage":"fr-FR","@id":"https:\/\/secure.gravatar.com\/avatar\/57ee8a7cee8271948beede1dd4413f641d3b749a42dfabf45a3352af812389e1?s=96&d=mm&r=g","url":"https:\/\/secure.gravatar.com\/avatar\/57ee8a7cee8271948beede1dd4413f641d3b749a42dfabf45a3352af812389e1?s=96&d=mm&r=g","contentUrl":"https:\/\/secure.gravatar.com\/avatar\/57ee8a7cee8271948beede1dd4413f641d3b749a42dfabf45a3352af812389e1?s=96&d=mm&r=g","caption":"NJ"},"url":"https:\/\/www.webdo.tn\/fr\/actualite\/author\/nj\/"}]}},"_links":{"self":[{"href":"https:\/\/www.webdo.tn\/fr\/wp-json\/wp\/v2\/posts\/199324","targetHints":{"allow":["GET"]}}],"collection":[{"href":"https:\/\/www.webdo.tn\/fr\/wp-json\/wp\/v2\/posts"}],"about":[{"href":"https:\/\/www.webdo.tn\/fr\/wp-json\/wp\/v2\/types\/post"}],"author":[{"embeddable":true,"href":"https:\/\/www.webdo.tn\/fr\/wp-json\/wp\/v2\/users\/3195"}],"replies":[{"embeddable":true,"href":"https:\/\/www.webdo.tn\/fr\/wp-json\/wp\/v2\/comments?post=199324"}],"version-history":[{"count":0,"href":"https:\/\/www.webdo.tn\/fr\/wp-json\/wp\/v2\/posts\/199324\/revisions"}],"wp:featuredmedia":[{"embeddable":true,"href":"https:\/\/www.webdo.tn\/fr\/wp-json\/wp\/v2\/media\/348551"}],"wp:attachment":[{"href":"https:\/\/www.webdo.tn\/fr\/wp-json\/wp\/v2\/media?parent=199324"}],"wp:term":[{"taxonomy":"category","embeddable":true,"href":"https:\/\/www.webdo.tn\/fr\/wp-json\/wp\/v2\/categories?post=199324"},{"taxonomy":"post_tag","embeddable":true,"href":"https:\/\/www.webdo.tn\/fr\/wp-json\/wp\/v2\/tags?post=199324"}],"curies":[{"name":"wp","href":"https:\/\/api.w.org\/{rel}","templated":true}]}}