{"id":199242,"date":"2022-11-22T10:07:00","date_gmt":"2022-11-22T09:07:00","guid":{"rendered":"https:\/\/www.webdo.tn\/fr\/actualite\/national\/dans-la-dette-on-s-abstient\/199242"},"modified":"2022-11-22T10:07:00","modified_gmt":"2022-11-22T09:07:00","slug":"dans-la-dette-on-s-abstient","status":"publish","type":"post","link":"https:\/\/www.webdo.tn\/fr\/actualite\/national\/dans-la-dette-on-s-abstient\/199242\/","title":{"rendered":"Dans la dette, on s\u2019abstient !"},"content":{"rendered":"<p>Les dettes publiques des Etats sont n\u00e9fastes et deviennent insoutenables quand elles sont mal employ\u00e9es et affect\u00e9es \u00e0 des fins non productives. Un Etat qui fait bonne gouvernance de ses emprunts et qui paie \u00e0 temps ses cr\u00e9anciers per\u00e7oit sa dette en richesse plut\u00f4t qu\u2019en fardeau.<\/p>\n<p>\t\t\t\t\t\t\t\t\tLa valeur d\u2019une dette et son poids dans l\u2019\u00e9conomie d\u2019un pays ne se mesurent pas par son volume ou encore par ce qu\u2019elle repr\u00e9sente par rapport au PIB. Une dette publique tire sa valeur et son efficience de la fa\u00e7on avec laquelle elle est administr\u00e9e par les pouvoirs publics.<\/p>\n<p>Du point de vue des affectations dont elle fait l\u2019objet, des objectifs qui lui sont assign\u00e9s, sans oublier la transparence qui doit accompagner son cheminement.<\/p>\n<p>A notre avis, c\u2019est en ces termes qu\u2019on devrait consid\u00e9rer la dette publique de notre pays, les autres crit\u00e8res nous paraissent sinon al\u00e9atoires, du moins non d\u00e9cisives.<\/p>\n<p>Puissance et endettement des Etats !<\/p>\n<p>Si nous insistons dans notre pr\u00e9ambule sur ces aspects, c\u2019est que le commun des mortels a une mauvaise appr\u00e9hension de la dette publique. Sans doute, pense-t-il que plus un pays s\u2019endette plus il est fragilis\u00e9 et soumis \u00e0 des pressions, quelle qu\u2019en soit la nature.<\/p>\n<p>Pressions de nature \u00e9conomique, en ce sens que la dette publique g\u00e9n\u00e8re de l\u2019inflation, ce qui est d\u2019ailleurs vrai. Pressions politiques (ing\u00e9rence des cr\u00e9anciers dans la politique interne du pays d\u00e9biteur ou des institutions financi\u00e8res dans les choix \u00e9conomiques des Etats, comme c\u2019est le cas du FMI).<\/p>\n<p>Le commun des mortels ne sait pas, cependant, que, paradoxalement, les pays les plus puissants du monde sont ceux qui ont un volume de dette publique faramineux.<\/p>\n<p>Cette dette \u00e9quivaut \u00e0 deux, parfois m\u00eame \u00e0 trois fois leur PIB. A vous d\u2019en juger : le Japon, pourtant synonyme de prosp\u00e9rit\u00e9 et d&rsquo;avanc\u00e9es technologiques, est le deuxi\u00e8me pays le plus endett\u00e9 au monde (derri\u00e8re le Venezuela), avec une dette publique qui a atteint 266% du produit int\u00e9rieur brut en 2021.<\/p>\n<p>Quid de la dette de la Chine ? Eh bien, sachez qu\u2019elle a atteint, en 2021, 264% du PIB du pays. Encore que ce ratio a \u00e9t\u00e9 ralenti par le rebond de la croissance \u00e9conomique et le ralentissement de la distribution de cr\u00e9dit.<\/p>\n<p>Malgr\u00e9 que ce ratio d\u2019endettement donne des frissons, le pays de l\u2019Empire du Milieu n\u2019en reste pas l\u2019un des pays les plus puissants du monde, en concurrence avec le Japon pour la deuxi\u00e8me place du podium.<\/p>\n<p>Moins soutenue que la Chine, la dette publique de la France reste pour autant importante. \u00c0 la fin du deuxi\u00e8me trimestre 2022, elle s\u2019\u00e9tablit \u00e0 2916,8 milliards d\u2019euros. Exprim\u00e9e en point de PIB, elle est \u00e0 113,3%.<\/p>\n<p>Ceci \u00e9tant, la dette publique n\u2019est pas toujours synonyme de pauvret\u00e9, dans les pays puissants \u00e0 la culture boursi\u00e8re et mon\u00e9taire accomplie elle est un vecteur de croissance.<\/p>\n<p>Et nous alors ?<\/p>\n<p>Est-ce un euph\u00e9misme de dire que la dette publique de la Tunisie a atteint un point de non-retour ? Toute relative qu\u2019elle soit, cette dette est, certes, critique mais pas effrayante. S\u2019\u00e9tablissant fin ao\u00fbt \u00e0 109,620 milliards de dinars, soit 78,5% du PIB, cette dette peut se transformer en richesse et en vecteur de d\u00e9veloppement.<\/p>\n<p>Cela, bien entendu, si elle est affect\u00e9e \u00e0 bon escient, si les objectifs qui lui sont assign\u00e9s sont atteints et si les pouvoirs publics font preuve de transparence dans sa gestion. Si seulement si cela se concr\u00e9tise, la Tunisie se d\u00e9barrassera \u00e0 jamais de cet \u00e9cueil que nous avons \u00e9lev\u00e9, nous-m\u00eames, par mauvaise gouvernance, au rang de fardeau infranchissable.<\/p>\n<p>Puisse la place du cr\u00e9dit dans notre pratique quotidienne changer de vocation. Qu\u2019il s\u2019agisse de l\u2019Etat, de l\u2019entreprise ou du m\u00e9nage, quand le cr\u00e9dit est bien employ\u00e9 il devient source de richesse. Ne dit-on pas que plus on s\u2019endette plus on s\u2019enrichit !<\/p>\n","protected":false},"excerpt":{"rendered":"<p>Les dettes publiques des Etats sont n\u00e9fastes et deviennent insoutenables quand elles sont mal employ\u00e9es et affect\u00e9es \u00e0 des fins non productives. Un Eta<\/p>\n","protected":false},"author":3186,"featured_media":370344,"comment_status":"open","ping_status":"open","sticky":false,"template":"","format":"standard","meta":{"footnotes":""},"categories":[44],"tags":[6237,2608],"class_list":["post-199242","post","type-post","status-publish","format-standard","has-post-thumbnail","hentry","category-national","tag-dette-publique","tag-tunisie"],"yoast_head":"<!-- This site is optimized with the Yoast SEO Premium plugin v27.5 (Yoast SEO v27.5) - https:\/\/yoast.com\/product\/yoast-seo-premium-wordpress\/ -->\n<title>Dans la dette, on s\u2019abstient !<\/title>\n<meta name=\"description\" content=\"Les dettes publiques des Etats sont n\u00e9fastes et deviennent insoutenables quand elles sont mal employ\u00e9es et affect\u00e9es \u00e0 des fins non productives. Un Etat qui fai...\" \/>\n<link rel=\"canonical\" href=\"https:\/\/www.webdo.tn\/fr\/actualite\/national\/dans-la-dette-on-s-abstient\/199242\/\" \/>\n<meta property=\"og:locale\" content=\"fr_FR\" \/>\n<meta property=\"og:type\" content=\"article\" \/>\n<meta property=\"og:title\" content=\"Dans la dette, on s\u2019abstient !\" \/>\n<meta property=\"og:description\" content=\"Les dettes publiques des Etats sont n\u00e9fastes et deviennent insoutenables quand elles sont mal employ\u00e9es et affect\u00e9es \u00e0 des fins non productives. Un Etat qui fai...\" \/>\n<meta property=\"og:url\" content=\"https:\/\/www.webdo.tn\/fr\/actualite\/national\/dans-la-dette-on-s-abstient\/199242\/\" \/>\n<meta property=\"og:site_name\" content=\"webdo\" \/>\n<meta property=\"article:publisher\" content=\"https:\/\/www.facebook.com\/webdotn\" \/>\n<meta property=\"article:published_time\" content=\"2022-11-22T09:07:00+00:00\" \/>\n<meta property=\"og:image\" content=\"https:\/\/www.webdo.tn\/fr\/wp-content\/uploads\/2025\/06\/db8319479f8a8baefecabba20e13b0c1_199242.jpg\" \/>\n\t<meta property=\"og:image:width\" content=\"750\" \/>\n\t<meta property=\"og:image:height\" content=\"400\" \/>\n\t<meta property=\"og:image:type\" content=\"image\/jpeg\" \/>\n<meta name=\"author\" content=\"Chahir Chakroun\" \/>\n<meta name=\"twitter:card\" content=\"summary_large_image\" \/>\n<meta name=\"twitter:creator\" content=\"@webdo_tn\" \/>\n<meta name=\"twitter:site\" content=\"@webdo_tn\" \/>\n<meta name=\"twitter:label1\" content=\"\u00c9crit par\" \/>\n\t<meta name=\"twitter:data1\" content=\"Chahir Chakroun\" \/>\n\t<meta name=\"twitter:label2\" content=\"Dur\u00e9e de lecture estim\u00e9e\" \/>\n\t<meta name=\"twitter:data2\" content=\"3 minutes\" \/>\n<script type=\"application\/ld+json\" class=\"yoast-schema-graph\">{\"@context\":\"https:\\\/\\\/schema.org\",\"@graph\":[{\"@type\":\"NewsArticle\",\"@id\":\"https:\\\/\\\/www.webdo.tn\\\/fr\\\/actualite\\\/national\\\/dans-la-dette-on-s-abstient\\\/199242\\\/#article\",\"isPartOf\":{\"@id\":\"https:\\\/\\\/www.webdo.tn\\\/fr\\\/actualite\\\/national\\\/dans-la-dette-on-s-abstient\\\/199242\\\/\"},\"author\":{\"name\":\"Chahir Chakroun\",\"@id\":\"https:\\\/\\\/www.webdo.tn\\\/fr\\\/#\\\/schema\\\/person\\\/3f41e9e13a5b28b1e090b453bf179656\"},\"headline\":\"Dans la dette, on s\u2019abstient !\",\"datePublished\":\"2022-11-22T09:07:00+00:00\",\"mainEntityOfPage\":{\"@id\":\"https:\\\/\\\/www.webdo.tn\\\/fr\\\/actualite\\\/national\\\/dans-la-dette-on-s-abstient\\\/199242\\\/\"},\"wordCount\":685,\"commentCount\":0,\"publisher\":{\"@id\":\"https:\\\/\\\/www.webdo.tn\\\/fr\\\/#organization\"},\"image\":{\"@id\":\"https:\\\/\\\/www.webdo.tn\\\/fr\\\/actualite\\\/national\\\/dans-la-dette-on-s-abstient\\\/199242\\\/#primaryimage\"},\"thumbnailUrl\":\"https:\\\/\\\/www.webdo.tn\\\/fr\\\/wp-content\\\/uploads\\\/2025\\\/06\\\/db8319479f8a8baefecabba20e13b0c1_199242.jpg\",\"keywords\":[\"Dette publique\",\"Tunisie\"],\"articleSection\":[\"National\"],\"inLanguage\":\"fr-FR\"},{\"@type\":\"WebPage\",\"@id\":\"https:\\\/\\\/www.webdo.tn\\\/fr\\\/actualite\\\/national\\\/dans-la-dette-on-s-abstient\\\/199242\\\/\",\"url\":\"https:\\\/\\\/www.webdo.tn\\\/fr\\\/actualite\\\/national\\\/dans-la-dette-on-s-abstient\\\/199242\\\/\",\"name\":\"Dans la dette, on s\u2019abstient !\",\"isPartOf\":{\"@id\":\"https:\\\/\\\/www.webdo.tn\\\/fr\\\/#website\"},\"primaryImageOfPage\":{\"@id\":\"https:\\\/\\\/www.webdo.tn\\\/fr\\\/actualite\\\/national\\\/dans-la-dette-on-s-abstient\\\/199242\\\/#primaryimage\"},\"image\":{\"@id\":\"https:\\\/\\\/www.webdo.tn\\\/fr\\\/actualite\\\/national\\\/dans-la-dette-on-s-abstient\\\/199242\\\/#primaryimage\"},\"thumbnailUrl\":\"https:\\\/\\\/www.webdo.tn\\\/fr\\\/wp-content\\\/uploads\\\/2025\\\/06\\\/db8319479f8a8baefecabba20e13b0c1_199242.jpg\",\"datePublished\":\"2022-11-22T09:07:00+00:00\",\"description\":\"Les dettes publiques des Etats sont n\u00e9fastes et deviennent insoutenables quand elles sont mal employ\u00e9es et affect\u00e9es \u00e0 des fins non productives. Un Etat qui fai...\",\"breadcrumb\":{\"@id\":\"https:\\\/\\\/www.webdo.tn\\\/fr\\\/actualite\\\/national\\\/dans-la-dette-on-s-abstient\\\/199242\\\/#breadcrumb\"},\"inLanguage\":\"fr-FR\",\"potentialAction\":[{\"@type\":\"ReadAction\",\"target\":[\"https:\\\/\\\/www.webdo.tn\\\/fr\\\/actualite\\\/national\\\/dans-la-dette-on-s-abstient\\\/199242\\\/\"]}]},{\"@type\":\"ImageObject\",\"inLanguage\":\"fr-FR\",\"@id\":\"https:\\\/\\\/www.webdo.tn\\\/fr\\\/actualite\\\/national\\\/dans-la-dette-on-s-abstient\\\/199242\\\/#primaryimage\",\"url\":\"https:\\\/\\\/www.webdo.tn\\\/fr\\\/wp-content\\\/uploads\\\/2025\\\/06\\\/db8319479f8a8baefecabba20e13b0c1_199242.jpg\",\"contentUrl\":\"https:\\\/\\\/www.webdo.tn\\\/fr\\\/wp-content\\\/uploads\\\/2025\\\/06\\\/db8319479f8a8baefecabba20e13b0c1_199242.jpg\",\"width\":750,\"height\":400,\"caption\":\"Est-ce un euph\u00e9misme de dire que la dette publique de la Tunisie a atteint un point de non-retour ?\"},{\"@type\":\"BreadcrumbList\",\"@id\":\"https:\\\/\\\/www.webdo.tn\\\/fr\\\/actualite\\\/national\\\/dans-la-dette-on-s-abstient\\\/199242\\\/#breadcrumb\",\"itemListElement\":[{\"@type\":\"ListItem\",\"position\":1,\"name\":\"Accueil\",\"item\":\"https:\\\/\\\/www.webdo.tn\\\/fr\\\/\"},{\"@type\":\"ListItem\",\"position\":2,\"name\":\"Dans la dette, on s\u2019abstient !\"}]},{\"@type\":\"WebSite\",\"@id\":\"https:\\\/\\\/www.webdo.tn\\\/fr\\\/#website\",\"url\":\"https:\\\/\\\/www.webdo.tn\\\/fr\\\/\",\"name\":\"webdo\",\"description\":\"Tunisie - News en Tunisie et \u00e0 l&#039;international sur Webdo.tn\",\"publisher\":{\"@id\":\"https:\\\/\\\/www.webdo.tn\\\/fr\\\/#organization\"},\"potentialAction\":[{\"@type\":\"SearchAction\",\"target\":{\"@type\":\"EntryPoint\",\"urlTemplate\":\"https:\\\/\\\/www.webdo.tn\\\/fr\\\/?s={search_term_string}\"},\"query-input\":{\"@type\":\"PropertyValueSpecification\",\"valueRequired\":true,\"valueName\":\"search_term_string\"}}],\"inLanguage\":\"fr-FR\"},{\"@type\":\"Organization\",\"@id\":\"https:\\\/\\\/www.webdo.tn\\\/fr\\\/#organization\",\"name\":\"Webdo\",\"alternateName\":\"Webdo.tn\",\"url\":\"https:\\\/\\\/www.webdo.tn\\\/fr\\\/\",\"logo\":{\"@type\":\"ImageObject\",\"inLanguage\":\"fr-FR\",\"@id\":\"https:\\\/\\\/www.webdo.tn\\\/fr\\\/#\\\/schema\\\/logo\\\/image\\\/\",\"url\":\"https:\\\/\\\/www.webdo.tn\\\/fr\\\/wp-content\\\/uploads\\\/2025\\\/06\\\/Webdo-Tunisie_168377.jpg\",\"contentUrl\":\"https:\\\/\\\/www.webdo.tn\\\/fr\\\/wp-content\\\/uploads\\\/2025\\\/06\\\/Webdo-Tunisie_168377.jpg\",\"width\":301,\"height\":301,\"caption\":\"Webdo\"},\"image\":{\"@id\":\"https:\\\/\\\/www.webdo.tn\\\/fr\\\/#\\\/schema\\\/logo\\\/image\\\/\"},\"sameAs\":[\"https:\\\/\\\/www.facebook.com\\\/webdotn\",\"https:\\\/\\\/x.com\\\/webdo_tn\"],\"description\":\"Webdo est un m\u00e9dia num\u00e9rique tunisien fond\u00e9 en 2010, sp\u00e9cialis\u00e9 dans l\u2019actualit\u00e9 nationale et internationale, l\u2019\u00e9conomie, la soci\u00e9t\u00e9 et les analyses politiques. Le site s\u2019adresse \u00e0 un large public francophone et couvre l\u2019information tunisienne en temps r\u00e9el.\",\"email\":\"redac@webdo.tn\",\"legalName\":\"YNJ SARL\",\"foundingDate\":\"2010-09-06\",\"numberOfEmployees\":{\"@type\":\"QuantitativeValue\",\"minValue\":\"11\",\"maxValue\":\"50\"}},{\"@type\":\"Person\",\"@id\":\"https:\\\/\\\/www.webdo.tn\\\/fr\\\/#\\\/schema\\\/person\\\/3f41e9e13a5b28b1e090b453bf179656\",\"name\":\"Chahir Chakroun\",\"image\":{\"@type\":\"ImageObject\",\"inLanguage\":\"fr-FR\",\"@id\":\"https:\\\/\\\/secure.gravatar.com\\\/avatar\\\/7dc3cc20cf423eeea436bd24c5e8be46b96eeb7d8993ae5b47f74a1f18821d8a?s=96&d=mm&r=g\",\"url\":\"https:\\\/\\\/secure.gravatar.com\\\/avatar\\\/7dc3cc20cf423eeea436bd24c5e8be46b96eeb7d8993ae5b47f74a1f18821d8a?s=96&d=mm&r=g\",\"contentUrl\":\"https:\\\/\\\/secure.gravatar.com\\\/avatar\\\/7dc3cc20cf423eeea436bd24c5e8be46b96eeb7d8993ae5b47f74a1f18821d8a?s=96&d=mm&r=g\",\"caption\":\"Chahir Chakroun\"},\"url\":\"https:\\\/\\\/www.webdo.tn\\\/fr\\\/actualite\\\/author\\\/chahir-chakroun\\\/\"}]}<\/script>\n<!-- \/ Yoast SEO Premium plugin. -->","yoast_head_json":{"title":"Dans la dette, on s\u2019abstient !","description":"Les dettes publiques des Etats sont n\u00e9fastes et deviennent insoutenables quand elles sont mal employ\u00e9es et affect\u00e9es \u00e0 des fins non productives. Un Etat qui fai...","canonical":"https:\/\/www.webdo.tn\/fr\/actualite\/national\/dans-la-dette-on-s-abstient\/199242\/","og_locale":"fr_FR","og_type":"article","og_title":"Dans la dette, on s\u2019abstient !","og_description":"Les dettes publiques des Etats sont n\u00e9fastes et deviennent insoutenables quand elles sont mal employ\u00e9es et affect\u00e9es \u00e0 des fins non productives. Un Etat qui fai...","og_url":"https:\/\/www.webdo.tn\/fr\/actualite\/national\/dans-la-dette-on-s-abstient\/199242\/","og_site_name":"webdo","article_publisher":"https:\/\/www.facebook.com\/webdotn","article_published_time":"2022-11-22T09:07:00+00:00","og_image":[{"width":750,"height":400,"url":"https:\/\/www.webdo.tn\/fr\/wp-content\/uploads\/2025\/06\/db8319479f8a8baefecabba20e13b0c1_199242.jpg","type":"image\/jpeg"}],"author":"Chahir Chakroun","twitter_card":"summary_large_image","twitter_creator":"@webdo_tn","twitter_site":"@webdo_tn","twitter_misc":{"\u00c9crit par":"Chahir Chakroun","Dur\u00e9e de lecture estim\u00e9e":"3 minutes"},"schema":{"@context":"https:\/\/schema.org","@graph":[{"@type":"NewsArticle","@id":"https:\/\/www.webdo.tn\/fr\/actualite\/national\/dans-la-dette-on-s-abstient\/199242\/#article","isPartOf":{"@id":"https:\/\/www.webdo.tn\/fr\/actualite\/national\/dans-la-dette-on-s-abstient\/199242\/"},"author":{"name":"Chahir Chakroun","@id":"https:\/\/www.webdo.tn\/fr\/#\/schema\/person\/3f41e9e13a5b28b1e090b453bf179656"},"headline":"Dans la dette, on s\u2019abstient !","datePublished":"2022-11-22T09:07:00+00:00","mainEntityOfPage":{"@id":"https:\/\/www.webdo.tn\/fr\/actualite\/national\/dans-la-dette-on-s-abstient\/199242\/"},"wordCount":685,"commentCount":0,"publisher":{"@id":"https:\/\/www.webdo.tn\/fr\/#organization"},"image":{"@id":"https:\/\/www.webdo.tn\/fr\/actualite\/national\/dans-la-dette-on-s-abstient\/199242\/#primaryimage"},"thumbnailUrl":"https:\/\/www.webdo.tn\/fr\/wp-content\/uploads\/2025\/06\/db8319479f8a8baefecabba20e13b0c1_199242.jpg","keywords":["Dette publique","Tunisie"],"articleSection":["National"],"inLanguage":"fr-FR"},{"@type":"WebPage","@id":"https:\/\/www.webdo.tn\/fr\/actualite\/national\/dans-la-dette-on-s-abstient\/199242\/","url":"https:\/\/www.webdo.tn\/fr\/actualite\/national\/dans-la-dette-on-s-abstient\/199242\/","name":"Dans la dette, on s\u2019abstient !","isPartOf":{"@id":"https:\/\/www.webdo.tn\/fr\/#website"},"primaryImageOfPage":{"@id":"https:\/\/www.webdo.tn\/fr\/actualite\/national\/dans-la-dette-on-s-abstient\/199242\/#primaryimage"},"image":{"@id":"https:\/\/www.webdo.tn\/fr\/actualite\/national\/dans-la-dette-on-s-abstient\/199242\/#primaryimage"},"thumbnailUrl":"https:\/\/www.webdo.tn\/fr\/wp-content\/uploads\/2025\/06\/db8319479f8a8baefecabba20e13b0c1_199242.jpg","datePublished":"2022-11-22T09:07:00+00:00","description":"Les dettes publiques des Etats sont n\u00e9fastes et deviennent insoutenables quand elles sont mal employ\u00e9es et affect\u00e9es \u00e0 des fins non productives. Un Etat qui fai...","breadcrumb":{"@id":"https:\/\/www.webdo.tn\/fr\/actualite\/national\/dans-la-dette-on-s-abstient\/199242\/#breadcrumb"},"inLanguage":"fr-FR","potentialAction":[{"@type":"ReadAction","target":["https:\/\/www.webdo.tn\/fr\/actualite\/national\/dans-la-dette-on-s-abstient\/199242\/"]}]},{"@type":"ImageObject","inLanguage":"fr-FR","@id":"https:\/\/www.webdo.tn\/fr\/actualite\/national\/dans-la-dette-on-s-abstient\/199242\/#primaryimage","url":"https:\/\/www.webdo.tn\/fr\/wp-content\/uploads\/2025\/06\/db8319479f8a8baefecabba20e13b0c1_199242.jpg","contentUrl":"https:\/\/www.webdo.tn\/fr\/wp-content\/uploads\/2025\/06\/db8319479f8a8baefecabba20e13b0c1_199242.jpg","width":750,"height":400,"caption":"Est-ce un euph\u00e9misme de dire que la dette publique de la Tunisie a atteint un point de non-retour ?"},{"@type":"BreadcrumbList","@id":"https:\/\/www.webdo.tn\/fr\/actualite\/national\/dans-la-dette-on-s-abstient\/199242\/#breadcrumb","itemListElement":[{"@type":"ListItem","position":1,"name":"Accueil","item":"https:\/\/www.webdo.tn\/fr\/"},{"@type":"ListItem","position":2,"name":"Dans la dette, on s\u2019abstient !"}]},{"@type":"WebSite","@id":"https:\/\/www.webdo.tn\/fr\/#website","url":"https:\/\/www.webdo.tn\/fr\/","name":"webdo","description":"Tunisie - News en Tunisie et \u00e0 l&#039;international sur Webdo.tn","publisher":{"@id":"https:\/\/www.webdo.tn\/fr\/#organization"},"potentialAction":[{"@type":"SearchAction","target":{"@type":"EntryPoint","urlTemplate":"https:\/\/www.webdo.tn\/fr\/?s={search_term_string}"},"query-input":{"@type":"PropertyValueSpecification","valueRequired":true,"valueName":"search_term_string"}}],"inLanguage":"fr-FR"},{"@type":"Organization","@id":"https:\/\/www.webdo.tn\/fr\/#organization","name":"Webdo","alternateName":"Webdo.tn","url":"https:\/\/www.webdo.tn\/fr\/","logo":{"@type":"ImageObject","inLanguage":"fr-FR","@id":"https:\/\/www.webdo.tn\/fr\/#\/schema\/logo\/image\/","url":"https:\/\/www.webdo.tn\/fr\/wp-content\/uploads\/2025\/06\/Webdo-Tunisie_168377.jpg","contentUrl":"https:\/\/www.webdo.tn\/fr\/wp-content\/uploads\/2025\/06\/Webdo-Tunisie_168377.jpg","width":301,"height":301,"caption":"Webdo"},"image":{"@id":"https:\/\/www.webdo.tn\/fr\/#\/schema\/logo\/image\/"},"sameAs":["https:\/\/www.facebook.com\/webdotn","https:\/\/x.com\/webdo_tn"],"description":"Webdo est un m\u00e9dia num\u00e9rique tunisien fond\u00e9 en 2010, sp\u00e9cialis\u00e9 dans l\u2019actualit\u00e9 nationale et internationale, l\u2019\u00e9conomie, la soci\u00e9t\u00e9 et les analyses politiques. Le site s\u2019adresse \u00e0 un large public francophone et couvre l\u2019information tunisienne en temps r\u00e9el.","email":"redac@webdo.tn","legalName":"YNJ SARL","foundingDate":"2010-09-06","numberOfEmployees":{"@type":"QuantitativeValue","minValue":"11","maxValue":"50"}},{"@type":"Person","@id":"https:\/\/www.webdo.tn\/fr\/#\/schema\/person\/3f41e9e13a5b28b1e090b453bf179656","name":"Chahir Chakroun","image":{"@type":"ImageObject","inLanguage":"fr-FR","@id":"https:\/\/secure.gravatar.com\/avatar\/7dc3cc20cf423eeea436bd24c5e8be46b96eeb7d8993ae5b47f74a1f18821d8a?s=96&d=mm&r=g","url":"https:\/\/secure.gravatar.com\/avatar\/7dc3cc20cf423eeea436bd24c5e8be46b96eeb7d8993ae5b47f74a1f18821d8a?s=96&d=mm&r=g","contentUrl":"https:\/\/secure.gravatar.com\/avatar\/7dc3cc20cf423eeea436bd24c5e8be46b96eeb7d8993ae5b47f74a1f18821d8a?s=96&d=mm&r=g","caption":"Chahir Chakroun"},"url":"https:\/\/www.webdo.tn\/fr\/actualite\/author\/chahir-chakroun\/"}]}},"_links":{"self":[{"href":"https:\/\/www.webdo.tn\/fr\/wp-json\/wp\/v2\/posts\/199242","targetHints":{"allow":["GET"]}}],"collection":[{"href":"https:\/\/www.webdo.tn\/fr\/wp-json\/wp\/v2\/posts"}],"about":[{"href":"https:\/\/www.webdo.tn\/fr\/wp-json\/wp\/v2\/types\/post"}],"author":[{"embeddable":true,"href":"https:\/\/www.webdo.tn\/fr\/wp-json\/wp\/v2\/users\/3186"}],"replies":[{"embeddable":true,"href":"https:\/\/www.webdo.tn\/fr\/wp-json\/wp\/v2\/comments?post=199242"}],"version-history":[{"count":0,"href":"https:\/\/www.webdo.tn\/fr\/wp-json\/wp\/v2\/posts\/199242\/revisions"}],"wp:featuredmedia":[{"embeddable":true,"href":"https:\/\/www.webdo.tn\/fr\/wp-json\/wp\/v2\/media\/370344"}],"wp:attachment":[{"href":"https:\/\/www.webdo.tn\/fr\/wp-json\/wp\/v2\/media?parent=199242"}],"wp:term":[{"taxonomy":"category","embeddable":true,"href":"https:\/\/www.webdo.tn\/fr\/wp-json\/wp\/v2\/categories?post=199242"},{"taxonomy":"post_tag","embeddable":true,"href":"https:\/\/www.webdo.tn\/fr\/wp-json\/wp\/v2\/tags?post=199242"}],"curies":[{"name":"wp","href":"https:\/\/api.w.org\/{rel}","templated":true}]}}