{"id":199237,"date":"2022-11-22T09:23:00","date_gmt":"2022-11-22T09:23:00","guid":{"rendered":"https:\/\/www.webdo.tn\/fr\/blog\/tunisie-danemark-les-fonctionnaires-de-la-municipalite-du-kram-prennent-conge\/199237\/"},"modified":"2025-05-20T22:05:54","modified_gmt":"2025-05-20T22:05:54","slug":"tunisie-danemark-les-fonctionnaires-de-la-municipalite-du-kram-prennent-conge","status":"publish","type":"post","link":"https:\/\/www.webdo.tn\/fr\/actualite\/national\/tunisie-danemark-les-fonctionnaires-de-la-municipalite-du-kram-prennent-conge\/199237\/","title":{"rendered":"Tunisie \u2013 Danemark : Les fonctionnaires de la municipalit\u00e9 du Kram prennent cong\u00e9"},"content":{"rendered":"<p>Des fonctionnaires de l\u2019Etat ont \u00e9t\u00e9 officiellement autoris\u00e9s \u00e0 prendre cong\u00e9 afin de suivre le match d\u2019aujourd\u2019hui entre la S\u00e9lection nationale et le Danemark en Coupe du monde.<\/p>\n<p>\t\t\t\t\t\t\t\t\tEn effet, la municipalit\u00e9 du Kram, dirig\u00e9e par Fethi La\u00e2youni, a autoris\u00e9 ses employ\u00e9s \u00e0 quitter leur poste, ce mardi 22 novembre, afin de suivre Tunisie \u2013 Danemark.<\/p>\n<p>Une autorisation sp\u00e9ciale d\u00e9livr\u00e9e via un communiqu\u00e9 publi\u00e9 par la municipalit\u00e9 qui leur permettra de quitter leur poste, aujourd\u2019hui \u00e0 partir de 13h30, et mercredi 30 novembre \u00e0 partir de 15h30 pour suivre Tunisie \u2013 France.<\/p>\n<p>Fethi La\u00e2youni pr\u00e9cise, dans le communiqu\u00e9 sign\u00e9 par ses soins que les services municipaux seront toutefois assur\u00e9s durant l\u2019absence de ses agents et employ\u00e9s !<\/p>\n","protected":false},"excerpt":{"rendered":"<p>Des fonctionnaires de l\u2019Etat ont \u00e9t\u00e9 officiellement autoris\u00e9s \u00e0 prendre cong\u00e9 afin de suivre le match d\u2019aujourd\u2019hui entre la S\u00e9lection nationale et le Danemark&#8230;<\/p>\n","protected":false},"author":3162,"featured_media":277297,"comment_status":"open","ping_status":"closed","sticky":false,"template":"","format":"standard","meta":{"footnotes":""},"categories":[44],"tags":[3715,4066,2950],"class_list":["post-199237","post","type-post","status-publish","format-standard","has-post-thumbnail","hentry","category-national","tag-absenteisme","tag-coupe-du-monde","tag-le-kram"],"yoast_head":"<!-- This site is optimized with the Yoast SEO Premium plugin v27.5 (Yoast SEO v27.5) - https:\/\/yoast.com\/product\/yoast-seo-premium-wordpress\/ -->\n<title>Tunisie \u2013 Danemark : Les fonctionnaires de la municipalit\u00e9 du Kram prennent cong\u00e9<\/title>\n<meta name=\"description\" content=\"Des fonctionnaires de l\u2019Etat ont \u00e9t\u00e9 officiellement autoris\u00e9s \u00e0 prendre cong\u00e9 afin de suivre le match d\u2019aujourd\u2019hui entre la S\u00e9lection nationale et le Danemark...\" \/>\n<link rel=\"canonical\" href=\"https:\/\/www.webdo.tn\/fr\/actualite\/national\/tunisie-danemark-les-fonctionnaires-de-la-municipalite-du-kram-prennent-conge\/199237\/\" \/>\n<meta property=\"og:locale\" content=\"fr_FR\" \/>\n<meta property=\"og:type\" content=\"article\" \/>\n<meta property=\"og:title\" content=\"Tunisie \u2013 Danemark : Les fonctionnaires de la municipalit\u00e9 du Kram prennent cong\u00e9\" \/>\n<meta property=\"og:description\" content=\"Des fonctionnaires de l\u2019Etat ont \u00e9t\u00e9 officiellement autoris\u00e9s \u00e0 prendre cong\u00e9 afin de suivre le match d\u2019aujourd\u2019hui entre la S\u00e9lection nationale et le Danemark...\" \/>\n<meta property=\"og:url\" content=\"https:\/\/www.webdo.tn\/fr\/actualite\/national\/tunisie-danemark-les-fonctionnaires-de-la-municipalite-du-kram-prennent-conge\/199237\/\" \/>\n<meta property=\"og:site_name\" content=\"webdo\" \/>\n<meta property=\"article:publisher\" content=\"https:\/\/www.facebook.com\/webdotn\" \/>\n<meta property=\"article:published_time\" content=\"2022-11-22T09:23:00+00:00\" \/>\n<meta property=\"article:modified_time\" content=\"2025-05-20T22:05:54+00:00\" \/>\n<meta property=\"og:image\" content=\"https:\/\/www.webdo.tn\/fr\/wp-content\/uploads\/2022\/11\/f9b4061c2e7fe414d2af4e08e55b4adc.jpg\" \/>\n\t<meta property=\"og:image:width\" content=\"750\" \/>\n\t<meta property=\"og:image:height\" content=\"400\" \/>\n\t<meta property=\"og:image:type\" content=\"image\/jpeg\" \/>\n<meta name=\"author\" content=\"MC\" \/>\n<meta name=\"twitter:card\" content=\"summary_large_image\" \/>\n<meta name=\"twitter:creator\" content=\"@webdo_tn\" \/>\n<meta name=\"twitter:site\" content=\"@webdo_tn\" \/>\n<meta name=\"twitter:label1\" content=\"\u00c9crit par\" \/>\n\t<meta name=\"twitter:data1\" content=\"MC\" \/>\n\t<meta name=\"twitter:label2\" content=\"Dur\u00e9e de lecture estim\u00e9e\" \/>\n\t<meta name=\"twitter:data2\" content=\"1 minute\" \/>\n<script type=\"application\/ld+json\" class=\"yoast-schema-graph\">{\"@context\":\"https:\\\/\\\/schema.org\",\"@graph\":[{\"@type\":\"NewsArticle\",\"@id\":\"https:\\\/\\\/www.webdo.tn\\\/fr\\\/actualite\\\/national\\\/tunisie-danemark-les-fonctionnaires-de-la-municipalite-du-kram-prennent-conge\\\/199237\\\/#article\",\"isPartOf\":{\"@id\":\"https:\\\/\\\/www.webdo.tn\\\/fr\\\/actualite\\\/national\\\/tunisie-danemark-les-fonctionnaires-de-la-municipalite-du-kram-prennent-conge\\\/199237\\\/\"},\"author\":{\"name\":\"MC\",\"@id\":\"https:\\\/\\\/www.webdo.tn\\\/fr\\\/#\\\/schema\\\/person\\\/2c4929cbf5a809e3bd38617c6ce150f6\"},\"headline\":\"Tunisie \u2013 Danemark : Les fonctionnaires de la municipalit\u00e9 du Kram prennent cong\u00e9\",\"datePublished\":\"2022-11-22T09:23:00+00:00\",\"dateModified\":\"2025-05-20T22:05:54+00:00\",\"mainEntityOfPage\":{\"@id\":\"https:\\\/\\\/www.webdo.tn\\\/fr\\\/actualite\\\/national\\\/tunisie-danemark-les-fonctionnaires-de-la-municipalite-du-kram-prennent-conge\\\/199237\\\/\"},\"wordCount\":136,\"commentCount\":0,\"publisher\":{\"@id\":\"https:\\\/\\\/www.webdo.tn\\\/fr\\\/#organization\"},\"image\":{\"@id\":\"https:\\\/\\\/www.webdo.tn\\\/fr\\\/actualite\\\/national\\\/tunisie-danemark-les-fonctionnaires-de-la-municipalite-du-kram-prennent-conge\\\/199237\\\/#primaryimage\"},\"thumbnailUrl\":\"https:\\\/\\\/www.webdo.tn\\\/fr\\\/wp-content\\\/uploads\\\/2022\\\/11\\\/f9b4061c2e7fe414d2af4e08e55b4adc.jpg\",\"keywords\":[\"absent\u00e9isme\",\"Coupe du Monde\",\"le kram\"],\"articleSection\":[\"National\"],\"inLanguage\":\"fr-FR\"},{\"@type\":\"WebPage\",\"@id\":\"https:\\\/\\\/www.webdo.tn\\\/fr\\\/actualite\\\/national\\\/tunisie-danemark-les-fonctionnaires-de-la-municipalite-du-kram-prennent-conge\\\/199237\\\/\",\"url\":\"https:\\\/\\\/www.webdo.tn\\\/fr\\\/actualite\\\/national\\\/tunisie-danemark-les-fonctionnaires-de-la-municipalite-du-kram-prennent-conge\\\/199237\\\/\",\"name\":\"Tunisie \u2013 Danemark : Les fonctionnaires de la municipalit\u00e9 du Kram prennent cong\u00e9\",\"isPartOf\":{\"@id\":\"https:\\\/\\\/www.webdo.tn\\\/fr\\\/#website\"},\"primaryImageOfPage\":{\"@id\":\"https:\\\/\\\/www.webdo.tn\\\/fr\\\/actualite\\\/national\\\/tunisie-danemark-les-fonctionnaires-de-la-municipalite-du-kram-prennent-conge\\\/199237\\\/#primaryimage\"},\"image\":{\"@id\":\"https:\\\/\\\/www.webdo.tn\\\/fr\\\/actualite\\\/national\\\/tunisie-danemark-les-fonctionnaires-de-la-municipalite-du-kram-prennent-conge\\\/199237\\\/#primaryimage\"},\"thumbnailUrl\":\"https:\\\/\\\/www.webdo.tn\\\/fr\\\/wp-content\\\/uploads\\\/2022\\\/11\\\/f9b4061c2e7fe414d2af4e08e55b4adc.jpg\",\"datePublished\":\"2022-11-22T09:23:00+00:00\",\"dateModified\":\"2025-05-20T22:05:54+00:00\",\"description\":\"Des fonctionnaires de l\u2019Etat ont \u00e9t\u00e9 officiellement autoris\u00e9s \u00e0 prendre cong\u00e9 afin de suivre le match d\u2019aujourd\u2019hui entre la S\u00e9lection nationale et le Danemark...\",\"breadcrumb\":{\"@id\":\"https:\\\/\\\/www.webdo.tn\\\/fr\\\/actualite\\\/national\\\/tunisie-danemark-les-fonctionnaires-de-la-municipalite-du-kram-prennent-conge\\\/199237\\\/#breadcrumb\"},\"inLanguage\":\"fr-FR\",\"potentialAction\":[{\"@type\":\"ReadAction\",\"target\":[\"https:\\\/\\\/www.webdo.tn\\\/fr\\\/actualite\\\/national\\\/tunisie-danemark-les-fonctionnaires-de-la-municipalite-du-kram-prennent-conge\\\/199237\\\/\"]}]},{\"@type\":\"ImageObject\",\"inLanguage\":\"fr-FR\",\"@id\":\"https:\\\/\\\/www.webdo.tn\\\/fr\\\/actualite\\\/national\\\/tunisie-danemark-les-fonctionnaires-de-la-municipalite-du-kram-prennent-conge\\\/199237\\\/#primaryimage\",\"url\":\"https:\\\/\\\/www.webdo.tn\\\/fr\\\/wp-content\\\/uploads\\\/2022\\\/11\\\/f9b4061c2e7fe414d2af4e08e55b4adc.jpg\",\"contentUrl\":\"https:\\\/\\\/www.webdo.tn\\\/fr\\\/wp-content\\\/uploads\\\/2022\\\/11\\\/f9b4061c2e7fe414d2af4e08e55b4adc.jpg\",\"width\":750,\"height\":400,\"caption\":\"Le maire du Kram, Fethi La\u00e2youni\"},{\"@type\":\"BreadcrumbList\",\"@id\":\"https:\\\/\\\/www.webdo.tn\\\/fr\\\/actualite\\\/national\\\/tunisie-danemark-les-fonctionnaires-de-la-municipalite-du-kram-prennent-conge\\\/199237\\\/#breadcrumb\",\"itemListElement\":[{\"@type\":\"ListItem\",\"position\":1,\"name\":\"Accueil\",\"item\":\"https:\\\/\\\/www.webdo.tn\\\/fr\\\/\"},{\"@type\":\"ListItem\",\"position\":2,\"name\":\"Tunisie \u2013 Danemark : Les fonctionnaires de la municipalit\u00e9 du Kram prennent cong\u00e9\"}]},{\"@type\":\"WebSite\",\"@id\":\"https:\\\/\\\/www.webdo.tn\\\/fr\\\/#website\",\"url\":\"https:\\\/\\\/www.webdo.tn\\\/fr\\\/\",\"name\":\"webdo\",\"description\":\"Tunisie - News en Tunisie et \u00e0 l&#039;international sur Webdo.tn\",\"publisher\":{\"@id\":\"https:\\\/\\\/www.webdo.tn\\\/fr\\\/#organization\"},\"potentialAction\":[{\"@type\":\"SearchAction\",\"target\":{\"@type\":\"EntryPoint\",\"urlTemplate\":\"https:\\\/\\\/www.webdo.tn\\\/fr\\\/?s={search_term_string}\"},\"query-input\":{\"@type\":\"PropertyValueSpecification\",\"valueRequired\":true,\"valueName\":\"search_term_string\"}}],\"inLanguage\":\"fr-FR\"},{\"@type\":\"Organization\",\"@id\":\"https:\\\/\\\/www.webdo.tn\\\/fr\\\/#organization\",\"name\":\"Webdo\",\"alternateName\":\"Webdo.tn\",\"url\":\"https:\\\/\\\/www.webdo.tn\\\/fr\\\/\",\"logo\":{\"@type\":\"ImageObject\",\"inLanguage\":\"fr-FR\",\"@id\":\"https:\\\/\\\/www.webdo.tn\\\/fr\\\/#\\\/schema\\\/logo\\\/image\\\/\",\"url\":\"https:\\\/\\\/www.webdo.tn\\\/fr\\\/wp-content\\\/uploads\\\/2025\\\/06\\\/Webdo-Tunisie_168377.jpg\",\"contentUrl\":\"https:\\\/\\\/www.webdo.tn\\\/fr\\\/wp-content\\\/uploads\\\/2025\\\/06\\\/Webdo-Tunisie_168377.jpg\",\"width\":301,\"height\":301,\"caption\":\"Webdo\"},\"image\":{\"@id\":\"https:\\\/\\\/www.webdo.tn\\\/fr\\\/#\\\/schema\\\/logo\\\/image\\\/\"},\"sameAs\":[\"https:\\\/\\\/www.facebook.com\\\/webdotn\",\"https:\\\/\\\/x.com\\\/webdo_tn\"],\"description\":\"Webdo est un m\u00e9dia num\u00e9rique tunisien fond\u00e9 en 2010, sp\u00e9cialis\u00e9 dans l\u2019actualit\u00e9 nationale et internationale, l\u2019\u00e9conomie, la soci\u00e9t\u00e9 et les analyses politiques. Le site s\u2019adresse \u00e0 un large public francophone et couvre l\u2019information tunisienne en temps r\u00e9el.\",\"email\":\"redac@webdo.tn\",\"legalName\":\"YNJ SARL\",\"foundingDate\":\"2010-09-06\",\"numberOfEmployees\":{\"@type\":\"QuantitativeValue\",\"minValue\":\"11\",\"maxValue\":\"50\"}},{\"@type\":\"Person\",\"@id\":\"https:\\\/\\\/www.webdo.tn\\\/fr\\\/#\\\/schema\\\/person\\\/2c4929cbf5a809e3bd38617c6ce150f6\",\"name\":\"MC\",\"image\":{\"@type\":\"ImageObject\",\"inLanguage\":\"fr-FR\",\"@id\":\"https:\\\/\\\/secure.gravatar.com\\\/avatar\\\/a545bbb6f84efdd5553dbbc2895e3ca8f1d12c5215e00a041c9670b54aa9b18a?s=96&d=mm&r=g\",\"url\":\"https:\\\/\\\/secure.gravatar.com\\\/avatar\\\/a545bbb6f84efdd5553dbbc2895e3ca8f1d12c5215e00a041c9670b54aa9b18a?s=96&d=mm&r=g\",\"contentUrl\":\"https:\\\/\\\/secure.gravatar.com\\\/avatar\\\/a545bbb6f84efdd5553dbbc2895e3ca8f1d12c5215e00a041c9670b54aa9b18a?s=96&d=mm&r=g\",\"caption\":\"MC\"},\"url\":\"https:\\\/\\\/www.webdo.tn\\\/fr\\\/actualite\\\/author\\\/mc\\\/\"}]}<\/script>\n<!-- \/ Yoast SEO Premium plugin. -->","yoast_head_json":{"title":"Tunisie \u2013 Danemark : Les fonctionnaires de la municipalit\u00e9 du Kram prennent cong\u00e9","description":"Des fonctionnaires de l\u2019Etat ont \u00e9t\u00e9 officiellement autoris\u00e9s \u00e0 prendre cong\u00e9 afin de suivre le match d\u2019aujourd\u2019hui entre la S\u00e9lection nationale et le Danemark...","canonical":"https:\/\/www.webdo.tn\/fr\/actualite\/national\/tunisie-danemark-les-fonctionnaires-de-la-municipalite-du-kram-prennent-conge\/199237\/","og_locale":"fr_FR","og_type":"article","og_title":"Tunisie \u2013 Danemark : Les fonctionnaires de la municipalit\u00e9 du Kram prennent cong\u00e9","og_description":"Des fonctionnaires de l\u2019Etat ont \u00e9t\u00e9 officiellement autoris\u00e9s \u00e0 prendre cong\u00e9 afin de suivre le match d\u2019aujourd\u2019hui entre la S\u00e9lection nationale et le Danemark...","og_url":"https:\/\/www.webdo.tn\/fr\/actualite\/national\/tunisie-danemark-les-fonctionnaires-de-la-municipalite-du-kram-prennent-conge\/199237\/","og_site_name":"webdo","article_publisher":"https:\/\/www.facebook.com\/webdotn","article_published_time":"2022-11-22T09:23:00+00:00","article_modified_time":"2025-05-20T22:05:54+00:00","og_image":[{"width":750,"height":400,"url":"https:\/\/www.webdo.tn\/fr\/wp-content\/uploads\/2022\/11\/f9b4061c2e7fe414d2af4e08e55b4adc.jpg","type":"image\/jpeg"}],"author":"MC","twitter_card":"summary_large_image","twitter_creator":"@webdo_tn","twitter_site":"@webdo_tn","twitter_misc":{"\u00c9crit par":"MC","Dur\u00e9e de lecture estim\u00e9e":"1 minute"},"schema":{"@context":"https:\/\/schema.org","@graph":[{"@type":"NewsArticle","@id":"https:\/\/www.webdo.tn\/fr\/actualite\/national\/tunisie-danemark-les-fonctionnaires-de-la-municipalite-du-kram-prennent-conge\/199237\/#article","isPartOf":{"@id":"https:\/\/www.webdo.tn\/fr\/actualite\/national\/tunisie-danemark-les-fonctionnaires-de-la-municipalite-du-kram-prennent-conge\/199237\/"},"author":{"name":"MC","@id":"https:\/\/www.webdo.tn\/fr\/#\/schema\/person\/2c4929cbf5a809e3bd38617c6ce150f6"},"headline":"Tunisie \u2013 Danemark : Les fonctionnaires de la municipalit\u00e9 du Kram prennent cong\u00e9","datePublished":"2022-11-22T09:23:00+00:00","dateModified":"2025-05-20T22:05:54+00:00","mainEntityOfPage":{"@id":"https:\/\/www.webdo.tn\/fr\/actualite\/national\/tunisie-danemark-les-fonctionnaires-de-la-municipalite-du-kram-prennent-conge\/199237\/"},"wordCount":136,"commentCount":0,"publisher":{"@id":"https:\/\/www.webdo.tn\/fr\/#organization"},"image":{"@id":"https:\/\/www.webdo.tn\/fr\/actualite\/national\/tunisie-danemark-les-fonctionnaires-de-la-municipalite-du-kram-prennent-conge\/199237\/#primaryimage"},"thumbnailUrl":"https:\/\/www.webdo.tn\/fr\/wp-content\/uploads\/2022\/11\/f9b4061c2e7fe414d2af4e08e55b4adc.jpg","keywords":["absent\u00e9isme","Coupe du Monde","le kram"],"articleSection":["National"],"inLanguage":"fr-FR"},{"@type":"WebPage","@id":"https:\/\/www.webdo.tn\/fr\/actualite\/national\/tunisie-danemark-les-fonctionnaires-de-la-municipalite-du-kram-prennent-conge\/199237\/","url":"https:\/\/www.webdo.tn\/fr\/actualite\/national\/tunisie-danemark-les-fonctionnaires-de-la-municipalite-du-kram-prennent-conge\/199237\/","name":"Tunisie \u2013 Danemark : Les fonctionnaires de la municipalit\u00e9 du Kram prennent cong\u00e9","isPartOf":{"@id":"https:\/\/www.webdo.tn\/fr\/#website"},"primaryImageOfPage":{"@id":"https:\/\/www.webdo.tn\/fr\/actualite\/national\/tunisie-danemark-les-fonctionnaires-de-la-municipalite-du-kram-prennent-conge\/199237\/#primaryimage"},"image":{"@id":"https:\/\/www.webdo.tn\/fr\/actualite\/national\/tunisie-danemark-les-fonctionnaires-de-la-municipalite-du-kram-prennent-conge\/199237\/#primaryimage"},"thumbnailUrl":"https:\/\/www.webdo.tn\/fr\/wp-content\/uploads\/2022\/11\/f9b4061c2e7fe414d2af4e08e55b4adc.jpg","datePublished":"2022-11-22T09:23:00+00:00","dateModified":"2025-05-20T22:05:54+00:00","description":"Des fonctionnaires de l\u2019Etat ont \u00e9t\u00e9 officiellement autoris\u00e9s \u00e0 prendre cong\u00e9 afin de suivre le match d\u2019aujourd\u2019hui entre la S\u00e9lection nationale et le Danemark...","breadcrumb":{"@id":"https:\/\/www.webdo.tn\/fr\/actualite\/national\/tunisie-danemark-les-fonctionnaires-de-la-municipalite-du-kram-prennent-conge\/199237\/#breadcrumb"},"inLanguage":"fr-FR","potentialAction":[{"@type":"ReadAction","target":["https:\/\/www.webdo.tn\/fr\/actualite\/national\/tunisie-danemark-les-fonctionnaires-de-la-municipalite-du-kram-prennent-conge\/199237\/"]}]},{"@type":"ImageObject","inLanguage":"fr-FR","@id":"https:\/\/www.webdo.tn\/fr\/actualite\/national\/tunisie-danemark-les-fonctionnaires-de-la-municipalite-du-kram-prennent-conge\/199237\/#primaryimage","url":"https:\/\/www.webdo.tn\/fr\/wp-content\/uploads\/2022\/11\/f9b4061c2e7fe414d2af4e08e55b4adc.jpg","contentUrl":"https:\/\/www.webdo.tn\/fr\/wp-content\/uploads\/2022\/11\/f9b4061c2e7fe414d2af4e08e55b4adc.jpg","width":750,"height":400,"caption":"Le maire du Kram, Fethi La\u00e2youni"},{"@type":"BreadcrumbList","@id":"https:\/\/www.webdo.tn\/fr\/actualite\/national\/tunisie-danemark-les-fonctionnaires-de-la-municipalite-du-kram-prennent-conge\/199237\/#breadcrumb","itemListElement":[{"@type":"ListItem","position":1,"name":"Accueil","item":"https:\/\/www.webdo.tn\/fr\/"},{"@type":"ListItem","position":2,"name":"Tunisie \u2013 Danemark : Les fonctionnaires de la municipalit\u00e9 du Kram prennent cong\u00e9"}]},{"@type":"WebSite","@id":"https:\/\/www.webdo.tn\/fr\/#website","url":"https:\/\/www.webdo.tn\/fr\/","name":"webdo","description":"Tunisie - News en Tunisie et \u00e0 l&#039;international sur Webdo.tn","publisher":{"@id":"https:\/\/www.webdo.tn\/fr\/#organization"},"potentialAction":[{"@type":"SearchAction","target":{"@type":"EntryPoint","urlTemplate":"https:\/\/www.webdo.tn\/fr\/?s={search_term_string}"},"query-input":{"@type":"PropertyValueSpecification","valueRequired":true,"valueName":"search_term_string"}}],"inLanguage":"fr-FR"},{"@type":"Organization","@id":"https:\/\/www.webdo.tn\/fr\/#organization","name":"Webdo","alternateName":"Webdo.tn","url":"https:\/\/www.webdo.tn\/fr\/","logo":{"@type":"ImageObject","inLanguage":"fr-FR","@id":"https:\/\/www.webdo.tn\/fr\/#\/schema\/logo\/image\/","url":"https:\/\/www.webdo.tn\/fr\/wp-content\/uploads\/2025\/06\/Webdo-Tunisie_168377.jpg","contentUrl":"https:\/\/www.webdo.tn\/fr\/wp-content\/uploads\/2025\/06\/Webdo-Tunisie_168377.jpg","width":301,"height":301,"caption":"Webdo"},"image":{"@id":"https:\/\/www.webdo.tn\/fr\/#\/schema\/logo\/image\/"},"sameAs":["https:\/\/www.facebook.com\/webdotn","https:\/\/x.com\/webdo_tn"],"description":"Webdo est un m\u00e9dia num\u00e9rique tunisien fond\u00e9 en 2010, sp\u00e9cialis\u00e9 dans l\u2019actualit\u00e9 nationale et internationale, l\u2019\u00e9conomie, la soci\u00e9t\u00e9 et les analyses politiques. Le site s\u2019adresse \u00e0 un large public francophone et couvre l\u2019information tunisienne en temps r\u00e9el.","email":"redac@webdo.tn","legalName":"YNJ SARL","foundingDate":"2010-09-06","numberOfEmployees":{"@type":"QuantitativeValue","minValue":"11","maxValue":"50"}},{"@type":"Person","@id":"https:\/\/www.webdo.tn\/fr\/#\/schema\/person\/2c4929cbf5a809e3bd38617c6ce150f6","name":"MC","image":{"@type":"ImageObject","inLanguage":"fr-FR","@id":"https:\/\/secure.gravatar.com\/avatar\/a545bbb6f84efdd5553dbbc2895e3ca8f1d12c5215e00a041c9670b54aa9b18a?s=96&d=mm&r=g","url":"https:\/\/secure.gravatar.com\/avatar\/a545bbb6f84efdd5553dbbc2895e3ca8f1d12c5215e00a041c9670b54aa9b18a?s=96&d=mm&r=g","contentUrl":"https:\/\/secure.gravatar.com\/avatar\/a545bbb6f84efdd5553dbbc2895e3ca8f1d12c5215e00a041c9670b54aa9b18a?s=96&d=mm&r=g","caption":"MC"},"url":"https:\/\/www.webdo.tn\/fr\/actualite\/author\/mc\/"}]}},"_links":{"self":[{"href":"https:\/\/www.webdo.tn\/fr\/wp-json\/wp\/v2\/posts\/199237","targetHints":{"allow":["GET"]}}],"collection":[{"href":"https:\/\/www.webdo.tn\/fr\/wp-json\/wp\/v2\/posts"}],"about":[{"href":"https:\/\/www.webdo.tn\/fr\/wp-json\/wp\/v2\/types\/post"}],"author":[{"embeddable":true,"href":"https:\/\/www.webdo.tn\/fr\/wp-json\/wp\/v2\/users\/3162"}],"replies":[{"embeddable":true,"href":"https:\/\/www.webdo.tn\/fr\/wp-json\/wp\/v2\/comments?post=199237"}],"version-history":[{"count":0,"href":"https:\/\/www.webdo.tn\/fr\/wp-json\/wp\/v2\/posts\/199237\/revisions"}],"wp:featuredmedia":[{"embeddable":true,"href":"https:\/\/www.webdo.tn\/fr\/wp-json\/wp\/v2\/media\/277297"}],"wp:attachment":[{"href":"https:\/\/www.webdo.tn\/fr\/wp-json\/wp\/v2\/media?parent=199237"}],"wp:term":[{"taxonomy":"category","embeddable":true,"href":"https:\/\/www.webdo.tn\/fr\/wp-json\/wp\/v2\/categories?post=199237"},{"taxonomy":"post_tag","embeddable":true,"href":"https:\/\/www.webdo.tn\/fr\/wp-json\/wp\/v2\/tags?post=199237"}],"curies":[{"name":"wp","href":"https:\/\/api.w.org\/{rel}","templated":true}]}}