{"id":199235,"date":"2022-11-22T09:06:00","date_gmt":"2022-11-22T09:06:00","guid":{"rendered":"https:\/\/www.webdo.tn\/fr\/blog\/coupe-du-monde-2022-pourquoi-y-a-t-il-autant-de-temps-additionnel\/199235\/"},"modified":"2025-05-20T22:04:43","modified_gmt":"2025-05-20T22:04:43","slug":"coupe-du-monde-2022-pourquoi-y-a-t-il-autant-de-temps-additionnel","status":"publish","type":"post","link":"https:\/\/www.webdo.tn\/fr\/actualite\/sport\/coupe-du-monde-2022-pourquoi-y-a-t-il-autant-de-temps-additionnel\/199235\/","title":{"rendered":"Coupe du monde 2022 : Pourquoi  y a-t-il autant de temps additionnel ?"},"content":{"rendered":"<p>Lors des premiers matches de la Coupe du monde, spectateurs et t\u00e9l\u00e9spectateurs ont relev\u00e9 quelque chose d\u2019inhabituel, le temps additionnel \u00e0 rallonge qui a m\u00eame atteint 27 minutes lors du deuxi\u00e8me match, hier, entre l\u2019Angleterre et l\u2019Iran (6-2).<\/p>\n<p>\t\t\t\t\t\t\t\t\tSi le temps additionnel de ce match en particulier reste li\u00e9 aux circonstances de ce match avec la blessure puis la sortie du gardien iranien, il a aussi ob\u00e9i \u00e0 des directives de la FIFA.<\/p>\n<p>En effet, les temps additionnels sont assez importants, depuis le d\u00e9but de la Coupe du monde avec 27 minutes ajout\u00e9es aux 90 minutes initiales lors du match entre l\u2019Angleterre et l\u2019Iran, 10 minutes de plus entre le S\u00e9n\u00e9gal et les Pays-Bas et 9 entre les Etats-Unis et le Pays de Galles.<\/p>\n<p>Les nouvelles directives de la FIFA, applicables pour Coupe du monde, imposent aux arbitres le d\u00e9compter de tout temps perdu pendant les changements, les fautes, les touches, les corners, les \u00e9ventuelles simulations, les c\u00e9l\u00e9brations de buts, les soins m\u00e9dicaux, la VAR\u2026 pour obtenir un maximum de temps de jeu r\u00e9els.<\/p>\n<p>Tout cela doit \u00eatre compens\u00e9, selon les consignes de la FIFA afin d\u2019\u00e9viter les matchs \u00e0 42, 43, 44 minutes de temps effectif. Voil\u00e0 pourquoi il n\u2019est pas \u00e9trange de voir 8, 9, voire 10 minutes de temps additionnel.<\/p>\n","protected":false},"excerpt":{"rendered":"<p>Lors des premiers matches de la Coupe du monde, spectateurs et t\u00e9l\u00e9spectateurs ont relev\u00e9 quelque chose d\u2019inhabituel, le temps additionnel \u00e0 rallonge qui a m\u00eame&#8230;<\/p>\n","protected":false},"author":3162,"featured_media":253169,"comment_status":"open","ping_status":"closed","sticky":false,"template":"","format":"standard","meta":{"footnotes":""},"categories":[2593],"tags":[4066,3487,9012],"class_list":["post-199235","post","type-post","status-publish","format-standard","has-post-thumbnail","hentry","category-sport","tag-coupe-du-monde","tag-fifa","tag-temps-additionnel"],"yoast_head":"<!-- This site is optimized with the Yoast SEO Premium plugin v27.4 (Yoast SEO v27.5) - https:\/\/yoast.com\/product\/yoast-seo-premium-wordpress\/ -->\n<title>Coupe du monde 2022 : Pourquoi y a-t-il autant de temps additionnel ?<\/title>\n<meta name=\"description\" content=\"Lors des premiers matches de la Coupe du monde, spectateurs et t\u00e9l\u00e9spectateurs ont relev\u00e9 quelque chose d\u2019inhabituel, le temps additionnel \u00e0 rallonge qui a m\u00eame...\" \/>\n<link rel=\"canonical\" href=\"https:\/\/www.webdo.tn\/fr\/actualite\/sport\/coupe-du-monde-2022-pourquoi-y-a-t-il-autant-de-temps-additionnel\/199235\/\" \/>\n<meta property=\"og:locale\" content=\"fr_FR\" \/>\n<meta property=\"og:type\" content=\"article\" \/>\n<meta property=\"og:title\" content=\"Coupe du monde 2022 : Pourquoi y a-t-il autant de temps additionnel ?\" \/>\n<meta property=\"og:description\" content=\"Lors des premiers matches de la Coupe du monde, spectateurs et t\u00e9l\u00e9spectateurs ont relev\u00e9 quelque chose d\u2019inhabituel, le temps additionnel \u00e0 rallonge qui a m\u00eame...\" \/>\n<meta property=\"og:url\" content=\"https:\/\/www.webdo.tn\/fr\/actualite\/sport\/coupe-du-monde-2022-pourquoi-y-a-t-il-autant-de-temps-additionnel\/199235\/\" \/>\n<meta property=\"og:site_name\" content=\"webdo\" \/>\n<meta property=\"article:publisher\" content=\"https:\/\/www.facebook.com\/webdotn\" \/>\n<meta property=\"article:published_time\" content=\"2022-11-22T09:06:00+00:00\" \/>\n<meta property=\"article:modified_time\" content=\"2025-05-20T22:04:43+00:00\" \/>\n<meta property=\"og:image\" content=\"https:\/\/www.webdo.tn\/fr\/wp-content\/uploads\/2022\/11\/ff4ad8a218981f48abcf9d36c08376ca.jpg\" \/>\n\t<meta property=\"og:image:width\" content=\"750\" \/>\n\t<meta property=\"og:image:height\" content=\"400\" \/>\n\t<meta property=\"og:image:type\" content=\"image\/jpeg\" \/>\n<meta name=\"author\" content=\"MC\" \/>\n<meta name=\"twitter:card\" content=\"summary_large_image\" \/>\n<meta name=\"twitter:creator\" content=\"@webdo_tn\" \/>\n<meta name=\"twitter:site\" content=\"@webdo_tn\" \/>\n<meta name=\"twitter:label1\" content=\"\u00c9crit par\" \/>\n\t<meta name=\"twitter:data1\" content=\"MC\" \/>\n\t<meta name=\"twitter:label2\" content=\"Dur\u00e9e de lecture estim\u00e9e\" \/>\n\t<meta name=\"twitter:data2\" content=\"1 minute\" \/>\n<script type=\"application\/ld+json\" class=\"yoast-schema-graph\">{\"@context\":\"https:\\\/\\\/schema.org\",\"@graph\":[{\"@type\":\"NewsArticle\",\"@id\":\"https:\\\/\\\/www.webdo.tn\\\/fr\\\/actualite\\\/sport\\\/coupe-du-monde-2022-pourquoi-y-a-t-il-autant-de-temps-additionnel\\\/199235\\\/#article\",\"isPartOf\":{\"@id\":\"https:\\\/\\\/www.webdo.tn\\\/fr\\\/actualite\\\/sport\\\/coupe-du-monde-2022-pourquoi-y-a-t-il-autant-de-temps-additionnel\\\/199235\\\/\"},\"author\":{\"name\":\"MC\",\"@id\":\"https:\\\/\\\/www.webdo.tn\\\/fr\\\/#\\\/schema\\\/person\\\/2c4929cbf5a809e3bd38617c6ce150f6\"},\"headline\":\"Coupe du monde 2022 : Pourquoi y a-t-il autant de temps additionnel ?\",\"datePublished\":\"2022-11-22T09:06:00+00:00\",\"dateModified\":\"2025-05-20T22:04:43+00:00\",\"mainEntityOfPage\":{\"@id\":\"https:\\\/\\\/www.webdo.tn\\\/fr\\\/actualite\\\/sport\\\/coupe-du-monde-2022-pourquoi-y-a-t-il-autant-de-temps-additionnel\\\/199235\\\/\"},\"wordCount\":230,\"commentCount\":0,\"publisher\":{\"@id\":\"https:\\\/\\\/www.webdo.tn\\\/fr\\\/#organization\"},\"image\":{\"@id\":\"https:\\\/\\\/www.webdo.tn\\\/fr\\\/actualite\\\/sport\\\/coupe-du-monde-2022-pourquoi-y-a-t-il-autant-de-temps-additionnel\\\/199235\\\/#primaryimage\"},\"thumbnailUrl\":\"https:\\\/\\\/www.webdo.tn\\\/fr\\\/wp-content\\\/uploads\\\/2022\\\/11\\\/ff4ad8a218981f48abcf9d36c08376ca.jpg\",\"keywords\":[\"Coupe du Monde\",\"FIFA\",\"temps additionnel\"],\"articleSection\":[\"Sport\"],\"inLanguage\":\"fr-FR\"},{\"@type\":\"WebPage\",\"@id\":\"https:\\\/\\\/www.webdo.tn\\\/fr\\\/actualite\\\/sport\\\/coupe-du-monde-2022-pourquoi-y-a-t-il-autant-de-temps-additionnel\\\/199235\\\/\",\"url\":\"https:\\\/\\\/www.webdo.tn\\\/fr\\\/actualite\\\/sport\\\/coupe-du-monde-2022-pourquoi-y-a-t-il-autant-de-temps-additionnel\\\/199235\\\/\",\"name\":\"Coupe du monde 2022 : Pourquoi y a-t-il autant de temps additionnel ?\",\"isPartOf\":{\"@id\":\"https:\\\/\\\/www.webdo.tn\\\/fr\\\/#website\"},\"primaryImageOfPage\":{\"@id\":\"https:\\\/\\\/www.webdo.tn\\\/fr\\\/actualite\\\/sport\\\/coupe-du-monde-2022-pourquoi-y-a-t-il-autant-de-temps-additionnel\\\/199235\\\/#primaryimage\"},\"image\":{\"@id\":\"https:\\\/\\\/www.webdo.tn\\\/fr\\\/actualite\\\/sport\\\/coupe-du-monde-2022-pourquoi-y-a-t-il-autant-de-temps-additionnel\\\/199235\\\/#primaryimage\"},\"thumbnailUrl\":\"https:\\\/\\\/www.webdo.tn\\\/fr\\\/wp-content\\\/uploads\\\/2022\\\/11\\\/ff4ad8a218981f48abcf9d36c08376ca.jpg\",\"datePublished\":\"2022-11-22T09:06:00+00:00\",\"dateModified\":\"2025-05-20T22:04:43+00:00\",\"description\":\"Lors des premiers matches de la Coupe du monde, spectateurs et t\u00e9l\u00e9spectateurs ont relev\u00e9 quelque chose d\u2019inhabituel, le temps additionnel \u00e0 rallonge qui a m\u00eame...\",\"breadcrumb\":{\"@id\":\"https:\\\/\\\/www.webdo.tn\\\/fr\\\/actualite\\\/sport\\\/coupe-du-monde-2022-pourquoi-y-a-t-il-autant-de-temps-additionnel\\\/199235\\\/#breadcrumb\"},\"inLanguage\":\"fr-FR\",\"potentialAction\":[{\"@type\":\"ReadAction\",\"target\":[\"https:\\\/\\\/www.webdo.tn\\\/fr\\\/actualite\\\/sport\\\/coupe-du-monde-2022-pourquoi-y-a-t-il-autant-de-temps-additionnel\\\/199235\\\/\"]}]},{\"@type\":\"ImageObject\",\"inLanguage\":\"fr-FR\",\"@id\":\"https:\\\/\\\/www.webdo.tn\\\/fr\\\/actualite\\\/sport\\\/coupe-du-monde-2022-pourquoi-y-a-t-il-autant-de-temps-additionnel\\\/199235\\\/#primaryimage\",\"url\":\"https:\\\/\\\/www.webdo.tn\\\/fr\\\/wp-content\\\/uploads\\\/2022\\\/11\\\/ff4ad8a218981f48abcf9d36c08376ca.jpg\",\"contentUrl\":\"https:\\\/\\\/www.webdo.tn\\\/fr\\\/wp-content\\\/uploads\\\/2022\\\/11\\\/ff4ad8a218981f48abcf9d36c08376ca.jpg\",\"width\":750,\"height\":400,\"caption\":\"Des matches \u00e0 rallonge !\"},{\"@type\":\"BreadcrumbList\",\"@id\":\"https:\\\/\\\/www.webdo.tn\\\/fr\\\/actualite\\\/sport\\\/coupe-du-monde-2022-pourquoi-y-a-t-il-autant-de-temps-additionnel\\\/199235\\\/#breadcrumb\",\"itemListElement\":[{\"@type\":\"ListItem\",\"position\":1,\"name\":\"Accueil\",\"item\":\"https:\\\/\\\/www.webdo.tn\\\/fr\\\/\"},{\"@type\":\"ListItem\",\"position\":2,\"name\":\"Coupe du monde 2022 : Pourquoi y a-t-il autant de temps additionnel ?\"}]},{\"@type\":\"WebSite\",\"@id\":\"https:\\\/\\\/www.webdo.tn\\\/fr\\\/#website\",\"url\":\"https:\\\/\\\/www.webdo.tn\\\/fr\\\/\",\"name\":\"webdo\",\"description\":\"Tunisie - News en Tunisie et \u00e0 l&#039;international sur Webdo.tn\",\"publisher\":{\"@id\":\"https:\\\/\\\/www.webdo.tn\\\/fr\\\/#organization\"},\"potentialAction\":[{\"@type\":\"SearchAction\",\"target\":{\"@type\":\"EntryPoint\",\"urlTemplate\":\"https:\\\/\\\/www.webdo.tn\\\/fr\\\/?s={search_term_string}\"},\"query-input\":{\"@type\":\"PropertyValueSpecification\",\"valueRequired\":true,\"valueName\":\"search_term_string\"}}],\"inLanguage\":\"fr-FR\"},{\"@type\":\"Organization\",\"@id\":\"https:\\\/\\\/www.webdo.tn\\\/fr\\\/#organization\",\"name\":\"Webdo\",\"alternateName\":\"Webdo.tn\",\"url\":\"https:\\\/\\\/www.webdo.tn\\\/fr\\\/\",\"logo\":{\"@type\":\"ImageObject\",\"inLanguage\":\"fr-FR\",\"@id\":\"https:\\\/\\\/www.webdo.tn\\\/fr\\\/#\\\/schema\\\/logo\\\/image\\\/\",\"url\":\"https:\\\/\\\/www.webdo.tn\\\/fr\\\/wp-content\\\/uploads\\\/2025\\\/06\\\/Webdo-Tunisie_168377.jpg\",\"contentUrl\":\"https:\\\/\\\/www.webdo.tn\\\/fr\\\/wp-content\\\/uploads\\\/2025\\\/06\\\/Webdo-Tunisie_168377.jpg\",\"width\":301,\"height\":301,\"caption\":\"Webdo\"},\"image\":{\"@id\":\"https:\\\/\\\/www.webdo.tn\\\/fr\\\/#\\\/schema\\\/logo\\\/image\\\/\"},\"sameAs\":[\"https:\\\/\\\/www.facebook.com\\\/webdotn\",\"https:\\\/\\\/x.com\\\/webdo_tn\"],\"description\":\"Webdo est un m\u00e9dia num\u00e9rique tunisien fond\u00e9 en 2010, sp\u00e9cialis\u00e9 dans l\u2019actualit\u00e9 nationale et internationale, l\u2019\u00e9conomie, la soci\u00e9t\u00e9 et les analyses politiques. Le site s\u2019adresse \u00e0 un large public francophone et couvre l\u2019information tunisienne en temps r\u00e9el.\",\"email\":\"redac@webdo.tn\",\"legalName\":\"YNJ SARL\",\"foundingDate\":\"2010-09-06\",\"numberOfEmployees\":{\"@type\":\"QuantitativeValue\",\"minValue\":\"11\",\"maxValue\":\"50\"}},{\"@type\":\"Person\",\"@id\":\"https:\\\/\\\/www.webdo.tn\\\/fr\\\/#\\\/schema\\\/person\\\/2c4929cbf5a809e3bd38617c6ce150f6\",\"name\":\"MC\",\"image\":{\"@type\":\"ImageObject\",\"inLanguage\":\"fr-FR\",\"@id\":\"https:\\\/\\\/secure.gravatar.com\\\/avatar\\\/a545bbb6f84efdd5553dbbc2895e3ca8f1d12c5215e00a041c9670b54aa9b18a?s=96&d=mm&r=g\",\"url\":\"https:\\\/\\\/secure.gravatar.com\\\/avatar\\\/a545bbb6f84efdd5553dbbc2895e3ca8f1d12c5215e00a041c9670b54aa9b18a?s=96&d=mm&r=g\",\"contentUrl\":\"https:\\\/\\\/secure.gravatar.com\\\/avatar\\\/a545bbb6f84efdd5553dbbc2895e3ca8f1d12c5215e00a041c9670b54aa9b18a?s=96&d=mm&r=g\",\"caption\":\"MC\"},\"url\":\"https:\\\/\\\/www.webdo.tn\\\/fr\\\/actualite\\\/author\\\/mc\\\/\"}]}<\/script>\n<!-- \/ Yoast SEO Premium plugin. -->","yoast_head_json":{"title":"Coupe du monde 2022 : Pourquoi y a-t-il autant de temps additionnel ?","description":"Lors des premiers matches de la Coupe du monde, spectateurs et t\u00e9l\u00e9spectateurs ont relev\u00e9 quelque chose d\u2019inhabituel, le temps additionnel \u00e0 rallonge qui a m\u00eame...","canonical":"https:\/\/www.webdo.tn\/fr\/actualite\/sport\/coupe-du-monde-2022-pourquoi-y-a-t-il-autant-de-temps-additionnel\/199235\/","og_locale":"fr_FR","og_type":"article","og_title":"Coupe du monde 2022 : Pourquoi y a-t-il autant de temps additionnel ?","og_description":"Lors des premiers matches de la Coupe du monde, spectateurs et t\u00e9l\u00e9spectateurs ont relev\u00e9 quelque chose d\u2019inhabituel, le temps additionnel \u00e0 rallonge qui a m\u00eame...","og_url":"https:\/\/www.webdo.tn\/fr\/actualite\/sport\/coupe-du-monde-2022-pourquoi-y-a-t-il-autant-de-temps-additionnel\/199235\/","og_site_name":"webdo","article_publisher":"https:\/\/www.facebook.com\/webdotn","article_published_time":"2022-11-22T09:06:00+00:00","article_modified_time":"2025-05-20T22:04:43+00:00","og_image":[{"width":750,"height":400,"url":"https:\/\/www.webdo.tn\/fr\/wp-content\/uploads\/2022\/11\/ff4ad8a218981f48abcf9d36c08376ca.jpg","type":"image\/jpeg"}],"author":"MC","twitter_card":"summary_large_image","twitter_creator":"@webdo_tn","twitter_site":"@webdo_tn","twitter_misc":{"\u00c9crit par":"MC","Dur\u00e9e de lecture estim\u00e9e":"1 minute"},"schema":{"@context":"https:\/\/schema.org","@graph":[{"@type":"NewsArticle","@id":"https:\/\/www.webdo.tn\/fr\/actualite\/sport\/coupe-du-monde-2022-pourquoi-y-a-t-il-autant-de-temps-additionnel\/199235\/#article","isPartOf":{"@id":"https:\/\/www.webdo.tn\/fr\/actualite\/sport\/coupe-du-monde-2022-pourquoi-y-a-t-il-autant-de-temps-additionnel\/199235\/"},"author":{"name":"MC","@id":"https:\/\/www.webdo.tn\/fr\/#\/schema\/person\/2c4929cbf5a809e3bd38617c6ce150f6"},"headline":"Coupe du monde 2022 : Pourquoi y a-t-il autant de temps additionnel ?","datePublished":"2022-11-22T09:06:00+00:00","dateModified":"2025-05-20T22:04:43+00:00","mainEntityOfPage":{"@id":"https:\/\/www.webdo.tn\/fr\/actualite\/sport\/coupe-du-monde-2022-pourquoi-y-a-t-il-autant-de-temps-additionnel\/199235\/"},"wordCount":230,"commentCount":0,"publisher":{"@id":"https:\/\/www.webdo.tn\/fr\/#organization"},"image":{"@id":"https:\/\/www.webdo.tn\/fr\/actualite\/sport\/coupe-du-monde-2022-pourquoi-y-a-t-il-autant-de-temps-additionnel\/199235\/#primaryimage"},"thumbnailUrl":"https:\/\/www.webdo.tn\/fr\/wp-content\/uploads\/2022\/11\/ff4ad8a218981f48abcf9d36c08376ca.jpg","keywords":["Coupe du Monde","FIFA","temps additionnel"],"articleSection":["Sport"],"inLanguage":"fr-FR"},{"@type":"WebPage","@id":"https:\/\/www.webdo.tn\/fr\/actualite\/sport\/coupe-du-monde-2022-pourquoi-y-a-t-il-autant-de-temps-additionnel\/199235\/","url":"https:\/\/www.webdo.tn\/fr\/actualite\/sport\/coupe-du-monde-2022-pourquoi-y-a-t-il-autant-de-temps-additionnel\/199235\/","name":"Coupe du monde 2022 : Pourquoi y a-t-il autant de temps additionnel ?","isPartOf":{"@id":"https:\/\/www.webdo.tn\/fr\/#website"},"primaryImageOfPage":{"@id":"https:\/\/www.webdo.tn\/fr\/actualite\/sport\/coupe-du-monde-2022-pourquoi-y-a-t-il-autant-de-temps-additionnel\/199235\/#primaryimage"},"image":{"@id":"https:\/\/www.webdo.tn\/fr\/actualite\/sport\/coupe-du-monde-2022-pourquoi-y-a-t-il-autant-de-temps-additionnel\/199235\/#primaryimage"},"thumbnailUrl":"https:\/\/www.webdo.tn\/fr\/wp-content\/uploads\/2022\/11\/ff4ad8a218981f48abcf9d36c08376ca.jpg","datePublished":"2022-11-22T09:06:00+00:00","dateModified":"2025-05-20T22:04:43+00:00","description":"Lors des premiers matches de la Coupe du monde, spectateurs et t\u00e9l\u00e9spectateurs ont relev\u00e9 quelque chose d\u2019inhabituel, le temps additionnel \u00e0 rallonge qui a m\u00eame...","breadcrumb":{"@id":"https:\/\/www.webdo.tn\/fr\/actualite\/sport\/coupe-du-monde-2022-pourquoi-y-a-t-il-autant-de-temps-additionnel\/199235\/#breadcrumb"},"inLanguage":"fr-FR","potentialAction":[{"@type":"ReadAction","target":["https:\/\/www.webdo.tn\/fr\/actualite\/sport\/coupe-du-monde-2022-pourquoi-y-a-t-il-autant-de-temps-additionnel\/199235\/"]}]},{"@type":"ImageObject","inLanguage":"fr-FR","@id":"https:\/\/www.webdo.tn\/fr\/actualite\/sport\/coupe-du-monde-2022-pourquoi-y-a-t-il-autant-de-temps-additionnel\/199235\/#primaryimage","url":"https:\/\/www.webdo.tn\/fr\/wp-content\/uploads\/2022\/11\/ff4ad8a218981f48abcf9d36c08376ca.jpg","contentUrl":"https:\/\/www.webdo.tn\/fr\/wp-content\/uploads\/2022\/11\/ff4ad8a218981f48abcf9d36c08376ca.jpg","width":750,"height":400,"caption":"Des matches \u00e0 rallonge !"},{"@type":"BreadcrumbList","@id":"https:\/\/www.webdo.tn\/fr\/actualite\/sport\/coupe-du-monde-2022-pourquoi-y-a-t-il-autant-de-temps-additionnel\/199235\/#breadcrumb","itemListElement":[{"@type":"ListItem","position":1,"name":"Accueil","item":"https:\/\/www.webdo.tn\/fr\/"},{"@type":"ListItem","position":2,"name":"Coupe du monde 2022 : Pourquoi y a-t-il autant de temps additionnel ?"}]},{"@type":"WebSite","@id":"https:\/\/www.webdo.tn\/fr\/#website","url":"https:\/\/www.webdo.tn\/fr\/","name":"webdo","description":"Tunisie - News en Tunisie et \u00e0 l&#039;international sur Webdo.tn","publisher":{"@id":"https:\/\/www.webdo.tn\/fr\/#organization"},"potentialAction":[{"@type":"SearchAction","target":{"@type":"EntryPoint","urlTemplate":"https:\/\/www.webdo.tn\/fr\/?s={search_term_string}"},"query-input":{"@type":"PropertyValueSpecification","valueRequired":true,"valueName":"search_term_string"}}],"inLanguage":"fr-FR"},{"@type":"Organization","@id":"https:\/\/www.webdo.tn\/fr\/#organization","name":"Webdo","alternateName":"Webdo.tn","url":"https:\/\/www.webdo.tn\/fr\/","logo":{"@type":"ImageObject","inLanguage":"fr-FR","@id":"https:\/\/www.webdo.tn\/fr\/#\/schema\/logo\/image\/","url":"https:\/\/www.webdo.tn\/fr\/wp-content\/uploads\/2025\/06\/Webdo-Tunisie_168377.jpg","contentUrl":"https:\/\/www.webdo.tn\/fr\/wp-content\/uploads\/2025\/06\/Webdo-Tunisie_168377.jpg","width":301,"height":301,"caption":"Webdo"},"image":{"@id":"https:\/\/www.webdo.tn\/fr\/#\/schema\/logo\/image\/"},"sameAs":["https:\/\/www.facebook.com\/webdotn","https:\/\/x.com\/webdo_tn"],"description":"Webdo est un m\u00e9dia num\u00e9rique tunisien fond\u00e9 en 2010, sp\u00e9cialis\u00e9 dans l\u2019actualit\u00e9 nationale et internationale, l\u2019\u00e9conomie, la soci\u00e9t\u00e9 et les analyses politiques. Le site s\u2019adresse \u00e0 un large public francophone et couvre l\u2019information tunisienne en temps r\u00e9el.","email":"redac@webdo.tn","legalName":"YNJ SARL","foundingDate":"2010-09-06","numberOfEmployees":{"@type":"QuantitativeValue","minValue":"11","maxValue":"50"}},{"@type":"Person","@id":"https:\/\/www.webdo.tn\/fr\/#\/schema\/person\/2c4929cbf5a809e3bd38617c6ce150f6","name":"MC","image":{"@type":"ImageObject","inLanguage":"fr-FR","@id":"https:\/\/secure.gravatar.com\/avatar\/a545bbb6f84efdd5553dbbc2895e3ca8f1d12c5215e00a041c9670b54aa9b18a?s=96&d=mm&r=g","url":"https:\/\/secure.gravatar.com\/avatar\/a545bbb6f84efdd5553dbbc2895e3ca8f1d12c5215e00a041c9670b54aa9b18a?s=96&d=mm&r=g","contentUrl":"https:\/\/secure.gravatar.com\/avatar\/a545bbb6f84efdd5553dbbc2895e3ca8f1d12c5215e00a041c9670b54aa9b18a?s=96&d=mm&r=g","caption":"MC"},"url":"https:\/\/www.webdo.tn\/fr\/actualite\/author\/mc\/"}]}},"_links":{"self":[{"href":"https:\/\/www.webdo.tn\/fr\/wp-json\/wp\/v2\/posts\/199235","targetHints":{"allow":["GET"]}}],"collection":[{"href":"https:\/\/www.webdo.tn\/fr\/wp-json\/wp\/v2\/posts"}],"about":[{"href":"https:\/\/www.webdo.tn\/fr\/wp-json\/wp\/v2\/types\/post"}],"author":[{"embeddable":true,"href":"https:\/\/www.webdo.tn\/fr\/wp-json\/wp\/v2\/users\/3162"}],"replies":[{"embeddable":true,"href":"https:\/\/www.webdo.tn\/fr\/wp-json\/wp\/v2\/comments?post=199235"}],"version-history":[{"count":0,"href":"https:\/\/www.webdo.tn\/fr\/wp-json\/wp\/v2\/posts\/199235\/revisions"}],"wp:featuredmedia":[{"embeddable":true,"href":"https:\/\/www.webdo.tn\/fr\/wp-json\/wp\/v2\/media\/253169"}],"wp:attachment":[{"href":"https:\/\/www.webdo.tn\/fr\/wp-json\/wp\/v2\/media?parent=199235"}],"wp:term":[{"taxonomy":"category","embeddable":true,"href":"https:\/\/www.webdo.tn\/fr\/wp-json\/wp\/v2\/categories?post=199235"},{"taxonomy":"post_tag","embeddable":true,"href":"https:\/\/www.webdo.tn\/fr\/wp-json\/wp\/v2\/tags?post=199235"}],"curies":[{"name":"wp","href":"https:\/\/api.w.org\/{rel}","templated":true}]}}