{"id":199234,"date":"2022-11-22T08:43:00","date_gmt":"2022-11-22T08:43:00","guid":{"rendered":"https:\/\/www.webdo.tn\/fr\/blog\/xviiie-sommet-de-la-francophonie-adoption-de-la-declaration-de-djerba\/199234\/"},"modified":"2025-05-20T22:04:42","modified_gmt":"2025-05-20T22:04:42","slug":"xviiie-sommet-de-la-francophonie-adoption-de-la-declaration-de-djerba","status":"publish","type":"post","link":"https:\/\/www.webdo.tn\/fr\/actualite\/national\/xviiie-sommet-de-la-francophonie-adoption-de-la-declaration-de-djerba\/199234\/","title":{"rendered":"XVIIIe sommet de la Francophonie : Adoption de la \u00ab\u00a0D\u00e9claration de Djerba\u00a0\u00bb"},"content":{"rendered":"<p>Le XVIIIe Sommet de la Francophonie qui s&rsquo;est d\u00e9roul\u00e9 les 19 et 20 novembre \u00e0 Djerba, en Tunisie, autour du th\u00e8me \u00ab\u00a0La connectivit\u00e9 dans la diversit\u00e9 : Le num\u00e9rique, vecteur de d\u00e9veloppement et de solidarit\u00e9 dans l&rsquo;espace francophone \u00ab\u00a0, marquant la c\u00e9l\u00e9bration du cinquantenaire de la Francophonie, a \u00e9t\u00e9 couronn\u00e9 par l&rsquo;adoption de la \u00ab\u00a0D\u00e9claration de Djerba\u00a0\u00bb.<\/p>\n<p>\t\t\t\t\t\t\t\t\tLes 31 chefs d&rsquo;Etat et de gouvernement et 35 ministres des Affaires \u00e9trang\u00e8res ont notamment \u00e9voqu\u00e9 l&rsquo;adoption de la Strat\u00e9gie de la Francophonie num\u00e9rique 2022-2026, l&rsquo;importance du d\u00e9veloppement d&rsquo;une culture d&rsquo;usage du num\u00e9rique en \u00e9ducation formelle et non formelle, la n\u00e9cessit\u00e9 de la cr\u00e9ation des conditions propices pour am\u00e9liorer la mobilit\u00e9 des personnes, appelant au dialogue et au r\u00e8glement pacifique des conflits au sein de l&rsquo;espace francophone selon les formats de n\u00e9gociations internationalement agr\u00e9\u00e9s.<\/p>\n<p>La \u00ab\u00a0D\u00e9claration de Djerba\u00a0\u00bb a, tout d&rsquo;abord, rendu hommage aux p\u00e8res fondateurs de la Francophonie, Habib Bourguiba (Tunisie), L\u00e9opold S\u00e9dar Senghor (S\u00e9n\u00e9gal), Norodom Sihanouk (Cambodge) et Hamani Diori (Niger), et dans la continuit\u00e9, le premier secr\u00e9taire g\u00e9n\u00e9ral, Boutros Boutros-Ghali, soutenant la nouvelle impulsion donn\u00e9e par la secr\u00e9taire g\u00e9n\u00e9rale pour une Francophonie renouvel\u00e9e au service des populations.<\/p>\n<p>Ce rendez-vous a, \u00e9galement, \u00e9t\u00e9 l&rsquo;occasion pour les Etats et gouvernements participants de r\u00e9affirmer leur soutien aux nouvelles orientations de l&rsquo;Organisation internationale de la Francophonie (OIF), y compris les importants chantiers entrepris dans le cadre de sa transformation, le recentrage des actions de la Francophonie sur les enjeux strat\u00e9giques que sont notamment la langue fran\u00e7aise, la d\u00e9mocratie et le respect des droits humains, l&rsquo;acc\u00e8s \u00e9quitable \u00e0 une \u00e9ducation de qualit\u00e9 pour tous, l&rsquo;enseignement sup\u00e9rieur et la recherche, la formation, la culture, l&rsquo;\u00e9conomie, le num\u00e9rique, la pr\u00e9servation de l&rsquo;environnement, ainsi que le d\u00e9veloppement durable.<\/p>\n<p>Le Sommet de Djerba et la d\u00e9claration qui s&rsquo;en est suivie aura \u00e9t\u00e9 l&rsquo;occasion de r\u00e9affirmer l&rsquo;engagement \u00e0 promouvoir l&rsquo;\u00e9galit\u00e9 entre les hommes et les femmes, en tant que valeur universelle et condition essentielle pour atteindre les objectifs de d\u00e9veloppement durable, ainsi que la r\u00e9solution \u00e0 progresser dans la mise en place d&rsquo;actions concert\u00e9es \u00e0 ce niveau.<\/p>\n<p>Par ailleurs, les participants ont salu\u00e9 l&rsquo;engagement de la Secr\u00e9taire g\u00e9n\u00e9rale et des acteurs de la Francophonie en faveur d&rsquo;une gestion concert\u00e9e et collective de la crise sanitaire li\u00e9e \u00e0 la pand\u00e9mie Covid-19 au b\u00e9n\u00e9fice des populations de l&rsquo;espace francophone, invitant \u00e0 la mobilisation en vue de faciliter un acc\u00e8s \u00e9quitable aux services de sant\u00e9, aux traitements et vaccins et \u00e0 leur production. Ils engagent les Etats et gouvernements \u00e0 adopter ces principes en cas de nouvelle pand\u00e9mie.<\/p>\n<p>Il a, \u00e9galement, \u00e9t\u00e9 question de r\u00e9affirmer l&rsquo;attachement \u00e0 la langue fran\u00e7aise et au respect de la diversit\u00e9 culturelle et linguistique au sein de nos Etats et gouvernements et dans l&rsquo;espace francophone, comme socle de la Francophonie.<\/p>\n<p>Sur un autre plan, la \u00ab\u00a0D\u00e9claration de Djerba\u00a0\u00bb regrette la r\u00e9currence des crises et conflits dans l&rsquo;espace francophone et appelle au dialogue et au r\u00e8glement pacifique de ces situations selon les formats de n\u00e9gociations internationalement agr\u00e9\u00e9s, conform\u00e9ment aux buts et principes de la Charte des Nations unies dans le respect de la d\u00e9mocratie, des droits de l&rsquo;Homme, de la souverainet\u00e9 des Etats et du droit international.<\/p>\n<p>Dans cet ordre d&rsquo;id\u00e9e, la \u00ab\u00a0D\u00e9claration de Djerba\u00a0\u00bb d\u00e9plore les cons\u00e9quences mondiales sur le plan \u00e9nerg\u00e9tique, alimentaire, \u00e9conomique et humanitaire ainsi que l&rsquo;accroissement des in\u00e9galit\u00e9s qui d\u00e9coulent de la guerre en Ukraine, appelant les Etats et gouvernements de l&rsquo;espace francophone \u00e0 la solidarit\u00e9 et invite la communaut\u00e9 internationale \u00e0 tout entreprendre pour att\u00e9nuer rapidement leur impact d\u00e9l\u00e9t\u00e8re sur les populations touch\u00e9es.<\/p>\n<p>Les chefs d&rsquo;Etat et de gouvernement signataires de la d\u00e9claration ont, \u00e9galement, condamn\u00e9 le terrorisme sous toutes ses formes, notamment dans le Sahel, appelant \u00e0 une action concert\u00e9e dans la lutte contre ce fl\u00e9au ainsi qu&rsquo;en faveur de la pr\u00e9vention de la radicalisation et de l&rsquo;extr\u00e9misme violents pouvant conduire au terrorisme.<\/p>\n<p>Consciente des r\u00e9alit\u00e9s et d\u00e9fis auxquels est confront\u00e9 l&rsquo;espace francophone, de la n\u00e9cessit\u00e9 de renforcer la coh\u00e9sion de ses soci\u00e9t\u00e9s et soucieuse de r\u00e9pondre aux aspirations l\u00e9gitimes de ses populations, l&rsquo;OIF a salu\u00e9 en particulier l&rsquo;adoption de la Strat\u00e9gie de la Francophonie num\u00e9rique 2022-2026, qui conf\u00e8re un cadre d&rsquo;action pour acc\u00e9l\u00e9rer la transformation num\u00e9rique de l&rsquo;espace francophone et son int\u00e9gration dans l&rsquo;\u00e9conomie num\u00e9rique mondiale, dans le respect des droits humains et de la d\u00e9mocratie.<\/p>\n<p>F\u00e9licitant la pertinence du th\u00e8me choisi pour le Sommet de Djerba, l&rsquo;OIF note avec int\u00e9r\u00eat les formidables perspectives de coop\u00e9ration, de d\u00e9veloppement et d&rsquo;innovation qu&rsquo;offre le num\u00e9rique, afin d&rsquo;assurer une connectivit\u00e9 efficace entre les populations de l&rsquo;espace francophone et favoriser la diffusion de la langue fran\u00e7aise dans le respect de la diversit\u00e9 culturelle et linguistique.<\/p>\n<p>Autre id\u00e9e-force de la \u00a0\u00bb D\u00e9claration de Djerba \u00ab\u00a0, la modernisation de l&rsquo;administration publique et l&rsquo;am\u00e9lioration de l&rsquo;efficacit\u00e9 et l&rsquo;accessibilit\u00e9 des services, en particulier en mati\u00e8re d&rsquo;\u00e9tat civil, en vue d&rsquo;une meilleure ma\u00eetrise des co\u00fbts et d&rsquo;une simplification des proc\u00e9dures, garantissant ainsi l&rsquo;universalit\u00e9 et la transparence, prenant acte qu&rsquo;\u00e0 travers cet avis, les parlements francophones proposent un ensemble de mesures en faveur d&rsquo;une transition num\u00e9rique solidaire, \u00e9quitable et inclusive, notamment en mati\u00e8re de fiscalit\u00e9, de lutte contre la d\u00e9sinformation et d&rsquo;accessibilit\u00e9 au num\u00e9rique.<\/p>\n<p>L&rsquo;OIF a soulign\u00e9, dans ce sens, l&rsquo;importance du d\u00e9veloppement d&rsquo;une culture d&rsquo;utilisation du num\u00e9rique en \u00e9ducation formelle et non formelle pour l&rsquo;am\u00e9lioration de la qualit\u00e9 de l&rsquo;apprentissage et de l&rsquo;enseignement, la continuit\u00e9 \u00e9ducative notamment en p\u00e9riode de crise, l&rsquo;innovation p\u00e9dagogique, la diffusion des ressources \u00e9ducatives n\u00e9cessaires et le renforcement de l&#8217;employabilit\u00e9, aboutissant \u00e0 un meilleur pilotage des syst\u00e8mes \u00e9ducatifs ainsi qu&rsquo;\u00e0 l&rsquo;\u00e9laboration et \u00e0 la mise en \u0153uvre de meilleures politiques publiques en mati\u00e8re d&rsquo;\u00e9ducation.<\/p>\n<p>Conscients du lien \u00e9troit du num\u00e9rique avec les questions li\u00e9es aux mouvements des personnes, les signataires de la \u00a0\u00bb D\u00e9claration de Djerba \u00a0\u00bb se disent attach\u00e9s \u00e0 la cr\u00e9ation des conditions et \u00e0 coop\u00e9rer pour am\u00e9liorer la mobilit\u00e9 des personnes et \u00e0 renforcer les liens \u00e9conomiques au sein de l&rsquo;espace francophone, ce qui permettra d&rsquo;ouvrir de nouvelles perspectives aux \u00e9tudiants, aux universitaires, aux enseignants, aux chercheurs, aux auteurs, aux entrepreneurs, aux artistes et aux professionnels des m\u00e9dias et aux diff\u00e9rents autres talents.<\/p>\n<p>Ils ont rappel\u00e9, dans ce sens, l&rsquo;importance, dans un contexte de transformation num\u00e9rique, de pr\u00e9server le livre comme support, tout en mobilisant l&rsquo;ensemble des opportunit\u00e9s qu&rsquo;ouvre le num\u00e9rique \u00e0 tous les niveaux de la cha\u00eene du livre. Ils soutiennent en ce sens les conclusions des Etats g\u00e9n\u00e9raux du livre en langue fran\u00e7aise dans le monde, tenus \u00e0 Tunis en septembre 2021, et s&rsquo;engagent \u00e0 renforcer les politiques publiques en faveur du livre et de la lecture afin de promouvoir leur accessibilit\u00e9 \u00e0<\/p>\n<p>Il s&rsquo;agit, \u00e9galement, de prot\u00e9ger plus efficacement les droits de l&rsquo;enfant en ligne, notamment concernant le harc\u00e8lement, l&rsquo;exploitation et la violence sexuelles, l&rsquo;exploitation \u00e9conomique, ainsi que toutes les autres formes de violence et de pr\u00e9judice. La \u00a0\u00bb D\u00e9claration de Djerba \u00a0\u00bb appelle \u00e0 \u0153uvrer au d\u00e9veloppement d&rsquo;une intelligence artificielle \u00e9thique et responsable, ainsi qu&rsquo;\u00e0 l&rsquo;utilisation de la langue fran\u00e7aise dans ce domaine afin notamment d&rsquo;entrainer les mod\u00e8les d&rsquo;intelligence artificielle.<\/p>\n<p>Sur un autre plan, l&rsquo;OIF demeure convaincue qu&rsquo;une approche d&rsquo;ensemble et concert\u00e9e serait indispensable dans la lutte contre les causes profondes de la migration irr\u00e9guli\u00e8re, la lutte contre la prolif\u00e9ration des r\u00e9seaux de trafic de migrants et la traite des \u00eatres humains, accordant une attention particuli\u00e8re au ph\u00e9nom\u00e8ne de la fuite des cerveaux, ph\u00e9nom\u00e8ne qui impacte les pays d&rsquo;origine, et s&rsquo;engage, \u00e0 cet \u00e9gard, \u00e0 rechercher des solutions pluridimensionnelles prenant en compte les pays d&rsquo;origine et les pays d&rsquo;accueil.<\/p>\n<p>La \u00ab\u00a0D\u00e9claration de Djerba\u00a0\u00bb soutient les efforts internationaux visant l&rsquo;\u00e9tablissement d&rsquo;une paix juste, durable et globale au Moyen-Orient mettant fin \u00e0 l&rsquo;occupation et reconnaissant les droits l\u00e9gitimes du peuple palestinien \u00e0 l&rsquo;autod\u00e9termination, permettant la mise en \u0153uvre d&rsquo;une solution \u00e0 deux Etats et la cr\u00e9ation d&rsquo;un Etat palestinien ind\u00e9pendant, souverain, viable et contigu sur la base des fronti\u00e8res du 4 juin 1967, ainsi que sur la base des r\u00e9solutions 242, 338, 1397, 1515 et 2334 du Conseil de s\u00e9curit\u00e9, de la Conf\u00e9rence de Madrid de 1991 et de l&rsquo;Initiative de paix adopt\u00e9e au Sommet Arabe de Beyrouth de 2002.<\/p>\n<p>Les signataires appellent, ainsi, les parties concern\u00e9es \u00e0 reprendre des n\u00e9gociations directes, cr\u00e9dibles et constructives en vue de parvenir \u00e0 un r\u00e8glement juste et durable de toutes les questions relatives au statut final, y compris d&rsquo;Al-Qods (J\u00e9rusalem), les fronti\u00e8res, la s\u00e9curit\u00e9 et le traitement juste et durable de la situation des r\u00e9fugi\u00e9s.<\/p>\n<p>Ils enjoignent \u00e0 toutes les parties de s&rsquo;abstenir de toute action unilat\u00e9rale et provocatrice au risque d&rsquo;approfondir le climat de m\u00e9fiance et de compromettre la possibilit\u00e9 de parvenir \u00e0 un accord de paix global et permanent au Moyen-Orient, condamnant fermement l&rsquo;expansion de colonies de peuplement, les d\u00e9molitions et \u00e9victions.<\/p>\n<p>La \u00ab\u00a0D\u00e9claration de Djerba\u00a0\u00bb exhorte la communaut\u00e9 internationale \u00e0 maintenir, jusqu&rsquo;\u00e0 ce qu&rsquo;une solution juste et agr\u00e9\u00e9e \u00e0 la question des r\u00e9fugi\u00e9s soit trouv\u00e9e, un soutien \u00e9quitable \u00e0 l&rsquo;Office de secours et de travaux des Nations unies pour les R\u00e9fugi\u00e9s de Palestine dans le Proche-Orient (UNRWA) qui contribue \u00e0 la stabilit\u00e9 de la r\u00e9gion par l&rsquo;accomplissement de sa mission \u00e0 l&rsquo;\u00e9gard des r\u00e9fugi\u00e9s palestiniens dans les cinq centres d&rsquo;op\u00e9rations r\u00e9gionales.<\/p>\n","protected":false},"excerpt":{"rendered":"<p>Le XVIIIe Sommet de la Francophonie qui s&rsquo;est d\u00e9roul\u00e9 les 19 et 20 novembre \u00e0 Djerba, en Tunisie, autour du th\u00e8me  La connectivit\u00e9 dans la diversit\u00e9 : Le num\u00e9ri&#8230;<\/p>\n","protected":false},"author":3162,"featured_media":253167,"comment_status":"open","ping_status":"closed","sticky":false,"template":"","format":"standard","meta":{"footnotes":""},"categories":[44],"tags":[9010,3696,9009,4539],"class_list":["post-199234","post","type-post","status-publish","format-standard","has-post-thumbnail","hentry","category-national","tag-declaration-de-djerba","tag-djerba","tag-francophonie","tag-sommet"],"yoast_head":"<!-- This site is optimized with the Yoast SEO Premium plugin v27.4 (Yoast SEO v27.5) - https:\/\/yoast.com\/product\/yoast-seo-premium-wordpress\/ -->\n<title>XVIIIe sommet de la Francophonie : Adoption de la D\u00e9claration de Djerba<\/title>\n<meta name=\"description\" content=\"Le XVIIIe Sommet de la Francophonie qui s&#039;est d\u00e9roul\u00e9 les 19 et 20 novembre \u00e0 Djerba, en Tunisie, autour du th\u00e8me La connectivit\u00e9 dans la diversit\u00e9 : Le num\u00e9ri...\" \/>\n<link rel=\"canonical\" href=\"https:\/\/www.webdo.tn\/fr\/actualite\/national\/xviiie-sommet-de-la-francophonie-adoption-de-la-declaration-de-djerba\/199234\/\" \/>\n<meta property=\"og:locale\" content=\"fr_FR\" \/>\n<meta property=\"og:type\" content=\"article\" \/>\n<meta property=\"og:title\" content=\"XVIIIe sommet de la Francophonie : Adoption de la &quot;D\u00e9claration de Djerba&quot;\" \/>\n<meta property=\"og:description\" content=\"Le XVIIIe Sommet de la Francophonie qui s&#039;est d\u00e9roul\u00e9 les 19 et 20 novembre \u00e0 Djerba, en Tunisie, autour du th\u00e8me La connectivit\u00e9 dans la diversit\u00e9 : Le num\u00e9ri...\" \/>\n<meta property=\"og:url\" content=\"https:\/\/www.webdo.tn\/fr\/actualite\/national\/xviiie-sommet-de-la-francophonie-adoption-de-la-declaration-de-djerba\/199234\/\" \/>\n<meta property=\"og:site_name\" content=\"webdo\" \/>\n<meta property=\"article:publisher\" content=\"https:\/\/www.facebook.com\/webdotn\" \/>\n<meta property=\"article:published_time\" content=\"2022-11-22T08:43:00+00:00\" \/>\n<meta property=\"article:modified_time\" content=\"2025-05-20T22:04:42+00:00\" \/>\n<meta property=\"og:image\" content=\"https:\/\/www.webdo.tn\/fr\/wp-content\/uploads\/2022\/11\/86583bebacfa964f441785f6b35975dd.jpg\" \/>\n\t<meta property=\"og:image:width\" content=\"750\" \/>\n\t<meta property=\"og:image:height\" content=\"400\" \/>\n\t<meta property=\"og:image:type\" content=\"image\/jpeg\" \/>\n<meta name=\"author\" content=\"MC\" \/>\n<meta name=\"twitter:card\" content=\"summary_large_image\" \/>\n<meta name=\"twitter:creator\" content=\"@webdo_tn\" \/>\n<meta name=\"twitter:site\" content=\"@webdo_tn\" \/>\n<meta name=\"twitter:label1\" content=\"\u00c9crit par\" \/>\n\t<meta name=\"twitter:data1\" content=\"MC\" \/>\n\t<meta name=\"twitter:label2\" content=\"Dur\u00e9e de lecture estim\u00e9e\" \/>\n\t<meta name=\"twitter:data2\" content=\"8 minutes\" \/>\n<script type=\"application\/ld+json\" class=\"yoast-schema-graph\">{\"@context\":\"https:\\\/\\\/schema.org\",\"@graph\":[{\"@type\":\"NewsArticle\",\"@id\":\"https:\\\/\\\/www.webdo.tn\\\/fr\\\/actualite\\\/national\\\/xviiie-sommet-de-la-francophonie-adoption-de-la-declaration-de-djerba\\\/199234\\\/#article\",\"isPartOf\":{\"@id\":\"https:\\\/\\\/www.webdo.tn\\\/fr\\\/actualite\\\/national\\\/xviiie-sommet-de-la-francophonie-adoption-de-la-declaration-de-djerba\\\/199234\\\/\"},\"author\":{\"name\":\"MC\",\"@id\":\"https:\\\/\\\/www.webdo.tn\\\/fr\\\/#\\\/schema\\\/person\\\/2c4929cbf5a809e3bd38617c6ce150f6\"},\"headline\":\"XVIIIe sommet de la Francophonie : Adoption de la \u00ab\u00a0D\u00e9claration de Djerba\u00a0\u00bb\",\"datePublished\":\"2022-11-22T08:43:00+00:00\",\"dateModified\":\"2025-05-20T22:04:42+00:00\",\"mainEntityOfPage\":{\"@id\":\"https:\\\/\\\/www.webdo.tn\\\/fr\\\/actualite\\\/national\\\/xviiie-sommet-de-la-francophonie-adoption-de-la-declaration-de-djerba\\\/199234\\\/\"},\"wordCount\":1751,\"commentCount\":0,\"publisher\":{\"@id\":\"https:\\\/\\\/www.webdo.tn\\\/fr\\\/#organization\"},\"image\":{\"@id\":\"https:\\\/\\\/www.webdo.tn\\\/fr\\\/actualite\\\/national\\\/xviiie-sommet-de-la-francophonie-adoption-de-la-declaration-de-djerba\\\/199234\\\/#primaryimage\"},\"thumbnailUrl\":\"https:\\\/\\\/www.webdo.tn\\\/fr\\\/wp-content\\\/uploads\\\/2022\\\/11\\\/86583bebacfa964f441785f6b35975dd.jpg\",\"keywords\":[\"d\u00e9claration de djerba\",\"djerba\",\"francophonie\",\"sommet\"],\"articleSection\":[\"National\"],\"inLanguage\":\"fr-FR\"},{\"@type\":\"WebPage\",\"@id\":\"https:\\\/\\\/www.webdo.tn\\\/fr\\\/actualite\\\/national\\\/xviiie-sommet-de-la-francophonie-adoption-de-la-declaration-de-djerba\\\/199234\\\/\",\"url\":\"https:\\\/\\\/www.webdo.tn\\\/fr\\\/actualite\\\/national\\\/xviiie-sommet-de-la-francophonie-adoption-de-la-declaration-de-djerba\\\/199234\\\/\",\"name\":\"XVIIIe sommet de la Francophonie : Adoption de la D\u00e9claration de Djerba\",\"isPartOf\":{\"@id\":\"https:\\\/\\\/www.webdo.tn\\\/fr\\\/#website\"},\"primaryImageOfPage\":{\"@id\":\"https:\\\/\\\/www.webdo.tn\\\/fr\\\/actualite\\\/national\\\/xviiie-sommet-de-la-francophonie-adoption-de-la-declaration-de-djerba\\\/199234\\\/#primaryimage\"},\"image\":{\"@id\":\"https:\\\/\\\/www.webdo.tn\\\/fr\\\/actualite\\\/national\\\/xviiie-sommet-de-la-francophonie-adoption-de-la-declaration-de-djerba\\\/199234\\\/#primaryimage\"},\"thumbnailUrl\":\"https:\\\/\\\/www.webdo.tn\\\/fr\\\/wp-content\\\/uploads\\\/2022\\\/11\\\/86583bebacfa964f441785f6b35975dd.jpg\",\"datePublished\":\"2022-11-22T08:43:00+00:00\",\"dateModified\":\"2025-05-20T22:04:42+00:00\",\"description\":\"Le XVIIIe Sommet de la Francophonie qui s'est d\u00e9roul\u00e9 les 19 et 20 novembre \u00e0 Djerba, en Tunisie, autour du th\u00e8me La connectivit\u00e9 dans la diversit\u00e9 : Le num\u00e9ri...\",\"breadcrumb\":{\"@id\":\"https:\\\/\\\/www.webdo.tn\\\/fr\\\/actualite\\\/national\\\/xviiie-sommet-de-la-francophonie-adoption-de-la-declaration-de-djerba\\\/199234\\\/#breadcrumb\"},\"inLanguage\":\"fr-FR\",\"potentialAction\":[{\"@type\":\"ReadAction\",\"target\":[\"https:\\\/\\\/www.webdo.tn\\\/fr\\\/actualite\\\/national\\\/xviiie-sommet-de-la-francophonie-adoption-de-la-declaration-de-djerba\\\/199234\\\/\"]}]},{\"@type\":\"ImageObject\",\"inLanguage\":\"fr-FR\",\"@id\":\"https:\\\/\\\/www.webdo.tn\\\/fr\\\/actualite\\\/national\\\/xviiie-sommet-de-la-francophonie-adoption-de-la-declaration-de-djerba\\\/199234\\\/#primaryimage\",\"url\":\"https:\\\/\\\/www.webdo.tn\\\/fr\\\/wp-content\\\/uploads\\\/2022\\\/11\\\/86583bebacfa964f441785f6b35975dd.jpg\",\"contentUrl\":\"https:\\\/\\\/www.webdo.tn\\\/fr\\\/wp-content\\\/uploads\\\/2022\\\/11\\\/86583bebacfa964f441785f6b35975dd.jpg\",\"width\":750,\"height\":400,\"caption\":\"Louise Mushikiwabo, secr\u00e9taire g\u00e9n\u00e9rale de l\u2019OIF et Kais Saied, pr\u00e9sident de la R\u00e9publique\"},{\"@type\":\"BreadcrumbList\",\"@id\":\"https:\\\/\\\/www.webdo.tn\\\/fr\\\/actualite\\\/national\\\/xviiie-sommet-de-la-francophonie-adoption-de-la-declaration-de-djerba\\\/199234\\\/#breadcrumb\",\"itemListElement\":[{\"@type\":\"ListItem\",\"position\":1,\"name\":\"Accueil\",\"item\":\"https:\\\/\\\/www.webdo.tn\\\/fr\\\/\"},{\"@type\":\"ListItem\",\"position\":2,\"name\":\"XVIIIe sommet de la Francophonie : Adoption de la &#8220;D\u00e9claration de Djerba&#8221;\"}]},{\"@type\":\"WebSite\",\"@id\":\"https:\\\/\\\/www.webdo.tn\\\/fr\\\/#website\",\"url\":\"https:\\\/\\\/www.webdo.tn\\\/fr\\\/\",\"name\":\"webdo\",\"description\":\"Tunisie - News en Tunisie et \u00e0 l&#039;international sur Webdo.tn\",\"publisher\":{\"@id\":\"https:\\\/\\\/www.webdo.tn\\\/fr\\\/#organization\"},\"potentialAction\":[{\"@type\":\"SearchAction\",\"target\":{\"@type\":\"EntryPoint\",\"urlTemplate\":\"https:\\\/\\\/www.webdo.tn\\\/fr\\\/?s={search_term_string}\"},\"query-input\":{\"@type\":\"PropertyValueSpecification\",\"valueRequired\":true,\"valueName\":\"search_term_string\"}}],\"inLanguage\":\"fr-FR\"},{\"@type\":\"Organization\",\"@id\":\"https:\\\/\\\/www.webdo.tn\\\/fr\\\/#organization\",\"name\":\"Webdo\",\"alternateName\":\"Webdo.tn\",\"url\":\"https:\\\/\\\/www.webdo.tn\\\/fr\\\/\",\"logo\":{\"@type\":\"ImageObject\",\"inLanguage\":\"fr-FR\",\"@id\":\"https:\\\/\\\/www.webdo.tn\\\/fr\\\/#\\\/schema\\\/logo\\\/image\\\/\",\"url\":\"https:\\\/\\\/www.webdo.tn\\\/fr\\\/wp-content\\\/uploads\\\/2025\\\/06\\\/Webdo-Tunisie_168377.jpg\",\"contentUrl\":\"https:\\\/\\\/www.webdo.tn\\\/fr\\\/wp-content\\\/uploads\\\/2025\\\/06\\\/Webdo-Tunisie_168377.jpg\",\"width\":301,\"height\":301,\"caption\":\"Webdo\"},\"image\":{\"@id\":\"https:\\\/\\\/www.webdo.tn\\\/fr\\\/#\\\/schema\\\/logo\\\/image\\\/\"},\"sameAs\":[\"https:\\\/\\\/www.facebook.com\\\/webdotn\",\"https:\\\/\\\/x.com\\\/webdo_tn\"],\"description\":\"Webdo est un m\u00e9dia num\u00e9rique tunisien fond\u00e9 en 2010, sp\u00e9cialis\u00e9 dans l\u2019actualit\u00e9 nationale et internationale, l\u2019\u00e9conomie, la soci\u00e9t\u00e9 et les analyses politiques. Le site s\u2019adresse \u00e0 un large public francophone et couvre l\u2019information tunisienne en temps r\u00e9el.\",\"email\":\"redac@webdo.tn\",\"legalName\":\"YNJ SARL\",\"foundingDate\":\"2010-09-06\",\"numberOfEmployees\":{\"@type\":\"QuantitativeValue\",\"minValue\":\"11\",\"maxValue\":\"50\"}},{\"@type\":\"Person\",\"@id\":\"https:\\\/\\\/www.webdo.tn\\\/fr\\\/#\\\/schema\\\/person\\\/2c4929cbf5a809e3bd38617c6ce150f6\",\"name\":\"MC\",\"image\":{\"@type\":\"ImageObject\",\"inLanguage\":\"fr-FR\",\"@id\":\"https:\\\/\\\/secure.gravatar.com\\\/avatar\\\/a545bbb6f84efdd5553dbbc2895e3ca8f1d12c5215e00a041c9670b54aa9b18a?s=96&d=mm&r=g\",\"url\":\"https:\\\/\\\/secure.gravatar.com\\\/avatar\\\/a545bbb6f84efdd5553dbbc2895e3ca8f1d12c5215e00a041c9670b54aa9b18a?s=96&d=mm&r=g\",\"contentUrl\":\"https:\\\/\\\/secure.gravatar.com\\\/avatar\\\/a545bbb6f84efdd5553dbbc2895e3ca8f1d12c5215e00a041c9670b54aa9b18a?s=96&d=mm&r=g\",\"caption\":\"MC\"},\"url\":\"https:\\\/\\\/www.webdo.tn\\\/fr\\\/actualite\\\/author\\\/mc\\\/\"}]}<\/script>\n<!-- \/ Yoast SEO Premium plugin. -->","yoast_head_json":{"title":"XVIIIe sommet de la Francophonie : Adoption de la D\u00e9claration de Djerba","description":"Le XVIIIe Sommet de la Francophonie qui s'est d\u00e9roul\u00e9 les 19 et 20 novembre \u00e0 Djerba, en Tunisie, autour du th\u00e8me La connectivit\u00e9 dans la diversit\u00e9 : Le num\u00e9ri...","canonical":"https:\/\/www.webdo.tn\/fr\/actualite\/national\/xviiie-sommet-de-la-francophonie-adoption-de-la-declaration-de-djerba\/199234\/","og_locale":"fr_FR","og_type":"article","og_title":"XVIIIe sommet de la Francophonie : Adoption de la \"D\u00e9claration de Djerba\"","og_description":"Le XVIIIe Sommet de la Francophonie qui s'est d\u00e9roul\u00e9 les 19 et 20 novembre \u00e0 Djerba, en Tunisie, autour du th\u00e8me La connectivit\u00e9 dans la diversit\u00e9 : Le num\u00e9ri...","og_url":"https:\/\/www.webdo.tn\/fr\/actualite\/national\/xviiie-sommet-de-la-francophonie-adoption-de-la-declaration-de-djerba\/199234\/","og_site_name":"webdo","article_publisher":"https:\/\/www.facebook.com\/webdotn","article_published_time":"2022-11-22T08:43:00+00:00","article_modified_time":"2025-05-20T22:04:42+00:00","og_image":[{"width":750,"height":400,"url":"https:\/\/www.webdo.tn\/fr\/wp-content\/uploads\/2022\/11\/86583bebacfa964f441785f6b35975dd.jpg","type":"image\/jpeg"}],"author":"MC","twitter_card":"summary_large_image","twitter_creator":"@webdo_tn","twitter_site":"@webdo_tn","twitter_misc":{"\u00c9crit par":"MC","Dur\u00e9e de lecture estim\u00e9e":"8 minutes"},"schema":{"@context":"https:\/\/schema.org","@graph":[{"@type":"NewsArticle","@id":"https:\/\/www.webdo.tn\/fr\/actualite\/national\/xviiie-sommet-de-la-francophonie-adoption-de-la-declaration-de-djerba\/199234\/#article","isPartOf":{"@id":"https:\/\/www.webdo.tn\/fr\/actualite\/national\/xviiie-sommet-de-la-francophonie-adoption-de-la-declaration-de-djerba\/199234\/"},"author":{"name":"MC","@id":"https:\/\/www.webdo.tn\/fr\/#\/schema\/person\/2c4929cbf5a809e3bd38617c6ce150f6"},"headline":"XVIIIe sommet de la Francophonie : Adoption de la \u00ab\u00a0D\u00e9claration de Djerba\u00a0\u00bb","datePublished":"2022-11-22T08:43:00+00:00","dateModified":"2025-05-20T22:04:42+00:00","mainEntityOfPage":{"@id":"https:\/\/www.webdo.tn\/fr\/actualite\/national\/xviiie-sommet-de-la-francophonie-adoption-de-la-declaration-de-djerba\/199234\/"},"wordCount":1751,"commentCount":0,"publisher":{"@id":"https:\/\/www.webdo.tn\/fr\/#organization"},"image":{"@id":"https:\/\/www.webdo.tn\/fr\/actualite\/national\/xviiie-sommet-de-la-francophonie-adoption-de-la-declaration-de-djerba\/199234\/#primaryimage"},"thumbnailUrl":"https:\/\/www.webdo.tn\/fr\/wp-content\/uploads\/2022\/11\/86583bebacfa964f441785f6b35975dd.jpg","keywords":["d\u00e9claration de djerba","djerba","francophonie","sommet"],"articleSection":["National"],"inLanguage":"fr-FR"},{"@type":"WebPage","@id":"https:\/\/www.webdo.tn\/fr\/actualite\/national\/xviiie-sommet-de-la-francophonie-adoption-de-la-declaration-de-djerba\/199234\/","url":"https:\/\/www.webdo.tn\/fr\/actualite\/national\/xviiie-sommet-de-la-francophonie-adoption-de-la-declaration-de-djerba\/199234\/","name":"XVIIIe sommet de la Francophonie : Adoption de la D\u00e9claration de Djerba","isPartOf":{"@id":"https:\/\/www.webdo.tn\/fr\/#website"},"primaryImageOfPage":{"@id":"https:\/\/www.webdo.tn\/fr\/actualite\/national\/xviiie-sommet-de-la-francophonie-adoption-de-la-declaration-de-djerba\/199234\/#primaryimage"},"image":{"@id":"https:\/\/www.webdo.tn\/fr\/actualite\/national\/xviiie-sommet-de-la-francophonie-adoption-de-la-declaration-de-djerba\/199234\/#primaryimage"},"thumbnailUrl":"https:\/\/www.webdo.tn\/fr\/wp-content\/uploads\/2022\/11\/86583bebacfa964f441785f6b35975dd.jpg","datePublished":"2022-11-22T08:43:00+00:00","dateModified":"2025-05-20T22:04:42+00:00","description":"Le XVIIIe Sommet de la Francophonie qui s'est d\u00e9roul\u00e9 les 19 et 20 novembre \u00e0 Djerba, en Tunisie, autour du th\u00e8me La connectivit\u00e9 dans la diversit\u00e9 : Le num\u00e9ri...","breadcrumb":{"@id":"https:\/\/www.webdo.tn\/fr\/actualite\/national\/xviiie-sommet-de-la-francophonie-adoption-de-la-declaration-de-djerba\/199234\/#breadcrumb"},"inLanguage":"fr-FR","potentialAction":[{"@type":"ReadAction","target":["https:\/\/www.webdo.tn\/fr\/actualite\/national\/xviiie-sommet-de-la-francophonie-adoption-de-la-declaration-de-djerba\/199234\/"]}]},{"@type":"ImageObject","inLanguage":"fr-FR","@id":"https:\/\/www.webdo.tn\/fr\/actualite\/national\/xviiie-sommet-de-la-francophonie-adoption-de-la-declaration-de-djerba\/199234\/#primaryimage","url":"https:\/\/www.webdo.tn\/fr\/wp-content\/uploads\/2022\/11\/86583bebacfa964f441785f6b35975dd.jpg","contentUrl":"https:\/\/www.webdo.tn\/fr\/wp-content\/uploads\/2022\/11\/86583bebacfa964f441785f6b35975dd.jpg","width":750,"height":400,"caption":"Louise Mushikiwabo, secr\u00e9taire g\u00e9n\u00e9rale de l\u2019OIF et Kais Saied, pr\u00e9sident de la R\u00e9publique"},{"@type":"BreadcrumbList","@id":"https:\/\/www.webdo.tn\/fr\/actualite\/national\/xviiie-sommet-de-la-francophonie-adoption-de-la-declaration-de-djerba\/199234\/#breadcrumb","itemListElement":[{"@type":"ListItem","position":1,"name":"Accueil","item":"https:\/\/www.webdo.tn\/fr\/"},{"@type":"ListItem","position":2,"name":"XVIIIe sommet de la Francophonie : Adoption de la &#8220;D\u00e9claration de Djerba&#8221;"}]},{"@type":"WebSite","@id":"https:\/\/www.webdo.tn\/fr\/#website","url":"https:\/\/www.webdo.tn\/fr\/","name":"webdo","description":"Tunisie - News en Tunisie et \u00e0 l&#039;international sur Webdo.tn","publisher":{"@id":"https:\/\/www.webdo.tn\/fr\/#organization"},"potentialAction":[{"@type":"SearchAction","target":{"@type":"EntryPoint","urlTemplate":"https:\/\/www.webdo.tn\/fr\/?s={search_term_string}"},"query-input":{"@type":"PropertyValueSpecification","valueRequired":true,"valueName":"search_term_string"}}],"inLanguage":"fr-FR"},{"@type":"Organization","@id":"https:\/\/www.webdo.tn\/fr\/#organization","name":"Webdo","alternateName":"Webdo.tn","url":"https:\/\/www.webdo.tn\/fr\/","logo":{"@type":"ImageObject","inLanguage":"fr-FR","@id":"https:\/\/www.webdo.tn\/fr\/#\/schema\/logo\/image\/","url":"https:\/\/www.webdo.tn\/fr\/wp-content\/uploads\/2025\/06\/Webdo-Tunisie_168377.jpg","contentUrl":"https:\/\/www.webdo.tn\/fr\/wp-content\/uploads\/2025\/06\/Webdo-Tunisie_168377.jpg","width":301,"height":301,"caption":"Webdo"},"image":{"@id":"https:\/\/www.webdo.tn\/fr\/#\/schema\/logo\/image\/"},"sameAs":["https:\/\/www.facebook.com\/webdotn","https:\/\/x.com\/webdo_tn"],"description":"Webdo est un m\u00e9dia num\u00e9rique tunisien fond\u00e9 en 2010, sp\u00e9cialis\u00e9 dans l\u2019actualit\u00e9 nationale et internationale, l\u2019\u00e9conomie, la soci\u00e9t\u00e9 et les analyses politiques. Le site s\u2019adresse \u00e0 un large public francophone et couvre l\u2019information tunisienne en temps r\u00e9el.","email":"redac@webdo.tn","legalName":"YNJ SARL","foundingDate":"2010-09-06","numberOfEmployees":{"@type":"QuantitativeValue","minValue":"11","maxValue":"50"}},{"@type":"Person","@id":"https:\/\/www.webdo.tn\/fr\/#\/schema\/person\/2c4929cbf5a809e3bd38617c6ce150f6","name":"MC","image":{"@type":"ImageObject","inLanguage":"fr-FR","@id":"https:\/\/secure.gravatar.com\/avatar\/a545bbb6f84efdd5553dbbc2895e3ca8f1d12c5215e00a041c9670b54aa9b18a?s=96&d=mm&r=g","url":"https:\/\/secure.gravatar.com\/avatar\/a545bbb6f84efdd5553dbbc2895e3ca8f1d12c5215e00a041c9670b54aa9b18a?s=96&d=mm&r=g","contentUrl":"https:\/\/secure.gravatar.com\/avatar\/a545bbb6f84efdd5553dbbc2895e3ca8f1d12c5215e00a041c9670b54aa9b18a?s=96&d=mm&r=g","caption":"MC"},"url":"https:\/\/www.webdo.tn\/fr\/actualite\/author\/mc\/"}]}},"_links":{"self":[{"href":"https:\/\/www.webdo.tn\/fr\/wp-json\/wp\/v2\/posts\/199234","targetHints":{"allow":["GET"]}}],"collection":[{"href":"https:\/\/www.webdo.tn\/fr\/wp-json\/wp\/v2\/posts"}],"about":[{"href":"https:\/\/www.webdo.tn\/fr\/wp-json\/wp\/v2\/types\/post"}],"author":[{"embeddable":true,"href":"https:\/\/www.webdo.tn\/fr\/wp-json\/wp\/v2\/users\/3162"}],"replies":[{"embeddable":true,"href":"https:\/\/www.webdo.tn\/fr\/wp-json\/wp\/v2\/comments?post=199234"}],"version-history":[{"count":0,"href":"https:\/\/www.webdo.tn\/fr\/wp-json\/wp\/v2\/posts\/199234\/revisions"}],"wp:featuredmedia":[{"embeddable":true,"href":"https:\/\/www.webdo.tn\/fr\/wp-json\/wp\/v2\/media\/253167"}],"wp:attachment":[{"href":"https:\/\/www.webdo.tn\/fr\/wp-json\/wp\/v2\/media?parent=199234"}],"wp:term":[{"taxonomy":"category","embeddable":true,"href":"https:\/\/www.webdo.tn\/fr\/wp-json\/wp\/v2\/categories?post=199234"},{"taxonomy":"post_tag","embeddable":true,"href":"https:\/\/www.webdo.tn\/fr\/wp-json\/wp\/v2\/tags?post=199234"}],"curies":[{"name":"wp","href":"https:\/\/api.w.org\/{rel}","templated":true}]}}