{"id":199224,"date":"2022-11-21T19:59:00","date_gmt":"2022-11-21T19:59:00","guid":{"rendered":"https:\/\/www.webdo.tn\/fr\/blog\/la-cdc-renouvelle-son-partenariat-avec-son-homologue-francais-et-l-afd\/199224\/"},"modified":"2025-05-20T23:00:23","modified_gmt":"2025-05-20T23:00:23","slug":"la-cdc-renouvelle-son-partenariat-avec-son-homologue-francais-et-l-afd","status":"publish","type":"post","link":"https:\/\/www.webdo.tn\/fr\/actualite\/national\/la-cdc-renouvelle-son-partenariat-avec-son-homologue-francais-et-l-afd\/199224\/","title":{"rendered":"La CDC renouvelle son partenariat avec son homologue fran\u00e7ais et l&rsquo;AFD"},"content":{"rendered":"<p>Les Caisses des D\u00e9p\u00f4ts et Consignations (CDC) tunisienne et fran\u00e7aise et l\u2019Agence fran\u00e7aise de d\u00e9veloppement (AFD) ont renouvel\u00e9 leur\u00a0partenariat et travaillent \u00e0 identifier de nouveaux axes communs strat\u00e9giques.\u00a0<\/p>\n<p>\t\t\t\t\t\t\t\t\tLa c\u00e9r\u00e9monie de signature de ce partenariat est intervenue \u00e0 l\u2019issue du Forum \u00e9conomique de la Francophonie organis\u00e9 lundi 21 novembre \u00e0 Djerba, sur le th\u00e8me \u201d Financement de l\u2019entreprise priv\u00e9e francophone : Vecteur de croissance partag\u00e9e, de cr\u00e9ation d\u2019emplois et d\u2019innovation\u201c.<\/p>\n<p>L\u2019accord a \u00e9t\u00e9 sign\u00e9 par la Directrice G\u00e9n\u00e9rale par int\u00e9rim de la CDC tunisienne, N\u00e9jia Gharbi, le directeur des relations institutionnelles, internationales et europ\u00e9ennes de la CDC fran\u00e7aise, Laurent Zlyberberg, et le directeur ex\u00e9cutif en charge de la mobilisation des partenariats et de la communication de l\u2019AFD, Papa Amadou Sarr.<\/p>\n<p>L\u2019accord ambitionne de renforcer le partenariat dans diff\u00e9rents secteurs dont l\u2019entrepreneuriat, l\u2019innovation, les infrastructures, la transition \u00e9cologique et \u00e9nerg\u00e9tique et l\u2019am\u00e9nagement urbain.<\/p>\n<p>Ce protocole d\u2019accord a permis notamment de renforcer la relation bilat\u00e9rale entre les CDC tunisiennes et fran\u00e7aises, se traduisant notamment par des \u00e9changes techniques. Il a \u00e9galement donn\u00e9 lieu \u00e0 une collaboration entre la CDC tunisienne et le Groupe AFD autour du soutien \u00e0 entrepreneuriat et \u00e0 l\u2019innovation avec notamment le financement de l\u2019\u00e9tude de faisabilit\u00e9 du fonds de fonds ANAVA.<\/p>\n","protected":false},"excerpt":{"rendered":"<p>Les Caisses des D\u00e9p\u00f4ts et Consignations (CDC) tunisienne et fran\u00e7aise et l\u2019Agence fran\u00e7aise de d\u00e9veloppement (AFD) ont renouvel\u00e9 leur\u00a0partenariat et travaillent&#8230;<\/p>\n","protected":false},"author":3195,"featured_media":253168,"comment_status":"open","ping_status":"closed","sticky":false,"template":"","format":"standard","meta":{"footnotes":""},"categories":[44],"tags":[3934,9011,3154,3186,3300,2608],"class_list":["post-199224","post","type-post","status-publish","format-standard","has-post-thumbnail","hentry","category-national","tag-afd","tag-cdc","tag-economie","tag-investissement","tag-partenariat","tag-tunisie"],"yoast_head":"<!-- This site is optimized with the Yoast SEO Premium plugin v27.5 (Yoast SEO v27.5) - https:\/\/yoast.com\/product\/yoast-seo-premium-wordpress\/ -->\n<title>La CDC renouvelle son partenariat avec son homologue fran\u00e7ais et l&#039;AFD<\/title>\n<meta name=\"description\" content=\"Les Caisses des D\u00e9p\u00f4ts et Consignations (CDC) tunisienne et fran\u00e7aise et l\u2019Agence fran\u00e7aise de d\u00e9veloppement (AFD) ont renouvel\u00e9 leur\u00a0partenariat et travaillent...\" \/>\n<link rel=\"canonical\" href=\"https:\/\/www.webdo.tn\/fr\/actualite\/national\/la-cdc-renouvelle-son-partenariat-avec-son-homologue-francais-et-l-afd\/199224\/\" \/>\n<meta property=\"og:locale\" content=\"fr_FR\" \/>\n<meta property=\"og:type\" content=\"article\" \/>\n<meta property=\"og:title\" content=\"La CDC renouvelle son partenariat avec son homologue fran\u00e7ais et l&#039;AFD\" \/>\n<meta property=\"og:description\" content=\"Les Caisses des D\u00e9p\u00f4ts et Consignations (CDC) tunisienne et fran\u00e7aise et l\u2019Agence fran\u00e7aise de d\u00e9veloppement (AFD) ont renouvel\u00e9 leur\u00a0partenariat et travaillent...\" \/>\n<meta property=\"og:url\" content=\"https:\/\/www.webdo.tn\/fr\/actualite\/national\/la-cdc-renouvelle-son-partenariat-avec-son-homologue-francais-et-l-afd\/199224\/\" \/>\n<meta property=\"og:site_name\" content=\"webdo\" \/>\n<meta property=\"article:publisher\" content=\"https:\/\/www.facebook.com\/webdotn\" \/>\n<meta property=\"article:published_time\" content=\"2022-11-21T19:59:00+00:00\" \/>\n<meta property=\"article:modified_time\" content=\"2025-05-20T23:00:23+00:00\" \/>\n<meta property=\"og:image\" content=\"https:\/\/www.webdo.tn\/fr\/wp-content\/uploads\/2022\/11\/ad4101bf0ce1d0362fec1a9923056957.jpg\" \/>\n\t<meta property=\"og:image:width\" content=\"750\" \/>\n\t<meta property=\"og:image:height\" content=\"400\" \/>\n\t<meta property=\"og:image:type\" content=\"image\/jpeg\" \/>\n<meta name=\"author\" content=\"NJ\" \/>\n<meta name=\"twitter:card\" content=\"summary_large_image\" \/>\n<meta name=\"twitter:creator\" content=\"@webdo_tn\" \/>\n<meta name=\"twitter:site\" content=\"@webdo_tn\" \/>\n<meta name=\"twitter:label1\" content=\"\u00c9crit par\" \/>\n\t<meta name=\"twitter:data1\" content=\"NJ\" \/>\n\t<meta name=\"twitter:label2\" content=\"Dur\u00e9e de lecture estim\u00e9e\" \/>\n\t<meta name=\"twitter:data2\" content=\"1 minute\" \/>\n<script type=\"application\/ld+json\" class=\"yoast-schema-graph\">{\"@context\":\"https:\\\/\\\/schema.org\",\"@graph\":[{\"@type\":\"NewsArticle\",\"@id\":\"https:\\\/\\\/www.webdo.tn\\\/fr\\\/actualite\\\/national\\\/la-cdc-renouvelle-son-partenariat-avec-son-homologue-francais-et-l-afd\\\/199224\\\/#article\",\"isPartOf\":{\"@id\":\"https:\\\/\\\/www.webdo.tn\\\/fr\\\/actualite\\\/national\\\/la-cdc-renouvelle-son-partenariat-avec-son-homologue-francais-et-l-afd\\\/199224\\\/\"},\"author\":{\"name\":\"NJ\",\"@id\":\"https:\\\/\\\/www.webdo.tn\\\/fr\\\/#\\\/schema\\\/person\\\/646f7c4406ab78299805d9d39b2636d8\"},\"headline\":\"La CDC renouvelle son partenariat avec son homologue fran\u00e7ais et l&rsquo;AFD\",\"datePublished\":\"2022-11-21T19:59:00+00:00\",\"dateModified\":\"2025-05-20T23:00:23+00:00\",\"mainEntityOfPage\":{\"@id\":\"https:\\\/\\\/www.webdo.tn\\\/fr\\\/actualite\\\/national\\\/la-cdc-renouvelle-son-partenariat-avec-son-homologue-francais-et-l-afd\\\/199224\\\/\"},\"wordCount\":246,\"commentCount\":0,\"publisher\":{\"@id\":\"https:\\\/\\\/www.webdo.tn\\\/fr\\\/#organization\"},\"image\":{\"@id\":\"https:\\\/\\\/www.webdo.tn\\\/fr\\\/actualite\\\/national\\\/la-cdc-renouvelle-son-partenariat-avec-son-homologue-francais-et-l-afd\\\/199224\\\/#primaryimage\"},\"thumbnailUrl\":\"https:\\\/\\\/www.webdo.tn\\\/fr\\\/wp-content\\\/uploads\\\/2022\\\/11\\\/ad4101bf0ce1d0362fec1a9923056957.jpg\",\"keywords\":[\"AFD\",\"CDC\",\"\u00e9conomie\",\"investissement\",\"partenariat\",\"Tunisie\"],\"articleSection\":[\"National\"],\"inLanguage\":\"fr-FR\"},{\"@type\":\"WebPage\",\"@id\":\"https:\\\/\\\/www.webdo.tn\\\/fr\\\/actualite\\\/national\\\/la-cdc-renouvelle-son-partenariat-avec-son-homologue-francais-et-l-afd\\\/199224\\\/\",\"url\":\"https:\\\/\\\/www.webdo.tn\\\/fr\\\/actualite\\\/national\\\/la-cdc-renouvelle-son-partenariat-avec-son-homologue-francais-et-l-afd\\\/199224\\\/\",\"name\":\"La CDC renouvelle son partenariat avec son homologue fran\u00e7ais et l'AFD\",\"isPartOf\":{\"@id\":\"https:\\\/\\\/www.webdo.tn\\\/fr\\\/#website\"},\"primaryImageOfPage\":{\"@id\":\"https:\\\/\\\/www.webdo.tn\\\/fr\\\/actualite\\\/national\\\/la-cdc-renouvelle-son-partenariat-avec-son-homologue-francais-et-l-afd\\\/199224\\\/#primaryimage\"},\"image\":{\"@id\":\"https:\\\/\\\/www.webdo.tn\\\/fr\\\/actualite\\\/national\\\/la-cdc-renouvelle-son-partenariat-avec-son-homologue-francais-et-l-afd\\\/199224\\\/#primaryimage\"},\"thumbnailUrl\":\"https:\\\/\\\/www.webdo.tn\\\/fr\\\/wp-content\\\/uploads\\\/2022\\\/11\\\/ad4101bf0ce1d0362fec1a9923056957.jpg\",\"datePublished\":\"2022-11-21T19:59:00+00:00\",\"dateModified\":\"2025-05-20T23:00:23+00:00\",\"description\":\"Les Caisses des D\u00e9p\u00f4ts et Consignations (CDC) tunisienne et fran\u00e7aise et l\u2019Agence fran\u00e7aise de d\u00e9veloppement (AFD) ont renouvel\u00e9 leur\u00a0partenariat et travaillent...\",\"breadcrumb\":{\"@id\":\"https:\\\/\\\/www.webdo.tn\\\/fr\\\/actualite\\\/national\\\/la-cdc-renouvelle-son-partenariat-avec-son-homologue-francais-et-l-afd\\\/199224\\\/#breadcrumb\"},\"inLanguage\":\"fr-FR\",\"potentialAction\":[{\"@type\":\"ReadAction\",\"target\":[\"https:\\\/\\\/www.webdo.tn\\\/fr\\\/actualite\\\/national\\\/la-cdc-renouvelle-son-partenariat-avec-son-homologue-francais-et-l-afd\\\/199224\\\/\"]}]},{\"@type\":\"ImageObject\",\"inLanguage\":\"fr-FR\",\"@id\":\"https:\\\/\\\/www.webdo.tn\\\/fr\\\/actualite\\\/national\\\/la-cdc-renouvelle-son-partenariat-avec-son-homologue-francais-et-l-afd\\\/199224\\\/#primaryimage\",\"url\":\"https:\\\/\\\/www.webdo.tn\\\/fr\\\/wp-content\\\/uploads\\\/2022\\\/11\\\/ad4101bf0ce1d0362fec1a9923056957.jpg\",\"contentUrl\":\"https:\\\/\\\/www.webdo.tn\\\/fr\\\/wp-content\\\/uploads\\\/2022\\\/11\\\/ad4101bf0ce1d0362fec1a9923056957.jpg\",\"width\":750,\"height\":400,\"caption\":\"La CDC renouvelle son partenariat avec son homologue fran\u00e7ais et l'AFD\"},{\"@type\":\"BreadcrumbList\",\"@id\":\"https:\\\/\\\/www.webdo.tn\\\/fr\\\/actualite\\\/national\\\/la-cdc-renouvelle-son-partenariat-avec-son-homologue-francais-et-l-afd\\\/199224\\\/#breadcrumb\",\"itemListElement\":[{\"@type\":\"ListItem\",\"position\":1,\"name\":\"Accueil\",\"item\":\"https:\\\/\\\/www.webdo.tn\\\/fr\\\/\"},{\"@type\":\"ListItem\",\"position\":2,\"name\":\"La CDC renouvelle son partenariat avec son homologue fran\u00e7ais et l&#8217;AFD\"}]},{\"@type\":\"WebSite\",\"@id\":\"https:\\\/\\\/www.webdo.tn\\\/fr\\\/#website\",\"url\":\"https:\\\/\\\/www.webdo.tn\\\/fr\\\/\",\"name\":\"webdo\",\"description\":\"Tunisie - News en Tunisie et \u00e0 l&#039;international sur Webdo.tn\",\"publisher\":{\"@id\":\"https:\\\/\\\/www.webdo.tn\\\/fr\\\/#organization\"},\"potentialAction\":[{\"@type\":\"SearchAction\",\"target\":{\"@type\":\"EntryPoint\",\"urlTemplate\":\"https:\\\/\\\/www.webdo.tn\\\/fr\\\/?s={search_term_string}\"},\"query-input\":{\"@type\":\"PropertyValueSpecification\",\"valueRequired\":true,\"valueName\":\"search_term_string\"}}],\"inLanguage\":\"fr-FR\"},{\"@type\":\"Organization\",\"@id\":\"https:\\\/\\\/www.webdo.tn\\\/fr\\\/#organization\",\"name\":\"Webdo\",\"alternateName\":\"Webdo.tn\",\"url\":\"https:\\\/\\\/www.webdo.tn\\\/fr\\\/\",\"logo\":{\"@type\":\"ImageObject\",\"inLanguage\":\"fr-FR\",\"@id\":\"https:\\\/\\\/www.webdo.tn\\\/fr\\\/#\\\/schema\\\/logo\\\/image\\\/\",\"url\":\"https:\\\/\\\/www.webdo.tn\\\/fr\\\/wp-content\\\/uploads\\\/2025\\\/06\\\/Webdo-Tunisie_168377.jpg\",\"contentUrl\":\"https:\\\/\\\/www.webdo.tn\\\/fr\\\/wp-content\\\/uploads\\\/2025\\\/06\\\/Webdo-Tunisie_168377.jpg\",\"width\":301,\"height\":301,\"caption\":\"Webdo\"},\"image\":{\"@id\":\"https:\\\/\\\/www.webdo.tn\\\/fr\\\/#\\\/schema\\\/logo\\\/image\\\/\"},\"sameAs\":[\"https:\\\/\\\/www.facebook.com\\\/webdotn\",\"https:\\\/\\\/x.com\\\/webdo_tn\"],\"description\":\"Webdo est un m\u00e9dia num\u00e9rique tunisien fond\u00e9 en 2010, sp\u00e9cialis\u00e9 dans l\u2019actualit\u00e9 nationale et internationale, l\u2019\u00e9conomie, la soci\u00e9t\u00e9 et les analyses politiques. Le site s\u2019adresse \u00e0 un large public francophone et couvre l\u2019information tunisienne en temps r\u00e9el.\",\"email\":\"redac@webdo.tn\",\"legalName\":\"YNJ SARL\",\"foundingDate\":\"2010-09-06\",\"numberOfEmployees\":{\"@type\":\"QuantitativeValue\",\"minValue\":\"11\",\"maxValue\":\"50\"}},{\"@type\":\"Person\",\"@id\":\"https:\\\/\\\/www.webdo.tn\\\/fr\\\/#\\\/schema\\\/person\\\/646f7c4406ab78299805d9d39b2636d8\",\"name\":\"NJ\",\"image\":{\"@type\":\"ImageObject\",\"inLanguage\":\"fr-FR\",\"@id\":\"https:\\\/\\\/secure.gravatar.com\\\/avatar\\\/57ee8a7cee8271948beede1dd4413f641d3b749a42dfabf45a3352af812389e1?s=96&d=mm&r=g\",\"url\":\"https:\\\/\\\/secure.gravatar.com\\\/avatar\\\/57ee8a7cee8271948beede1dd4413f641d3b749a42dfabf45a3352af812389e1?s=96&d=mm&r=g\",\"contentUrl\":\"https:\\\/\\\/secure.gravatar.com\\\/avatar\\\/57ee8a7cee8271948beede1dd4413f641d3b749a42dfabf45a3352af812389e1?s=96&d=mm&r=g\",\"caption\":\"NJ\"},\"url\":\"https:\\\/\\\/www.webdo.tn\\\/fr\\\/actualite\\\/author\\\/nj\\\/\"}]}<\/script>\n<!-- \/ Yoast SEO Premium plugin. -->","yoast_head_json":{"title":"La CDC renouvelle son partenariat avec son homologue fran\u00e7ais et l'AFD","description":"Les Caisses des D\u00e9p\u00f4ts et Consignations (CDC) tunisienne et fran\u00e7aise et l\u2019Agence fran\u00e7aise de d\u00e9veloppement (AFD) ont renouvel\u00e9 leur\u00a0partenariat et travaillent...","canonical":"https:\/\/www.webdo.tn\/fr\/actualite\/national\/la-cdc-renouvelle-son-partenariat-avec-son-homologue-francais-et-l-afd\/199224\/","og_locale":"fr_FR","og_type":"article","og_title":"La CDC renouvelle son partenariat avec son homologue fran\u00e7ais et l'AFD","og_description":"Les Caisses des D\u00e9p\u00f4ts et Consignations (CDC) tunisienne et fran\u00e7aise et l\u2019Agence fran\u00e7aise de d\u00e9veloppement (AFD) ont renouvel\u00e9 leur\u00a0partenariat et travaillent...","og_url":"https:\/\/www.webdo.tn\/fr\/actualite\/national\/la-cdc-renouvelle-son-partenariat-avec-son-homologue-francais-et-l-afd\/199224\/","og_site_name":"webdo","article_publisher":"https:\/\/www.facebook.com\/webdotn","article_published_time":"2022-11-21T19:59:00+00:00","article_modified_time":"2025-05-20T23:00:23+00:00","og_image":[{"width":750,"height":400,"url":"https:\/\/www.webdo.tn\/fr\/wp-content\/uploads\/2022\/11\/ad4101bf0ce1d0362fec1a9923056957.jpg","type":"image\/jpeg"}],"author":"NJ","twitter_card":"summary_large_image","twitter_creator":"@webdo_tn","twitter_site":"@webdo_tn","twitter_misc":{"\u00c9crit par":"NJ","Dur\u00e9e de lecture estim\u00e9e":"1 minute"},"schema":{"@context":"https:\/\/schema.org","@graph":[{"@type":"NewsArticle","@id":"https:\/\/www.webdo.tn\/fr\/actualite\/national\/la-cdc-renouvelle-son-partenariat-avec-son-homologue-francais-et-l-afd\/199224\/#article","isPartOf":{"@id":"https:\/\/www.webdo.tn\/fr\/actualite\/national\/la-cdc-renouvelle-son-partenariat-avec-son-homologue-francais-et-l-afd\/199224\/"},"author":{"name":"NJ","@id":"https:\/\/www.webdo.tn\/fr\/#\/schema\/person\/646f7c4406ab78299805d9d39b2636d8"},"headline":"La CDC renouvelle son partenariat avec son homologue fran\u00e7ais et l&rsquo;AFD","datePublished":"2022-11-21T19:59:00+00:00","dateModified":"2025-05-20T23:00:23+00:00","mainEntityOfPage":{"@id":"https:\/\/www.webdo.tn\/fr\/actualite\/national\/la-cdc-renouvelle-son-partenariat-avec-son-homologue-francais-et-l-afd\/199224\/"},"wordCount":246,"commentCount":0,"publisher":{"@id":"https:\/\/www.webdo.tn\/fr\/#organization"},"image":{"@id":"https:\/\/www.webdo.tn\/fr\/actualite\/national\/la-cdc-renouvelle-son-partenariat-avec-son-homologue-francais-et-l-afd\/199224\/#primaryimage"},"thumbnailUrl":"https:\/\/www.webdo.tn\/fr\/wp-content\/uploads\/2022\/11\/ad4101bf0ce1d0362fec1a9923056957.jpg","keywords":["AFD","CDC","\u00e9conomie","investissement","partenariat","Tunisie"],"articleSection":["National"],"inLanguage":"fr-FR"},{"@type":"WebPage","@id":"https:\/\/www.webdo.tn\/fr\/actualite\/national\/la-cdc-renouvelle-son-partenariat-avec-son-homologue-francais-et-l-afd\/199224\/","url":"https:\/\/www.webdo.tn\/fr\/actualite\/national\/la-cdc-renouvelle-son-partenariat-avec-son-homologue-francais-et-l-afd\/199224\/","name":"La CDC renouvelle son partenariat avec son homologue fran\u00e7ais et l'AFD","isPartOf":{"@id":"https:\/\/www.webdo.tn\/fr\/#website"},"primaryImageOfPage":{"@id":"https:\/\/www.webdo.tn\/fr\/actualite\/national\/la-cdc-renouvelle-son-partenariat-avec-son-homologue-francais-et-l-afd\/199224\/#primaryimage"},"image":{"@id":"https:\/\/www.webdo.tn\/fr\/actualite\/national\/la-cdc-renouvelle-son-partenariat-avec-son-homologue-francais-et-l-afd\/199224\/#primaryimage"},"thumbnailUrl":"https:\/\/www.webdo.tn\/fr\/wp-content\/uploads\/2022\/11\/ad4101bf0ce1d0362fec1a9923056957.jpg","datePublished":"2022-11-21T19:59:00+00:00","dateModified":"2025-05-20T23:00:23+00:00","description":"Les Caisses des D\u00e9p\u00f4ts et Consignations (CDC) tunisienne et fran\u00e7aise et l\u2019Agence fran\u00e7aise de d\u00e9veloppement (AFD) ont renouvel\u00e9 leur\u00a0partenariat et travaillent...","breadcrumb":{"@id":"https:\/\/www.webdo.tn\/fr\/actualite\/national\/la-cdc-renouvelle-son-partenariat-avec-son-homologue-francais-et-l-afd\/199224\/#breadcrumb"},"inLanguage":"fr-FR","potentialAction":[{"@type":"ReadAction","target":["https:\/\/www.webdo.tn\/fr\/actualite\/national\/la-cdc-renouvelle-son-partenariat-avec-son-homologue-francais-et-l-afd\/199224\/"]}]},{"@type":"ImageObject","inLanguage":"fr-FR","@id":"https:\/\/www.webdo.tn\/fr\/actualite\/national\/la-cdc-renouvelle-son-partenariat-avec-son-homologue-francais-et-l-afd\/199224\/#primaryimage","url":"https:\/\/www.webdo.tn\/fr\/wp-content\/uploads\/2022\/11\/ad4101bf0ce1d0362fec1a9923056957.jpg","contentUrl":"https:\/\/www.webdo.tn\/fr\/wp-content\/uploads\/2022\/11\/ad4101bf0ce1d0362fec1a9923056957.jpg","width":750,"height":400,"caption":"La CDC renouvelle son partenariat avec son homologue fran\u00e7ais et l'AFD"},{"@type":"BreadcrumbList","@id":"https:\/\/www.webdo.tn\/fr\/actualite\/national\/la-cdc-renouvelle-son-partenariat-avec-son-homologue-francais-et-l-afd\/199224\/#breadcrumb","itemListElement":[{"@type":"ListItem","position":1,"name":"Accueil","item":"https:\/\/www.webdo.tn\/fr\/"},{"@type":"ListItem","position":2,"name":"La CDC renouvelle son partenariat avec son homologue fran\u00e7ais et l&#8217;AFD"}]},{"@type":"WebSite","@id":"https:\/\/www.webdo.tn\/fr\/#website","url":"https:\/\/www.webdo.tn\/fr\/","name":"webdo","description":"Tunisie - News en Tunisie et \u00e0 l&#039;international sur Webdo.tn","publisher":{"@id":"https:\/\/www.webdo.tn\/fr\/#organization"},"potentialAction":[{"@type":"SearchAction","target":{"@type":"EntryPoint","urlTemplate":"https:\/\/www.webdo.tn\/fr\/?s={search_term_string}"},"query-input":{"@type":"PropertyValueSpecification","valueRequired":true,"valueName":"search_term_string"}}],"inLanguage":"fr-FR"},{"@type":"Organization","@id":"https:\/\/www.webdo.tn\/fr\/#organization","name":"Webdo","alternateName":"Webdo.tn","url":"https:\/\/www.webdo.tn\/fr\/","logo":{"@type":"ImageObject","inLanguage":"fr-FR","@id":"https:\/\/www.webdo.tn\/fr\/#\/schema\/logo\/image\/","url":"https:\/\/www.webdo.tn\/fr\/wp-content\/uploads\/2025\/06\/Webdo-Tunisie_168377.jpg","contentUrl":"https:\/\/www.webdo.tn\/fr\/wp-content\/uploads\/2025\/06\/Webdo-Tunisie_168377.jpg","width":301,"height":301,"caption":"Webdo"},"image":{"@id":"https:\/\/www.webdo.tn\/fr\/#\/schema\/logo\/image\/"},"sameAs":["https:\/\/www.facebook.com\/webdotn","https:\/\/x.com\/webdo_tn"],"description":"Webdo est un m\u00e9dia num\u00e9rique tunisien fond\u00e9 en 2010, sp\u00e9cialis\u00e9 dans l\u2019actualit\u00e9 nationale et internationale, l\u2019\u00e9conomie, la soci\u00e9t\u00e9 et les analyses politiques. Le site s\u2019adresse \u00e0 un large public francophone et couvre l\u2019information tunisienne en temps r\u00e9el.","email":"redac@webdo.tn","legalName":"YNJ SARL","foundingDate":"2010-09-06","numberOfEmployees":{"@type":"QuantitativeValue","minValue":"11","maxValue":"50"}},{"@type":"Person","@id":"https:\/\/www.webdo.tn\/fr\/#\/schema\/person\/646f7c4406ab78299805d9d39b2636d8","name":"NJ","image":{"@type":"ImageObject","inLanguage":"fr-FR","@id":"https:\/\/secure.gravatar.com\/avatar\/57ee8a7cee8271948beede1dd4413f641d3b749a42dfabf45a3352af812389e1?s=96&d=mm&r=g","url":"https:\/\/secure.gravatar.com\/avatar\/57ee8a7cee8271948beede1dd4413f641d3b749a42dfabf45a3352af812389e1?s=96&d=mm&r=g","contentUrl":"https:\/\/secure.gravatar.com\/avatar\/57ee8a7cee8271948beede1dd4413f641d3b749a42dfabf45a3352af812389e1?s=96&d=mm&r=g","caption":"NJ"},"url":"https:\/\/www.webdo.tn\/fr\/actualite\/author\/nj\/"}]}},"_links":{"self":[{"href":"https:\/\/www.webdo.tn\/fr\/wp-json\/wp\/v2\/posts\/199224","targetHints":{"allow":["GET"]}}],"collection":[{"href":"https:\/\/www.webdo.tn\/fr\/wp-json\/wp\/v2\/posts"}],"about":[{"href":"https:\/\/www.webdo.tn\/fr\/wp-json\/wp\/v2\/types\/post"}],"author":[{"embeddable":true,"href":"https:\/\/www.webdo.tn\/fr\/wp-json\/wp\/v2\/users\/3195"}],"replies":[{"embeddable":true,"href":"https:\/\/www.webdo.tn\/fr\/wp-json\/wp\/v2\/comments?post=199224"}],"version-history":[{"count":0,"href":"https:\/\/www.webdo.tn\/fr\/wp-json\/wp\/v2\/posts\/199224\/revisions"}],"wp:featuredmedia":[{"embeddable":true,"href":"https:\/\/www.webdo.tn\/fr\/wp-json\/wp\/v2\/media\/253168"}],"wp:attachment":[{"href":"https:\/\/www.webdo.tn\/fr\/wp-json\/wp\/v2\/media?parent=199224"}],"wp:term":[{"taxonomy":"category","embeddable":true,"href":"https:\/\/www.webdo.tn\/fr\/wp-json\/wp\/v2\/categories?post=199224"},{"taxonomy":"post_tag","embeddable":true,"href":"https:\/\/www.webdo.tn\/fr\/wp-json\/wp\/v2\/tags?post=199224"}],"curies":[{"name":"wp","href":"https:\/\/api.w.org\/{rel}","templated":true}]}}