{"id":199221,"date":"2022-11-21T19:06:00","date_gmt":"2022-11-21T19:06:00","guid":{"rendered":"https:\/\/www.webdo.tn\/fr\/blog\/mondial-2022-le-senegal-chute-d-entree\/199221\/"},"modified":"2025-05-20T23:00:22","modified_gmt":"2025-05-20T23:00:22","slug":"mondial-2022-le-senegal-chute-d-entree","status":"publish","type":"post","link":"https:\/\/www.webdo.tn\/fr\/actualite\/sport\/mondial-2022-le-senegal-chute-d-entree\/199221\/","title":{"rendered":"Mondial 2022 : Le S\u00e9n\u00e9gal chute d&rsquo;entr\u00e9e"},"content":{"rendered":"<p>Pour son entr\u00e9e en mati\u00e8re dans ce Mondial qatari, le S\u00e9n\u00e9gal a \u00e9t\u00e9 battu par les Pays-Bas, deux buts \u00e0 z\u00e9ro.<\/p>\n<p>\t\t\t\t\t\t\t\t\tLe score ne r\u00e9f\u00e8te aucunement le d\u00e9roulement du match. Face aux Bataves, la bande \u00e0 Alliou Ciss\u00e9 a jou\u00e9 un match solide et s&rsquo;est m\u00eame cr\u00e9e de belles occasions de marquer. Sans son maitre \u00e0 jouer, Sadio Man\u00e9, les S\u00e9n\u00e9galais ont pu compter sur la vitesse d&rsquo;Ismail Sarr pour tenter de prendre la d\u00e9fense adverse \u00e0 d\u00e9faut mais sans succ\u00e8s.<\/p>\n<p>Le tournant du match a \u00e9t\u00e9 la sortie sur blessure de Kouyat\u00e9, qui a laiss\u00e9 un \u00e9norme vide au milieu de terrain. Les co\u00e9quipiers de Depay en ont profit\u00e9 pour hausser le rythme et leur pers\u00e9v\u00e9rance a fini par payer \u00e0 six minutes du terme avec un but de Gakpo. Klaassen a doubl\u00e9 le score dans le temps additonnel pour offrir aux Pays-Bas une victoire plus large.<\/p>\n","protected":false},"excerpt":{"rendered":"<p>Pour son entr\u00e9e en mati\u00e8re dans ce Mondial qatari, le S\u00e9n\u00e9gal a \u00e9t\u00e9 battu par les Pays-Bas, deux buts \u00e0 z\u00e9ro.<\/p>\n","protected":false},"author":3195,"featured_media":253164,"comment_status":"open","ping_status":"closed","sticky":false,"template":"","format":"standard","meta":{"footnotes":""},"categories":[2593],"tags":[4066,8928,7508,3127],"class_list":["post-199221","post","type-post","status-publish","format-standard","has-post-thumbnail","hentry","category-sport","tag-coupe-du-monde","tag-mondial-2022","tag-pays-bas","tag-senegal"],"yoast_head":"<!-- This site is optimized with the Yoast SEO Premium plugin v27.4 (Yoast SEO v27.5) - https:\/\/yoast.com\/product\/yoast-seo-premium-wordpress\/ -->\n<title>Mondial 2022 : Le S\u00e9n\u00e9gal chute d&#039;entr\u00e9e<\/title>\n<meta name=\"description\" content=\"Pour son entr\u00e9e en mati\u00e8re dans ce Mondial qatari, le S\u00e9n\u00e9gal a \u00e9t\u00e9 battu par les Pays-Bas, deux buts \u00e0 z\u00e9ro.\" \/>\n<link rel=\"canonical\" href=\"https:\/\/www.webdo.tn\/fr\/actualite\/sport\/mondial-2022-le-senegal-chute-d-entree\/199221\/\" \/>\n<meta property=\"og:locale\" content=\"fr_FR\" \/>\n<meta property=\"og:type\" content=\"article\" \/>\n<meta property=\"og:title\" content=\"Mondial 2022 : Le S\u00e9n\u00e9gal chute d&#039;entr\u00e9e\" \/>\n<meta property=\"og:description\" content=\"Pour son entr\u00e9e en mati\u00e8re dans ce Mondial qatari, le S\u00e9n\u00e9gal a \u00e9t\u00e9 battu par les Pays-Bas, deux buts \u00e0 z\u00e9ro.\" \/>\n<meta property=\"og:url\" content=\"https:\/\/www.webdo.tn\/fr\/actualite\/sport\/mondial-2022-le-senegal-chute-d-entree\/199221\/\" \/>\n<meta property=\"og:site_name\" content=\"webdo\" \/>\n<meta property=\"article:publisher\" content=\"https:\/\/www.facebook.com\/webdotn\" \/>\n<meta property=\"article:published_time\" content=\"2022-11-21T19:06:00+00:00\" \/>\n<meta property=\"article:modified_time\" content=\"2025-05-20T23:00:22+00:00\" \/>\n<meta property=\"og:image\" content=\"https:\/\/www.webdo.tn\/fr\/wp-content\/uploads\/2022\/11\/84df620fbb7b8c8e8c8d4853abbbd6d7-1.jpg\" \/>\n\t<meta property=\"og:image:width\" content=\"750\" \/>\n\t<meta property=\"og:image:height\" content=\"400\" \/>\n\t<meta property=\"og:image:type\" content=\"image\/jpeg\" \/>\n<meta name=\"author\" content=\"NJ\" \/>\n<meta name=\"twitter:card\" content=\"summary_large_image\" \/>\n<meta name=\"twitter:creator\" content=\"@webdo_tn\" \/>\n<meta name=\"twitter:site\" content=\"@webdo_tn\" \/>\n<meta name=\"twitter:label1\" content=\"\u00c9crit par\" \/>\n\t<meta name=\"twitter:data1\" content=\"NJ\" \/>\n\t<meta name=\"twitter:label2\" content=\"Dur\u00e9e de lecture estim\u00e9e\" \/>\n\t<meta name=\"twitter:data2\" content=\"1 minute\" \/>\n<script type=\"application\/ld+json\" class=\"yoast-schema-graph\">{\"@context\":\"https:\\\/\\\/schema.org\",\"@graph\":[{\"@type\":\"NewsArticle\",\"@id\":\"https:\\\/\\\/www.webdo.tn\\\/fr\\\/actualite\\\/sport\\\/mondial-2022-le-senegal-chute-d-entree\\\/199221\\\/#article\",\"isPartOf\":{\"@id\":\"https:\\\/\\\/www.webdo.tn\\\/fr\\\/actualite\\\/sport\\\/mondial-2022-le-senegal-chute-d-entree\\\/199221\\\/\"},\"author\":{\"name\":\"NJ\",\"@id\":\"https:\\\/\\\/www.webdo.tn\\\/fr\\\/#\\\/schema\\\/person\\\/646f7c4406ab78299805d9d39b2636d8\"},\"headline\":\"Mondial 2022 : Le S\u00e9n\u00e9gal chute d&rsquo;entr\u00e9e\",\"datePublished\":\"2022-11-21T19:06:00+00:00\",\"dateModified\":\"2025-05-20T23:00:22+00:00\",\"mainEntityOfPage\":{\"@id\":\"https:\\\/\\\/www.webdo.tn\\\/fr\\\/actualite\\\/sport\\\/mondial-2022-le-senegal-chute-d-entree\\\/199221\\\/\"},\"wordCount\":172,\"commentCount\":0,\"publisher\":{\"@id\":\"https:\\\/\\\/www.webdo.tn\\\/fr\\\/#organization\"},\"image\":{\"@id\":\"https:\\\/\\\/www.webdo.tn\\\/fr\\\/actualite\\\/sport\\\/mondial-2022-le-senegal-chute-d-entree\\\/199221\\\/#primaryimage\"},\"thumbnailUrl\":\"https:\\\/\\\/www.webdo.tn\\\/fr\\\/wp-content\\\/uploads\\\/2022\\\/11\\\/84df620fbb7b8c8e8c8d4853abbbd6d7-1.jpg\",\"keywords\":[\"Coupe du Monde\",\"mondial 2022\",\"Pays-bas\",\"S\u00e9n\u00e9gal\"],\"articleSection\":[\"Sport\"],\"inLanguage\":\"fr-FR\"},{\"@type\":\"WebPage\",\"@id\":\"https:\\\/\\\/www.webdo.tn\\\/fr\\\/actualite\\\/sport\\\/mondial-2022-le-senegal-chute-d-entree\\\/199221\\\/\",\"url\":\"https:\\\/\\\/www.webdo.tn\\\/fr\\\/actualite\\\/sport\\\/mondial-2022-le-senegal-chute-d-entree\\\/199221\\\/\",\"name\":\"Mondial 2022 : Le S\u00e9n\u00e9gal chute d'entr\u00e9e\",\"isPartOf\":{\"@id\":\"https:\\\/\\\/www.webdo.tn\\\/fr\\\/#website\"},\"primaryImageOfPage\":{\"@id\":\"https:\\\/\\\/www.webdo.tn\\\/fr\\\/actualite\\\/sport\\\/mondial-2022-le-senegal-chute-d-entree\\\/199221\\\/#primaryimage\"},\"image\":{\"@id\":\"https:\\\/\\\/www.webdo.tn\\\/fr\\\/actualite\\\/sport\\\/mondial-2022-le-senegal-chute-d-entree\\\/199221\\\/#primaryimage\"},\"thumbnailUrl\":\"https:\\\/\\\/www.webdo.tn\\\/fr\\\/wp-content\\\/uploads\\\/2022\\\/11\\\/84df620fbb7b8c8e8c8d4853abbbd6d7-1.jpg\",\"datePublished\":\"2022-11-21T19:06:00+00:00\",\"dateModified\":\"2025-05-20T23:00:22+00:00\",\"description\":\"Pour son entr\u00e9e en mati\u00e8re dans ce Mondial qatari, le S\u00e9n\u00e9gal a \u00e9t\u00e9 battu par les Pays-Bas, deux buts \u00e0 z\u00e9ro.\",\"breadcrumb\":{\"@id\":\"https:\\\/\\\/www.webdo.tn\\\/fr\\\/actualite\\\/sport\\\/mondial-2022-le-senegal-chute-d-entree\\\/199221\\\/#breadcrumb\"},\"inLanguage\":\"fr-FR\",\"potentialAction\":[{\"@type\":\"ReadAction\",\"target\":[\"https:\\\/\\\/www.webdo.tn\\\/fr\\\/actualite\\\/sport\\\/mondial-2022-le-senegal-chute-d-entree\\\/199221\\\/\"]}]},{\"@type\":\"ImageObject\",\"inLanguage\":\"fr-FR\",\"@id\":\"https:\\\/\\\/www.webdo.tn\\\/fr\\\/actualite\\\/sport\\\/mondial-2022-le-senegal-chute-d-entree\\\/199221\\\/#primaryimage\",\"url\":\"https:\\\/\\\/www.webdo.tn\\\/fr\\\/wp-content\\\/uploads\\\/2022\\\/11\\\/84df620fbb7b8c8e8c8d4853abbbd6d7-1.jpg\",\"contentUrl\":\"https:\\\/\\\/www.webdo.tn\\\/fr\\\/wp-content\\\/uploads\\\/2022\\\/11\\\/84df620fbb7b8c8e8c8d4853abbbd6d7-1.jpg\",\"width\":750,\"height\":400,\"caption\":\"Mondial 2022 : Le S\u00e9n\u00e9gal chute d'entr\u00e9e\"},{\"@type\":\"BreadcrumbList\",\"@id\":\"https:\\\/\\\/www.webdo.tn\\\/fr\\\/actualite\\\/sport\\\/mondial-2022-le-senegal-chute-d-entree\\\/199221\\\/#breadcrumb\",\"itemListElement\":[{\"@type\":\"ListItem\",\"position\":1,\"name\":\"Accueil\",\"item\":\"https:\\\/\\\/www.webdo.tn\\\/fr\\\/\"},{\"@type\":\"ListItem\",\"position\":2,\"name\":\"Mondial 2022 : Le S\u00e9n\u00e9gal chute d&rsquo;entr\u00e9e\"}]},{\"@type\":\"WebSite\",\"@id\":\"https:\\\/\\\/www.webdo.tn\\\/fr\\\/#website\",\"url\":\"https:\\\/\\\/www.webdo.tn\\\/fr\\\/\",\"name\":\"webdo\",\"description\":\"Tunisie - News en Tunisie et \u00e0 l&#039;international sur Webdo.tn\",\"publisher\":{\"@id\":\"https:\\\/\\\/www.webdo.tn\\\/fr\\\/#organization\"},\"potentialAction\":[{\"@type\":\"SearchAction\",\"target\":{\"@type\":\"EntryPoint\",\"urlTemplate\":\"https:\\\/\\\/www.webdo.tn\\\/fr\\\/?s={search_term_string}\"},\"query-input\":{\"@type\":\"PropertyValueSpecification\",\"valueRequired\":true,\"valueName\":\"search_term_string\"}}],\"inLanguage\":\"fr-FR\"},{\"@type\":\"Organization\",\"@id\":\"https:\\\/\\\/www.webdo.tn\\\/fr\\\/#organization\",\"name\":\"Webdo\",\"alternateName\":\"Webdo.tn\",\"url\":\"https:\\\/\\\/www.webdo.tn\\\/fr\\\/\",\"logo\":{\"@type\":\"ImageObject\",\"inLanguage\":\"fr-FR\",\"@id\":\"https:\\\/\\\/www.webdo.tn\\\/fr\\\/#\\\/schema\\\/logo\\\/image\\\/\",\"url\":\"https:\\\/\\\/www.webdo.tn\\\/fr\\\/wp-content\\\/uploads\\\/2025\\\/06\\\/Webdo-Tunisie_168377.jpg\",\"contentUrl\":\"https:\\\/\\\/www.webdo.tn\\\/fr\\\/wp-content\\\/uploads\\\/2025\\\/06\\\/Webdo-Tunisie_168377.jpg\",\"width\":301,\"height\":301,\"caption\":\"Webdo\"},\"image\":{\"@id\":\"https:\\\/\\\/www.webdo.tn\\\/fr\\\/#\\\/schema\\\/logo\\\/image\\\/\"},\"sameAs\":[\"https:\\\/\\\/www.facebook.com\\\/webdotn\",\"https:\\\/\\\/x.com\\\/webdo_tn\"],\"description\":\"Webdo est un m\u00e9dia num\u00e9rique tunisien fond\u00e9 en 2010, sp\u00e9cialis\u00e9 dans l\u2019actualit\u00e9 nationale et internationale, l\u2019\u00e9conomie, la soci\u00e9t\u00e9 et les analyses politiques. Le site s\u2019adresse \u00e0 un large public francophone et couvre l\u2019information tunisienne en temps r\u00e9el.\",\"email\":\"redac@webdo.tn\",\"legalName\":\"YNJ SARL\",\"foundingDate\":\"2010-09-06\",\"numberOfEmployees\":{\"@type\":\"QuantitativeValue\",\"minValue\":\"11\",\"maxValue\":\"50\"}},{\"@type\":\"Person\",\"@id\":\"https:\\\/\\\/www.webdo.tn\\\/fr\\\/#\\\/schema\\\/person\\\/646f7c4406ab78299805d9d39b2636d8\",\"name\":\"NJ\",\"image\":{\"@type\":\"ImageObject\",\"inLanguage\":\"fr-FR\",\"@id\":\"https:\\\/\\\/secure.gravatar.com\\\/avatar\\\/57ee8a7cee8271948beede1dd4413f641d3b749a42dfabf45a3352af812389e1?s=96&d=mm&r=g\",\"url\":\"https:\\\/\\\/secure.gravatar.com\\\/avatar\\\/57ee8a7cee8271948beede1dd4413f641d3b749a42dfabf45a3352af812389e1?s=96&d=mm&r=g\",\"contentUrl\":\"https:\\\/\\\/secure.gravatar.com\\\/avatar\\\/57ee8a7cee8271948beede1dd4413f641d3b749a42dfabf45a3352af812389e1?s=96&d=mm&r=g\",\"caption\":\"NJ\"},\"url\":\"https:\\\/\\\/www.webdo.tn\\\/fr\\\/actualite\\\/author\\\/nj\\\/\"}]}<\/script>\n<!-- \/ Yoast SEO Premium plugin. -->","yoast_head_json":{"title":"Mondial 2022 : Le S\u00e9n\u00e9gal chute d'entr\u00e9e","description":"Pour son entr\u00e9e en mati\u00e8re dans ce Mondial qatari, le S\u00e9n\u00e9gal a \u00e9t\u00e9 battu par les Pays-Bas, deux buts \u00e0 z\u00e9ro.","canonical":"https:\/\/www.webdo.tn\/fr\/actualite\/sport\/mondial-2022-le-senegal-chute-d-entree\/199221\/","og_locale":"fr_FR","og_type":"article","og_title":"Mondial 2022 : Le S\u00e9n\u00e9gal chute d'entr\u00e9e","og_description":"Pour son entr\u00e9e en mati\u00e8re dans ce Mondial qatari, le S\u00e9n\u00e9gal a \u00e9t\u00e9 battu par les Pays-Bas, deux buts \u00e0 z\u00e9ro.","og_url":"https:\/\/www.webdo.tn\/fr\/actualite\/sport\/mondial-2022-le-senegal-chute-d-entree\/199221\/","og_site_name":"webdo","article_publisher":"https:\/\/www.facebook.com\/webdotn","article_published_time":"2022-11-21T19:06:00+00:00","article_modified_time":"2025-05-20T23:00:22+00:00","og_image":[{"width":750,"height":400,"url":"https:\/\/www.webdo.tn\/fr\/wp-content\/uploads\/2022\/11\/84df620fbb7b8c8e8c8d4853abbbd6d7-1.jpg","type":"image\/jpeg"}],"author":"NJ","twitter_card":"summary_large_image","twitter_creator":"@webdo_tn","twitter_site":"@webdo_tn","twitter_misc":{"\u00c9crit par":"NJ","Dur\u00e9e de lecture estim\u00e9e":"1 minute"},"schema":{"@context":"https:\/\/schema.org","@graph":[{"@type":"NewsArticle","@id":"https:\/\/www.webdo.tn\/fr\/actualite\/sport\/mondial-2022-le-senegal-chute-d-entree\/199221\/#article","isPartOf":{"@id":"https:\/\/www.webdo.tn\/fr\/actualite\/sport\/mondial-2022-le-senegal-chute-d-entree\/199221\/"},"author":{"name":"NJ","@id":"https:\/\/www.webdo.tn\/fr\/#\/schema\/person\/646f7c4406ab78299805d9d39b2636d8"},"headline":"Mondial 2022 : Le S\u00e9n\u00e9gal chute d&rsquo;entr\u00e9e","datePublished":"2022-11-21T19:06:00+00:00","dateModified":"2025-05-20T23:00:22+00:00","mainEntityOfPage":{"@id":"https:\/\/www.webdo.tn\/fr\/actualite\/sport\/mondial-2022-le-senegal-chute-d-entree\/199221\/"},"wordCount":172,"commentCount":0,"publisher":{"@id":"https:\/\/www.webdo.tn\/fr\/#organization"},"image":{"@id":"https:\/\/www.webdo.tn\/fr\/actualite\/sport\/mondial-2022-le-senegal-chute-d-entree\/199221\/#primaryimage"},"thumbnailUrl":"https:\/\/www.webdo.tn\/fr\/wp-content\/uploads\/2022\/11\/84df620fbb7b8c8e8c8d4853abbbd6d7-1.jpg","keywords":["Coupe du Monde","mondial 2022","Pays-bas","S\u00e9n\u00e9gal"],"articleSection":["Sport"],"inLanguage":"fr-FR"},{"@type":"WebPage","@id":"https:\/\/www.webdo.tn\/fr\/actualite\/sport\/mondial-2022-le-senegal-chute-d-entree\/199221\/","url":"https:\/\/www.webdo.tn\/fr\/actualite\/sport\/mondial-2022-le-senegal-chute-d-entree\/199221\/","name":"Mondial 2022 : Le S\u00e9n\u00e9gal chute d'entr\u00e9e","isPartOf":{"@id":"https:\/\/www.webdo.tn\/fr\/#website"},"primaryImageOfPage":{"@id":"https:\/\/www.webdo.tn\/fr\/actualite\/sport\/mondial-2022-le-senegal-chute-d-entree\/199221\/#primaryimage"},"image":{"@id":"https:\/\/www.webdo.tn\/fr\/actualite\/sport\/mondial-2022-le-senegal-chute-d-entree\/199221\/#primaryimage"},"thumbnailUrl":"https:\/\/www.webdo.tn\/fr\/wp-content\/uploads\/2022\/11\/84df620fbb7b8c8e8c8d4853abbbd6d7-1.jpg","datePublished":"2022-11-21T19:06:00+00:00","dateModified":"2025-05-20T23:00:22+00:00","description":"Pour son entr\u00e9e en mati\u00e8re dans ce Mondial qatari, le S\u00e9n\u00e9gal a \u00e9t\u00e9 battu par les Pays-Bas, deux buts \u00e0 z\u00e9ro.","breadcrumb":{"@id":"https:\/\/www.webdo.tn\/fr\/actualite\/sport\/mondial-2022-le-senegal-chute-d-entree\/199221\/#breadcrumb"},"inLanguage":"fr-FR","potentialAction":[{"@type":"ReadAction","target":["https:\/\/www.webdo.tn\/fr\/actualite\/sport\/mondial-2022-le-senegal-chute-d-entree\/199221\/"]}]},{"@type":"ImageObject","inLanguage":"fr-FR","@id":"https:\/\/www.webdo.tn\/fr\/actualite\/sport\/mondial-2022-le-senegal-chute-d-entree\/199221\/#primaryimage","url":"https:\/\/www.webdo.tn\/fr\/wp-content\/uploads\/2022\/11\/84df620fbb7b8c8e8c8d4853abbbd6d7-1.jpg","contentUrl":"https:\/\/www.webdo.tn\/fr\/wp-content\/uploads\/2022\/11\/84df620fbb7b8c8e8c8d4853abbbd6d7-1.jpg","width":750,"height":400,"caption":"Mondial 2022 : Le S\u00e9n\u00e9gal chute d'entr\u00e9e"},{"@type":"BreadcrumbList","@id":"https:\/\/www.webdo.tn\/fr\/actualite\/sport\/mondial-2022-le-senegal-chute-d-entree\/199221\/#breadcrumb","itemListElement":[{"@type":"ListItem","position":1,"name":"Accueil","item":"https:\/\/www.webdo.tn\/fr\/"},{"@type":"ListItem","position":2,"name":"Mondial 2022 : Le S\u00e9n\u00e9gal chute d&rsquo;entr\u00e9e"}]},{"@type":"WebSite","@id":"https:\/\/www.webdo.tn\/fr\/#website","url":"https:\/\/www.webdo.tn\/fr\/","name":"webdo","description":"Tunisie - News en Tunisie et \u00e0 l&#039;international sur Webdo.tn","publisher":{"@id":"https:\/\/www.webdo.tn\/fr\/#organization"},"potentialAction":[{"@type":"SearchAction","target":{"@type":"EntryPoint","urlTemplate":"https:\/\/www.webdo.tn\/fr\/?s={search_term_string}"},"query-input":{"@type":"PropertyValueSpecification","valueRequired":true,"valueName":"search_term_string"}}],"inLanguage":"fr-FR"},{"@type":"Organization","@id":"https:\/\/www.webdo.tn\/fr\/#organization","name":"Webdo","alternateName":"Webdo.tn","url":"https:\/\/www.webdo.tn\/fr\/","logo":{"@type":"ImageObject","inLanguage":"fr-FR","@id":"https:\/\/www.webdo.tn\/fr\/#\/schema\/logo\/image\/","url":"https:\/\/www.webdo.tn\/fr\/wp-content\/uploads\/2025\/06\/Webdo-Tunisie_168377.jpg","contentUrl":"https:\/\/www.webdo.tn\/fr\/wp-content\/uploads\/2025\/06\/Webdo-Tunisie_168377.jpg","width":301,"height":301,"caption":"Webdo"},"image":{"@id":"https:\/\/www.webdo.tn\/fr\/#\/schema\/logo\/image\/"},"sameAs":["https:\/\/www.facebook.com\/webdotn","https:\/\/x.com\/webdo_tn"],"description":"Webdo est un m\u00e9dia num\u00e9rique tunisien fond\u00e9 en 2010, sp\u00e9cialis\u00e9 dans l\u2019actualit\u00e9 nationale et internationale, l\u2019\u00e9conomie, la soci\u00e9t\u00e9 et les analyses politiques. Le site s\u2019adresse \u00e0 un large public francophone et couvre l\u2019information tunisienne en temps r\u00e9el.","email":"redac@webdo.tn","legalName":"YNJ SARL","foundingDate":"2010-09-06","numberOfEmployees":{"@type":"QuantitativeValue","minValue":"11","maxValue":"50"}},{"@type":"Person","@id":"https:\/\/www.webdo.tn\/fr\/#\/schema\/person\/646f7c4406ab78299805d9d39b2636d8","name":"NJ","image":{"@type":"ImageObject","inLanguage":"fr-FR","@id":"https:\/\/secure.gravatar.com\/avatar\/57ee8a7cee8271948beede1dd4413f641d3b749a42dfabf45a3352af812389e1?s=96&d=mm&r=g","url":"https:\/\/secure.gravatar.com\/avatar\/57ee8a7cee8271948beede1dd4413f641d3b749a42dfabf45a3352af812389e1?s=96&d=mm&r=g","contentUrl":"https:\/\/secure.gravatar.com\/avatar\/57ee8a7cee8271948beede1dd4413f641d3b749a42dfabf45a3352af812389e1?s=96&d=mm&r=g","caption":"NJ"},"url":"https:\/\/www.webdo.tn\/fr\/actualite\/author\/nj\/"}]}},"_links":{"self":[{"href":"https:\/\/www.webdo.tn\/fr\/wp-json\/wp\/v2\/posts\/199221","targetHints":{"allow":["GET"]}}],"collection":[{"href":"https:\/\/www.webdo.tn\/fr\/wp-json\/wp\/v2\/posts"}],"about":[{"href":"https:\/\/www.webdo.tn\/fr\/wp-json\/wp\/v2\/types\/post"}],"author":[{"embeddable":true,"href":"https:\/\/www.webdo.tn\/fr\/wp-json\/wp\/v2\/users\/3195"}],"replies":[{"embeddable":true,"href":"https:\/\/www.webdo.tn\/fr\/wp-json\/wp\/v2\/comments?post=199221"}],"version-history":[{"count":0,"href":"https:\/\/www.webdo.tn\/fr\/wp-json\/wp\/v2\/posts\/199221\/revisions"}],"wp:featuredmedia":[{"embeddable":true,"href":"https:\/\/www.webdo.tn\/fr\/wp-json\/wp\/v2\/media\/253164"}],"wp:attachment":[{"href":"https:\/\/www.webdo.tn\/fr\/wp-json\/wp\/v2\/media?parent=199221"}],"wp:term":[{"taxonomy":"category","embeddable":true,"href":"https:\/\/www.webdo.tn\/fr\/wp-json\/wp\/v2\/categories?post=199221"},{"taxonomy":"post_tag","embeddable":true,"href":"https:\/\/www.webdo.tn\/fr\/wp-json\/wp\/v2\/tags?post=199221"}],"curies":[{"name":"wp","href":"https:\/\/api.w.org\/{rel}","templated":true}]}}