{"id":199211,"date":"2022-11-21T15:15:00","date_gmt":"2022-11-21T15:15:00","guid":{"rendered":"https:\/\/www.webdo.tn\/fr\/blog\/envoi-des-jeunes-aux-zones-de-conflit-habib-ellouze-maintenu-en-liberte\/199211\/"},"modified":"2025-05-20T23:01:38","modified_gmt":"2025-05-20T23:01:38","slug":"envoi-des-jeunes-aux-zones-de-conflit-habib-ellouze-maintenu-en-liberte","status":"publish","type":"post","link":"https:\/\/www.webdo.tn\/fr\/actualite\/divers\/envoi-des-jeunes-aux-zones-de-conflit-habib-ellouze-maintenu-en-liberte\/199211\/","title":{"rendered":"Envoi des jeunes aux zones de conflit : Habib Ellouze maintenu en libert\u00e9"},"content":{"rendered":"<p>Le juge d&rsquo;instruction du P\u00f4le judiciaire de lutte contre le terrorisme a d\u00e9cid\u00e9 de maintenir le dirigeant du Mouvement Ennahdha, Habib Ellouze, en \u00e9tat de libert\u00e9.<\/p>\n<p>\t\t\t\t\t\t\t\t\tHabib Ellouze a \u00e9t\u00e9 auditionn\u00e9, ce lundi matin, dans le cadre de l&rsquo;affaire d&rsquo;envoi des jeunes dans les zones de conflit, notamment en Syrie.<\/p>\n<p>Une enqu\u00eate a \u00e9t\u00e9 ouverte suite \u00e0 une plainte d\u00e9pos\u00e9e par l&rsquo;ancienne d\u00e9put\u00e9e Fatma Mseddi sur l&rsquo;implication de nombre de personnes et d\u2019associations dans l\u2019envoi de jeunes dans les zones de conflit, sp\u00e9cialement en Syrie.<\/p>\n","protected":false},"excerpt":{"rendered":"<p>Le juge d&rsquo;instruction du P\u00f4le judiciaire de lutte contre le terrorisme a d\u00e9cid\u00e9 de maintenir le dirigeant du Mouvement Ennahdha, Habib Ellouze, en \u00e9tat de liber&#8230;<\/p>\n","protected":false},"author":3196,"featured_media":253160,"comment_status":"open","ping_status":"closed","sticky":false,"template":"","format":"standard","meta":{"footnotes":""},"categories":[2839],"tags":[7972,2844],"class_list":["post-199211","post","type-post","status-publish","format-standard","has-post-thumbnail","hentry","category-divers","tag-habib-ellouze","tag-zones-de-conflit"],"yoast_head":"<!-- This site is optimized with the Yoast SEO Premium plugin v27.4 (Yoast SEO v27.5) - https:\/\/yoast.com\/product\/yoast-seo-premium-wordpress\/ -->\n<title>Envoi des jeunes aux zones de conflit : Habib Ellouze maintenu en libert\u00e9<\/title>\n<meta name=\"description\" content=\"Le juge d&#039;instruction du P\u00f4le judiciaire de lutte contre le terrorisme a d\u00e9cid\u00e9 de maintenir le dirigeant du Mouvement Ennahdha, Habib Ellouze, en \u00e9tat de liber...\" \/>\n<link rel=\"canonical\" href=\"https:\/\/www.webdo.tn\/fr\/actualite\/divers\/envoi-des-jeunes-aux-zones-de-conflit-habib-ellouze-maintenu-en-liberte\/199211\/\" \/>\n<meta property=\"og:locale\" content=\"fr_FR\" \/>\n<meta property=\"og:type\" content=\"article\" \/>\n<meta property=\"og:title\" content=\"Envoi des jeunes aux zones de conflit : Habib Ellouze maintenu en libert\u00e9\" \/>\n<meta property=\"og:description\" content=\"Le juge d&#039;instruction du P\u00f4le judiciaire de lutte contre le terrorisme a d\u00e9cid\u00e9 de maintenir le dirigeant du Mouvement Ennahdha, Habib Ellouze, en \u00e9tat de liber...\" \/>\n<meta property=\"og:url\" content=\"https:\/\/www.webdo.tn\/fr\/actualite\/divers\/envoi-des-jeunes-aux-zones-de-conflit-habib-ellouze-maintenu-en-liberte\/199211\/\" \/>\n<meta property=\"og:site_name\" content=\"webdo\" \/>\n<meta property=\"article:publisher\" content=\"https:\/\/www.facebook.com\/webdotn\" \/>\n<meta property=\"article:published_time\" content=\"2022-11-21T15:15:00+00:00\" \/>\n<meta property=\"article:modified_time\" content=\"2025-05-20T23:01:38+00:00\" \/>\n<meta property=\"og:image\" content=\"https:\/\/www.webdo.tn\/fr\/wp-content\/uploads\/2022\/11\/94501c68d46961543575db1d56b300c1.jpg\" \/>\n\t<meta property=\"og:image:width\" content=\"750\" \/>\n\t<meta property=\"og:image:height\" content=\"400\" \/>\n\t<meta property=\"og:image:type\" content=\"image\/jpeg\" \/>\n<meta name=\"author\" content=\"MK\" \/>\n<meta name=\"twitter:card\" content=\"summary_large_image\" \/>\n<meta name=\"twitter:creator\" content=\"@webdo_tn\" \/>\n<meta name=\"twitter:site\" content=\"@webdo_tn\" \/>\n<meta name=\"twitter:label1\" content=\"\u00c9crit par\" \/>\n\t<meta name=\"twitter:data1\" content=\"MK\" \/>\n<script type=\"application\/ld+json\" class=\"yoast-schema-graph\">{\"@context\":\"https:\\\/\\\/schema.org\",\"@graph\":[{\"@type\":\"NewsArticle\",\"@id\":\"https:\\\/\\\/www.webdo.tn\\\/fr\\\/actualite\\\/divers\\\/envoi-des-jeunes-aux-zones-de-conflit-habib-ellouze-maintenu-en-liberte\\\/199211\\\/#article\",\"isPartOf\":{\"@id\":\"https:\\\/\\\/www.webdo.tn\\\/fr\\\/actualite\\\/divers\\\/envoi-des-jeunes-aux-zones-de-conflit-habib-ellouze-maintenu-en-liberte\\\/199211\\\/\"},\"author\":{\"name\":\"MK\",\"@id\":\"https:\\\/\\\/www.webdo.tn\\\/fr\\\/#\\\/schema\\\/person\\\/c3a9d32fa6d495ca5f4b6510e3db97bf\"},\"headline\":\"Envoi des jeunes aux zones de conflit : Habib Ellouze maintenu en libert\u00e9\",\"datePublished\":\"2022-11-21T15:15:00+00:00\",\"dateModified\":\"2025-05-20T23:01:38+00:00\",\"mainEntityOfPage\":{\"@id\":\"https:\\\/\\\/www.webdo.tn\\\/fr\\\/actualite\\\/divers\\\/envoi-des-jeunes-aux-zones-de-conflit-habib-ellouze-maintenu-en-liberte\\\/199211\\\/\"},\"wordCount\":111,\"commentCount\":0,\"publisher\":{\"@id\":\"https:\\\/\\\/www.webdo.tn\\\/fr\\\/#organization\"},\"image\":{\"@id\":\"https:\\\/\\\/www.webdo.tn\\\/fr\\\/actualite\\\/divers\\\/envoi-des-jeunes-aux-zones-de-conflit-habib-ellouze-maintenu-en-liberte\\\/199211\\\/#primaryimage\"},\"thumbnailUrl\":\"https:\\\/\\\/www.webdo.tn\\\/fr\\\/wp-content\\\/uploads\\\/2022\\\/11\\\/94501c68d46961543575db1d56b300c1.jpg\",\"keywords\":[\"Habib Ellouze\",\"zones de conflit\"],\"articleSection\":[\"Divers\"],\"inLanguage\":\"fr-FR\"},{\"@type\":\"WebPage\",\"@id\":\"https:\\\/\\\/www.webdo.tn\\\/fr\\\/actualite\\\/divers\\\/envoi-des-jeunes-aux-zones-de-conflit-habib-ellouze-maintenu-en-liberte\\\/199211\\\/\",\"url\":\"https:\\\/\\\/www.webdo.tn\\\/fr\\\/actualite\\\/divers\\\/envoi-des-jeunes-aux-zones-de-conflit-habib-ellouze-maintenu-en-liberte\\\/199211\\\/\",\"name\":\"Envoi des jeunes aux zones de conflit : Habib Ellouze maintenu en libert\u00e9\",\"isPartOf\":{\"@id\":\"https:\\\/\\\/www.webdo.tn\\\/fr\\\/#website\"},\"primaryImageOfPage\":{\"@id\":\"https:\\\/\\\/www.webdo.tn\\\/fr\\\/actualite\\\/divers\\\/envoi-des-jeunes-aux-zones-de-conflit-habib-ellouze-maintenu-en-liberte\\\/199211\\\/#primaryimage\"},\"image\":{\"@id\":\"https:\\\/\\\/www.webdo.tn\\\/fr\\\/actualite\\\/divers\\\/envoi-des-jeunes-aux-zones-de-conflit-habib-ellouze-maintenu-en-liberte\\\/199211\\\/#primaryimage\"},\"thumbnailUrl\":\"https:\\\/\\\/www.webdo.tn\\\/fr\\\/wp-content\\\/uploads\\\/2022\\\/11\\\/94501c68d46961543575db1d56b300c1.jpg\",\"datePublished\":\"2022-11-21T15:15:00+00:00\",\"dateModified\":\"2025-05-20T23:01:38+00:00\",\"description\":\"Le juge d'instruction du P\u00f4le judiciaire de lutte contre le terrorisme a d\u00e9cid\u00e9 de maintenir le dirigeant du Mouvement Ennahdha, Habib Ellouze, en \u00e9tat de liber...\",\"breadcrumb\":{\"@id\":\"https:\\\/\\\/www.webdo.tn\\\/fr\\\/actualite\\\/divers\\\/envoi-des-jeunes-aux-zones-de-conflit-habib-ellouze-maintenu-en-liberte\\\/199211\\\/#breadcrumb\"},\"inLanguage\":\"fr-FR\",\"potentialAction\":[{\"@type\":\"ReadAction\",\"target\":[\"https:\\\/\\\/www.webdo.tn\\\/fr\\\/actualite\\\/divers\\\/envoi-des-jeunes-aux-zones-de-conflit-habib-ellouze-maintenu-en-liberte\\\/199211\\\/\"]}]},{\"@type\":\"ImageObject\",\"inLanguage\":\"fr-FR\",\"@id\":\"https:\\\/\\\/www.webdo.tn\\\/fr\\\/actualite\\\/divers\\\/envoi-des-jeunes-aux-zones-de-conflit-habib-ellouze-maintenu-en-liberte\\\/199211\\\/#primaryimage\",\"url\":\"https:\\\/\\\/www.webdo.tn\\\/fr\\\/wp-content\\\/uploads\\\/2022\\\/11\\\/94501c68d46961543575db1d56b300c1.jpg\",\"contentUrl\":\"https:\\\/\\\/www.webdo.tn\\\/fr\\\/wp-content\\\/uploads\\\/2022\\\/11\\\/94501c68d46961543575db1d56b300c1.jpg\",\"width\":750,\"height\":400,\"caption\":\"Habib Ellouze\"},{\"@type\":\"BreadcrumbList\",\"@id\":\"https:\\\/\\\/www.webdo.tn\\\/fr\\\/actualite\\\/divers\\\/envoi-des-jeunes-aux-zones-de-conflit-habib-ellouze-maintenu-en-liberte\\\/199211\\\/#breadcrumb\",\"itemListElement\":[{\"@type\":\"ListItem\",\"position\":1,\"name\":\"Accueil\",\"item\":\"https:\\\/\\\/www.webdo.tn\\\/fr\\\/\"},{\"@type\":\"ListItem\",\"position\":2,\"name\":\"Envoi des jeunes aux zones de conflit : Habib Ellouze maintenu en libert\u00e9\"}]},{\"@type\":\"WebSite\",\"@id\":\"https:\\\/\\\/www.webdo.tn\\\/fr\\\/#website\",\"url\":\"https:\\\/\\\/www.webdo.tn\\\/fr\\\/\",\"name\":\"webdo\",\"description\":\"Tunisie - News en Tunisie et \u00e0 l&#039;international sur Webdo.tn\",\"publisher\":{\"@id\":\"https:\\\/\\\/www.webdo.tn\\\/fr\\\/#organization\"},\"potentialAction\":[{\"@type\":\"SearchAction\",\"target\":{\"@type\":\"EntryPoint\",\"urlTemplate\":\"https:\\\/\\\/www.webdo.tn\\\/fr\\\/?s={search_term_string}\"},\"query-input\":{\"@type\":\"PropertyValueSpecification\",\"valueRequired\":true,\"valueName\":\"search_term_string\"}}],\"inLanguage\":\"fr-FR\"},{\"@type\":\"Organization\",\"@id\":\"https:\\\/\\\/www.webdo.tn\\\/fr\\\/#organization\",\"name\":\"Webdo\",\"alternateName\":\"Webdo.tn\",\"url\":\"https:\\\/\\\/www.webdo.tn\\\/fr\\\/\",\"logo\":{\"@type\":\"ImageObject\",\"inLanguage\":\"fr-FR\",\"@id\":\"https:\\\/\\\/www.webdo.tn\\\/fr\\\/#\\\/schema\\\/logo\\\/image\\\/\",\"url\":\"https:\\\/\\\/www.webdo.tn\\\/fr\\\/wp-content\\\/uploads\\\/2025\\\/06\\\/Webdo-Tunisie_168377.jpg\",\"contentUrl\":\"https:\\\/\\\/www.webdo.tn\\\/fr\\\/wp-content\\\/uploads\\\/2025\\\/06\\\/Webdo-Tunisie_168377.jpg\",\"width\":301,\"height\":301,\"caption\":\"Webdo\"},\"image\":{\"@id\":\"https:\\\/\\\/www.webdo.tn\\\/fr\\\/#\\\/schema\\\/logo\\\/image\\\/\"},\"sameAs\":[\"https:\\\/\\\/www.facebook.com\\\/webdotn\",\"https:\\\/\\\/x.com\\\/webdo_tn\"],\"description\":\"Webdo est un m\u00e9dia num\u00e9rique tunisien fond\u00e9 en 2010, sp\u00e9cialis\u00e9 dans l\u2019actualit\u00e9 nationale et internationale, l\u2019\u00e9conomie, la soci\u00e9t\u00e9 et les analyses politiques. Le site s\u2019adresse \u00e0 un large public francophone et couvre l\u2019information tunisienne en temps r\u00e9el.\",\"email\":\"redac@webdo.tn\",\"legalName\":\"YNJ SARL\",\"foundingDate\":\"2010-09-06\",\"numberOfEmployees\":{\"@type\":\"QuantitativeValue\",\"minValue\":\"11\",\"maxValue\":\"50\"}},{\"@type\":\"Person\",\"@id\":\"https:\\\/\\\/www.webdo.tn\\\/fr\\\/#\\\/schema\\\/person\\\/c3a9d32fa6d495ca5f4b6510e3db97bf\",\"name\":\"MK\",\"image\":{\"@type\":\"ImageObject\",\"inLanguage\":\"fr-FR\",\"@id\":\"https:\\\/\\\/secure.gravatar.com\\\/avatar\\\/6d44f937f19929f3b75db77056d3e08abd6e302e71bcfea340cd8b00c13e7baf?s=96&d=mm&r=g\",\"url\":\"https:\\\/\\\/secure.gravatar.com\\\/avatar\\\/6d44f937f19929f3b75db77056d3e08abd6e302e71bcfea340cd8b00c13e7baf?s=96&d=mm&r=g\",\"contentUrl\":\"https:\\\/\\\/secure.gravatar.com\\\/avatar\\\/6d44f937f19929f3b75db77056d3e08abd6e302e71bcfea340cd8b00c13e7baf?s=96&d=mm&r=g\",\"caption\":\"MK\"},\"url\":\"https:\\\/\\\/www.webdo.tn\\\/fr\\\/actualite\\\/author\\\/mk\\\/\"}]}<\/script>\n<!-- \/ Yoast SEO Premium plugin. -->","yoast_head_json":{"title":"Envoi des jeunes aux zones de conflit : Habib Ellouze maintenu en libert\u00e9","description":"Le juge d'instruction du P\u00f4le judiciaire de lutte contre le terrorisme a d\u00e9cid\u00e9 de maintenir le dirigeant du Mouvement Ennahdha, Habib Ellouze, en \u00e9tat de liber...","canonical":"https:\/\/www.webdo.tn\/fr\/actualite\/divers\/envoi-des-jeunes-aux-zones-de-conflit-habib-ellouze-maintenu-en-liberte\/199211\/","og_locale":"fr_FR","og_type":"article","og_title":"Envoi des jeunes aux zones de conflit : Habib Ellouze maintenu en libert\u00e9","og_description":"Le juge d'instruction du P\u00f4le judiciaire de lutte contre le terrorisme a d\u00e9cid\u00e9 de maintenir le dirigeant du Mouvement Ennahdha, Habib Ellouze, en \u00e9tat de liber...","og_url":"https:\/\/www.webdo.tn\/fr\/actualite\/divers\/envoi-des-jeunes-aux-zones-de-conflit-habib-ellouze-maintenu-en-liberte\/199211\/","og_site_name":"webdo","article_publisher":"https:\/\/www.facebook.com\/webdotn","article_published_time":"2022-11-21T15:15:00+00:00","article_modified_time":"2025-05-20T23:01:38+00:00","og_image":[{"width":750,"height":400,"url":"https:\/\/www.webdo.tn\/fr\/wp-content\/uploads\/2022\/11\/94501c68d46961543575db1d56b300c1.jpg","type":"image\/jpeg"}],"author":"MK","twitter_card":"summary_large_image","twitter_creator":"@webdo_tn","twitter_site":"@webdo_tn","twitter_misc":{"\u00c9crit par":"MK"},"schema":{"@context":"https:\/\/schema.org","@graph":[{"@type":"NewsArticle","@id":"https:\/\/www.webdo.tn\/fr\/actualite\/divers\/envoi-des-jeunes-aux-zones-de-conflit-habib-ellouze-maintenu-en-liberte\/199211\/#article","isPartOf":{"@id":"https:\/\/www.webdo.tn\/fr\/actualite\/divers\/envoi-des-jeunes-aux-zones-de-conflit-habib-ellouze-maintenu-en-liberte\/199211\/"},"author":{"name":"MK","@id":"https:\/\/www.webdo.tn\/fr\/#\/schema\/person\/c3a9d32fa6d495ca5f4b6510e3db97bf"},"headline":"Envoi des jeunes aux zones de conflit : Habib Ellouze maintenu en libert\u00e9","datePublished":"2022-11-21T15:15:00+00:00","dateModified":"2025-05-20T23:01:38+00:00","mainEntityOfPage":{"@id":"https:\/\/www.webdo.tn\/fr\/actualite\/divers\/envoi-des-jeunes-aux-zones-de-conflit-habib-ellouze-maintenu-en-liberte\/199211\/"},"wordCount":111,"commentCount":0,"publisher":{"@id":"https:\/\/www.webdo.tn\/fr\/#organization"},"image":{"@id":"https:\/\/www.webdo.tn\/fr\/actualite\/divers\/envoi-des-jeunes-aux-zones-de-conflit-habib-ellouze-maintenu-en-liberte\/199211\/#primaryimage"},"thumbnailUrl":"https:\/\/www.webdo.tn\/fr\/wp-content\/uploads\/2022\/11\/94501c68d46961543575db1d56b300c1.jpg","keywords":["Habib Ellouze","zones de conflit"],"articleSection":["Divers"],"inLanguage":"fr-FR"},{"@type":"WebPage","@id":"https:\/\/www.webdo.tn\/fr\/actualite\/divers\/envoi-des-jeunes-aux-zones-de-conflit-habib-ellouze-maintenu-en-liberte\/199211\/","url":"https:\/\/www.webdo.tn\/fr\/actualite\/divers\/envoi-des-jeunes-aux-zones-de-conflit-habib-ellouze-maintenu-en-liberte\/199211\/","name":"Envoi des jeunes aux zones de conflit : Habib Ellouze maintenu en libert\u00e9","isPartOf":{"@id":"https:\/\/www.webdo.tn\/fr\/#website"},"primaryImageOfPage":{"@id":"https:\/\/www.webdo.tn\/fr\/actualite\/divers\/envoi-des-jeunes-aux-zones-de-conflit-habib-ellouze-maintenu-en-liberte\/199211\/#primaryimage"},"image":{"@id":"https:\/\/www.webdo.tn\/fr\/actualite\/divers\/envoi-des-jeunes-aux-zones-de-conflit-habib-ellouze-maintenu-en-liberte\/199211\/#primaryimage"},"thumbnailUrl":"https:\/\/www.webdo.tn\/fr\/wp-content\/uploads\/2022\/11\/94501c68d46961543575db1d56b300c1.jpg","datePublished":"2022-11-21T15:15:00+00:00","dateModified":"2025-05-20T23:01:38+00:00","description":"Le juge d'instruction du P\u00f4le judiciaire de lutte contre le terrorisme a d\u00e9cid\u00e9 de maintenir le dirigeant du Mouvement Ennahdha, Habib Ellouze, en \u00e9tat de liber...","breadcrumb":{"@id":"https:\/\/www.webdo.tn\/fr\/actualite\/divers\/envoi-des-jeunes-aux-zones-de-conflit-habib-ellouze-maintenu-en-liberte\/199211\/#breadcrumb"},"inLanguage":"fr-FR","potentialAction":[{"@type":"ReadAction","target":["https:\/\/www.webdo.tn\/fr\/actualite\/divers\/envoi-des-jeunes-aux-zones-de-conflit-habib-ellouze-maintenu-en-liberte\/199211\/"]}]},{"@type":"ImageObject","inLanguage":"fr-FR","@id":"https:\/\/www.webdo.tn\/fr\/actualite\/divers\/envoi-des-jeunes-aux-zones-de-conflit-habib-ellouze-maintenu-en-liberte\/199211\/#primaryimage","url":"https:\/\/www.webdo.tn\/fr\/wp-content\/uploads\/2022\/11\/94501c68d46961543575db1d56b300c1.jpg","contentUrl":"https:\/\/www.webdo.tn\/fr\/wp-content\/uploads\/2022\/11\/94501c68d46961543575db1d56b300c1.jpg","width":750,"height":400,"caption":"Habib Ellouze"},{"@type":"BreadcrumbList","@id":"https:\/\/www.webdo.tn\/fr\/actualite\/divers\/envoi-des-jeunes-aux-zones-de-conflit-habib-ellouze-maintenu-en-liberte\/199211\/#breadcrumb","itemListElement":[{"@type":"ListItem","position":1,"name":"Accueil","item":"https:\/\/www.webdo.tn\/fr\/"},{"@type":"ListItem","position":2,"name":"Envoi des jeunes aux zones de conflit : Habib Ellouze maintenu en libert\u00e9"}]},{"@type":"WebSite","@id":"https:\/\/www.webdo.tn\/fr\/#website","url":"https:\/\/www.webdo.tn\/fr\/","name":"webdo","description":"Tunisie - News en Tunisie et \u00e0 l&#039;international sur Webdo.tn","publisher":{"@id":"https:\/\/www.webdo.tn\/fr\/#organization"},"potentialAction":[{"@type":"SearchAction","target":{"@type":"EntryPoint","urlTemplate":"https:\/\/www.webdo.tn\/fr\/?s={search_term_string}"},"query-input":{"@type":"PropertyValueSpecification","valueRequired":true,"valueName":"search_term_string"}}],"inLanguage":"fr-FR"},{"@type":"Organization","@id":"https:\/\/www.webdo.tn\/fr\/#organization","name":"Webdo","alternateName":"Webdo.tn","url":"https:\/\/www.webdo.tn\/fr\/","logo":{"@type":"ImageObject","inLanguage":"fr-FR","@id":"https:\/\/www.webdo.tn\/fr\/#\/schema\/logo\/image\/","url":"https:\/\/www.webdo.tn\/fr\/wp-content\/uploads\/2025\/06\/Webdo-Tunisie_168377.jpg","contentUrl":"https:\/\/www.webdo.tn\/fr\/wp-content\/uploads\/2025\/06\/Webdo-Tunisie_168377.jpg","width":301,"height":301,"caption":"Webdo"},"image":{"@id":"https:\/\/www.webdo.tn\/fr\/#\/schema\/logo\/image\/"},"sameAs":["https:\/\/www.facebook.com\/webdotn","https:\/\/x.com\/webdo_tn"],"description":"Webdo est un m\u00e9dia num\u00e9rique tunisien fond\u00e9 en 2010, sp\u00e9cialis\u00e9 dans l\u2019actualit\u00e9 nationale et internationale, l\u2019\u00e9conomie, la soci\u00e9t\u00e9 et les analyses politiques. Le site s\u2019adresse \u00e0 un large public francophone et couvre l\u2019information tunisienne en temps r\u00e9el.","email":"redac@webdo.tn","legalName":"YNJ SARL","foundingDate":"2010-09-06","numberOfEmployees":{"@type":"QuantitativeValue","minValue":"11","maxValue":"50"}},{"@type":"Person","@id":"https:\/\/www.webdo.tn\/fr\/#\/schema\/person\/c3a9d32fa6d495ca5f4b6510e3db97bf","name":"MK","image":{"@type":"ImageObject","inLanguage":"fr-FR","@id":"https:\/\/secure.gravatar.com\/avatar\/6d44f937f19929f3b75db77056d3e08abd6e302e71bcfea340cd8b00c13e7baf?s=96&d=mm&r=g","url":"https:\/\/secure.gravatar.com\/avatar\/6d44f937f19929f3b75db77056d3e08abd6e302e71bcfea340cd8b00c13e7baf?s=96&d=mm&r=g","contentUrl":"https:\/\/secure.gravatar.com\/avatar\/6d44f937f19929f3b75db77056d3e08abd6e302e71bcfea340cd8b00c13e7baf?s=96&d=mm&r=g","caption":"MK"},"url":"https:\/\/www.webdo.tn\/fr\/actualite\/author\/mk\/"}]}},"_links":{"self":[{"href":"https:\/\/www.webdo.tn\/fr\/wp-json\/wp\/v2\/posts\/199211","targetHints":{"allow":["GET"]}}],"collection":[{"href":"https:\/\/www.webdo.tn\/fr\/wp-json\/wp\/v2\/posts"}],"about":[{"href":"https:\/\/www.webdo.tn\/fr\/wp-json\/wp\/v2\/types\/post"}],"author":[{"embeddable":true,"href":"https:\/\/www.webdo.tn\/fr\/wp-json\/wp\/v2\/users\/3196"}],"replies":[{"embeddable":true,"href":"https:\/\/www.webdo.tn\/fr\/wp-json\/wp\/v2\/comments?post=199211"}],"version-history":[{"count":0,"href":"https:\/\/www.webdo.tn\/fr\/wp-json\/wp\/v2\/posts\/199211\/revisions"}],"wp:featuredmedia":[{"embeddable":true,"href":"https:\/\/www.webdo.tn\/fr\/wp-json\/wp\/v2\/media\/253160"}],"wp:attachment":[{"href":"https:\/\/www.webdo.tn\/fr\/wp-json\/wp\/v2\/media?parent=199211"}],"wp:term":[{"taxonomy":"category","embeddable":true,"href":"https:\/\/www.webdo.tn\/fr\/wp-json\/wp\/v2\/categories?post=199211"},{"taxonomy":"post_tag","embeddable":true,"href":"https:\/\/www.webdo.tn\/fr\/wp-json\/wp\/v2\/tags?post=199211"}],"curies":[{"name":"wp","href":"https:\/\/api.w.org\/{rel}","templated":true}]}}