{"id":199185,"date":"2022-11-21T10:22:00","date_gmt":"2022-11-21T10:22:00","guid":{"rendered":"https:\/\/www.webdo.tn\/fr\/blog\/tunisie-report-des-examens-du-premier-trimestre-pour-l-enseignement-primaire\/199185\/"},"modified":"2025-05-20T22:05:54","modified_gmt":"2025-05-20T22:05:54","slug":"tunisie-report-des-examens-du-premier-trimestre-pour-l-enseignement-primaire","status":"publish","type":"post","link":"https:\/\/www.webdo.tn\/fr\/actualite\/national\/tunisie-report-des-examens-du-premier-trimestre-pour-l-enseignement-primaire\/199185\/","title":{"rendered":"Tunisie : Report des examens du premier trimestre pour l\u2019enseignement primaire"},"content":{"rendered":"<p>Les examens du premier trimestre dans l\u2019enseignement de base (primaire) vont \u00eatre report\u00e9s.<\/p>\n<p>\t\t\t\t\t\t\t\t\tC\u2019est ce qu\u2019a confirm\u00e9, ce lundi 21 novembre 2022, la directrice g\u00e9n\u00e9rale de l\u2019enseignement primaire aupr\u00e8s du minist\u00e8re de l\u2019Education, Nadia Ayari, lors d\u2019une intervention sur les ondes de Mosaique fm.<\/p>\n<p>Elle a annonc\u00e9, \u00e0 ce titre, qu\u2019une circulaire sera bient\u00f4t publi\u00e9e pour ent\u00e9riner cette d\u00e9cision de report, ajoutant que cette mesure concerne les \u00e9coles publiques et priv\u00e9es et que seules les \u00e9preuves \u00e9crites du premier trimestre sont maintenues et auront lieu apr\u00e8s les vacances d\u2019hiver, entre le 9 et le 14 janvier 2023.<\/p>\n<p>Selon elle, cette d\u00e9cision a \u00e9t\u00e9 prise pour donner trois semaines d\u2019enseignement suppl\u00e9mentaires aux \u00e9l\u00e8ves des \u00e9coles publiques, apr\u00e8s la gr\u00e8ve des instituteurs suppl\u00e9ants.<\/p>\n","protected":false},"excerpt":{"rendered":"<p>Les examens du premier trimestre dans l\u2019enseignement de base (primaire) vont \u00eatre report\u00e9s.<\/p>\n","protected":false},"author":3162,"featured_media":277295,"comment_status":"open","ping_status":"closed","sticky":false,"template":"","format":"standard","meta":{"footnotes":""},"categories":[44],"tags":[8407,2828,3264,2680],"class_list":["post-199185","post","type-post","status-publish","format-standard","has-post-thumbnail","hentry","category-national","tag-ecoles-primaires","tag-enseignement","tag-examens","tag-report"],"yoast_head":"<!-- This site is optimized with the Yoast SEO Premium plugin v27.4 (Yoast SEO v27.5) - https:\/\/yoast.com\/product\/yoast-seo-premium-wordpress\/ -->\n<title>Tunisie : Report des examens du premier trimestre pour l\u2019enseignement primaire<\/title>\n<meta name=\"description\" content=\"Les examens du premier trimestre dans l\u2019enseignement de base (primaire) vont \u00eatre report\u00e9s.\" \/>\n<link rel=\"canonical\" href=\"https:\/\/www.webdo.tn\/fr\/actualite\/national\/tunisie-report-des-examens-du-premier-trimestre-pour-l-enseignement-primaire\/199185\/\" \/>\n<meta property=\"og:locale\" content=\"fr_FR\" \/>\n<meta property=\"og:type\" content=\"article\" \/>\n<meta property=\"og:title\" content=\"Tunisie : Report des examens du premier trimestre pour l\u2019enseignement primaire\" \/>\n<meta property=\"og:description\" content=\"Les examens du premier trimestre dans l\u2019enseignement de base (primaire) vont \u00eatre report\u00e9s.\" \/>\n<meta property=\"og:url\" content=\"https:\/\/www.webdo.tn\/fr\/actualite\/national\/tunisie-report-des-examens-du-premier-trimestre-pour-l-enseignement-primaire\/199185\/\" \/>\n<meta property=\"og:site_name\" content=\"webdo\" \/>\n<meta property=\"article:publisher\" content=\"https:\/\/www.facebook.com\/webdotn\" \/>\n<meta property=\"article:published_time\" content=\"2022-11-21T10:22:00+00:00\" \/>\n<meta property=\"article:modified_time\" content=\"2025-05-20T22:05:54+00:00\" \/>\n<meta property=\"og:image\" content=\"https:\/\/www.webdo.tn\/fr\/wp-content\/uploads\/2022\/11\/40708ad2d077c28e75bb68f47b4dce24.jpg\" \/>\n\t<meta property=\"og:image:width\" content=\"750\" \/>\n\t<meta property=\"og:image:height\" content=\"400\" \/>\n\t<meta property=\"og:image:type\" content=\"image\/jpeg\" \/>\n<meta name=\"author\" content=\"MC\" \/>\n<meta name=\"twitter:card\" content=\"summary_large_image\" \/>\n<meta name=\"twitter:creator\" content=\"@webdo_tn\" \/>\n<meta name=\"twitter:site\" content=\"@webdo_tn\" \/>\n<meta name=\"twitter:label1\" content=\"\u00c9crit par\" \/>\n\t<meta name=\"twitter:data1\" content=\"MC\" \/>\n\t<meta name=\"twitter:label2\" content=\"Dur\u00e9e de lecture estim\u00e9e\" \/>\n\t<meta name=\"twitter:data2\" content=\"1 minute\" \/>\n<script type=\"application\/ld+json\" class=\"yoast-schema-graph\">{\"@context\":\"https:\\\/\\\/schema.org\",\"@graph\":[{\"@type\":\"NewsArticle\",\"@id\":\"https:\\\/\\\/www.webdo.tn\\\/fr\\\/actualite\\\/national\\\/tunisie-report-des-examens-du-premier-trimestre-pour-l-enseignement-primaire\\\/199185\\\/#article\",\"isPartOf\":{\"@id\":\"https:\\\/\\\/www.webdo.tn\\\/fr\\\/actualite\\\/national\\\/tunisie-report-des-examens-du-premier-trimestre-pour-l-enseignement-primaire\\\/199185\\\/\"},\"author\":{\"name\":\"MC\",\"@id\":\"https:\\\/\\\/www.webdo.tn\\\/fr\\\/#\\\/schema\\\/person\\\/2c4929cbf5a809e3bd38617c6ce150f6\"},\"headline\":\"Tunisie : Report des examens du premier trimestre pour l\u2019enseignement primaire\",\"datePublished\":\"2022-11-21T10:22:00+00:00\",\"dateModified\":\"2025-05-20T22:05:54+00:00\",\"mainEntityOfPage\":{\"@id\":\"https:\\\/\\\/www.webdo.tn\\\/fr\\\/actualite\\\/national\\\/tunisie-report-des-examens-du-premier-trimestre-pour-l-enseignement-primaire\\\/199185\\\/\"},\"wordCount\":152,\"commentCount\":0,\"publisher\":{\"@id\":\"https:\\\/\\\/www.webdo.tn\\\/fr\\\/#organization\"},\"image\":{\"@id\":\"https:\\\/\\\/www.webdo.tn\\\/fr\\\/actualite\\\/national\\\/tunisie-report-des-examens-du-premier-trimestre-pour-l-enseignement-primaire\\\/199185\\\/#primaryimage\"},\"thumbnailUrl\":\"https:\\\/\\\/www.webdo.tn\\\/fr\\\/wp-content\\\/uploads\\\/2022\\\/11\\\/40708ad2d077c28e75bb68f47b4dce24.jpg\",\"keywords\":[\"\u00e9coles primaires\",\"enseignement\",\"examens\",\"report\"],\"articleSection\":[\"National\"],\"inLanguage\":\"fr-FR\"},{\"@type\":\"WebPage\",\"@id\":\"https:\\\/\\\/www.webdo.tn\\\/fr\\\/actualite\\\/national\\\/tunisie-report-des-examens-du-premier-trimestre-pour-l-enseignement-primaire\\\/199185\\\/\",\"url\":\"https:\\\/\\\/www.webdo.tn\\\/fr\\\/actualite\\\/national\\\/tunisie-report-des-examens-du-premier-trimestre-pour-l-enseignement-primaire\\\/199185\\\/\",\"name\":\"Tunisie : Report des examens du premier trimestre pour l\u2019enseignement primaire\",\"isPartOf\":{\"@id\":\"https:\\\/\\\/www.webdo.tn\\\/fr\\\/#website\"},\"primaryImageOfPage\":{\"@id\":\"https:\\\/\\\/www.webdo.tn\\\/fr\\\/actualite\\\/national\\\/tunisie-report-des-examens-du-premier-trimestre-pour-l-enseignement-primaire\\\/199185\\\/#primaryimage\"},\"image\":{\"@id\":\"https:\\\/\\\/www.webdo.tn\\\/fr\\\/actualite\\\/national\\\/tunisie-report-des-examens-du-premier-trimestre-pour-l-enseignement-primaire\\\/199185\\\/#primaryimage\"},\"thumbnailUrl\":\"https:\\\/\\\/www.webdo.tn\\\/fr\\\/wp-content\\\/uploads\\\/2022\\\/11\\\/40708ad2d077c28e75bb68f47b4dce24.jpg\",\"datePublished\":\"2022-11-21T10:22:00+00:00\",\"dateModified\":\"2025-05-20T22:05:54+00:00\",\"description\":\"Les examens du premier trimestre dans l\u2019enseignement de base (primaire) vont \u00eatre report\u00e9s.\",\"breadcrumb\":{\"@id\":\"https:\\\/\\\/www.webdo.tn\\\/fr\\\/actualite\\\/national\\\/tunisie-report-des-examens-du-premier-trimestre-pour-l-enseignement-primaire\\\/199185\\\/#breadcrumb\"},\"inLanguage\":\"fr-FR\",\"potentialAction\":[{\"@type\":\"ReadAction\",\"target\":[\"https:\\\/\\\/www.webdo.tn\\\/fr\\\/actualite\\\/national\\\/tunisie-report-des-examens-du-premier-trimestre-pour-l-enseignement-primaire\\\/199185\\\/\"]}]},{\"@type\":\"ImageObject\",\"inLanguage\":\"fr-FR\",\"@id\":\"https:\\\/\\\/www.webdo.tn\\\/fr\\\/actualite\\\/national\\\/tunisie-report-des-examens-du-premier-trimestre-pour-l-enseignement-primaire\\\/199185\\\/#primaryimage\",\"url\":\"https:\\\/\\\/www.webdo.tn\\\/fr\\\/wp-content\\\/uploads\\\/2022\\\/11\\\/40708ad2d077c28e75bb68f47b4dce24.jpg\",\"contentUrl\":\"https:\\\/\\\/www.webdo.tn\\\/fr\\\/wp-content\\\/uploads\\\/2022\\\/11\\\/40708ad2d077c28e75bb68f47b4dce24.jpg\",\"width\":750,\"height\":400,\"caption\":\"Cette d\u00e9cision a \u00e9t\u00e9 prise pour donner trois semaines d\u2019enseignement suppl\u00e9mentaires aux \u00e9l\u00e8ves des \u00e9coles publiques\"},{\"@type\":\"BreadcrumbList\",\"@id\":\"https:\\\/\\\/www.webdo.tn\\\/fr\\\/actualite\\\/national\\\/tunisie-report-des-examens-du-premier-trimestre-pour-l-enseignement-primaire\\\/199185\\\/#breadcrumb\",\"itemListElement\":[{\"@type\":\"ListItem\",\"position\":1,\"name\":\"Accueil\",\"item\":\"https:\\\/\\\/www.webdo.tn\\\/fr\\\/\"},{\"@type\":\"ListItem\",\"position\":2,\"name\":\"Tunisie : Report des examens du premier trimestre pour l\u2019enseignement primaire\"}]},{\"@type\":\"WebSite\",\"@id\":\"https:\\\/\\\/www.webdo.tn\\\/fr\\\/#website\",\"url\":\"https:\\\/\\\/www.webdo.tn\\\/fr\\\/\",\"name\":\"webdo\",\"description\":\"Tunisie - News en Tunisie et \u00e0 l&#039;international sur Webdo.tn\",\"publisher\":{\"@id\":\"https:\\\/\\\/www.webdo.tn\\\/fr\\\/#organization\"},\"potentialAction\":[{\"@type\":\"SearchAction\",\"target\":{\"@type\":\"EntryPoint\",\"urlTemplate\":\"https:\\\/\\\/www.webdo.tn\\\/fr\\\/?s={search_term_string}\"},\"query-input\":{\"@type\":\"PropertyValueSpecification\",\"valueRequired\":true,\"valueName\":\"search_term_string\"}}],\"inLanguage\":\"fr-FR\"},{\"@type\":\"Organization\",\"@id\":\"https:\\\/\\\/www.webdo.tn\\\/fr\\\/#organization\",\"name\":\"Webdo\",\"alternateName\":\"Webdo.tn\",\"url\":\"https:\\\/\\\/www.webdo.tn\\\/fr\\\/\",\"logo\":{\"@type\":\"ImageObject\",\"inLanguage\":\"fr-FR\",\"@id\":\"https:\\\/\\\/www.webdo.tn\\\/fr\\\/#\\\/schema\\\/logo\\\/image\\\/\",\"url\":\"https:\\\/\\\/www.webdo.tn\\\/fr\\\/wp-content\\\/uploads\\\/2025\\\/06\\\/Webdo-Tunisie_168377.jpg\",\"contentUrl\":\"https:\\\/\\\/www.webdo.tn\\\/fr\\\/wp-content\\\/uploads\\\/2025\\\/06\\\/Webdo-Tunisie_168377.jpg\",\"width\":301,\"height\":301,\"caption\":\"Webdo\"},\"image\":{\"@id\":\"https:\\\/\\\/www.webdo.tn\\\/fr\\\/#\\\/schema\\\/logo\\\/image\\\/\"},\"sameAs\":[\"https:\\\/\\\/www.facebook.com\\\/webdotn\",\"https:\\\/\\\/x.com\\\/webdo_tn\"],\"description\":\"Webdo est un m\u00e9dia num\u00e9rique tunisien fond\u00e9 en 2010, sp\u00e9cialis\u00e9 dans l\u2019actualit\u00e9 nationale et internationale, l\u2019\u00e9conomie, la soci\u00e9t\u00e9 et les analyses politiques. Le site s\u2019adresse \u00e0 un large public francophone et couvre l\u2019information tunisienne en temps r\u00e9el.\",\"email\":\"redac@webdo.tn\",\"legalName\":\"YNJ SARL\",\"foundingDate\":\"2010-09-06\",\"numberOfEmployees\":{\"@type\":\"QuantitativeValue\",\"minValue\":\"11\",\"maxValue\":\"50\"}},{\"@type\":\"Person\",\"@id\":\"https:\\\/\\\/www.webdo.tn\\\/fr\\\/#\\\/schema\\\/person\\\/2c4929cbf5a809e3bd38617c6ce150f6\",\"name\":\"MC\",\"image\":{\"@type\":\"ImageObject\",\"inLanguage\":\"fr-FR\",\"@id\":\"https:\\\/\\\/secure.gravatar.com\\\/avatar\\\/a545bbb6f84efdd5553dbbc2895e3ca8f1d12c5215e00a041c9670b54aa9b18a?s=96&d=mm&r=g\",\"url\":\"https:\\\/\\\/secure.gravatar.com\\\/avatar\\\/a545bbb6f84efdd5553dbbc2895e3ca8f1d12c5215e00a041c9670b54aa9b18a?s=96&d=mm&r=g\",\"contentUrl\":\"https:\\\/\\\/secure.gravatar.com\\\/avatar\\\/a545bbb6f84efdd5553dbbc2895e3ca8f1d12c5215e00a041c9670b54aa9b18a?s=96&d=mm&r=g\",\"caption\":\"MC\"},\"url\":\"https:\\\/\\\/www.webdo.tn\\\/fr\\\/actualite\\\/author\\\/mc\\\/\"}]}<\/script>\n<!-- \/ Yoast SEO Premium plugin. -->","yoast_head_json":{"title":"Tunisie : Report des examens du premier trimestre pour l\u2019enseignement primaire","description":"Les examens du premier trimestre dans l\u2019enseignement de base (primaire) vont \u00eatre report\u00e9s.","canonical":"https:\/\/www.webdo.tn\/fr\/actualite\/national\/tunisie-report-des-examens-du-premier-trimestre-pour-l-enseignement-primaire\/199185\/","og_locale":"fr_FR","og_type":"article","og_title":"Tunisie : Report des examens du premier trimestre pour l\u2019enseignement primaire","og_description":"Les examens du premier trimestre dans l\u2019enseignement de base (primaire) vont \u00eatre report\u00e9s.","og_url":"https:\/\/www.webdo.tn\/fr\/actualite\/national\/tunisie-report-des-examens-du-premier-trimestre-pour-l-enseignement-primaire\/199185\/","og_site_name":"webdo","article_publisher":"https:\/\/www.facebook.com\/webdotn","article_published_time":"2022-11-21T10:22:00+00:00","article_modified_time":"2025-05-20T22:05:54+00:00","og_image":[{"width":750,"height":400,"url":"https:\/\/www.webdo.tn\/fr\/wp-content\/uploads\/2022\/11\/40708ad2d077c28e75bb68f47b4dce24.jpg","type":"image\/jpeg"}],"author":"MC","twitter_card":"summary_large_image","twitter_creator":"@webdo_tn","twitter_site":"@webdo_tn","twitter_misc":{"\u00c9crit par":"MC","Dur\u00e9e de lecture estim\u00e9e":"1 minute"},"schema":{"@context":"https:\/\/schema.org","@graph":[{"@type":"NewsArticle","@id":"https:\/\/www.webdo.tn\/fr\/actualite\/national\/tunisie-report-des-examens-du-premier-trimestre-pour-l-enseignement-primaire\/199185\/#article","isPartOf":{"@id":"https:\/\/www.webdo.tn\/fr\/actualite\/national\/tunisie-report-des-examens-du-premier-trimestre-pour-l-enseignement-primaire\/199185\/"},"author":{"name":"MC","@id":"https:\/\/www.webdo.tn\/fr\/#\/schema\/person\/2c4929cbf5a809e3bd38617c6ce150f6"},"headline":"Tunisie : Report des examens du premier trimestre pour l\u2019enseignement primaire","datePublished":"2022-11-21T10:22:00+00:00","dateModified":"2025-05-20T22:05:54+00:00","mainEntityOfPage":{"@id":"https:\/\/www.webdo.tn\/fr\/actualite\/national\/tunisie-report-des-examens-du-premier-trimestre-pour-l-enseignement-primaire\/199185\/"},"wordCount":152,"commentCount":0,"publisher":{"@id":"https:\/\/www.webdo.tn\/fr\/#organization"},"image":{"@id":"https:\/\/www.webdo.tn\/fr\/actualite\/national\/tunisie-report-des-examens-du-premier-trimestre-pour-l-enseignement-primaire\/199185\/#primaryimage"},"thumbnailUrl":"https:\/\/www.webdo.tn\/fr\/wp-content\/uploads\/2022\/11\/40708ad2d077c28e75bb68f47b4dce24.jpg","keywords":["\u00e9coles primaires","enseignement","examens","report"],"articleSection":["National"],"inLanguage":"fr-FR"},{"@type":"WebPage","@id":"https:\/\/www.webdo.tn\/fr\/actualite\/national\/tunisie-report-des-examens-du-premier-trimestre-pour-l-enseignement-primaire\/199185\/","url":"https:\/\/www.webdo.tn\/fr\/actualite\/national\/tunisie-report-des-examens-du-premier-trimestre-pour-l-enseignement-primaire\/199185\/","name":"Tunisie : Report des examens du premier trimestre pour l\u2019enseignement primaire","isPartOf":{"@id":"https:\/\/www.webdo.tn\/fr\/#website"},"primaryImageOfPage":{"@id":"https:\/\/www.webdo.tn\/fr\/actualite\/national\/tunisie-report-des-examens-du-premier-trimestre-pour-l-enseignement-primaire\/199185\/#primaryimage"},"image":{"@id":"https:\/\/www.webdo.tn\/fr\/actualite\/national\/tunisie-report-des-examens-du-premier-trimestre-pour-l-enseignement-primaire\/199185\/#primaryimage"},"thumbnailUrl":"https:\/\/www.webdo.tn\/fr\/wp-content\/uploads\/2022\/11\/40708ad2d077c28e75bb68f47b4dce24.jpg","datePublished":"2022-11-21T10:22:00+00:00","dateModified":"2025-05-20T22:05:54+00:00","description":"Les examens du premier trimestre dans l\u2019enseignement de base (primaire) vont \u00eatre report\u00e9s.","breadcrumb":{"@id":"https:\/\/www.webdo.tn\/fr\/actualite\/national\/tunisie-report-des-examens-du-premier-trimestre-pour-l-enseignement-primaire\/199185\/#breadcrumb"},"inLanguage":"fr-FR","potentialAction":[{"@type":"ReadAction","target":["https:\/\/www.webdo.tn\/fr\/actualite\/national\/tunisie-report-des-examens-du-premier-trimestre-pour-l-enseignement-primaire\/199185\/"]}]},{"@type":"ImageObject","inLanguage":"fr-FR","@id":"https:\/\/www.webdo.tn\/fr\/actualite\/national\/tunisie-report-des-examens-du-premier-trimestre-pour-l-enseignement-primaire\/199185\/#primaryimage","url":"https:\/\/www.webdo.tn\/fr\/wp-content\/uploads\/2022\/11\/40708ad2d077c28e75bb68f47b4dce24.jpg","contentUrl":"https:\/\/www.webdo.tn\/fr\/wp-content\/uploads\/2022\/11\/40708ad2d077c28e75bb68f47b4dce24.jpg","width":750,"height":400,"caption":"Cette d\u00e9cision a \u00e9t\u00e9 prise pour donner trois semaines d\u2019enseignement suppl\u00e9mentaires aux \u00e9l\u00e8ves des \u00e9coles publiques"},{"@type":"BreadcrumbList","@id":"https:\/\/www.webdo.tn\/fr\/actualite\/national\/tunisie-report-des-examens-du-premier-trimestre-pour-l-enseignement-primaire\/199185\/#breadcrumb","itemListElement":[{"@type":"ListItem","position":1,"name":"Accueil","item":"https:\/\/www.webdo.tn\/fr\/"},{"@type":"ListItem","position":2,"name":"Tunisie : Report des examens du premier trimestre pour l\u2019enseignement primaire"}]},{"@type":"WebSite","@id":"https:\/\/www.webdo.tn\/fr\/#website","url":"https:\/\/www.webdo.tn\/fr\/","name":"webdo","description":"Tunisie - News en Tunisie et \u00e0 l&#039;international sur Webdo.tn","publisher":{"@id":"https:\/\/www.webdo.tn\/fr\/#organization"},"potentialAction":[{"@type":"SearchAction","target":{"@type":"EntryPoint","urlTemplate":"https:\/\/www.webdo.tn\/fr\/?s={search_term_string}"},"query-input":{"@type":"PropertyValueSpecification","valueRequired":true,"valueName":"search_term_string"}}],"inLanguage":"fr-FR"},{"@type":"Organization","@id":"https:\/\/www.webdo.tn\/fr\/#organization","name":"Webdo","alternateName":"Webdo.tn","url":"https:\/\/www.webdo.tn\/fr\/","logo":{"@type":"ImageObject","inLanguage":"fr-FR","@id":"https:\/\/www.webdo.tn\/fr\/#\/schema\/logo\/image\/","url":"https:\/\/www.webdo.tn\/fr\/wp-content\/uploads\/2025\/06\/Webdo-Tunisie_168377.jpg","contentUrl":"https:\/\/www.webdo.tn\/fr\/wp-content\/uploads\/2025\/06\/Webdo-Tunisie_168377.jpg","width":301,"height":301,"caption":"Webdo"},"image":{"@id":"https:\/\/www.webdo.tn\/fr\/#\/schema\/logo\/image\/"},"sameAs":["https:\/\/www.facebook.com\/webdotn","https:\/\/x.com\/webdo_tn"],"description":"Webdo est un m\u00e9dia num\u00e9rique tunisien fond\u00e9 en 2010, sp\u00e9cialis\u00e9 dans l\u2019actualit\u00e9 nationale et internationale, l\u2019\u00e9conomie, la soci\u00e9t\u00e9 et les analyses politiques. Le site s\u2019adresse \u00e0 un large public francophone et couvre l\u2019information tunisienne en temps r\u00e9el.","email":"redac@webdo.tn","legalName":"YNJ SARL","foundingDate":"2010-09-06","numberOfEmployees":{"@type":"QuantitativeValue","minValue":"11","maxValue":"50"}},{"@type":"Person","@id":"https:\/\/www.webdo.tn\/fr\/#\/schema\/person\/2c4929cbf5a809e3bd38617c6ce150f6","name":"MC","image":{"@type":"ImageObject","inLanguage":"fr-FR","@id":"https:\/\/secure.gravatar.com\/avatar\/a545bbb6f84efdd5553dbbc2895e3ca8f1d12c5215e00a041c9670b54aa9b18a?s=96&d=mm&r=g","url":"https:\/\/secure.gravatar.com\/avatar\/a545bbb6f84efdd5553dbbc2895e3ca8f1d12c5215e00a041c9670b54aa9b18a?s=96&d=mm&r=g","contentUrl":"https:\/\/secure.gravatar.com\/avatar\/a545bbb6f84efdd5553dbbc2895e3ca8f1d12c5215e00a041c9670b54aa9b18a?s=96&d=mm&r=g","caption":"MC"},"url":"https:\/\/www.webdo.tn\/fr\/actualite\/author\/mc\/"}]}},"_links":{"self":[{"href":"https:\/\/www.webdo.tn\/fr\/wp-json\/wp\/v2\/posts\/199185","targetHints":{"allow":["GET"]}}],"collection":[{"href":"https:\/\/www.webdo.tn\/fr\/wp-json\/wp\/v2\/posts"}],"about":[{"href":"https:\/\/www.webdo.tn\/fr\/wp-json\/wp\/v2\/types\/post"}],"author":[{"embeddable":true,"href":"https:\/\/www.webdo.tn\/fr\/wp-json\/wp\/v2\/users\/3162"}],"replies":[{"embeddable":true,"href":"https:\/\/www.webdo.tn\/fr\/wp-json\/wp\/v2\/comments?post=199185"}],"version-history":[{"count":0,"href":"https:\/\/www.webdo.tn\/fr\/wp-json\/wp\/v2\/posts\/199185\/revisions"}],"wp:featuredmedia":[{"embeddable":true,"href":"https:\/\/www.webdo.tn\/fr\/wp-json\/wp\/v2\/media\/277295"}],"wp:attachment":[{"href":"https:\/\/www.webdo.tn\/fr\/wp-json\/wp\/v2\/media?parent=199185"}],"wp:term":[{"taxonomy":"category","embeddable":true,"href":"https:\/\/www.webdo.tn\/fr\/wp-json\/wp\/v2\/categories?post=199185"},{"taxonomy":"post_tag","embeddable":true,"href":"https:\/\/www.webdo.tn\/fr\/wp-json\/wp\/v2\/tags?post=199185"}],"curies":[{"name":"wp","href":"https:\/\/api.w.org\/{rel}","templated":true}]}}