{"id":199176,"date":"2022-11-21T09:23:00","date_gmt":"2022-11-21T09:23:00","guid":{"rendered":"https:\/\/www.webdo.tn\/fr\/blog\/taekwondo-le-bronze-pour-khalil-jendoubi-au-championnat-du-monde\/199176\/"},"modified":"2025-05-20T22:05:52","modified_gmt":"2025-05-20T22:05:52","slug":"taekwondo-le-bronze-pour-khalil-jendoubi-au-championnat-du-monde","status":"publish","type":"post","link":"https:\/\/www.webdo.tn\/fr\/actualite\/sport\/taekwondo-le-bronze-pour-khalil-jendoubi-au-championnat-du-monde\/199176\/","title":{"rendered":"Taekwondo : le bronze pour Khalil Jendoubi au Championnat du monde"},"content":{"rendered":"<p>Le vice-champion olympique tunisien Khalil Jendoubi a d\u00e9croch\u00e9 la m\u00e9daille de bronze des -58 kg lors du Championnat du monde de taekwondo qui s\u2019est d\u00e9roul\u00e9 \u00e0 Guadalajara au Mexique.<\/p>\n<p>\t\t\t\t\t\t\t\t\tLe Tunisien a \u00e9limin\u00e9 tout \u00e0 tour le Moldave Sergei Oskov, le Birtannique Mohamed Nour et l\u2019Iranien Lotfi Hussein avant de se hisser en demi-finale.<\/p>\n<p>Hier, en demi-finale, il a \u00e9t\u00e9 malheureusement battu par le Sud-cor\u00e9en Jang Jun, mais d\u00e9croche tout de m\u00eame une deuxi\u00e8me m\u00e9daille de bronze pour la Tunisie lors de ces mondiaux apr\u00e8s celle d\u00e9croch\u00e9e jeudi par Firas Kattoussi dans la cat\u00e9gorie des -75 kg.<\/p>\n<p>Firas Kattoussi (5\u00e8me au classement olympique et 4\u00e8me mondial) a d\u00e9croch\u00e9, jeudi dernier, la m\u00e9daille de bronze apr\u00e8s avoir \u00e9t\u00e9 battu, en demi-finale par le Br\u00e9silien Edival Pontes.<\/p>\n<p>Rappelons que Khalil Jendoubi, m\u00e9daill\u00e9 d&rsquo;argent aux derniers Jeux olympiques de Tokyo, est devenu 1er au classement olympique de taekwondo dans sa cat\u00e9gorie (-58 kg) suite \u00e0 ses r\u00e9centes performances internationale.<\/p>\n","protected":false},"excerpt":{"rendered":"<p>Le vice-champion olympique tunisien Khalil Jendoubi a d\u00e9croch\u00e9 la m\u00e9daille de bronze des -58 kg lors du Championnat du monde de taekwondo qui s\u2019est d\u00e9roul\u00e9 \u00e0 Gu&#8230;<\/p>\n","protected":false},"author":3162,"featured_media":277292,"comment_status":"open","ping_status":"closed","sticky":false,"template":"","format":"standard","meta":{"footnotes":""},"categories":[2593],"tags":[3794,3518,3795],"class_list":["post-199176","post","type-post","status-publish","format-standard","has-post-thumbnail","hentry","category-sport","tag-khalil-jendoubi","tag-medaille-de-bronze","tag-taekwondo"],"yoast_head":"<!-- This site is optimized with the Yoast SEO Premium plugin v27.4 (Yoast SEO v27.5) - https:\/\/yoast.com\/product\/yoast-seo-premium-wordpress\/ -->\n<title>Taekwondo : le bronze pour Khalil Jendoubi au Championnat du monde<\/title>\n<meta name=\"description\" content=\"Le vice-champion olympique tunisien Khalil Jendoubi a d\u00e9croch\u00e9 la m\u00e9daille de bronze des -58 kg lors du Championnat du monde de taekwondo qui s\u2019est d\u00e9roul\u00e9 \u00e0 Gu...\" \/>\n<link rel=\"canonical\" href=\"https:\/\/www.webdo.tn\/fr\/actualite\/sport\/taekwondo-le-bronze-pour-khalil-jendoubi-au-championnat-du-monde\/199176\/\" \/>\n<meta property=\"og:locale\" content=\"fr_FR\" \/>\n<meta property=\"og:type\" content=\"article\" \/>\n<meta property=\"og:title\" content=\"Taekwondo : le bronze pour Khalil Jendoubi au Championnat du monde\" \/>\n<meta property=\"og:description\" content=\"Le vice-champion olympique tunisien Khalil Jendoubi a d\u00e9croch\u00e9 la m\u00e9daille de bronze des -58 kg lors du Championnat du monde de taekwondo qui s\u2019est d\u00e9roul\u00e9 \u00e0 Gu...\" \/>\n<meta property=\"og:url\" content=\"https:\/\/www.webdo.tn\/fr\/actualite\/sport\/taekwondo-le-bronze-pour-khalil-jendoubi-au-championnat-du-monde\/199176\/\" \/>\n<meta property=\"og:site_name\" content=\"webdo\" \/>\n<meta property=\"article:publisher\" content=\"https:\/\/www.facebook.com\/webdotn\" \/>\n<meta property=\"article:published_time\" content=\"2022-11-21T09:23:00+00:00\" \/>\n<meta property=\"article:modified_time\" content=\"2025-05-20T22:05:52+00:00\" \/>\n<meta property=\"og:image\" content=\"https:\/\/www.webdo.tn\/fr\/wp-content\/uploads\/2022\/11\/17d854775ba2c241a54e5b26b1e7c159.jpg\" \/>\n\t<meta property=\"og:image:width\" content=\"720\" \/>\n\t<meta property=\"og:image:height\" content=\"384\" \/>\n\t<meta property=\"og:image:type\" content=\"image\/jpeg\" \/>\n<meta name=\"author\" content=\"MC\" \/>\n<meta name=\"twitter:card\" content=\"summary_large_image\" \/>\n<meta name=\"twitter:creator\" content=\"@webdo_tn\" \/>\n<meta name=\"twitter:site\" content=\"@webdo_tn\" \/>\n<meta name=\"twitter:label1\" content=\"\u00c9crit par\" \/>\n\t<meta name=\"twitter:data1\" content=\"MC\" \/>\n\t<meta name=\"twitter:label2\" content=\"Dur\u00e9e de lecture estim\u00e9e\" \/>\n\t<meta name=\"twitter:data2\" content=\"1 minute\" \/>\n<script type=\"application\/ld+json\" class=\"yoast-schema-graph\">{\"@context\":\"https:\\\/\\\/schema.org\",\"@graph\":[{\"@type\":\"NewsArticle\",\"@id\":\"https:\\\/\\\/www.webdo.tn\\\/fr\\\/actualite\\\/sport\\\/taekwondo-le-bronze-pour-khalil-jendoubi-au-championnat-du-monde\\\/199176\\\/#article\",\"isPartOf\":{\"@id\":\"https:\\\/\\\/www.webdo.tn\\\/fr\\\/actualite\\\/sport\\\/taekwondo-le-bronze-pour-khalil-jendoubi-au-championnat-du-monde\\\/199176\\\/\"},\"author\":{\"name\":\"MC\",\"@id\":\"https:\\\/\\\/www.webdo.tn\\\/fr\\\/#\\\/schema\\\/person\\\/2c4929cbf5a809e3bd38617c6ce150f6\"},\"headline\":\"Taekwondo : le bronze pour Khalil Jendoubi au Championnat du monde\",\"datePublished\":\"2022-11-21T09:23:00+00:00\",\"dateModified\":\"2025-05-20T22:05:52+00:00\",\"mainEntityOfPage\":{\"@id\":\"https:\\\/\\\/www.webdo.tn\\\/fr\\\/actualite\\\/sport\\\/taekwondo-le-bronze-pour-khalil-jendoubi-au-championnat-du-monde\\\/199176\\\/\"},\"wordCount\":185,\"commentCount\":0,\"publisher\":{\"@id\":\"https:\\\/\\\/www.webdo.tn\\\/fr\\\/#organization\"},\"image\":{\"@id\":\"https:\\\/\\\/www.webdo.tn\\\/fr\\\/actualite\\\/sport\\\/taekwondo-le-bronze-pour-khalil-jendoubi-au-championnat-du-monde\\\/199176\\\/#primaryimage\"},\"thumbnailUrl\":\"https:\\\/\\\/www.webdo.tn\\\/fr\\\/wp-content\\\/uploads\\\/2022\\\/11\\\/17d854775ba2c241a54e5b26b1e7c159.jpg\",\"keywords\":[\"Khalil Jendoubi\",\"m\u00e9daille de bronze\",\"taekwondo\"],\"articleSection\":[\"Sport\"],\"inLanguage\":\"fr-FR\"},{\"@type\":\"WebPage\",\"@id\":\"https:\\\/\\\/www.webdo.tn\\\/fr\\\/actualite\\\/sport\\\/taekwondo-le-bronze-pour-khalil-jendoubi-au-championnat-du-monde\\\/199176\\\/\",\"url\":\"https:\\\/\\\/www.webdo.tn\\\/fr\\\/actualite\\\/sport\\\/taekwondo-le-bronze-pour-khalil-jendoubi-au-championnat-du-monde\\\/199176\\\/\",\"name\":\"Taekwondo : le bronze pour Khalil Jendoubi au Championnat du monde\",\"isPartOf\":{\"@id\":\"https:\\\/\\\/www.webdo.tn\\\/fr\\\/#website\"},\"primaryImageOfPage\":{\"@id\":\"https:\\\/\\\/www.webdo.tn\\\/fr\\\/actualite\\\/sport\\\/taekwondo-le-bronze-pour-khalil-jendoubi-au-championnat-du-monde\\\/199176\\\/#primaryimage\"},\"image\":{\"@id\":\"https:\\\/\\\/www.webdo.tn\\\/fr\\\/actualite\\\/sport\\\/taekwondo-le-bronze-pour-khalil-jendoubi-au-championnat-du-monde\\\/199176\\\/#primaryimage\"},\"thumbnailUrl\":\"https:\\\/\\\/www.webdo.tn\\\/fr\\\/wp-content\\\/uploads\\\/2022\\\/11\\\/17d854775ba2c241a54e5b26b1e7c159.jpg\",\"datePublished\":\"2022-11-21T09:23:00+00:00\",\"dateModified\":\"2025-05-20T22:05:52+00:00\",\"description\":\"Le vice-champion olympique tunisien Khalil Jendoubi a d\u00e9croch\u00e9 la m\u00e9daille de bronze des -58 kg lors du Championnat du monde de taekwondo qui s\u2019est d\u00e9roul\u00e9 \u00e0 Gu...\",\"breadcrumb\":{\"@id\":\"https:\\\/\\\/www.webdo.tn\\\/fr\\\/actualite\\\/sport\\\/taekwondo-le-bronze-pour-khalil-jendoubi-au-championnat-du-monde\\\/199176\\\/#breadcrumb\"},\"inLanguage\":\"fr-FR\",\"potentialAction\":[{\"@type\":\"ReadAction\",\"target\":[\"https:\\\/\\\/www.webdo.tn\\\/fr\\\/actualite\\\/sport\\\/taekwondo-le-bronze-pour-khalil-jendoubi-au-championnat-du-monde\\\/199176\\\/\"]}]},{\"@type\":\"ImageObject\",\"inLanguage\":\"fr-FR\",\"@id\":\"https:\\\/\\\/www.webdo.tn\\\/fr\\\/actualite\\\/sport\\\/taekwondo-le-bronze-pour-khalil-jendoubi-au-championnat-du-monde\\\/199176\\\/#primaryimage\",\"url\":\"https:\\\/\\\/www.webdo.tn\\\/fr\\\/wp-content\\\/uploads\\\/2022\\\/11\\\/17d854775ba2c241a54e5b26b1e7c159.jpg\",\"contentUrl\":\"https:\\\/\\\/www.webdo.tn\\\/fr\\\/wp-content\\\/uploads\\\/2022\\\/11\\\/17d854775ba2c241a54e5b26b1e7c159.jpg\",\"width\":720,\"height\":384,\"caption\":\"Khalil Jendoubi, le premier en partant de la droite\"},{\"@type\":\"BreadcrumbList\",\"@id\":\"https:\\\/\\\/www.webdo.tn\\\/fr\\\/actualite\\\/sport\\\/taekwondo-le-bronze-pour-khalil-jendoubi-au-championnat-du-monde\\\/199176\\\/#breadcrumb\",\"itemListElement\":[{\"@type\":\"ListItem\",\"position\":1,\"name\":\"Accueil\",\"item\":\"https:\\\/\\\/www.webdo.tn\\\/fr\\\/\"},{\"@type\":\"ListItem\",\"position\":2,\"name\":\"Taekwondo : le bronze pour Khalil Jendoubi au Championnat du monde\"}]},{\"@type\":\"WebSite\",\"@id\":\"https:\\\/\\\/www.webdo.tn\\\/fr\\\/#website\",\"url\":\"https:\\\/\\\/www.webdo.tn\\\/fr\\\/\",\"name\":\"webdo\",\"description\":\"Tunisie - News en Tunisie et \u00e0 l&#039;international sur Webdo.tn\",\"publisher\":{\"@id\":\"https:\\\/\\\/www.webdo.tn\\\/fr\\\/#organization\"},\"potentialAction\":[{\"@type\":\"SearchAction\",\"target\":{\"@type\":\"EntryPoint\",\"urlTemplate\":\"https:\\\/\\\/www.webdo.tn\\\/fr\\\/?s={search_term_string}\"},\"query-input\":{\"@type\":\"PropertyValueSpecification\",\"valueRequired\":true,\"valueName\":\"search_term_string\"}}],\"inLanguage\":\"fr-FR\"},{\"@type\":\"Organization\",\"@id\":\"https:\\\/\\\/www.webdo.tn\\\/fr\\\/#organization\",\"name\":\"Webdo\",\"alternateName\":\"Webdo.tn\",\"url\":\"https:\\\/\\\/www.webdo.tn\\\/fr\\\/\",\"logo\":{\"@type\":\"ImageObject\",\"inLanguage\":\"fr-FR\",\"@id\":\"https:\\\/\\\/www.webdo.tn\\\/fr\\\/#\\\/schema\\\/logo\\\/image\\\/\",\"url\":\"https:\\\/\\\/www.webdo.tn\\\/fr\\\/wp-content\\\/uploads\\\/2025\\\/06\\\/Webdo-Tunisie_168377.jpg\",\"contentUrl\":\"https:\\\/\\\/www.webdo.tn\\\/fr\\\/wp-content\\\/uploads\\\/2025\\\/06\\\/Webdo-Tunisie_168377.jpg\",\"width\":301,\"height\":301,\"caption\":\"Webdo\"},\"image\":{\"@id\":\"https:\\\/\\\/www.webdo.tn\\\/fr\\\/#\\\/schema\\\/logo\\\/image\\\/\"},\"sameAs\":[\"https:\\\/\\\/www.facebook.com\\\/webdotn\",\"https:\\\/\\\/x.com\\\/webdo_tn\"],\"description\":\"Webdo est un m\u00e9dia num\u00e9rique tunisien fond\u00e9 en 2010, sp\u00e9cialis\u00e9 dans l\u2019actualit\u00e9 nationale et internationale, l\u2019\u00e9conomie, la soci\u00e9t\u00e9 et les analyses politiques. Le site s\u2019adresse \u00e0 un large public francophone et couvre l\u2019information tunisienne en temps r\u00e9el.\",\"email\":\"redac@webdo.tn\",\"legalName\":\"YNJ SARL\",\"foundingDate\":\"2010-09-06\",\"numberOfEmployees\":{\"@type\":\"QuantitativeValue\",\"minValue\":\"11\",\"maxValue\":\"50\"}},{\"@type\":\"Person\",\"@id\":\"https:\\\/\\\/www.webdo.tn\\\/fr\\\/#\\\/schema\\\/person\\\/2c4929cbf5a809e3bd38617c6ce150f6\",\"name\":\"MC\",\"image\":{\"@type\":\"ImageObject\",\"inLanguage\":\"fr-FR\",\"@id\":\"https:\\\/\\\/secure.gravatar.com\\\/avatar\\\/a545bbb6f84efdd5553dbbc2895e3ca8f1d12c5215e00a041c9670b54aa9b18a?s=96&d=mm&r=g\",\"url\":\"https:\\\/\\\/secure.gravatar.com\\\/avatar\\\/a545bbb6f84efdd5553dbbc2895e3ca8f1d12c5215e00a041c9670b54aa9b18a?s=96&d=mm&r=g\",\"contentUrl\":\"https:\\\/\\\/secure.gravatar.com\\\/avatar\\\/a545bbb6f84efdd5553dbbc2895e3ca8f1d12c5215e00a041c9670b54aa9b18a?s=96&d=mm&r=g\",\"caption\":\"MC\"},\"url\":\"https:\\\/\\\/www.webdo.tn\\\/fr\\\/actualite\\\/author\\\/mc\\\/\"}]}<\/script>\n<!-- \/ Yoast SEO Premium plugin. -->","yoast_head_json":{"title":"Taekwondo : le bronze pour Khalil Jendoubi au Championnat du monde","description":"Le vice-champion olympique tunisien Khalil Jendoubi a d\u00e9croch\u00e9 la m\u00e9daille de bronze des -58 kg lors du Championnat du monde de taekwondo qui s\u2019est d\u00e9roul\u00e9 \u00e0 Gu...","canonical":"https:\/\/www.webdo.tn\/fr\/actualite\/sport\/taekwondo-le-bronze-pour-khalil-jendoubi-au-championnat-du-monde\/199176\/","og_locale":"fr_FR","og_type":"article","og_title":"Taekwondo : le bronze pour Khalil Jendoubi au Championnat du monde","og_description":"Le vice-champion olympique tunisien Khalil Jendoubi a d\u00e9croch\u00e9 la m\u00e9daille de bronze des -58 kg lors du Championnat du monde de taekwondo qui s\u2019est d\u00e9roul\u00e9 \u00e0 Gu...","og_url":"https:\/\/www.webdo.tn\/fr\/actualite\/sport\/taekwondo-le-bronze-pour-khalil-jendoubi-au-championnat-du-monde\/199176\/","og_site_name":"webdo","article_publisher":"https:\/\/www.facebook.com\/webdotn","article_published_time":"2022-11-21T09:23:00+00:00","article_modified_time":"2025-05-20T22:05:52+00:00","og_image":[{"width":720,"height":384,"url":"https:\/\/www.webdo.tn\/fr\/wp-content\/uploads\/2022\/11\/17d854775ba2c241a54e5b26b1e7c159.jpg","type":"image\/jpeg"}],"author":"MC","twitter_card":"summary_large_image","twitter_creator":"@webdo_tn","twitter_site":"@webdo_tn","twitter_misc":{"\u00c9crit par":"MC","Dur\u00e9e de lecture estim\u00e9e":"1 minute"},"schema":{"@context":"https:\/\/schema.org","@graph":[{"@type":"NewsArticle","@id":"https:\/\/www.webdo.tn\/fr\/actualite\/sport\/taekwondo-le-bronze-pour-khalil-jendoubi-au-championnat-du-monde\/199176\/#article","isPartOf":{"@id":"https:\/\/www.webdo.tn\/fr\/actualite\/sport\/taekwondo-le-bronze-pour-khalil-jendoubi-au-championnat-du-monde\/199176\/"},"author":{"name":"MC","@id":"https:\/\/www.webdo.tn\/fr\/#\/schema\/person\/2c4929cbf5a809e3bd38617c6ce150f6"},"headline":"Taekwondo : le bronze pour Khalil Jendoubi au Championnat du monde","datePublished":"2022-11-21T09:23:00+00:00","dateModified":"2025-05-20T22:05:52+00:00","mainEntityOfPage":{"@id":"https:\/\/www.webdo.tn\/fr\/actualite\/sport\/taekwondo-le-bronze-pour-khalil-jendoubi-au-championnat-du-monde\/199176\/"},"wordCount":185,"commentCount":0,"publisher":{"@id":"https:\/\/www.webdo.tn\/fr\/#organization"},"image":{"@id":"https:\/\/www.webdo.tn\/fr\/actualite\/sport\/taekwondo-le-bronze-pour-khalil-jendoubi-au-championnat-du-monde\/199176\/#primaryimage"},"thumbnailUrl":"https:\/\/www.webdo.tn\/fr\/wp-content\/uploads\/2022\/11\/17d854775ba2c241a54e5b26b1e7c159.jpg","keywords":["Khalil Jendoubi","m\u00e9daille de bronze","taekwondo"],"articleSection":["Sport"],"inLanguage":"fr-FR"},{"@type":"WebPage","@id":"https:\/\/www.webdo.tn\/fr\/actualite\/sport\/taekwondo-le-bronze-pour-khalil-jendoubi-au-championnat-du-monde\/199176\/","url":"https:\/\/www.webdo.tn\/fr\/actualite\/sport\/taekwondo-le-bronze-pour-khalil-jendoubi-au-championnat-du-monde\/199176\/","name":"Taekwondo : le bronze pour Khalil Jendoubi au Championnat du monde","isPartOf":{"@id":"https:\/\/www.webdo.tn\/fr\/#website"},"primaryImageOfPage":{"@id":"https:\/\/www.webdo.tn\/fr\/actualite\/sport\/taekwondo-le-bronze-pour-khalil-jendoubi-au-championnat-du-monde\/199176\/#primaryimage"},"image":{"@id":"https:\/\/www.webdo.tn\/fr\/actualite\/sport\/taekwondo-le-bronze-pour-khalil-jendoubi-au-championnat-du-monde\/199176\/#primaryimage"},"thumbnailUrl":"https:\/\/www.webdo.tn\/fr\/wp-content\/uploads\/2022\/11\/17d854775ba2c241a54e5b26b1e7c159.jpg","datePublished":"2022-11-21T09:23:00+00:00","dateModified":"2025-05-20T22:05:52+00:00","description":"Le vice-champion olympique tunisien Khalil Jendoubi a d\u00e9croch\u00e9 la m\u00e9daille de bronze des -58 kg lors du Championnat du monde de taekwondo qui s\u2019est d\u00e9roul\u00e9 \u00e0 Gu...","breadcrumb":{"@id":"https:\/\/www.webdo.tn\/fr\/actualite\/sport\/taekwondo-le-bronze-pour-khalil-jendoubi-au-championnat-du-monde\/199176\/#breadcrumb"},"inLanguage":"fr-FR","potentialAction":[{"@type":"ReadAction","target":["https:\/\/www.webdo.tn\/fr\/actualite\/sport\/taekwondo-le-bronze-pour-khalil-jendoubi-au-championnat-du-monde\/199176\/"]}]},{"@type":"ImageObject","inLanguage":"fr-FR","@id":"https:\/\/www.webdo.tn\/fr\/actualite\/sport\/taekwondo-le-bronze-pour-khalil-jendoubi-au-championnat-du-monde\/199176\/#primaryimage","url":"https:\/\/www.webdo.tn\/fr\/wp-content\/uploads\/2022\/11\/17d854775ba2c241a54e5b26b1e7c159.jpg","contentUrl":"https:\/\/www.webdo.tn\/fr\/wp-content\/uploads\/2022\/11\/17d854775ba2c241a54e5b26b1e7c159.jpg","width":720,"height":384,"caption":"Khalil Jendoubi, le premier en partant de la droite"},{"@type":"BreadcrumbList","@id":"https:\/\/www.webdo.tn\/fr\/actualite\/sport\/taekwondo-le-bronze-pour-khalil-jendoubi-au-championnat-du-monde\/199176\/#breadcrumb","itemListElement":[{"@type":"ListItem","position":1,"name":"Accueil","item":"https:\/\/www.webdo.tn\/fr\/"},{"@type":"ListItem","position":2,"name":"Taekwondo : le bronze pour Khalil Jendoubi au Championnat du monde"}]},{"@type":"WebSite","@id":"https:\/\/www.webdo.tn\/fr\/#website","url":"https:\/\/www.webdo.tn\/fr\/","name":"webdo","description":"Tunisie - News en Tunisie et \u00e0 l&#039;international sur Webdo.tn","publisher":{"@id":"https:\/\/www.webdo.tn\/fr\/#organization"},"potentialAction":[{"@type":"SearchAction","target":{"@type":"EntryPoint","urlTemplate":"https:\/\/www.webdo.tn\/fr\/?s={search_term_string}"},"query-input":{"@type":"PropertyValueSpecification","valueRequired":true,"valueName":"search_term_string"}}],"inLanguage":"fr-FR"},{"@type":"Organization","@id":"https:\/\/www.webdo.tn\/fr\/#organization","name":"Webdo","alternateName":"Webdo.tn","url":"https:\/\/www.webdo.tn\/fr\/","logo":{"@type":"ImageObject","inLanguage":"fr-FR","@id":"https:\/\/www.webdo.tn\/fr\/#\/schema\/logo\/image\/","url":"https:\/\/www.webdo.tn\/fr\/wp-content\/uploads\/2025\/06\/Webdo-Tunisie_168377.jpg","contentUrl":"https:\/\/www.webdo.tn\/fr\/wp-content\/uploads\/2025\/06\/Webdo-Tunisie_168377.jpg","width":301,"height":301,"caption":"Webdo"},"image":{"@id":"https:\/\/www.webdo.tn\/fr\/#\/schema\/logo\/image\/"},"sameAs":["https:\/\/www.facebook.com\/webdotn","https:\/\/x.com\/webdo_tn"],"description":"Webdo est un m\u00e9dia num\u00e9rique tunisien fond\u00e9 en 2010, sp\u00e9cialis\u00e9 dans l\u2019actualit\u00e9 nationale et internationale, l\u2019\u00e9conomie, la soci\u00e9t\u00e9 et les analyses politiques. Le site s\u2019adresse \u00e0 un large public francophone et couvre l\u2019information tunisienne en temps r\u00e9el.","email":"redac@webdo.tn","legalName":"YNJ SARL","foundingDate":"2010-09-06","numberOfEmployees":{"@type":"QuantitativeValue","minValue":"11","maxValue":"50"}},{"@type":"Person","@id":"https:\/\/www.webdo.tn\/fr\/#\/schema\/person\/2c4929cbf5a809e3bd38617c6ce150f6","name":"MC","image":{"@type":"ImageObject","inLanguage":"fr-FR","@id":"https:\/\/secure.gravatar.com\/avatar\/a545bbb6f84efdd5553dbbc2895e3ca8f1d12c5215e00a041c9670b54aa9b18a?s=96&d=mm&r=g","url":"https:\/\/secure.gravatar.com\/avatar\/a545bbb6f84efdd5553dbbc2895e3ca8f1d12c5215e00a041c9670b54aa9b18a?s=96&d=mm&r=g","contentUrl":"https:\/\/secure.gravatar.com\/avatar\/a545bbb6f84efdd5553dbbc2895e3ca8f1d12c5215e00a041c9670b54aa9b18a?s=96&d=mm&r=g","caption":"MC"},"url":"https:\/\/www.webdo.tn\/fr\/actualite\/author\/mc\/"}]}},"_links":{"self":[{"href":"https:\/\/www.webdo.tn\/fr\/wp-json\/wp\/v2\/posts\/199176","targetHints":{"allow":["GET"]}}],"collection":[{"href":"https:\/\/www.webdo.tn\/fr\/wp-json\/wp\/v2\/posts"}],"about":[{"href":"https:\/\/www.webdo.tn\/fr\/wp-json\/wp\/v2\/types\/post"}],"author":[{"embeddable":true,"href":"https:\/\/www.webdo.tn\/fr\/wp-json\/wp\/v2\/users\/3162"}],"replies":[{"embeddable":true,"href":"https:\/\/www.webdo.tn\/fr\/wp-json\/wp\/v2\/comments?post=199176"}],"version-history":[{"count":0,"href":"https:\/\/www.webdo.tn\/fr\/wp-json\/wp\/v2\/posts\/199176\/revisions"}],"wp:featuredmedia":[{"embeddable":true,"href":"https:\/\/www.webdo.tn\/fr\/wp-json\/wp\/v2\/media\/277292"}],"wp:attachment":[{"href":"https:\/\/www.webdo.tn\/fr\/wp-json\/wp\/v2\/media?parent=199176"}],"wp:term":[{"taxonomy":"category","embeddable":true,"href":"https:\/\/www.webdo.tn\/fr\/wp-json\/wp\/v2\/categories?post=199176"},{"taxonomy":"post_tag","embeddable":true,"href":"https:\/\/www.webdo.tn\/fr\/wp-json\/wp\/v2\/tags?post=199176"}],"curies":[{"name":"wp","href":"https:\/\/api.w.org\/{rel}","templated":true}]}}