{"id":199174,"date":"2022-11-21T09:08:00","date_gmt":"2022-11-21T09:08:00","guid":{"rendered":"https:\/\/www.webdo.tn\/fr\/blog\/kais-saied-la-tunisie-a-su-mener-a-bien-le-sommet-de-djerba-malgre-les-tentatives-de-le-compromettre\/199174\/"},"modified":"2025-05-20T22:05:52","modified_gmt":"2025-05-20T22:05:52","slug":"kais-saied-la-tunisie-a-su-mener-a-bien-le-sommet-de-djerba-malgre-les-tentatives-de-le-compromettre","status":"publish","type":"post","link":"https:\/\/www.webdo.tn\/fr\/actualite\/national\/kais-saied-la-tunisie-a-su-mener-a-bien-le-sommet-de-djerba-malgre-les-tentatives-de-le-compromettre\/199174\/","title":{"rendered":"Kais Saied : \u00ab\u00a0La Tunisie a su mener \u00e0 bien le Sommet de Djerba malgr\u00e9 les tentatives de le compromettre\u00a0\u00bb"},"content":{"rendered":"<p>Le Sommet de la Francophonie dont les assises se sont tenues, les 19 et 20 novembre \u00e0 Djerba, est une r\u00e9ussite \u00e0 tous les niveaux, a affirm\u00e9, hier, le pr\u00e9sident de la R\u00e9publique Kais Saied.<\/p>\n<p>\t\t\t\t\t\t\t\t\t\u00ab\u00a0La Tunisie a su mener \u00e0 bien le Sommet de Djerba gr\u00e2ce \u00e0 la volont\u00e9 de tous les Tunisiens et malgr\u00e9 les tentatives de certaines parties de chercher \u00e0 compromettre cet \u00e9v\u00e8nement\u00a0\u00bb, a-t-il ajout\u00e9 dans une d\u00e9claration aux m\u00e9dias, en marge des travaux du Forum \u00e9conomique de la francophonie.<\/p>\n<p>\u00ab\u00a0Le sommet de la francophonie devait se tenir \u00e0 Tunis, la capitale, mais j&rsquo;ai pr\u00e9f\u00e9r\u00e9, il y a deux ans qu\u2019il se d\u00e9roulera sur l&rsquo;\u00eele de Djerba, car c&rsquo;est l&rsquo;\u00eele des r\u00eaves dont la symbolique refl\u00e8te le r\u00eave de tout un monde\u00a0\u00bb.<\/p>\n<p>Le pr\u00e9sident de la R\u00e9publique a affirm\u00e9, \u00e0 cet \u00e9gard, qu&rsquo;il \u0153uvrera pour que l&rsquo;\u00eele de Djerba soit un centre de conf\u00e9rences, et que ce genre d\u2019activit\u00e9s soient diffus\u00e9es dans le reste des r\u00e9gions.<\/p>\n<p>Et d\u2019ajouter, \u00ab\u00a0lors du sommet, j&rsquo;ai exprim\u00e9 ma position sur certains concepts qui \u00e9taient d\u00e9pass\u00e9s, et j&rsquo;ai insist\u00e9 pour formuler une nouvelle vision lors de la prochaine \u00e9tape\u00a0\u00bb.<\/p>\n<p>S\u2019agissant des recommandations de la \u00ab\u00a0D\u00e9claration de Djerba\u00a0\u00bb, Saied a consid\u00e9r\u00e9 qu&rsquo;il s&rsquo;agit de r\u00e9sultats traditionnels, assurant qu\u2019il y a des recommandations qui ont \u00e9t\u00e9 formul\u00e9es par les participants, li\u00e9es notamment \u00e0 des questions \u00e9conomiques, sociales, culturelles et autres.<\/p>\n","protected":false},"excerpt":{"rendered":"<p>Le Sommet de la Francophonie dont les assises se sont tenues, les 19 et 20 novembre \u00e0 Djerba, est une r\u00e9ussite \u00e0 tous les niveaux, a affirm\u00e9, hier, le pr\u00e9sident&#8230;<\/p>\n","protected":false},"author":3162,"featured_media":277291,"comment_status":"open","ping_status":"closed","sticky":false,"template":"","format":"standard","meta":{"footnotes":""},"categories":[44],"tags":[3696,9009,4539],"class_list":["post-199174","post","type-post","status-publish","format-standard","has-post-thumbnail","hentry","category-national","tag-djerba","tag-francophonie","tag-sommet"],"yoast_head":"<!-- This site is optimized with the Yoast SEO Premium plugin v27.4 (Yoast SEO v27.5) - https:\/\/yoast.com\/product\/yoast-seo-premium-wordpress\/ -->\n<title>Kais Saied : La Tunisie a su mener \u00e0 bien le Sommet de Djerba malgr\u00e9 les tentatives de le compromettre<\/title>\n<meta name=\"description\" content=\"Le Sommet de la Francophonie dont les assises se sont tenues, les 19 et 20 novembre \u00e0 Djerba, est une r\u00e9ussite \u00e0 tous les niveaux, a affirm\u00e9, hier, le pr\u00e9sident...\" \/>\n<link rel=\"canonical\" href=\"https:\/\/www.webdo.tn\/fr\/actualite\/national\/kais-saied-la-tunisie-a-su-mener-a-bien-le-sommet-de-djerba-malgre-les-tentatives-de-le-compromettre\/199174\/\" \/>\n<meta property=\"og:locale\" content=\"fr_FR\" \/>\n<meta property=\"og:type\" content=\"article\" \/>\n<meta property=\"og:title\" content=\"Kais Saied : &quot;La Tunisie a su mener \u00e0 bien le Sommet de Djerba malgr\u00e9 les tentatives de le compromettre&quot;\" \/>\n<meta property=\"og:description\" content=\"Le Sommet de la Francophonie dont les assises se sont tenues, les 19 et 20 novembre \u00e0 Djerba, est une r\u00e9ussite \u00e0 tous les niveaux, a affirm\u00e9, hier, le pr\u00e9sident...\" \/>\n<meta property=\"og:url\" content=\"https:\/\/www.webdo.tn\/fr\/actualite\/national\/kais-saied-la-tunisie-a-su-mener-a-bien-le-sommet-de-djerba-malgre-les-tentatives-de-le-compromettre\/199174\/\" \/>\n<meta property=\"og:site_name\" content=\"webdo\" \/>\n<meta property=\"article:publisher\" content=\"https:\/\/www.facebook.com\/webdotn\" \/>\n<meta property=\"article:published_time\" content=\"2022-11-21T09:08:00+00:00\" \/>\n<meta property=\"article:modified_time\" content=\"2025-05-20T22:05:52+00:00\" \/>\n<meta property=\"og:image\" content=\"https:\/\/www.webdo.tn\/fr\/wp-content\/uploads\/2022\/11\/3d167d274d32c5f736985549eaff244b.jpg\" \/>\n\t<meta property=\"og:image:width\" content=\"750\" \/>\n\t<meta property=\"og:image:height\" content=\"400\" \/>\n\t<meta property=\"og:image:type\" content=\"image\/jpeg\" \/>\n<meta name=\"author\" content=\"MC\" \/>\n<meta name=\"twitter:card\" content=\"summary_large_image\" \/>\n<meta name=\"twitter:creator\" content=\"@webdo_tn\" \/>\n<meta name=\"twitter:site\" content=\"@webdo_tn\" \/>\n<meta name=\"twitter:label1\" content=\"\u00c9crit par\" \/>\n\t<meta name=\"twitter:data1\" content=\"MC\" \/>\n\t<meta name=\"twitter:label2\" content=\"Dur\u00e9e de lecture estim\u00e9e\" \/>\n\t<meta name=\"twitter:data2\" content=\"1 minute\" \/>\n<script type=\"application\/ld+json\" class=\"yoast-schema-graph\">{\"@context\":\"https:\\\/\\\/schema.org\",\"@graph\":[{\"@type\":\"NewsArticle\",\"@id\":\"https:\\\/\\\/www.webdo.tn\\\/fr\\\/actualite\\\/national\\\/kais-saied-la-tunisie-a-su-mener-a-bien-le-sommet-de-djerba-malgre-les-tentatives-de-le-compromettre\\\/199174\\\/#article\",\"isPartOf\":{\"@id\":\"https:\\\/\\\/www.webdo.tn\\\/fr\\\/actualite\\\/national\\\/kais-saied-la-tunisie-a-su-mener-a-bien-le-sommet-de-djerba-malgre-les-tentatives-de-le-compromettre\\\/199174\\\/\"},\"author\":{\"name\":\"MC\",\"@id\":\"https:\\\/\\\/www.webdo.tn\\\/fr\\\/#\\\/schema\\\/person\\\/2c4929cbf5a809e3bd38617c6ce150f6\"},\"headline\":\"Kais Saied : \u00ab\u00a0La Tunisie a su mener \u00e0 bien le Sommet de Djerba malgr\u00e9 les tentatives de le compromettre\u00a0\u00bb\",\"datePublished\":\"2022-11-21T09:08:00+00:00\",\"dateModified\":\"2025-05-20T22:05:52+00:00\",\"mainEntityOfPage\":{\"@id\":\"https:\\\/\\\/www.webdo.tn\\\/fr\\\/actualite\\\/national\\\/kais-saied-la-tunisie-a-su-mener-a-bien-le-sommet-de-djerba-malgre-les-tentatives-de-le-compromettre\\\/199174\\\/\"},\"wordCount\":276,\"commentCount\":0,\"publisher\":{\"@id\":\"https:\\\/\\\/www.webdo.tn\\\/fr\\\/#organization\"},\"image\":{\"@id\":\"https:\\\/\\\/www.webdo.tn\\\/fr\\\/actualite\\\/national\\\/kais-saied-la-tunisie-a-su-mener-a-bien-le-sommet-de-djerba-malgre-les-tentatives-de-le-compromettre\\\/199174\\\/#primaryimage\"},\"thumbnailUrl\":\"https:\\\/\\\/www.webdo.tn\\\/fr\\\/wp-content\\\/uploads\\\/2022\\\/11\\\/3d167d274d32c5f736985549eaff244b.jpg\",\"keywords\":[\"djerba\",\"francophonie\",\"sommet\"],\"articleSection\":[\"National\"],\"inLanguage\":\"fr-FR\"},{\"@type\":\"WebPage\",\"@id\":\"https:\\\/\\\/www.webdo.tn\\\/fr\\\/actualite\\\/national\\\/kais-saied-la-tunisie-a-su-mener-a-bien-le-sommet-de-djerba-malgre-les-tentatives-de-le-compromettre\\\/199174\\\/\",\"url\":\"https:\\\/\\\/www.webdo.tn\\\/fr\\\/actualite\\\/national\\\/kais-saied-la-tunisie-a-su-mener-a-bien-le-sommet-de-djerba-malgre-les-tentatives-de-le-compromettre\\\/199174\\\/\",\"name\":\"Kais Saied : La Tunisie a su mener \u00e0 bien le Sommet de Djerba malgr\u00e9 les tentatives de le compromettre\",\"isPartOf\":{\"@id\":\"https:\\\/\\\/www.webdo.tn\\\/fr\\\/#website\"},\"primaryImageOfPage\":{\"@id\":\"https:\\\/\\\/www.webdo.tn\\\/fr\\\/actualite\\\/national\\\/kais-saied-la-tunisie-a-su-mener-a-bien-le-sommet-de-djerba-malgre-les-tentatives-de-le-compromettre\\\/199174\\\/#primaryimage\"},\"image\":{\"@id\":\"https:\\\/\\\/www.webdo.tn\\\/fr\\\/actualite\\\/national\\\/kais-saied-la-tunisie-a-su-mener-a-bien-le-sommet-de-djerba-malgre-les-tentatives-de-le-compromettre\\\/199174\\\/#primaryimage\"},\"thumbnailUrl\":\"https:\\\/\\\/www.webdo.tn\\\/fr\\\/wp-content\\\/uploads\\\/2022\\\/11\\\/3d167d274d32c5f736985549eaff244b.jpg\",\"datePublished\":\"2022-11-21T09:08:00+00:00\",\"dateModified\":\"2025-05-20T22:05:52+00:00\",\"description\":\"Le Sommet de la Francophonie dont les assises se sont tenues, les 19 et 20 novembre \u00e0 Djerba, est une r\u00e9ussite \u00e0 tous les niveaux, a affirm\u00e9, hier, le pr\u00e9sident...\",\"breadcrumb\":{\"@id\":\"https:\\\/\\\/www.webdo.tn\\\/fr\\\/actualite\\\/national\\\/kais-saied-la-tunisie-a-su-mener-a-bien-le-sommet-de-djerba-malgre-les-tentatives-de-le-compromettre\\\/199174\\\/#breadcrumb\"},\"inLanguage\":\"fr-FR\",\"potentialAction\":[{\"@type\":\"ReadAction\",\"target\":[\"https:\\\/\\\/www.webdo.tn\\\/fr\\\/actualite\\\/national\\\/kais-saied-la-tunisie-a-su-mener-a-bien-le-sommet-de-djerba-malgre-les-tentatives-de-le-compromettre\\\/199174\\\/\"]}]},{\"@type\":\"ImageObject\",\"inLanguage\":\"fr-FR\",\"@id\":\"https:\\\/\\\/www.webdo.tn\\\/fr\\\/actualite\\\/national\\\/kais-saied-la-tunisie-a-su-mener-a-bien-le-sommet-de-djerba-malgre-les-tentatives-de-le-compromettre\\\/199174\\\/#primaryimage\",\"url\":\"https:\\\/\\\/www.webdo.tn\\\/fr\\\/wp-content\\\/uploads\\\/2022\\\/11\\\/3d167d274d32c5f736985549eaff244b.jpg\",\"contentUrl\":\"https:\\\/\\\/www.webdo.tn\\\/fr\\\/wp-content\\\/uploads\\\/2022\\\/11\\\/3d167d274d32c5f736985549eaff244b.jpg\",\"width\":750,\"height\":400,\"caption\":\"Le pr\u00e9sident de la R\u00e9publique Kais Saied et la secr\u00e9taire g\u00e9n\u00e9rale de l\u2019Organisation internationale de la Francophonie Louise Mushikiwabo\"},{\"@type\":\"BreadcrumbList\",\"@id\":\"https:\\\/\\\/www.webdo.tn\\\/fr\\\/actualite\\\/national\\\/kais-saied-la-tunisie-a-su-mener-a-bien-le-sommet-de-djerba-malgre-les-tentatives-de-le-compromettre\\\/199174\\\/#breadcrumb\",\"itemListElement\":[{\"@type\":\"ListItem\",\"position\":1,\"name\":\"Accueil\",\"item\":\"https:\\\/\\\/www.webdo.tn\\\/fr\\\/\"},{\"@type\":\"ListItem\",\"position\":2,\"name\":\"Kais Saied : \u00ab\u00a0La Tunisie a su mener \u00e0 bien le Sommet de Djerba malgr\u00e9 les tentatives de le compromettre\u00a0\u00bb\"}]},{\"@type\":\"WebSite\",\"@id\":\"https:\\\/\\\/www.webdo.tn\\\/fr\\\/#website\",\"url\":\"https:\\\/\\\/www.webdo.tn\\\/fr\\\/\",\"name\":\"webdo\",\"description\":\"Tunisie - News en Tunisie et \u00e0 l&#039;international sur Webdo.tn\",\"publisher\":{\"@id\":\"https:\\\/\\\/www.webdo.tn\\\/fr\\\/#organization\"},\"potentialAction\":[{\"@type\":\"SearchAction\",\"target\":{\"@type\":\"EntryPoint\",\"urlTemplate\":\"https:\\\/\\\/www.webdo.tn\\\/fr\\\/?s={search_term_string}\"},\"query-input\":{\"@type\":\"PropertyValueSpecification\",\"valueRequired\":true,\"valueName\":\"search_term_string\"}}],\"inLanguage\":\"fr-FR\"},{\"@type\":\"Organization\",\"@id\":\"https:\\\/\\\/www.webdo.tn\\\/fr\\\/#organization\",\"name\":\"Webdo\",\"alternateName\":\"Webdo.tn\",\"url\":\"https:\\\/\\\/www.webdo.tn\\\/fr\\\/\",\"logo\":{\"@type\":\"ImageObject\",\"inLanguage\":\"fr-FR\",\"@id\":\"https:\\\/\\\/www.webdo.tn\\\/fr\\\/#\\\/schema\\\/logo\\\/image\\\/\",\"url\":\"https:\\\/\\\/www.webdo.tn\\\/fr\\\/wp-content\\\/uploads\\\/2025\\\/06\\\/Webdo-Tunisie_168377.jpg\",\"contentUrl\":\"https:\\\/\\\/www.webdo.tn\\\/fr\\\/wp-content\\\/uploads\\\/2025\\\/06\\\/Webdo-Tunisie_168377.jpg\",\"width\":301,\"height\":301,\"caption\":\"Webdo\"},\"image\":{\"@id\":\"https:\\\/\\\/www.webdo.tn\\\/fr\\\/#\\\/schema\\\/logo\\\/image\\\/\"},\"sameAs\":[\"https:\\\/\\\/www.facebook.com\\\/webdotn\",\"https:\\\/\\\/x.com\\\/webdo_tn\"],\"description\":\"Webdo est un m\u00e9dia num\u00e9rique tunisien fond\u00e9 en 2010, sp\u00e9cialis\u00e9 dans l\u2019actualit\u00e9 nationale et internationale, l\u2019\u00e9conomie, la soci\u00e9t\u00e9 et les analyses politiques. Le site s\u2019adresse \u00e0 un large public francophone et couvre l\u2019information tunisienne en temps r\u00e9el.\",\"email\":\"redac@webdo.tn\",\"legalName\":\"YNJ SARL\",\"foundingDate\":\"2010-09-06\",\"numberOfEmployees\":{\"@type\":\"QuantitativeValue\",\"minValue\":\"11\",\"maxValue\":\"50\"}},{\"@type\":\"Person\",\"@id\":\"https:\\\/\\\/www.webdo.tn\\\/fr\\\/#\\\/schema\\\/person\\\/2c4929cbf5a809e3bd38617c6ce150f6\",\"name\":\"MC\",\"image\":{\"@type\":\"ImageObject\",\"inLanguage\":\"fr-FR\",\"@id\":\"https:\\\/\\\/secure.gravatar.com\\\/avatar\\\/a545bbb6f84efdd5553dbbc2895e3ca8f1d12c5215e00a041c9670b54aa9b18a?s=96&d=mm&r=g\",\"url\":\"https:\\\/\\\/secure.gravatar.com\\\/avatar\\\/a545bbb6f84efdd5553dbbc2895e3ca8f1d12c5215e00a041c9670b54aa9b18a?s=96&d=mm&r=g\",\"contentUrl\":\"https:\\\/\\\/secure.gravatar.com\\\/avatar\\\/a545bbb6f84efdd5553dbbc2895e3ca8f1d12c5215e00a041c9670b54aa9b18a?s=96&d=mm&r=g\",\"caption\":\"MC\"},\"url\":\"https:\\\/\\\/www.webdo.tn\\\/fr\\\/actualite\\\/author\\\/mc\\\/\"}]}<\/script>\n<!-- \/ Yoast SEO Premium plugin. -->","yoast_head_json":{"title":"Kais Saied : La Tunisie a su mener \u00e0 bien le Sommet de Djerba malgr\u00e9 les tentatives de le compromettre","description":"Le Sommet de la Francophonie dont les assises se sont tenues, les 19 et 20 novembre \u00e0 Djerba, est une r\u00e9ussite \u00e0 tous les niveaux, a affirm\u00e9, hier, le pr\u00e9sident...","canonical":"https:\/\/www.webdo.tn\/fr\/actualite\/national\/kais-saied-la-tunisie-a-su-mener-a-bien-le-sommet-de-djerba-malgre-les-tentatives-de-le-compromettre\/199174\/","og_locale":"fr_FR","og_type":"article","og_title":"Kais Saied : \"La Tunisie a su mener \u00e0 bien le Sommet de Djerba malgr\u00e9 les tentatives de le compromettre\"","og_description":"Le Sommet de la Francophonie dont les assises se sont tenues, les 19 et 20 novembre \u00e0 Djerba, est une r\u00e9ussite \u00e0 tous les niveaux, a affirm\u00e9, hier, le pr\u00e9sident...","og_url":"https:\/\/www.webdo.tn\/fr\/actualite\/national\/kais-saied-la-tunisie-a-su-mener-a-bien-le-sommet-de-djerba-malgre-les-tentatives-de-le-compromettre\/199174\/","og_site_name":"webdo","article_publisher":"https:\/\/www.facebook.com\/webdotn","article_published_time":"2022-11-21T09:08:00+00:00","article_modified_time":"2025-05-20T22:05:52+00:00","og_image":[{"width":750,"height":400,"url":"https:\/\/www.webdo.tn\/fr\/wp-content\/uploads\/2022\/11\/3d167d274d32c5f736985549eaff244b.jpg","type":"image\/jpeg"}],"author":"MC","twitter_card":"summary_large_image","twitter_creator":"@webdo_tn","twitter_site":"@webdo_tn","twitter_misc":{"\u00c9crit par":"MC","Dur\u00e9e de lecture estim\u00e9e":"1 minute"},"schema":{"@context":"https:\/\/schema.org","@graph":[{"@type":"NewsArticle","@id":"https:\/\/www.webdo.tn\/fr\/actualite\/national\/kais-saied-la-tunisie-a-su-mener-a-bien-le-sommet-de-djerba-malgre-les-tentatives-de-le-compromettre\/199174\/#article","isPartOf":{"@id":"https:\/\/www.webdo.tn\/fr\/actualite\/national\/kais-saied-la-tunisie-a-su-mener-a-bien-le-sommet-de-djerba-malgre-les-tentatives-de-le-compromettre\/199174\/"},"author":{"name":"MC","@id":"https:\/\/www.webdo.tn\/fr\/#\/schema\/person\/2c4929cbf5a809e3bd38617c6ce150f6"},"headline":"Kais Saied : \u00ab\u00a0La Tunisie a su mener \u00e0 bien le Sommet de Djerba malgr\u00e9 les tentatives de le compromettre\u00a0\u00bb","datePublished":"2022-11-21T09:08:00+00:00","dateModified":"2025-05-20T22:05:52+00:00","mainEntityOfPage":{"@id":"https:\/\/www.webdo.tn\/fr\/actualite\/national\/kais-saied-la-tunisie-a-su-mener-a-bien-le-sommet-de-djerba-malgre-les-tentatives-de-le-compromettre\/199174\/"},"wordCount":276,"commentCount":0,"publisher":{"@id":"https:\/\/www.webdo.tn\/fr\/#organization"},"image":{"@id":"https:\/\/www.webdo.tn\/fr\/actualite\/national\/kais-saied-la-tunisie-a-su-mener-a-bien-le-sommet-de-djerba-malgre-les-tentatives-de-le-compromettre\/199174\/#primaryimage"},"thumbnailUrl":"https:\/\/www.webdo.tn\/fr\/wp-content\/uploads\/2022\/11\/3d167d274d32c5f736985549eaff244b.jpg","keywords":["djerba","francophonie","sommet"],"articleSection":["National"],"inLanguage":"fr-FR"},{"@type":"WebPage","@id":"https:\/\/www.webdo.tn\/fr\/actualite\/national\/kais-saied-la-tunisie-a-su-mener-a-bien-le-sommet-de-djerba-malgre-les-tentatives-de-le-compromettre\/199174\/","url":"https:\/\/www.webdo.tn\/fr\/actualite\/national\/kais-saied-la-tunisie-a-su-mener-a-bien-le-sommet-de-djerba-malgre-les-tentatives-de-le-compromettre\/199174\/","name":"Kais Saied : La Tunisie a su mener \u00e0 bien le Sommet de Djerba malgr\u00e9 les tentatives de le compromettre","isPartOf":{"@id":"https:\/\/www.webdo.tn\/fr\/#website"},"primaryImageOfPage":{"@id":"https:\/\/www.webdo.tn\/fr\/actualite\/national\/kais-saied-la-tunisie-a-su-mener-a-bien-le-sommet-de-djerba-malgre-les-tentatives-de-le-compromettre\/199174\/#primaryimage"},"image":{"@id":"https:\/\/www.webdo.tn\/fr\/actualite\/national\/kais-saied-la-tunisie-a-su-mener-a-bien-le-sommet-de-djerba-malgre-les-tentatives-de-le-compromettre\/199174\/#primaryimage"},"thumbnailUrl":"https:\/\/www.webdo.tn\/fr\/wp-content\/uploads\/2022\/11\/3d167d274d32c5f736985549eaff244b.jpg","datePublished":"2022-11-21T09:08:00+00:00","dateModified":"2025-05-20T22:05:52+00:00","description":"Le Sommet de la Francophonie dont les assises se sont tenues, les 19 et 20 novembre \u00e0 Djerba, est une r\u00e9ussite \u00e0 tous les niveaux, a affirm\u00e9, hier, le pr\u00e9sident...","breadcrumb":{"@id":"https:\/\/www.webdo.tn\/fr\/actualite\/national\/kais-saied-la-tunisie-a-su-mener-a-bien-le-sommet-de-djerba-malgre-les-tentatives-de-le-compromettre\/199174\/#breadcrumb"},"inLanguage":"fr-FR","potentialAction":[{"@type":"ReadAction","target":["https:\/\/www.webdo.tn\/fr\/actualite\/national\/kais-saied-la-tunisie-a-su-mener-a-bien-le-sommet-de-djerba-malgre-les-tentatives-de-le-compromettre\/199174\/"]}]},{"@type":"ImageObject","inLanguage":"fr-FR","@id":"https:\/\/www.webdo.tn\/fr\/actualite\/national\/kais-saied-la-tunisie-a-su-mener-a-bien-le-sommet-de-djerba-malgre-les-tentatives-de-le-compromettre\/199174\/#primaryimage","url":"https:\/\/www.webdo.tn\/fr\/wp-content\/uploads\/2022\/11\/3d167d274d32c5f736985549eaff244b.jpg","contentUrl":"https:\/\/www.webdo.tn\/fr\/wp-content\/uploads\/2022\/11\/3d167d274d32c5f736985549eaff244b.jpg","width":750,"height":400,"caption":"Le pr\u00e9sident de la R\u00e9publique Kais Saied et la secr\u00e9taire g\u00e9n\u00e9rale de l\u2019Organisation internationale de la Francophonie Louise Mushikiwabo"},{"@type":"BreadcrumbList","@id":"https:\/\/www.webdo.tn\/fr\/actualite\/national\/kais-saied-la-tunisie-a-su-mener-a-bien-le-sommet-de-djerba-malgre-les-tentatives-de-le-compromettre\/199174\/#breadcrumb","itemListElement":[{"@type":"ListItem","position":1,"name":"Accueil","item":"https:\/\/www.webdo.tn\/fr\/"},{"@type":"ListItem","position":2,"name":"Kais Saied : \u00ab\u00a0La Tunisie a su mener \u00e0 bien le Sommet de Djerba malgr\u00e9 les tentatives de le compromettre\u00a0\u00bb"}]},{"@type":"WebSite","@id":"https:\/\/www.webdo.tn\/fr\/#website","url":"https:\/\/www.webdo.tn\/fr\/","name":"webdo","description":"Tunisie - News en Tunisie et \u00e0 l&#039;international sur Webdo.tn","publisher":{"@id":"https:\/\/www.webdo.tn\/fr\/#organization"},"potentialAction":[{"@type":"SearchAction","target":{"@type":"EntryPoint","urlTemplate":"https:\/\/www.webdo.tn\/fr\/?s={search_term_string}"},"query-input":{"@type":"PropertyValueSpecification","valueRequired":true,"valueName":"search_term_string"}}],"inLanguage":"fr-FR"},{"@type":"Organization","@id":"https:\/\/www.webdo.tn\/fr\/#organization","name":"Webdo","alternateName":"Webdo.tn","url":"https:\/\/www.webdo.tn\/fr\/","logo":{"@type":"ImageObject","inLanguage":"fr-FR","@id":"https:\/\/www.webdo.tn\/fr\/#\/schema\/logo\/image\/","url":"https:\/\/www.webdo.tn\/fr\/wp-content\/uploads\/2025\/06\/Webdo-Tunisie_168377.jpg","contentUrl":"https:\/\/www.webdo.tn\/fr\/wp-content\/uploads\/2025\/06\/Webdo-Tunisie_168377.jpg","width":301,"height":301,"caption":"Webdo"},"image":{"@id":"https:\/\/www.webdo.tn\/fr\/#\/schema\/logo\/image\/"},"sameAs":["https:\/\/www.facebook.com\/webdotn","https:\/\/x.com\/webdo_tn"],"description":"Webdo est un m\u00e9dia num\u00e9rique tunisien fond\u00e9 en 2010, sp\u00e9cialis\u00e9 dans l\u2019actualit\u00e9 nationale et internationale, l\u2019\u00e9conomie, la soci\u00e9t\u00e9 et les analyses politiques. Le site s\u2019adresse \u00e0 un large public francophone et couvre l\u2019information tunisienne en temps r\u00e9el.","email":"redac@webdo.tn","legalName":"YNJ SARL","foundingDate":"2010-09-06","numberOfEmployees":{"@type":"QuantitativeValue","minValue":"11","maxValue":"50"}},{"@type":"Person","@id":"https:\/\/www.webdo.tn\/fr\/#\/schema\/person\/2c4929cbf5a809e3bd38617c6ce150f6","name":"MC","image":{"@type":"ImageObject","inLanguage":"fr-FR","@id":"https:\/\/secure.gravatar.com\/avatar\/a545bbb6f84efdd5553dbbc2895e3ca8f1d12c5215e00a041c9670b54aa9b18a?s=96&d=mm&r=g","url":"https:\/\/secure.gravatar.com\/avatar\/a545bbb6f84efdd5553dbbc2895e3ca8f1d12c5215e00a041c9670b54aa9b18a?s=96&d=mm&r=g","contentUrl":"https:\/\/secure.gravatar.com\/avatar\/a545bbb6f84efdd5553dbbc2895e3ca8f1d12c5215e00a041c9670b54aa9b18a?s=96&d=mm&r=g","caption":"MC"},"url":"https:\/\/www.webdo.tn\/fr\/actualite\/author\/mc\/"}]}},"_links":{"self":[{"href":"https:\/\/www.webdo.tn\/fr\/wp-json\/wp\/v2\/posts\/199174","targetHints":{"allow":["GET"]}}],"collection":[{"href":"https:\/\/www.webdo.tn\/fr\/wp-json\/wp\/v2\/posts"}],"about":[{"href":"https:\/\/www.webdo.tn\/fr\/wp-json\/wp\/v2\/types\/post"}],"author":[{"embeddable":true,"href":"https:\/\/www.webdo.tn\/fr\/wp-json\/wp\/v2\/users\/3162"}],"replies":[{"embeddable":true,"href":"https:\/\/www.webdo.tn\/fr\/wp-json\/wp\/v2\/comments?post=199174"}],"version-history":[{"count":0,"href":"https:\/\/www.webdo.tn\/fr\/wp-json\/wp\/v2\/posts\/199174\/revisions"}],"wp:featuredmedia":[{"embeddable":true,"href":"https:\/\/www.webdo.tn\/fr\/wp-json\/wp\/v2\/media\/277291"}],"wp:attachment":[{"href":"https:\/\/www.webdo.tn\/fr\/wp-json\/wp\/v2\/media?parent=199174"}],"wp:term":[{"taxonomy":"category","embeddable":true,"href":"https:\/\/www.webdo.tn\/fr\/wp-json\/wp\/v2\/categories?post=199174"},{"taxonomy":"post_tag","embeddable":true,"href":"https:\/\/www.webdo.tn\/fr\/wp-json\/wp\/v2\/tags?post=199174"}],"curies":[{"name":"wp","href":"https:\/\/api.w.org\/{rel}","templated":true}]}}