{"id":199172,"date":"2022-11-21T08:54:00","date_gmt":"2022-11-21T08:54:00","guid":{"rendered":"https:\/\/www.webdo.tn\/fr\/blog\/louise-mushikiwabo-le-sommet-de-djerba-est-un-succes\/199172\/"},"modified":"2025-05-20T22:05:51","modified_gmt":"2025-05-20T22:05:51","slug":"louise-mushikiwabo-le-sommet-de-djerba-est-un-succes","status":"publish","type":"post","link":"https:\/\/www.webdo.tn\/fr\/actualite\/national\/louise-mushikiwabo-le-sommet-de-djerba-est-un-succes\/199172\/","title":{"rendered":"Louise Mushikiwabo : \u00ab\u00a0Le Sommet de Djerba est un succ\u00e8s\u00a0\u00bb"},"content":{"rendered":"<p>\u00ab\u00a0Le sommet de Djerba est un succ\u00e8s\u00a0\u00bb, a d\u00e9clar\u00e9 la secr\u00e9taire g\u00e9n\u00e9rale de l\u2019Organisation internationale de la Francophonie, lors d\u2019une conf\u00e9rence de presse tenue, hier, \u00e0 l\u2019occasion de la cl\u00f4ture des travaux du XVIII\u00e8me sommet de la Francophonie.<\/p>\n<p>\t\t\t\t\t\t\t\t\t\u00ab\u00a0La Tunisie n\u2019a pas d\u00e9\u00e7u, malgr\u00e9 la difficile conjoncture \u00e9conomique que conna\u00eet le pays qui est en voie de sortie d\u2019une crise\u00a0\u00bb, a d\u00e9clar\u00e9 Louise Mushikiwabo, soulignant que le Sommet de Djerba a permis de d\u00e9gager plusieurs r\u00e9solutions importantes\u00a0\u00bb, rapporte l\u2019agence TAP.<\/p>\n<p>Selon elle, ces r\u00e9solutions portent sur les sujets discut\u00e9s au cours du sommet, \u00e0 savoir la jeunesse de la communaut\u00e9 francophone et la d\u00e9fiance citoyenne qui vise \u00e0 \u00ab\u00a0r\u00e9tablir\u00a0\u00bb la relation entre gouvernant et gouvern\u00e9s dans l\u2019espace francophone.<\/p>\n<p>Par ailleurs, la secr\u00e9taire g\u00e9n\u00e9rale de l\u2019OIF a annonc\u00e9 que la France accueillera le XIX\u00e8me sommet de la Francophonie \u00e0 la fin de l\u2019ann\u00e9e 2024.<\/p>\n<p>Elle a salu\u00e9 la r\u00e9ussite du Village francophone, faisant savoir qu\u2019il a accueilli plus de 15 mille visiteurs, des 88 Etats membres de l\u2019OIF, par jour. \u00ab\u00a0Nous sommes tous reconnaissants aux Tunisiens pour leur chaleureux accueil, tous les visiteurs porteront une partie de Djerba dans leur c\u0153ur\u00a0\u00bb, a-t-elle dit.<\/p>\n<p>Dans un autre sillage, Mushikiwabo a \u00e9voqu\u00e9 les grandes lignes du programme de l\u2019OIF durant le prochain quadriennat, pr\u00e9cisant que l\u2019organisation \u0153uvrera en premier lieu \u00e0 renforcer la pr\u00e9sence de la langue fran\u00e7aise sur la toile.<\/p>\n<p>Elle a ajout\u00e9 que durant son prochain mandat l\u2019industrie culturelle francophone sera prioris\u00e9e, compte tenu de son impact permettant de promouvoir la langue fran\u00e7aise dans le monde.<\/p>\n<p>Seule candidate \u00e0 succession, Louise Mushikiwabo a \u00e9t\u00e9 reconduite \u00e0 la t\u00eate de l&rsquo;organisation de la francophonie.<\/p>\n","protected":false},"excerpt":{"rendered":"<p>Le sommet de Djerba est un succ\u00e8s , a d\u00e9clar\u00e9 la secr\u00e9taire g\u00e9n\u00e9rale de l\u2019Organisation internationale de la Francophonie, lors d\u2019une conf\u00e9rence de presse tenue&#8230;<\/p>\n","protected":false},"author":3162,"featured_media":277287,"comment_status":"open","ping_status":"closed","sticky":false,"template":"","format":"standard","meta":{"footnotes":""},"categories":[44],"tags":[3696,9009,9164,4539],"class_list":["post-199172","post","type-post","status-publish","format-standard","has-post-thumbnail","hentry","category-national","tag-djerba","tag-francophonie","tag-louise-mushikiwabo","tag-sommet"],"yoast_head":"<!-- This site is optimized with the Yoast SEO Premium plugin v27.4 (Yoast SEO v27.5) - https:\/\/yoast.com\/product\/yoast-seo-premium-wordpress\/ -->\n<title>Louise Mushikiwabo : Le Sommet de Djerba est un succ\u00e8s<\/title>\n<meta name=\"description\" content=\"Le sommet de Djerba est un succ\u00e8s , a d\u00e9clar\u00e9 la secr\u00e9taire g\u00e9n\u00e9rale de l\u2019Organisation internationale de la Francophonie, lors d\u2019une conf\u00e9rence de presse tenue...\" \/>\n<link rel=\"canonical\" href=\"https:\/\/www.webdo.tn\/fr\/actualite\/national\/louise-mushikiwabo-le-sommet-de-djerba-est-un-succes\/199172\/\" \/>\n<meta property=\"og:locale\" content=\"fr_FR\" \/>\n<meta property=\"og:type\" content=\"article\" \/>\n<meta property=\"og:title\" content=\"Louise Mushikiwabo : &quot;Le Sommet de Djerba est un succ\u00e8s&quot;\" \/>\n<meta property=\"og:description\" content=\"Le sommet de Djerba est un succ\u00e8s , a d\u00e9clar\u00e9 la secr\u00e9taire g\u00e9n\u00e9rale de l\u2019Organisation internationale de la Francophonie, lors d\u2019une conf\u00e9rence de presse tenue...\" \/>\n<meta property=\"og:url\" content=\"https:\/\/www.webdo.tn\/fr\/actualite\/national\/louise-mushikiwabo-le-sommet-de-djerba-est-un-succes\/199172\/\" \/>\n<meta property=\"og:site_name\" content=\"webdo\" \/>\n<meta property=\"article:publisher\" content=\"https:\/\/www.facebook.com\/webdotn\" \/>\n<meta property=\"article:published_time\" content=\"2022-11-21T08:54:00+00:00\" \/>\n<meta property=\"article:modified_time\" content=\"2025-05-20T22:05:51+00:00\" \/>\n<meta property=\"og:image\" content=\"https:\/\/www.webdo.tn\/fr\/wp-content\/uploads\/2022\/11\/200221c554635d35bcf6068f45ac6437.jpg\" \/>\n\t<meta property=\"og:image:width\" content=\"750\" \/>\n\t<meta property=\"og:image:height\" content=\"400\" \/>\n\t<meta property=\"og:image:type\" content=\"image\/jpeg\" \/>\n<meta name=\"author\" content=\"MC\" \/>\n<meta name=\"twitter:card\" content=\"summary_large_image\" \/>\n<meta name=\"twitter:creator\" content=\"@webdo_tn\" \/>\n<meta name=\"twitter:site\" content=\"@webdo_tn\" \/>\n<meta name=\"twitter:label1\" content=\"\u00c9crit par\" \/>\n\t<meta name=\"twitter:data1\" content=\"MC\" \/>\n\t<meta name=\"twitter:label2\" content=\"Dur\u00e9e de lecture estim\u00e9e\" \/>\n\t<meta name=\"twitter:data2\" content=\"2 minutes\" \/>\n<script type=\"application\/ld+json\" class=\"yoast-schema-graph\">{\"@context\":\"https:\\\/\\\/schema.org\",\"@graph\":[{\"@type\":\"NewsArticle\",\"@id\":\"https:\\\/\\\/www.webdo.tn\\\/fr\\\/actualite\\\/national\\\/louise-mushikiwabo-le-sommet-de-djerba-est-un-succes\\\/199172\\\/#article\",\"isPartOf\":{\"@id\":\"https:\\\/\\\/www.webdo.tn\\\/fr\\\/actualite\\\/national\\\/louise-mushikiwabo-le-sommet-de-djerba-est-un-succes\\\/199172\\\/\"},\"author\":{\"name\":\"MC\",\"@id\":\"https:\\\/\\\/www.webdo.tn\\\/fr\\\/#\\\/schema\\\/person\\\/2c4929cbf5a809e3bd38617c6ce150f6\"},\"headline\":\"Louise Mushikiwabo : \u00ab\u00a0Le Sommet de Djerba est un succ\u00e8s\u00a0\u00bb\",\"datePublished\":\"2022-11-21T08:54:00+00:00\",\"dateModified\":\"2025-05-20T22:05:51+00:00\",\"mainEntityOfPage\":{\"@id\":\"https:\\\/\\\/www.webdo.tn\\\/fr\\\/actualite\\\/national\\\/louise-mushikiwabo-le-sommet-de-djerba-est-un-succes\\\/199172\\\/\"},\"wordCount\":318,\"commentCount\":0,\"publisher\":{\"@id\":\"https:\\\/\\\/www.webdo.tn\\\/fr\\\/#organization\"},\"image\":{\"@id\":\"https:\\\/\\\/www.webdo.tn\\\/fr\\\/actualite\\\/national\\\/louise-mushikiwabo-le-sommet-de-djerba-est-un-succes\\\/199172\\\/#primaryimage\"},\"thumbnailUrl\":\"https:\\\/\\\/www.webdo.tn\\\/fr\\\/wp-content\\\/uploads\\\/2022\\\/11\\\/200221c554635d35bcf6068f45ac6437.jpg\",\"keywords\":[\"djerba\",\"francophonie\",\"Louise Mushikiwabo\",\"sommet\"],\"articleSection\":[\"National\"],\"inLanguage\":\"fr-FR\"},{\"@type\":\"WebPage\",\"@id\":\"https:\\\/\\\/www.webdo.tn\\\/fr\\\/actualite\\\/national\\\/louise-mushikiwabo-le-sommet-de-djerba-est-un-succes\\\/199172\\\/\",\"url\":\"https:\\\/\\\/www.webdo.tn\\\/fr\\\/actualite\\\/national\\\/louise-mushikiwabo-le-sommet-de-djerba-est-un-succes\\\/199172\\\/\",\"name\":\"Louise Mushikiwabo : Le Sommet de Djerba est un succ\u00e8s\",\"isPartOf\":{\"@id\":\"https:\\\/\\\/www.webdo.tn\\\/fr\\\/#website\"},\"primaryImageOfPage\":{\"@id\":\"https:\\\/\\\/www.webdo.tn\\\/fr\\\/actualite\\\/national\\\/louise-mushikiwabo-le-sommet-de-djerba-est-un-succes\\\/199172\\\/#primaryimage\"},\"image\":{\"@id\":\"https:\\\/\\\/www.webdo.tn\\\/fr\\\/actualite\\\/national\\\/louise-mushikiwabo-le-sommet-de-djerba-est-un-succes\\\/199172\\\/#primaryimage\"},\"thumbnailUrl\":\"https:\\\/\\\/www.webdo.tn\\\/fr\\\/wp-content\\\/uploads\\\/2022\\\/11\\\/200221c554635d35bcf6068f45ac6437.jpg\",\"datePublished\":\"2022-11-21T08:54:00+00:00\",\"dateModified\":\"2025-05-20T22:05:51+00:00\",\"description\":\"Le sommet de Djerba est un succ\u00e8s , a d\u00e9clar\u00e9 la secr\u00e9taire g\u00e9n\u00e9rale de l\u2019Organisation internationale de la Francophonie, lors d\u2019une conf\u00e9rence de presse tenue...\",\"breadcrumb\":{\"@id\":\"https:\\\/\\\/www.webdo.tn\\\/fr\\\/actualite\\\/national\\\/louise-mushikiwabo-le-sommet-de-djerba-est-un-succes\\\/199172\\\/#breadcrumb\"},\"inLanguage\":\"fr-FR\",\"potentialAction\":[{\"@type\":\"ReadAction\",\"target\":[\"https:\\\/\\\/www.webdo.tn\\\/fr\\\/actualite\\\/national\\\/louise-mushikiwabo-le-sommet-de-djerba-est-un-succes\\\/199172\\\/\"]}]},{\"@type\":\"ImageObject\",\"inLanguage\":\"fr-FR\",\"@id\":\"https:\\\/\\\/www.webdo.tn\\\/fr\\\/actualite\\\/national\\\/louise-mushikiwabo-le-sommet-de-djerba-est-un-succes\\\/199172\\\/#primaryimage\",\"url\":\"https:\\\/\\\/www.webdo.tn\\\/fr\\\/wp-content\\\/uploads\\\/2022\\\/11\\\/200221c554635d35bcf6068f45ac6437.jpg\",\"contentUrl\":\"https:\\\/\\\/www.webdo.tn\\\/fr\\\/wp-content\\\/uploads\\\/2022\\\/11\\\/200221c554635d35bcf6068f45ac6437.jpg\",\"width\":750,\"height\":400,\"caption\":\"Louise Mushikiwabo, secr\u00e9taire g\u00e9n\u00e9rale de l\u2019Organisation internationale de la Francophonie\"},{\"@type\":\"BreadcrumbList\",\"@id\":\"https:\\\/\\\/www.webdo.tn\\\/fr\\\/actualite\\\/national\\\/louise-mushikiwabo-le-sommet-de-djerba-est-un-succes\\\/199172\\\/#breadcrumb\",\"itemListElement\":[{\"@type\":\"ListItem\",\"position\":1,\"name\":\"Accueil\",\"item\":\"https:\\\/\\\/www.webdo.tn\\\/fr\\\/\"},{\"@type\":\"ListItem\",\"position\":2,\"name\":\"Louise Mushikiwabo : \u00ab\u00a0Le Sommet de Djerba est un succ\u00e8s\u00a0\u00bb\"}]},{\"@type\":\"WebSite\",\"@id\":\"https:\\\/\\\/www.webdo.tn\\\/fr\\\/#website\",\"url\":\"https:\\\/\\\/www.webdo.tn\\\/fr\\\/\",\"name\":\"webdo\",\"description\":\"Tunisie - News en Tunisie et \u00e0 l&#039;international sur Webdo.tn\",\"publisher\":{\"@id\":\"https:\\\/\\\/www.webdo.tn\\\/fr\\\/#organization\"},\"potentialAction\":[{\"@type\":\"SearchAction\",\"target\":{\"@type\":\"EntryPoint\",\"urlTemplate\":\"https:\\\/\\\/www.webdo.tn\\\/fr\\\/?s={search_term_string}\"},\"query-input\":{\"@type\":\"PropertyValueSpecification\",\"valueRequired\":true,\"valueName\":\"search_term_string\"}}],\"inLanguage\":\"fr-FR\"},{\"@type\":\"Organization\",\"@id\":\"https:\\\/\\\/www.webdo.tn\\\/fr\\\/#organization\",\"name\":\"Webdo\",\"alternateName\":\"Webdo.tn\",\"url\":\"https:\\\/\\\/www.webdo.tn\\\/fr\\\/\",\"logo\":{\"@type\":\"ImageObject\",\"inLanguage\":\"fr-FR\",\"@id\":\"https:\\\/\\\/www.webdo.tn\\\/fr\\\/#\\\/schema\\\/logo\\\/image\\\/\",\"url\":\"https:\\\/\\\/www.webdo.tn\\\/fr\\\/wp-content\\\/uploads\\\/2025\\\/06\\\/Webdo-Tunisie_168377.jpg\",\"contentUrl\":\"https:\\\/\\\/www.webdo.tn\\\/fr\\\/wp-content\\\/uploads\\\/2025\\\/06\\\/Webdo-Tunisie_168377.jpg\",\"width\":301,\"height\":301,\"caption\":\"Webdo\"},\"image\":{\"@id\":\"https:\\\/\\\/www.webdo.tn\\\/fr\\\/#\\\/schema\\\/logo\\\/image\\\/\"},\"sameAs\":[\"https:\\\/\\\/www.facebook.com\\\/webdotn\",\"https:\\\/\\\/x.com\\\/webdo_tn\"],\"description\":\"Webdo est un m\u00e9dia num\u00e9rique tunisien fond\u00e9 en 2010, sp\u00e9cialis\u00e9 dans l\u2019actualit\u00e9 nationale et internationale, l\u2019\u00e9conomie, la soci\u00e9t\u00e9 et les analyses politiques. Le site s\u2019adresse \u00e0 un large public francophone et couvre l\u2019information tunisienne en temps r\u00e9el.\",\"email\":\"redac@webdo.tn\",\"legalName\":\"YNJ SARL\",\"foundingDate\":\"2010-09-06\",\"numberOfEmployees\":{\"@type\":\"QuantitativeValue\",\"minValue\":\"11\",\"maxValue\":\"50\"}},{\"@type\":\"Person\",\"@id\":\"https:\\\/\\\/www.webdo.tn\\\/fr\\\/#\\\/schema\\\/person\\\/2c4929cbf5a809e3bd38617c6ce150f6\",\"name\":\"MC\",\"image\":{\"@type\":\"ImageObject\",\"inLanguage\":\"fr-FR\",\"@id\":\"https:\\\/\\\/secure.gravatar.com\\\/avatar\\\/a545bbb6f84efdd5553dbbc2895e3ca8f1d12c5215e00a041c9670b54aa9b18a?s=96&d=mm&r=g\",\"url\":\"https:\\\/\\\/secure.gravatar.com\\\/avatar\\\/a545bbb6f84efdd5553dbbc2895e3ca8f1d12c5215e00a041c9670b54aa9b18a?s=96&d=mm&r=g\",\"contentUrl\":\"https:\\\/\\\/secure.gravatar.com\\\/avatar\\\/a545bbb6f84efdd5553dbbc2895e3ca8f1d12c5215e00a041c9670b54aa9b18a?s=96&d=mm&r=g\",\"caption\":\"MC\"},\"url\":\"https:\\\/\\\/www.webdo.tn\\\/fr\\\/actualite\\\/author\\\/mc\\\/\"}]}<\/script>\n<!-- \/ Yoast SEO Premium plugin. -->","yoast_head_json":{"title":"Louise Mushikiwabo : Le Sommet de Djerba est un succ\u00e8s","description":"Le sommet de Djerba est un succ\u00e8s , a d\u00e9clar\u00e9 la secr\u00e9taire g\u00e9n\u00e9rale de l\u2019Organisation internationale de la Francophonie, lors d\u2019une conf\u00e9rence de presse tenue...","canonical":"https:\/\/www.webdo.tn\/fr\/actualite\/national\/louise-mushikiwabo-le-sommet-de-djerba-est-un-succes\/199172\/","og_locale":"fr_FR","og_type":"article","og_title":"Louise Mushikiwabo : \"Le Sommet de Djerba est un succ\u00e8s\"","og_description":"Le sommet de Djerba est un succ\u00e8s , a d\u00e9clar\u00e9 la secr\u00e9taire g\u00e9n\u00e9rale de l\u2019Organisation internationale de la Francophonie, lors d\u2019une conf\u00e9rence de presse tenue...","og_url":"https:\/\/www.webdo.tn\/fr\/actualite\/national\/louise-mushikiwabo-le-sommet-de-djerba-est-un-succes\/199172\/","og_site_name":"webdo","article_publisher":"https:\/\/www.facebook.com\/webdotn","article_published_time":"2022-11-21T08:54:00+00:00","article_modified_time":"2025-05-20T22:05:51+00:00","og_image":[{"width":750,"height":400,"url":"https:\/\/www.webdo.tn\/fr\/wp-content\/uploads\/2022\/11\/200221c554635d35bcf6068f45ac6437.jpg","type":"image\/jpeg"}],"author":"MC","twitter_card":"summary_large_image","twitter_creator":"@webdo_tn","twitter_site":"@webdo_tn","twitter_misc":{"\u00c9crit par":"MC","Dur\u00e9e de lecture estim\u00e9e":"2 minutes"},"schema":{"@context":"https:\/\/schema.org","@graph":[{"@type":"NewsArticle","@id":"https:\/\/www.webdo.tn\/fr\/actualite\/national\/louise-mushikiwabo-le-sommet-de-djerba-est-un-succes\/199172\/#article","isPartOf":{"@id":"https:\/\/www.webdo.tn\/fr\/actualite\/national\/louise-mushikiwabo-le-sommet-de-djerba-est-un-succes\/199172\/"},"author":{"name":"MC","@id":"https:\/\/www.webdo.tn\/fr\/#\/schema\/person\/2c4929cbf5a809e3bd38617c6ce150f6"},"headline":"Louise Mushikiwabo : \u00ab\u00a0Le Sommet de Djerba est un succ\u00e8s\u00a0\u00bb","datePublished":"2022-11-21T08:54:00+00:00","dateModified":"2025-05-20T22:05:51+00:00","mainEntityOfPage":{"@id":"https:\/\/www.webdo.tn\/fr\/actualite\/national\/louise-mushikiwabo-le-sommet-de-djerba-est-un-succes\/199172\/"},"wordCount":318,"commentCount":0,"publisher":{"@id":"https:\/\/www.webdo.tn\/fr\/#organization"},"image":{"@id":"https:\/\/www.webdo.tn\/fr\/actualite\/national\/louise-mushikiwabo-le-sommet-de-djerba-est-un-succes\/199172\/#primaryimage"},"thumbnailUrl":"https:\/\/www.webdo.tn\/fr\/wp-content\/uploads\/2022\/11\/200221c554635d35bcf6068f45ac6437.jpg","keywords":["djerba","francophonie","Louise Mushikiwabo","sommet"],"articleSection":["National"],"inLanguage":"fr-FR"},{"@type":"WebPage","@id":"https:\/\/www.webdo.tn\/fr\/actualite\/national\/louise-mushikiwabo-le-sommet-de-djerba-est-un-succes\/199172\/","url":"https:\/\/www.webdo.tn\/fr\/actualite\/national\/louise-mushikiwabo-le-sommet-de-djerba-est-un-succes\/199172\/","name":"Louise Mushikiwabo : Le Sommet de Djerba est un succ\u00e8s","isPartOf":{"@id":"https:\/\/www.webdo.tn\/fr\/#website"},"primaryImageOfPage":{"@id":"https:\/\/www.webdo.tn\/fr\/actualite\/national\/louise-mushikiwabo-le-sommet-de-djerba-est-un-succes\/199172\/#primaryimage"},"image":{"@id":"https:\/\/www.webdo.tn\/fr\/actualite\/national\/louise-mushikiwabo-le-sommet-de-djerba-est-un-succes\/199172\/#primaryimage"},"thumbnailUrl":"https:\/\/www.webdo.tn\/fr\/wp-content\/uploads\/2022\/11\/200221c554635d35bcf6068f45ac6437.jpg","datePublished":"2022-11-21T08:54:00+00:00","dateModified":"2025-05-20T22:05:51+00:00","description":"Le sommet de Djerba est un succ\u00e8s , a d\u00e9clar\u00e9 la secr\u00e9taire g\u00e9n\u00e9rale de l\u2019Organisation internationale de la Francophonie, lors d\u2019une conf\u00e9rence de presse tenue...","breadcrumb":{"@id":"https:\/\/www.webdo.tn\/fr\/actualite\/national\/louise-mushikiwabo-le-sommet-de-djerba-est-un-succes\/199172\/#breadcrumb"},"inLanguage":"fr-FR","potentialAction":[{"@type":"ReadAction","target":["https:\/\/www.webdo.tn\/fr\/actualite\/national\/louise-mushikiwabo-le-sommet-de-djerba-est-un-succes\/199172\/"]}]},{"@type":"ImageObject","inLanguage":"fr-FR","@id":"https:\/\/www.webdo.tn\/fr\/actualite\/national\/louise-mushikiwabo-le-sommet-de-djerba-est-un-succes\/199172\/#primaryimage","url":"https:\/\/www.webdo.tn\/fr\/wp-content\/uploads\/2022\/11\/200221c554635d35bcf6068f45ac6437.jpg","contentUrl":"https:\/\/www.webdo.tn\/fr\/wp-content\/uploads\/2022\/11\/200221c554635d35bcf6068f45ac6437.jpg","width":750,"height":400,"caption":"Louise Mushikiwabo, secr\u00e9taire g\u00e9n\u00e9rale de l\u2019Organisation internationale de la Francophonie"},{"@type":"BreadcrumbList","@id":"https:\/\/www.webdo.tn\/fr\/actualite\/national\/louise-mushikiwabo-le-sommet-de-djerba-est-un-succes\/199172\/#breadcrumb","itemListElement":[{"@type":"ListItem","position":1,"name":"Accueil","item":"https:\/\/www.webdo.tn\/fr\/"},{"@type":"ListItem","position":2,"name":"Louise Mushikiwabo : \u00ab\u00a0Le Sommet de Djerba est un succ\u00e8s\u00a0\u00bb"}]},{"@type":"WebSite","@id":"https:\/\/www.webdo.tn\/fr\/#website","url":"https:\/\/www.webdo.tn\/fr\/","name":"webdo","description":"Tunisie - News en Tunisie et \u00e0 l&#039;international sur Webdo.tn","publisher":{"@id":"https:\/\/www.webdo.tn\/fr\/#organization"},"potentialAction":[{"@type":"SearchAction","target":{"@type":"EntryPoint","urlTemplate":"https:\/\/www.webdo.tn\/fr\/?s={search_term_string}"},"query-input":{"@type":"PropertyValueSpecification","valueRequired":true,"valueName":"search_term_string"}}],"inLanguage":"fr-FR"},{"@type":"Organization","@id":"https:\/\/www.webdo.tn\/fr\/#organization","name":"Webdo","alternateName":"Webdo.tn","url":"https:\/\/www.webdo.tn\/fr\/","logo":{"@type":"ImageObject","inLanguage":"fr-FR","@id":"https:\/\/www.webdo.tn\/fr\/#\/schema\/logo\/image\/","url":"https:\/\/www.webdo.tn\/fr\/wp-content\/uploads\/2025\/06\/Webdo-Tunisie_168377.jpg","contentUrl":"https:\/\/www.webdo.tn\/fr\/wp-content\/uploads\/2025\/06\/Webdo-Tunisie_168377.jpg","width":301,"height":301,"caption":"Webdo"},"image":{"@id":"https:\/\/www.webdo.tn\/fr\/#\/schema\/logo\/image\/"},"sameAs":["https:\/\/www.facebook.com\/webdotn","https:\/\/x.com\/webdo_tn"],"description":"Webdo est un m\u00e9dia num\u00e9rique tunisien fond\u00e9 en 2010, sp\u00e9cialis\u00e9 dans l\u2019actualit\u00e9 nationale et internationale, l\u2019\u00e9conomie, la soci\u00e9t\u00e9 et les analyses politiques. Le site s\u2019adresse \u00e0 un large public francophone et couvre l\u2019information tunisienne en temps r\u00e9el.","email":"redac@webdo.tn","legalName":"YNJ SARL","foundingDate":"2010-09-06","numberOfEmployees":{"@type":"QuantitativeValue","minValue":"11","maxValue":"50"}},{"@type":"Person","@id":"https:\/\/www.webdo.tn\/fr\/#\/schema\/person\/2c4929cbf5a809e3bd38617c6ce150f6","name":"MC","image":{"@type":"ImageObject","inLanguage":"fr-FR","@id":"https:\/\/secure.gravatar.com\/avatar\/a545bbb6f84efdd5553dbbc2895e3ca8f1d12c5215e00a041c9670b54aa9b18a?s=96&d=mm&r=g","url":"https:\/\/secure.gravatar.com\/avatar\/a545bbb6f84efdd5553dbbc2895e3ca8f1d12c5215e00a041c9670b54aa9b18a?s=96&d=mm&r=g","contentUrl":"https:\/\/secure.gravatar.com\/avatar\/a545bbb6f84efdd5553dbbc2895e3ca8f1d12c5215e00a041c9670b54aa9b18a?s=96&d=mm&r=g","caption":"MC"},"url":"https:\/\/www.webdo.tn\/fr\/actualite\/author\/mc\/"}]}},"_links":{"self":[{"href":"https:\/\/www.webdo.tn\/fr\/wp-json\/wp\/v2\/posts\/199172","targetHints":{"allow":["GET"]}}],"collection":[{"href":"https:\/\/www.webdo.tn\/fr\/wp-json\/wp\/v2\/posts"}],"about":[{"href":"https:\/\/www.webdo.tn\/fr\/wp-json\/wp\/v2\/types\/post"}],"author":[{"embeddable":true,"href":"https:\/\/www.webdo.tn\/fr\/wp-json\/wp\/v2\/users\/3162"}],"replies":[{"embeddable":true,"href":"https:\/\/www.webdo.tn\/fr\/wp-json\/wp\/v2\/comments?post=199172"}],"version-history":[{"count":0,"href":"https:\/\/www.webdo.tn\/fr\/wp-json\/wp\/v2\/posts\/199172\/revisions"}],"wp:featuredmedia":[{"embeddable":true,"href":"https:\/\/www.webdo.tn\/fr\/wp-json\/wp\/v2\/media\/277287"}],"wp:attachment":[{"href":"https:\/\/www.webdo.tn\/fr\/wp-json\/wp\/v2\/media?parent=199172"}],"wp:term":[{"taxonomy":"category","embeddable":true,"href":"https:\/\/www.webdo.tn\/fr\/wp-json\/wp\/v2\/categories?post=199172"},{"taxonomy":"post_tag","embeddable":true,"href":"https:\/\/www.webdo.tn\/fr\/wp-json\/wp\/v2\/tags?post=199172"}],"curies":[{"name":"wp","href":"https:\/\/api.w.org\/{rel}","templated":true}]}}