{"id":199171,"date":"2022-11-21T08:44:00","date_gmt":"2022-11-21T08:44:00","guid":{"rendered":"https:\/\/www.webdo.tn\/fr\/blog\/saisie-de-44-tonnes-de-cuivre-a-zaghouan\/199171\/"},"modified":"2025-05-20T22:05:51","modified_gmt":"2025-05-20T22:05:51","slug":"saisie-de-44-tonnes-de-cuivre-a-zaghouan","status":"publish","type":"post","link":"https:\/\/www.webdo.tn\/fr\/actualite\/national\/saisie-de-44-tonnes-de-cuivre-a-zaghouan\/199171\/","title":{"rendered":"Saisie de 44 tonnes de cuivre \u00e0 Zaghouan"},"content":{"rendered":"<p>La Garde nationale a annonc\u00e9, dimanche 20 novembre 2022, le d\u00e9mant\u00e8lement \u00e0 Zaghouan d\u2019un r\u00e9seau actif dans le domaine de l\u2019achat et l&rsquo;exportation des c\u00e2bles en cuivre vol\u00e9s, vers les pays europ\u00e9ens.<\/p>\n<p>\t\t\t\t\t\t\t\t\tDeux personnes de nationalit\u00e9 \u00e9trang\u00e8re ont \u00e9t\u00e9 arr\u00eat\u00e9es et pr\u00e8s de 44 tonnes de cuivre ont \u00e9t\u00e9 saisies dont 24,5 tonnes dissimul\u00e9es dans un conteneur destin\u00e9 \u00e0 l\u2019exportation.<\/p>\n","protected":false},"excerpt":{"rendered":"<p>La Garde nationale a annonc\u00e9, dimanche 20 novembre 2022, le d\u00e9mant\u00e8lement \u00e0 Zaghouan d\u2019un r\u00e9seau actif dans le domaine de l\u2019achat et l&rsquo;exportation des c\u00e2bles en&#8230;<\/p>\n","protected":false},"author":3162,"featured_media":277289,"comment_status":"open","ping_status":"closed","sticky":false,"template":"","format":"standard","meta":{"footnotes":""},"categories":[44],"tags":[9165,2995,4788],"class_list":["post-199171","post","type-post","status-publish","format-standard","has-post-thumbnail","hentry","category-national","tag-cuivre","tag-vol","tag-zaghouan"],"yoast_head":"<!-- This site is optimized with the Yoast SEO Premium plugin v27.5 (Yoast SEO v27.5) - https:\/\/yoast.com\/product\/yoast-seo-premium-wordpress\/ -->\n<title>Saisie de 44 tonnes de cuivre \u00e0 Zaghouan<\/title>\n<meta name=\"description\" content=\"La Garde nationale a annonc\u00e9, dimanche 20 novembre 2022, le d\u00e9mant\u00e8lement \u00e0 Zaghouan d\u2019un r\u00e9seau actif dans le domaine de l\u2019achat et l&#039;exportation des c\u00e2bles en...\" \/>\n<link rel=\"canonical\" href=\"https:\/\/www.webdo.tn\/fr\/actualite\/national\/saisie-de-44-tonnes-de-cuivre-a-zaghouan\/199171\/\" \/>\n<meta property=\"og:locale\" content=\"fr_FR\" \/>\n<meta property=\"og:type\" content=\"article\" \/>\n<meta property=\"og:title\" content=\"Saisie de 44 tonnes de cuivre \u00e0 Zaghouan\" \/>\n<meta property=\"og:description\" content=\"La Garde nationale a annonc\u00e9, dimanche 20 novembre 2022, le d\u00e9mant\u00e8lement \u00e0 Zaghouan d\u2019un r\u00e9seau actif dans le domaine de l\u2019achat et l&#039;exportation des c\u00e2bles en...\" \/>\n<meta property=\"og:url\" content=\"https:\/\/www.webdo.tn\/fr\/actualite\/national\/saisie-de-44-tonnes-de-cuivre-a-zaghouan\/199171\/\" \/>\n<meta property=\"og:site_name\" content=\"webdo\" \/>\n<meta property=\"article:publisher\" content=\"https:\/\/www.facebook.com\/webdotn\" \/>\n<meta property=\"article:published_time\" content=\"2022-11-21T08:44:00+00:00\" \/>\n<meta property=\"article:modified_time\" content=\"2025-05-20T22:05:51+00:00\" \/>\n<meta property=\"og:image\" content=\"https:\/\/www.webdo.tn\/fr\/wp-content\/uploads\/2022\/11\/ab6125179eba4bcc4739dc343e40d12d.jpg\" \/>\n\t<meta property=\"og:image:width\" content=\"750\" \/>\n\t<meta property=\"og:image:height\" content=\"400\" \/>\n\t<meta property=\"og:image:type\" content=\"image\/jpeg\" \/>\n<meta name=\"author\" content=\"MC\" \/>\n<meta name=\"twitter:card\" content=\"summary_large_image\" \/>\n<meta name=\"twitter:creator\" content=\"@webdo_tn\" \/>\n<meta name=\"twitter:site\" content=\"@webdo_tn\" \/>\n<meta name=\"twitter:label1\" content=\"\u00c9crit par\" \/>\n\t<meta name=\"twitter:data1\" content=\"MC\" \/>\n<script type=\"application\/ld+json\" class=\"yoast-schema-graph\">{\"@context\":\"https:\\\/\\\/schema.org\",\"@graph\":[{\"@type\":\"NewsArticle\",\"@id\":\"https:\\\/\\\/www.webdo.tn\\\/fr\\\/actualite\\\/national\\\/saisie-de-44-tonnes-de-cuivre-a-zaghouan\\\/199171\\\/#article\",\"isPartOf\":{\"@id\":\"https:\\\/\\\/www.webdo.tn\\\/fr\\\/actualite\\\/national\\\/saisie-de-44-tonnes-de-cuivre-a-zaghouan\\\/199171\\\/\"},\"author\":{\"name\":\"MC\",\"@id\":\"https:\\\/\\\/www.webdo.tn\\\/fr\\\/#\\\/schema\\\/person\\\/2c4929cbf5a809e3bd38617c6ce150f6\"},\"headline\":\"Saisie de 44 tonnes de cuivre \u00e0 Zaghouan\",\"datePublished\":\"2022-11-21T08:44:00+00:00\",\"dateModified\":\"2025-05-20T22:05:51+00:00\",\"mainEntityOfPage\":{\"@id\":\"https:\\\/\\\/www.webdo.tn\\\/fr\\\/actualite\\\/national\\\/saisie-de-44-tonnes-de-cuivre-a-zaghouan\\\/199171\\\/\"},\"wordCount\":75,\"commentCount\":0,\"publisher\":{\"@id\":\"https:\\\/\\\/www.webdo.tn\\\/fr\\\/#organization\"},\"image\":{\"@id\":\"https:\\\/\\\/www.webdo.tn\\\/fr\\\/actualite\\\/national\\\/saisie-de-44-tonnes-de-cuivre-a-zaghouan\\\/199171\\\/#primaryimage\"},\"thumbnailUrl\":\"https:\\\/\\\/www.webdo.tn\\\/fr\\\/wp-content\\\/uploads\\\/2022\\\/11\\\/ab6125179eba4bcc4739dc343e40d12d.jpg\",\"keywords\":[\"cuivre\",\"vol\",\"zaghouan\"],\"articleSection\":[\"National\"],\"inLanguage\":\"fr-FR\"},{\"@type\":\"WebPage\",\"@id\":\"https:\\\/\\\/www.webdo.tn\\\/fr\\\/actualite\\\/national\\\/saisie-de-44-tonnes-de-cuivre-a-zaghouan\\\/199171\\\/\",\"url\":\"https:\\\/\\\/www.webdo.tn\\\/fr\\\/actualite\\\/national\\\/saisie-de-44-tonnes-de-cuivre-a-zaghouan\\\/199171\\\/\",\"name\":\"Saisie de 44 tonnes de cuivre \u00e0 Zaghouan\",\"isPartOf\":{\"@id\":\"https:\\\/\\\/www.webdo.tn\\\/fr\\\/#website\"},\"primaryImageOfPage\":{\"@id\":\"https:\\\/\\\/www.webdo.tn\\\/fr\\\/actualite\\\/national\\\/saisie-de-44-tonnes-de-cuivre-a-zaghouan\\\/199171\\\/#primaryimage\"},\"image\":{\"@id\":\"https:\\\/\\\/www.webdo.tn\\\/fr\\\/actualite\\\/national\\\/saisie-de-44-tonnes-de-cuivre-a-zaghouan\\\/199171\\\/#primaryimage\"},\"thumbnailUrl\":\"https:\\\/\\\/www.webdo.tn\\\/fr\\\/wp-content\\\/uploads\\\/2022\\\/11\\\/ab6125179eba4bcc4739dc343e40d12d.jpg\",\"datePublished\":\"2022-11-21T08:44:00+00:00\",\"dateModified\":\"2025-05-20T22:05:51+00:00\",\"description\":\"La Garde nationale a annonc\u00e9, dimanche 20 novembre 2022, le d\u00e9mant\u00e8lement \u00e0 Zaghouan d\u2019un r\u00e9seau actif dans le domaine de l\u2019achat et l'exportation des c\u00e2bles en...\",\"breadcrumb\":{\"@id\":\"https:\\\/\\\/www.webdo.tn\\\/fr\\\/actualite\\\/national\\\/saisie-de-44-tonnes-de-cuivre-a-zaghouan\\\/199171\\\/#breadcrumb\"},\"inLanguage\":\"fr-FR\",\"potentialAction\":[{\"@type\":\"ReadAction\",\"target\":[\"https:\\\/\\\/www.webdo.tn\\\/fr\\\/actualite\\\/national\\\/saisie-de-44-tonnes-de-cuivre-a-zaghouan\\\/199171\\\/\"]}]},{\"@type\":\"ImageObject\",\"inLanguage\":\"fr-FR\",\"@id\":\"https:\\\/\\\/www.webdo.tn\\\/fr\\\/actualite\\\/national\\\/saisie-de-44-tonnes-de-cuivre-a-zaghouan\\\/199171\\\/#primaryimage\",\"url\":\"https:\\\/\\\/www.webdo.tn\\\/fr\\\/wp-content\\\/uploads\\\/2022\\\/11\\\/ab6125179eba4bcc4739dc343e40d12d.jpg\",\"contentUrl\":\"https:\\\/\\\/www.webdo.tn\\\/fr\\\/wp-content\\\/uploads\\\/2022\\\/11\\\/ab6125179eba4bcc4739dc343e40d12d.jpg\",\"width\":750,\"height\":400,\"caption\":\"Un r\u00e9seau d\u00e9mantel\u00e9\"},{\"@type\":\"BreadcrumbList\",\"@id\":\"https:\\\/\\\/www.webdo.tn\\\/fr\\\/actualite\\\/national\\\/saisie-de-44-tonnes-de-cuivre-a-zaghouan\\\/199171\\\/#breadcrumb\",\"itemListElement\":[{\"@type\":\"ListItem\",\"position\":1,\"name\":\"Accueil\",\"item\":\"https:\\\/\\\/www.webdo.tn\\\/fr\\\/\"},{\"@type\":\"ListItem\",\"position\":2,\"name\":\"Saisie de 44 tonnes de cuivre \u00e0 Zaghouan\"}]},{\"@type\":\"WebSite\",\"@id\":\"https:\\\/\\\/www.webdo.tn\\\/fr\\\/#website\",\"url\":\"https:\\\/\\\/www.webdo.tn\\\/fr\\\/\",\"name\":\"webdo\",\"description\":\"Tunisie - News en Tunisie et \u00e0 l&#039;international sur Webdo.tn\",\"publisher\":{\"@id\":\"https:\\\/\\\/www.webdo.tn\\\/fr\\\/#organization\"},\"potentialAction\":[{\"@type\":\"SearchAction\",\"target\":{\"@type\":\"EntryPoint\",\"urlTemplate\":\"https:\\\/\\\/www.webdo.tn\\\/fr\\\/?s={search_term_string}\"},\"query-input\":{\"@type\":\"PropertyValueSpecification\",\"valueRequired\":true,\"valueName\":\"search_term_string\"}}],\"inLanguage\":\"fr-FR\"},{\"@type\":\"Organization\",\"@id\":\"https:\\\/\\\/www.webdo.tn\\\/fr\\\/#organization\",\"name\":\"Webdo\",\"alternateName\":\"Webdo.tn\",\"url\":\"https:\\\/\\\/www.webdo.tn\\\/fr\\\/\",\"logo\":{\"@type\":\"ImageObject\",\"inLanguage\":\"fr-FR\",\"@id\":\"https:\\\/\\\/www.webdo.tn\\\/fr\\\/#\\\/schema\\\/logo\\\/image\\\/\",\"url\":\"https:\\\/\\\/www.webdo.tn\\\/fr\\\/wp-content\\\/uploads\\\/2025\\\/06\\\/Webdo-Tunisie_168377.jpg\",\"contentUrl\":\"https:\\\/\\\/www.webdo.tn\\\/fr\\\/wp-content\\\/uploads\\\/2025\\\/06\\\/Webdo-Tunisie_168377.jpg\",\"width\":301,\"height\":301,\"caption\":\"Webdo\"},\"image\":{\"@id\":\"https:\\\/\\\/www.webdo.tn\\\/fr\\\/#\\\/schema\\\/logo\\\/image\\\/\"},\"sameAs\":[\"https:\\\/\\\/www.facebook.com\\\/webdotn\",\"https:\\\/\\\/x.com\\\/webdo_tn\"],\"description\":\"Webdo est un m\u00e9dia num\u00e9rique tunisien fond\u00e9 en 2010, sp\u00e9cialis\u00e9 dans l\u2019actualit\u00e9 nationale et internationale, l\u2019\u00e9conomie, la soci\u00e9t\u00e9 et les analyses politiques. Le site s\u2019adresse \u00e0 un large public francophone et couvre l\u2019information tunisienne en temps r\u00e9el.\",\"email\":\"redac@webdo.tn\",\"legalName\":\"YNJ SARL\",\"foundingDate\":\"2010-09-06\",\"numberOfEmployees\":{\"@type\":\"QuantitativeValue\",\"minValue\":\"11\",\"maxValue\":\"50\"}},{\"@type\":\"Person\",\"@id\":\"https:\\\/\\\/www.webdo.tn\\\/fr\\\/#\\\/schema\\\/person\\\/2c4929cbf5a809e3bd38617c6ce150f6\",\"name\":\"MC\",\"image\":{\"@type\":\"ImageObject\",\"inLanguage\":\"fr-FR\",\"@id\":\"https:\\\/\\\/secure.gravatar.com\\\/avatar\\\/a545bbb6f84efdd5553dbbc2895e3ca8f1d12c5215e00a041c9670b54aa9b18a?s=96&d=mm&r=g\",\"url\":\"https:\\\/\\\/secure.gravatar.com\\\/avatar\\\/a545bbb6f84efdd5553dbbc2895e3ca8f1d12c5215e00a041c9670b54aa9b18a?s=96&d=mm&r=g\",\"contentUrl\":\"https:\\\/\\\/secure.gravatar.com\\\/avatar\\\/a545bbb6f84efdd5553dbbc2895e3ca8f1d12c5215e00a041c9670b54aa9b18a?s=96&d=mm&r=g\",\"caption\":\"MC\"},\"url\":\"https:\\\/\\\/www.webdo.tn\\\/fr\\\/actualite\\\/author\\\/mc\\\/\"}]}<\/script>\n<!-- \/ Yoast SEO Premium plugin. -->","yoast_head_json":{"title":"Saisie de 44 tonnes de cuivre \u00e0 Zaghouan","description":"La Garde nationale a annonc\u00e9, dimanche 20 novembre 2022, le d\u00e9mant\u00e8lement \u00e0 Zaghouan d\u2019un r\u00e9seau actif dans le domaine de l\u2019achat et l'exportation des c\u00e2bles en...","canonical":"https:\/\/www.webdo.tn\/fr\/actualite\/national\/saisie-de-44-tonnes-de-cuivre-a-zaghouan\/199171\/","og_locale":"fr_FR","og_type":"article","og_title":"Saisie de 44 tonnes de cuivre \u00e0 Zaghouan","og_description":"La Garde nationale a annonc\u00e9, dimanche 20 novembre 2022, le d\u00e9mant\u00e8lement \u00e0 Zaghouan d\u2019un r\u00e9seau actif dans le domaine de l\u2019achat et l'exportation des c\u00e2bles en...","og_url":"https:\/\/www.webdo.tn\/fr\/actualite\/national\/saisie-de-44-tonnes-de-cuivre-a-zaghouan\/199171\/","og_site_name":"webdo","article_publisher":"https:\/\/www.facebook.com\/webdotn","article_published_time":"2022-11-21T08:44:00+00:00","article_modified_time":"2025-05-20T22:05:51+00:00","og_image":[{"width":750,"height":400,"url":"https:\/\/www.webdo.tn\/fr\/wp-content\/uploads\/2022\/11\/ab6125179eba4bcc4739dc343e40d12d.jpg","type":"image\/jpeg"}],"author":"MC","twitter_card":"summary_large_image","twitter_creator":"@webdo_tn","twitter_site":"@webdo_tn","twitter_misc":{"\u00c9crit par":"MC"},"schema":{"@context":"https:\/\/schema.org","@graph":[{"@type":"NewsArticle","@id":"https:\/\/www.webdo.tn\/fr\/actualite\/national\/saisie-de-44-tonnes-de-cuivre-a-zaghouan\/199171\/#article","isPartOf":{"@id":"https:\/\/www.webdo.tn\/fr\/actualite\/national\/saisie-de-44-tonnes-de-cuivre-a-zaghouan\/199171\/"},"author":{"name":"MC","@id":"https:\/\/www.webdo.tn\/fr\/#\/schema\/person\/2c4929cbf5a809e3bd38617c6ce150f6"},"headline":"Saisie de 44 tonnes de cuivre \u00e0 Zaghouan","datePublished":"2022-11-21T08:44:00+00:00","dateModified":"2025-05-20T22:05:51+00:00","mainEntityOfPage":{"@id":"https:\/\/www.webdo.tn\/fr\/actualite\/national\/saisie-de-44-tonnes-de-cuivre-a-zaghouan\/199171\/"},"wordCount":75,"commentCount":0,"publisher":{"@id":"https:\/\/www.webdo.tn\/fr\/#organization"},"image":{"@id":"https:\/\/www.webdo.tn\/fr\/actualite\/national\/saisie-de-44-tonnes-de-cuivre-a-zaghouan\/199171\/#primaryimage"},"thumbnailUrl":"https:\/\/www.webdo.tn\/fr\/wp-content\/uploads\/2022\/11\/ab6125179eba4bcc4739dc343e40d12d.jpg","keywords":["cuivre","vol","zaghouan"],"articleSection":["National"],"inLanguage":"fr-FR"},{"@type":"WebPage","@id":"https:\/\/www.webdo.tn\/fr\/actualite\/national\/saisie-de-44-tonnes-de-cuivre-a-zaghouan\/199171\/","url":"https:\/\/www.webdo.tn\/fr\/actualite\/national\/saisie-de-44-tonnes-de-cuivre-a-zaghouan\/199171\/","name":"Saisie de 44 tonnes de cuivre \u00e0 Zaghouan","isPartOf":{"@id":"https:\/\/www.webdo.tn\/fr\/#website"},"primaryImageOfPage":{"@id":"https:\/\/www.webdo.tn\/fr\/actualite\/national\/saisie-de-44-tonnes-de-cuivre-a-zaghouan\/199171\/#primaryimage"},"image":{"@id":"https:\/\/www.webdo.tn\/fr\/actualite\/national\/saisie-de-44-tonnes-de-cuivre-a-zaghouan\/199171\/#primaryimage"},"thumbnailUrl":"https:\/\/www.webdo.tn\/fr\/wp-content\/uploads\/2022\/11\/ab6125179eba4bcc4739dc343e40d12d.jpg","datePublished":"2022-11-21T08:44:00+00:00","dateModified":"2025-05-20T22:05:51+00:00","description":"La Garde nationale a annonc\u00e9, dimanche 20 novembre 2022, le d\u00e9mant\u00e8lement \u00e0 Zaghouan d\u2019un r\u00e9seau actif dans le domaine de l\u2019achat et l'exportation des c\u00e2bles en...","breadcrumb":{"@id":"https:\/\/www.webdo.tn\/fr\/actualite\/national\/saisie-de-44-tonnes-de-cuivre-a-zaghouan\/199171\/#breadcrumb"},"inLanguage":"fr-FR","potentialAction":[{"@type":"ReadAction","target":["https:\/\/www.webdo.tn\/fr\/actualite\/national\/saisie-de-44-tonnes-de-cuivre-a-zaghouan\/199171\/"]}]},{"@type":"ImageObject","inLanguage":"fr-FR","@id":"https:\/\/www.webdo.tn\/fr\/actualite\/national\/saisie-de-44-tonnes-de-cuivre-a-zaghouan\/199171\/#primaryimage","url":"https:\/\/www.webdo.tn\/fr\/wp-content\/uploads\/2022\/11\/ab6125179eba4bcc4739dc343e40d12d.jpg","contentUrl":"https:\/\/www.webdo.tn\/fr\/wp-content\/uploads\/2022\/11\/ab6125179eba4bcc4739dc343e40d12d.jpg","width":750,"height":400,"caption":"Un r\u00e9seau d\u00e9mantel\u00e9"},{"@type":"BreadcrumbList","@id":"https:\/\/www.webdo.tn\/fr\/actualite\/national\/saisie-de-44-tonnes-de-cuivre-a-zaghouan\/199171\/#breadcrumb","itemListElement":[{"@type":"ListItem","position":1,"name":"Accueil","item":"https:\/\/www.webdo.tn\/fr\/"},{"@type":"ListItem","position":2,"name":"Saisie de 44 tonnes de cuivre \u00e0 Zaghouan"}]},{"@type":"WebSite","@id":"https:\/\/www.webdo.tn\/fr\/#website","url":"https:\/\/www.webdo.tn\/fr\/","name":"webdo","description":"Tunisie - News en Tunisie et \u00e0 l&#039;international sur Webdo.tn","publisher":{"@id":"https:\/\/www.webdo.tn\/fr\/#organization"},"potentialAction":[{"@type":"SearchAction","target":{"@type":"EntryPoint","urlTemplate":"https:\/\/www.webdo.tn\/fr\/?s={search_term_string}"},"query-input":{"@type":"PropertyValueSpecification","valueRequired":true,"valueName":"search_term_string"}}],"inLanguage":"fr-FR"},{"@type":"Organization","@id":"https:\/\/www.webdo.tn\/fr\/#organization","name":"Webdo","alternateName":"Webdo.tn","url":"https:\/\/www.webdo.tn\/fr\/","logo":{"@type":"ImageObject","inLanguage":"fr-FR","@id":"https:\/\/www.webdo.tn\/fr\/#\/schema\/logo\/image\/","url":"https:\/\/www.webdo.tn\/fr\/wp-content\/uploads\/2025\/06\/Webdo-Tunisie_168377.jpg","contentUrl":"https:\/\/www.webdo.tn\/fr\/wp-content\/uploads\/2025\/06\/Webdo-Tunisie_168377.jpg","width":301,"height":301,"caption":"Webdo"},"image":{"@id":"https:\/\/www.webdo.tn\/fr\/#\/schema\/logo\/image\/"},"sameAs":["https:\/\/www.facebook.com\/webdotn","https:\/\/x.com\/webdo_tn"],"description":"Webdo est un m\u00e9dia num\u00e9rique tunisien fond\u00e9 en 2010, sp\u00e9cialis\u00e9 dans l\u2019actualit\u00e9 nationale et internationale, l\u2019\u00e9conomie, la soci\u00e9t\u00e9 et les analyses politiques. Le site s\u2019adresse \u00e0 un large public francophone et couvre l\u2019information tunisienne en temps r\u00e9el.","email":"redac@webdo.tn","legalName":"YNJ SARL","foundingDate":"2010-09-06","numberOfEmployees":{"@type":"QuantitativeValue","minValue":"11","maxValue":"50"}},{"@type":"Person","@id":"https:\/\/www.webdo.tn\/fr\/#\/schema\/person\/2c4929cbf5a809e3bd38617c6ce150f6","name":"MC","image":{"@type":"ImageObject","inLanguage":"fr-FR","@id":"https:\/\/secure.gravatar.com\/avatar\/a545bbb6f84efdd5553dbbc2895e3ca8f1d12c5215e00a041c9670b54aa9b18a?s=96&d=mm&r=g","url":"https:\/\/secure.gravatar.com\/avatar\/a545bbb6f84efdd5553dbbc2895e3ca8f1d12c5215e00a041c9670b54aa9b18a?s=96&d=mm&r=g","contentUrl":"https:\/\/secure.gravatar.com\/avatar\/a545bbb6f84efdd5553dbbc2895e3ca8f1d12c5215e00a041c9670b54aa9b18a?s=96&d=mm&r=g","caption":"MC"},"url":"https:\/\/www.webdo.tn\/fr\/actualite\/author\/mc\/"}]}},"_links":{"self":[{"href":"https:\/\/www.webdo.tn\/fr\/wp-json\/wp\/v2\/posts\/199171","targetHints":{"allow":["GET"]}}],"collection":[{"href":"https:\/\/www.webdo.tn\/fr\/wp-json\/wp\/v2\/posts"}],"about":[{"href":"https:\/\/www.webdo.tn\/fr\/wp-json\/wp\/v2\/types\/post"}],"author":[{"embeddable":true,"href":"https:\/\/www.webdo.tn\/fr\/wp-json\/wp\/v2\/users\/3162"}],"replies":[{"embeddable":true,"href":"https:\/\/www.webdo.tn\/fr\/wp-json\/wp\/v2\/comments?post=199171"}],"version-history":[{"count":0,"href":"https:\/\/www.webdo.tn\/fr\/wp-json\/wp\/v2\/posts\/199171\/revisions"}],"wp:featuredmedia":[{"embeddable":true,"href":"https:\/\/www.webdo.tn\/fr\/wp-json\/wp\/v2\/media\/277289"}],"wp:attachment":[{"href":"https:\/\/www.webdo.tn\/fr\/wp-json\/wp\/v2\/media?parent=199171"}],"wp:term":[{"taxonomy":"category","embeddable":true,"href":"https:\/\/www.webdo.tn\/fr\/wp-json\/wp\/v2\/categories?post=199171"},{"taxonomy":"post_tag","embeddable":true,"href":"https:\/\/www.webdo.tn\/fr\/wp-json\/wp\/v2\/tags?post=199171"}],"curies":[{"name":"wp","href":"https:\/\/api.w.org\/{rel}","templated":true}]}}